{"id":925,"date":"2020-05-15T10:06:24","date_gmt":"2020-05-15T10:06:24","guid":{"rendered":"https:\/\/fotsportegyesulet.hu\/?p=925"},"modified":"2020-09-01T17:36:55","modified_gmt":"2020-09-01T15:36:55","slug":"megujult-a-foti-sportegyesulet","status":"publish","type":"post","link":"https:\/\/fotsportegyesulet.hu\/index.php\/2020\/05\/15\/megujult-a-foti-sportegyesulet\/","title":{"rendered":"Meg\u00fajult a F\u00f3ti Sportegyes\u00fclet"},"content":{"rendered":"<div align=\"justify\">\n<p><strong>Egy kis t\u00f6rt\u00e9nelem &#8211; 1. r\u00e9sz<\/strong><\/p>\n<p>A \u201eboldog b\u00e9keid\u0151k\u201d utols\u00f3 \u00e9v\u00e9ben, 1913-ban alakult meg a F\u00f3ti Sport Egyes\u00fclet, egyetlen szakoszt\u00e1llyal, a labdar\u00fag\u00f3val.<br \/>\nAlap\u00edt\u00f3i, t\u00e1mogat\u00f3i, p\u00e1rtol\u00f3i f\u0151leg \u00dajpestre, az Egyes\u00fclt Izz\u00f3 V\u00e1ci \u00fati gy\u00e1r\u00e1ba j\u00e1rtak dolgozni, val\u00f3sz\u00edn\u0171leg e k\u00f6t\u0151d\u00e9s r\u00e9v\u00e9n kapta az \u00fajpestiek lila-feh\u00e9r sz\u00edneit a f\u00f3ti csapat is. A klubalap\u00edt\u00e1s sz\u00e9les \u00f6sszefog\u00e1s r\u00e9v\u00e9n t\u00f6rt\u00e9nt meg, de a kisiparosok, keresked\u0151k, munk\u00e1semberek mellett f\u0151leg a helyi paraszts\u00e1g vette ki r\u00e9sz\u00e9t a csapat m\u0171k\u00f6dtet\u00e9s\u00e9b\u0151l.<\/p>\n<p><img loading=\"lazy\" decoding=\"async\" class=\"aligncenter wp-image-1051\" src=\"https:\/\/fotsportegyesulet.hu\/wp-content\/uploads\/2020\/08\/FSE-regen.jpg\" alt=\"\" width=\"690\" height=\"414\" srcset=\"https:\/\/fotsportegyesulet.hu\/wp-content\/uploads\/2020\/08\/FSE-regen.jpg 448w, https:\/\/fotsportegyesulet.hu\/wp-content\/uploads\/2020\/08\/FSE-regen-300x180.jpg 300w\" sizes=\"auto, (max-width: 690px) 100vw, 690px\" \/><span style=\"font-size: inherit;\">Az FSE \u201eaty\u00e1i\u201d k\u00f6z\u00fcl ki kell emelni Neuwirth J\u00e1nos gombk\u00e9sz\u00edt\u0151 \u00e9s a csapat sz\u00e1m\u00e1ra labd\u00e1kat k\u00e9sz\u00edt\u0151 Pinvicska Istv\u00e1n b\u0151rd\u00edszm\u0171ves nev\u00e9t, akik vezet\u0151s\u00e9gi szerepet is bet\u00f6lt\u00f6ttek a t\u00e9nyleges eln\u00f6k n\u00e9lk\u00fcl m\u0171k\u00f6d\u0151 egyes\u00fclet \u00e9l\u00e9n. Ugyancsak ott b\u00e1b\u00e1skodtak a f\u00f3ti labdar\u00fag\u00e1s megsz\u00fclet\u00e9s\u00e9n\u00e9l Patakh\u00e1zi J\u00f3zsef \u00e9s Pusk\u00e1s Mih\u00e1ly cip\u00e9szmesterek, akik labdar\u00fag\u00f3-cip\u0151kkel \u00e9s stopligombokkal l\u00e1tt\u00e1k el a futballist\u00e1kat, de az alap\u00edt\u00f3k k\u00f6zt szerepelt H. Madar\u00e1sz Lajos, Dud\u00e1s Istv\u00e1n, Nagy Gyula, Dr. Lancz K\u00e1lm\u00e1n, illetve Szeidler Lip\u00f3t is.<\/span><\/p>\n<p>A csapat els\u0151 otthon\u00e1ul &#8211; 35 \u00e9vig &#8211; a mostani nagytemet\u0151 m\u00f6g\u00f6tti ter\u00fclet szolg\u00e1lt, a homokos-kir\u00e1lydinny\u00e9s p\u00e1ly\u00e1r\u00f3l csak a m\u00e1sodik vil\u00e1gh\u00e1bor\u00fa ut\u00e1ni \u00e9vekben k\u00f6lt\u00f6z\u00f6tt el a klub. Fontos szerepet t\u00f6lt\u00f6ttek be az FSE kezdeti id\u0151szak\u00e1ban F\u00f3t vend\u00e9gl\u00e1t\u00f3sai is: Dalmadi Gy\u0151z\u0151, aki maga is a csapat tagja volt, saj\u00e1t vend\u00e9gl\u0151j\u00e9t aj\u00e1nlotta fel \u00f6lt\u00f6z\u0151\u00fcl \u00e9s f\u00fcrd\u0151hely\u00fcl, a j\u00e1t\u00e9kosok innen &#8211; a templomt\u00e9r el\u0151tti kisz\u00f6gell\u00e9sen (a mai \u201956-os eml\u00e9km\u0171 hely\u00e9n) l\u00e9v\u0151 \u00fczletb\u0151l &#8211; j\u00e1rtak ki a p\u00e1ly\u00e1ra, m\u00edg v\u00e9g\u00fcl meg\u00e9p\u00fclt a sporttelep melletti \u00f6lt\u00f6z\u0151\u00e9p\u00fclet. Szint\u00e9n a F\u00f3t SE szolg\u00e1lat\u00e1ban \u00e1llt Brandtner B\u00e9la a volt mozi hely\u00e9n \u00e1ll\u00f3 vend\u00e9gl\u00e1t\u00f3egys\u00e9g\u00e9vel, majd k\u00e9s\u0151bb<br \/>\nG. Elek J\u00f3zsef a vas\u00fati fel\u00fclj\u00e1r\u00f3 melletti, ma is Elek-kocsmak\u00e9nt emlegetett Sport Vend\u00e9gl\u0151vel, ahol a csapat bankettjeit, m\u00e9rk\u0151z\u00e9sek ut\u00e1ni \u00f6sszej\u00f6veteleit tartott\u00e1k, valamint a klub megseg\u00edt\u00e9s\u00e9re szervezett j\u00f3t\u00e9konys\u00e1gi esteket \u00e9s amat\u0151r sz\u00edni el\u0151ad\u00e1sokat is rendeztek.<\/p>\n<p>Az ellenfelek kapcs\u00e1n a F\u00f3t SE ekkori szerepl\u00e9s\u00e9r\u0151l annyi ismerhet\u0151, hogy a mai megyei szintnek megfelel\u0151, v\u00e1rmegy\u00e9n bel\u00fcl ter\u00fcleti-j\u00e1r\u00e1si beoszt\u00e1sokban v\u00edvt\u00e1k bajnoki k\u00fczdelmeiket. A h\u0151skor futballist\u00e1i k\u00f6z\u00fcl az alap\u00edt\u00f3k \u00e9s t\u00e1mogat\u00f3k n\u00e9melyik\u00e9n k\u00edv\u00fcl fennmaradt e b\u0151 h\u00e1rom \u00e9vtizedes korszakb\u00f3l t\u00f6bbek k\u00f6z\u00f6tt Dud\u00e1s Lajos, Haraszti Istv\u00e1n, Elek S\u00e1ndor, Zanathy Jen\u0151, Schrik Istv\u00e1n, Jakubecz J\u00f3zsef \u00e9s Pleva Istv\u00e1n neve, akik jellemz\u0151en a kor teljesen amat\u0151r k\u00f6r\u00fclm\u00e9nyei k\u00f6z\u00f6tt k\u00e9sz\u00fcltek, edz\u0151 n\u00e9lk\u00fcl, \u00f6nmagukat tren\u00edrozva. Az \u00e9vsz\u00e1mokb\u00f3l kit\u0171nik: a f\u00f3ti labdar\u00fag\u00e1s fenn\u00e1ll\u00e1s\u00e1t mindk\u00e9t vil\u00e1g\u00e9g\u00e9s \u00e9rintette, \u00e1m csapatunk mindaddig r\u00e9szt vett a bajnoks\u00e1gokban, am\u00edg a sport\u00e9letet a harcok nem h\u00e1tr\u00e1ltatt\u00e1k.<\/p>\n<p>Folytatjuk&#8230;<\/p>\n<p><strong>K\u00f6sz\u00f6net a tartalom\u00e9rt a fotise.gportal.hu oldalnak.<\/strong><\/p>\n<\/div>\n","protected":false},"excerpt":{"rendered":"<p>A \u201eboldog b\u00e9keid\u0151k\u201d utols\u00f3 \u00e9v\u00e9ben, 1913-ban alakult meg a F\u00f3ti Sport Egyes\u00fclet, egyetlen szakoszt\u00e1llyal, a labdar\u00fag\u00f3val.<\/p>\n","protected":false},"author":3,"featured_media":1469,"comment_status":"closed","ping_status":"closed","sticky":false,"template":"","format":"standard","meta":{"_bbp_topic_count":0,"_bbp_reply_count":0,"_bbp_total_topic_count":0,"_bbp_total_reply_count":0,"_bbp_voice_count":0,"_bbp_anonymous_reply_count":0,"_bbp_topic_count_hidden":0,"_bbp_reply_count_hidden":0,"_bbp_forum_subforum_count":0,"_price":"","_stock":"","_tribe_ticket_header":"","_tribe_default_ticket_provider":"","_ticket_start_date":"","_ticket_end_date":"","_tribe_ticket_show_description":"","_tribe_ticket_show_not_going":false,"_tribe_ticket_use_global_stock":"","_tribe_ticket_global_stock_level":"","_global_stock_mode":"","_global_stock_cap":"","_tribe_rsvp_for_event":"","_tribe_ticket_going_count":"","_tribe_ticket_not_going_count":"","_tribe_tickets_list":"[]","_tribe_ticket_has_attendee_info_fields":false,"footnotes":""},"categories":[1],"tags":[],"class_list":["post-925","post","type-post","status-publish","format-standard","has-post-thumbnail","hentry","category-hirek"],"yoast_head":"<!-- This site is optimized with the Yoast SEO plugin v25.7 - https:\/\/yoast.com\/wordpress\/plugins\/seo\/ -->\n<title>Meg\u00fajult a F\u00f3ti Sportegyes\u00fclet - F\u00d3T SPORTEGYES\u00dcLET<\/title>\n<meta name=\"robots\" content=\"index, follow, max-snippet:-1, max-image-preview:large, max-video-preview:-1\" \/>\n<link rel=\"canonical\" href=\"https:\/\/fotsportegyesulet.hu\/index.php\/2020\/05\/15\/megujult-a-foti-sportegyesulet\/\" \/>\n<meta property=\"og:locale\" content=\"hu_HU\" \/>\n<meta property=\"og:type\" content=\"article\" \/>\n<meta property=\"og:title\" content=\"Meg\u00fajult a F\u00f3ti Sportegyes\u00fclet - F\u00d3T SPORTEGYES\u00dcLET\" \/>\n<meta property=\"og:description\" content=\"A \u201eboldog b\u00e9keid\u0151k\u201d utols\u00f3 \u00e9v\u00e9ben, 1913-ban alakult meg a F\u00f3ti Sport Egyes\u00fclet, egyetlen szakoszt\u00e1llyal, a labdar\u00fag\u00f3val.\" \/>\n<meta property=\"og:url\" content=\"https:\/\/fotsportegyesulet.hu\/index.php\/2020\/05\/15\/megujult-a-foti-sportegyesulet\/\" \/>\n<meta property=\"og:site_name\" content=\"F\u00d3T SPORTEGYES\u00dcLET\" \/>\n<meta property=\"article:publisher\" content=\"https:\/\/www.facebook.com\/fotsportegyesulet\/\" \/>\n<meta property=\"article:published_time\" content=\"2020-05-15T10:06:24+00:00\" \/>\n<meta property=\"article:modified_time\" content=\"2020-09-01T15:36:55+00:00\" \/>\n<meta property=\"og:image\" content=\"https:\/\/fotsportegyesulet.hu\/wp-content\/uploads\/2020\/05\/690x455-kiemelt-kep-v3.png\" \/>\n\t<meta property=\"og:image:width\" content=\"960\" \/>\n\t<meta property=\"og:image:height\" content=\"455\" \/>\n\t<meta property=\"og:image:type\" content=\"image\/png\" \/>\n<meta name=\"author\" content=\"F\u00f3t SE\" \/>\n<meta name=\"twitter:card\" content=\"summary_large_image\" \/>\n<meta name=\"twitter:label1\" content=\"Szerz\u0151:\" \/>\n\t<meta name=\"twitter:data1\" content=\"F\u00f3t SE\" \/>\n\t<meta name=\"twitter:label2\" content=\"Becs\u00fclt olvas\u00e1si id\u0151\" \/>\n\t<meta name=\"twitter:data2\" content=\"3 perc\" \/>\n<script type=\"application\/ld+json\" class=\"yoast-schema-graph\">{\"@context\":\"https:\/\/schema.org\",\"@graph\":[{\"@type\":\"Article\",\"@id\":\"https:\/\/fotsportegyesulet.hu\/index.php\/2020\/05\/15\/megujult-a-foti-sportegyesulet\/#article\",\"isPartOf\":{\"@id\":\"https:\/\/fotsportegyesulet.hu\/index.php\/2020\/05\/15\/megujult-a-foti-sportegyesulet\/\"},\"author\":{\"name\":\"F\u00f3t SE\",\"@id\":\"https:\/\/fotsportegyesulet.hu\/#\/schema\/person\/8750ccb3a5183172b75dcc348ffbdbb1\"},\"headline\":\"Meg\u00fajult a F\u00f3ti Sportegyes\u00fclet\",\"datePublished\":\"2020-05-15T10:06:24+00:00\",\"dateModified\":\"2020-09-01T15:36:55+00:00\",\"mainEntityOfPage\":{\"@id\":\"https:\/\/fotsportegyesulet.hu\/index.php\/2020\/05\/15\/megujult-a-foti-sportegyesulet\/\"},\"wordCount\":658,\"publisher\":{\"@id\":\"https:\/\/fotsportegyesulet.hu\/#organization\"},\"image\":{\"@id\":\"https:\/\/fotsportegyesulet.hu\/index.php\/2020\/05\/15\/megujult-a-foti-sportegyesulet\/#primaryimage\"},\"thumbnailUrl\":\"https:\/\/fotsportegyesulet.hu\/wp-content\/uploads\/2020\/05\/690x455-kiemelt-kep-v3.png\",\"articleSection\":[\"H\u00edrek\"],\"inLanguage\":\"hu\"},{\"@type\":\"WebPage\",\"@id\":\"https:\/\/fotsportegyesulet.hu\/index.php\/2020\/05\/15\/megujult-a-foti-sportegyesulet\/\",\"url\":\"https:\/\/fotsportegyesulet.hu\/index.php\/2020\/05\/15\/megujult-a-foti-sportegyesulet\/\",\"name\":\"Meg\u00fajult a F\u00f3ti Sportegyes\u00fclet - F\u00d3T SPORTEGYES\u00dcLET\",\"isPartOf\":{\"@id\":\"https:\/\/fotsportegyesulet.hu\/#website\"},\"primaryImageOfPage\":{\"@id\":\"https:\/\/fotsportegyesulet.hu\/index.php\/2020\/05\/15\/megujult-a-foti-sportegyesulet\/#primaryimage\"},\"image\":{\"@id\":\"https:\/\/fotsportegyesulet.hu\/index.php\/2020\/05\/15\/megujult-a-foti-sportegyesulet\/#primaryimage\"},\"thumbnailUrl\":\"https:\/\/fotsportegyesulet.hu\/wp-content\/uploads\/2020\/05\/690x455-kiemelt-kep-v3.png\",\"datePublished\":\"2020-05-15T10:06:24+00:00\",\"dateModified\":\"2020-09-01T15:36:55+00:00\",\"breadcrumb\":{\"@id\":\"https:\/\/fotsportegyesulet.hu\/index.php\/2020\/05\/15\/megujult-a-foti-sportegyesulet\/#breadcrumb\"},\"inLanguage\":\"hu\",\"potentialAction\":[{\"@type\":\"ReadAction\",\"target\":[\"https:\/\/fotsportegyesulet.hu\/index.php\/2020\/05\/15\/megujult-a-foti-sportegyesulet\/\"]}]},{\"@type\":\"ImageObject\",\"inLanguage\":\"hu\",\"@id\":\"https:\/\/fotsportegyesulet.hu\/index.php\/2020\/05\/15\/megujult-a-foti-sportegyesulet\/#primaryimage\",\"url\":\"https:\/\/fotsportegyesulet.hu\/wp-content\/uploads\/2020\/05\/690x455-kiemelt-kep-v3.png\",\"contentUrl\":\"https:\/\/fotsportegyesulet.hu\/wp-content\/uploads\/2020\/05\/690x455-kiemelt-kep-v3.png\",\"width\":960,\"height\":455},{\"@type\":\"BreadcrumbList\",\"@id\":\"https:\/\/fotsportegyesulet.hu\/index.php\/2020\/05\/15\/megujult-a-foti-sportegyesulet\/#breadcrumb\",\"itemListElement\":[{\"@type\":\"ListItem\",\"position\":1,\"name\":\"Kezd\u0151lap\",\"item\":\"https:\/\/fotsportegyesulet.hu\/\"},{\"@type\":\"ListItem\",\"position\":2,\"name\":\"Meg\u00fajult a F\u00f3ti Sportegyes\u00fclet\"}]},{\"@type\":\"WebSite\",\"@id\":\"https:\/\/fotsportegyesulet.hu\/#website\",\"url\":\"https:\/\/fotsportegyesulet.hu\/\",\"name\":\"F\u00d3T SPORTEGYES\u00dcLET\",\"description\":\"\",\"publisher\":{\"@id\":\"https:\/\/fotsportegyesulet.hu\/#organization\"},\"potentialAction\":[{\"@type\":\"SearchAction\",\"target\":{\"@type\":\"EntryPoint\",\"urlTemplate\":\"https:\/\/fotsportegyesulet.hu\/?s={search_term_string}\"},\"query-input\":{\"@type\":\"PropertyValueSpecification\",\"valueRequired\":true,\"valueName\":\"search_term_string\"}}],\"inLanguage\":\"hu\"},{\"@type\":\"Organization\",\"@id\":\"https:\/\/fotsportegyesulet.hu\/#organization\",\"name\":\"F\u00f3t Sportegyes\u00fclet\",\"url\":\"https:\/\/fotsportegyesulet.hu\/\",\"logo\":{\"@type\":\"ImageObject\",\"inLanguage\":\"hu\",\"@id\":\"https:\/\/fotsportegyesulet.hu\/#\/schema\/logo\/image\/\",\"url\":\"https:\/\/fotsportegyesulet.hu\/wp-content\/uploads\/2020\/07\/eredeti-sz\u00ednes-vektoros-Fot-cimer-3.png\",\"contentUrl\":\"https:\/\/fotsportegyesulet.hu\/wp-content\/uploads\/2020\/07\/eredeti-sz\u00ednes-vektoros-Fot-cimer-3.png\",\"width\":500,\"height\":500,\"caption\":\"F\u00f3t Sportegyes\u00fclet\"},\"image\":{\"@id\":\"https:\/\/fotsportegyesulet.hu\/#\/schema\/logo\/image\/\"},\"sameAs\":[\"https:\/\/www.facebook.com\/fotsportegyesulet\/\"]},{\"@type\":\"Person\",\"@id\":\"https:\/\/fotsportegyesulet.hu\/#\/schema\/person\/8750ccb3a5183172b75dcc348ffbdbb1\",\"name\":\"F\u00f3t SE\",\"image\":{\"@type\":\"ImageObject\",\"inLanguage\":\"hu\",\"@id\":\"https:\/\/fotsportegyesulet.hu\/#\/schema\/person\/image\/\",\"url\":\"https:\/\/secure.gravatar.com\/avatar\/2f768bb7a490a49aeb2ccaf4bacc94391bbafd4b6aa54eb6f9318ffc80d81dad?s=96&d=mm&r=g\",\"contentUrl\":\"https:\/\/secure.gravatar.com\/avatar\/2f768bb7a490a49aeb2ccaf4bacc94391bbafd4b6aa54eb6f9318ffc80d81dad?s=96&d=mm&r=g\",\"caption\":\"F\u00f3t SE\"},\"sameAs\":[\"http:\/\/fotsportegyesulet.hu\"],\"url\":\"https:\/\/fotsportegyesulet.hu\/index.php\/author\/kapitany-zoltan\/\"}]}<\/script>\n<!-- \/ Yoast SEO plugin. -->","yoast_head_json":{"title":"Meg\u00fajult a F\u00f3ti Sportegyes\u00fclet - F\u00d3T SPORTEGYES\u00dcLET","robots":{"index":"index","follow":"follow","max-snippet":"max-snippet:-1","max-image-preview":"max-image-preview:large","max-video-preview":"max-video-preview:-1"},"canonical":"https:\/\/fotsportegyesulet.hu\/index.php\/2020\/05\/15\/megujult-a-foti-sportegyesulet\/","og_locale":"hu_HU","og_type":"article","og_title":"Meg\u00fajult a F\u00f3ti Sportegyes\u00fclet - F\u00d3T SPORTEGYES\u00dcLET","og_description":"A \u201eboldog b\u00e9keid\u0151k\u201d utols\u00f3 \u00e9v\u00e9ben, 1913-ban alakult meg a F\u00f3ti Sport Egyes\u00fclet, egyetlen szakoszt\u00e1llyal, a labdar\u00fag\u00f3val.","og_url":"https:\/\/fotsportegyesulet.hu\/index.php\/2020\/05\/15\/megujult-a-foti-sportegyesulet\/","og_site_name":"F\u00d3T SPORTEGYES\u00dcLET","article_publisher":"https:\/\/www.facebook.com\/fotsportegyesulet\/","article_published_time":"2020-05-15T10:06:24+00:00","article_modified_time":"2020-09-01T15:36:55+00:00","og_image":[{"width":960,"height":455,"url":"https:\/\/fotsportegyesulet.hu\/wp-content\/uploads\/2020\/05\/690x455-kiemelt-kep-v3.png","type":"image\/png"}],"author":"F\u00f3t SE","twitter_card":"summary_large_image","twitter_misc":{"Szerz\u0151:":"F\u00f3t SE","Becs\u00fclt olvas\u00e1si id\u0151":"3 perc"},"schema":{"@context":"https:\/\/schema.org","@graph":[{"@type":"Article","@id":"https:\/\/fotsportegyesulet.hu\/index.php\/2020\/05\/15\/megujult-a-foti-sportegyesulet\/#article","isPartOf":{"@id":"https:\/\/fotsportegyesulet.hu\/index.php\/2020\/05\/15\/megujult-a-foti-sportegyesulet\/"},"author":{"name":"F\u00f3t SE","@id":"https:\/\/fotsportegyesulet.hu\/#\/schema\/person\/8750ccb3a5183172b75dcc348ffbdbb1"},"headline":"Meg\u00fajult a F\u00f3ti Sportegyes\u00fclet","datePublished":"2020-05-15T10:06:24+00:00","dateModified":"2020-09-01T15:36:55+00:00","mainEntityOfPage":{"@id":"https:\/\/fotsportegyesulet.hu\/index.php\/2020\/05\/15\/megujult-a-foti-sportegyesulet\/"},"wordCount":658,"publisher":{"@id":"https:\/\/fotsportegyesulet.hu\/#organization"},"image":{"@id":"https:\/\/fotsportegyesulet.hu\/index.php\/2020\/05\/15\/megujult-a-foti-sportegyesulet\/#primaryimage"},"thumbnailUrl":"https:\/\/fotsportegyesulet.hu\/wp-content\/uploads\/2020\/05\/690x455-kiemelt-kep-v3.png","articleSection":["H\u00edrek"],"inLanguage":"hu"},{"@type":"WebPage","@id":"https:\/\/fotsportegyesulet.hu\/index.php\/2020\/05\/15\/megujult-a-foti-sportegyesulet\/","url":"https:\/\/fotsportegyesulet.hu\/index.php\/2020\/05\/15\/megujult-a-foti-sportegyesulet\/","name":"Meg\u00fajult a F\u00f3ti Sportegyes\u00fclet - F\u00d3T SPORTEGYES\u00dcLET","isPartOf":{"@id":"https:\/\/fotsportegyesulet.hu\/#website"},"primaryImageOfPage":{"@id":"https:\/\/fotsportegyesulet.hu\/index.php\/2020\/05\/15\/megujult-a-foti-sportegyesulet\/#primaryimage"},"image":{"@id":"https:\/\/fotsportegyesulet.hu\/index.php\/2020\/05\/15\/megujult-a-foti-sportegyesulet\/#primaryimage"},"thumbnailUrl":"https:\/\/fotsportegyesulet.hu\/wp-content\/uploads\/2020\/05\/690x455-kiemelt-kep-v3.png","datePublished":"2020-05-15T10:06:24+00:00","dateModified":"2020-09-01T15:36:55+00:00","breadcrumb":{"@id":"https:\/\/fotsportegyesulet.hu\/index.php\/2020\/05\/15\/megujult-a-foti-sportegyesulet\/#breadcrumb"},"inLanguage":"hu","potentialAction":[{"@type":"ReadAction","target":["https:\/\/fotsportegyesulet.hu\/index.php\/2020\/05\/15\/megujult-a-foti-sportegyesulet\/"]}]},{"@type":"ImageObject","inLanguage":"hu","@id":"https:\/\/fotsportegyesulet.hu\/index.php\/2020\/05\/15\/megujult-a-foti-sportegyesulet\/#primaryimage","url":"https:\/\/fotsportegyesulet.hu\/wp-content\/uploads\/2020\/05\/690x455-kiemelt-kep-v3.png","contentUrl":"https:\/\/fotsportegyesulet.hu\/wp-content\/uploads\/2020\/05\/690x455-kiemelt-kep-v3.png","width":960,"height":455},{"@type":"BreadcrumbList","@id":"https:\/\/fotsportegyesulet.hu\/index.php\/2020\/05\/15\/megujult-a-foti-sportegyesulet\/#breadcrumb","itemListElement":[{"@type":"ListItem","position":1,"name":"Kezd\u0151lap","item":"https:\/\/fotsportegyesulet.hu\/"},{"@type":"ListItem","position":2,"name":"Meg\u00fajult a F\u00f3ti Sportegyes\u00fclet"}]},{"@type":"WebSite","@id":"https:\/\/fotsportegyesulet.hu\/#website","url":"https:\/\/fotsportegyesulet.hu\/","name":"F\u00d3T SPORTEGYES\u00dcLET","description":"","publisher":{"@id":"https:\/\/fotsportegyesulet.hu\/#organization"},"potentialAction":[{"@type":"SearchAction","target":{"@type":"EntryPoint","urlTemplate":"https:\/\/fotsportegyesulet.hu\/?s={search_term_string}"},"query-input":{"@type":"PropertyValueSpecification","valueRequired":true,"valueName":"search_term_string"}}],"inLanguage":"hu"},{"@type":"Organization","@id":"https:\/\/fotsportegyesulet.hu\/#organization","name":"F\u00f3t Sportegyes\u00fclet","url":"https:\/\/fotsportegyesulet.hu\/","logo":{"@type":"ImageObject","inLanguage":"hu","@id":"https:\/\/fotsportegyesulet.hu\/#\/schema\/logo\/image\/","url":"https:\/\/fotsportegyesulet.hu\/wp-content\/uploads\/2020\/07\/eredeti-sz\u00ednes-vektoros-Fot-cimer-3.png","contentUrl":"https:\/\/fotsportegyesulet.hu\/wp-content\/uploads\/2020\/07\/eredeti-sz\u00ednes-vektoros-Fot-cimer-3.png","width":500,"height":500,"caption":"F\u00f3t Sportegyes\u00fclet"},"image":{"@id":"https:\/\/fotsportegyesulet.hu\/#\/schema\/logo\/image\/"},"sameAs":["https:\/\/www.facebook.com\/fotsportegyesulet\/"]},{"@type":"Person","@id":"https:\/\/fotsportegyesulet.hu\/#\/schema\/person\/8750ccb3a5183172b75dcc348ffbdbb1","name":"F\u00f3t SE","image":{"@type":"ImageObject","inLanguage":"hu","@id":"https:\/\/fotsportegyesulet.hu\/#\/schema\/person\/image\/","url":"https:\/\/secure.gravatar.com\/avatar\/2f768bb7a490a49aeb2ccaf4bacc94391bbafd4b6aa54eb6f9318ffc80d81dad?s=96&d=mm&r=g","contentUrl":"https:\/\/secure.gravatar.com\/avatar\/2f768bb7a490a49aeb2ccaf4bacc94391bbafd4b6aa54eb6f9318ffc80d81dad?s=96&d=mm&r=g","caption":"F\u00f3t SE"},"sameAs":["http:\/\/fotsportegyesulet.hu"],"url":"https:\/\/fotsportegyesulet.hu\/index.php\/author\/kapitany-zoltan\/"}]}},"_links":{"self":[{"href":"https:\/\/fotsportegyesulet.hu\/index.php\/wp-json\/wp\/v2\/posts\/925","targetHints":{"allow":["GET"]}}],"collection":[{"href":"https:\/\/fotsportegyesulet.hu\/index.php\/wp-json\/wp\/v2\/posts"}],"about":[{"href":"https:\/\/fotsportegyesulet.hu\/index.php\/wp-json\/wp\/v2\/types\/post"}],"author":[{"embeddable":true,"href":"https:\/\/fotsportegyesulet.hu\/index.php\/wp-json\/wp\/v2\/users\/3"}],"replies":[{"embeddable":true,"href":"https:\/\/fotsportegyesulet.hu\/index.php\/wp-json\/wp\/v2\/comments?post=925"}],"version-history":[{"count":13,"href":"https:\/\/fotsportegyesulet.hu\/index.php\/wp-json\/wp\/v2\/posts\/925\/revisions"}],"predecessor-version":[{"id":1328,"href":"https:\/\/fotsportegyesulet.hu\/index.php\/wp-json\/wp\/v2\/posts\/925\/revisions\/1328"}],"wp:featuredmedia":[{"embeddable":true,"href":"https:\/\/fotsportegyesulet.hu\/index.php\/wp-json\/wp\/v2\/media\/1469"}],"wp:attachment":[{"href":"https:\/\/fotsportegyesulet.hu\/index.php\/wp-json\/wp\/v2\/media?parent=925"}],"wp:term":[{"taxonomy":"category","embeddable":true,"href":"https:\/\/fotsportegyesulet.hu\/index.php\/wp-json\/wp\/v2\/categories?post=925"},{"taxonomy":"post_tag","embeddable":true,"href":"https:\/\/fotsportegyesulet.hu\/index.php\/wp-json\/wp\/v2\/tags?post=925"}],"curies":[{"name":"wp","href":"https:\/\/api.w.org\/{rel}","templated":true}]}}