{"id":8779,"date":"2023-12-11T16:41:44","date_gmt":"2023-12-11T15:41:44","guid":{"rendered":"https:\/\/fotsportegyesulet.hu\/?p=8779"},"modified":"2023-12-11T16:45:08","modified_gmt":"2023-12-11T15:45:08","slug":"gyerunk-sielni-ausztriaba-5-nap-sieles-4-sipalyan","status":"publish","type":"post","link":"https:\/\/fotsportegyesulet.hu\/index.php\/2023\/12\/11\/gyerunk-sielni-ausztriaba-5-nap-sieles-4-sipalyan\/","title":{"rendered":"Gyer\u00fcnk s\u00edelni Ausztri\u00e1ba! 5 nap s\u00edel\u00e9s 4 s\u00edp\u00e1ly\u00e1n!"},"content":{"rendered":"<h3 style=\"text-align: center;\"><strong>Gyer\u00fcnk s\u00edelni Ausztri\u00e1ba! 5 nap s\u00edel\u00e9s 4 s\u00edp\u00e1ly\u00e1n!<\/strong><\/h3>\n<h3 style=\"text-align: center;\"><strong><em>Goldeck, Bad Kleinkirchheim, Katschberg, M\u00f6lltal gleccser<\/em><\/strong><\/h3>\n<p><strong> <img loading=\"lazy\" decoding=\"async\" class=\"size-full wp-image-8782 aligncenter\" src=\"https:\/\/fotsportegyesulet.hu\/wp-content\/uploads\/2023\/12\/tb-20180107-01.jpg\" alt=\"\" width=\"600\" height=\"300\" srcset=\"https:\/\/fotsportegyesulet.hu\/wp-content\/uploads\/2023\/12\/tb-20180107-01.jpg 600w, https:\/\/fotsportegyesulet.hu\/wp-content\/uploads\/2023\/12\/tb-20180107-01-300x150.jpg 300w\" sizes=\"auto, (max-width: 600px) 100vw, 600px\" \/><\/strong><\/p>\n<p>Hozhatod magaddal a bar\u00e1tn\u0151det, bar\u00e1todat, a csal\u00e1dodat, b\u00e1rkit, aki szeret s\u00edelni.<\/p>\n<p><strong><em>A t\u00e1bor id\u0151pontja: <\/em><\/strong>2024.03.10-15. (6 nap 5 \u00e9jszaka,5 nap s\u00edel\u00e9s).<\/p>\n<p><strong>Indul\u00e1s:<\/strong> 2024.03.10-\u00e9n ,7\u201d00 F\u00f3ti R\u00f3mai Katolikus Templom, 2151 F\u00f3t V\u00f6r\u00f6smarty u.4<\/p>\n<p><strong>\u00c9rkez\u00e9s: <\/strong>2024.03. 15-\u00e9n a k\u00e9s\u0151 esti \u00f3r\u00e1kban.<\/p>\n<p><strong><em>\u00a0<\/em><\/strong><\/p>\n<p><strong><em>Helysz\u00edn: <\/em><\/strong>Ausztria, Karintia.<\/p>\n<p><strong>\u00a0 \u00a0 \u00a0 \u00a01. nap: Goldeck<\/strong>: 25km p\u00e1lya, ebb\u0151l 8km k\u00e9k, 8.5 km piros, 8km fekete. A p\u00e1lyarendszer nagy r\u00e9sze a fahat\u00e1r felett fekszik. A k\u00f6z\u00e9ps\u0151 r\u00e9szen l\u00e9v\u0151 p\u00e1ly\u00e1k t\u00f6bbs\u00e9ge k\u00f6nny\u0171, ez a r\u00e9sz aj\u00e1nlhat\u00f3 kezd\u0151k r\u00e9sz\u00e9re is. A profik sz\u00e1m\u00e1ra is igazi kih\u00edv\u00e1st jelent a hely, ugyanis Goldecken jel\u00f6lt\u00e9k ki az Alpok leghosszabb fekete p\u00e1ly\u00e1j\u00e1t, 1500 m\u00e9teres szintk\u00fcl\u00f6nbs\u00e9ggel \u00e9s 60%-os lejt\u00e9ssel.<\/p>\n<ol start=\"2\">\n<li><strong> nap: Bad Kleinkirchheim: <\/strong>103 km p\u00e1lya, ebb\u0151l 18 km k\u00e9k, 77 km piros, 8km fekete. Itt tal\u00e1lhat\u00f3k Karintia leghosszabb s\u00edp\u00e1ly\u00e1i, melyek k\u00f6zt van egy versenyp\u00e1lya is, melyen b\u00e1rki kipr\u00f3b\u00e1lhatja mag\u00e1t. Itt val\u00f3ban nagybet\u0171vel \u00edrj\u00e1k a h\u00f3garanci\u00e1t, hiszen az \u00e1lland\u00f3 feh\u00e9rs\u00e9get 880 (!) h\u00f3\u00e1gy\u00fa garant\u00e1lja, melyekkel a p\u00e1lyarendszer 85%-\u00e1t h\u00f3\u00e1gy\u00fazz\u00e1k.<\/li>\n<li><strong> nap: Katschberg: <\/strong>70 km p\u00e1lya, ebb\u0151l 10 km k\u00e9k, 50 km piros, 10 km fekete. A legkisebbeknek egy 300 m\u00e9ter hossz\u00fa extr\u00e9m lank\u00e1s p\u00e1lya \u00e1ll rendelkez\u00e9s\u00fckre, aminek ment\u00e9n bar\u00e1ts\u00e1gos figur\u00e1k \u00e9s lelkes\u00edt\u0151 feliratok seg\u00edtik a lecs\u00fasz\u00e1st. A s\u00edterep rengeteg meglepet\u00e9st tartogat a kisgyerekeseknek, igazi csal\u00e1dbar\u00e1t hely! A havat nemcsak a magass\u00e1g, hanem a h\u00f3\u00e1gy\u00fak is garant\u00e1lj\u00e1k, hiszen a sz\u00e9pen rendben tartott p\u00e1ly\u00e1k 100%-a h\u00f3\u00e1gy\u00fazhat\u00f3.<\/li>\n<li><strong> nap: M\u00f6lltal gleccser: <\/strong>3122 m magasan, 36 km p\u00e1lya, ebb\u0151l 10,5 km k\u00e9k, 16,5 km piros, 9 km fekete<strong>. <\/strong>1997-ben nyitott\u00e1k meg a f\u00f6ld alatti gleccservasutat, mellyel eg\u00e9sz \u00e9vben k\u00f6nnyen el\u00e9rhet\u0151v\u00e9 v\u00e1lt a M\u00f6lltal gleccser, ahol Karintia legmagasabban fekv\u0151, \u00e9s ez\u00e1ltal abszol\u00fat h\u00f3biztos s\u00edp\u00e1ly\u00e1i tal\u00e1lhat\u00f3k. A gleccservas\u00fat 8 perc alatt 1000 m\u00e9ternyi szintk\u00fcl\u00f6nbs\u00e9get \u00e1thidalva visz fel a 2108 m magasan fekv\u0151 k\u00f6z\u00e9p\u00e1llom\u00e1sra, ahonnan 6 szem\u00e9lyes kis kabinos felvon\u00f3kkal lehet feljutni a 2800 m\u00e9teren fekv\u0151 ultramodern Eissee \u00e9tteremhez, \u00e9s innen a fels\u0151 p\u00e1ly\u00e1khoz. A gleccserre egy k\u00e9t\u00fcl\u00e9ses \u00e9s egy \u00faj hat\u00fcl\u00e9ses lift sz\u00e1ll\u00edtja a s\u00edel\u0151ket k\u00f6zel 3100 m\u00e9terig.<\/li>\n<li><strong> nap: Goldeck<\/strong><\/li>\n<\/ol>\n<p><strong>Sz\u00e1ll\u00e1s<em>: <\/em><\/strong>Seehotel Steiner, Seeboden. A csal\u00e1di tulajdonban l\u00e9v\u0151 hotel k\u00f6zvetlen\u00fcl a Millstatti-t\u00f3 mellett, Seeboden v\u00e1rosk\u00f6zpontj\u00e1t\u00f3l nem messze tal\u00e1lhat\u00f3. Vend\u00e9geinek erk\u00e9lyes szob\u00e1kat k\u00edn\u00e1l telev\u00edzi\u00f3val. A sz\u00e1lloda 142 f\u0151 befogad\u00e1s\u00e1ra alkalmas, amely t\u00f6bb \u00e9p\u00fcletr\u00e9szb\u0151l \u00e1ll. Elhelyez\u00e9s: 2, 3, 4 \u00e1gyas szob\u00e1kban, illetve 4 \u00e9s 6 \u00e1gyas, k\u00e9tl\u00e9gter\u0171 csal\u00e1di szob\u00e1kban. Valamennyi szoba saj\u00e1t f\u00fcrd\u0151szob\u00e1val rendelkezik<br \/>\n<strong>\u00c9tkez\u00e9s<em>:<\/em><\/strong> f\u00e9lpanzi\u00f3, mely b\u0151s\u00e9ges reggelit \u00e9s vacsor\u00e1t tartalmaz.<\/p>\n<p><strong>Szolg\u00e1ltat\u00e1sok<\/strong>: s\u00edt\u00e1rol\u00f3, parkol\u00f3, wifi, asztalitenisz, csocs\u00f3.<\/p>\n<p>&nbsp;<\/p>\n<p><strong>\u00c1rakat eur\u00f3ban \u00e9s forintban kell befizetni. <\/strong><\/p>\n<p><strong>Fizet\u00e9s ut\u00e1n nem \u00e1ll m\u00f3dunkban p\u00e9nzt visszat\u00e9r\u00edteni, csak egy m\u00e1sik szem\u00e9ly ellen\u00e9ben mondhat\u00f3 le a t\u00e1bor.<\/strong><\/p>\n<p><strong>A busszal val\u00f3 utaz\u00e1s nem k\u00f6telez\u0151 szem\u00e9lyg\u00e9pkocsival is kilehet utazni a helysz\u00ednre.<\/strong><\/p>\n<p>&nbsp;<\/p>\n<table style=\"height: 484px;\" width=\"924\">\n<tbody>\n<tr>\n<td width=\"57\"><strong>Sz\u00fcl. \u00e9v<\/strong><\/td>\n<td width=\"42\"><strong>Top<\/strong><\/p>\n<p><strong>Ski b\u00e9rlet<\/strong><\/td>\n<td width=\"43\"><strong>Sz\u00e1ll\u00e1s<\/strong><\/td>\n<td width=\"64\"><strong>\u00d6sszesen<\/strong><\/td>\n<td width=\"26\"><strong>+<\/strong><\/td>\n<td width=\"66\"><strong>Biztos\u00edt\u00e1s<\/strong><\/p>\n<p><strong>K&amp;H<\/strong><\/td>\n<td width=\"60\"><strong>Busz<\/strong><\/p>\n<p><strong>\u00a060 f\u0151<\/strong><\/p>\n<p><strong>\u00a0<\/strong><\/td>\n<td width=\"56\"><strong>Ad\u00f3<\/strong><\/p>\n<p><strong>Takar\u00edt\u00e1s<\/strong><\/p>\n<p><strong>\u00c1gynem\u0171<\/strong><\/td>\n<td width=\"46\"><strong>\u00a0Kauci\u00f3<\/strong><\/p>\n<p><strong>B\u00e9rlet Sz\u00e1ll\u00e1s<\/strong><\/td>\n<\/tr>\n<tr>\n<td width=\"57\"><strong>Gyerek<\/strong><\/p>\n<p><strong>2005-2008<\/strong><\/td>\n<td width=\"42\"><strong>125 Eur\u00f3<\/strong><\/td>\n<td width=\"43\"><strong>195 Eur\u00f3<\/strong><\/td>\n<td width=\"64\"><strong>320 Eur\u00f3<\/strong><\/td>\n<td width=\"26\"><strong>+<\/strong><\/td>\n<td width=\"66\"><strong>kb. 8\u00a0000 Ft<\/strong><\/td>\n<td width=\"60\"><strong>23\u00a0000 Ft<\/strong><\/td>\n<td width=\"56\"><strong>46 Eur\u00f3<\/strong><\/td>\n<td width=\"46\"><strong>25 Eur\u00f3<\/strong><\/td>\n<\/tr>\n<tr>\n<td width=\"57\"><strong>Di\u00e1k<\/strong><\/p>\n<p><strong>2009-2017<\/strong><\/td>\n<td width=\"42\"><strong>153 Eur\u00f3<\/strong><\/td>\n<td width=\"43\"><strong>195 Eur\u00f3<\/strong><\/td>\n<td width=\"64\"><strong>348 Eur\u00f3<\/strong><\/td>\n<td width=\"26\"><strong>+<\/strong><\/td>\n<td width=\"66\"><strong>kb. 8\u00a0000 Ft<\/strong><\/td>\n<td width=\"60\"><strong>23\u00a0000 Ft<\/strong><\/td>\n<td width=\"56\"><strong>46 Eur\u00f3<\/strong><\/td>\n<td width=\"46\"><strong>25 Eur\u00f3<\/strong><\/td>\n<\/tr>\n<tr>\n<td width=\"57\"><strong>Feln\u0151tt<\/strong><\/p>\n<p><strong>\u00a0<\/strong><\/td>\n<td width=\"42\"><strong>285 Eur\u00f3<\/strong><\/td>\n<td width=\"43\"><strong>270 Eur\u00f3<\/strong><\/td>\n<td width=\"64\"><strong>555 Eur\u00f3<\/strong><\/td>\n<td width=\"26\"><strong>+<\/strong><\/td>\n<td width=\"66\"><strong>kb. 8\u00a0000 Ft<\/strong><\/td>\n<td width=\"60\"><strong>23\u00a0000 Ft<\/strong><\/td>\n<td width=\"56\"><strong>46 Eur\u00f3<\/strong><\/td>\n<td width=\"46\"><strong>25 Eur\u00f3<\/strong><\/td>\n<\/tr>\n<\/tbody>\n<\/table>\n<p>&nbsp;<\/p>\n<p><strong>Jelentkez\u00e9s: N\u00e9v, Sz\u00fclet\u00e9si adatok, Szem\u00e9lyi vagy \u00datlev\u00e9l sz\u00e1ma., Taj- sz\u00e1m, Telefonsz\u00e1m, Email-c\u00edm<em>.<\/em><\/strong><\/p>\n<p><strong>A fizet\u00e9si \u00fctemez\u00e9s\u00a0a k\u00f6vetkez\u0151<\/strong>:<\/p>\n<p><em>\u00a0<\/em><\/p>\n<table style=\"height: 184px;\" width=\"697\">\n<tbody>\n<tr>\n<td width=\"83\"><strong>1.r\u00e9szlet<\/strong><\/td>\n<td width=\"161\"><strong>150 Eur\u00f3<\/strong><\/td>\n<td width=\"85\"><strong>november 12.<\/strong><\/td>\n<\/tr>\n<tr>\n<td width=\"83\"><strong>2. r\u00e9szlet<\/strong><\/td>\n<td width=\"161\"><strong>150 Eur\u00f3<\/strong><\/td>\n<td width=\"85\"><strong>december 12.<\/strong><\/td>\n<\/tr>\n<tr>\n<td width=\"83\"><strong>3. r\u00e9szlet<\/strong><\/td>\n<td width=\"161\"><strong>fennmarad\u00f3 \u00f6sszeg + biztos\u00edt\u00e1s<\/strong><\/td>\n<td width=\"85\"><strong>janu\u00e1r 12.<\/strong><\/td>\n<\/tr>\n<tr>\n<td width=\"83\"><strong>4. r\u00e9szlet<\/strong><\/td>\n<td width=\"161\"><strong>Busz k\u00f6lts\u00e9ge<\/strong><\/td>\n<td width=\"85\"><strong>febru\u00e1r 12.<\/strong><\/td>\n<\/tr>\n<\/tbody>\n<\/table>\n<p>&nbsp;<\/p>\n<p><strong>\u00a0Jelentkez\u00e9s: <\/strong><strong>Kupecz D\u00e1vid testnevel\u0151 tan\u00e1r +36704281193<\/strong><\/p>\n<p>&nbsp;<\/p>\n<h3>Hajr\u00e1 F\u00f3t!<\/h3>\n","protected":false},"excerpt":{"rendered":"<p>Goldeck, Bad Kleinkirchheim, Katschberg, M\u00f6lltal gleccser! Jelentkezz te is!<\/p>\n","protected":false},"author":3,"featured_media":8780,"comment_status":"closed","ping_status":"open","sticky":false,"template":"","format":"standard","meta":{"_bbp_topic_count":0,"_bbp_reply_count":0,"_bbp_total_topic_count":0,"_bbp_total_reply_count":0,"_bbp_voice_count":0,"_bbp_anonymous_reply_count":0,"_bbp_topic_count_hidden":0,"_bbp_reply_count_hidden":0,"_bbp_forum_subforum_count":0,"_price":"","_stock":"","_tribe_ticket_header":"","_tribe_default_ticket_provider":"","_ticket_start_date":"","_ticket_end_date":"","_tribe_ticket_show_description":"","_tribe_ticket_show_not_going":false,"_tribe_ticket_use_global_stock":"","_tribe_ticket_global_stock_level":"","_global_stock_mode":"","_global_stock_cap":"","_tribe_rsvp_for_event":"","_tribe_ticket_going_count":"","_tribe_ticket_not_going_count":"","_tribe_tickets_list":"[]","_tribe_ticket_has_attendee_info_fields":false,"footnotes":""},"categories":[1],"tags":[],"class_list":["post-8779","post","type-post","status-publish","format-standard","has-post-thumbnail","hentry","category-hirek"],"yoast_head":"<!-- This site is optimized with the Yoast SEO plugin v25.7 - https:\/\/yoast.com\/wordpress\/plugins\/seo\/ -->\n<title>Gyer\u00fcnk s\u00edelni Ausztri\u00e1ba! 5 nap s\u00edel\u00e9s 4 s\u00edp\u00e1ly\u00e1n! - F\u00d3T SPORTEGYES\u00dcLET<\/title>\n<meta name=\"robots\" content=\"index, follow, max-snippet:-1, max-image-preview:large, max-video-preview:-1\" \/>\n<link rel=\"canonical\" href=\"https:\/\/fotsportegyesulet.hu\/index.php\/2023\/12\/11\/gyerunk-sielni-ausztriaba-5-nap-sieles-4-sipalyan\/\" \/>\n<meta property=\"og:locale\" content=\"hu_HU\" \/>\n<meta property=\"og:type\" content=\"article\" \/>\n<meta property=\"og:title\" content=\"Gyer\u00fcnk s\u00edelni Ausztri\u00e1ba! 5 nap s\u00edel\u00e9s 4 s\u00edp\u00e1ly\u00e1n! - F\u00d3T SPORTEGYES\u00dcLET\" \/>\n<meta property=\"og:description\" content=\"Goldeck, Bad Kleinkirchheim, Katschberg, M\u00f6lltal gleccser! Jelentkezz te is!\" \/>\n<meta property=\"og:url\" content=\"https:\/\/fotsportegyesulet.hu\/index.php\/2023\/12\/11\/gyerunk-sielni-ausztriaba-5-nap-sieles-4-sipalyan\/\" \/>\n<meta property=\"og:site_name\" content=\"F\u00d3T SPORTEGYES\u00dcLET\" \/>\n<meta property=\"article:publisher\" content=\"https:\/\/www.facebook.com\/fotsportegyesulet\/\" \/>\n<meta property=\"article:published_time\" content=\"2023-12-11T15:41:44+00:00\" \/>\n<meta property=\"article:modified_time\" content=\"2023-12-11T15:45:08+00:00\" \/>\n<meta property=\"og:image\" content=\"https:\/\/fotsportegyesulet.hu\/wp-content\/uploads\/2023\/12\/otszazotvenezer-magyar-sielo956_455.jpg\" \/>\n\t<meta property=\"og:image:width\" content=\"956\" \/>\n\t<meta property=\"og:image:height\" content=\"455\" \/>\n\t<meta property=\"og:image:type\" content=\"image\/jpeg\" \/>\n<meta name=\"author\" content=\"F\u00f3t SE\" \/>\n<meta name=\"twitter:card\" content=\"summary_large_image\" \/>\n<meta name=\"twitter:label1\" content=\"Szerz\u0151:\" \/>\n\t<meta name=\"twitter:data1\" content=\"F\u00f3t SE\" \/>\n\t<meta name=\"twitter:label2\" content=\"Becs\u00fclt olvas\u00e1si id\u0151\" \/>\n\t<meta name=\"twitter:data2\" content=\"4 perc\" \/>\n<script type=\"application\/ld+json\" class=\"yoast-schema-graph\">{\"@context\":\"https:\/\/schema.org\",\"@graph\":[{\"@type\":\"Article\",\"@id\":\"https:\/\/fotsportegyesulet.hu\/index.php\/2023\/12\/11\/gyerunk-sielni-ausztriaba-5-nap-sieles-4-sipalyan\/#article\",\"isPartOf\":{\"@id\":\"https:\/\/fotsportegyesulet.hu\/index.php\/2023\/12\/11\/gyerunk-sielni-ausztriaba-5-nap-sieles-4-sipalyan\/\"},\"author\":{\"name\":\"F\u00f3t SE\",\"@id\":\"https:\/\/fotsportegyesulet.hu\/#\/schema\/person\/8750ccb3a5183172b75dcc348ffbdbb1\"},\"headline\":\"Gyer\u00fcnk s\u00edelni Ausztri\u00e1ba! 5 nap s\u00edel\u00e9s 4 s\u00edp\u00e1ly\u00e1n!\",\"datePublished\":\"2023-12-11T15:41:44+00:00\",\"dateModified\":\"2023-12-11T15:45:08+00:00\",\"mainEntityOfPage\":{\"@id\":\"https:\/\/fotsportegyesulet.hu\/index.php\/2023\/12\/11\/gyerunk-sielni-ausztriaba-5-nap-sieles-4-sipalyan\/\"},\"wordCount\":765,\"publisher\":{\"@id\":\"https:\/\/fotsportegyesulet.hu\/#organization\"},\"image\":{\"@id\":\"https:\/\/fotsportegyesulet.hu\/index.php\/2023\/12\/11\/gyerunk-sielni-ausztriaba-5-nap-sieles-4-sipalyan\/#primaryimage\"},\"thumbnailUrl\":\"https:\/\/fotsportegyesulet.hu\/wp-content\/uploads\/2023\/12\/otszazotvenezer-magyar-sielo956_455.jpg\",\"articleSection\":[\"H\u00edrek\"],\"inLanguage\":\"hu\"},{\"@type\":\"WebPage\",\"@id\":\"https:\/\/fotsportegyesulet.hu\/index.php\/2023\/12\/11\/gyerunk-sielni-ausztriaba-5-nap-sieles-4-sipalyan\/\",\"url\":\"https:\/\/fotsportegyesulet.hu\/index.php\/2023\/12\/11\/gyerunk-sielni-ausztriaba-5-nap-sieles-4-sipalyan\/\",\"name\":\"Gyer\u00fcnk s\u00edelni Ausztri\u00e1ba! 5 nap s\u00edel\u00e9s 4 s\u00edp\u00e1ly\u00e1n! - F\u00d3T SPORTEGYES\u00dcLET\",\"isPartOf\":{\"@id\":\"https:\/\/fotsportegyesulet.hu\/#website\"},\"primaryImageOfPage\":{\"@id\":\"https:\/\/fotsportegyesulet.hu\/index.php\/2023\/12\/11\/gyerunk-sielni-ausztriaba-5-nap-sieles-4-sipalyan\/#primaryimage\"},\"image\":{\"@id\":\"https:\/\/fotsportegyesulet.hu\/index.php\/2023\/12\/11\/gyerunk-sielni-ausztriaba-5-nap-sieles-4-sipalyan\/#primaryimage\"},\"thumbnailUrl\":\"https:\/\/fotsportegyesulet.hu\/wp-content\/uploads\/2023\/12\/otszazotvenezer-magyar-sielo956_455.jpg\",\"datePublished\":\"2023-12-11T15:41:44+00:00\",\"dateModified\":\"2023-12-11T15:45:08+00:00\",\"breadcrumb\":{\"@id\":\"https:\/\/fotsportegyesulet.hu\/index.php\/2023\/12\/11\/gyerunk-sielni-ausztriaba-5-nap-sieles-4-sipalyan\/#breadcrumb\"},\"inLanguage\":\"hu\",\"potentialAction\":[{\"@type\":\"ReadAction\",\"target\":[\"https:\/\/fotsportegyesulet.hu\/index.php\/2023\/12\/11\/gyerunk-sielni-ausztriaba-5-nap-sieles-4-sipalyan\/\"]}]},{\"@type\":\"ImageObject\",\"inLanguage\":\"hu\",\"@id\":\"https:\/\/fotsportegyesulet.hu\/index.php\/2023\/12\/11\/gyerunk-sielni-ausztriaba-5-nap-sieles-4-sipalyan\/#primaryimage\",\"url\":\"https:\/\/fotsportegyesulet.hu\/wp-content\/uploads\/2023\/12\/otszazotvenezer-magyar-sielo956_455.jpg\",\"contentUrl\":\"https:\/\/fotsportegyesulet.hu\/wp-content\/uploads\/2023\/12\/otszazotvenezer-magyar-sielo956_455.jpg\",\"width\":956,\"height\":455},{\"@type\":\"BreadcrumbList\",\"@id\":\"https:\/\/fotsportegyesulet.hu\/index.php\/2023\/12\/11\/gyerunk-sielni-ausztriaba-5-nap-sieles-4-sipalyan\/#breadcrumb\",\"itemListElement\":[{\"@type\":\"ListItem\",\"position\":1,\"name\":\"Kezd\u0151lap\",\"item\":\"https:\/\/fotsportegyesulet.hu\/\"},{\"@type\":\"ListItem\",\"position\":2,\"name\":\"Gyer\u00fcnk s\u00edelni Ausztri\u00e1ba! 5 nap s\u00edel\u00e9s 4 s\u00edp\u00e1ly\u00e1n!\"}]},{\"@type\":\"WebSite\",\"@id\":\"https:\/\/fotsportegyesulet.hu\/#website\",\"url\":\"https:\/\/fotsportegyesulet.hu\/\",\"name\":\"F\u00d3T SPORTEGYES\u00dcLET\",\"description\":\"\",\"publisher\":{\"@id\":\"https:\/\/fotsportegyesulet.hu\/#organization\"},\"potentialAction\":[{\"@type\":\"SearchAction\",\"target\":{\"@type\":\"EntryPoint\",\"urlTemplate\":\"https:\/\/fotsportegyesulet.hu\/?s={search_term_string}\"},\"query-input\":{\"@type\":\"PropertyValueSpecification\",\"valueRequired\":true,\"valueName\":\"search_term_string\"}}],\"inLanguage\":\"hu\"},{\"@type\":\"Organization\",\"@id\":\"https:\/\/fotsportegyesulet.hu\/#organization\",\"name\":\"F\u00f3t Sportegyes\u00fclet\",\"url\":\"https:\/\/fotsportegyesulet.hu\/\",\"logo\":{\"@type\":\"ImageObject\",\"inLanguage\":\"hu\",\"@id\":\"https:\/\/fotsportegyesulet.hu\/#\/schema\/logo\/image\/\",\"url\":\"https:\/\/fotsportegyesulet.hu\/wp-content\/uploads\/2020\/07\/eredeti-sz\u00ednes-vektoros-Fot-cimer-3.png\",\"contentUrl\":\"https:\/\/fotsportegyesulet.hu\/wp-content\/uploads\/2020\/07\/eredeti-sz\u00ednes-vektoros-Fot-cimer-3.png\",\"width\":500,\"height\":500,\"caption\":\"F\u00f3t Sportegyes\u00fclet\"},\"image\":{\"@id\":\"https:\/\/fotsportegyesulet.hu\/#\/schema\/logo\/image\/\"},\"sameAs\":[\"https:\/\/www.facebook.com\/fotsportegyesulet\/\"]},{\"@type\":\"Person\",\"@id\":\"https:\/\/fotsportegyesulet.hu\/#\/schema\/person\/8750ccb3a5183172b75dcc348ffbdbb1\",\"name\":\"F\u00f3t SE\",\"image\":{\"@type\":\"ImageObject\",\"inLanguage\":\"hu\",\"@id\":\"https:\/\/fotsportegyesulet.hu\/#\/schema\/person\/image\/\",\"url\":\"https:\/\/secure.gravatar.com\/avatar\/2f768bb7a490a49aeb2ccaf4bacc94391bbafd4b6aa54eb6f9318ffc80d81dad?s=96&d=mm&r=g\",\"contentUrl\":\"https:\/\/secure.gravatar.com\/avatar\/2f768bb7a490a49aeb2ccaf4bacc94391bbafd4b6aa54eb6f9318ffc80d81dad?s=96&d=mm&r=g\",\"caption\":\"F\u00f3t SE\"},\"sameAs\":[\"http:\/\/fotsportegyesulet.hu\"],\"url\":\"https:\/\/fotsportegyesulet.hu\/index.php\/author\/kapitany-zoltan\/\"}]}<\/script>\n<!-- \/ Yoast SEO plugin. -->","yoast_head_json":{"title":"Gyer\u00fcnk s\u00edelni Ausztri\u00e1ba! 5 nap s\u00edel\u00e9s 4 s\u00edp\u00e1ly\u00e1n! - F\u00d3T SPORTEGYES\u00dcLET","robots":{"index":"index","follow":"follow","max-snippet":"max-snippet:-1","max-image-preview":"max-image-preview:large","max-video-preview":"max-video-preview:-1"},"canonical":"https:\/\/fotsportegyesulet.hu\/index.php\/2023\/12\/11\/gyerunk-sielni-ausztriaba-5-nap-sieles-4-sipalyan\/","og_locale":"hu_HU","og_type":"article","og_title":"Gyer\u00fcnk s\u00edelni Ausztri\u00e1ba! 5 nap s\u00edel\u00e9s 4 s\u00edp\u00e1ly\u00e1n! - F\u00d3T SPORTEGYES\u00dcLET","og_description":"Goldeck, Bad Kleinkirchheim, Katschberg, M\u00f6lltal gleccser! Jelentkezz te is!","og_url":"https:\/\/fotsportegyesulet.hu\/index.php\/2023\/12\/11\/gyerunk-sielni-ausztriaba-5-nap-sieles-4-sipalyan\/","og_site_name":"F\u00d3T SPORTEGYES\u00dcLET","article_publisher":"https:\/\/www.facebook.com\/fotsportegyesulet\/","article_published_time":"2023-12-11T15:41:44+00:00","article_modified_time":"2023-12-11T15:45:08+00:00","og_image":[{"width":956,"height":455,"url":"https:\/\/fotsportegyesulet.hu\/wp-content\/uploads\/2023\/12\/otszazotvenezer-magyar-sielo956_455.jpg","type":"image\/jpeg"}],"author":"F\u00f3t SE","twitter_card":"summary_large_image","twitter_misc":{"Szerz\u0151:":"F\u00f3t SE","Becs\u00fclt olvas\u00e1si id\u0151":"4 perc"},"schema":{"@context":"https:\/\/schema.org","@graph":[{"@type":"Article","@id":"https:\/\/fotsportegyesulet.hu\/index.php\/2023\/12\/11\/gyerunk-sielni-ausztriaba-5-nap-sieles-4-sipalyan\/#article","isPartOf":{"@id":"https:\/\/fotsportegyesulet.hu\/index.php\/2023\/12\/11\/gyerunk-sielni-ausztriaba-5-nap-sieles-4-sipalyan\/"},"author":{"name":"F\u00f3t SE","@id":"https:\/\/fotsportegyesulet.hu\/#\/schema\/person\/8750ccb3a5183172b75dcc348ffbdbb1"},"headline":"Gyer\u00fcnk s\u00edelni Ausztri\u00e1ba! 5 nap s\u00edel\u00e9s 4 s\u00edp\u00e1ly\u00e1n!","datePublished":"2023-12-11T15:41:44+00:00","dateModified":"2023-12-11T15:45:08+00:00","mainEntityOfPage":{"@id":"https:\/\/fotsportegyesulet.hu\/index.php\/2023\/12\/11\/gyerunk-sielni-ausztriaba-5-nap-sieles-4-sipalyan\/"},"wordCount":765,"publisher":{"@id":"https:\/\/fotsportegyesulet.hu\/#organization"},"image":{"@id":"https:\/\/fotsportegyesulet.hu\/index.php\/2023\/12\/11\/gyerunk-sielni-ausztriaba-5-nap-sieles-4-sipalyan\/#primaryimage"},"thumbnailUrl":"https:\/\/fotsportegyesulet.hu\/wp-content\/uploads\/2023\/12\/otszazotvenezer-magyar-sielo956_455.jpg","articleSection":["H\u00edrek"],"inLanguage":"hu"},{"@type":"WebPage","@id":"https:\/\/fotsportegyesulet.hu\/index.php\/2023\/12\/11\/gyerunk-sielni-ausztriaba-5-nap-sieles-4-sipalyan\/","url":"https:\/\/fotsportegyesulet.hu\/index.php\/2023\/12\/11\/gyerunk-sielni-ausztriaba-5-nap-sieles-4-sipalyan\/","name":"Gyer\u00fcnk s\u00edelni Ausztri\u00e1ba! 5 nap s\u00edel\u00e9s 4 s\u00edp\u00e1ly\u00e1n! - F\u00d3T SPORTEGYES\u00dcLET","isPartOf":{"@id":"https:\/\/fotsportegyesulet.hu\/#website"},"primaryImageOfPage":{"@id":"https:\/\/fotsportegyesulet.hu\/index.php\/2023\/12\/11\/gyerunk-sielni-ausztriaba-5-nap-sieles-4-sipalyan\/#primaryimage"},"image":{"@id":"https:\/\/fotsportegyesulet.hu\/index.php\/2023\/12\/11\/gyerunk-sielni-ausztriaba-5-nap-sieles-4-sipalyan\/#primaryimage"},"thumbnailUrl":"https:\/\/fotsportegyesulet.hu\/wp-content\/uploads\/2023\/12\/otszazotvenezer-magyar-sielo956_455.jpg","datePublished":"2023-12-11T15:41:44+00:00","dateModified":"2023-12-11T15:45:08+00:00","breadcrumb":{"@id":"https:\/\/fotsportegyesulet.hu\/index.php\/2023\/12\/11\/gyerunk-sielni-ausztriaba-5-nap-sieles-4-sipalyan\/#breadcrumb"},"inLanguage":"hu","potentialAction":[{"@type":"ReadAction","target":["https:\/\/fotsportegyesulet.hu\/index.php\/2023\/12\/11\/gyerunk-sielni-ausztriaba-5-nap-sieles-4-sipalyan\/"]}]},{"@type":"ImageObject","inLanguage":"hu","@id":"https:\/\/fotsportegyesulet.hu\/index.php\/2023\/12\/11\/gyerunk-sielni-ausztriaba-5-nap-sieles-4-sipalyan\/#primaryimage","url":"https:\/\/fotsportegyesulet.hu\/wp-content\/uploads\/2023\/12\/otszazotvenezer-magyar-sielo956_455.jpg","contentUrl":"https:\/\/fotsportegyesulet.hu\/wp-content\/uploads\/2023\/12\/otszazotvenezer-magyar-sielo956_455.jpg","width":956,"height":455},{"@type":"BreadcrumbList","@id":"https:\/\/fotsportegyesulet.hu\/index.php\/2023\/12\/11\/gyerunk-sielni-ausztriaba-5-nap-sieles-4-sipalyan\/#breadcrumb","itemListElement":[{"@type":"ListItem","position":1,"name":"Kezd\u0151lap","item":"https:\/\/fotsportegyesulet.hu\/"},{"@type":"ListItem","position":2,"name":"Gyer\u00fcnk s\u00edelni Ausztri\u00e1ba! 5 nap s\u00edel\u00e9s 4 s\u00edp\u00e1ly\u00e1n!"}]},{"@type":"WebSite","@id":"https:\/\/fotsportegyesulet.hu\/#website","url":"https:\/\/fotsportegyesulet.hu\/","name":"F\u00d3T SPORTEGYES\u00dcLET","description":"","publisher":{"@id":"https:\/\/fotsportegyesulet.hu\/#organization"},"potentialAction":[{"@type":"SearchAction","target":{"@type":"EntryPoint","urlTemplate":"https:\/\/fotsportegyesulet.hu\/?s={search_term_string}"},"query-input":{"@type":"PropertyValueSpecification","valueRequired":true,"valueName":"search_term_string"}}],"inLanguage":"hu"},{"@type":"Organization","@id":"https:\/\/fotsportegyesulet.hu\/#organization","name":"F\u00f3t Sportegyes\u00fclet","url":"https:\/\/fotsportegyesulet.hu\/","logo":{"@type":"ImageObject","inLanguage":"hu","@id":"https:\/\/fotsportegyesulet.hu\/#\/schema\/logo\/image\/","url":"https:\/\/fotsportegyesulet.hu\/wp-content\/uploads\/2020\/07\/eredeti-sz\u00ednes-vektoros-Fot-cimer-3.png","contentUrl":"https:\/\/fotsportegyesulet.hu\/wp-content\/uploads\/2020\/07\/eredeti-sz\u00ednes-vektoros-Fot-cimer-3.png","width":500,"height":500,"caption":"F\u00f3t Sportegyes\u00fclet"},"image":{"@id":"https:\/\/fotsportegyesulet.hu\/#\/schema\/logo\/image\/"},"sameAs":["https:\/\/www.facebook.com\/fotsportegyesulet\/"]},{"@type":"Person","@id":"https:\/\/fotsportegyesulet.hu\/#\/schema\/person\/8750ccb3a5183172b75dcc348ffbdbb1","name":"F\u00f3t SE","image":{"@type":"ImageObject","inLanguage":"hu","@id":"https:\/\/fotsportegyesulet.hu\/#\/schema\/person\/image\/","url":"https:\/\/secure.gravatar.com\/avatar\/2f768bb7a490a49aeb2ccaf4bacc94391bbafd4b6aa54eb6f9318ffc80d81dad?s=96&d=mm&r=g","contentUrl":"https:\/\/secure.gravatar.com\/avatar\/2f768bb7a490a49aeb2ccaf4bacc94391bbafd4b6aa54eb6f9318ffc80d81dad?s=96&d=mm&r=g","caption":"F\u00f3t SE"},"sameAs":["http:\/\/fotsportegyesulet.hu"],"url":"https:\/\/fotsportegyesulet.hu\/index.php\/author\/kapitany-zoltan\/"}]}},"_links":{"self":[{"href":"https:\/\/fotsportegyesulet.hu\/index.php\/wp-json\/wp\/v2\/posts\/8779","targetHints":{"allow":["GET"]}}],"collection":[{"href":"https:\/\/fotsportegyesulet.hu\/index.php\/wp-json\/wp\/v2\/posts"}],"about":[{"href":"https:\/\/fotsportegyesulet.hu\/index.php\/wp-json\/wp\/v2\/types\/post"}],"author":[{"embeddable":true,"href":"https:\/\/fotsportegyesulet.hu\/index.php\/wp-json\/wp\/v2\/users\/3"}],"replies":[{"embeddable":true,"href":"https:\/\/fotsportegyesulet.hu\/index.php\/wp-json\/wp\/v2\/comments?post=8779"}],"version-history":[{"count":5,"href":"https:\/\/fotsportegyesulet.hu\/index.php\/wp-json\/wp\/v2\/posts\/8779\/revisions"}],"predecessor-version":[{"id":8788,"href":"https:\/\/fotsportegyesulet.hu\/index.php\/wp-json\/wp\/v2\/posts\/8779\/revisions\/8788"}],"wp:featuredmedia":[{"embeddable":true,"href":"https:\/\/fotsportegyesulet.hu\/index.php\/wp-json\/wp\/v2\/media\/8780"}],"wp:attachment":[{"href":"https:\/\/fotsportegyesulet.hu\/index.php\/wp-json\/wp\/v2\/media?parent=8779"}],"wp:term":[{"taxonomy":"category","embeddable":true,"href":"https:\/\/fotsportegyesulet.hu\/index.php\/wp-json\/wp\/v2\/categories?post=8779"},{"taxonomy":"post_tag","embeddable":true,"href":"https:\/\/fotsportegyesulet.hu\/index.php\/wp-json\/wp\/v2\/tags?post=8779"}],"curies":[{"name":"wp","href":"https:\/\/api.w.org\/{rel}","templated":true}]}}