{"id":8716,"date":"2023-12-04T13:30:50","date_gmt":"2023-12-04T12:30:50","guid":{"rendered":"https:\/\/fotsportegyesulet.hu\/?p=8716"},"modified":"2023-12-04T13:32:13","modified_gmt":"2023-12-04T12:32:13","slug":"tovabb-menetel-u13-as-leany-csapatunk-az-u14-es-regionalis-bajnoksagban","status":"publish","type":"post","link":"https:\/\/fotsportegyesulet.hu\/index.php\/2023\/12\/04\/tovabb-menetel-u13-as-leany-csapatunk-az-u14-es-regionalis-bajnoksagban\/","title":{"rendered":"Tov\u00e1bb menetel U13-as le\u00e1ny csapatunk az U14-es region\u00e1lis bajnoks\u00e1gban!"},"content":{"rendered":"<h3 dir=\"auto\" style=\"text-align: center;\">Bevett\u00fck a szomsz\u00e9d v\u00e1rat is!<\/h3>\n<div dir=\"auto\"><\/div>\n<div dir=\"auto\">Tov\u00e1bb menetel U13-as le\u00e1ny csapatunk az U14-es region\u00e1lis bajnoks\u00e1gban. A f\u00f3ti fiatalok egy nagyszer\u0171 m\u00e1sodik negyednek k\u00f6sz\u00f6nhet\u0151en 43-17-re megl\u00e9ptek a Veresiekkel szemben, a m\u00e1sodik f\u00e9lid\u0151ben pedig siker\u00fclt az el\u0151nyb\u0151l megtartani, \u00edgy megvan a negyedik gy\u0151zelem is!<\/div>\n<div dir=\"auto\"><img loading=\"lazy\" decoding=\"async\" class=\" wp-image-8719 aligncenter\" src=\"https:\/\/fotsportegyesulet.hu\/wp-content\/uploads\/2023\/12\/image_6483441-2-682x1024.jpg\" alt=\"\" width=\"595\" height=\"893\" srcset=\"https:\/\/fotsportegyesulet.hu\/wp-content\/uploads\/2023\/12\/image_6483441-2-682x1024.jpg 682w, https:\/\/fotsportegyesulet.hu\/wp-content\/uploads\/2023\/12\/image_6483441-2-200x300.jpg 200w, https:\/\/fotsportegyesulet.hu\/wp-content\/uploads\/2023\/12\/image_6483441-2-768x1152.jpg 768w, https:\/\/fotsportegyesulet.hu\/wp-content\/uploads\/2023\/12\/image_6483441-2-1024x1536.jpg 1024w, https:\/\/fotsportegyesulet.hu\/wp-content\/uploads\/2023\/12\/image_6483441-2.jpg 1333w\" sizes=\"auto, (max-width: 595px) 100vw, 595px\" \/><\/div>\n<div dir=\"auto\">BKG Pr\u00edma Veres U14L\/B &#8211; F\u00f3t SE 55-70<\/div>\n<div dir=\"auto\">\n<div>(13-15,4-28,14-13,24-14)<\/div>\n<\/div>\n<div dir=\"auto\">F\u00f3t SE: B\u00e9k\u00e9si Lilla (16), Ranguy Regina (14), Tajthy Anna (11), Ernszt N\u00f3ra (6), Kov\u00e1cs Kamilla (6), Haffner Emma (5), Dud\u00e1s Anna (4), Waktor No\u00e9mi (4), Losonci J\u00e1zmin (2), Orosz Bogl\u00e1rka (2), Fekete R\u00f3za (-).<\/div>\n<div dir=\"auto\"><\/div>\n<div dir=\"auto\">P\u00e1li G\u00e1bor besz\u00e1mol\u00f3ja:<\/div>\n<div dir=\"auto\">&#8222;Nem indult rosszul a m\u00e9rk\u0151z\u00e9s sz\u00e1munkra, \u00e1m 9-3-n\u00e1l volt egy 4 perces r\u00f6vidz\u00e1rlat, melynek k\u00f6sz\u00f6nhet\u0151en egy 10-0-\u00e1s fut\u00e1ssal megford\u00edtotta a meccset ellenfel\u00fcnk. Szerencs\u00e9re az utols\u00f3 1,5 perc a mi\u00e9nk volt \u00e9s 15-13-as vezet\u00e9ssel fordulhattunk.<\/div>\n<div dir=\"auto\">A m\u00e1sodik 10 perc\u00fcnk azt\u00e1n a szezon eddig legjobb j\u00e1t\u00e9k\u00e1t hozta! Kem\u00e9ny \u00e9s hat\u00e1rozott v\u00e9dekez\u00e9s mellett a gyors ind\u00edt\u00e1saink szuper\u00fcl m\u0171k\u00f6dtek! A 28-4-es negyed eredm\u00e9ny pedig mag\u00e1\u00e9rt besz\u00e9l!<\/div>\n<div dir=\"auto\">A m\u00e9rk\u0151z\u00e9s kulcs negyede a harmadik t\u00edz perc volt, ahol siker\u00fclt kontroll alatt tartani az ellenf\u00e9l k\u00e9t meghat\u00e1roz\u00f3 ember\u00e9t, azonban a rengeteg energia, amit v\u00e9dekez\u00e9sben haszn\u00e1ltunk el, t\u00e1mad\u00f3 oldalon m\u00e1r hi\u00e1nyzott.<\/div>\n<div dir=\"auto\">R\u00e1ad\u00e1sul az utols\u00f3 negyed elej\u00e9n Ranguy kipontoz\u00f3d\u00e1sa sem j\u00f6tt j\u00f3l. A v\u00e9g\u00e9n hatalmasat k\u00fczd\u00f6tt\u00fcnk \u00e9s meg\u00e9rdemelten nyert\u00fcnk!<\/div>\n<div dir=\"auto\">Gratul\u00e1lunk a l\u00e1nyoknak, mert nagyon sokat viszont l\u00e1tok m\u00e1r azokb\u00f3l, melyeket folyamatosan gyakorlunk! Ma a meccs pillanata Tajthy Ann\u00e1\u00e9 volt, aki egy szuper crossoverb\u0151l dobott fontos kosarat az els\u0151 f\u00e9lid\u0151ben!<\/div>\n<div dir=\"auto\"><\/div>\n<div dir=\"auto\"><strong>K\u00f6vetkez\u0151 m\u00e9rk\u0151z\u00e9s:<\/strong><\/div>\n<div dir=\"auto\">2023. december 10. vas\u00e1rnap 09:00<\/div>\n<div dir=\"auto\">Phoenix Sportcsarnok<\/div>\n<div dir=\"auto\">F\u00f3t SE &#8211; BKG PR\u00cdMA SZSZM U14L\/A&#8221;<\/div>\n<div dir=\"auto\"><\/div>\n<h3 dir=\"auto\">Hajr\u00e1 F\u00f3t!<\/h3>\n<style>#jtg-8720 .modula-item .jtg-social a, .lightbox-socials.jtg-social a{ fill: #ffffff; color: #ffffff }#jtg-8720 .modula-item .jtg-social-mobile a{ fill: #ffffff; color: #ffffff }#jtg-8720 .modula-item .jtg-social svg, .lightbox-socials.jtg-social svg { height: 16px; width: 16px }#jtg-8720 .modula-item .jtg-social-mobile svg { height: 16px; width: 16px }#jtg-8720 .modula-item .jtg-social a:not(:last-child), .lightbox-socials.jtg-social a:not(:last-child) { margin-right: 10px }#jtg-8720 .modula-item .jtg-social-mobile .jtg-social-mobile-icons a:not(:last-child){ margin-right: 10px }#jtg-8720 .modula-item .modula-item-content { transform: scale(1) }#jtg-8720 { width:100%;}#jtg-8720 .modula-items{height:800px;}@media screen and (max-width: 992px) {#jtg-8720 .modula-items{height:800px;}}@media screen and (max-width: 768px) {#jtg-8720 .modula-items{height:800px;}}#jtg-8720 .modula-items .figc p.description { color:;}#jtg-8720.modula-gallery .modula-item > a, #jtg-8720.modula-gallery .modula-item, #jtg-8720.modula-gallery .modula-item-content > a:not(.modula-no-follow) { cursor:zoom-in; } #jtg-8720.modula-gallery .modula-item-content .modula-no-follow { cursor: default; } @media screen and (max-width:480px){#jtg-8720 .modula-item .figc .jtg-title {  font-size: 12px; }#jtg-8720 .modula-items .figc p.description { color:;font-size:0px; }}<\/style>\n<div  id=\"jtg-8720\" class=\"modula modula-gallery modula-creative-gallery\" data-config=\"{&quot;height&quot;:800,&quot;tabletHeight&quot;:800,&quot;mobileHeight&quot;:800,&quot;desktopHeight&quot;:800,&quot;enableTwitter&quot;:false,&quot;enableWhatsapp&quot;:false,&quot;enableFacebook&quot;:false,&quot;enablePinterest&quot;:false,&quot;enableLinkedin&quot;:false,&quot;enableEmail&quot;:false,&quot;randomFactor&quot;:0.5,&quot;type&quot;:&quot;creative-gallery&quot;,&quot;columns&quot;:12,&quot;gutter&quot;:10,&quot;mobileGutter&quot;:10,&quot;tabletGutter&quot;:10,&quot;desktopGutter&quot;:10,&quot;enableResponsive&quot;:&quot;0&quot;,&quot;tabletColumns&quot;:&quot;2&quot;,&quot;mobileColumns&quot;:&quot;1&quot;,&quot;lazyLoad&quot;:&quot;1&quot;,&quot;lightboxOpts&quot;:{&quot;animated&quot;:true,&quot;Thumbs&quot;:{&quot;type&quot;:&quot;modern&quot;,&quot;showOnStart&quot;:false},&quot;Toolbar&quot;:{&quot;display&quot;:{&quot;right&quot;:[&quot;close&quot;]},&quot;enabled&quot;:true},&quot;Carousel&quot;:{&quot;Panzoom&quot;:{&quot;touch&quot;:false},&quot;infinite&quot;:false},&quot;keyboard&quot;:{&quot;Escape&quot;:&quot;close&quot;,&quot;Delete&quot;:&quot;close&quot;,&quot;Backspace&quot;:&quot;close&quot;,&quot;PageUp&quot;:false,&quot;PageDown&quot;:false,&quot;ArrowUp&quot;:false,&quot;ArrowDown&quot;:false,&quot;ArrowRight&quot;:false,&quot;ArrowLeft&quot;:false},&quot;touch&quot;:false,&quot;backdropClick&quot;:false,&quot;l10n&quot;:{&quot;CLOSE&quot;:&quot;Close&quot;,&quot;NEXT&quot;:&quot;Next&quot;,&quot;PREV&quot;:&quot;Previous&quot;,&quot;Error&quot;:&quot;The requested content cannot be loaded. Please try again later.&quot;,&quot;PLAY_START&quot;:&quot;Start slideshow&quot;,&quot;PLAY_STOP&quot;:&quot;Pause slideshow&quot;,&quot;FULL_SCREEN&quot;:&quot;Full screen&quot;,&quot;THUMBS&quot;:&quot;Thumbnails&quot;,&quot;DOWNLOAD&quot;:&quot;Download&quot;,&quot;SHARE&quot;:&quot;Share&quot;,&quot;ZOOM&quot;:&quot;Zoom&quot;,&quot;EMAIL&quot;:&quot;Here is the link to the image : %%image_link%% and this is the link to the gallery : %%gallery_link%%&quot;,&quot;MODAL&quot;:&quot;You can close this modal content with the ESC key&quot;,&quot;ERROR&quot;:&quot;Something Went Wrong, Please Try Again Later&quot;,&quot;IMAGE_ERROR&quot;:&quot;Image Not Found&quot;,&quot;ELEMENT_NOT_FOUND&quot;:&quot;HTML Element Not Found&quot;,&quot;AJAX_NOT_FOUND&quot;:&quot;Error Loading AJAX : Not Found&quot;,&quot;AJAX_FORBIDDEN&quot;:&quot;Error Loading AJAX : Forbidden&quot;,&quot;IFRAME_ERROR&quot;:&quot;Error Loading Page&quot;,&quot;TOGGLE_ZOOM&quot;:&quot;Toggle zoom level&quot;,&quot;TOGGLE_THUMBS&quot;:&quot;Toggle thumbnails&quot;,&quot;TOGGLE_SLIDESHOW&quot;:&quot;Toggle slideshow&quot;,&quot;TOGGLE_FULLSCREEN&quot;:&quot;Toggle full-screen mode&quot;},&quot;Images&quot;:{&quot;Panzoom&quot;:{&quot;maxScale&quot;:2}},&quot;mainClass&quot;:&quot;modula-fancybox-container modula-lightbox-jtg-8720&quot;,&quot;Html&quot;:{&quot;videoAutoplay&quot;:0,&quot;videoTpl&quot;:&quot;&lt;video class=\\&quot;fancybox__html5video\\&quot; controls muted playsinline controlsList controlsList=\\&quot;nodownload\\&quot; poster=\\&quot;{{poster}}\\&quot; src=\\&quot;{{src}}\\&quot; type=\\&quot;{{format}}\\&quot; &gt;  Sorry, your browser doesn&#039;t support embedded videos, &lt;a href=\\&quot;{{src}}\\&quot;&gt; download &lt;\\\/a&gt; and watch with your favorite video player! &lt;\\\/video&gt;&quot;}},&quot;inView&quot;:false,&quot;email_subject&quot;:&quot;Check out this awesome image !!&quot;,&quot;email_message&quot;:&quot;Here is the link to the image : %%image_link%% and this is the link to the gallery : %%gallery_link%%&quot;,&quot;lightbox&quot;:&quot;fancybox&quot;}\">\n\n\t\n\t<div  class=\"modula-items\">\n\t\t<div class=\"modula-item effect-pufrobo\" >\n\t<div class=\"modula-item-overlay\"><\/div>\n\n\t<div class=\"modula-item-content\">\n\n\t\t\t\t\n\t\t\t\t\t<a data-image-id=\"8721\" tabindex=\"0\" rel=\"jtg-8720\" data-caption=\"\" aria-label=\"Open image in lightbox\" role=\"button\" class=\"tile-inner modula-item-link\"><\/a>\n\t\t\n\t\t<img class=\"pic wp-image-8721 lazyload\"  data-valign=\"middle\" data-halign=\"center\" alt=\"\" data-full=\"https:\/\/fotsportegyesulet.hu\/wp-content\/uploads\/2023\/12\/image_6483441-1.jpg\" title=\"image_6483441 (1)\" width=\"200\" height=\"300\" data-src=\"https:\/\/fotsportegyesulet.hu\/wp-content\/uploads\/2023\/12\/image_6483441-1-200x300.jpg\" data-caption=\"\" data-source=\"modula\" data-srcset=\"https:\/\/fotsportegyesulet.hu\/wp-content\/uploads\/2023\/12\/image_6483441-1.jpg 640w, https:\/\/fotsportegyesulet.hu\/wp-content\/uploads\/2023\/12\/image_6483441-1-200x300.jpg 200w\" data-sizes=\"(max-width: 200px) 100vw, 200px\" \/>\n\t\t<div class=\"figc no-description\">\n\t\t\t<div class=\"figc-inner\">\n\t\t\t\t\t\t\t\t\t\t\t\t\t\t\t<\/div>\n\t\t<\/div>\n\n\t<\/div>\n\n<\/div><div class=\"modula-item effect-pufrobo\" >\n\t<div class=\"modula-item-overlay\"><\/div>\n\n\t<div class=\"modula-item-content\">\n\n\t\t\t\t\n\t\t\t\t\t<a data-image-id=\"8722\" tabindex=\"0\" rel=\"jtg-8720\" data-caption=\"\" aria-label=\"Open image in lightbox\" role=\"button\" class=\"tile-inner modula-item-link\"><\/a>\n\t\t\n\t\t<img class=\"pic wp-image-8722 lazyload\"  data-valign=\"middle\" data-halign=\"center\" alt=\"\" data-full=\"https:\/\/fotsportegyesulet.hu\/wp-content\/uploads\/2023\/12\/image_6483441.jpg\" title=\"image_6483441\" width=\"300\" height=\"169\" data-src=\"https:\/\/fotsportegyesulet.hu\/wp-content\/uploads\/2023\/12\/image_6483441-300x169.jpg\" data-caption=\"\" data-source=\"modula\" data-srcset=\"https:\/\/fotsportegyesulet.hu\/wp-content\/uploads\/2023\/12\/image_6483441.jpg 800w, https:\/\/fotsportegyesulet.hu\/wp-content\/uploads\/2023\/12\/image_6483441-300x169.jpg 300w, https:\/\/fotsportegyesulet.hu\/wp-content\/uploads\/2023\/12\/image_6483441-768x432.jpg 768w\" data-sizes=\"(max-width: 300px) 100vw, 300px\" \/>\n\t\t<div class=\"figc no-description\">\n\t\t\t<div class=\"figc-inner\">\n\t\t\t\t\t\t\t\t\t\t\t\t\t\t\t<\/div>\n\t\t<\/div>\n\n\t<\/div>\n\n<\/div><div class=\"modula-item effect-pufrobo\" >\n\t<div class=\"modula-item-overlay\"><\/div>\n\n\t<div class=\"modula-item-content\">\n\n\t\t\t\t\n\t\t\t\t\t<a data-image-id=\"8719\" tabindex=\"0\" rel=\"jtg-8720\" data-caption=\"\" aria-label=\"Open image in lightbox\" role=\"button\" class=\"tile-inner modula-item-link\"><\/a>\n\t\t\n\t\t<img class=\"pic wp-image-8719 lazyload\"  data-valign=\"middle\" data-halign=\"center\" alt=\"\" data-full=\"https:\/\/fotsportegyesulet.hu\/wp-content\/uploads\/2023\/12\/image_6483441-2.jpg\" title=\"image_6483441 (2)\" width=\"200\" height=\"300\" data-src=\"https:\/\/fotsportegyesulet.hu\/wp-content\/uploads\/2023\/12\/image_6483441-2-200x300.jpg\" data-caption=\"\" data-source=\"modula\" data-srcset=\"https:\/\/fotsportegyesulet.hu\/wp-content\/uploads\/2023\/12\/image_6483441-2.jpg 1333w, https:\/\/fotsportegyesulet.hu\/wp-content\/uploads\/2023\/12\/image_6483441-2-200x300.jpg 200w, https:\/\/fotsportegyesulet.hu\/wp-content\/uploads\/2023\/12\/image_6483441-2-682x1024.jpg 682w, https:\/\/fotsportegyesulet.hu\/wp-content\/uploads\/2023\/12\/image_6483441-2-768x1152.jpg 768w, https:\/\/fotsportegyesulet.hu\/wp-content\/uploads\/2023\/12\/image_6483441-2-1024x1536.jpg 1024w\" data-sizes=\"(max-width: 200px) 100vw, 200px\" \/>\n\t\t<div class=\"figc no-description\">\n\t\t\t<div class=\"figc-inner\">\n\t\t\t\t\t\t\t\t\t\t\t\t\t\t\t<\/div>\n\t\t<\/div>\n\n\t<\/div>\n\n<\/div>\t\t\n\t<\/div>\n\n\t\n\t\n\t<script type=\"application\/ld+json\">\n\t{\n\t\t\"@context\": \"http:\/\/schema.org\",\n\t\t\"@type\"   : \"ImageGallery\",\n\t\t\"id\"      : \"https:\/\/fotsportegyesulet.hu\/index.php\/2023\/12\/04\/tovabb-menetel-u13-as-leany-csapatunk-az-u14-es-regionalis-bajnoksagban\/\",\n\t\t\"url\"     : \"https:\/\/fotsportegyesulet.hu\/index.php\/2023\/12\/04\/tovabb-menetel-u13-as-leany-csapatunk-az-u14-es-regionalis-bajnoksagban\/\"\n\t}\n\n\t<\/script>\n\n\t\n<\/div>\n\n","protected":false},"excerpt":{"rendered":"<p>A k\u00f6vetkez\u0151 m\u00e9rk\u0151z\u00e9s 2023. december 10-\u00e9n, 09:00-kor lesz!<\/p>\n","protected":false},"author":3,"featured_media":8718,"comment_status":"closed","ping_status":"open","sticky":false,"template":"","format":"standard","meta":{"_bbp_topic_count":0,"_bbp_reply_count":0,"_bbp_total_topic_count":0,"_bbp_total_reply_count":0,"_bbp_voice_count":0,"_bbp_anonymous_reply_count":0,"_bbp_topic_count_hidden":0,"_bbp_reply_count_hidden":0,"_bbp_forum_subforum_count":0,"_price":"","_stock":"","_tribe_ticket_header":"","_tribe_default_ticket_provider":"","_ticket_start_date":"","_ticket_end_date":"","_tribe_ticket_show_description":"","_tribe_ticket_show_not_going":false,"_tribe_ticket_use_global_stock":"","_tribe_ticket_global_stock_level":"","_global_stock_mode":"","_global_stock_cap":"","_tribe_rsvp_for_event":"","_tribe_ticket_going_count":"","_tribe_ticket_not_going_count":"","_tribe_tickets_list":"[]","_tribe_ticket_has_attendee_info_fields":false,"footnotes":""},"categories":[1],"tags":[],"class_list":["post-8716","post","type-post","status-publish","format-standard","has-post-thumbnail","hentry","category-hirek"],"yoast_head":"<!-- This site is optimized with the Yoast SEO plugin v25.7 - https:\/\/yoast.com\/wordpress\/plugins\/seo\/ -->\n<title>Tov\u00e1bb menetel U13-as le\u00e1ny csapatunk az U14-es region\u00e1lis bajnoks\u00e1gban! - F\u00d3T SPORTEGYES\u00dcLET<\/title>\n<meta name=\"robots\" content=\"index, follow, max-snippet:-1, max-image-preview:large, max-video-preview:-1\" \/>\n<link rel=\"canonical\" href=\"https:\/\/fotsportegyesulet.hu\/index.php\/2023\/12\/04\/tovabb-menetel-u13-as-leany-csapatunk-az-u14-es-regionalis-bajnoksagban\/\" \/>\n<meta property=\"og:locale\" content=\"hu_HU\" \/>\n<meta property=\"og:type\" content=\"article\" \/>\n<meta property=\"og:title\" content=\"Tov\u00e1bb menetel U13-as le\u00e1ny csapatunk az U14-es region\u00e1lis bajnoks\u00e1gban! - F\u00d3T SPORTEGYES\u00dcLET\" \/>\n<meta property=\"og:description\" content=\"A k\u00f6vetkez\u0151 m\u00e9rk\u0151z\u00e9s 2023. december 10-\u00e9n, 09:00-kor lesz!\" \/>\n<meta property=\"og:url\" content=\"https:\/\/fotsportegyesulet.hu\/index.php\/2023\/12\/04\/tovabb-menetel-u13-as-leany-csapatunk-az-u14-es-regionalis-bajnoksagban\/\" \/>\n<meta property=\"og:site_name\" content=\"F\u00d3T SPORTEGYES\u00dcLET\" \/>\n<meta property=\"article:publisher\" content=\"https:\/\/www.facebook.com\/fotsportegyesulet\/\" \/>\n<meta property=\"article:published_time\" content=\"2023-12-04T12:30:50+00:00\" \/>\n<meta property=\"article:modified_time\" content=\"2023-12-04T12:32:13+00:00\" \/>\n<meta property=\"og:image\" content=\"https:\/\/fotsportegyesulet.hu\/wp-content\/uploads\/2023\/12\/956-455.jpg\" \/>\n\t<meta property=\"og:image:width\" content=\"956\" \/>\n\t<meta property=\"og:image:height\" content=\"455\" \/>\n\t<meta property=\"og:image:type\" content=\"image\/jpeg\" \/>\n<meta name=\"author\" content=\"F\u00f3t SE\" \/>\n<meta name=\"twitter:card\" content=\"summary_large_image\" \/>\n<meta name=\"twitter:label1\" content=\"Szerz\u0151:\" \/>\n\t<meta name=\"twitter:data1\" content=\"F\u00f3t SE\" \/>\n\t<meta name=\"twitter:label2\" content=\"Becs\u00fclt olvas\u00e1si id\u0151\" \/>\n\t<meta name=\"twitter:data2\" content=\"2 perc\" \/>\n<script type=\"application\/ld+json\" class=\"yoast-schema-graph\">{\"@context\":\"https:\/\/schema.org\",\"@graph\":[{\"@type\":\"Article\",\"@id\":\"https:\/\/fotsportegyesulet.hu\/index.php\/2023\/12\/04\/tovabb-menetel-u13-as-leany-csapatunk-az-u14-es-regionalis-bajnoksagban\/#article\",\"isPartOf\":{\"@id\":\"https:\/\/fotsportegyesulet.hu\/index.php\/2023\/12\/04\/tovabb-menetel-u13-as-leany-csapatunk-az-u14-es-regionalis-bajnoksagban\/\"},\"author\":{\"name\":\"F\u00f3t SE\",\"@id\":\"https:\/\/fotsportegyesulet.hu\/#\/schema\/person\/8750ccb3a5183172b75dcc348ffbdbb1\"},\"headline\":\"Tov\u00e1bb menetel U13-as le\u00e1ny csapatunk az U14-es region\u00e1lis bajnoks\u00e1gban!\",\"datePublished\":\"2023-12-04T12:30:50+00:00\",\"dateModified\":\"2023-12-04T12:32:13+00:00\",\"mainEntityOfPage\":{\"@id\":\"https:\/\/fotsportegyesulet.hu\/index.php\/2023\/12\/04\/tovabb-menetel-u13-as-leany-csapatunk-az-u14-es-regionalis-bajnoksagban\/\"},\"wordCount\":377,\"publisher\":{\"@id\":\"https:\/\/fotsportegyesulet.hu\/#organization\"},\"image\":{\"@id\":\"https:\/\/fotsportegyesulet.hu\/index.php\/2023\/12\/04\/tovabb-menetel-u13-as-leany-csapatunk-az-u14-es-regionalis-bajnoksagban\/#primaryimage\"},\"thumbnailUrl\":\"https:\/\/fotsportegyesulet.hu\/wp-content\/uploads\/2023\/12\/956-455.jpg\",\"articleSection\":[\"H\u00edrek\"],\"inLanguage\":\"hu\"},{\"@type\":\"WebPage\",\"@id\":\"https:\/\/fotsportegyesulet.hu\/index.php\/2023\/12\/04\/tovabb-menetel-u13-as-leany-csapatunk-az-u14-es-regionalis-bajnoksagban\/\",\"url\":\"https:\/\/fotsportegyesulet.hu\/index.php\/2023\/12\/04\/tovabb-menetel-u13-as-leany-csapatunk-az-u14-es-regionalis-bajnoksagban\/\",\"name\":\"Tov\u00e1bb menetel U13-as le\u00e1ny csapatunk az U14-es region\u00e1lis bajnoks\u00e1gban! - F\u00d3T SPORTEGYES\u00dcLET\",\"isPartOf\":{\"@id\":\"https:\/\/fotsportegyesulet.hu\/#website\"},\"primaryImageOfPage\":{\"@id\":\"https:\/\/fotsportegyesulet.hu\/index.php\/2023\/12\/04\/tovabb-menetel-u13-as-leany-csapatunk-az-u14-es-regionalis-bajnoksagban\/#primaryimage\"},\"image\":{\"@id\":\"https:\/\/fotsportegyesulet.hu\/index.php\/2023\/12\/04\/tovabb-menetel-u13-as-leany-csapatunk-az-u14-es-regionalis-bajnoksagban\/#primaryimage\"},\"thumbnailUrl\":\"https:\/\/fotsportegyesulet.hu\/wp-content\/uploads\/2023\/12\/956-455.jpg\",\"datePublished\":\"2023-12-04T12:30:50+00:00\",\"dateModified\":\"2023-12-04T12:32:13+00:00\",\"breadcrumb\":{\"@id\":\"https:\/\/fotsportegyesulet.hu\/index.php\/2023\/12\/04\/tovabb-menetel-u13-as-leany-csapatunk-az-u14-es-regionalis-bajnoksagban\/#breadcrumb\"},\"inLanguage\":\"hu\",\"potentialAction\":[{\"@type\":\"ReadAction\",\"target\":[\"https:\/\/fotsportegyesulet.hu\/index.php\/2023\/12\/04\/tovabb-menetel-u13-as-leany-csapatunk-az-u14-es-regionalis-bajnoksagban\/\"]}]},{\"@type\":\"ImageObject\",\"inLanguage\":\"hu\",\"@id\":\"https:\/\/fotsportegyesulet.hu\/index.php\/2023\/12\/04\/tovabb-menetel-u13-as-leany-csapatunk-az-u14-es-regionalis-bajnoksagban\/#primaryimage\",\"url\":\"https:\/\/fotsportegyesulet.hu\/wp-content\/uploads\/2023\/12\/956-455.jpg\",\"contentUrl\":\"https:\/\/fotsportegyesulet.hu\/wp-content\/uploads\/2023\/12\/956-455.jpg\",\"width\":956,\"height\":455},{\"@type\":\"BreadcrumbList\",\"@id\":\"https:\/\/fotsportegyesulet.hu\/index.php\/2023\/12\/04\/tovabb-menetel-u13-as-leany-csapatunk-az-u14-es-regionalis-bajnoksagban\/#breadcrumb\",\"itemListElement\":[{\"@type\":\"ListItem\",\"position\":1,\"name\":\"Kezd\u0151lap\",\"item\":\"https:\/\/fotsportegyesulet.hu\/\"},{\"@type\":\"ListItem\",\"position\":2,\"name\":\"Tov\u00e1bb menetel U13-as le\u00e1ny csapatunk az U14-es region\u00e1lis bajnoks\u00e1gban!\"}]},{\"@type\":\"WebSite\",\"@id\":\"https:\/\/fotsportegyesulet.hu\/#website\",\"url\":\"https:\/\/fotsportegyesulet.hu\/\",\"name\":\"F\u00d3T SPORTEGYES\u00dcLET\",\"description\":\"\",\"publisher\":{\"@id\":\"https:\/\/fotsportegyesulet.hu\/#organization\"},\"potentialAction\":[{\"@type\":\"SearchAction\",\"target\":{\"@type\":\"EntryPoint\",\"urlTemplate\":\"https:\/\/fotsportegyesulet.hu\/?s={search_term_string}\"},\"query-input\":{\"@type\":\"PropertyValueSpecification\",\"valueRequired\":true,\"valueName\":\"search_term_string\"}}],\"inLanguage\":\"hu\"},{\"@type\":\"Organization\",\"@id\":\"https:\/\/fotsportegyesulet.hu\/#organization\",\"name\":\"F\u00f3t Sportegyes\u00fclet\",\"url\":\"https:\/\/fotsportegyesulet.hu\/\",\"logo\":{\"@type\":\"ImageObject\",\"inLanguage\":\"hu\",\"@id\":\"https:\/\/fotsportegyesulet.hu\/#\/schema\/logo\/image\/\",\"url\":\"https:\/\/fotsportegyesulet.hu\/wp-content\/uploads\/2020\/07\/eredeti-sz\u00ednes-vektoros-Fot-cimer-3.png\",\"contentUrl\":\"https:\/\/fotsportegyesulet.hu\/wp-content\/uploads\/2020\/07\/eredeti-sz\u00ednes-vektoros-Fot-cimer-3.png\",\"width\":500,\"height\":500,\"caption\":\"F\u00f3t Sportegyes\u00fclet\"},\"image\":{\"@id\":\"https:\/\/fotsportegyesulet.hu\/#\/schema\/logo\/image\/\"},\"sameAs\":[\"https:\/\/www.facebook.com\/fotsportegyesulet\/\"]},{\"@type\":\"Person\",\"@id\":\"https:\/\/fotsportegyesulet.hu\/#\/schema\/person\/8750ccb3a5183172b75dcc348ffbdbb1\",\"name\":\"F\u00f3t SE\",\"image\":{\"@type\":\"ImageObject\",\"inLanguage\":\"hu\",\"@id\":\"https:\/\/fotsportegyesulet.hu\/#\/schema\/person\/image\/\",\"url\":\"https:\/\/secure.gravatar.com\/avatar\/2f768bb7a490a49aeb2ccaf4bacc94391bbafd4b6aa54eb6f9318ffc80d81dad?s=96&d=mm&r=g\",\"contentUrl\":\"https:\/\/secure.gravatar.com\/avatar\/2f768bb7a490a49aeb2ccaf4bacc94391bbafd4b6aa54eb6f9318ffc80d81dad?s=96&d=mm&r=g\",\"caption\":\"F\u00f3t SE\"},\"sameAs\":[\"http:\/\/fotsportegyesulet.hu\"],\"url\":\"https:\/\/fotsportegyesulet.hu\/index.php\/author\/kapitany-zoltan\/\"}]}<\/script>\n<!-- \/ Yoast SEO plugin. -->","yoast_head_json":{"title":"Tov\u00e1bb menetel U13-as le\u00e1ny csapatunk az U14-es region\u00e1lis bajnoks\u00e1gban! - F\u00d3T SPORTEGYES\u00dcLET","robots":{"index":"index","follow":"follow","max-snippet":"max-snippet:-1","max-image-preview":"max-image-preview:large","max-video-preview":"max-video-preview:-1"},"canonical":"https:\/\/fotsportegyesulet.hu\/index.php\/2023\/12\/04\/tovabb-menetel-u13-as-leany-csapatunk-az-u14-es-regionalis-bajnoksagban\/","og_locale":"hu_HU","og_type":"article","og_title":"Tov\u00e1bb menetel U13-as le\u00e1ny csapatunk az U14-es region\u00e1lis bajnoks\u00e1gban! - F\u00d3T SPORTEGYES\u00dcLET","og_description":"A k\u00f6vetkez\u0151 m\u00e9rk\u0151z\u00e9s 2023. december 10-\u00e9n, 09:00-kor lesz!","og_url":"https:\/\/fotsportegyesulet.hu\/index.php\/2023\/12\/04\/tovabb-menetel-u13-as-leany-csapatunk-az-u14-es-regionalis-bajnoksagban\/","og_site_name":"F\u00d3T SPORTEGYES\u00dcLET","article_publisher":"https:\/\/www.facebook.com\/fotsportegyesulet\/","article_published_time":"2023-12-04T12:30:50+00:00","article_modified_time":"2023-12-04T12:32:13+00:00","og_image":[{"width":956,"height":455,"url":"https:\/\/fotsportegyesulet.hu\/wp-content\/uploads\/2023\/12\/956-455.jpg","type":"image\/jpeg"}],"author":"F\u00f3t SE","twitter_card":"summary_large_image","twitter_misc":{"Szerz\u0151:":"F\u00f3t SE","Becs\u00fclt olvas\u00e1si id\u0151":"2 perc"},"schema":{"@context":"https:\/\/schema.org","@graph":[{"@type":"Article","@id":"https:\/\/fotsportegyesulet.hu\/index.php\/2023\/12\/04\/tovabb-menetel-u13-as-leany-csapatunk-az-u14-es-regionalis-bajnoksagban\/#article","isPartOf":{"@id":"https:\/\/fotsportegyesulet.hu\/index.php\/2023\/12\/04\/tovabb-menetel-u13-as-leany-csapatunk-az-u14-es-regionalis-bajnoksagban\/"},"author":{"name":"F\u00f3t SE","@id":"https:\/\/fotsportegyesulet.hu\/#\/schema\/person\/8750ccb3a5183172b75dcc348ffbdbb1"},"headline":"Tov\u00e1bb menetel U13-as le\u00e1ny csapatunk az U14-es region\u00e1lis bajnoks\u00e1gban!","datePublished":"2023-12-04T12:30:50+00:00","dateModified":"2023-12-04T12:32:13+00:00","mainEntityOfPage":{"@id":"https:\/\/fotsportegyesulet.hu\/index.php\/2023\/12\/04\/tovabb-menetel-u13-as-leany-csapatunk-az-u14-es-regionalis-bajnoksagban\/"},"wordCount":377,"publisher":{"@id":"https:\/\/fotsportegyesulet.hu\/#organization"},"image":{"@id":"https:\/\/fotsportegyesulet.hu\/index.php\/2023\/12\/04\/tovabb-menetel-u13-as-leany-csapatunk-az-u14-es-regionalis-bajnoksagban\/#primaryimage"},"thumbnailUrl":"https:\/\/fotsportegyesulet.hu\/wp-content\/uploads\/2023\/12\/956-455.jpg","articleSection":["H\u00edrek"],"inLanguage":"hu"},{"@type":"WebPage","@id":"https:\/\/fotsportegyesulet.hu\/index.php\/2023\/12\/04\/tovabb-menetel-u13-as-leany-csapatunk-az-u14-es-regionalis-bajnoksagban\/","url":"https:\/\/fotsportegyesulet.hu\/index.php\/2023\/12\/04\/tovabb-menetel-u13-as-leany-csapatunk-az-u14-es-regionalis-bajnoksagban\/","name":"Tov\u00e1bb menetel U13-as le\u00e1ny csapatunk az U14-es region\u00e1lis bajnoks\u00e1gban! - F\u00d3T SPORTEGYES\u00dcLET","isPartOf":{"@id":"https:\/\/fotsportegyesulet.hu\/#website"},"primaryImageOfPage":{"@id":"https:\/\/fotsportegyesulet.hu\/index.php\/2023\/12\/04\/tovabb-menetel-u13-as-leany-csapatunk-az-u14-es-regionalis-bajnoksagban\/#primaryimage"},"image":{"@id":"https:\/\/fotsportegyesulet.hu\/index.php\/2023\/12\/04\/tovabb-menetel-u13-as-leany-csapatunk-az-u14-es-regionalis-bajnoksagban\/#primaryimage"},"thumbnailUrl":"https:\/\/fotsportegyesulet.hu\/wp-content\/uploads\/2023\/12\/956-455.jpg","datePublished":"2023-12-04T12:30:50+00:00","dateModified":"2023-12-04T12:32:13+00:00","breadcrumb":{"@id":"https:\/\/fotsportegyesulet.hu\/index.php\/2023\/12\/04\/tovabb-menetel-u13-as-leany-csapatunk-az-u14-es-regionalis-bajnoksagban\/#breadcrumb"},"inLanguage":"hu","potentialAction":[{"@type":"ReadAction","target":["https:\/\/fotsportegyesulet.hu\/index.php\/2023\/12\/04\/tovabb-menetel-u13-as-leany-csapatunk-az-u14-es-regionalis-bajnoksagban\/"]}]},{"@type":"ImageObject","inLanguage":"hu","@id":"https:\/\/fotsportegyesulet.hu\/index.php\/2023\/12\/04\/tovabb-menetel-u13-as-leany-csapatunk-az-u14-es-regionalis-bajnoksagban\/#primaryimage","url":"https:\/\/fotsportegyesulet.hu\/wp-content\/uploads\/2023\/12\/956-455.jpg","contentUrl":"https:\/\/fotsportegyesulet.hu\/wp-content\/uploads\/2023\/12\/956-455.jpg","width":956,"height":455},{"@type":"BreadcrumbList","@id":"https:\/\/fotsportegyesulet.hu\/index.php\/2023\/12\/04\/tovabb-menetel-u13-as-leany-csapatunk-az-u14-es-regionalis-bajnoksagban\/#breadcrumb","itemListElement":[{"@type":"ListItem","position":1,"name":"Kezd\u0151lap","item":"https:\/\/fotsportegyesulet.hu\/"},{"@type":"ListItem","position":2,"name":"Tov\u00e1bb menetel U13-as le\u00e1ny csapatunk az U14-es region\u00e1lis bajnoks\u00e1gban!"}]},{"@type":"WebSite","@id":"https:\/\/fotsportegyesulet.hu\/#website","url":"https:\/\/fotsportegyesulet.hu\/","name":"F\u00d3T SPORTEGYES\u00dcLET","description":"","publisher":{"@id":"https:\/\/fotsportegyesulet.hu\/#organization"},"potentialAction":[{"@type":"SearchAction","target":{"@type":"EntryPoint","urlTemplate":"https:\/\/fotsportegyesulet.hu\/?s={search_term_string}"},"query-input":{"@type":"PropertyValueSpecification","valueRequired":true,"valueName":"search_term_string"}}],"inLanguage":"hu"},{"@type":"Organization","@id":"https:\/\/fotsportegyesulet.hu\/#organization","name":"F\u00f3t Sportegyes\u00fclet","url":"https:\/\/fotsportegyesulet.hu\/","logo":{"@type":"ImageObject","inLanguage":"hu","@id":"https:\/\/fotsportegyesulet.hu\/#\/schema\/logo\/image\/","url":"https:\/\/fotsportegyesulet.hu\/wp-content\/uploads\/2020\/07\/eredeti-sz\u00ednes-vektoros-Fot-cimer-3.png","contentUrl":"https:\/\/fotsportegyesulet.hu\/wp-content\/uploads\/2020\/07\/eredeti-sz\u00ednes-vektoros-Fot-cimer-3.png","width":500,"height":500,"caption":"F\u00f3t Sportegyes\u00fclet"},"image":{"@id":"https:\/\/fotsportegyesulet.hu\/#\/schema\/logo\/image\/"},"sameAs":["https:\/\/www.facebook.com\/fotsportegyesulet\/"]},{"@type":"Person","@id":"https:\/\/fotsportegyesulet.hu\/#\/schema\/person\/8750ccb3a5183172b75dcc348ffbdbb1","name":"F\u00f3t SE","image":{"@type":"ImageObject","inLanguage":"hu","@id":"https:\/\/fotsportegyesulet.hu\/#\/schema\/person\/image\/","url":"https:\/\/secure.gravatar.com\/avatar\/2f768bb7a490a49aeb2ccaf4bacc94391bbafd4b6aa54eb6f9318ffc80d81dad?s=96&d=mm&r=g","contentUrl":"https:\/\/secure.gravatar.com\/avatar\/2f768bb7a490a49aeb2ccaf4bacc94391bbafd4b6aa54eb6f9318ffc80d81dad?s=96&d=mm&r=g","caption":"F\u00f3t SE"},"sameAs":["http:\/\/fotsportegyesulet.hu"],"url":"https:\/\/fotsportegyesulet.hu\/index.php\/author\/kapitany-zoltan\/"}]}},"_links":{"self":[{"href":"https:\/\/fotsportegyesulet.hu\/index.php\/wp-json\/wp\/v2\/posts\/8716","targetHints":{"allow":["GET"]}}],"collection":[{"href":"https:\/\/fotsportegyesulet.hu\/index.php\/wp-json\/wp\/v2\/posts"}],"about":[{"href":"https:\/\/fotsportegyesulet.hu\/index.php\/wp-json\/wp\/v2\/types\/post"}],"author":[{"embeddable":true,"href":"https:\/\/fotsportegyesulet.hu\/index.php\/wp-json\/wp\/v2\/users\/3"}],"replies":[{"embeddable":true,"href":"https:\/\/fotsportegyesulet.hu\/index.php\/wp-json\/wp\/v2\/comments?post=8716"}],"version-history":[{"count":7,"href":"https:\/\/fotsportegyesulet.hu\/index.php\/wp-json\/wp\/v2\/posts\/8716\/revisions"}],"predecessor-version":[{"id":8728,"href":"https:\/\/fotsportegyesulet.hu\/index.php\/wp-json\/wp\/v2\/posts\/8716\/revisions\/8728"}],"wp:featuredmedia":[{"embeddable":true,"href":"https:\/\/fotsportegyesulet.hu\/index.php\/wp-json\/wp\/v2\/media\/8718"}],"wp:attachment":[{"href":"https:\/\/fotsportegyesulet.hu\/index.php\/wp-json\/wp\/v2\/media?parent=8716"}],"wp:term":[{"taxonomy":"category","embeddable":true,"href":"https:\/\/fotsportegyesulet.hu\/index.php\/wp-json\/wp\/v2\/categories?post=8716"},{"taxonomy":"post_tag","embeddable":true,"href":"https:\/\/fotsportegyesulet.hu\/index.php\/wp-json\/wp\/v2\/tags?post=8716"}],"curies":[{"name":"wp","href":"https:\/\/api.w.org\/{rel}","templated":true}]}}