{"id":8487,"date":"2023-10-24T15:23:52","date_gmt":"2023-10-24T13:23:52","guid":{"rendered":"https:\/\/fotsportegyesulet.hu\/?p=8487"},"modified":"2023-10-24T15:30:49","modified_gmt":"2023-10-24T13:30:49","slug":"110-eves-lesz-a-fot-sportegyesulet-aminek-alkalmabol-egy-kiallitasra-invitalunk-benneteket","status":"publish","type":"post","link":"https:\/\/fotsportegyesulet.hu\/index.php\/2023\/10\/24\/110-eves-lesz-a-fot-sportegyesulet-aminek-alkalmabol-egy-kiallitasra-invitalunk-benneteket\/","title":{"rendered":"110 \u00e9ves lesz a F\u00f3t Sportegyes\u00fclet!"},"content":{"rendered":"<h3 class=\"xdj266r x11i5rnm xat24cr x1mh8g0r x1vvkbs\" style=\"text-align: center;\">Id\u00e9n 110 \u00e9ves lesz a F\u00f3t Sportegyes\u00fclet, aminek alkalm\u00e1b\u00f3l egy ki\u00e1ll\u00edt\u00e1sra invit\u00e1lunk benneteket!<\/h3>\n<div><img loading=\"lazy\" decoding=\"async\" class=\"size-large wp-image-8490 aligncenter\" src=\"https:\/\/fotsportegyesulet.hu\/wp-content\/uploads\/2023\/10\/391587136_996097058296324_549390699676419881_n-724x1024.jpg\" alt=\"\" width=\"724\" height=\"1024\" srcset=\"https:\/\/fotsportegyesulet.hu\/wp-content\/uploads\/2023\/10\/391587136_996097058296324_549390699676419881_n-724x1024.jpg 724w, https:\/\/fotsportegyesulet.hu\/wp-content\/uploads\/2023\/10\/391587136_996097058296324_549390699676419881_n-212x300.jpg 212w, https:\/\/fotsportegyesulet.hu\/wp-content\/uploads\/2023\/10\/391587136_996097058296324_549390699676419881_n-768x1086.jpg 768w, https:\/\/fotsportegyesulet.hu\/wp-content\/uploads\/2023\/10\/391587136_996097058296324_549390699676419881_n-1086x1536.jpg 1086w, https:\/\/fotsportegyesulet.hu\/wp-content\/uploads\/2023\/10\/391587136_996097058296324_549390699676419881_n.jpg 1414w\" sizes=\"auto, (max-width: 724px) 100vw, 724px\" \/><\/div>\n<div><\/div>\n<div class=\"xdj266r x11i5rnm xat24cr x1mh8g0r x1vvkbs\"><strong>A ki\u00e1ll\u00edt\u00e1st Balogh D\u00e1vid m\u0171v\u00e9szett\u00f6rt\u00e9n\u00e9sz-muzeol\u00f3gus nyitja meg 2023. november 25-\u00e9n (szombaton, a magyar labdar\u00fag\u00e1s napj\u00e1n) 16:00 \u00f3rakor a V\u00f6r\u00f6smarty M\u0171vel\u0151d\u00e9si H\u00e1zban. Az \u00e9rdekl\u0151d\u0151k 2023.december 8-ig tekinthetik meg a bemutat\u00f3t.<\/strong><\/div>\n<div><\/div>\n<div><\/div>\n<div><strong>Ezen a k\u00fcl\u00f6nleges esem\u00e9nyen lehet\u0151s\u00e9getek lesz megismerni sportegyes\u00fclet\u00fcnk m\u00faltj\u00e1t, v\u00e1ltoz\u00e1sait, fejl\u0151d\u00e9seit, sikereit \u00e9s hagyom\u00e1nyait, amelyek az elm\u00falt 110 \u00e9vben t\u00f6rt\u00e9ntek.<\/strong><\/div>\n<h3><\/h3>\n<h3>Hajr\u00e1 F\u00f3t!<\/h3>\n<div><\/div>\n<div class=\"x11i5rnm xat24cr x1mh8g0r x1vvkbs xtlvy1s\"><\/div>\n","protected":false},"excerpt":{"rendered":"<p>A ki\u00e1ll\u00edt\u00e1s a V\u00f6r\u00f6smarty M\u0171vel\u0151d\u00e9si H\u00e1zban lesz megtekinthet\u0151 2023.11.25-12.08. k\u00f6z\u00f6tt!<\/p>\n","protected":false},"author":3,"featured_media":8488,"comment_status":"closed","ping_status":"open","sticky":false,"template":"","format":"standard","meta":{"_bbp_topic_count":0,"_bbp_reply_count":0,"_bbp_total_topic_count":0,"_bbp_total_reply_count":0,"_bbp_voice_count":0,"_bbp_anonymous_reply_count":0,"_bbp_topic_count_hidden":0,"_bbp_reply_count_hidden":0,"_bbp_forum_subforum_count":0,"_price":"","_stock":"","_tribe_ticket_header":"","_tribe_default_ticket_provider":"","_ticket_start_date":"","_ticket_end_date":"","_tribe_ticket_show_description":"","_tribe_ticket_show_not_going":false,"_tribe_ticket_use_global_stock":"","_tribe_ticket_global_stock_level":"","_global_stock_mode":"","_global_stock_cap":"","_tribe_rsvp_for_event":"","_tribe_ticket_going_count":"","_tribe_ticket_not_going_count":"","_tribe_tickets_list":"[]","_tribe_ticket_has_attendee_info_fields":false,"footnotes":""},"categories":[1],"tags":[],"class_list":["post-8487","post","type-post","status-publish","format-standard","has-post-thumbnail","hentry","category-hirek"],"yoast_head":"<!-- This site is optimized with the Yoast SEO plugin v25.7 - https:\/\/yoast.com\/wordpress\/plugins\/seo\/ -->\n<title>110 \u00e9ves lesz a F\u00f3t Sportegyes\u00fclet! - F\u00d3T SPORTEGYES\u00dcLET<\/title>\n<meta name=\"robots\" content=\"index, follow, max-snippet:-1, max-image-preview:large, max-video-preview:-1\" \/>\n<link rel=\"canonical\" href=\"https:\/\/fotsportegyesulet.hu\/index.php\/2023\/10\/24\/110-eves-lesz-a-fot-sportegyesulet-aminek-alkalmabol-egy-kiallitasra-invitalunk-benneteket\/\" \/>\n<meta property=\"og:locale\" content=\"hu_HU\" \/>\n<meta property=\"og:type\" content=\"article\" \/>\n<meta property=\"og:title\" content=\"110 \u00e9ves lesz a F\u00f3t Sportegyes\u00fclet! - F\u00d3T SPORTEGYES\u00dcLET\" \/>\n<meta property=\"og:description\" content=\"A ki\u00e1ll\u00edt\u00e1s a V\u00f6r\u00f6smarty M\u0171vel\u0151d\u00e9si H\u00e1zban lesz megtekinthet\u0151 2023.11.25-12.08. k\u00f6z\u00f6tt!\" \/>\n<meta property=\"og:url\" content=\"https:\/\/fotsportegyesulet.hu\/index.php\/2023\/10\/24\/110-eves-lesz-a-fot-sportegyesulet-aminek-alkalmabol-egy-kiallitasra-invitalunk-benneteket\/\" \/>\n<meta property=\"og:site_name\" content=\"F\u00d3T SPORTEGYES\u00dcLET\" \/>\n<meta property=\"article:publisher\" content=\"https:\/\/www.facebook.com\/fotsportegyesulet\/\" \/>\n<meta property=\"article:published_time\" content=\"2023-10-24T13:23:52+00:00\" \/>\n<meta property=\"article:modified_time\" content=\"2023-10-24T13:30:49+00:00\" \/>\n<meta property=\"og:image\" content=\"https:\/\/fotsportegyesulet.hu\/wp-content\/uploads\/2023\/10\/956-455-3.jpg\" \/>\n\t<meta property=\"og:image:width\" content=\"956\" \/>\n\t<meta property=\"og:image:height\" content=\"455\" \/>\n\t<meta property=\"og:image:type\" content=\"image\/jpeg\" \/>\n<meta name=\"author\" content=\"F\u00f3t SE\" \/>\n<meta name=\"twitter:card\" content=\"summary_large_image\" \/>\n<meta name=\"twitter:label1\" content=\"Szerz\u0151:\" \/>\n\t<meta name=\"twitter:data1\" content=\"F\u00f3t SE\" \/>\n\t<meta name=\"twitter:label2\" content=\"Becs\u00fclt olvas\u00e1si id\u0151\" \/>\n\t<meta name=\"twitter:data2\" content=\"1 perc\" \/>\n<script type=\"application\/ld+json\" class=\"yoast-schema-graph\">{\"@context\":\"https:\/\/schema.org\",\"@graph\":[{\"@type\":\"Article\",\"@id\":\"https:\/\/fotsportegyesulet.hu\/index.php\/2023\/10\/24\/110-eves-lesz-a-fot-sportegyesulet-aminek-alkalmabol-egy-kiallitasra-invitalunk-benneteket\/#article\",\"isPartOf\":{\"@id\":\"https:\/\/fotsportegyesulet.hu\/index.php\/2023\/10\/24\/110-eves-lesz-a-fot-sportegyesulet-aminek-alkalmabol-egy-kiallitasra-invitalunk-benneteket\/\"},\"author\":{\"name\":\"F\u00f3t SE\",\"@id\":\"https:\/\/fotsportegyesulet.hu\/#\/schema\/person\/8750ccb3a5183172b75dcc348ffbdbb1\"},\"headline\":\"110 \u00e9ves lesz a F\u00f3t Sportegyes\u00fclet!\",\"datePublished\":\"2023-10-24T13:23:52+00:00\",\"dateModified\":\"2023-10-24T13:30:49+00:00\",\"mainEntityOfPage\":{\"@id\":\"https:\/\/fotsportegyesulet.hu\/index.php\/2023\/10\/24\/110-eves-lesz-a-fot-sportegyesulet-aminek-alkalmabol-egy-kiallitasra-invitalunk-benneteket\/\"},\"wordCount\":117,\"publisher\":{\"@id\":\"https:\/\/fotsportegyesulet.hu\/#organization\"},\"image\":{\"@id\":\"https:\/\/fotsportegyesulet.hu\/index.php\/2023\/10\/24\/110-eves-lesz-a-fot-sportegyesulet-aminek-alkalmabol-egy-kiallitasra-invitalunk-benneteket\/#primaryimage\"},\"thumbnailUrl\":\"https:\/\/fotsportegyesulet.hu\/wp-content\/uploads\/2023\/10\/956-455-3.jpg\",\"articleSection\":[\"H\u00edrek\"],\"inLanguage\":\"hu\"},{\"@type\":\"WebPage\",\"@id\":\"https:\/\/fotsportegyesulet.hu\/index.php\/2023\/10\/24\/110-eves-lesz-a-fot-sportegyesulet-aminek-alkalmabol-egy-kiallitasra-invitalunk-benneteket\/\",\"url\":\"https:\/\/fotsportegyesulet.hu\/index.php\/2023\/10\/24\/110-eves-lesz-a-fot-sportegyesulet-aminek-alkalmabol-egy-kiallitasra-invitalunk-benneteket\/\",\"name\":\"110 \u00e9ves lesz a F\u00f3t Sportegyes\u00fclet! - F\u00d3T SPORTEGYES\u00dcLET\",\"isPartOf\":{\"@id\":\"https:\/\/fotsportegyesulet.hu\/#website\"},\"primaryImageOfPage\":{\"@id\":\"https:\/\/fotsportegyesulet.hu\/index.php\/2023\/10\/24\/110-eves-lesz-a-fot-sportegyesulet-aminek-alkalmabol-egy-kiallitasra-invitalunk-benneteket\/#primaryimage\"},\"image\":{\"@id\":\"https:\/\/fotsportegyesulet.hu\/index.php\/2023\/10\/24\/110-eves-lesz-a-fot-sportegyesulet-aminek-alkalmabol-egy-kiallitasra-invitalunk-benneteket\/#primaryimage\"},\"thumbnailUrl\":\"https:\/\/fotsportegyesulet.hu\/wp-content\/uploads\/2023\/10\/956-455-3.jpg\",\"datePublished\":\"2023-10-24T13:23:52+00:00\",\"dateModified\":\"2023-10-24T13:30:49+00:00\",\"breadcrumb\":{\"@id\":\"https:\/\/fotsportegyesulet.hu\/index.php\/2023\/10\/24\/110-eves-lesz-a-fot-sportegyesulet-aminek-alkalmabol-egy-kiallitasra-invitalunk-benneteket\/#breadcrumb\"},\"inLanguage\":\"hu\",\"potentialAction\":[{\"@type\":\"ReadAction\",\"target\":[\"https:\/\/fotsportegyesulet.hu\/index.php\/2023\/10\/24\/110-eves-lesz-a-fot-sportegyesulet-aminek-alkalmabol-egy-kiallitasra-invitalunk-benneteket\/\"]}]},{\"@type\":\"ImageObject\",\"inLanguage\":\"hu\",\"@id\":\"https:\/\/fotsportegyesulet.hu\/index.php\/2023\/10\/24\/110-eves-lesz-a-fot-sportegyesulet-aminek-alkalmabol-egy-kiallitasra-invitalunk-benneteket\/#primaryimage\",\"url\":\"https:\/\/fotsportegyesulet.hu\/wp-content\/uploads\/2023\/10\/956-455-3.jpg\",\"contentUrl\":\"https:\/\/fotsportegyesulet.hu\/wp-content\/uploads\/2023\/10\/956-455-3.jpg\",\"width\":956,\"height\":455},{\"@type\":\"BreadcrumbList\",\"@id\":\"https:\/\/fotsportegyesulet.hu\/index.php\/2023\/10\/24\/110-eves-lesz-a-fot-sportegyesulet-aminek-alkalmabol-egy-kiallitasra-invitalunk-benneteket\/#breadcrumb\",\"itemListElement\":[{\"@type\":\"ListItem\",\"position\":1,\"name\":\"Kezd\u0151lap\",\"item\":\"https:\/\/fotsportegyesulet.hu\/\"},{\"@type\":\"ListItem\",\"position\":2,\"name\":\"110 \u00e9ves lesz a F\u00f3t Sportegyes\u00fclet!\"}]},{\"@type\":\"WebSite\",\"@id\":\"https:\/\/fotsportegyesulet.hu\/#website\",\"url\":\"https:\/\/fotsportegyesulet.hu\/\",\"name\":\"F\u00d3T SPORTEGYES\u00dcLET\",\"description\":\"\",\"publisher\":{\"@id\":\"https:\/\/fotsportegyesulet.hu\/#organization\"},\"potentialAction\":[{\"@type\":\"SearchAction\",\"target\":{\"@type\":\"EntryPoint\",\"urlTemplate\":\"https:\/\/fotsportegyesulet.hu\/?s={search_term_string}\"},\"query-input\":{\"@type\":\"PropertyValueSpecification\",\"valueRequired\":true,\"valueName\":\"search_term_string\"}}],\"inLanguage\":\"hu\"},{\"@type\":\"Organization\",\"@id\":\"https:\/\/fotsportegyesulet.hu\/#organization\",\"name\":\"F\u00f3t Sportegyes\u00fclet\",\"url\":\"https:\/\/fotsportegyesulet.hu\/\",\"logo\":{\"@type\":\"ImageObject\",\"inLanguage\":\"hu\",\"@id\":\"https:\/\/fotsportegyesulet.hu\/#\/schema\/logo\/image\/\",\"url\":\"https:\/\/fotsportegyesulet.hu\/wp-content\/uploads\/2020\/07\/eredeti-sz\u00ednes-vektoros-Fot-cimer-3.png\",\"contentUrl\":\"https:\/\/fotsportegyesulet.hu\/wp-content\/uploads\/2020\/07\/eredeti-sz\u00ednes-vektoros-Fot-cimer-3.png\",\"width\":500,\"height\":500,\"caption\":\"F\u00f3t Sportegyes\u00fclet\"},\"image\":{\"@id\":\"https:\/\/fotsportegyesulet.hu\/#\/schema\/logo\/image\/\"},\"sameAs\":[\"https:\/\/www.facebook.com\/fotsportegyesulet\/\"]},{\"@type\":\"Person\",\"@id\":\"https:\/\/fotsportegyesulet.hu\/#\/schema\/person\/8750ccb3a5183172b75dcc348ffbdbb1\",\"name\":\"F\u00f3t SE\",\"image\":{\"@type\":\"ImageObject\",\"inLanguage\":\"hu\",\"@id\":\"https:\/\/fotsportegyesulet.hu\/#\/schema\/person\/image\/\",\"url\":\"https:\/\/secure.gravatar.com\/avatar\/2f768bb7a490a49aeb2ccaf4bacc94391bbafd4b6aa54eb6f9318ffc80d81dad?s=96&d=mm&r=g\",\"contentUrl\":\"https:\/\/secure.gravatar.com\/avatar\/2f768bb7a490a49aeb2ccaf4bacc94391bbafd4b6aa54eb6f9318ffc80d81dad?s=96&d=mm&r=g\",\"caption\":\"F\u00f3t SE\"},\"sameAs\":[\"http:\/\/fotsportegyesulet.hu\"],\"url\":\"https:\/\/fotsportegyesulet.hu\/index.php\/author\/kapitany-zoltan\/\"}]}<\/script>\n<!-- \/ Yoast SEO plugin. -->","yoast_head_json":{"title":"110 \u00e9ves lesz a F\u00f3t Sportegyes\u00fclet! - F\u00d3T SPORTEGYES\u00dcLET","robots":{"index":"index","follow":"follow","max-snippet":"max-snippet:-1","max-image-preview":"max-image-preview:large","max-video-preview":"max-video-preview:-1"},"canonical":"https:\/\/fotsportegyesulet.hu\/index.php\/2023\/10\/24\/110-eves-lesz-a-fot-sportegyesulet-aminek-alkalmabol-egy-kiallitasra-invitalunk-benneteket\/","og_locale":"hu_HU","og_type":"article","og_title":"110 \u00e9ves lesz a F\u00f3t Sportegyes\u00fclet! - F\u00d3T SPORTEGYES\u00dcLET","og_description":"A ki\u00e1ll\u00edt\u00e1s a V\u00f6r\u00f6smarty M\u0171vel\u0151d\u00e9si H\u00e1zban lesz megtekinthet\u0151 2023.11.25-12.08. k\u00f6z\u00f6tt!","og_url":"https:\/\/fotsportegyesulet.hu\/index.php\/2023\/10\/24\/110-eves-lesz-a-fot-sportegyesulet-aminek-alkalmabol-egy-kiallitasra-invitalunk-benneteket\/","og_site_name":"F\u00d3T SPORTEGYES\u00dcLET","article_publisher":"https:\/\/www.facebook.com\/fotsportegyesulet\/","article_published_time":"2023-10-24T13:23:52+00:00","article_modified_time":"2023-10-24T13:30:49+00:00","og_image":[{"width":956,"height":455,"url":"https:\/\/fotsportegyesulet.hu\/wp-content\/uploads\/2023\/10\/956-455-3.jpg","type":"image\/jpeg"}],"author":"F\u00f3t SE","twitter_card":"summary_large_image","twitter_misc":{"Szerz\u0151:":"F\u00f3t SE","Becs\u00fclt olvas\u00e1si id\u0151":"1 perc"},"schema":{"@context":"https:\/\/schema.org","@graph":[{"@type":"Article","@id":"https:\/\/fotsportegyesulet.hu\/index.php\/2023\/10\/24\/110-eves-lesz-a-fot-sportegyesulet-aminek-alkalmabol-egy-kiallitasra-invitalunk-benneteket\/#article","isPartOf":{"@id":"https:\/\/fotsportegyesulet.hu\/index.php\/2023\/10\/24\/110-eves-lesz-a-fot-sportegyesulet-aminek-alkalmabol-egy-kiallitasra-invitalunk-benneteket\/"},"author":{"name":"F\u00f3t SE","@id":"https:\/\/fotsportegyesulet.hu\/#\/schema\/person\/8750ccb3a5183172b75dcc348ffbdbb1"},"headline":"110 \u00e9ves lesz a F\u00f3t Sportegyes\u00fclet!","datePublished":"2023-10-24T13:23:52+00:00","dateModified":"2023-10-24T13:30:49+00:00","mainEntityOfPage":{"@id":"https:\/\/fotsportegyesulet.hu\/index.php\/2023\/10\/24\/110-eves-lesz-a-fot-sportegyesulet-aminek-alkalmabol-egy-kiallitasra-invitalunk-benneteket\/"},"wordCount":117,"publisher":{"@id":"https:\/\/fotsportegyesulet.hu\/#organization"},"image":{"@id":"https:\/\/fotsportegyesulet.hu\/index.php\/2023\/10\/24\/110-eves-lesz-a-fot-sportegyesulet-aminek-alkalmabol-egy-kiallitasra-invitalunk-benneteket\/#primaryimage"},"thumbnailUrl":"https:\/\/fotsportegyesulet.hu\/wp-content\/uploads\/2023\/10\/956-455-3.jpg","articleSection":["H\u00edrek"],"inLanguage":"hu"},{"@type":"WebPage","@id":"https:\/\/fotsportegyesulet.hu\/index.php\/2023\/10\/24\/110-eves-lesz-a-fot-sportegyesulet-aminek-alkalmabol-egy-kiallitasra-invitalunk-benneteket\/","url":"https:\/\/fotsportegyesulet.hu\/index.php\/2023\/10\/24\/110-eves-lesz-a-fot-sportegyesulet-aminek-alkalmabol-egy-kiallitasra-invitalunk-benneteket\/","name":"110 \u00e9ves lesz a F\u00f3t Sportegyes\u00fclet! - F\u00d3T SPORTEGYES\u00dcLET","isPartOf":{"@id":"https:\/\/fotsportegyesulet.hu\/#website"},"primaryImageOfPage":{"@id":"https:\/\/fotsportegyesulet.hu\/index.php\/2023\/10\/24\/110-eves-lesz-a-fot-sportegyesulet-aminek-alkalmabol-egy-kiallitasra-invitalunk-benneteket\/#primaryimage"},"image":{"@id":"https:\/\/fotsportegyesulet.hu\/index.php\/2023\/10\/24\/110-eves-lesz-a-fot-sportegyesulet-aminek-alkalmabol-egy-kiallitasra-invitalunk-benneteket\/#primaryimage"},"thumbnailUrl":"https:\/\/fotsportegyesulet.hu\/wp-content\/uploads\/2023\/10\/956-455-3.jpg","datePublished":"2023-10-24T13:23:52+00:00","dateModified":"2023-10-24T13:30:49+00:00","breadcrumb":{"@id":"https:\/\/fotsportegyesulet.hu\/index.php\/2023\/10\/24\/110-eves-lesz-a-fot-sportegyesulet-aminek-alkalmabol-egy-kiallitasra-invitalunk-benneteket\/#breadcrumb"},"inLanguage":"hu","potentialAction":[{"@type":"ReadAction","target":["https:\/\/fotsportegyesulet.hu\/index.php\/2023\/10\/24\/110-eves-lesz-a-fot-sportegyesulet-aminek-alkalmabol-egy-kiallitasra-invitalunk-benneteket\/"]}]},{"@type":"ImageObject","inLanguage":"hu","@id":"https:\/\/fotsportegyesulet.hu\/index.php\/2023\/10\/24\/110-eves-lesz-a-fot-sportegyesulet-aminek-alkalmabol-egy-kiallitasra-invitalunk-benneteket\/#primaryimage","url":"https:\/\/fotsportegyesulet.hu\/wp-content\/uploads\/2023\/10\/956-455-3.jpg","contentUrl":"https:\/\/fotsportegyesulet.hu\/wp-content\/uploads\/2023\/10\/956-455-3.jpg","width":956,"height":455},{"@type":"BreadcrumbList","@id":"https:\/\/fotsportegyesulet.hu\/index.php\/2023\/10\/24\/110-eves-lesz-a-fot-sportegyesulet-aminek-alkalmabol-egy-kiallitasra-invitalunk-benneteket\/#breadcrumb","itemListElement":[{"@type":"ListItem","position":1,"name":"Kezd\u0151lap","item":"https:\/\/fotsportegyesulet.hu\/"},{"@type":"ListItem","position":2,"name":"110 \u00e9ves lesz a F\u00f3t Sportegyes\u00fclet!"}]},{"@type":"WebSite","@id":"https:\/\/fotsportegyesulet.hu\/#website","url":"https:\/\/fotsportegyesulet.hu\/","name":"F\u00d3T SPORTEGYES\u00dcLET","description":"","publisher":{"@id":"https:\/\/fotsportegyesulet.hu\/#organization"},"potentialAction":[{"@type":"SearchAction","target":{"@type":"EntryPoint","urlTemplate":"https:\/\/fotsportegyesulet.hu\/?s={search_term_string}"},"query-input":{"@type":"PropertyValueSpecification","valueRequired":true,"valueName":"search_term_string"}}],"inLanguage":"hu"},{"@type":"Organization","@id":"https:\/\/fotsportegyesulet.hu\/#organization","name":"F\u00f3t Sportegyes\u00fclet","url":"https:\/\/fotsportegyesulet.hu\/","logo":{"@type":"ImageObject","inLanguage":"hu","@id":"https:\/\/fotsportegyesulet.hu\/#\/schema\/logo\/image\/","url":"https:\/\/fotsportegyesulet.hu\/wp-content\/uploads\/2020\/07\/eredeti-sz\u00ednes-vektoros-Fot-cimer-3.png","contentUrl":"https:\/\/fotsportegyesulet.hu\/wp-content\/uploads\/2020\/07\/eredeti-sz\u00ednes-vektoros-Fot-cimer-3.png","width":500,"height":500,"caption":"F\u00f3t Sportegyes\u00fclet"},"image":{"@id":"https:\/\/fotsportegyesulet.hu\/#\/schema\/logo\/image\/"},"sameAs":["https:\/\/www.facebook.com\/fotsportegyesulet\/"]},{"@type":"Person","@id":"https:\/\/fotsportegyesulet.hu\/#\/schema\/person\/8750ccb3a5183172b75dcc348ffbdbb1","name":"F\u00f3t SE","image":{"@type":"ImageObject","inLanguage":"hu","@id":"https:\/\/fotsportegyesulet.hu\/#\/schema\/person\/image\/","url":"https:\/\/secure.gravatar.com\/avatar\/2f768bb7a490a49aeb2ccaf4bacc94391bbafd4b6aa54eb6f9318ffc80d81dad?s=96&d=mm&r=g","contentUrl":"https:\/\/secure.gravatar.com\/avatar\/2f768bb7a490a49aeb2ccaf4bacc94391bbafd4b6aa54eb6f9318ffc80d81dad?s=96&d=mm&r=g","caption":"F\u00f3t SE"},"sameAs":["http:\/\/fotsportegyesulet.hu"],"url":"https:\/\/fotsportegyesulet.hu\/index.php\/author\/kapitany-zoltan\/"}]}},"_links":{"self":[{"href":"https:\/\/fotsportegyesulet.hu\/index.php\/wp-json\/wp\/v2\/posts\/8487","targetHints":{"allow":["GET"]}}],"collection":[{"href":"https:\/\/fotsportegyesulet.hu\/index.php\/wp-json\/wp\/v2\/posts"}],"about":[{"href":"https:\/\/fotsportegyesulet.hu\/index.php\/wp-json\/wp\/v2\/types\/post"}],"author":[{"embeddable":true,"href":"https:\/\/fotsportegyesulet.hu\/index.php\/wp-json\/wp\/v2\/users\/3"}],"replies":[{"embeddable":true,"href":"https:\/\/fotsportegyesulet.hu\/index.php\/wp-json\/wp\/v2\/comments?post=8487"}],"version-history":[{"count":10,"href":"https:\/\/fotsportegyesulet.hu\/index.php\/wp-json\/wp\/v2\/posts\/8487\/revisions"}],"predecessor-version":[{"id":8501,"href":"https:\/\/fotsportegyesulet.hu\/index.php\/wp-json\/wp\/v2\/posts\/8487\/revisions\/8501"}],"wp:featuredmedia":[{"embeddable":true,"href":"https:\/\/fotsportegyesulet.hu\/index.php\/wp-json\/wp\/v2\/media\/8488"}],"wp:attachment":[{"href":"https:\/\/fotsportegyesulet.hu\/index.php\/wp-json\/wp\/v2\/media?parent=8487"}],"wp:term":[{"taxonomy":"category","embeddable":true,"href":"https:\/\/fotsportegyesulet.hu\/index.php\/wp-json\/wp\/v2\/categories?post=8487"},{"taxonomy":"post_tag","embeddable":true,"href":"https:\/\/fotsportegyesulet.hu\/index.php\/wp-json\/wp\/v2\/tags?post=8487"}],"curies":[{"name":"wp","href":"https:\/\/api.w.org\/{rel}","templated":true}]}}