{"id":7901,"date":"2023-07-25T14:27:58","date_gmt":"2023-07-25T12:27:58","guid":{"rendered":"https:\/\/fotsportegyesulet.hu\/?p=7901"},"modified":"2023-07-25T14:34:14","modified_gmt":"2023-07-25T12:34:14","slug":"karatesaink-balatonlellen-tartottak-edzotabort","status":"publish","type":"post","link":"https:\/\/fotsportegyesulet.hu\/index.php\/2023\/07\/25\/karatesaink-balatonlellen-tartottak-edzotabort\/","title":{"rendered":"Karat\u00e9saink Balatonlell\u00e9n tartottak edz\u0151t\u00e1bort!"},"content":{"rendered":"<h3 style=\"text-align: center;\">Nukina Nobuyuki 6 danos jap\u00e1n mester vezet\u00e9s\u00e9vel 2023. j\u00falius 3. \u00e9s 12 k\u00f6z\u00f6tt zajlott le Balatonlell\u00e9n a Nihon \u00dajpalotai Sportegyes\u00fclet XXIV. ny\u00edlt ny\u00e1ri Wado-Ryu Karate Edz\u0151t\u00e1bora<\/h3>\n<p>Az esem\u00e9nyen r\u00e9szt vett a F\u00f3t SE. n\u00e9h\u00e1ny karat\u00e9s sportol\u00f3ja is. A JKF Wado-Kai nemzetk\u00f6zi instruktor\u00e1nak egyhetes szakmai t\u00e1bor\u00e1t \u00f6vvizsga k\u00f6vette, amelyen a f\u00f3ti karat\u00e9sok k\u00f6z\u00fcl h\u00e1rman megpr\u00f3b\u00e1lt\u00e1k a magasabb \u00f6vfokozatra l\u00e9p\u00e9st.<\/p>\n<p>A k\u00e9pen a F\u00f3t SE. sportol\u00f3i l\u00e1that\u00f3ak Nukina Nobuyuki 6 danos mesterrel.<\/p>\n<p><img loading=\"lazy\" decoding=\"async\" class=\"size-large wp-image-7904 aligncenter\" src=\"https:\/\/fotsportegyesulet.hu\/wp-content\/uploads\/2023\/07\/DSC8738-1024x682.jpg\" alt=\"\" width=\"1024\" height=\"682\" srcset=\"https:\/\/fotsportegyesulet.hu\/wp-content\/uploads\/2023\/07\/DSC8738-1024x682.jpg 1024w, https:\/\/fotsportegyesulet.hu\/wp-content\/uploads\/2023\/07\/DSC8738-300x200.jpg 300w, https:\/\/fotsportegyesulet.hu\/wp-content\/uploads\/2023\/07\/DSC8738-768x512.jpg 768w, https:\/\/fotsportegyesulet.hu\/wp-content\/uploads\/2023\/07\/DSC8738-600x400.jpg 600w, https:\/\/fotsportegyesulet.hu\/wp-content\/uploads\/2023\/07\/DSC8738-1536x1024.jpg 1536w, https:\/\/fotsportegyesulet.hu\/wp-content\/uploads\/2023\/07\/DSC8738-272x182.jpg 272w, https:\/\/fotsportegyesulet.hu\/wp-content\/uploads\/2023\/07\/DSC8738.jpg 2000w\" sizes=\"auto, (max-width: 1024px) 100vw, 1024px\" \/><\/p>\n<p><strong>Az al\u00e1bbi sportol\u00f3k tettek sikeres \u00f6vvizsg\u00e1t:<\/strong><\/p>\n<p><strong>Verebes Viktor 6 kyu (z\u00f6ld \u00f6v)<\/strong><\/p>\n<p><strong>Barta Zselyke 5 kyu (k\u00e9k \u00f6v)<\/strong><\/p>\n<p><strong>Goj\u00e1n Rox\u00e1na 3 kyu (barna \u00f6v)<\/strong><\/p>\n<h4>A sportol\u00f3knak gratul\u00e1lunk a sikeres vizsg\u00e1hoz!<\/h4>\n<h3>Hajr\u00e1 F\u00f3t!<\/h3>\n","protected":false},"excerpt":{"rendered":"<p>Egyes\u00fclet\u00fcnk n\u00e9h\u00e1ny sportol\u00f3ja sikeres \u00f6vvizsg\u00e1t tett! Gratul\u00e1lunk a magasabb \u00f6vfokozat el\u00e9r\u00e9shez!<\/p>\n","protected":false},"author":3,"featured_media":7902,"comment_status":"closed","ping_status":"open","sticky":false,"template":"","format":"standard","meta":{"_bbp_topic_count":0,"_bbp_reply_count":0,"_bbp_total_topic_count":0,"_bbp_total_reply_count":0,"_bbp_voice_count":0,"_bbp_anonymous_reply_count":0,"_bbp_topic_count_hidden":0,"_bbp_reply_count_hidden":0,"_bbp_forum_subforum_count":0,"_price":"","_stock":"","_tribe_ticket_header":"","_tribe_default_ticket_provider":"","_ticket_start_date":"","_ticket_end_date":"","_tribe_ticket_show_description":"","_tribe_ticket_show_not_going":false,"_tribe_ticket_use_global_stock":"","_tribe_ticket_global_stock_level":"","_global_stock_mode":"","_global_stock_cap":"","_tribe_rsvp_for_event":"","_tribe_ticket_going_count":"","_tribe_ticket_not_going_count":"","_tribe_tickets_list":"[]","_tribe_ticket_has_attendee_info_fields":false,"footnotes":""},"categories":[1],"tags":[],"class_list":["post-7901","post","type-post","status-publish","format-standard","has-post-thumbnail","hentry","category-hirek"],"yoast_head":"<!-- This site is optimized with the Yoast SEO plugin v25.7 - https:\/\/yoast.com\/wordpress\/plugins\/seo\/ -->\n<title>Karat\u00e9saink Balatonlell\u00e9n tartottak edz\u0151t\u00e1bort! - F\u00d3T SPORTEGYES\u00dcLET<\/title>\n<meta name=\"robots\" content=\"index, follow, max-snippet:-1, max-image-preview:large, max-video-preview:-1\" \/>\n<link rel=\"canonical\" href=\"https:\/\/fotsportegyesulet.hu\/index.php\/2023\/07\/25\/karatesaink-balatonlellen-tartottak-edzotabort\/\" \/>\n<meta property=\"og:locale\" content=\"hu_HU\" \/>\n<meta property=\"og:type\" content=\"article\" \/>\n<meta property=\"og:title\" content=\"Karat\u00e9saink Balatonlell\u00e9n tartottak edz\u0151t\u00e1bort! - F\u00d3T SPORTEGYES\u00dcLET\" \/>\n<meta property=\"og:description\" content=\"Egyes\u00fclet\u00fcnk n\u00e9h\u00e1ny sportol\u00f3ja sikeres \u00f6vvizsg\u00e1t tett! Gratul\u00e1lunk a magasabb \u00f6vfokozat el\u00e9r\u00e9shez!\" \/>\n<meta property=\"og:url\" content=\"https:\/\/fotsportegyesulet.hu\/index.php\/2023\/07\/25\/karatesaink-balatonlellen-tartottak-edzotabort\/\" \/>\n<meta property=\"og:site_name\" content=\"F\u00d3T SPORTEGYES\u00dcLET\" \/>\n<meta property=\"article:publisher\" content=\"https:\/\/www.facebook.com\/fotsportegyesulet\/\" \/>\n<meta property=\"article:published_time\" content=\"2023-07-25T12:27:58+00:00\" \/>\n<meta property=\"article:modified_time\" content=\"2023-07-25T12:34:14+00:00\" \/>\n<meta property=\"og:image\" content=\"https:\/\/fotsportegyesulet.hu\/wp-content\/uploads\/2023\/07\/DSC8738_956-455.jpg\" \/>\n\t<meta property=\"og:image:width\" content=\"956\" \/>\n\t<meta property=\"og:image:height\" content=\"455\" \/>\n\t<meta property=\"og:image:type\" content=\"image\/jpeg\" \/>\n<meta name=\"author\" content=\"F\u00f3t SE\" \/>\n<meta name=\"twitter:card\" content=\"summary_large_image\" \/>\n<meta name=\"twitter:label1\" content=\"Szerz\u0151:\" \/>\n\t<meta name=\"twitter:data1\" content=\"F\u00f3t SE\" \/>\n\t<meta name=\"twitter:label2\" content=\"Becs\u00fclt olvas\u00e1si id\u0151\" \/>\n\t<meta name=\"twitter:data2\" content=\"1 perc\" \/>\n<script type=\"application\/ld+json\" class=\"yoast-schema-graph\">{\"@context\":\"https:\/\/schema.org\",\"@graph\":[{\"@type\":\"Article\",\"@id\":\"https:\/\/fotsportegyesulet.hu\/index.php\/2023\/07\/25\/karatesaink-balatonlellen-tartottak-edzotabort\/#article\",\"isPartOf\":{\"@id\":\"https:\/\/fotsportegyesulet.hu\/index.php\/2023\/07\/25\/karatesaink-balatonlellen-tartottak-edzotabort\/\"},\"author\":{\"name\":\"F\u00f3t SE\",\"@id\":\"https:\/\/fotsportegyesulet.hu\/#\/schema\/person\/8750ccb3a5183172b75dcc348ffbdbb1\"},\"headline\":\"Karat\u00e9saink Balatonlell\u00e9n tartottak edz\u0151t\u00e1bort!\",\"datePublished\":\"2023-07-25T12:27:58+00:00\",\"dateModified\":\"2023-07-25T12:34:14+00:00\",\"mainEntityOfPage\":{\"@id\":\"https:\/\/fotsportegyesulet.hu\/index.php\/2023\/07\/25\/karatesaink-balatonlellen-tartottak-edzotabort\/\"},\"wordCount\":152,\"publisher\":{\"@id\":\"https:\/\/fotsportegyesulet.hu\/#organization\"},\"image\":{\"@id\":\"https:\/\/fotsportegyesulet.hu\/index.php\/2023\/07\/25\/karatesaink-balatonlellen-tartottak-edzotabort\/#primaryimage\"},\"thumbnailUrl\":\"https:\/\/fotsportegyesulet.hu\/wp-content\/uploads\/2023\/07\/DSC8738_956-455.jpg\",\"articleSection\":[\"H\u00edrek\"],\"inLanguage\":\"hu\"},{\"@type\":\"WebPage\",\"@id\":\"https:\/\/fotsportegyesulet.hu\/index.php\/2023\/07\/25\/karatesaink-balatonlellen-tartottak-edzotabort\/\",\"url\":\"https:\/\/fotsportegyesulet.hu\/index.php\/2023\/07\/25\/karatesaink-balatonlellen-tartottak-edzotabort\/\",\"name\":\"Karat\u00e9saink Balatonlell\u00e9n tartottak edz\u0151t\u00e1bort! - F\u00d3T SPORTEGYES\u00dcLET\",\"isPartOf\":{\"@id\":\"https:\/\/fotsportegyesulet.hu\/#website\"},\"primaryImageOfPage\":{\"@id\":\"https:\/\/fotsportegyesulet.hu\/index.php\/2023\/07\/25\/karatesaink-balatonlellen-tartottak-edzotabort\/#primaryimage\"},\"image\":{\"@id\":\"https:\/\/fotsportegyesulet.hu\/index.php\/2023\/07\/25\/karatesaink-balatonlellen-tartottak-edzotabort\/#primaryimage\"},\"thumbnailUrl\":\"https:\/\/fotsportegyesulet.hu\/wp-content\/uploads\/2023\/07\/DSC8738_956-455.jpg\",\"datePublished\":\"2023-07-25T12:27:58+00:00\",\"dateModified\":\"2023-07-25T12:34:14+00:00\",\"breadcrumb\":{\"@id\":\"https:\/\/fotsportegyesulet.hu\/index.php\/2023\/07\/25\/karatesaink-balatonlellen-tartottak-edzotabort\/#breadcrumb\"},\"inLanguage\":\"hu\",\"potentialAction\":[{\"@type\":\"ReadAction\",\"target\":[\"https:\/\/fotsportegyesulet.hu\/index.php\/2023\/07\/25\/karatesaink-balatonlellen-tartottak-edzotabort\/\"]}]},{\"@type\":\"ImageObject\",\"inLanguage\":\"hu\",\"@id\":\"https:\/\/fotsportegyesulet.hu\/index.php\/2023\/07\/25\/karatesaink-balatonlellen-tartottak-edzotabort\/#primaryimage\",\"url\":\"https:\/\/fotsportegyesulet.hu\/wp-content\/uploads\/2023\/07\/DSC8738_956-455.jpg\",\"contentUrl\":\"https:\/\/fotsportegyesulet.hu\/wp-content\/uploads\/2023\/07\/DSC8738_956-455.jpg\",\"width\":956,\"height\":455},{\"@type\":\"BreadcrumbList\",\"@id\":\"https:\/\/fotsportegyesulet.hu\/index.php\/2023\/07\/25\/karatesaink-balatonlellen-tartottak-edzotabort\/#breadcrumb\",\"itemListElement\":[{\"@type\":\"ListItem\",\"position\":1,\"name\":\"Kezd\u0151lap\",\"item\":\"https:\/\/fotsportegyesulet.hu\/\"},{\"@type\":\"ListItem\",\"position\":2,\"name\":\"Karat\u00e9saink Balatonlell\u00e9n tartottak edz\u0151t\u00e1bort!\"}]},{\"@type\":\"WebSite\",\"@id\":\"https:\/\/fotsportegyesulet.hu\/#website\",\"url\":\"https:\/\/fotsportegyesulet.hu\/\",\"name\":\"F\u00d3T SPORTEGYES\u00dcLET\",\"description\":\"\",\"publisher\":{\"@id\":\"https:\/\/fotsportegyesulet.hu\/#organization\"},\"potentialAction\":[{\"@type\":\"SearchAction\",\"target\":{\"@type\":\"EntryPoint\",\"urlTemplate\":\"https:\/\/fotsportegyesulet.hu\/?s={search_term_string}\"},\"query-input\":{\"@type\":\"PropertyValueSpecification\",\"valueRequired\":true,\"valueName\":\"search_term_string\"}}],\"inLanguage\":\"hu\"},{\"@type\":\"Organization\",\"@id\":\"https:\/\/fotsportegyesulet.hu\/#organization\",\"name\":\"F\u00f3t Sportegyes\u00fclet\",\"url\":\"https:\/\/fotsportegyesulet.hu\/\",\"logo\":{\"@type\":\"ImageObject\",\"inLanguage\":\"hu\",\"@id\":\"https:\/\/fotsportegyesulet.hu\/#\/schema\/logo\/image\/\",\"url\":\"https:\/\/fotsportegyesulet.hu\/wp-content\/uploads\/2020\/07\/eredeti-sz\u00ednes-vektoros-Fot-cimer-3.png\",\"contentUrl\":\"https:\/\/fotsportegyesulet.hu\/wp-content\/uploads\/2020\/07\/eredeti-sz\u00ednes-vektoros-Fot-cimer-3.png\",\"width\":500,\"height\":500,\"caption\":\"F\u00f3t Sportegyes\u00fclet\"},\"image\":{\"@id\":\"https:\/\/fotsportegyesulet.hu\/#\/schema\/logo\/image\/\"},\"sameAs\":[\"https:\/\/www.facebook.com\/fotsportegyesulet\/\"]},{\"@type\":\"Person\",\"@id\":\"https:\/\/fotsportegyesulet.hu\/#\/schema\/person\/8750ccb3a5183172b75dcc348ffbdbb1\",\"name\":\"F\u00f3t SE\",\"image\":{\"@type\":\"ImageObject\",\"inLanguage\":\"hu\",\"@id\":\"https:\/\/fotsportegyesulet.hu\/#\/schema\/person\/image\/\",\"url\":\"https:\/\/secure.gravatar.com\/avatar\/2f768bb7a490a49aeb2ccaf4bacc94391bbafd4b6aa54eb6f9318ffc80d81dad?s=96&d=mm&r=g\",\"contentUrl\":\"https:\/\/secure.gravatar.com\/avatar\/2f768bb7a490a49aeb2ccaf4bacc94391bbafd4b6aa54eb6f9318ffc80d81dad?s=96&d=mm&r=g\",\"caption\":\"F\u00f3t SE\"},\"sameAs\":[\"http:\/\/fotsportegyesulet.hu\"],\"url\":\"https:\/\/fotsportegyesulet.hu\/index.php\/author\/kapitany-zoltan\/\"}]}<\/script>\n<!-- \/ Yoast SEO plugin. -->","yoast_head_json":{"title":"Karat\u00e9saink Balatonlell\u00e9n tartottak edz\u0151t\u00e1bort! - F\u00d3T SPORTEGYES\u00dcLET","robots":{"index":"index","follow":"follow","max-snippet":"max-snippet:-1","max-image-preview":"max-image-preview:large","max-video-preview":"max-video-preview:-1"},"canonical":"https:\/\/fotsportegyesulet.hu\/index.php\/2023\/07\/25\/karatesaink-balatonlellen-tartottak-edzotabort\/","og_locale":"hu_HU","og_type":"article","og_title":"Karat\u00e9saink Balatonlell\u00e9n tartottak edz\u0151t\u00e1bort! - F\u00d3T SPORTEGYES\u00dcLET","og_description":"Egyes\u00fclet\u00fcnk n\u00e9h\u00e1ny sportol\u00f3ja sikeres \u00f6vvizsg\u00e1t tett! Gratul\u00e1lunk a magasabb \u00f6vfokozat el\u00e9r\u00e9shez!","og_url":"https:\/\/fotsportegyesulet.hu\/index.php\/2023\/07\/25\/karatesaink-balatonlellen-tartottak-edzotabort\/","og_site_name":"F\u00d3T SPORTEGYES\u00dcLET","article_publisher":"https:\/\/www.facebook.com\/fotsportegyesulet\/","article_published_time":"2023-07-25T12:27:58+00:00","article_modified_time":"2023-07-25T12:34:14+00:00","og_image":[{"width":956,"height":455,"url":"https:\/\/fotsportegyesulet.hu\/wp-content\/uploads\/2023\/07\/DSC8738_956-455.jpg","type":"image\/jpeg"}],"author":"F\u00f3t SE","twitter_card":"summary_large_image","twitter_misc":{"Szerz\u0151:":"F\u00f3t SE","Becs\u00fclt olvas\u00e1si id\u0151":"1 perc"},"schema":{"@context":"https:\/\/schema.org","@graph":[{"@type":"Article","@id":"https:\/\/fotsportegyesulet.hu\/index.php\/2023\/07\/25\/karatesaink-balatonlellen-tartottak-edzotabort\/#article","isPartOf":{"@id":"https:\/\/fotsportegyesulet.hu\/index.php\/2023\/07\/25\/karatesaink-balatonlellen-tartottak-edzotabort\/"},"author":{"name":"F\u00f3t SE","@id":"https:\/\/fotsportegyesulet.hu\/#\/schema\/person\/8750ccb3a5183172b75dcc348ffbdbb1"},"headline":"Karat\u00e9saink Balatonlell\u00e9n tartottak edz\u0151t\u00e1bort!","datePublished":"2023-07-25T12:27:58+00:00","dateModified":"2023-07-25T12:34:14+00:00","mainEntityOfPage":{"@id":"https:\/\/fotsportegyesulet.hu\/index.php\/2023\/07\/25\/karatesaink-balatonlellen-tartottak-edzotabort\/"},"wordCount":152,"publisher":{"@id":"https:\/\/fotsportegyesulet.hu\/#organization"},"image":{"@id":"https:\/\/fotsportegyesulet.hu\/index.php\/2023\/07\/25\/karatesaink-balatonlellen-tartottak-edzotabort\/#primaryimage"},"thumbnailUrl":"https:\/\/fotsportegyesulet.hu\/wp-content\/uploads\/2023\/07\/DSC8738_956-455.jpg","articleSection":["H\u00edrek"],"inLanguage":"hu"},{"@type":"WebPage","@id":"https:\/\/fotsportegyesulet.hu\/index.php\/2023\/07\/25\/karatesaink-balatonlellen-tartottak-edzotabort\/","url":"https:\/\/fotsportegyesulet.hu\/index.php\/2023\/07\/25\/karatesaink-balatonlellen-tartottak-edzotabort\/","name":"Karat\u00e9saink Balatonlell\u00e9n tartottak edz\u0151t\u00e1bort! - F\u00d3T SPORTEGYES\u00dcLET","isPartOf":{"@id":"https:\/\/fotsportegyesulet.hu\/#website"},"primaryImageOfPage":{"@id":"https:\/\/fotsportegyesulet.hu\/index.php\/2023\/07\/25\/karatesaink-balatonlellen-tartottak-edzotabort\/#primaryimage"},"image":{"@id":"https:\/\/fotsportegyesulet.hu\/index.php\/2023\/07\/25\/karatesaink-balatonlellen-tartottak-edzotabort\/#primaryimage"},"thumbnailUrl":"https:\/\/fotsportegyesulet.hu\/wp-content\/uploads\/2023\/07\/DSC8738_956-455.jpg","datePublished":"2023-07-25T12:27:58+00:00","dateModified":"2023-07-25T12:34:14+00:00","breadcrumb":{"@id":"https:\/\/fotsportegyesulet.hu\/index.php\/2023\/07\/25\/karatesaink-balatonlellen-tartottak-edzotabort\/#breadcrumb"},"inLanguage":"hu","potentialAction":[{"@type":"ReadAction","target":["https:\/\/fotsportegyesulet.hu\/index.php\/2023\/07\/25\/karatesaink-balatonlellen-tartottak-edzotabort\/"]}]},{"@type":"ImageObject","inLanguage":"hu","@id":"https:\/\/fotsportegyesulet.hu\/index.php\/2023\/07\/25\/karatesaink-balatonlellen-tartottak-edzotabort\/#primaryimage","url":"https:\/\/fotsportegyesulet.hu\/wp-content\/uploads\/2023\/07\/DSC8738_956-455.jpg","contentUrl":"https:\/\/fotsportegyesulet.hu\/wp-content\/uploads\/2023\/07\/DSC8738_956-455.jpg","width":956,"height":455},{"@type":"BreadcrumbList","@id":"https:\/\/fotsportegyesulet.hu\/index.php\/2023\/07\/25\/karatesaink-balatonlellen-tartottak-edzotabort\/#breadcrumb","itemListElement":[{"@type":"ListItem","position":1,"name":"Kezd\u0151lap","item":"https:\/\/fotsportegyesulet.hu\/"},{"@type":"ListItem","position":2,"name":"Karat\u00e9saink Balatonlell\u00e9n tartottak edz\u0151t\u00e1bort!"}]},{"@type":"WebSite","@id":"https:\/\/fotsportegyesulet.hu\/#website","url":"https:\/\/fotsportegyesulet.hu\/","name":"F\u00d3T SPORTEGYES\u00dcLET","description":"","publisher":{"@id":"https:\/\/fotsportegyesulet.hu\/#organization"},"potentialAction":[{"@type":"SearchAction","target":{"@type":"EntryPoint","urlTemplate":"https:\/\/fotsportegyesulet.hu\/?s={search_term_string}"},"query-input":{"@type":"PropertyValueSpecification","valueRequired":true,"valueName":"search_term_string"}}],"inLanguage":"hu"},{"@type":"Organization","@id":"https:\/\/fotsportegyesulet.hu\/#organization","name":"F\u00f3t Sportegyes\u00fclet","url":"https:\/\/fotsportegyesulet.hu\/","logo":{"@type":"ImageObject","inLanguage":"hu","@id":"https:\/\/fotsportegyesulet.hu\/#\/schema\/logo\/image\/","url":"https:\/\/fotsportegyesulet.hu\/wp-content\/uploads\/2020\/07\/eredeti-sz\u00ednes-vektoros-Fot-cimer-3.png","contentUrl":"https:\/\/fotsportegyesulet.hu\/wp-content\/uploads\/2020\/07\/eredeti-sz\u00ednes-vektoros-Fot-cimer-3.png","width":500,"height":500,"caption":"F\u00f3t Sportegyes\u00fclet"},"image":{"@id":"https:\/\/fotsportegyesulet.hu\/#\/schema\/logo\/image\/"},"sameAs":["https:\/\/www.facebook.com\/fotsportegyesulet\/"]},{"@type":"Person","@id":"https:\/\/fotsportegyesulet.hu\/#\/schema\/person\/8750ccb3a5183172b75dcc348ffbdbb1","name":"F\u00f3t SE","image":{"@type":"ImageObject","inLanguage":"hu","@id":"https:\/\/fotsportegyesulet.hu\/#\/schema\/person\/image\/","url":"https:\/\/secure.gravatar.com\/avatar\/2f768bb7a490a49aeb2ccaf4bacc94391bbafd4b6aa54eb6f9318ffc80d81dad?s=96&d=mm&r=g","contentUrl":"https:\/\/secure.gravatar.com\/avatar\/2f768bb7a490a49aeb2ccaf4bacc94391bbafd4b6aa54eb6f9318ffc80d81dad?s=96&d=mm&r=g","caption":"F\u00f3t SE"},"sameAs":["http:\/\/fotsportegyesulet.hu"],"url":"https:\/\/fotsportegyesulet.hu\/index.php\/author\/kapitany-zoltan\/"}]}},"_links":{"self":[{"href":"https:\/\/fotsportegyesulet.hu\/index.php\/wp-json\/wp\/v2\/posts\/7901","targetHints":{"allow":["GET"]}}],"collection":[{"href":"https:\/\/fotsportegyesulet.hu\/index.php\/wp-json\/wp\/v2\/posts"}],"about":[{"href":"https:\/\/fotsportegyesulet.hu\/index.php\/wp-json\/wp\/v2\/types\/post"}],"author":[{"embeddable":true,"href":"https:\/\/fotsportegyesulet.hu\/index.php\/wp-json\/wp\/v2\/users\/3"}],"replies":[{"embeddable":true,"href":"https:\/\/fotsportegyesulet.hu\/index.php\/wp-json\/wp\/v2\/comments?post=7901"}],"version-history":[{"count":6,"href":"https:\/\/fotsportegyesulet.hu\/index.php\/wp-json\/wp\/v2\/posts\/7901\/revisions"}],"predecessor-version":[{"id":7911,"href":"https:\/\/fotsportegyesulet.hu\/index.php\/wp-json\/wp\/v2\/posts\/7901\/revisions\/7911"}],"wp:featuredmedia":[{"embeddable":true,"href":"https:\/\/fotsportegyesulet.hu\/index.php\/wp-json\/wp\/v2\/media\/7902"}],"wp:attachment":[{"href":"https:\/\/fotsportegyesulet.hu\/index.php\/wp-json\/wp\/v2\/media?parent=7901"}],"wp:term":[{"taxonomy":"category","embeddable":true,"href":"https:\/\/fotsportegyesulet.hu\/index.php\/wp-json\/wp\/v2\/categories?post=7901"},{"taxonomy":"post_tag","embeddable":true,"href":"https:\/\/fotsportegyesulet.hu\/index.php\/wp-json\/wp\/v2\/tags?post=7901"}],"curies":[{"name":"wp","href":"https:\/\/api.w.org\/{rel}","templated":true}]}}