{"id":7292,"date":"2023-06-02T10:46:04","date_gmt":"2023-06-02T08:46:04","guid":{"rendered":"https:\/\/fotsportegyesulet.hu\/?p=7292"},"modified":"2023-06-06T18:49:18","modified_gmt":"2023-06-06T16:49:18","slug":"valamire-megint-keszulnek-a-labdarugoink","status":"publish","type":"post","link":"https:\/\/fotsportegyesulet.hu\/index.php\/2023\/06\/02\/valamire-megint-keszulnek-a-labdarugoink\/","title":{"rendered":"Valamire megint k\u00e9sz\u00fclnek a labdar\u00fag\u00f3ink!"},"content":{"rendered":"<h2><img loading=\"lazy\" decoding=\"async\" class=\"aligncenter size-full wp-image-7370\" src=\"https:\/\/fotsportegyesulet.hu\/wp-content\/uploads\/2023\/06\/fff2.png\" alt=\"\" width=\"2000\" height=\"500\" srcset=\"https:\/\/fotsportegyesulet.hu\/wp-content\/uploads\/2023\/06\/fff2.png 2000w, https:\/\/fotsportegyesulet.hu\/wp-content\/uploads\/2023\/06\/fff2-300x75.png 300w, https:\/\/fotsportegyesulet.hu\/wp-content\/uploads\/2023\/06\/fff2-1024x256.png 1024w, https:\/\/fotsportegyesulet.hu\/wp-content\/uploads\/2023\/06\/fff2-768x192.png 768w, https:\/\/fotsportegyesulet.hu\/wp-content\/uploads\/2023\/06\/fff2-1536x384.png 1536w\" sizes=\"auto, (max-width: 2000px) 100vw, 2000px\" \/>Jelentkezz Te is a Football Factor Fesztre \u00e9s robbantsuk be egy\u00fctt a nyarat egy fergeteges hangulat\u00fa fesztiv\u00e1llal! A programokr\u00f3l \u00e9s a j\u00f3 hangulatr\u00f3l mi gondoskodunk az \u00e9tel- ital v\u00e9teli lehet\u0151s\u00e9gekr\u0151l pedig a <strong>F\u00f3ti T\u00f3parti Bisztr\u00f3<\/strong>! Neked pedig nincsen m\u00e1s dolgot, mint nevezni a fesztiv\u00e1lra \u00e9s megnyerni versenyeinket!<\/h2>\n<h3 style=\"text-align: center;\"><strong>A nevez\u0151k k\u00f6z\u00f6tt 2023.06.12-\u00e9n kisorsolunk egy Szoboszlai Dominik \u00e1ltal al\u00e1\u00edrt mezt \u00e9s 5db <a href=\"https:\/\/vrparkbudapest.hu\/?gclid=CjwKCAjwpuajBhBpEiwA_ZtfhYcyLCGG7NcZlmV19HsWQYmJGNZl0OgYTOVOz8t0AqvxpQyiYSnhdBoC_sYQAvD_BwE\" target=\"_blank\" rel=\"noopener\">VR Vid\u00e1mpark VIP bel\u00e9p\u0151jegyet!<\/a> Err\u0151l azt\u00e1n t\u00e9nyleg nem \u00e9rdemes lemaradni!<\/strong><\/h3>\n<p><strong>Id\u0151pont:<\/strong> 2023. 06. 11.<br \/>\n<strong>Helysz\u00edn<\/strong>: F\u00f3t Sportegyes\u00fclet telephelye\u00a02151 F\u00f3t, Kossuth Lajos utca 36. Balogh S\u00e1ndor Sportcentrum<\/p>\n<h4><strong>Nevez\u00e9s:<\/strong> a helysz\u00ednen vagy online<br \/>\n<strong><a href=\"https:\/\/forms.gle\/jzMFQHcdK7TNzgGW6\">Online jelentkez\u00e9s ezen a linken &gt;&gt;<\/a><\/strong><\/h4>\n<h3>H\u00e1rom kateg\u00f3ri\u00e1ban ind\u00edtjuk a b\u00fcntet\u0151r\u00fag\u00f3 verseny\u00fcnket &#8211; 7-es r\u00fag\u00f3 (gyerek 6-9 \u00e9v), 9-es r\u00fag\u00f3 (ifi 9-14 \u00e9v) \u00e9s 11-es r\u00fag\u00f3 (feln\u0151tt 14 \u00e9vt\u0151l).<\/h3>\n<h3>Ezenk\u00edv\u00fcl indulhattok a c\u00e9lba r\u00fag\u00f3, illetve fels\u0151 kapufa r\u00fag\u00f3 versenyen is, amelyekre nevezni m\u00e1r 7 \u00e9ves kort\u00f3l lehet! Nagy m\u0171f\u00fcves p\u00e1ly\u00e1nkon megrendez\u00e9sre ker\u00fcl a X. F\u00d3T CUP.<\/h3>\n<h3>A rendezv\u00e9nyre sz\u00e1mos sz\u00ednes programmal k\u00e9sz\u00fcl\u00fcnk, kicsik \u00e9s nagyok sz\u00e1m\u00e1ra egyar\u00e1nt!<\/h3>\n<h3><span style=\"color: #ff9900;\"><strong>11:00 \u00f3rakor \u2013 Football Factor Feszt \u2013 kapunyit\u00e1s<\/strong><\/span><\/h3>\n<p>A fesztiv\u00e1l versenyeire nevezni a recepci\u00f3n\u00e1l lesz lehet\u0151s\u00e9g, ami a nagy f\u00fcves p\u00e1lya m\u00f6g\u00f6tti kar\u00e9jban lesz tal\u00e1lhat\u00f3.\u00a0(Sport utca fel\u0151li bej\u00e1raton kereszt\u00fcl.)<\/p>\n<h3><span style=\"color: #ff9900;\"><strong>12:00 \u00f3rakor kezd\u0151dik a 7-es \u00e9s 9-es r\u00fag\u00f3 bajnoks\u00e1g\u00a0(gyerek &amp; ifi koroszt\u00e1ly) Gyere \u00e9s mutasd meg, hogy te vagy, aki a legjobban r\u00fagja a b\u0151rt!<\/strong><\/span><\/h3>\n<p><img loading=\"lazy\" decoding=\"async\" class=\" wp-image-7293 aligncenter\" src=\"https:\/\/fotsportegyesulet.hu\/wp-content\/uploads\/2023\/06\/bunteto-rugo2.jpg\" alt=\"\" width=\"773\" height=\"516\" srcset=\"https:\/\/fotsportegyesulet.hu\/wp-content\/uploads\/2023\/06\/bunteto-rugo2.jpg 727w, https:\/\/fotsportegyesulet.hu\/wp-content\/uploads\/2023\/06\/bunteto-rugo2-300x200.jpg 300w, https:\/\/fotsportegyesulet.hu\/wp-content\/uploads\/2023\/06\/bunteto-rugo2-600x400.jpg 600w, https:\/\/fotsportegyesulet.hu\/wp-content\/uploads\/2023\/06\/bunteto-rugo2-272x182.jpg 272w\" sizes=\"auto, (max-width: 773px) 100vw, 773px\" \/><strong>Gyerek Koroszt\u00e1ly: 6 \u00e9vt\u0151l-9 \u00e9vig\u00a0<\/strong><\/p>\n<ul>\n<li>3&#215;2-es kapu<\/li>\n<li>2 pr\u00f3b\u00e1lkoz\u00e1s<\/li>\n<li>Aki ber\u00fagja tov\u00e1bbjutott<\/li>\n<\/ul>\n<p>D\u00edjaz\u00e1s: (kupa, Football Factor utalv\u00e1ny)<\/p>\n<p><strong>Ifi Koroszt\u00e1ly: 9 \u00e9vt\u0151l-14 \u00e9vig\u00a0<\/strong><\/p>\n<ul>\n<li>5&#215;2-es kapu<\/li>\n<li>j\u00e1t\u00e9kszab\u00e1ly adott<\/li>\n<li>2 pr\u00f3b\u00e1lkoz\u00e1s<\/li>\n<li>Aki ber\u00fagja tov\u00e1bbjutott<\/li>\n<\/ul>\n<p>D\u00edjaz\u00e1s: kupa, Football Factor utalv\u00e1ny<\/p>\n<h3><span style=\"color: #ff9900;\"><strong>13:00 \u00f3rakor veszi kezdet\u00e9t a 11-es r\u00fag\u00f3 bajnoks\u00e1g! Mit gondolsz, neked menni fog?<\/strong><\/span><\/h3>\n<p><img loading=\"lazy\" decoding=\"async\" class=\" wp-image-7289 aligncenter\" src=\"https:\/\/fotsportegyesulet.hu\/wp-content\/uploads\/2023\/06\/buntetorugo-1024x579.png\" alt=\"\" width=\"759\" height=\"429\" srcset=\"https:\/\/fotsportegyesulet.hu\/wp-content\/uploads\/2023\/06\/buntetorugo-1024x579.png 1024w, https:\/\/fotsportegyesulet.hu\/wp-content\/uploads\/2023\/06\/buntetorugo-300x170.png 300w, https:\/\/fotsportegyesulet.hu\/wp-content\/uploads\/2023\/06\/buntetorugo-768x434.png 768w, https:\/\/fotsportegyesulet.hu\/wp-content\/uploads\/2023\/06\/buntetorugo.png 1104w\" sizes=\"auto, (max-width: 759px) 100vw, 759px\" \/><strong>Koroszt\u00e1ly: 1<\/strong><strong>4 \u00e9ves kort\u00f3l<\/strong><\/p>\n<ul>\n<li>2 pr\u00f3b\u00e1lkoz\u00e1s<\/li>\n<li>Aki ber\u00fagja tov\u00e1bbjutott, ut\u00e1na egyenes kies\u00e9s 1 pr\u00f3b\u00e1lkoz\u00e1s<\/li>\n<\/ul>\n<p>D\u00edjaz\u00e1s: kupa, Football Factor utalv\u00e1ny<\/p>\n<h3><span style=\"color: #ff9900;\"><strong>14:00 \u00f3rakor Fels\u0151 kapufa r\u00fag\u00f3 verseny \u2013 Egyszer\u0171nek t\u0171nik ugye? Csak el kell tal\u00e1lnod!<\/strong><\/span><\/h3>\n<p><img loading=\"lazy\" decoding=\"async\" class=\" wp-image-7286 aligncenter\" src=\"https:\/\/fotsportegyesulet.hu\/wp-content\/uploads\/2023\/06\/felsokapufa.png\" alt=\"\" width=\"775\" height=\"436\" srcset=\"https:\/\/fotsportegyesulet.hu\/wp-content\/uploads\/2023\/06\/felsokapufa.png 1024w, https:\/\/fotsportegyesulet.hu\/wp-content\/uploads\/2023\/06\/felsokapufa-300x169.png 300w, https:\/\/fotsportegyesulet.hu\/wp-content\/uploads\/2023\/06\/felsokapufa-768x432.png 768w\" sizes=\"auto, (max-width: 775px) 100vw, 775px\" \/>Jelentkez\u00e9si korhat\u00e1r nincsen! Nincs m\u00e1s dolgod, mint 2 pr\u00f3b\u00e1lkoz\u00e1sb\u00f3l 16 m\u00e9terr\u0151l a fels\u0151kapuf\u00e1t eltal\u00e1lni! Ha ez siker\u00fclt, akkor garant\u00e1lt a tov\u00e1bbjut\u00e1s, ahol a tov\u00e1bbjutottak egyenes kies\u00e9ses p\u00e1rbajban m\u00e9rk\u0151znek meg.<\/p>\n<h3><span style=\"color: #ff9900;\"><strong>14:30 C\u00e9lba r\u00fag\u00f3 verseny \u2013 Gy\u0171jts min\u00e9l t\u00f6bb pontot \u00e9s nyerj!<\/strong><\/span><\/h3>\n<p><img loading=\"lazy\" decoding=\"async\" class=\" wp-image-7284 aligncenter\" src=\"https:\/\/fotsportegyesulet.hu\/wp-content\/uploads\/2023\/06\/celbarugo-1024x621.jpg\" alt=\"\" width=\"866\" height=\"525\" srcset=\"https:\/\/fotsportegyesulet.hu\/wp-content\/uploads\/2023\/06\/celbarugo-1024x621.jpg 1024w, https:\/\/fotsportegyesulet.hu\/wp-content\/uploads\/2023\/06\/celbarugo-300x182.jpg 300w, https:\/\/fotsportegyesulet.hu\/wp-content\/uploads\/2023\/06\/celbarugo-768x466.jpg 768w, https:\/\/fotsportegyesulet.hu\/wp-content\/uploads\/2023\/06\/celbarugo.jpg 1200w\" sizes=\"auto, (max-width: 866px) 100vw, 866px\" \/><strong>Koroszt\u00e1ly 7\u00e9ves kort\u00f3l a feln\u0151ttig<\/strong><\/p>\n<ul>\n<li>Helysz\u00edn: kism\u0171f\u0171- nagy f\u00fcves p\u00e1lya?<\/li>\n<li>Kapura kifesz\u00edtett h\u00e1l\u00f3, amin lyukak vannak \u00e9s be kell tal\u00e1lni!<\/li>\n<li>7m-r\u0151l 3 pr\u00f3b\u00e1lkoz\u00e1s ut\u00e1n a legt\u00f6bb pontot szerz\u0151 j\u00e1t\u00e9kos nyer! Pontazonoss\u00e1g eset\u00e9n az abszol\u00fat gy\u0151ztesig megy!<\/li>\n<\/ul>\n<p>D\u00edjaz\u00e1s: kupa, Football Factor utalv\u00e1ny<\/p>\n<h3><span style=\"color: #ff9900;\"><strong>Alternat\u00edv programok:\u00a0<\/strong><\/span><\/h3>\n<p>Folyamatosan programok kicsik \u00e9s nagyok sz\u00e1m\u00e1ra egyar\u00e1nt, amelyek d\u00edjmentesen vehet\u0151ek ig\u00e9nybe!<\/p>\n<ul>\n<li><strong>Teqball <\/strong>(Egy\u00e9ni \u00e9s\/vagy p\u00e1ros)<\/li>\n<li><strong>Kicsik sz\u00e1m\u00e1ra<\/strong> \u00fcgyess\u00e9gi j\u00e1t\u00e9kok<\/li>\n<li><strong>Dek\u00e1z\u00f3 verseny <\/strong>(2&#215;2-es ter\u00fcleten bel\u00fcl, b\u00f3j\u00e1val kijel\u00f6lve, 2 pr\u00f3b\u00e1lkoz\u00e1s, a legjobb sz\u00e1m\u00edt)<\/li>\n<li><strong>L\u00e1btenisz<\/strong><\/li>\n<li><strong>Focis k\u00e1rty\u00e1k adok-veszek <\/strong>(Ancsa pap\u00edr boltja)<\/li>\n<\/ul>\n<h3><span style=\"color: #ff9900;\"><strong>Nevez\u00e9si inform\u00e1ci\u00f3k:<\/strong><\/span><\/h3>\n<p>A gyerek \u00e9s az ifi kateg\u00f3ria el\u0151nevez\u00e9si d\u00edja \u00e9s a helysz\u00edni nevez\u00e9si d\u00edja mindk\u00e9t esetben 2000 Forint, amely mag\u00e1ban foglalja a 7-es r\u00fag\u00f3 vagy 9-es r\u00fag\u00f3 versenyt, a c\u00e9lba r\u00fag\u00f3 versenyt \u00e9s a fels\u0151 kapufa r\u00fag\u00f3 versenyt.<\/p>\n<p>14 \u00e9ves kor felett az el\u0151nevez\u00e9si d\u00edj \u00e9s a helysz\u00edni nevez\u00e9si d\u00edj mindk\u00e9t esetben 2500 Forint, amely mag\u00e1ba foglalja a 11-es r\u00fag\u00f3 versenyt, a c\u00e9lba r\u00fag\u00f3 versenyt \u00e9s a fels\u0151 kapufa r\u00fag\u00f3 versenyt.<\/p>\n<p>F\u00d3T SE tagoknak az el\u0151nevez\u00e9s \u00e9s a helysz\u00edni nevez\u00e9s is mindk\u00e9t esetben 1500 Forint, korhat\u00e1r n\u00e9lk\u00fcl!<\/p>\n<p>R\u00e9szletes program t\u00e9rk\u00e9ppel \u00e9s az elektronikus el\u0151nevez\u00e9si lapokkal hamarosan jelentkez\u00fcnk! Az el\u0151nevez\u00e9seket addig is a k\u00f6vetkez\u0151 e-mail c\u00edmre lehet adni: adminisztracio@fotsportegyesulet.hu (N\u00e9v, sz\u00fcl. hely \u00e9s id\u0151, telefonsz\u00e1m, e-mail c\u00edm)<\/p>\n<p>A programok v\u00e1ltoztat\u00e1s\u00e1nak jog\u00e1t fenntartjuk!<\/p>\n<h3><span style=\"color: #ff9900;\"><strong>Hajr\u00e1 F\u00f3t!<\/strong><\/span><\/h3>\n<p>&nbsp;<\/p>\n","protected":false},"excerpt":{"rendered":"<p>Ne felejts el jelentkezni! A r\u00e9sztvev\u0151k k\u00f6z\u00f6tt \u00e9rt\u00e9kes aj\u00e1nd\u00e9kok ker\u00fclnek kisorsol\u00e1sra!<\/p>\n","protected":false},"author":3,"featured_media":7303,"comment_status":"closed","ping_status":"open","sticky":false,"template":"","format":"standard","meta":{"_bbp_topic_count":0,"_bbp_reply_count":0,"_bbp_total_topic_count":0,"_bbp_total_reply_count":0,"_bbp_voice_count":0,"_bbp_anonymous_reply_count":0,"_bbp_topic_count_hidden":0,"_bbp_reply_count_hidden":0,"_bbp_forum_subforum_count":0,"_price":"","_stock":"","_tribe_ticket_header":"","_tribe_default_ticket_provider":"","_ticket_start_date":"","_ticket_end_date":"","_tribe_ticket_show_description":"","_tribe_ticket_show_not_going":false,"_tribe_ticket_use_global_stock":"","_tribe_ticket_global_stock_level":"","_global_stock_mode":"","_global_stock_cap":"","_tribe_rsvp_for_event":"","_tribe_ticket_going_count":"","_tribe_ticket_not_going_count":"","_tribe_tickets_list":"[]","_tribe_ticket_has_attendee_info_fields":false,"footnotes":""},"categories":[1],"tags":[],"class_list":["post-7292","post","type-post","status-publish","format-standard","has-post-thumbnail","hentry","category-hirek"],"yoast_head":"<!-- This site is optimized with the Yoast SEO plugin v25.7 - https:\/\/yoast.com\/wordpress\/plugins\/seo\/ -->\n<title>Valamire megint k\u00e9sz\u00fclnek a labdar\u00fag\u00f3ink! - F\u00d3T SPORTEGYES\u00dcLET<\/title>\n<meta name=\"robots\" content=\"index, follow, max-snippet:-1, max-image-preview:large, max-video-preview:-1\" \/>\n<link rel=\"canonical\" href=\"https:\/\/fotsportegyesulet.hu\/index.php\/2023\/06\/02\/valamire-megint-keszulnek-a-labdarugoink\/\" \/>\n<meta property=\"og:locale\" content=\"hu_HU\" \/>\n<meta property=\"og:type\" content=\"article\" \/>\n<meta property=\"og:title\" content=\"Valamire megint k\u00e9sz\u00fclnek a labdar\u00fag\u00f3ink! - F\u00d3T SPORTEGYES\u00dcLET\" \/>\n<meta property=\"og:description\" content=\"Ne felejts el jelentkezni! A r\u00e9sztvev\u0151k k\u00f6z\u00f6tt \u00e9rt\u00e9kes aj\u00e1nd\u00e9kok ker\u00fclnek kisorsol\u00e1sra!\" \/>\n<meta property=\"og:url\" content=\"https:\/\/fotsportegyesulet.hu\/index.php\/2023\/06\/02\/valamire-megint-keszulnek-a-labdarugoink\/\" \/>\n<meta property=\"og:site_name\" content=\"F\u00d3T SPORTEGYES\u00dcLET\" \/>\n<meta property=\"article:publisher\" content=\"https:\/\/www.facebook.com\/fotsportegyesulet\/\" \/>\n<meta property=\"article:published_time\" content=\"2023-06-02T08:46:04+00:00\" \/>\n<meta property=\"article:modified_time\" content=\"2023-06-06T16:49:18+00:00\" \/>\n<meta property=\"og:image\" content=\"https:\/\/fotsportegyesulet.hu\/wp-content\/uploads\/2023\/06\/FSE-800x240-urlap-fejlec-1200-\u00d7-628-px.png\" \/>\n\t<meta property=\"og:image:width\" content=\"1200\" \/>\n\t<meta property=\"og:image:height\" content=\"628\" \/>\n\t<meta property=\"og:image:type\" content=\"image\/png\" \/>\n<meta name=\"author\" content=\"F\u00f3t SE\" \/>\n<meta name=\"twitter:card\" content=\"summary_large_image\" \/>\n<meta name=\"twitter:label1\" content=\"Szerz\u0151:\" \/>\n\t<meta name=\"twitter:data1\" content=\"F\u00f3t SE\" \/>\n\t<meta name=\"twitter:label2\" content=\"Becs\u00fclt olvas\u00e1si id\u0151\" \/>\n\t<meta name=\"twitter:data2\" content=\"4 perc\" \/>\n<script type=\"application\/ld+json\" class=\"yoast-schema-graph\">{\"@context\":\"https:\/\/schema.org\",\"@graph\":[{\"@type\":\"Article\",\"@id\":\"https:\/\/fotsportegyesulet.hu\/index.php\/2023\/06\/02\/valamire-megint-keszulnek-a-labdarugoink\/#article\",\"isPartOf\":{\"@id\":\"https:\/\/fotsportegyesulet.hu\/index.php\/2023\/06\/02\/valamire-megint-keszulnek-a-labdarugoink\/\"},\"author\":{\"name\":\"F\u00f3t SE\",\"@id\":\"https:\/\/fotsportegyesulet.hu\/#\/schema\/person\/8750ccb3a5183172b75dcc348ffbdbb1\"},\"headline\":\"Valamire megint k\u00e9sz\u00fclnek a labdar\u00fag\u00f3ink!\",\"datePublished\":\"2023-06-02T08:46:04+00:00\",\"dateModified\":\"2023-06-06T16:49:18+00:00\",\"mainEntityOfPage\":{\"@id\":\"https:\/\/fotsportegyesulet.hu\/index.php\/2023\/06\/02\/valamire-megint-keszulnek-a-labdarugoink\/\"},\"wordCount\":800,\"publisher\":{\"@id\":\"https:\/\/fotsportegyesulet.hu\/#organization\"},\"image\":{\"@id\":\"https:\/\/fotsportegyesulet.hu\/index.php\/2023\/06\/02\/valamire-megint-keszulnek-a-labdarugoink\/#primaryimage\"},\"thumbnailUrl\":\"https:\/\/fotsportegyesulet.hu\/wp-content\/uploads\/2023\/06\/fokep.jpg\",\"articleSection\":[\"H\u00edrek\"],\"inLanguage\":\"hu\"},{\"@type\":\"WebPage\",\"@id\":\"https:\/\/fotsportegyesulet.hu\/index.php\/2023\/06\/02\/valamire-megint-keszulnek-a-labdarugoink\/\",\"url\":\"https:\/\/fotsportegyesulet.hu\/index.php\/2023\/06\/02\/valamire-megint-keszulnek-a-labdarugoink\/\",\"name\":\"Valamire megint k\u00e9sz\u00fclnek a labdar\u00fag\u00f3ink! - F\u00d3T SPORTEGYES\u00dcLET\",\"isPartOf\":{\"@id\":\"https:\/\/fotsportegyesulet.hu\/#website\"},\"primaryImageOfPage\":{\"@id\":\"https:\/\/fotsportegyesulet.hu\/index.php\/2023\/06\/02\/valamire-megint-keszulnek-a-labdarugoink\/#primaryimage\"},\"image\":{\"@id\":\"https:\/\/fotsportegyesulet.hu\/index.php\/2023\/06\/02\/valamire-megint-keszulnek-a-labdarugoink\/#primaryimage\"},\"thumbnailUrl\":\"https:\/\/fotsportegyesulet.hu\/wp-content\/uploads\/2023\/06\/fokep.jpg\",\"datePublished\":\"2023-06-02T08:46:04+00:00\",\"dateModified\":\"2023-06-06T16:49:18+00:00\",\"breadcrumb\":{\"@id\":\"https:\/\/fotsportegyesulet.hu\/index.php\/2023\/06\/02\/valamire-megint-keszulnek-a-labdarugoink\/#breadcrumb\"},\"inLanguage\":\"hu\",\"potentialAction\":[{\"@type\":\"ReadAction\",\"target\":[\"https:\/\/fotsportegyesulet.hu\/index.php\/2023\/06\/02\/valamire-megint-keszulnek-a-labdarugoink\/\"]}]},{\"@type\":\"ImageObject\",\"inLanguage\":\"hu\",\"@id\":\"https:\/\/fotsportegyesulet.hu\/index.php\/2023\/06\/02\/valamire-megint-keszulnek-a-labdarugoink\/#primaryimage\",\"url\":\"https:\/\/fotsportegyesulet.hu\/wp-content\/uploads\/2023\/06\/fokep.jpg\",\"contentUrl\":\"https:\/\/fotsportegyesulet.hu\/wp-content\/uploads\/2023\/06\/fokep.jpg\",\"width\":956,\"height\":455},{\"@type\":\"BreadcrumbList\",\"@id\":\"https:\/\/fotsportegyesulet.hu\/index.php\/2023\/06\/02\/valamire-megint-keszulnek-a-labdarugoink\/#breadcrumb\",\"itemListElement\":[{\"@type\":\"ListItem\",\"position\":1,\"name\":\"Kezd\u0151lap\",\"item\":\"https:\/\/fotsportegyesulet.hu\/\"},{\"@type\":\"ListItem\",\"position\":2,\"name\":\"Valamire megint k\u00e9sz\u00fclnek a labdar\u00fag\u00f3ink!\"}]},{\"@type\":\"WebSite\",\"@id\":\"https:\/\/fotsportegyesulet.hu\/#website\",\"url\":\"https:\/\/fotsportegyesulet.hu\/\",\"name\":\"F\u00d3T SPORTEGYES\u00dcLET\",\"description\":\"\",\"publisher\":{\"@id\":\"https:\/\/fotsportegyesulet.hu\/#organization\"},\"potentialAction\":[{\"@type\":\"SearchAction\",\"target\":{\"@type\":\"EntryPoint\",\"urlTemplate\":\"https:\/\/fotsportegyesulet.hu\/?s={search_term_string}\"},\"query-input\":{\"@type\":\"PropertyValueSpecification\",\"valueRequired\":true,\"valueName\":\"search_term_string\"}}],\"inLanguage\":\"hu\"},{\"@type\":\"Organization\",\"@id\":\"https:\/\/fotsportegyesulet.hu\/#organization\",\"name\":\"F\u00f3t Sportegyes\u00fclet\",\"url\":\"https:\/\/fotsportegyesulet.hu\/\",\"logo\":{\"@type\":\"ImageObject\",\"inLanguage\":\"hu\",\"@id\":\"https:\/\/fotsportegyesulet.hu\/#\/schema\/logo\/image\/\",\"url\":\"https:\/\/fotsportegyesulet.hu\/wp-content\/uploads\/2020\/07\/eredeti-sz\u00ednes-vektoros-Fot-cimer-3.png\",\"contentUrl\":\"https:\/\/fotsportegyesulet.hu\/wp-content\/uploads\/2020\/07\/eredeti-sz\u00ednes-vektoros-Fot-cimer-3.png\",\"width\":500,\"height\":500,\"caption\":\"F\u00f3t Sportegyes\u00fclet\"},\"image\":{\"@id\":\"https:\/\/fotsportegyesulet.hu\/#\/schema\/logo\/image\/\"},\"sameAs\":[\"https:\/\/www.facebook.com\/fotsportegyesulet\/\"]},{\"@type\":\"Person\",\"@id\":\"https:\/\/fotsportegyesulet.hu\/#\/schema\/person\/8750ccb3a5183172b75dcc348ffbdbb1\",\"name\":\"F\u00f3t SE\",\"image\":{\"@type\":\"ImageObject\",\"inLanguage\":\"hu\",\"@id\":\"https:\/\/fotsportegyesulet.hu\/#\/schema\/person\/image\/\",\"url\":\"https:\/\/secure.gravatar.com\/avatar\/2f768bb7a490a49aeb2ccaf4bacc94391bbafd4b6aa54eb6f9318ffc80d81dad?s=96&d=mm&r=g\",\"contentUrl\":\"https:\/\/secure.gravatar.com\/avatar\/2f768bb7a490a49aeb2ccaf4bacc94391bbafd4b6aa54eb6f9318ffc80d81dad?s=96&d=mm&r=g\",\"caption\":\"F\u00f3t SE\"},\"sameAs\":[\"http:\/\/fotsportegyesulet.hu\"],\"url\":\"https:\/\/fotsportegyesulet.hu\/index.php\/author\/kapitany-zoltan\/\"}]}<\/script>\n<!-- \/ Yoast SEO plugin. -->","yoast_head_json":{"title":"Valamire megint k\u00e9sz\u00fclnek a labdar\u00fag\u00f3ink! - F\u00d3T SPORTEGYES\u00dcLET","robots":{"index":"index","follow":"follow","max-snippet":"max-snippet:-1","max-image-preview":"max-image-preview:large","max-video-preview":"max-video-preview:-1"},"canonical":"https:\/\/fotsportegyesulet.hu\/index.php\/2023\/06\/02\/valamire-megint-keszulnek-a-labdarugoink\/","og_locale":"hu_HU","og_type":"article","og_title":"Valamire megint k\u00e9sz\u00fclnek a labdar\u00fag\u00f3ink! - F\u00d3T SPORTEGYES\u00dcLET","og_description":"Ne felejts el jelentkezni! A r\u00e9sztvev\u0151k k\u00f6z\u00f6tt \u00e9rt\u00e9kes aj\u00e1nd\u00e9kok ker\u00fclnek kisorsol\u00e1sra!","og_url":"https:\/\/fotsportegyesulet.hu\/index.php\/2023\/06\/02\/valamire-megint-keszulnek-a-labdarugoink\/","og_site_name":"F\u00d3T SPORTEGYES\u00dcLET","article_publisher":"https:\/\/www.facebook.com\/fotsportegyesulet\/","article_published_time":"2023-06-02T08:46:04+00:00","article_modified_time":"2023-06-06T16:49:18+00:00","og_image":[{"width":1200,"height":628,"url":"https:\/\/fotsportegyesulet.hu\/wp-content\/uploads\/2023\/06\/FSE-800x240-urlap-fejlec-1200-\u00d7-628-px.png","type":"image\/png"}],"author":"F\u00f3t SE","twitter_card":"summary_large_image","twitter_misc":{"Szerz\u0151:":"F\u00f3t SE","Becs\u00fclt olvas\u00e1si id\u0151":"4 perc"},"schema":{"@context":"https:\/\/schema.org","@graph":[{"@type":"Article","@id":"https:\/\/fotsportegyesulet.hu\/index.php\/2023\/06\/02\/valamire-megint-keszulnek-a-labdarugoink\/#article","isPartOf":{"@id":"https:\/\/fotsportegyesulet.hu\/index.php\/2023\/06\/02\/valamire-megint-keszulnek-a-labdarugoink\/"},"author":{"name":"F\u00f3t SE","@id":"https:\/\/fotsportegyesulet.hu\/#\/schema\/person\/8750ccb3a5183172b75dcc348ffbdbb1"},"headline":"Valamire megint k\u00e9sz\u00fclnek a labdar\u00fag\u00f3ink!","datePublished":"2023-06-02T08:46:04+00:00","dateModified":"2023-06-06T16:49:18+00:00","mainEntityOfPage":{"@id":"https:\/\/fotsportegyesulet.hu\/index.php\/2023\/06\/02\/valamire-megint-keszulnek-a-labdarugoink\/"},"wordCount":800,"publisher":{"@id":"https:\/\/fotsportegyesulet.hu\/#organization"},"image":{"@id":"https:\/\/fotsportegyesulet.hu\/index.php\/2023\/06\/02\/valamire-megint-keszulnek-a-labdarugoink\/#primaryimage"},"thumbnailUrl":"https:\/\/fotsportegyesulet.hu\/wp-content\/uploads\/2023\/06\/fokep.jpg","articleSection":["H\u00edrek"],"inLanguage":"hu"},{"@type":"WebPage","@id":"https:\/\/fotsportegyesulet.hu\/index.php\/2023\/06\/02\/valamire-megint-keszulnek-a-labdarugoink\/","url":"https:\/\/fotsportegyesulet.hu\/index.php\/2023\/06\/02\/valamire-megint-keszulnek-a-labdarugoink\/","name":"Valamire megint k\u00e9sz\u00fclnek a labdar\u00fag\u00f3ink! - F\u00d3T SPORTEGYES\u00dcLET","isPartOf":{"@id":"https:\/\/fotsportegyesulet.hu\/#website"},"primaryImageOfPage":{"@id":"https:\/\/fotsportegyesulet.hu\/index.php\/2023\/06\/02\/valamire-megint-keszulnek-a-labdarugoink\/#primaryimage"},"image":{"@id":"https:\/\/fotsportegyesulet.hu\/index.php\/2023\/06\/02\/valamire-megint-keszulnek-a-labdarugoink\/#primaryimage"},"thumbnailUrl":"https:\/\/fotsportegyesulet.hu\/wp-content\/uploads\/2023\/06\/fokep.jpg","datePublished":"2023-06-02T08:46:04+00:00","dateModified":"2023-06-06T16:49:18+00:00","breadcrumb":{"@id":"https:\/\/fotsportegyesulet.hu\/index.php\/2023\/06\/02\/valamire-megint-keszulnek-a-labdarugoink\/#breadcrumb"},"inLanguage":"hu","potentialAction":[{"@type":"ReadAction","target":["https:\/\/fotsportegyesulet.hu\/index.php\/2023\/06\/02\/valamire-megint-keszulnek-a-labdarugoink\/"]}]},{"@type":"ImageObject","inLanguage":"hu","@id":"https:\/\/fotsportegyesulet.hu\/index.php\/2023\/06\/02\/valamire-megint-keszulnek-a-labdarugoink\/#primaryimage","url":"https:\/\/fotsportegyesulet.hu\/wp-content\/uploads\/2023\/06\/fokep.jpg","contentUrl":"https:\/\/fotsportegyesulet.hu\/wp-content\/uploads\/2023\/06\/fokep.jpg","width":956,"height":455},{"@type":"BreadcrumbList","@id":"https:\/\/fotsportegyesulet.hu\/index.php\/2023\/06\/02\/valamire-megint-keszulnek-a-labdarugoink\/#breadcrumb","itemListElement":[{"@type":"ListItem","position":1,"name":"Kezd\u0151lap","item":"https:\/\/fotsportegyesulet.hu\/"},{"@type":"ListItem","position":2,"name":"Valamire megint k\u00e9sz\u00fclnek a labdar\u00fag\u00f3ink!"}]},{"@type":"WebSite","@id":"https:\/\/fotsportegyesulet.hu\/#website","url":"https:\/\/fotsportegyesulet.hu\/","name":"F\u00d3T SPORTEGYES\u00dcLET","description":"","publisher":{"@id":"https:\/\/fotsportegyesulet.hu\/#organization"},"potentialAction":[{"@type":"SearchAction","target":{"@type":"EntryPoint","urlTemplate":"https:\/\/fotsportegyesulet.hu\/?s={search_term_string}"},"query-input":{"@type":"PropertyValueSpecification","valueRequired":true,"valueName":"search_term_string"}}],"inLanguage":"hu"},{"@type":"Organization","@id":"https:\/\/fotsportegyesulet.hu\/#organization","name":"F\u00f3t Sportegyes\u00fclet","url":"https:\/\/fotsportegyesulet.hu\/","logo":{"@type":"ImageObject","inLanguage":"hu","@id":"https:\/\/fotsportegyesulet.hu\/#\/schema\/logo\/image\/","url":"https:\/\/fotsportegyesulet.hu\/wp-content\/uploads\/2020\/07\/eredeti-sz\u00ednes-vektoros-Fot-cimer-3.png","contentUrl":"https:\/\/fotsportegyesulet.hu\/wp-content\/uploads\/2020\/07\/eredeti-sz\u00ednes-vektoros-Fot-cimer-3.png","width":500,"height":500,"caption":"F\u00f3t Sportegyes\u00fclet"},"image":{"@id":"https:\/\/fotsportegyesulet.hu\/#\/schema\/logo\/image\/"},"sameAs":["https:\/\/www.facebook.com\/fotsportegyesulet\/"]},{"@type":"Person","@id":"https:\/\/fotsportegyesulet.hu\/#\/schema\/person\/8750ccb3a5183172b75dcc348ffbdbb1","name":"F\u00f3t SE","image":{"@type":"ImageObject","inLanguage":"hu","@id":"https:\/\/fotsportegyesulet.hu\/#\/schema\/person\/image\/","url":"https:\/\/secure.gravatar.com\/avatar\/2f768bb7a490a49aeb2ccaf4bacc94391bbafd4b6aa54eb6f9318ffc80d81dad?s=96&d=mm&r=g","contentUrl":"https:\/\/secure.gravatar.com\/avatar\/2f768bb7a490a49aeb2ccaf4bacc94391bbafd4b6aa54eb6f9318ffc80d81dad?s=96&d=mm&r=g","caption":"F\u00f3t SE"},"sameAs":["http:\/\/fotsportegyesulet.hu"],"url":"https:\/\/fotsportegyesulet.hu\/index.php\/author\/kapitany-zoltan\/"}]}},"_links":{"self":[{"href":"https:\/\/fotsportegyesulet.hu\/index.php\/wp-json\/wp\/v2\/posts\/7292","targetHints":{"allow":["GET"]}}],"collection":[{"href":"https:\/\/fotsportegyesulet.hu\/index.php\/wp-json\/wp\/v2\/posts"}],"about":[{"href":"https:\/\/fotsportegyesulet.hu\/index.php\/wp-json\/wp\/v2\/types\/post"}],"author":[{"embeddable":true,"href":"https:\/\/fotsportegyesulet.hu\/index.php\/wp-json\/wp\/v2\/users\/3"}],"replies":[{"embeddable":true,"href":"https:\/\/fotsportegyesulet.hu\/index.php\/wp-json\/wp\/v2\/comments?post=7292"}],"version-history":[{"count":33,"href":"https:\/\/fotsportegyesulet.hu\/index.php\/wp-json\/wp\/v2\/posts\/7292\/revisions"}],"predecessor-version":[{"id":7419,"href":"https:\/\/fotsportegyesulet.hu\/index.php\/wp-json\/wp\/v2\/posts\/7292\/revisions\/7419"}],"wp:featuredmedia":[{"embeddable":true,"href":"https:\/\/fotsportegyesulet.hu\/index.php\/wp-json\/wp\/v2\/media\/7303"}],"wp:attachment":[{"href":"https:\/\/fotsportegyesulet.hu\/index.php\/wp-json\/wp\/v2\/media?parent=7292"}],"wp:term":[{"taxonomy":"category","embeddable":true,"href":"https:\/\/fotsportegyesulet.hu\/index.php\/wp-json\/wp\/v2\/categories?post=7292"},{"taxonomy":"post_tag","embeddable":true,"href":"https:\/\/fotsportegyesulet.hu\/index.php\/wp-json\/wp\/v2\/tags?post=7292"}],"curies":[{"name":"wp","href":"https:\/\/api.w.org\/{rel}","templated":true}]}}