{"id":6718,"date":"2023-04-12T16:47:09","date_gmt":"2023-04-12T14:47:09","guid":{"rendered":"https:\/\/fotsportegyesulet.hu\/?p=6718"},"modified":"2023-05-05T15:50:31","modified_gmt":"2023-05-05T13:50:31","slug":"fse-nyari-taborok-gyerekeknek-2023","status":"publish","type":"post","link":"https:\/\/fotsportegyesulet.hu\/index.php\/2023\/04\/12\/fse-nyari-taborok-gyerekeknek-2023\/","title":{"rendered":"FSE ny\u00e1ri t\u00e1borok gyerekeknek 2023"},"content":{"rendered":"<h2><img loading=\"lazy\" decoding=\"async\" class=\"aligncenter size-full wp-image-6729\" src=\"https:\/\/fotsportegyesulet.hu\/wp-content\/uploads\/2023\/04\/956x455-fo-plakat.jpg\" alt=\"\" width=\"956\" height=\"455\" srcset=\"https:\/\/fotsportegyesulet.hu\/wp-content\/uploads\/2023\/04\/956x455-fo-plakat.jpg 956w, https:\/\/fotsportegyesulet.hu\/wp-content\/uploads\/2023\/04\/956x455-fo-plakat-300x143.jpg 300w, https:\/\/fotsportegyesulet.hu\/wp-content\/uploads\/2023\/04\/956x455-fo-plakat-768x366.jpg 768w\" sizes=\"auto, (max-width: 956px) 100vw, 956px\" \/><\/h2>\n<h2>Te melyik ny\u00e1ri t\u00e1borba menn\u00e9l sz\u00edvesen?<\/h2>\n<h2>A F\u00f3t Sportegyes\u00fclet id\u00e9n is szeretettel v\u00e1rja a gyerekeket, di\u00e1kokat j\u00faniust\u00f3l augusztusig ny\u00e1ri t\u00e1boraiba!<\/h2>\n<h4>2023-ban is sz\u00e1mos ny\u00e1ri t\u00e1borral v\u00e1rjuk a gyerekeket. Ezen az oldalon gy\u0171jt\u00f6tt\u00fck \u00f6ssze a lehet\u0151s\u00e9geket, amit folyamatosan b\u0151v\u00edt\u00fcnk. A jelentkez\u00e9si lehet\u0151s\u00e9g (online, vagy nyomtathat\u00f3 jelentkez\u00e9si lap) az oldal alj\u00e1n tal\u00e1lhat\u00f3!<\/h4>\n\n<table id=\"tablepress-3\" class=\"tablepress tablepress-id-3 tablepress-responsive\">\n<thead>\n<tr class=\"row-1\">\n\t<th class=\"column-1\">D\u00c1TUM<\/th><th class=\"column-2\">SPORT<\/th><th class=\"column-3\">KOROSZT\u00c1LY<\/th><th class=\"column-4\">HELYSZ\u00cdN<\/th>\n<\/tr>\n<\/thead>\n<tbody class=\"row-striping row-hover\">\n<tr class=\"row-2\">\n\t<td class=\"column-1\">j\u00falius 3-7.<\/td><td class=\"column-2\">Atl\u00e9tika t\u00e1bor <\/td><td class=\"column-3\">6 \u00e9ves kort\u00f3l<\/td><td class=\"column-4\">FSE sporttelep<\/td>\n<\/tr>\n<tr class=\"row-3\">\n\t<td class=\"column-1\">j\u00falius 3-7.<\/td><td class=\"column-2\">Angol t\u00e1bor<\/td><td class=\"column-3\">6-13 \u00e9ves<\/td><td class=\"column-4\">F\u00f3ti t\u00f3, Ifj\u00fas\u00e1gi terem<\/td>\n<\/tr>\n<tr class=\"row-4\">\n\t<td class=\"column-1\">j\u00fanius 19-23.<\/td><td class=\"column-2\">Fit-kid t\u00e1bor<\/td><td class=\"column-3\">4-14 \u00e9ves<\/td><td class=\"column-4\">M\u0171vel\u0151d\u00e9si h\u00e1z<\/td>\n<\/tr>\n<tr class=\"row-5\">\n\t<td class=\"column-1\">augusztus 21-25.<\/td><td class=\"column-2\">Fit-kid t\u00e1bor<\/td><td class=\"column-3\">4-14 \u00e9ves<\/td><td class=\"column-4\">M\u0171vel\u0151d\u00e9si h\u00e1z<\/td>\n<\/tr>\n<tr class=\"row-6\">\n\t<td class=\"column-1\">j\u00fanius 19-23.<\/td><td class=\"column-2\">K\u00e9zilabda t\u00e1bor<\/td><td class=\"column-3\">9-14 \u00e9ves<\/td><td class=\"column-4\">F\u00e1y suli<\/td>\n<\/tr>\n<tr class=\"row-7\">\n\t<td class=\"column-1\">j\u00fanius 19-23.<\/td><td class=\"column-2\">Foci t\u00e1bor<\/td><td class=\"column-3\">7-15 \u00e9ves<\/td><td class=\"column-4\">FSE sporttelep<\/td>\n<\/tr>\n<tr class=\"row-8\">\n\t<td class=\"column-1\">j\u00falius 17-21.<\/td><td class=\"column-2\">Foci t\u00e1bor<\/td><td class=\"column-3\">7-15 \u00e9ves<\/td><td class=\"column-4\">FSE sporttelep<\/td>\n<\/tr>\n<tr class=\"row-9\">\n\t<td class=\"column-1\">augusztus 14-18.<\/td><td class=\"column-2\">Foci t\u00e1bor<\/td><td class=\"column-3\">7-15 \u00e9ves<\/td><td class=\"column-4\">FSE sporttelep<\/td>\n<\/tr>\n<tr class=\"row-10\">\n\t<td class=\"column-1\">j\u00fanius 19-23.<\/td><td class=\"column-2\">Kos\u00e1rlabda t\u00e1bor<\/td><td class=\"column-3\">7-14 \u00e9ves<\/td><td class=\"column-4\">F\u00f3t Phoenix Sportcsarnok<\/td>\n<\/tr>\n<tr class=\"row-11\">\n\t<td class=\"column-1\">j\u00fanius 26-30.<\/td><td class=\"column-2\">Kos\u00e1rlabda t\u00e1bor<\/td><td class=\"column-3\">7-14 \u00e9ves<\/td><td class=\"column-4\">F\u00f3t Phoenix Sportcsarnok<\/td>\n<\/tr>\n<tr class=\"row-12\">\n\t<td class=\"column-1\">j\u00fanius 19-23.<\/td><td class=\"column-2\">Ritmikus gimnasztika t\u00e1bor<\/td><td class=\"column-3\">5-14 \u00e9ves<\/td><td class=\"column-4\">F\u00f3t Phoenix Sportcsarnok<\/td>\n<\/tr>\n<tr class=\"row-13\">\n\t<td class=\"column-1\">j\u00fanius 26-30.<\/td><td class=\"column-2\">Ritmikus gimnasztika t\u00e1bor<\/td><td class=\"column-3\">5-14 \u00e9ves<\/td><td class=\"column-4\">F\u00f3t Phoenix Sportcsarnok<\/td>\n<\/tr>\n<tr class=\"row-14\">\n\t<td class=\"column-1\">j\u00falius 3-7.<\/td><td class=\"column-2\">Ritmikus gimnasztika t\u00e1bor<\/td><td class=\"column-3\">5-14 \u00e9ves<\/td><td class=\"column-4\">F\u00f3t Phoenix Sportcsarnok<\/td>\n<\/tr>\n<tr class=\"row-15\">\n\t<td class=\"column-1\">j\u00falius 10-14.<\/td><td class=\"column-2\">Ritmikus gimnasztika t\u00e1bor<\/td><td class=\"column-3\">5-14 \u00e9ves<\/td><td class=\"column-4\">F\u00f3t Phoenix Sportcsarnok<\/td>\n<\/tr>\n<tr class=\"row-16\">\n\t<td class=\"column-1\">j\u00fanius 19-23.<\/td><td class=\"column-2\">T\u00e1nc t\u00e1bor<\/td><td class=\"column-3\">3 \u00e9ves kort\u00f3l<\/td><td class=\"column-4\">Szent \u00c1goston iskola<\/td>\n<\/tr>\n<tr class=\"row-17\">\n\t<td class=\"column-1\">j\u00fanius 26-30.<\/td><td class=\"column-2\">T\u00e1nc t\u00e1bor<\/td><td class=\"column-3\">3 \u00e9ves kort\u00f3l<\/td><td class=\"column-4\">Szent \u00c1goston iskola<\/td>\n<\/tr>\n<tr class=\"row-18\">\n\t<td class=\"column-1\">j\u00falius 3-7.<\/td><td class=\"column-2\">T\u00e1nc t\u00e1bor<\/td><td class=\"column-3\">csak ovisoknak<\/td><td class=\"column-4\">Szent \u00c1goston iskola<\/td>\n<\/tr>\n<tr class=\"row-19\">\n\t<td class=\"column-1\">j\u00fanius 26-30.<\/td><td class=\"column-2\">V\u00edv\u00f3 t\u00e1bor<\/td><td class=\"column-3\">8-17 \u00e9ves<\/td><td class=\"column-4\">F\u00e1y suli<\/td>\n<\/tr>\n<tr class=\"row-20\">\n\t<td class=\"column-1\">j\u00falius 31 - augusztus. 4.<\/td><td class=\"column-2\">V\u00edv\u00f3 t\u00e1bor<\/td><td class=\"column-3\">8-17 \u00e9ves<\/td><td class=\"column-4\">F\u00e1y suli<\/td>\n<\/tr>\n<\/tbody>\n<\/table>\n<!-- #tablepress-3 from cache -->\n<p>&nbsp;<\/p>\n<p><img loading=\"lazy\" decoding=\"async\" class=\"size-large wp-image-6763 aligncenter\" src=\"https:\/\/fotsportegyesulet.hu\/wp-content\/uploads\/2023\/04\/Angol-tabor-2023-plakat-724x1024.png\" alt=\"\" width=\"724\" height=\"1024\" srcset=\"https:\/\/fotsportegyesulet.hu\/wp-content\/uploads\/2023\/04\/Angol-tabor-2023-plakat-724x1024.png 724w, https:\/\/fotsportegyesulet.hu\/wp-content\/uploads\/2023\/04\/Angol-tabor-2023-plakat-212x300.png 212w, https:\/\/fotsportegyesulet.hu\/wp-content\/uploads\/2023\/04\/Angol-tabor-2023-plakat-768x1086.png 768w, https:\/\/fotsportegyesulet.hu\/wp-content\/uploads\/2023\/04\/Angol-tabor-2023-plakat-1086x1536.png 1086w, https:\/\/fotsportegyesulet.hu\/wp-content\/uploads\/2023\/04\/Angol-tabor-2023-plakat.png 1414w\" sizes=\"auto, (max-width: 724px) 100vw, 724px\" \/><\/p>\n<h2>Angol t\u00e1bor<\/h2>\n<p><strong>Id\u0151pont:<br \/>\n<\/strong>2023. j\u00falius 03-07.<\/p>\n<p><strong>Helysz\u00edn: <\/strong>F\u00f3ti-t\u00f3<\/p>\n<p><strong>El\u00e9rhet\u0151s\u00e9g:<br \/>\n<\/strong>Elek Andrea<br \/>\nTel: 0630\/335-7041<br \/>\ne-mail: elekandrea31@gmail.com<\/p>\n<h2><img loading=\"lazy\" decoding=\"async\" class=\" wp-image-5475 aligncenter\" src=\"https:\/\/fotsportegyesulet.hu\/wp-content\/uploads\/2022\/09\/IMG_20220910_094356-1-1024x768.jpg\" alt=\"\" width=\"853\" height=\"640\" srcset=\"https:\/\/fotsportegyesulet.hu\/wp-content\/uploads\/2022\/09\/IMG_20220910_094356-1-1024x768.jpg 1024w, https:\/\/fotsportegyesulet.hu\/wp-content\/uploads\/2022\/09\/IMG_20220910_094356-1-300x225.jpg 300w, https:\/\/fotsportegyesulet.hu\/wp-content\/uploads\/2022\/09\/IMG_20220910_094356-1-768x576.jpg 768w, https:\/\/fotsportegyesulet.hu\/wp-content\/uploads\/2022\/09\/IMG_20220910_094356-1-1536x1152.jpg 1536w, https:\/\/fotsportegyesulet.hu\/wp-content\/uploads\/2022\/09\/IMG_20220910_094356-1-2048x1536.jpg 2048w\" sizes=\"auto, (max-width: 853px) 100vw, 853px\" \/><b><\/b><b>Atl\u00e9tika t\u00e1bor<\/b><\/h2>\n<p><b>Id\u0151pont:<br \/>\n<\/b><span style=\"font-weight: 400;\">2023. j\u00falius 3-7.<\/span><\/p>\n<p><b>Helysz\u00edn:<\/b><span style=\"font-weight: 400;\"> FSE sporttelep<\/span><\/p>\n<p><b>Koroszt\u00e1ly: <\/b><span style=\"font-weight: 400;\">6 \u00e9ves kort\u00f3l<\/span><\/p>\n<p><strong>El\u00e9rhet\u0151s\u00e9g:<br \/>\n<\/strong>T\u00f3thn\u00e9 Nagy Zs\u00f3fia<br \/>\ne-mail: tothne.nagy.zsofia@fotsportegyesulet.hu<\/p>\n<p>&nbsp;<\/p>\n<h2><img loading=\"lazy\" decoding=\"async\" class=\"size-large wp-image-5203 aligncenter\" src=\"https:\/\/fotsportegyesulet.hu\/wp-content\/uploads\/2022\/09\/DSC00095-01-1024x629.jpeg\" alt=\"\" width=\"1024\" height=\"629\" srcset=\"https:\/\/fotsportegyesulet.hu\/wp-content\/uploads\/2022\/09\/DSC00095-01-1024x629.jpeg 1024w, https:\/\/fotsportegyesulet.hu\/wp-content\/uploads\/2022\/09\/DSC00095-01-300x184.jpeg 300w, https:\/\/fotsportegyesulet.hu\/wp-content\/uploads\/2022\/09\/DSC00095-01-768x472.jpeg 768w, https:\/\/fotsportegyesulet.hu\/wp-content\/uploads\/2022\/09\/DSC00095-01-1536x943.jpeg 1536w, https:\/\/fotsportegyesulet.hu\/wp-content\/uploads\/2022\/09\/DSC00095-01-2048x1257.jpeg 2048w\" sizes=\"auto, (max-width: 1024px) 100vw, 1024px\" \/><b><\/b><b>Fit-kid t\u00e1bor<\/b><\/h2>\n<p><b>Id\u0151pontok:<br \/>\n<\/b>2023. j\u00fanius 19-23.<br \/>\n2023. augusztus 21-25.<\/p>\n<p><b>Helysz\u00edn: <\/b><span style=\"font-weight: 400;\">V\u00f6r\u00f6smarty M\u0171vel\u0151d\u00e9si h\u00e1z<\/span><\/p>\n<p><b>Koroszt\u00e1ly: <\/b><span style=\"font-weight: 400;\">4-14 \u00e9ves kor k\u00f6z\u00f6tt<br \/>\n<\/span><strong>T\u00e1bor d\u00edja: <\/strong>39 000 Forint<\/p>\n<p><strong>El\u00e9rhet\u0151s\u00e9g:<br \/>\n<\/strong>Mezei Eszter<br \/>\nTel: 0670\/367-5327<br \/>\ne-mail: eszter@mezeieszter.hu<\/p>\n<h4><\/h4>\n<h2><img loading=\"lazy\" decoding=\"async\" class=\"size-full wp-image-2697 aligncenter\" src=\"https:\/\/fotsportegyesulet.hu\/wp-content\/uploads\/2021\/08\/208348392_969943320404567_4034959367760173429_n.jpg\" alt=\"\" width=\"960\" height=\"432\" srcset=\"https:\/\/fotsportegyesulet.hu\/wp-content\/uploads\/2021\/08\/208348392_969943320404567_4034959367760173429_n.jpg 960w, https:\/\/fotsportegyesulet.hu\/wp-content\/uploads\/2021\/08\/208348392_969943320404567_4034959367760173429_n-300x135.jpg 300w, https:\/\/fotsportegyesulet.hu\/wp-content\/uploads\/2021\/08\/208348392_969943320404567_4034959367760173429_n-768x346.jpg 768w\" sizes=\"auto, (max-width: 960px) 100vw, 960px\" \/><b><\/b><b>K\u00e9zilabda t\u00e1bor<\/b><\/h2>\n<p><b>Id\u0151pont:<br \/>\n<\/b><span style=\"font-weight: 400;\">2023. j\u00fanius 19-23.<\/span><\/p>\n<p><b>Helysz\u00edn: <\/b><span style=\"font-weight: 400;\">F\u00e1y Andr\u00e1s \u00c1ltal\u00e1nos Iskola<\/span><\/p>\n<p><b>Koroszt\u00e1ly: <\/b><span style=\"font-weight: 400;\">9-14 \u00e9ves kor k\u00f6z\u00f6tt<\/span><\/p>\n<p><strong>El\u00e9rhet\u0151s\u00e9g:<br \/>\n<\/strong>Jakab Kriszti\u00e1n<br \/>\ne-mail: giacomo2006@vipmail.hu<\/p>\n<h4><\/h4>\n<h2><img loading=\"lazy\" decoding=\"async\" class=\"size-large wp-image-4488 aligncenter\" src=\"https:\/\/fotsportegyesulet.hu\/wp-content\/uploads\/2022\/05\/web2-1024x487.jpg\" alt=\"\" width=\"1024\" height=\"487\" srcset=\"https:\/\/fotsportegyesulet.hu\/wp-content\/uploads\/2022\/05\/web2-1024x487.jpg 1024w, https:\/\/fotsportegyesulet.hu\/wp-content\/uploads\/2022\/05\/web2-300x143.jpg 300w, https:\/\/fotsportegyesulet.hu\/wp-content\/uploads\/2022\/05\/web2-768x365.jpg 768w, https:\/\/fotsportegyesulet.hu\/wp-content\/uploads\/2022\/05\/web2-1536x731.jpg 1536w, https:\/\/fotsportegyesulet.hu\/wp-content\/uploads\/2022\/05\/web2.jpg 1992w\" sizes=\"auto, (max-width: 1024px) 100vw, 1024px\" \/><b><\/b><b>Foci t\u00e1bor<\/b><\/h2>\n<p><b>Id\u0151pontok:<\/b><span style=\"font-weight: 400;\"><br \/>\n<\/span>2023. j\u00fanius 19-23.<br \/>\n2023. j\u00falius 17-21.<br \/>\n2023. augusztus 14-18.<\/p>\n<p><b>Helysz\u00edn<\/b><span style=\"font-weight: 400;\">: FSE sporttelep<\/span><\/p>\n<p><b>Koroszt\u00e1ly:<\/b><span style=\"font-weight: 400;\"> 7-15 \u00e9ves kor k\u00f6z\u00f6tt<\/span><\/p>\n<p><strong>T\u00e1bor d\u00edja:<\/strong> \u00a0FSE tagoknak: 30 000 Ft\/f\u0151\/h\u00e9t, testv\u00e9rkedvezm\u00e9nnyel 27 000 Ft\/f\u0151\/h\u00e9t<br \/>\nK\u00fcls\u0151s gyerekeknek: 32 000 Ft\/f\u0151\/h\u00e9t, testv\u00e9rkedvezm\u00e9nnyel 29 000 Ft\/f\u0151\/h\u00e9t<\/p>\n<p><strong>El\u00e9rhet\u0151s\u00e9g:<br \/>\n<\/strong>Tel: 0620\/231-1931<br \/>\ne-mail: adminisztracio@fotsportegyesulet.hu<\/p>\n<p><img loading=\"lazy\" decoding=\"async\" class=\"size-large wp-image-6783 aligncenter\" src=\"https:\/\/fotsportegyesulet.hu\/wp-content\/uploads\/2023\/04\/Nyari_Tabor_Plakat_2023-1-1-724x1024.jpg\" alt=\"\" width=\"724\" height=\"1024\" srcset=\"https:\/\/fotsportegyesulet.hu\/wp-content\/uploads\/2023\/04\/Nyari_Tabor_Plakat_2023-1-1-724x1024.jpg 724w, https:\/\/fotsportegyesulet.hu\/wp-content\/uploads\/2023\/04\/Nyari_Tabor_Plakat_2023-1-1-212x300.jpg 212w, https:\/\/fotsportegyesulet.hu\/wp-content\/uploads\/2023\/04\/Nyari_Tabor_Plakat_2023-1-1-768x1086.jpg 768w, https:\/\/fotsportegyesulet.hu\/wp-content\/uploads\/2023\/04\/Nyari_Tabor_Plakat_2023-1-1-1086x1536.jpg 1086w, https:\/\/fotsportegyesulet.hu\/wp-content\/uploads\/2023\/04\/Nyari_Tabor_Plakat_2023-1-1-1448x2048.jpg 1448w, https:\/\/fotsportegyesulet.hu\/wp-content\/uploads\/2023\/04\/Nyari_Tabor_Plakat_2023-1-1.jpg 1587w\" sizes=\"auto, (max-width: 724px) 100vw, 724px\" \/><\/p>\n<h2><b>Kos\u00e1rlabda t\u00e1bor<\/b><\/h2>\n<p><b>Id\u0151pontok:<br \/>\n<\/b>2023. j\u00fanius 19-23.<br \/>\n2023. j\u00fanius 26-30.<\/p>\n<p><b>Helysz\u00edn: <\/b>Phoenix Sportcsarnok F\u00f3t (2151 F\u00f3t, Sport utca 10.)<\/p>\n<p><b>Koroszt\u00e1ly: <\/b>6-14 \u00e9ves kor k\u00f6z\u00f6tt<\/p>\n<p><strong>El\u00e9rhet\u0151s\u00e9g:<br \/>\n<\/strong><\/p>\n<p>P\u00e1li G\u00e1bor<\/p>\n<p>Tel: 0670\/200-6548<\/p>\n<p>e-mail: paligaboristvan@gmail.com<\/p>\n<p>Erre a t\u00e1borra k\u00fcl\u00f6n linken lehet jelentkezni:<br \/>\n<a href=\"https:\/\/fot-se-kosarlabda-7.webnode.hu\/kepzotabor\/\"><b>https:\/\/fot-se-kosarlabda-7.webnode.hu\/kepzotabor\/<\/b><\/a><\/p>\n<h2><img loading=\"lazy\" decoding=\"async\" class=\"size-full wp-image-6719 aligncenter\" src=\"https:\/\/fotsportegyesulet.hu\/wp-content\/uploads\/2023\/04\/RG_NYARI-TABOR-KULSOS-jpeg.jpg\" alt=\"\" width=\"834\" height=\"550\" srcset=\"https:\/\/fotsportegyesulet.hu\/wp-content\/uploads\/2023\/04\/RG_NYARI-TABOR-KULSOS-jpeg.jpg 834w, https:\/\/fotsportegyesulet.hu\/wp-content\/uploads\/2023\/04\/RG_NYARI-TABOR-KULSOS-jpeg-300x198.jpg 300w, https:\/\/fotsportegyesulet.hu\/wp-content\/uploads\/2023\/04\/RG_NYARI-TABOR-KULSOS-jpeg-768x506.jpg 768w\" sizes=\"auto, (max-width: 834px) 100vw, 834px\" \/><b><\/b><b>Ritmikus gimnasztika t\u00e1bor<\/b><\/h2>\n<p><b>Id\u0151pontok:<br \/>\n<\/b>2023. j\u00fanius 19-23.<br \/>\n2023. j\u00fanius 26-30.<br \/>\n2023. j\u00falius 03-07.<br \/>\n2023. j\u00falius 10-14.<\/p>\n<p><b>Helysz\u00edn: <\/b><span style=\"font-weight: 400;\">F\u00f3ti Phoenix sportcsarnok<\/span><\/p>\n<p><b>Koroszt\u00e1ly: <\/b><span style=\"font-weight: 400;\">5-14 \u00e9ves kor k\u00f6z\u00f6tt<\/span><\/p>\n<p><strong>El\u00e9rhet\u0151s\u00e9g:<br \/>\n<\/strong>Pesti Andrea<br \/>\nTel: 0620\/542-3350<\/p>\n<h4><\/h4>\n<h2><img loading=\"lazy\" decoding=\"async\" class=\"size-large wp-image-6720 aligncenter\" src=\"https:\/\/fotsportegyesulet.hu\/wp-content\/uploads\/2023\/04\/Modern-tanc_Nyari-Napkozis-Tanctabor-724x1024.png\" alt=\"\" width=\"724\" height=\"1024\" srcset=\"https:\/\/fotsportegyesulet.hu\/wp-content\/uploads\/2023\/04\/Modern-tanc_Nyari-Napkozis-Tanctabor-724x1024.png 724w, https:\/\/fotsportegyesulet.hu\/wp-content\/uploads\/2023\/04\/Modern-tanc_Nyari-Napkozis-Tanctabor-212x300.png 212w, https:\/\/fotsportegyesulet.hu\/wp-content\/uploads\/2023\/04\/Modern-tanc_Nyari-Napkozis-Tanctabor-768x1086.png 768w, https:\/\/fotsportegyesulet.hu\/wp-content\/uploads\/2023\/04\/Modern-tanc_Nyari-Napkozis-Tanctabor-1086x1536.png 1086w, https:\/\/fotsportegyesulet.hu\/wp-content\/uploads\/2023\/04\/Modern-tanc_Nyari-Napkozis-Tanctabor-1448x2048.png 1448w, https:\/\/fotsportegyesulet.hu\/wp-content\/uploads\/2023\/04\/Modern-tanc_Nyari-Napkozis-Tanctabor.png 1587w\" sizes=\"auto, (max-width: 724px) 100vw, 724px\" \/><b><\/b><b>T\u00e1nc t\u00e1bor<\/b><\/h2>\n<p><b>Id\u0151pontok:<br \/>\n<\/b>2023. j\u00fanius 19-23.<br \/>\n2023. j\u00fanius 26-30.<br \/>\n2023. j\u00falius 03-07. k\u00f6z\u00f6tt (csak ovisoknak)<\/p>\n<p><b>Helysz\u00edn:<\/b><span style=\"font-weight: 400;\"> Szent \u00c1goston \u00c1lt. Isk.<\/span><\/p>\n<p><b>Koroszt\u00e1ly: <\/b><span style=\"font-weight: 400;\">3 \u00e9ves kort\u00f3l<\/span><\/p>\n<p><strong>El\u00e9rhet\u0151s\u00e9g:<br \/>\n<\/strong>F\u00e1bi\u00e1n T\u00edmea<br \/>\nTel: 0620\/559-4550<br \/>\ne-mail: fabian.timea.4m@gmail.com<\/p>\n<h4><\/h4>\n<h2><img loading=\"lazy\" decoding=\"async\" class=\" wp-image-6345 aligncenter\" src=\"https:\/\/fotsportegyesulet.hu\/wp-content\/uploads\/2023\/03\/SZL05944.jpg\" alt=\"\" width=\"880\" height=\"586\" srcset=\"https:\/\/fotsportegyesulet.hu\/wp-content\/uploads\/2023\/03\/SZL05944.jpg 1000w, https:\/\/fotsportegyesulet.hu\/wp-content\/uploads\/2023\/03\/SZL05944-300x200.jpg 300w, https:\/\/fotsportegyesulet.hu\/wp-content\/uploads\/2023\/03\/SZL05944-768x511.jpg 768w, https:\/\/fotsportegyesulet.hu\/wp-content\/uploads\/2023\/03\/SZL05944-272x182.jpg 272w\" sizes=\"auto, (max-width: 880px) 100vw, 880px\" \/><b><\/b><b>V\u00edv\u00f3 t\u00e1bor<\/b><\/h2>\n<p><b>Id\u0151pontok:<br \/>\n<\/b>2023. j\u00fanius. 26 -30.<br \/>\n2023. j\u00falius. 31 &#8211; augusztus.04.<\/p>\n<p><b>Helysz\u00edn: <\/b><b>\u00a0F\u00e1y iskola<\/b><\/p>\n<p><strong>T\u00e1bor d\u00edja:<\/strong> 33 000 Ft\/ f\u0151 &#8211; 10% testv\u00e9rkedvezm\u00e9ny<\/p>\n<p><strong>El\u00e9rhet\u0151s\u00e9g:<br \/>\n<\/strong>Fiedler Ferenc<br \/>\nTel:0620\/934-9677<br \/>\ne-mail: vivas.fot@gmail.com<\/p>\n<p>&nbsp;<\/p>\n<h2>T\u00e1borainkba a k\u00f6vetkez\u0151 linkekre kattintva tudtok\u00a0 jelentkezni:<\/h2>\n<p><strong><a href=\"https:\/\/forms.gle\/sqENm1uTqWiFn3Fu8\">Online jelentkez\u00e9si link itt &gt;&gt;<\/a><\/strong><\/p>\n<p><strong><a href=\"https:\/\/fotsportegyesulet.hu\/wp-content\/uploads\/2023\/04\/Nyari-tabor-Jelentkezesi-lap-2023.pdf\" target=\"_blank\" rel=\"noopener\">Let\u00f6lthet\u0151 jelentkez\u00e9si lap itt<\/a><\/strong><a href=\"https:\/\/fotsportegyesulet.hu\/wp-content\/uploads\/2023\/04\/Nyari-tabor-Jelentkezesi-lap-2023.pdf\" target=\"_blank\" rel=\"noopener\"> &gt;&gt;<\/a><\/p>\n<h2>A ny\u00e1ri t\u00e1borhoz sz\u00fcks\u00e9ges r\u00e9szletes inform\u00e1ci\u00f3k:<\/h2>\n<p>Az egyes turnusok befogad\u00f3k\u00e9pess\u00e9ge limit\u00e1lt, k\u00e9rj\u00fck jelentkez\u00e9skor vegy\u00e9k fel a kapcsolatot a szervez\u0151vel a megadott el\u00e9rhet\u0151s\u00e9geken.<\/p>\n<p>A jelentkez\u00e9s a t\u00e1bor d\u00edj\u00e1nak elutal\u00e1s\u00e1t \u00e9s a jelentkez\u00e9si lap kit\u00f6lt\u00e9s\u00e9t, illetve annak elk\u00fcld\u00e9s\u00e9t k\u00f6vet\u0151en v\u00e1lik v\u00e9glegess\u00e9 (edz\u0151knek adhat\u00f3 a nyomtatott jelentkez\u00e9si lap vagy e-mailen k\u00fcldhet\u0151 vagy ezen \u0171rlap kit\u00f6lt\u00e9s\u00e9vel).<\/p>\n<p>K\u00e9rj\u00fck banki utal\u00e1sn\u00e1l, a megjegyz\u00e9s rovatba felt\u00fcntetni a gyermek nev\u00e9t \u00e9s a v\u00e1lasztott t\u00e1bor id\u0151pontj\u00e1t \u00e9s a t\u00e1bor pontos nev\u00e9t!<br \/>\nPl.: Kis Ern\u0151 2. turnus_ Tenisz t\u00e1bor<\/p>\n<p>A t\u00e1borok d\u00edj\u00e1nak \u00e1tutal\u00e1s\u00e1t k\u00f6vet\u0151en rendszer\u00fcnk egy feldolgoz\u00f3 e-mailt k\u00fcld ki minden jelentkez\u0151nek, ami megv\u00e1laszol\u00e1st nem ig\u00e9nyel!<\/p>\n<p>Az F\u00f3t Sportegyes\u00fclet banksz\u00e1mlasz\u00e1ma, ahov\u00e1 az utal\u00e1st v\u00e1rjuk:<br \/>\nKedvezm\u00e9nyezett neve: F\u00f3t Sportegyes\u00fclet<br \/>\nSz\u00e1mlasz\u00e1m: 66000028-15401469 Takar\u00e9kbank Zrt.<\/p>\n<h4>Labd\u00e1s\u00fcgyess\u00e9gi t\u00e1borunkba a k\u00f6vetkez\u0151 linkre kattintva tudtok:<\/h4>\n<p><a href=\"https:\/\/fot-se-kosarlabda-7.webnode.hu\/kepzotabor\/\">https:\/\/fot-se-kosarlabda-7.webnode.hu\/kepzotabor\/<\/a><\/p>\n<p>K\u00e9rd\u00e9s eset\u00e9n a k\u00f6vetkez\u0151 el\u00e9rhet\u0151s\u00e9geken tudnak \u00e9rdekl\u0151dni:<\/p>\n<p><strong>K\u00f6zponti Inform\u00e1ci\u00f3:<br \/>\n<\/strong>F\u00f3t Sportegyes\u00fclet<br \/>\nTel: 0620\/231-1931<br \/>\ne-mail: adminisztracio@fotsportegyesulet.hu<\/p>\n<p>A jelentlez\u00e9si lap kit\u00f6lt\u00e9s\u00e9vel elfogadja a F\u00f3t Sportegyes\u00fclet Adatkezel\u00e9si nyilatkozat\u00e1t, melyet itt olvashat:<br \/>\n<a href=\"https:\/\/fotsportegyesulet.hu\/wp-content\/uploads\/2021\/05\/Adatkezelesi-nyilatkozat_Fot.pdf\">https:\/\/fotsportegyesulet.hu\/wp-content\/uploads\/2021\/05\/Adatkezelesi-nyilatkozat_Fot.pdf<\/a><br \/>\nTov\u00e1bb\u00e1 elfogadja, hogy a F\u00f3t Sportegyes\u00fclet a t\u00e1borok ideje alatt k\u00e9peket\/vide\u00f3kat k\u00e9sz\u00edt, melyeket marketing c\u00e9lokra felhaszn\u00e1l, k\u00fcls\u0151s partnereinek tov\u00e1bbi felhaszn\u00e1l\u00e1s c\u00e9lj\u00e1b\u00f3l azokat megosztja.<\/p>\n<p>A t\u00e1boraink \u00e1rai t\u00e1j\u00e9koztat\u00f3 jelleg\u0171ek, a v\u00e1ltoztat\u00e1s jog\u00e1t fenntartjuk! T\u00e1boraink helysz\u00ednei az id\u0151j\u00e1r\u00e1st\u00f3l- l\u00e9tsz\u00e1mt\u00f3l f\u00fcgg\u0151en v\u00e1ltozhatnak! K\u00e9r\u00fcnk mindenkit, hogy a fentiekben megadott el\u00e9rhet\u0151s\u00e9geken \u00e9rdekl\u0151dj\u00f6n a pontos inform\u00e1ci\u00f3\u00e9rt!<\/p>\n<p>Sok szeretettel v\u00e1runk minden t\u00e1borozni v\u00e1gy\u00f3 gyereket!<\/p>\n<h4>Hajr\u00e1 F\u00f3t!<\/h4>\n<p>Tov\u00e1bbi\u00a0<a href=\"https:\/\/fotsportegyesulet.hu\/index.php\/hirek2\/\" target=\"_blank\" rel=\"noopener\">h\u00edrenket itt olvashatja<\/a>, k\u00f6vesse\u00a0<a href=\"https:\/\/www.facebook.com\/fotsportegyesulet\" target=\"_blank\" rel=\"noopener\">Facebook<\/a>\u00a0\u00e9s\u00a0<a href=\"https:\/\/www.instagram.com\/fot_sportegyesulet\/\" target=\"_blank\" rel=\"noopener\">Instagram<\/a>\u00a0oldalunkat is!<\/p>\n","protected":false},"excerpt":{"rendered":"<p>Id\u00e9n sem maradhatnak el az FSE ny\u00e1ri t\u00e1borai! V\u00e1runk mindenkit sok szeretettel!<\/p>\n","protected":false},"author":3,"featured_media":6729,"comment_status":"closed","ping_status":"open","sticky":false,"template":"","format":"standard","meta":{"_bbp_topic_count":0,"_bbp_reply_count":0,"_bbp_total_topic_count":0,"_bbp_total_reply_count":0,"_bbp_voice_count":0,"_bbp_anonymous_reply_count":0,"_bbp_topic_count_hidden":0,"_bbp_reply_count_hidden":0,"_bbp_forum_subforum_count":0,"_price":"","_stock":"","_tribe_ticket_header":"","_tribe_default_ticket_provider":"","_ticket_start_date":"","_ticket_end_date":"","_tribe_ticket_show_description":"","_tribe_ticket_show_not_going":false,"_tribe_ticket_use_global_stock":"","_tribe_ticket_global_stock_level":"","_global_stock_mode":"","_global_stock_cap":"","_tribe_rsvp_for_event":"","_tribe_ticket_going_count":"","_tribe_ticket_not_going_count":"","_tribe_tickets_list":"[]","_tribe_ticket_has_attendee_info_fields":false,"footnotes":""},"categories":[1,76],"tags":[],"class_list":["post-6718","post","type-post","status-publish","format-standard","has-post-thumbnail","hentry","category-hirek","category-kiemelt-hir"],"yoast_head":"<!-- This site is optimized with the Yoast SEO plugin v25.7 - https:\/\/yoast.com\/wordpress\/plugins\/seo\/ -->\n<title>FSE ny\u00e1ri t\u00e1borok gyerekeknek 2023 - F\u00d3T SPORTEGYES\u00dcLET<\/title>\n<meta name=\"description\" content=\"2023-ban is sz\u00e1mos ny\u00e1ri t\u00e1borral v\u00e1rjuk a gyerekeket. Ezen az oldalon gy\u0171jt\u00f6tt\u00fck \u00f6ssze a lehet\u0151s\u00e9gket, amit folyamatosan b\u0151v\u00edt\u00fcnk.\" \/>\n<meta name=\"robots\" content=\"index, follow, max-snippet:-1, max-image-preview:large, max-video-preview:-1\" \/>\n<link rel=\"canonical\" href=\"https:\/\/fotsportegyesulet.hu\/index.php\/2023\/04\/12\/fse-nyari-taborok-gyerekeknek-2023\/\" \/>\n<meta property=\"og:locale\" content=\"hu_HU\" \/>\n<meta property=\"og:type\" content=\"article\" \/>\n<meta property=\"og:title\" content=\"FSE ny\u00e1ri t\u00e1borok gyerekeknek 2023 - F\u00d3T SPORTEGYES\u00dcLET\" \/>\n<meta property=\"og:description\" content=\"2023-ban is sz\u00e1mos ny\u00e1ri t\u00e1borral v\u00e1rjuk a gyerekeket. Ezen az oldalon gy\u0171jt\u00f6tt\u00fck \u00f6ssze a lehet\u0151s\u00e9gket, amit folyamatosan b\u0151v\u00edt\u00fcnk.\" \/>\n<meta property=\"og:url\" content=\"https:\/\/fotsportegyesulet.hu\/index.php\/2023\/04\/12\/fse-nyari-taborok-gyerekeknek-2023\/\" \/>\n<meta property=\"og:site_name\" content=\"F\u00d3T SPORTEGYES\u00dcLET\" \/>\n<meta property=\"article:publisher\" content=\"https:\/\/www.facebook.com\/fotsportegyesulet\/\" \/>\n<meta property=\"article:published_time\" content=\"2023-04-12T14:47:09+00:00\" \/>\n<meta property=\"article:modified_time\" content=\"2023-05-05T13:50:31+00:00\" \/>\n<meta property=\"og:image\" content=\"https:\/\/fotsportegyesulet.hu\/wp-content\/uploads\/2023\/04\/956x455-fo-plakat.jpg\" \/>\n\t<meta property=\"og:image:width\" content=\"956\" \/>\n\t<meta property=\"og:image:height\" content=\"455\" \/>\n\t<meta property=\"og:image:type\" content=\"image\/jpeg\" \/>\n<meta name=\"author\" content=\"F\u00f3t SE\" \/>\n<meta name=\"twitter:card\" content=\"summary_large_image\" \/>\n<meta name=\"twitter:label1\" content=\"Szerz\u0151:\" \/>\n\t<meta name=\"twitter:data1\" content=\"F\u00f3t SE\" \/>\n\t<meta name=\"twitter:label2\" content=\"Becs\u00fclt olvas\u00e1si id\u0151\" \/>\n\t<meta name=\"twitter:data2\" content=\"5 perc\" \/>\n<script type=\"application\/ld+json\" class=\"yoast-schema-graph\">{\"@context\":\"https:\/\/schema.org\",\"@graph\":[{\"@type\":\"Article\",\"@id\":\"https:\/\/fotsportegyesulet.hu\/index.php\/2023\/04\/12\/fse-nyari-taborok-gyerekeknek-2023\/#article\",\"isPartOf\":{\"@id\":\"https:\/\/fotsportegyesulet.hu\/index.php\/2023\/04\/12\/fse-nyari-taborok-gyerekeknek-2023\/\"},\"author\":{\"name\":\"F\u00f3t SE\",\"@id\":\"https:\/\/fotsportegyesulet.hu\/#\/schema\/person\/8750ccb3a5183172b75dcc348ffbdbb1\"},\"headline\":\"FSE ny\u00e1ri t\u00e1borok gyerekeknek 2023\",\"datePublished\":\"2023-04-12T14:47:09+00:00\",\"dateModified\":\"2023-05-05T13:50:31+00:00\",\"mainEntityOfPage\":{\"@id\":\"https:\/\/fotsportegyesulet.hu\/index.php\/2023\/04\/12\/fse-nyari-taborok-gyerekeknek-2023\/\"},\"wordCount\":901,\"publisher\":{\"@id\":\"https:\/\/fotsportegyesulet.hu\/#organization\"},\"image\":{\"@id\":\"https:\/\/fotsportegyesulet.hu\/index.php\/2023\/04\/12\/fse-nyari-taborok-gyerekeknek-2023\/#primaryimage\"},\"thumbnailUrl\":\"https:\/\/fotsportegyesulet.hu\/wp-content\/uploads\/2023\/04\/956x455-fo-plakat.jpg\",\"articleSection\":[\"H\u00edrek\",\"Kiemelt h\u00edr\"],\"inLanguage\":\"hu\"},{\"@type\":\"WebPage\",\"@id\":\"https:\/\/fotsportegyesulet.hu\/index.php\/2023\/04\/12\/fse-nyari-taborok-gyerekeknek-2023\/\",\"url\":\"https:\/\/fotsportegyesulet.hu\/index.php\/2023\/04\/12\/fse-nyari-taborok-gyerekeknek-2023\/\",\"name\":\"FSE ny\u00e1ri t\u00e1borok gyerekeknek 2023 - F\u00d3T SPORTEGYES\u00dcLET\",\"isPartOf\":{\"@id\":\"https:\/\/fotsportegyesulet.hu\/#website\"},\"primaryImageOfPage\":{\"@id\":\"https:\/\/fotsportegyesulet.hu\/index.php\/2023\/04\/12\/fse-nyari-taborok-gyerekeknek-2023\/#primaryimage\"},\"image\":{\"@id\":\"https:\/\/fotsportegyesulet.hu\/index.php\/2023\/04\/12\/fse-nyari-taborok-gyerekeknek-2023\/#primaryimage\"},\"thumbnailUrl\":\"https:\/\/fotsportegyesulet.hu\/wp-content\/uploads\/2023\/04\/956x455-fo-plakat.jpg\",\"datePublished\":\"2023-04-12T14:47:09+00:00\",\"dateModified\":\"2023-05-05T13:50:31+00:00\",\"description\":\"2023-ban is sz\u00e1mos ny\u00e1ri t\u00e1borral v\u00e1rjuk a gyerekeket. Ezen az oldalon gy\u0171jt\u00f6tt\u00fck \u00f6ssze a lehet\u0151s\u00e9gket, amit folyamatosan b\u0151v\u00edt\u00fcnk.\",\"breadcrumb\":{\"@id\":\"https:\/\/fotsportegyesulet.hu\/index.php\/2023\/04\/12\/fse-nyari-taborok-gyerekeknek-2023\/#breadcrumb\"},\"inLanguage\":\"hu\",\"potentialAction\":[{\"@type\":\"ReadAction\",\"target\":[\"https:\/\/fotsportegyesulet.hu\/index.php\/2023\/04\/12\/fse-nyari-taborok-gyerekeknek-2023\/\"]}]},{\"@type\":\"ImageObject\",\"inLanguage\":\"hu\",\"@id\":\"https:\/\/fotsportegyesulet.hu\/index.php\/2023\/04\/12\/fse-nyari-taborok-gyerekeknek-2023\/#primaryimage\",\"url\":\"https:\/\/fotsportegyesulet.hu\/wp-content\/uploads\/2023\/04\/956x455-fo-plakat.jpg\",\"contentUrl\":\"https:\/\/fotsportegyesulet.hu\/wp-content\/uploads\/2023\/04\/956x455-fo-plakat.jpg\",\"width\":956,\"height\":455},{\"@type\":\"BreadcrumbList\",\"@id\":\"https:\/\/fotsportegyesulet.hu\/index.php\/2023\/04\/12\/fse-nyari-taborok-gyerekeknek-2023\/#breadcrumb\",\"itemListElement\":[{\"@type\":\"ListItem\",\"position\":1,\"name\":\"Kezd\u0151lap\",\"item\":\"https:\/\/fotsportegyesulet.hu\/\"},{\"@type\":\"ListItem\",\"position\":2,\"name\":\"FSE ny\u00e1ri t\u00e1borok gyerekeknek 2023\"}]},{\"@type\":\"WebSite\",\"@id\":\"https:\/\/fotsportegyesulet.hu\/#website\",\"url\":\"https:\/\/fotsportegyesulet.hu\/\",\"name\":\"F\u00d3T SPORTEGYES\u00dcLET\",\"description\":\"\",\"publisher\":{\"@id\":\"https:\/\/fotsportegyesulet.hu\/#organization\"},\"potentialAction\":[{\"@type\":\"SearchAction\",\"target\":{\"@type\":\"EntryPoint\",\"urlTemplate\":\"https:\/\/fotsportegyesulet.hu\/?s={search_term_string}\"},\"query-input\":{\"@type\":\"PropertyValueSpecification\",\"valueRequired\":true,\"valueName\":\"search_term_string\"}}],\"inLanguage\":\"hu\"},{\"@type\":\"Organization\",\"@id\":\"https:\/\/fotsportegyesulet.hu\/#organization\",\"name\":\"F\u00f3t Sportegyes\u00fclet\",\"url\":\"https:\/\/fotsportegyesulet.hu\/\",\"logo\":{\"@type\":\"ImageObject\",\"inLanguage\":\"hu\",\"@id\":\"https:\/\/fotsportegyesulet.hu\/#\/schema\/logo\/image\/\",\"url\":\"https:\/\/fotsportegyesulet.hu\/wp-content\/uploads\/2020\/07\/eredeti-sz\u00ednes-vektoros-Fot-cimer-3.png\",\"contentUrl\":\"https:\/\/fotsportegyesulet.hu\/wp-content\/uploads\/2020\/07\/eredeti-sz\u00ednes-vektoros-Fot-cimer-3.png\",\"width\":500,\"height\":500,\"caption\":\"F\u00f3t Sportegyes\u00fclet\"},\"image\":{\"@id\":\"https:\/\/fotsportegyesulet.hu\/#\/schema\/logo\/image\/\"},\"sameAs\":[\"https:\/\/www.facebook.com\/fotsportegyesulet\/\"]},{\"@type\":\"Person\",\"@id\":\"https:\/\/fotsportegyesulet.hu\/#\/schema\/person\/8750ccb3a5183172b75dcc348ffbdbb1\",\"name\":\"F\u00f3t SE\",\"image\":{\"@type\":\"ImageObject\",\"inLanguage\":\"hu\",\"@id\":\"https:\/\/fotsportegyesulet.hu\/#\/schema\/person\/image\/\",\"url\":\"https:\/\/secure.gravatar.com\/avatar\/2f768bb7a490a49aeb2ccaf4bacc94391bbafd4b6aa54eb6f9318ffc80d81dad?s=96&d=mm&r=g\",\"contentUrl\":\"https:\/\/secure.gravatar.com\/avatar\/2f768bb7a490a49aeb2ccaf4bacc94391bbafd4b6aa54eb6f9318ffc80d81dad?s=96&d=mm&r=g\",\"caption\":\"F\u00f3t SE\"},\"sameAs\":[\"http:\/\/fotsportegyesulet.hu\"],\"url\":\"https:\/\/fotsportegyesulet.hu\/index.php\/author\/kapitany-zoltan\/\"}]}<\/script>\n<!-- \/ Yoast SEO plugin. -->","yoast_head_json":{"title":"FSE ny\u00e1ri t\u00e1borok gyerekeknek 2023 - F\u00d3T SPORTEGYES\u00dcLET","description":"2023-ban is sz\u00e1mos ny\u00e1ri t\u00e1borral v\u00e1rjuk a gyerekeket. Ezen az oldalon gy\u0171jt\u00f6tt\u00fck \u00f6ssze a lehet\u0151s\u00e9gket, amit folyamatosan b\u0151v\u00edt\u00fcnk.","robots":{"index":"index","follow":"follow","max-snippet":"max-snippet:-1","max-image-preview":"max-image-preview:large","max-video-preview":"max-video-preview:-1"},"canonical":"https:\/\/fotsportegyesulet.hu\/index.php\/2023\/04\/12\/fse-nyari-taborok-gyerekeknek-2023\/","og_locale":"hu_HU","og_type":"article","og_title":"FSE ny\u00e1ri t\u00e1borok gyerekeknek 2023 - F\u00d3T SPORTEGYES\u00dcLET","og_description":"2023-ban is sz\u00e1mos ny\u00e1ri t\u00e1borral v\u00e1rjuk a gyerekeket. Ezen az oldalon gy\u0171jt\u00f6tt\u00fck \u00f6ssze a lehet\u0151s\u00e9gket, amit folyamatosan b\u0151v\u00edt\u00fcnk.","og_url":"https:\/\/fotsportegyesulet.hu\/index.php\/2023\/04\/12\/fse-nyari-taborok-gyerekeknek-2023\/","og_site_name":"F\u00d3T SPORTEGYES\u00dcLET","article_publisher":"https:\/\/www.facebook.com\/fotsportegyesulet\/","article_published_time":"2023-04-12T14:47:09+00:00","article_modified_time":"2023-05-05T13:50:31+00:00","og_image":[{"width":956,"height":455,"url":"https:\/\/fotsportegyesulet.hu\/wp-content\/uploads\/2023\/04\/956x455-fo-plakat.jpg","type":"image\/jpeg"}],"author":"F\u00f3t SE","twitter_card":"summary_large_image","twitter_misc":{"Szerz\u0151:":"F\u00f3t SE","Becs\u00fclt olvas\u00e1si id\u0151":"5 perc"},"schema":{"@context":"https:\/\/schema.org","@graph":[{"@type":"Article","@id":"https:\/\/fotsportegyesulet.hu\/index.php\/2023\/04\/12\/fse-nyari-taborok-gyerekeknek-2023\/#article","isPartOf":{"@id":"https:\/\/fotsportegyesulet.hu\/index.php\/2023\/04\/12\/fse-nyari-taborok-gyerekeknek-2023\/"},"author":{"name":"F\u00f3t SE","@id":"https:\/\/fotsportegyesulet.hu\/#\/schema\/person\/8750ccb3a5183172b75dcc348ffbdbb1"},"headline":"FSE ny\u00e1ri t\u00e1borok gyerekeknek 2023","datePublished":"2023-04-12T14:47:09+00:00","dateModified":"2023-05-05T13:50:31+00:00","mainEntityOfPage":{"@id":"https:\/\/fotsportegyesulet.hu\/index.php\/2023\/04\/12\/fse-nyari-taborok-gyerekeknek-2023\/"},"wordCount":901,"publisher":{"@id":"https:\/\/fotsportegyesulet.hu\/#organization"},"image":{"@id":"https:\/\/fotsportegyesulet.hu\/index.php\/2023\/04\/12\/fse-nyari-taborok-gyerekeknek-2023\/#primaryimage"},"thumbnailUrl":"https:\/\/fotsportegyesulet.hu\/wp-content\/uploads\/2023\/04\/956x455-fo-plakat.jpg","articleSection":["H\u00edrek","Kiemelt h\u00edr"],"inLanguage":"hu"},{"@type":"WebPage","@id":"https:\/\/fotsportegyesulet.hu\/index.php\/2023\/04\/12\/fse-nyari-taborok-gyerekeknek-2023\/","url":"https:\/\/fotsportegyesulet.hu\/index.php\/2023\/04\/12\/fse-nyari-taborok-gyerekeknek-2023\/","name":"FSE ny\u00e1ri t\u00e1borok gyerekeknek 2023 - F\u00d3T SPORTEGYES\u00dcLET","isPartOf":{"@id":"https:\/\/fotsportegyesulet.hu\/#website"},"primaryImageOfPage":{"@id":"https:\/\/fotsportegyesulet.hu\/index.php\/2023\/04\/12\/fse-nyari-taborok-gyerekeknek-2023\/#primaryimage"},"image":{"@id":"https:\/\/fotsportegyesulet.hu\/index.php\/2023\/04\/12\/fse-nyari-taborok-gyerekeknek-2023\/#primaryimage"},"thumbnailUrl":"https:\/\/fotsportegyesulet.hu\/wp-content\/uploads\/2023\/04\/956x455-fo-plakat.jpg","datePublished":"2023-04-12T14:47:09+00:00","dateModified":"2023-05-05T13:50:31+00:00","description":"2023-ban is sz\u00e1mos ny\u00e1ri t\u00e1borral v\u00e1rjuk a gyerekeket. Ezen az oldalon gy\u0171jt\u00f6tt\u00fck \u00f6ssze a lehet\u0151s\u00e9gket, amit folyamatosan b\u0151v\u00edt\u00fcnk.","breadcrumb":{"@id":"https:\/\/fotsportegyesulet.hu\/index.php\/2023\/04\/12\/fse-nyari-taborok-gyerekeknek-2023\/#breadcrumb"},"inLanguage":"hu","potentialAction":[{"@type":"ReadAction","target":["https:\/\/fotsportegyesulet.hu\/index.php\/2023\/04\/12\/fse-nyari-taborok-gyerekeknek-2023\/"]}]},{"@type":"ImageObject","inLanguage":"hu","@id":"https:\/\/fotsportegyesulet.hu\/index.php\/2023\/04\/12\/fse-nyari-taborok-gyerekeknek-2023\/#primaryimage","url":"https:\/\/fotsportegyesulet.hu\/wp-content\/uploads\/2023\/04\/956x455-fo-plakat.jpg","contentUrl":"https:\/\/fotsportegyesulet.hu\/wp-content\/uploads\/2023\/04\/956x455-fo-plakat.jpg","width":956,"height":455},{"@type":"BreadcrumbList","@id":"https:\/\/fotsportegyesulet.hu\/index.php\/2023\/04\/12\/fse-nyari-taborok-gyerekeknek-2023\/#breadcrumb","itemListElement":[{"@type":"ListItem","position":1,"name":"Kezd\u0151lap","item":"https:\/\/fotsportegyesulet.hu\/"},{"@type":"ListItem","position":2,"name":"FSE ny\u00e1ri t\u00e1borok gyerekeknek 2023"}]},{"@type":"WebSite","@id":"https:\/\/fotsportegyesulet.hu\/#website","url":"https:\/\/fotsportegyesulet.hu\/","name":"F\u00d3T SPORTEGYES\u00dcLET","description":"","publisher":{"@id":"https:\/\/fotsportegyesulet.hu\/#organization"},"potentialAction":[{"@type":"SearchAction","target":{"@type":"EntryPoint","urlTemplate":"https:\/\/fotsportegyesulet.hu\/?s={search_term_string}"},"query-input":{"@type":"PropertyValueSpecification","valueRequired":true,"valueName":"search_term_string"}}],"inLanguage":"hu"},{"@type":"Organization","@id":"https:\/\/fotsportegyesulet.hu\/#organization","name":"F\u00f3t Sportegyes\u00fclet","url":"https:\/\/fotsportegyesulet.hu\/","logo":{"@type":"ImageObject","inLanguage":"hu","@id":"https:\/\/fotsportegyesulet.hu\/#\/schema\/logo\/image\/","url":"https:\/\/fotsportegyesulet.hu\/wp-content\/uploads\/2020\/07\/eredeti-sz\u00ednes-vektoros-Fot-cimer-3.png","contentUrl":"https:\/\/fotsportegyesulet.hu\/wp-content\/uploads\/2020\/07\/eredeti-sz\u00ednes-vektoros-Fot-cimer-3.png","width":500,"height":500,"caption":"F\u00f3t Sportegyes\u00fclet"},"image":{"@id":"https:\/\/fotsportegyesulet.hu\/#\/schema\/logo\/image\/"},"sameAs":["https:\/\/www.facebook.com\/fotsportegyesulet\/"]},{"@type":"Person","@id":"https:\/\/fotsportegyesulet.hu\/#\/schema\/person\/8750ccb3a5183172b75dcc348ffbdbb1","name":"F\u00f3t SE","image":{"@type":"ImageObject","inLanguage":"hu","@id":"https:\/\/fotsportegyesulet.hu\/#\/schema\/person\/image\/","url":"https:\/\/secure.gravatar.com\/avatar\/2f768bb7a490a49aeb2ccaf4bacc94391bbafd4b6aa54eb6f9318ffc80d81dad?s=96&d=mm&r=g","contentUrl":"https:\/\/secure.gravatar.com\/avatar\/2f768bb7a490a49aeb2ccaf4bacc94391bbafd4b6aa54eb6f9318ffc80d81dad?s=96&d=mm&r=g","caption":"F\u00f3t SE"},"sameAs":["http:\/\/fotsportegyesulet.hu"],"url":"https:\/\/fotsportegyesulet.hu\/index.php\/author\/kapitany-zoltan\/"}]}},"_links":{"self":[{"href":"https:\/\/fotsportegyesulet.hu\/index.php\/wp-json\/wp\/v2\/posts\/6718","targetHints":{"allow":["GET"]}}],"collection":[{"href":"https:\/\/fotsportegyesulet.hu\/index.php\/wp-json\/wp\/v2\/posts"}],"about":[{"href":"https:\/\/fotsportegyesulet.hu\/index.php\/wp-json\/wp\/v2\/types\/post"}],"author":[{"embeddable":true,"href":"https:\/\/fotsportegyesulet.hu\/index.php\/wp-json\/wp\/v2\/users\/3"}],"replies":[{"embeddable":true,"href":"https:\/\/fotsportegyesulet.hu\/index.php\/wp-json\/wp\/v2\/comments?post=6718"}],"version-history":[{"count":36,"href":"https:\/\/fotsportegyesulet.hu\/index.php\/wp-json\/wp\/v2\/posts\/6718\/revisions"}],"predecessor-version":[{"id":7075,"href":"https:\/\/fotsportegyesulet.hu\/index.php\/wp-json\/wp\/v2\/posts\/6718\/revisions\/7075"}],"wp:featuredmedia":[{"embeddable":true,"href":"https:\/\/fotsportegyesulet.hu\/index.php\/wp-json\/wp\/v2\/media\/6729"}],"wp:attachment":[{"href":"https:\/\/fotsportegyesulet.hu\/index.php\/wp-json\/wp\/v2\/media?parent=6718"}],"wp:term":[{"taxonomy":"category","embeddable":true,"href":"https:\/\/fotsportegyesulet.hu\/index.php\/wp-json\/wp\/v2\/categories?post=6718"},{"taxonomy":"post_tag","embeddable":true,"href":"https:\/\/fotsportegyesulet.hu\/index.php\/wp-json\/wp\/v2\/tags?post=6718"}],"curies":[{"name":"wp","href":"https:\/\/api.w.org\/{rel}","templated":true}]}}