{"id":6298,"date":"2023-02-27T11:26:43","date_gmt":"2023-02-27T10:26:43","guid":{"rendered":"https:\/\/fotsportegyesulet.hu\/?p=6298"},"modified":"2023-02-27T11:26:43","modified_gmt":"2023-02-27T10:26:43","slug":"modern-tanc-szakosztalyunk-ujdonsaggal-nyitja-meg-a-tavaszt","status":"publish","type":"post","link":"https:\/\/fotsportegyesulet.hu\/index.php\/2023\/02\/27\/modern-tanc-szakosztalyunk-ujdonsaggal-nyitja-meg-a-tavaszt\/","title":{"rendered":"Modern t\u00e1nc szakoszt\u00e1lyunk \u00fajdons\u00e1ggal nyitja meg a tavaszt!"},"content":{"rendered":"<h3 dir=\"auto\">Kedves Sz\u00fcl\u0151k!<\/h3>\n<h3 dir=\"auto\">&#x1f941;\u00a0&#x1f941;\u00a0&#x1f941;\u00a0Sokan k\u00e9rt\u00e9k \u00e9s k\u00e9rdezt\u00e9tek, h\u00e1t most el\u00e9rkezett a v\u00e1rva v\u00e1rt pillanat.\u00a0&#x1f941;\u00a0&#x1f941;\u00a0&#x1f941;<\/h3>\n<div dir=\"auto\">&#x1f3cb;&#xfe0f;Modern T\u00e1nc szakoszt\u00e1lyunk beind\u00edtja F\u00f3ton els\u0151, zen\u00e9s, t\u00e1ncos (nem sz\u00fcks\u00e9ges t\u00e1nctud\u00e1s &#x1f601;), aerobic-os, k\u00f6redz\u00e9ses, kiz\u00e1r\u00f3lag feln\u0151tteknek sz\u00f3l\u00f3 tanfolyam\u00e1t, ahol az alakform\u00e1l\u00e1s \u00e9s a j\u00f3 hangulat \u00e1ll majd a k\u00f6z\u00e9ppontban.&#x2757;&#xfe0f; &#x2757;&#xfe0f;<\/div>\n<div dir=\"auto\"><img loading=\"lazy\" decoding=\"async\" class=\"size-large wp-image-6300 aligncenter\" src=\"https:\/\/fotsportegyesulet.hu\/wp-content\/uploads\/2023\/02\/plakat-576x1024.jpg\" alt=\"\" width=\"576\" height=\"1024\" srcset=\"https:\/\/fotsportegyesulet.hu\/wp-content\/uploads\/2023\/02\/plakat-576x1024.jpg 576w, https:\/\/fotsportegyesulet.hu\/wp-content\/uploads\/2023\/02\/plakat-169x300.jpg 169w, https:\/\/fotsportegyesulet.hu\/wp-content\/uploads\/2023\/02\/plakat-768x1365.jpg 768w, https:\/\/fotsportegyesulet.hu\/wp-content\/uploads\/2023\/02\/plakat-864x1536.jpg 864w, https:\/\/fotsportegyesulet.hu\/wp-content\/uploads\/2023\/02\/plakat.jpg 1080w\" sizes=\"auto, (max-width: 576px) 100vw, 576px\" \/><\/div>\n<div dir=\"auto\"><\/div>\n<div dir=\"auto\">Az edz\u00e9sek menet\u00e9t \u00e9s jelleg\u00e9t igyeksz\u00fcnk v\u00e1ltozatosan, a Ti ig\u00e9nyeiteknek \u00e9s k\u00e9r\u00e9seiteknek megfelel\u0151en kialak\u00edtani.<\/div>\n<h4 dir=\"auto\">&#x2728;\u00a0&#x2728;\u00a0Az els\u0151 edz\u00e9s\u00fcnk: M\u00e1rcius 1. SZERDA 19:00-20:00&#x2728;\u00a0&#x2728;<\/h4>\n<h3>Hajr\u00e1 F\u00f3t!<\/h3>\n","protected":false},"excerpt":{"rendered":"<p>Sok szeretettel v\u00e1runk mindenkit edz\u00e9seinken! <\/p>\n","protected":false},"author":3,"featured_media":6306,"comment_status":"closed","ping_status":"open","sticky":false,"template":"","format":"standard","meta":{"_bbp_topic_count":0,"_bbp_reply_count":0,"_bbp_total_topic_count":0,"_bbp_total_reply_count":0,"_bbp_voice_count":0,"_bbp_anonymous_reply_count":0,"_bbp_topic_count_hidden":0,"_bbp_reply_count_hidden":0,"_bbp_forum_subforum_count":0,"_price":"","_stock":"","_tribe_ticket_header":"","_tribe_default_ticket_provider":"","_ticket_start_date":"","_ticket_end_date":"","_tribe_ticket_show_description":"","_tribe_ticket_show_not_going":false,"_tribe_ticket_use_global_stock":"","_tribe_ticket_global_stock_level":"","_global_stock_mode":"","_global_stock_cap":"","_tribe_rsvp_for_event":"","_tribe_ticket_going_count":"","_tribe_ticket_not_going_count":"","_tribe_tickets_list":"[]","_tribe_ticket_has_attendee_info_fields":false,"footnotes":""},"categories":[1],"tags":[],"class_list":["post-6298","post","type-post","status-publish","format-standard","has-post-thumbnail","hentry","category-hirek"],"yoast_head":"<!-- This site is optimized with the Yoast SEO plugin v25.7 - https:\/\/yoast.com\/wordpress\/plugins\/seo\/ -->\n<title>Modern t\u00e1nc szakoszt\u00e1lyunk \u00fajdons\u00e1ggal nyitja meg a tavaszt! - F\u00d3T SPORTEGYES\u00dcLET<\/title>\n<meta name=\"robots\" content=\"index, follow, max-snippet:-1, max-image-preview:large, max-video-preview:-1\" \/>\n<link rel=\"canonical\" href=\"https:\/\/fotsportegyesulet.hu\/index.php\/2023\/02\/27\/modern-tanc-szakosztalyunk-ujdonsaggal-nyitja-meg-a-tavaszt\/\" \/>\n<meta property=\"og:locale\" content=\"hu_HU\" \/>\n<meta property=\"og:type\" content=\"article\" \/>\n<meta property=\"og:title\" content=\"Modern t\u00e1nc szakoszt\u00e1lyunk \u00fajdons\u00e1ggal nyitja meg a tavaszt! - F\u00d3T SPORTEGYES\u00dcLET\" \/>\n<meta property=\"og:description\" content=\"Sok szeretettel v\u00e1runk mindenkit edz\u00e9seinken!\" \/>\n<meta property=\"og:url\" content=\"https:\/\/fotsportegyesulet.hu\/index.php\/2023\/02\/27\/modern-tanc-szakosztalyunk-ujdonsaggal-nyitja-meg-a-tavaszt\/\" \/>\n<meta property=\"og:site_name\" content=\"F\u00d3T SPORTEGYES\u00dcLET\" \/>\n<meta property=\"article:publisher\" content=\"https:\/\/www.facebook.com\/fotsportegyesulet\/\" \/>\n<meta property=\"article:published_time\" content=\"2023-02-27T10:26:43+00:00\" \/>\n<meta property=\"og:image\" content=\"https:\/\/fotsportegyesulet.hu\/wp-content\/uploads\/2023\/02\/956x455.jpeg\" \/>\n\t<meta property=\"og:image:width\" content=\"956\" \/>\n\t<meta property=\"og:image:height\" content=\"455\" \/>\n\t<meta property=\"og:image:type\" content=\"image\/jpeg\" \/>\n<meta name=\"author\" content=\"F\u00f3t SE\" \/>\n<meta name=\"twitter:card\" content=\"summary_large_image\" \/>\n<meta name=\"twitter:label1\" content=\"Szerz\u0151:\" \/>\n\t<meta name=\"twitter:data1\" content=\"F\u00f3t SE\" \/>\n\t<meta name=\"twitter:label2\" content=\"Becs\u00fclt olvas\u00e1si id\u0151\" \/>\n\t<meta name=\"twitter:data2\" content=\"1 perc\" \/>\n<script type=\"application\/ld+json\" class=\"yoast-schema-graph\">{\"@context\":\"https:\/\/schema.org\",\"@graph\":[{\"@type\":\"Article\",\"@id\":\"https:\/\/fotsportegyesulet.hu\/index.php\/2023\/02\/27\/modern-tanc-szakosztalyunk-ujdonsaggal-nyitja-meg-a-tavaszt\/#article\",\"isPartOf\":{\"@id\":\"https:\/\/fotsportegyesulet.hu\/index.php\/2023\/02\/27\/modern-tanc-szakosztalyunk-ujdonsaggal-nyitja-meg-a-tavaszt\/\"},\"author\":{\"name\":\"F\u00f3t SE\",\"@id\":\"https:\/\/fotsportegyesulet.hu\/#\/schema\/person\/8750ccb3a5183172b75dcc348ffbdbb1\"},\"headline\":\"Modern t\u00e1nc szakoszt\u00e1lyunk \u00fajdons\u00e1ggal nyitja meg a tavaszt!\",\"datePublished\":\"2023-02-27T10:26:43+00:00\",\"mainEntityOfPage\":{\"@id\":\"https:\/\/fotsportegyesulet.hu\/index.php\/2023\/02\/27\/modern-tanc-szakosztalyunk-ujdonsaggal-nyitja-meg-a-tavaszt\/\"},\"wordCount\":148,\"publisher\":{\"@id\":\"https:\/\/fotsportegyesulet.hu\/#organization\"},\"image\":{\"@id\":\"https:\/\/fotsportegyesulet.hu\/index.php\/2023\/02\/27\/modern-tanc-szakosztalyunk-ujdonsaggal-nyitja-meg-a-tavaszt\/#primaryimage\"},\"thumbnailUrl\":\"https:\/\/fotsportegyesulet.hu\/wp-content\/uploads\/2023\/02\/956x455.jpeg\",\"articleSection\":[\"H\u00edrek\"],\"inLanguage\":\"hu\"},{\"@type\":\"WebPage\",\"@id\":\"https:\/\/fotsportegyesulet.hu\/index.php\/2023\/02\/27\/modern-tanc-szakosztalyunk-ujdonsaggal-nyitja-meg-a-tavaszt\/\",\"url\":\"https:\/\/fotsportegyesulet.hu\/index.php\/2023\/02\/27\/modern-tanc-szakosztalyunk-ujdonsaggal-nyitja-meg-a-tavaszt\/\",\"name\":\"Modern t\u00e1nc szakoszt\u00e1lyunk \u00fajdons\u00e1ggal nyitja meg a tavaszt! - F\u00d3T SPORTEGYES\u00dcLET\",\"isPartOf\":{\"@id\":\"https:\/\/fotsportegyesulet.hu\/#website\"},\"primaryImageOfPage\":{\"@id\":\"https:\/\/fotsportegyesulet.hu\/index.php\/2023\/02\/27\/modern-tanc-szakosztalyunk-ujdonsaggal-nyitja-meg-a-tavaszt\/#primaryimage\"},\"image\":{\"@id\":\"https:\/\/fotsportegyesulet.hu\/index.php\/2023\/02\/27\/modern-tanc-szakosztalyunk-ujdonsaggal-nyitja-meg-a-tavaszt\/#primaryimage\"},\"thumbnailUrl\":\"https:\/\/fotsportegyesulet.hu\/wp-content\/uploads\/2023\/02\/956x455.jpeg\",\"datePublished\":\"2023-02-27T10:26:43+00:00\",\"breadcrumb\":{\"@id\":\"https:\/\/fotsportegyesulet.hu\/index.php\/2023\/02\/27\/modern-tanc-szakosztalyunk-ujdonsaggal-nyitja-meg-a-tavaszt\/#breadcrumb\"},\"inLanguage\":\"hu\",\"potentialAction\":[{\"@type\":\"ReadAction\",\"target\":[\"https:\/\/fotsportegyesulet.hu\/index.php\/2023\/02\/27\/modern-tanc-szakosztalyunk-ujdonsaggal-nyitja-meg-a-tavaszt\/\"]}]},{\"@type\":\"ImageObject\",\"inLanguage\":\"hu\",\"@id\":\"https:\/\/fotsportegyesulet.hu\/index.php\/2023\/02\/27\/modern-tanc-szakosztalyunk-ujdonsaggal-nyitja-meg-a-tavaszt\/#primaryimage\",\"url\":\"https:\/\/fotsportegyesulet.hu\/wp-content\/uploads\/2023\/02\/956x455.jpeg\",\"contentUrl\":\"https:\/\/fotsportegyesulet.hu\/wp-content\/uploads\/2023\/02\/956x455.jpeg\",\"width\":956,\"height\":455},{\"@type\":\"BreadcrumbList\",\"@id\":\"https:\/\/fotsportegyesulet.hu\/index.php\/2023\/02\/27\/modern-tanc-szakosztalyunk-ujdonsaggal-nyitja-meg-a-tavaszt\/#breadcrumb\",\"itemListElement\":[{\"@type\":\"ListItem\",\"position\":1,\"name\":\"Kezd\u0151lap\",\"item\":\"https:\/\/fotsportegyesulet.hu\/\"},{\"@type\":\"ListItem\",\"position\":2,\"name\":\"Modern t\u00e1nc szakoszt\u00e1lyunk \u00fajdons\u00e1ggal nyitja meg a tavaszt!\"}]},{\"@type\":\"WebSite\",\"@id\":\"https:\/\/fotsportegyesulet.hu\/#website\",\"url\":\"https:\/\/fotsportegyesulet.hu\/\",\"name\":\"F\u00d3T SPORTEGYES\u00dcLET\",\"description\":\"\",\"publisher\":{\"@id\":\"https:\/\/fotsportegyesulet.hu\/#organization\"},\"potentialAction\":[{\"@type\":\"SearchAction\",\"target\":{\"@type\":\"EntryPoint\",\"urlTemplate\":\"https:\/\/fotsportegyesulet.hu\/?s={search_term_string}\"},\"query-input\":{\"@type\":\"PropertyValueSpecification\",\"valueRequired\":true,\"valueName\":\"search_term_string\"}}],\"inLanguage\":\"hu\"},{\"@type\":\"Organization\",\"@id\":\"https:\/\/fotsportegyesulet.hu\/#organization\",\"name\":\"F\u00f3t Sportegyes\u00fclet\",\"url\":\"https:\/\/fotsportegyesulet.hu\/\",\"logo\":{\"@type\":\"ImageObject\",\"inLanguage\":\"hu\",\"@id\":\"https:\/\/fotsportegyesulet.hu\/#\/schema\/logo\/image\/\",\"url\":\"https:\/\/fotsportegyesulet.hu\/wp-content\/uploads\/2020\/07\/eredeti-sz\u00ednes-vektoros-Fot-cimer-3.png\",\"contentUrl\":\"https:\/\/fotsportegyesulet.hu\/wp-content\/uploads\/2020\/07\/eredeti-sz\u00ednes-vektoros-Fot-cimer-3.png\",\"width\":500,\"height\":500,\"caption\":\"F\u00f3t Sportegyes\u00fclet\"},\"image\":{\"@id\":\"https:\/\/fotsportegyesulet.hu\/#\/schema\/logo\/image\/\"},\"sameAs\":[\"https:\/\/www.facebook.com\/fotsportegyesulet\/\"]},{\"@type\":\"Person\",\"@id\":\"https:\/\/fotsportegyesulet.hu\/#\/schema\/person\/8750ccb3a5183172b75dcc348ffbdbb1\",\"name\":\"F\u00f3t SE\",\"image\":{\"@type\":\"ImageObject\",\"inLanguage\":\"hu\",\"@id\":\"https:\/\/fotsportegyesulet.hu\/#\/schema\/person\/image\/\",\"url\":\"https:\/\/secure.gravatar.com\/avatar\/2f768bb7a490a49aeb2ccaf4bacc94391bbafd4b6aa54eb6f9318ffc80d81dad?s=96&d=mm&r=g\",\"contentUrl\":\"https:\/\/secure.gravatar.com\/avatar\/2f768bb7a490a49aeb2ccaf4bacc94391bbafd4b6aa54eb6f9318ffc80d81dad?s=96&d=mm&r=g\",\"caption\":\"F\u00f3t SE\"},\"sameAs\":[\"http:\/\/fotsportegyesulet.hu\"],\"url\":\"https:\/\/fotsportegyesulet.hu\/index.php\/author\/kapitany-zoltan\/\"}]}<\/script>\n<!-- \/ Yoast SEO plugin. -->","yoast_head_json":{"title":"Modern t\u00e1nc szakoszt\u00e1lyunk \u00fajdons\u00e1ggal nyitja meg a tavaszt! - F\u00d3T SPORTEGYES\u00dcLET","robots":{"index":"index","follow":"follow","max-snippet":"max-snippet:-1","max-image-preview":"max-image-preview:large","max-video-preview":"max-video-preview:-1"},"canonical":"https:\/\/fotsportegyesulet.hu\/index.php\/2023\/02\/27\/modern-tanc-szakosztalyunk-ujdonsaggal-nyitja-meg-a-tavaszt\/","og_locale":"hu_HU","og_type":"article","og_title":"Modern t\u00e1nc szakoszt\u00e1lyunk \u00fajdons\u00e1ggal nyitja meg a tavaszt! - F\u00d3T SPORTEGYES\u00dcLET","og_description":"Sok szeretettel v\u00e1runk mindenkit edz\u00e9seinken!","og_url":"https:\/\/fotsportegyesulet.hu\/index.php\/2023\/02\/27\/modern-tanc-szakosztalyunk-ujdonsaggal-nyitja-meg-a-tavaszt\/","og_site_name":"F\u00d3T SPORTEGYES\u00dcLET","article_publisher":"https:\/\/www.facebook.com\/fotsportegyesulet\/","article_published_time":"2023-02-27T10:26:43+00:00","og_image":[{"width":956,"height":455,"url":"https:\/\/fotsportegyesulet.hu\/wp-content\/uploads\/2023\/02\/956x455.jpeg","type":"image\/jpeg"}],"author":"F\u00f3t SE","twitter_card":"summary_large_image","twitter_misc":{"Szerz\u0151:":"F\u00f3t SE","Becs\u00fclt olvas\u00e1si id\u0151":"1 perc"},"schema":{"@context":"https:\/\/schema.org","@graph":[{"@type":"Article","@id":"https:\/\/fotsportegyesulet.hu\/index.php\/2023\/02\/27\/modern-tanc-szakosztalyunk-ujdonsaggal-nyitja-meg-a-tavaszt\/#article","isPartOf":{"@id":"https:\/\/fotsportegyesulet.hu\/index.php\/2023\/02\/27\/modern-tanc-szakosztalyunk-ujdonsaggal-nyitja-meg-a-tavaszt\/"},"author":{"name":"F\u00f3t SE","@id":"https:\/\/fotsportegyesulet.hu\/#\/schema\/person\/8750ccb3a5183172b75dcc348ffbdbb1"},"headline":"Modern t\u00e1nc szakoszt\u00e1lyunk \u00fajdons\u00e1ggal nyitja meg a tavaszt!","datePublished":"2023-02-27T10:26:43+00:00","mainEntityOfPage":{"@id":"https:\/\/fotsportegyesulet.hu\/index.php\/2023\/02\/27\/modern-tanc-szakosztalyunk-ujdonsaggal-nyitja-meg-a-tavaszt\/"},"wordCount":148,"publisher":{"@id":"https:\/\/fotsportegyesulet.hu\/#organization"},"image":{"@id":"https:\/\/fotsportegyesulet.hu\/index.php\/2023\/02\/27\/modern-tanc-szakosztalyunk-ujdonsaggal-nyitja-meg-a-tavaszt\/#primaryimage"},"thumbnailUrl":"https:\/\/fotsportegyesulet.hu\/wp-content\/uploads\/2023\/02\/956x455.jpeg","articleSection":["H\u00edrek"],"inLanguage":"hu"},{"@type":"WebPage","@id":"https:\/\/fotsportegyesulet.hu\/index.php\/2023\/02\/27\/modern-tanc-szakosztalyunk-ujdonsaggal-nyitja-meg-a-tavaszt\/","url":"https:\/\/fotsportegyesulet.hu\/index.php\/2023\/02\/27\/modern-tanc-szakosztalyunk-ujdonsaggal-nyitja-meg-a-tavaszt\/","name":"Modern t\u00e1nc szakoszt\u00e1lyunk \u00fajdons\u00e1ggal nyitja meg a tavaszt! - F\u00d3T SPORTEGYES\u00dcLET","isPartOf":{"@id":"https:\/\/fotsportegyesulet.hu\/#website"},"primaryImageOfPage":{"@id":"https:\/\/fotsportegyesulet.hu\/index.php\/2023\/02\/27\/modern-tanc-szakosztalyunk-ujdonsaggal-nyitja-meg-a-tavaszt\/#primaryimage"},"image":{"@id":"https:\/\/fotsportegyesulet.hu\/index.php\/2023\/02\/27\/modern-tanc-szakosztalyunk-ujdonsaggal-nyitja-meg-a-tavaszt\/#primaryimage"},"thumbnailUrl":"https:\/\/fotsportegyesulet.hu\/wp-content\/uploads\/2023\/02\/956x455.jpeg","datePublished":"2023-02-27T10:26:43+00:00","breadcrumb":{"@id":"https:\/\/fotsportegyesulet.hu\/index.php\/2023\/02\/27\/modern-tanc-szakosztalyunk-ujdonsaggal-nyitja-meg-a-tavaszt\/#breadcrumb"},"inLanguage":"hu","potentialAction":[{"@type":"ReadAction","target":["https:\/\/fotsportegyesulet.hu\/index.php\/2023\/02\/27\/modern-tanc-szakosztalyunk-ujdonsaggal-nyitja-meg-a-tavaszt\/"]}]},{"@type":"ImageObject","inLanguage":"hu","@id":"https:\/\/fotsportegyesulet.hu\/index.php\/2023\/02\/27\/modern-tanc-szakosztalyunk-ujdonsaggal-nyitja-meg-a-tavaszt\/#primaryimage","url":"https:\/\/fotsportegyesulet.hu\/wp-content\/uploads\/2023\/02\/956x455.jpeg","contentUrl":"https:\/\/fotsportegyesulet.hu\/wp-content\/uploads\/2023\/02\/956x455.jpeg","width":956,"height":455},{"@type":"BreadcrumbList","@id":"https:\/\/fotsportegyesulet.hu\/index.php\/2023\/02\/27\/modern-tanc-szakosztalyunk-ujdonsaggal-nyitja-meg-a-tavaszt\/#breadcrumb","itemListElement":[{"@type":"ListItem","position":1,"name":"Kezd\u0151lap","item":"https:\/\/fotsportegyesulet.hu\/"},{"@type":"ListItem","position":2,"name":"Modern t\u00e1nc szakoszt\u00e1lyunk \u00fajdons\u00e1ggal nyitja meg a tavaszt!"}]},{"@type":"WebSite","@id":"https:\/\/fotsportegyesulet.hu\/#website","url":"https:\/\/fotsportegyesulet.hu\/","name":"F\u00d3T SPORTEGYES\u00dcLET","description":"","publisher":{"@id":"https:\/\/fotsportegyesulet.hu\/#organization"},"potentialAction":[{"@type":"SearchAction","target":{"@type":"EntryPoint","urlTemplate":"https:\/\/fotsportegyesulet.hu\/?s={search_term_string}"},"query-input":{"@type":"PropertyValueSpecification","valueRequired":true,"valueName":"search_term_string"}}],"inLanguage":"hu"},{"@type":"Organization","@id":"https:\/\/fotsportegyesulet.hu\/#organization","name":"F\u00f3t Sportegyes\u00fclet","url":"https:\/\/fotsportegyesulet.hu\/","logo":{"@type":"ImageObject","inLanguage":"hu","@id":"https:\/\/fotsportegyesulet.hu\/#\/schema\/logo\/image\/","url":"https:\/\/fotsportegyesulet.hu\/wp-content\/uploads\/2020\/07\/eredeti-sz\u00ednes-vektoros-Fot-cimer-3.png","contentUrl":"https:\/\/fotsportegyesulet.hu\/wp-content\/uploads\/2020\/07\/eredeti-sz\u00ednes-vektoros-Fot-cimer-3.png","width":500,"height":500,"caption":"F\u00f3t Sportegyes\u00fclet"},"image":{"@id":"https:\/\/fotsportegyesulet.hu\/#\/schema\/logo\/image\/"},"sameAs":["https:\/\/www.facebook.com\/fotsportegyesulet\/"]},{"@type":"Person","@id":"https:\/\/fotsportegyesulet.hu\/#\/schema\/person\/8750ccb3a5183172b75dcc348ffbdbb1","name":"F\u00f3t SE","image":{"@type":"ImageObject","inLanguage":"hu","@id":"https:\/\/fotsportegyesulet.hu\/#\/schema\/person\/image\/","url":"https:\/\/secure.gravatar.com\/avatar\/2f768bb7a490a49aeb2ccaf4bacc94391bbafd4b6aa54eb6f9318ffc80d81dad?s=96&d=mm&r=g","contentUrl":"https:\/\/secure.gravatar.com\/avatar\/2f768bb7a490a49aeb2ccaf4bacc94391bbafd4b6aa54eb6f9318ffc80d81dad?s=96&d=mm&r=g","caption":"F\u00f3t SE"},"sameAs":["http:\/\/fotsportegyesulet.hu"],"url":"https:\/\/fotsportegyesulet.hu\/index.php\/author\/kapitany-zoltan\/"}]}},"_links":{"self":[{"href":"https:\/\/fotsportegyesulet.hu\/index.php\/wp-json\/wp\/v2\/posts\/6298","targetHints":{"allow":["GET"]}}],"collection":[{"href":"https:\/\/fotsportegyesulet.hu\/index.php\/wp-json\/wp\/v2\/posts"}],"about":[{"href":"https:\/\/fotsportegyesulet.hu\/index.php\/wp-json\/wp\/v2\/types\/post"}],"author":[{"embeddable":true,"href":"https:\/\/fotsportegyesulet.hu\/index.php\/wp-json\/wp\/v2\/users\/3"}],"replies":[{"embeddable":true,"href":"https:\/\/fotsportegyesulet.hu\/index.php\/wp-json\/wp\/v2\/comments?post=6298"}],"version-history":[{"count":7,"href":"https:\/\/fotsportegyesulet.hu\/index.php\/wp-json\/wp\/v2\/posts\/6298\/revisions"}],"predecessor-version":[{"id":6308,"href":"https:\/\/fotsportegyesulet.hu\/index.php\/wp-json\/wp\/v2\/posts\/6298\/revisions\/6308"}],"wp:featuredmedia":[{"embeddable":true,"href":"https:\/\/fotsportegyesulet.hu\/index.php\/wp-json\/wp\/v2\/media\/6306"}],"wp:attachment":[{"href":"https:\/\/fotsportegyesulet.hu\/index.php\/wp-json\/wp\/v2\/media?parent=6298"}],"wp:term":[{"taxonomy":"category","embeddable":true,"href":"https:\/\/fotsportegyesulet.hu\/index.php\/wp-json\/wp\/v2\/categories?post=6298"},{"taxonomy":"post_tag","embeddable":true,"href":"https:\/\/fotsportegyesulet.hu\/index.php\/wp-json\/wp\/v2\/tags?post=6298"}],"curies":[{"name":"wp","href":"https:\/\/api.w.org\/{rel}","templated":true}]}}