{"id":6210,"date":"2023-02-20T12:34:30","date_gmt":"2023-02-20T11:34:30","guid":{"rendered":"https:\/\/fotsportegyesulet.hu\/?p=6210"},"modified":"2023-02-20T12:46:00","modified_gmt":"2023-02-20T11:46:00","slug":"a-fot-se-u12-es-kosarlabda-csapata-ket-gyozelemmel-a-csoportja-elen-zart","status":"publish","type":"post","link":"https:\/\/fotsportegyesulet.hu\/index.php\/2023\/02\/20\/a-fot-se-u12-es-kosarlabda-csapata-ket-gyozelemmel-a-csoportja-elen-zart\/","title":{"rendered":"A F\u00f3t SE U12-es kos\u00e1rlabda csapata k\u00e9t gy\u0151zelemmel a csoportja \u00e9l\u00e9n z\u00e1rt!"},"content":{"rendered":"<h3>A h\u00e9tv\u00e9g\u00e9n rendezt\u00e9k meg a Gyermek Kupa 5. fordul\u00f3j\u00e1t, \u00a0ahol a F\u00f3t SE U12-es kos\u00e1rlabda csapata k\u00e9t gy\u0151zelemmel a csoportja \u00e9l\u00e9n z\u00e1rt.<\/h3>\n<p>P\u00e1li G\u00e1bor edz\u0151 \u00e9rt\u00e9kel\u00e9se:<\/p>\n<p>Az elm\u00falt hetekben sorra sz\u00e1ll\u00edtjuk a sz\u00e9p sikereket az U11-es \u00e9s az U12-es bajnoks\u00e1gban is! Az \u00f6t\u00f6dik fordul\u00f3ban ez\u00fattal a Monor \u00e9s a Pilisi Mennyd\u00f6rg\u0151k voltak az ellenfeleink. A m\u00e9rk\u0151z\u00e9sek fordulatosak voltak, azonban az utols\u00f3 negyedet mindk\u00e9t esetben mi b\u00edrtuk jobban, \u00edgy magabiztosan nyert\u00fck meg a csoportunkat. Gratul\u00e1lok a gyerekeknek! H\u00e9tr\u0151l-h\u00e9tre l\u00e1tom a fejl\u0151d\u00e9st! A sz\u00fcl\u0151knek pedig k\u00f6sz\u00f6nj\u00fck a szurkol\u00e1st! J\u00f3 kis k\u00f6z\u00f6ss\u00e9g kezd form\u00e1l\u00f3dni!<\/p>\n<p><img loading=\"lazy\" decoding=\"async\" class=\"size-large wp-image-6215 aligncenter\" src=\"https:\/\/fotsportegyesulet.hu\/wp-content\/uploads\/2023\/02\/DSC03991-1024x682.jpg\" alt=\"\" width=\"1024\" height=\"682\" srcset=\"https:\/\/fotsportegyesulet.hu\/wp-content\/uploads\/2023\/02\/DSC03991-1024x682.jpg 1024w, https:\/\/fotsportegyesulet.hu\/wp-content\/uploads\/2023\/02\/DSC03991-300x200.jpg 300w, https:\/\/fotsportegyesulet.hu\/wp-content\/uploads\/2023\/02\/DSC03991-768x512.jpg 768w, https:\/\/fotsportegyesulet.hu\/wp-content\/uploads\/2023\/02\/DSC03991-1536x1024.jpg 1536w, https:\/\/fotsportegyesulet.hu\/wp-content\/uploads\/2023\/02\/DSC03991-272x182.jpg 272w, https:\/\/fotsportegyesulet.hu\/wp-content\/uploads\/2023\/02\/DSC03991.jpg 2000w\" sizes=\"auto, (max-width: 1024px) 100vw, 1024px\" \/><\/p>\n<p><strong>F\u00f3t SE &#8211; Monor SE 39-23<\/strong><\/p>\n<p>(10-2, 4-11, 13-5, 12-5)<\/p>\n<p><strong>Pilisi Mennyd\u00f6rg\u0151k &#8211; F\u00f3t SE 34-42<\/strong><\/p>\n<p>(14-8, 7-12, 9-6, 4-16)<\/p>\n<p><strong>Monor &#8211; Pilisi Mennyd\u00f6rg\u0151k 53-41 (0-2)<\/strong><\/p>\n<p>(9-8, 23-13, 14-14, 7-6)<\/p>\n<p><strong>A csoport v\u00e9geredm\u00e9nye<\/strong><\/p>\n<ol>\n<li>F\u00d3T SE<\/li>\n<li>Pilisi Mennyd\u00f6rg\u0151k<\/li>\n<li>Monor SE<\/li>\n<\/ol>\n<p>Ha valaki szeretn\u00e9 kipr\u00f3b\u00e1lni a kos\u00e1rlabd\u00e1t, sok szeretettel v\u00e1rjuk edz\u00e9seinken h\u00e9tf\u0151t\u0151l-cs\u00fct\u00f6rt\u00f6kig 16:00-17:00 k\u00f6z\u00f6tt a f\u00f3ti Phoenix Sportcsarnokban (F\u00f3t, Sport utca 10.)!<\/p>\n<h3>Hajr\u00e1 F\u00f3t!<\/h3>\n","protected":false},"excerpt":{"rendered":"<p>A kitart\u00f3 edz\u00e9smunka \u00fajra meghozta a v\u00e1rva v\u00e1rt sikert! Gratul\u00e1lunk a csapatnak!<\/p>\n","protected":false},"author":3,"featured_media":6214,"comment_status":"closed","ping_status":"open","sticky":false,"template":"","format":"standard","meta":{"_bbp_topic_count":0,"_bbp_reply_count":0,"_bbp_total_topic_count":0,"_bbp_total_reply_count":0,"_bbp_voice_count":0,"_bbp_anonymous_reply_count":0,"_bbp_topic_count_hidden":0,"_bbp_reply_count_hidden":0,"_bbp_forum_subforum_count":0,"_price":"","_stock":"","_tribe_ticket_header":"","_tribe_default_ticket_provider":"","_ticket_start_date":"","_ticket_end_date":"","_tribe_ticket_show_description":"","_tribe_ticket_show_not_going":false,"_tribe_ticket_use_global_stock":"","_tribe_ticket_global_stock_level":"","_global_stock_mode":"","_global_stock_cap":"","_tribe_rsvp_for_event":"","_tribe_ticket_going_count":"","_tribe_ticket_not_going_count":"","_tribe_tickets_list":"[]","_tribe_ticket_has_attendee_info_fields":false,"footnotes":""},"categories":[1],"tags":[],"class_list":["post-6210","post","type-post","status-publish","format-standard","has-post-thumbnail","hentry","category-hirek"],"yoast_head":"<!-- This site is optimized with the Yoast SEO plugin v25.7 - https:\/\/yoast.com\/wordpress\/plugins\/seo\/ -->\n<title>A F\u00f3t SE U12-es kos\u00e1rlabda csapata k\u00e9t gy\u0151zelemmel a csoportja \u00e9l\u00e9n z\u00e1rt! - F\u00d3T SPORTEGYES\u00dcLET<\/title>\n<meta name=\"robots\" content=\"index, follow, max-snippet:-1, max-image-preview:large, max-video-preview:-1\" \/>\n<link rel=\"canonical\" href=\"https:\/\/fotsportegyesulet.hu\/index.php\/2023\/02\/20\/a-fot-se-u12-es-kosarlabda-csapata-ket-gyozelemmel-a-csoportja-elen-zart\/\" \/>\n<meta property=\"og:locale\" content=\"hu_HU\" \/>\n<meta property=\"og:type\" content=\"article\" \/>\n<meta property=\"og:title\" content=\"A F\u00f3t SE U12-es kos\u00e1rlabda csapata k\u00e9t gy\u0151zelemmel a csoportja \u00e9l\u00e9n z\u00e1rt! - F\u00d3T SPORTEGYES\u00dcLET\" \/>\n<meta property=\"og:description\" content=\"A kitart\u00f3 edz\u00e9smunka \u00fajra meghozta a v\u00e1rva v\u00e1rt sikert! Gratul\u00e1lunk a csapatnak!\" \/>\n<meta property=\"og:url\" content=\"https:\/\/fotsportegyesulet.hu\/index.php\/2023\/02\/20\/a-fot-se-u12-es-kosarlabda-csapata-ket-gyozelemmel-a-csoportja-elen-zart\/\" \/>\n<meta property=\"og:site_name\" content=\"F\u00d3T SPORTEGYES\u00dcLET\" \/>\n<meta property=\"article:publisher\" content=\"https:\/\/www.facebook.com\/fotsportegyesulet\/\" \/>\n<meta property=\"article:published_time\" content=\"2023-02-20T11:34:30+00:00\" \/>\n<meta property=\"article:modified_time\" content=\"2023-02-20T11:46:00+00:00\" \/>\n<meta property=\"og:image\" content=\"https:\/\/fotsportegyesulet.hu\/wp-content\/uploads\/2023\/02\/956x455-5.jpg\" \/>\n\t<meta property=\"og:image:width\" content=\"956\" \/>\n\t<meta property=\"og:image:height\" content=\"455\" \/>\n\t<meta property=\"og:image:type\" content=\"image\/jpeg\" \/>\n<meta name=\"author\" content=\"F\u00f3t SE\" \/>\n<meta name=\"twitter:card\" content=\"summary_large_image\" \/>\n<meta name=\"twitter:label1\" content=\"Szerz\u0151:\" \/>\n\t<meta name=\"twitter:data1\" content=\"F\u00f3t SE\" \/>\n\t<meta name=\"twitter:label2\" content=\"Becs\u00fclt olvas\u00e1si id\u0151\" \/>\n\t<meta name=\"twitter:data2\" content=\"2 perc\" \/>\n<script type=\"application\/ld+json\" class=\"yoast-schema-graph\">{\"@context\":\"https:\/\/schema.org\",\"@graph\":[{\"@type\":\"Article\",\"@id\":\"https:\/\/fotsportegyesulet.hu\/index.php\/2023\/02\/20\/a-fot-se-u12-es-kosarlabda-csapata-ket-gyozelemmel-a-csoportja-elen-zart\/#article\",\"isPartOf\":{\"@id\":\"https:\/\/fotsportegyesulet.hu\/index.php\/2023\/02\/20\/a-fot-se-u12-es-kosarlabda-csapata-ket-gyozelemmel-a-csoportja-elen-zart\/\"},\"author\":{\"name\":\"F\u00f3t SE\",\"@id\":\"https:\/\/fotsportegyesulet.hu\/#\/schema\/person\/8750ccb3a5183172b75dcc348ffbdbb1\"},\"headline\":\"A F\u00f3t SE U12-es kos\u00e1rlabda csapata k\u00e9t gy\u0151zelemmel a csoportja \u00e9l\u00e9n z\u00e1rt!\",\"datePublished\":\"2023-02-20T11:34:30+00:00\",\"dateModified\":\"2023-02-20T11:46:00+00:00\",\"mainEntityOfPage\":{\"@id\":\"https:\/\/fotsportegyesulet.hu\/index.php\/2023\/02\/20\/a-fot-se-u12-es-kosarlabda-csapata-ket-gyozelemmel-a-csoportja-elen-zart\/\"},\"wordCount\":251,\"publisher\":{\"@id\":\"https:\/\/fotsportegyesulet.hu\/#organization\"},\"image\":{\"@id\":\"https:\/\/fotsportegyesulet.hu\/index.php\/2023\/02\/20\/a-fot-se-u12-es-kosarlabda-csapata-ket-gyozelemmel-a-csoportja-elen-zart\/#primaryimage\"},\"thumbnailUrl\":\"https:\/\/fotsportegyesulet.hu\/wp-content\/uploads\/2023\/02\/956x455-5.jpg\",\"articleSection\":[\"H\u00edrek\"],\"inLanguage\":\"hu\"},{\"@type\":\"WebPage\",\"@id\":\"https:\/\/fotsportegyesulet.hu\/index.php\/2023\/02\/20\/a-fot-se-u12-es-kosarlabda-csapata-ket-gyozelemmel-a-csoportja-elen-zart\/\",\"url\":\"https:\/\/fotsportegyesulet.hu\/index.php\/2023\/02\/20\/a-fot-se-u12-es-kosarlabda-csapata-ket-gyozelemmel-a-csoportja-elen-zart\/\",\"name\":\"A F\u00f3t SE U12-es kos\u00e1rlabda csapata k\u00e9t gy\u0151zelemmel a csoportja \u00e9l\u00e9n z\u00e1rt! - F\u00d3T SPORTEGYES\u00dcLET\",\"isPartOf\":{\"@id\":\"https:\/\/fotsportegyesulet.hu\/#website\"},\"primaryImageOfPage\":{\"@id\":\"https:\/\/fotsportegyesulet.hu\/index.php\/2023\/02\/20\/a-fot-se-u12-es-kosarlabda-csapata-ket-gyozelemmel-a-csoportja-elen-zart\/#primaryimage\"},\"image\":{\"@id\":\"https:\/\/fotsportegyesulet.hu\/index.php\/2023\/02\/20\/a-fot-se-u12-es-kosarlabda-csapata-ket-gyozelemmel-a-csoportja-elen-zart\/#primaryimage\"},\"thumbnailUrl\":\"https:\/\/fotsportegyesulet.hu\/wp-content\/uploads\/2023\/02\/956x455-5.jpg\",\"datePublished\":\"2023-02-20T11:34:30+00:00\",\"dateModified\":\"2023-02-20T11:46:00+00:00\",\"breadcrumb\":{\"@id\":\"https:\/\/fotsportegyesulet.hu\/index.php\/2023\/02\/20\/a-fot-se-u12-es-kosarlabda-csapata-ket-gyozelemmel-a-csoportja-elen-zart\/#breadcrumb\"},\"inLanguage\":\"hu\",\"potentialAction\":[{\"@type\":\"ReadAction\",\"target\":[\"https:\/\/fotsportegyesulet.hu\/index.php\/2023\/02\/20\/a-fot-se-u12-es-kosarlabda-csapata-ket-gyozelemmel-a-csoportja-elen-zart\/\"]}]},{\"@type\":\"ImageObject\",\"inLanguage\":\"hu\",\"@id\":\"https:\/\/fotsportegyesulet.hu\/index.php\/2023\/02\/20\/a-fot-se-u12-es-kosarlabda-csapata-ket-gyozelemmel-a-csoportja-elen-zart\/#primaryimage\",\"url\":\"https:\/\/fotsportegyesulet.hu\/wp-content\/uploads\/2023\/02\/956x455-5.jpg\",\"contentUrl\":\"https:\/\/fotsportegyesulet.hu\/wp-content\/uploads\/2023\/02\/956x455-5.jpg\",\"width\":956,\"height\":455},{\"@type\":\"BreadcrumbList\",\"@id\":\"https:\/\/fotsportegyesulet.hu\/index.php\/2023\/02\/20\/a-fot-se-u12-es-kosarlabda-csapata-ket-gyozelemmel-a-csoportja-elen-zart\/#breadcrumb\",\"itemListElement\":[{\"@type\":\"ListItem\",\"position\":1,\"name\":\"Kezd\u0151lap\",\"item\":\"https:\/\/fotsportegyesulet.hu\/\"},{\"@type\":\"ListItem\",\"position\":2,\"name\":\"A F\u00f3t SE U12-es kos\u00e1rlabda csapata k\u00e9t gy\u0151zelemmel a csoportja \u00e9l\u00e9n z\u00e1rt!\"}]},{\"@type\":\"WebSite\",\"@id\":\"https:\/\/fotsportegyesulet.hu\/#website\",\"url\":\"https:\/\/fotsportegyesulet.hu\/\",\"name\":\"F\u00d3T SPORTEGYES\u00dcLET\",\"description\":\"\",\"publisher\":{\"@id\":\"https:\/\/fotsportegyesulet.hu\/#organization\"},\"potentialAction\":[{\"@type\":\"SearchAction\",\"target\":{\"@type\":\"EntryPoint\",\"urlTemplate\":\"https:\/\/fotsportegyesulet.hu\/?s={search_term_string}\"},\"query-input\":{\"@type\":\"PropertyValueSpecification\",\"valueRequired\":true,\"valueName\":\"search_term_string\"}}],\"inLanguage\":\"hu\"},{\"@type\":\"Organization\",\"@id\":\"https:\/\/fotsportegyesulet.hu\/#organization\",\"name\":\"F\u00f3t Sportegyes\u00fclet\",\"url\":\"https:\/\/fotsportegyesulet.hu\/\",\"logo\":{\"@type\":\"ImageObject\",\"inLanguage\":\"hu\",\"@id\":\"https:\/\/fotsportegyesulet.hu\/#\/schema\/logo\/image\/\",\"url\":\"https:\/\/fotsportegyesulet.hu\/wp-content\/uploads\/2020\/07\/eredeti-sz\u00ednes-vektoros-Fot-cimer-3.png\",\"contentUrl\":\"https:\/\/fotsportegyesulet.hu\/wp-content\/uploads\/2020\/07\/eredeti-sz\u00ednes-vektoros-Fot-cimer-3.png\",\"width\":500,\"height\":500,\"caption\":\"F\u00f3t Sportegyes\u00fclet\"},\"image\":{\"@id\":\"https:\/\/fotsportegyesulet.hu\/#\/schema\/logo\/image\/\"},\"sameAs\":[\"https:\/\/www.facebook.com\/fotsportegyesulet\/\"]},{\"@type\":\"Person\",\"@id\":\"https:\/\/fotsportegyesulet.hu\/#\/schema\/person\/8750ccb3a5183172b75dcc348ffbdbb1\",\"name\":\"F\u00f3t SE\",\"image\":{\"@type\":\"ImageObject\",\"inLanguage\":\"hu\",\"@id\":\"https:\/\/fotsportegyesulet.hu\/#\/schema\/person\/image\/\",\"url\":\"https:\/\/secure.gravatar.com\/avatar\/2f768bb7a490a49aeb2ccaf4bacc94391bbafd4b6aa54eb6f9318ffc80d81dad?s=96&d=mm&r=g\",\"contentUrl\":\"https:\/\/secure.gravatar.com\/avatar\/2f768bb7a490a49aeb2ccaf4bacc94391bbafd4b6aa54eb6f9318ffc80d81dad?s=96&d=mm&r=g\",\"caption\":\"F\u00f3t SE\"},\"sameAs\":[\"http:\/\/fotsportegyesulet.hu\"],\"url\":\"https:\/\/fotsportegyesulet.hu\/index.php\/author\/kapitany-zoltan\/\"}]}<\/script>\n<!-- \/ Yoast SEO plugin. -->","yoast_head_json":{"title":"A F\u00f3t SE U12-es kos\u00e1rlabda csapata k\u00e9t gy\u0151zelemmel a csoportja \u00e9l\u00e9n z\u00e1rt! - F\u00d3T SPORTEGYES\u00dcLET","robots":{"index":"index","follow":"follow","max-snippet":"max-snippet:-1","max-image-preview":"max-image-preview:large","max-video-preview":"max-video-preview:-1"},"canonical":"https:\/\/fotsportegyesulet.hu\/index.php\/2023\/02\/20\/a-fot-se-u12-es-kosarlabda-csapata-ket-gyozelemmel-a-csoportja-elen-zart\/","og_locale":"hu_HU","og_type":"article","og_title":"A F\u00f3t SE U12-es kos\u00e1rlabda csapata k\u00e9t gy\u0151zelemmel a csoportja \u00e9l\u00e9n z\u00e1rt! - F\u00d3T SPORTEGYES\u00dcLET","og_description":"A kitart\u00f3 edz\u00e9smunka \u00fajra meghozta a v\u00e1rva v\u00e1rt sikert! Gratul\u00e1lunk a csapatnak!","og_url":"https:\/\/fotsportegyesulet.hu\/index.php\/2023\/02\/20\/a-fot-se-u12-es-kosarlabda-csapata-ket-gyozelemmel-a-csoportja-elen-zart\/","og_site_name":"F\u00d3T SPORTEGYES\u00dcLET","article_publisher":"https:\/\/www.facebook.com\/fotsportegyesulet\/","article_published_time":"2023-02-20T11:34:30+00:00","article_modified_time":"2023-02-20T11:46:00+00:00","og_image":[{"width":956,"height":455,"url":"https:\/\/fotsportegyesulet.hu\/wp-content\/uploads\/2023\/02\/956x455-5.jpg","type":"image\/jpeg"}],"author":"F\u00f3t SE","twitter_card":"summary_large_image","twitter_misc":{"Szerz\u0151:":"F\u00f3t SE","Becs\u00fclt olvas\u00e1si id\u0151":"2 perc"},"schema":{"@context":"https:\/\/schema.org","@graph":[{"@type":"Article","@id":"https:\/\/fotsportegyesulet.hu\/index.php\/2023\/02\/20\/a-fot-se-u12-es-kosarlabda-csapata-ket-gyozelemmel-a-csoportja-elen-zart\/#article","isPartOf":{"@id":"https:\/\/fotsportegyesulet.hu\/index.php\/2023\/02\/20\/a-fot-se-u12-es-kosarlabda-csapata-ket-gyozelemmel-a-csoportja-elen-zart\/"},"author":{"name":"F\u00f3t SE","@id":"https:\/\/fotsportegyesulet.hu\/#\/schema\/person\/8750ccb3a5183172b75dcc348ffbdbb1"},"headline":"A F\u00f3t SE U12-es kos\u00e1rlabda csapata k\u00e9t gy\u0151zelemmel a csoportja \u00e9l\u00e9n z\u00e1rt!","datePublished":"2023-02-20T11:34:30+00:00","dateModified":"2023-02-20T11:46:00+00:00","mainEntityOfPage":{"@id":"https:\/\/fotsportegyesulet.hu\/index.php\/2023\/02\/20\/a-fot-se-u12-es-kosarlabda-csapata-ket-gyozelemmel-a-csoportja-elen-zart\/"},"wordCount":251,"publisher":{"@id":"https:\/\/fotsportegyesulet.hu\/#organization"},"image":{"@id":"https:\/\/fotsportegyesulet.hu\/index.php\/2023\/02\/20\/a-fot-se-u12-es-kosarlabda-csapata-ket-gyozelemmel-a-csoportja-elen-zart\/#primaryimage"},"thumbnailUrl":"https:\/\/fotsportegyesulet.hu\/wp-content\/uploads\/2023\/02\/956x455-5.jpg","articleSection":["H\u00edrek"],"inLanguage":"hu"},{"@type":"WebPage","@id":"https:\/\/fotsportegyesulet.hu\/index.php\/2023\/02\/20\/a-fot-se-u12-es-kosarlabda-csapata-ket-gyozelemmel-a-csoportja-elen-zart\/","url":"https:\/\/fotsportegyesulet.hu\/index.php\/2023\/02\/20\/a-fot-se-u12-es-kosarlabda-csapata-ket-gyozelemmel-a-csoportja-elen-zart\/","name":"A F\u00f3t SE U12-es kos\u00e1rlabda csapata k\u00e9t gy\u0151zelemmel a csoportja \u00e9l\u00e9n z\u00e1rt! - F\u00d3T SPORTEGYES\u00dcLET","isPartOf":{"@id":"https:\/\/fotsportegyesulet.hu\/#website"},"primaryImageOfPage":{"@id":"https:\/\/fotsportegyesulet.hu\/index.php\/2023\/02\/20\/a-fot-se-u12-es-kosarlabda-csapata-ket-gyozelemmel-a-csoportja-elen-zart\/#primaryimage"},"image":{"@id":"https:\/\/fotsportegyesulet.hu\/index.php\/2023\/02\/20\/a-fot-se-u12-es-kosarlabda-csapata-ket-gyozelemmel-a-csoportja-elen-zart\/#primaryimage"},"thumbnailUrl":"https:\/\/fotsportegyesulet.hu\/wp-content\/uploads\/2023\/02\/956x455-5.jpg","datePublished":"2023-02-20T11:34:30+00:00","dateModified":"2023-02-20T11:46:00+00:00","breadcrumb":{"@id":"https:\/\/fotsportegyesulet.hu\/index.php\/2023\/02\/20\/a-fot-se-u12-es-kosarlabda-csapata-ket-gyozelemmel-a-csoportja-elen-zart\/#breadcrumb"},"inLanguage":"hu","potentialAction":[{"@type":"ReadAction","target":["https:\/\/fotsportegyesulet.hu\/index.php\/2023\/02\/20\/a-fot-se-u12-es-kosarlabda-csapata-ket-gyozelemmel-a-csoportja-elen-zart\/"]}]},{"@type":"ImageObject","inLanguage":"hu","@id":"https:\/\/fotsportegyesulet.hu\/index.php\/2023\/02\/20\/a-fot-se-u12-es-kosarlabda-csapata-ket-gyozelemmel-a-csoportja-elen-zart\/#primaryimage","url":"https:\/\/fotsportegyesulet.hu\/wp-content\/uploads\/2023\/02\/956x455-5.jpg","contentUrl":"https:\/\/fotsportegyesulet.hu\/wp-content\/uploads\/2023\/02\/956x455-5.jpg","width":956,"height":455},{"@type":"BreadcrumbList","@id":"https:\/\/fotsportegyesulet.hu\/index.php\/2023\/02\/20\/a-fot-se-u12-es-kosarlabda-csapata-ket-gyozelemmel-a-csoportja-elen-zart\/#breadcrumb","itemListElement":[{"@type":"ListItem","position":1,"name":"Kezd\u0151lap","item":"https:\/\/fotsportegyesulet.hu\/"},{"@type":"ListItem","position":2,"name":"A F\u00f3t SE U12-es kos\u00e1rlabda csapata k\u00e9t gy\u0151zelemmel a csoportja \u00e9l\u00e9n z\u00e1rt!"}]},{"@type":"WebSite","@id":"https:\/\/fotsportegyesulet.hu\/#website","url":"https:\/\/fotsportegyesulet.hu\/","name":"F\u00d3T SPORTEGYES\u00dcLET","description":"","publisher":{"@id":"https:\/\/fotsportegyesulet.hu\/#organization"},"potentialAction":[{"@type":"SearchAction","target":{"@type":"EntryPoint","urlTemplate":"https:\/\/fotsportegyesulet.hu\/?s={search_term_string}"},"query-input":{"@type":"PropertyValueSpecification","valueRequired":true,"valueName":"search_term_string"}}],"inLanguage":"hu"},{"@type":"Organization","@id":"https:\/\/fotsportegyesulet.hu\/#organization","name":"F\u00f3t Sportegyes\u00fclet","url":"https:\/\/fotsportegyesulet.hu\/","logo":{"@type":"ImageObject","inLanguage":"hu","@id":"https:\/\/fotsportegyesulet.hu\/#\/schema\/logo\/image\/","url":"https:\/\/fotsportegyesulet.hu\/wp-content\/uploads\/2020\/07\/eredeti-sz\u00ednes-vektoros-Fot-cimer-3.png","contentUrl":"https:\/\/fotsportegyesulet.hu\/wp-content\/uploads\/2020\/07\/eredeti-sz\u00ednes-vektoros-Fot-cimer-3.png","width":500,"height":500,"caption":"F\u00f3t Sportegyes\u00fclet"},"image":{"@id":"https:\/\/fotsportegyesulet.hu\/#\/schema\/logo\/image\/"},"sameAs":["https:\/\/www.facebook.com\/fotsportegyesulet\/"]},{"@type":"Person","@id":"https:\/\/fotsportegyesulet.hu\/#\/schema\/person\/8750ccb3a5183172b75dcc348ffbdbb1","name":"F\u00f3t SE","image":{"@type":"ImageObject","inLanguage":"hu","@id":"https:\/\/fotsportegyesulet.hu\/#\/schema\/person\/image\/","url":"https:\/\/secure.gravatar.com\/avatar\/2f768bb7a490a49aeb2ccaf4bacc94391bbafd4b6aa54eb6f9318ffc80d81dad?s=96&d=mm&r=g","contentUrl":"https:\/\/secure.gravatar.com\/avatar\/2f768bb7a490a49aeb2ccaf4bacc94391bbafd4b6aa54eb6f9318ffc80d81dad?s=96&d=mm&r=g","caption":"F\u00f3t SE"},"sameAs":["http:\/\/fotsportegyesulet.hu"],"url":"https:\/\/fotsportegyesulet.hu\/index.php\/author\/kapitany-zoltan\/"}]}},"_links":{"self":[{"href":"https:\/\/fotsportegyesulet.hu\/index.php\/wp-json\/wp\/v2\/posts\/6210","targetHints":{"allow":["GET"]}}],"collection":[{"href":"https:\/\/fotsportegyesulet.hu\/index.php\/wp-json\/wp\/v2\/posts"}],"about":[{"href":"https:\/\/fotsportegyesulet.hu\/index.php\/wp-json\/wp\/v2\/types\/post"}],"author":[{"embeddable":true,"href":"https:\/\/fotsportegyesulet.hu\/index.php\/wp-json\/wp\/v2\/users\/3"}],"replies":[{"embeddable":true,"href":"https:\/\/fotsportegyesulet.hu\/index.php\/wp-json\/wp\/v2\/comments?post=6210"}],"version-history":[{"count":9,"href":"https:\/\/fotsportegyesulet.hu\/index.php\/wp-json\/wp\/v2\/posts\/6210\/revisions"}],"predecessor-version":[{"id":6222,"href":"https:\/\/fotsportegyesulet.hu\/index.php\/wp-json\/wp\/v2\/posts\/6210\/revisions\/6222"}],"wp:featuredmedia":[{"embeddable":true,"href":"https:\/\/fotsportegyesulet.hu\/index.php\/wp-json\/wp\/v2\/media\/6214"}],"wp:attachment":[{"href":"https:\/\/fotsportegyesulet.hu\/index.php\/wp-json\/wp\/v2\/media?parent=6210"}],"wp:term":[{"taxonomy":"category","embeddable":true,"href":"https:\/\/fotsportegyesulet.hu\/index.php\/wp-json\/wp\/v2\/categories?post=6210"},{"taxonomy":"post_tag","embeddable":true,"href":"https:\/\/fotsportegyesulet.hu\/index.php\/wp-json\/wp\/v2\/tags?post=6210"}],"curies":[{"name":"wp","href":"https:\/\/api.w.org\/{rel}","templated":true}]}}