{"id":5160,"date":"2022-08-26T08:57:28","date_gmt":"2022-08-26T06:57:28","guid":{"rendered":"https:\/\/fotsportegyesulet.hu\/?p=5160"},"modified":"2022-08-26T09:41:05","modified_gmt":"2022-08-26T07:41:05","slug":"2022-09-10-en-megrendezesre-kerul-a-foti-sportagvalaszto-csaladi-napunk-5","status":"publish","type":"post","link":"https:\/\/fotsportegyesulet.hu\/index.php\/2022\/08\/26\/2022-09-10-en-megrendezesre-kerul-a-foti-sportagvalaszto-csaladi-napunk-5\/","title":{"rendered":"2022.09.10-\u00e9n megrendez\u00e9sre ker\u00fcl a F\u00f3ti Sport\u00e1gv\u00e1laszt\u00f3 Csal\u00e1di Napunk!"},"content":{"rendered":"<div id=\"pg-5072-0\" class=\"panel-grid panel-no-style\">\n<div id=\"pgc-5072-0-0\" class=\"panel-grid-cell\">\n<div id=\"panel-5072-0-0-0\" class=\"so-panel widget widget_text panel-first-child panel-last-child\" data-index=\"0\">\n<h3>2022.09.10-\u00e9n megrendez\u00e9sre ker\u00fcl a F\u00f3ti Sport\u00e1gv\u00e1laszt\u00f3 Csal\u00e1di Nap, ahov\u00e1 sok szeretettel v\u00e1runk minden sportolni v\u00e1gy\u00f3 kicsit \u00e9s nagyot, fi\u00fakat \u00e9s l\u00e1nyokat! Gyertek min\u00e9l t\u00f6bben \u00e9s t\u00f6lts\u00fcnk egy\u00fctt \u00fajra egy fantasztikus napot!<\/h3>\n<h3><img loading=\"lazy\" decoding=\"async\" class=\"size-large wp-image-4957 aligncenter\" src=\"https:\/\/fotsportegyesulet.hu\/wp-content\/uploads\/2022\/08\/1200x628-sportagvalszto-fb-1024x536.jpg\" alt=\"f\u00f3t sport\u00e1gv\u00e1laszt\u00f3\" width=\"1024\" height=\"536\" srcset=\"https:\/\/fotsportegyesulet.hu\/wp-content\/uploads\/2022\/08\/1200x628-sportagvalszto-fb-1024x536.jpg 1024w, https:\/\/fotsportegyesulet.hu\/wp-content\/uploads\/2022\/08\/1200x628-sportagvalszto-fb-300x157.jpg 300w, https:\/\/fotsportegyesulet.hu\/wp-content\/uploads\/2022\/08\/1200x628-sportagvalszto-fb-768x402.jpg 768w, https:\/\/fotsportegyesulet.hu\/wp-content\/uploads\/2022\/08\/1200x628-sportagvalszto-fb-1536x804.jpg 1536w, https:\/\/fotsportegyesulet.hu\/wp-content\/uploads\/2022\/08\/1200x628-sportagvalszto-fb-2048x1072.jpg 2048w\" sizes=\"auto, (max-width: 1024px) 100vw, 1024px\" \/><\/h3>\n<h3>Addig is\u00a0 szeretn\u00e9nk sz\u00e1motokra egy kis betekint\u00e9st adni szakoszt\u00e1lyainkba!<\/h3>\n<h3 class=\"widget-title\">Karate szakoszt\u00e1lyunk<\/h3>\n<div class=\"textwidget\">\n<div>Szakoszt\u00e1lyvezet\u0151: Sz\u00e9cs\u00e9nyi Attila Zsolt<br \/>\n<strong>Nihon \u00dajpalotai Sportegyes\u00fclet<br \/>\n<\/strong>Eln\u00f6k \/ Edz\u0151 \/ Versenyz\u0151<br \/>\n5 dan Wado-Ryu Karate<br \/>\n3 dan Okinawa Kobudo<\/div>\n<div>Telefon: 06 20 981-6038<\/div>\n<\/div>\n<\/div>\n<\/div>\n<div id=\"pgc-5072-0-1\" class=\"panel-grid-cell\">\n<div id=\"panel-5072-0-1-0\" class=\"so-panel widget widget_media_image panel-first-child panel-last-child\" data-index=\"1\"><img loading=\"lazy\" decoding=\"async\" class=\"image wp-image-5096 attachment-medium size-medium\" src=\"https:\/\/fotsportegyesulet.hu\/wp-content\/uploads\/2022\/08\/karate-fse-300x300.jpg\" sizes=\"auto, (max-width: 300px) 100vw, 300px\" srcset=\"https:\/\/fotsportegyesulet.hu\/wp-content\/uploads\/2022\/08\/karate-fse-300x300.jpg 300w, https:\/\/fotsportegyesulet.hu\/wp-content\/uploads\/2022\/08\/karate-fse-150x150.jpg 150w, https:\/\/fotsportegyesulet.hu\/wp-content\/uploads\/2022\/08\/karate-fse.jpg 400w\" alt=\"\" width=\"300\" height=\"300\" \/><\/div>\n<\/div>\n<\/div>\n<div id=\"pg-5072-1\" class=\"panel-grid panel-no-style\">\n<div id=\"pgc-5072-1-0\" class=\"panel-grid-cell\">\n<div id=\"panel-5072-1-0-0\" class=\"so-panel widget widget_text panel-first-child panel-last-child\" data-index=\"2\">\n<div class=\"textwidget\">\n<p>Harcm\u0171v\u00e9szeti p\u00e1lyafut\u00e1somat 1978-ban kezdtem az UTE judoterm\u00e9ben, a Megyeri \u00faton Horvay S\u00e1ndor \u00e9s Ol\u00e1h P\u00e1l mesterek tan\u00edtv\u00e1nyak\u00e9nt. A k\u00f6zel \u00f6t\u00e9ves cselg\u00e1nccsal t\u00f6lt\u00f6tt id\u0151szakomat az akkori kisdobos \u00e9s \u00fatt\u00f6r\u0151 korcsoportban n\u00e9h\u00e1ny budapesti \u00e9s orsz\u00e1gos versenyen el\u00e9rt helyez\u00e9s k\u00eds\u00e9rte. A karat\u00e9val 1983-ban ismerkedtem meg, az akkor k\u00f6zismertebb st\u00edlusokat hosszabb \u2013 r\u00f6videbb ideig gyakoroltam is. A Wado-Ryu Karate-t 1992 \u00f3ta gyakorlom.<\/p>\n<p>Egyes\u00fclet\u00fcnk tagja a Magyar Karate Szaksz\u00f6vets\u00e9gnek, szakmai fel\u00fcgyelet\u00e9t a Magyar Wado Sz\u00f6vets\u00e9g l\u00e1tja el. Szakmai ir\u00e1ny\u00edt\u00f3ink Kuniaki Sakagami 8 danos \u00e9s Noboyuki Nukina 6 danos mesterek. Jelenleg az egyes\u00fcletben minden nap tartunk edz\u00e9seket Budapesten a XV. ker\u00fcletben, a XIX. ker\u00fcletben \u00e9s F\u00f3ton. \u00c9vente 2 x lehet \u00f6vvizsg\u00e1val el\u0151re jutni a k\u00fcl\u00f6nb\u00f6z\u0151 szinteken, illetve az arra pszichikailag \u00e9s fizikailag alkalmas gyerekeknek lehet\u0151s\u00e9g\u00fck van a karate, mint versenysporttal val\u00f3 megismer\u00e9s\u00e9re \u00e9s a versenyz\u00e9sre. Egyes\u00fclet\u00fcnkben jelenleg a sportol\u00f3k k\u00e9pz\u00e9s\u00e9t, versenyre \u00e9s \u00f6vvizsg\u00e1kra t\u00f6rt\u00e9n\u0151 felk\u00e9sz\u00edt\u00e9s\u00e9t 4 fekete \u00f6ves mester ir\u00e1ny\u00edtja.<\/p>\n<p><img loading=\"lazy\" decoding=\"async\" class=\"size-full wp-image-5083 aligncenter\" src=\"https:\/\/fotsportegyesulet.hu\/wp-content\/uploads\/2022\/08\/DSC4015.jpg\" sizes=\"auto, (max-width: 960px) 100vw, 960px\" srcset=\"https:\/\/fotsportegyesulet.hu\/wp-content\/uploads\/2022\/08\/DSC4015.jpg 960w, https:\/\/fotsportegyesulet.hu\/wp-content\/uploads\/2022\/08\/DSC4015-300x200.jpg 300w, https:\/\/fotsportegyesulet.hu\/wp-content\/uploads\/2022\/08\/DSC4015-768x512.jpg 768w, https:\/\/fotsportegyesulet.hu\/wp-content\/uploads\/2022\/08\/DSC4015-600x400.jpg 600w, https:\/\/fotsportegyesulet.hu\/wp-content\/uploads\/2022\/08\/DSC4015-272x182.jpg 272w\" alt=\"fse karate\" width=\"960\" height=\"640\" \/><\/p>\n<p><strong>Danvizsg\u00e1k<\/strong><\/p>\n<p>1. dan 1999. B\u00e1tasz\u00e9k<br \/>\n2. dan 2001. B\u00e1tasz\u00e9k<br \/>\n3. dan 2004. Szentes<br \/>\n4. dan 2009. Szentes<\/p>\n<p>Sajnos ezeket a vizsg\u00e1kat a Jap\u00e1n Karate Sz\u00f6vets\u00e9g nem ismerte el ez\u00e9rt meg kellett ism\u00e9telni a vizsg\u00e1kat a JKF (Japan Karate Federation) vizsgabizotts\u00e1ga el\u0151tt is.<\/p>\n<p>1. dan 2013. Kempervennen (Hollandia)<br \/>\n2. dan 2014. Kempervennen (Hollandia)<br \/>\n3. dan 2014. Reading (Anglia)<br \/>\n4. dan 2015. Nagoya (Jap\u00e1n)<br \/>\n5. dan 2018. Leicester (Anglia)<\/p>\n<p><strong>Edz\u0151i jogos\u00edtv\u00e1ny<\/strong><br \/>\nA karate oktat\u00e1s\u00e1val az volt a c\u00e9lom, hogy azok a gyerekek \u00e9s feln\u0151ttek, akiknek tetszik ez a fajta mozg\u00e1skult\u00fara \u00e9s \u00e9letforma azokkal id\u0151nk\u00e9nt egy\u00fctt tudjak sportolni, edzeni \u00e9s ismereteimet \u00e1t tudjam nekik adni, mik\u00f6zben sportolunk. Ezalatt \u00e9n is fejl\u0151dhetek. M\u00e1r fiatal, tanul\u00f3 koromban is lehet\u0151s\u00e9get kaptam az akkori edz\u0151kt\u0151l, hogy n\u00e1lam alacsonyabb \u00f6vfokozat\u00fa karat\u00e9k\u00e1kat vagy gyerekeket oktassak. Csak k\u00e9s\u0151bb j\u00f6tt a lehet\u0151s\u00e9g, hogy hivatalosan is edz\u0151 lehessek. Az 1996-1997-es tan\u00e9vben az OTSH \u00e1ltal szervezett 1 \u00e9ves edz\u0151i tanfolyamon szereztem \u201cA\u201d kateg\u00f3ri\u00e1s, sportoktat\u00f3i diplom\u00e1t. A Semmelweis Egyetem Testnevel\u00e9si \u00e9s Sporttudom\u00e1nyi Kar\u00e1n szervez\u0151d\u00f6tt Sportedz\u0151, Szakedz\u0151 tanfolyam elv\u00e9gz\u00e9se ut\u00e1n a diplom\u00e1mat 2013 \u0151sz\u00e9n vehettem \u00e1t.<\/p>\n<p><img loading=\"lazy\" decoding=\"async\" class=\"size-large wp-image-5084 aligncenter\" src=\"https:\/\/fotsportegyesulet.hu\/wp-content\/uploads\/2022\/08\/DSC3839-1024x683.jpg\" sizes=\"auto, (max-width: 1024px) 100vw, 1024px\" srcset=\"https:\/\/fotsportegyesulet.hu\/wp-content\/uploads\/2022\/08\/DSC3839-1024x683.jpg 1024w, https:\/\/fotsportegyesulet.hu\/wp-content\/uploads\/2022\/08\/DSC3839-300x200.jpg 300w, https:\/\/fotsportegyesulet.hu\/wp-content\/uploads\/2022\/08\/DSC3839-768x512.jpg 768w, https:\/\/fotsportegyesulet.hu\/wp-content\/uploads\/2022\/08\/DSC3839-600x400.jpg 600w, https:\/\/fotsportegyesulet.hu\/wp-content\/uploads\/2022\/08\/DSC3839-272x182.jpg 272w, https:\/\/fotsportegyesulet.hu\/wp-content\/uploads\/2022\/08\/DSC3839.jpg 1200w\" alt=\"\" width=\"1024\" height=\"683\" \/><\/p>\n<p><strong>B\u00edr\u00f3i min\u0151s\u00edt\u00e9s<\/strong><\/p>\n<p>A versenyz\u00e9s mellett egyre jobban kezdett el \u00e9rdekelni a b\u00edr\u00f3i munka, melynek megismer\u00e9s\u00e9vel a versenyz\u0151ket is jobban fel lehetett k\u00e9sz\u00edteni. 2001-ben a Magyar Karate Sz\u00f6vets\u00e9g \u00e1ltal szervezett b\u00edr\u00f3i tanfolyamon \u201cC\u201d kateg\u00f3ri\u00e1s b\u00edr\u00f3i k\u00e9pes\u00edt\u00e9st szereztem. Ezt t\u00f6bb tov\u00e1bbi k\u00fcl\u00f6nb\u00f6z\u0151 WUKO \u00e9s W.U.K.F. b\u00edr\u00f3i min\u0151s\u00edt\u00e9s k\u00f6vette Ausztri\u00e1ban, Rom\u00e1ni\u00e1ban, Olaszorsz\u00e1gban. Itthon is tov\u00e1bb folyt a k\u00e9pz\u00e9s a Magyar Karate Szaksz\u00f6vets\u00e9g tanfolyamain. Jelenleg \u201eVezet\u0151b\u00edr\u00f3 A\u201d min\u0151s\u00edt\u00e9sem van, melyet 2018-ban szereztem.<\/p>\n<p><img loading=\"lazy\" decoding=\"async\" class=\"size-large wp-image-5085 aligncenter\" src=\"https:\/\/fotsportegyesulet.hu\/wp-content\/uploads\/2022\/08\/15502651_600100383514903_893066518_o-1024x682.jpg\" sizes=\"auto, (max-width: 1024px) 100vw, 1024px\" srcset=\"https:\/\/fotsportegyesulet.hu\/wp-content\/uploads\/2022\/08\/15502651_600100383514903_893066518_o-1024x682.jpg 1024w, https:\/\/fotsportegyesulet.hu\/wp-content\/uploads\/2022\/08\/15502651_600100383514903_893066518_o-300x200.jpg 300w, https:\/\/fotsportegyesulet.hu\/wp-content\/uploads\/2022\/08\/15502651_600100383514903_893066518_o-768x511.jpg 768w, https:\/\/fotsportegyesulet.hu\/wp-content\/uploads\/2022\/08\/15502651_600100383514903_893066518_o-600x400.jpg 600w, https:\/\/fotsportegyesulet.hu\/wp-content\/uploads\/2022\/08\/15502651_600100383514903_893066518_o-272x182.jpg 272w, https:\/\/fotsportegyesulet.hu\/wp-content\/uploads\/2022\/08\/15502651_600100383514903_893066518_o.jpg 1200w\" alt=\"\" width=\"1024\" height=\"682\" \/><\/p>\n<p><strong>Versenyz\u00e9s<\/strong><\/p>\n<p>Mindig is azt gondoltam, hogy a versenyz\u00e9s az, amellyel egy \u00f6sszk\u00e9pet kaphatunk magunkr\u00f3l \u00e9s arr\u00f3l, hogy milyen szinten vannak az ismereteink. Ugyanakkor a versenyz\u00e9s k\u00f6zben szerzett tapasztalatokat meg lehet osztani azokkal a sportol\u00f3kkal, akiket mi k\u00e9sz\u00edt\u00fcnk fel a versenyz\u00e9sre. Az eredm\u00e9nyek azt igazolj\u00e1k, hogy ezt a munk\u00e1t j\u00f3l v\u00e9gezz\u00fck. Sportol\u00f3ink eredm\u00e9nyesen versenyeznek mind a hazai, mind a nemzetk\u00f6zi mez\u0151nyben. Az oktat\u00e1s mellett jelenleg akt\u00edvan versenyezek. Tagja vagyok az MWSZ v\u00e1logatott keret\u00e9nek.<\/p>\n<p><strong>Eredm\u00e9nyeim:<\/strong><br \/>\n56 Magyar Bajnoki c\u00edm (Wado, WKF, Semi Contact,)<br \/>\n16 Eur\u00f3pa-bajnoki c\u00edm<br \/>\n5 Vil\u00e1gbajnoki helyez\u00e9s (2 III. hely, 1 II. hely, 2 I. hely)<\/p>\n<p><img loading=\"lazy\" decoding=\"async\" class=\"size-large wp-image-5086 aligncenter\" src=\"https:\/\/fotsportegyesulet.hu\/wp-content\/uploads\/2022\/08\/DSC03972-1024x683.jpg\" sizes=\"auto, (max-width: 1024px) 100vw, 1024px\" srcset=\"https:\/\/fotsportegyesulet.hu\/wp-content\/uploads\/2022\/08\/DSC03972-1024x683.jpg 1024w, https:\/\/fotsportegyesulet.hu\/wp-content\/uploads\/2022\/08\/DSC03972-300x200.jpg 300w, https:\/\/fotsportegyesulet.hu\/wp-content\/uploads\/2022\/08\/DSC03972-768x512.jpg 768w, https:\/\/fotsportegyesulet.hu\/wp-content\/uploads\/2022\/08\/DSC03972-600x400.jpg 600w, https:\/\/fotsportegyesulet.hu\/wp-content\/uploads\/2022\/08\/DSC03972-272x182.jpg 272w, https:\/\/fotsportegyesulet.hu\/wp-content\/uploads\/2022\/08\/DSC03972.jpg 1200w\" alt=\"\" width=\"1024\" height=\"683\" \/><\/p>\n<p><strong>KOBUDO<\/strong><\/p>\n<p>A harcm\u0171v\u00e9szet m\u00e1r gyermekkorban \u00e9rdekelt, k\u00fcl\u00f6n\u00f6sen a fegyveres r\u00e9sz. Nagyon tetszett, ahogy filmeken, bemutat\u00f3kon forgatt\u00e1k a k\u00fcl\u00f6nb\u00f6z\u0151 eszk\u00f6z\u00f6ket: kardot, botot, nunchakut, stb. K\u00e9s\u0151bb azt\u00e1n a 80\u2019-as \u00e9vekben lehet\u0151s\u00e9gem is volt kipr\u00f3b\u00e1lni, gyakorolni a Jap\u00e1n Harcij\u00e1t\u00e9kok Klubj\u00e1ban. \u00cdg\u00e9retet tettem magamnak, hogy egyszer majd folytatni fogom. Ez 2009-ben j\u00f6tt el, amikor bes\u00e9t\u00e1ltam Baranyi Gy\u00f6rgy mester doj\u00f3j\u00e1ba, hogy kobud\u00f3zni szeretn\u00e9k.<\/p>\n<p><img loading=\"lazy\" decoding=\"async\" class=\"size-large wp-image-5092 aligncenter\" src=\"https:\/\/fotsportegyesulet.hu\/wp-content\/uploads\/2022\/08\/1-1024x683.jpg\" sizes=\"auto, (max-width: 1024px) 100vw, 1024px\" srcset=\"https:\/\/fotsportegyesulet.hu\/wp-content\/uploads\/2022\/08\/1-1024x683.jpg 1024w, https:\/\/fotsportegyesulet.hu\/wp-content\/uploads\/2022\/08\/1-300x200.jpg 300w, https:\/\/fotsportegyesulet.hu\/wp-content\/uploads\/2022\/08\/1-768x512.jpg 768w, https:\/\/fotsportegyesulet.hu\/wp-content\/uploads\/2022\/08\/1-600x400.jpg 600w, https:\/\/fotsportegyesulet.hu\/wp-content\/uploads\/2022\/08\/1-1536x1024.jpg 1536w, https:\/\/fotsportegyesulet.hu\/wp-content\/uploads\/2022\/08\/1-2048x1365.jpg 2048w, https:\/\/fotsportegyesulet.hu\/wp-content\/uploads\/2022\/08\/1-272x182.jpg 272w\" alt=\"\" width=\"1024\" height=\"683\" \/><\/p>\n<p>Telt-m\u00falt az id\u0151 \u00e9s gy\u0171ltek k\u00f6r\u00fcl\u00f6ttem az \u00e9rdekl\u0151d\u0151 emberek, azt\u00e1n egyszer csak ezt is elkezdtem tan\u00edtani. A l\u00e9trej\u00f6tt klubokkal megalak\u00edtottuk az Oshukai Hungary Sz\u00f6vets\u00e9get. Tagjai lett\u00fcnk a W.O.F.-nak (World Oshukai Federations) amely egyben a szakmai fel\u00fcgyelet\u00fcnket is ell\u00e1tja. Sajnos a Covid egy id\u0151re v\u00e9get vetett a munk\u00e1nak, most az \u00fajraszervez\u00e9s zajlik. Szakmai ir\u00e1ny\u00edt\u00f3ink Kenyu Chinen 9 danos \u00e9s Nathalie Luce 6 danos mesterek.<\/p>\n<p><strong>Danvizsg\u00e1k<\/strong><\/p>\n<p>1. dan 2011. F\u00f3t<br \/>\n2. dan 2015. Balatonvil\u00e1gos<br \/>\n3. dan 2019. Thonon les Bains (Franciaorsz\u00e1g)<\/p>\n<p><img loading=\"lazy\" decoding=\"async\" class=\"size-large wp-image-5093 aligncenter\" src=\"https:\/\/fotsportegyesulet.hu\/wp-content\/uploads\/2022\/08\/2-1024x683.jpg\" sizes=\"auto, (max-width: 1024px) 100vw, 1024px\" srcset=\"https:\/\/fotsportegyesulet.hu\/wp-content\/uploads\/2022\/08\/2-1024x683.jpg 1024w, https:\/\/fotsportegyesulet.hu\/wp-content\/uploads\/2022\/08\/2-300x200.jpg 300w, https:\/\/fotsportegyesulet.hu\/wp-content\/uploads\/2022\/08\/2-768x512.jpg 768w, https:\/\/fotsportegyesulet.hu\/wp-content\/uploads\/2022\/08\/2-600x400.jpg 600w, https:\/\/fotsportegyesulet.hu\/wp-content\/uploads\/2022\/08\/2-1536x1024.jpg 1536w, https:\/\/fotsportegyesulet.hu\/wp-content\/uploads\/2022\/08\/2-2048x1365.jpg 2048w, https:\/\/fotsportegyesulet.hu\/wp-content\/uploads\/2022\/08\/2-272x182.jpg 272w\" alt=\"\" width=\"1024\" height=\"683\" \/><\/p>\n<p>Egyes\u00fclet\u00fcnkbe minden olyan \u00e9rdekl\u0151d\u0151t v\u00e1runk, akiket \u00e9rdekel a \u201epusztakezes\u201d, illetve a fegyveres harcm\u0171v\u00e9szet, \u00edgy szeretn\u00e9k kipr\u00f3b\u00e1lni ak\u00e1r a karat\u00e9t, ak\u00e1r a kobud\u00f3t, esetleg mindkett\u0151t. A megfelel\u0151 harcm\u0171v\u00e9szeti ismeret kell\u0151 \u00f6nbizalmat ad, fejleszti a szem\u00e9lyis\u00e9get, edzi a testet \u00e9s a lelket, gyermekek sz\u00e1m\u00e1ra kiv\u00e1l\u00f3 fejleszt\u0151 eszk\u00f6z. \u00c1m az edz\u00e9seken t\u00fal a sportol\u00f3 r\u00e9sz\u00e9v\u00e9 v\u00e1lik egy olyan k\u00f6z\u00f6ss\u00e9gnek ahov\u00e1 mindig sz\u00edvesen megy, ahov\u00e1 tartozni szeretne.<\/p>\n<p>A karat\u00e9t 6 \u00e9ves kort\u00f3l aj\u00e1nljuk m\u00e9g a feln\u0151tteknek is, ha szeretne akt\u00edvan id\u0151t t\u00f6lteni, szellemileg, testileg elf\u00e1radni. A kobud\u00f3t 10 \u00e9ves kort\u00f3l aj\u00e1nljuk m\u00e9g a feln\u0151tteknek, id\u0151seknek is. Jap\u00e1nban is nagy hagyom\u00e1nya van annak, hogy a fegyveres harcm\u0171v\u00e9szetet id\u0151sek gyakorolj\u00e1k. A figyelem fokozott fenntart\u00e1sa miatt frissen tartja az elm\u00e9t, a testet a gyakorlatok kev\u00e9sb\u00e9 terhelik, m\u00e9gis \u00e1tmozgatj\u00e1k a testet.<\/p>\n<\/div>\n<\/div>\n<\/div>\n<\/div>\n<p>&nbsp;<\/p>\n<div id=\"pg-4710-0\" class=\"panel-grid panel-no-style\">\n<div id=\"pgc-4710-0-0\" class=\"panel-grid-cell\">\n<div id=\"panel-4710-0-0-0\" class=\"so-panel widget widget_text panel-first-child panel-last-child\" data-index=\"0\">\n<h3 class=\"widget-title\">Sakk szakoszt\u00e1ly<\/h3>\n<div class=\"textwidget\">\n<div>Szakoszt\u00e1lyvezet\u0151, edz\u0151:<strong>\u00a0K\u00e1rp\u00e1ti G\u00e1bor<\/strong><\/div>\n<div>\n<div>\n<div>Mobil:<\/div>\n<div>E-mail:<\/div>\n<\/div>\n<\/div>\n<\/div>\n<\/div>\n<\/div>\n<div id=\"pgc-4710-0-1\" class=\"panel-grid-cell panel-grid-cell-empty\"><\/div>\n<div id=\"pgc-4710-0-2\" class=\"panel-grid-cell\">\n<div id=\"panel-4710-0-2-0\" class=\"so-panel widget widget_media_image panel-first-child panel-last-child\" data-index=\"1\"><img loading=\"lazy\" decoding=\"async\" class=\"image wp-image-4719 attachment-full size-full\" src=\"https:\/\/fotsportegyesulet.hu\/wp-content\/uploads\/2022\/07\/Karpati-Gabor.png\" sizes=\"auto, (max-width: 400px) 100vw, 400px\" srcset=\"https:\/\/fotsportegyesulet.hu\/wp-content\/uploads\/2022\/07\/Karpati-Gabor.png 400w, https:\/\/fotsportegyesulet.hu\/wp-content\/uploads\/2022\/07\/Karpati-Gabor-300x300.png 300w, https:\/\/fotsportegyesulet.hu\/wp-content\/uploads\/2022\/07\/Karpati-Gabor-150x150.png 150w\" alt=\"\" width=\"400\" height=\"400\" \/><\/div>\n<\/div>\n<\/div>\n<div id=\"pg-4710-1\" class=\"panel-grid panel-no-style\">\n<div id=\"pgc-4710-1-0\" class=\"panel-grid-cell\">\n<div id=\"panel-4710-1-0-0\" class=\"so-panel widget widget_text panel-first-child\" data-index=\"2\">\n<h3 class=\"widget-title\">K\u00e1rp\u00e1ti G\u00e1bor edz\u0151<\/h3>\n<div class=\"textwidget\">\n<p>1963. febru\u00e1r 25-\u00e9n, Budapesten sz\u00fclettem. N\u0151s vagyok, feles\u00e9gem Erzs\u00e9bet, gyermekeik B\u00e1nk (1995), Kincs\u0151 (1998), Kende Vajk (1998).<br \/>\nJelenleg a F\u00f3ti K\u00f6z\u00f6s \u00d6nkorm\u00e1nyzati Hivatal k\u00f6zbiztons\u00e1gi \u00e9s hullad\u00e9kgazd\u00e1lkod\u00e1si referense vagyok.<\/p>\n<p>Sakkj\u00e1t\u00e9kosk\u00e9nt a legmagasabb \u00c9l\u0151 pontsz\u00e1mom 1894 (2008 j\u00falius). 2010 \u00f3ta b\u00edr\u00e1skodok, a nemzeti versenyb\u00edr\u00f3 min\u0151s\u00edt\u00e9st 2013. augusztusban kaptam meg. A H\u00f3bagoly Kupa versenyek szervez\u0151je \u00e9s b\u00edr\u00e1ja vagyok. Seg\u00e9db\u00edr\u00f3k\u00e9nt r\u00e9szt vettem 2017\u20132019-ben a Dr. Het\u00e9nyi G\u00e9za eml\u00e9kversenyeken (GM-k\u00f6r), a 2018. \u00e9vi f\u00e9rfi K.O. Magyar Bajnoks\u00e1g d\u00f6nt\u0151j\u00e9ben \u00e9s a 2019. \u00e9vi n\u0151i \u00e9s f\u00e9rfi K.O. Magyar Bajnoks\u00e1g d\u00f6nt\u0151iben.<\/p>\n<\/div>\n<h3>Hajr\u00e1 F\u00f3t!<\/h3>\n<style>#jtg-5162 .modula-item .jtg-social a, .lightbox-socials.jtg-social a{ fill: #ffffff; color: #ffffff }#jtg-5162 .modula-item .jtg-social-mobile a{ fill: #ffffff; color: #ffffff }#jtg-5162 .modula-item .jtg-social svg, .lightbox-socials.jtg-social svg { height: 16px; width: 16px }#jtg-5162 .modula-item .jtg-social-mobile svg { height: 16px; width: 16px }#jtg-5162 .modula-item .jtg-social a:not(:last-child), .lightbox-socials.jtg-social a:not(:last-child) { margin-right: 10px }#jtg-5162 .modula-item .jtg-social-mobile .jtg-social-mobile-icons a:not(:last-child){ margin-right: 10px }#jtg-5162 .modula-item .figc {color:#ffffff;}#jtg-5162 .modula-item .modula-item-content { transform: scale(1) }#jtg-5162 { width:100%;}#jtg-5162 .modula-items{height:800px;}@media screen and (max-width: 992px) {#jtg-5162 .modula-items{height:800px;}}@media screen and (max-width: 768px) {#jtg-5162 .modula-items{height:800px;}}#jtg-5162 .modula-items .figc p.description { font-size:14px; }#jtg-5162 .modula-items .figc p.description { color:#ffffff;}#jtg-5162.modula-gallery .modula-item > a, #jtg-5162.modula-gallery .modula-item, #jtg-5162.modula-gallery .modula-item-content > a:not(.modula-no-follow) { cursor:zoom-in; } #jtg-5162.modula-gallery .modula-item-content .modula-no-follow { cursor: default; } @media screen and (max-width:480px){#jtg-5162 .modula-item .figc .jtg-title {  font-size: 12px; }#jtg-5162 .modula-items .figc p.description { color:#ffffff;font-size:10px; }}<\/style>\n<div  id=\"jtg-5162\" class=\"modula modula-gallery modula-creative-gallery\" data-config=\"{&quot;height&quot;:800,&quot;tabletHeight&quot;:800,&quot;mobileHeight&quot;:800,&quot;desktopHeight&quot;:800,&quot;enableTwitter&quot;:false,&quot;enableWhatsapp&quot;:false,&quot;enableFacebook&quot;:false,&quot;enablePinterest&quot;:false,&quot;enableLinkedin&quot;:false,&quot;enableEmail&quot;:false,&quot;randomFactor&quot;:0.5,&quot;type&quot;:&quot;creative-gallery&quot;,&quot;columns&quot;:12,&quot;gutter&quot;:10,&quot;mobileGutter&quot;:10,&quot;tabletGutter&quot;:10,&quot;desktopGutter&quot;:10,&quot;enableResponsive&quot;:&quot;0&quot;,&quot;tabletColumns&quot;:&quot;2&quot;,&quot;mobileColumns&quot;:&quot;1&quot;,&quot;lazyLoad&quot;:&quot;1&quot;,&quot;lightboxOpts&quot;:{&quot;animated&quot;:true,&quot;Thumbs&quot;:{&quot;type&quot;:&quot;modern&quot;,&quot;showOnStart&quot;:false},&quot;Toolbar&quot;:{&quot;display&quot;:{&quot;right&quot;:[&quot;close&quot;]},&quot;enabled&quot;:true},&quot;Carousel&quot;:{&quot;Panzoom&quot;:{&quot;touch&quot;:false},&quot;infinite&quot;:false},&quot;keyboard&quot;:{&quot;Escape&quot;:&quot;close&quot;,&quot;Delete&quot;:&quot;close&quot;,&quot;Backspace&quot;:&quot;close&quot;,&quot;PageUp&quot;:false,&quot;PageDown&quot;:false,&quot;ArrowUp&quot;:false,&quot;ArrowDown&quot;:false,&quot;ArrowRight&quot;:false,&quot;ArrowLeft&quot;:false},&quot;touch&quot;:false,&quot;backdropClick&quot;:false,&quot;l10n&quot;:{&quot;CLOSE&quot;:&quot;Close&quot;,&quot;NEXT&quot;:&quot;Next&quot;,&quot;PREV&quot;:&quot;Previous&quot;,&quot;Error&quot;:&quot;The requested content cannot be loaded. Please try again later.&quot;,&quot;PLAY_START&quot;:&quot;Start slideshow&quot;,&quot;PLAY_STOP&quot;:&quot;Pause slideshow&quot;,&quot;FULL_SCREEN&quot;:&quot;Full screen&quot;,&quot;THUMBS&quot;:&quot;Thumbnails&quot;,&quot;DOWNLOAD&quot;:&quot;Download&quot;,&quot;SHARE&quot;:&quot;Share&quot;,&quot;ZOOM&quot;:&quot;Zoom&quot;,&quot;EMAIL&quot;:&quot;Here is the link to the image : %%image_link%% and this is the link to the gallery : %%gallery_link%%&quot;,&quot;MODAL&quot;:&quot;You can close this modal content with the ESC key&quot;,&quot;ERROR&quot;:&quot;Something Went Wrong, Please Try Again Later&quot;,&quot;IMAGE_ERROR&quot;:&quot;Image Not Found&quot;,&quot;ELEMENT_NOT_FOUND&quot;:&quot;HTML Element Not Found&quot;,&quot;AJAX_NOT_FOUND&quot;:&quot;Error Loading AJAX : Not Found&quot;,&quot;AJAX_FORBIDDEN&quot;:&quot;Error Loading AJAX : Forbidden&quot;,&quot;IFRAME_ERROR&quot;:&quot;Error Loading Page&quot;,&quot;TOGGLE_ZOOM&quot;:&quot;Toggle zoom level&quot;,&quot;TOGGLE_THUMBS&quot;:&quot;Toggle thumbnails&quot;,&quot;TOGGLE_SLIDESHOW&quot;:&quot;Toggle slideshow&quot;,&quot;TOGGLE_FULLSCREEN&quot;:&quot;Toggle full-screen mode&quot;},&quot;Images&quot;:{&quot;Panzoom&quot;:{&quot;maxScale&quot;:2}},&quot;mainClass&quot;:&quot;modula-fancybox-container modula-lightbox-jtg-5162&quot;,&quot;Html&quot;:{&quot;videoAutoplay&quot;:0,&quot;videoTpl&quot;:&quot;&lt;video class=\\&quot;fancybox__html5video\\&quot; controls muted playsinline controlsList controlsList=\\&quot;nodownload\\&quot; poster=\\&quot;{{poster}}\\&quot; src=\\&quot;{{src}}\\&quot; type=\\&quot;{{format}}\\&quot; &gt;  Sorry, your browser doesn&#039;t support embedded videos, &lt;a href=\\&quot;{{src}}\\&quot;&gt; download &lt;\\\/a&gt; and watch with your favorite video player! &lt;\\\/video&gt;&quot;}},&quot;inView&quot;:false,&quot;email_subject&quot;:&quot;Check out this awesome image !!&quot;,&quot;email_message&quot;:&quot;Here is the link to the image : %%image_link%% and this is the link to the gallery : %%gallery_link%%&quot;,&quot;lightbox&quot;:&quot;fancybox&quot;}\">\n\n\t\n\t<div  class=\"modula-items\">\n\t\t<div class=\"modula-item effect-pufrobo\" >\n\t<div class=\"modula-item-overlay\"><\/div>\n\n\t<div class=\"modula-item-content\">\n\n\t\t\t\t\n\t\t\t\t\t<a data-image-id=\"5093\" tabindex=\"0\" rel=\"jtg-5162\" data-caption=\"\" aria-label=\"Open image in lightbox\" role=\"button\" class=\"tile-inner modula-item-link\"><\/a>\n\t\t\n\t\t<img class=\"pic wp-image-5093 lazyload\"  data-valign=\"middle\" data-halign=\"center\" alt=\"\" data-full=\"https:\/\/fotsportegyesulet.hu\/wp-content\/uploads\/2022\/08\/2.jpg\" title=\"2\" width=\"300\" height=\"200\" data-src=\"https:\/\/fotsportegyesulet.hu\/wp-content\/uploads\/2022\/08\/2-300x200.jpg\" data-caption=\"\" data-source=\"modula\" data-srcset=\"https:\/\/fotsportegyesulet.hu\/wp-content\/uploads\/2022\/08\/2-scaled.jpg 2560w, https:\/\/fotsportegyesulet.hu\/wp-content\/uploads\/2022\/08\/2-scaled-300x200.jpg 300w, https:\/\/fotsportegyesulet.hu\/wp-content\/uploads\/2022\/08\/2-1024x683.jpg 1024w, https:\/\/fotsportegyesulet.hu\/wp-content\/uploads\/2022\/08\/2-768x512.jpg 768w, https:\/\/fotsportegyesulet.hu\/wp-content\/uploads\/2022\/08\/2-600x400.jpg 600w, https:\/\/fotsportegyesulet.hu\/wp-content\/uploads\/2022\/08\/2-1536x1024.jpg 1536w, https:\/\/fotsportegyesulet.hu\/wp-content\/uploads\/2022\/08\/2-2048x1365.jpg 2048w, https:\/\/fotsportegyesulet.hu\/wp-content\/uploads\/2022\/08\/2-272x182.jpg 272w\" data-sizes=\"(max-width: 300px) 100vw, 300px\" \/>\n\t\t<div class=\"figc no-description\">\n\t\t\t<div class=\"figc-inner\">\n\t\t\t\t\t\t\t\t\t\t\t\t\t\t\t<\/div>\n\t\t<\/div>\n\n\t<\/div>\n\n<\/div><div class=\"modula-item effect-pufrobo\" >\n\t<div class=\"modula-item-overlay\"><\/div>\n\n\t<div class=\"modula-item-content\">\n\n\t\t\t\t\n\t\t\t\t\t<a data-image-id=\"5092\" tabindex=\"0\" rel=\"jtg-5162\" data-caption=\"\" aria-label=\"Open image in lightbox\" role=\"button\" class=\"tile-inner modula-item-link\"><\/a>\n\t\t\n\t\t<img class=\"pic wp-image-5092 lazyload\"  data-valign=\"middle\" data-halign=\"center\" alt=\"\" data-full=\"https:\/\/fotsportegyesulet.hu\/wp-content\/uploads\/2022\/08\/1.jpg\" title=\"1\" width=\"300\" height=\"200\" data-src=\"https:\/\/fotsportegyesulet.hu\/wp-content\/uploads\/2022\/08\/1-300x200.jpg\" data-caption=\"\" data-source=\"modula\" data-srcset=\"https:\/\/fotsportegyesulet.hu\/wp-content\/uploads\/2022\/08\/1-scaled.jpg 2560w, https:\/\/fotsportegyesulet.hu\/wp-content\/uploads\/2022\/08\/1-scaled-300x200.jpg 300w, https:\/\/fotsportegyesulet.hu\/wp-content\/uploads\/2022\/08\/1-1024x683.jpg 1024w, https:\/\/fotsportegyesulet.hu\/wp-content\/uploads\/2022\/08\/1-768x512.jpg 768w, https:\/\/fotsportegyesulet.hu\/wp-content\/uploads\/2022\/08\/1-600x400.jpg 600w, https:\/\/fotsportegyesulet.hu\/wp-content\/uploads\/2022\/08\/1-1536x1024.jpg 1536w, https:\/\/fotsportegyesulet.hu\/wp-content\/uploads\/2022\/08\/1-2048x1365.jpg 2048w, https:\/\/fotsportegyesulet.hu\/wp-content\/uploads\/2022\/08\/1-272x182.jpg 272w\" data-sizes=\"(max-width: 300px) 100vw, 300px\" \/>\n\t\t<div class=\"figc no-description\">\n\t\t\t<div class=\"figc-inner\">\n\t\t\t\t\t\t\t\t\t\t\t\t\t\t\t<\/div>\n\t\t<\/div>\n\n\t<\/div>\n\n<\/div><div class=\"modula-item effect-pufrobo\" >\n\t<div class=\"modula-item-overlay\"><\/div>\n\n\t<div class=\"modula-item-content\">\n\n\t\t\t\t\n\t\t\t\t\t<a data-image-id=\"5086\" tabindex=\"0\" rel=\"jtg-5162\" data-caption=\"\" aria-label=\"Open image in lightbox\" role=\"button\" class=\"tile-inner modula-item-link\"><\/a>\n\t\t\n\t\t<img class=\"pic wp-image-5086 lazyload\"  data-valign=\"middle\" data-halign=\"center\" alt=\"\" data-full=\"https:\/\/fotsportegyesulet.hu\/wp-content\/uploads\/2022\/08\/DSC03972.jpg\" title=\"DSC03972\" width=\"300\" height=\"200\" data-src=\"https:\/\/fotsportegyesulet.hu\/wp-content\/uploads\/2022\/08\/DSC03972-300x200.jpg\" data-caption=\"\" data-source=\"modula\" data-srcset=\"https:\/\/fotsportegyesulet.hu\/wp-content\/uploads\/2022\/08\/DSC03972.jpg 1200w, https:\/\/fotsportegyesulet.hu\/wp-content\/uploads\/2022\/08\/DSC03972-300x200.jpg 300w, https:\/\/fotsportegyesulet.hu\/wp-content\/uploads\/2022\/08\/DSC03972-1024x683.jpg 1024w, https:\/\/fotsportegyesulet.hu\/wp-content\/uploads\/2022\/08\/DSC03972-768x512.jpg 768w, https:\/\/fotsportegyesulet.hu\/wp-content\/uploads\/2022\/08\/DSC03972-600x400.jpg 600w, https:\/\/fotsportegyesulet.hu\/wp-content\/uploads\/2022\/08\/DSC03972-272x182.jpg 272w\" data-sizes=\"(max-width: 300px) 100vw, 300px\" \/>\n\t\t<div class=\"figc no-description\">\n\t\t\t<div class=\"figc-inner\">\n\t\t\t\t\t\t\t\t\t\t\t\t\t\t\t<\/div>\n\t\t<\/div>\n\n\t<\/div>\n\n<\/div><div class=\"modula-item effect-pufrobo\" >\n\t<div class=\"modula-item-overlay\"><\/div>\n\n\t<div class=\"modula-item-content\">\n\n\t\t\t\t\n\t\t\t\t\t<a data-image-id=\"5085\" tabindex=\"0\" rel=\"jtg-5162\" data-caption=\"\" aria-label=\"Open image in lightbox\" role=\"button\" class=\"tile-inner modula-item-link\"><\/a>\n\t\t\n\t\t<img class=\"pic wp-image-5085 lazyload\"  data-valign=\"middle\" data-halign=\"center\" alt=\"\" data-full=\"https:\/\/fotsportegyesulet.hu\/wp-content\/uploads\/2022\/08\/15502651_600100383514903_893066518_o.jpg\" title=\"15502651_600100383514903_893066518_o\" width=\"300\" height=\"200\" data-src=\"https:\/\/fotsportegyesulet.hu\/wp-content\/uploads\/2022\/08\/15502651_600100383514903_893066518_o-300x200.jpg\" data-caption=\"\" data-source=\"modula\" data-srcset=\"https:\/\/fotsportegyesulet.hu\/wp-content\/uploads\/2022\/08\/15502651_600100383514903_893066518_o.jpg 1200w, https:\/\/fotsportegyesulet.hu\/wp-content\/uploads\/2022\/08\/15502651_600100383514903_893066518_o-300x200.jpg 300w, https:\/\/fotsportegyesulet.hu\/wp-content\/uploads\/2022\/08\/15502651_600100383514903_893066518_o-1024x682.jpg 1024w, https:\/\/fotsportegyesulet.hu\/wp-content\/uploads\/2022\/08\/15502651_600100383514903_893066518_o-768x511.jpg 768w, https:\/\/fotsportegyesulet.hu\/wp-content\/uploads\/2022\/08\/15502651_600100383514903_893066518_o-600x400.jpg 600w, https:\/\/fotsportegyesulet.hu\/wp-content\/uploads\/2022\/08\/15502651_600100383514903_893066518_o-272x182.jpg 272w\" data-sizes=\"(max-width: 300px) 100vw, 300px\" \/>\n\t\t<div class=\"figc no-description\">\n\t\t\t<div class=\"figc-inner\">\n\t\t\t\t\t\t\t\t\t\t\t\t\t\t\t<\/div>\n\t\t<\/div>\n\n\t<\/div>\n\n<\/div><div class=\"modula-item effect-pufrobo\" >\n\t<div class=\"modula-item-overlay\"><\/div>\n\n\t<div class=\"modula-item-content\">\n\n\t\t\t\t\n\t\t\t\t\t<a data-image-id=\"5084\" tabindex=\"0\" rel=\"jtg-5162\" data-caption=\"\" aria-label=\"Open image in lightbox\" role=\"button\" class=\"tile-inner modula-item-link\"><\/a>\n\t\t\n\t\t<img class=\"pic wp-image-5084 lazyload\"  data-valign=\"middle\" data-halign=\"center\" alt=\"\" data-full=\"https:\/\/fotsportegyesulet.hu\/wp-content\/uploads\/2022\/08\/DSC3839.jpg\" title=\"_DSC3839\" width=\"300\" height=\"200\" data-src=\"https:\/\/fotsportegyesulet.hu\/wp-content\/uploads\/2022\/08\/DSC3839-300x200.jpg\" data-caption=\"\" data-source=\"modula\" data-srcset=\"https:\/\/fotsportegyesulet.hu\/wp-content\/uploads\/2022\/08\/DSC3839.jpg 1200w, https:\/\/fotsportegyesulet.hu\/wp-content\/uploads\/2022\/08\/DSC3839-300x200.jpg 300w, https:\/\/fotsportegyesulet.hu\/wp-content\/uploads\/2022\/08\/DSC3839-1024x683.jpg 1024w, https:\/\/fotsportegyesulet.hu\/wp-content\/uploads\/2022\/08\/DSC3839-768x512.jpg 768w, https:\/\/fotsportegyesulet.hu\/wp-content\/uploads\/2022\/08\/DSC3839-600x400.jpg 600w, https:\/\/fotsportegyesulet.hu\/wp-content\/uploads\/2022\/08\/DSC3839-272x182.jpg 272w\" data-sizes=\"(max-width: 300px) 100vw, 300px\" \/>\n\t\t<div class=\"figc no-description\">\n\t\t\t<div class=\"figc-inner\">\n\t\t\t\t\t\t\t\t\t\t\t\t\t\t\t<\/div>\n\t\t<\/div>\n\n\t<\/div>\n\n<\/div><div class=\"modula-item effect-pufrobo\" >\n\t<div class=\"modula-item-overlay\"><\/div>\n\n\t<div class=\"modula-item-content\">\n\n\t\t\t\t\n\t\t\t\t\t<a data-image-id=\"5083\" tabindex=\"0\" rel=\"jtg-5162\" data-caption=\"\" aria-label=\"Open image in lightbox\" role=\"button\" class=\"tile-inner modula-item-link\"><\/a>\n\t\t\n\t\t<img class=\"pic wp-image-5083 lazyload\"  data-valign=\"middle\" data-halign=\"center\" alt=\"fse karate\" data-full=\"https:\/\/fotsportegyesulet.hu\/wp-content\/uploads\/2022\/08\/DSC4015.jpg\" title=\"_DSC4015\" width=\"300\" height=\"200\" data-src=\"https:\/\/fotsportegyesulet.hu\/wp-content\/uploads\/2022\/08\/DSC4015-300x200.jpg\" data-caption=\"\" data-source=\"modula\" data-srcset=\"https:\/\/fotsportegyesulet.hu\/wp-content\/uploads\/2022\/08\/DSC4015.jpg 960w, https:\/\/fotsportegyesulet.hu\/wp-content\/uploads\/2022\/08\/DSC4015-300x200.jpg 300w, https:\/\/fotsportegyesulet.hu\/wp-content\/uploads\/2022\/08\/DSC4015-768x512.jpg 768w, https:\/\/fotsportegyesulet.hu\/wp-content\/uploads\/2022\/08\/DSC4015-600x400.jpg 600w, https:\/\/fotsportegyesulet.hu\/wp-content\/uploads\/2022\/08\/DSC4015-272x182.jpg 272w\" data-sizes=\"(max-width: 300px) 100vw, 300px\" \/>\n\t\t<div class=\"figc no-description\">\n\t\t\t<div class=\"figc-inner\">\n\t\t\t\t\t\t\t\t\t\t\t\t\t\t\t<\/div>\n\t\t<\/div>\n\n\t<\/div>\n\n<\/div><div class=\"modula-item effect-pufrobo\" >\n\t<div class=\"modula-item-overlay\"><\/div>\n\n\t<div class=\"modula-item-content\">\n\n\t\t\t\t\n\t\t\t\t\t<a data-image-id=\"5042\" tabindex=\"0\" rel=\"jtg-5162\" data-caption=\"\" aria-label=\"Open image in lightbox\" role=\"button\" class=\"tile-inner modula-item-link\"><\/a>\n\t\t\n\t\t<img class=\"pic wp-image-5042 lazyload\"  data-valign=\"middle\" data-halign=\"center\" alt=\"\" data-full=\"https:\/\/fotsportegyesulet.hu\/wp-content\/uploads\/2022\/08\/FUZ_11029.jpg\" title=\"FUZ_11029\" width=\"200\" height=\"300\" data-src=\"https:\/\/fotsportegyesulet.hu\/wp-content\/uploads\/2022\/08\/FUZ_11029-200x300.jpg\" data-caption=\"\" data-source=\"modula\" data-srcset=\"https:\/\/fotsportegyesulet.hu\/wp-content\/uploads\/2022\/08\/FUZ_11029.jpg 1000w, https:\/\/fotsportegyesulet.hu\/wp-content\/uploads\/2022\/08\/FUZ_11029-200x300.jpg 200w, https:\/\/fotsportegyesulet.hu\/wp-content\/uploads\/2022\/08\/FUZ_11029-683x1024.jpg 683w, https:\/\/fotsportegyesulet.hu\/wp-content\/uploads\/2022\/08\/FUZ_11029-768x1152.jpg 768w\" data-sizes=\"(max-width: 200px) 100vw, 200px\" \/>\n\t\t<div class=\"figc no-description\">\n\t\t\t<div class=\"figc-inner\">\n\t\t\t\t\t\t\t\t\t\t\t\t\t\t\t<\/div>\n\t\t<\/div>\n\n\t<\/div>\n\n<\/div><div class=\"modula-item effect-pufrobo\" >\n\t<div class=\"modula-item-overlay\"><\/div>\n\n\t<div class=\"modula-item-content\">\n\n\t\t\t\t\n\t\t\t\t\t<a data-image-id=\"5041\" tabindex=\"0\" rel=\"jtg-5162\" data-caption=\"\" aria-label=\"Open image in lightbox\" role=\"button\" class=\"tile-inner modula-item-link\"><\/a>\n\t\t\n\t\t<img class=\"pic wp-image-5041 lazyload\"  data-valign=\"middle\" data-halign=\"center\" alt=\"\" data-full=\"https:\/\/fotsportegyesulet.hu\/wp-content\/uploads\/2022\/08\/FUZ_11020.jpg\" title=\"FUZ_11020\" width=\"200\" height=\"300\" data-src=\"https:\/\/fotsportegyesulet.hu\/wp-content\/uploads\/2022\/08\/FUZ_11020-200x300.jpg\" data-caption=\"\" data-source=\"modula\" data-srcset=\"https:\/\/fotsportegyesulet.hu\/wp-content\/uploads\/2022\/08\/FUZ_11020.jpg 1000w, https:\/\/fotsportegyesulet.hu\/wp-content\/uploads\/2022\/08\/FUZ_11020-200x300.jpg 200w, https:\/\/fotsportegyesulet.hu\/wp-content\/uploads\/2022\/08\/FUZ_11020-683x1024.jpg 683w, https:\/\/fotsportegyesulet.hu\/wp-content\/uploads\/2022\/08\/FUZ_11020-768x1152.jpg 768w\" data-sizes=\"(max-width: 200px) 100vw, 200px\" \/>\n\t\t<div class=\"figc no-description\">\n\t\t\t<div class=\"figc-inner\">\n\t\t\t\t\t\t\t\t\t\t\t\t\t\t\t<\/div>\n\t\t<\/div>\n\n\t<\/div>\n\n<\/div><div class=\"modula-item effect-pufrobo\" >\n\t<div class=\"modula-item-overlay\"><\/div>\n\n\t<div class=\"modula-item-content\">\n\n\t\t\t\t\n\t\t\t\t\t<a data-image-id=\"5040\" tabindex=\"0\" rel=\"jtg-5162\" data-caption=\"\" aria-label=\"Open image in lightbox\" role=\"button\" class=\"tile-inner modula-item-link\"><\/a>\n\t\t\n\t\t<img class=\"pic wp-image-5040 lazyload\"  data-valign=\"middle\" data-halign=\"center\" alt=\"\" data-full=\"https:\/\/fotsportegyesulet.hu\/wp-content\/uploads\/2022\/08\/FUZ_10986_Sakk.jpg\" title=\"FUZ_10986_Sakk\" width=\"200\" height=\"300\" data-src=\"https:\/\/fotsportegyesulet.hu\/wp-content\/uploads\/2022\/08\/FUZ_10986_Sakk-200x300.jpg\" data-caption=\"\" data-source=\"modula\" data-srcset=\"https:\/\/fotsportegyesulet.hu\/wp-content\/uploads\/2022\/08\/FUZ_10986_Sakk.jpg 1000w, https:\/\/fotsportegyesulet.hu\/wp-content\/uploads\/2022\/08\/FUZ_10986_Sakk-200x300.jpg 200w, https:\/\/fotsportegyesulet.hu\/wp-content\/uploads\/2022\/08\/FUZ_10986_Sakk-683x1024.jpg 683w, https:\/\/fotsportegyesulet.hu\/wp-content\/uploads\/2022\/08\/FUZ_10986_Sakk-768x1152.jpg 768w\" data-sizes=\"(max-width: 200px) 100vw, 200px\" \/>\n\t\t<div class=\"figc no-description\">\n\t\t\t<div class=\"figc-inner\">\n\t\t\t\t\t\t\t\t\t\t\t\t\t\t\t<\/div>\n\t\t<\/div>\n\n\t<\/div>\n\n<\/div><div class=\"modula-item effect-pufrobo\" >\n\t<div class=\"modula-item-overlay\"><\/div>\n\n\t<div class=\"modula-item-content\">\n\n\t\t\t\t\n\t\t\t\t\t<a data-image-id=\"4957\" tabindex=\"0\" rel=\"jtg-5162\" data-caption=\"\" aria-label=\"Open image in lightbox\" role=\"button\" class=\"tile-inner modula-item-link\"><\/a>\n\t\t\n\t\t<img class=\"pic wp-image-4957 lazyload\"  data-valign=\"middle\" data-halign=\"center\" alt=\"f\u00f3t sport\u00e1gv\u00e1laszt\u00f3\" data-full=\"https:\/\/fotsportegyesulet.hu\/wp-content\/uploads\/2022\/08\/1200x628-sportagvalszto-fb.jpg\" title=\"1200x628 sportagvalszt\u00f3 fb\" width=\"300\" height=\"157\" data-src=\"https:\/\/fotsportegyesulet.hu\/wp-content\/uploads\/2022\/08\/1200x628-sportagvalszto-fb-300x157.jpg\" data-caption=\"\" data-source=\"modula\" data-srcset=\"https:\/\/fotsportegyesulet.hu\/wp-content\/uploads\/2022\/08\/1200x628-sportagvalszto-fb.jpg 2500w, https:\/\/fotsportegyesulet.hu\/wp-content\/uploads\/2022\/08\/1200x628-sportagvalszto-fb-300x157.jpg 300w, https:\/\/fotsportegyesulet.hu\/wp-content\/uploads\/2022\/08\/1200x628-sportagvalszto-fb-1024x536.jpg 1024w, https:\/\/fotsportegyesulet.hu\/wp-content\/uploads\/2022\/08\/1200x628-sportagvalszto-fb-768x402.jpg 768w, https:\/\/fotsportegyesulet.hu\/wp-content\/uploads\/2022\/08\/1200x628-sportagvalszto-fb-1536x804.jpg 1536w, https:\/\/fotsportegyesulet.hu\/wp-content\/uploads\/2022\/08\/1200x628-sportagvalszto-fb-2048x1072.jpg 2048w\" data-sizes=\"(max-width: 300px) 100vw, 300px\" \/>\n\t\t<div class=\"figc no-description\">\n\t\t\t<div class=\"figc-inner\">\n\t\t\t\t\t\t\t\t\t\t\t\t\t\t\t<\/div>\n\t\t<\/div>\n\n\t<\/div>\n\n<\/div>\t\t\n\t<\/div>\n\n\t\n\t\n\t<script type=\"application\/ld+json\">\n\t{\n\t\t\"@context\": \"http:\/\/schema.org\",\n\t\t\"@type\"   : \"ImageGallery\",\n\t\t\"id\"      : \"https:\/\/fotsportegyesulet.hu\/index.php\/2022\/08\/26\/2022-09-10-en-megrendezesre-kerul-a-foti-sportagvalaszto-csaladi-napunk-5\/\",\n\t\t\"url\"     : \"https:\/\/fotsportegyesulet.hu\/index.php\/2022\/08\/26\/2022-09-10-en-megrendezesre-kerul-a-foti-sportagvalaszto-csaladi-napunk-5\/\"\n\t}\n\n\t<\/script>\n\n\t\n<\/div>\n\n<\/div>\n<\/div>\n<\/div>\n","protected":false},"excerpt":{"rendered":"<p>Gyertek min\u00e9l t\u00f6bben \u00e9s t\u00f6lts\u00fcnk egy\u00fctt \u00fajra egy fantasztikus napot!<\/p>\n","protected":false},"author":3,"featured_media":5165,"comment_status":"closed","ping_status":"open","sticky":false,"template":"","format":"standard","meta":{"_bbp_topic_count":0,"_bbp_reply_count":0,"_bbp_total_topic_count":0,"_bbp_total_reply_count":0,"_bbp_voice_count":0,"_bbp_anonymous_reply_count":0,"_bbp_topic_count_hidden":0,"_bbp_reply_count_hidden":0,"_bbp_forum_subforum_count":0,"_price":"","_stock":"","_tribe_ticket_header":"","_tribe_default_ticket_provider":"","_ticket_start_date":"","_ticket_end_date":"","_tribe_ticket_show_description":"","_tribe_ticket_show_not_going":false,"_tribe_ticket_use_global_stock":"","_tribe_ticket_global_stock_level":"","_global_stock_mode":"","_global_stock_cap":"","_tribe_rsvp_for_event":"","_tribe_ticket_going_count":"","_tribe_ticket_not_going_count":"","_tribe_tickets_list":"[]","_tribe_ticket_has_attendee_info_fields":false,"footnotes":""},"categories":[1,76],"tags":[],"class_list":["post-5160","post","type-post","status-publish","format-standard","has-post-thumbnail","hentry","category-hirek","category-kiemelt-hir"],"yoast_head":"<!-- This site is optimized with the Yoast SEO plugin v25.7 - https:\/\/yoast.com\/wordpress\/plugins\/seo\/ -->\n<title>2022.09.10-\u00e9n megrendez\u00e9sre ker\u00fcl a F\u00f3ti Sport\u00e1gv\u00e1laszt\u00f3 Csal\u00e1di Napunk! - F\u00d3T SPORTEGYES\u00dcLET<\/title>\n<meta name=\"robots\" content=\"index, follow, max-snippet:-1, max-image-preview:large, max-video-preview:-1\" \/>\n<link rel=\"canonical\" href=\"https:\/\/fotsportegyesulet.hu\/index.php\/2022\/08\/26\/2022-09-10-en-megrendezesre-kerul-a-foti-sportagvalaszto-csaladi-napunk-5\/\" \/>\n<meta property=\"og:locale\" content=\"hu_HU\" \/>\n<meta property=\"og:type\" content=\"article\" \/>\n<meta property=\"og:title\" content=\"2022.09.10-\u00e9n megrendez\u00e9sre ker\u00fcl a F\u00f3ti Sport\u00e1gv\u00e1laszt\u00f3 Csal\u00e1di Napunk! - F\u00d3T SPORTEGYES\u00dcLET\" \/>\n<meta property=\"og:description\" content=\"Gyertek min\u00e9l t\u00f6bben \u00e9s t\u00f6lts\u00fcnk egy\u00fctt \u00fajra egy fantasztikus napot!\" \/>\n<meta property=\"og:url\" content=\"https:\/\/fotsportegyesulet.hu\/index.php\/2022\/08\/26\/2022-09-10-en-megrendezesre-kerul-a-foti-sportagvalaszto-csaladi-napunk-5\/\" \/>\n<meta property=\"og:site_name\" content=\"F\u00d3T SPORTEGYES\u00dcLET\" \/>\n<meta property=\"article:publisher\" content=\"https:\/\/www.facebook.com\/fotsportegyesulet\/\" \/>\n<meta property=\"article:published_time\" content=\"2022-08-26T06:57:28+00:00\" \/>\n<meta property=\"article:modified_time\" content=\"2022-08-26T07:41:05+00:00\" \/>\n<meta property=\"og:image\" content=\"https:\/\/fotsportegyesulet.hu\/wp-content\/uploads\/2022\/08\/956x455-3.jpg\" \/>\n\t<meta property=\"og:image:width\" content=\"955\" \/>\n\t<meta property=\"og:image:height\" content=\"455\" \/>\n\t<meta property=\"og:image:type\" content=\"image\/jpeg\" \/>\n<meta name=\"author\" content=\"F\u00f3t SE\" \/>\n<meta name=\"twitter:card\" content=\"summary_large_image\" \/>\n<meta name=\"twitter:label1\" content=\"Szerz\u0151:\" \/>\n\t<meta name=\"twitter:data1\" content=\"F\u00f3t SE\" \/>\n\t<meta name=\"twitter:label2\" content=\"Becs\u00fclt olvas\u00e1si id\u0151\" \/>\n\t<meta name=\"twitter:data2\" content=\"7 perc\" \/>\n<script type=\"application\/ld+json\" class=\"yoast-schema-graph\">{\"@context\":\"https:\/\/schema.org\",\"@graph\":[{\"@type\":\"Article\",\"@id\":\"https:\/\/fotsportegyesulet.hu\/index.php\/2022\/08\/26\/2022-09-10-en-megrendezesre-kerul-a-foti-sportagvalaszto-csaladi-napunk-5\/#article\",\"isPartOf\":{\"@id\":\"https:\/\/fotsportegyesulet.hu\/index.php\/2022\/08\/26\/2022-09-10-en-megrendezesre-kerul-a-foti-sportagvalaszto-csaladi-napunk-5\/\"},\"author\":{\"name\":\"F\u00f3t SE\",\"@id\":\"https:\/\/fotsportegyesulet.hu\/#\/schema\/person\/8750ccb3a5183172b75dcc348ffbdbb1\"},\"headline\":\"2022.09.10-\u00e9n megrendez\u00e9sre ker\u00fcl a F\u00f3ti Sport\u00e1gv\u00e1laszt\u00f3 Csal\u00e1di Napunk!\",\"datePublished\":\"2022-08-26T06:57:28+00:00\",\"dateModified\":\"2022-08-26T07:41:05+00:00\",\"mainEntityOfPage\":{\"@id\":\"https:\/\/fotsportegyesulet.hu\/index.php\/2022\/08\/26\/2022-09-10-en-megrendezesre-kerul-a-foti-sportagvalaszto-csaladi-napunk-5\/\"},\"wordCount\":1287,\"publisher\":{\"@id\":\"https:\/\/fotsportegyesulet.hu\/#organization\"},\"image\":{\"@id\":\"https:\/\/fotsportegyesulet.hu\/index.php\/2022\/08\/26\/2022-09-10-en-megrendezesre-kerul-a-foti-sportagvalaszto-csaladi-napunk-5\/#primaryimage\"},\"thumbnailUrl\":\"https:\/\/fotsportegyesulet.hu\/wp-content\/uploads\/2022\/08\/956x455-3.jpg\",\"articleSection\":[\"H\u00edrek\",\"Kiemelt h\u00edr\"],\"inLanguage\":\"hu\"},{\"@type\":\"WebPage\",\"@id\":\"https:\/\/fotsportegyesulet.hu\/index.php\/2022\/08\/26\/2022-09-10-en-megrendezesre-kerul-a-foti-sportagvalaszto-csaladi-napunk-5\/\",\"url\":\"https:\/\/fotsportegyesulet.hu\/index.php\/2022\/08\/26\/2022-09-10-en-megrendezesre-kerul-a-foti-sportagvalaszto-csaladi-napunk-5\/\",\"name\":\"2022.09.10-\u00e9n megrendez\u00e9sre ker\u00fcl a F\u00f3ti Sport\u00e1gv\u00e1laszt\u00f3 Csal\u00e1di Napunk! - F\u00d3T SPORTEGYES\u00dcLET\",\"isPartOf\":{\"@id\":\"https:\/\/fotsportegyesulet.hu\/#website\"},\"primaryImageOfPage\":{\"@id\":\"https:\/\/fotsportegyesulet.hu\/index.php\/2022\/08\/26\/2022-09-10-en-megrendezesre-kerul-a-foti-sportagvalaszto-csaladi-napunk-5\/#primaryimage\"},\"image\":{\"@id\":\"https:\/\/fotsportegyesulet.hu\/index.php\/2022\/08\/26\/2022-09-10-en-megrendezesre-kerul-a-foti-sportagvalaszto-csaladi-napunk-5\/#primaryimage\"},\"thumbnailUrl\":\"https:\/\/fotsportegyesulet.hu\/wp-content\/uploads\/2022\/08\/956x455-3.jpg\",\"datePublished\":\"2022-08-26T06:57:28+00:00\",\"dateModified\":\"2022-08-26T07:41:05+00:00\",\"breadcrumb\":{\"@id\":\"https:\/\/fotsportegyesulet.hu\/index.php\/2022\/08\/26\/2022-09-10-en-megrendezesre-kerul-a-foti-sportagvalaszto-csaladi-napunk-5\/#breadcrumb\"},\"inLanguage\":\"hu\",\"potentialAction\":[{\"@type\":\"ReadAction\",\"target\":[\"https:\/\/fotsportegyesulet.hu\/index.php\/2022\/08\/26\/2022-09-10-en-megrendezesre-kerul-a-foti-sportagvalaszto-csaladi-napunk-5\/\"]}]},{\"@type\":\"ImageObject\",\"inLanguage\":\"hu\",\"@id\":\"https:\/\/fotsportegyesulet.hu\/index.php\/2022\/08\/26\/2022-09-10-en-megrendezesre-kerul-a-foti-sportagvalaszto-csaladi-napunk-5\/#primaryimage\",\"url\":\"https:\/\/fotsportegyesulet.hu\/wp-content\/uploads\/2022\/08\/956x455-3.jpg\",\"contentUrl\":\"https:\/\/fotsportegyesulet.hu\/wp-content\/uploads\/2022\/08\/956x455-3.jpg\",\"width\":955,\"height\":455},{\"@type\":\"BreadcrumbList\",\"@id\":\"https:\/\/fotsportegyesulet.hu\/index.php\/2022\/08\/26\/2022-09-10-en-megrendezesre-kerul-a-foti-sportagvalaszto-csaladi-napunk-5\/#breadcrumb\",\"itemListElement\":[{\"@type\":\"ListItem\",\"position\":1,\"name\":\"Kezd\u0151lap\",\"item\":\"https:\/\/fotsportegyesulet.hu\/\"},{\"@type\":\"ListItem\",\"position\":2,\"name\":\"2022.09.10-\u00e9n megrendez\u00e9sre ker\u00fcl a F\u00f3ti Sport\u00e1gv\u00e1laszt\u00f3 Csal\u00e1di Napunk!\"}]},{\"@type\":\"WebSite\",\"@id\":\"https:\/\/fotsportegyesulet.hu\/#website\",\"url\":\"https:\/\/fotsportegyesulet.hu\/\",\"name\":\"F\u00d3T SPORTEGYES\u00dcLET\",\"description\":\"\",\"publisher\":{\"@id\":\"https:\/\/fotsportegyesulet.hu\/#organization\"},\"potentialAction\":[{\"@type\":\"SearchAction\",\"target\":{\"@type\":\"EntryPoint\",\"urlTemplate\":\"https:\/\/fotsportegyesulet.hu\/?s={search_term_string}\"},\"query-input\":{\"@type\":\"PropertyValueSpecification\",\"valueRequired\":true,\"valueName\":\"search_term_string\"}}],\"inLanguage\":\"hu\"},{\"@type\":\"Organization\",\"@id\":\"https:\/\/fotsportegyesulet.hu\/#organization\",\"name\":\"F\u00f3t Sportegyes\u00fclet\",\"url\":\"https:\/\/fotsportegyesulet.hu\/\",\"logo\":{\"@type\":\"ImageObject\",\"inLanguage\":\"hu\",\"@id\":\"https:\/\/fotsportegyesulet.hu\/#\/schema\/logo\/image\/\",\"url\":\"https:\/\/fotsportegyesulet.hu\/wp-content\/uploads\/2020\/07\/eredeti-sz\u00ednes-vektoros-Fot-cimer-3.png\",\"contentUrl\":\"https:\/\/fotsportegyesulet.hu\/wp-content\/uploads\/2020\/07\/eredeti-sz\u00ednes-vektoros-Fot-cimer-3.png\",\"width\":500,\"height\":500,\"caption\":\"F\u00f3t Sportegyes\u00fclet\"},\"image\":{\"@id\":\"https:\/\/fotsportegyesulet.hu\/#\/schema\/logo\/image\/\"},\"sameAs\":[\"https:\/\/www.facebook.com\/fotsportegyesulet\/\"]},{\"@type\":\"Person\",\"@id\":\"https:\/\/fotsportegyesulet.hu\/#\/schema\/person\/8750ccb3a5183172b75dcc348ffbdbb1\",\"name\":\"F\u00f3t SE\",\"image\":{\"@type\":\"ImageObject\",\"inLanguage\":\"hu\",\"@id\":\"https:\/\/fotsportegyesulet.hu\/#\/schema\/person\/image\/\",\"url\":\"https:\/\/secure.gravatar.com\/avatar\/2f768bb7a490a49aeb2ccaf4bacc94391bbafd4b6aa54eb6f9318ffc80d81dad?s=96&d=mm&r=g\",\"contentUrl\":\"https:\/\/secure.gravatar.com\/avatar\/2f768bb7a490a49aeb2ccaf4bacc94391bbafd4b6aa54eb6f9318ffc80d81dad?s=96&d=mm&r=g\",\"caption\":\"F\u00f3t SE\"},\"sameAs\":[\"http:\/\/fotsportegyesulet.hu\"],\"url\":\"https:\/\/fotsportegyesulet.hu\/index.php\/author\/kapitany-zoltan\/\"}]}<\/script>\n<!-- \/ Yoast SEO plugin. -->","yoast_head_json":{"title":"2022.09.10-\u00e9n megrendez\u00e9sre ker\u00fcl a F\u00f3ti Sport\u00e1gv\u00e1laszt\u00f3 Csal\u00e1di Napunk! - F\u00d3T SPORTEGYES\u00dcLET","robots":{"index":"index","follow":"follow","max-snippet":"max-snippet:-1","max-image-preview":"max-image-preview:large","max-video-preview":"max-video-preview:-1"},"canonical":"https:\/\/fotsportegyesulet.hu\/index.php\/2022\/08\/26\/2022-09-10-en-megrendezesre-kerul-a-foti-sportagvalaszto-csaladi-napunk-5\/","og_locale":"hu_HU","og_type":"article","og_title":"2022.09.10-\u00e9n megrendez\u00e9sre ker\u00fcl a F\u00f3ti Sport\u00e1gv\u00e1laszt\u00f3 Csal\u00e1di Napunk! - F\u00d3T SPORTEGYES\u00dcLET","og_description":"Gyertek min\u00e9l t\u00f6bben \u00e9s t\u00f6lts\u00fcnk egy\u00fctt \u00fajra egy fantasztikus napot!","og_url":"https:\/\/fotsportegyesulet.hu\/index.php\/2022\/08\/26\/2022-09-10-en-megrendezesre-kerul-a-foti-sportagvalaszto-csaladi-napunk-5\/","og_site_name":"F\u00d3T SPORTEGYES\u00dcLET","article_publisher":"https:\/\/www.facebook.com\/fotsportegyesulet\/","article_published_time":"2022-08-26T06:57:28+00:00","article_modified_time":"2022-08-26T07:41:05+00:00","og_image":[{"width":955,"height":455,"url":"https:\/\/fotsportegyesulet.hu\/wp-content\/uploads\/2022\/08\/956x455-3.jpg","type":"image\/jpeg"}],"author":"F\u00f3t SE","twitter_card":"summary_large_image","twitter_misc":{"Szerz\u0151:":"F\u00f3t SE","Becs\u00fclt olvas\u00e1si id\u0151":"7 perc"},"schema":{"@context":"https:\/\/schema.org","@graph":[{"@type":"Article","@id":"https:\/\/fotsportegyesulet.hu\/index.php\/2022\/08\/26\/2022-09-10-en-megrendezesre-kerul-a-foti-sportagvalaszto-csaladi-napunk-5\/#article","isPartOf":{"@id":"https:\/\/fotsportegyesulet.hu\/index.php\/2022\/08\/26\/2022-09-10-en-megrendezesre-kerul-a-foti-sportagvalaszto-csaladi-napunk-5\/"},"author":{"name":"F\u00f3t SE","@id":"https:\/\/fotsportegyesulet.hu\/#\/schema\/person\/8750ccb3a5183172b75dcc348ffbdbb1"},"headline":"2022.09.10-\u00e9n megrendez\u00e9sre ker\u00fcl a F\u00f3ti Sport\u00e1gv\u00e1laszt\u00f3 Csal\u00e1di Napunk!","datePublished":"2022-08-26T06:57:28+00:00","dateModified":"2022-08-26T07:41:05+00:00","mainEntityOfPage":{"@id":"https:\/\/fotsportegyesulet.hu\/index.php\/2022\/08\/26\/2022-09-10-en-megrendezesre-kerul-a-foti-sportagvalaszto-csaladi-napunk-5\/"},"wordCount":1287,"publisher":{"@id":"https:\/\/fotsportegyesulet.hu\/#organization"},"image":{"@id":"https:\/\/fotsportegyesulet.hu\/index.php\/2022\/08\/26\/2022-09-10-en-megrendezesre-kerul-a-foti-sportagvalaszto-csaladi-napunk-5\/#primaryimage"},"thumbnailUrl":"https:\/\/fotsportegyesulet.hu\/wp-content\/uploads\/2022\/08\/956x455-3.jpg","articleSection":["H\u00edrek","Kiemelt h\u00edr"],"inLanguage":"hu"},{"@type":"WebPage","@id":"https:\/\/fotsportegyesulet.hu\/index.php\/2022\/08\/26\/2022-09-10-en-megrendezesre-kerul-a-foti-sportagvalaszto-csaladi-napunk-5\/","url":"https:\/\/fotsportegyesulet.hu\/index.php\/2022\/08\/26\/2022-09-10-en-megrendezesre-kerul-a-foti-sportagvalaszto-csaladi-napunk-5\/","name":"2022.09.10-\u00e9n megrendez\u00e9sre ker\u00fcl a F\u00f3ti Sport\u00e1gv\u00e1laszt\u00f3 Csal\u00e1di Napunk! - F\u00d3T SPORTEGYES\u00dcLET","isPartOf":{"@id":"https:\/\/fotsportegyesulet.hu\/#website"},"primaryImageOfPage":{"@id":"https:\/\/fotsportegyesulet.hu\/index.php\/2022\/08\/26\/2022-09-10-en-megrendezesre-kerul-a-foti-sportagvalaszto-csaladi-napunk-5\/#primaryimage"},"image":{"@id":"https:\/\/fotsportegyesulet.hu\/index.php\/2022\/08\/26\/2022-09-10-en-megrendezesre-kerul-a-foti-sportagvalaszto-csaladi-napunk-5\/#primaryimage"},"thumbnailUrl":"https:\/\/fotsportegyesulet.hu\/wp-content\/uploads\/2022\/08\/956x455-3.jpg","datePublished":"2022-08-26T06:57:28+00:00","dateModified":"2022-08-26T07:41:05+00:00","breadcrumb":{"@id":"https:\/\/fotsportegyesulet.hu\/index.php\/2022\/08\/26\/2022-09-10-en-megrendezesre-kerul-a-foti-sportagvalaszto-csaladi-napunk-5\/#breadcrumb"},"inLanguage":"hu","potentialAction":[{"@type":"ReadAction","target":["https:\/\/fotsportegyesulet.hu\/index.php\/2022\/08\/26\/2022-09-10-en-megrendezesre-kerul-a-foti-sportagvalaszto-csaladi-napunk-5\/"]}]},{"@type":"ImageObject","inLanguage":"hu","@id":"https:\/\/fotsportegyesulet.hu\/index.php\/2022\/08\/26\/2022-09-10-en-megrendezesre-kerul-a-foti-sportagvalaszto-csaladi-napunk-5\/#primaryimage","url":"https:\/\/fotsportegyesulet.hu\/wp-content\/uploads\/2022\/08\/956x455-3.jpg","contentUrl":"https:\/\/fotsportegyesulet.hu\/wp-content\/uploads\/2022\/08\/956x455-3.jpg","width":955,"height":455},{"@type":"BreadcrumbList","@id":"https:\/\/fotsportegyesulet.hu\/index.php\/2022\/08\/26\/2022-09-10-en-megrendezesre-kerul-a-foti-sportagvalaszto-csaladi-napunk-5\/#breadcrumb","itemListElement":[{"@type":"ListItem","position":1,"name":"Kezd\u0151lap","item":"https:\/\/fotsportegyesulet.hu\/"},{"@type":"ListItem","position":2,"name":"2022.09.10-\u00e9n megrendez\u00e9sre ker\u00fcl a F\u00f3ti Sport\u00e1gv\u00e1laszt\u00f3 Csal\u00e1di Napunk!"}]},{"@type":"WebSite","@id":"https:\/\/fotsportegyesulet.hu\/#website","url":"https:\/\/fotsportegyesulet.hu\/","name":"F\u00d3T SPORTEGYES\u00dcLET","description":"","publisher":{"@id":"https:\/\/fotsportegyesulet.hu\/#organization"},"potentialAction":[{"@type":"SearchAction","target":{"@type":"EntryPoint","urlTemplate":"https:\/\/fotsportegyesulet.hu\/?s={search_term_string}"},"query-input":{"@type":"PropertyValueSpecification","valueRequired":true,"valueName":"search_term_string"}}],"inLanguage":"hu"},{"@type":"Organization","@id":"https:\/\/fotsportegyesulet.hu\/#organization","name":"F\u00f3t Sportegyes\u00fclet","url":"https:\/\/fotsportegyesulet.hu\/","logo":{"@type":"ImageObject","inLanguage":"hu","@id":"https:\/\/fotsportegyesulet.hu\/#\/schema\/logo\/image\/","url":"https:\/\/fotsportegyesulet.hu\/wp-content\/uploads\/2020\/07\/eredeti-sz\u00ednes-vektoros-Fot-cimer-3.png","contentUrl":"https:\/\/fotsportegyesulet.hu\/wp-content\/uploads\/2020\/07\/eredeti-sz\u00ednes-vektoros-Fot-cimer-3.png","width":500,"height":500,"caption":"F\u00f3t Sportegyes\u00fclet"},"image":{"@id":"https:\/\/fotsportegyesulet.hu\/#\/schema\/logo\/image\/"},"sameAs":["https:\/\/www.facebook.com\/fotsportegyesulet\/"]},{"@type":"Person","@id":"https:\/\/fotsportegyesulet.hu\/#\/schema\/person\/8750ccb3a5183172b75dcc348ffbdbb1","name":"F\u00f3t SE","image":{"@type":"ImageObject","inLanguage":"hu","@id":"https:\/\/fotsportegyesulet.hu\/#\/schema\/person\/image\/","url":"https:\/\/secure.gravatar.com\/avatar\/2f768bb7a490a49aeb2ccaf4bacc94391bbafd4b6aa54eb6f9318ffc80d81dad?s=96&d=mm&r=g","contentUrl":"https:\/\/secure.gravatar.com\/avatar\/2f768bb7a490a49aeb2ccaf4bacc94391bbafd4b6aa54eb6f9318ffc80d81dad?s=96&d=mm&r=g","caption":"F\u00f3t SE"},"sameAs":["http:\/\/fotsportegyesulet.hu"],"url":"https:\/\/fotsportegyesulet.hu\/index.php\/author\/kapitany-zoltan\/"}]}},"_links":{"self":[{"href":"https:\/\/fotsportegyesulet.hu\/index.php\/wp-json\/wp\/v2\/posts\/5160","targetHints":{"allow":["GET"]}}],"collection":[{"href":"https:\/\/fotsportegyesulet.hu\/index.php\/wp-json\/wp\/v2\/posts"}],"about":[{"href":"https:\/\/fotsportegyesulet.hu\/index.php\/wp-json\/wp\/v2\/types\/post"}],"author":[{"embeddable":true,"href":"https:\/\/fotsportegyesulet.hu\/index.php\/wp-json\/wp\/v2\/users\/3"}],"replies":[{"embeddable":true,"href":"https:\/\/fotsportegyesulet.hu\/index.php\/wp-json\/wp\/v2\/comments?post=5160"}],"version-history":[{"count":3,"href":"https:\/\/fotsportegyesulet.hu\/index.php\/wp-json\/wp\/v2\/posts\/5160\/revisions"}],"predecessor-version":[{"id":5164,"href":"https:\/\/fotsportegyesulet.hu\/index.php\/wp-json\/wp\/v2\/posts\/5160\/revisions\/5164"}],"wp:featuredmedia":[{"embeddable":true,"href":"https:\/\/fotsportegyesulet.hu\/index.php\/wp-json\/wp\/v2\/media\/5165"}],"wp:attachment":[{"href":"https:\/\/fotsportegyesulet.hu\/index.php\/wp-json\/wp\/v2\/media?parent=5160"}],"wp:term":[{"taxonomy":"category","embeddable":true,"href":"https:\/\/fotsportegyesulet.hu\/index.php\/wp-json\/wp\/v2\/categories?post=5160"},{"taxonomy":"post_tag","embeddable":true,"href":"https:\/\/fotsportegyesulet.hu\/index.php\/wp-json\/wp\/v2\/tags?post=5160"}],"curies":[{"name":"wp","href":"https:\/\/api.w.org\/{rel}","templated":true}]}}