{"id":5058,"date":"2022-08-19T15:45:32","date_gmt":"2022-08-19T13:45:32","guid":{"rendered":"https:\/\/fotsportegyesulet.hu\/?p=5058"},"modified":"2022-08-22T11:06:34","modified_gmt":"2022-08-22T09:06:34","slug":"2022-09-10-en-megrendezesre-kerul-a-foti-sportagvalaszto-csaladi-napunk-3","status":"publish","type":"post","link":"https:\/\/fotsportegyesulet.hu\/index.php\/2022\/08\/19\/2022-09-10-en-megrendezesre-kerul-a-foti-sportagvalaszto-csaladi-napunk-3\/","title":{"rendered":"2022.09.10-\u00e9n megrendez\u00e9sre ker\u00fcl a F\u00f3ti Sport\u00e1gv\u00e1laszt\u00f3 Csal\u00e1di Napunk!"},"content":{"rendered":"<div id=\"pg-175-1\" class=\"panel-grid panel-no-style\">\n<div id=\"pgc-175-1-0\" class=\"panel-grid-cell\">\n<div id=\"panel-175-1-0-0\" class=\"so-panel widget widget_text panel-first-child panel-last-child\" data-index=\"2\">\n<h3>2022.09.10-\u00e9n megrendez\u00e9sre ker\u00fcl a F\u00f3ti Sport\u00e1gv\u00e1laszt\u00f3 Csal\u00e1di Nap, ahov\u00e1 sok szeretettel v\u00e1runk minden sportolni v\u00e1gy\u00f3 kicsit \u00e9s nagyot, fi\u00fakat \u00e9s l\u00e1nyokat! Gyertek min\u00e9l t\u00f6bben \u00e9s t\u00f6lts\u00fcnk egy\u00fctt \u00fajra egy fantasztikus napot!<\/h3>\n<p><img loading=\"lazy\" decoding=\"async\" class=\"size-large wp-image-4957 aligncenter\" src=\"https:\/\/fotsportegyesulet.hu\/wp-content\/uploads\/2022\/08\/1200x628-sportagvalszto-fb-1024x536.jpg\" alt=\"f\u00f3t sport\u00e1gv\u00e1laszt\u00f3\" width=\"1024\" height=\"536\" srcset=\"https:\/\/fotsportegyesulet.hu\/wp-content\/uploads\/2022\/08\/1200x628-sportagvalszto-fb-1024x536.jpg 1024w, https:\/\/fotsportegyesulet.hu\/wp-content\/uploads\/2022\/08\/1200x628-sportagvalszto-fb-300x157.jpg 300w, https:\/\/fotsportegyesulet.hu\/wp-content\/uploads\/2022\/08\/1200x628-sportagvalszto-fb-768x402.jpg 768w, https:\/\/fotsportegyesulet.hu\/wp-content\/uploads\/2022\/08\/1200x628-sportagvalszto-fb-1536x804.jpg 1536w, https:\/\/fotsportegyesulet.hu\/wp-content\/uploads\/2022\/08\/1200x628-sportagvalszto-fb-2048x1072.jpg 2048w\" sizes=\"auto, (max-width: 1024px) 100vw, 1024px\" \/><\/p>\n<h3>Addig is\u00a0 szeretn\u00e9nk sz\u00e1motokra egy kis betekint\u00e9st adni szakoszt\u00e1lyainkba!<\/h3>\n<h3 class=\"widget-title\">Tenisz szakoszt\u00e1lyunk vezet\u0151edz\u0151je:<\/h3>\n<div class=\"textwidget\">\n<p><strong>Horv\u00e1th Henrik<\/strong><\/p>\n<p>1995-ben kezdtem el a tenisszel foglalkozni. 9 \u00e9ves koromt\u00f3l 10 \u00e9ven kereszt\u00fcl akt\u00edvan versenyeztem. Koroszt\u00e1lyos j\u00e1t\u00e9kosk\u00e9nt tagja voltam a nemzeti v\u00e1logatottnak, illetve feln\u0151ttk\u00e9nt els\u0151 oszt\u00e1ly\u00fa j\u00e1t\u00e9kosk\u00e9nt tartottak sz\u00e1mon kis orsz\u00e1gunkban. A h\u00e1l\u00f3 t\u00faloldal\u00e1ra v\u00e9letlen\u00fcl ker\u00fcltem, de az els\u0151 3 perc ut\u00e1n megfogott \u00e9s teljesen beleszerelmesedtem az edz\u0151i szakm\u00e1ba. 2009 \u00f3ta tev\u00e9kenykedem edz\u0151k\u00e9nt. 2012-ben szakedz\u0151i diplom\u00e1t szereztem a Testnevel\u00e9si Egyetemen. Eddigi edz\u0151i p\u00e1lyafut\u00e1som alatt m\u00e1r 6 koroszt\u00e1lyos magyar v\u00e1logatottal foglalkoztam (k\u00f6z\u00fcl\u00fck 3 saj\u00e1t nevel\u00e9s), volt m\u00e1r j\u00e1t\u00e9kosom nemzeti ranglista vezet\u0151, koroszt\u00e1lyos magyar bajnok egy\u00e9niben, p\u00e1rosban \u00e9s csapatban is, illetve szerepelt m\u00e1r nemzetk\u00f6zi U14-es ranglista legjobb 30 j\u00e1t\u00e9kosa k\u00f6z\u00f6tt. Tan\u00edtv\u00e1nyaimmal rengeteg versenyt siker\u00fclt m\u00e1r megnyern\u00fcnk hazai Play and Stay szintt\u0151l eg\u00e9szen nemzetk\u00f6zi Tennis Europe versenyekig. Csapatomat 2017-ben alap\u00edtottam azzal a c\u00e9llal, hogy min\u00e9l t\u00f6bb j\u00e1t\u00e9kossal tudjunk foglalkozni, \u00e9s minden lehet\u0151s\u00e9get megadjunk nekik ahhoz, hogy el\u00e9rj\u00e9k c\u00e9ljaikat. \u00c1lmom, hogy egy saj\u00e1t nevel\u00e9s\u0171 j\u00e1t\u00e9kosommal bejussunk a vil\u00e1g elitj\u00e9be, a legjobb 100 j\u00e1t\u00e9kos k\u00f6z\u00e9. Ez\u00e9rt b\u00e1rmit k\u00e9pes vagyok megtenni.<\/p>\n<\/div>\n<\/div>\n<\/div>\n<div id=\"pgc-175-1-1\" class=\"panel-grid-cell\">\n<div id=\"panel-175-1-1-0\" class=\"so-panel widget widget_text panel-first-child panel-last-child\" data-index=\"3\">\n<div class=\"textwidget\">\n<p><img loading=\"lazy\" decoding=\"async\" class=\"aligncenter wp-image-2863 size-thumbnail\" src=\"https:\/\/fotsportegyesulet.hu\/wp-content\/uploads\/2021\/09\/tenisz1-150x150.png\" sizes=\"auto, (max-width: 150px) 100vw, 150px\" srcset=\"https:\/\/fotsportegyesulet.hu\/wp-content\/uploads\/2021\/09\/tenisz1-150x150.png 150w, https:\/\/fotsportegyesulet.hu\/wp-content\/uploads\/2021\/09\/tenisz1.png 324w\" alt=\"\" width=\"150\" height=\"150\" \/><\/p>\n<\/div>\n<\/div>\n<\/div>\n<\/div>\n<div id=\"pg-175-2\" class=\"panel-grid panel-no-style\">\n<div id=\"pgc-175-2-0\" class=\"panel-grid-cell\">\n<div id=\"panel-175-2-0-0\" class=\"so-panel widget widget_text panel-first-child panel-last-child\" data-index=\"4\">\n<h3 class=\"widget-title\">Edz\u0151<\/h3>\n<div class=\"textwidget\">\n<p><strong>Korecz Rich\u00e1rd<\/strong><\/p>\n<p>Korecz Richard vagyok, 1995-ben sz\u00fclettem. 2007-ben kezdtem el teniszezni, el\u0151sz\u00f6r hobbiszer\u0171en, ahol nagyon beleszerettem ebbe a sportba, majd k\u00e9s\u0151bb versenyszer\u0171en \u0171ztem \u00e9s siker\u00fclt koroszt\u00e1lyos versenyt is megnyernem. A gimn\u00e1zium elv\u00e9gz\u00e9s\u00e9vel d\u00f6nt\u00f6ttem \u00fagy, hogy az edz\u0151sk\u00f6d\u00e9ssel szeretn\u00e9k foglalkozni, ez\u00e9rt 2015-ben a Fitness Akad\u00e9mi\u00e1n sikeresen elv\u00e9geztem a teniszedz\u0151i tanfolyamot. Ezen k\u00edv\u00fcl jelenleg is tanulok egyetemen, Egerben, rekre\u00e1ci\u00f3 szakon. 2017 \u00f3ta tartozom a Future Tennis Team csapat\u00e1hoz, ahov\u00e1 nagy \u00f6r\u00f6mmel csatlakoztam. Edz\u0151k\u00e9nt szeretn\u00e9m \u00e1tadni az eddig megszerzett tud\u00e1somat, tapasztalataimat mindenkinek, aki szeretn\u00e9 kipr\u00f3b\u00e1lni ezt a sz\u00e9p sport\u00e1gat. C\u00e9lom, hogy mindenkinek meg tudjam val\u00f3s\u00edtani a terveit, ak\u00e1r hobbi, ak\u00e1r versenysport szinten.<\/p>\n<\/div>\n<\/div>\n<\/div>\n<div id=\"pgc-175-2-1\" class=\"panel-grid-cell\">\n<div id=\"panel-175-2-1-0\" class=\"so-panel widget widget_text panel-first-child panel-last-child\" data-index=\"5\">\n<div class=\"textwidget\">\n<p><img loading=\"lazy\" decoding=\"async\" class=\"size-thumbnail wp-image-2862 aligncenter\" src=\"https:\/\/fotsportegyesulet.hu\/wp-content\/uploads\/2021\/09\/tenisz2-150x150.png\" sizes=\"auto, (max-width: 150px) 100vw, 150px\" srcset=\"https:\/\/fotsportegyesulet.hu\/wp-content\/uploads\/2021\/09\/tenisz2-150x150.png 150w, https:\/\/fotsportegyesulet.hu\/wp-content\/uploads\/2021\/09\/tenisz2-300x300.png 300w, https:\/\/fotsportegyesulet.hu\/wp-content\/uploads\/2021\/09\/tenisz2.png 327w\" alt=\"\" width=\"150\" height=\"150\" \/><\/p>\n<\/div>\n<\/div>\n<\/div>\n<\/div>\n<div id=\"pg-175-3\" class=\"panel-grid panel-no-style\">\n<div id=\"pgc-175-3-0\" class=\"panel-grid-cell\">\n<div id=\"panel-175-3-0-0\" class=\"so-panel widget widget_text panel-first-child panel-last-child\" data-index=\"6\">\n<h3 class=\"widget-title\">Edz\u0151<\/h3>\n<div class=\"textwidget\">\n<p><strong>B\u00e1lint Gell\u00e9rt-Attila<\/strong><\/p>\n<p>1997-ben sz\u00fclettem egy erd\u00e9lyi v\u00e1rosban, K\u00e9zdiv\u00e1s\u00e1rhelyen \u00e9s itt is kezdtem el teniszezni 9 \u00e9ves koromban. A sportol\u00e1s \u00e9s \u00f6nmag\u00e1ban a sport mindig is sokat jelentett sz\u00e1momra, a diverzit\u00e1sa \u00e9s a kapcsolatteremt\u0151 jellege miatt el sem tudn\u00e1m k\u00e9pzelni n\u00e9lk\u00fcle az \u00e9letem. Kiskorom \u00f3ta rabja vagyok ennek a szenved\u00e9lynek, nagyon sok mindent ki is pr\u00f3b\u00e1ltam az \u00e9vek alatt (pl. karate, atl\u00e9tika, kos\u00e1rlabda, stb.), de v\u00e9g\u00fcl a futball \u00e9s a tenisz maradt, ami igaz\u00e1n megfogott \u00e9s \u00fagy \u00e9rezhettem, hogy ezekben a sport\u00e1gakban teljesen \u00f6nmagam lehetek. A versenyz\u00e9s \u00e9lm\u00e9nye is el\u00e9g hamar rabj\u00e1v\u00e1 tett, sok versenyen elindultam emiatt, eg\u00e9szen U18-as koroszt\u00e1lyig.<br \/>\nA Testnevel\u00e9si Egyetemen v\u00e9geztem teniszedz\u0151i szakon, ez id\u0151 alatt seg\u00e9dedz\u0151k\u00e9nt dolgoztam. Jelenleg is folytatom tanulm\u00e1nyaimat a P\u00e9csi Tudom\u00e1nyegyetemen, ahol Sport- \u00e9s rekre\u00e1ci\u00f3szervez\u00e9st tanulok. Edz\u00e9seim sor\u00e1n mindig arra t\u00f6rekszem, hogy \u00f6nmagamat adjam, igyekszem min\u00e9l \u00e9lvezetesebb\u00e9 \u00e9s sz\u00f3rakoztat\u00f3bb\u00e1 tenni ezeket gyerekeknek \u00e9s feln\u0151tteknek egyar\u00e1nt, mindezt term\u00e9szetesen \u00fagy, hogy a tan\u00edtv\u00e1ny folyamatos fejl\u0151d\u00e9se a f\u0151 c\u00e9l minden szinten. Le\u00edrhatatlan \u00e9rz\u00e9s az, ha egy tr\u00e9ning alatt vagy ut\u00e1n l\u00e1tom, hogy valakinek mosoly \u00fcl az arc\u00e1ra, esetleg megjegyz\u00e9st tesz arra, ha valami \u00fajat siker\u00fclt tanulnia. Ezek az apr\u00f3cska dolgok visznek folyamatosan el\u0151re \u00e9s tesznek jobb emberr\u00e9 nap, mint nap.<\/p>\n<\/div>\n<\/div>\n<\/div>\n<div id=\"pgc-175-3-1\" class=\"panel-grid-cell\">\n<div id=\"panel-175-3-1-0\" class=\"so-panel widget widget_text panel-first-child panel-last-child\" data-index=\"7\">\n<div class=\"textwidget\">\n<p><img loading=\"lazy\" decoding=\"async\" class=\"size-thumbnail wp-image-2861 aligncenter\" src=\"https:\/\/fotsportegyesulet.hu\/wp-content\/uploads\/2021\/09\/tenisz-bga-150x150.png\" sizes=\"auto, (max-width: 150px) 100vw, 150px\" srcset=\"https:\/\/fotsportegyesulet.hu\/wp-content\/uploads\/2021\/09\/tenisz-bga-150x150.png 150w, https:\/\/fotsportegyesulet.hu\/wp-content\/uploads\/2021\/09\/tenisz-bga-327x325.png 327w\" alt=\"\" width=\"150\" height=\"150\" \/><\/p>\n<\/div>\n<\/div>\n<\/div>\n<\/div>\n<div id=\"pg-175-4\" class=\"panel-grid panel-no-style\">\n<div id=\"pgc-175-4-0\" class=\"panel-grid-cell\">\n<div id=\"panel-175-4-0-0\" class=\"so-panel widget widget_text panel-first-child panel-last-child\" data-index=\"8\">\n<h3 class=\"widget-title\">Edz\u0151<\/h3>\n<div class=\"textwidget\">\n<p><strong>Farkas Istv\u00e1n<\/strong><\/p>\n<p>1994. j\u00falius 27-\u00e9n sz\u00fclettem, Budapesten. Kicsi gyermek korom \u00f3ta sportolok \u00e9s ami\u00f3ta az eszemet tudom szerves r\u00e9sze az \u00e9letemnek a mozg\u00e1s.<br \/>\n2000-ben kezdtem el teniszezni Dunakeszin, el\u0151sz\u00f6r heti 1-2 alkalommal hobbi szinten. Versenyz\u0151i karrierem 9 \u00e9vesen kezd\u0151d\u00f6tt \u00e9s tartott eg\u00e9szen 17 \u00e9ves koromig, amikor sajnos csal\u00e1di okok miatt be kellett fejeznem a versenysportot, de ennek ellen\u00e9re szerencs\u00e9snek mondhatom magam, hiszen t\u00f6bb hazai tornagy\u0151zelmet tudhatok magam\u00e9nak \u00e9s sok versenyen siker\u00fclt helyt\u00e1llnom.<br \/>\n2014-ben kezdtem el oktat\u00e1ssal foglalkozni Dunakeszin \u00e9s 2019 m\u00e1rciusa \u00f3ta vagyok tagja a Future Tennis Team-nek.<br \/>\nEz id\u0151 alatt t\u00f6bb k\u00e9pz\u00e9sen vettem r\u00e9szt, t\u00f6bbek k\u00f6z\u00f6tt a vil\u00e1g legnagyobb Play &amp; Stay edz\u0151j\u00e9t\u0151l, Mike Barrell-t\u0151l is siker\u00fclt rengeteg dolgot elsaj\u00e1t\u00edtanom, valamint a PTR nemzetk\u00f6zi vizsg\u00e1t is letettem.<br \/>\nEls\u0151 sz\u00e1m\u00fa c\u00e9lom a tenisz megszerettet\u00e9se a gyerekekkel \u00e9s a feln\u0151ttekkel, hiszen az a legfontosabb, hogy j\u00f3l \u00e9rezze mag\u00e1t mindenki a teniszp\u00e1ly\u00e1n.<\/p>\n<\/div>\n<\/div>\n<\/div>\n<div id=\"pgc-175-4-1\" class=\"panel-grid-cell\">\n<div id=\"panel-175-4-1-0\" class=\"so-panel widget widget_text panel-first-child panel-last-child\" data-index=\"9\">\n<div class=\"textwidget\">\n<p><img loading=\"lazy\" decoding=\"async\" class=\"size-thumbnail wp-image-2860 aligncenter\" src=\"https:\/\/fotsportegyesulet.hu\/wp-content\/uploads\/2021\/09\/tenisz-fi-150x150.png\" sizes=\"auto, (max-width: 150px) 100vw, 150px\" srcset=\"https:\/\/fotsportegyesulet.hu\/wp-content\/uploads\/2021\/09\/tenisz-fi-150x150.png 150w, https:\/\/fotsportegyesulet.hu\/wp-content\/uploads\/2021\/09\/tenisz-fi-300x298.png 300w, https:\/\/fotsportegyesulet.hu\/wp-content\/uploads\/2021\/09\/tenisz-fi.png 329w\" alt=\"\" width=\"150\" height=\"150\" \/><\/p>\n<\/div>\n<h3>Tollaslabda szakoszt\u00e1lyunk<\/h3>\n<p>A tollaslabda sport nagy hagyom\u00e1nyokra visszatekint\u0151, sz\u00e9lesk\u00f6r\u0171en ismert \u00e9s n\u00e9pszer\u0171 sport\u00e1g. Olyan sport\u00e1gak egyike, amely kort\u00f3l, tud\u00e1sszintt\u0151l, testi adotts\u00e1gokt\u00f3l f\u00fcggetlen\u00fcl mindenki sz\u00e1m\u00e1ra \u00e9lvezetes mozg\u00e1slehet\u0151s\u00e9get biztos\u00edt. A sport mozg\u00e1sig\u00e9nye intenz\u00edv, \u00e9s a test szinte minden r\u00e9sz\u00e9t \u00e1tmozgatja.<\/p>\n<p><img loading=\"lazy\" decoding=\"async\" class=\" wp-image-5060 aligncenter\" src=\"https:\/\/fotsportegyesulet.hu\/wp-content\/uploads\/2022\/08\/maxresdefault-1024x576.jpg\" alt=\"\" width=\"919\" height=\"517\" srcset=\"https:\/\/fotsportegyesulet.hu\/wp-content\/uploads\/2022\/08\/maxresdefault-1024x576.jpg 1024w, https:\/\/fotsportegyesulet.hu\/wp-content\/uploads\/2022\/08\/maxresdefault-300x169.jpg 300w, https:\/\/fotsportegyesulet.hu\/wp-content\/uploads\/2022\/08\/maxresdefault-768x432.jpg 768w, https:\/\/fotsportegyesulet.hu\/wp-content\/uploads\/2022\/08\/maxresdefault.jpg 1280w\" sizes=\"auto, (max-width: 919px) 100vw, 919px\" \/><\/p>\n<p>Szakoszt\u00e1lyunk mind a helyi lakoss\u00e1g mozg\u00e1sig\u00e9ny\u00e9t, mind pedig a hazai versenysport kiszolg\u00e1l\u00e1s\u00e1t, ut\u00e1np\u00f3tl\u00e1sk\u00e9pz\u00e9s\u00e9t \u00e9s versenyeztet\u00e9s\u00e9t t\u0171zte ki z\u00e1szlaj\u00e1ra. Hitvall\u00e1sunk szerint ugyanis sikeres versenysport, nagy ut\u00e1np\u00f3tl\u00e1sb\u00e1zisb\u00f3l, nagy ut\u00e1np\u00f3tl\u00e1sb\u00e1zis pedig m\u00e9g nagyobb amat\u0151r \u00e9s lakoss\u00e1gi b\u00e1zisb\u00f3l ered, akik szeretik, elismerik \u00e9s t\u00e1mogatj\u00e1k sport\u00e1gunkat.<\/p>\n<p>Egyes\u00fclet\u00fcnk teh\u00e1t szeretettel v\u00e1rja a kezd\u0151 kisgyermekekt\u0151l eg\u00e9szen az id\u0151sebb feln\u0151ttekig b\u00e1rki jelentkez\u00e9s\u00e9t, hiszen edz\u0151ink mindenki sz\u00e1m\u00e1ra k\u00e9szek megmutatni a sport\u00e1g alapjait, \u00e9s \u00e9lvezetes kikapcsol\u00f3d\u00e1st biztos\u00edtani.<\/p>\n<\/div>\n<h3>Hajr\u00e1 F\u00f3t!<\/h3>\n<style>#jtg-5063 .modula-item .jtg-social a, .lightbox-socials.jtg-social a{ fill: #ffffff; color: #ffffff }#jtg-5063 .modula-item .jtg-social-mobile a{ fill: #ffffff; color: #ffffff }#jtg-5063 .modula-item .jtg-social svg, .lightbox-socials.jtg-social svg { height: 16px; width: 16px }#jtg-5063 .modula-item .jtg-social-mobile svg { height: 16px; width: 16px }#jtg-5063 .modula-item .jtg-social a:not(:last-child), .lightbox-socials.jtg-social a:not(:last-child) { margin-right: 10px }#jtg-5063 .modula-item .jtg-social-mobile .jtg-social-mobile-icons a:not(:last-child){ margin-right: 10px }#jtg-5063 .modula-item .figc {color:#ffffff;}#jtg-5063 .modula-item .modula-item-content { transform: scale(1) }#jtg-5063 { width:100%;}#jtg-5063 .modula-items{height:800px;}@media screen and (max-width: 992px) {#jtg-5063 .modula-items{height:800px;}}@media screen and (max-width: 768px) {#jtg-5063 .modula-items{height:800px;}}#jtg-5063 .modula-items .figc p.description { font-size:14px; }#jtg-5063 .modula-items .figc p.description { color:#ffffff;}#jtg-5063.modula-gallery .modula-item > a, #jtg-5063.modula-gallery .modula-item, #jtg-5063.modula-gallery .modula-item-content > a:not(.modula-no-follow) { cursor:zoom-in; } #jtg-5063.modula-gallery .modula-item-content .modula-no-follow { cursor: default; } @media screen and (max-width:480px){#jtg-5063 .modula-item .figc .jtg-title {  font-size: 12px; }#jtg-5063 .modula-items .figc p.description { color:#ffffff;font-size:10px; }}<\/style>\n<div  id=\"jtg-5063\" class=\"modula modula-gallery modula-creative-gallery\" data-config=\"{&quot;height&quot;:800,&quot;tabletHeight&quot;:800,&quot;mobileHeight&quot;:800,&quot;desktopHeight&quot;:800,&quot;enableTwitter&quot;:false,&quot;enableWhatsapp&quot;:false,&quot;enableFacebook&quot;:false,&quot;enablePinterest&quot;:false,&quot;enableLinkedin&quot;:false,&quot;enableEmail&quot;:false,&quot;randomFactor&quot;:0.5,&quot;type&quot;:&quot;creative-gallery&quot;,&quot;columns&quot;:12,&quot;gutter&quot;:10,&quot;mobileGutter&quot;:10,&quot;tabletGutter&quot;:10,&quot;desktopGutter&quot;:10,&quot;enableResponsive&quot;:&quot;0&quot;,&quot;tabletColumns&quot;:&quot;2&quot;,&quot;mobileColumns&quot;:&quot;1&quot;,&quot;lazyLoad&quot;:&quot;1&quot;,&quot;lightboxOpts&quot;:{&quot;animated&quot;:true,&quot;Thumbs&quot;:{&quot;type&quot;:&quot;modern&quot;,&quot;showOnStart&quot;:false},&quot;Toolbar&quot;:{&quot;display&quot;:{&quot;right&quot;:[&quot;close&quot;]},&quot;enabled&quot;:true},&quot;Carousel&quot;:{&quot;Panzoom&quot;:{&quot;touch&quot;:false},&quot;infinite&quot;:false},&quot;keyboard&quot;:{&quot;Escape&quot;:&quot;close&quot;,&quot;Delete&quot;:&quot;close&quot;,&quot;Backspace&quot;:&quot;close&quot;,&quot;PageUp&quot;:false,&quot;PageDown&quot;:false,&quot;ArrowUp&quot;:false,&quot;ArrowDown&quot;:false,&quot;ArrowRight&quot;:false,&quot;ArrowLeft&quot;:false},&quot;touch&quot;:false,&quot;backdropClick&quot;:false,&quot;l10n&quot;:{&quot;CLOSE&quot;:&quot;Close&quot;,&quot;NEXT&quot;:&quot;Next&quot;,&quot;PREV&quot;:&quot;Previous&quot;,&quot;Error&quot;:&quot;The requested content cannot be loaded. Please try again later.&quot;,&quot;PLAY_START&quot;:&quot;Start slideshow&quot;,&quot;PLAY_STOP&quot;:&quot;Pause slideshow&quot;,&quot;FULL_SCREEN&quot;:&quot;Full screen&quot;,&quot;THUMBS&quot;:&quot;Thumbnails&quot;,&quot;DOWNLOAD&quot;:&quot;Download&quot;,&quot;SHARE&quot;:&quot;Share&quot;,&quot;ZOOM&quot;:&quot;Zoom&quot;,&quot;EMAIL&quot;:&quot;Here is the link to the image : %%image_link%% and this is the link to the gallery : %%gallery_link%%&quot;,&quot;MODAL&quot;:&quot;You can close this modal content with the ESC key&quot;,&quot;ERROR&quot;:&quot;Something Went Wrong, Please Try Again Later&quot;,&quot;IMAGE_ERROR&quot;:&quot;Image Not Found&quot;,&quot;ELEMENT_NOT_FOUND&quot;:&quot;HTML Element Not Found&quot;,&quot;AJAX_NOT_FOUND&quot;:&quot;Error Loading AJAX : Not Found&quot;,&quot;AJAX_FORBIDDEN&quot;:&quot;Error Loading AJAX : Forbidden&quot;,&quot;IFRAME_ERROR&quot;:&quot;Error Loading Page&quot;,&quot;TOGGLE_ZOOM&quot;:&quot;Toggle zoom level&quot;,&quot;TOGGLE_THUMBS&quot;:&quot;Toggle thumbnails&quot;,&quot;TOGGLE_SLIDESHOW&quot;:&quot;Toggle slideshow&quot;,&quot;TOGGLE_FULLSCREEN&quot;:&quot;Toggle full-screen mode&quot;},&quot;Images&quot;:{&quot;Panzoom&quot;:{&quot;maxScale&quot;:2}},&quot;mainClass&quot;:&quot;modula-fancybox-container modula-lightbox-jtg-5063&quot;,&quot;Html&quot;:{&quot;videoAutoplay&quot;:0,&quot;videoTpl&quot;:&quot;&lt;video class=\\&quot;fancybox__html5video\\&quot; controls muted playsinline controlsList controlsList=\\&quot;nodownload\\&quot; poster=\\&quot;{{poster}}\\&quot; src=\\&quot;{{src}}\\&quot; type=\\&quot;{{format}}\\&quot; &gt;  Sorry, your browser doesn&#039;t support embedded videos, &lt;a href=\\&quot;{{src}}\\&quot;&gt; download &lt;\\\/a&gt; and watch with your favorite video player! &lt;\\\/video&gt;&quot;}},&quot;inView&quot;:false,&quot;email_subject&quot;:&quot;Check out this awesome image !!&quot;,&quot;email_message&quot;:&quot;Here is the link to the image : %%image_link%% and this is the link to the gallery : %%gallery_link%%&quot;,&quot;lightbox&quot;:&quot;fancybox&quot;}\">\n\n\t\n\t<div  class=\"modula-items\">\n\t\t<div class=\"modula-item effect-pufrobo\" >\n\t<div class=\"modula-item-overlay\"><\/div>\n\n\t<div class=\"modula-item-content\">\n\n\t\t\t\t\n\t\t\t\t\t<a data-image-id=\"5064\" tabindex=\"0\" rel=\"jtg-5063\" data-caption=\"\" aria-label=\"Open image in lightbox\" role=\"button\" class=\"tile-inner modula-item-link\"><\/a>\n\t\t\n\t\t<img class=\"pic wp-image-5064 lazyload\"  data-valign=\"middle\" data-halign=\"center\" alt=\"\" data-full=\"https:\/\/fotsportegyesulet.hu\/wp-content\/uploads\/2022\/08\/foti-tenisz-palya-2.jpg\" title=\"foti-tenisz-palya-2\" width=\"300\" height=\"157\" data-src=\"https:\/\/fotsportegyesulet.hu\/wp-content\/uploads\/2022\/08\/foti-tenisz-palya-2-300x157.jpg\" data-caption=\"\" data-source=\"modula\" data-srcset=\"https:\/\/fotsportegyesulet.hu\/wp-content\/uploads\/2022\/08\/foti-tenisz-palya-2.jpg 1440w, https:\/\/fotsportegyesulet.hu\/wp-content\/uploads\/2022\/08\/foti-tenisz-palya-2-300x157.jpg 300w, https:\/\/fotsportegyesulet.hu\/wp-content\/uploads\/2022\/08\/foti-tenisz-palya-2-1024x536.jpg 1024w, https:\/\/fotsportegyesulet.hu\/wp-content\/uploads\/2022\/08\/foti-tenisz-palya-2-768x402.jpg 768w\" data-sizes=\"(max-width: 300px) 100vw, 300px\" \/>\n\t\t<div class=\"figc no-description\">\n\t\t\t<div class=\"figc-inner\">\n\t\t\t\t\t\t\t\t\t\t\t\t\t\t\t<\/div>\n\t\t<\/div>\n\n\t<\/div>\n\n<\/div><div class=\"modula-item effect-pufrobo\" >\n\t<div class=\"modula-item-overlay\"><\/div>\n\n\t<div class=\"modula-item-content\">\n\n\t\t\t\t\n\t\t\t\t\t<a data-image-id=\"5065\" tabindex=\"0\" rel=\"jtg-5063\" data-caption=\"\" aria-label=\"Open image in lightbox\" role=\"button\" class=\"tile-inner modula-item-link\"><\/a>\n\t\t\n\t\t<img class=\"pic wp-image-5065 lazyload\"  data-valign=\"middle\" data-halign=\"center\" alt=\"\" data-full=\"https:\/\/fotsportegyesulet.hu\/wp-content\/uploads\/2022\/08\/tenisz1-150x150-1.png\" title=\"tenisz1-150x150\" width=\"150\" height=\"150\" data-src=\"https:\/\/fotsportegyesulet.hu\/wp-content\/uploads\/2022\/08\/tenisz1-150x150-1.png\" data-caption=\"\" data-source=\"modula\"\/>\n\t\t<div class=\"figc no-description\">\n\t\t\t<div class=\"figc-inner\">\n\t\t\t\t\t\t\t\t\t\t\t\t\t\t\t<\/div>\n\t\t<\/div>\n\n\t<\/div>\n\n<\/div><div class=\"modula-item effect-pufrobo\" >\n\t<div class=\"modula-item-overlay\"><\/div>\n\n\t<div class=\"modula-item-content\">\n\n\t\t\t\t\n\t\t\t\t\t<a data-image-id=\"5066\" tabindex=\"0\" rel=\"jtg-5063\" data-caption=\"\" aria-label=\"Open image in lightbox\" role=\"button\" class=\"tile-inner modula-item-link\"><\/a>\n\t\t\n\t\t<img class=\"pic wp-image-5066 lazyload\"  data-valign=\"middle\" data-halign=\"center\" alt=\"\" data-full=\"https:\/\/fotsportegyesulet.hu\/wp-content\/uploads\/2022\/08\/tenisz2-150x150-1.png\" title=\"tenisz2-150x150\" width=\"150\" height=\"150\" data-src=\"https:\/\/fotsportegyesulet.hu\/wp-content\/uploads\/2022\/08\/tenisz2-150x150-1.png\" data-caption=\"\" data-source=\"modula\"\/>\n\t\t<div class=\"figc no-description\">\n\t\t\t<div class=\"figc-inner\">\n\t\t\t\t\t\t\t\t\t\t\t\t\t\t\t<\/div>\n\t\t<\/div>\n\n\t<\/div>\n\n<\/div><div class=\"modula-item effect-pufrobo\" >\n\t<div class=\"modula-item-overlay\"><\/div>\n\n\t<div class=\"modula-item-content\">\n\n\t\t\t\t\n\t\t\t\t\t<a data-image-id=\"5067\" tabindex=\"0\" rel=\"jtg-5063\" data-caption=\"\" aria-label=\"Open image in lightbox\" role=\"button\" class=\"tile-inner modula-item-link\"><\/a>\n\t\t\n\t\t<img class=\"pic wp-image-5067 lazyload\"  data-valign=\"middle\" data-halign=\"center\" alt=\"\" data-full=\"https:\/\/fotsportegyesulet.hu\/wp-content\/uploads\/2022\/08\/tenisz-bga-150x150-1.png\" title=\"tenisz-bga-150x150\" width=\"150\" height=\"150\" data-src=\"https:\/\/fotsportegyesulet.hu\/wp-content\/uploads\/2022\/08\/tenisz-bga-150x150-1.png\" data-caption=\"\" data-source=\"modula\"\/>\n\t\t<div class=\"figc no-description\">\n\t\t\t<div class=\"figc-inner\">\n\t\t\t\t\t\t\t\t\t\t\t\t\t\t\t<\/div>\n\t\t<\/div>\n\n\t<\/div>\n\n<\/div><div class=\"modula-item effect-pufrobo\" >\n\t<div class=\"modula-item-overlay\"><\/div>\n\n\t<div class=\"modula-item-content\">\n\n\t\t\t\t\n\t\t\t\t\t<a data-image-id=\"5068\" tabindex=\"0\" rel=\"jtg-5063\" data-caption=\"\" aria-label=\"Open image in lightbox\" role=\"button\" class=\"tile-inner modula-item-link\"><\/a>\n\t\t\n\t\t<img class=\"pic wp-image-5068 lazyload\"  data-valign=\"middle\" data-halign=\"center\" alt=\"\" data-full=\"https:\/\/fotsportegyesulet.hu\/wp-content\/uploads\/2022\/08\/tenisz-fi-150x150-1.png\" title=\"tenisz-fi-150x150\" width=\"150\" height=\"150\" data-src=\"https:\/\/fotsportegyesulet.hu\/wp-content\/uploads\/2022\/08\/tenisz-fi-150x150-1.png\" data-caption=\"\" data-source=\"modula\"\/>\n\t\t<div class=\"figc no-description\">\n\t\t\t<div class=\"figc-inner\">\n\t\t\t\t\t\t\t\t\t\t\t\t\t\t\t<\/div>\n\t\t<\/div>\n\n\t<\/div>\n\n<\/div><div class=\"modula-item effect-pufrobo\" >\n\t<div class=\"modula-item-overlay\"><\/div>\n\n\t<div class=\"modula-item-content\">\n\n\t\t\t\t\n\t\t\t\t\t<a data-image-id=\"5069\" tabindex=\"0\" rel=\"jtg-5063\" data-caption=\"\" aria-label=\"Open image in lightbox\" role=\"button\" class=\"tile-inner modula-item-link\"><\/a>\n\t\t\n\t\t<img class=\"pic wp-image-5069 lazyload\"  data-valign=\"middle\" data-halign=\"center\" alt=\"\" data-full=\"https:\/\/fotsportegyesulet.hu\/wp-content\/uploads\/2022\/08\/tenisz-oktatas-11.jpg\" title=\"tenisz-oktatas-11\" width=\"300\" height=\"225\" data-src=\"https:\/\/fotsportegyesulet.hu\/wp-content\/uploads\/2022\/08\/tenisz-oktatas-11-300x225.jpg\" data-caption=\"\" data-source=\"modula\" data-srcset=\"https:\/\/fotsportegyesulet.hu\/wp-content\/uploads\/2022\/08\/tenisz-oktatas-11.jpg 1080w, https:\/\/fotsportegyesulet.hu\/wp-content\/uploads\/2022\/08\/tenisz-oktatas-11-300x225.jpg 300w, https:\/\/fotsportegyesulet.hu\/wp-content\/uploads\/2022\/08\/tenisz-oktatas-11-1024x768.jpg 1024w, https:\/\/fotsportegyesulet.hu\/wp-content\/uploads\/2022\/08\/tenisz-oktatas-11-768x576.jpg 768w\" data-sizes=\"(max-width: 300px) 100vw, 300px\" \/>\n\t\t<div class=\"figc no-description\">\n\t\t\t<div class=\"figc-inner\">\n\t\t\t\t\t\t\t\t\t\t\t\t\t\t\t<\/div>\n\t\t<\/div>\n\n\t<\/div>\n\n<\/div><div class=\"modula-item effect-pufrobo\" >\n\t<div class=\"modula-item-overlay\"><\/div>\n\n\t<div class=\"modula-item-content\">\n\n\t\t\t\t\n\t\t\t\t\t<a data-image-id=\"5070\" tabindex=\"0\" rel=\"jtg-5063\" data-caption=\"\" aria-label=\"Open image in lightbox\" role=\"button\" class=\"tile-inner modula-item-link\"><\/a>\n\t\t\n\t\t<img class=\"pic wp-image-5070 lazyload\"  data-valign=\"middle\" data-halign=\"center\" alt=\"\" data-full=\"https:\/\/fotsportegyesulet.hu\/wp-content\/uploads\/2022\/08\/maxresdefault-1.jpg\" title=\"maxresdefault\" width=\"300\" height=\"169\" data-src=\"https:\/\/fotsportegyesulet.hu\/wp-content\/uploads\/2022\/08\/maxresdefault-1-300x169.jpg\" data-caption=\"\" data-source=\"modula\" data-srcset=\"https:\/\/fotsportegyesulet.hu\/wp-content\/uploads\/2022\/08\/maxresdefault-1.jpg 1280w, https:\/\/fotsportegyesulet.hu\/wp-content\/uploads\/2022\/08\/maxresdefault-1-300x169.jpg 300w, https:\/\/fotsportegyesulet.hu\/wp-content\/uploads\/2022\/08\/maxresdefault-1-1024x576.jpg 1024w, https:\/\/fotsportegyesulet.hu\/wp-content\/uploads\/2022\/08\/maxresdefault-1-768x432.jpg 768w\" data-sizes=\"(max-width: 300px) 100vw, 300px\" \/>\n\t\t<div class=\"figc no-description\">\n\t\t\t<div class=\"figc-inner\">\n\t\t\t\t\t\t\t\t\t\t\t\t\t\t\t<\/div>\n\t\t<\/div>\n\n\t<\/div>\n\n<\/div><div class=\"modula-item effect-pufrobo\" >\n\t<div class=\"modula-item-overlay\"><\/div>\n\n\t<div class=\"modula-item-content\">\n\n\t\t\t\t\n\t\t\t\t\t<a data-image-id=\"4957\" tabindex=\"0\" rel=\"jtg-5063\" data-caption=\"\" aria-label=\"Open image in lightbox\" role=\"button\" class=\"tile-inner modula-item-link\"><\/a>\n\t\t\n\t\t<img class=\"pic wp-image-4957 lazyload\"  data-valign=\"middle\" data-halign=\"center\" alt=\"f\u00f3t sport\u00e1gv\u00e1laszt\u00f3\" data-full=\"https:\/\/fotsportegyesulet.hu\/wp-content\/uploads\/2022\/08\/1200x628-sportagvalszto-fb.jpg\" title=\"1200x628 sportagvalszt\u00f3 fb\" width=\"300\" height=\"157\" data-src=\"https:\/\/fotsportegyesulet.hu\/wp-content\/uploads\/2022\/08\/1200x628-sportagvalszto-fb-300x157.jpg\" data-caption=\"\" data-source=\"modula\" data-srcset=\"https:\/\/fotsportegyesulet.hu\/wp-content\/uploads\/2022\/08\/1200x628-sportagvalszto-fb.jpg 2500w, https:\/\/fotsportegyesulet.hu\/wp-content\/uploads\/2022\/08\/1200x628-sportagvalszto-fb-300x157.jpg 300w, https:\/\/fotsportegyesulet.hu\/wp-content\/uploads\/2022\/08\/1200x628-sportagvalszto-fb-1024x536.jpg 1024w, https:\/\/fotsportegyesulet.hu\/wp-content\/uploads\/2022\/08\/1200x628-sportagvalszto-fb-768x402.jpg 768w, https:\/\/fotsportegyesulet.hu\/wp-content\/uploads\/2022\/08\/1200x628-sportagvalszto-fb-1536x804.jpg 1536w, https:\/\/fotsportegyesulet.hu\/wp-content\/uploads\/2022\/08\/1200x628-sportagvalszto-fb-2048x1072.jpg 2048w\" data-sizes=\"(max-width: 300px) 100vw, 300px\" \/>\n\t\t<div class=\"figc no-description\">\n\t\t\t<div class=\"figc-inner\">\n\t\t\t\t\t\t\t\t\t\t\t\t\t\t\t<\/div>\n\t\t<\/div>\n\n\t<\/div>\n\n<\/div>\t\t\n\t<\/div>\n\n\t\n\t\n\t<script type=\"application\/ld+json\">\n\t{\n\t\t\"@context\": \"http:\/\/schema.org\",\n\t\t\"@type\"   : \"ImageGallery\",\n\t\t\"id\"      : \"https:\/\/fotsportegyesulet.hu\/index.php\/2022\/08\/19\/2022-09-10-en-megrendezesre-kerul-a-foti-sportagvalaszto-csaladi-napunk-3\/\",\n\t\t\"url\"     : \"https:\/\/fotsportegyesulet.hu\/index.php\/2022\/08\/19\/2022-09-10-en-megrendezesre-kerul-a-foti-sportagvalaszto-csaladi-napunk-3\/\"\n\t}\n\n\t<\/script>\n\n\t\n<\/div>\n\n<\/div>\n<\/div>\n","protected":false},"excerpt":{"rendered":"<p>Gyertek min\u00e9l t\u00f6bben \u00e9s t\u00f6lts\u00fcnk egy\u00fctt \u00fajra egy fantasztikus napot!<\/p>\n","protected":false},"author":3,"featured_media":5062,"comment_status":"closed","ping_status":"open","sticky":false,"template":"","format":"standard","meta":{"_bbp_topic_count":0,"_bbp_reply_count":0,"_bbp_total_topic_count":0,"_bbp_total_reply_count":0,"_bbp_voice_count":0,"_bbp_anonymous_reply_count":0,"_bbp_topic_count_hidden":0,"_bbp_reply_count_hidden":0,"_bbp_forum_subforum_count":0,"_price":"","_stock":"","_tribe_ticket_header":"","_tribe_default_ticket_provider":"","_ticket_start_date":"","_ticket_end_date":"","_tribe_ticket_show_description":"","_tribe_ticket_show_not_going":false,"_tribe_ticket_use_global_stock":"","_tribe_ticket_global_stock_level":"","_global_stock_mode":"","_global_stock_cap":"","_tribe_rsvp_for_event":"","_tribe_ticket_going_count":"","_tribe_ticket_not_going_count":"","_tribe_tickets_list":"[]","_tribe_ticket_has_attendee_info_fields":false,"footnotes":""},"categories":[1,76],"tags":[],"class_list":["post-5058","post","type-post","status-publish","format-standard","has-post-thumbnail","hentry","category-hirek","category-kiemelt-hir"],"yoast_head":"<!-- This site is optimized with the Yoast SEO plugin v25.7 - https:\/\/yoast.com\/wordpress\/plugins\/seo\/ -->\n<title>2022.09.10-\u00e9n megrendez\u00e9sre ker\u00fcl a F\u00f3ti Sport\u00e1gv\u00e1laszt\u00f3 Csal\u00e1di Napunk! - F\u00d3T SPORTEGYES\u00dcLET<\/title>\n<meta name=\"robots\" content=\"index, follow, max-snippet:-1, max-image-preview:large, max-video-preview:-1\" \/>\n<link rel=\"canonical\" href=\"https:\/\/fotsportegyesulet.hu\/index.php\/2022\/08\/19\/2022-09-10-en-megrendezesre-kerul-a-foti-sportagvalaszto-csaladi-napunk-3\/\" \/>\n<meta property=\"og:locale\" content=\"hu_HU\" \/>\n<meta property=\"og:type\" content=\"article\" \/>\n<meta property=\"og:title\" content=\"2022.09.10-\u00e9n megrendez\u00e9sre ker\u00fcl a F\u00f3ti Sport\u00e1gv\u00e1laszt\u00f3 Csal\u00e1di Napunk! - F\u00d3T SPORTEGYES\u00dcLET\" \/>\n<meta property=\"og:description\" content=\"Gyertek min\u00e9l t\u00f6bben \u00e9s t\u00f6lts\u00fcnk egy\u00fctt \u00fajra egy fantasztikus napot!\" \/>\n<meta property=\"og:url\" content=\"https:\/\/fotsportegyesulet.hu\/index.php\/2022\/08\/19\/2022-09-10-en-megrendezesre-kerul-a-foti-sportagvalaszto-csaladi-napunk-3\/\" \/>\n<meta property=\"og:site_name\" content=\"F\u00d3T SPORTEGYES\u00dcLET\" \/>\n<meta property=\"article:publisher\" content=\"https:\/\/www.facebook.com\/fotsportegyesulet\/\" \/>\n<meta property=\"article:published_time\" content=\"2022-08-19T13:45:32+00:00\" \/>\n<meta property=\"article:modified_time\" content=\"2022-08-22T09:06:34+00:00\" \/>\n<meta property=\"og:image\" content=\"https:\/\/fotsportegyesulet.hu\/wp-content\/uploads\/2022\/08\/956x455.jpg\" \/>\n\t<meta property=\"og:image:width\" content=\"956\" \/>\n\t<meta property=\"og:image:height\" content=\"456\" \/>\n\t<meta property=\"og:image:type\" content=\"image\/jpeg\" \/>\n<meta name=\"author\" content=\"F\u00f3t SE\" \/>\n<meta name=\"twitter:card\" content=\"summary_large_image\" \/>\n<meta name=\"twitter:label1\" content=\"Szerz\u0151:\" \/>\n\t<meta name=\"twitter:data1\" content=\"F\u00f3t SE\" \/>\n\t<meta name=\"twitter:label2\" content=\"Becs\u00fclt olvas\u00e1si id\u0151\" \/>\n\t<meta name=\"twitter:data2\" content=\"6 perc\" \/>\n<script type=\"application\/ld+json\" class=\"yoast-schema-graph\">{\"@context\":\"https:\/\/schema.org\",\"@graph\":[{\"@type\":\"Article\",\"@id\":\"https:\/\/fotsportegyesulet.hu\/index.php\/2022\/08\/19\/2022-09-10-en-megrendezesre-kerul-a-foti-sportagvalaszto-csaladi-napunk-3\/#article\",\"isPartOf\":{\"@id\":\"https:\/\/fotsportegyesulet.hu\/index.php\/2022\/08\/19\/2022-09-10-en-megrendezesre-kerul-a-foti-sportagvalaszto-csaladi-napunk-3\/\"},\"author\":{\"name\":\"F\u00f3t SE\",\"@id\":\"https:\/\/fotsportegyesulet.hu\/#\/schema\/person\/8750ccb3a5183172b75dcc348ffbdbb1\"},\"headline\":\"2022.09.10-\u00e9n megrendez\u00e9sre ker\u00fcl a F\u00f3ti Sport\u00e1gv\u00e1laszt\u00f3 Csal\u00e1di Napunk!\",\"datePublished\":\"2022-08-19T13:45:32+00:00\",\"dateModified\":\"2022-08-22T09:06:34+00:00\",\"mainEntityOfPage\":{\"@id\":\"https:\/\/fotsportegyesulet.hu\/index.php\/2022\/08\/19\/2022-09-10-en-megrendezesre-kerul-a-foti-sportagvalaszto-csaladi-napunk-3\/\"},\"wordCount\":1096,\"publisher\":{\"@id\":\"https:\/\/fotsportegyesulet.hu\/#organization\"},\"image\":{\"@id\":\"https:\/\/fotsportegyesulet.hu\/index.php\/2022\/08\/19\/2022-09-10-en-megrendezesre-kerul-a-foti-sportagvalaszto-csaladi-napunk-3\/#primaryimage\"},\"thumbnailUrl\":\"https:\/\/fotsportegyesulet.hu\/wp-content\/uploads\/2022\/08\/956x455.jpg\",\"articleSection\":[\"H\u00edrek\",\"Kiemelt h\u00edr\"],\"inLanguage\":\"hu\"},{\"@type\":\"WebPage\",\"@id\":\"https:\/\/fotsportegyesulet.hu\/index.php\/2022\/08\/19\/2022-09-10-en-megrendezesre-kerul-a-foti-sportagvalaszto-csaladi-napunk-3\/\",\"url\":\"https:\/\/fotsportegyesulet.hu\/index.php\/2022\/08\/19\/2022-09-10-en-megrendezesre-kerul-a-foti-sportagvalaszto-csaladi-napunk-3\/\",\"name\":\"2022.09.10-\u00e9n megrendez\u00e9sre ker\u00fcl a F\u00f3ti Sport\u00e1gv\u00e1laszt\u00f3 Csal\u00e1di Napunk! - F\u00d3T SPORTEGYES\u00dcLET\",\"isPartOf\":{\"@id\":\"https:\/\/fotsportegyesulet.hu\/#website\"},\"primaryImageOfPage\":{\"@id\":\"https:\/\/fotsportegyesulet.hu\/index.php\/2022\/08\/19\/2022-09-10-en-megrendezesre-kerul-a-foti-sportagvalaszto-csaladi-napunk-3\/#primaryimage\"},\"image\":{\"@id\":\"https:\/\/fotsportegyesulet.hu\/index.php\/2022\/08\/19\/2022-09-10-en-megrendezesre-kerul-a-foti-sportagvalaszto-csaladi-napunk-3\/#primaryimage\"},\"thumbnailUrl\":\"https:\/\/fotsportegyesulet.hu\/wp-content\/uploads\/2022\/08\/956x455.jpg\",\"datePublished\":\"2022-08-19T13:45:32+00:00\",\"dateModified\":\"2022-08-22T09:06:34+00:00\",\"breadcrumb\":{\"@id\":\"https:\/\/fotsportegyesulet.hu\/index.php\/2022\/08\/19\/2022-09-10-en-megrendezesre-kerul-a-foti-sportagvalaszto-csaladi-napunk-3\/#breadcrumb\"},\"inLanguage\":\"hu\",\"potentialAction\":[{\"@type\":\"ReadAction\",\"target\":[\"https:\/\/fotsportegyesulet.hu\/index.php\/2022\/08\/19\/2022-09-10-en-megrendezesre-kerul-a-foti-sportagvalaszto-csaladi-napunk-3\/\"]}]},{\"@type\":\"ImageObject\",\"inLanguage\":\"hu\",\"@id\":\"https:\/\/fotsportegyesulet.hu\/index.php\/2022\/08\/19\/2022-09-10-en-megrendezesre-kerul-a-foti-sportagvalaszto-csaladi-napunk-3\/#primaryimage\",\"url\":\"https:\/\/fotsportegyesulet.hu\/wp-content\/uploads\/2022\/08\/956x455.jpg\",\"contentUrl\":\"https:\/\/fotsportegyesulet.hu\/wp-content\/uploads\/2022\/08\/956x455.jpg\",\"width\":956,\"height\":456},{\"@type\":\"BreadcrumbList\",\"@id\":\"https:\/\/fotsportegyesulet.hu\/index.php\/2022\/08\/19\/2022-09-10-en-megrendezesre-kerul-a-foti-sportagvalaszto-csaladi-napunk-3\/#breadcrumb\",\"itemListElement\":[{\"@type\":\"ListItem\",\"position\":1,\"name\":\"Kezd\u0151lap\",\"item\":\"https:\/\/fotsportegyesulet.hu\/\"},{\"@type\":\"ListItem\",\"position\":2,\"name\":\"2022.09.10-\u00e9n megrendez\u00e9sre ker\u00fcl a F\u00f3ti Sport\u00e1gv\u00e1laszt\u00f3 Csal\u00e1di Napunk!\"}]},{\"@type\":\"WebSite\",\"@id\":\"https:\/\/fotsportegyesulet.hu\/#website\",\"url\":\"https:\/\/fotsportegyesulet.hu\/\",\"name\":\"F\u00d3T SPORTEGYES\u00dcLET\",\"description\":\"\",\"publisher\":{\"@id\":\"https:\/\/fotsportegyesulet.hu\/#organization\"},\"potentialAction\":[{\"@type\":\"SearchAction\",\"target\":{\"@type\":\"EntryPoint\",\"urlTemplate\":\"https:\/\/fotsportegyesulet.hu\/?s={search_term_string}\"},\"query-input\":{\"@type\":\"PropertyValueSpecification\",\"valueRequired\":true,\"valueName\":\"search_term_string\"}}],\"inLanguage\":\"hu\"},{\"@type\":\"Organization\",\"@id\":\"https:\/\/fotsportegyesulet.hu\/#organization\",\"name\":\"F\u00f3t Sportegyes\u00fclet\",\"url\":\"https:\/\/fotsportegyesulet.hu\/\",\"logo\":{\"@type\":\"ImageObject\",\"inLanguage\":\"hu\",\"@id\":\"https:\/\/fotsportegyesulet.hu\/#\/schema\/logo\/image\/\",\"url\":\"https:\/\/fotsportegyesulet.hu\/wp-content\/uploads\/2020\/07\/eredeti-sz\u00ednes-vektoros-Fot-cimer-3.png\",\"contentUrl\":\"https:\/\/fotsportegyesulet.hu\/wp-content\/uploads\/2020\/07\/eredeti-sz\u00ednes-vektoros-Fot-cimer-3.png\",\"width\":500,\"height\":500,\"caption\":\"F\u00f3t Sportegyes\u00fclet\"},\"image\":{\"@id\":\"https:\/\/fotsportegyesulet.hu\/#\/schema\/logo\/image\/\"},\"sameAs\":[\"https:\/\/www.facebook.com\/fotsportegyesulet\/\"]},{\"@type\":\"Person\",\"@id\":\"https:\/\/fotsportegyesulet.hu\/#\/schema\/person\/8750ccb3a5183172b75dcc348ffbdbb1\",\"name\":\"F\u00f3t SE\",\"image\":{\"@type\":\"ImageObject\",\"inLanguage\":\"hu\",\"@id\":\"https:\/\/fotsportegyesulet.hu\/#\/schema\/person\/image\/\",\"url\":\"https:\/\/secure.gravatar.com\/avatar\/2f768bb7a490a49aeb2ccaf4bacc94391bbafd4b6aa54eb6f9318ffc80d81dad?s=96&d=mm&r=g\",\"contentUrl\":\"https:\/\/secure.gravatar.com\/avatar\/2f768bb7a490a49aeb2ccaf4bacc94391bbafd4b6aa54eb6f9318ffc80d81dad?s=96&d=mm&r=g\",\"caption\":\"F\u00f3t SE\"},\"sameAs\":[\"http:\/\/fotsportegyesulet.hu\"],\"url\":\"https:\/\/fotsportegyesulet.hu\/index.php\/author\/kapitany-zoltan\/\"}]}<\/script>\n<!-- \/ Yoast SEO plugin. -->","yoast_head_json":{"title":"2022.09.10-\u00e9n megrendez\u00e9sre ker\u00fcl a F\u00f3ti Sport\u00e1gv\u00e1laszt\u00f3 Csal\u00e1di Napunk! - F\u00d3T SPORTEGYES\u00dcLET","robots":{"index":"index","follow":"follow","max-snippet":"max-snippet:-1","max-image-preview":"max-image-preview:large","max-video-preview":"max-video-preview:-1"},"canonical":"https:\/\/fotsportegyesulet.hu\/index.php\/2022\/08\/19\/2022-09-10-en-megrendezesre-kerul-a-foti-sportagvalaszto-csaladi-napunk-3\/","og_locale":"hu_HU","og_type":"article","og_title":"2022.09.10-\u00e9n megrendez\u00e9sre ker\u00fcl a F\u00f3ti Sport\u00e1gv\u00e1laszt\u00f3 Csal\u00e1di Napunk! - F\u00d3T SPORTEGYES\u00dcLET","og_description":"Gyertek min\u00e9l t\u00f6bben \u00e9s t\u00f6lts\u00fcnk egy\u00fctt \u00fajra egy fantasztikus napot!","og_url":"https:\/\/fotsportegyesulet.hu\/index.php\/2022\/08\/19\/2022-09-10-en-megrendezesre-kerul-a-foti-sportagvalaszto-csaladi-napunk-3\/","og_site_name":"F\u00d3T SPORTEGYES\u00dcLET","article_publisher":"https:\/\/www.facebook.com\/fotsportegyesulet\/","article_published_time":"2022-08-19T13:45:32+00:00","article_modified_time":"2022-08-22T09:06:34+00:00","og_image":[{"width":956,"height":456,"url":"https:\/\/fotsportegyesulet.hu\/wp-content\/uploads\/2022\/08\/956x455.jpg","type":"image\/jpeg"}],"author":"F\u00f3t SE","twitter_card":"summary_large_image","twitter_misc":{"Szerz\u0151:":"F\u00f3t SE","Becs\u00fclt olvas\u00e1si id\u0151":"6 perc"},"schema":{"@context":"https:\/\/schema.org","@graph":[{"@type":"Article","@id":"https:\/\/fotsportegyesulet.hu\/index.php\/2022\/08\/19\/2022-09-10-en-megrendezesre-kerul-a-foti-sportagvalaszto-csaladi-napunk-3\/#article","isPartOf":{"@id":"https:\/\/fotsportegyesulet.hu\/index.php\/2022\/08\/19\/2022-09-10-en-megrendezesre-kerul-a-foti-sportagvalaszto-csaladi-napunk-3\/"},"author":{"name":"F\u00f3t SE","@id":"https:\/\/fotsportegyesulet.hu\/#\/schema\/person\/8750ccb3a5183172b75dcc348ffbdbb1"},"headline":"2022.09.10-\u00e9n megrendez\u00e9sre ker\u00fcl a F\u00f3ti Sport\u00e1gv\u00e1laszt\u00f3 Csal\u00e1di Napunk!","datePublished":"2022-08-19T13:45:32+00:00","dateModified":"2022-08-22T09:06:34+00:00","mainEntityOfPage":{"@id":"https:\/\/fotsportegyesulet.hu\/index.php\/2022\/08\/19\/2022-09-10-en-megrendezesre-kerul-a-foti-sportagvalaszto-csaladi-napunk-3\/"},"wordCount":1096,"publisher":{"@id":"https:\/\/fotsportegyesulet.hu\/#organization"},"image":{"@id":"https:\/\/fotsportegyesulet.hu\/index.php\/2022\/08\/19\/2022-09-10-en-megrendezesre-kerul-a-foti-sportagvalaszto-csaladi-napunk-3\/#primaryimage"},"thumbnailUrl":"https:\/\/fotsportegyesulet.hu\/wp-content\/uploads\/2022\/08\/956x455.jpg","articleSection":["H\u00edrek","Kiemelt h\u00edr"],"inLanguage":"hu"},{"@type":"WebPage","@id":"https:\/\/fotsportegyesulet.hu\/index.php\/2022\/08\/19\/2022-09-10-en-megrendezesre-kerul-a-foti-sportagvalaszto-csaladi-napunk-3\/","url":"https:\/\/fotsportegyesulet.hu\/index.php\/2022\/08\/19\/2022-09-10-en-megrendezesre-kerul-a-foti-sportagvalaszto-csaladi-napunk-3\/","name":"2022.09.10-\u00e9n megrendez\u00e9sre ker\u00fcl a F\u00f3ti Sport\u00e1gv\u00e1laszt\u00f3 Csal\u00e1di Napunk! - F\u00d3T SPORTEGYES\u00dcLET","isPartOf":{"@id":"https:\/\/fotsportegyesulet.hu\/#website"},"primaryImageOfPage":{"@id":"https:\/\/fotsportegyesulet.hu\/index.php\/2022\/08\/19\/2022-09-10-en-megrendezesre-kerul-a-foti-sportagvalaszto-csaladi-napunk-3\/#primaryimage"},"image":{"@id":"https:\/\/fotsportegyesulet.hu\/index.php\/2022\/08\/19\/2022-09-10-en-megrendezesre-kerul-a-foti-sportagvalaszto-csaladi-napunk-3\/#primaryimage"},"thumbnailUrl":"https:\/\/fotsportegyesulet.hu\/wp-content\/uploads\/2022\/08\/956x455.jpg","datePublished":"2022-08-19T13:45:32+00:00","dateModified":"2022-08-22T09:06:34+00:00","breadcrumb":{"@id":"https:\/\/fotsportegyesulet.hu\/index.php\/2022\/08\/19\/2022-09-10-en-megrendezesre-kerul-a-foti-sportagvalaszto-csaladi-napunk-3\/#breadcrumb"},"inLanguage":"hu","potentialAction":[{"@type":"ReadAction","target":["https:\/\/fotsportegyesulet.hu\/index.php\/2022\/08\/19\/2022-09-10-en-megrendezesre-kerul-a-foti-sportagvalaszto-csaladi-napunk-3\/"]}]},{"@type":"ImageObject","inLanguage":"hu","@id":"https:\/\/fotsportegyesulet.hu\/index.php\/2022\/08\/19\/2022-09-10-en-megrendezesre-kerul-a-foti-sportagvalaszto-csaladi-napunk-3\/#primaryimage","url":"https:\/\/fotsportegyesulet.hu\/wp-content\/uploads\/2022\/08\/956x455.jpg","contentUrl":"https:\/\/fotsportegyesulet.hu\/wp-content\/uploads\/2022\/08\/956x455.jpg","width":956,"height":456},{"@type":"BreadcrumbList","@id":"https:\/\/fotsportegyesulet.hu\/index.php\/2022\/08\/19\/2022-09-10-en-megrendezesre-kerul-a-foti-sportagvalaszto-csaladi-napunk-3\/#breadcrumb","itemListElement":[{"@type":"ListItem","position":1,"name":"Kezd\u0151lap","item":"https:\/\/fotsportegyesulet.hu\/"},{"@type":"ListItem","position":2,"name":"2022.09.10-\u00e9n megrendez\u00e9sre ker\u00fcl a F\u00f3ti Sport\u00e1gv\u00e1laszt\u00f3 Csal\u00e1di Napunk!"}]},{"@type":"WebSite","@id":"https:\/\/fotsportegyesulet.hu\/#website","url":"https:\/\/fotsportegyesulet.hu\/","name":"F\u00d3T SPORTEGYES\u00dcLET","description":"","publisher":{"@id":"https:\/\/fotsportegyesulet.hu\/#organization"},"potentialAction":[{"@type":"SearchAction","target":{"@type":"EntryPoint","urlTemplate":"https:\/\/fotsportegyesulet.hu\/?s={search_term_string}"},"query-input":{"@type":"PropertyValueSpecification","valueRequired":true,"valueName":"search_term_string"}}],"inLanguage":"hu"},{"@type":"Organization","@id":"https:\/\/fotsportegyesulet.hu\/#organization","name":"F\u00f3t Sportegyes\u00fclet","url":"https:\/\/fotsportegyesulet.hu\/","logo":{"@type":"ImageObject","inLanguage":"hu","@id":"https:\/\/fotsportegyesulet.hu\/#\/schema\/logo\/image\/","url":"https:\/\/fotsportegyesulet.hu\/wp-content\/uploads\/2020\/07\/eredeti-sz\u00ednes-vektoros-Fot-cimer-3.png","contentUrl":"https:\/\/fotsportegyesulet.hu\/wp-content\/uploads\/2020\/07\/eredeti-sz\u00ednes-vektoros-Fot-cimer-3.png","width":500,"height":500,"caption":"F\u00f3t Sportegyes\u00fclet"},"image":{"@id":"https:\/\/fotsportegyesulet.hu\/#\/schema\/logo\/image\/"},"sameAs":["https:\/\/www.facebook.com\/fotsportegyesulet\/"]},{"@type":"Person","@id":"https:\/\/fotsportegyesulet.hu\/#\/schema\/person\/8750ccb3a5183172b75dcc348ffbdbb1","name":"F\u00f3t SE","image":{"@type":"ImageObject","inLanguage":"hu","@id":"https:\/\/fotsportegyesulet.hu\/#\/schema\/person\/image\/","url":"https:\/\/secure.gravatar.com\/avatar\/2f768bb7a490a49aeb2ccaf4bacc94391bbafd4b6aa54eb6f9318ffc80d81dad?s=96&d=mm&r=g","contentUrl":"https:\/\/secure.gravatar.com\/avatar\/2f768bb7a490a49aeb2ccaf4bacc94391bbafd4b6aa54eb6f9318ffc80d81dad?s=96&d=mm&r=g","caption":"F\u00f3t SE"},"sameAs":["http:\/\/fotsportegyesulet.hu"],"url":"https:\/\/fotsportegyesulet.hu\/index.php\/author\/kapitany-zoltan\/"}]}},"_links":{"self":[{"href":"https:\/\/fotsportegyesulet.hu\/index.php\/wp-json\/wp\/v2\/posts\/5058","targetHints":{"allow":["GET"]}}],"collection":[{"href":"https:\/\/fotsportegyesulet.hu\/index.php\/wp-json\/wp\/v2\/posts"}],"about":[{"href":"https:\/\/fotsportegyesulet.hu\/index.php\/wp-json\/wp\/v2\/types\/post"}],"author":[{"embeddable":true,"href":"https:\/\/fotsportegyesulet.hu\/index.php\/wp-json\/wp\/v2\/users\/3"}],"replies":[{"embeddable":true,"href":"https:\/\/fotsportegyesulet.hu\/index.php\/wp-json\/wp\/v2\/comments?post=5058"}],"version-history":[{"count":3,"href":"https:\/\/fotsportegyesulet.hu\/index.php\/wp-json\/wp\/v2\/posts\/5058\/revisions"}],"predecessor-version":[{"id":5071,"href":"https:\/\/fotsportegyesulet.hu\/index.php\/wp-json\/wp\/v2\/posts\/5058\/revisions\/5071"}],"wp:featuredmedia":[{"embeddable":true,"href":"https:\/\/fotsportegyesulet.hu\/index.php\/wp-json\/wp\/v2\/media\/5062"}],"wp:attachment":[{"href":"https:\/\/fotsportegyesulet.hu\/index.php\/wp-json\/wp\/v2\/media?parent=5058"}],"wp:term":[{"taxonomy":"category","embeddable":true,"href":"https:\/\/fotsportegyesulet.hu\/index.php\/wp-json\/wp\/v2\/categories?post=5058"},{"taxonomy":"post_tag","embeddable":true,"href":"https:\/\/fotsportegyesulet.hu\/index.php\/wp-json\/wp\/v2\/tags?post=5058"}],"curies":[{"name":"wp","href":"https:\/\/api.w.org\/{rel}","templated":true}]}}