{"id":4960,"date":"2022-08-07T21:39:58","date_gmt":"2022-08-07T19:39:58","guid":{"rendered":"https:\/\/fotsportegyesulet.hu\/?p=4960"},"modified":"2022-08-07T21:42:36","modified_gmt":"2022-08-07T19:42:36","slug":"interju-az-u19-csapat-edzojevel-es-ket-csapattaggal","status":"publish","type":"post","link":"https:\/\/fotsportegyesulet.hu\/index.php\/2022\/08\/07\/interju-az-u19-csapat-edzojevel-es-ket-csapattaggal\/","title":{"rendered":"Interj\u00fa az U19 csapat edz\u0151j\u00e9vel, \u00e9s k\u00e9t csapattaggal"},"content":{"rendered":"<p>El\u0151sz\u00f6r Balogh B\u00e9l\u00e1t szeretn\u00e9nk bemutatni, aki 2022\/2023-as szezonban ir\u00e1ny\u00edtja, edzi az U19-es j\u00e1t\u00e9kosokat.<\/p>\n<p>Mes\u00e9lj k\u00e9rlek magadr\u00f3l n\u00e9h\u00e1ny sz\u00f3ban! Mit lehet tudni r\u00f3lad?<\/p>\n<p>El\u0151sz\u00f6r is k\u00f6sz\u00f6n\u00f6m a lehet\u0151s\u00e9get. Amit r\u00f3lam tudni \u00e9rdemes, hogy az 55.\u00e9vemet taposom. 33 \u00e9ve vagyok n\u0151s 3 gyermek \u00e9desapja.\u00a0 A csal\u00e1dom ut\u00e1n a labdar\u00fag\u00e1s az, ami kit\u00f6lti az \u00e9letemet.<\/p>\n<p><img loading=\"lazy\" decoding=\"async\" class=\"aligncenter wp-image-4970 size-medium\" src=\"https:\/\/fotsportegyesulet.hu\/wp-content\/uploads\/2022\/08\/20220802_190430-135x300.jpg\" alt=\"\" width=\"135\" height=\"300\" data-wp-editing=\"1\" srcset=\"https:\/\/fotsportegyesulet.hu\/wp-content\/uploads\/2022\/08\/20220802_190430-135x300.jpg 135w, https:\/\/fotsportegyesulet.hu\/wp-content\/uploads\/2022\/08\/20220802_190430-461x1024.jpg 461w, https:\/\/fotsportegyesulet.hu\/wp-content\/uploads\/2022\/08\/20220802_190430-768x1705.jpg 768w, https:\/\/fotsportegyesulet.hu\/wp-content\/uploads\/2022\/08\/20220802_190430-692x1536.jpg 692w, https:\/\/fotsportegyesulet.hu\/wp-content\/uploads\/2022\/08\/20220802_190430-922x2048.jpg 922w, https:\/\/fotsportegyesulet.hu\/wp-content\/uploads\/2022\/08\/20220802_190430-scaled.jpg 1153w\" sizes=\"auto, (max-width: 135px) 100vw, 135px\" \/><\/p>\n<p>Milyen szerepet t\u00f6lt be az \u00e9letedben a labdar\u00fag\u00e1s?<\/p>\n<p>El\u0151bb r\u00fagtam a labd\u00e1t, mint j\u00e1rni tudtam volna, de ez nem meglep\u0151 mivel nagypap\u00e1m is focizott majd edz\u0151sk\u00f6d\u00f6tt, illetve \u00e9desap\u00e1m is gyorsas\u00e1g\u00e1nak k\u00f6sz\u00f6nhet\u0151en a jobb sz\u00e9len kergette a labd\u00e1t. Az \u00c9n p\u00e1lyafut\u00e1som is \u00dajpesten kezd\u0151d\u00f6tt, de t\u00f6bb s\u00falyos s\u00e9r\u00fcl\u00e9s miatt kor\u00e1n be is fejez\u0151d\u00f6tt<\/p>\n<p>Hogyan v\u00e1lt sz\u00e1modra a labdar\u00fag\u00e1s hivat\u00e1ss\u00e1?<\/p>\n<p>A labdar\u00fag\u00e1st viszont szerettem annyira, hogy ne pr\u00f3b\u00e1ljak meg m\u00e1soknak seg\u00edteni c\u00e9ljaik el\u00e9r\u00e9s\u00e9ben. Mivel a gyerekeket nagyon szeretem \u00edgy az ut\u00e1np\u00f3tl\u00e1sban v\u00e1llaltam szerepet. Az\u00e9rt nem mondom, hogy munk\u00e1t, mert ez sz\u00e1momra nem munka! Ez szerelem! 12 \u00e9vig voltam Veresegyh\u00e1zon u10-u21-ig foglalkoztam a fi\u00fakkal. Majd eredm\u00e9nyeim elismer\u00e9s\u00e9\u00fcl felk\u00e9rtek az Ikladi megye 3-as feln\u0151tt csapathoz edz\u0151nek.<\/p>\n<p>Mi\u00f3ta dolgozol az egyes\u00fcletben?<\/p>\n<p>Iklad ut\u00e1n ker\u00fcltem F\u00f3tra 2 \u00e9ve. K\u00f6sz\u00f6nhet\u0151en Kapit\u00e1ny Zolt\u00e1n eln\u00f6k \u00farnak, valamint Szkala S\u00e1ndor eln\u00f6khelyettes \u00far bizalm\u00e1nak. Itt kialak\u00edtottunk ki\u00f6reged\u0151 ifist\u00e1kb\u00f3l egy m\u00e1sodik feln\u0151tt csapatot, amelyik ak\u00e1r a k\u00e9s\u0151bbiekben az els\u0151 csapat haszn\u00e1ra is lehet.<\/p>\n<p>Mik a terveitek a j\u00f6v\u0151re tekintve a csapatoddal?<\/p>\n<p>Most a ny\u00e1ron vettem \u00e1t az U19-es koroszt\u00e1lyt. A fi\u00fak, akikkel most van szerencs\u00e9m foglalkozni el\u00e9g motiv\u00e1ltak \u00e9s sikerre \u00e9hesek, ez\u00e9rt rem\u00e9lem ez az eredm\u00e9nyess\u00e9gben is miel\u0151bb megmutatkozik.<br \/>\nPr\u00f3b\u00e1lok egy csal\u00e1dias k\u00f6z\u00f6ss\u00e9get kialak\u00edtani \u00e9s ebbe a csapatba v\u00e1runk m\u00e9g j\u00e1t\u00e9kosokat, hogy min\u00e9l t\u00f6bben legy\u00fcnk. Sok munka v\u00e1r a fi\u00fakra, de a sikert nem adj\u00e1k ingyen. Az egyik mott\u00f3m is \u00edgy sz\u00f3l: s\u00edrjunk \u00e9s szenvedj\u00fcnk h\u00e9tk\u00f6znap, hogy h\u00e9tv\u00e9g\u00e9n mindenki boldogan menjen haza a szeretteihez.<\/p>\n<p>Kapit\u00e1ny Domonkos kicsinek a F\u00f3t SE sz\u00edneiben ismerkedett meg a labdar\u00fag\u00e1ssal. Visszat\u00e9rt F\u00f3tra, \u00e9s kiemelked\u0151 j\u00e1t\u00e9k\u00e1val, akaraterej\u00e9vel kiv\u00edvta a hely\u00e9t az U19-es csapatban. Szente B\u00e1lint tavaly szeptember \u00f3ta j\u00e1tszik a F\u00f3t SE egyes\u00fcletn\u00e9l. Megb\u00edzhat\u00f3, igazi csapatj\u00e1t\u00e9kos.<\/p>\n<p>Mi\u00f3ta sportoltok a F\u00f3t Se labdar\u00fag\u00e1s szakoszt\u00e1ly\u00e1ban?<\/p>\n<p>Domonkos: 1 \u00e9ve, hogy visszaj\u00f6ttem a F\u00f3t Se u19-es csapat\u00e1ba. De itt kezdtem p\u00e1lyafut\u00e1som 6 \u00e9ves koromban. 2014-ben egy V\u00e1ci csapathoz igazoltam ott t\u00f6lt\u00f6ttem 7 \u00e9vet, 2021-ben Mogyor\u00f3dra igazoltam az \u00fajonnan \u00f6ssze \u00e1lt Mogyor\u00f3di KSK-F\u00d3T csapat\u00e1ba, ott t\u00f6lt\u00f6ttem f\u00e9l \u00e9vet, \u00e9s v\u00e9g\u00fcl 2021-ben ny\u00e1ron visszaj\u00f6ttem F\u00f3tra.<\/p>\n<p>B\u00e1lint: Tavaly szeptember \u00f3ta vagyok az egyes\u00fcletn\u00e9l.<\/p>\n<p>Mit szerettek legjobban az edz\u00e9seken?<\/p>\n<p>Domonkos: Az edz\u00e9seken a j\u00f3 l\u00e9gk\u00f6rt, ezen k\u00edv\u00fcl azt, hogy mindenki, aki r\u00e9szt vesz edz\u00e9sen bele teszi az energi\u00e1j\u00e1t \u00e9s pr\u00f3b\u00e1lnak fejl\u0151dni \u00edgy egy hajt\u00f3s j\u00f3 edz\u00e9s j\u00f6n l\u00e9tre.<\/p>\n<p>B\u00e1lint: Az edz\u0151nk mindig kihozza bel\u0151l\u00fcnk a maximumot. A sok fut\u00e1s seg\u00edt a kondiban \u00e9s mi\u00f3ta csin\u00e1lunk sokf\u00e9le passzol\u00f3 feladatot, sokkal jobban megy mindenkinek, ami ki is mutatkozik j\u00e1t\u00e9k k\u00f6zben.<\/p>\n<div id=\"attachment_4969\" style=\"width: 145px\" class=\"wp-caption aligncenter\"><img loading=\"lazy\" decoding=\"async\" aria-describedby=\"caption-attachment-4969\" class=\"wp-image-4969 size-medium\" src=\"https:\/\/fotsportegyesulet.hu\/wp-content\/uploads\/2022\/08\/20220802_190028-135x300.jpg\" alt=\"\" width=\"135\" height=\"300\" srcset=\"https:\/\/fotsportegyesulet.hu\/wp-content\/uploads\/2022\/08\/20220802_190028-135x300.jpg 135w, https:\/\/fotsportegyesulet.hu\/wp-content\/uploads\/2022\/08\/20220802_190028-461x1024.jpg 461w, https:\/\/fotsportegyesulet.hu\/wp-content\/uploads\/2022\/08\/20220802_190028-768x1705.jpg 768w, https:\/\/fotsportegyesulet.hu\/wp-content\/uploads\/2022\/08\/20220802_190028-692x1536.jpg 692w, https:\/\/fotsportegyesulet.hu\/wp-content\/uploads\/2022\/08\/20220802_190028-922x2048.jpg 922w, https:\/\/fotsportegyesulet.hu\/wp-content\/uploads\/2022\/08\/20220802_190028-scaled.jpg 1153w\" sizes=\"auto, (max-width: 135px) 100vw, 135px\" \/><p id=\"caption-attachment-4969\" class=\"wp-caption-text\">Kapit\u00e1ny Domonkos<\/p><\/div>\n<p>Hogyan \u00e9rt\u00e9kelitek az edz\u00e9smunk\u00e1t?<\/p>\n<p>Domonkos: A hozz\u00e1\u00e1ll\u00e1som nem volt mindig a legjobb az edz\u00e9sekhez, viszont most m\u00e1r \u00fagy \u00e9rzem, hogy \u00e9n is fejl\u0151dni szeretn\u00e9k, mint a t\u00f6bbiek, teh\u00e1t a mostani edz\u00e9smunk\u00e1m m\u00e9g fejl\u0151dhetne de \u00fagy \u00e9rzem, hogy elindultam a j\u00f3 ir\u00e1nyba.<\/p>\n<p>B\u00e1lint: Kiv\u00e1l\u00f3an &#x1f60a;<\/p>\n<p>Ki az edz\u0151t\u00f6k?<\/p>\n<p>Balogh B\u00e9la b\u00e1.<\/p>\n<p>B\u00e1lint: Mi el\u0151z\u0151 szezonban is dolgoztunk egy\u00fctt a feln\u0151tt II. csapat\u00e1n\u00e1l sz\u00f3val \u00e9n m\u00e1r ismertem mikor hozz\u00e1nk ker\u00fclt ifi-be.<\/p>\n<p>Melyik iskol\u00e1ba j\u00e1rtok?<\/p>\n<p>Domonkos: \u00c9n a F\u00f3ti Szabad Waldorf Gimn\u00e1ziumba j\u00e1rok iskol\u00e1ba, ebben az \u00e9vben 12. iskol\u00e1s \u00e9vem kezdem itt.<\/p>\n<p>B\u00e1lint: Nem j\u00e1rok iskol\u00e1ba. Dolgozom jelenleg is, viszont el\u0151z\u0151 \u00e9vben munka mellett elkezdtem egy esti iskol\u00e1t, ami szerencs\u00e9re j\u00f3l is siker\u00fclt mivel eredm\u00e9nyesen megszereztem m\u00e9g egy szakm\u00e1t j\u00faniusban. CNC Programoz\u00e1st tanultam a Ganz \u00c1brah\u00e1m\u00a0K\u00e9ttannyelv\u0171 Gyakorl\u00f3 K\u00f6z\u00e9piskola \u00e9s Szakiskol\u00e1ba<strong>.<\/strong><\/p>\n<p>Hogy f\u00e9r \u00f6ssze a tanul\u00e1s a sporttal?<\/p>\n<p>Domonkos: A tanul\u00e1s a sporttal j\u00f3l \u00f6sszef\u00e9r, mivel az edz\u00e9sek az esti \u00f3r\u00e1kban vannak \u00edgy a d\u00e9lut\u00e1nom szabad.<\/p>\n<p>B\u00e1lint: Mivel m\u00e1r nem tanulok mindenre van id\u0151m, \u00edgy a sportra is, de ha sokkal t\u00f6bb dolgom lenne egy nap akkor is szak\u00edtan\u00e9k r\u00e1 id\u0151t.<\/p>\n<p>Mik a kedvenc id\u0151t\u00f6lt\u00e9seitek?<\/p>\n<p>Domonkos: A legjobban a bar\u00e1taimmal szeretek lenni amikor nincs edz\u00e9s, esetleg elmenni valahova, vel\u00fck, vagy csak besz\u00e9lgetni.<\/p>\n<p>B\u00e1lint: Kedvenc id\u0151t\u00f6lt\u00e9sem a futball mellett m\u00e9g a sz\u00f3rakoz\u00e1s, szeretek h\u00e9tv\u00e9gente, vagy amikor nem dolgozom, kikapcsol\u00f3dni, ismer\u0151s\u00f6kkel, bar\u00e1tokkal.<\/p>\n<p>Szoktatok az edz\u00e9seken k\u00edv\u00fcl is gyakorolni?<\/p>\n<p>Domonkos: Nagyon ritk\u00e1n szoktam gyakorolni edz\u00e9sen k\u00edv\u00fcl, de ha gyakorlok akkor \u00e1ltal\u00e1ban a kapura l\u00f6v\u00e9sen, szabadr\u00fag\u00e1son van a hangs\u00faly.<\/p>\n<p>B\u00e1lint: Ha lehet\u0151s\u00e9gem ad\u00f3dik biztosan, hiszen a plusz edz\u00e9s sosem \u00e1rthat.<\/p>\n<p>Milyen felszerel\u00e9snek, l\u00e9tes\u00edtm\u00e9nynek \u00f6r\u00fcln\u00e9tek a legjobban?<\/p>\n<p>Domonkos: Nem tudn\u00e9k semmit sem mondani erre. Most lett egy \u00faj nagy m\u0171f\u0171ves p\u00e1ly\u00e1nk. Ez sokat fog seg\u00edteni a hidegebb id\u0151szakokban, amikor nem tudjuk haszn\u00e1lni a f\u00fcves p\u00e1ly\u00e1nkat.<\/p>\n<p>B\u00e1lint: Szerintem jelenleg minden\u00fcnk megvan, a vezet\u0151s\u00e9g nagyon j\u00f3 \u00e9s pr\u00f3b\u00e1l min\u00e9l t\u00f6bb mindent megadni.<\/p>\n<p>Van-e testv\u00e9red? \u0150 is sportol?<br \/>\nDomonkos: Van 2 \u00f6cs\u00e9m, az id\u0151sebbik is focizik az \u00dajpest FC csapat\u00e1ban, az u16-os koroszt\u00e1lyban. A fiatalabbik jelenleg nem sportol sehol.<\/p>\n<p>Ki a kedvenc sportol\u00f3itok, p\u00e9ldak\u00e9peitek?<\/p>\n<p>Domonkos: Nincsen kifejezetten kedvenc sportol\u00f3m vagy p\u00e9ldak\u00e9pem. K\u00fcl\u00f6nb\u00f6z\u0151 szempontokat n\u00e9zve az elsz\u00e1nts\u00e1ga miatt Cristiano Ronaldot mondan\u00e1m, de mivel \u00e9n v\u00e9d\u0151 vagyok ez\u00e9rt a k\u00f6z\u00e9ps\u0151 v\u00e9d\u0151ket szoktam n\u00e9zni legink\u00e1bb, k\u00f6z\u00f6l\u00fck ki tudn\u00e1m emleni Sergio Ramost vagy Virgil van Dijk-ot.<\/p>\n<p>B\u00e1lint: P\u00e9ldak\u00e9p konkr\u00e9tan sose volt, csak t\u00f6bb focista, akikre feln\u00e9zek. A jelenlegi focivil\u00e1gb\u00f3l pl.: Lionel Messi, Neymar, Benzema, Pedri, Darwin N\u00fa\u00f1ez.A r\u00e9gebbi focit\u00f6rt\u00e9nelemb\u0151l pedig: Pusk\u00e1s Ferenc, Maradona, Eusebio, Eto&#8217;o, Patrick Vieira.<\/p>\n<p>Szerintetek mik a legfontosabb felt\u00e9telei annak, hogy sikeres sportol\u00f3 v\u00e1lhasson bel\u0151letek?<\/p>\n<p>Domonkos: Szerintem a legfontosabb felt\u00e9tel, hogy sikeres sportol\u00f3 lehess az az adott sport ir\u00e1ny\u00e1ba val\u00f3 szereteted, kitart\u00e1sod. Ha ezek nincsenek meg akkor szerintem sokkal nehezebb lesz valakib\u0151l sikeres sportol\u00f3.<\/p>\n<p>B\u00e1lint: Al\u00e1zatoss\u00e1g, akarat, szer\u00e9nys\u00e9g. Aki akar, \u0151 fixen fejl\u0151dni fog nem kis szinten, \u00e9s amikor el\u00e9ri azt a szintet fontos, hogy esz\u00e9be legyen honnan kezdte, hogyan \u00e9p\u00edtette fel karrierj\u00e9t. Sosem szabad elsz\u00e1llni.<\/p>\n<p>A F\u00f3t sportegyes\u00fclet tudna-e t\u00f6bbet tenni az\u00e9rt, hogy megval\u00f3s\u00edtsd a terveid?<\/p>\n<p>Domonkos: Az egyes\u00fclet folyamatosan fejl\u0151dik, \u00edgy minden szempontb\u00f3l megkapom azt a seg\u00edts\u00e9get, ami nekem kell.<\/p>\n<p>B\u00e1lint: \u00dagy gondolom mindenki saj\u00e1t mag\u00e1nak tud seg\u00edteni el\u00e9rni a terveit, mivel csak \u0151 tudja igaz\u00e1n, \u00e9s \u0151 van benne a tervbe. Egy probl\u00e9ma van a mai futballal, 16 \u00e9v felett m\u00e1r nem nagyon tartanak ig\u00e9nyt az akad\u00e9mi\u00e1k j\u00e1t\u00e9kosokra, ink\u00e1bb foglalkoznak azokkal, akik ott is kezdt\u00e9k a karrierj\u00fcket. Pedig nagyon sok tehets\u00e9ges fiatal van megyei szinten is.<\/p>\n<p>Mikor \u00e9s kinek k\u00f6sz\u00f6nhet\u0151en ker\u00fclt\u00e9l kapcsolatba a F\u00f3t SE egyes\u00fclettel?<\/p>\n<p>B\u00e1lint: Szkala S\u00e1ndorral besz\u00e9ltem miut\u00e1n felk\u00f6lt\u00f6zt\u00fcnk F\u00f3tra. El\u0151tte Veszpr\u00e9m megy\u00e9ben laktunk, ott megye 1-es szinten j\u00e1tszottam Magyarpol\u00e1nyba. Nekik is sokat k\u00f6sz\u00f6nhetek mivel m\u00e9gis csak ott kezdtem, \u00e9s ott lettem egyre \u00e9s egyre jobb.<\/p>\n<div id=\"attachment_4964\" style=\"width: 145px\" class=\"wp-caption aligncenter\"><img loading=\"lazy\" decoding=\"async\" aria-describedby=\"caption-attachment-4964\" class=\"wp-image-4964 size-medium\" src=\"https:\/\/fotsportegyesulet.hu\/wp-content\/uploads\/2022\/08\/20220802_185949-135x300.jpg\" alt=\"\" width=\"135\" height=\"300\" srcset=\"https:\/\/fotsportegyesulet.hu\/wp-content\/uploads\/2022\/08\/20220802_185949-135x300.jpg 135w, https:\/\/fotsportegyesulet.hu\/wp-content\/uploads\/2022\/08\/20220802_185949-461x1024.jpg 461w, https:\/\/fotsportegyesulet.hu\/wp-content\/uploads\/2022\/08\/20220802_185949-768x1705.jpg 768w, https:\/\/fotsportegyesulet.hu\/wp-content\/uploads\/2022\/08\/20220802_185949-692x1536.jpg 692w, https:\/\/fotsportegyesulet.hu\/wp-content\/uploads\/2022\/08\/20220802_185949-922x2048.jpg 922w, https:\/\/fotsportegyesulet.hu\/wp-content\/uploads\/2022\/08\/20220802_185949-scaled.jpg 1153w\" sizes=\"auto, (max-width: 135px) 100vw, 135px\" \/><p id=\"caption-attachment-4964\" class=\"wp-caption-text\">Szente B\u00e1lint<\/p><\/div>\n<p>Mit v\u00e1rsz saj\u00e1t magadt\u00f3l a az \u0151szi szezonban?<\/p>\n<p>Domonkos: Az \u0151szi szezonban rem\u00e9lem, hogy a folyamatosan edz\u00e9s mellet fejl\u0151dni fogok \u00e9n is, \u00e9s tudom seg\u00edteni a csapatom a j\u00e1t\u00e9kommal, rem\u00e9lem minden j\u00f3l fog alakulni, \u00e9s nem fogok megs\u00e9r\u00fclni.<\/p>\n<p>B\u00e1lint: Sokkal t\u00f6bbet v\u00e1rok magamt\u00f3l, mint el\u0151z\u0151 szezonban, sokkal t\u00f6bb odafigyel\u00e9st, f\u00f3kusz\u00e1l\u00e1st \u00e9s er\u0151t szeretn\u00e9k belevinni a j\u00e1t\u00e9komba, amivel a csapatot seg\u00edthetem. Az el\u0151z\u0151 szezonom el\u00e9g gyeng\u00e9n siker\u00fclt ami\u00e9rt haragszom is magamra, most azon leszek, hogy minden m\u00e1s legyen.<\/p>\n<p>Az \u00faj jelentkez\u0151ket szeretettel v\u00e1rjuk sikerorient\u00e1lt \u00e9s j\u00f3 szellemis\u00e9g\u0171 U19-es csapatunkba. Gyertek b\u00e1tran. Hajr\u00e1 F\u00f3t!!!<\/p>\n<p>El\u00e9rhet\u0151s\u00e9g: Kapit\u00e1ny Zolt\u00e1n +36 20\u00a0932 0655<\/p>\n\n\t\t<style type=\"text\/css\">\n\t\t\t#gallery-1 {\n\t\t\t\tmargin: auto;\n\t\t\t}\n\t\t\t#gallery-1 .gallery-item {\n\t\t\t\tfloat: left;\n\t\t\t\tmargin-top: 10px;\n\t\t\t\ttext-align: center;\n\t\t\t\twidth: 33%;\n\t\t\t}\n\t\t\t#gallery-1 img {\n\t\t\t\tborder: 2px solid #cfcfcf;\n\t\t\t}\n\t\t\t#gallery-1 .gallery-caption {\n\t\t\t\tmargin-left: 0;\n\t\t\t}\n\t\t\t\/* see gallery_shortcode() in wp-includes\/media.php *\/\n\t\t<\/style>\n\t\t<div id='gallery-1' class='gallery galleryid-4960 gallery-columns-3 gallery-size-thumbnail'><dl class='gallery-item'>\n\t\t\t<dt class='gallery-icon portrait'>\n\t\t\t\t<a href='https:\/\/fotsportegyesulet.hu\/index.php\/2022\/08\/07\/interju-az-u19-csapat-edzojevel-es-ket-csapattaggal\/20220802_190416\/'><img loading=\"lazy\" decoding=\"async\" width=\"150\" height=\"150\" src=\"https:\/\/fotsportegyesulet.hu\/wp-content\/uploads\/2022\/08\/20220802_190416-150x150.jpg\" class=\"attachment-thumbnail size-thumbnail\" alt=\"\" aria-describedby=\"gallery-1-4984\" srcset=\"https:\/\/fotsportegyesulet.hu\/wp-content\/uploads\/2022\/08\/20220802_190416-150x150.jpg 150w, https:\/\/fotsportegyesulet.hu\/wp-content\/uploads\/2022\/08\/20220802_190416-600x600.jpg 600w\" sizes=\"auto, (max-width: 150px) 100vw, 150px\" \/><\/a>\n\t\t\t<\/dt>\n\t\t\t\t<dd class='wp-caption-text gallery-caption' id='gallery-1-4984'>\n\t\t\t\tSzente B\u00e1lint, Balogh B\u00e9la, Kapit\u00e1ny Domonkos\n\t\t\t\t<\/dd><\/dl><dl class='gallery-item'>\n\t\t\t<dt class='gallery-icon portrait'>\n\t\t\t\t<a href='https:\/\/fotsportegyesulet.hu\/index.php\/2022\/08\/07\/interju-az-u19-csapat-edzojevel-es-ket-csapattaggal\/20220802_191650\/'><img loading=\"lazy\" decoding=\"async\" width=\"150\" height=\"150\" src=\"https:\/\/fotsportegyesulet.hu\/wp-content\/uploads\/2022\/08\/20220802_191650-150x150.jpg\" class=\"attachment-thumbnail size-thumbnail\" alt=\"\" aria-describedby=\"gallery-1-4981\" srcset=\"https:\/\/fotsportegyesulet.hu\/wp-content\/uploads\/2022\/08\/20220802_191650-150x150.jpg 150w, https:\/\/fotsportegyesulet.hu\/wp-content\/uploads\/2022\/08\/20220802_191650-600x600.jpg 600w\" sizes=\"auto, (max-width: 150px) 100vw, 150px\" \/><\/a>\n\t\t\t<\/dt>\n\t\t\t\t<dd class='wp-caption-text gallery-caption' id='gallery-1-4981'>\n\t\t\t\tBalogh B\u00e9la\n\t\t\t\t<\/dd><\/dl><dl class='gallery-item'>\n\t\t\t<dt class='gallery-icon portrait'>\n\t\t\t\t<a href='https:\/\/fotsportegyesulet.hu\/index.php\/2022\/08\/07\/interju-az-u19-csapat-edzojevel-es-ket-csapattaggal\/20220802_191624\/'><img loading=\"lazy\" decoding=\"async\" width=\"150\" height=\"150\" src=\"https:\/\/fotsportegyesulet.hu\/wp-content\/uploads\/2022\/08\/20220802_191624-150x150.jpg\" class=\"attachment-thumbnail size-thumbnail\" alt=\"\" aria-describedby=\"gallery-1-4980\" srcset=\"https:\/\/fotsportegyesulet.hu\/wp-content\/uploads\/2022\/08\/20220802_191624-150x150.jpg 150w, https:\/\/fotsportegyesulet.hu\/wp-content\/uploads\/2022\/08\/20220802_191624-600x600.jpg 600w\" sizes=\"auto, (max-width: 150px) 100vw, 150px\" \/><\/a>\n\t\t\t<\/dt>\n\t\t\t\t<dd class='wp-caption-text gallery-caption' id='gallery-1-4980'>\n\t\t\t\tU19 edz\u00e9s\n\t\t\t\t<\/dd><\/dl><br style=\"clear: both\" \/><dl class='gallery-item'>\n\t\t\t<dt class='gallery-icon portrait'>\n\t\t\t\t<a href='https:\/\/fotsportegyesulet.hu\/index.php\/2022\/08\/07\/interju-az-u19-csapat-edzojevel-es-ket-csapattaggal\/20220802_191550\/'><img loading=\"lazy\" decoding=\"async\" width=\"150\" height=\"150\" src=\"https:\/\/fotsportegyesulet.hu\/wp-content\/uploads\/2022\/08\/20220802_191550-150x150.jpg\" class=\"attachment-thumbnail size-thumbnail\" alt=\"\" aria-describedby=\"gallery-1-4979\" srcset=\"https:\/\/fotsportegyesulet.hu\/wp-content\/uploads\/2022\/08\/20220802_191550-150x150.jpg 150w, https:\/\/fotsportegyesulet.hu\/wp-content\/uploads\/2022\/08\/20220802_191550-600x600.jpg 600w\" sizes=\"auto, (max-width: 150px) 100vw, 150px\" \/><\/a>\n\t\t\t<\/dt>\n\t\t\t\t<dd class='wp-caption-text gallery-caption' id='gallery-1-4979'>\n\t\t\t\tU19 edz\u00e9s\n\t\t\t\t<\/dd><\/dl><dl class='gallery-item'>\n\t\t\t<dt class='gallery-icon portrait'>\n\t\t\t\t<a href='https:\/\/fotsportegyesulet.hu\/index.php\/2022\/08\/07\/interju-az-u19-csapat-edzojevel-es-ket-csapattaggal\/20220802_191508\/'><img loading=\"lazy\" decoding=\"async\" width=\"150\" height=\"150\" src=\"https:\/\/fotsportegyesulet.hu\/wp-content\/uploads\/2022\/08\/20220802_191508-150x150.jpg\" class=\"attachment-thumbnail size-thumbnail\" alt=\"\" aria-describedby=\"gallery-1-4976\" srcset=\"https:\/\/fotsportegyesulet.hu\/wp-content\/uploads\/2022\/08\/20220802_191508-150x150.jpg 150w, https:\/\/fotsportegyesulet.hu\/wp-content\/uploads\/2022\/08\/20220802_191508-600x600.jpg 600w\" sizes=\"auto, (max-width: 150px) 100vw, 150px\" \/><\/a>\n\t\t\t<\/dt>\n\t\t\t\t<dd class='wp-caption-text gallery-caption' id='gallery-1-4976'>\n\t\t\t\tU 19 edz\u00e9s\n\t\t\t\t<\/dd><\/dl><dl class='gallery-item'>\n\t\t\t<dt class='gallery-icon portrait'>\n\t\t\t\t<a href='https:\/\/fotsportegyesulet.hu\/index.php\/2022\/08\/07\/interju-az-u19-csapat-edzojevel-es-ket-csapattaggal\/20220802_191505\/'><img loading=\"lazy\" decoding=\"async\" width=\"150\" height=\"150\" src=\"https:\/\/fotsportegyesulet.hu\/wp-content\/uploads\/2022\/08\/20220802_191505-150x150.jpg\" class=\"attachment-thumbnail size-thumbnail\" alt=\"\" aria-describedby=\"gallery-1-4975\" srcset=\"https:\/\/fotsportegyesulet.hu\/wp-content\/uploads\/2022\/08\/20220802_191505-150x150.jpg 150w, https:\/\/fotsportegyesulet.hu\/wp-content\/uploads\/2022\/08\/20220802_191505-600x600.jpg 600w\" sizes=\"auto, (max-width: 150px) 100vw, 150px\" \/><\/a>\n\t\t\t<\/dt>\n\t\t\t\t<dd class='wp-caption-text gallery-caption' id='gallery-1-4975'>\n\t\t\t\tU19 edz\u00e9s\n\t\t\t\t<\/dd><\/dl><br style=\"clear: both\" \/><dl class='gallery-item'>\n\t\t\t<dt class='gallery-icon portrait'>\n\t\t\t\t<a href='https:\/\/fotsportegyesulet.hu\/index.php\/2022\/08\/07\/interju-az-u19-csapat-edzojevel-es-ket-csapattaggal\/20220802_190027\/'><img loading=\"lazy\" decoding=\"async\" width=\"150\" height=\"150\" src=\"https:\/\/fotsportegyesulet.hu\/wp-content\/uploads\/2022\/08\/20220802_190027-150x150.jpg\" class=\"attachment-thumbnail size-thumbnail\" alt=\"\" aria-describedby=\"gallery-1-4968\" srcset=\"https:\/\/fotsportegyesulet.hu\/wp-content\/uploads\/2022\/08\/20220802_190027-150x150.jpg 150w, https:\/\/fotsportegyesulet.hu\/wp-content\/uploads\/2022\/08\/20220802_190027-600x600.jpg 600w\" sizes=\"auto, (max-width: 150px) 100vw, 150px\" \/><\/a>\n\t\t\t<\/dt>\n\t\t\t\t<dd class='wp-caption-text gallery-caption' id='gallery-1-4968'>\n\t\t\t\tKapit\u00e1ny Domonkos\n\t\t\t\t<\/dd><\/dl><dl class='gallery-item'>\n\t\t\t<dt class='gallery-icon portrait'>\n\t\t\t\t<a href='https:\/\/fotsportegyesulet.hu\/index.php\/2022\/08\/07\/interju-az-u19-csapat-edzojevel-es-ket-csapattaggal\/20220802_185948\/'><img loading=\"lazy\" decoding=\"async\" width=\"150\" height=\"150\" src=\"https:\/\/fotsportegyesulet.hu\/wp-content\/uploads\/2022\/08\/20220802_185948-150x150.jpg\" class=\"attachment-thumbnail size-thumbnail\" alt=\"\" aria-describedby=\"gallery-1-4963\" srcset=\"https:\/\/fotsportegyesulet.hu\/wp-content\/uploads\/2022\/08\/20220802_185948-150x150.jpg 150w, https:\/\/fotsportegyesulet.hu\/wp-content\/uploads\/2022\/08\/20220802_185948-600x600.jpg 600w\" sizes=\"auto, (max-width: 150px) 100vw, 150px\" \/><\/a>\n\t\t\t<\/dt>\n\t\t\t\t<dd class='wp-caption-text gallery-caption' id='gallery-1-4963'>\n\t\t\t\tSzente B\u00e1lint\n\t\t\t\t<\/dd><\/dl><dl class='gallery-item'>\n\t\t\t<dt class='gallery-icon portrait'>\n\t\t\t\t<a href='https:\/\/fotsportegyesulet.hu\/index.php\/2022\/08\/07\/interju-az-u19-csapat-edzojevel-es-ket-csapattaggal\/20220802_191500\/'><img loading=\"lazy\" decoding=\"async\" width=\"150\" height=\"150\" src=\"https:\/\/fotsportegyesulet.hu\/wp-content\/uploads\/2022\/08\/20220802_191500-150x150.jpg\" class=\"attachment-thumbnail size-thumbnail\" alt=\"\" aria-describedby=\"gallery-1-4972\" srcset=\"https:\/\/fotsportegyesulet.hu\/wp-content\/uploads\/2022\/08\/20220802_191500-150x150.jpg 150w, https:\/\/fotsportegyesulet.hu\/wp-content\/uploads\/2022\/08\/20220802_191500-600x600.jpg 600w\" sizes=\"auto, (max-width: 150px) 100vw, 150px\" \/><\/a>\n\t\t\t<\/dt>\n\t\t\t\t<dd class='wp-caption-text gallery-caption' id='gallery-1-4972'>\n\t\t\t\tU19 edz\u00e9s\n\t\t\t\t<\/dd><\/dl><br style=\"clear: both\" \/>\n\t\t<\/div>\n\n","protected":false},"excerpt":{"rendered":"<p>Balogh B\u00e9la edz\u0151vel, Kapit\u00e1ny Domonkossal \u00e9s Szente B\u00e1linttal  k\u00e9sz\u00edtett\u00fcnk egy szuper interj\u00fat.<\/p>\n","protected":false},"author":3,"featured_media":4982,"comment_status":"closed","ping_status":"open","sticky":false,"template":"","format":"standard","meta":{"_bbp_topic_count":0,"_bbp_reply_count":0,"_bbp_total_topic_count":0,"_bbp_total_reply_count":0,"_bbp_voice_count":0,"_bbp_anonymous_reply_count":0,"_bbp_topic_count_hidden":0,"_bbp_reply_count_hidden":0,"_bbp_forum_subforum_count":0,"_price":"","_stock":"","_tribe_ticket_header":"","_tribe_default_ticket_provider":"","_ticket_start_date":"","_ticket_end_date":"","_tribe_ticket_show_description":"","_tribe_ticket_show_not_going":false,"_tribe_ticket_use_global_stock":"","_tribe_ticket_global_stock_level":"","_global_stock_mode":"","_global_stock_cap":"","_tribe_rsvp_for_event":"","_tribe_ticket_going_count":"","_tribe_ticket_not_going_count":"","_tribe_tickets_list":"[]","_tribe_ticket_has_attendee_info_fields":false,"footnotes":""},"categories":[1],"tags":[120,89,130],"class_list":["post-4960","post","type-post","status-publish","format-standard","has-post-thumbnail","hentry","category-hirek","tag-csapat","tag-labdarugas","tag-u19"],"yoast_head":"<!-- This site is optimized with the Yoast SEO plugin v25.7 - https:\/\/yoast.com\/wordpress\/plugins\/seo\/ -->\n<title>Interj\u00fa az U19 csapat edz\u0151j\u00e9vel, \u00e9s k\u00e9t csapattaggal - F\u00d3T SPORTEGYES\u00dcLET<\/title>\n<meta name=\"robots\" content=\"index, follow, max-snippet:-1, max-image-preview:large, max-video-preview:-1\" \/>\n<link rel=\"canonical\" href=\"https:\/\/fotsportegyesulet.hu\/index.php\/2022\/08\/07\/interju-az-u19-csapat-edzojevel-es-ket-csapattaggal\/\" \/>\n<meta property=\"og:locale\" content=\"hu_HU\" \/>\n<meta property=\"og:type\" content=\"article\" \/>\n<meta property=\"og:title\" content=\"Interj\u00fa az U19 csapat edz\u0151j\u00e9vel, \u00e9s k\u00e9t csapattaggal - F\u00d3T SPORTEGYES\u00dcLET\" \/>\n<meta property=\"og:description\" content=\"Balogh B\u00e9la edz\u0151vel, Kapit\u00e1ny Domonkossal \u00e9s Szente B\u00e1linttal k\u00e9sz\u00edtett\u00fcnk egy szuper interj\u00fat.\" \/>\n<meta property=\"og:url\" content=\"https:\/\/fotsportegyesulet.hu\/index.php\/2022\/08\/07\/interju-az-u19-csapat-edzojevel-es-ket-csapattaggal\/\" \/>\n<meta property=\"og:site_name\" content=\"F\u00d3T SPORTEGYES\u00dcLET\" \/>\n<meta property=\"article:publisher\" content=\"https:\/\/www.facebook.com\/fotsportegyesulet\/\" \/>\n<meta property=\"article:published_time\" content=\"2022-08-07T19:39:58+00:00\" \/>\n<meta property=\"article:modified_time\" content=\"2022-08-07T19:42:36+00:00\" \/>\n<meta property=\"og:image\" content=\"https:\/\/fotsportegyesulet.hu\/wp-content\/uploads\/2022\/08\/Kiemelt-kep.jpg\" \/>\n\t<meta property=\"og:image:width\" content=\"956\" \/>\n\t<meta property=\"og:image:height\" content=\"455\" \/>\n\t<meta property=\"og:image:type\" content=\"image\/jpeg\" \/>\n<meta name=\"author\" content=\"F\u00f3t SE\" \/>\n<meta name=\"twitter:card\" content=\"summary_large_image\" \/>\n<meta name=\"twitter:label1\" content=\"Szerz\u0151:\" \/>\n\t<meta name=\"twitter:data1\" content=\"F\u00f3t SE\" \/>\n\t<meta name=\"twitter:label2\" content=\"Becs\u00fclt olvas\u00e1si id\u0151\" \/>\n\t<meta name=\"twitter:data2\" content=\"7 perc\" \/>\n<script type=\"application\/ld+json\" class=\"yoast-schema-graph\">{\"@context\":\"https:\/\/schema.org\",\"@graph\":[{\"@type\":\"Article\",\"@id\":\"https:\/\/fotsportegyesulet.hu\/index.php\/2022\/08\/07\/interju-az-u19-csapat-edzojevel-es-ket-csapattaggal\/#article\",\"isPartOf\":{\"@id\":\"https:\/\/fotsportegyesulet.hu\/index.php\/2022\/08\/07\/interju-az-u19-csapat-edzojevel-es-ket-csapattaggal\/\"},\"author\":{\"name\":\"F\u00f3t SE\",\"@id\":\"https:\/\/fotsportegyesulet.hu\/#\/schema\/person\/8750ccb3a5183172b75dcc348ffbdbb1\"},\"headline\":\"Interj\u00fa az U19 csapat edz\u0151j\u00e9vel, \u00e9s k\u00e9t csapattaggal\",\"datePublished\":\"2022-08-07T19:39:58+00:00\",\"dateModified\":\"2022-08-07T19:42:36+00:00\",\"mainEntityOfPage\":{\"@id\":\"https:\/\/fotsportegyesulet.hu\/index.php\/2022\/08\/07\/interju-az-u19-csapat-edzojevel-es-ket-csapattaggal\/\"},\"wordCount\":1697,\"publisher\":{\"@id\":\"https:\/\/fotsportegyesulet.hu\/#organization\"},\"image\":{\"@id\":\"https:\/\/fotsportegyesulet.hu\/index.php\/2022\/08\/07\/interju-az-u19-csapat-edzojevel-es-ket-csapattaggal\/#primaryimage\"},\"thumbnailUrl\":\"https:\/\/fotsportegyesulet.hu\/wp-content\/uploads\/2022\/08\/Kiemelt-kep.jpg\",\"keywords\":[\"csapat\",\"labdar\u00fag\u00e1s\",\"U19\"],\"articleSection\":[\"H\u00edrek\"],\"inLanguage\":\"hu\"},{\"@type\":\"WebPage\",\"@id\":\"https:\/\/fotsportegyesulet.hu\/index.php\/2022\/08\/07\/interju-az-u19-csapat-edzojevel-es-ket-csapattaggal\/\",\"url\":\"https:\/\/fotsportegyesulet.hu\/index.php\/2022\/08\/07\/interju-az-u19-csapat-edzojevel-es-ket-csapattaggal\/\",\"name\":\"Interj\u00fa az U19 csapat edz\u0151j\u00e9vel, \u00e9s k\u00e9t csapattaggal - F\u00d3T SPORTEGYES\u00dcLET\",\"isPartOf\":{\"@id\":\"https:\/\/fotsportegyesulet.hu\/#website\"},\"primaryImageOfPage\":{\"@id\":\"https:\/\/fotsportegyesulet.hu\/index.php\/2022\/08\/07\/interju-az-u19-csapat-edzojevel-es-ket-csapattaggal\/#primaryimage\"},\"image\":{\"@id\":\"https:\/\/fotsportegyesulet.hu\/index.php\/2022\/08\/07\/interju-az-u19-csapat-edzojevel-es-ket-csapattaggal\/#primaryimage\"},\"thumbnailUrl\":\"https:\/\/fotsportegyesulet.hu\/wp-content\/uploads\/2022\/08\/Kiemelt-kep.jpg\",\"datePublished\":\"2022-08-07T19:39:58+00:00\",\"dateModified\":\"2022-08-07T19:42:36+00:00\",\"breadcrumb\":{\"@id\":\"https:\/\/fotsportegyesulet.hu\/index.php\/2022\/08\/07\/interju-az-u19-csapat-edzojevel-es-ket-csapattaggal\/#breadcrumb\"},\"inLanguage\":\"hu\",\"potentialAction\":[{\"@type\":\"ReadAction\",\"target\":[\"https:\/\/fotsportegyesulet.hu\/index.php\/2022\/08\/07\/interju-az-u19-csapat-edzojevel-es-ket-csapattaggal\/\"]}]},{\"@type\":\"ImageObject\",\"inLanguage\":\"hu\",\"@id\":\"https:\/\/fotsportegyesulet.hu\/index.php\/2022\/08\/07\/interju-az-u19-csapat-edzojevel-es-ket-csapattaggal\/#primaryimage\",\"url\":\"https:\/\/fotsportegyesulet.hu\/wp-content\/uploads\/2022\/08\/Kiemelt-kep.jpg\",\"contentUrl\":\"https:\/\/fotsportegyesulet.hu\/wp-content\/uploads\/2022\/08\/Kiemelt-kep.jpg\",\"width\":956,\"height\":455},{\"@type\":\"BreadcrumbList\",\"@id\":\"https:\/\/fotsportegyesulet.hu\/index.php\/2022\/08\/07\/interju-az-u19-csapat-edzojevel-es-ket-csapattaggal\/#breadcrumb\",\"itemListElement\":[{\"@type\":\"ListItem\",\"position\":1,\"name\":\"Kezd\u0151lap\",\"item\":\"https:\/\/fotsportegyesulet.hu\/\"},{\"@type\":\"ListItem\",\"position\":2,\"name\":\"Interj\u00fa az U19 csapat edz\u0151j\u00e9vel, \u00e9s k\u00e9t csapattaggal\"}]},{\"@type\":\"WebSite\",\"@id\":\"https:\/\/fotsportegyesulet.hu\/#website\",\"url\":\"https:\/\/fotsportegyesulet.hu\/\",\"name\":\"F\u00d3T SPORTEGYES\u00dcLET\",\"description\":\"\",\"publisher\":{\"@id\":\"https:\/\/fotsportegyesulet.hu\/#organization\"},\"potentialAction\":[{\"@type\":\"SearchAction\",\"target\":{\"@type\":\"EntryPoint\",\"urlTemplate\":\"https:\/\/fotsportegyesulet.hu\/?s={search_term_string}\"},\"query-input\":{\"@type\":\"PropertyValueSpecification\",\"valueRequired\":true,\"valueName\":\"search_term_string\"}}],\"inLanguage\":\"hu\"},{\"@type\":\"Organization\",\"@id\":\"https:\/\/fotsportegyesulet.hu\/#organization\",\"name\":\"F\u00f3t Sportegyes\u00fclet\",\"url\":\"https:\/\/fotsportegyesulet.hu\/\",\"logo\":{\"@type\":\"ImageObject\",\"inLanguage\":\"hu\",\"@id\":\"https:\/\/fotsportegyesulet.hu\/#\/schema\/logo\/image\/\",\"url\":\"https:\/\/fotsportegyesulet.hu\/wp-content\/uploads\/2020\/07\/eredeti-sz\u00ednes-vektoros-Fot-cimer-3.png\",\"contentUrl\":\"https:\/\/fotsportegyesulet.hu\/wp-content\/uploads\/2020\/07\/eredeti-sz\u00ednes-vektoros-Fot-cimer-3.png\",\"width\":500,\"height\":500,\"caption\":\"F\u00f3t Sportegyes\u00fclet\"},\"image\":{\"@id\":\"https:\/\/fotsportegyesulet.hu\/#\/schema\/logo\/image\/\"},\"sameAs\":[\"https:\/\/www.facebook.com\/fotsportegyesulet\/\"]},{\"@type\":\"Person\",\"@id\":\"https:\/\/fotsportegyesulet.hu\/#\/schema\/person\/8750ccb3a5183172b75dcc348ffbdbb1\",\"name\":\"F\u00f3t SE\",\"image\":{\"@type\":\"ImageObject\",\"inLanguage\":\"hu\",\"@id\":\"https:\/\/fotsportegyesulet.hu\/#\/schema\/person\/image\/\",\"url\":\"https:\/\/secure.gravatar.com\/avatar\/2f768bb7a490a49aeb2ccaf4bacc94391bbafd4b6aa54eb6f9318ffc80d81dad?s=96&d=mm&r=g\",\"contentUrl\":\"https:\/\/secure.gravatar.com\/avatar\/2f768bb7a490a49aeb2ccaf4bacc94391bbafd4b6aa54eb6f9318ffc80d81dad?s=96&d=mm&r=g\",\"caption\":\"F\u00f3t SE\"},\"sameAs\":[\"http:\/\/fotsportegyesulet.hu\"],\"url\":\"https:\/\/fotsportegyesulet.hu\/index.php\/author\/kapitany-zoltan\/\"}]}<\/script>\n<!-- \/ Yoast SEO plugin. -->","yoast_head_json":{"title":"Interj\u00fa az U19 csapat edz\u0151j\u00e9vel, \u00e9s k\u00e9t csapattaggal - F\u00d3T SPORTEGYES\u00dcLET","robots":{"index":"index","follow":"follow","max-snippet":"max-snippet:-1","max-image-preview":"max-image-preview:large","max-video-preview":"max-video-preview:-1"},"canonical":"https:\/\/fotsportegyesulet.hu\/index.php\/2022\/08\/07\/interju-az-u19-csapat-edzojevel-es-ket-csapattaggal\/","og_locale":"hu_HU","og_type":"article","og_title":"Interj\u00fa az U19 csapat edz\u0151j\u00e9vel, \u00e9s k\u00e9t csapattaggal - F\u00d3T SPORTEGYES\u00dcLET","og_description":"Balogh B\u00e9la edz\u0151vel, Kapit\u00e1ny Domonkossal \u00e9s Szente B\u00e1linttal k\u00e9sz\u00edtett\u00fcnk egy szuper interj\u00fat.","og_url":"https:\/\/fotsportegyesulet.hu\/index.php\/2022\/08\/07\/interju-az-u19-csapat-edzojevel-es-ket-csapattaggal\/","og_site_name":"F\u00d3T SPORTEGYES\u00dcLET","article_publisher":"https:\/\/www.facebook.com\/fotsportegyesulet\/","article_published_time":"2022-08-07T19:39:58+00:00","article_modified_time":"2022-08-07T19:42:36+00:00","og_image":[{"width":956,"height":455,"url":"https:\/\/fotsportegyesulet.hu\/wp-content\/uploads\/2022\/08\/Kiemelt-kep.jpg","type":"image\/jpeg"}],"author":"F\u00f3t SE","twitter_card":"summary_large_image","twitter_misc":{"Szerz\u0151:":"F\u00f3t SE","Becs\u00fclt olvas\u00e1si id\u0151":"7 perc"},"schema":{"@context":"https:\/\/schema.org","@graph":[{"@type":"Article","@id":"https:\/\/fotsportegyesulet.hu\/index.php\/2022\/08\/07\/interju-az-u19-csapat-edzojevel-es-ket-csapattaggal\/#article","isPartOf":{"@id":"https:\/\/fotsportegyesulet.hu\/index.php\/2022\/08\/07\/interju-az-u19-csapat-edzojevel-es-ket-csapattaggal\/"},"author":{"name":"F\u00f3t SE","@id":"https:\/\/fotsportegyesulet.hu\/#\/schema\/person\/8750ccb3a5183172b75dcc348ffbdbb1"},"headline":"Interj\u00fa az U19 csapat edz\u0151j\u00e9vel, \u00e9s k\u00e9t csapattaggal","datePublished":"2022-08-07T19:39:58+00:00","dateModified":"2022-08-07T19:42:36+00:00","mainEntityOfPage":{"@id":"https:\/\/fotsportegyesulet.hu\/index.php\/2022\/08\/07\/interju-az-u19-csapat-edzojevel-es-ket-csapattaggal\/"},"wordCount":1697,"publisher":{"@id":"https:\/\/fotsportegyesulet.hu\/#organization"},"image":{"@id":"https:\/\/fotsportegyesulet.hu\/index.php\/2022\/08\/07\/interju-az-u19-csapat-edzojevel-es-ket-csapattaggal\/#primaryimage"},"thumbnailUrl":"https:\/\/fotsportegyesulet.hu\/wp-content\/uploads\/2022\/08\/Kiemelt-kep.jpg","keywords":["csapat","labdar\u00fag\u00e1s","U19"],"articleSection":["H\u00edrek"],"inLanguage":"hu"},{"@type":"WebPage","@id":"https:\/\/fotsportegyesulet.hu\/index.php\/2022\/08\/07\/interju-az-u19-csapat-edzojevel-es-ket-csapattaggal\/","url":"https:\/\/fotsportegyesulet.hu\/index.php\/2022\/08\/07\/interju-az-u19-csapat-edzojevel-es-ket-csapattaggal\/","name":"Interj\u00fa az U19 csapat edz\u0151j\u00e9vel, \u00e9s k\u00e9t csapattaggal - F\u00d3T SPORTEGYES\u00dcLET","isPartOf":{"@id":"https:\/\/fotsportegyesulet.hu\/#website"},"primaryImageOfPage":{"@id":"https:\/\/fotsportegyesulet.hu\/index.php\/2022\/08\/07\/interju-az-u19-csapat-edzojevel-es-ket-csapattaggal\/#primaryimage"},"image":{"@id":"https:\/\/fotsportegyesulet.hu\/index.php\/2022\/08\/07\/interju-az-u19-csapat-edzojevel-es-ket-csapattaggal\/#primaryimage"},"thumbnailUrl":"https:\/\/fotsportegyesulet.hu\/wp-content\/uploads\/2022\/08\/Kiemelt-kep.jpg","datePublished":"2022-08-07T19:39:58+00:00","dateModified":"2022-08-07T19:42:36+00:00","breadcrumb":{"@id":"https:\/\/fotsportegyesulet.hu\/index.php\/2022\/08\/07\/interju-az-u19-csapat-edzojevel-es-ket-csapattaggal\/#breadcrumb"},"inLanguage":"hu","potentialAction":[{"@type":"ReadAction","target":["https:\/\/fotsportegyesulet.hu\/index.php\/2022\/08\/07\/interju-az-u19-csapat-edzojevel-es-ket-csapattaggal\/"]}]},{"@type":"ImageObject","inLanguage":"hu","@id":"https:\/\/fotsportegyesulet.hu\/index.php\/2022\/08\/07\/interju-az-u19-csapat-edzojevel-es-ket-csapattaggal\/#primaryimage","url":"https:\/\/fotsportegyesulet.hu\/wp-content\/uploads\/2022\/08\/Kiemelt-kep.jpg","contentUrl":"https:\/\/fotsportegyesulet.hu\/wp-content\/uploads\/2022\/08\/Kiemelt-kep.jpg","width":956,"height":455},{"@type":"BreadcrumbList","@id":"https:\/\/fotsportegyesulet.hu\/index.php\/2022\/08\/07\/interju-az-u19-csapat-edzojevel-es-ket-csapattaggal\/#breadcrumb","itemListElement":[{"@type":"ListItem","position":1,"name":"Kezd\u0151lap","item":"https:\/\/fotsportegyesulet.hu\/"},{"@type":"ListItem","position":2,"name":"Interj\u00fa az U19 csapat edz\u0151j\u00e9vel, \u00e9s k\u00e9t csapattaggal"}]},{"@type":"WebSite","@id":"https:\/\/fotsportegyesulet.hu\/#website","url":"https:\/\/fotsportegyesulet.hu\/","name":"F\u00d3T SPORTEGYES\u00dcLET","description":"","publisher":{"@id":"https:\/\/fotsportegyesulet.hu\/#organization"},"potentialAction":[{"@type":"SearchAction","target":{"@type":"EntryPoint","urlTemplate":"https:\/\/fotsportegyesulet.hu\/?s={search_term_string}"},"query-input":{"@type":"PropertyValueSpecification","valueRequired":true,"valueName":"search_term_string"}}],"inLanguage":"hu"},{"@type":"Organization","@id":"https:\/\/fotsportegyesulet.hu\/#organization","name":"F\u00f3t Sportegyes\u00fclet","url":"https:\/\/fotsportegyesulet.hu\/","logo":{"@type":"ImageObject","inLanguage":"hu","@id":"https:\/\/fotsportegyesulet.hu\/#\/schema\/logo\/image\/","url":"https:\/\/fotsportegyesulet.hu\/wp-content\/uploads\/2020\/07\/eredeti-sz\u00ednes-vektoros-Fot-cimer-3.png","contentUrl":"https:\/\/fotsportegyesulet.hu\/wp-content\/uploads\/2020\/07\/eredeti-sz\u00ednes-vektoros-Fot-cimer-3.png","width":500,"height":500,"caption":"F\u00f3t Sportegyes\u00fclet"},"image":{"@id":"https:\/\/fotsportegyesulet.hu\/#\/schema\/logo\/image\/"},"sameAs":["https:\/\/www.facebook.com\/fotsportegyesulet\/"]},{"@type":"Person","@id":"https:\/\/fotsportegyesulet.hu\/#\/schema\/person\/8750ccb3a5183172b75dcc348ffbdbb1","name":"F\u00f3t SE","image":{"@type":"ImageObject","inLanguage":"hu","@id":"https:\/\/fotsportegyesulet.hu\/#\/schema\/person\/image\/","url":"https:\/\/secure.gravatar.com\/avatar\/2f768bb7a490a49aeb2ccaf4bacc94391bbafd4b6aa54eb6f9318ffc80d81dad?s=96&d=mm&r=g","contentUrl":"https:\/\/secure.gravatar.com\/avatar\/2f768bb7a490a49aeb2ccaf4bacc94391bbafd4b6aa54eb6f9318ffc80d81dad?s=96&d=mm&r=g","caption":"F\u00f3t SE"},"sameAs":["http:\/\/fotsportegyesulet.hu"],"url":"https:\/\/fotsportegyesulet.hu\/index.php\/author\/kapitany-zoltan\/"}]}},"_links":{"self":[{"href":"https:\/\/fotsportegyesulet.hu\/index.php\/wp-json\/wp\/v2\/posts\/4960","targetHints":{"allow":["GET"]}}],"collection":[{"href":"https:\/\/fotsportegyesulet.hu\/index.php\/wp-json\/wp\/v2\/posts"}],"about":[{"href":"https:\/\/fotsportegyesulet.hu\/index.php\/wp-json\/wp\/v2\/types\/post"}],"author":[{"embeddable":true,"href":"https:\/\/fotsportegyesulet.hu\/index.php\/wp-json\/wp\/v2\/users\/3"}],"replies":[{"embeddable":true,"href":"https:\/\/fotsportegyesulet.hu\/index.php\/wp-json\/wp\/v2\/comments?post=4960"}],"version-history":[{"count":8,"href":"https:\/\/fotsportegyesulet.hu\/index.php\/wp-json\/wp\/v2\/posts\/4960\/revisions"}],"predecessor-version":[{"id":4991,"href":"https:\/\/fotsportegyesulet.hu\/index.php\/wp-json\/wp\/v2\/posts\/4960\/revisions\/4991"}],"wp:featuredmedia":[{"embeddable":true,"href":"https:\/\/fotsportegyesulet.hu\/index.php\/wp-json\/wp\/v2\/media\/4982"}],"wp:attachment":[{"href":"https:\/\/fotsportegyesulet.hu\/index.php\/wp-json\/wp\/v2\/media?parent=4960"}],"wp:term":[{"taxonomy":"category","embeddable":true,"href":"https:\/\/fotsportegyesulet.hu\/index.php\/wp-json\/wp\/v2\/categories?post=4960"},{"taxonomy":"post_tag","embeddable":true,"href":"https:\/\/fotsportegyesulet.hu\/index.php\/wp-json\/wp\/v2\/tags?post=4960"}],"curies":[{"name":"wp","href":"https:\/\/api.w.org\/{rel}","templated":true}]}}