{"id":4914,"date":"2022-08-01T17:47:09","date_gmt":"2022-08-01T15:47:09","guid":{"rendered":"https:\/\/fotsportegyesulet.hu\/?p=4914"},"modified":"2022-08-01T18:04:22","modified_gmt":"2022-08-01T16:04:22","slug":"interju-szkala-sandorral-a-fot-sportegyesulet-alelnokevel-es-a-labdarugo-szakosztalyanak-vezetojevel","status":"publish","type":"post","link":"https:\/\/fotsportegyesulet.hu\/index.php\/2022\/08\/01\/interju-szkala-sandorral-a-fot-sportegyesulet-alelnokevel-es-a-labdarugo-szakosztalyanak-vezetojevel\/","title":{"rendered":"Interj\u00fa Szkala S\u00e1ndorral"},"content":{"rendered":"<p>Mes\u00e9ln\u00e9l k\u00e9rlek magadr\u00f3l egy p\u00e1r mondatban, hogy jobban megismerj\u00fcnk?<\/p>\n<p>Szkala\u00a0S\u00e1ndor vagyok a F\u00f3t Sportegyes\u00fclet aleln\u00f6ke \u00e9s a Labdar\u00fag\u00f3 Szakoszt\u00e1ly vezet\u0151je. T\u0151sgy\u00f6keres f\u00f3ti lakos vagyok \u00e9s gyermekkorom \u00f3ta &#8222;ezer\u00a0sz\u00e1llal&#8221; k\u00f6t\u0151dtem \u00e9s k\u00f6t\u0151d\u0151m a mai napig is a klubhoz. Budapesten a m\u00e9g akkori Vasas Izz\u00f3ban kezdtem 9-10 \u00e9ves koromban &#8222;hivatalosan&#8221; futballozni a kisalagi Ger\u00e9nyi J\u00f3zsi b\u00e1csi kezei alatt, akkor \u0151 volt ott a koroszt\u00e1lyos tr\u00e9ner. Volt egy kis kit\u00e9r\u0151 a Vasasn\u00e1l is n\u00e9h\u00e1ny h\u00f3nap erej\u00e9ig, de mivel\u00a0sz\u00fcleim nem tudt\u00e1k nekem biztos\u00edtani az utaztat\u00e1st, F\u00f3ton (Kislagon) folytattam tov\u00e1bb az akkor megalakult \u00e9s Heinczel Lajos tan\u00e1r \u00far \u00e1ltal vez\u00e9nyelt serd\u00fcl\u0151 csapatban.Igen\u00a0sz\u00e9p sikereket \u00e9rt\u00fcnk el a Tan\u00e1r \u00far ir\u00e1ny\u00edt\u00e1s\u00e1val \u00e9s hamarosan be is v\u00e1logattak minket Gali Sanyival a Pest Megyei Serd\u00fcl\u0151, majd 2-3 \u00e9vvel k\u00e9s\u0151bb a koroszt\u00e1lyos ifi v\u00e1logatottba is. K\u00e9s\u0151bb K\u0151r\u00f6si Sanyi b\u00e1csi ir\u00e1ny\u00edt\u00e1sa alatt r\u00fagtam a labd\u00e1t a F\u00f3t Se ifi csapataiban \u00e9s g\u00f3lkir\u00e1ly is voltam a bajnoks\u00e1gban.17 \u00e9vesen ker\u00fcltem fel a Megye I-es csapatba, akikkel hamarosan 2. helyez\u00e9st \u00e9rt\u00fcnk el. Majd j\u00f6tt a katonas\u00e1g, n\u00e9h\u00e1ny \u00e9v k\u00fclf\u00f6ldi munka. 1997-ben t\u00e9rtem ism\u00e9t vissza F\u00f3tra \u00e9s itt is fejeztem be az &#8222;akt\u00edv&#8221; focit a NB III-ban. Egyes\u00fclet\u00fcnk n\u00e9vad\u00f3ja Balogh Sanyi b\u00e1csi ir\u00e1ny\u00edtotta akkor a klubbot.<\/p>\n<p>Akik ismernek, azok tudj\u00e1k, hogy a labdar\u00fag\u00e1s tekintet\u00e9ben \u201eezer\u00e9ves\u201d a k\u00f6t\u0151d\u00e9sed a F\u00d3T SE-hez. Jelenleg is akt\u00edvan sportolsz?<\/p>\n<p>Igen, az \u00d6regfi\u00fak csapat akt\u00edv tagja vagyok.2020-ban Kapit\u00e1ny Zolt\u00e1n eln\u00f6k\u00fcnk felk\u00e9r\u00e9s\u00e9re v\u00e1llaltam el a futball szakoszt\u00e1ly ir\u00e1ny\u00edt\u00e1s\u00e1t. Ezen k\u00edv\u00fcl mint a klub egyik aleln\u00f6ke az \u00fczemeltet\u00e9s, illetve az infrastruktur\u00e1lis fejleszt\u00e9sek fel\u00fcgyelete a feladatom.<\/p>\n<p><img loading=\"lazy\" decoding=\"async\" class=\"wp-image-4915 size-medium aligncenter\" src=\"https:\/\/fotsportegyesulet.hu\/wp-content\/uploads\/2022\/08\/Foto-255x300.jpg\" alt=\"\" width=\"255\" height=\"300\" srcset=\"https:\/\/fotsportegyesulet.hu\/wp-content\/uploads\/2022\/08\/Foto-255x300.jpg 255w, https:\/\/fotsportegyesulet.hu\/wp-content\/uploads\/2022\/08\/Foto-870x1024.jpg 870w, https:\/\/fotsportegyesulet.hu\/wp-content\/uploads\/2022\/08\/Foto-768x904.jpg 768w, https:\/\/fotsportegyesulet.hu\/wp-content\/uploads\/2022\/08\/Foto.jpg 1019w\" sizes=\"auto, (max-width: 255px) 100vw, 255px\" \/><\/p>\n<p>Hol tart jelenleg a klub, gondolok itt els\u0151sorban az infrastrukt\u00far\u00e1ra?<\/p>\n<p>Fejleszt\u00e9sek ter\u00e9n nagyon sikeresnek mondhat\u00f3 az elm\u00falt 2 \u00e9v. Azon k\u00edv\u00fcl, hogy a r\u00e9g meg\u00e1lmodott V\u00e1rosi Sportcsarnok is elk\u00e9sz\u00fclt, \u00e9p\u00fclt m\u00e9g p\u00e1ly\u00e1zat \u00fatj\u00e1n egy m\u0171f\u00fcves nagyp\u00e1lya is. Siker\u00fclt a TAO p\u00e1ly\u00e1zatok \u00fatj\u00e1n 2db 9 szem\u00e9lyes \u00faj Ford csapatsz\u00e1ll\u00edt\u00f3 buszt is beszerezn\u00fcnk. A Pest-Megyei \u00d6nkorm\u00e1nyzat seg\u00edts\u00e9g\u00e9vel 20 Milli\u00f3 Ft-ot nyert az egyes\u00fclet a f\u0151 \u00f6lt\u00f6z\u0151 \u00e9p\u00fclet tet\u0151szerkezet\u00e9nek cser\u00e9j\u00e9re, amihez F\u00f3t V\u00e1rosa tov\u00e1bbi forr\u00e1sokat biztos\u00edtott. A munk\u00e1latok 2023-ban kezd\u0151dnek.Valamint szint\u00e9n p\u00e1ly\u00e1zat \u00fatj\u00e1n t\u00f6bb mint 4,6 Milli\u00f3 Ft-ot nyert\u00fcnk ker\u00edt\u00e9s fel\u00faj\u00edt\u00e1sra, \u00e9p\u00edt\u00e9sre. A Gyermekv\u00e1ros fel\u0151li ker\u00edt\u00e9s\u00fcnk az id\u0151k folyam\u00e1n szinte teljesen t\u00f6nkrement, \u00edgy a sporttelep ter\u00fclete sajnos tiszta \u00e1tj\u00e1r\u00f3h\u00e1z, ezt szeretn\u00e9nk ezzel a ker\u00edt\u00e9s fel\u00faj\u00edt\u00e1ssal megv\u00e1ltoztatni.<\/p>\n<p>Milyen t\u00e1mogat\u00e1sokra sz\u00e1m\u00edthat az egyes\u00fclet?<\/p>\n<p>K\u00f6sz\u00f6nhet\u0151en F\u00f3t v\u00e1ros vezet\u00e9s\u00e9nek az FSE jelent\u0151s t\u00e1mogat\u00e1st kap a sport\u00e9let finansz\u00edroz\u00e1s\u00e1ra. Tagd\u00edj bev\u00e9teleink\u00a0sz\u00e9pen emelkednek, hiszen t\u00f6bb mint 130 ut\u00e1np\u00f3tl\u00e1s j\u00e1t\u00e9kosunk van m\u00e1r, \u00e9s a feln\u0151tt, illetve az \u00f6regfi\u00fak csapatok is fizetnek tagd\u00edjat. A bev\u00e9tel\u00fcnk n\u00f6veked\u00e9s\u00e9t a m\u0171f\u00fcves kisp\u00e1ly\u00e1nk b\u00e9rbead\u00e1sa el\u0151seg\u00edti.<\/p>\n<p>Jelenleg h\u00e1ny igazolt j\u00e1t\u00e9kosa van a klubnak \u00e9s \u0151k \u00e1ltal\u00e1ban honnan \u00e9rkeznek?<\/p>\n<p>\u00d6rvendetes, hogy a j\u00e1t\u00e9kosaink 95%-a f\u00f3ti lakos, itt j\u00e1r iskol\u00e1ba, itt lakik. A Megye III. oszt\u00e1lyba id\u00e9n feljutott csapatunk szint\u00e9n a f\u00f3ti fiatalokra \u00e9p\u00fcl, akik itt a klubn\u00e1l n\u0151ttek fel, pall\u00e9roz\u00f3dtak.<\/p>\n<p>Az egyes\u00fclet hagyom\u00e1nyosan fontosnak tartja az ut\u00e1np\u00f3tl\u00e1s nevel\u00e9s\u00e9t, a koroszt\u00e1lyos egy\u00fcttesek ehhez rendelkez\u00e9sre \u00e1llnak?<\/p>\n<p>Nagyon komolyan vessz\u00fck \u00e9s t\u00e1mogatjuk az ut\u00e1np\u00f3tl\u00e1s nevel\u00e9st! Minden koroszt\u00e1lyunkkal az U7-t\u0151l az U19-ig szakk\u00e9pzett ut\u00e1np\u00f3tl\u00e1s edz\u0151 foglalkozik. A feln\u0151tt csapattal egy\u00fctt az U13-as csapatunk is megszerezte a bajnoki c\u00edmet. A Bozsikos koroszt\u00e1lyaink szint\u00e9n kiv\u00e1l\u00f3an teljes\u00edtenek k\u00f6sz\u00f6nhet\u0151en az edz\u0151k lelkiismeretes munk\u00e1j\u00e1nak. Az \u0151sszel kezd\u0151d\u0151 bajnoki szezonban m\u00e1r 4db U7-es, 4 db U9-es \u00e9s 2 db U11-es csapatot ind\u00edtunk a Bozsik Programban.V\u00e1rjuk, illetve visszav\u00e1rjuk a f\u00f3ti futballt kedvel\u0151 gyerk\u0151c\u00f6ket csapatainkba!<\/p>\n<p>Mennyiben \u00e9p\u00edthettek az ut\u00e1np\u00f3tl\u00e1sra?<\/p>\n<p>Egyre t\u00f6bb saj\u00e1t nevel\u00e9s\u0171 j\u00e1t\u00e9kosunk mutatkozhatott be a feln\u0151ttek k\u00f6z\u00f6tt.<\/p>\n<p>Milyen karrier\u00fat lehets\u00e9ges egy n\u00e1latok futballoz\u00f3 gyerekek sz\u00e1m\u00e1ra?<\/p>\n<p>Kapcsolatban \u00e1llunk budapesti nagy klubokkal, \u00e9s az a c\u00e9lunk, hogy a tehets\u00e9ges gyerekek, akik n\u00e1lunk kezdt\u00e9k a &#8222;szakm\u00e1t&#8221; ne \u00e1lljanak meg ezen a szinten, hanem l\u00e9pjenek feljebb a NB-s csapatokhoz. K\u00e9t tehets\u00e9ges U16-os j\u00e1t\u00e9kosunkat a m\u00falt \u00e9vben m\u00e1r siker\u00fclt is magasabb oszt\u00e1ly\u00fa csapatokhoz ir\u00e1ny\u00edtani.<\/p>\n<p>Az el\u0151z\u0151 bajnoki \u00e9v eredm\u00e9nye alapj\u00e1n az \u00faj szezonra a k\u00fcl\u00f6nb\u00f6z\u0151 koroszt\u00e1ly\u00fa csapatokn\u00e1l milyen c\u00e9lt t\u0171z\u00f6tt ki a sportk\u00f6r vezet\u00e9se?<\/p>\n<p>Feln\u0151tt csapatunk edz\u0151j\u00e9b\u0151l \u00e9s j\u00e1t\u00e9kosaib\u00f3l a bajnoki c\u00edm megszerz\u00e9se ut\u00e1n sem veszett ki a motiv\u00e1ci\u00f3. S\u0151t, feltett\u00a0sz\u00e1nd\u00e9kuk a Megye III-as bajnoks\u00e1g 2022\/23-as szezonj\u00e1nak azonnali megnyer\u00e9se! Nem tervez\u00fcnk nagy v\u00e1ltoztat\u00e1st a keretben, 2-3 \u00faj j\u00e1t\u00e9kos \u00e9rkezik csak. \u00dagy \u00e9rezz\u00fck, hogy a fels\u0151bb oszt\u00e1lyban a \u00a0j\u00f3 szerepl\u00e9s felt\u00e9telei \u00edgy is biztos\u00edtottak.<\/p>\n<p>Mikor kezdik meg a felk\u00e9sz\u00fcl\u00e9st \u00e9s v\u00e1rhat\u00f3-e j\u00e1t\u00e9kosmozg\u00e1s a feln\u0151tt keretben?<\/p>\n<p>Ehhez a feln\u0151tt keret m\u00e1r j\u00falius v\u00e9g\u00e9n elkezdi a felk\u00e9sz\u00fcl\u00e9st, indulunk a Pest Megyei Kup\u00e1ban is. Teh\u00e1t m\u00e1r augusztus elej\u00e9n lesznek t\u00e9tmeccsek. A bajnoks\u00e1g pedig augusztus v\u00e9g\u00e9n kezd\u0151dik.<\/p>\n<p>Milyen c\u00e9lok fogalmaz\u00f3dnak meg a klub j\u00f6v\u0151j\u00e9t illet\u0151en?<\/p>\n<p>A j\u00f6v\u0151 m\u00e9g csak most k\u00f6rvonalaz\u00f3dik. Hiszen az egyes\u00fclet tev\u00e9kenys\u00e9ge nem csak a futballr\u00f3l sz\u00f3l. M\u00e1r t\u00f6bb mint 15 szakoszt\u00e1llyal rendelkez\u00fcnk \u00e9s sz\u00e9pen gyarapszik a tagl\u00e9tsz\u00e1m is, minden f\u00f3ti sportszeret\u0151 \u00f6r\u00f6m\u00e9re. De ezt majd egy m\u00e1sik alkalommal!<\/p>\n<p>V\u00e1runk minden sportot szeret\u0151 vagy kipr\u00f3b\u00e1lni v\u00e1gy\u00f3 gyermeket, \u00e9s feln\u0151ttet, a szakoszt\u00e1lyainkba!<\/p>\n<p>El\u00e9rhet\u0151s\u00e9g: Kapit\u00e1ny Zolt\u00e1n +36 20\u00a0932 0655<\/p>\n","protected":false},"excerpt":{"rendered":"<p>Szkala\u00a0S\u00e1ndor a F\u00f3t Sportegyes\u00fclet aleln\u00f6ke \u00e9s a Labdar\u00fag\u00f3 Szakoszt\u00e1ly vezet\u0151je. Gyerekkora \u00f3ta &#8222;ezer\u00a0sz\u00e1llal&#8221; k\u00f6t\u0151d\u00f6tt \u00e9s k\u00f6t\u0151dik a mai napig a klubhoz. Akt\u00edv tagja az \u00f6regfi\u00fak csapatnak is.<\/p>\n","protected":false},"author":3,"featured_media":4918,"comment_status":"closed","ping_status":"open","sticky":false,"template":"","format":"standard","meta":{"_bbp_topic_count":0,"_bbp_reply_count":0,"_bbp_total_topic_count":0,"_bbp_total_reply_count":0,"_bbp_voice_count":0,"_bbp_anonymous_reply_count":0,"_bbp_topic_count_hidden":0,"_bbp_reply_count_hidden":0,"_bbp_forum_subforum_count":0,"_price":"","_stock":"","_tribe_ticket_header":"","_tribe_default_ticket_provider":"","_ticket_start_date":"","_ticket_end_date":"","_tribe_ticket_show_description":"","_tribe_ticket_show_not_going":false,"_tribe_ticket_use_global_stock":"","_tribe_ticket_global_stock_level":"","_global_stock_mode":"","_global_stock_cap":"","_tribe_rsvp_for_event":"","_tribe_ticket_going_count":"","_tribe_ticket_not_going_count":"","_tribe_tickets_list":"[]","_tribe_ticket_has_attendee_info_fields":false,"footnotes":""},"categories":[1],"tags":[105,128,129],"class_list":["post-4914","post","type-post","status-publish","format-standard","has-post-thumbnail","hentry","category-hirek","tag-fot-se","tag-szakosztaly","tag-tamogatas"],"yoast_head":"<!-- This site is optimized with the Yoast SEO plugin v25.7 - https:\/\/yoast.com\/wordpress\/plugins\/seo\/ -->\n<title>Interj\u00fa Szkala S\u00e1ndorral - F\u00d3T SPORTEGYES\u00dcLET<\/title>\n<meta name=\"robots\" content=\"index, follow, max-snippet:-1, max-image-preview:large, max-video-preview:-1\" \/>\n<link rel=\"canonical\" href=\"https:\/\/fotsportegyesulet.hu\/index.php\/2022\/08\/01\/interju-szkala-sandorral-a-fot-sportegyesulet-alelnokevel-es-a-labdarugo-szakosztalyanak-vezetojevel\/\" \/>\n<meta property=\"og:locale\" content=\"hu_HU\" \/>\n<meta property=\"og:type\" content=\"article\" \/>\n<meta property=\"og:title\" content=\"Interj\u00fa Szkala S\u00e1ndorral - F\u00d3T SPORTEGYES\u00dcLET\" \/>\n<meta property=\"og:description\" content=\"Szkala\u00a0S\u00e1ndor a F\u00f3t Sportegyes\u00fclet aleln\u00f6ke \u00e9s a Labdar\u00fag\u00f3 Szakoszt\u00e1ly vezet\u0151je. Gyerekkora \u00f3ta &quot;ezer\u00a0sz\u00e1llal&quot; k\u00f6t\u0151d\u00f6tt \u00e9s k\u00f6t\u0151dik a mai napig a klubhoz. Akt\u00edv tagja az \u00f6regfi\u00fak csapatnak is.\" \/>\n<meta property=\"og:url\" content=\"https:\/\/fotsportegyesulet.hu\/index.php\/2022\/08\/01\/interju-szkala-sandorral-a-fot-sportegyesulet-alelnokevel-es-a-labdarugo-szakosztalyanak-vezetojevel\/\" \/>\n<meta property=\"og:site_name\" content=\"F\u00d3T SPORTEGYES\u00dcLET\" \/>\n<meta property=\"article:publisher\" content=\"https:\/\/www.facebook.com\/fotsportegyesulet\/\" \/>\n<meta property=\"article:published_time\" content=\"2022-08-01T15:47:09+00:00\" \/>\n<meta property=\"article:modified_time\" content=\"2022-08-01T16:04:22+00:00\" \/>\n<meta property=\"og:image\" content=\"https:\/\/fotsportegyesulet.hu\/wp-content\/uploads\/2022\/08\/Foto_kiemelt.jpg\" \/>\n\t<meta property=\"og:image:width\" content=\"954\" \/>\n\t<meta property=\"og:image:height\" content=\"455\" \/>\n\t<meta property=\"og:image:type\" content=\"image\/jpeg\" \/>\n<meta name=\"author\" content=\"F\u00f3t SE\" \/>\n<meta name=\"twitter:card\" content=\"summary_large_image\" \/>\n<meta name=\"twitter:label1\" content=\"Szerz\u0151:\" \/>\n\t<meta name=\"twitter:data1\" content=\"F\u00f3t SE\" \/>\n\t<meta name=\"twitter:label2\" content=\"Becs\u00fclt olvas\u00e1si id\u0151\" \/>\n\t<meta name=\"twitter:data2\" content=\"5 perc\" \/>\n<script type=\"application\/ld+json\" class=\"yoast-schema-graph\">{\"@context\":\"https:\/\/schema.org\",\"@graph\":[{\"@type\":\"Article\",\"@id\":\"https:\/\/fotsportegyesulet.hu\/index.php\/2022\/08\/01\/interju-szkala-sandorral-a-fot-sportegyesulet-alelnokevel-es-a-labdarugo-szakosztalyanak-vezetojevel\/#article\",\"isPartOf\":{\"@id\":\"https:\/\/fotsportegyesulet.hu\/index.php\/2022\/08\/01\/interju-szkala-sandorral-a-fot-sportegyesulet-alelnokevel-es-a-labdarugo-szakosztalyanak-vezetojevel\/\"},\"author\":{\"name\":\"F\u00f3t SE\",\"@id\":\"https:\/\/fotsportegyesulet.hu\/#\/schema\/person\/8750ccb3a5183172b75dcc348ffbdbb1\"},\"headline\":\"Interj\u00fa Szkala S\u00e1ndorral\",\"datePublished\":\"2022-08-01T15:47:09+00:00\",\"dateModified\":\"2022-08-01T16:04:22+00:00\",\"mainEntityOfPage\":{\"@id\":\"https:\/\/fotsportegyesulet.hu\/index.php\/2022\/08\/01\/interju-szkala-sandorral-a-fot-sportegyesulet-alelnokevel-es-a-labdarugo-szakosztalyanak-vezetojevel\/\"},\"wordCount\":1218,\"publisher\":{\"@id\":\"https:\/\/fotsportegyesulet.hu\/#organization\"},\"image\":{\"@id\":\"https:\/\/fotsportegyesulet.hu\/index.php\/2022\/08\/01\/interju-szkala-sandorral-a-fot-sportegyesulet-alelnokevel-es-a-labdarugo-szakosztalyanak-vezetojevel\/#primaryimage\"},\"thumbnailUrl\":\"https:\/\/fotsportegyesulet.hu\/wp-content\/uploads\/2022\/08\/Foto_kiemelt.jpg\",\"keywords\":[\"F\u00f3t SE\",\"szakoszt\u00e1ly\",\"t\u00e1mogat\u00e1s\"],\"articleSection\":[\"H\u00edrek\"],\"inLanguage\":\"hu\"},{\"@type\":\"WebPage\",\"@id\":\"https:\/\/fotsportegyesulet.hu\/index.php\/2022\/08\/01\/interju-szkala-sandorral-a-fot-sportegyesulet-alelnokevel-es-a-labdarugo-szakosztalyanak-vezetojevel\/\",\"url\":\"https:\/\/fotsportegyesulet.hu\/index.php\/2022\/08\/01\/interju-szkala-sandorral-a-fot-sportegyesulet-alelnokevel-es-a-labdarugo-szakosztalyanak-vezetojevel\/\",\"name\":\"Interj\u00fa Szkala S\u00e1ndorral - F\u00d3T SPORTEGYES\u00dcLET\",\"isPartOf\":{\"@id\":\"https:\/\/fotsportegyesulet.hu\/#website\"},\"primaryImageOfPage\":{\"@id\":\"https:\/\/fotsportegyesulet.hu\/index.php\/2022\/08\/01\/interju-szkala-sandorral-a-fot-sportegyesulet-alelnokevel-es-a-labdarugo-szakosztalyanak-vezetojevel\/#primaryimage\"},\"image\":{\"@id\":\"https:\/\/fotsportegyesulet.hu\/index.php\/2022\/08\/01\/interju-szkala-sandorral-a-fot-sportegyesulet-alelnokevel-es-a-labdarugo-szakosztalyanak-vezetojevel\/#primaryimage\"},\"thumbnailUrl\":\"https:\/\/fotsportegyesulet.hu\/wp-content\/uploads\/2022\/08\/Foto_kiemelt.jpg\",\"datePublished\":\"2022-08-01T15:47:09+00:00\",\"dateModified\":\"2022-08-01T16:04:22+00:00\",\"breadcrumb\":{\"@id\":\"https:\/\/fotsportegyesulet.hu\/index.php\/2022\/08\/01\/interju-szkala-sandorral-a-fot-sportegyesulet-alelnokevel-es-a-labdarugo-szakosztalyanak-vezetojevel\/#breadcrumb\"},\"inLanguage\":\"hu\",\"potentialAction\":[{\"@type\":\"ReadAction\",\"target\":[\"https:\/\/fotsportegyesulet.hu\/index.php\/2022\/08\/01\/interju-szkala-sandorral-a-fot-sportegyesulet-alelnokevel-es-a-labdarugo-szakosztalyanak-vezetojevel\/\"]}]},{\"@type\":\"ImageObject\",\"inLanguage\":\"hu\",\"@id\":\"https:\/\/fotsportegyesulet.hu\/index.php\/2022\/08\/01\/interju-szkala-sandorral-a-fot-sportegyesulet-alelnokevel-es-a-labdarugo-szakosztalyanak-vezetojevel\/#primaryimage\",\"url\":\"https:\/\/fotsportegyesulet.hu\/wp-content\/uploads\/2022\/08\/Foto_kiemelt.jpg\",\"contentUrl\":\"https:\/\/fotsportegyesulet.hu\/wp-content\/uploads\/2022\/08\/Foto_kiemelt.jpg\",\"width\":954,\"height\":455},{\"@type\":\"BreadcrumbList\",\"@id\":\"https:\/\/fotsportegyesulet.hu\/index.php\/2022\/08\/01\/interju-szkala-sandorral-a-fot-sportegyesulet-alelnokevel-es-a-labdarugo-szakosztalyanak-vezetojevel\/#breadcrumb\",\"itemListElement\":[{\"@type\":\"ListItem\",\"position\":1,\"name\":\"Kezd\u0151lap\",\"item\":\"https:\/\/fotsportegyesulet.hu\/\"},{\"@type\":\"ListItem\",\"position\":2,\"name\":\"Interj\u00fa Szkala S\u00e1ndorral\"}]},{\"@type\":\"WebSite\",\"@id\":\"https:\/\/fotsportegyesulet.hu\/#website\",\"url\":\"https:\/\/fotsportegyesulet.hu\/\",\"name\":\"F\u00d3T SPORTEGYES\u00dcLET\",\"description\":\"\",\"publisher\":{\"@id\":\"https:\/\/fotsportegyesulet.hu\/#organization\"},\"potentialAction\":[{\"@type\":\"SearchAction\",\"target\":{\"@type\":\"EntryPoint\",\"urlTemplate\":\"https:\/\/fotsportegyesulet.hu\/?s={search_term_string}\"},\"query-input\":{\"@type\":\"PropertyValueSpecification\",\"valueRequired\":true,\"valueName\":\"search_term_string\"}}],\"inLanguage\":\"hu\"},{\"@type\":\"Organization\",\"@id\":\"https:\/\/fotsportegyesulet.hu\/#organization\",\"name\":\"F\u00f3t Sportegyes\u00fclet\",\"url\":\"https:\/\/fotsportegyesulet.hu\/\",\"logo\":{\"@type\":\"ImageObject\",\"inLanguage\":\"hu\",\"@id\":\"https:\/\/fotsportegyesulet.hu\/#\/schema\/logo\/image\/\",\"url\":\"https:\/\/fotsportegyesulet.hu\/wp-content\/uploads\/2020\/07\/eredeti-sz\u00ednes-vektoros-Fot-cimer-3.png\",\"contentUrl\":\"https:\/\/fotsportegyesulet.hu\/wp-content\/uploads\/2020\/07\/eredeti-sz\u00ednes-vektoros-Fot-cimer-3.png\",\"width\":500,\"height\":500,\"caption\":\"F\u00f3t Sportegyes\u00fclet\"},\"image\":{\"@id\":\"https:\/\/fotsportegyesulet.hu\/#\/schema\/logo\/image\/\"},\"sameAs\":[\"https:\/\/www.facebook.com\/fotsportegyesulet\/\"]},{\"@type\":\"Person\",\"@id\":\"https:\/\/fotsportegyesulet.hu\/#\/schema\/person\/8750ccb3a5183172b75dcc348ffbdbb1\",\"name\":\"F\u00f3t SE\",\"image\":{\"@type\":\"ImageObject\",\"inLanguage\":\"hu\",\"@id\":\"https:\/\/fotsportegyesulet.hu\/#\/schema\/person\/image\/\",\"url\":\"https:\/\/secure.gravatar.com\/avatar\/2f768bb7a490a49aeb2ccaf4bacc94391bbafd4b6aa54eb6f9318ffc80d81dad?s=96&d=mm&r=g\",\"contentUrl\":\"https:\/\/secure.gravatar.com\/avatar\/2f768bb7a490a49aeb2ccaf4bacc94391bbafd4b6aa54eb6f9318ffc80d81dad?s=96&d=mm&r=g\",\"caption\":\"F\u00f3t SE\"},\"sameAs\":[\"http:\/\/fotsportegyesulet.hu\"],\"url\":\"https:\/\/fotsportegyesulet.hu\/index.php\/author\/kapitany-zoltan\/\"}]}<\/script>\n<!-- \/ Yoast SEO plugin. -->","yoast_head_json":{"title":"Interj\u00fa Szkala S\u00e1ndorral - F\u00d3T SPORTEGYES\u00dcLET","robots":{"index":"index","follow":"follow","max-snippet":"max-snippet:-1","max-image-preview":"max-image-preview:large","max-video-preview":"max-video-preview:-1"},"canonical":"https:\/\/fotsportegyesulet.hu\/index.php\/2022\/08\/01\/interju-szkala-sandorral-a-fot-sportegyesulet-alelnokevel-es-a-labdarugo-szakosztalyanak-vezetojevel\/","og_locale":"hu_HU","og_type":"article","og_title":"Interj\u00fa Szkala S\u00e1ndorral - F\u00d3T SPORTEGYES\u00dcLET","og_description":"Szkala\u00a0S\u00e1ndor a F\u00f3t Sportegyes\u00fclet aleln\u00f6ke \u00e9s a Labdar\u00fag\u00f3 Szakoszt\u00e1ly vezet\u0151je. Gyerekkora \u00f3ta \"ezer\u00a0sz\u00e1llal\" k\u00f6t\u0151d\u00f6tt \u00e9s k\u00f6t\u0151dik a mai napig a klubhoz. Akt\u00edv tagja az \u00f6regfi\u00fak csapatnak is.","og_url":"https:\/\/fotsportegyesulet.hu\/index.php\/2022\/08\/01\/interju-szkala-sandorral-a-fot-sportegyesulet-alelnokevel-es-a-labdarugo-szakosztalyanak-vezetojevel\/","og_site_name":"F\u00d3T SPORTEGYES\u00dcLET","article_publisher":"https:\/\/www.facebook.com\/fotsportegyesulet\/","article_published_time":"2022-08-01T15:47:09+00:00","article_modified_time":"2022-08-01T16:04:22+00:00","og_image":[{"width":954,"height":455,"url":"https:\/\/fotsportegyesulet.hu\/wp-content\/uploads\/2022\/08\/Foto_kiemelt.jpg","type":"image\/jpeg"}],"author":"F\u00f3t SE","twitter_card":"summary_large_image","twitter_misc":{"Szerz\u0151:":"F\u00f3t SE","Becs\u00fclt olvas\u00e1si id\u0151":"5 perc"},"schema":{"@context":"https:\/\/schema.org","@graph":[{"@type":"Article","@id":"https:\/\/fotsportegyesulet.hu\/index.php\/2022\/08\/01\/interju-szkala-sandorral-a-fot-sportegyesulet-alelnokevel-es-a-labdarugo-szakosztalyanak-vezetojevel\/#article","isPartOf":{"@id":"https:\/\/fotsportegyesulet.hu\/index.php\/2022\/08\/01\/interju-szkala-sandorral-a-fot-sportegyesulet-alelnokevel-es-a-labdarugo-szakosztalyanak-vezetojevel\/"},"author":{"name":"F\u00f3t SE","@id":"https:\/\/fotsportegyesulet.hu\/#\/schema\/person\/8750ccb3a5183172b75dcc348ffbdbb1"},"headline":"Interj\u00fa Szkala S\u00e1ndorral","datePublished":"2022-08-01T15:47:09+00:00","dateModified":"2022-08-01T16:04:22+00:00","mainEntityOfPage":{"@id":"https:\/\/fotsportegyesulet.hu\/index.php\/2022\/08\/01\/interju-szkala-sandorral-a-fot-sportegyesulet-alelnokevel-es-a-labdarugo-szakosztalyanak-vezetojevel\/"},"wordCount":1218,"publisher":{"@id":"https:\/\/fotsportegyesulet.hu\/#organization"},"image":{"@id":"https:\/\/fotsportegyesulet.hu\/index.php\/2022\/08\/01\/interju-szkala-sandorral-a-fot-sportegyesulet-alelnokevel-es-a-labdarugo-szakosztalyanak-vezetojevel\/#primaryimage"},"thumbnailUrl":"https:\/\/fotsportegyesulet.hu\/wp-content\/uploads\/2022\/08\/Foto_kiemelt.jpg","keywords":["F\u00f3t SE","szakoszt\u00e1ly","t\u00e1mogat\u00e1s"],"articleSection":["H\u00edrek"],"inLanguage":"hu"},{"@type":"WebPage","@id":"https:\/\/fotsportegyesulet.hu\/index.php\/2022\/08\/01\/interju-szkala-sandorral-a-fot-sportegyesulet-alelnokevel-es-a-labdarugo-szakosztalyanak-vezetojevel\/","url":"https:\/\/fotsportegyesulet.hu\/index.php\/2022\/08\/01\/interju-szkala-sandorral-a-fot-sportegyesulet-alelnokevel-es-a-labdarugo-szakosztalyanak-vezetojevel\/","name":"Interj\u00fa Szkala S\u00e1ndorral - F\u00d3T SPORTEGYES\u00dcLET","isPartOf":{"@id":"https:\/\/fotsportegyesulet.hu\/#website"},"primaryImageOfPage":{"@id":"https:\/\/fotsportegyesulet.hu\/index.php\/2022\/08\/01\/interju-szkala-sandorral-a-fot-sportegyesulet-alelnokevel-es-a-labdarugo-szakosztalyanak-vezetojevel\/#primaryimage"},"image":{"@id":"https:\/\/fotsportegyesulet.hu\/index.php\/2022\/08\/01\/interju-szkala-sandorral-a-fot-sportegyesulet-alelnokevel-es-a-labdarugo-szakosztalyanak-vezetojevel\/#primaryimage"},"thumbnailUrl":"https:\/\/fotsportegyesulet.hu\/wp-content\/uploads\/2022\/08\/Foto_kiemelt.jpg","datePublished":"2022-08-01T15:47:09+00:00","dateModified":"2022-08-01T16:04:22+00:00","breadcrumb":{"@id":"https:\/\/fotsportegyesulet.hu\/index.php\/2022\/08\/01\/interju-szkala-sandorral-a-fot-sportegyesulet-alelnokevel-es-a-labdarugo-szakosztalyanak-vezetojevel\/#breadcrumb"},"inLanguage":"hu","potentialAction":[{"@type":"ReadAction","target":["https:\/\/fotsportegyesulet.hu\/index.php\/2022\/08\/01\/interju-szkala-sandorral-a-fot-sportegyesulet-alelnokevel-es-a-labdarugo-szakosztalyanak-vezetojevel\/"]}]},{"@type":"ImageObject","inLanguage":"hu","@id":"https:\/\/fotsportegyesulet.hu\/index.php\/2022\/08\/01\/interju-szkala-sandorral-a-fot-sportegyesulet-alelnokevel-es-a-labdarugo-szakosztalyanak-vezetojevel\/#primaryimage","url":"https:\/\/fotsportegyesulet.hu\/wp-content\/uploads\/2022\/08\/Foto_kiemelt.jpg","contentUrl":"https:\/\/fotsportegyesulet.hu\/wp-content\/uploads\/2022\/08\/Foto_kiemelt.jpg","width":954,"height":455},{"@type":"BreadcrumbList","@id":"https:\/\/fotsportegyesulet.hu\/index.php\/2022\/08\/01\/interju-szkala-sandorral-a-fot-sportegyesulet-alelnokevel-es-a-labdarugo-szakosztalyanak-vezetojevel\/#breadcrumb","itemListElement":[{"@type":"ListItem","position":1,"name":"Kezd\u0151lap","item":"https:\/\/fotsportegyesulet.hu\/"},{"@type":"ListItem","position":2,"name":"Interj\u00fa Szkala S\u00e1ndorral"}]},{"@type":"WebSite","@id":"https:\/\/fotsportegyesulet.hu\/#website","url":"https:\/\/fotsportegyesulet.hu\/","name":"F\u00d3T SPORTEGYES\u00dcLET","description":"","publisher":{"@id":"https:\/\/fotsportegyesulet.hu\/#organization"},"potentialAction":[{"@type":"SearchAction","target":{"@type":"EntryPoint","urlTemplate":"https:\/\/fotsportegyesulet.hu\/?s={search_term_string}"},"query-input":{"@type":"PropertyValueSpecification","valueRequired":true,"valueName":"search_term_string"}}],"inLanguage":"hu"},{"@type":"Organization","@id":"https:\/\/fotsportegyesulet.hu\/#organization","name":"F\u00f3t Sportegyes\u00fclet","url":"https:\/\/fotsportegyesulet.hu\/","logo":{"@type":"ImageObject","inLanguage":"hu","@id":"https:\/\/fotsportegyesulet.hu\/#\/schema\/logo\/image\/","url":"https:\/\/fotsportegyesulet.hu\/wp-content\/uploads\/2020\/07\/eredeti-sz\u00ednes-vektoros-Fot-cimer-3.png","contentUrl":"https:\/\/fotsportegyesulet.hu\/wp-content\/uploads\/2020\/07\/eredeti-sz\u00ednes-vektoros-Fot-cimer-3.png","width":500,"height":500,"caption":"F\u00f3t Sportegyes\u00fclet"},"image":{"@id":"https:\/\/fotsportegyesulet.hu\/#\/schema\/logo\/image\/"},"sameAs":["https:\/\/www.facebook.com\/fotsportegyesulet\/"]},{"@type":"Person","@id":"https:\/\/fotsportegyesulet.hu\/#\/schema\/person\/8750ccb3a5183172b75dcc348ffbdbb1","name":"F\u00f3t SE","image":{"@type":"ImageObject","inLanguage":"hu","@id":"https:\/\/fotsportegyesulet.hu\/#\/schema\/person\/image\/","url":"https:\/\/secure.gravatar.com\/avatar\/2f768bb7a490a49aeb2ccaf4bacc94391bbafd4b6aa54eb6f9318ffc80d81dad?s=96&d=mm&r=g","contentUrl":"https:\/\/secure.gravatar.com\/avatar\/2f768bb7a490a49aeb2ccaf4bacc94391bbafd4b6aa54eb6f9318ffc80d81dad?s=96&d=mm&r=g","caption":"F\u00f3t SE"},"sameAs":["http:\/\/fotsportegyesulet.hu"],"url":"https:\/\/fotsportegyesulet.hu\/index.php\/author\/kapitany-zoltan\/"}]}},"_links":{"self":[{"href":"https:\/\/fotsportegyesulet.hu\/index.php\/wp-json\/wp\/v2\/posts\/4914","targetHints":{"allow":["GET"]}}],"collection":[{"href":"https:\/\/fotsportegyesulet.hu\/index.php\/wp-json\/wp\/v2\/posts"}],"about":[{"href":"https:\/\/fotsportegyesulet.hu\/index.php\/wp-json\/wp\/v2\/types\/post"}],"author":[{"embeddable":true,"href":"https:\/\/fotsportegyesulet.hu\/index.php\/wp-json\/wp\/v2\/users\/3"}],"replies":[{"embeddable":true,"href":"https:\/\/fotsportegyesulet.hu\/index.php\/wp-json\/wp\/v2\/comments?post=4914"}],"version-history":[{"count":11,"href":"https:\/\/fotsportegyesulet.hu\/index.php\/wp-json\/wp\/v2\/posts\/4914\/revisions"}],"predecessor-version":[{"id":4928,"href":"https:\/\/fotsportegyesulet.hu\/index.php\/wp-json\/wp\/v2\/posts\/4914\/revisions\/4928"}],"wp:featuredmedia":[{"embeddable":true,"href":"https:\/\/fotsportegyesulet.hu\/index.php\/wp-json\/wp\/v2\/media\/4918"}],"wp:attachment":[{"href":"https:\/\/fotsportegyesulet.hu\/index.php\/wp-json\/wp\/v2\/media?parent=4914"}],"wp:term":[{"taxonomy":"category","embeddable":true,"href":"https:\/\/fotsportegyesulet.hu\/index.php\/wp-json\/wp\/v2\/categories?post=4914"},{"taxonomy":"post_tag","embeddable":true,"href":"https:\/\/fotsportegyesulet.hu\/index.php\/wp-json\/wp\/v2\/tags?post=4914"}],"curies":[{"name":"wp","href":"https:\/\/api.w.org\/{rel}","templated":true}]}}