{"id":4846,"date":"2022-07-18T12:12:24","date_gmt":"2022-07-18T10:12:24","guid":{"rendered":"https:\/\/fotsportegyesulet.hu\/?p=4846"},"modified":"2022-07-20T08:09:23","modified_gmt":"2022-07-20T06:09:23","slug":"elinult-az-fse-ritmikus-gimnasztika-szakosztalyanak-elojelentkezese","status":"publish","type":"post","link":"https:\/\/fotsportegyesulet.hu\/index.php\/2022\/07\/18\/elinult-az-fse-ritmikus-gimnasztika-szakosztalyanak-elojelentkezese\/","title":{"rendered":"Elindult az FSE Ritmikus gimnasztika szakoszt\u00e1ly\u00e1nak el\u0151jelentkez\u00e9se"},"content":{"rendered":"<div id=\"attachment_4850\" style=\"width: 964px\" class=\"wp-caption aligncenter\"><img loading=\"lazy\" decoding=\"async\" aria-describedby=\"caption-attachment-4850\" class=\"wp-image-4850 size-full\" src=\"https:\/\/fotsportegyesulet.hu\/wp-content\/uploads\/2022\/07\/956455rsg.jpg\" alt=\"\" width=\"954\" height=\"455\" srcset=\"https:\/\/fotsportegyesulet.hu\/wp-content\/uploads\/2022\/07\/956455rsg.jpg 954w, https:\/\/fotsportegyesulet.hu\/wp-content\/uploads\/2022\/07\/956455rsg-300x143.jpg 300w, https:\/\/fotsportegyesulet.hu\/wp-content\/uploads\/2022\/07\/956455rsg-768x366.jpg 768w\" sizes=\"auto, (max-width: 954px) 100vw, 954px\" \/><p id=\"caption-attachment-4850\" class=\"wp-caption-text\">Dynamic. Little caucasian girl, rhytmic gymnast training, performing isolated on gradient blue-red studio background in neon. Graceful and flexible, strong child. Concept of sport, motion, action.<\/p><\/div>\n<p>Az FSE <a href=\"https:\/\/fotsportegyesulet.hu\/index.php\/ritmikus-gimnasztika\/\" target=\"_blank\" rel=\"noopener\">Ritmikus gimnasztika szakoszt\u00e1lya<\/a> felv\u00e9telt hirdet a 2022\/23. tan\u00e9vre. 4-7 \u00e9ves \u00f3vod\u00e1skor\u00fa \u00e9s 6-12 \u00e9ves ikol\u00e1skor\u00fa l\u00e1nyok r\u00e9sz\u00e9re, az egyik legszebb n\u0151i sport\u00e1g alapjainak elsaj\u00e1t\u00edt\u00e1s\u00e1ra.<\/p>\n<p>El\u0151jelentkez\u00e9s:<br \/>\n0620-542-3350 PESTI ANDREA vezet\u0151 edz\u0151n\u00e9l.<\/p>\n<p>ISKOL\u00c1S tanfolyamok 2022 szeptember 5-t\u0151l:<br \/>\nH\u00e9tf\u0151-Szerda: 18:00-19:00 F\u00f3t Exkluz\u00edv terem M\/2 csoport<br \/>\nKedd-Cs\u00fct\u00f6rt\u00f6k: 17:00-18:00 F\u00f3t Exkluz\u00edv terem \/ Hobby C csoport<br \/>\nKedd-Cs\u00fct\u00f6rt\u00f6k: 18:00-19:00 F\u00f3t Exkluz\u00edv terem \/ Hobby D csoport<br \/>\nH\u00e9tf\u0151-Szerda: 16:00-17:00 F\u00f3ti Sportcsarnok T\u00fckr\u00f6s terem\/ Hobby B csoport<\/p>\n<p>\u00d3VOD\u00c1S ISKOL\u00c1S tanfolyamok 2022 szeptember 5-t\u0151l:<br \/>\nH\u00e9tf\u0151-Szerda: 17:00-18:00 F\u00f3t Exkluz\u00edv t\u00e1ncterem M\/1 csoport<br \/>\nKedd-Cs\u00fct\u00f6rt\u00f6k: 16:00-17:00 F\u00f3t Exkluz\u00edv terem \/hobby E csoport<br \/>\nH\u00e9tf\u0151-Szerda: 16:00-17:00 F\u00f3ti Sportcsarnok T\u00fckr\u00f6s terem \/hobby B csoport<\/p>\n<p><img loading=\"lazy\" decoding=\"async\" class=\"alignnone size-large wp-image-4848\" src=\"https:\/\/fotsportegyesulet.hu\/wp-content\/uploads\/2022\/07\/Felveteli-plakat-729x1024.jpg\" alt=\"\" width=\"729\" height=\"1024\" srcset=\"https:\/\/fotsportegyesulet.hu\/wp-content\/uploads\/2022\/07\/Felveteli-plakat-729x1024.jpg 729w, https:\/\/fotsportegyesulet.hu\/wp-content\/uploads\/2022\/07\/Felveteli-plakat-214x300.jpg 214w, https:\/\/fotsportegyesulet.hu\/wp-content\/uploads\/2022\/07\/Felveteli-plakat-768x1079.jpg 768w, https:\/\/fotsportegyesulet.hu\/wp-content\/uploads\/2022\/07\/Felveteli-plakat-1093x1536.jpg 1093w, https:\/\/fotsportegyesulet.hu\/wp-content\/uploads\/2022\/07\/Felveteli-plakat-1458x2048.jpg 1458w, https:\/\/fotsportegyesulet.hu\/wp-content\/uploads\/2022\/07\/Felveteli-plakat-scaled.jpg 1822w\" sizes=\"auto, (max-width: 729px) 100vw, 729px\" \/><\/p>\n","protected":false},"excerpt":{"rendered":"<p>Az FSE Ritmikus gimnasztika szakoszt\u00e1lya felv\u00e9telt hirdet  4-7 \u00e9ves \u00e9s 6-12 \u00e9ves l\u00e1nyok r\u00e9sz\u00e9re.<\/p>\n","protected":false},"author":3,"featured_media":4850,"comment_status":"closed","ping_status":"open","sticky":false,"template":"","format":"standard","meta":{"_bbp_topic_count":0,"_bbp_reply_count":0,"_bbp_total_topic_count":0,"_bbp_total_reply_count":0,"_bbp_voice_count":0,"_bbp_anonymous_reply_count":0,"_bbp_topic_count_hidden":0,"_bbp_reply_count_hidden":0,"_bbp_forum_subforum_count":0,"_price":"","_stock":"","_tribe_ticket_header":"","_tribe_default_ticket_provider":"","_ticket_start_date":"","_ticket_end_date":"","_tribe_ticket_show_description":"","_tribe_ticket_show_not_going":false,"_tribe_ticket_use_global_stock":"","_tribe_ticket_global_stock_level":"","_global_stock_mode":"","_global_stock_cap":"","_tribe_rsvp_for_event":"","_tribe_ticket_going_count":"","_tribe_ticket_not_going_count":"","_tribe_tickets_list":"[]","_tribe_ticket_has_attendee_info_fields":false,"footnotes":""},"categories":[1,124],"tags":[],"class_list":["post-4846","post","type-post","status-publish","format-standard","has-post-thumbnail","hentry","category-hirek","category-ritmikus-gimnasztika"],"yoast_head":"<!-- This site is optimized with the Yoast SEO plugin v25.7 - https:\/\/yoast.com\/wordpress\/plugins\/seo\/ -->\n<title>Elindult az FSE Ritmikus gimnasztika szakoszt\u00e1ly\u00e1nak el\u0151jelentkez\u00e9se - F\u00d3T SPORTEGYES\u00dcLET<\/title>\n<meta name=\"description\" content=\"Az FSE Ritmikus gimnasztika szakoszt\u00e1lya felv\u00e9telt hirdet a 2022\/23. tan\u00e9vre. 4-7 \u00e9ves \u00f3vod\u00e1skor\u00fa \u00e9s 6-12 \u00e9ves ikol\u00e1skor\u00fa l\u00e1nyok r\u00e9sz\u00e9re, az egyik legszebb n\u0151i sport\u00e1g alapjainak elsaj\u00e1t\u00edt\u00e1s\u00e1ra.\u00a0\" \/>\n<meta name=\"robots\" content=\"index, follow, max-snippet:-1, max-image-preview:large, max-video-preview:-1\" \/>\n<link rel=\"canonical\" href=\"https:\/\/fotsportegyesulet.hu\/index.php\/2022\/07\/18\/elinult-az-fse-ritmikus-gimnasztika-szakosztalyanak-elojelentkezese\/\" \/>\n<meta property=\"og:locale\" content=\"hu_HU\" \/>\n<meta property=\"og:type\" content=\"article\" \/>\n<meta property=\"og:title\" content=\"Elindult az FSE Ritmikus gimnasztika szakoszt\u00e1ly\u00e1nak el\u0151jelentkez\u00e9se - F\u00d3T SPORTEGYES\u00dcLET\" \/>\n<meta property=\"og:description\" content=\"Az FSE Ritmikus gimnasztika szakoszt\u00e1lya felv\u00e9telt hirdet a 2022\/23. tan\u00e9vre. 4-7 \u00e9ves \u00f3vod\u00e1skor\u00fa \u00e9s 6-12 \u00e9ves ikol\u00e1skor\u00fa l\u00e1nyok r\u00e9sz\u00e9re, az egyik legszebb n\u0151i sport\u00e1g alapjainak elsaj\u00e1t\u00edt\u00e1s\u00e1ra.\u00a0\" \/>\n<meta property=\"og:url\" content=\"https:\/\/fotsportegyesulet.hu\/index.php\/2022\/07\/18\/elinult-az-fse-ritmikus-gimnasztika-szakosztalyanak-elojelentkezese\/\" \/>\n<meta property=\"og:site_name\" content=\"F\u00d3T SPORTEGYES\u00dcLET\" \/>\n<meta property=\"article:publisher\" content=\"https:\/\/www.facebook.com\/fotsportegyesulet\/\" \/>\n<meta property=\"article:published_time\" content=\"2022-07-18T10:12:24+00:00\" \/>\n<meta property=\"article:modified_time\" content=\"2022-07-20T06:09:23+00:00\" \/>\n<meta property=\"og:image\" content=\"https:\/\/fotsportegyesulet.hu\/wp-content\/uploads\/2022\/07\/dynamic-little-caucasian-girl-rhytmic-gymnast-training-performing-isolated-gradient-blue-red-studio-background-neon-graceful-flexible-strong-child-concept-sport-motion-actio.jpg\" \/>\n\t<meta property=\"og:image:width\" content=\"1200\" \/>\n\t<meta property=\"og:image:height\" content=\"679\" \/>\n\t<meta property=\"og:image:type\" content=\"image\/jpeg\" \/>\n<meta name=\"author\" content=\"F\u00f3t SE\" \/>\n<meta name=\"twitter:card\" content=\"summary_large_image\" \/>\n<meta name=\"twitter:label1\" content=\"Szerz\u0151:\" \/>\n\t<meta name=\"twitter:data1\" content=\"F\u00f3t SE\" \/>\n\t<meta name=\"twitter:label2\" content=\"Becs\u00fclt olvas\u00e1si id\u0151\" \/>\n\t<meta name=\"twitter:data2\" content=\"2 perc\" \/>\n<script type=\"application\/ld+json\" class=\"yoast-schema-graph\">{\"@context\":\"https:\/\/schema.org\",\"@graph\":[{\"@type\":\"Article\",\"@id\":\"https:\/\/fotsportegyesulet.hu\/index.php\/2022\/07\/18\/elinult-az-fse-ritmikus-gimnasztika-szakosztalyanak-elojelentkezese\/#article\",\"isPartOf\":{\"@id\":\"https:\/\/fotsportegyesulet.hu\/index.php\/2022\/07\/18\/elinult-az-fse-ritmikus-gimnasztika-szakosztalyanak-elojelentkezese\/\"},\"author\":{\"name\":\"F\u00f3t SE\",\"@id\":\"https:\/\/fotsportegyesulet.hu\/#\/schema\/person\/8750ccb3a5183172b75dcc348ffbdbb1\"},\"headline\":\"Elindult az FSE Ritmikus gimnasztika szakoszt\u00e1ly\u00e1nak el\u0151jelentkez\u00e9se\",\"datePublished\":\"2022-07-18T10:12:24+00:00\",\"dateModified\":\"2022-07-20T06:09:23+00:00\",\"mainEntityOfPage\":{\"@id\":\"https:\/\/fotsportegyesulet.hu\/index.php\/2022\/07\/18\/elinult-az-fse-ritmikus-gimnasztika-szakosztalyanak-elojelentkezese\/\"},\"wordCount\":198,\"publisher\":{\"@id\":\"https:\/\/fotsportegyesulet.hu\/#organization\"},\"image\":{\"@id\":\"https:\/\/fotsportegyesulet.hu\/index.php\/2022\/07\/18\/elinult-az-fse-ritmikus-gimnasztika-szakosztalyanak-elojelentkezese\/#primaryimage\"},\"thumbnailUrl\":\"https:\/\/fotsportegyesulet.hu\/wp-content\/uploads\/2022\/07\/956455rsg.jpg\",\"articleSection\":[\"H\u00edrek\",\"Ritmikus gimnasztika\"],\"inLanguage\":\"hu\"},{\"@type\":\"WebPage\",\"@id\":\"https:\/\/fotsportegyesulet.hu\/index.php\/2022\/07\/18\/elinult-az-fse-ritmikus-gimnasztika-szakosztalyanak-elojelentkezese\/\",\"url\":\"https:\/\/fotsportegyesulet.hu\/index.php\/2022\/07\/18\/elinult-az-fse-ritmikus-gimnasztika-szakosztalyanak-elojelentkezese\/\",\"name\":\"Elindult az FSE Ritmikus gimnasztika szakoszt\u00e1ly\u00e1nak el\u0151jelentkez\u00e9se - F\u00d3T SPORTEGYES\u00dcLET\",\"isPartOf\":{\"@id\":\"https:\/\/fotsportegyesulet.hu\/#website\"},\"primaryImageOfPage\":{\"@id\":\"https:\/\/fotsportegyesulet.hu\/index.php\/2022\/07\/18\/elinult-az-fse-ritmikus-gimnasztika-szakosztalyanak-elojelentkezese\/#primaryimage\"},\"image\":{\"@id\":\"https:\/\/fotsportegyesulet.hu\/index.php\/2022\/07\/18\/elinult-az-fse-ritmikus-gimnasztika-szakosztalyanak-elojelentkezese\/#primaryimage\"},\"thumbnailUrl\":\"https:\/\/fotsportegyesulet.hu\/wp-content\/uploads\/2022\/07\/956455rsg.jpg\",\"datePublished\":\"2022-07-18T10:12:24+00:00\",\"dateModified\":\"2022-07-20T06:09:23+00:00\",\"description\":\"Az FSE Ritmikus gimnasztika szakoszt\u00e1lya felv\u00e9telt hirdet a 2022\/23. tan\u00e9vre. 4-7 \u00e9ves \u00f3vod\u00e1skor\u00fa \u00e9s 6-12 \u00e9ves ikol\u00e1skor\u00fa l\u00e1nyok r\u00e9sz\u00e9re, az egyik legszebb n\u0151i sport\u00e1g alapjainak elsaj\u00e1t\u00edt\u00e1s\u00e1ra.\u00a0\",\"breadcrumb\":{\"@id\":\"https:\/\/fotsportegyesulet.hu\/index.php\/2022\/07\/18\/elinult-az-fse-ritmikus-gimnasztika-szakosztalyanak-elojelentkezese\/#breadcrumb\"},\"inLanguage\":\"hu\",\"potentialAction\":[{\"@type\":\"ReadAction\",\"target\":[\"https:\/\/fotsportegyesulet.hu\/index.php\/2022\/07\/18\/elinult-az-fse-ritmikus-gimnasztika-szakosztalyanak-elojelentkezese\/\"]}]},{\"@type\":\"ImageObject\",\"inLanguage\":\"hu\",\"@id\":\"https:\/\/fotsportegyesulet.hu\/index.php\/2022\/07\/18\/elinult-az-fse-ritmikus-gimnasztika-szakosztalyanak-elojelentkezese\/#primaryimage\",\"url\":\"https:\/\/fotsportegyesulet.hu\/wp-content\/uploads\/2022\/07\/956455rsg.jpg\",\"contentUrl\":\"https:\/\/fotsportegyesulet.hu\/wp-content\/uploads\/2022\/07\/956455rsg.jpg\",\"width\":954,\"height\":455,\"caption\":\"Dynamic. Little caucasian girl, rhytmic gymnast training, performing isolated on gradient blue-red studio background in neon. Graceful and flexible, strong child. Concept of sport, motion, action.\"},{\"@type\":\"BreadcrumbList\",\"@id\":\"https:\/\/fotsportegyesulet.hu\/index.php\/2022\/07\/18\/elinult-az-fse-ritmikus-gimnasztika-szakosztalyanak-elojelentkezese\/#breadcrumb\",\"itemListElement\":[{\"@type\":\"ListItem\",\"position\":1,\"name\":\"Kezd\u0151lap\",\"item\":\"https:\/\/fotsportegyesulet.hu\/\"},{\"@type\":\"ListItem\",\"position\":2,\"name\":\"Elindult az FSE Ritmikus gimnasztika szakoszt\u00e1ly\u00e1nak el\u0151jelentkez\u00e9se\"}]},{\"@type\":\"WebSite\",\"@id\":\"https:\/\/fotsportegyesulet.hu\/#website\",\"url\":\"https:\/\/fotsportegyesulet.hu\/\",\"name\":\"F\u00d3T SPORTEGYES\u00dcLET\",\"description\":\"\",\"publisher\":{\"@id\":\"https:\/\/fotsportegyesulet.hu\/#organization\"},\"potentialAction\":[{\"@type\":\"SearchAction\",\"target\":{\"@type\":\"EntryPoint\",\"urlTemplate\":\"https:\/\/fotsportegyesulet.hu\/?s={search_term_string}\"},\"query-input\":{\"@type\":\"PropertyValueSpecification\",\"valueRequired\":true,\"valueName\":\"search_term_string\"}}],\"inLanguage\":\"hu\"},{\"@type\":\"Organization\",\"@id\":\"https:\/\/fotsportegyesulet.hu\/#organization\",\"name\":\"F\u00f3t Sportegyes\u00fclet\",\"url\":\"https:\/\/fotsportegyesulet.hu\/\",\"logo\":{\"@type\":\"ImageObject\",\"inLanguage\":\"hu\",\"@id\":\"https:\/\/fotsportegyesulet.hu\/#\/schema\/logo\/image\/\",\"url\":\"https:\/\/fotsportegyesulet.hu\/wp-content\/uploads\/2020\/07\/eredeti-sz\u00ednes-vektoros-Fot-cimer-3.png\",\"contentUrl\":\"https:\/\/fotsportegyesulet.hu\/wp-content\/uploads\/2020\/07\/eredeti-sz\u00ednes-vektoros-Fot-cimer-3.png\",\"width\":500,\"height\":500,\"caption\":\"F\u00f3t Sportegyes\u00fclet\"},\"image\":{\"@id\":\"https:\/\/fotsportegyesulet.hu\/#\/schema\/logo\/image\/\"},\"sameAs\":[\"https:\/\/www.facebook.com\/fotsportegyesulet\/\"]},{\"@type\":\"Person\",\"@id\":\"https:\/\/fotsportegyesulet.hu\/#\/schema\/person\/8750ccb3a5183172b75dcc348ffbdbb1\",\"name\":\"F\u00f3t SE\",\"image\":{\"@type\":\"ImageObject\",\"inLanguage\":\"hu\",\"@id\":\"https:\/\/fotsportegyesulet.hu\/#\/schema\/person\/image\/\",\"url\":\"https:\/\/secure.gravatar.com\/avatar\/2f768bb7a490a49aeb2ccaf4bacc94391bbafd4b6aa54eb6f9318ffc80d81dad?s=96&d=mm&r=g\",\"contentUrl\":\"https:\/\/secure.gravatar.com\/avatar\/2f768bb7a490a49aeb2ccaf4bacc94391bbafd4b6aa54eb6f9318ffc80d81dad?s=96&d=mm&r=g\",\"caption\":\"F\u00f3t SE\"},\"sameAs\":[\"http:\/\/fotsportegyesulet.hu\"],\"url\":\"https:\/\/fotsportegyesulet.hu\/index.php\/author\/kapitany-zoltan\/\"}]}<\/script>\n<!-- \/ Yoast SEO plugin. -->","yoast_head_json":{"title":"Elindult az FSE Ritmikus gimnasztika szakoszt\u00e1ly\u00e1nak el\u0151jelentkez\u00e9se - F\u00d3T SPORTEGYES\u00dcLET","description":"Az FSE Ritmikus gimnasztika szakoszt\u00e1lya felv\u00e9telt hirdet a 2022\/23. tan\u00e9vre. 4-7 \u00e9ves \u00f3vod\u00e1skor\u00fa \u00e9s 6-12 \u00e9ves ikol\u00e1skor\u00fa l\u00e1nyok r\u00e9sz\u00e9re, az egyik legszebb n\u0151i sport\u00e1g alapjainak elsaj\u00e1t\u00edt\u00e1s\u00e1ra.\u00a0","robots":{"index":"index","follow":"follow","max-snippet":"max-snippet:-1","max-image-preview":"max-image-preview:large","max-video-preview":"max-video-preview:-1"},"canonical":"https:\/\/fotsportegyesulet.hu\/index.php\/2022\/07\/18\/elinult-az-fse-ritmikus-gimnasztika-szakosztalyanak-elojelentkezese\/","og_locale":"hu_HU","og_type":"article","og_title":"Elindult az FSE Ritmikus gimnasztika szakoszt\u00e1ly\u00e1nak el\u0151jelentkez\u00e9se - F\u00d3T SPORTEGYES\u00dcLET","og_description":"Az FSE Ritmikus gimnasztika szakoszt\u00e1lya felv\u00e9telt hirdet a 2022\/23. tan\u00e9vre. 4-7 \u00e9ves \u00f3vod\u00e1skor\u00fa \u00e9s 6-12 \u00e9ves ikol\u00e1skor\u00fa l\u00e1nyok r\u00e9sz\u00e9re, az egyik legszebb n\u0151i sport\u00e1g alapjainak elsaj\u00e1t\u00edt\u00e1s\u00e1ra.\u00a0","og_url":"https:\/\/fotsportegyesulet.hu\/index.php\/2022\/07\/18\/elinult-az-fse-ritmikus-gimnasztika-szakosztalyanak-elojelentkezese\/","og_site_name":"F\u00d3T SPORTEGYES\u00dcLET","article_publisher":"https:\/\/www.facebook.com\/fotsportegyesulet\/","article_published_time":"2022-07-18T10:12:24+00:00","article_modified_time":"2022-07-20T06:09:23+00:00","og_image":[{"width":1200,"height":679,"url":"https:\/\/fotsportegyesulet.hu\/wp-content\/uploads\/2022\/07\/dynamic-little-caucasian-girl-rhytmic-gymnast-training-performing-isolated-gradient-blue-red-studio-background-neon-graceful-flexible-strong-child-concept-sport-motion-actio.jpg","type":"image\/jpeg"}],"author":"F\u00f3t SE","twitter_card":"summary_large_image","twitter_misc":{"Szerz\u0151:":"F\u00f3t SE","Becs\u00fclt olvas\u00e1si id\u0151":"2 perc"},"schema":{"@context":"https:\/\/schema.org","@graph":[{"@type":"Article","@id":"https:\/\/fotsportegyesulet.hu\/index.php\/2022\/07\/18\/elinult-az-fse-ritmikus-gimnasztika-szakosztalyanak-elojelentkezese\/#article","isPartOf":{"@id":"https:\/\/fotsportegyesulet.hu\/index.php\/2022\/07\/18\/elinult-az-fse-ritmikus-gimnasztika-szakosztalyanak-elojelentkezese\/"},"author":{"name":"F\u00f3t SE","@id":"https:\/\/fotsportegyesulet.hu\/#\/schema\/person\/8750ccb3a5183172b75dcc348ffbdbb1"},"headline":"Elindult az FSE Ritmikus gimnasztika szakoszt\u00e1ly\u00e1nak el\u0151jelentkez\u00e9se","datePublished":"2022-07-18T10:12:24+00:00","dateModified":"2022-07-20T06:09:23+00:00","mainEntityOfPage":{"@id":"https:\/\/fotsportegyesulet.hu\/index.php\/2022\/07\/18\/elinult-az-fse-ritmikus-gimnasztika-szakosztalyanak-elojelentkezese\/"},"wordCount":198,"publisher":{"@id":"https:\/\/fotsportegyesulet.hu\/#organization"},"image":{"@id":"https:\/\/fotsportegyesulet.hu\/index.php\/2022\/07\/18\/elinult-az-fse-ritmikus-gimnasztika-szakosztalyanak-elojelentkezese\/#primaryimage"},"thumbnailUrl":"https:\/\/fotsportegyesulet.hu\/wp-content\/uploads\/2022\/07\/956455rsg.jpg","articleSection":["H\u00edrek","Ritmikus gimnasztika"],"inLanguage":"hu"},{"@type":"WebPage","@id":"https:\/\/fotsportegyesulet.hu\/index.php\/2022\/07\/18\/elinult-az-fse-ritmikus-gimnasztika-szakosztalyanak-elojelentkezese\/","url":"https:\/\/fotsportegyesulet.hu\/index.php\/2022\/07\/18\/elinult-az-fse-ritmikus-gimnasztika-szakosztalyanak-elojelentkezese\/","name":"Elindult az FSE Ritmikus gimnasztika szakoszt\u00e1ly\u00e1nak el\u0151jelentkez\u00e9se - F\u00d3T SPORTEGYES\u00dcLET","isPartOf":{"@id":"https:\/\/fotsportegyesulet.hu\/#website"},"primaryImageOfPage":{"@id":"https:\/\/fotsportegyesulet.hu\/index.php\/2022\/07\/18\/elinult-az-fse-ritmikus-gimnasztika-szakosztalyanak-elojelentkezese\/#primaryimage"},"image":{"@id":"https:\/\/fotsportegyesulet.hu\/index.php\/2022\/07\/18\/elinult-az-fse-ritmikus-gimnasztika-szakosztalyanak-elojelentkezese\/#primaryimage"},"thumbnailUrl":"https:\/\/fotsportegyesulet.hu\/wp-content\/uploads\/2022\/07\/956455rsg.jpg","datePublished":"2022-07-18T10:12:24+00:00","dateModified":"2022-07-20T06:09:23+00:00","description":"Az FSE Ritmikus gimnasztika szakoszt\u00e1lya felv\u00e9telt hirdet a 2022\/23. tan\u00e9vre. 4-7 \u00e9ves \u00f3vod\u00e1skor\u00fa \u00e9s 6-12 \u00e9ves ikol\u00e1skor\u00fa l\u00e1nyok r\u00e9sz\u00e9re, az egyik legszebb n\u0151i sport\u00e1g alapjainak elsaj\u00e1t\u00edt\u00e1s\u00e1ra.\u00a0","breadcrumb":{"@id":"https:\/\/fotsportegyesulet.hu\/index.php\/2022\/07\/18\/elinult-az-fse-ritmikus-gimnasztika-szakosztalyanak-elojelentkezese\/#breadcrumb"},"inLanguage":"hu","potentialAction":[{"@type":"ReadAction","target":["https:\/\/fotsportegyesulet.hu\/index.php\/2022\/07\/18\/elinult-az-fse-ritmikus-gimnasztika-szakosztalyanak-elojelentkezese\/"]}]},{"@type":"ImageObject","inLanguage":"hu","@id":"https:\/\/fotsportegyesulet.hu\/index.php\/2022\/07\/18\/elinult-az-fse-ritmikus-gimnasztika-szakosztalyanak-elojelentkezese\/#primaryimage","url":"https:\/\/fotsportegyesulet.hu\/wp-content\/uploads\/2022\/07\/956455rsg.jpg","contentUrl":"https:\/\/fotsportegyesulet.hu\/wp-content\/uploads\/2022\/07\/956455rsg.jpg","width":954,"height":455,"caption":"Dynamic. Little caucasian girl, rhytmic gymnast training, performing isolated on gradient blue-red studio background in neon. Graceful and flexible, strong child. Concept of sport, motion, action."},{"@type":"BreadcrumbList","@id":"https:\/\/fotsportegyesulet.hu\/index.php\/2022\/07\/18\/elinult-az-fse-ritmikus-gimnasztika-szakosztalyanak-elojelentkezese\/#breadcrumb","itemListElement":[{"@type":"ListItem","position":1,"name":"Kezd\u0151lap","item":"https:\/\/fotsportegyesulet.hu\/"},{"@type":"ListItem","position":2,"name":"Elindult az FSE Ritmikus gimnasztika szakoszt\u00e1ly\u00e1nak el\u0151jelentkez\u00e9se"}]},{"@type":"WebSite","@id":"https:\/\/fotsportegyesulet.hu\/#website","url":"https:\/\/fotsportegyesulet.hu\/","name":"F\u00d3T SPORTEGYES\u00dcLET","description":"","publisher":{"@id":"https:\/\/fotsportegyesulet.hu\/#organization"},"potentialAction":[{"@type":"SearchAction","target":{"@type":"EntryPoint","urlTemplate":"https:\/\/fotsportegyesulet.hu\/?s={search_term_string}"},"query-input":{"@type":"PropertyValueSpecification","valueRequired":true,"valueName":"search_term_string"}}],"inLanguage":"hu"},{"@type":"Organization","@id":"https:\/\/fotsportegyesulet.hu\/#organization","name":"F\u00f3t Sportegyes\u00fclet","url":"https:\/\/fotsportegyesulet.hu\/","logo":{"@type":"ImageObject","inLanguage":"hu","@id":"https:\/\/fotsportegyesulet.hu\/#\/schema\/logo\/image\/","url":"https:\/\/fotsportegyesulet.hu\/wp-content\/uploads\/2020\/07\/eredeti-sz\u00ednes-vektoros-Fot-cimer-3.png","contentUrl":"https:\/\/fotsportegyesulet.hu\/wp-content\/uploads\/2020\/07\/eredeti-sz\u00ednes-vektoros-Fot-cimer-3.png","width":500,"height":500,"caption":"F\u00f3t Sportegyes\u00fclet"},"image":{"@id":"https:\/\/fotsportegyesulet.hu\/#\/schema\/logo\/image\/"},"sameAs":["https:\/\/www.facebook.com\/fotsportegyesulet\/"]},{"@type":"Person","@id":"https:\/\/fotsportegyesulet.hu\/#\/schema\/person\/8750ccb3a5183172b75dcc348ffbdbb1","name":"F\u00f3t SE","image":{"@type":"ImageObject","inLanguage":"hu","@id":"https:\/\/fotsportegyesulet.hu\/#\/schema\/person\/image\/","url":"https:\/\/secure.gravatar.com\/avatar\/2f768bb7a490a49aeb2ccaf4bacc94391bbafd4b6aa54eb6f9318ffc80d81dad?s=96&d=mm&r=g","contentUrl":"https:\/\/secure.gravatar.com\/avatar\/2f768bb7a490a49aeb2ccaf4bacc94391bbafd4b6aa54eb6f9318ffc80d81dad?s=96&d=mm&r=g","caption":"F\u00f3t SE"},"sameAs":["http:\/\/fotsportegyesulet.hu"],"url":"https:\/\/fotsportegyesulet.hu\/index.php\/author\/kapitany-zoltan\/"}]}},"_links":{"self":[{"href":"https:\/\/fotsportegyesulet.hu\/index.php\/wp-json\/wp\/v2\/posts\/4846","targetHints":{"allow":["GET"]}}],"collection":[{"href":"https:\/\/fotsportegyesulet.hu\/index.php\/wp-json\/wp\/v2\/posts"}],"about":[{"href":"https:\/\/fotsportegyesulet.hu\/index.php\/wp-json\/wp\/v2\/types\/post"}],"author":[{"embeddable":true,"href":"https:\/\/fotsportegyesulet.hu\/index.php\/wp-json\/wp\/v2\/users\/3"}],"replies":[{"embeddable":true,"href":"https:\/\/fotsportegyesulet.hu\/index.php\/wp-json\/wp\/v2\/comments?post=4846"}],"version-history":[{"count":5,"href":"https:\/\/fotsportegyesulet.hu\/index.php\/wp-json\/wp\/v2\/posts\/4846\/revisions"}],"predecessor-version":[{"id":4874,"href":"https:\/\/fotsportegyesulet.hu\/index.php\/wp-json\/wp\/v2\/posts\/4846\/revisions\/4874"}],"wp:featuredmedia":[{"embeddable":true,"href":"https:\/\/fotsportegyesulet.hu\/index.php\/wp-json\/wp\/v2\/media\/4850"}],"wp:attachment":[{"href":"https:\/\/fotsportegyesulet.hu\/index.php\/wp-json\/wp\/v2\/media?parent=4846"}],"wp:term":[{"taxonomy":"category","embeddable":true,"href":"https:\/\/fotsportegyesulet.hu\/index.php\/wp-json\/wp\/v2\/categories?post=4846"},{"taxonomy":"post_tag","embeddable":true,"href":"https:\/\/fotsportegyesulet.hu\/index.php\/wp-json\/wp\/v2\/tags?post=4846"}],"curies":[{"name":"wp","href":"https:\/\/api.w.org\/{rel}","templated":true}]}}