{"id":4742,"date":"2022-07-06T11:03:50","date_gmt":"2022-07-06T09:03:50","guid":{"rendered":"https:\/\/fotsportegyesulet.hu\/?p=4742"},"modified":"2022-07-06T11:15:28","modified_gmt":"2022-07-06T09:15:28","slug":"szazszazalekos-teljesitmennyel-lett-aranyermes-a-fot","status":"publish","type":"post","link":"https:\/\/fotsportegyesulet.hu\/index.php\/2022\/07\/06\/szazszazalekos-teljesitmennyel-lett-aranyermes-a-fot\/","title":{"rendered":"Sz\u00e1zsz\u00e1zal\u00e9kos teljes\u00edtm\u00e9nnyel lett arany\u00e9rmes a F\u00f3t!"},"content":{"rendered":"<p><strong>PEST MEGYEI IV. OSZT\u00c1LY, K\u00d6Z\u00c9P-CSOPORT<\/strong><\/p>\n<p><strong>Sz\u00e1zsz\u00e1zal\u00e9kos teljes\u00edtm\u00e9nnyel lett arany\u00e9rmes a F\u00f3t<\/strong><br \/>\nNem mindennapi teljes\u00edtm\u00e9nyt ny\u00fajtva, sz\u00e1zsz\u00e1zal\u00e9kos eredm\u00e9nysorral z\u00e1rta a 2021\/2022-es szezont a F\u00f3t I. g\u00e1rd\u00e1ja a Pest megyei IV. oszt\u00e1ly, K\u00f6z\u00e9p-csoportj\u00e1ban, amely Serd\u00fclt Tam\u00e1s (a k\u00e9pen a k\u00f6z\u00e9ps\u0151 sor k\u00f6zep\u00e9n) j\u00e1t\u00e9kos-edz\u0151 ir\u00e1ny\u00edt\u00e1s\u00e1val sem az alapszakasz 16, sem pedig az azt k\u00f6vet\u0151 r\u00e1j\u00e1tsz\u00e1s hat tal\u00e1lkoz\u00f3j\u00e1n nem tal\u00e1lt legy\u0151z\u0151re. A c\u00e9l, mint azt a 36 \u00e9ves szakvezet\u0151t\u0151l megtudtuk, nem is lehetett m\u00e1s, csakis a bajnoki c\u00edm megszerz\u00e9se, egyben a feljut\u00e1s kiharcol\u00e1sa a harmadik vonalba. Itt sem szeretne azonban megragadni a f\u00f3ti egy\u00fcttes, hiszen enn\u00e9l l\u00e9nyegesen nagyrat\u00f6r\u0151bb tervei is vannak az egyes\u00fcletnek. Hogy mi, ez is kider\u00fcl az al\u00e1bbi cikk\u00fcnkb\u0151l.<\/p>\n<p>\u2013 M\u00e1r az el\u0151z\u0151 szezonban is eredm\u00e9nyesek voltak, igaz, akkor ez m\u00e9g \u201ecsak\u201d a 2. helyre volt elegend\u0151 a Tura m\u00f6g\u00f6tt. A c\u00e9ljuk nyilv\u00e1n az el\u0151rel\u00e9p\u00e9s volt a 2021\/2022-es bajnoks\u00e1gban?<br \/>\n\u2013 Term\u00e9szetesen. Nem is lehetett m\u00e1s az elv\u00e1r\u00e1s, mint a bajnoki c\u00edm \u00e9s a feljut\u00e1s kiharcol\u00e1sa.<\/p>\n<p>\u2013 Mennyiben v\u00e1ltozott meg keret a m\u00falt szezonhoz k\u00e9pest?<br \/>\n\u2013 Egyetlen j\u00e1t\u00e9kost, Farkas Kriszti\u00e1nt hoztuk fel a F\u00f3t II.-b\u0151l, aki k\u00f6z\u00e9pp\u00e1ly\u00e1sk\u00e9nt szerepelt. \u00c9rdekes m\u00f3don, a k\u00fcl\u00f6nb\u00f6z\u0151 csal\u00e1di programok \u00e9s nyaral\u00e1sok miatt nem siker\u00fclt t\u00fals\u00e1gosan j\u00f3l a tavaly ny\u00e1ri felk\u00e9sz\u00fcl\u00e9s\u00fcnk, \u00e9s ilyen el\u0151zm\u00e9nyek ut\u00e1n v\u00e1gtunk neki a pontvad\u00e1szatnak.<\/p>\n<p>\u2013 Ak\u00e1rcsak az el\u0151z\u0151 bajnoks\u00e1gban, legut\u00f3bb is k\u00e9t feln\u0151tt egy\u00fcttessel indultak Pest megy\u00e9ben. Milyen c\u00e9llal indult el a F\u00f3t II.?<br \/>\n\u2013 Min\u00e9l t\u00f6bb \u00faj labdar\u00fag\u00f3 be\u00e9p\u00edt\u00e9se a csapatba, \u00e9s a lehet\u0151s\u00e9g szerinti j\u00f3 szerepl\u00e9s volt az els\u0151dleges szempont Balogh B\u00e9la koll\u00e9g\u00e1m \u00e9s csapata sz\u00e1m\u00e1ra.<\/p>\n<p>\u2013 Impon\u00e1l\u00f3 teljes\u00edtm\u00e9nyt ny\u00fajtottak, hiszen egyetlen riv\u00e1lisuk sem tudott pontot rabolni a F\u00f3tt\u00f3l. Kik voltak a legnagyobb ellenfeleik \u2013 ha lehet egy\u00e1ltal\u00e1n ilyet mondani egy sz\u00e1zsz\u00e1zal\u00e9kosan \u201elehozott\u201d szezont k\u00f6vet\u0151en?<br \/>\n\u2013 M\u00edg tavaly a Tura \u00e9s a F\u00f3t volt nagyj\u00e1b\u00f3l egy szinten, addig most a Veresegyh\u00e1z, a Szada \u00e9s a Kisalag nehez\u00edtette meg legink\u00e1bb a dolgunkat, ut\u00f3bbi ellen a kism\u00e9ret\u0171 p\u00e1lya nem volt \u00e9ppen az \u00edny\u00fcnkre val\u00f3. \u00d6sszess\u00e9g\u00e9ben, \u00fagy gondolom, sz\u00ednvonalas bajnoks\u00e1got tudhattunk magunk m\u00f6g\u00f6tt.<\/p>\n<p>\u2013 Mikor \u00e9rezte \u00fagy, hogy meglehet a bajnoki c\u00edm?<br \/>\n\u2013 Amikor az els\u0151 t\u00edz m\u00e9rk\u0151z\u00e9s\u00fcnkb\u0151l t\u00edzet siker\u00fclt megnyern\u00fcnk, komolyan felmer\u00fclt bennem, hogy el\u00e9rhet\u0151 k\u00f6zels\u00e9gbe ker\u00fclhet az arany\u00e9rem sz\u00e1munkra.<\/p>\n<p>\u2013 A rajt-c\u00e9l gy\u0151zelmet k\u00f6vet\u0151en mit lehet tudni a bajnokcsapat felk\u00e9sz\u00fcl\u00e9s\u00e9r\u0151l?<br \/>\n\u2013 Teljes le\u00e1ll\u00e1st nem szeretn\u00e9k, ezt elmondtam a j\u00e1t\u00e9kosoknak is. A harmadoszt\u00e1ly\u00fa bajnoks\u00e1gunk a kor\u00e1bbi \u00e9vekben megszokotthoz k\u00e9pest el\u0151bb m\u00e1r augusztus k\u00f6zep\u00e9n elkezd\u0151dik, h\u00e1rom-n\u00e9gy h\u00e9ttel a rajtot megel\u0151zve kezdj\u00fck meg a k\u00f6zvetlen felk\u00e9sz\u00fcl\u00e9st az \u00faj szezonra, hiszen nagyon fontos lesz a kell\u0151 er\u0151nl\u00e9t megszerz\u00e9se. Az edz\u00e9smunk\u00e1ban \u00e9s a l\u00e9tsz\u00e1mot tekintve is egy\u00e9rtelm\u0171en szeretn\u00e9nk fejl\u0151dni, min\u00e9l er\u0151sebb ellenfelekkel, \u00edgy a V\u00e1charty\u00e1nnal, a Mogyor\u00f3d \u201evegyessel\u201d \u00e9s a Szendehellyel is szeretn\u00e9nk majd edz\u0151m\u00e9rk\u0151z\u00e9seket j\u00e1tszani. A hosszabb t\u00e1v\u00fa terv\u00fcnk pedig a megyei II. oszt\u00e1lyba jut\u00e1s el\u00e9r\u00e9se, ehhez a nyugodt h\u00e1tteret a vezet\u0151s\u00e9g\u00fcnk \u2013 \u00e9l\u00e9n Kapit\u00e1ny Zolt\u00e1n eln\u00f6k \u00farral \u2013 maxim\u00e1lisan megteremti. Ahhoz, hogy a kit\u0171z\u00f6tt c\u00e9ljainkat el\u00e9rhess\u00fck, mindenkinek be kell \u00e1llnia a sorba, \u00e9s feltett sz\u00e1nd\u00e9kunk, hogy minden csapatr\u00e9szben meger\u0151s\u00edts\u00fck a keret\u00fcnket, hiszen a magasabb oszt\u00e1ly eg\u00e9szen m\u00e1s kih\u00edv\u00e1st fog jelenteni&#8230;<br \/>\nKov\u00e1cs Kriszti\u00e1n<\/p>\n<p>A Pest megyei IV. oszt\u00e1ly, K\u00f6z\u00e9p-csoportj\u00e1ban bajnok F\u00f3t 2021\/2022. \u00e9vi j\u00e1t\u00e9koskerete: B\u00edr\u00f3 M\u00f3zes, Farkas Simon (kapusok) \u2013 Baranyai Bence, Bartalus J\u00e1cint, Berta Korn\u00e9l, B\u00f3dizs Mil\u00e1n, Boros K\u00e1lm\u00e1n, Czill Bal\u00e1zs, Csuka Gergely, Farkas Kriszti\u00e1n, Helembai Botond, Hrebenku G\u00e1bor, Juh\u00e1sz Csaba, Katona M\u00e1t\u00e9, Krusinszki Csaba, M\u00e9sz\u00e1ros M\u00e1t\u00e9, Mezey \u00c1d\u00e1m, Mikulka Gyula, Moln\u00e1r M\u00e1t\u00e9, Nagy Bence, Potornai Mikl\u00f3s, Rataj Br\u00fan\u00f3, Rozgonyi Rich\u00e1rd, Serd\u00fclt Tam\u00e1s, Tak\u00e1cs Attila, T\u00f3th Rich\u00e1rd (mez\u0151nyj\u00e1t\u00e9kosok).<br \/>\n<img loading=\"lazy\" decoding=\"async\" src=\"https:\/\/fotsportegyesulet.hu\/wp-content\/uploads\/2022\/05\/DSC_6168_tablo_956x455-kiemelt-kep.jpg\" alt=\"\" width=\"955\" height=\"456\" class=\"alignnone size-full wp-image-4411\" srcset=\"https:\/\/fotsportegyesulet.hu\/wp-content\/uploads\/2022\/05\/DSC_6168_tablo_956x455-kiemelt-kep.jpg 955w, https:\/\/fotsportegyesulet.hu\/wp-content\/uploads\/2022\/05\/DSC_6168_tablo_956x455-kiemelt-kep-300x143.jpg 300w, https:\/\/fotsportegyesulet.hu\/wp-content\/uploads\/2022\/05\/DSC_6168_tablo_956x455-kiemelt-kep-768x367.jpg 768w\" sizes=\"auto, (max-width: 955px) 100vw, 955px\" \/><\/p>\n<p>Forr\u00e1s: Sportszelet online<\/p>\n<p>Hajr\u00e1 F\u00f3t!<\/p>\n","protected":false},"excerpt":{"rendered":"<p>Nem mindennapi teljes\u00edtm\u00e9nyt ny\u00fajtva z\u00e1rta a 2021\/2022-es szezont a F\u00f3t I. g\u00e1rd\u00e1ja a Pest megyei IV. oszt\u00e1ly, K\u00f6z\u00e9p-csoportj\u00e1ban.<\/p>\n","protected":false},"author":3,"featured_media":4411,"comment_status":"closed","ping_status":"open","sticky":false,"template":"","format":"standard","meta":{"_bbp_topic_count":0,"_bbp_reply_count":0,"_bbp_total_topic_count":0,"_bbp_total_reply_count":0,"_bbp_voice_count":0,"_bbp_anonymous_reply_count":0,"_bbp_topic_count_hidden":0,"_bbp_reply_count_hidden":0,"_bbp_forum_subforum_count":0,"_price":"","_stock":"","_tribe_ticket_header":"","_tribe_default_ticket_provider":"","_ticket_start_date":"","_ticket_end_date":"","_tribe_ticket_show_description":"","_tribe_ticket_show_not_going":false,"_tribe_ticket_use_global_stock":"","_tribe_ticket_global_stock_level":"","_global_stock_mode":"","_global_stock_cap":"","_tribe_rsvp_for_event":"","_tribe_ticket_going_count":"","_tribe_ticket_not_going_count":"","_tribe_tickets_list":"[]","_tribe_ticket_has_attendee_info_fields":false,"footnotes":""},"categories":[1],"tags":[],"class_list":["post-4742","post","type-post","status-publish","format-standard","has-post-thumbnail","hentry","category-hirek"],"yoast_head":"<!-- This site is optimized with the Yoast SEO plugin v25.7 - https:\/\/yoast.com\/wordpress\/plugins\/seo\/ -->\n<title>Sz\u00e1zsz\u00e1zal\u00e9kos teljes\u00edtm\u00e9nnyel lett arany\u00e9rmes a F\u00f3t! - F\u00d3T SPORTEGYES\u00dcLET<\/title>\n<meta name=\"robots\" content=\"index, follow, max-snippet:-1, max-image-preview:large, max-video-preview:-1\" \/>\n<link rel=\"canonical\" href=\"https:\/\/fotsportegyesulet.hu\/index.php\/2022\/07\/06\/szazszazalekos-teljesitmennyel-lett-aranyermes-a-fot\/\" \/>\n<meta property=\"og:locale\" content=\"hu_HU\" \/>\n<meta property=\"og:type\" content=\"article\" \/>\n<meta property=\"og:title\" content=\"Sz\u00e1zsz\u00e1zal\u00e9kos teljes\u00edtm\u00e9nnyel lett arany\u00e9rmes a F\u00f3t! - F\u00d3T SPORTEGYES\u00dcLET\" \/>\n<meta property=\"og:description\" content=\"Nem mindennapi teljes\u00edtm\u00e9nyt ny\u00fajtva z\u00e1rta a 2021\/2022-es szezont a F\u00f3t I. g\u00e1rd\u00e1ja a Pest megyei IV. oszt\u00e1ly, K\u00f6z\u00e9p-csoportj\u00e1ban.\" \/>\n<meta property=\"og:url\" content=\"https:\/\/fotsportegyesulet.hu\/index.php\/2022\/07\/06\/szazszazalekos-teljesitmennyel-lett-aranyermes-a-fot\/\" \/>\n<meta property=\"og:site_name\" content=\"F\u00d3T SPORTEGYES\u00dcLET\" \/>\n<meta property=\"article:publisher\" content=\"https:\/\/www.facebook.com\/fotsportegyesulet\/\" \/>\n<meta property=\"article:published_time\" content=\"2022-07-06T09:03:50+00:00\" \/>\n<meta property=\"article:modified_time\" content=\"2022-07-06T09:15:28+00:00\" \/>\n<meta property=\"og:image\" content=\"https:\/\/fotsportegyesulet.hu\/wp-content\/uploads\/2022\/05\/DSC_6168_tablo_956x455-kiemelt-kep.jpg\" \/>\n\t<meta property=\"og:image:width\" content=\"955\" \/>\n\t<meta property=\"og:image:height\" content=\"456\" \/>\n\t<meta property=\"og:image:type\" content=\"image\/jpeg\" \/>\n<meta name=\"author\" content=\"F\u00f3t SE\" \/>\n<meta name=\"twitter:card\" content=\"summary_large_image\" \/>\n<meta name=\"twitter:label1\" content=\"Szerz\u0151:\" \/>\n\t<meta name=\"twitter:data1\" content=\"F\u00f3t SE\" \/>\n\t<meta name=\"twitter:label2\" content=\"Becs\u00fclt olvas\u00e1si id\u0151\" \/>\n\t<meta name=\"twitter:data2\" content=\"4 perc\" \/>\n<script type=\"application\/ld+json\" class=\"yoast-schema-graph\">{\"@context\":\"https:\/\/schema.org\",\"@graph\":[{\"@type\":\"Article\",\"@id\":\"https:\/\/fotsportegyesulet.hu\/index.php\/2022\/07\/06\/szazszazalekos-teljesitmennyel-lett-aranyermes-a-fot\/#article\",\"isPartOf\":{\"@id\":\"https:\/\/fotsportegyesulet.hu\/index.php\/2022\/07\/06\/szazszazalekos-teljesitmennyel-lett-aranyermes-a-fot\/\"},\"author\":{\"name\":\"F\u00f3t SE\",\"@id\":\"https:\/\/fotsportegyesulet.hu\/#\/schema\/person\/8750ccb3a5183172b75dcc348ffbdbb1\"},\"headline\":\"Sz\u00e1zsz\u00e1zal\u00e9kos teljes\u00edtm\u00e9nnyel lett arany\u00e9rmes a F\u00f3t!\",\"datePublished\":\"2022-07-06T09:03:50+00:00\",\"dateModified\":\"2022-07-06T09:15:28+00:00\",\"mainEntityOfPage\":{\"@id\":\"https:\/\/fotsportegyesulet.hu\/index.php\/2022\/07\/06\/szazszazalekos-teljesitmennyel-lett-aranyermes-a-fot\/\"},\"wordCount\":870,\"publisher\":{\"@id\":\"https:\/\/fotsportegyesulet.hu\/#organization\"},\"image\":{\"@id\":\"https:\/\/fotsportegyesulet.hu\/index.php\/2022\/07\/06\/szazszazalekos-teljesitmennyel-lett-aranyermes-a-fot\/#primaryimage\"},\"thumbnailUrl\":\"https:\/\/fotsportegyesulet.hu\/wp-content\/uploads\/2022\/05\/DSC_6168_tablo_956x455-kiemelt-kep.jpg\",\"articleSection\":[\"H\u00edrek\"],\"inLanguage\":\"hu\"},{\"@type\":\"WebPage\",\"@id\":\"https:\/\/fotsportegyesulet.hu\/index.php\/2022\/07\/06\/szazszazalekos-teljesitmennyel-lett-aranyermes-a-fot\/\",\"url\":\"https:\/\/fotsportegyesulet.hu\/index.php\/2022\/07\/06\/szazszazalekos-teljesitmennyel-lett-aranyermes-a-fot\/\",\"name\":\"Sz\u00e1zsz\u00e1zal\u00e9kos teljes\u00edtm\u00e9nnyel lett arany\u00e9rmes a F\u00f3t! - F\u00d3T SPORTEGYES\u00dcLET\",\"isPartOf\":{\"@id\":\"https:\/\/fotsportegyesulet.hu\/#website\"},\"primaryImageOfPage\":{\"@id\":\"https:\/\/fotsportegyesulet.hu\/index.php\/2022\/07\/06\/szazszazalekos-teljesitmennyel-lett-aranyermes-a-fot\/#primaryimage\"},\"image\":{\"@id\":\"https:\/\/fotsportegyesulet.hu\/index.php\/2022\/07\/06\/szazszazalekos-teljesitmennyel-lett-aranyermes-a-fot\/#primaryimage\"},\"thumbnailUrl\":\"https:\/\/fotsportegyesulet.hu\/wp-content\/uploads\/2022\/05\/DSC_6168_tablo_956x455-kiemelt-kep.jpg\",\"datePublished\":\"2022-07-06T09:03:50+00:00\",\"dateModified\":\"2022-07-06T09:15:28+00:00\",\"breadcrumb\":{\"@id\":\"https:\/\/fotsportegyesulet.hu\/index.php\/2022\/07\/06\/szazszazalekos-teljesitmennyel-lett-aranyermes-a-fot\/#breadcrumb\"},\"inLanguage\":\"hu\",\"potentialAction\":[{\"@type\":\"ReadAction\",\"target\":[\"https:\/\/fotsportegyesulet.hu\/index.php\/2022\/07\/06\/szazszazalekos-teljesitmennyel-lett-aranyermes-a-fot\/\"]}]},{\"@type\":\"ImageObject\",\"inLanguage\":\"hu\",\"@id\":\"https:\/\/fotsportegyesulet.hu\/index.php\/2022\/07\/06\/szazszazalekos-teljesitmennyel-lett-aranyermes-a-fot\/#primaryimage\",\"url\":\"https:\/\/fotsportegyesulet.hu\/wp-content\/uploads\/2022\/05\/DSC_6168_tablo_956x455-kiemelt-kep.jpg\",\"contentUrl\":\"https:\/\/fotsportegyesulet.hu\/wp-content\/uploads\/2022\/05\/DSC_6168_tablo_956x455-kiemelt-kep.jpg\",\"width\":955,\"height\":456},{\"@type\":\"BreadcrumbList\",\"@id\":\"https:\/\/fotsportegyesulet.hu\/index.php\/2022\/07\/06\/szazszazalekos-teljesitmennyel-lett-aranyermes-a-fot\/#breadcrumb\",\"itemListElement\":[{\"@type\":\"ListItem\",\"position\":1,\"name\":\"Kezd\u0151lap\",\"item\":\"https:\/\/fotsportegyesulet.hu\/\"},{\"@type\":\"ListItem\",\"position\":2,\"name\":\"Sz\u00e1zsz\u00e1zal\u00e9kos teljes\u00edtm\u00e9nnyel lett arany\u00e9rmes a F\u00f3t!\"}]},{\"@type\":\"WebSite\",\"@id\":\"https:\/\/fotsportegyesulet.hu\/#website\",\"url\":\"https:\/\/fotsportegyesulet.hu\/\",\"name\":\"F\u00d3T SPORTEGYES\u00dcLET\",\"description\":\"\",\"publisher\":{\"@id\":\"https:\/\/fotsportegyesulet.hu\/#organization\"},\"potentialAction\":[{\"@type\":\"SearchAction\",\"target\":{\"@type\":\"EntryPoint\",\"urlTemplate\":\"https:\/\/fotsportegyesulet.hu\/?s={search_term_string}\"},\"query-input\":{\"@type\":\"PropertyValueSpecification\",\"valueRequired\":true,\"valueName\":\"search_term_string\"}}],\"inLanguage\":\"hu\"},{\"@type\":\"Organization\",\"@id\":\"https:\/\/fotsportegyesulet.hu\/#organization\",\"name\":\"F\u00f3t Sportegyes\u00fclet\",\"url\":\"https:\/\/fotsportegyesulet.hu\/\",\"logo\":{\"@type\":\"ImageObject\",\"inLanguage\":\"hu\",\"@id\":\"https:\/\/fotsportegyesulet.hu\/#\/schema\/logo\/image\/\",\"url\":\"https:\/\/fotsportegyesulet.hu\/wp-content\/uploads\/2020\/07\/eredeti-sz\u00ednes-vektoros-Fot-cimer-3.png\",\"contentUrl\":\"https:\/\/fotsportegyesulet.hu\/wp-content\/uploads\/2020\/07\/eredeti-sz\u00ednes-vektoros-Fot-cimer-3.png\",\"width\":500,\"height\":500,\"caption\":\"F\u00f3t Sportegyes\u00fclet\"},\"image\":{\"@id\":\"https:\/\/fotsportegyesulet.hu\/#\/schema\/logo\/image\/\"},\"sameAs\":[\"https:\/\/www.facebook.com\/fotsportegyesulet\/\"]},{\"@type\":\"Person\",\"@id\":\"https:\/\/fotsportegyesulet.hu\/#\/schema\/person\/8750ccb3a5183172b75dcc348ffbdbb1\",\"name\":\"F\u00f3t SE\",\"image\":{\"@type\":\"ImageObject\",\"inLanguage\":\"hu\",\"@id\":\"https:\/\/fotsportegyesulet.hu\/#\/schema\/person\/image\/\",\"url\":\"https:\/\/secure.gravatar.com\/avatar\/2f768bb7a490a49aeb2ccaf4bacc94391bbafd4b6aa54eb6f9318ffc80d81dad?s=96&d=mm&r=g\",\"contentUrl\":\"https:\/\/secure.gravatar.com\/avatar\/2f768bb7a490a49aeb2ccaf4bacc94391bbafd4b6aa54eb6f9318ffc80d81dad?s=96&d=mm&r=g\",\"caption\":\"F\u00f3t SE\"},\"sameAs\":[\"http:\/\/fotsportegyesulet.hu\"],\"url\":\"https:\/\/fotsportegyesulet.hu\/index.php\/author\/kapitany-zoltan\/\"}]}<\/script>\n<!-- \/ Yoast SEO plugin. -->","yoast_head_json":{"title":"Sz\u00e1zsz\u00e1zal\u00e9kos teljes\u00edtm\u00e9nnyel lett arany\u00e9rmes a F\u00f3t! - F\u00d3T SPORTEGYES\u00dcLET","robots":{"index":"index","follow":"follow","max-snippet":"max-snippet:-1","max-image-preview":"max-image-preview:large","max-video-preview":"max-video-preview:-1"},"canonical":"https:\/\/fotsportegyesulet.hu\/index.php\/2022\/07\/06\/szazszazalekos-teljesitmennyel-lett-aranyermes-a-fot\/","og_locale":"hu_HU","og_type":"article","og_title":"Sz\u00e1zsz\u00e1zal\u00e9kos teljes\u00edtm\u00e9nnyel lett arany\u00e9rmes a F\u00f3t! - F\u00d3T SPORTEGYES\u00dcLET","og_description":"Nem mindennapi teljes\u00edtm\u00e9nyt ny\u00fajtva z\u00e1rta a 2021\/2022-es szezont a F\u00f3t I. g\u00e1rd\u00e1ja a Pest megyei IV. oszt\u00e1ly, K\u00f6z\u00e9p-csoportj\u00e1ban.","og_url":"https:\/\/fotsportegyesulet.hu\/index.php\/2022\/07\/06\/szazszazalekos-teljesitmennyel-lett-aranyermes-a-fot\/","og_site_name":"F\u00d3T SPORTEGYES\u00dcLET","article_publisher":"https:\/\/www.facebook.com\/fotsportegyesulet\/","article_published_time":"2022-07-06T09:03:50+00:00","article_modified_time":"2022-07-06T09:15:28+00:00","og_image":[{"width":955,"height":456,"url":"https:\/\/fotsportegyesulet.hu\/wp-content\/uploads\/2022\/05\/DSC_6168_tablo_956x455-kiemelt-kep.jpg","type":"image\/jpeg"}],"author":"F\u00f3t SE","twitter_card":"summary_large_image","twitter_misc":{"Szerz\u0151:":"F\u00f3t SE","Becs\u00fclt olvas\u00e1si id\u0151":"4 perc"},"schema":{"@context":"https:\/\/schema.org","@graph":[{"@type":"Article","@id":"https:\/\/fotsportegyesulet.hu\/index.php\/2022\/07\/06\/szazszazalekos-teljesitmennyel-lett-aranyermes-a-fot\/#article","isPartOf":{"@id":"https:\/\/fotsportegyesulet.hu\/index.php\/2022\/07\/06\/szazszazalekos-teljesitmennyel-lett-aranyermes-a-fot\/"},"author":{"name":"F\u00f3t SE","@id":"https:\/\/fotsportegyesulet.hu\/#\/schema\/person\/8750ccb3a5183172b75dcc348ffbdbb1"},"headline":"Sz\u00e1zsz\u00e1zal\u00e9kos teljes\u00edtm\u00e9nnyel lett arany\u00e9rmes a F\u00f3t!","datePublished":"2022-07-06T09:03:50+00:00","dateModified":"2022-07-06T09:15:28+00:00","mainEntityOfPage":{"@id":"https:\/\/fotsportegyesulet.hu\/index.php\/2022\/07\/06\/szazszazalekos-teljesitmennyel-lett-aranyermes-a-fot\/"},"wordCount":870,"publisher":{"@id":"https:\/\/fotsportegyesulet.hu\/#organization"},"image":{"@id":"https:\/\/fotsportegyesulet.hu\/index.php\/2022\/07\/06\/szazszazalekos-teljesitmennyel-lett-aranyermes-a-fot\/#primaryimage"},"thumbnailUrl":"https:\/\/fotsportegyesulet.hu\/wp-content\/uploads\/2022\/05\/DSC_6168_tablo_956x455-kiemelt-kep.jpg","articleSection":["H\u00edrek"],"inLanguage":"hu"},{"@type":"WebPage","@id":"https:\/\/fotsportegyesulet.hu\/index.php\/2022\/07\/06\/szazszazalekos-teljesitmennyel-lett-aranyermes-a-fot\/","url":"https:\/\/fotsportegyesulet.hu\/index.php\/2022\/07\/06\/szazszazalekos-teljesitmennyel-lett-aranyermes-a-fot\/","name":"Sz\u00e1zsz\u00e1zal\u00e9kos teljes\u00edtm\u00e9nnyel lett arany\u00e9rmes a F\u00f3t! - F\u00d3T SPORTEGYES\u00dcLET","isPartOf":{"@id":"https:\/\/fotsportegyesulet.hu\/#website"},"primaryImageOfPage":{"@id":"https:\/\/fotsportegyesulet.hu\/index.php\/2022\/07\/06\/szazszazalekos-teljesitmennyel-lett-aranyermes-a-fot\/#primaryimage"},"image":{"@id":"https:\/\/fotsportegyesulet.hu\/index.php\/2022\/07\/06\/szazszazalekos-teljesitmennyel-lett-aranyermes-a-fot\/#primaryimage"},"thumbnailUrl":"https:\/\/fotsportegyesulet.hu\/wp-content\/uploads\/2022\/05\/DSC_6168_tablo_956x455-kiemelt-kep.jpg","datePublished":"2022-07-06T09:03:50+00:00","dateModified":"2022-07-06T09:15:28+00:00","breadcrumb":{"@id":"https:\/\/fotsportegyesulet.hu\/index.php\/2022\/07\/06\/szazszazalekos-teljesitmennyel-lett-aranyermes-a-fot\/#breadcrumb"},"inLanguage":"hu","potentialAction":[{"@type":"ReadAction","target":["https:\/\/fotsportegyesulet.hu\/index.php\/2022\/07\/06\/szazszazalekos-teljesitmennyel-lett-aranyermes-a-fot\/"]}]},{"@type":"ImageObject","inLanguage":"hu","@id":"https:\/\/fotsportegyesulet.hu\/index.php\/2022\/07\/06\/szazszazalekos-teljesitmennyel-lett-aranyermes-a-fot\/#primaryimage","url":"https:\/\/fotsportegyesulet.hu\/wp-content\/uploads\/2022\/05\/DSC_6168_tablo_956x455-kiemelt-kep.jpg","contentUrl":"https:\/\/fotsportegyesulet.hu\/wp-content\/uploads\/2022\/05\/DSC_6168_tablo_956x455-kiemelt-kep.jpg","width":955,"height":456},{"@type":"BreadcrumbList","@id":"https:\/\/fotsportegyesulet.hu\/index.php\/2022\/07\/06\/szazszazalekos-teljesitmennyel-lett-aranyermes-a-fot\/#breadcrumb","itemListElement":[{"@type":"ListItem","position":1,"name":"Kezd\u0151lap","item":"https:\/\/fotsportegyesulet.hu\/"},{"@type":"ListItem","position":2,"name":"Sz\u00e1zsz\u00e1zal\u00e9kos teljes\u00edtm\u00e9nnyel lett arany\u00e9rmes a F\u00f3t!"}]},{"@type":"WebSite","@id":"https:\/\/fotsportegyesulet.hu\/#website","url":"https:\/\/fotsportegyesulet.hu\/","name":"F\u00d3T SPORTEGYES\u00dcLET","description":"","publisher":{"@id":"https:\/\/fotsportegyesulet.hu\/#organization"},"potentialAction":[{"@type":"SearchAction","target":{"@type":"EntryPoint","urlTemplate":"https:\/\/fotsportegyesulet.hu\/?s={search_term_string}"},"query-input":{"@type":"PropertyValueSpecification","valueRequired":true,"valueName":"search_term_string"}}],"inLanguage":"hu"},{"@type":"Organization","@id":"https:\/\/fotsportegyesulet.hu\/#organization","name":"F\u00f3t Sportegyes\u00fclet","url":"https:\/\/fotsportegyesulet.hu\/","logo":{"@type":"ImageObject","inLanguage":"hu","@id":"https:\/\/fotsportegyesulet.hu\/#\/schema\/logo\/image\/","url":"https:\/\/fotsportegyesulet.hu\/wp-content\/uploads\/2020\/07\/eredeti-sz\u00ednes-vektoros-Fot-cimer-3.png","contentUrl":"https:\/\/fotsportegyesulet.hu\/wp-content\/uploads\/2020\/07\/eredeti-sz\u00ednes-vektoros-Fot-cimer-3.png","width":500,"height":500,"caption":"F\u00f3t Sportegyes\u00fclet"},"image":{"@id":"https:\/\/fotsportegyesulet.hu\/#\/schema\/logo\/image\/"},"sameAs":["https:\/\/www.facebook.com\/fotsportegyesulet\/"]},{"@type":"Person","@id":"https:\/\/fotsportegyesulet.hu\/#\/schema\/person\/8750ccb3a5183172b75dcc348ffbdbb1","name":"F\u00f3t SE","image":{"@type":"ImageObject","inLanguage":"hu","@id":"https:\/\/fotsportegyesulet.hu\/#\/schema\/person\/image\/","url":"https:\/\/secure.gravatar.com\/avatar\/2f768bb7a490a49aeb2ccaf4bacc94391bbafd4b6aa54eb6f9318ffc80d81dad?s=96&d=mm&r=g","contentUrl":"https:\/\/secure.gravatar.com\/avatar\/2f768bb7a490a49aeb2ccaf4bacc94391bbafd4b6aa54eb6f9318ffc80d81dad?s=96&d=mm&r=g","caption":"F\u00f3t SE"},"sameAs":["http:\/\/fotsportegyesulet.hu"],"url":"https:\/\/fotsportegyesulet.hu\/index.php\/author\/kapitany-zoltan\/"}]}},"_links":{"self":[{"href":"https:\/\/fotsportegyesulet.hu\/index.php\/wp-json\/wp\/v2\/posts\/4742","targetHints":{"allow":["GET"]}}],"collection":[{"href":"https:\/\/fotsportegyesulet.hu\/index.php\/wp-json\/wp\/v2\/posts"}],"about":[{"href":"https:\/\/fotsportegyesulet.hu\/index.php\/wp-json\/wp\/v2\/types\/post"}],"author":[{"embeddable":true,"href":"https:\/\/fotsportegyesulet.hu\/index.php\/wp-json\/wp\/v2\/users\/3"}],"replies":[{"embeddable":true,"href":"https:\/\/fotsportegyesulet.hu\/index.php\/wp-json\/wp\/v2\/comments?post=4742"}],"version-history":[{"count":6,"href":"https:\/\/fotsportegyesulet.hu\/index.php\/wp-json\/wp\/v2\/posts\/4742\/revisions"}],"predecessor-version":[{"id":4749,"href":"https:\/\/fotsportegyesulet.hu\/index.php\/wp-json\/wp\/v2\/posts\/4742\/revisions\/4749"}],"wp:featuredmedia":[{"embeddable":true,"href":"https:\/\/fotsportegyesulet.hu\/index.php\/wp-json\/wp\/v2\/media\/4411"}],"wp:attachment":[{"href":"https:\/\/fotsportegyesulet.hu\/index.php\/wp-json\/wp\/v2\/media?parent=4742"}],"wp:term":[{"taxonomy":"category","embeddable":true,"href":"https:\/\/fotsportegyesulet.hu\/index.php\/wp-json\/wp\/v2\/categories?post=4742"},{"taxonomy":"post_tag","embeddable":true,"href":"https:\/\/fotsportegyesulet.hu\/index.php\/wp-json\/wp\/v2\/tags?post=4742"}],"curies":[{"name":"wp","href":"https:\/\/api.w.org\/{rel}","templated":true}]}}