{"id":4465,"date":"2022-06-07T12:23:29","date_gmt":"2022-06-07T10:23:29","guid":{"rendered":"https:\/\/fotsportegyesulet.hu\/?p=4465"},"modified":"2022-06-07T12:28:28","modified_gmt":"2022-06-07T10:28:28","slug":"roplabda-edzesek-foton-interju-szalai-gabriella-edzovel","status":"publish","type":"post","link":"https:\/\/fotsportegyesulet.hu\/index.php\/2022\/06\/07\/roplabda-edzesek-foton-interju-szalai-gabriella-edzovel\/","title":{"rendered":"R\u00f6plabda edz\u00e9sek F\u00f3ton, interj\u00fa Szalai Gabriella edz\u0151vel"},"content":{"rendered":"<p>A r\u00f6plabda technikailag alighanem a legnehezebb labdasport, hiszen a j\u00e1t\u00e9k addig tart, am\u00edg a labda a leveg\u0151ben van, amint f\u00f6ldet \u00e9r, v\u00e9ge a menetnek. Sz\u00e1mos k\u00e9pess\u00e9get fejleszt, t\u00f6bbek k\u00f6zt a szem-k\u00e9z koordin\u00e1ci\u00f3t, \u00f6nuralmat, \u00e1ll\u00f3 \u00e9s koncentr\u00e1ci\u00f3s k\u00e9pess\u00e9get is. Intelligens csapatmunk\u00e1ra tan\u00edt, hobbiszinten, szabadid\u0151s tev\u00e9kenys\u00e9gk\u00e9nt is \u0171zhet\u0151.<\/p>\n<p>Mes\u00e9lj k\u00e9rlek magadr\u00f3l n\u00e9h\u00e1ny sz\u00f3ban! Mit lehet tudni r\u00f3lad?<\/p>\n<p>Szalai Gabriella vagyok, 32 \u00e9ves. Budapesten egy \u00e1ltal\u00e1nos iskol\u00e1ban dolgozom testnevel\u0151 tan\u00e1rk\u00e9nt. Emellett r\u00f6plabda edz\u0151k\u00e9nt tev\u00e9kenykedem F\u00f3ton, mely ebben a tan\u00e9vben indult el szeptemberben. T\u00f6bb mint 10 \u00e9vig r\u00f6plabd\u00e1ztam. Kor\u00e1bban edz\u0151sk\u00f6dtem m\u00e1s egyes\u00fcletekn\u00e9l is. Minden sport\u00e1gat kedvelek, de \u00e9rthet\u0151 m\u00f3don a r\u00f6plabda \u00e1ll a legk\u00f6zelebb a sz\u00edvemhez.<\/p>\n<p><img loading=\"lazy\" decoding=\"async\" class=\"aligncenter wp-image-4467 size-full\" src=\"https:\/\/fotsportegyesulet.hu\/wp-content\/uploads\/2022\/06\/Szalai-Gabriella.jpg\" alt=\"\" width=\"299\" height=\"299\" srcset=\"https:\/\/fotsportegyesulet.hu\/wp-content\/uploads\/2022\/06\/Szalai-Gabriella.jpg 299w, https:\/\/fotsportegyesulet.hu\/wp-content\/uploads\/2022\/06\/Szalai-Gabriella-150x150.jpg 150w\" sizes=\"auto, (max-width: 299px) 100vw, 299px\" \/><\/p>\n<p>Milyen szerepet t\u00f6lt be az \u00e9letedben a r\u00f6plabda, \u00e9s maga a sport?<\/p>\n<p>Eg\u00e9sz kis korom \u00f3ta r\u00e9sze az \u00e9letemnek a r\u00f6plabda. Remek edz\u0151im \u00e9s testnevel\u0151im voltak, akik megszeretett\u00e9k velem a sport\u00e1gat. A sport \u00e9s a r\u00f6plabda v\u00e9gig k\u00eds\u00e9rte az \u00e9letem, \u00e1ltal\u00e1nos iskol\u00e1t\u00f3l eg\u00e9szen az egyetem v\u00e9g\u00e9ig. Nagyon sok dologra megtan\u00edtott a sport. A sport &#8221; j\u00f3 mester&#8221;, mert megtan\u00edt az al\u00e1zatra, kitart\u00e1sra, rendre, \u00f6nfegyelemre, egy\u00fcttm\u0171k\u00f6d\u00e9sre a t\u00e1rsaimmal, becs\u00fclettel gy\u0151zni \u00e9s emelt f\u0151vel vesz\u00edteni. Ezut\u00e1n sajnos s\u00e9r\u00fcl\u00e9sek miatt az akt\u00edv sportot fel kellett adnom. Ezut\u00e1n v\u00e1lasztottam az edz\u0151sk\u00f6d\u00e9st.<\/p>\n<p>Hol v\u00e9gezted a tanulm\u00e1nyaidat?<\/p>\n<p>Az \u00e1ltal\u00e1nos iskol\u00e1ban \u00e9s gimn\u00e1ziumban is sport oszt\u00e1lyba j\u00e1rtam. A fels\u0151fok\u00fa tanulm\u00e1nyaimat a Ny\u00edregyh\u00e1zi Egyetemen \u00e9s a Testnevel\u00e9si Egyetemen v\u00e9geztem. A v\u00e9gzetts\u00e9gem \u00e1ltal\u00e1nos iskolai testnevel\u0151 \u00e9s f\u00f6ldrajztan\u00e1r. Emellett elv\u00e9geztem a r\u00f6plabda edz\u0151i \u00e9s egy szem\u00e9lyi edz\u0151 k\u00e9pz\u00e9st is. Sosem baj, ha valaki t\u00f6bb l\u00e1bon \u00e1ll, a tan\u00edtv\u00e1nyaimnak is ezt szoktam javasolni.<\/p>\n<p>Hogyan v\u00e1lt sz\u00e1modra az edz\u0151i l\u00e9t hivat\u00e1ss\u00e1?<\/p>\n<p>Kor\u00e1bban is eml\u00edtettem m\u00e1r, hogy az eg\u00e9sz \u00e9letemet v\u00e9gig k\u00eds\u00e9rt a sport, emiatt d\u00f6nt\u00f6ttem \u00fagy, hogy testnevel\u0151k\u00e9nt \u00e9s edz\u0151k\u00e9nt szeretn\u00e9k dolgozni. Emellett szerepet j\u00e1tszottak ezekben a d\u00f6nt\u00e9seimben az edz\u0151im \u00e9s a testnevel\u0151im, akik mindent megtan\u00edtottak nekem, \u00e9s remek p\u00e9ld\u00e1t mutattak. Olyann\u00e1 szerettem volna v\u00e1lni mint \u0151k, \u00e9s tov\u00e1bbadni amit t\u0151l\u00fck tanultam. Megszerettetni a sportot, r\u00f6plabd\u00e1t a gyerekekkel, fejleszteni \u0151ket, hogy \u00f6r\u00f6met tal\u00e1ljanak a sportban \u00e9s le tudj\u00e1k vezetni a fesz\u00fclts\u00e9geiket a sport \u00e1ltal.<\/p>\n<p>Milyen koroszt\u00e1ly sz\u00e1m\u00e1ra tartasz edz\u00e9seket? Jelenleg h\u00e1ny csapattal dolgoztok egy\u00fctt?<\/p>\n<p>Edz\u0151k\u00e9nt sz\u00e1mos iskolai di\u00e1kolimpi\u00e1n vett\u00fcnk m\u00e1r r\u00e9szt kor\u00e1bbi csapataimmal, sz\u00e9p eredm\u00e9nyekkel siker\u00fclt z\u00e1rnunk. Az egyes\u00fcletn\u00e9l ebben a tan\u00e9vben szeptembert\u0151l kezdtem dolgozni. Heti n\u00e9gy alkalommal tartok edz\u00e9seket F\u00f3ton. H\u00e9tf\u0151n \u00e9s szerd\u00e1n a F\u00f3ti \u00d6kumenikus \u00c1ltal\u00e1nos iskol\u00e1ban, kedden \u00e9s p\u00e9nteken a F\u00e1y Andr\u00e1s \u00e1ltal\u00e1nos iskol\u00e1ban dolgozom a gyerekekkel. Jelenleg t\u00f6bb koroszt\u00e1llyal is dolgozom. Eg\u00e9szen a picikt\u0151l (els\u0151 oszt\u00e1ly) a hetedik, nyolcadikosokig. U10, U11, U12 koroszt\u00e1ly. \u00cdgy k\u00e9t csapattal tudok dolgozni.<\/p>\n<p><img loading=\"lazy\" decoding=\"async\" class=\"aligncenter wp-image-4468 size-large\" src=\"https:\/\/fotsportegyesulet.hu\/wp-content\/uploads\/2022\/06\/unnamed-1024x806.jpg\" alt=\"\" width=\"1024\" height=\"806\" srcset=\"https:\/\/fotsportegyesulet.hu\/wp-content\/uploads\/2022\/06\/unnamed-1024x806.jpg 1024w, https:\/\/fotsportegyesulet.hu\/wp-content\/uploads\/2022\/06\/unnamed-300x236.jpg 300w, https:\/\/fotsportegyesulet.hu\/wp-content\/uploads\/2022\/06\/unnamed-768x604.jpg 768w, https:\/\/fotsportegyesulet.hu\/wp-content\/uploads\/2022\/06\/unnamed-1536x1209.jpg 1536w, https:\/\/fotsportegyesulet.hu\/wp-content\/uploads\/2022\/06\/unnamed-2048x1612.jpg 2048w\" sizes=\"auto, (max-width: 1024px) 100vw, 1024px\" \/><\/p>\n<p>Hogyan siker\u00fclt megoldanotok az edz\u00e9seket a Covid \u00e1ltal okozott id\u0151szakban? Milyen kellemetlens\u00e9get okozott ez nektek?<\/p>\n<p>A covid alatt nem volt egyszer\u0171 megoldani az edz\u00e9seket. Azokban az iskol\u00e1ba, ahol beengedtek \u00e9s engedt\u00e9k, hogy dolgozzunk, ott az iskola \u00e9s a covid miatt el\u0151\u00edrt szab\u00e1lyok betart\u00e1sa mellett tudtunk dolgozni.( szerek fert\u0151tlen\u00edt\u00e9se, l\u00e1zm\u00e9r\u00e9s). Ami neh\u00e9zs\u00e9get okozott ebben az id\u0151szakban, hogy sz\u00e1mos gyermek kiesett az edz\u00e9sekr\u0151l k\u00fcl\u00f6nb\u00f6z\u0151 okok miatt, illetve nyilv\u00e1n a szigor\u00fabb szab\u00e1lyok is nehez\u00edtett\u00e9k a munk\u00e1nkat, de szerencs\u00e9re t\u00fal vagyunk rajta, a l\u00e9tsz\u00e1m az edz\u00e9seken \u00fajra n\u00f6vekszik.<\/p>\n<p>Mik a terveid a j\u00f6v\u0151re tekintve a csapataiddal?<\/p>\n<p>Az id\u00e9n m\u00e9g versenyeken nem indultunk, de term\u00e9szetesen a j\u00f6v\u0151 \u00e9vben, \u00e9s a j\u00f6v\u0151ben tervben van sz\u00e1mos versenyen elindulni a csapatokkal, hisz t\u00f6bbet k\u00f6z\u00f6tt ez\u00e9rt is v\u00e9gezz\u00fck, azt a sok munk\u00e1t a gyerekekkel, hogy v\u00e9gre ne csak edz\u00e9s k\u00f6r\u00fclm\u00e9nyek k\u00f6z\u00f6tt j\u00e1tszhassanak, hanem verseny szitu\u00e1ci\u00f3ban is. Nagyon szeretn\u00e9k m\u00e1r a gyerekek magukat kipr\u00f3b\u00e1lni versenyeken, amik seg\u00edtik \u0151ket abban, hogy rutint szerezzenek.<\/p>\n<p>Mit \u00fczenn\u00e9l azoknak, akik m\u00e9g hezit\u00e1lnak, hogy csatlakozzanak-e?<\/p>\n<p>Az edz\u00e9seim nyitottak, szeretettel v\u00e1runk b\u00e1rmilyen kor\u00fa gyermeket az edz\u00e9sekre. Meg lehet az edz\u00e9seket n\u00e9zni, ha nem biztosak abban, hogy a r\u00f6plabd\u00e1t szeretn\u00e9k v\u00e1lasztani sportnak, de csak javasolni tudom. Ha szeretn\u00e9k, hogy a gyermek\u00fck egy kellemes l\u00e9gk\u00f6rh\u00f6z, j\u00f3 t\u00e1rsas\u00e1ghoz, csapathoz csatlakozzon, j\u00f3l \u00e9rezze mag\u00e1t, mozogjon, fejl\u0151dj\u0151n, akkor v\u00e1lassz\u00e1k a F\u00f3t Sportegyes\u00fclet r\u00f6plabda szakoszt\u00e1ly\u00e1t.<\/p>\n<p>V\u00e1runk mindenkit sok szeretettel, ha b\u00e1rmilyen k\u00e9rd\u00e9s\u00fck ad\u00f3dik, forduljanak hozz\u00e1m bizalommal.<\/p>\n<p>El\u00e9rhet\u0151s\u00e9geim:<\/p>\n<p><strong>Szalai Gabriella<\/strong><\/p>\n<p><a href=\"mailto:szalaigabika8914@gmail.com\">szalaigabika8914@gmail.com<\/a><\/p>\n<p>+36 30 293 5992<\/p>\n","protected":false},"excerpt":{"rendered":"<p>A sport &#8221; j\u00f3 mester&#8221;, mert megtan\u00edt az al\u00e1zatra, kitart\u00e1sra, rendre, \u00f6nfegyelemre, egy\u00fcttm\u0171k\u00f6d\u00e9sre a t\u00e1rsaimmal, becs\u00fclettel gy\u0151zni \u00e9s emelt f\u0151vel vesz\u00edteni.<\/p>\n","protected":false},"author":3,"featured_media":4471,"comment_status":"closed","ping_status":"open","sticky":false,"template":"","format":"standard","meta":{"_bbp_topic_count":0,"_bbp_reply_count":0,"_bbp_total_topic_count":0,"_bbp_total_reply_count":0,"_bbp_voice_count":0,"_bbp_anonymous_reply_count":0,"_bbp_topic_count_hidden":0,"_bbp_reply_count_hidden":0,"_bbp_forum_subforum_count":0,"_price":"","_stock":"","_tribe_ticket_header":"","_tribe_default_ticket_provider":"","_ticket_start_date":"","_ticket_end_date":"","_tribe_ticket_show_description":"","_tribe_ticket_show_not_going":false,"_tribe_ticket_use_global_stock":"","_tribe_ticket_global_stock_level":"","_global_stock_mode":"","_global_stock_cap":"","_tribe_rsvp_for_event":"","_tribe_ticket_going_count":"","_tribe_ticket_not_going_count":"","_tribe_tickets_list":"[]","_tribe_ticket_has_attendee_info_fields":false,"footnotes":""},"categories":[1],"tags":[122,121,95],"class_list":["post-4465","post","type-post","status-publish","format-standard","has-post-thumbnail","hentry","category-hirek","tag-gyerek","tag-roplabda","tag-sport"],"yoast_head":"<!-- This site is optimized with the Yoast SEO plugin v25.7 - https:\/\/yoast.com\/wordpress\/plugins\/seo\/ -->\n<title>R\u00f6plabda edz\u00e9sek F\u00f3ton, interj\u00fa Szalai Gabriella edz\u0151vel - F\u00d3T SPORTEGYES\u00dcLET<\/title>\n<meta name=\"robots\" content=\"index, follow, max-snippet:-1, max-image-preview:large, max-video-preview:-1\" \/>\n<link rel=\"canonical\" href=\"https:\/\/fotsportegyesulet.hu\/index.php\/2022\/06\/07\/roplabda-edzesek-foton-interju-szalai-gabriella-edzovel\/\" \/>\n<meta property=\"og:locale\" content=\"hu_HU\" \/>\n<meta property=\"og:type\" content=\"article\" \/>\n<meta property=\"og:title\" content=\"R\u00f6plabda edz\u00e9sek F\u00f3ton, interj\u00fa Szalai Gabriella edz\u0151vel - F\u00d3T SPORTEGYES\u00dcLET\" \/>\n<meta property=\"og:description\" content=\"A sport &quot; j\u00f3 mester&quot;, mert megtan\u00edt az al\u00e1zatra, kitart\u00e1sra, rendre, \u00f6nfegyelemre, egy\u00fcttm\u0171k\u00f6d\u00e9sre a t\u00e1rsaimmal, becs\u00fclettel gy\u0151zni \u00e9s emelt f\u0151vel vesz\u00edteni.\" \/>\n<meta property=\"og:url\" content=\"https:\/\/fotsportegyesulet.hu\/index.php\/2022\/06\/07\/roplabda-edzesek-foton-interju-szalai-gabriella-edzovel\/\" \/>\n<meta property=\"og:site_name\" content=\"F\u00d3T SPORTEGYES\u00dcLET\" \/>\n<meta property=\"article:publisher\" content=\"https:\/\/www.facebook.com\/fotsportegyesulet\/\" \/>\n<meta property=\"article:published_time\" content=\"2022-06-07T10:23:29+00:00\" \/>\n<meta property=\"article:modified_time\" content=\"2022-06-07T10:28:28+00:00\" \/>\n<meta property=\"og:image\" content=\"https:\/\/fotsportegyesulet.hu\/wp-content\/uploads\/2022\/06\/roplabda_jo-meret.jpg\" \/>\n\t<meta property=\"og:image:width\" content=\"956\" \/>\n\t<meta property=\"og:image:height\" content=\"455\" \/>\n\t<meta property=\"og:image:type\" content=\"image\/jpeg\" \/>\n<meta name=\"author\" content=\"F\u00f3t SE\" \/>\n<meta name=\"twitter:card\" content=\"summary_large_image\" \/>\n<meta name=\"twitter:label1\" content=\"Szerz\u0151:\" \/>\n\t<meta name=\"twitter:data1\" content=\"F\u00f3t SE\" \/>\n\t<meta name=\"twitter:label2\" content=\"Becs\u00fclt olvas\u00e1si id\u0151\" \/>\n\t<meta name=\"twitter:data2\" content=\"4 perc\" \/>\n<script type=\"application\/ld+json\" class=\"yoast-schema-graph\">{\"@context\":\"https:\/\/schema.org\",\"@graph\":[{\"@type\":\"Article\",\"@id\":\"https:\/\/fotsportegyesulet.hu\/index.php\/2022\/06\/07\/roplabda-edzesek-foton-interju-szalai-gabriella-edzovel\/#article\",\"isPartOf\":{\"@id\":\"https:\/\/fotsportegyesulet.hu\/index.php\/2022\/06\/07\/roplabda-edzesek-foton-interju-szalai-gabriella-edzovel\/\"},\"author\":{\"name\":\"F\u00f3t SE\",\"@id\":\"https:\/\/fotsportegyesulet.hu\/#\/schema\/person\/8750ccb3a5183172b75dcc348ffbdbb1\"},\"headline\":\"R\u00f6plabda edz\u00e9sek F\u00f3ton, interj\u00fa Szalai Gabriella edz\u0151vel\",\"datePublished\":\"2022-06-07T10:23:29+00:00\",\"dateModified\":\"2022-06-07T10:28:28+00:00\",\"mainEntityOfPage\":{\"@id\":\"https:\/\/fotsportegyesulet.hu\/index.php\/2022\/06\/07\/roplabda-edzesek-foton-interju-szalai-gabriella-edzovel\/\"},\"wordCount\":957,\"publisher\":{\"@id\":\"https:\/\/fotsportegyesulet.hu\/#organization\"},\"image\":{\"@id\":\"https:\/\/fotsportegyesulet.hu\/index.php\/2022\/06\/07\/roplabda-edzesek-foton-interju-szalai-gabriella-edzovel\/#primaryimage\"},\"thumbnailUrl\":\"https:\/\/fotsportegyesulet.hu\/wp-content\/uploads\/2022\/06\/roplabda_jo-meret.jpg\",\"keywords\":[\"gyerek\",\"r\u00f6plabda\",\"sport\"],\"articleSection\":[\"H\u00edrek\"],\"inLanguage\":\"hu\"},{\"@type\":\"WebPage\",\"@id\":\"https:\/\/fotsportegyesulet.hu\/index.php\/2022\/06\/07\/roplabda-edzesek-foton-interju-szalai-gabriella-edzovel\/\",\"url\":\"https:\/\/fotsportegyesulet.hu\/index.php\/2022\/06\/07\/roplabda-edzesek-foton-interju-szalai-gabriella-edzovel\/\",\"name\":\"R\u00f6plabda edz\u00e9sek F\u00f3ton, interj\u00fa Szalai Gabriella edz\u0151vel - F\u00d3T SPORTEGYES\u00dcLET\",\"isPartOf\":{\"@id\":\"https:\/\/fotsportegyesulet.hu\/#website\"},\"primaryImageOfPage\":{\"@id\":\"https:\/\/fotsportegyesulet.hu\/index.php\/2022\/06\/07\/roplabda-edzesek-foton-interju-szalai-gabriella-edzovel\/#primaryimage\"},\"image\":{\"@id\":\"https:\/\/fotsportegyesulet.hu\/index.php\/2022\/06\/07\/roplabda-edzesek-foton-interju-szalai-gabriella-edzovel\/#primaryimage\"},\"thumbnailUrl\":\"https:\/\/fotsportegyesulet.hu\/wp-content\/uploads\/2022\/06\/roplabda_jo-meret.jpg\",\"datePublished\":\"2022-06-07T10:23:29+00:00\",\"dateModified\":\"2022-06-07T10:28:28+00:00\",\"breadcrumb\":{\"@id\":\"https:\/\/fotsportegyesulet.hu\/index.php\/2022\/06\/07\/roplabda-edzesek-foton-interju-szalai-gabriella-edzovel\/#breadcrumb\"},\"inLanguage\":\"hu\",\"potentialAction\":[{\"@type\":\"ReadAction\",\"target\":[\"https:\/\/fotsportegyesulet.hu\/index.php\/2022\/06\/07\/roplabda-edzesek-foton-interju-szalai-gabriella-edzovel\/\"]}]},{\"@type\":\"ImageObject\",\"inLanguage\":\"hu\",\"@id\":\"https:\/\/fotsportegyesulet.hu\/index.php\/2022\/06\/07\/roplabda-edzesek-foton-interju-szalai-gabriella-edzovel\/#primaryimage\",\"url\":\"https:\/\/fotsportegyesulet.hu\/wp-content\/uploads\/2022\/06\/roplabda_jo-meret.jpg\",\"contentUrl\":\"https:\/\/fotsportegyesulet.hu\/wp-content\/uploads\/2022\/06\/roplabda_jo-meret.jpg\",\"width\":956,\"height\":455,\"caption\":\"\\\"Few balls on the court, 3d render\\\"\"},{\"@type\":\"BreadcrumbList\",\"@id\":\"https:\/\/fotsportegyesulet.hu\/index.php\/2022\/06\/07\/roplabda-edzesek-foton-interju-szalai-gabriella-edzovel\/#breadcrumb\",\"itemListElement\":[{\"@type\":\"ListItem\",\"position\":1,\"name\":\"Kezd\u0151lap\",\"item\":\"https:\/\/fotsportegyesulet.hu\/\"},{\"@type\":\"ListItem\",\"position\":2,\"name\":\"R\u00f6plabda edz\u00e9sek F\u00f3ton, interj\u00fa Szalai Gabriella edz\u0151vel\"}]},{\"@type\":\"WebSite\",\"@id\":\"https:\/\/fotsportegyesulet.hu\/#website\",\"url\":\"https:\/\/fotsportegyesulet.hu\/\",\"name\":\"F\u00d3T SPORTEGYES\u00dcLET\",\"description\":\"\",\"publisher\":{\"@id\":\"https:\/\/fotsportegyesulet.hu\/#organization\"},\"potentialAction\":[{\"@type\":\"SearchAction\",\"target\":{\"@type\":\"EntryPoint\",\"urlTemplate\":\"https:\/\/fotsportegyesulet.hu\/?s={search_term_string}\"},\"query-input\":{\"@type\":\"PropertyValueSpecification\",\"valueRequired\":true,\"valueName\":\"search_term_string\"}}],\"inLanguage\":\"hu\"},{\"@type\":\"Organization\",\"@id\":\"https:\/\/fotsportegyesulet.hu\/#organization\",\"name\":\"F\u00f3t Sportegyes\u00fclet\",\"url\":\"https:\/\/fotsportegyesulet.hu\/\",\"logo\":{\"@type\":\"ImageObject\",\"inLanguage\":\"hu\",\"@id\":\"https:\/\/fotsportegyesulet.hu\/#\/schema\/logo\/image\/\",\"url\":\"https:\/\/fotsportegyesulet.hu\/wp-content\/uploads\/2020\/07\/eredeti-sz\u00ednes-vektoros-Fot-cimer-3.png\",\"contentUrl\":\"https:\/\/fotsportegyesulet.hu\/wp-content\/uploads\/2020\/07\/eredeti-sz\u00ednes-vektoros-Fot-cimer-3.png\",\"width\":500,\"height\":500,\"caption\":\"F\u00f3t Sportegyes\u00fclet\"},\"image\":{\"@id\":\"https:\/\/fotsportegyesulet.hu\/#\/schema\/logo\/image\/\"},\"sameAs\":[\"https:\/\/www.facebook.com\/fotsportegyesulet\/\"]},{\"@type\":\"Person\",\"@id\":\"https:\/\/fotsportegyesulet.hu\/#\/schema\/person\/8750ccb3a5183172b75dcc348ffbdbb1\",\"name\":\"F\u00f3t SE\",\"image\":{\"@type\":\"ImageObject\",\"inLanguage\":\"hu\",\"@id\":\"https:\/\/fotsportegyesulet.hu\/#\/schema\/person\/image\/\",\"url\":\"https:\/\/secure.gravatar.com\/avatar\/2f768bb7a490a49aeb2ccaf4bacc94391bbafd4b6aa54eb6f9318ffc80d81dad?s=96&d=mm&r=g\",\"contentUrl\":\"https:\/\/secure.gravatar.com\/avatar\/2f768bb7a490a49aeb2ccaf4bacc94391bbafd4b6aa54eb6f9318ffc80d81dad?s=96&d=mm&r=g\",\"caption\":\"F\u00f3t SE\"},\"sameAs\":[\"http:\/\/fotsportegyesulet.hu\"],\"url\":\"https:\/\/fotsportegyesulet.hu\/index.php\/author\/kapitany-zoltan\/\"}]}<\/script>\n<!-- \/ Yoast SEO plugin. -->","yoast_head_json":{"title":"R\u00f6plabda edz\u00e9sek F\u00f3ton, interj\u00fa Szalai Gabriella edz\u0151vel - F\u00d3T SPORTEGYES\u00dcLET","robots":{"index":"index","follow":"follow","max-snippet":"max-snippet:-1","max-image-preview":"max-image-preview:large","max-video-preview":"max-video-preview:-1"},"canonical":"https:\/\/fotsportegyesulet.hu\/index.php\/2022\/06\/07\/roplabda-edzesek-foton-interju-szalai-gabriella-edzovel\/","og_locale":"hu_HU","og_type":"article","og_title":"R\u00f6plabda edz\u00e9sek F\u00f3ton, interj\u00fa Szalai Gabriella edz\u0151vel - F\u00d3T SPORTEGYES\u00dcLET","og_description":"A sport \" j\u00f3 mester\", mert megtan\u00edt az al\u00e1zatra, kitart\u00e1sra, rendre, \u00f6nfegyelemre, egy\u00fcttm\u0171k\u00f6d\u00e9sre a t\u00e1rsaimmal, becs\u00fclettel gy\u0151zni \u00e9s emelt f\u0151vel vesz\u00edteni.","og_url":"https:\/\/fotsportegyesulet.hu\/index.php\/2022\/06\/07\/roplabda-edzesek-foton-interju-szalai-gabriella-edzovel\/","og_site_name":"F\u00d3T SPORTEGYES\u00dcLET","article_publisher":"https:\/\/www.facebook.com\/fotsportegyesulet\/","article_published_time":"2022-06-07T10:23:29+00:00","article_modified_time":"2022-06-07T10:28:28+00:00","og_image":[{"width":956,"height":455,"url":"https:\/\/fotsportegyesulet.hu\/wp-content\/uploads\/2022\/06\/roplabda_jo-meret.jpg","type":"image\/jpeg"}],"author":"F\u00f3t SE","twitter_card":"summary_large_image","twitter_misc":{"Szerz\u0151:":"F\u00f3t SE","Becs\u00fclt olvas\u00e1si id\u0151":"4 perc"},"schema":{"@context":"https:\/\/schema.org","@graph":[{"@type":"Article","@id":"https:\/\/fotsportegyesulet.hu\/index.php\/2022\/06\/07\/roplabda-edzesek-foton-interju-szalai-gabriella-edzovel\/#article","isPartOf":{"@id":"https:\/\/fotsportegyesulet.hu\/index.php\/2022\/06\/07\/roplabda-edzesek-foton-interju-szalai-gabriella-edzovel\/"},"author":{"name":"F\u00f3t SE","@id":"https:\/\/fotsportegyesulet.hu\/#\/schema\/person\/8750ccb3a5183172b75dcc348ffbdbb1"},"headline":"R\u00f6plabda edz\u00e9sek F\u00f3ton, interj\u00fa Szalai Gabriella edz\u0151vel","datePublished":"2022-06-07T10:23:29+00:00","dateModified":"2022-06-07T10:28:28+00:00","mainEntityOfPage":{"@id":"https:\/\/fotsportegyesulet.hu\/index.php\/2022\/06\/07\/roplabda-edzesek-foton-interju-szalai-gabriella-edzovel\/"},"wordCount":957,"publisher":{"@id":"https:\/\/fotsportegyesulet.hu\/#organization"},"image":{"@id":"https:\/\/fotsportegyesulet.hu\/index.php\/2022\/06\/07\/roplabda-edzesek-foton-interju-szalai-gabriella-edzovel\/#primaryimage"},"thumbnailUrl":"https:\/\/fotsportegyesulet.hu\/wp-content\/uploads\/2022\/06\/roplabda_jo-meret.jpg","keywords":["gyerek","r\u00f6plabda","sport"],"articleSection":["H\u00edrek"],"inLanguage":"hu"},{"@type":"WebPage","@id":"https:\/\/fotsportegyesulet.hu\/index.php\/2022\/06\/07\/roplabda-edzesek-foton-interju-szalai-gabriella-edzovel\/","url":"https:\/\/fotsportegyesulet.hu\/index.php\/2022\/06\/07\/roplabda-edzesek-foton-interju-szalai-gabriella-edzovel\/","name":"R\u00f6plabda edz\u00e9sek F\u00f3ton, interj\u00fa Szalai Gabriella edz\u0151vel - F\u00d3T SPORTEGYES\u00dcLET","isPartOf":{"@id":"https:\/\/fotsportegyesulet.hu\/#website"},"primaryImageOfPage":{"@id":"https:\/\/fotsportegyesulet.hu\/index.php\/2022\/06\/07\/roplabda-edzesek-foton-interju-szalai-gabriella-edzovel\/#primaryimage"},"image":{"@id":"https:\/\/fotsportegyesulet.hu\/index.php\/2022\/06\/07\/roplabda-edzesek-foton-interju-szalai-gabriella-edzovel\/#primaryimage"},"thumbnailUrl":"https:\/\/fotsportegyesulet.hu\/wp-content\/uploads\/2022\/06\/roplabda_jo-meret.jpg","datePublished":"2022-06-07T10:23:29+00:00","dateModified":"2022-06-07T10:28:28+00:00","breadcrumb":{"@id":"https:\/\/fotsportegyesulet.hu\/index.php\/2022\/06\/07\/roplabda-edzesek-foton-interju-szalai-gabriella-edzovel\/#breadcrumb"},"inLanguage":"hu","potentialAction":[{"@type":"ReadAction","target":["https:\/\/fotsportegyesulet.hu\/index.php\/2022\/06\/07\/roplabda-edzesek-foton-interju-szalai-gabriella-edzovel\/"]}]},{"@type":"ImageObject","inLanguage":"hu","@id":"https:\/\/fotsportegyesulet.hu\/index.php\/2022\/06\/07\/roplabda-edzesek-foton-interju-szalai-gabriella-edzovel\/#primaryimage","url":"https:\/\/fotsportegyesulet.hu\/wp-content\/uploads\/2022\/06\/roplabda_jo-meret.jpg","contentUrl":"https:\/\/fotsportegyesulet.hu\/wp-content\/uploads\/2022\/06\/roplabda_jo-meret.jpg","width":956,"height":455,"caption":"\"Few balls on the court, 3d render\""},{"@type":"BreadcrumbList","@id":"https:\/\/fotsportegyesulet.hu\/index.php\/2022\/06\/07\/roplabda-edzesek-foton-interju-szalai-gabriella-edzovel\/#breadcrumb","itemListElement":[{"@type":"ListItem","position":1,"name":"Kezd\u0151lap","item":"https:\/\/fotsportegyesulet.hu\/"},{"@type":"ListItem","position":2,"name":"R\u00f6plabda edz\u00e9sek F\u00f3ton, interj\u00fa Szalai Gabriella edz\u0151vel"}]},{"@type":"WebSite","@id":"https:\/\/fotsportegyesulet.hu\/#website","url":"https:\/\/fotsportegyesulet.hu\/","name":"F\u00d3T SPORTEGYES\u00dcLET","description":"","publisher":{"@id":"https:\/\/fotsportegyesulet.hu\/#organization"},"potentialAction":[{"@type":"SearchAction","target":{"@type":"EntryPoint","urlTemplate":"https:\/\/fotsportegyesulet.hu\/?s={search_term_string}"},"query-input":{"@type":"PropertyValueSpecification","valueRequired":true,"valueName":"search_term_string"}}],"inLanguage":"hu"},{"@type":"Organization","@id":"https:\/\/fotsportegyesulet.hu\/#organization","name":"F\u00f3t Sportegyes\u00fclet","url":"https:\/\/fotsportegyesulet.hu\/","logo":{"@type":"ImageObject","inLanguage":"hu","@id":"https:\/\/fotsportegyesulet.hu\/#\/schema\/logo\/image\/","url":"https:\/\/fotsportegyesulet.hu\/wp-content\/uploads\/2020\/07\/eredeti-sz\u00ednes-vektoros-Fot-cimer-3.png","contentUrl":"https:\/\/fotsportegyesulet.hu\/wp-content\/uploads\/2020\/07\/eredeti-sz\u00ednes-vektoros-Fot-cimer-3.png","width":500,"height":500,"caption":"F\u00f3t Sportegyes\u00fclet"},"image":{"@id":"https:\/\/fotsportegyesulet.hu\/#\/schema\/logo\/image\/"},"sameAs":["https:\/\/www.facebook.com\/fotsportegyesulet\/"]},{"@type":"Person","@id":"https:\/\/fotsportegyesulet.hu\/#\/schema\/person\/8750ccb3a5183172b75dcc348ffbdbb1","name":"F\u00f3t SE","image":{"@type":"ImageObject","inLanguage":"hu","@id":"https:\/\/fotsportegyesulet.hu\/#\/schema\/person\/image\/","url":"https:\/\/secure.gravatar.com\/avatar\/2f768bb7a490a49aeb2ccaf4bacc94391bbafd4b6aa54eb6f9318ffc80d81dad?s=96&d=mm&r=g","contentUrl":"https:\/\/secure.gravatar.com\/avatar\/2f768bb7a490a49aeb2ccaf4bacc94391bbafd4b6aa54eb6f9318ffc80d81dad?s=96&d=mm&r=g","caption":"F\u00f3t SE"},"sameAs":["http:\/\/fotsportegyesulet.hu"],"url":"https:\/\/fotsportegyesulet.hu\/index.php\/author\/kapitany-zoltan\/"}]}},"_links":{"self":[{"href":"https:\/\/fotsportegyesulet.hu\/index.php\/wp-json\/wp\/v2\/posts\/4465","targetHints":{"allow":["GET"]}}],"collection":[{"href":"https:\/\/fotsportegyesulet.hu\/index.php\/wp-json\/wp\/v2\/posts"}],"about":[{"href":"https:\/\/fotsportegyesulet.hu\/index.php\/wp-json\/wp\/v2\/types\/post"}],"author":[{"embeddable":true,"href":"https:\/\/fotsportegyesulet.hu\/index.php\/wp-json\/wp\/v2\/users\/3"}],"replies":[{"embeddable":true,"href":"https:\/\/fotsportegyesulet.hu\/index.php\/wp-json\/wp\/v2\/comments?post=4465"}],"version-history":[{"count":3,"href":"https:\/\/fotsportegyesulet.hu\/index.php\/wp-json\/wp\/v2\/posts\/4465\/revisions"}],"predecessor-version":[{"id":4470,"href":"https:\/\/fotsportegyesulet.hu\/index.php\/wp-json\/wp\/v2\/posts\/4465\/revisions\/4470"}],"wp:featuredmedia":[{"embeddable":true,"href":"https:\/\/fotsportegyesulet.hu\/index.php\/wp-json\/wp\/v2\/media\/4471"}],"wp:attachment":[{"href":"https:\/\/fotsportegyesulet.hu\/index.php\/wp-json\/wp\/v2\/media?parent=4465"}],"wp:term":[{"taxonomy":"category","embeddable":true,"href":"https:\/\/fotsportegyesulet.hu\/index.php\/wp-json\/wp\/v2\/categories?post=4465"},{"taxonomy":"post_tag","embeddable":true,"href":"https:\/\/fotsportegyesulet.hu\/index.php\/wp-json\/wp\/v2\/tags?post=4465"}],"curies":[{"name":"wp","href":"https:\/\/api.w.org\/{rel}","templated":true}]}}