{"id":4383,"date":"2022-05-29T19:16:23","date_gmt":"2022-05-29T17:16:23","guid":{"rendered":"https:\/\/fotsportegyesulet.hu\/?p=4383"},"modified":"2022-05-29T19:16:23","modified_gmt":"2022-05-29T17:16:23","slug":"pontveszteseg-nelkul-nyerte-a-bajnoksagot-a-fot-se-i","status":"publish","type":"post","link":"https:\/\/fotsportegyesulet.hu\/index.php\/2022\/05\/29\/pontveszteseg-nelkul-nyerte-a-bajnoksagot-a-fot-se-i\/","title":{"rendered":"Pontvesztes\u00e9g n\u00e9lk\u00fcl nyerte a bajnoks\u00e1got a F\u00f3t SE I."},"content":{"rendered":"<p><strong>Az m\u00e1r kor\u00e1bban eld\u0151lt, hogy a csapat megnyerte a bajnoks\u00e1got, ennek ellen\u00e9re az utols\u00f3 fordul\u00f3ban is gy\u0151zni kellett a 100 sz\u00e1zal\u00e9kos teljes\u00edtm\u00e9ny meg\u0151rz\u00e9s\u00e9hez. Az ellenf\u00e9l a Veresegyh\u00e1z LUA nem adta k\u00f6nnyen mag\u00e1t. A hetvenedik percben szerezte meg a vezet\u00e9st a hazai csapat Krusinszki Csaba g\u00f3lj\u00e1val, majd egy \u00fajabb g\u00f3lt l\u0151ttek k\u00e9t perccel k\u00e9s\u0151bb. Ekkor Borsos K\u00e1lm\u00e1n Mil\u00e1n volt eredm\u00e9nyes. Izgalmass\u00e1 tette a m\u00e9rk\u0151z\u00e9s utols\u00f3 perceit, hogy a Veresegyh\u00e1z a 76. percben sz\u00e9p\u00edtett, de v\u00e9g\u00fcl a F\u00f3t SE I. megszerezte ebben a fordul\u00f3ban is a 3 pontot.<\/strong><\/p>\n<div>A szok\u00e1sosn\u00e1l nagyobb \u00e9s nagyon lelkes szurkol\u00f3t\u00e1bor \u00f3ri\u00e1si ov\u00e1ci\u00f3val \u00fcnnepelte a csapatot, mely tagjainak k\u00e9s\u0151bb a v\u00e1ros polg\u00e1rmestere, az MLSZ r\u00e9sz\u00e9r\u0151l Szendr\u0151 D\u00e9nes, Szkala S\u00e1ndor, a F\u00f3t SE labdar\u00fag\u00f3-szakoszt\u00e1ly\u00e1nak a vezet\u0151je \u00e9s Elek Andrea adt\u00e1k \u00e1t a bajnoki \u00e9rmeket. Szint\u00e9n ez alkalommal kapta meg az U13-as csapat is az \u00e9rmeit \u2013 \u0151k a koroszt\u00e1lyukban a IV. oszt\u00e1ly K\u00f6z\u00e9p-csoportj\u00e1ban nyertek.<\/div>\n<div><img loading=\"lazy\" decoding=\"async\" class=\"aligncenter wp-image-4386 size-large\" src=\"https:\/\/fotsportegyesulet.hu\/wp-content\/uploads\/2022\/05\/DSCF4784-1024x768.jpg\" alt=\"\" width=\"1024\" height=\"768\" srcset=\"https:\/\/fotsportegyesulet.hu\/wp-content\/uploads\/2022\/05\/DSCF4784-1024x768.jpg 1024w, https:\/\/fotsportegyesulet.hu\/wp-content\/uploads\/2022\/05\/DSCF4784-300x225.jpg 300w, https:\/\/fotsportegyesulet.hu\/wp-content\/uploads\/2022\/05\/DSCF4784-768x576.jpg 768w, https:\/\/fotsportegyesulet.hu\/wp-content\/uploads\/2022\/05\/DSCF4784-1536x1152.jpg 1536w, https:\/\/fotsportegyesulet.hu\/wp-content\/uploads\/2022\/05\/DSCF4784.jpg 1600w\" sizes=\"auto, (max-width: 1024px) 100vw, 1024px\" \/><\/div>\n<div>A F\u00f3t SE edz\u0151je, Serd\u00fclt Tam\u00e1s term\u00e9szetesen nagyon boldog volt a m\u00e9rk\u0151z\u00e9s ut\u00e1n: \u201c<em>Sz\u00e1m\u00edtottam arra, hogy kem\u00e9ny meccs lesz a mai, de szerencs\u00e9re nyert\u00fcnk , \u00edgy siker\u00fclt 22-b\u0151l huszonk\u00e9tszer gy\u0151zn\u00fcnk\u201d<\/em>\u00a0\u2013 ez volt m\u00e1r a f\u00e9l t\u00e1vn\u00e1l is a c\u00e9l. \u201c<em>Gratul\u00e1lok a csapatomnak, j\u00f3 szezonunk volt, j\u00f6v\u0151re igyeksz\u00fcnk felk\u00e9sz\u00fclni az \u00fajabb kih\u00edv\u00e1sokra. Gratul\u00e1lok a mai ellenfel\u00fcnknek \u00e9s az \u00f6sszes t\u00f6bb csapatnak is az oszt\u00e1lyban\u201d.<\/em><\/div>\n<div><img loading=\"lazy\" decoding=\"async\" class=\"aligncenter wp-image-4385 size-large\" src=\"https:\/\/fotsportegyesulet.hu\/wp-content\/uploads\/2022\/05\/DSCF4771-1024x768.jpg\" alt=\"\" width=\"1024\" height=\"768\" srcset=\"https:\/\/fotsportegyesulet.hu\/wp-content\/uploads\/2022\/05\/DSCF4771-1024x768.jpg 1024w, https:\/\/fotsportegyesulet.hu\/wp-content\/uploads\/2022\/05\/DSCF4771-300x225.jpg 300w, https:\/\/fotsportegyesulet.hu\/wp-content\/uploads\/2022\/05\/DSCF4771-768x576.jpg 768w, https:\/\/fotsportegyesulet.hu\/wp-content\/uploads\/2022\/05\/DSCF4771-1536x1152.jpg 1536w, https:\/\/fotsportegyesulet.hu\/wp-content\/uploads\/2022\/05\/DSCF4771.jpg 1600w\" sizes=\"auto, (max-width: 1024px) 100vw, 1024px\" \/><\/div>\n<div>\n<div>A v\u00e1ros polg\u00e1rmestere, Dr. Vass Gy\u00f6rgy a m\u00e9rk\u0151z\u00e9s sz\u00fcnet\u00e9ben ezt mondta:<\/div>\n<div>Kellemes meglepet\u00e9s mindenf\u00e9lek\u00e9ppen, \u00e9ppen ideje m\u00e1r, hogy elkezdj\u00fcnk l\u00e9pegetni f\u00f6lfele. A lehet\u0151s\u00e9gek megvannak, a felt\u00e9telek adottak. Mi igyeksz\u00fcnk megadni azokat a lehet\u0151s\u00e9geket, amiket az \u00f6nkorm\u00e1nyzat meg kell, hogy adjon. \u00d6r\u00fcl\u00fcnk annak, hogy a labdar\u00fag\u00f3-szakoszt\u00e1ly el\u00e9rte ezt az eredm\u00e9nyt, \u00e9s hogy rem\u00e9nykelt\u0151 fiataljaink vannak. Az ember, l\u00e1tva ezt a meccset, el tudja mondani, hogy bizony-bizony, t\u00f6bb van ebben a csapatban, mint megye 4. Nyilv\u00e1n j\u00f6n a megye 3, azt\u00e1n a megye 2 \u2013 sz\u00e9pen-sz\u00e9pen, \u00e1ltal\u00e1ban 2-3 \u00e9venk\u00e9nt lehet ugorni. Rem\u00e9lj\u00fck, a l\u00e9c nem lesz olyan magas, vagy meg tudjuk ugrani azt a magass\u00e1got. B\u00fcszk\u00e9k lehet\u00fcnk a csapatra \u00e9s b\u00fcszk\u00e9k is vagyunk.<\/div>\n<\/div>\n<div><img loading=\"lazy\" decoding=\"async\" class=\"aligncenter wp-image-4384 size-large\" src=\"https:\/\/fotsportegyesulet.hu\/wp-content\/uploads\/2022\/05\/DSCF4691-1024x768.jpg\" alt=\"\" width=\"1024\" height=\"768\" srcset=\"https:\/\/fotsportegyesulet.hu\/wp-content\/uploads\/2022\/05\/DSCF4691-1024x768.jpg 1024w, https:\/\/fotsportegyesulet.hu\/wp-content\/uploads\/2022\/05\/DSCF4691-300x225.jpg 300w, https:\/\/fotsportegyesulet.hu\/wp-content\/uploads\/2022\/05\/DSCF4691-768x576.jpg 768w, https:\/\/fotsportegyesulet.hu\/wp-content\/uploads\/2022\/05\/DSCF4691-1536x1152.jpg 1536w, https:\/\/fotsportegyesulet.hu\/wp-content\/uploads\/2022\/05\/DSCF4691.jpg 1600w\" sizes=\"auto, (max-width: 1024px) 100vw, 1024px\" \/><\/div>\n<div><\/div>\n<div><strong>Forr\u00e1s: fotinfo.hu<\/strong><\/div>\n<div><\/div>\n<div>\n<div>\n<div><strong>V\u00e1runk minden sportot szeret\u0151 vagy kipr\u00f3b\u00e1lni v\u00e1gy\u00f3 gyermeket, \u00e9s feln\u0151ttet, a szakoszt\u00e1lyainkba.<\/strong><\/div>\n<div><strong>El\u00e9rhet\u0151s\u00e9g: Kapit\u00e1ny Zolt\u00e1n +36 20\u00a0932 0655<\/strong><\/div>\n<\/div>\n<div><\/div>\n<\/div>\n","protected":false},"excerpt":{"rendered":"<p>Az m\u00e1r kor\u00e1bban eld\u0151lt, hogy a csapat megnyerte a bajnoks\u00e1got, de az utols\u00f3 fordul\u00f3ban is gy\u0151zni kellett a 100 sz\u00e1zal\u00e9kos teljes\u00edtm\u00e9ny meg\u0151rz\u00e9s\u00e9hez.<\/p>\n","protected":false},"author":3,"featured_media":4388,"comment_status":"closed","ping_status":"open","sticky":false,"template":"","format":"standard","meta":{"_bbp_topic_count":0,"_bbp_reply_count":0,"_bbp_total_topic_count":0,"_bbp_total_reply_count":0,"_bbp_voice_count":0,"_bbp_anonymous_reply_count":0,"_bbp_topic_count_hidden":0,"_bbp_reply_count_hidden":0,"_bbp_forum_subforum_count":0,"_price":"","_stock":"","_tribe_ticket_header":"","_tribe_default_ticket_provider":"","_ticket_start_date":"","_ticket_end_date":"","_tribe_ticket_show_description":"","_tribe_ticket_show_not_going":false,"_tribe_ticket_use_global_stock":"","_tribe_ticket_global_stock_level":"","_global_stock_mode":"","_global_stock_cap":"","_tribe_rsvp_for_event":"","_tribe_ticket_going_count":"","_tribe_ticket_not_going_count":"","_tribe_tickets_list":"[]","_tribe_ticket_has_attendee_info_fields":false,"footnotes":""},"categories":[1,67],"tags":[],"class_list":["post-4383","post","type-post","status-publish","format-standard","has-post-thumbnail","hentry","category-hirek","category-labdarugas"],"yoast_head":"<!-- This site is optimized with the Yoast SEO plugin v25.7 - https:\/\/yoast.com\/wordpress\/plugins\/seo\/ -->\n<title>Pontvesztes\u00e9g n\u00e9lk\u00fcl nyerte a bajnoks\u00e1got a F\u00f3t SE I. - F\u00d3T SPORTEGYES\u00dcLET<\/title>\n<meta name=\"robots\" content=\"index, follow, max-snippet:-1, max-image-preview:large, max-video-preview:-1\" \/>\n<link rel=\"canonical\" href=\"https:\/\/fotsportegyesulet.hu\/index.php\/2022\/05\/29\/pontveszteseg-nelkul-nyerte-a-bajnoksagot-a-fot-se-i\/\" \/>\n<meta property=\"og:locale\" content=\"hu_HU\" \/>\n<meta property=\"og:type\" content=\"article\" \/>\n<meta property=\"og:title\" content=\"Pontvesztes\u00e9g n\u00e9lk\u00fcl nyerte a bajnoks\u00e1got a F\u00f3t SE I. - F\u00d3T SPORTEGYES\u00dcLET\" \/>\n<meta property=\"og:description\" content=\"Az m\u00e1r kor\u00e1bban eld\u0151lt, hogy a csapat megnyerte a bajnoks\u00e1got, de az utols\u00f3 fordul\u00f3ban is gy\u0151zni kellett a 100 sz\u00e1zal\u00e9kos teljes\u00edtm\u00e9ny meg\u0151rz\u00e9s\u00e9hez.\" \/>\n<meta property=\"og:url\" content=\"https:\/\/fotsportegyesulet.hu\/index.php\/2022\/05\/29\/pontveszteseg-nelkul-nyerte-a-bajnoksagot-a-fot-se-i\/\" \/>\n<meta property=\"og:site_name\" content=\"F\u00d3T SPORTEGYES\u00dcLET\" \/>\n<meta property=\"article:publisher\" content=\"https:\/\/www.facebook.com\/fotsportegyesulet\/\" \/>\n<meta property=\"article:published_time\" content=\"2022-05-29T17:16:23+00:00\" \/>\n<meta property=\"og:image\" content=\"https:\/\/fotsportegyesulet.hu\/wp-content\/uploads\/2022\/05\/Jo-meret-956x455-1.jpg\" \/>\n\t<meta property=\"og:image:width\" content=\"955\" \/>\n\t<meta property=\"og:image:height\" content=\"455\" \/>\n\t<meta property=\"og:image:type\" content=\"image\/jpeg\" \/>\n<meta name=\"author\" content=\"F\u00f3t SE\" \/>\n<meta name=\"twitter:card\" content=\"summary_large_image\" \/>\n<meta name=\"twitter:label1\" content=\"Szerz\u0151:\" \/>\n\t<meta name=\"twitter:data1\" content=\"F\u00f3t SE\" \/>\n\t<meta name=\"twitter:label2\" content=\"Becs\u00fclt olvas\u00e1si id\u0151\" \/>\n\t<meta name=\"twitter:data2\" content=\"3 perc\" \/>\n<script type=\"application\/ld+json\" class=\"yoast-schema-graph\">{\"@context\":\"https:\/\/schema.org\",\"@graph\":[{\"@type\":\"Article\",\"@id\":\"https:\/\/fotsportegyesulet.hu\/index.php\/2022\/05\/29\/pontveszteseg-nelkul-nyerte-a-bajnoksagot-a-fot-se-i\/#article\",\"isPartOf\":{\"@id\":\"https:\/\/fotsportegyesulet.hu\/index.php\/2022\/05\/29\/pontveszteseg-nelkul-nyerte-a-bajnoksagot-a-fot-se-i\/\"},\"author\":{\"name\":\"F\u00f3t SE\",\"@id\":\"https:\/\/fotsportegyesulet.hu\/#\/schema\/person\/8750ccb3a5183172b75dcc348ffbdbb1\"},\"headline\":\"Pontvesztes\u00e9g n\u00e9lk\u00fcl nyerte a bajnoks\u00e1got a F\u00f3t SE I.\",\"datePublished\":\"2022-05-29T17:16:23+00:00\",\"mainEntityOfPage\":{\"@id\":\"https:\/\/fotsportegyesulet.hu\/index.php\/2022\/05\/29\/pontveszteseg-nelkul-nyerte-a-bajnoksagot-a-fot-se-i\/\"},\"wordCount\":508,\"publisher\":{\"@id\":\"https:\/\/fotsportegyesulet.hu\/#organization\"},\"image\":{\"@id\":\"https:\/\/fotsportegyesulet.hu\/index.php\/2022\/05\/29\/pontveszteseg-nelkul-nyerte-a-bajnoksagot-a-fot-se-i\/#primaryimage\"},\"thumbnailUrl\":\"https:\/\/fotsportegyesulet.hu\/wp-content\/uploads\/2022\/05\/Jo-meret-956x455-1.jpg\",\"articleSection\":[\"H\u00edrek\",\"Labdar\u00fag\u00e1s\"],\"inLanguage\":\"hu\"},{\"@type\":\"WebPage\",\"@id\":\"https:\/\/fotsportegyesulet.hu\/index.php\/2022\/05\/29\/pontveszteseg-nelkul-nyerte-a-bajnoksagot-a-fot-se-i\/\",\"url\":\"https:\/\/fotsportegyesulet.hu\/index.php\/2022\/05\/29\/pontveszteseg-nelkul-nyerte-a-bajnoksagot-a-fot-se-i\/\",\"name\":\"Pontvesztes\u00e9g n\u00e9lk\u00fcl nyerte a bajnoks\u00e1got a F\u00f3t SE I. - F\u00d3T SPORTEGYES\u00dcLET\",\"isPartOf\":{\"@id\":\"https:\/\/fotsportegyesulet.hu\/#website\"},\"primaryImageOfPage\":{\"@id\":\"https:\/\/fotsportegyesulet.hu\/index.php\/2022\/05\/29\/pontveszteseg-nelkul-nyerte-a-bajnoksagot-a-fot-se-i\/#primaryimage\"},\"image\":{\"@id\":\"https:\/\/fotsportegyesulet.hu\/index.php\/2022\/05\/29\/pontveszteseg-nelkul-nyerte-a-bajnoksagot-a-fot-se-i\/#primaryimage\"},\"thumbnailUrl\":\"https:\/\/fotsportegyesulet.hu\/wp-content\/uploads\/2022\/05\/Jo-meret-956x455-1.jpg\",\"datePublished\":\"2022-05-29T17:16:23+00:00\",\"breadcrumb\":{\"@id\":\"https:\/\/fotsportegyesulet.hu\/index.php\/2022\/05\/29\/pontveszteseg-nelkul-nyerte-a-bajnoksagot-a-fot-se-i\/#breadcrumb\"},\"inLanguage\":\"hu\",\"potentialAction\":[{\"@type\":\"ReadAction\",\"target\":[\"https:\/\/fotsportegyesulet.hu\/index.php\/2022\/05\/29\/pontveszteseg-nelkul-nyerte-a-bajnoksagot-a-fot-se-i\/\"]}]},{\"@type\":\"ImageObject\",\"inLanguage\":\"hu\",\"@id\":\"https:\/\/fotsportegyesulet.hu\/index.php\/2022\/05\/29\/pontveszteseg-nelkul-nyerte-a-bajnoksagot-a-fot-se-i\/#primaryimage\",\"url\":\"https:\/\/fotsportegyesulet.hu\/wp-content\/uploads\/2022\/05\/Jo-meret-956x455-1.jpg\",\"contentUrl\":\"https:\/\/fotsportegyesulet.hu\/wp-content\/uploads\/2022\/05\/Jo-meret-956x455-1.jpg\",\"width\":955,\"height\":455},{\"@type\":\"BreadcrumbList\",\"@id\":\"https:\/\/fotsportegyesulet.hu\/index.php\/2022\/05\/29\/pontveszteseg-nelkul-nyerte-a-bajnoksagot-a-fot-se-i\/#breadcrumb\",\"itemListElement\":[{\"@type\":\"ListItem\",\"position\":1,\"name\":\"Kezd\u0151lap\",\"item\":\"https:\/\/fotsportegyesulet.hu\/\"},{\"@type\":\"ListItem\",\"position\":2,\"name\":\"Pontvesztes\u00e9g n\u00e9lk\u00fcl nyerte a bajnoks\u00e1got a F\u00f3t SE I.\"}]},{\"@type\":\"WebSite\",\"@id\":\"https:\/\/fotsportegyesulet.hu\/#website\",\"url\":\"https:\/\/fotsportegyesulet.hu\/\",\"name\":\"F\u00d3T SPORTEGYES\u00dcLET\",\"description\":\"\",\"publisher\":{\"@id\":\"https:\/\/fotsportegyesulet.hu\/#organization\"},\"potentialAction\":[{\"@type\":\"SearchAction\",\"target\":{\"@type\":\"EntryPoint\",\"urlTemplate\":\"https:\/\/fotsportegyesulet.hu\/?s={search_term_string}\"},\"query-input\":{\"@type\":\"PropertyValueSpecification\",\"valueRequired\":true,\"valueName\":\"search_term_string\"}}],\"inLanguage\":\"hu\"},{\"@type\":\"Organization\",\"@id\":\"https:\/\/fotsportegyesulet.hu\/#organization\",\"name\":\"F\u00f3t Sportegyes\u00fclet\",\"url\":\"https:\/\/fotsportegyesulet.hu\/\",\"logo\":{\"@type\":\"ImageObject\",\"inLanguage\":\"hu\",\"@id\":\"https:\/\/fotsportegyesulet.hu\/#\/schema\/logo\/image\/\",\"url\":\"https:\/\/fotsportegyesulet.hu\/wp-content\/uploads\/2020\/07\/eredeti-sz\u00ednes-vektoros-Fot-cimer-3.png\",\"contentUrl\":\"https:\/\/fotsportegyesulet.hu\/wp-content\/uploads\/2020\/07\/eredeti-sz\u00ednes-vektoros-Fot-cimer-3.png\",\"width\":500,\"height\":500,\"caption\":\"F\u00f3t Sportegyes\u00fclet\"},\"image\":{\"@id\":\"https:\/\/fotsportegyesulet.hu\/#\/schema\/logo\/image\/\"},\"sameAs\":[\"https:\/\/www.facebook.com\/fotsportegyesulet\/\"]},{\"@type\":\"Person\",\"@id\":\"https:\/\/fotsportegyesulet.hu\/#\/schema\/person\/8750ccb3a5183172b75dcc348ffbdbb1\",\"name\":\"F\u00f3t SE\",\"image\":{\"@type\":\"ImageObject\",\"inLanguage\":\"hu\",\"@id\":\"https:\/\/fotsportegyesulet.hu\/#\/schema\/person\/image\/\",\"url\":\"https:\/\/secure.gravatar.com\/avatar\/2f768bb7a490a49aeb2ccaf4bacc94391bbafd4b6aa54eb6f9318ffc80d81dad?s=96&d=mm&r=g\",\"contentUrl\":\"https:\/\/secure.gravatar.com\/avatar\/2f768bb7a490a49aeb2ccaf4bacc94391bbafd4b6aa54eb6f9318ffc80d81dad?s=96&d=mm&r=g\",\"caption\":\"F\u00f3t SE\"},\"sameAs\":[\"http:\/\/fotsportegyesulet.hu\"],\"url\":\"https:\/\/fotsportegyesulet.hu\/index.php\/author\/kapitany-zoltan\/\"}]}<\/script>\n<!-- \/ Yoast SEO plugin. -->","yoast_head_json":{"title":"Pontvesztes\u00e9g n\u00e9lk\u00fcl nyerte a bajnoks\u00e1got a F\u00f3t SE I. - F\u00d3T SPORTEGYES\u00dcLET","robots":{"index":"index","follow":"follow","max-snippet":"max-snippet:-1","max-image-preview":"max-image-preview:large","max-video-preview":"max-video-preview:-1"},"canonical":"https:\/\/fotsportegyesulet.hu\/index.php\/2022\/05\/29\/pontveszteseg-nelkul-nyerte-a-bajnoksagot-a-fot-se-i\/","og_locale":"hu_HU","og_type":"article","og_title":"Pontvesztes\u00e9g n\u00e9lk\u00fcl nyerte a bajnoks\u00e1got a F\u00f3t SE I. - F\u00d3T SPORTEGYES\u00dcLET","og_description":"Az m\u00e1r kor\u00e1bban eld\u0151lt, hogy a csapat megnyerte a bajnoks\u00e1got, de az utols\u00f3 fordul\u00f3ban is gy\u0151zni kellett a 100 sz\u00e1zal\u00e9kos teljes\u00edtm\u00e9ny meg\u0151rz\u00e9s\u00e9hez.","og_url":"https:\/\/fotsportegyesulet.hu\/index.php\/2022\/05\/29\/pontveszteseg-nelkul-nyerte-a-bajnoksagot-a-fot-se-i\/","og_site_name":"F\u00d3T SPORTEGYES\u00dcLET","article_publisher":"https:\/\/www.facebook.com\/fotsportegyesulet\/","article_published_time":"2022-05-29T17:16:23+00:00","og_image":[{"width":955,"height":455,"url":"https:\/\/fotsportegyesulet.hu\/wp-content\/uploads\/2022\/05\/Jo-meret-956x455-1.jpg","type":"image\/jpeg"}],"author":"F\u00f3t SE","twitter_card":"summary_large_image","twitter_misc":{"Szerz\u0151:":"F\u00f3t SE","Becs\u00fclt olvas\u00e1si id\u0151":"3 perc"},"schema":{"@context":"https:\/\/schema.org","@graph":[{"@type":"Article","@id":"https:\/\/fotsportegyesulet.hu\/index.php\/2022\/05\/29\/pontveszteseg-nelkul-nyerte-a-bajnoksagot-a-fot-se-i\/#article","isPartOf":{"@id":"https:\/\/fotsportegyesulet.hu\/index.php\/2022\/05\/29\/pontveszteseg-nelkul-nyerte-a-bajnoksagot-a-fot-se-i\/"},"author":{"name":"F\u00f3t SE","@id":"https:\/\/fotsportegyesulet.hu\/#\/schema\/person\/8750ccb3a5183172b75dcc348ffbdbb1"},"headline":"Pontvesztes\u00e9g n\u00e9lk\u00fcl nyerte a bajnoks\u00e1got a F\u00f3t SE I.","datePublished":"2022-05-29T17:16:23+00:00","mainEntityOfPage":{"@id":"https:\/\/fotsportegyesulet.hu\/index.php\/2022\/05\/29\/pontveszteseg-nelkul-nyerte-a-bajnoksagot-a-fot-se-i\/"},"wordCount":508,"publisher":{"@id":"https:\/\/fotsportegyesulet.hu\/#organization"},"image":{"@id":"https:\/\/fotsportegyesulet.hu\/index.php\/2022\/05\/29\/pontveszteseg-nelkul-nyerte-a-bajnoksagot-a-fot-se-i\/#primaryimage"},"thumbnailUrl":"https:\/\/fotsportegyesulet.hu\/wp-content\/uploads\/2022\/05\/Jo-meret-956x455-1.jpg","articleSection":["H\u00edrek","Labdar\u00fag\u00e1s"],"inLanguage":"hu"},{"@type":"WebPage","@id":"https:\/\/fotsportegyesulet.hu\/index.php\/2022\/05\/29\/pontveszteseg-nelkul-nyerte-a-bajnoksagot-a-fot-se-i\/","url":"https:\/\/fotsportegyesulet.hu\/index.php\/2022\/05\/29\/pontveszteseg-nelkul-nyerte-a-bajnoksagot-a-fot-se-i\/","name":"Pontvesztes\u00e9g n\u00e9lk\u00fcl nyerte a bajnoks\u00e1got a F\u00f3t SE I. - F\u00d3T SPORTEGYES\u00dcLET","isPartOf":{"@id":"https:\/\/fotsportegyesulet.hu\/#website"},"primaryImageOfPage":{"@id":"https:\/\/fotsportegyesulet.hu\/index.php\/2022\/05\/29\/pontveszteseg-nelkul-nyerte-a-bajnoksagot-a-fot-se-i\/#primaryimage"},"image":{"@id":"https:\/\/fotsportegyesulet.hu\/index.php\/2022\/05\/29\/pontveszteseg-nelkul-nyerte-a-bajnoksagot-a-fot-se-i\/#primaryimage"},"thumbnailUrl":"https:\/\/fotsportegyesulet.hu\/wp-content\/uploads\/2022\/05\/Jo-meret-956x455-1.jpg","datePublished":"2022-05-29T17:16:23+00:00","breadcrumb":{"@id":"https:\/\/fotsportegyesulet.hu\/index.php\/2022\/05\/29\/pontveszteseg-nelkul-nyerte-a-bajnoksagot-a-fot-se-i\/#breadcrumb"},"inLanguage":"hu","potentialAction":[{"@type":"ReadAction","target":["https:\/\/fotsportegyesulet.hu\/index.php\/2022\/05\/29\/pontveszteseg-nelkul-nyerte-a-bajnoksagot-a-fot-se-i\/"]}]},{"@type":"ImageObject","inLanguage":"hu","@id":"https:\/\/fotsportegyesulet.hu\/index.php\/2022\/05\/29\/pontveszteseg-nelkul-nyerte-a-bajnoksagot-a-fot-se-i\/#primaryimage","url":"https:\/\/fotsportegyesulet.hu\/wp-content\/uploads\/2022\/05\/Jo-meret-956x455-1.jpg","contentUrl":"https:\/\/fotsportegyesulet.hu\/wp-content\/uploads\/2022\/05\/Jo-meret-956x455-1.jpg","width":955,"height":455},{"@type":"BreadcrumbList","@id":"https:\/\/fotsportegyesulet.hu\/index.php\/2022\/05\/29\/pontveszteseg-nelkul-nyerte-a-bajnoksagot-a-fot-se-i\/#breadcrumb","itemListElement":[{"@type":"ListItem","position":1,"name":"Kezd\u0151lap","item":"https:\/\/fotsportegyesulet.hu\/"},{"@type":"ListItem","position":2,"name":"Pontvesztes\u00e9g n\u00e9lk\u00fcl nyerte a bajnoks\u00e1got a F\u00f3t SE I."}]},{"@type":"WebSite","@id":"https:\/\/fotsportegyesulet.hu\/#website","url":"https:\/\/fotsportegyesulet.hu\/","name":"F\u00d3T SPORTEGYES\u00dcLET","description":"","publisher":{"@id":"https:\/\/fotsportegyesulet.hu\/#organization"},"potentialAction":[{"@type":"SearchAction","target":{"@type":"EntryPoint","urlTemplate":"https:\/\/fotsportegyesulet.hu\/?s={search_term_string}"},"query-input":{"@type":"PropertyValueSpecification","valueRequired":true,"valueName":"search_term_string"}}],"inLanguage":"hu"},{"@type":"Organization","@id":"https:\/\/fotsportegyesulet.hu\/#organization","name":"F\u00f3t Sportegyes\u00fclet","url":"https:\/\/fotsportegyesulet.hu\/","logo":{"@type":"ImageObject","inLanguage":"hu","@id":"https:\/\/fotsportegyesulet.hu\/#\/schema\/logo\/image\/","url":"https:\/\/fotsportegyesulet.hu\/wp-content\/uploads\/2020\/07\/eredeti-sz\u00ednes-vektoros-Fot-cimer-3.png","contentUrl":"https:\/\/fotsportegyesulet.hu\/wp-content\/uploads\/2020\/07\/eredeti-sz\u00ednes-vektoros-Fot-cimer-3.png","width":500,"height":500,"caption":"F\u00f3t Sportegyes\u00fclet"},"image":{"@id":"https:\/\/fotsportegyesulet.hu\/#\/schema\/logo\/image\/"},"sameAs":["https:\/\/www.facebook.com\/fotsportegyesulet\/"]},{"@type":"Person","@id":"https:\/\/fotsportegyesulet.hu\/#\/schema\/person\/8750ccb3a5183172b75dcc348ffbdbb1","name":"F\u00f3t SE","image":{"@type":"ImageObject","inLanguage":"hu","@id":"https:\/\/fotsportegyesulet.hu\/#\/schema\/person\/image\/","url":"https:\/\/secure.gravatar.com\/avatar\/2f768bb7a490a49aeb2ccaf4bacc94391bbafd4b6aa54eb6f9318ffc80d81dad?s=96&d=mm&r=g","contentUrl":"https:\/\/secure.gravatar.com\/avatar\/2f768bb7a490a49aeb2ccaf4bacc94391bbafd4b6aa54eb6f9318ffc80d81dad?s=96&d=mm&r=g","caption":"F\u00f3t SE"},"sameAs":["http:\/\/fotsportegyesulet.hu"],"url":"https:\/\/fotsportegyesulet.hu\/index.php\/author\/kapitany-zoltan\/"}]}},"_links":{"self":[{"href":"https:\/\/fotsportegyesulet.hu\/index.php\/wp-json\/wp\/v2\/posts\/4383","targetHints":{"allow":["GET"]}}],"collection":[{"href":"https:\/\/fotsportegyesulet.hu\/index.php\/wp-json\/wp\/v2\/posts"}],"about":[{"href":"https:\/\/fotsportegyesulet.hu\/index.php\/wp-json\/wp\/v2\/types\/post"}],"author":[{"embeddable":true,"href":"https:\/\/fotsportegyesulet.hu\/index.php\/wp-json\/wp\/v2\/users\/3"}],"replies":[{"embeddable":true,"href":"https:\/\/fotsportegyesulet.hu\/index.php\/wp-json\/wp\/v2\/comments?post=4383"}],"version-history":[{"count":4,"href":"https:\/\/fotsportegyesulet.hu\/index.php\/wp-json\/wp\/v2\/posts\/4383\/revisions"}],"predecessor-version":[{"id":4392,"href":"https:\/\/fotsportegyesulet.hu\/index.php\/wp-json\/wp\/v2\/posts\/4383\/revisions\/4392"}],"wp:featuredmedia":[{"embeddable":true,"href":"https:\/\/fotsportegyesulet.hu\/index.php\/wp-json\/wp\/v2\/media\/4388"}],"wp:attachment":[{"href":"https:\/\/fotsportegyesulet.hu\/index.php\/wp-json\/wp\/v2\/media?parent=4383"}],"wp:term":[{"taxonomy":"category","embeddable":true,"href":"https:\/\/fotsportegyesulet.hu\/index.php\/wp-json\/wp\/v2\/categories?post=4383"},{"taxonomy":"post_tag","embeddable":true,"href":"https:\/\/fotsportegyesulet.hu\/index.php\/wp-json\/wp\/v2\/tags?post=4383"}],"curies":[{"name":"wp","href":"https:\/\/api.w.org\/{rel}","templated":true}]}}