{"id":3422,"date":"2022-04-04T09:12:31","date_gmt":"2022-04-04T07:12:31","guid":{"rendered":"https:\/\/fotsportegyesulet.hu\/?p=3422"},"modified":"2022-04-04T09:14:43","modified_gmt":"2022-04-04T07:14:43","slug":"eloszor-jatszott-bajnokit-a-fot-se-i-az-uj-mufuves-palyan","status":"publish","type":"post","link":"https:\/\/fotsportegyesulet.hu\/index.php\/2022\/04\/04\/eloszor-jatszott-bajnokit-a-fot-se-i-az-uj-mufuves-palyan\/","title":{"rendered":"El\u0151sz\u00f6r j\u00e1tszott bajnokit a F\u00f3t SE I. az \u00faj m\u0171f\u00fcves p\u00e1ly\u00e1n"},"content":{"rendered":"<div><img loading=\"lazy\" decoding=\"async\" class=\"aligncenter wp-image-3424 size-full\" src=\"https:\/\/fotsportegyesulet.hu\/wp-content\/uploads\/2022\/04\/Kiemelt-kep.jpg\" alt=\"\" width=\"956\" height=\"455\" srcset=\"https:\/\/fotsportegyesulet.hu\/wp-content\/uploads\/2022\/04\/Kiemelt-kep.jpg 956w, https:\/\/fotsportegyesulet.hu\/wp-content\/uploads\/2022\/04\/Kiemelt-kep-300x143.jpg 300w, https:\/\/fotsportegyesulet.hu\/wp-content\/uploads\/2022\/04\/Kiemelt-kep-768x366.jpg 768w\" sizes=\"auto, (max-width: 956px) 100vw, 956px\" \/><\/div>\n<div><\/div>\n<div><\/div>\n<div>A m\u00e9rk\u0151z\u00e9s ut\u00e1n Serd\u00fclt Tam\u00e1s, a hazai csapat j\u00e1t\u00e9kos-edz\u0151je ezt nyilatkozta:<\/div>\n<div><\/div>\n<div>\u201cMost j\u00e1tszottunk el\u0151sz\u00f6r bajnoki meccset a k\u00e9t hete \u00e1tadott m\u0171f\u00fcves p\u00e1ly\u00e1n, ahol m\u00e1r t\u00f6bb edz\u00e9st tartottunk, s\u0151t edz\u0151meccset is. Magabiztosan nyert\u00fcnk ma 3-0-ra. V\u00e9gig kontroll\u00e1ltuk a m\u00e9rk\u0151z\u00e9st, sokat birtokoltuk a labd\u00e1t. Kerest\u00fck a Sz\u0151d massz\u00edv v\u00e9delm\u00e9nek r\u00e9seit, azt\u00e1n egy t\u00e1voli l\u00f6v\u00e9sre sz\u00e1nta el mag\u00e1t Helembai Botond. L\u00f6v\u00e9se a fels\u0151 kapuf\u00e1r\u00f3l B\u00f3dizs Mil\u00e1n el\u00e9 pattant, aki magabiztosan haszn\u00e1lta ki a lehet\u0151s\u00e9get. Ez volt az els\u0151 f\u00e9lid\u0151.\u00a0\u00a0A m\u00e1sodik f\u00e9lid\u0151ben m\u00e1r t\u00f6bb lehet\u0151s\u00e9g\u00fcnk akadt, a sz\u0151di csapat elf\u00e1radt, \u00e9s mikor Potornai Mikl\u00f3s ber\u00fagta a m\u00e1sodik g\u00f3lt, m\u00e9g nagyobb f\u00f6l\u00e9nyre tett\u00fcnk szert. V\u00e9g\u00fcl Rataj Brun\u00f3 \u00e1ll\u00edtotta be a v\u00e9geredm\u00e9nyt\u201d \u2013 mondta az edz\u0151.<\/div>\n<div><\/div>\n<div><strong>V\u00e1runk minden sportot szeret\u0151 vagy kipr\u00f3b\u00e1lni v\u00e1gy\u00f3 gyermeket, \u00e9s feln\u0151ttet, a szakoszt\u00e1lyainkba.<\/strong><\/div>\n<div>\n<p><strong>El\u00e9rhet\u0151s\u00e9g: Kapit\u00e1ny Zolt\u00e1n +36 20\u00a0932 0655<\/strong><\/p>\n<p>Forr\u00e1s: fotinfo.hu<\/p>\n<\/div>\n<div>\n\n\t\t<style type=\"text\/css\">\n\t\t\t#gallery-1 {\n\t\t\t\tmargin: auto;\n\t\t\t}\n\t\t\t#gallery-1 .gallery-item {\n\t\t\t\tfloat: left;\n\t\t\t\tmargin-top: 10px;\n\t\t\t\ttext-align: center;\n\t\t\t\twidth: 33%;\n\t\t\t}\n\t\t\t#gallery-1 img {\n\t\t\t\tborder: 2px solid #cfcfcf;\n\t\t\t}\n\t\t\t#gallery-1 .gallery-caption {\n\t\t\t\tmargin-left: 0;\n\t\t\t}\n\t\t\t\/* see gallery_shortcode() in wp-includes\/media.php *\/\n\t\t<\/style>\n\t\t<div id='gallery-1' class='gallery galleryid-3422 gallery-columns-3 gallery-size-thumbnail'><dl class='gallery-item'>\n\t\t\t<dt class='gallery-icon landscape'>\n\t\t\t\t<a href='https:\/\/fotsportegyesulet.hu\/index.php\/2022\/04\/04\/eloszor-jatszott-bajnokit-a-fot-se-i-az-uj-mufuves-palyan\/p1080557-585x439\/'><img loading=\"lazy\" decoding=\"async\" width=\"150\" height=\"150\" src=\"https:\/\/fotsportegyesulet.hu\/wp-content\/uploads\/2022\/04\/P1080557-585x439-1-150x150.jpg\" class=\"attachment-thumbnail size-thumbnail\" alt=\"\" \/><\/a>\n\t\t\t<\/dt><\/dl><dl class='gallery-item'>\n\t\t\t<dt class='gallery-icon landscape'>\n\t\t\t\t<a href='https:\/\/fotsportegyesulet.hu\/index.php\/2022\/04\/04\/eloszor-jatszott-bajnokit-a-fot-se-i-az-uj-mufuves-palyan\/p1080551-585x439\/'><img loading=\"lazy\" decoding=\"async\" width=\"150\" height=\"150\" src=\"https:\/\/fotsportegyesulet.hu\/wp-content\/uploads\/2022\/04\/P1080551-585x439-1-150x150.jpg\" class=\"attachment-thumbnail size-thumbnail\" alt=\"\" \/><\/a>\n\t\t\t<\/dt><\/dl><dl class='gallery-item'>\n\t\t\t<dt class='gallery-icon landscape'>\n\t\t\t\t<a href='https:\/\/fotsportegyesulet.hu\/index.php\/2022\/04\/04\/eloszor-jatszott-bajnokit-a-fot-se-i-az-uj-mufuves-palyan\/p1080550-585x439\/'><img loading=\"lazy\" decoding=\"async\" width=\"150\" height=\"150\" src=\"https:\/\/fotsportegyesulet.hu\/wp-content\/uploads\/2022\/04\/P1080550-585x439-1-150x150.jpg\" class=\"attachment-thumbnail size-thumbnail\" alt=\"\" \/><\/a>\n\t\t\t<\/dt><\/dl><br style=\"clear: both\" \/><dl class='gallery-item'>\n\t\t\t<dt class='gallery-icon landscape'>\n\t\t\t\t<a href='https:\/\/fotsportegyesulet.hu\/index.php\/2022\/04\/04\/eloszor-jatszott-bajnokit-a-fot-se-i-az-uj-mufuves-palyan\/p1080546-585x439\/'><img loading=\"lazy\" decoding=\"async\" width=\"150\" height=\"150\" src=\"https:\/\/fotsportegyesulet.hu\/wp-content\/uploads\/2022\/04\/P1080546-585x439-1-150x150.jpg\" class=\"attachment-thumbnail size-thumbnail\" alt=\"\" \/><\/a>\n\t\t\t<\/dt><\/dl><dl class='gallery-item'>\n\t\t\t<dt class='gallery-icon landscape'>\n\t\t\t\t<a href='https:\/\/fotsportegyesulet.hu\/index.php\/2022\/04\/04\/eloszor-jatszott-bajnokit-a-fot-se-i-az-uj-mufuves-palyan\/p1080545-585x439\/'><img loading=\"lazy\" decoding=\"async\" width=\"150\" height=\"150\" src=\"https:\/\/fotsportegyesulet.hu\/wp-content\/uploads\/2022\/04\/P1080545-585x439-1-150x150.jpg\" class=\"attachment-thumbnail size-thumbnail\" alt=\"\" \/><\/a>\n\t\t\t<\/dt><\/dl><dl class='gallery-item'>\n\t\t\t<dt class='gallery-icon landscape'>\n\t\t\t\t<a href='https:\/\/fotsportegyesulet.hu\/index.php\/2022\/04\/04\/eloszor-jatszott-bajnokit-a-fot-se-i-az-uj-mufuves-palyan\/p1080544-585x439\/'><img loading=\"lazy\" decoding=\"async\" width=\"150\" height=\"150\" src=\"https:\/\/fotsportegyesulet.hu\/wp-content\/uploads\/2022\/04\/P1080544-585x439-1-150x150.jpg\" class=\"attachment-thumbnail size-thumbnail\" alt=\"\" \/><\/a>\n\t\t\t<\/dt><\/dl><br style=\"clear: both\" \/><dl class='gallery-item'>\n\t\t\t<dt class='gallery-icon landscape'>\n\t\t\t\t<a href='https:\/\/fotsportegyesulet.hu\/index.php\/2022\/04\/04\/eloszor-jatszott-bajnokit-a-fot-se-i-az-uj-mufuves-palyan\/p1080544\/'><img loading=\"lazy\" decoding=\"async\" width=\"150\" height=\"150\" src=\"https:\/\/fotsportegyesulet.hu\/wp-content\/uploads\/2022\/04\/P1080544-150x150.jpg\" class=\"attachment-thumbnail size-thumbnail\" alt=\"\" srcset=\"https:\/\/fotsportegyesulet.hu\/wp-content\/uploads\/2022\/04\/P1080544-150x150.jpg 150w, https:\/\/fotsportegyesulet.hu\/wp-content\/uploads\/2022\/04\/P1080544-600x600.jpg 600w\" sizes=\"auto, (max-width: 150px) 100vw, 150px\" \/><\/a>\n\t\t\t<\/dt><\/dl><dl class='gallery-item'>\n\t\t\t<dt class='gallery-icon landscape'>\n\t\t\t\t<a href='https:\/\/fotsportegyesulet.hu\/index.php\/2022\/04\/04\/eloszor-jatszott-bajnokit-a-fot-se-i-az-uj-mufuves-palyan\/p1080542-585x439\/'><img loading=\"lazy\" decoding=\"async\" width=\"150\" height=\"150\" src=\"https:\/\/fotsportegyesulet.hu\/wp-content\/uploads\/2022\/04\/P1080542-585x439-1-150x150.jpg\" class=\"attachment-thumbnail size-thumbnail\" alt=\"\" \/><\/a>\n\t\t\t<\/dt><\/dl><dl class='gallery-item'>\n\t\t\t<dt class='gallery-icon landscape'>\n\t\t\t\t<a href='https:\/\/fotsportegyesulet.hu\/index.php\/2022\/04\/04\/eloszor-jatszott-bajnokit-a-fot-se-i-az-uj-mufuves-palyan\/p1080535-585x439\/'><img loading=\"lazy\" decoding=\"async\" width=\"150\" height=\"150\" src=\"https:\/\/fotsportegyesulet.hu\/wp-content\/uploads\/2022\/04\/P1080535-585x439-1-150x150.jpg\" class=\"attachment-thumbnail size-thumbnail\" alt=\"\" \/><\/a>\n\t\t\t<\/dt><\/dl><br style=\"clear: both\" \/><dl class='gallery-item'>\n\t\t\t<dt class='gallery-icon landscape'>\n\t\t\t\t<a href='https:\/\/fotsportegyesulet.hu\/index.php\/2022\/04\/04\/eloszor-jatszott-bajnokit-a-fot-se-i-az-uj-mufuves-palyan\/p1080523-585x439\/'><img loading=\"lazy\" decoding=\"async\" width=\"150\" height=\"150\" src=\"https:\/\/fotsportegyesulet.hu\/wp-content\/uploads\/2022\/04\/P1080523-585x439-1-150x150.jpg\" class=\"attachment-thumbnail size-thumbnail\" alt=\"\" \/><\/a>\n\t\t\t<\/dt><\/dl><dl class='gallery-item'>\n\t\t\t<dt class='gallery-icon landscape'>\n\t\t\t\t<a href='https:\/\/fotsportegyesulet.hu\/index.php\/2022\/04\/04\/eloszor-jatszott-bajnokit-a-fot-se-i-az-uj-mufuves-palyan\/p1080527-585x444\/'><img loading=\"lazy\" decoding=\"async\" width=\"150\" height=\"150\" src=\"https:\/\/fotsportegyesulet.hu\/wp-content\/uploads\/2022\/04\/P1080527-585x444-1-150x150.jpg\" class=\"attachment-thumbnail size-thumbnail\" alt=\"\" \/><\/a>\n\t\t\t<\/dt><\/dl><dl class='gallery-item'>\n\t\t\t<dt class='gallery-icon landscape'>\n\t\t\t\t<a href='https:\/\/fotsportegyesulet.hu\/index.php\/2022\/04\/04\/eloszor-jatszott-bajnokit-a-fot-se-i-az-uj-mufuves-palyan\/p1080521-585x439\/'><img loading=\"lazy\" decoding=\"async\" width=\"150\" height=\"150\" src=\"https:\/\/fotsportegyesulet.hu\/wp-content\/uploads\/2022\/04\/P1080521-585x439-1-150x150.jpg\" class=\"attachment-thumbnail size-thumbnail\" alt=\"\" \/><\/a>\n\t\t\t<\/dt><\/dl><br style=\"clear: both\" \/><dl class='gallery-item'>\n\t\t\t<dt class='gallery-icon landscape'>\n\t\t\t\t<a href='https:\/\/fotsportegyesulet.hu\/index.php\/2022\/04\/04\/eloszor-jatszott-bajnokit-a-fot-se-i-az-uj-mufuves-palyan\/p1080515-585x439\/'><img loading=\"lazy\" decoding=\"async\" width=\"150\" height=\"150\" src=\"https:\/\/fotsportegyesulet.hu\/wp-content\/uploads\/2022\/04\/P1080515-585x439-1-150x150.jpg\" class=\"attachment-thumbnail size-thumbnail\" alt=\"\" \/><\/a>\n\t\t\t<\/dt><\/dl><dl class='gallery-item'>\n\t\t\t<dt class='gallery-icon landscape'>\n\t\t\t\t<a href='https:\/\/fotsportegyesulet.hu\/index.php\/2022\/04\/04\/eloszor-jatszott-bajnokit-a-fot-se-i-az-uj-mufuves-palyan\/p1080513-585x439\/'><img loading=\"lazy\" decoding=\"async\" width=\"150\" height=\"150\" src=\"https:\/\/fotsportegyesulet.hu\/wp-content\/uploads\/2022\/04\/P1080513-585x439-1-150x150.jpg\" class=\"attachment-thumbnail size-thumbnail\" alt=\"\" \/><\/a>\n\t\t\t<\/dt><\/dl><dl class='gallery-item'>\n\t\t\t<dt class='gallery-icon landscape'>\n\t\t\t\t<a href='https:\/\/fotsportegyesulet.hu\/index.php\/2022\/04\/04\/eloszor-jatszott-bajnokit-a-fot-se-i-az-uj-mufuves-palyan\/p1080509-585x439\/'><img loading=\"lazy\" decoding=\"async\" width=\"150\" height=\"150\" src=\"https:\/\/fotsportegyesulet.hu\/wp-content\/uploads\/2022\/04\/P1080509-585x439-1-150x150.jpg\" class=\"attachment-thumbnail size-thumbnail\" alt=\"\" \/><\/a>\n\t\t\t<\/dt><\/dl><br style=\"clear: both\" \/><dl class='gallery-item'>\n\t\t\t<dt class='gallery-icon landscape'>\n\t\t\t\t<a href='https:\/\/fotsportegyesulet.hu\/index.php\/2022\/04\/04\/eloszor-jatszott-bajnokit-a-fot-se-i-az-uj-mufuves-palyan\/p1080508-585x439\/'><img loading=\"lazy\" decoding=\"async\" width=\"150\" height=\"150\" src=\"https:\/\/fotsportegyesulet.hu\/wp-content\/uploads\/2022\/04\/P1080508-585x439-1-150x150.jpg\" class=\"attachment-thumbnail size-thumbnail\" alt=\"\" \/><\/a>\n\t\t\t<\/dt><\/dl><dl class='gallery-item'>\n\t\t\t<dt class='gallery-icon landscape'>\n\t\t\t\t<a href='https:\/\/fotsportegyesulet.hu\/index.php\/2022\/04\/04\/eloszor-jatszott-bajnokit-a-fot-se-i-az-uj-mufuves-palyan\/p1080506-585x439\/'><img loading=\"lazy\" decoding=\"async\" width=\"150\" height=\"150\" src=\"https:\/\/fotsportegyesulet.hu\/wp-content\/uploads\/2022\/04\/P1080506-585x439-1-150x150.jpg\" class=\"attachment-thumbnail size-thumbnail\" alt=\"\" \/><\/a>\n\t\t\t<\/dt><\/dl><dl class='gallery-item'>\n\t\t\t<dt class='gallery-icon landscape'>\n\t\t\t\t<a href='https:\/\/fotsportegyesulet.hu\/index.php\/2022\/04\/04\/eloszor-jatszott-bajnokit-a-fot-se-i-az-uj-mufuves-palyan\/p1080504-585x439\/'><img loading=\"lazy\" decoding=\"async\" width=\"150\" height=\"150\" src=\"https:\/\/fotsportegyesulet.hu\/wp-content\/uploads\/2022\/04\/P1080504-585x439-1-150x150.jpg\" class=\"attachment-thumbnail size-thumbnail\" alt=\"\" \/><\/a>\n\t\t\t<\/dt><\/dl><br style=\"clear: both\" \/><dl class='gallery-item'>\n\t\t\t<dt class='gallery-icon landscape'>\n\t\t\t\t<a href='https:\/\/fotsportegyesulet.hu\/index.php\/2022\/04\/04\/eloszor-jatszott-bajnokit-a-fot-se-i-az-uj-mufuves-palyan\/p1080502-585x439\/'><img loading=\"lazy\" decoding=\"async\" width=\"150\" height=\"150\" src=\"https:\/\/fotsportegyesulet.hu\/wp-content\/uploads\/2022\/04\/P1080502-585x439-1-150x150.jpg\" class=\"attachment-thumbnail size-thumbnail\" alt=\"\" \/><\/a>\n\t\t\t<\/dt><\/dl><dl class='gallery-item'>\n\t\t\t<dt class='gallery-icon landscape'>\n\t\t\t\t<a href='https:\/\/fotsportegyesulet.hu\/index.php\/2022\/04\/04\/eloszor-jatszott-bajnokit-a-fot-se-i-az-uj-mufuves-palyan\/p1080500-585x439\/'><img loading=\"lazy\" decoding=\"async\" width=\"150\" height=\"150\" src=\"https:\/\/fotsportegyesulet.hu\/wp-content\/uploads\/2022\/04\/P1080500-585x439-1-150x150.jpg\" class=\"attachment-thumbnail size-thumbnail\" alt=\"\" \/><\/a>\n\t\t\t<\/dt><\/dl><dl class='gallery-item'>\n\t\t\t<dt class='gallery-icon landscape'>\n\t\t\t\t<a href='https:\/\/fotsportegyesulet.hu\/index.php\/2022\/04\/04\/eloszor-jatszott-bajnokit-a-fot-se-i-az-uj-mufuves-palyan\/p1080498-585x439\/'><img loading=\"lazy\" decoding=\"async\" width=\"150\" height=\"150\" src=\"https:\/\/fotsportegyesulet.hu\/wp-content\/uploads\/2022\/04\/P1080498-585x439-1-150x150.jpg\" class=\"attachment-thumbnail size-thumbnail\" alt=\"\" \/><\/a>\n\t\t\t<\/dt><\/dl><br style=\"clear: both\" \/><dl class='gallery-item'>\n\t\t\t<dt class='gallery-icon landscape'>\n\t\t\t\t<a href='https:\/\/fotsportegyesulet.hu\/index.php\/2022\/04\/04\/eloszor-jatszott-bajnokit-a-fot-se-i-az-uj-mufuves-palyan\/p1080497-585x439\/'><img loading=\"lazy\" decoding=\"async\" width=\"150\" height=\"150\" src=\"https:\/\/fotsportegyesulet.hu\/wp-content\/uploads\/2022\/04\/P1080497-585x439-1-150x150.jpg\" class=\"attachment-thumbnail size-thumbnail\" alt=\"\" \/><\/a>\n\t\t\t<\/dt><\/dl><dl class='gallery-item'>\n\t\t\t<dt class='gallery-icon landscape'>\n\t\t\t\t<a href='https:\/\/fotsportegyesulet.hu\/index.php\/2022\/04\/04\/eloszor-jatszott-bajnokit-a-fot-se-i-az-uj-mufuves-palyan\/kiemelt-kep\/'><img loading=\"lazy\" decoding=\"async\" width=\"150\" height=\"150\" src=\"https:\/\/fotsportegyesulet.hu\/wp-content\/uploads\/2022\/04\/Kiemelt-kep-150x150.jpg\" class=\"attachment-thumbnail size-thumbnail\" alt=\"\" \/><\/a>\n\t\t\t<\/dt><\/dl>\n\t\t\t<br style='clear: both' \/>\n\t\t<\/div>\n\n<\/div>\n<div><\/div>\n","protected":false},"excerpt":{"rendered":"<p>Napos, de szeles \u00e9s kifejezetten h\u0171v\u00f6s id\u0151ben j\u00e1tszottak a csapatok. <\/p>\n","protected":false},"author":3,"featured_media":3449,"comment_status":"closed","ping_status":"open","sticky":false,"template":"","format":"standard","meta":{"_bbp_topic_count":0,"_bbp_reply_count":0,"_bbp_total_topic_count":0,"_bbp_total_reply_count":0,"_bbp_voice_count":0,"_bbp_anonymous_reply_count":0,"_bbp_topic_count_hidden":0,"_bbp_reply_count_hidden":0,"_bbp_forum_subforum_count":0,"_price":"","_stock":"","_tribe_ticket_header":"","_tribe_default_ticket_provider":"","_ticket_start_date":"","_ticket_end_date":"","_tribe_ticket_show_description":"","_tribe_ticket_show_not_going":false,"_tribe_ticket_use_global_stock":"","_tribe_ticket_global_stock_level":"","_global_stock_mode":"","_global_stock_cap":"","_tribe_rsvp_for_event":"","_tribe_ticket_going_count":"","_tribe_ticket_not_going_count":"","_tribe_tickets_list":"[]","_tribe_ticket_has_attendee_info_fields":false,"footnotes":""},"categories":[1,67],"tags":[],"class_list":["post-3422","post","type-post","status-publish","format-standard","has-post-thumbnail","hentry","category-hirek","category-labdarugas"],"yoast_head":"<!-- This site is optimized with the Yoast SEO plugin v25.7 - https:\/\/yoast.com\/wordpress\/plugins\/seo\/ -->\n<title>El\u0151sz\u00f6r j\u00e1tszott bajnokit a F\u00f3t SE I. az \u00faj m\u0171f\u00fcves p\u00e1ly\u00e1n - F\u00d3T SPORTEGYES\u00dcLET<\/title>\n<meta name=\"robots\" content=\"index, follow, max-snippet:-1, max-image-preview:large, max-video-preview:-1\" \/>\n<link rel=\"canonical\" href=\"https:\/\/fotsportegyesulet.hu\/index.php\/2022\/04\/04\/eloszor-jatszott-bajnokit-a-fot-se-i-az-uj-mufuves-palyan\/\" \/>\n<meta property=\"og:locale\" content=\"hu_HU\" \/>\n<meta property=\"og:type\" content=\"article\" \/>\n<meta property=\"og:title\" content=\"El\u0151sz\u00f6r j\u00e1tszott bajnokit a F\u00f3t SE I. az \u00faj m\u0171f\u00fcves p\u00e1ly\u00e1n - F\u00d3T SPORTEGYES\u00dcLET\" \/>\n<meta property=\"og:description\" content=\"Napos, de szeles \u00e9s kifejezetten h\u0171v\u00f6s id\u0151ben j\u00e1tszottak a csapatok.\" \/>\n<meta property=\"og:url\" content=\"https:\/\/fotsportegyesulet.hu\/index.php\/2022\/04\/04\/eloszor-jatszott-bajnokit-a-fot-se-i-az-uj-mufuves-palyan\/\" \/>\n<meta property=\"og:site_name\" content=\"F\u00d3T SPORTEGYES\u00dcLET\" \/>\n<meta property=\"article:publisher\" content=\"https:\/\/www.facebook.com\/fotsportegyesulet\/\" \/>\n<meta property=\"article:published_time\" content=\"2022-04-04T07:12:31+00:00\" \/>\n<meta property=\"article:modified_time\" content=\"2022-04-04T07:14:43+00:00\" \/>\n<meta property=\"og:image\" content=\"https:\/\/fotsportegyesulet.hu\/wp-content\/uploads\/2022\/04\/Kiemelt-kep-1.jpg\" \/>\n\t<meta property=\"og:image:width\" content=\"956\" \/>\n\t<meta property=\"og:image:height\" content=\"455\" \/>\n\t<meta property=\"og:image:type\" content=\"image\/jpeg\" \/>\n<meta name=\"author\" content=\"F\u00f3t SE\" \/>\n<meta name=\"twitter:card\" content=\"summary_large_image\" \/>\n<meta name=\"twitter:label1\" content=\"Szerz\u0151:\" \/>\n\t<meta name=\"twitter:data1\" content=\"F\u00f3t SE\" \/>\n\t<meta name=\"twitter:label2\" content=\"Becs\u00fclt olvas\u00e1si id\u0151\" \/>\n\t<meta name=\"twitter:data2\" content=\"1 perc\" \/>\n<script type=\"application\/ld+json\" class=\"yoast-schema-graph\">{\"@context\":\"https:\/\/schema.org\",\"@graph\":[{\"@type\":\"Article\",\"@id\":\"https:\/\/fotsportegyesulet.hu\/index.php\/2022\/04\/04\/eloszor-jatszott-bajnokit-a-fot-se-i-az-uj-mufuves-palyan\/#article\",\"isPartOf\":{\"@id\":\"https:\/\/fotsportegyesulet.hu\/index.php\/2022\/04\/04\/eloszor-jatszott-bajnokit-a-fot-se-i-az-uj-mufuves-palyan\/\"},\"author\":{\"name\":\"F\u00f3t SE\",\"@id\":\"https:\/\/fotsportegyesulet.hu\/#\/schema\/person\/8750ccb3a5183172b75dcc348ffbdbb1\"},\"headline\":\"El\u0151sz\u00f6r j\u00e1tszott bajnokit a F\u00f3t SE I. az \u00faj m\u0171f\u00fcves p\u00e1ly\u00e1n\",\"datePublished\":\"2022-04-04T07:12:31+00:00\",\"dateModified\":\"2022-04-04T07:14:43+00:00\",\"mainEntityOfPage\":{\"@id\":\"https:\/\/fotsportegyesulet.hu\/index.php\/2022\/04\/04\/eloszor-jatszott-bajnokit-a-fot-se-i-az-uj-mufuves-palyan\/\"},\"wordCount\":236,\"publisher\":{\"@id\":\"https:\/\/fotsportegyesulet.hu\/#organization\"},\"image\":{\"@id\":\"https:\/\/fotsportegyesulet.hu\/index.php\/2022\/04\/04\/eloszor-jatszott-bajnokit-a-fot-se-i-az-uj-mufuves-palyan\/#primaryimage\"},\"thumbnailUrl\":\"https:\/\/fotsportegyesulet.hu\/wp-content\/uploads\/2022\/04\/Kiemelt-kep-1.jpg\",\"articleSection\":[\"H\u00edrek\",\"Labdar\u00fag\u00e1s\"],\"inLanguage\":\"hu\"},{\"@type\":\"WebPage\",\"@id\":\"https:\/\/fotsportegyesulet.hu\/index.php\/2022\/04\/04\/eloszor-jatszott-bajnokit-a-fot-se-i-az-uj-mufuves-palyan\/\",\"url\":\"https:\/\/fotsportegyesulet.hu\/index.php\/2022\/04\/04\/eloszor-jatszott-bajnokit-a-fot-se-i-az-uj-mufuves-palyan\/\",\"name\":\"El\u0151sz\u00f6r j\u00e1tszott bajnokit a F\u00f3t SE I. az \u00faj m\u0171f\u00fcves p\u00e1ly\u00e1n - F\u00d3T SPORTEGYES\u00dcLET\",\"isPartOf\":{\"@id\":\"https:\/\/fotsportegyesulet.hu\/#website\"},\"primaryImageOfPage\":{\"@id\":\"https:\/\/fotsportegyesulet.hu\/index.php\/2022\/04\/04\/eloszor-jatszott-bajnokit-a-fot-se-i-az-uj-mufuves-palyan\/#primaryimage\"},\"image\":{\"@id\":\"https:\/\/fotsportegyesulet.hu\/index.php\/2022\/04\/04\/eloszor-jatszott-bajnokit-a-fot-se-i-az-uj-mufuves-palyan\/#primaryimage\"},\"thumbnailUrl\":\"https:\/\/fotsportegyesulet.hu\/wp-content\/uploads\/2022\/04\/Kiemelt-kep-1.jpg\",\"datePublished\":\"2022-04-04T07:12:31+00:00\",\"dateModified\":\"2022-04-04T07:14:43+00:00\",\"breadcrumb\":{\"@id\":\"https:\/\/fotsportegyesulet.hu\/index.php\/2022\/04\/04\/eloszor-jatszott-bajnokit-a-fot-se-i-az-uj-mufuves-palyan\/#breadcrumb\"},\"inLanguage\":\"hu\",\"potentialAction\":[{\"@type\":\"ReadAction\",\"target\":[\"https:\/\/fotsportegyesulet.hu\/index.php\/2022\/04\/04\/eloszor-jatszott-bajnokit-a-fot-se-i-az-uj-mufuves-palyan\/\"]}]},{\"@type\":\"ImageObject\",\"inLanguage\":\"hu\",\"@id\":\"https:\/\/fotsportegyesulet.hu\/index.php\/2022\/04\/04\/eloszor-jatszott-bajnokit-a-fot-se-i-az-uj-mufuves-palyan\/#primaryimage\",\"url\":\"https:\/\/fotsportegyesulet.hu\/wp-content\/uploads\/2022\/04\/Kiemelt-kep-1.jpg\",\"contentUrl\":\"https:\/\/fotsportegyesulet.hu\/wp-content\/uploads\/2022\/04\/Kiemelt-kep-1.jpg\",\"width\":956,\"height\":455},{\"@type\":\"BreadcrumbList\",\"@id\":\"https:\/\/fotsportegyesulet.hu\/index.php\/2022\/04\/04\/eloszor-jatszott-bajnokit-a-fot-se-i-az-uj-mufuves-palyan\/#breadcrumb\",\"itemListElement\":[{\"@type\":\"ListItem\",\"position\":1,\"name\":\"Kezd\u0151lap\",\"item\":\"https:\/\/fotsportegyesulet.hu\/\"},{\"@type\":\"ListItem\",\"position\":2,\"name\":\"El\u0151sz\u00f6r j\u00e1tszott bajnokit a F\u00f3t SE I. az \u00faj m\u0171f\u00fcves p\u00e1ly\u00e1n\"}]},{\"@type\":\"WebSite\",\"@id\":\"https:\/\/fotsportegyesulet.hu\/#website\",\"url\":\"https:\/\/fotsportegyesulet.hu\/\",\"name\":\"F\u00d3T SPORTEGYES\u00dcLET\",\"description\":\"\",\"publisher\":{\"@id\":\"https:\/\/fotsportegyesulet.hu\/#organization\"},\"potentialAction\":[{\"@type\":\"SearchAction\",\"target\":{\"@type\":\"EntryPoint\",\"urlTemplate\":\"https:\/\/fotsportegyesulet.hu\/?s={search_term_string}\"},\"query-input\":{\"@type\":\"PropertyValueSpecification\",\"valueRequired\":true,\"valueName\":\"search_term_string\"}}],\"inLanguage\":\"hu\"},{\"@type\":\"Organization\",\"@id\":\"https:\/\/fotsportegyesulet.hu\/#organization\",\"name\":\"F\u00f3t Sportegyes\u00fclet\",\"url\":\"https:\/\/fotsportegyesulet.hu\/\",\"logo\":{\"@type\":\"ImageObject\",\"inLanguage\":\"hu\",\"@id\":\"https:\/\/fotsportegyesulet.hu\/#\/schema\/logo\/image\/\",\"url\":\"https:\/\/fotsportegyesulet.hu\/wp-content\/uploads\/2020\/07\/eredeti-sz\u00ednes-vektoros-Fot-cimer-3.png\",\"contentUrl\":\"https:\/\/fotsportegyesulet.hu\/wp-content\/uploads\/2020\/07\/eredeti-sz\u00ednes-vektoros-Fot-cimer-3.png\",\"width\":500,\"height\":500,\"caption\":\"F\u00f3t Sportegyes\u00fclet\"},\"image\":{\"@id\":\"https:\/\/fotsportegyesulet.hu\/#\/schema\/logo\/image\/\"},\"sameAs\":[\"https:\/\/www.facebook.com\/fotsportegyesulet\/\"]},{\"@type\":\"Person\",\"@id\":\"https:\/\/fotsportegyesulet.hu\/#\/schema\/person\/8750ccb3a5183172b75dcc348ffbdbb1\",\"name\":\"F\u00f3t SE\",\"image\":{\"@type\":\"ImageObject\",\"inLanguage\":\"hu\",\"@id\":\"https:\/\/fotsportegyesulet.hu\/#\/schema\/person\/image\/\",\"url\":\"https:\/\/secure.gravatar.com\/avatar\/2f768bb7a490a49aeb2ccaf4bacc94391bbafd4b6aa54eb6f9318ffc80d81dad?s=96&d=mm&r=g\",\"contentUrl\":\"https:\/\/secure.gravatar.com\/avatar\/2f768bb7a490a49aeb2ccaf4bacc94391bbafd4b6aa54eb6f9318ffc80d81dad?s=96&d=mm&r=g\",\"caption\":\"F\u00f3t SE\"},\"sameAs\":[\"http:\/\/fotsportegyesulet.hu\"],\"url\":\"https:\/\/fotsportegyesulet.hu\/index.php\/author\/kapitany-zoltan\/\"}]}<\/script>\n<!-- \/ Yoast SEO plugin. -->","yoast_head_json":{"title":"El\u0151sz\u00f6r j\u00e1tszott bajnokit a F\u00f3t SE I. az \u00faj m\u0171f\u00fcves p\u00e1ly\u00e1n - F\u00d3T SPORTEGYES\u00dcLET","robots":{"index":"index","follow":"follow","max-snippet":"max-snippet:-1","max-image-preview":"max-image-preview:large","max-video-preview":"max-video-preview:-1"},"canonical":"https:\/\/fotsportegyesulet.hu\/index.php\/2022\/04\/04\/eloszor-jatszott-bajnokit-a-fot-se-i-az-uj-mufuves-palyan\/","og_locale":"hu_HU","og_type":"article","og_title":"El\u0151sz\u00f6r j\u00e1tszott bajnokit a F\u00f3t SE I. az \u00faj m\u0171f\u00fcves p\u00e1ly\u00e1n - F\u00d3T SPORTEGYES\u00dcLET","og_description":"Napos, de szeles \u00e9s kifejezetten h\u0171v\u00f6s id\u0151ben j\u00e1tszottak a csapatok.","og_url":"https:\/\/fotsportegyesulet.hu\/index.php\/2022\/04\/04\/eloszor-jatszott-bajnokit-a-fot-se-i-az-uj-mufuves-palyan\/","og_site_name":"F\u00d3T SPORTEGYES\u00dcLET","article_publisher":"https:\/\/www.facebook.com\/fotsportegyesulet\/","article_published_time":"2022-04-04T07:12:31+00:00","article_modified_time":"2022-04-04T07:14:43+00:00","og_image":[{"width":956,"height":455,"url":"https:\/\/fotsportegyesulet.hu\/wp-content\/uploads\/2022\/04\/Kiemelt-kep-1.jpg","type":"image\/jpeg"}],"author":"F\u00f3t SE","twitter_card":"summary_large_image","twitter_misc":{"Szerz\u0151:":"F\u00f3t SE","Becs\u00fclt olvas\u00e1si id\u0151":"1 perc"},"schema":{"@context":"https:\/\/schema.org","@graph":[{"@type":"Article","@id":"https:\/\/fotsportegyesulet.hu\/index.php\/2022\/04\/04\/eloszor-jatszott-bajnokit-a-fot-se-i-az-uj-mufuves-palyan\/#article","isPartOf":{"@id":"https:\/\/fotsportegyesulet.hu\/index.php\/2022\/04\/04\/eloszor-jatszott-bajnokit-a-fot-se-i-az-uj-mufuves-palyan\/"},"author":{"name":"F\u00f3t SE","@id":"https:\/\/fotsportegyesulet.hu\/#\/schema\/person\/8750ccb3a5183172b75dcc348ffbdbb1"},"headline":"El\u0151sz\u00f6r j\u00e1tszott bajnokit a F\u00f3t SE I. az \u00faj m\u0171f\u00fcves p\u00e1ly\u00e1n","datePublished":"2022-04-04T07:12:31+00:00","dateModified":"2022-04-04T07:14:43+00:00","mainEntityOfPage":{"@id":"https:\/\/fotsportegyesulet.hu\/index.php\/2022\/04\/04\/eloszor-jatszott-bajnokit-a-fot-se-i-az-uj-mufuves-palyan\/"},"wordCount":236,"publisher":{"@id":"https:\/\/fotsportegyesulet.hu\/#organization"},"image":{"@id":"https:\/\/fotsportegyesulet.hu\/index.php\/2022\/04\/04\/eloszor-jatszott-bajnokit-a-fot-se-i-az-uj-mufuves-palyan\/#primaryimage"},"thumbnailUrl":"https:\/\/fotsportegyesulet.hu\/wp-content\/uploads\/2022\/04\/Kiemelt-kep-1.jpg","articleSection":["H\u00edrek","Labdar\u00fag\u00e1s"],"inLanguage":"hu"},{"@type":"WebPage","@id":"https:\/\/fotsportegyesulet.hu\/index.php\/2022\/04\/04\/eloszor-jatszott-bajnokit-a-fot-se-i-az-uj-mufuves-palyan\/","url":"https:\/\/fotsportegyesulet.hu\/index.php\/2022\/04\/04\/eloszor-jatszott-bajnokit-a-fot-se-i-az-uj-mufuves-palyan\/","name":"El\u0151sz\u00f6r j\u00e1tszott bajnokit a F\u00f3t SE I. az \u00faj m\u0171f\u00fcves p\u00e1ly\u00e1n - F\u00d3T SPORTEGYES\u00dcLET","isPartOf":{"@id":"https:\/\/fotsportegyesulet.hu\/#website"},"primaryImageOfPage":{"@id":"https:\/\/fotsportegyesulet.hu\/index.php\/2022\/04\/04\/eloszor-jatszott-bajnokit-a-fot-se-i-az-uj-mufuves-palyan\/#primaryimage"},"image":{"@id":"https:\/\/fotsportegyesulet.hu\/index.php\/2022\/04\/04\/eloszor-jatszott-bajnokit-a-fot-se-i-az-uj-mufuves-palyan\/#primaryimage"},"thumbnailUrl":"https:\/\/fotsportegyesulet.hu\/wp-content\/uploads\/2022\/04\/Kiemelt-kep-1.jpg","datePublished":"2022-04-04T07:12:31+00:00","dateModified":"2022-04-04T07:14:43+00:00","breadcrumb":{"@id":"https:\/\/fotsportegyesulet.hu\/index.php\/2022\/04\/04\/eloszor-jatszott-bajnokit-a-fot-se-i-az-uj-mufuves-palyan\/#breadcrumb"},"inLanguage":"hu","potentialAction":[{"@type":"ReadAction","target":["https:\/\/fotsportegyesulet.hu\/index.php\/2022\/04\/04\/eloszor-jatszott-bajnokit-a-fot-se-i-az-uj-mufuves-palyan\/"]}]},{"@type":"ImageObject","inLanguage":"hu","@id":"https:\/\/fotsportegyesulet.hu\/index.php\/2022\/04\/04\/eloszor-jatszott-bajnokit-a-fot-se-i-az-uj-mufuves-palyan\/#primaryimage","url":"https:\/\/fotsportegyesulet.hu\/wp-content\/uploads\/2022\/04\/Kiemelt-kep-1.jpg","contentUrl":"https:\/\/fotsportegyesulet.hu\/wp-content\/uploads\/2022\/04\/Kiemelt-kep-1.jpg","width":956,"height":455},{"@type":"BreadcrumbList","@id":"https:\/\/fotsportegyesulet.hu\/index.php\/2022\/04\/04\/eloszor-jatszott-bajnokit-a-fot-se-i-az-uj-mufuves-palyan\/#breadcrumb","itemListElement":[{"@type":"ListItem","position":1,"name":"Kezd\u0151lap","item":"https:\/\/fotsportegyesulet.hu\/"},{"@type":"ListItem","position":2,"name":"El\u0151sz\u00f6r j\u00e1tszott bajnokit a F\u00f3t SE I. az \u00faj m\u0171f\u00fcves p\u00e1ly\u00e1n"}]},{"@type":"WebSite","@id":"https:\/\/fotsportegyesulet.hu\/#website","url":"https:\/\/fotsportegyesulet.hu\/","name":"F\u00d3T SPORTEGYES\u00dcLET","description":"","publisher":{"@id":"https:\/\/fotsportegyesulet.hu\/#organization"},"potentialAction":[{"@type":"SearchAction","target":{"@type":"EntryPoint","urlTemplate":"https:\/\/fotsportegyesulet.hu\/?s={search_term_string}"},"query-input":{"@type":"PropertyValueSpecification","valueRequired":true,"valueName":"search_term_string"}}],"inLanguage":"hu"},{"@type":"Organization","@id":"https:\/\/fotsportegyesulet.hu\/#organization","name":"F\u00f3t Sportegyes\u00fclet","url":"https:\/\/fotsportegyesulet.hu\/","logo":{"@type":"ImageObject","inLanguage":"hu","@id":"https:\/\/fotsportegyesulet.hu\/#\/schema\/logo\/image\/","url":"https:\/\/fotsportegyesulet.hu\/wp-content\/uploads\/2020\/07\/eredeti-sz\u00ednes-vektoros-Fot-cimer-3.png","contentUrl":"https:\/\/fotsportegyesulet.hu\/wp-content\/uploads\/2020\/07\/eredeti-sz\u00ednes-vektoros-Fot-cimer-3.png","width":500,"height":500,"caption":"F\u00f3t Sportegyes\u00fclet"},"image":{"@id":"https:\/\/fotsportegyesulet.hu\/#\/schema\/logo\/image\/"},"sameAs":["https:\/\/www.facebook.com\/fotsportegyesulet\/"]},{"@type":"Person","@id":"https:\/\/fotsportegyesulet.hu\/#\/schema\/person\/8750ccb3a5183172b75dcc348ffbdbb1","name":"F\u00f3t SE","image":{"@type":"ImageObject","inLanguage":"hu","@id":"https:\/\/fotsportegyesulet.hu\/#\/schema\/person\/image\/","url":"https:\/\/secure.gravatar.com\/avatar\/2f768bb7a490a49aeb2ccaf4bacc94391bbafd4b6aa54eb6f9318ffc80d81dad?s=96&d=mm&r=g","contentUrl":"https:\/\/secure.gravatar.com\/avatar\/2f768bb7a490a49aeb2ccaf4bacc94391bbafd4b6aa54eb6f9318ffc80d81dad?s=96&d=mm&r=g","caption":"F\u00f3t SE"},"sameAs":["http:\/\/fotsportegyesulet.hu"],"url":"https:\/\/fotsportegyesulet.hu\/index.php\/author\/kapitany-zoltan\/"}]}},"_links":{"self":[{"href":"https:\/\/fotsportegyesulet.hu\/index.php\/wp-json\/wp\/v2\/posts\/3422","targetHints":{"allow":["GET"]}}],"collection":[{"href":"https:\/\/fotsportegyesulet.hu\/index.php\/wp-json\/wp\/v2\/posts"}],"about":[{"href":"https:\/\/fotsportegyesulet.hu\/index.php\/wp-json\/wp\/v2\/types\/post"}],"author":[{"embeddable":true,"href":"https:\/\/fotsportegyesulet.hu\/index.php\/wp-json\/wp\/v2\/users\/3"}],"replies":[{"embeddable":true,"href":"https:\/\/fotsportegyesulet.hu\/index.php\/wp-json\/wp\/v2\/comments?post=3422"}],"version-history":[{"count":3,"href":"https:\/\/fotsportegyesulet.hu\/index.php\/wp-json\/wp\/v2\/posts\/3422\/revisions"}],"predecessor-version":[{"id":3450,"href":"https:\/\/fotsportegyesulet.hu\/index.php\/wp-json\/wp\/v2\/posts\/3422\/revisions\/3450"}],"wp:featuredmedia":[{"embeddable":true,"href":"https:\/\/fotsportegyesulet.hu\/index.php\/wp-json\/wp\/v2\/media\/3449"}],"wp:attachment":[{"href":"https:\/\/fotsportegyesulet.hu\/index.php\/wp-json\/wp\/v2\/media?parent=3422"}],"wp:term":[{"taxonomy":"category","embeddable":true,"href":"https:\/\/fotsportegyesulet.hu\/index.php\/wp-json\/wp\/v2\/categories?post=3422"},{"taxonomy":"post_tag","embeddable":true,"href":"https:\/\/fotsportegyesulet.hu\/index.php\/wp-json\/wp\/v2\/tags?post=3422"}],"curies":[{"name":"wp","href":"https:\/\/api.w.org\/{rel}","templated":true}]}}