{"id":3162,"date":"2022-02-05T15:09:43","date_gmt":"2022-02-05T13:09:43","guid":{"rendered":"https:\/\/fotsportegyesulet.hu\/?p=3162"},"modified":"2022-02-18T11:51:35","modified_gmt":"2022-02-18T09:51:35","slug":"bajnoki-remenyekkel-vag-neki-a-tavaszi-szezonnak-a-fot-se-i","status":"publish","type":"post","link":"https:\/\/fotsportegyesulet.hu\/index.php\/2022\/02\/05\/bajnoki-remenyekkel-vag-neki-a-tavaszi-szezonnak-a-fot-se-i\/","title":{"rendered":"Bajnoki rem\u00e9nyek a F\u00f3t SE I. csapat\u00e1n\u00e1l"},"content":{"rendered":"<h3><strong>A csapat edz\u0151j\u00e9vel, Serd\u00fclt Tam\u00e1ssal besz\u00e9lgett\u00fcnk.<\/strong><\/h3>\n<p><em>Jelent\u0151s el\u0151nnyel v\u00e1g neki a csapat a tavaszi szezonnak, melyb\u0151l k\u00e9t fordul\u00f3t m\u00e1r \u0151sszel lej\u00e1tszottak. Mire sz\u00e1m\u00edt?<\/em><\/p>\n<p>Igen, jelent\u0151s az el\u0151ny\u00fcnk, de nem szabad elb\u00edzni magunkat. Ezt mindig elmondom a j\u00e1t\u00e9kosoknak is, akikben szerencs\u00e9re megvan az er\u0151 \u00e9s a motiv\u00e1ci\u00f3 a j\u00f3 eredm\u00e9ny el\u00e9r\u00e9s\u00e9hez. A feljebbjut\u00e1s elv\u00e1r\u00e1s is a csapat fel\u00e9, de tudjuk, hogy ehhez m\u00e9g j\u00f3l kell teljes\u00edten\u00fcnk az elk\u00f6vetkez\u0151 12 bajnoki meccsen. A c\u00e9l az, hogy a f\u00f3ti labdar\u00fag\u00e1s feljebb ker\u00fclj\u00f6n ebb\u0151l az oszt\u00e1lyb\u00f3l. Nagy m\u00falt\u00fa klubr\u00f3l van sz\u00f3, voltak NB I B-ben, van honnan felj\u00f6nn\u00fcnk.\u00a0 Lesz sz\u00e9p csarnokunk lassan \u00e9s a m\u0171f\u00fcves p\u00e1lya is hamarosan elk\u00e9sz\u00fcl. A sr\u00e1cok ez\u00e9rt dolgoznak, a st\u00e1b j\u00f3, az eln\u00f6ks\u00e9g j\u00f3, a v\u00e1ros t\u00e1mogat minket.<\/p>\n<p><img loading=\"lazy\" decoding=\"async\" class=\"aligncenter wp-image-3164 size-large\" src=\"https:\/\/fotsportegyesulet.hu\/wp-content\/uploads\/2022\/02\/20220203_174541-1170x878-1-1024x768.jpg\" alt=\"\" width=\"1024\" height=\"768\" srcset=\"https:\/\/fotsportegyesulet.hu\/wp-content\/uploads\/2022\/02\/20220203_174541-1170x878-1-1024x768.jpg 1024w, https:\/\/fotsportegyesulet.hu\/wp-content\/uploads\/2022\/02\/20220203_174541-1170x878-1-300x225.jpg 300w, https:\/\/fotsportegyesulet.hu\/wp-content\/uploads\/2022\/02\/20220203_174541-1170x878-1-768x576.jpg 768w, https:\/\/fotsportegyesulet.hu\/wp-content\/uploads\/2022\/02\/20220203_174541-1170x878-1.jpg 1170w\" sizes=\"auto, (max-width: 1024px) 100vw, 1024px\" \/><\/p>\n<p><em>Mikort\u00f3l lehet ig\u00e9nybe venni az \u00faj l\u00e9tes\u00edtm\u00e9nyeket?<\/em><\/p>\n<p>A csarnokot csak a k\u00f6vetkez\u0151 szezonban tudjuk haszn\u00e1lni, a m\u0171f\u00fcves p\u00e1ly\u00e1t m\u00e1rcius-\u00e1prilist\u00f3l.<\/p>\n<p><em>Ezen bajnoki meccseket is fognak j\u00e1tszani?<\/em><\/p>\n<p>Ez egy plusz lehet\u0151s\u00e9g, p\u00e9ld\u00e1ul, ha f\u00fcves p\u00e1lya nem megfelel\u0151 \u00e1llapot\u00fa. De f\u0151leg edz\u00e9sre haszn\u00e1ljuk majd.<\/p>\n<p><img loading=\"lazy\" decoding=\"async\" class=\"aligncenter wp-image-3167 size-large\" src=\"https:\/\/fotsportegyesulet.hu\/wp-content\/uploads\/2022\/02\/P1060015-1170x878-1-1024x768.jpg\" alt=\"\" width=\"1024\" height=\"768\" srcset=\"https:\/\/fotsportegyesulet.hu\/wp-content\/uploads\/2022\/02\/P1060015-1170x878-1-1024x768.jpg 1024w, https:\/\/fotsportegyesulet.hu\/wp-content\/uploads\/2022\/02\/P1060015-1170x878-1-300x225.jpg 300w, https:\/\/fotsportegyesulet.hu\/wp-content\/uploads\/2022\/02\/P1060015-1170x878-1-768x576.jpg 768w, https:\/\/fotsportegyesulet.hu\/wp-content\/uploads\/2022\/02\/P1060015-1170x878-1.jpg 1170w\" sizes=\"auto, (max-width: 1024px) 100vw, 1024px\" \/><\/p>\n<p><em>Van v\u00e1ltoz\u00e1s a keretben?<\/em><\/p>\n<p>Igazoltam egy fiatal kapust, Farkas Simont \u00e9s Moln\u00e1r M\u00e1t\u00e9 szem\u00e9ly\u00e9ben egy v\u00e9dekez\u0151 szellem\u0171 j\u00e1t\u00e9kost. A keret 25-27 f\u0151, t\u00f6r\u00f6m is a fejemet minden kerethirdet\u00e9skor, mert csak 18 j\u00e1t\u00e9kost lehet nevezni egy-egy m\u00e9rk\u0151z\u00e9sre.<\/p>\n<p><em>Mikor kezd\u0151dik a bajnoks\u00e1g?<\/em><\/p>\n<p>Mi az els\u0151 fordul\u00f3ban nem j\u00e1tszunk, akkor szabad h\u00e9tv\u00e9gesek lesz\u00fcnk. A m\u00e1sodikban m\u00e1rcius 6-\u00e1n a Kisalag ellen kezd\u00fcnk hazai p\u00e1ly\u00e1n.<\/p>\n<p><em>Mit lehet tudni az ellenfelekr\u0151l?<\/em><\/p>\n<p>Mindegyik ellenf\u00e9llel j\u00f3 viszonyt \u00e1polunk, a sporttisztelet abszol\u00fat megvan egym\u00e1s ir\u00e1nt. Nem tudom, hogy ki hogy er\u0151s\u00edtett vagy gyeng\u00fclt esetleg, nem is szeretn\u00e9k ezzel foglalkozni. Ha azt, amit eddig csin\u00e1ltunk, tov\u00e1bb tudjuk vinni,\u00a0 eredm\u00e9nyesek lesz\u00fcnk. Csak magunkkal foglalkozunk. Mi pr\u00f3b\u00e1lunk edzeni. Tudom, hogy van, aki nem edz annyit mind mi, teh\u00e1t ilyen szempontb\u00f3l el\u0151nyben lesz\u00fcnk. Er\u0151ben \u00e9s l\u00e9tsz\u00e1mban j\u00f3l \u00e1llunk.<\/p>\n<p><img loading=\"lazy\" decoding=\"async\" class=\"aligncenter wp-image-3165 size-large\" src=\"https:\/\/fotsportegyesulet.hu\/wp-content\/uploads\/2022\/02\/20220203_175931-1170x878-1-1024x768.jpg\" alt=\"\" width=\"1024\" height=\"768\" srcset=\"https:\/\/fotsportegyesulet.hu\/wp-content\/uploads\/2022\/02\/20220203_175931-1170x878-1-1024x768.jpg 1024w, https:\/\/fotsportegyesulet.hu\/wp-content\/uploads\/2022\/02\/20220203_175931-1170x878-1-300x225.jpg 300w, https:\/\/fotsportegyesulet.hu\/wp-content\/uploads\/2022\/02\/20220203_175931-1170x878-1-768x576.jpg 768w, https:\/\/fotsportegyesulet.hu\/wp-content\/uploads\/2022\/02\/20220203_175931-1170x878-1.jpg 1170w\" sizes=\"auto, (max-width: 1024px) 100vw, 1024px\" \/><\/p>\n<p><em>Hogyan k\u00e9sz\u00fclnek a bajnoks\u00e1g kezdet\u00e9re?<\/em><\/p>\n<p>Heti k\u00e9t edz\u00e9s\u00fcnk van, \u00e9s j\u00e1tszunk k\u00e9t el\u0151k\u00e9sz\u00fcleti meccset is. Vas\u00e1rnap j\u00e1tszunk a megye 3-ban els\u0151 helyen \u00e1ll\u00f3 V\u00e1charty\u00e1nnal, a r\u00e1k\u00f6vetkez\u0151 szombaton Mogyor\u00f3don. \u0150k is fels\u0151bb oszt\u00e1lyban j\u00e1tszanak, mint mi. Igyeksz\u00fcnk er\u0151sebb ellenfelekkel j\u00e1tszani, hisz oda tartunk mi is.<\/p>\n<p><em>Hogy alakul ki a bajnoks\u00e1g v\u00e9geredm\u00e9nye?<\/em><\/p>\n<p>Most j\u00f6n m\u00e9g hat tavaszi fordul\u00f3, \u00e9s ut\u00e1na a r\u00e1j\u00e1tsz\u00e1s. Az els\u0151 n\u00e9gy helyezett a fels\u0151h\u00e1zi, a t\u00f6bbiek az als\u00f3h\u00e1zi r\u00e1j\u00e1tsz\u00e1sban j\u00e1tszanak oda-vissza m\u00e9rk\u0151z\u00e9seket. A kor\u00e1bban megszerzet pontokat viszik magukkal a csapatok, ez\u00e9rt is fontos az alapj\u00e1t\u00e9kban n\u00f6veln\u00fcnk az eddig is jelent\u0151s el\u0151ny\u00fcnket.<\/p>\n<p><em>Hogyan tervezi, fog j\u00e1tszani is a csapatban?<\/em><\/p>\n<p>Nem tudom. Nem szeretn\u00e9k j\u00e1tszani, csak ha megk\u00edv\u00e1nja a helyzet. Ha j\u00e1tszom. akkor nem tudok \u00fagy seg\u00edteni, mint a p\u00e1lya mell\u0151l, mert akkor arra figyelek, hogy \u00e9n is j\u00f3l passzoljak, j\u00f3l \u00edveljek.<\/p>\n<p><img loading=\"lazy\" decoding=\"async\" class=\"aligncenter wp-image-3166 size-large\" src=\"https:\/\/fotsportegyesulet.hu\/wp-content\/uploads\/2022\/02\/20220203_180127-1170x878-1-1024x768.jpg\" alt=\"\" width=\"1024\" height=\"768\" srcset=\"https:\/\/fotsportegyesulet.hu\/wp-content\/uploads\/2022\/02\/20220203_180127-1170x878-1-1024x768.jpg 1024w, https:\/\/fotsportegyesulet.hu\/wp-content\/uploads\/2022\/02\/20220203_180127-1170x878-1-300x225.jpg 300w, https:\/\/fotsportegyesulet.hu\/wp-content\/uploads\/2022\/02\/20220203_180127-1170x878-1-768x576.jpg 768w, https:\/\/fotsportegyesulet.hu\/wp-content\/uploads\/2022\/02\/20220203_180127-1170x878-1.jpg 1170w\" sizes=\"auto, (max-width: 1024px) 100vw, 1024px\" \/><\/p>\n<p>V\u00e1runk miden sportot szeret\u0151 vagy kipr\u00f3b\u00e1lni v\u00e1gy\u00f3 gyermeket, \u00e9s feln\u0151ttet, a szakoszt\u00e1lyainkba!<\/p>\n<p>El\u00e9rhet\u0151s\u00e9g: Kapit\u00e1ny Zolt\u00e1n +36 20\u00a0932 0655<\/p>\n<p>Forr\u00e1s:fotinfo.hu<\/p>\n","protected":false},"excerpt":{"rendered":"<p> Serd\u00fclt Tam\u00e1ssal besz\u00e9lgett\u00fcnk a F\u00d3T SE I. edz\u0151j\u00e9vel, aki m\u00e1r nagyon v\u00e1rja a tavaszi szezont!<\/p>\n","protected":false},"author":3,"featured_media":3163,"comment_status":"closed","ping_status":"open","sticky":false,"template":"","format":"standard","meta":{"_bbp_topic_count":0,"_bbp_reply_count":0,"_bbp_total_topic_count":0,"_bbp_total_reply_count":0,"_bbp_voice_count":0,"_bbp_anonymous_reply_count":0,"_bbp_topic_count_hidden":0,"_bbp_reply_count_hidden":0,"_bbp_forum_subforum_count":0,"_price":"","_stock":"","_tribe_ticket_header":"","_tribe_default_ticket_provider":"","_ticket_start_date":"","_ticket_end_date":"","_tribe_ticket_show_description":"","_tribe_ticket_show_not_going":false,"_tribe_ticket_use_global_stock":"","_tribe_ticket_global_stock_level":"","_global_stock_mode":"","_global_stock_cap":"","_tribe_rsvp_for_event":"","_tribe_ticket_going_count":"","_tribe_ticket_not_going_count":"","_tribe_tickets_list":"[]","_tribe_ticket_has_attendee_info_fields":false,"footnotes":""},"categories":[1,67],"tags":[120,119,118,89],"class_list":["post-3162","post","type-post","status-publish","format-standard","has-post-thumbnail","hentry","category-hirek","category-labdarugas","tag-csapat","tag-edzes","tag-fot","tag-labdarugas"],"yoast_head":"<!-- This site is optimized with the Yoast SEO plugin v25.7 - https:\/\/yoast.com\/wordpress\/plugins\/seo\/ -->\n<title>Bajnoki rem\u00e9nyek a F\u00f3t SE I. csapat\u00e1n\u00e1l - F\u00d3T SPORTEGYES\u00dcLET<\/title>\n<meta name=\"robots\" content=\"index, follow, max-snippet:-1, max-image-preview:large, max-video-preview:-1\" \/>\n<link rel=\"canonical\" href=\"https:\/\/fotsportegyesulet.hu\/index.php\/2022\/02\/05\/bajnoki-remenyekkel-vag-neki-a-tavaszi-szezonnak-a-fot-se-i\/\" \/>\n<meta property=\"og:locale\" content=\"hu_HU\" \/>\n<meta property=\"og:type\" content=\"article\" \/>\n<meta property=\"og:title\" content=\"Bajnoki rem\u00e9nyek a F\u00f3t SE I. csapat\u00e1n\u00e1l - F\u00d3T SPORTEGYES\u00dcLET\" \/>\n<meta property=\"og:description\" content=\"Serd\u00fclt Tam\u00e1ssal besz\u00e9lgett\u00fcnk a F\u00d3T SE I. edz\u0151j\u00e9vel, aki m\u00e1r nagyon v\u00e1rja a tavaszi szezont!\" \/>\n<meta property=\"og:url\" content=\"https:\/\/fotsportegyesulet.hu\/index.php\/2022\/02\/05\/bajnoki-remenyekkel-vag-neki-a-tavaszi-szezonnak-a-fot-se-i\/\" \/>\n<meta property=\"og:site_name\" content=\"F\u00d3T SPORTEGYES\u00dcLET\" \/>\n<meta property=\"article:publisher\" content=\"https:\/\/www.facebook.com\/fotsportegyesulet\/\" \/>\n<meta property=\"article:published_time\" content=\"2022-02-05T13:09:43+00:00\" \/>\n<meta property=\"article:modified_time\" content=\"2022-02-18T09:51:35+00:00\" \/>\n<meta property=\"og:image\" content=\"https:\/\/fotsportegyesulet.hu\/wp-content\/uploads\/2022\/02\/Serdult-Tamas_cimoldal.jpg\" \/>\n\t<meta property=\"og:image:width\" content=\"955\" \/>\n\t<meta property=\"og:image:height\" content=\"455\" \/>\n\t<meta property=\"og:image:type\" content=\"image\/jpeg\" \/>\n<meta name=\"author\" content=\"F\u00f3t SE\" \/>\n<meta name=\"twitter:card\" content=\"summary_large_image\" \/>\n<meta name=\"twitter:label1\" content=\"Szerz\u0151:\" \/>\n\t<meta name=\"twitter:data1\" content=\"F\u00f3t SE\" \/>\n\t<meta name=\"twitter:label2\" content=\"Becs\u00fclt olvas\u00e1si id\u0151\" \/>\n\t<meta name=\"twitter:data2\" content=\"3 perc\" \/>\n<script type=\"application\/ld+json\" class=\"yoast-schema-graph\">{\"@context\":\"https:\/\/schema.org\",\"@graph\":[{\"@type\":\"Article\",\"@id\":\"https:\/\/fotsportegyesulet.hu\/index.php\/2022\/02\/05\/bajnoki-remenyekkel-vag-neki-a-tavaszi-szezonnak-a-fot-se-i\/#article\",\"isPartOf\":{\"@id\":\"https:\/\/fotsportegyesulet.hu\/index.php\/2022\/02\/05\/bajnoki-remenyekkel-vag-neki-a-tavaszi-szezonnak-a-fot-se-i\/\"},\"author\":{\"name\":\"F\u00f3t SE\",\"@id\":\"https:\/\/fotsportegyesulet.hu\/#\/schema\/person\/8750ccb3a5183172b75dcc348ffbdbb1\"},\"headline\":\"Bajnoki rem\u00e9nyek a F\u00f3t SE I. csapat\u00e1n\u00e1l\",\"datePublished\":\"2022-02-05T13:09:43+00:00\",\"dateModified\":\"2022-02-18T09:51:35+00:00\",\"mainEntityOfPage\":{\"@id\":\"https:\/\/fotsportegyesulet.hu\/index.php\/2022\/02\/05\/bajnoki-remenyekkel-vag-neki-a-tavaszi-szezonnak-a-fot-se-i\/\"},\"wordCount\":662,\"publisher\":{\"@id\":\"https:\/\/fotsportegyesulet.hu\/#organization\"},\"image\":{\"@id\":\"https:\/\/fotsportegyesulet.hu\/index.php\/2022\/02\/05\/bajnoki-remenyekkel-vag-neki-a-tavaszi-szezonnak-a-fot-se-i\/#primaryimage\"},\"thumbnailUrl\":\"https:\/\/fotsportegyesulet.hu\/wp-content\/uploads\/2022\/02\/Serdult-Tamas_cimoldal.jpg\",\"keywords\":[\"csapat\",\"edz\u00e9s\",\"F\u00f3t\",\"labdar\u00fag\u00e1s\"],\"articleSection\":[\"H\u00edrek\",\"Labdar\u00fag\u00e1s\"],\"inLanguage\":\"hu\"},{\"@type\":\"WebPage\",\"@id\":\"https:\/\/fotsportegyesulet.hu\/index.php\/2022\/02\/05\/bajnoki-remenyekkel-vag-neki-a-tavaszi-szezonnak-a-fot-se-i\/\",\"url\":\"https:\/\/fotsportegyesulet.hu\/index.php\/2022\/02\/05\/bajnoki-remenyekkel-vag-neki-a-tavaszi-szezonnak-a-fot-se-i\/\",\"name\":\"Bajnoki rem\u00e9nyek a F\u00f3t SE I. csapat\u00e1n\u00e1l - F\u00d3T SPORTEGYES\u00dcLET\",\"isPartOf\":{\"@id\":\"https:\/\/fotsportegyesulet.hu\/#website\"},\"primaryImageOfPage\":{\"@id\":\"https:\/\/fotsportegyesulet.hu\/index.php\/2022\/02\/05\/bajnoki-remenyekkel-vag-neki-a-tavaszi-szezonnak-a-fot-se-i\/#primaryimage\"},\"image\":{\"@id\":\"https:\/\/fotsportegyesulet.hu\/index.php\/2022\/02\/05\/bajnoki-remenyekkel-vag-neki-a-tavaszi-szezonnak-a-fot-se-i\/#primaryimage\"},\"thumbnailUrl\":\"https:\/\/fotsportegyesulet.hu\/wp-content\/uploads\/2022\/02\/Serdult-Tamas_cimoldal.jpg\",\"datePublished\":\"2022-02-05T13:09:43+00:00\",\"dateModified\":\"2022-02-18T09:51:35+00:00\",\"breadcrumb\":{\"@id\":\"https:\/\/fotsportegyesulet.hu\/index.php\/2022\/02\/05\/bajnoki-remenyekkel-vag-neki-a-tavaszi-szezonnak-a-fot-se-i\/#breadcrumb\"},\"inLanguage\":\"hu\",\"potentialAction\":[{\"@type\":\"ReadAction\",\"target\":[\"https:\/\/fotsportegyesulet.hu\/index.php\/2022\/02\/05\/bajnoki-remenyekkel-vag-neki-a-tavaszi-szezonnak-a-fot-se-i\/\"]}]},{\"@type\":\"ImageObject\",\"inLanguage\":\"hu\",\"@id\":\"https:\/\/fotsportegyesulet.hu\/index.php\/2022\/02\/05\/bajnoki-remenyekkel-vag-neki-a-tavaszi-szezonnak-a-fot-se-i\/#primaryimage\",\"url\":\"https:\/\/fotsportegyesulet.hu\/wp-content\/uploads\/2022\/02\/Serdult-Tamas_cimoldal.jpg\",\"contentUrl\":\"https:\/\/fotsportegyesulet.hu\/wp-content\/uploads\/2022\/02\/Serdult-Tamas_cimoldal.jpg\",\"width\":955,\"height\":455},{\"@type\":\"BreadcrumbList\",\"@id\":\"https:\/\/fotsportegyesulet.hu\/index.php\/2022\/02\/05\/bajnoki-remenyekkel-vag-neki-a-tavaszi-szezonnak-a-fot-se-i\/#breadcrumb\",\"itemListElement\":[{\"@type\":\"ListItem\",\"position\":1,\"name\":\"Kezd\u0151lap\",\"item\":\"https:\/\/fotsportegyesulet.hu\/\"},{\"@type\":\"ListItem\",\"position\":2,\"name\":\"Bajnoki rem\u00e9nyek a F\u00f3t SE I. csapat\u00e1n\u00e1l\"}]},{\"@type\":\"WebSite\",\"@id\":\"https:\/\/fotsportegyesulet.hu\/#website\",\"url\":\"https:\/\/fotsportegyesulet.hu\/\",\"name\":\"F\u00d3T SPORTEGYES\u00dcLET\",\"description\":\"\",\"publisher\":{\"@id\":\"https:\/\/fotsportegyesulet.hu\/#organization\"},\"potentialAction\":[{\"@type\":\"SearchAction\",\"target\":{\"@type\":\"EntryPoint\",\"urlTemplate\":\"https:\/\/fotsportegyesulet.hu\/?s={search_term_string}\"},\"query-input\":{\"@type\":\"PropertyValueSpecification\",\"valueRequired\":true,\"valueName\":\"search_term_string\"}}],\"inLanguage\":\"hu\"},{\"@type\":\"Organization\",\"@id\":\"https:\/\/fotsportegyesulet.hu\/#organization\",\"name\":\"F\u00f3t Sportegyes\u00fclet\",\"url\":\"https:\/\/fotsportegyesulet.hu\/\",\"logo\":{\"@type\":\"ImageObject\",\"inLanguage\":\"hu\",\"@id\":\"https:\/\/fotsportegyesulet.hu\/#\/schema\/logo\/image\/\",\"url\":\"https:\/\/fotsportegyesulet.hu\/wp-content\/uploads\/2020\/07\/eredeti-sz\u00ednes-vektoros-Fot-cimer-3.png\",\"contentUrl\":\"https:\/\/fotsportegyesulet.hu\/wp-content\/uploads\/2020\/07\/eredeti-sz\u00ednes-vektoros-Fot-cimer-3.png\",\"width\":500,\"height\":500,\"caption\":\"F\u00f3t Sportegyes\u00fclet\"},\"image\":{\"@id\":\"https:\/\/fotsportegyesulet.hu\/#\/schema\/logo\/image\/\"},\"sameAs\":[\"https:\/\/www.facebook.com\/fotsportegyesulet\/\"]},{\"@type\":\"Person\",\"@id\":\"https:\/\/fotsportegyesulet.hu\/#\/schema\/person\/8750ccb3a5183172b75dcc348ffbdbb1\",\"name\":\"F\u00f3t SE\",\"image\":{\"@type\":\"ImageObject\",\"inLanguage\":\"hu\",\"@id\":\"https:\/\/fotsportegyesulet.hu\/#\/schema\/person\/image\/\",\"url\":\"https:\/\/secure.gravatar.com\/avatar\/2f768bb7a490a49aeb2ccaf4bacc94391bbafd4b6aa54eb6f9318ffc80d81dad?s=96&d=mm&r=g\",\"contentUrl\":\"https:\/\/secure.gravatar.com\/avatar\/2f768bb7a490a49aeb2ccaf4bacc94391bbafd4b6aa54eb6f9318ffc80d81dad?s=96&d=mm&r=g\",\"caption\":\"F\u00f3t SE\"},\"sameAs\":[\"http:\/\/fotsportegyesulet.hu\"],\"url\":\"https:\/\/fotsportegyesulet.hu\/index.php\/author\/kapitany-zoltan\/\"}]}<\/script>\n<!-- \/ Yoast SEO plugin. -->","yoast_head_json":{"title":"Bajnoki rem\u00e9nyek a F\u00f3t SE I. csapat\u00e1n\u00e1l - F\u00d3T SPORTEGYES\u00dcLET","robots":{"index":"index","follow":"follow","max-snippet":"max-snippet:-1","max-image-preview":"max-image-preview:large","max-video-preview":"max-video-preview:-1"},"canonical":"https:\/\/fotsportegyesulet.hu\/index.php\/2022\/02\/05\/bajnoki-remenyekkel-vag-neki-a-tavaszi-szezonnak-a-fot-se-i\/","og_locale":"hu_HU","og_type":"article","og_title":"Bajnoki rem\u00e9nyek a F\u00f3t SE I. csapat\u00e1n\u00e1l - F\u00d3T SPORTEGYES\u00dcLET","og_description":"Serd\u00fclt Tam\u00e1ssal besz\u00e9lgett\u00fcnk a F\u00d3T SE I. edz\u0151j\u00e9vel, aki m\u00e1r nagyon v\u00e1rja a tavaszi szezont!","og_url":"https:\/\/fotsportegyesulet.hu\/index.php\/2022\/02\/05\/bajnoki-remenyekkel-vag-neki-a-tavaszi-szezonnak-a-fot-se-i\/","og_site_name":"F\u00d3T SPORTEGYES\u00dcLET","article_publisher":"https:\/\/www.facebook.com\/fotsportegyesulet\/","article_published_time":"2022-02-05T13:09:43+00:00","article_modified_time":"2022-02-18T09:51:35+00:00","og_image":[{"width":955,"height":455,"url":"https:\/\/fotsportegyesulet.hu\/wp-content\/uploads\/2022\/02\/Serdult-Tamas_cimoldal.jpg","type":"image\/jpeg"}],"author":"F\u00f3t SE","twitter_card":"summary_large_image","twitter_misc":{"Szerz\u0151:":"F\u00f3t SE","Becs\u00fclt olvas\u00e1si id\u0151":"3 perc"},"schema":{"@context":"https:\/\/schema.org","@graph":[{"@type":"Article","@id":"https:\/\/fotsportegyesulet.hu\/index.php\/2022\/02\/05\/bajnoki-remenyekkel-vag-neki-a-tavaszi-szezonnak-a-fot-se-i\/#article","isPartOf":{"@id":"https:\/\/fotsportegyesulet.hu\/index.php\/2022\/02\/05\/bajnoki-remenyekkel-vag-neki-a-tavaszi-szezonnak-a-fot-se-i\/"},"author":{"name":"F\u00f3t SE","@id":"https:\/\/fotsportegyesulet.hu\/#\/schema\/person\/8750ccb3a5183172b75dcc348ffbdbb1"},"headline":"Bajnoki rem\u00e9nyek a F\u00f3t SE I. csapat\u00e1n\u00e1l","datePublished":"2022-02-05T13:09:43+00:00","dateModified":"2022-02-18T09:51:35+00:00","mainEntityOfPage":{"@id":"https:\/\/fotsportegyesulet.hu\/index.php\/2022\/02\/05\/bajnoki-remenyekkel-vag-neki-a-tavaszi-szezonnak-a-fot-se-i\/"},"wordCount":662,"publisher":{"@id":"https:\/\/fotsportegyesulet.hu\/#organization"},"image":{"@id":"https:\/\/fotsportegyesulet.hu\/index.php\/2022\/02\/05\/bajnoki-remenyekkel-vag-neki-a-tavaszi-szezonnak-a-fot-se-i\/#primaryimage"},"thumbnailUrl":"https:\/\/fotsportegyesulet.hu\/wp-content\/uploads\/2022\/02\/Serdult-Tamas_cimoldal.jpg","keywords":["csapat","edz\u00e9s","F\u00f3t","labdar\u00fag\u00e1s"],"articleSection":["H\u00edrek","Labdar\u00fag\u00e1s"],"inLanguage":"hu"},{"@type":"WebPage","@id":"https:\/\/fotsportegyesulet.hu\/index.php\/2022\/02\/05\/bajnoki-remenyekkel-vag-neki-a-tavaszi-szezonnak-a-fot-se-i\/","url":"https:\/\/fotsportegyesulet.hu\/index.php\/2022\/02\/05\/bajnoki-remenyekkel-vag-neki-a-tavaszi-szezonnak-a-fot-se-i\/","name":"Bajnoki rem\u00e9nyek a F\u00f3t SE I. csapat\u00e1n\u00e1l - F\u00d3T SPORTEGYES\u00dcLET","isPartOf":{"@id":"https:\/\/fotsportegyesulet.hu\/#website"},"primaryImageOfPage":{"@id":"https:\/\/fotsportegyesulet.hu\/index.php\/2022\/02\/05\/bajnoki-remenyekkel-vag-neki-a-tavaszi-szezonnak-a-fot-se-i\/#primaryimage"},"image":{"@id":"https:\/\/fotsportegyesulet.hu\/index.php\/2022\/02\/05\/bajnoki-remenyekkel-vag-neki-a-tavaszi-szezonnak-a-fot-se-i\/#primaryimage"},"thumbnailUrl":"https:\/\/fotsportegyesulet.hu\/wp-content\/uploads\/2022\/02\/Serdult-Tamas_cimoldal.jpg","datePublished":"2022-02-05T13:09:43+00:00","dateModified":"2022-02-18T09:51:35+00:00","breadcrumb":{"@id":"https:\/\/fotsportegyesulet.hu\/index.php\/2022\/02\/05\/bajnoki-remenyekkel-vag-neki-a-tavaszi-szezonnak-a-fot-se-i\/#breadcrumb"},"inLanguage":"hu","potentialAction":[{"@type":"ReadAction","target":["https:\/\/fotsportegyesulet.hu\/index.php\/2022\/02\/05\/bajnoki-remenyekkel-vag-neki-a-tavaszi-szezonnak-a-fot-se-i\/"]}]},{"@type":"ImageObject","inLanguage":"hu","@id":"https:\/\/fotsportegyesulet.hu\/index.php\/2022\/02\/05\/bajnoki-remenyekkel-vag-neki-a-tavaszi-szezonnak-a-fot-se-i\/#primaryimage","url":"https:\/\/fotsportegyesulet.hu\/wp-content\/uploads\/2022\/02\/Serdult-Tamas_cimoldal.jpg","contentUrl":"https:\/\/fotsportegyesulet.hu\/wp-content\/uploads\/2022\/02\/Serdult-Tamas_cimoldal.jpg","width":955,"height":455},{"@type":"BreadcrumbList","@id":"https:\/\/fotsportegyesulet.hu\/index.php\/2022\/02\/05\/bajnoki-remenyekkel-vag-neki-a-tavaszi-szezonnak-a-fot-se-i\/#breadcrumb","itemListElement":[{"@type":"ListItem","position":1,"name":"Kezd\u0151lap","item":"https:\/\/fotsportegyesulet.hu\/"},{"@type":"ListItem","position":2,"name":"Bajnoki rem\u00e9nyek a F\u00f3t SE I. csapat\u00e1n\u00e1l"}]},{"@type":"WebSite","@id":"https:\/\/fotsportegyesulet.hu\/#website","url":"https:\/\/fotsportegyesulet.hu\/","name":"F\u00d3T SPORTEGYES\u00dcLET","description":"","publisher":{"@id":"https:\/\/fotsportegyesulet.hu\/#organization"},"potentialAction":[{"@type":"SearchAction","target":{"@type":"EntryPoint","urlTemplate":"https:\/\/fotsportegyesulet.hu\/?s={search_term_string}"},"query-input":{"@type":"PropertyValueSpecification","valueRequired":true,"valueName":"search_term_string"}}],"inLanguage":"hu"},{"@type":"Organization","@id":"https:\/\/fotsportegyesulet.hu\/#organization","name":"F\u00f3t Sportegyes\u00fclet","url":"https:\/\/fotsportegyesulet.hu\/","logo":{"@type":"ImageObject","inLanguage":"hu","@id":"https:\/\/fotsportegyesulet.hu\/#\/schema\/logo\/image\/","url":"https:\/\/fotsportegyesulet.hu\/wp-content\/uploads\/2020\/07\/eredeti-sz\u00ednes-vektoros-Fot-cimer-3.png","contentUrl":"https:\/\/fotsportegyesulet.hu\/wp-content\/uploads\/2020\/07\/eredeti-sz\u00ednes-vektoros-Fot-cimer-3.png","width":500,"height":500,"caption":"F\u00f3t Sportegyes\u00fclet"},"image":{"@id":"https:\/\/fotsportegyesulet.hu\/#\/schema\/logo\/image\/"},"sameAs":["https:\/\/www.facebook.com\/fotsportegyesulet\/"]},{"@type":"Person","@id":"https:\/\/fotsportegyesulet.hu\/#\/schema\/person\/8750ccb3a5183172b75dcc348ffbdbb1","name":"F\u00f3t SE","image":{"@type":"ImageObject","inLanguage":"hu","@id":"https:\/\/fotsportegyesulet.hu\/#\/schema\/person\/image\/","url":"https:\/\/secure.gravatar.com\/avatar\/2f768bb7a490a49aeb2ccaf4bacc94391bbafd4b6aa54eb6f9318ffc80d81dad?s=96&d=mm&r=g","contentUrl":"https:\/\/secure.gravatar.com\/avatar\/2f768bb7a490a49aeb2ccaf4bacc94391bbafd4b6aa54eb6f9318ffc80d81dad?s=96&d=mm&r=g","caption":"F\u00f3t SE"},"sameAs":["http:\/\/fotsportegyesulet.hu"],"url":"https:\/\/fotsportegyesulet.hu\/index.php\/author\/kapitany-zoltan\/"}]}},"_links":{"self":[{"href":"https:\/\/fotsportegyesulet.hu\/index.php\/wp-json\/wp\/v2\/posts\/3162","targetHints":{"allow":["GET"]}}],"collection":[{"href":"https:\/\/fotsportegyesulet.hu\/index.php\/wp-json\/wp\/v2\/posts"}],"about":[{"href":"https:\/\/fotsportegyesulet.hu\/index.php\/wp-json\/wp\/v2\/types\/post"}],"author":[{"embeddable":true,"href":"https:\/\/fotsportegyesulet.hu\/index.php\/wp-json\/wp\/v2\/users\/3"}],"replies":[{"embeddable":true,"href":"https:\/\/fotsportegyesulet.hu\/index.php\/wp-json\/wp\/v2\/comments?post=3162"}],"version-history":[{"count":10,"href":"https:\/\/fotsportegyesulet.hu\/index.php\/wp-json\/wp\/v2\/posts\/3162\/revisions"}],"predecessor-version":[{"id":3262,"href":"https:\/\/fotsportegyesulet.hu\/index.php\/wp-json\/wp\/v2\/posts\/3162\/revisions\/3262"}],"wp:featuredmedia":[{"embeddable":true,"href":"https:\/\/fotsportegyesulet.hu\/index.php\/wp-json\/wp\/v2\/media\/3163"}],"wp:attachment":[{"href":"https:\/\/fotsportegyesulet.hu\/index.php\/wp-json\/wp\/v2\/media?parent=3162"}],"wp:term":[{"taxonomy":"category","embeddable":true,"href":"https:\/\/fotsportegyesulet.hu\/index.php\/wp-json\/wp\/v2\/categories?post=3162"},{"taxonomy":"post_tag","embeddable":true,"href":"https:\/\/fotsportegyesulet.hu\/index.php\/wp-json\/wp\/v2\/tags?post=3162"}],"curies":[{"name":"wp","href":"https:\/\/api.w.org\/{rel}","templated":true}]}}