{"id":3120,"date":"2022-01-14T16:22:58","date_gmt":"2022-01-14T14:22:58","guid":{"rendered":"https:\/\/fotsportegyesulet.hu\/?p=3120"},"modified":"2022-02-18T11:53:08","modified_gmt":"2022-02-18T09:53:08","slug":"interju-toth-richarddal-es-boros-milannal-a-fot-se-futball-csapatanak-ket-fiatal-tagjaval","status":"publish","type":"post","link":"https:\/\/fotsportegyesulet.hu\/index.php\/2022\/01\/14\/interju-toth-richarddal-es-boros-milannal-a-fot-se-futball-csapatanak-ket-fiatal-tagjaval\/","title":{"rendered":"Interj\u00fa T\u00f3th Rich\u00e1rddal \u00e9s Boros Mil\u00e1nn\u00e1l"},"content":{"rendered":"<h3>K\u00e9t lelkes labdar\u00fag\u00f3val k\u00e9sz\u00fclt a mostani interj\u00fank. Mindketten oszlopos tagjai a F\u00f3t SE csapat\u00e1nak, rendk\u00edv\u00fcl rutinos j\u00e1t\u00e9kosok.<\/h3>\n<p><strong>Mes\u00e9ljetek, k\u00e9rlek magatokr\u00f3l n\u00e9h\u00e1ny sz\u00f3ban! Mit lehet tudni r\u00f3latok?<\/strong><\/p>\n<p><strong>T\u00f3th Rich\u00e1rd:<\/strong> 24 \u00e9ves vagyok, 6 \u00e9ves korom \u00f3ta focizom. Itt F\u00f3ton kezdtem, de hamar \u00e1tir\u00e1ny\u00edtott G\u00e1sp\u00e1r Z\u00e9n\u00f3 \u00e9s M\u00e1rkus L\u00e1szl\u00f3 az UTE csapat\u00e1ba, ahol 9 \u00e9vet t\u00f6lt\u00f6ttem, \u00e9s az alapok mellett sok tud\u00e1sra tettem szert. Rengeteg edz\u00e9s, meccs, \u00a0torna \u00e9s nemzetk\u00f6zi szerepl\u00e9s k\u00f6thet\u0151 ehhez az id\u0151szakhoz.\u00a0Ezek mellett a Forma1, \u00e9s a videoj\u00e1t\u00e9kok szerelmese vagyok.<\/p>\n<p><strong>Boros Mil\u00e1n:<\/strong> 20 \u00e9ves vagyok, 12 \u00e9ve focizom, emellett jelenleg a Testnevel\u00e9si Egyetemen tanulok, \u00e9s dolgozom is. Az \u00e9letemben az ut\u00f3bbi p\u00e1r h\u00f3napban az id\u0151beoszt\u00e1s nagy szerepet kapott, mindenhol szeretn\u00e9m kihozni magamb\u00f3l a maximumot, \u00edgy erre is t\u00f6rekszem.<\/p>\n<p><strong>Milyen szerepet t\u00f6lt be az \u00e9letetekben a labdar\u00fag\u00e1s?<\/strong><\/p>\n<p><strong>T\u00f3th Rich\u00e1rd:<\/strong> Az \u00e9letemben a labdar\u00fag\u00e1s nagyon fontos szerepet t\u00f6lt\u00f6tt be fiatalabb koromban, t\u00e9len, ny\u00e1ron, es\u0151ben, h\u00f3ban. Ma m\u00e1r ink\u00e1bb csak hobbi szinten, de teljes er\u0151bedob\u00e1ssal \u0171z\u00f6m.<\/p>\n<p><strong>Boros Mil\u00e1n:<\/strong> Fontos szerepe van hisz mindig is ez volt az, amit igaz\u00e1n szerettem csin\u00e1lni, \u00e9s amikor p\u00e1ly\u00e1ra l\u00e9pek csak a foci, valamint a gy\u0151zni akar\u00e1s l\u00e9tezik.<\/p>\n<p><strong>Mi\u00f3ta sportoltok a F\u00f3t Se labdar\u00fag\u00e1s szakoszt\u00e1ly\u00e1ban?<\/strong><\/p>\n<p><strong>T\u00f3th Rich\u00e1rd:<\/strong> 2013-ban csatlakoztam v\u00e9gleg a F\u00f3t Se csapat\u00e1hoz.<\/p>\n<p><strong>Boros Mil\u00e1n:<\/strong> 2021 nyar\u00e1n ker\u00fcltem a csapathoz, amiben a bar\u00e1taimnak nagy szerepe volt. A teljes \u00e9rt\u00e9k\u0171 munk\u00e1t pedig szeptemberben kezdtem meg a kerettel.<\/p>\n<p><strong>Mit szerettek legjobban az edz\u00e9seken?<\/strong><\/p>\n<p><strong>T\u00f3th Rich\u00e1rd:<\/strong> A j\u00e1t\u00e9kot szeretem nyilv\u00e1n, mint mindenki, de a sok er\u0151nl\u00e9ti gyakorlatokkal sincsen probl\u00e9m\u00e1m.<\/p>\n<p><strong>Boros Mil\u00e1n:<\/strong> A hangulat, ami legink\u00e1bb tetszett m\u00e1r az elej\u00e9t\u0151l kezdve. A csapat nagyon egyben van, j\u00f3 j\u00e1t\u00e9kosaink vannak remek szem\u00e9lyis\u00e9ggel.<\/p>\n<p><strong>Hogyan \u00e9rt\u00e9kelitek az edz\u00e9smunk\u00e1t?<\/strong><\/p>\n<p>\u00dagy l\u00e1tjuk, hogy kiv\u00e9tel n\u00e9lk\u00fcl mindenki pr\u00f3b\u00e1lja a legjobbat kihozni mag\u00e1b\u00f3l.<br \/>\nAmi k\u00fcl\u00f6n pozit\u00edv az a csapattagok egym\u00e1shoz val\u00f3 viszonya. Mindenki seg\u00edti, t\u00e1mogatja egym\u00e1st a p\u00e1ly\u00e1n, \u00e9s azon k\u00edv\u00fcl is.<\/p>\n<p><strong>Hogyan f\u00e9r \u00f6ssze a munk\u00e1tok a sporttal?<\/strong><\/p>\n<p><strong>T\u00f3th Rich\u00e1rd:<\/strong> Szerencs\u00e9re a jelenlegi munkahelyem, illetve a koll\u00e9g\u00e1im t\u00e1mogatj\u00e1k a sportol\u00e1si tev\u00e9kenys\u00e9gem, ez\u00e1ltal z\u00f6kken\u0151mentes.<\/p>\n<p><strong>Boros Mil\u00e1n:<\/strong> Neh\u00e9z megoldani, hiszen a foci ezen a szinten senkinek nem priorit\u00e1s a munk\u00e1val szemben, viszont a legt\u00f6bben pr\u00f3b\u00e1lnak ehhez alkalmazkodni. Az edz\u00e9sek id\u0151pontjai is akkor vannak, amikor a legt\u00f6bben el tudnak menni, ebben persze az edz\u0151nek is nagy szerepe van. \u00d6sszess\u00e9g\u00e9ben szerintem minden adott a munk\u00e1hoz, \u00e9s a sikerhez is.<\/p>\n<p><strong>Szerintetek mi a legfontosabb felt\u00e9tel, hogy sikeres sportol\u00f3k lehessetek?<\/strong><\/p>\n<p>Egy\u00e9rtelm\u0171en az elk\u00f6telezetts\u00e9g. Ha valaki az \u00e9let\u00e9t a sportnak al\u00e1rendeli, eszerint \u00e9li a mindennapjait, \u00e9s \u00e9veken kereszt\u00fcl k\u0151 kem\u00e9ny munk\u00e1t tesz bele az valamilyen form\u00e1ban mindenf\u00e9lek\u00e9ppen ki fog fizet\u0151dni. B\u00e1r sajnos ez haz\u00e1nkban nem felt\u00e9tlen ennyire egyszer\u0171, de ha valaki mindent megtesz az tal\u00e1n, \u00edgy tud kompenz\u00e1l\u00f3dni.<\/p>\n<p><strong>Mikor \u00e9s kinek k\u00f6sz\u00f6nhet\u0151en ker\u00fcltetek kapcsolatba a F\u00f3t SE egyes\u00fclettel?<\/strong><\/p>\n<p><strong>T\u00f3th Rich\u00e1rd:<\/strong> \u00c9des anyuk\u00e1m vitt le a p\u00e1ly\u00e1ra el\u0151sz\u00f6r.<\/p>\n<p><strong>Boros Mil\u00e1n:<\/strong> Alapvet\u0151en m\u00e1r Tomit (a vezet\u0151edz\u0151t) ismertem \u00e9vekre visszamen\u0151leg, \u00e9s a legjobb bar\u00e1taim is m\u00e1r r\u00e9g\u00f3ta er\u0151s\u00edtik a csapatot. \u00cdgy nem kellett sokat gondolkoznom az \u00e1tigazol\u00e1son, mivel ny\u00e1ron v\u00e1ltani szerettem volna, k\u00e9zen fekv\u0151 volt, hogy csatlakozom amennyiben ig\u00e9nyt tartanak r\u00e1m.<\/p>\n<p><strong>Mit v\u00e1rtok saj\u00e1t magatokt\u00f3l a tavaszi szezonban?<\/strong><\/p>\n<p><strong>T\u00f3th Rich\u00e1rd:<\/strong> Saj\u00e1t c\u00e9lok tekintet\u00e9ben mindig a maximumot, de n\u00e1lam a csapat az els\u0151, \u00e9s az\u00e9rt k\u00e9pes vagyok meghalni a p\u00e1ly\u00e1n, de a jelenlegi helyzetben nyilv\u00e1n a bajnoki aranyat hossz\u00fa id\u0151 ut\u00e1n.<\/p>\n<p><strong>Boros Mil\u00e1n:<\/strong> Ink\u00e1bb csapattagk\u00e9nt v\u00e1laszoln\u00e9k erre a k\u00e9rd\u00e9sre, els\u0151sorban a bajnokavat\u00e1s lenne a c\u00e9l 27 \u00e9v ut\u00e1n ism\u00e9t. Ami szint\u00e9n \u00f3ri\u00e1si dolog lenne, ha az \u00f6sszes m\u00e9rk\u0151z\u00e9s\u00fcnket veres\u00e9g n\u00e9lk\u00fcl, legink\u00e1bb csak gy\u0151zelemmel hozn\u00e1nk le. Egy\u00e9nileg pedig g\u00f3lokkal \u00e9s g\u00f3l passzokkal szeretn\u00e9m seg\u00edteni a csapatot. Az i-re a pontot m\u00e1r csak a g\u00f3lkir\u00e1lyi c\u00edm el\u00e9r\u00e9se tenn\u00e9 fel, ami\u00e9rt mindent megteszek majd.<\/p>\n<p><strong>V\u00e1runk minden sportot szeret\u0151 vagy kipr\u00f3b\u00e1lni v\u00e1gy\u00f3 gyermeket, \u00e9s feln\u0151ttet, a szakoszt\u00e1lyainkba.<\/strong><\/p>\n<p><strong>El\u00e9rhet\u0151s\u00e9g: Kapit\u00e1ny Zolt\u00e1n +36 20\u00a0932 0655<\/strong><\/p>\n\n\t\t<style type=\"text\/css\">\n\t\t\t#gallery-1 {\n\t\t\t\tmargin: auto;\n\t\t\t}\n\t\t\t#gallery-1 .gallery-item {\n\t\t\t\tfloat: left;\n\t\t\t\tmargin-top: 10px;\n\t\t\t\ttext-align: center;\n\t\t\t\twidth: 33%;\n\t\t\t}\n\t\t\t#gallery-1 img {\n\t\t\t\tborder: 2px solid #cfcfcf;\n\t\t\t}\n\t\t\t#gallery-1 .gallery-caption {\n\t\t\t\tmargin-left: 0;\n\t\t\t}\n\t\t\t\/* see gallery_shortcode() in wp-includes\/media.php *\/\n\t\t<\/style>\n\t\t<div id='gallery-1' class='gallery galleryid-3120 gallery-columns-3 gallery-size-thumbnail'><dl class='gallery-item'>\n\t\t\t<dt class='gallery-icon landscape'>\n\t\t\t\t<a href='https:\/\/fotsportegyesulet.hu\/index.php\/2022\/01\/14\/interju-toth-richarddal-es-boros-milannal-a-fot-se-futball-csapatanak-ket-fiatal-tagjaval\/received_1827817407402173\/'><img loading=\"lazy\" decoding=\"async\" width=\"150\" height=\"150\" src=\"https:\/\/fotsportegyesulet.hu\/wp-content\/uploads\/2022\/01\/received_1827817407402173-150x150.jpeg\" class=\"attachment-thumbnail size-thumbnail\" alt=\"\" aria-describedby=\"gallery-1-3124\" srcset=\"https:\/\/fotsportegyesulet.hu\/wp-content\/uploads\/2022\/01\/received_1827817407402173-150x150.jpeg 150w, https:\/\/fotsportegyesulet.hu\/wp-content\/uploads\/2022\/01\/received_1827817407402173-600x600.jpeg 600w\" sizes=\"auto, (max-width: 150px) 100vw, 150px\" \/><\/a>\n\t\t\t<\/dt>\n\t\t\t\t<dd class='wp-caption-text gallery-caption' id='gallery-1-3124'>\n\t\t\t\tBoros Mil\u00e1n\n\t\t\t\t<\/dd><\/dl><dl class='gallery-item'>\n\t\t\t<dt class='gallery-icon portrait'>\n\t\t\t\t<a href='https:\/\/fotsportegyesulet.hu\/index.php\/2022\/01\/14\/interju-toth-richarddal-es-boros-milannal-a-fot-se-futball-csapatanak-ket-fiatal-tagjaval\/toth-richard1\/'><img loading=\"lazy\" decoding=\"async\" width=\"150\" height=\"150\" src=\"https:\/\/fotsportegyesulet.hu\/wp-content\/uploads\/2022\/01\/Toth-Richard1-150x150.jpg\" class=\"attachment-thumbnail size-thumbnail\" alt=\"\" aria-describedby=\"gallery-1-3123\" srcset=\"https:\/\/fotsportegyesulet.hu\/wp-content\/uploads\/2022\/01\/Toth-Richard1-150x150.jpg 150w, https:\/\/fotsportegyesulet.hu\/wp-content\/uploads\/2022\/01\/Toth-Richard1-600x600.jpg 600w\" sizes=\"auto, (max-width: 150px) 100vw, 150px\" \/><\/a>\n\t\t\t<\/dt>\n\t\t\t\t<dd class='wp-caption-text gallery-caption' id='gallery-1-3123'>\n\t\t\t\tT\u00f3th Rich\u00e1rd\n\t\t\t\t<\/dd><\/dl><dl class='gallery-item'>\n\t\t\t<dt class='gallery-icon landscape'>\n\t\t\t\t<a href='https:\/\/fotsportegyesulet.hu\/index.php\/2022\/01\/14\/interju-toth-richarddal-es-boros-milannal-a-fot-se-futball-csapatanak-ket-fiatal-tagjaval\/toth-richard\/'><img loading=\"lazy\" decoding=\"async\" width=\"150\" height=\"150\" src=\"https:\/\/fotsportegyesulet.hu\/wp-content\/uploads\/2022\/01\/Toth-Richard-150x150.jpg\" class=\"attachment-thumbnail size-thumbnail\" alt=\"\" aria-describedby=\"gallery-1-3122\" \/><\/a>\n\t\t\t<\/dt>\n\t\t\t\t<dd class='wp-caption-text gallery-caption' id='gallery-1-3122'>\n\t\t\t\tT\u00f3th Rich\u00e1rd\n\t\t\t\t<\/dd><\/dl><br style=\"clear: both\" \/>\n\t\t<\/div>\n\n","protected":false},"excerpt":{"rendered":"<p>A F\u00f3t SE lelkes labdar\u00fag\u00f3ival k\u00e9sz\u00fclt a mostani interj\u00fank.<\/p>\n","protected":false},"author":3,"featured_media":3126,"comment_status":"closed","ping_status":"open","sticky":false,"template":"","format":"standard","meta":{"_bbp_topic_count":0,"_bbp_reply_count":0,"_bbp_total_topic_count":0,"_bbp_total_reply_count":0,"_bbp_voice_count":0,"_bbp_anonymous_reply_count":0,"_bbp_topic_count_hidden":0,"_bbp_reply_count_hidden":0,"_bbp_forum_subforum_count":0,"_price":"","_stock":"","_tribe_ticket_header":"","_tribe_default_ticket_provider":"","_ticket_start_date":"","_ticket_end_date":"","_tribe_ticket_show_description":"","_tribe_ticket_show_not_going":false,"_tribe_ticket_use_global_stock":"","_tribe_ticket_global_stock_level":"","_global_stock_mode":"","_global_stock_cap":"","_tribe_rsvp_for_event":"","_tribe_ticket_going_count":"","_tribe_ticket_not_going_count":"","_tribe_tickets_list":"[]","_tribe_ticket_has_attendee_info_fields":false,"footnotes":""},"categories":[1,67],"tags":[105,89,117],"class_list":["post-3120","post","type-post","status-publish","format-standard","has-post-thumbnail","hentry","category-hirek","category-labdarugas","tag-fot-se","tag-labdarugas","tag-pest-megye"],"yoast_head":"<!-- This site is optimized with the Yoast SEO plugin v25.7 - https:\/\/yoast.com\/wordpress\/plugins\/seo\/ -->\n<title>Interj\u00fa T\u00f3th Rich\u00e1rddal \u00e9s Boros Mil\u00e1nn\u00e1l - F\u00d3T SPORTEGYES\u00dcLET<\/title>\n<meta name=\"robots\" content=\"index, follow, max-snippet:-1, max-image-preview:large, max-video-preview:-1\" \/>\n<link rel=\"canonical\" href=\"https:\/\/fotsportegyesulet.hu\/index.php\/2022\/01\/14\/interju-toth-richarddal-es-boros-milannal-a-fot-se-futball-csapatanak-ket-fiatal-tagjaval\/\" \/>\n<meta property=\"og:locale\" content=\"hu_HU\" \/>\n<meta property=\"og:type\" content=\"article\" \/>\n<meta property=\"og:title\" content=\"Interj\u00fa T\u00f3th Rich\u00e1rddal \u00e9s Boros Mil\u00e1nn\u00e1l - F\u00d3T SPORTEGYES\u00dcLET\" \/>\n<meta property=\"og:description\" content=\"A F\u00f3t SE lelkes labdar\u00fag\u00f3ival k\u00e9sz\u00fclt a mostani interj\u00fank.\" \/>\n<meta property=\"og:url\" content=\"https:\/\/fotsportegyesulet.hu\/index.php\/2022\/01\/14\/interju-toth-richarddal-es-boros-milannal-a-fot-se-futball-csapatanak-ket-fiatal-tagjaval\/\" \/>\n<meta property=\"og:site_name\" content=\"F\u00d3T SPORTEGYES\u00dcLET\" \/>\n<meta property=\"article:publisher\" content=\"https:\/\/www.facebook.com\/fotsportegyesulet\/\" \/>\n<meta property=\"article:published_time\" content=\"2022-01-14T14:22:58+00:00\" \/>\n<meta property=\"article:modified_time\" content=\"2022-02-18T09:53:08+00:00\" \/>\n<meta property=\"og:image\" content=\"https:\/\/fotsportegyesulet.hu\/wp-content\/uploads\/2022\/01\/Foci_jo-meret.jpg\" \/>\n\t<meta property=\"og:image:width\" content=\"955\" \/>\n\t<meta property=\"og:image:height\" content=\"455\" \/>\n\t<meta property=\"og:image:type\" content=\"image\/jpeg\" \/>\n<meta name=\"author\" content=\"F\u00f3t SE\" \/>\n<meta name=\"twitter:card\" content=\"summary_large_image\" \/>\n<meta name=\"twitter:label1\" content=\"Szerz\u0151:\" \/>\n\t<meta name=\"twitter:data1\" content=\"F\u00f3t SE\" \/>\n\t<meta name=\"twitter:label2\" content=\"Becs\u00fclt olvas\u00e1si id\u0151\" \/>\n\t<meta name=\"twitter:data2\" content=\"3 perc\" \/>\n<script type=\"application\/ld+json\" class=\"yoast-schema-graph\">{\"@context\":\"https:\/\/schema.org\",\"@graph\":[{\"@type\":\"Article\",\"@id\":\"https:\/\/fotsportegyesulet.hu\/index.php\/2022\/01\/14\/interju-toth-richarddal-es-boros-milannal-a-fot-se-futball-csapatanak-ket-fiatal-tagjaval\/#article\",\"isPartOf\":{\"@id\":\"https:\/\/fotsportegyesulet.hu\/index.php\/2022\/01\/14\/interju-toth-richarddal-es-boros-milannal-a-fot-se-futball-csapatanak-ket-fiatal-tagjaval\/\"},\"author\":{\"name\":\"F\u00f3t SE\",\"@id\":\"https:\/\/fotsportegyesulet.hu\/#\/schema\/person\/8750ccb3a5183172b75dcc348ffbdbb1\"},\"headline\":\"Interj\u00fa T\u00f3th Rich\u00e1rddal \u00e9s Boros Mil\u00e1nn\u00e1l\",\"datePublished\":\"2022-01-14T14:22:58+00:00\",\"dateModified\":\"2022-02-18T09:53:08+00:00\",\"mainEntityOfPage\":{\"@id\":\"https:\/\/fotsportegyesulet.hu\/index.php\/2022\/01\/14\/interju-toth-richarddal-es-boros-milannal-a-fot-se-futball-csapatanak-ket-fiatal-tagjaval\/\"},\"wordCount\":883,\"publisher\":{\"@id\":\"https:\/\/fotsportegyesulet.hu\/#organization\"},\"image\":{\"@id\":\"https:\/\/fotsportegyesulet.hu\/index.php\/2022\/01\/14\/interju-toth-richarddal-es-boros-milannal-a-fot-se-futball-csapatanak-ket-fiatal-tagjaval\/#primaryimage\"},\"thumbnailUrl\":\"https:\/\/fotsportegyesulet.hu\/wp-content\/uploads\/2022\/01\/Foci_jo-meret.jpg\",\"keywords\":[\"F\u00f3t SE\",\"labdar\u00fag\u00e1s\",\"Pest megye\"],\"articleSection\":[\"H\u00edrek\",\"Labdar\u00fag\u00e1s\"],\"inLanguage\":\"hu\"},{\"@type\":\"WebPage\",\"@id\":\"https:\/\/fotsportegyesulet.hu\/index.php\/2022\/01\/14\/interju-toth-richarddal-es-boros-milannal-a-fot-se-futball-csapatanak-ket-fiatal-tagjaval\/\",\"url\":\"https:\/\/fotsportegyesulet.hu\/index.php\/2022\/01\/14\/interju-toth-richarddal-es-boros-milannal-a-fot-se-futball-csapatanak-ket-fiatal-tagjaval\/\",\"name\":\"Interj\u00fa T\u00f3th Rich\u00e1rddal \u00e9s Boros Mil\u00e1nn\u00e1l - F\u00d3T SPORTEGYES\u00dcLET\",\"isPartOf\":{\"@id\":\"https:\/\/fotsportegyesulet.hu\/#website\"},\"primaryImageOfPage\":{\"@id\":\"https:\/\/fotsportegyesulet.hu\/index.php\/2022\/01\/14\/interju-toth-richarddal-es-boros-milannal-a-fot-se-futball-csapatanak-ket-fiatal-tagjaval\/#primaryimage\"},\"image\":{\"@id\":\"https:\/\/fotsportegyesulet.hu\/index.php\/2022\/01\/14\/interju-toth-richarddal-es-boros-milannal-a-fot-se-futball-csapatanak-ket-fiatal-tagjaval\/#primaryimage\"},\"thumbnailUrl\":\"https:\/\/fotsportegyesulet.hu\/wp-content\/uploads\/2022\/01\/Foci_jo-meret.jpg\",\"datePublished\":\"2022-01-14T14:22:58+00:00\",\"dateModified\":\"2022-02-18T09:53:08+00:00\",\"breadcrumb\":{\"@id\":\"https:\/\/fotsportegyesulet.hu\/index.php\/2022\/01\/14\/interju-toth-richarddal-es-boros-milannal-a-fot-se-futball-csapatanak-ket-fiatal-tagjaval\/#breadcrumb\"},\"inLanguage\":\"hu\",\"potentialAction\":[{\"@type\":\"ReadAction\",\"target\":[\"https:\/\/fotsportegyesulet.hu\/index.php\/2022\/01\/14\/interju-toth-richarddal-es-boros-milannal-a-fot-se-futball-csapatanak-ket-fiatal-tagjaval\/\"]}]},{\"@type\":\"ImageObject\",\"inLanguage\":\"hu\",\"@id\":\"https:\/\/fotsportegyesulet.hu\/index.php\/2022\/01\/14\/interju-toth-richarddal-es-boros-milannal-a-fot-se-futball-csapatanak-ket-fiatal-tagjaval\/#primaryimage\",\"url\":\"https:\/\/fotsportegyesulet.hu\/wp-content\/uploads\/2022\/01\/Foci_jo-meret.jpg\",\"contentUrl\":\"https:\/\/fotsportegyesulet.hu\/wp-content\/uploads\/2022\/01\/Foci_jo-meret.jpg\",\"width\":955,\"height\":455},{\"@type\":\"BreadcrumbList\",\"@id\":\"https:\/\/fotsportegyesulet.hu\/index.php\/2022\/01\/14\/interju-toth-richarddal-es-boros-milannal-a-fot-se-futball-csapatanak-ket-fiatal-tagjaval\/#breadcrumb\",\"itemListElement\":[{\"@type\":\"ListItem\",\"position\":1,\"name\":\"Kezd\u0151lap\",\"item\":\"https:\/\/fotsportegyesulet.hu\/\"},{\"@type\":\"ListItem\",\"position\":2,\"name\":\"Interj\u00fa T\u00f3th Rich\u00e1rddal \u00e9s Boros Mil\u00e1nn\u00e1l\"}]},{\"@type\":\"WebSite\",\"@id\":\"https:\/\/fotsportegyesulet.hu\/#website\",\"url\":\"https:\/\/fotsportegyesulet.hu\/\",\"name\":\"F\u00d3T SPORTEGYES\u00dcLET\",\"description\":\"\",\"publisher\":{\"@id\":\"https:\/\/fotsportegyesulet.hu\/#organization\"},\"potentialAction\":[{\"@type\":\"SearchAction\",\"target\":{\"@type\":\"EntryPoint\",\"urlTemplate\":\"https:\/\/fotsportegyesulet.hu\/?s={search_term_string}\"},\"query-input\":{\"@type\":\"PropertyValueSpecification\",\"valueRequired\":true,\"valueName\":\"search_term_string\"}}],\"inLanguage\":\"hu\"},{\"@type\":\"Organization\",\"@id\":\"https:\/\/fotsportegyesulet.hu\/#organization\",\"name\":\"F\u00f3t Sportegyes\u00fclet\",\"url\":\"https:\/\/fotsportegyesulet.hu\/\",\"logo\":{\"@type\":\"ImageObject\",\"inLanguage\":\"hu\",\"@id\":\"https:\/\/fotsportegyesulet.hu\/#\/schema\/logo\/image\/\",\"url\":\"https:\/\/fotsportegyesulet.hu\/wp-content\/uploads\/2020\/07\/eredeti-sz\u00ednes-vektoros-Fot-cimer-3.png\",\"contentUrl\":\"https:\/\/fotsportegyesulet.hu\/wp-content\/uploads\/2020\/07\/eredeti-sz\u00ednes-vektoros-Fot-cimer-3.png\",\"width\":500,\"height\":500,\"caption\":\"F\u00f3t Sportegyes\u00fclet\"},\"image\":{\"@id\":\"https:\/\/fotsportegyesulet.hu\/#\/schema\/logo\/image\/\"},\"sameAs\":[\"https:\/\/www.facebook.com\/fotsportegyesulet\/\"]},{\"@type\":\"Person\",\"@id\":\"https:\/\/fotsportegyesulet.hu\/#\/schema\/person\/8750ccb3a5183172b75dcc348ffbdbb1\",\"name\":\"F\u00f3t SE\",\"image\":{\"@type\":\"ImageObject\",\"inLanguage\":\"hu\",\"@id\":\"https:\/\/fotsportegyesulet.hu\/#\/schema\/person\/image\/\",\"url\":\"https:\/\/secure.gravatar.com\/avatar\/2f768bb7a490a49aeb2ccaf4bacc94391bbafd4b6aa54eb6f9318ffc80d81dad?s=96&d=mm&r=g\",\"contentUrl\":\"https:\/\/secure.gravatar.com\/avatar\/2f768bb7a490a49aeb2ccaf4bacc94391bbafd4b6aa54eb6f9318ffc80d81dad?s=96&d=mm&r=g\",\"caption\":\"F\u00f3t SE\"},\"sameAs\":[\"http:\/\/fotsportegyesulet.hu\"],\"url\":\"https:\/\/fotsportegyesulet.hu\/index.php\/author\/kapitany-zoltan\/\"}]}<\/script>\n<!-- \/ Yoast SEO plugin. -->","yoast_head_json":{"title":"Interj\u00fa T\u00f3th Rich\u00e1rddal \u00e9s Boros Mil\u00e1nn\u00e1l - F\u00d3T SPORTEGYES\u00dcLET","robots":{"index":"index","follow":"follow","max-snippet":"max-snippet:-1","max-image-preview":"max-image-preview:large","max-video-preview":"max-video-preview:-1"},"canonical":"https:\/\/fotsportegyesulet.hu\/index.php\/2022\/01\/14\/interju-toth-richarddal-es-boros-milannal-a-fot-se-futball-csapatanak-ket-fiatal-tagjaval\/","og_locale":"hu_HU","og_type":"article","og_title":"Interj\u00fa T\u00f3th Rich\u00e1rddal \u00e9s Boros Mil\u00e1nn\u00e1l - F\u00d3T SPORTEGYES\u00dcLET","og_description":"A F\u00f3t SE lelkes labdar\u00fag\u00f3ival k\u00e9sz\u00fclt a mostani interj\u00fank.","og_url":"https:\/\/fotsportegyesulet.hu\/index.php\/2022\/01\/14\/interju-toth-richarddal-es-boros-milannal-a-fot-se-futball-csapatanak-ket-fiatal-tagjaval\/","og_site_name":"F\u00d3T SPORTEGYES\u00dcLET","article_publisher":"https:\/\/www.facebook.com\/fotsportegyesulet\/","article_published_time":"2022-01-14T14:22:58+00:00","article_modified_time":"2022-02-18T09:53:08+00:00","og_image":[{"width":955,"height":455,"url":"https:\/\/fotsportegyesulet.hu\/wp-content\/uploads\/2022\/01\/Foci_jo-meret.jpg","type":"image\/jpeg"}],"author":"F\u00f3t SE","twitter_card":"summary_large_image","twitter_misc":{"Szerz\u0151:":"F\u00f3t SE","Becs\u00fclt olvas\u00e1si id\u0151":"3 perc"},"schema":{"@context":"https:\/\/schema.org","@graph":[{"@type":"Article","@id":"https:\/\/fotsportegyesulet.hu\/index.php\/2022\/01\/14\/interju-toth-richarddal-es-boros-milannal-a-fot-se-futball-csapatanak-ket-fiatal-tagjaval\/#article","isPartOf":{"@id":"https:\/\/fotsportegyesulet.hu\/index.php\/2022\/01\/14\/interju-toth-richarddal-es-boros-milannal-a-fot-se-futball-csapatanak-ket-fiatal-tagjaval\/"},"author":{"name":"F\u00f3t SE","@id":"https:\/\/fotsportegyesulet.hu\/#\/schema\/person\/8750ccb3a5183172b75dcc348ffbdbb1"},"headline":"Interj\u00fa T\u00f3th Rich\u00e1rddal \u00e9s Boros Mil\u00e1nn\u00e1l","datePublished":"2022-01-14T14:22:58+00:00","dateModified":"2022-02-18T09:53:08+00:00","mainEntityOfPage":{"@id":"https:\/\/fotsportegyesulet.hu\/index.php\/2022\/01\/14\/interju-toth-richarddal-es-boros-milannal-a-fot-se-futball-csapatanak-ket-fiatal-tagjaval\/"},"wordCount":883,"publisher":{"@id":"https:\/\/fotsportegyesulet.hu\/#organization"},"image":{"@id":"https:\/\/fotsportegyesulet.hu\/index.php\/2022\/01\/14\/interju-toth-richarddal-es-boros-milannal-a-fot-se-futball-csapatanak-ket-fiatal-tagjaval\/#primaryimage"},"thumbnailUrl":"https:\/\/fotsportegyesulet.hu\/wp-content\/uploads\/2022\/01\/Foci_jo-meret.jpg","keywords":["F\u00f3t SE","labdar\u00fag\u00e1s","Pest megye"],"articleSection":["H\u00edrek","Labdar\u00fag\u00e1s"],"inLanguage":"hu"},{"@type":"WebPage","@id":"https:\/\/fotsportegyesulet.hu\/index.php\/2022\/01\/14\/interju-toth-richarddal-es-boros-milannal-a-fot-se-futball-csapatanak-ket-fiatal-tagjaval\/","url":"https:\/\/fotsportegyesulet.hu\/index.php\/2022\/01\/14\/interju-toth-richarddal-es-boros-milannal-a-fot-se-futball-csapatanak-ket-fiatal-tagjaval\/","name":"Interj\u00fa T\u00f3th Rich\u00e1rddal \u00e9s Boros Mil\u00e1nn\u00e1l - F\u00d3T SPORTEGYES\u00dcLET","isPartOf":{"@id":"https:\/\/fotsportegyesulet.hu\/#website"},"primaryImageOfPage":{"@id":"https:\/\/fotsportegyesulet.hu\/index.php\/2022\/01\/14\/interju-toth-richarddal-es-boros-milannal-a-fot-se-futball-csapatanak-ket-fiatal-tagjaval\/#primaryimage"},"image":{"@id":"https:\/\/fotsportegyesulet.hu\/index.php\/2022\/01\/14\/interju-toth-richarddal-es-boros-milannal-a-fot-se-futball-csapatanak-ket-fiatal-tagjaval\/#primaryimage"},"thumbnailUrl":"https:\/\/fotsportegyesulet.hu\/wp-content\/uploads\/2022\/01\/Foci_jo-meret.jpg","datePublished":"2022-01-14T14:22:58+00:00","dateModified":"2022-02-18T09:53:08+00:00","breadcrumb":{"@id":"https:\/\/fotsportegyesulet.hu\/index.php\/2022\/01\/14\/interju-toth-richarddal-es-boros-milannal-a-fot-se-futball-csapatanak-ket-fiatal-tagjaval\/#breadcrumb"},"inLanguage":"hu","potentialAction":[{"@type":"ReadAction","target":["https:\/\/fotsportegyesulet.hu\/index.php\/2022\/01\/14\/interju-toth-richarddal-es-boros-milannal-a-fot-se-futball-csapatanak-ket-fiatal-tagjaval\/"]}]},{"@type":"ImageObject","inLanguage":"hu","@id":"https:\/\/fotsportegyesulet.hu\/index.php\/2022\/01\/14\/interju-toth-richarddal-es-boros-milannal-a-fot-se-futball-csapatanak-ket-fiatal-tagjaval\/#primaryimage","url":"https:\/\/fotsportegyesulet.hu\/wp-content\/uploads\/2022\/01\/Foci_jo-meret.jpg","contentUrl":"https:\/\/fotsportegyesulet.hu\/wp-content\/uploads\/2022\/01\/Foci_jo-meret.jpg","width":955,"height":455},{"@type":"BreadcrumbList","@id":"https:\/\/fotsportegyesulet.hu\/index.php\/2022\/01\/14\/interju-toth-richarddal-es-boros-milannal-a-fot-se-futball-csapatanak-ket-fiatal-tagjaval\/#breadcrumb","itemListElement":[{"@type":"ListItem","position":1,"name":"Kezd\u0151lap","item":"https:\/\/fotsportegyesulet.hu\/"},{"@type":"ListItem","position":2,"name":"Interj\u00fa T\u00f3th Rich\u00e1rddal \u00e9s Boros Mil\u00e1nn\u00e1l"}]},{"@type":"WebSite","@id":"https:\/\/fotsportegyesulet.hu\/#website","url":"https:\/\/fotsportegyesulet.hu\/","name":"F\u00d3T SPORTEGYES\u00dcLET","description":"","publisher":{"@id":"https:\/\/fotsportegyesulet.hu\/#organization"},"potentialAction":[{"@type":"SearchAction","target":{"@type":"EntryPoint","urlTemplate":"https:\/\/fotsportegyesulet.hu\/?s={search_term_string}"},"query-input":{"@type":"PropertyValueSpecification","valueRequired":true,"valueName":"search_term_string"}}],"inLanguage":"hu"},{"@type":"Organization","@id":"https:\/\/fotsportegyesulet.hu\/#organization","name":"F\u00f3t Sportegyes\u00fclet","url":"https:\/\/fotsportegyesulet.hu\/","logo":{"@type":"ImageObject","inLanguage":"hu","@id":"https:\/\/fotsportegyesulet.hu\/#\/schema\/logo\/image\/","url":"https:\/\/fotsportegyesulet.hu\/wp-content\/uploads\/2020\/07\/eredeti-sz\u00ednes-vektoros-Fot-cimer-3.png","contentUrl":"https:\/\/fotsportegyesulet.hu\/wp-content\/uploads\/2020\/07\/eredeti-sz\u00ednes-vektoros-Fot-cimer-3.png","width":500,"height":500,"caption":"F\u00f3t Sportegyes\u00fclet"},"image":{"@id":"https:\/\/fotsportegyesulet.hu\/#\/schema\/logo\/image\/"},"sameAs":["https:\/\/www.facebook.com\/fotsportegyesulet\/"]},{"@type":"Person","@id":"https:\/\/fotsportegyesulet.hu\/#\/schema\/person\/8750ccb3a5183172b75dcc348ffbdbb1","name":"F\u00f3t SE","image":{"@type":"ImageObject","inLanguage":"hu","@id":"https:\/\/fotsportegyesulet.hu\/#\/schema\/person\/image\/","url":"https:\/\/secure.gravatar.com\/avatar\/2f768bb7a490a49aeb2ccaf4bacc94391bbafd4b6aa54eb6f9318ffc80d81dad?s=96&d=mm&r=g","contentUrl":"https:\/\/secure.gravatar.com\/avatar\/2f768bb7a490a49aeb2ccaf4bacc94391bbafd4b6aa54eb6f9318ffc80d81dad?s=96&d=mm&r=g","caption":"F\u00f3t SE"},"sameAs":["http:\/\/fotsportegyesulet.hu"],"url":"https:\/\/fotsportegyesulet.hu\/index.php\/author\/kapitany-zoltan\/"}]}},"_links":{"self":[{"href":"https:\/\/fotsportegyesulet.hu\/index.php\/wp-json\/wp\/v2\/posts\/3120","targetHints":{"allow":["GET"]}}],"collection":[{"href":"https:\/\/fotsportegyesulet.hu\/index.php\/wp-json\/wp\/v2\/posts"}],"about":[{"href":"https:\/\/fotsportegyesulet.hu\/index.php\/wp-json\/wp\/v2\/types\/post"}],"author":[{"embeddable":true,"href":"https:\/\/fotsportegyesulet.hu\/index.php\/wp-json\/wp\/v2\/users\/3"}],"replies":[{"embeddable":true,"href":"https:\/\/fotsportegyesulet.hu\/index.php\/wp-json\/wp\/v2\/comments?post=3120"}],"version-history":[{"count":14,"href":"https:\/\/fotsportegyesulet.hu\/index.php\/wp-json\/wp\/v2\/posts\/3120\/revisions"}],"predecessor-version":[{"id":3270,"href":"https:\/\/fotsportegyesulet.hu\/index.php\/wp-json\/wp\/v2\/posts\/3120\/revisions\/3270"}],"wp:featuredmedia":[{"embeddable":true,"href":"https:\/\/fotsportegyesulet.hu\/index.php\/wp-json\/wp\/v2\/media\/3126"}],"wp:attachment":[{"href":"https:\/\/fotsportegyesulet.hu\/index.php\/wp-json\/wp\/v2\/media?parent=3120"}],"wp:term":[{"taxonomy":"category","embeddable":true,"href":"https:\/\/fotsportegyesulet.hu\/index.php\/wp-json\/wp\/v2\/categories?post=3120"},{"taxonomy":"post_tag","embeddable":true,"href":"https:\/\/fotsportegyesulet.hu\/index.php\/wp-json\/wp\/v2\/tags?post=3120"}],"curies":[{"name":"wp","href":"https:\/\/api.w.org\/{rel}","templated":true}]}}