{"id":3080,"date":"2021-12-10T10:53:06","date_gmt":"2021-12-10T08:53:06","guid":{"rendered":"https:\/\/fotsportegyesulet.hu\/?p=3080"},"modified":"2021-12-10T16:45:51","modified_gmt":"2021-12-10T14:45:51","slug":"2021-es-ev-ertekelese-az-elnokseg-reszerol","status":"publish","type":"post","link":"https:\/\/fotsportegyesulet.hu\/index.php\/2021\/12\/10\/2021-es-ev-ertekelese-az-elnokseg-reszerol\/","title":{"rendered":"2021-es \u00e9v \u00e9rt\u00e9kel\u00e9se az eln\u00f6ks\u00e9g r\u00e9sz\u00e9r\u0151l"},"content":{"rendered":"<p>Kedves Tagok, Sz\u00fcl\u0151k, Partnerek, F\u00f3tiak!<\/p>\n<p>Szeretn\u00e9nk besz\u00e1molni az egyes\u00fclet\u00fcnket \u00e9rint\u0151 f\u0151bb t\u00f6rt\u00e9n\u00e9sekr\u0151l a 2021-es \u00e9vre visszatekintve. Sajnos ahogy az orsz\u00e1gnak \u00fagy az egyes\u00fclet\u00fcnknek is nehezen indult az \u00e9v. A pand\u00e9mia mindenre r\u00e1nyomta b\u00e9lyeg\u00e9t \u00e9s korl\u00e1tozta a lehet\u0151s\u00e9geinket. A legfontosabb szempontnak a biztons\u00e1got tartottuk, \u00edgy az \u00e9v els\u0151 negyed\u00e9ve a z\u00e1r\u00e1sokkal egy\u00fctt szinte alv\u00f3 \u00fczemm\u00f3dra kapcsolta az egyes\u00fclet legfontosabb form\u00e1j\u00e1t, az edz\u00e9sek megtart\u00e1s\u00e1t. Term\u00e9szetesen mi a h\u00e1tt\u00e9rben tov\u00e1bbra is dolgoztunk. Szerz\u0151d\u00e9seket k\u00f6t\u00f6tt\u00fcnk, iskol\u00e1kkal, \u00f6nkorm\u00e1nyzattal t\u00e1rgyaltunk, megbesz\u00e9l\u00e9seket folytattunk, hogy g\u00f6rd\u00fcl\u00e9keny legyen a nyit\u00e1s ut\u00e1ni \u00e9let\u00fcnk.<\/p>\n<p>Az \u00e9v elej\u00e9n beadtuk elsz\u00e1mol\u00e1sra a 2020-as dokumentumainkat az \u00d6nkorm\u00e1nyzatnak, \u00e9s mindent a t\u00f6rv\u00e9nyi szab\u00e1lyoz\u00e1snak megfelel\u0151nek tartottak. A 2021-es \u00e9vre 35.500.000 Forint \u00d6nkorm\u00e1nyzati t\u00e1mogat\u00e1st ir\u00e1nyoztak el\u0151 egyes\u00fclet\u00fcnk m\u0171k\u00f6d\u00e9s\u00e9re, mely nagys\u00e1grendekkel magasabb a kor\u00e1bbi \u00e9vekhez k\u00e9pest.<\/p>\n<p>2021.02.28.-val beadtuk a labdar\u00fag\u00e1sunk sportfejleszt\u00e9si programj\u00e1t 10.600.000 Forint m\u0171k\u00f6d\u00e9si k\u00f6lts\u00e9ggel, majd 60.000.000 Forint beruh\u00e1z\u00e1si tervvel az MLSZ-hez. Most el\u0151sz\u00f6r p\u00e1ly\u00e1ztunk a k\u00e9zilabda szakoszt\u00e1lyunkkal 3.800.000 Forintra, \u00e9s a kos\u00e1rlabd\u00e1val 1.600.000 Forintra. T\u00f6bb p\u00e1ly\u00e1zati anyagot raktunk \u00f6ssze az \u00e9v sor\u00e1n partner egyes\u00fcleteinkkel, sz\u00e1m szerint 5 db-ot, de sajnos csak 1- a F\u00f3t V\u00e1rosi Sportegyes\u00fclet p\u00e1ly\u00e1zata nyert 1.600.000 Ft-ot Sport\u00e1gv\u00e1laszt\u00f3 Csal\u00e1di Napra. A legt\u00f6bb esetben az elutas\u00edt\u00e1s oka forr\u00e1shi\u00e1ny volt, ugyanakkor a beadott p\u00e1ly\u00e1zataink mindenhol a maxim\u00e1lis \u00e9rt\u00e9kel\u00e9st kapt\u00e1k. V\u00e1rjuk a m\u0171f\u00fcves p\u00e1lya \u00e1tad\u00e1s\u00e1t, \u00e9s a sportcsarnok megnyit\u00e1s\u00e1t, ezekre a 2022-es \u00e9v els\u0151 f\u00e9l \u00e9v\u00e9ben ker\u00fclhet sor. A k\u00f6lts\u00e9gvet\u00e9s\u00fcnk maradv\u00e1ny\u00e1b\u00f3l v\u00e1s\u00e1roltunk egy 9 f\u0151s mikrobuszt, \u00edgy m\u00e1r 2 db g\u00e9pj\u00e1rm\u0171 tudja kiszolg\u00e1lni a szakoszt\u00e1lyainkat \u00e9s a f\u00f3ti int\u00e9zm\u00e9nyeket.<\/p>\n<p>Kialak\u00edtottunk egy k\u00fcls\u0151 szert\u00e1rat, eg\u00e9sz \u00e9vben \u00e1poltuk \u00e9s gondoztuk a r\u00e1nk b\u00edzott ter\u00fcletet. Kialak\u00edt\u00e1sra ker\u00fclt az \u00f6lt\u00f6z\u0151 \u00e9p\u00fcleten bel\u00fcl egy irodahelyis\u00e9g.\u00a0 Edz\u0151 szint\u0171 vil\u00e1g\u00edt\u00e1st szerelt fel egy v\u00e1llalkoz\u00f3 a f\u00fcves p\u00e1ly\u00e1nkra mintegy 2.000.000 Forint \u00e9rt\u00e9kben adom\u00e1nyk\u00e9nt, k\u00f6sz\u00f6net \u00e9rte a This Point Kft. vezet\u0151j\u00e9nek Gyurkovics J\u00f3zsefnek. Lissai J\u00f3zsef seg\u00edts\u00e9g\u00e9vel a ter\u00fcleten tal\u00e1lhat\u00f3 hullad\u00e9k nagy r\u00e9sz\u00e9t siker\u00fclt elsz\u00e1ll\u00edtanunk \u00e9s szebb\u00e9 tenni a k\u00f6rnyezet\u00fcnket. Sajnos a \u201cmos\u00f3konyha\u201d \u00e9p\u00fclete haszn\u00e1lhatatlan, \u00edgy szeretn\u00e9nk kont\u00e9nereket a hely\u00e9re.<\/p>\n<p>Nagyon j\u00f3 kapcsolatot \u00e9p\u00edtett\u00fcnk ki a f\u00f3ti int\u00e9zm\u00e9nyvezet\u0151kkel, igazgat\u00f3kkal \u00e9s munkat\u00e1rsaikkal. H\u00e1l\u00e1san k\u00f6sz\u00f6nj\u00fck nekik a seg\u00edt\u0151 k\u00f6zrem\u0171k\u00f6d\u00e9s\u00fcket. K\u00e9zilabda \u00e9s labdar\u00fag\u00f3 edz\u00e9st tartunk a N\u00e9meth K\u00e1lm\u00e1n \u00c1ltal\u00e1nos Iskol\u00e1ban Bartos Erika seg\u00edts\u00e9g\u00e9vel \u00e9s Szebeni Bogl\u00e1rka igazgat\u00f3 asszony t\u00e1mogat\u00e1s\u00e1val. Karate, ker\u00e9kp\u00e1ros \u00e1tmozgat\u00f3 \u00e9s k\u00e9zilabda edz\u00e9seket tartunk a Garay J\u00e1nos \u00c1ltal\u00e1nos Iskol\u00e1ban Asztalosn\u00e9 T\u00f3th-Fekete Beatrix igazgat\u00f3 asszony t\u00e1mogat\u00e1s\u00e1val. Kos\u00e1rlabda, k\u00e9zilabda, labdar\u00fag\u00f3, modern t\u00e1nc, karate foglalkoz\u00e1sokat tartunk a F\u00e1y J\u00e1nos \u00c1ltal\u00e1nos Iskol\u00e1ban Kakuk Zsolt igazgat\u00f3 \u00far t\u00e1mogat\u00e1s\u00e1val. A Szent \u00c1goston Kereszt\u00e9ny \u00c1ltal\u00e1nos Iskola \u00e9s Gimn\u00e1ziumban r\u00f6plabda, kos\u00e1rlabda \u00e9s modern t\u00e1nc edz\u00e9seket tartunk. A F\u00f3ti Bogl\u00e1rka \u00d3vod\u00e1kban labd\u00e1s foglalkoz\u00e1sokat tartunk a jelentkez\u0151 gyermekek r\u00e9sz\u00e9re, k\u00f6sz\u00f6net az egy\u00fcttm\u0171k\u00f6d\u00e9s\u00e9rt Jusztinn\u00e9 Rick \u00c9v\u00e1nak. Az Apponyi Franciska \u00d3voda telephelyein szint\u00e9n labd\u00e1s foglalkoz\u00e1sokat tartunk Sz\u00fccs \u00c9va int\u00e9zm\u00e9nyvezet\u0151vel egy\u00fcttm\u0171k\u00f6dve. Nevezt\u00fcnk 2 iskol\u00e1t \u00e9s 2 \u00f3vod\u00e1t a Bozsik int\u00e9zm\u00e9nyi programba. Az illet\u00e9kes tanker\u00fclet vezet\u0151j\u00e9vel Forg\u00e1cs Gabriell\u00e1val \u00e9s az int\u00e9zm\u00e9nyvezet\u0151kkel kidolgoztunk egy iskolai programot, amely alapj\u00e1n minden h\u00e9ten egy testnevel\u00e9s \u00f3r\u00e1t a F\u00f3t Se edz\u0151i tartanak az als\u00f3 tagozatosoknak. \u00cdgy labd\u00e1s j\u00e1t\u00e9kot, kos\u00e1rlabd\u00e1t, k\u00e9zilabd\u00e1t, jud\u00f3t, teniszt, kempot oktatunk a fiataloknak. R\u00e9szt vesz\u00fcnk a Suliolimpia szervez\u00e9s\u00e9ben \u00e9s seg\u00edt\u00fcnk ennek a nagyszer\u0171 programnak a lehet\u0151s\u00e9geinkhez m\u00e9rten.<\/p>\n<p>Megtartottuk F\u00f3t legl\u00e1togatottabb rendezv\u00e9ny\u00e9t a F\u00f3ti Sport\u00e1gv\u00e1laszt\u00f3 Csal\u00e1di Napot, 283 f\u0151 regisztr\u00e1ci\u00f3j\u00e1val \u00e9s nagyj\u00e1b\u00f3l 1.000 f\u0151 l\u00e1togat\u00f3val. Minden f\u00f3ti iskol\u00e1ban k\u00fcl\u00f6n mini sport\u00e1gv\u00e1laszt\u00f3 napot tartottunk igen nagy sikerrel, hiszen ezen programok ut\u00e1n az eddigin\u00e9l sokkal nagyobb lett a szakoszt\u00e1lyainkba jelentkez\u0151k l\u00e9tsz\u00e1ma. A mai napon nagyj\u00e1b\u00f3l 750 igazolt versenyz\u0151nk. A szakoszt\u00e1lyaink edz\u0151t\u00e1borokat tartottak, \u00e9s versenyeken indultak. Igen sz\u00e9p eredm\u00e9nyeket \u00e9rtek el a judo, a karate, a modern t\u00e1nc, a tenisz, \u00e9s a k\u00e9zilabda szakoszt\u00e1lyunk tagjai is. Gratul\u00e1lunk nekik \u00e9s k\u00f6sz\u00f6nj\u00fck a munk\u00e1jukat, tov\u00e1bb\u00e1 az edz\u0151ink er\u0151fesz\u00edt\u00e9seit \u00e9s a sz\u00fcl\u0151k t\u00e1mogat\u00e1s\u00e1t. A labdar\u00fag\u00f3 csapatunk veretlen\u00fcl vezeti a tabell\u00e1t \u00e9s b\u00edzunk a feljut\u00e1sban. A m\u00e1sodik sz\u00e1m\u00fa csapatunk is er\u0151n fel\u00fcl teljes\u00edt \u00e9s p\u00e9lda\u00e9rt\u00e9k\u0171 az \u0150 \u00e9s a t\u00f6bbi koroszt\u00e1ly helyt\u00e1ll\u00e1sa is. A 2021\/2022-es labdar\u00fag\u00f3 szezonra a kor\u00e1bbi \u00e9vekhez k\u00e9pest j\u00f3val t\u00f6bb csapattal nevezt\u00fcnk \u00edgy rem\u00e9lhet\u0151leg a labdar\u00fag\u00f3 Tao t\u00e1mogat\u00e1sunk is n\u00f6vekedni fog. R\u00e9szt vett\u00fcnk a gyereknapon, labdar\u00fag\u00f3 EB-m\u00e9rk\u0151z\u00e9seket k\u00f6z\u00f6sen n\u00e9zt\u00fck a jelentkez\u0151kkel a t\u00f3n\u00e1l, az aut\u00f3mentes napon, a F\u00f3ti Kolbi fesztiv\u00e1lon, az adventi h\u00e9tv\u00e9g\u00e9ken. Egys\u00e9ges edz\u0151ruh\u00e1t biztos\u00edtottunk a tagjainknak, edz\u0151inknek. A szakoszt\u00e1lyainkat ell\u00e1ttuk az edz\u00e9sekhez \u00e9s a versenyz\u00e9shez sz\u00fcks\u00e9ges felszerel\u00e9sekkel. Az iskol\u00e1kkal egy\u00fcttm\u0171k\u00f6dve felszerel\u00e9st sz\u00e1ll\u00edtottunk nekik, teqball asztalt, tatamint, kos\u00e1rlabd\u00e1kat, foci labd\u00e1kat, k\u00e9zi labd\u00e1kat.<\/p>\n<p>Ahogy n\u00f6vekedt\u00fcnk \u00fagy b\u0151v\u00fclt a koll\u00e9g\u00e1ink sz\u00e1ma is. Edz\u0151ket \u00e9s irodai dolgoz\u00f3kat foglalkoztatunk. \u00d6sszefoglalva \u00e9s rem\u00e9lve, hogy nem kihagyva, ezek voltak a f\u0151bb t\u00f6rt\u00e9n\u00e9sek egyes\u00fclet\u00fcnk \u00e9let\u00e9ben 2021-ben.<\/p>\n<p>K\u00f6sz\u00f6nj\u00fck minden tagunk, sz\u00fcleik, hozz\u00e1tartoz\u00f3ik, edz\u0151ik, t\u00e1mogat\u00f3ink, \u00f6nk\u00e9ntes seg\u00edt\u0151ink munk\u00e1j\u00e1t, hiszen k\u00f6z\u00f6sen \u00e9lj\u00fck meg a sikereket \u00e9s osztozunk az \u00f6r\u00f6m\u00f6kben. H\u00e1l\u00e1sak vagyunk az \u00f6nkorm\u00e1nyzati, int\u00e9zm\u00e9nyi dolgoz\u00f3k, polg\u00e1rmester \u00far, alpolg\u00e1rmester \u00far \u00e9s a k\u00e9pvisel\u0151 test\u00fclet t\u00e1mogat\u00e1s\u00e1\u00e9rt!<\/p>\n<p>Rem\u00e9lj\u00fck a 2022-es \u00e9v is tartalmas \u00e9s el\u0151remutat\u00f3 id\u0151szak lesz, melyb\u0151l egyes\u00fclet\u00fcnk rengeteget tud profit\u00e1lni. \u00cdg\u00e9rj\u00fck, hogy rajtunk nem m\u00falik!<\/p>\n","protected":false},"excerpt":{"rendered":"<p>Kedves Tagok, Sz\u00fcl\u0151k, Partnerek, F\u00f3tiak! Szeretn\u00e9nk besz\u00e1molni az egyes\u00fclet\u00fcnket \u00e9rint\u0151 f\u0151bb t\u00f6rt\u00e9n\u00e9sekr\u0151l a 2021-es \u00e9vre visszatekintve. Sajnos ahogy az orsz\u00e1gnak \u00fagy az egyes\u00fclet\u00fcnknek is nehezen indult az \u00e9v. A pand\u00e9mia&#8230;<\/p>\n","protected":false},"author":3,"featured_media":3088,"comment_status":"closed","ping_status":"open","sticky":false,"template":"","format":"standard","meta":{"_bbp_topic_count":0,"_bbp_reply_count":0,"_bbp_total_topic_count":0,"_bbp_total_reply_count":0,"_bbp_voice_count":0,"_bbp_anonymous_reply_count":0,"_bbp_topic_count_hidden":0,"_bbp_reply_count_hidden":0,"_bbp_forum_subforum_count":0,"_price":"","_stock":"","_tribe_ticket_header":"","_tribe_default_ticket_provider":"","_ticket_start_date":"","_ticket_end_date":"","_tribe_ticket_show_description":"","_tribe_ticket_show_not_going":false,"_tribe_ticket_use_global_stock":"","_tribe_ticket_global_stock_level":"","_global_stock_mode":"","_global_stock_cap":"","_tribe_rsvp_for_event":"","_tribe_ticket_going_count":"","_tribe_ticket_not_going_count":"","_tribe_tickets_list":"[]","_tribe_ticket_has_attendee_info_fields":false,"footnotes":""},"categories":[76],"tags":[],"class_list":["post-3080","post","type-post","status-publish","format-standard","has-post-thumbnail","hentry","category-kiemelt-hir"],"yoast_head":"<!-- This site is optimized with the Yoast SEO plugin v25.7 - https:\/\/yoast.com\/wordpress\/plugins\/seo\/ -->\n<title>2021-es \u00e9v \u00e9rt\u00e9kel\u00e9se az eln\u00f6ks\u00e9g r\u00e9sz\u00e9r\u0151l - F\u00d3T SPORTEGYES\u00dcLET<\/title>\n<meta name=\"robots\" content=\"index, follow, max-snippet:-1, max-image-preview:large, max-video-preview:-1\" \/>\n<link rel=\"canonical\" href=\"https:\/\/fotsportegyesulet.hu\/index.php\/2021\/12\/10\/2021-es-ev-ertekelese-az-elnokseg-reszerol\/\" \/>\n<meta property=\"og:locale\" content=\"hu_HU\" \/>\n<meta property=\"og:type\" content=\"article\" \/>\n<meta property=\"og:title\" content=\"2021-es \u00e9v \u00e9rt\u00e9kel\u00e9se az eln\u00f6ks\u00e9g r\u00e9sz\u00e9r\u0151l - F\u00d3T SPORTEGYES\u00dcLET\" \/>\n<meta property=\"og:description\" content=\"Kedves Tagok, Sz\u00fcl\u0151k, Partnerek, F\u00f3tiak! Szeretn\u00e9nk besz\u00e1molni az egyes\u00fclet\u00fcnket \u00e9rint\u0151 f\u0151bb t\u00f6rt\u00e9n\u00e9sekr\u0151l a 2021-es \u00e9vre visszatekintve. Sajnos ahogy az orsz\u00e1gnak \u00fagy az egyes\u00fclet\u00fcnknek is nehezen indult az \u00e9v. A pand\u00e9mia...\" \/>\n<meta property=\"og:url\" content=\"https:\/\/fotsportegyesulet.hu\/index.php\/2021\/12\/10\/2021-es-ev-ertekelese-az-elnokseg-reszerol\/\" \/>\n<meta property=\"og:site_name\" content=\"F\u00d3T SPORTEGYES\u00dcLET\" \/>\n<meta property=\"article:publisher\" content=\"https:\/\/www.facebook.com\/fotsportegyesulet\/\" \/>\n<meta property=\"article:published_time\" content=\"2021-12-10T08:53:06+00:00\" \/>\n<meta property=\"article:modified_time\" content=\"2021-12-10T14:45:51+00:00\" \/>\n<meta property=\"og:image\" content=\"https:\/\/fotsportegyesulet.hu\/wp-content\/uploads\/2021\/12\/Kapitany-Zoltan-3-1-1.jpg\" \/>\n\t<meta property=\"og:image:width\" content=\"955\" \/>\n\t<meta property=\"og:image:height\" content=\"594\" \/>\n\t<meta property=\"og:image:type\" content=\"image\/jpeg\" \/>\n<meta name=\"author\" content=\"F\u00f3t SE\" \/>\n<meta name=\"twitter:card\" content=\"summary_large_image\" \/>\n<meta name=\"twitter:label1\" content=\"Szerz\u0151:\" \/>\n\t<meta name=\"twitter:data1\" content=\"F\u00f3t SE\" \/>\n\t<meta name=\"twitter:label2\" content=\"Becs\u00fclt olvas\u00e1si id\u0151\" \/>\n\t<meta name=\"twitter:data2\" content=\"4 perc\" \/>\n<script type=\"application\/ld+json\" class=\"yoast-schema-graph\">{\"@context\":\"https:\/\/schema.org\",\"@graph\":[{\"@type\":\"Article\",\"@id\":\"https:\/\/fotsportegyesulet.hu\/index.php\/2021\/12\/10\/2021-es-ev-ertekelese-az-elnokseg-reszerol\/#article\",\"isPartOf\":{\"@id\":\"https:\/\/fotsportegyesulet.hu\/index.php\/2021\/12\/10\/2021-es-ev-ertekelese-az-elnokseg-reszerol\/\"},\"author\":{\"name\":\"F\u00f3t SE\",\"@id\":\"https:\/\/fotsportegyesulet.hu\/#\/schema\/person\/8750ccb3a5183172b75dcc348ffbdbb1\"},\"headline\":\"2021-es \u00e9v \u00e9rt\u00e9kel\u00e9se az eln\u00f6ks\u00e9g r\u00e9sz\u00e9r\u0151l\",\"datePublished\":\"2021-12-10T08:53:06+00:00\",\"dateModified\":\"2021-12-10T14:45:51+00:00\",\"mainEntityOfPage\":{\"@id\":\"https:\/\/fotsportegyesulet.hu\/index.php\/2021\/12\/10\/2021-es-ev-ertekelese-az-elnokseg-reszerol\/\"},\"wordCount\":1263,\"publisher\":{\"@id\":\"https:\/\/fotsportegyesulet.hu\/#organization\"},\"image\":{\"@id\":\"https:\/\/fotsportegyesulet.hu\/index.php\/2021\/12\/10\/2021-es-ev-ertekelese-az-elnokseg-reszerol\/#primaryimage\"},\"thumbnailUrl\":\"https:\/\/fotsportegyesulet.hu\/wp-content\/uploads\/2021\/12\/Kapitany-Zoltan-3-1-1.jpg\",\"articleSection\":[\"Kiemelt h\u00edr\"],\"inLanguage\":\"hu\"},{\"@type\":\"WebPage\",\"@id\":\"https:\/\/fotsportegyesulet.hu\/index.php\/2021\/12\/10\/2021-es-ev-ertekelese-az-elnokseg-reszerol\/\",\"url\":\"https:\/\/fotsportegyesulet.hu\/index.php\/2021\/12\/10\/2021-es-ev-ertekelese-az-elnokseg-reszerol\/\",\"name\":\"2021-es \u00e9v \u00e9rt\u00e9kel\u00e9se az eln\u00f6ks\u00e9g r\u00e9sz\u00e9r\u0151l - F\u00d3T SPORTEGYES\u00dcLET\",\"isPartOf\":{\"@id\":\"https:\/\/fotsportegyesulet.hu\/#website\"},\"primaryImageOfPage\":{\"@id\":\"https:\/\/fotsportegyesulet.hu\/index.php\/2021\/12\/10\/2021-es-ev-ertekelese-az-elnokseg-reszerol\/#primaryimage\"},\"image\":{\"@id\":\"https:\/\/fotsportegyesulet.hu\/index.php\/2021\/12\/10\/2021-es-ev-ertekelese-az-elnokseg-reszerol\/#primaryimage\"},\"thumbnailUrl\":\"https:\/\/fotsportegyesulet.hu\/wp-content\/uploads\/2021\/12\/Kapitany-Zoltan-3-1-1.jpg\",\"datePublished\":\"2021-12-10T08:53:06+00:00\",\"dateModified\":\"2021-12-10T14:45:51+00:00\",\"breadcrumb\":{\"@id\":\"https:\/\/fotsportegyesulet.hu\/index.php\/2021\/12\/10\/2021-es-ev-ertekelese-az-elnokseg-reszerol\/#breadcrumb\"},\"inLanguage\":\"hu\",\"potentialAction\":[{\"@type\":\"ReadAction\",\"target\":[\"https:\/\/fotsportegyesulet.hu\/index.php\/2021\/12\/10\/2021-es-ev-ertekelese-az-elnokseg-reszerol\/\"]}]},{\"@type\":\"ImageObject\",\"inLanguage\":\"hu\",\"@id\":\"https:\/\/fotsportegyesulet.hu\/index.php\/2021\/12\/10\/2021-es-ev-ertekelese-az-elnokseg-reszerol\/#primaryimage\",\"url\":\"https:\/\/fotsportegyesulet.hu\/wp-content\/uploads\/2021\/12\/Kapitany-Zoltan-3-1-1.jpg\",\"contentUrl\":\"https:\/\/fotsportegyesulet.hu\/wp-content\/uploads\/2021\/12\/Kapitany-Zoltan-3-1-1.jpg\",\"width\":955,\"height\":594},{\"@type\":\"BreadcrumbList\",\"@id\":\"https:\/\/fotsportegyesulet.hu\/index.php\/2021\/12\/10\/2021-es-ev-ertekelese-az-elnokseg-reszerol\/#breadcrumb\",\"itemListElement\":[{\"@type\":\"ListItem\",\"position\":1,\"name\":\"Kezd\u0151lap\",\"item\":\"https:\/\/fotsportegyesulet.hu\/\"},{\"@type\":\"ListItem\",\"position\":2,\"name\":\"2021-es \u00e9v \u00e9rt\u00e9kel\u00e9se az eln\u00f6ks\u00e9g r\u00e9sz\u00e9r\u0151l\"}]},{\"@type\":\"WebSite\",\"@id\":\"https:\/\/fotsportegyesulet.hu\/#website\",\"url\":\"https:\/\/fotsportegyesulet.hu\/\",\"name\":\"F\u00d3T SPORTEGYES\u00dcLET\",\"description\":\"\",\"publisher\":{\"@id\":\"https:\/\/fotsportegyesulet.hu\/#organization\"},\"potentialAction\":[{\"@type\":\"SearchAction\",\"target\":{\"@type\":\"EntryPoint\",\"urlTemplate\":\"https:\/\/fotsportegyesulet.hu\/?s={search_term_string}\"},\"query-input\":{\"@type\":\"PropertyValueSpecification\",\"valueRequired\":true,\"valueName\":\"search_term_string\"}}],\"inLanguage\":\"hu\"},{\"@type\":\"Organization\",\"@id\":\"https:\/\/fotsportegyesulet.hu\/#organization\",\"name\":\"F\u00f3t Sportegyes\u00fclet\",\"url\":\"https:\/\/fotsportegyesulet.hu\/\",\"logo\":{\"@type\":\"ImageObject\",\"inLanguage\":\"hu\",\"@id\":\"https:\/\/fotsportegyesulet.hu\/#\/schema\/logo\/image\/\",\"url\":\"https:\/\/fotsportegyesulet.hu\/wp-content\/uploads\/2020\/07\/eredeti-sz\u00ednes-vektoros-Fot-cimer-3.png\",\"contentUrl\":\"https:\/\/fotsportegyesulet.hu\/wp-content\/uploads\/2020\/07\/eredeti-sz\u00ednes-vektoros-Fot-cimer-3.png\",\"width\":500,\"height\":500,\"caption\":\"F\u00f3t Sportegyes\u00fclet\"},\"image\":{\"@id\":\"https:\/\/fotsportegyesulet.hu\/#\/schema\/logo\/image\/\"},\"sameAs\":[\"https:\/\/www.facebook.com\/fotsportegyesulet\/\"]},{\"@type\":\"Person\",\"@id\":\"https:\/\/fotsportegyesulet.hu\/#\/schema\/person\/8750ccb3a5183172b75dcc348ffbdbb1\",\"name\":\"F\u00f3t SE\",\"image\":{\"@type\":\"ImageObject\",\"inLanguage\":\"hu\",\"@id\":\"https:\/\/fotsportegyesulet.hu\/#\/schema\/person\/image\/\",\"url\":\"https:\/\/secure.gravatar.com\/avatar\/2f768bb7a490a49aeb2ccaf4bacc94391bbafd4b6aa54eb6f9318ffc80d81dad?s=96&d=mm&r=g\",\"contentUrl\":\"https:\/\/secure.gravatar.com\/avatar\/2f768bb7a490a49aeb2ccaf4bacc94391bbafd4b6aa54eb6f9318ffc80d81dad?s=96&d=mm&r=g\",\"caption\":\"F\u00f3t SE\"},\"sameAs\":[\"http:\/\/fotsportegyesulet.hu\"],\"url\":\"https:\/\/fotsportegyesulet.hu\/index.php\/author\/kapitany-zoltan\/\"}]}<\/script>\n<!-- \/ Yoast SEO plugin. -->","yoast_head_json":{"title":"2021-es \u00e9v \u00e9rt\u00e9kel\u00e9se az eln\u00f6ks\u00e9g r\u00e9sz\u00e9r\u0151l - F\u00d3T SPORTEGYES\u00dcLET","robots":{"index":"index","follow":"follow","max-snippet":"max-snippet:-1","max-image-preview":"max-image-preview:large","max-video-preview":"max-video-preview:-1"},"canonical":"https:\/\/fotsportegyesulet.hu\/index.php\/2021\/12\/10\/2021-es-ev-ertekelese-az-elnokseg-reszerol\/","og_locale":"hu_HU","og_type":"article","og_title":"2021-es \u00e9v \u00e9rt\u00e9kel\u00e9se az eln\u00f6ks\u00e9g r\u00e9sz\u00e9r\u0151l - F\u00d3T SPORTEGYES\u00dcLET","og_description":"Kedves Tagok, Sz\u00fcl\u0151k, Partnerek, F\u00f3tiak! Szeretn\u00e9nk besz\u00e1molni az egyes\u00fclet\u00fcnket \u00e9rint\u0151 f\u0151bb t\u00f6rt\u00e9n\u00e9sekr\u0151l a 2021-es \u00e9vre visszatekintve. Sajnos ahogy az orsz\u00e1gnak \u00fagy az egyes\u00fclet\u00fcnknek is nehezen indult az \u00e9v. A pand\u00e9mia...","og_url":"https:\/\/fotsportegyesulet.hu\/index.php\/2021\/12\/10\/2021-es-ev-ertekelese-az-elnokseg-reszerol\/","og_site_name":"F\u00d3T SPORTEGYES\u00dcLET","article_publisher":"https:\/\/www.facebook.com\/fotsportegyesulet\/","article_published_time":"2021-12-10T08:53:06+00:00","article_modified_time":"2021-12-10T14:45:51+00:00","og_image":[{"width":955,"height":594,"url":"https:\/\/fotsportegyesulet.hu\/wp-content\/uploads\/2021\/12\/Kapitany-Zoltan-3-1-1.jpg","type":"image\/jpeg"}],"author":"F\u00f3t SE","twitter_card":"summary_large_image","twitter_misc":{"Szerz\u0151:":"F\u00f3t SE","Becs\u00fclt olvas\u00e1si id\u0151":"4 perc"},"schema":{"@context":"https:\/\/schema.org","@graph":[{"@type":"Article","@id":"https:\/\/fotsportegyesulet.hu\/index.php\/2021\/12\/10\/2021-es-ev-ertekelese-az-elnokseg-reszerol\/#article","isPartOf":{"@id":"https:\/\/fotsportegyesulet.hu\/index.php\/2021\/12\/10\/2021-es-ev-ertekelese-az-elnokseg-reszerol\/"},"author":{"name":"F\u00f3t SE","@id":"https:\/\/fotsportegyesulet.hu\/#\/schema\/person\/8750ccb3a5183172b75dcc348ffbdbb1"},"headline":"2021-es \u00e9v \u00e9rt\u00e9kel\u00e9se az eln\u00f6ks\u00e9g r\u00e9sz\u00e9r\u0151l","datePublished":"2021-12-10T08:53:06+00:00","dateModified":"2021-12-10T14:45:51+00:00","mainEntityOfPage":{"@id":"https:\/\/fotsportegyesulet.hu\/index.php\/2021\/12\/10\/2021-es-ev-ertekelese-az-elnokseg-reszerol\/"},"wordCount":1263,"publisher":{"@id":"https:\/\/fotsportegyesulet.hu\/#organization"},"image":{"@id":"https:\/\/fotsportegyesulet.hu\/index.php\/2021\/12\/10\/2021-es-ev-ertekelese-az-elnokseg-reszerol\/#primaryimage"},"thumbnailUrl":"https:\/\/fotsportegyesulet.hu\/wp-content\/uploads\/2021\/12\/Kapitany-Zoltan-3-1-1.jpg","articleSection":["Kiemelt h\u00edr"],"inLanguage":"hu"},{"@type":"WebPage","@id":"https:\/\/fotsportegyesulet.hu\/index.php\/2021\/12\/10\/2021-es-ev-ertekelese-az-elnokseg-reszerol\/","url":"https:\/\/fotsportegyesulet.hu\/index.php\/2021\/12\/10\/2021-es-ev-ertekelese-az-elnokseg-reszerol\/","name":"2021-es \u00e9v \u00e9rt\u00e9kel\u00e9se az eln\u00f6ks\u00e9g r\u00e9sz\u00e9r\u0151l - F\u00d3T SPORTEGYES\u00dcLET","isPartOf":{"@id":"https:\/\/fotsportegyesulet.hu\/#website"},"primaryImageOfPage":{"@id":"https:\/\/fotsportegyesulet.hu\/index.php\/2021\/12\/10\/2021-es-ev-ertekelese-az-elnokseg-reszerol\/#primaryimage"},"image":{"@id":"https:\/\/fotsportegyesulet.hu\/index.php\/2021\/12\/10\/2021-es-ev-ertekelese-az-elnokseg-reszerol\/#primaryimage"},"thumbnailUrl":"https:\/\/fotsportegyesulet.hu\/wp-content\/uploads\/2021\/12\/Kapitany-Zoltan-3-1-1.jpg","datePublished":"2021-12-10T08:53:06+00:00","dateModified":"2021-12-10T14:45:51+00:00","breadcrumb":{"@id":"https:\/\/fotsportegyesulet.hu\/index.php\/2021\/12\/10\/2021-es-ev-ertekelese-az-elnokseg-reszerol\/#breadcrumb"},"inLanguage":"hu","potentialAction":[{"@type":"ReadAction","target":["https:\/\/fotsportegyesulet.hu\/index.php\/2021\/12\/10\/2021-es-ev-ertekelese-az-elnokseg-reszerol\/"]}]},{"@type":"ImageObject","inLanguage":"hu","@id":"https:\/\/fotsportegyesulet.hu\/index.php\/2021\/12\/10\/2021-es-ev-ertekelese-az-elnokseg-reszerol\/#primaryimage","url":"https:\/\/fotsportegyesulet.hu\/wp-content\/uploads\/2021\/12\/Kapitany-Zoltan-3-1-1.jpg","contentUrl":"https:\/\/fotsportegyesulet.hu\/wp-content\/uploads\/2021\/12\/Kapitany-Zoltan-3-1-1.jpg","width":955,"height":594},{"@type":"BreadcrumbList","@id":"https:\/\/fotsportegyesulet.hu\/index.php\/2021\/12\/10\/2021-es-ev-ertekelese-az-elnokseg-reszerol\/#breadcrumb","itemListElement":[{"@type":"ListItem","position":1,"name":"Kezd\u0151lap","item":"https:\/\/fotsportegyesulet.hu\/"},{"@type":"ListItem","position":2,"name":"2021-es \u00e9v \u00e9rt\u00e9kel\u00e9se az eln\u00f6ks\u00e9g r\u00e9sz\u00e9r\u0151l"}]},{"@type":"WebSite","@id":"https:\/\/fotsportegyesulet.hu\/#website","url":"https:\/\/fotsportegyesulet.hu\/","name":"F\u00d3T SPORTEGYES\u00dcLET","description":"","publisher":{"@id":"https:\/\/fotsportegyesulet.hu\/#organization"},"potentialAction":[{"@type":"SearchAction","target":{"@type":"EntryPoint","urlTemplate":"https:\/\/fotsportegyesulet.hu\/?s={search_term_string}"},"query-input":{"@type":"PropertyValueSpecification","valueRequired":true,"valueName":"search_term_string"}}],"inLanguage":"hu"},{"@type":"Organization","@id":"https:\/\/fotsportegyesulet.hu\/#organization","name":"F\u00f3t Sportegyes\u00fclet","url":"https:\/\/fotsportegyesulet.hu\/","logo":{"@type":"ImageObject","inLanguage":"hu","@id":"https:\/\/fotsportegyesulet.hu\/#\/schema\/logo\/image\/","url":"https:\/\/fotsportegyesulet.hu\/wp-content\/uploads\/2020\/07\/eredeti-sz\u00ednes-vektoros-Fot-cimer-3.png","contentUrl":"https:\/\/fotsportegyesulet.hu\/wp-content\/uploads\/2020\/07\/eredeti-sz\u00ednes-vektoros-Fot-cimer-3.png","width":500,"height":500,"caption":"F\u00f3t Sportegyes\u00fclet"},"image":{"@id":"https:\/\/fotsportegyesulet.hu\/#\/schema\/logo\/image\/"},"sameAs":["https:\/\/www.facebook.com\/fotsportegyesulet\/"]},{"@type":"Person","@id":"https:\/\/fotsportegyesulet.hu\/#\/schema\/person\/8750ccb3a5183172b75dcc348ffbdbb1","name":"F\u00f3t SE","image":{"@type":"ImageObject","inLanguage":"hu","@id":"https:\/\/fotsportegyesulet.hu\/#\/schema\/person\/image\/","url":"https:\/\/secure.gravatar.com\/avatar\/2f768bb7a490a49aeb2ccaf4bacc94391bbafd4b6aa54eb6f9318ffc80d81dad?s=96&d=mm&r=g","contentUrl":"https:\/\/secure.gravatar.com\/avatar\/2f768bb7a490a49aeb2ccaf4bacc94391bbafd4b6aa54eb6f9318ffc80d81dad?s=96&d=mm&r=g","caption":"F\u00f3t SE"},"sameAs":["http:\/\/fotsportegyesulet.hu"],"url":"https:\/\/fotsportegyesulet.hu\/index.php\/author\/kapitany-zoltan\/"}]}},"_links":{"self":[{"href":"https:\/\/fotsportegyesulet.hu\/index.php\/wp-json\/wp\/v2\/posts\/3080","targetHints":{"allow":["GET"]}}],"collection":[{"href":"https:\/\/fotsportegyesulet.hu\/index.php\/wp-json\/wp\/v2\/posts"}],"about":[{"href":"https:\/\/fotsportegyesulet.hu\/index.php\/wp-json\/wp\/v2\/types\/post"}],"author":[{"embeddable":true,"href":"https:\/\/fotsportegyesulet.hu\/index.php\/wp-json\/wp\/v2\/users\/3"}],"replies":[{"embeddable":true,"href":"https:\/\/fotsportegyesulet.hu\/index.php\/wp-json\/wp\/v2\/comments?post=3080"}],"version-history":[{"count":11,"href":"https:\/\/fotsportegyesulet.hu\/index.php\/wp-json\/wp\/v2\/posts\/3080\/revisions"}],"predecessor-version":[{"id":3095,"href":"https:\/\/fotsportegyesulet.hu\/index.php\/wp-json\/wp\/v2\/posts\/3080\/revisions\/3095"}],"wp:featuredmedia":[{"embeddable":true,"href":"https:\/\/fotsportegyesulet.hu\/index.php\/wp-json\/wp\/v2\/media\/3088"}],"wp:attachment":[{"href":"https:\/\/fotsportegyesulet.hu\/index.php\/wp-json\/wp\/v2\/media?parent=3080"}],"wp:term":[{"taxonomy":"category","embeddable":true,"href":"https:\/\/fotsportegyesulet.hu\/index.php\/wp-json\/wp\/v2\/categories?post=3080"},{"taxonomy":"post_tag","embeddable":true,"href":"https:\/\/fotsportegyesulet.hu\/index.php\/wp-json\/wp\/v2\/tags?post=3080"}],"curies":[{"name":"wp","href":"https:\/\/api.w.org\/{rel}","templated":true}]}}