{"id":3061,"date":"2021-11-18T16:39:57","date_gmt":"2021-11-18T14:39:57","guid":{"rendered":"https:\/\/fotsportegyesulet.hu\/?p=3061"},"modified":"2021-11-24T17:06:29","modified_gmt":"2021-11-24T15:06:29","slug":"interju-herjeczki-patricia-kosarlabda-edzovel","status":"publish","type":"post","link":"https:\/\/fotsportegyesulet.hu\/index.php\/2021\/11\/18\/interju-herjeczki-patricia-kosarlabda-edzovel\/","title":{"rendered":"Interj\u00fa Herjeczki Patr\u00edcia kos\u00e1rlabda edz\u0151vel"},"content":{"rendered":"<p>Interj\u00fat k\u00e9sz\u00edtett\u00fcnk Herjeczki Patr\u00edcia kos\u00e1rlabda edz\u0151nkkel, aki mes\u00e9lt nek\u00fcnk kor\u00e1bbi tanulm\u00e1nyair\u00f3l \u00e9s j\u00f6v\u0151beli terveir\u0151l is.<\/p>\n<p>&nbsp;<\/p>\n<p><strong>Mes\u00e9lj k\u00e9rlek magadr\u00f3l n\u00e9h\u00e1ny sz\u00f3ban! Mit lehet tudni r\u00f3lad?<\/strong><\/p>\n<p>Herjeczki Patr\u00edci\u00e1nak vagyok, 21 \u00e9ves, Testnevel\u00e9si Egyetem hallgat\u00f3ja \u00e9s j\u00e1t\u00e9kosa vagyok, ahol az edz\u0151i szakot fogom elv\u00e9gezni.<\/p>\n<p>&nbsp;<\/p>\n<p><strong>Hol ker\u00fclt\u00e9l el\u0151sz\u00f6r kapcsolatba a kos\u00e1rlabd\u00e1val?<\/strong><\/p>\n<p>\u00c1ltal\u00e1nos iskola 1. oszt\u00e1ly\u00e1ban keresett meg Ibr\u00e1nyi M\u00e1rta kos\u00e1rlabda edz\u0151 \u00e9s aj\u00e1nlotta fel, hogy menjek hozz\u00e1 edz\u00e9sekre, szerinte tetszene nekem- \u00edgy is lett.<\/p>\n<p>&nbsp;<\/p>\n<p><strong>Milyen szerepet t\u00f6lt be az \u00e9letedben a kos\u00e1rlabda?<\/strong><\/p>\n<p>A kos\u00e1rlabda a mindennapjaim r\u00e9sze, a legjobb kikapcsol\u00f3d\u00e1s j\u00e1t\u00e9kosk\u00e9nt, \u00e9s remek munka edz\u0151k\u00e9nt.<\/p>\n<p>&nbsp;<\/p>\n<p><strong>Hol v\u00e9gezted a tanulm\u00e1nyaidat? <\/strong><\/p>\n<p>Dunakeszire j\u00e1rtam a Sz\u00e9chenyi Istv\u00e1n \u00c1ltal\u00e1nos Iskol\u00e1ba, K\u00e1poszt\u00e1smegyerre a Babits Mih\u00e1ly Gimn\u00e1ziumba, jelenleg pedig a Testnevel\u00e9si Egyetem tanul\u00f3ja vagyok.<\/p>\n<p>&nbsp;<\/p>\n<p><strong>Hogyan v\u00e1lt sz\u00e1modra hivat\u00e1ss\u00e1 a kos\u00e1rlabda?<\/strong><\/p>\n<p>Amikor megszerettem a kos\u00e1rlabd\u00e1t tudtam, hogy k\u00e9s\u0151bb ezzel szeretn\u00e9k foglalkozni. Ny\u00e1ron volt lehet\u0151s\u00e9gem az \u00fajpestn\u00e9l t\u00e1boroztatni, \u0151k k\u00f6zvet\u00edtettek ki F\u00f3tra.<\/p>\n<p>&nbsp;<\/p>\n<p><strong>Milyen eredm\u00e9nyeket \u00e9rt\u00e9l el?<\/strong><\/p>\n<p>Sportol\u00f3k\u00e9nt orsz\u00e1gos bajnok voltam jelenleg feln\u0151tt m\u00e1sodoszt\u00e1ly\u00fa csapatban j\u00e1tszom.<\/p>\n<p>&nbsp;<\/p>\n<p><strong>Mi\u00f3ta dolgozol az egyes\u00fcletben?<\/strong><\/p>\n<p>Szeptember \u00f3ta dolgozom az egyes\u00fcletben.<\/p>\n<p>&nbsp;<\/p>\n<p><strong>Milyen koroszt\u00e1ly sz\u00e1m\u00e1ra tartasz edz\u00e9seket? Jelenleg h\u00e1ny csapattal dolgoztok egy\u00fctt?<\/strong><\/p>\n<p>El\u0151k\u00e9sz\u00edt\u0151, azaz 1-2. oszt\u00e1lyosoknak, valamint U11-U12 koroszt\u00e1lyban tartok edz\u00e9seket.<\/p>\n<p><img loading=\"lazy\" decoding=\"async\" class=\"wp-image-3065 aligncenter\" src=\"https:\/\/fotsportegyesulet.hu\/wp-content\/uploads\/2021\/11\/258317083_263895025714864_4122755095405256476_n-768x1024.jpg\" alt=\"\" width=\"324\" height=\"431\" srcset=\"https:\/\/fotsportegyesulet.hu\/wp-content\/uploads\/2021\/11\/258317083_263895025714864_4122755095405256476_n-768x1024.jpg 768w, https:\/\/fotsportegyesulet.hu\/wp-content\/uploads\/2021\/11\/258317083_263895025714864_4122755095405256476_n-225x300.jpg 225w, https:\/\/fotsportegyesulet.hu\/wp-content\/uploads\/2021\/11\/258317083_263895025714864_4122755095405256476_n-1152x1536.jpg 1152w, https:\/\/fotsportegyesulet.hu\/wp-content\/uploads\/2021\/11\/258317083_263895025714864_4122755095405256476_n.jpg 1536w\" sizes=\"auto, (max-width: 324px) 100vw, 324px\" \/><\/p>\n<p><strong>Hogyan \u00e9p\u00fcl fel n\u00e1lad egy edz\u00e9s?<\/strong><\/p>\n<p>Sok a j\u00e1t\u00e9k, pr\u00f3b\u00e1lom min\u00e9l \u00e9lvezetesebb\u00e9 tenni, megszerettetni a gyerekekkel a sport\u00e1gat, viszont minden j\u00e1t\u00e9knak valamilyen eleme a kos\u00e1rlabd\u00e1ban elengedhetetlen.<\/p>\n<p>&nbsp;<\/p>\n<p><strong>Vannak olyan rendezv\u00e9nyek a szezonban, amelyeken terveztek r\u00e9szt venni a csapataitokkal?<\/strong><\/p>\n<p>Az el\u0151k\u00e9sz\u00edt\u0151 csapattal tervez\u00fcnk a kos\u00e1rpal\u00e1nta programban r\u00e9szt venni.<\/p>\n<p>&nbsp;<\/p>\n<p><strong>Mik a terveitek a j\u00f6v\u0151re tekintve a csapataiddal?<\/strong><\/p>\n<p>R\u00f6vidt\u00e1v\u00fa c\u00e9lom, hogy min\u00e9l t\u00f6bben megszeress\u00e9k, \u00e9s maradjanak enn\u00e9l a sport\u00e1gn\u00e1l. Hossz\u00fat\u00e1v\u00fa c\u00e9lom, hogy a lehet\u0151 legt\u00f6bb gyerekb\u0151l j\u00e1t\u00e9kost neveljek, \u00e9s megtanuljanak csapatban gondolkozni, amit a p\u00e1ly\u00e1n k\u00edv\u00fcl is hasznos\u00edtani tudnak.<\/p>\n<p>&nbsp;<\/p>\n<p><strong>Mire sz\u00e1m\u00edthatnak, akik csatlakozni szeretn\u00e9nek hozz\u00e1tok?<\/strong><\/p>\n<p>J\u00f3 hangulat\u00fa, j\u00e1t\u00e9kos edz\u00e9sekre, ahol a j\u00f3kedv \u00e9s a fegyelmezetts\u00e9g egyar\u00e1nt jelen van.<\/p>\n<p>&nbsp;<\/p>\n<p><strong>Milyen alapvet\u0151 felszerel\u00e9sekre van sz\u00fcks\u00e9ge azoknak, akik a kos\u00e1rlabd\u00e1val szeretn\u00e9nek foglalkozni?<\/strong><\/p>\n<p>Testnevel\u00e9s felszerel\u00e9sre van sz\u00fcks\u00e9g\u00fck, illetve kulacsra.<\/p>\n<p>&nbsp;<\/p>\n<p><strong>Mit \u00fczenn\u00e9l azoknak, akik m\u00e9g hezit\u00e1lnak, hogy elkezdj\u00e9k a kos\u00e1rlabd\u00e1z\u00e1st?<\/strong><\/p>\n<p>Mindenkit szeretettel v\u00e1runk, aki ki szeretn\u00e9 pr\u00f3b\u00e1lni a kos\u00e1rlabd\u00e1t, a j\u00f3kedv garant\u00e1lt minden edz\u00e9sen.<\/p>\n","protected":false},"excerpt":{"rendered":"<p>Interj\u00fat k\u00e9sz\u00edtett\u00fcnk Herjeczki Patr\u00edcia kos\u00e1rlabda edz\u0151nkkel.<\/p>\n","protected":false},"author":3,"featured_media":3062,"comment_status":"closed","ping_status":"open","sticky":false,"template":"","format":"standard","meta":{"_bbp_topic_count":0,"_bbp_reply_count":0,"_bbp_total_topic_count":0,"_bbp_total_reply_count":0,"_bbp_voice_count":0,"_bbp_anonymous_reply_count":0,"_bbp_topic_count_hidden":0,"_bbp_reply_count_hidden":0,"_bbp_forum_subforum_count":0,"_price":"","_stock":"","_tribe_ticket_header":"","_tribe_default_ticket_provider":"","_ticket_start_date":"","_ticket_end_date":"","_tribe_ticket_show_description":"","_tribe_ticket_show_not_going":false,"_tribe_ticket_use_global_stock":"","_tribe_ticket_global_stock_level":"","_global_stock_mode":"","_global_stock_cap":"","_tribe_rsvp_for_event":"","_tribe_ticket_going_count":"","_tribe_ticket_not_going_count":"","_tribe_tickets_list":"[]","_tribe_ticket_has_attendee_info_fields":false,"footnotes":""},"categories":[1,65],"tags":[],"class_list":["post-3061","post","type-post","status-publish","format-standard","has-post-thumbnail","hentry","category-hirek","category-kosarlabda"],"yoast_head":"<!-- This site is optimized with the Yoast SEO plugin v25.7 - https:\/\/yoast.com\/wordpress\/plugins\/seo\/ -->\n<title>Interj\u00fa Herjeczki Patr\u00edcia kos\u00e1rlabda edz\u0151vel - F\u00d3T SPORTEGYES\u00dcLET<\/title>\n<meta name=\"robots\" content=\"index, follow, max-snippet:-1, max-image-preview:large, max-video-preview:-1\" \/>\n<link rel=\"canonical\" href=\"https:\/\/fotsportegyesulet.hu\/index.php\/2021\/11\/18\/interju-herjeczki-patricia-kosarlabda-edzovel\/\" \/>\n<meta property=\"og:locale\" content=\"hu_HU\" \/>\n<meta property=\"og:type\" content=\"article\" \/>\n<meta property=\"og:title\" content=\"Interj\u00fa Herjeczki Patr\u00edcia kos\u00e1rlabda edz\u0151vel - F\u00d3T SPORTEGYES\u00dcLET\" \/>\n<meta property=\"og:description\" content=\"Interj\u00fat k\u00e9sz\u00edtett\u00fcnk Herjeczki Patr\u00edcia kos\u00e1rlabda edz\u0151nkkel.\" \/>\n<meta property=\"og:url\" content=\"https:\/\/fotsportegyesulet.hu\/index.php\/2021\/11\/18\/interju-herjeczki-patricia-kosarlabda-edzovel\/\" \/>\n<meta property=\"og:site_name\" content=\"F\u00d3T SPORTEGYES\u00dcLET\" \/>\n<meta property=\"article:publisher\" content=\"https:\/\/www.facebook.com\/fotsportegyesulet\/\" \/>\n<meta property=\"article:published_time\" content=\"2021-11-18T14:39:57+00:00\" \/>\n<meta property=\"article:modified_time\" content=\"2021-11-24T15:06:29+00:00\" \/>\n<meta property=\"og:image\" content=\"https:\/\/fotsportegyesulet.hu\/wp-content\/uploads\/2021\/11\/boritokep-956-455.jpg\" \/>\n\t<meta property=\"og:image:width\" content=\"955\" \/>\n\t<meta property=\"og:image:height\" content=\"456\" \/>\n\t<meta property=\"og:image:type\" content=\"image\/jpeg\" \/>\n<meta name=\"author\" content=\"F\u00f3t SE\" \/>\n<meta name=\"twitter:card\" content=\"summary_large_image\" \/>\n<meta name=\"twitter:label1\" content=\"Szerz\u0151:\" \/>\n\t<meta name=\"twitter:data1\" content=\"F\u00f3t SE\" \/>\n\t<meta name=\"twitter:label2\" content=\"Becs\u00fclt olvas\u00e1si id\u0151\" \/>\n\t<meta name=\"twitter:data2\" content=\"2 perc\" \/>\n<script type=\"application\/ld+json\" class=\"yoast-schema-graph\">{\"@context\":\"https:\/\/schema.org\",\"@graph\":[{\"@type\":\"Article\",\"@id\":\"https:\/\/fotsportegyesulet.hu\/index.php\/2021\/11\/18\/interju-herjeczki-patricia-kosarlabda-edzovel\/#article\",\"isPartOf\":{\"@id\":\"https:\/\/fotsportegyesulet.hu\/index.php\/2021\/11\/18\/interju-herjeczki-patricia-kosarlabda-edzovel\/\"},\"author\":{\"name\":\"F\u00f3t SE\",\"@id\":\"https:\/\/fotsportegyesulet.hu\/#\/schema\/person\/8750ccb3a5183172b75dcc348ffbdbb1\"},\"headline\":\"Interj\u00fa Herjeczki Patr\u00edcia kos\u00e1rlabda edz\u0151vel\",\"datePublished\":\"2021-11-18T14:39:57+00:00\",\"dateModified\":\"2021-11-24T15:06:29+00:00\",\"mainEntityOfPage\":{\"@id\":\"https:\/\/fotsportegyesulet.hu\/index.php\/2021\/11\/18\/interju-herjeczki-patricia-kosarlabda-edzovel\/\"},\"wordCount\":536,\"publisher\":{\"@id\":\"https:\/\/fotsportegyesulet.hu\/#organization\"},\"image\":{\"@id\":\"https:\/\/fotsportegyesulet.hu\/index.php\/2021\/11\/18\/interju-herjeczki-patricia-kosarlabda-edzovel\/#primaryimage\"},\"thumbnailUrl\":\"https:\/\/fotsportegyesulet.hu\/wp-content\/uploads\/2021\/11\/boritokep-956-455.jpg\",\"articleSection\":[\"H\u00edrek\",\"Kos\u00e1rlabda\"],\"inLanguage\":\"hu\"},{\"@type\":\"WebPage\",\"@id\":\"https:\/\/fotsportegyesulet.hu\/index.php\/2021\/11\/18\/interju-herjeczki-patricia-kosarlabda-edzovel\/\",\"url\":\"https:\/\/fotsportegyesulet.hu\/index.php\/2021\/11\/18\/interju-herjeczki-patricia-kosarlabda-edzovel\/\",\"name\":\"Interj\u00fa Herjeczki Patr\u00edcia kos\u00e1rlabda edz\u0151vel - F\u00d3T SPORTEGYES\u00dcLET\",\"isPartOf\":{\"@id\":\"https:\/\/fotsportegyesulet.hu\/#website\"},\"primaryImageOfPage\":{\"@id\":\"https:\/\/fotsportegyesulet.hu\/index.php\/2021\/11\/18\/interju-herjeczki-patricia-kosarlabda-edzovel\/#primaryimage\"},\"image\":{\"@id\":\"https:\/\/fotsportegyesulet.hu\/index.php\/2021\/11\/18\/interju-herjeczki-patricia-kosarlabda-edzovel\/#primaryimage\"},\"thumbnailUrl\":\"https:\/\/fotsportegyesulet.hu\/wp-content\/uploads\/2021\/11\/boritokep-956-455.jpg\",\"datePublished\":\"2021-11-18T14:39:57+00:00\",\"dateModified\":\"2021-11-24T15:06:29+00:00\",\"breadcrumb\":{\"@id\":\"https:\/\/fotsportegyesulet.hu\/index.php\/2021\/11\/18\/interju-herjeczki-patricia-kosarlabda-edzovel\/#breadcrumb\"},\"inLanguage\":\"hu\",\"potentialAction\":[{\"@type\":\"ReadAction\",\"target\":[\"https:\/\/fotsportegyesulet.hu\/index.php\/2021\/11\/18\/interju-herjeczki-patricia-kosarlabda-edzovel\/\"]}]},{\"@type\":\"ImageObject\",\"inLanguage\":\"hu\",\"@id\":\"https:\/\/fotsportegyesulet.hu\/index.php\/2021\/11\/18\/interju-herjeczki-patricia-kosarlabda-edzovel\/#primaryimage\",\"url\":\"https:\/\/fotsportegyesulet.hu\/wp-content\/uploads\/2021\/11\/boritokep-956-455.jpg\",\"contentUrl\":\"https:\/\/fotsportegyesulet.hu\/wp-content\/uploads\/2021\/11\/boritokep-956-455.jpg\",\"width\":955,\"height\":456},{\"@type\":\"BreadcrumbList\",\"@id\":\"https:\/\/fotsportegyesulet.hu\/index.php\/2021\/11\/18\/interju-herjeczki-patricia-kosarlabda-edzovel\/#breadcrumb\",\"itemListElement\":[{\"@type\":\"ListItem\",\"position\":1,\"name\":\"Kezd\u0151lap\",\"item\":\"https:\/\/fotsportegyesulet.hu\/\"},{\"@type\":\"ListItem\",\"position\":2,\"name\":\"Interj\u00fa Herjeczki Patr\u00edcia kos\u00e1rlabda edz\u0151vel\"}]},{\"@type\":\"WebSite\",\"@id\":\"https:\/\/fotsportegyesulet.hu\/#website\",\"url\":\"https:\/\/fotsportegyesulet.hu\/\",\"name\":\"F\u00d3T SPORTEGYES\u00dcLET\",\"description\":\"\",\"publisher\":{\"@id\":\"https:\/\/fotsportegyesulet.hu\/#organization\"},\"potentialAction\":[{\"@type\":\"SearchAction\",\"target\":{\"@type\":\"EntryPoint\",\"urlTemplate\":\"https:\/\/fotsportegyesulet.hu\/?s={search_term_string}\"},\"query-input\":{\"@type\":\"PropertyValueSpecification\",\"valueRequired\":true,\"valueName\":\"search_term_string\"}}],\"inLanguage\":\"hu\"},{\"@type\":\"Organization\",\"@id\":\"https:\/\/fotsportegyesulet.hu\/#organization\",\"name\":\"F\u00f3t Sportegyes\u00fclet\",\"url\":\"https:\/\/fotsportegyesulet.hu\/\",\"logo\":{\"@type\":\"ImageObject\",\"inLanguage\":\"hu\",\"@id\":\"https:\/\/fotsportegyesulet.hu\/#\/schema\/logo\/image\/\",\"url\":\"https:\/\/fotsportegyesulet.hu\/wp-content\/uploads\/2020\/07\/eredeti-sz\u00ednes-vektoros-Fot-cimer-3.png\",\"contentUrl\":\"https:\/\/fotsportegyesulet.hu\/wp-content\/uploads\/2020\/07\/eredeti-sz\u00ednes-vektoros-Fot-cimer-3.png\",\"width\":500,\"height\":500,\"caption\":\"F\u00f3t Sportegyes\u00fclet\"},\"image\":{\"@id\":\"https:\/\/fotsportegyesulet.hu\/#\/schema\/logo\/image\/\"},\"sameAs\":[\"https:\/\/www.facebook.com\/fotsportegyesulet\/\"]},{\"@type\":\"Person\",\"@id\":\"https:\/\/fotsportegyesulet.hu\/#\/schema\/person\/8750ccb3a5183172b75dcc348ffbdbb1\",\"name\":\"F\u00f3t SE\",\"image\":{\"@type\":\"ImageObject\",\"inLanguage\":\"hu\",\"@id\":\"https:\/\/fotsportegyesulet.hu\/#\/schema\/person\/image\/\",\"url\":\"https:\/\/secure.gravatar.com\/avatar\/2f768bb7a490a49aeb2ccaf4bacc94391bbafd4b6aa54eb6f9318ffc80d81dad?s=96&d=mm&r=g\",\"contentUrl\":\"https:\/\/secure.gravatar.com\/avatar\/2f768bb7a490a49aeb2ccaf4bacc94391bbafd4b6aa54eb6f9318ffc80d81dad?s=96&d=mm&r=g\",\"caption\":\"F\u00f3t SE\"},\"sameAs\":[\"http:\/\/fotsportegyesulet.hu\"],\"url\":\"https:\/\/fotsportegyesulet.hu\/index.php\/author\/kapitany-zoltan\/\"}]}<\/script>\n<!-- \/ Yoast SEO plugin. -->","yoast_head_json":{"title":"Interj\u00fa Herjeczki Patr\u00edcia kos\u00e1rlabda edz\u0151vel - F\u00d3T SPORTEGYES\u00dcLET","robots":{"index":"index","follow":"follow","max-snippet":"max-snippet:-1","max-image-preview":"max-image-preview:large","max-video-preview":"max-video-preview:-1"},"canonical":"https:\/\/fotsportegyesulet.hu\/index.php\/2021\/11\/18\/interju-herjeczki-patricia-kosarlabda-edzovel\/","og_locale":"hu_HU","og_type":"article","og_title":"Interj\u00fa Herjeczki Patr\u00edcia kos\u00e1rlabda edz\u0151vel - F\u00d3T SPORTEGYES\u00dcLET","og_description":"Interj\u00fat k\u00e9sz\u00edtett\u00fcnk Herjeczki Patr\u00edcia kos\u00e1rlabda edz\u0151nkkel.","og_url":"https:\/\/fotsportegyesulet.hu\/index.php\/2021\/11\/18\/interju-herjeczki-patricia-kosarlabda-edzovel\/","og_site_name":"F\u00d3T SPORTEGYES\u00dcLET","article_publisher":"https:\/\/www.facebook.com\/fotsportegyesulet\/","article_published_time":"2021-11-18T14:39:57+00:00","article_modified_time":"2021-11-24T15:06:29+00:00","og_image":[{"width":955,"height":456,"url":"https:\/\/fotsportegyesulet.hu\/wp-content\/uploads\/2021\/11\/boritokep-956-455.jpg","type":"image\/jpeg"}],"author":"F\u00f3t SE","twitter_card":"summary_large_image","twitter_misc":{"Szerz\u0151:":"F\u00f3t SE","Becs\u00fclt olvas\u00e1si id\u0151":"2 perc"},"schema":{"@context":"https:\/\/schema.org","@graph":[{"@type":"Article","@id":"https:\/\/fotsportegyesulet.hu\/index.php\/2021\/11\/18\/interju-herjeczki-patricia-kosarlabda-edzovel\/#article","isPartOf":{"@id":"https:\/\/fotsportegyesulet.hu\/index.php\/2021\/11\/18\/interju-herjeczki-patricia-kosarlabda-edzovel\/"},"author":{"name":"F\u00f3t SE","@id":"https:\/\/fotsportegyesulet.hu\/#\/schema\/person\/8750ccb3a5183172b75dcc348ffbdbb1"},"headline":"Interj\u00fa Herjeczki Patr\u00edcia kos\u00e1rlabda edz\u0151vel","datePublished":"2021-11-18T14:39:57+00:00","dateModified":"2021-11-24T15:06:29+00:00","mainEntityOfPage":{"@id":"https:\/\/fotsportegyesulet.hu\/index.php\/2021\/11\/18\/interju-herjeczki-patricia-kosarlabda-edzovel\/"},"wordCount":536,"publisher":{"@id":"https:\/\/fotsportegyesulet.hu\/#organization"},"image":{"@id":"https:\/\/fotsportegyesulet.hu\/index.php\/2021\/11\/18\/interju-herjeczki-patricia-kosarlabda-edzovel\/#primaryimage"},"thumbnailUrl":"https:\/\/fotsportegyesulet.hu\/wp-content\/uploads\/2021\/11\/boritokep-956-455.jpg","articleSection":["H\u00edrek","Kos\u00e1rlabda"],"inLanguage":"hu"},{"@type":"WebPage","@id":"https:\/\/fotsportegyesulet.hu\/index.php\/2021\/11\/18\/interju-herjeczki-patricia-kosarlabda-edzovel\/","url":"https:\/\/fotsportegyesulet.hu\/index.php\/2021\/11\/18\/interju-herjeczki-patricia-kosarlabda-edzovel\/","name":"Interj\u00fa Herjeczki Patr\u00edcia kos\u00e1rlabda edz\u0151vel - F\u00d3T SPORTEGYES\u00dcLET","isPartOf":{"@id":"https:\/\/fotsportegyesulet.hu\/#website"},"primaryImageOfPage":{"@id":"https:\/\/fotsportegyesulet.hu\/index.php\/2021\/11\/18\/interju-herjeczki-patricia-kosarlabda-edzovel\/#primaryimage"},"image":{"@id":"https:\/\/fotsportegyesulet.hu\/index.php\/2021\/11\/18\/interju-herjeczki-patricia-kosarlabda-edzovel\/#primaryimage"},"thumbnailUrl":"https:\/\/fotsportegyesulet.hu\/wp-content\/uploads\/2021\/11\/boritokep-956-455.jpg","datePublished":"2021-11-18T14:39:57+00:00","dateModified":"2021-11-24T15:06:29+00:00","breadcrumb":{"@id":"https:\/\/fotsportegyesulet.hu\/index.php\/2021\/11\/18\/interju-herjeczki-patricia-kosarlabda-edzovel\/#breadcrumb"},"inLanguage":"hu","potentialAction":[{"@type":"ReadAction","target":["https:\/\/fotsportegyesulet.hu\/index.php\/2021\/11\/18\/interju-herjeczki-patricia-kosarlabda-edzovel\/"]}]},{"@type":"ImageObject","inLanguage":"hu","@id":"https:\/\/fotsportegyesulet.hu\/index.php\/2021\/11\/18\/interju-herjeczki-patricia-kosarlabda-edzovel\/#primaryimage","url":"https:\/\/fotsportegyesulet.hu\/wp-content\/uploads\/2021\/11\/boritokep-956-455.jpg","contentUrl":"https:\/\/fotsportegyesulet.hu\/wp-content\/uploads\/2021\/11\/boritokep-956-455.jpg","width":955,"height":456},{"@type":"BreadcrumbList","@id":"https:\/\/fotsportegyesulet.hu\/index.php\/2021\/11\/18\/interju-herjeczki-patricia-kosarlabda-edzovel\/#breadcrumb","itemListElement":[{"@type":"ListItem","position":1,"name":"Kezd\u0151lap","item":"https:\/\/fotsportegyesulet.hu\/"},{"@type":"ListItem","position":2,"name":"Interj\u00fa Herjeczki Patr\u00edcia kos\u00e1rlabda edz\u0151vel"}]},{"@type":"WebSite","@id":"https:\/\/fotsportegyesulet.hu\/#website","url":"https:\/\/fotsportegyesulet.hu\/","name":"F\u00d3T SPORTEGYES\u00dcLET","description":"","publisher":{"@id":"https:\/\/fotsportegyesulet.hu\/#organization"},"potentialAction":[{"@type":"SearchAction","target":{"@type":"EntryPoint","urlTemplate":"https:\/\/fotsportegyesulet.hu\/?s={search_term_string}"},"query-input":{"@type":"PropertyValueSpecification","valueRequired":true,"valueName":"search_term_string"}}],"inLanguage":"hu"},{"@type":"Organization","@id":"https:\/\/fotsportegyesulet.hu\/#organization","name":"F\u00f3t Sportegyes\u00fclet","url":"https:\/\/fotsportegyesulet.hu\/","logo":{"@type":"ImageObject","inLanguage":"hu","@id":"https:\/\/fotsportegyesulet.hu\/#\/schema\/logo\/image\/","url":"https:\/\/fotsportegyesulet.hu\/wp-content\/uploads\/2020\/07\/eredeti-sz\u00ednes-vektoros-Fot-cimer-3.png","contentUrl":"https:\/\/fotsportegyesulet.hu\/wp-content\/uploads\/2020\/07\/eredeti-sz\u00ednes-vektoros-Fot-cimer-3.png","width":500,"height":500,"caption":"F\u00f3t Sportegyes\u00fclet"},"image":{"@id":"https:\/\/fotsportegyesulet.hu\/#\/schema\/logo\/image\/"},"sameAs":["https:\/\/www.facebook.com\/fotsportegyesulet\/"]},{"@type":"Person","@id":"https:\/\/fotsportegyesulet.hu\/#\/schema\/person\/8750ccb3a5183172b75dcc348ffbdbb1","name":"F\u00f3t SE","image":{"@type":"ImageObject","inLanguage":"hu","@id":"https:\/\/fotsportegyesulet.hu\/#\/schema\/person\/image\/","url":"https:\/\/secure.gravatar.com\/avatar\/2f768bb7a490a49aeb2ccaf4bacc94391bbafd4b6aa54eb6f9318ffc80d81dad?s=96&d=mm&r=g","contentUrl":"https:\/\/secure.gravatar.com\/avatar\/2f768bb7a490a49aeb2ccaf4bacc94391bbafd4b6aa54eb6f9318ffc80d81dad?s=96&d=mm&r=g","caption":"F\u00f3t SE"},"sameAs":["http:\/\/fotsportegyesulet.hu"],"url":"https:\/\/fotsportegyesulet.hu\/index.php\/author\/kapitany-zoltan\/"}]}},"_links":{"self":[{"href":"https:\/\/fotsportegyesulet.hu\/index.php\/wp-json\/wp\/v2\/posts\/3061","targetHints":{"allow":["GET"]}}],"collection":[{"href":"https:\/\/fotsportegyesulet.hu\/index.php\/wp-json\/wp\/v2\/posts"}],"about":[{"href":"https:\/\/fotsportegyesulet.hu\/index.php\/wp-json\/wp\/v2\/types\/post"}],"author":[{"embeddable":true,"href":"https:\/\/fotsportegyesulet.hu\/index.php\/wp-json\/wp\/v2\/users\/3"}],"replies":[{"embeddable":true,"href":"https:\/\/fotsportegyesulet.hu\/index.php\/wp-json\/wp\/v2\/comments?post=3061"}],"version-history":[{"count":10,"href":"https:\/\/fotsportegyesulet.hu\/index.php\/wp-json\/wp\/v2\/posts\/3061\/revisions"}],"predecessor-version":[{"id":3078,"href":"https:\/\/fotsportegyesulet.hu\/index.php\/wp-json\/wp\/v2\/posts\/3061\/revisions\/3078"}],"wp:featuredmedia":[{"embeddable":true,"href":"https:\/\/fotsportegyesulet.hu\/index.php\/wp-json\/wp\/v2\/media\/3062"}],"wp:attachment":[{"href":"https:\/\/fotsportegyesulet.hu\/index.php\/wp-json\/wp\/v2\/media?parent=3061"}],"wp:term":[{"taxonomy":"category","embeddable":true,"href":"https:\/\/fotsportegyesulet.hu\/index.php\/wp-json\/wp\/v2\/categories?post=3061"},{"taxonomy":"post_tag","embeddable":true,"href":"https:\/\/fotsportegyesulet.hu\/index.php\/wp-json\/wp\/v2\/tags?post=3061"}],"curies":[{"name":"wp","href":"https:\/\/api.w.org\/{rel}","templated":true}]}}