{"id":3047,"date":"2021-11-14T17:02:33","date_gmt":"2021-11-14T15:02:33","guid":{"rendered":"https:\/\/fotsportegyesulet.hu\/?p=3047"},"modified":"2021-11-14T17:11:17","modified_gmt":"2021-11-14T15:11:17","slug":"fot-se-oregfiuk-a-focibol-sohasem-lehet-kioregedni","status":"publish","type":"post","link":"https:\/\/fotsportegyesulet.hu\/index.php\/2021\/11\/14\/fot-se-oregfiuk-a-focibol-sohasem-lehet-kioregedni\/","title":{"rendered":"F\u00f3t SE \u00d6regfi\u00fak, a focib\u00f3l sohasem lehet ki\u00f6regedni"},"content":{"rendered":"<p><strong>Lehet hogy a fi\u00fak \u201e \u00f6regednek\u201d de a j\u00e1t\u00e9kszeretet, az \u00f6sszetart\u00e1s, a kitart\u00e1s, a bar\u00e1ts\u00e1gok az id\u0151 m\u00fal\u00e1s\u00e1val egyre jobban elm\u00e9ly\u00fclnek.Telnek az \u00e9vek, j\u00f6nnek a gyermekek, csal\u00e1d, munka, m\u00e9gis, akinek a foci fiatal kor\u00e1ban jelentett valamit, \u0151k sosem adj\u00e1k fel, \u00e9s a F\u00d3T SE-n\u00e9l van folytat\u00e1s.<\/strong><\/p>\n<p><strong>Csuka Gergelyt \u00e9s Fon\u00f3di P\u00e1lt interj\u00favoltuk meg ebben a t\u00e9m\u00e1ban. Mindketten akt\u00edvan fociznak, \u00e9s oszlopos tagjai a F\u00d3T SE \u00d6regfi\u00fak csapatainak.<\/strong><\/p>\n<p><strong>Mes\u00e9ljetek, k\u00e9rlek magadatokr\u00f3l n\u00e9h\u00e1ny sz\u00f3ban! Mit lehet tudni r\u00f3latok?<\/strong><\/p>\n<p><strong>Csuka Gergely:<\/strong>1985-ben igazolt le az \u00dajpesti D\u00f3zsa, itt kezdtem el focizni \u00e9s a kezdetekben p\u00e1rhuzamosan j\u00e9gkorongozni is. Az akkori edz\u0151immel hamar be kellett l\u00e1tnunk, hogy egyszerre a k\u00e9t sport\u00e1gat nem lehet \u0171zni, \u00edgy a labdar\u00fag\u00e1s mellett d\u00f6nt\u00f6ttem.Az\u00f3ta is igazolt sportol\u00f3 vagyok, jelenleg a f\u00f3ti \u00f6regfi\u00fak csapat\u00e1t igyekszem er\u0151s\u00edteni.<\/p>\n<p><strong>Fon\u00f3di P\u00e1l:<\/strong> A F\u00f3t Somly\u00f3 edz\u0151je, j\u00e1t\u00e9kosa is vagyok. Nagyon nem tudom, mit mondhatn\u00e9k \u00edgy bevezet\u0151ben\u00a0 magamr\u00f3l. Azt gondolom, aki F\u00f3ton a fociban benne van, \u0151k \u00fagyis ismernek engem \u00e9s \u00e9n is \u0151ket:-). J\u00f3t nem illik, rosszat meg nem mondan\u00e9k magamr\u00f3l. \ud83d\ude42<\/p>\n<p><strong>Milyen szerepet t\u00f6lt be az \u00e9letetekben a labdar\u00fag\u00e1s?<\/strong><\/p>\n<p><strong>Csuka Gergely:<\/strong> Gyerekkorom \u00f3ta jelent\u0151s szerepet t\u00f6lt\u00f6tt be, ami id\u0151nk\u00e9nt sok lemond\u00e1ssal is j\u00e1rt, de nem b\u00e1ntam meg. NB2-ig jutottam, tulajdonk\u00e9ppen a legmagasabb oszt\u00e1lyon k\u00edv\u00fcl mindenhol j\u00e1tszottam, egy \u00e9vet pedig az osztr\u00e1k 3. lig\u00e1ban.Sok mindent adott a foci, ez\u00e9rt is b\u00edztatok mindenkit a sportol\u00e1sra!<\/p>\n<p><strong>Fon\u00f3di P\u00e1l:<\/strong> A foci nagyon fontos r\u00e9sze az \u00e9letemnek. Tal\u00e1n 8 \u00e9ves korom \u00f3ta focizom, kisebb, nagyobb sikerekkel. Sajnos az id\u0151 el\u0151re haladt\u00e1val egyre t\u00f6bb s\u00e9r\u00fcl\u00e9sem volt, \u00edgy igaz\u00e1b\u00f3l ez m\u00e1r csak a sport, foci ir\u00e1nti szeretetet mutatja. Nem mindig p\u00e1rosul j\u00f3 \u00e9lm\u00e9nnyel, itt f\u00e1j, ott f\u00e1j, de azt gondolom, nem kell elmes\u00e9lnem, aki eg\u00e9sz \u00e9let\u00e9ben sportolt, tudja\u00a0 \u00e9rzi ezeket.<\/p>\n<p><strong>Hogy alakul az idei \u00f6regfi\u00fak bajnoks\u00e1g? El\u00e9gedettek vagytok a jelenlegi\u00a0\u00e1ll\u00e1ssal vagy t\u00f6bbet terveztek?<\/strong><\/p>\n<p><strong>Csuka Gergely:<\/strong> A sorsol\u00e1snak k\u00f6sz\u00f6nhet\u0151en j\u00f3l kezdt\u00fcnk, 4 gy\u0151zelemmel. Sajnos a s\u00e9r\u00fcl\u00e9sek miatt megt\u00f6rt a lend\u00fclet\u00fcnk, de \u00f6sszess\u00e9g\u00e9ben el\u00e9gedettek lehet\u00fcnk az idei teljes\u00edtm\u00e9nnyel.<\/p>\n<p><strong>Fon\u00f3di P\u00e1l:<\/strong> El\u00e9gedettek semmif\u00e9lek\u00e9ppen nem lehet\u00fcnk, m\u00e1r csak a tabell\u00e1n elfoglalt hely\u00fcnk miatt sem. Meg azt gondolom, hogy aki sportol, az nem el\u00e9gedhet meg soha, semmilyen pillanatban az \u00e9pp aktu\u00e1lis sikerek ellen\u00e9re sem. De jelen pillanatban nagyon kev\u00e9s a siker. \u00cdgy abszol\u00fate nem vagyunk magunkkal megel\u00e9gedve. Ett\u0151l sokkal t\u00f6bbet szeretn\u00e9nk el\u00e9rni. Persze fejl\u0151d\u00e9s van, kezd a csapat kialakulni, minden \u00e9vben l\u00e1tszik egy kis javul\u00e1s.<\/p>\n<p><strong>Mik a terveitek a j\u00f6v\u0151t tekintve az \u00d6regfi\u00fak csapattal?<\/strong><\/p>\n<p><strong>Csuka Gergely:<\/strong> Minden \u00e9vben egy dobog\u00f3s hely lebeg a szem\u00fcnk el\u0151tt, de a l\u00e9nyeg, hogy j\u00f3l \u00e9rezz\u00fck magunkat a p\u00e1ly\u00e1n.<\/p>\n<p><strong>Fon\u00f3di P\u00e1l:<\/strong> Terveink vannak, \u00f6tleteink lenn\u00e9nek. Igaz\u00e1b\u00f3l j\u00e1t\u00e9kosok kellen\u00e9nek. Tervek, j\u00f3 j\u00e1t\u00e9kosok n\u00e9lk\u00fcl semmit nem \u00e9rnek. Nagyon szeretem ezt a csapatot, j\u00e1t\u00e9kosokat. De t\u00f6bbs\u00e9g\u00e9ben kisp\u00e1ly\u00e1r\u00f3l \u00e9rkeztek ezek a j\u00e1t\u00e9kosok. Hobbi focist\u00e1k, akik szeretnek nagyon focizni, lelkesed\u00e9s\u00fck is megvan. De sajnos teljesen m\u00e1s egy nagyp\u00e1ly\u00e1s bajnoks\u00e1gban focizni, mint kisp\u00e1ly\u00e1n\u00a0, haverokkal \u00f6sszej\u00f6nni \u00e9s j\u00e1tszani. Vannak beidegz\u0151d\u00e9sek, amiket hi\u00e1ba pr\u00f3b\u00e1lok elfeledtetni vel\u00fck, ennyi id\u0151sen nem lehet. Kimondottan olyan j\u00e1t\u00e9kosunk, aki nagyp\u00e1ly\u00e1n j\u00e1tszott \u00e9s m\u00e9g \u00fcgyes is mell\u00e9, nagyon kev\u00e9s\u00a0 van a csapatban.\u00a0 Itt az\u00e9rt m\u00e1r kev\u00e9s, ha valaki lelkes, ide kell valami alapszint\u0171 j\u00e1t\u00e9ktud\u00e1s.<\/p>\n<p><strong>Hogyan k\u00e9sz\u00fclt\u00f6k\u00a0\u00a0a meccsekre?\u00a0<\/strong><strong>Vannak edz\u00e9seitek h\u00e9t k\u00f6zben vagy ink\u00e1bb csak a bajnokikra \u00e1lltok \u00f6ssze?<\/strong><\/p>\n<p><strong>Csuka Gergely:<\/strong> A bajnoks\u00e1gon k\u00edv\u00fcl hetente k\u00e9t alkalommal tartunk \u201eedz\u00e9st\u201d a m\u0171f\u00fcves kisp\u00e1ly\u00e1n, a m\u00e9rk\u0151z\u00e9s mellett pedig m\u00e9g egy alkalommal \u00f6sszej\u00f6v\u00fcnk est\u00e9nk\u00e9nt.<\/p>\n<p><strong>Fon\u00f3di P\u00e1l:<\/strong> K\u00e9sz\u00fclni sajnos nem igen tudunk. Igaz\u00e1b\u00f3l nagyp\u00e1ly\u00e1ra lenne sz\u00fcks\u00e9g\u00fcnk, tal\u00e1n egy k\u00e9t szitu\u00e1ci\u00f3 gyakorl\u00e1s\u00e1ra, kapura l\u00f6v\u00e9sekre. Edz\u00fcnk, focizgatunk. De nem lehet edz\u00e9snek nevezni. Ink\u00e1bb karbantartjuk magunkat valamennyire. Ugyan a l\u00e9tsz\u00e1m 25 f\u0151, akik hozz\u00e1nk tartoznak, de nagyon sok a s\u00e9r\u00fclt\u00fcnk,val\u00f3sz\u00edn\u0171 \u00e9pp az az oka,amit el\u0151bb elmondtam,hogy nincs meg az alapk\u00e9pzetts\u00e9g ,a folyamatos terhel\u00e9s azokra az izmokra ,a v\u00e1z, ami az igazolt,rendszeres focihoz sz\u00fcks\u00e9ges. H\u00e9tf\u0151n m\u00e9rk\u0151z\u00e9s, szerda \u00e9s p\u00e9nteken focizunk, nem nevezn\u00e9m edz\u00e9snek. Sajnos kellenek kieg\u00e9sz\u00edt\u0151 j\u00e1t\u00e9kosok, hogy azok a Somly\u00f3 futballist\u00e1k\u00a0, aki lej\u00e1rnak rendszeresen focizni, tudjanak valakik ellen j\u00e1tszani.<\/p>\n<p><strong>Mire sz\u00e1m\u00edthatnak, akik csatlakozni szeretn\u00e9nek hozz\u00e1tok?<\/strong><\/p>\n<p><strong>Csuka Gergely:<\/strong> Az \u00e9vek folyam\u00e1n egy el\u00e9g j\u00f3 bar\u00e1ti t\u00e1rsas\u00e1g j\u00f6tt \u00f6ssze, a hazai meccsek ut\u00e1n mindig f\u0151z\u00fcnk valamit, az esti edz\u00e9sek is j\u00f3 hangulatban telnek.Hamarosan egy csarnokkal \u00e9s egy nagy m\u0171f\u00fcves p\u00e1ly\u00e1val is b\u0151v\u00fcl a l\u00e9tes\u00edtm\u00e9ny, egysz\u00f3val minden adott a sportol\u00e1shoz.<\/p>\n<p><strong>Fon\u00f3di P\u00e1l:<\/strong> Igaz\u00e1b\u00f3l egy nagyon j\u00f3 k\u00f6z\u00f6ss\u00e9g alakult ki. Voltak nem ideval\u00f3 emberek. A bev\u00e1logat\u00e1sn\u00e1l nem mindig tudtuk ki milyen mentalit\u00e1s\u00fa, de ez id\u0151vel kider\u00fclt. Bizonyos szab\u00e1lyok vannak, egym\u00e1st nem b\u00e1ntj\u00e1k a j\u00e1t\u00e9kosok soha. T\u00f6bbnyire elfogadj\u00e1k, amit k\u00e9rek t\u0151l\u00fck. Neh\u00e9z 34 \u00e9v feletti embereket\u00a0 belehajszolni a gy\u0151zelembe, akik az\u00e9rt valljuk be mind j\u00f3indulat\u00fa, kedves emberek. Hi\u00e1nyzik bel\u0151l\u00fck a csib\u00e9szs\u00e9g, ravaszs\u00e1g vagy akar meccs k\u00f6zben a kem\u00e9nys\u00e9g. Sz\u00f3val ismernek, tudj\u00e1k, milyen vagyok, de azt is tudj\u00e1k, hogy mindig csak arra a 80 percre vagy \u00e9pp az edz\u00e9sid\u0151szakra korl\u00e1toz\u00f3dik a morgol\u00f3d\u00e1som, am\u00edg a p\u00e1ly\u00e1n vagyunk.\u00a0Sz\u00f3val b\u00e1rki, aki szeretne n\u00e1lunk focizni, szeretettel v\u00e1rjuk. Kellenek j\u00f3 j\u00e1t\u00e9kosok, aki nem csak szeretnek focizni, hanem tudnak is. De csak olyan j\u00e1t\u00e9kost szeretn\u00e9nk, aki be tud illeszkedni,akit elfogad a csapat,a\u00a0 t\u00f6bbs\u00e9g. Cser\u00e9be egy nagyon j\u00f3 k\u00f6z\u00f6ss\u00e9gbe ker\u00fclhet, ami el\u0151bb ut\u00f3bb a p\u00e1ly\u00e1n is sikeres lesz.<\/p>\n<p><strong>Mit \u00fczenn\u00e9tek azoknak, akik m\u00e9g hezit\u00e1lnak, hogy csatlakozzanak-e?<\/strong><\/p>\n<p><strong>Csuka Gergely:<\/strong> Ne hezit\u00e1ljanak! Szeretettel v\u00e1runk minden \u00e9rdekl\u0151d\u0151t p\u00e9ntek est\u00e9nk\u00e9nt egy kis focira.<\/p>\n<p><strong>Fon\u00f3di P\u00e1l:<\/strong> J\u00f6jjenek \u00e9s sportoljanak a saj\u00e1t eg\u00e9szs\u00e9g\u00fck \u00e9rdek\u00e9ben. Aki sportolt tudja mi\u00e9rt, aki nem az meg az\u00e9rt, hogy l\u00e1ssa, milyen egy szuper csapatban j\u00e1tszani.<\/p>\n<p><strong>V\u00e1runk minden sportot szeret\u0151 vagy kipr\u00f3b\u00e1lni v\u00e1gy\u00f3 gyermeket, \u00e9s feln\u0151ttet a szakoszt\u00e1lyainkba.<\/strong><\/p>\n<p><strong>El\u00e9rhet\u0151s\u00e9g: Kapit\u00e1ny Zolt\u00e1n +36 20\u00a0932 0655<\/strong><\/p>\n\n\t\t<style type=\"text\/css\">\n\t\t\t#gallery-1 {\n\t\t\t\tmargin: auto;\n\t\t\t}\n\t\t\t#gallery-1 .gallery-item {\n\t\t\t\tfloat: left;\n\t\t\t\tmargin-top: 10px;\n\t\t\t\ttext-align: center;\n\t\t\t\twidth: 33%;\n\t\t\t}\n\t\t\t#gallery-1 img {\n\t\t\t\tborder: 2px solid #cfcfcf;\n\t\t\t}\n\t\t\t#gallery-1 .gallery-caption {\n\t\t\t\tmargin-left: 0;\n\t\t\t}\n\t\t\t\/* see gallery_shortcode() in wp-includes\/media.php *\/\n\t\t<\/style>\n\t\t<div id='gallery-1' class='gallery galleryid-3047 gallery-columns-3 gallery-size-thumbnail'><dl class='gallery-item'>\n\t\t\t<dt class='gallery-icon portrait'>\n\t\t\t\t<a href='https:\/\/fotsportegyesulet.hu\/index.php\/2021\/11\/14\/fot-se-oregfiuk-a-focibol-sohasem-lehet-kioregedni\/unnamed\/'><img loading=\"lazy\" decoding=\"async\" width=\"150\" height=\"150\" src=\"https:\/\/fotsportegyesulet.hu\/wp-content\/uploads\/2021\/11\/unnamed-150x150.jpg\" class=\"attachment-thumbnail size-thumbnail\" alt=\"\" aria-describedby=\"gallery-1-3052\" srcset=\"https:\/\/fotsportegyesulet.hu\/wp-content\/uploads\/2021\/11\/unnamed-150x150.jpg 150w, https:\/\/fotsportegyesulet.hu\/wp-content\/uploads\/2021\/11\/unnamed-600x600.jpg 600w\" sizes=\"auto, (max-width: 150px) 100vw, 150px\" \/><\/a>\n\t\t\t<\/dt>\n\t\t\t\t<dd class='wp-caption-text gallery-caption' id='gallery-1-3052'>\n\t\t\t\tFon\u00f3di P\u00e1l\n\t\t\t\t<\/dd><\/dl><dl class='gallery-item'>\n\t\t\t<dt class='gallery-icon portrait'>\n\t\t\t\t<a href='https:\/\/fotsportegyesulet.hu\/index.php\/2021\/11\/14\/fot-se-oregfiuk-a-focibol-sohasem-lehet-kioregedni\/20211011_175253\/'><img loading=\"lazy\" decoding=\"async\" width=\"150\" height=\"150\" src=\"https:\/\/fotsportegyesulet.hu\/wp-content\/uploads\/2021\/11\/20211011_175253-150x150.jpg\" class=\"attachment-thumbnail size-thumbnail\" alt=\"\" aria-describedby=\"gallery-1-3051\" srcset=\"https:\/\/fotsportegyesulet.hu\/wp-content\/uploads\/2021\/11\/20211011_175253-150x150.jpg 150w, https:\/\/fotsportegyesulet.hu\/wp-content\/uploads\/2021\/11\/20211011_175253-600x600.jpg 600w\" sizes=\"auto, (max-width: 150px) 100vw, 150px\" \/><\/a>\n\t\t\t<\/dt>\n\t\t\t\t<dd class='wp-caption-text gallery-caption' id='gallery-1-3051'>\n\t\t\t\tCsuka Gergely\n\t\t\t\t<\/dd><\/dl>\n\t\t\t<br style='clear: both' \/>\n\t\t<\/div>\n\n","protected":false},"excerpt":{"rendered":"<p>Csuka Gergelyt \u00e9s Fon\u00f3di P\u00e1lt interj\u00favoltuk meg.<\/p>\n","protected":false},"author":3,"featured_media":3058,"comment_status":"closed","ping_status":"open","sticky":false,"template":"","format":"standard","meta":{"_bbp_topic_count":0,"_bbp_reply_count":0,"_bbp_total_topic_count":0,"_bbp_total_reply_count":0,"_bbp_voice_count":0,"_bbp_anonymous_reply_count":0,"_bbp_topic_count_hidden":0,"_bbp_reply_count_hidden":0,"_bbp_forum_subforum_count":0,"_price":"","_stock":"","_tribe_ticket_header":"","_tribe_default_ticket_provider":"","_ticket_start_date":"","_ticket_end_date":"","_tribe_ticket_show_description":"","_tribe_ticket_show_not_going":false,"_tribe_ticket_use_global_stock":"","_tribe_ticket_global_stock_level":"","_global_stock_mode":"","_global_stock_cap":"","_tribe_rsvp_for_event":"","_tribe_ticket_going_count":"","_tribe_ticket_not_going_count":"","_tribe_tickets_list":"[]","_tribe_ticket_has_attendee_info_fields":false,"footnotes":""},"categories":[1,67,70],"tags":[116,89,93],"class_list":["post-3047","post","type-post","status-publish","format-standard","has-post-thumbnail","hentry","category-hirek","category-labdarugas","category-labdarugas_oregfiuk","tag-fotse","tag-labdarugas","tag-oregfiuk"],"yoast_head":"<!-- This site is optimized with the Yoast SEO plugin v25.7 - https:\/\/yoast.com\/wordpress\/plugins\/seo\/ -->\n<title>F\u00f3t SE \u00d6regfi\u00fak, a focib\u00f3l sohasem lehet ki\u00f6regedni - F\u00d3T SPORTEGYES\u00dcLET<\/title>\n<meta name=\"robots\" content=\"index, follow, max-snippet:-1, max-image-preview:large, max-video-preview:-1\" \/>\n<link rel=\"canonical\" href=\"https:\/\/fotsportegyesulet.hu\/index.php\/2021\/11\/14\/fot-se-oregfiuk-a-focibol-sohasem-lehet-kioregedni\/\" \/>\n<meta property=\"og:locale\" content=\"hu_HU\" \/>\n<meta property=\"og:type\" content=\"article\" \/>\n<meta property=\"og:title\" content=\"F\u00f3t SE \u00d6regfi\u00fak, a focib\u00f3l sohasem lehet ki\u00f6regedni - F\u00d3T SPORTEGYES\u00dcLET\" \/>\n<meta property=\"og:description\" content=\"Csuka Gergelyt \u00e9s Fon\u00f3di P\u00e1lt interj\u00favoltuk meg.\" \/>\n<meta property=\"og:url\" content=\"https:\/\/fotsportegyesulet.hu\/index.php\/2021\/11\/14\/fot-se-oregfiuk-a-focibol-sohasem-lehet-kioregedni\/\" \/>\n<meta property=\"og:site_name\" content=\"F\u00d3T SPORTEGYES\u00dcLET\" \/>\n<meta property=\"article:publisher\" content=\"https:\/\/www.facebook.com\/fotsportegyesulet\/\" \/>\n<meta property=\"article:published_time\" content=\"2021-11-14T15:02:33+00:00\" \/>\n<meta property=\"article:modified_time\" content=\"2021-11-14T15:11:17+00:00\" \/>\n<meta property=\"og:image\" content=\"https:\/\/fotsportegyesulet.hu\/wp-content\/uploads\/2021\/11\/labda_jo-meret.jpg\" \/>\n\t<meta property=\"og:image:width\" content=\"955\" \/>\n\t<meta property=\"og:image:height\" content=\"455\" \/>\n\t<meta property=\"og:image:type\" content=\"image\/jpeg\" \/>\n<meta name=\"author\" content=\"F\u00f3t SE\" \/>\n<meta name=\"twitter:card\" content=\"summary_large_image\" \/>\n<meta name=\"twitter:label1\" content=\"Szerz\u0151:\" \/>\n\t<meta name=\"twitter:data1\" content=\"F\u00f3t SE\" \/>\n\t<meta name=\"twitter:label2\" content=\"Becs\u00fclt olvas\u00e1si id\u0151\" \/>\n\t<meta name=\"twitter:data2\" content=\"4 perc\" \/>\n<script type=\"application\/ld+json\" class=\"yoast-schema-graph\">{\"@context\":\"https:\/\/schema.org\",\"@graph\":[{\"@type\":\"Article\",\"@id\":\"https:\/\/fotsportegyesulet.hu\/index.php\/2021\/11\/14\/fot-se-oregfiuk-a-focibol-sohasem-lehet-kioregedni\/#article\",\"isPartOf\":{\"@id\":\"https:\/\/fotsportegyesulet.hu\/index.php\/2021\/11\/14\/fot-se-oregfiuk-a-focibol-sohasem-lehet-kioregedni\/\"},\"author\":{\"name\":\"F\u00f3t SE\",\"@id\":\"https:\/\/fotsportegyesulet.hu\/#\/schema\/person\/8750ccb3a5183172b75dcc348ffbdbb1\"},\"headline\":\"F\u00f3t SE \u00d6regfi\u00fak, a focib\u00f3l sohasem lehet ki\u00f6regedni\",\"datePublished\":\"2021-11-14T15:02:33+00:00\",\"dateModified\":\"2021-11-14T15:11:17+00:00\",\"mainEntityOfPage\":{\"@id\":\"https:\/\/fotsportegyesulet.hu\/index.php\/2021\/11\/14\/fot-se-oregfiuk-a-focibol-sohasem-lehet-kioregedni\/\"},\"wordCount\":1315,\"publisher\":{\"@id\":\"https:\/\/fotsportegyesulet.hu\/#organization\"},\"image\":{\"@id\":\"https:\/\/fotsportegyesulet.hu\/index.php\/2021\/11\/14\/fot-se-oregfiuk-a-focibol-sohasem-lehet-kioregedni\/#primaryimage\"},\"thumbnailUrl\":\"https:\/\/fotsportegyesulet.hu\/wp-content\/uploads\/2021\/11\/labda_jo-meret.jpg\",\"keywords\":[\"F\u00f3tSE\",\"labdar\u00fag\u00e1s\",\"\u00d6regfi\u00fak\"],\"articleSection\":[\"H\u00edrek\",\"Labdar\u00fag\u00e1s\",\"Labdar\u00fag\u00e1s (\u00f6regfi\u00fak)\"],\"inLanguage\":\"hu\"},{\"@type\":\"WebPage\",\"@id\":\"https:\/\/fotsportegyesulet.hu\/index.php\/2021\/11\/14\/fot-se-oregfiuk-a-focibol-sohasem-lehet-kioregedni\/\",\"url\":\"https:\/\/fotsportegyesulet.hu\/index.php\/2021\/11\/14\/fot-se-oregfiuk-a-focibol-sohasem-lehet-kioregedni\/\",\"name\":\"F\u00f3t SE \u00d6regfi\u00fak, a focib\u00f3l sohasem lehet ki\u00f6regedni - F\u00d3T SPORTEGYES\u00dcLET\",\"isPartOf\":{\"@id\":\"https:\/\/fotsportegyesulet.hu\/#website\"},\"primaryImageOfPage\":{\"@id\":\"https:\/\/fotsportegyesulet.hu\/index.php\/2021\/11\/14\/fot-se-oregfiuk-a-focibol-sohasem-lehet-kioregedni\/#primaryimage\"},\"image\":{\"@id\":\"https:\/\/fotsportegyesulet.hu\/index.php\/2021\/11\/14\/fot-se-oregfiuk-a-focibol-sohasem-lehet-kioregedni\/#primaryimage\"},\"thumbnailUrl\":\"https:\/\/fotsportegyesulet.hu\/wp-content\/uploads\/2021\/11\/labda_jo-meret.jpg\",\"datePublished\":\"2021-11-14T15:02:33+00:00\",\"dateModified\":\"2021-11-14T15:11:17+00:00\",\"breadcrumb\":{\"@id\":\"https:\/\/fotsportegyesulet.hu\/index.php\/2021\/11\/14\/fot-se-oregfiuk-a-focibol-sohasem-lehet-kioregedni\/#breadcrumb\"},\"inLanguage\":\"hu\",\"potentialAction\":[{\"@type\":\"ReadAction\",\"target\":[\"https:\/\/fotsportegyesulet.hu\/index.php\/2021\/11\/14\/fot-se-oregfiuk-a-focibol-sohasem-lehet-kioregedni\/\"]}]},{\"@type\":\"ImageObject\",\"inLanguage\":\"hu\",\"@id\":\"https:\/\/fotsportegyesulet.hu\/index.php\/2021\/11\/14\/fot-se-oregfiuk-a-focibol-sohasem-lehet-kioregedni\/#primaryimage\",\"url\":\"https:\/\/fotsportegyesulet.hu\/wp-content\/uploads\/2021\/11\/labda_jo-meret.jpg\",\"contentUrl\":\"https:\/\/fotsportegyesulet.hu\/wp-content\/uploads\/2021\/11\/labda_jo-meret.jpg\",\"width\":955,\"height\":455},{\"@type\":\"BreadcrumbList\",\"@id\":\"https:\/\/fotsportegyesulet.hu\/index.php\/2021\/11\/14\/fot-se-oregfiuk-a-focibol-sohasem-lehet-kioregedni\/#breadcrumb\",\"itemListElement\":[{\"@type\":\"ListItem\",\"position\":1,\"name\":\"Kezd\u0151lap\",\"item\":\"https:\/\/fotsportegyesulet.hu\/\"},{\"@type\":\"ListItem\",\"position\":2,\"name\":\"F\u00f3t SE \u00d6regfi\u00fak, a focib\u00f3l sohasem lehet ki\u00f6regedni\"}]},{\"@type\":\"WebSite\",\"@id\":\"https:\/\/fotsportegyesulet.hu\/#website\",\"url\":\"https:\/\/fotsportegyesulet.hu\/\",\"name\":\"F\u00d3T SPORTEGYES\u00dcLET\",\"description\":\"\",\"publisher\":{\"@id\":\"https:\/\/fotsportegyesulet.hu\/#organization\"},\"potentialAction\":[{\"@type\":\"SearchAction\",\"target\":{\"@type\":\"EntryPoint\",\"urlTemplate\":\"https:\/\/fotsportegyesulet.hu\/?s={search_term_string}\"},\"query-input\":{\"@type\":\"PropertyValueSpecification\",\"valueRequired\":true,\"valueName\":\"search_term_string\"}}],\"inLanguage\":\"hu\"},{\"@type\":\"Organization\",\"@id\":\"https:\/\/fotsportegyesulet.hu\/#organization\",\"name\":\"F\u00f3t Sportegyes\u00fclet\",\"url\":\"https:\/\/fotsportegyesulet.hu\/\",\"logo\":{\"@type\":\"ImageObject\",\"inLanguage\":\"hu\",\"@id\":\"https:\/\/fotsportegyesulet.hu\/#\/schema\/logo\/image\/\",\"url\":\"https:\/\/fotsportegyesulet.hu\/wp-content\/uploads\/2020\/07\/eredeti-sz\u00ednes-vektoros-Fot-cimer-3.png\",\"contentUrl\":\"https:\/\/fotsportegyesulet.hu\/wp-content\/uploads\/2020\/07\/eredeti-sz\u00ednes-vektoros-Fot-cimer-3.png\",\"width\":500,\"height\":500,\"caption\":\"F\u00f3t Sportegyes\u00fclet\"},\"image\":{\"@id\":\"https:\/\/fotsportegyesulet.hu\/#\/schema\/logo\/image\/\"},\"sameAs\":[\"https:\/\/www.facebook.com\/fotsportegyesulet\/\"]},{\"@type\":\"Person\",\"@id\":\"https:\/\/fotsportegyesulet.hu\/#\/schema\/person\/8750ccb3a5183172b75dcc348ffbdbb1\",\"name\":\"F\u00f3t SE\",\"image\":{\"@type\":\"ImageObject\",\"inLanguage\":\"hu\",\"@id\":\"https:\/\/fotsportegyesulet.hu\/#\/schema\/person\/image\/\",\"url\":\"https:\/\/secure.gravatar.com\/avatar\/2f768bb7a490a49aeb2ccaf4bacc94391bbafd4b6aa54eb6f9318ffc80d81dad?s=96&d=mm&r=g\",\"contentUrl\":\"https:\/\/secure.gravatar.com\/avatar\/2f768bb7a490a49aeb2ccaf4bacc94391bbafd4b6aa54eb6f9318ffc80d81dad?s=96&d=mm&r=g\",\"caption\":\"F\u00f3t SE\"},\"sameAs\":[\"http:\/\/fotsportegyesulet.hu\"],\"url\":\"https:\/\/fotsportegyesulet.hu\/index.php\/author\/kapitany-zoltan\/\"}]}<\/script>\n<!-- \/ Yoast SEO plugin. -->","yoast_head_json":{"title":"F\u00f3t SE \u00d6regfi\u00fak, a focib\u00f3l sohasem lehet ki\u00f6regedni - F\u00d3T SPORTEGYES\u00dcLET","robots":{"index":"index","follow":"follow","max-snippet":"max-snippet:-1","max-image-preview":"max-image-preview:large","max-video-preview":"max-video-preview:-1"},"canonical":"https:\/\/fotsportegyesulet.hu\/index.php\/2021\/11\/14\/fot-se-oregfiuk-a-focibol-sohasem-lehet-kioregedni\/","og_locale":"hu_HU","og_type":"article","og_title":"F\u00f3t SE \u00d6regfi\u00fak, a focib\u00f3l sohasem lehet ki\u00f6regedni - F\u00d3T SPORTEGYES\u00dcLET","og_description":"Csuka Gergelyt \u00e9s Fon\u00f3di P\u00e1lt interj\u00favoltuk meg.","og_url":"https:\/\/fotsportegyesulet.hu\/index.php\/2021\/11\/14\/fot-se-oregfiuk-a-focibol-sohasem-lehet-kioregedni\/","og_site_name":"F\u00d3T SPORTEGYES\u00dcLET","article_publisher":"https:\/\/www.facebook.com\/fotsportegyesulet\/","article_published_time":"2021-11-14T15:02:33+00:00","article_modified_time":"2021-11-14T15:11:17+00:00","og_image":[{"width":955,"height":455,"url":"https:\/\/fotsportegyesulet.hu\/wp-content\/uploads\/2021\/11\/labda_jo-meret.jpg","type":"image\/jpeg"}],"author":"F\u00f3t SE","twitter_card":"summary_large_image","twitter_misc":{"Szerz\u0151:":"F\u00f3t SE","Becs\u00fclt olvas\u00e1si id\u0151":"4 perc"},"schema":{"@context":"https:\/\/schema.org","@graph":[{"@type":"Article","@id":"https:\/\/fotsportegyesulet.hu\/index.php\/2021\/11\/14\/fot-se-oregfiuk-a-focibol-sohasem-lehet-kioregedni\/#article","isPartOf":{"@id":"https:\/\/fotsportegyesulet.hu\/index.php\/2021\/11\/14\/fot-se-oregfiuk-a-focibol-sohasem-lehet-kioregedni\/"},"author":{"name":"F\u00f3t SE","@id":"https:\/\/fotsportegyesulet.hu\/#\/schema\/person\/8750ccb3a5183172b75dcc348ffbdbb1"},"headline":"F\u00f3t SE \u00d6regfi\u00fak, a focib\u00f3l sohasem lehet ki\u00f6regedni","datePublished":"2021-11-14T15:02:33+00:00","dateModified":"2021-11-14T15:11:17+00:00","mainEntityOfPage":{"@id":"https:\/\/fotsportegyesulet.hu\/index.php\/2021\/11\/14\/fot-se-oregfiuk-a-focibol-sohasem-lehet-kioregedni\/"},"wordCount":1315,"publisher":{"@id":"https:\/\/fotsportegyesulet.hu\/#organization"},"image":{"@id":"https:\/\/fotsportegyesulet.hu\/index.php\/2021\/11\/14\/fot-se-oregfiuk-a-focibol-sohasem-lehet-kioregedni\/#primaryimage"},"thumbnailUrl":"https:\/\/fotsportegyesulet.hu\/wp-content\/uploads\/2021\/11\/labda_jo-meret.jpg","keywords":["F\u00f3tSE","labdar\u00fag\u00e1s","\u00d6regfi\u00fak"],"articleSection":["H\u00edrek","Labdar\u00fag\u00e1s","Labdar\u00fag\u00e1s (\u00f6regfi\u00fak)"],"inLanguage":"hu"},{"@type":"WebPage","@id":"https:\/\/fotsportegyesulet.hu\/index.php\/2021\/11\/14\/fot-se-oregfiuk-a-focibol-sohasem-lehet-kioregedni\/","url":"https:\/\/fotsportegyesulet.hu\/index.php\/2021\/11\/14\/fot-se-oregfiuk-a-focibol-sohasem-lehet-kioregedni\/","name":"F\u00f3t SE \u00d6regfi\u00fak, a focib\u00f3l sohasem lehet ki\u00f6regedni - F\u00d3T SPORTEGYES\u00dcLET","isPartOf":{"@id":"https:\/\/fotsportegyesulet.hu\/#website"},"primaryImageOfPage":{"@id":"https:\/\/fotsportegyesulet.hu\/index.php\/2021\/11\/14\/fot-se-oregfiuk-a-focibol-sohasem-lehet-kioregedni\/#primaryimage"},"image":{"@id":"https:\/\/fotsportegyesulet.hu\/index.php\/2021\/11\/14\/fot-se-oregfiuk-a-focibol-sohasem-lehet-kioregedni\/#primaryimage"},"thumbnailUrl":"https:\/\/fotsportegyesulet.hu\/wp-content\/uploads\/2021\/11\/labda_jo-meret.jpg","datePublished":"2021-11-14T15:02:33+00:00","dateModified":"2021-11-14T15:11:17+00:00","breadcrumb":{"@id":"https:\/\/fotsportegyesulet.hu\/index.php\/2021\/11\/14\/fot-se-oregfiuk-a-focibol-sohasem-lehet-kioregedni\/#breadcrumb"},"inLanguage":"hu","potentialAction":[{"@type":"ReadAction","target":["https:\/\/fotsportegyesulet.hu\/index.php\/2021\/11\/14\/fot-se-oregfiuk-a-focibol-sohasem-lehet-kioregedni\/"]}]},{"@type":"ImageObject","inLanguage":"hu","@id":"https:\/\/fotsportegyesulet.hu\/index.php\/2021\/11\/14\/fot-se-oregfiuk-a-focibol-sohasem-lehet-kioregedni\/#primaryimage","url":"https:\/\/fotsportegyesulet.hu\/wp-content\/uploads\/2021\/11\/labda_jo-meret.jpg","contentUrl":"https:\/\/fotsportegyesulet.hu\/wp-content\/uploads\/2021\/11\/labda_jo-meret.jpg","width":955,"height":455},{"@type":"BreadcrumbList","@id":"https:\/\/fotsportegyesulet.hu\/index.php\/2021\/11\/14\/fot-se-oregfiuk-a-focibol-sohasem-lehet-kioregedni\/#breadcrumb","itemListElement":[{"@type":"ListItem","position":1,"name":"Kezd\u0151lap","item":"https:\/\/fotsportegyesulet.hu\/"},{"@type":"ListItem","position":2,"name":"F\u00f3t SE \u00d6regfi\u00fak, a focib\u00f3l sohasem lehet ki\u00f6regedni"}]},{"@type":"WebSite","@id":"https:\/\/fotsportegyesulet.hu\/#website","url":"https:\/\/fotsportegyesulet.hu\/","name":"F\u00d3T SPORTEGYES\u00dcLET","description":"","publisher":{"@id":"https:\/\/fotsportegyesulet.hu\/#organization"},"potentialAction":[{"@type":"SearchAction","target":{"@type":"EntryPoint","urlTemplate":"https:\/\/fotsportegyesulet.hu\/?s={search_term_string}"},"query-input":{"@type":"PropertyValueSpecification","valueRequired":true,"valueName":"search_term_string"}}],"inLanguage":"hu"},{"@type":"Organization","@id":"https:\/\/fotsportegyesulet.hu\/#organization","name":"F\u00f3t Sportegyes\u00fclet","url":"https:\/\/fotsportegyesulet.hu\/","logo":{"@type":"ImageObject","inLanguage":"hu","@id":"https:\/\/fotsportegyesulet.hu\/#\/schema\/logo\/image\/","url":"https:\/\/fotsportegyesulet.hu\/wp-content\/uploads\/2020\/07\/eredeti-sz\u00ednes-vektoros-Fot-cimer-3.png","contentUrl":"https:\/\/fotsportegyesulet.hu\/wp-content\/uploads\/2020\/07\/eredeti-sz\u00ednes-vektoros-Fot-cimer-3.png","width":500,"height":500,"caption":"F\u00f3t Sportegyes\u00fclet"},"image":{"@id":"https:\/\/fotsportegyesulet.hu\/#\/schema\/logo\/image\/"},"sameAs":["https:\/\/www.facebook.com\/fotsportegyesulet\/"]},{"@type":"Person","@id":"https:\/\/fotsportegyesulet.hu\/#\/schema\/person\/8750ccb3a5183172b75dcc348ffbdbb1","name":"F\u00f3t SE","image":{"@type":"ImageObject","inLanguage":"hu","@id":"https:\/\/fotsportegyesulet.hu\/#\/schema\/person\/image\/","url":"https:\/\/secure.gravatar.com\/avatar\/2f768bb7a490a49aeb2ccaf4bacc94391bbafd4b6aa54eb6f9318ffc80d81dad?s=96&d=mm&r=g","contentUrl":"https:\/\/secure.gravatar.com\/avatar\/2f768bb7a490a49aeb2ccaf4bacc94391bbafd4b6aa54eb6f9318ffc80d81dad?s=96&d=mm&r=g","caption":"F\u00f3t SE"},"sameAs":["http:\/\/fotsportegyesulet.hu"],"url":"https:\/\/fotsportegyesulet.hu\/index.php\/author\/kapitany-zoltan\/"}]}},"_links":{"self":[{"href":"https:\/\/fotsportegyesulet.hu\/index.php\/wp-json\/wp\/v2\/posts\/3047","targetHints":{"allow":["GET"]}}],"collection":[{"href":"https:\/\/fotsportegyesulet.hu\/index.php\/wp-json\/wp\/v2\/posts"}],"about":[{"href":"https:\/\/fotsportegyesulet.hu\/index.php\/wp-json\/wp\/v2\/types\/post"}],"author":[{"embeddable":true,"href":"https:\/\/fotsportegyesulet.hu\/index.php\/wp-json\/wp\/v2\/users\/3"}],"replies":[{"embeddable":true,"href":"https:\/\/fotsportegyesulet.hu\/index.php\/wp-json\/wp\/v2\/comments?post=3047"}],"version-history":[{"count":6,"href":"https:\/\/fotsportegyesulet.hu\/index.php\/wp-json\/wp\/v2\/posts\/3047\/revisions"}],"predecessor-version":[{"id":3060,"href":"https:\/\/fotsportegyesulet.hu\/index.php\/wp-json\/wp\/v2\/posts\/3047\/revisions\/3060"}],"wp:featuredmedia":[{"embeddable":true,"href":"https:\/\/fotsportegyesulet.hu\/index.php\/wp-json\/wp\/v2\/media\/3058"}],"wp:attachment":[{"href":"https:\/\/fotsportegyesulet.hu\/index.php\/wp-json\/wp\/v2\/media?parent=3047"}],"wp:term":[{"taxonomy":"category","embeddable":true,"href":"https:\/\/fotsportegyesulet.hu\/index.php\/wp-json\/wp\/v2\/categories?post=3047"},{"taxonomy":"post_tag","embeddable":true,"href":"https:\/\/fotsportegyesulet.hu\/index.php\/wp-json\/wp\/v2\/tags?post=3047"}],"curies":[{"name":"wp","href":"https:\/\/api.w.org\/{rel}","templated":true}]}}