{"id":3004,"date":"2021-11-02T12:45:18","date_gmt":"2021-11-02T10:45:18","guid":{"rendered":"https:\/\/fotsportegyesulet.hu\/?p=3004"},"modified":"2021-11-02T13:03:30","modified_gmt":"2021-11-02T11:03:30","slug":"ujabb-kivalo-eredmenyek-a-wado-kai-orszagos-bajnoksagon","status":"publish","type":"post","link":"https:\/\/fotsportegyesulet.hu\/index.php\/2021\/11\/02\/ujabb-kivalo-eredmenyek-a-wado-kai-orszagos-bajnoksagon\/","title":{"rendered":"A Wado- Kai Orsz\u00e1gos Karate Bajnoks\u00e1g eredm\u00e9nyei"},"content":{"rendered":"<p>T\u00f6bb, mint m\u00e1sf\u00e9l \u00e9v sz\u00fcnet ut\u00e1n okt\u00f3ber 16.-\u00e1n szombaton volt a h\u00e1zigazd\u00e1ja a Magyar Wado-Kai Karate Sz\u00f6vets\u00e9g a Wado-Kai Orsz\u00e1gos Bajnoks\u00e1gnak, amely az UTE Megyeri \u00fati judo term\u00e9ben zajlott le. A kor\u00e1bbi id\u0151szak j\u00e1rv\u00e1ny\u00fcgyi helyzete miatt sok sportol\u00f3nak nem volt lehet\u0151s\u00e9ge akt\u00edvan edzeni, ennek ellen\u00e9re viszonylag nagy l\u00e9tsz\u00e1mban jelentkeztek a megm\u00e9rettet\u00e9sre: 13 klub 212 versenyz\u0151je \u00f6sszesen 342 nevez\u00e9st adott le. A szok\u00e1sos egy\u00e9ni \u00e9s csapat versenysz\u00e1mok mellett lehet\u0151s\u00e9g volt a kezd\u0151 vagy a halad\u00f3 csoportba nevezni. Az esem\u00e9ny 10 \u00f3rakor vette kezdet\u00e9t, a feln\u0151tt \u00e9s a veter\u00e1n sportol\u00f3k versenysz\u00e1maival, majd \u0151ket k\u00f6vett\u00e9k 13 \u00f3r\u00e1t\u00f3l az U14-es \u00e9s U12-es gyermekek. A megnyit\u00f3 \u00fcnneps\u00e9gen k\u00f6sz\u00f6nt\u00f6tt\u00e9k H\u00e1rspataki G\u00e1bort a toki\u00f3i olimpia III. helyezettj\u00e9t, aki annak idej\u00e9n ezen a helysz\u00ednen kezdett kis karat\u00e9k\u00e1b\u00f3l nagy versenyz\u0151v\u00e9 v\u00e1lni. G\u00e1bor az eg\u00e9sz napj\u00e1t a versenyen t\u00f6lt\u00f6tte mint b\u00edr\u00f3, \u00a0a sz\u00fcnetekben sz\u00edvesen besz\u00e9lgetett \u00e9s fot\u00f3zkodott a megjelent sportol\u00f3kkal, illetve hozz\u00e1tartoz\u00f3ikkal.<\/p>\n<p>A Nihon \u00dajpalotai Sportegyes\u00fclet 15 sportol\u00f3t ind\u00edtott a versenyen, akik k\u00f6z\u00fcl n\u00e9gyen a F\u00d3T. S.E.-t k\u00e9pviselt\u00e9k. Versenyz\u0151ink 10 arany, 6 ez\u00fcst, 5 bronz\u00e9rmet \u00e9s h\u00e1rman IV. helyet szereztek. Ezzel az eredm\u00e9nnyel az \u00e9remt\u00e1bl\u00e1zat II. hely\u00e9re ker\u00fclt\u00fcnk, amely \u00fajra nagy meglepet\u00e9s volt sz\u00e1munkra, hiszen a klubok t\u00f6bbs\u00e9ge nagyobb l\u00e9tsz\u00e1mokkal indult. A F\u00d3T S.E. sportol\u00f3inak eredm\u00e9nyei:<\/p>\n<p><strong>Angler D\u00f6n\u00edz (Szent \u00c1goston Kereszt\u00e9ny \u00c1ltal\u00e1nos iskola \u00e9s Gimn\u00e1zium 9\/A.)<\/strong><br \/>\n<strong>kadet n\u0151i k\u00fczdelem II. hely<\/strong><br \/>\n<strong>Barta Bodza (Garay J\u00e1nos \u00c1ltal\u00e1nos Iskola 6\/C.)<\/strong><br \/>\n<strong>12-13 \u00e9ves l\u00e1ny k\u00fczdelem II. hely<\/strong><br \/>\n<strong>Ernyes Anna (Garay J\u00e1nos \u00c1ltal\u00e1nos Iskola 6\/C.)<\/strong><br \/>\n<strong>10-11 \u00e9ves l\u00e1ny formagyakorlat IV. hely, 10-11 \u00e9ves l\u00e1ny k\u00fczdelem II. hely<\/strong><br \/>\n<strong>Oppenauer Botond (F\u00e1y Andr\u00e1s \u00c1ltal\u00e1nos Iskola 8\/A.)<\/strong><br \/>\n<strong>kadet f\u00e9rfi k\u00fczdelem II. hely, f\u00e9rfi csapat k\u00fczdelem I. hely<\/strong><\/p>\n<p>Az egyes\u00fcletr\u0151l annak, aki karat\u00e9zni szeretne: Az egyes\u00fclet 1999 \u00f3ta m\u0171k\u00f6dik, sz\u00e9khelye Budapesten a XV. ker\u00fcletben van. 4 edz\u0151vel gondoskodunk az ut\u00e1np\u00f3tl\u00e1s oktat\u00e1s\u00e1r\u00f3l \u00e9s a versenyz\u0151k felk\u00e9sz\u00edt\u00e9s\u00e9r\u0151l. Jelenleg minden nap tartunk edz\u00e9seket \u00f6sszesen 7 helysz\u00ednen, ebb\u0151l F\u00f3ton az al\u00e1bbi iskol\u00e1kban: F\u00e1y Andr\u00e1s \u00c1ltal\u00e1nos Iskola: H\u00e9tf\u0151 19:00 &#8211; 20:30, Szerda 15:00 &#8211; 16:30. Garay J\u00e1nos \u00c1ltal\u00e1nos Iskola: Szerda 17:30 &#8211; 19:00 \u00e9s P\u00e9ntek 16:00 &#8211; 17:30<br \/>\nTov\u00e1bbi inform\u00e1ci\u00f3k\u00e9rt keress\u00e9k fel az egyes\u00fclet honlapj\u00e1t:\u00a0<a href=\"http:\/\/www.nihon-hungary.eu\/\">www.nihon-hungary.eu<\/a><br \/>\nHa az egyes\u00fclet programjait szeretn\u00e9 megismerni k\u00e9rem keresse fel az egyes\u00fclet Facebook oldal\u00e1t:\u00a0<a href=\"https:\/\/www.facebook.com\/nihonujpalotai.sportegyesulet.50\">https:\/\/www.facebook.com\/nihonujpalotai.sportegyesulet.50<\/a><br \/>\n<a href=\"https:\/\/www.facebook.com\/Nihon-USE-20-%C3%A9vesek-vagyunk-105445182954096\">https:\/\/www.facebook.com\/Nihon-USE-20-%C3%A9vesek-vagyunk-105445182954096<\/a><br \/>\nHa t\u00e1j\u00e9koztat\u00e1st szeretne kapni az egyes\u00fclett\u0151l k\u00e9rem k\u00e9rje a felv\u00e9tel\u00e9t a csoportba:<br \/>\n<a href=\"https:\/\/www.facebook.com\/groups\/143619519028894\">https:\/\/www.facebook.com\/groups\/143619519028894<\/a><\/p>\n<p>El\u00e9rhet\u0151s\u00e9geink:<br \/>\nSz\u00e9cs\u00e9nyi Attila Zsolt S.E. Eln\u00f6k 06209816038<br \/>\nBajerle T\u00edmea S.E. Titk\u00e1r 06203887893<br \/>\nE-mail:\u00a0<a href=\"mailto:nihonuse@t-online.hu\">nihonuse@t-online.hu<\/a><\/p>\n\n\t\t<style type=\"text\/css\">\n\t\t\t#gallery-1 {\n\t\t\t\tmargin: auto;\n\t\t\t}\n\t\t\t#gallery-1 .gallery-item {\n\t\t\t\tfloat: left;\n\t\t\t\tmargin-top: 10px;\n\t\t\t\ttext-align: center;\n\t\t\t\twidth: 33%;\n\t\t\t}\n\t\t\t#gallery-1 img {\n\t\t\t\tborder: 2px solid #cfcfcf;\n\t\t\t}\n\t\t\t#gallery-1 .gallery-caption {\n\t\t\t\tmargin-left: 0;\n\t\t\t}\n\t\t\t\/* see gallery_shortcode() in wp-includes\/media.php *\/\n\t\t<\/style>\n\t\t<div id='gallery-1' class='gallery galleryid-3004 gallery-columns-3 gallery-size-thumbnail'><dl class='gallery-item'>\n\t\t\t<dt class='gallery-icon landscape'>\n\t\t\t\t<a href='https:\/\/fotsportegyesulet.hu\/index.php\/2021\/11\/02\/ujabb-kivalo-eredmenyek-a-wado-kai-orszagos-bajnoksagon\/956-455\/'><img loading=\"lazy\" decoding=\"async\" width=\"150\" height=\"150\" src=\"https:\/\/fotsportegyesulet.hu\/wp-content\/uploads\/2021\/11\/956-455-150x150.jpg\" class=\"attachment-thumbnail size-thumbnail\" alt=\"\" \/><\/a>\n\t\t\t<\/dt><\/dl><dl class='gallery-item'>\n\t\t\t<dt class='gallery-icon portrait'>\n\t\t\t\t<a href='https:\/\/fotsportegyesulet.hu\/index.php\/2021\/11\/02\/ujabb-kivalo-eredmenyek-a-wado-kai-orszagos-bajnoksagon\/hp-1\/'><img loading=\"lazy\" decoding=\"async\" width=\"150\" height=\"150\" src=\"https:\/\/fotsportegyesulet.hu\/wp-content\/uploads\/2021\/11\/hp-1-150x150.jpg\" class=\"attachment-thumbnail size-thumbnail\" alt=\"\" srcset=\"https:\/\/fotsportegyesulet.hu\/wp-content\/uploads\/2021\/11\/hp-1-150x150.jpg 150w, https:\/\/fotsportegyesulet.hu\/wp-content\/uploads\/2021\/11\/hp-1-600x600.jpg 600w\" sizes=\"auto, (max-width: 150px) 100vw, 150px\" \/><\/a>\n\t\t\t<\/dt><\/dl><dl class='gallery-item'>\n\t\t\t<dt class='gallery-icon landscape'>\n\t\t\t\t<a href='https:\/\/fotsportegyesulet.hu\/index.php\/2021\/11\/02\/ujabb-kivalo-eredmenyek-a-wado-kai-orszagos-bajnoksagon\/hp-2\/'><img loading=\"lazy\" decoding=\"async\" width=\"150\" height=\"150\" src=\"https:\/\/fotsportegyesulet.hu\/wp-content\/uploads\/2021\/11\/hp-2-150x150.jpg\" class=\"attachment-thumbnail size-thumbnail\" alt=\"\" srcset=\"https:\/\/fotsportegyesulet.hu\/wp-content\/uploads\/2021\/11\/hp-2-150x150.jpg 150w, https:\/\/fotsportegyesulet.hu\/wp-content\/uploads\/2021\/11\/hp-2-600x600.jpg 600w\" sizes=\"auto, (max-width: 150px) 100vw, 150px\" \/><\/a>\n\t\t\t<\/dt><\/dl><br style=\"clear: both\" \/><dl class='gallery-item'>\n\t\t\t<dt class='gallery-icon portrait'>\n\t\t\t\t<a href='https:\/\/fotsportegyesulet.hu\/index.php\/2021\/11\/02\/ujabb-kivalo-eredmenyek-a-wado-kai-orszagos-bajnoksagon\/hp-3\/'><img loading=\"lazy\" decoding=\"async\" width=\"150\" height=\"150\" src=\"https:\/\/fotsportegyesulet.hu\/wp-content\/uploads\/2021\/11\/hp-3-150x150.jpg\" class=\"attachment-thumbnail size-thumbnail\" alt=\"\" srcset=\"https:\/\/fotsportegyesulet.hu\/wp-content\/uploads\/2021\/11\/hp-3-150x150.jpg 150w, https:\/\/fotsportegyesulet.hu\/wp-content\/uploads\/2021\/11\/hp-3-600x600.jpg 600w\" sizes=\"auto, (max-width: 150px) 100vw, 150px\" \/><\/a>\n\t\t\t<\/dt><\/dl>\n\t\t\t<br style='clear: both' \/>\n\t\t<\/div>\n\n","protected":false},"excerpt":{"rendered":"<p>Karat\u00e9saink ism\u00e9t kiv\u00e1l\u00f3 sikereket \u00e9rtek el<\/p>\n","protected":false},"author":3,"featured_media":3005,"comment_status":"closed","ping_status":"open","sticky":false,"template":"","format":"standard","meta":{"_bbp_topic_count":0,"_bbp_reply_count":0,"_bbp_total_topic_count":0,"_bbp_total_reply_count":0,"_bbp_voice_count":0,"_bbp_anonymous_reply_count":0,"_bbp_topic_count_hidden":0,"_bbp_reply_count_hidden":0,"_bbp_forum_subforum_count":0,"_price":"","_stock":"","_tribe_ticket_header":"","_tribe_default_ticket_provider":"","_ticket_start_date":"","_ticket_end_date":"","_tribe_ticket_show_description":"","_tribe_ticket_show_not_going":false,"_tribe_ticket_use_global_stock":"","_tribe_ticket_global_stock_level":"","_global_stock_mode":"","_global_stock_cap":"","_tribe_rsvp_for_event":"","_tribe_ticket_going_count":"","_tribe_ticket_not_going_count":"","_tribe_tickets_list":"[]","_tribe_ticket_has_attendee_info_fields":false,"footnotes":""},"categories":[1,115],"tags":[],"class_list":["post-3004","post","type-post","status-publish","format-standard","has-post-thumbnail","hentry","category-hirek","category-karate"],"yoast_head":"<!-- This site is optimized with the Yoast SEO plugin v25.7 - https:\/\/yoast.com\/wordpress\/plugins\/seo\/ -->\n<title>A Wado- Kai Orsz\u00e1gos Karate Bajnoks\u00e1g eredm\u00e9nyei - F\u00d3T SPORTEGYES\u00dcLET<\/title>\n<meta name=\"robots\" content=\"index, follow, max-snippet:-1, max-image-preview:large, max-video-preview:-1\" \/>\n<link rel=\"canonical\" href=\"https:\/\/fotsportegyesulet.hu\/index.php\/2021\/11\/02\/ujabb-kivalo-eredmenyek-a-wado-kai-orszagos-bajnoksagon\/\" \/>\n<meta property=\"og:locale\" content=\"hu_HU\" \/>\n<meta property=\"og:type\" content=\"article\" \/>\n<meta property=\"og:title\" content=\"A Wado- Kai Orsz\u00e1gos Karate Bajnoks\u00e1g eredm\u00e9nyei - F\u00d3T SPORTEGYES\u00dcLET\" \/>\n<meta property=\"og:description\" content=\"Karat\u00e9saink ism\u00e9t kiv\u00e1l\u00f3 sikereket \u00e9rtek el\" \/>\n<meta property=\"og:url\" content=\"https:\/\/fotsportegyesulet.hu\/index.php\/2021\/11\/02\/ujabb-kivalo-eredmenyek-a-wado-kai-orszagos-bajnoksagon\/\" \/>\n<meta property=\"og:site_name\" content=\"F\u00d3T SPORTEGYES\u00dcLET\" \/>\n<meta property=\"article:publisher\" content=\"https:\/\/www.facebook.com\/fotsportegyesulet\/\" \/>\n<meta property=\"article:published_time\" content=\"2021-11-02T10:45:18+00:00\" \/>\n<meta property=\"article:modified_time\" content=\"2021-11-02T11:03:30+00:00\" \/>\n<meta property=\"og:image\" content=\"https:\/\/fotsportegyesulet.hu\/wp-content\/uploads\/2021\/11\/956-455.jpg\" \/>\n\t<meta property=\"og:image:width\" content=\"956\" \/>\n\t<meta property=\"og:image:height\" content=\"455\" \/>\n\t<meta property=\"og:image:type\" content=\"image\/jpeg\" \/>\n<meta name=\"author\" content=\"F\u00f3t SE\" \/>\n<meta name=\"twitter:card\" content=\"summary_large_image\" \/>\n<meta name=\"twitter:label1\" content=\"Szerz\u0151:\" \/>\n\t<meta name=\"twitter:data1\" content=\"F\u00f3t SE\" \/>\n\t<meta name=\"twitter:label2\" content=\"Becs\u00fclt olvas\u00e1si id\u0151\" \/>\n\t<meta name=\"twitter:data2\" content=\"2 perc\" \/>\n<script type=\"application\/ld+json\" class=\"yoast-schema-graph\">{\"@context\":\"https:\/\/schema.org\",\"@graph\":[{\"@type\":\"Article\",\"@id\":\"https:\/\/fotsportegyesulet.hu\/index.php\/2021\/11\/02\/ujabb-kivalo-eredmenyek-a-wado-kai-orszagos-bajnoksagon\/#article\",\"isPartOf\":{\"@id\":\"https:\/\/fotsportegyesulet.hu\/index.php\/2021\/11\/02\/ujabb-kivalo-eredmenyek-a-wado-kai-orszagos-bajnoksagon\/\"},\"author\":{\"name\":\"F\u00f3t SE\",\"@id\":\"https:\/\/fotsportegyesulet.hu\/#\/schema\/person\/8750ccb3a5183172b75dcc348ffbdbb1\"},\"headline\":\"A Wado- Kai Orsz\u00e1gos Karate Bajnoks\u00e1g eredm\u00e9nyei\",\"datePublished\":\"2021-11-02T10:45:18+00:00\",\"dateModified\":\"2021-11-02T11:03:30+00:00\",\"mainEntityOfPage\":{\"@id\":\"https:\/\/fotsportegyesulet.hu\/index.php\/2021\/11\/02\/ujabb-kivalo-eredmenyek-a-wado-kai-orszagos-bajnoksagon\/\"},\"wordCount\":580,\"publisher\":{\"@id\":\"https:\/\/fotsportegyesulet.hu\/#organization\"},\"image\":{\"@id\":\"https:\/\/fotsportegyesulet.hu\/index.php\/2021\/11\/02\/ujabb-kivalo-eredmenyek-a-wado-kai-orszagos-bajnoksagon\/#primaryimage\"},\"thumbnailUrl\":\"https:\/\/fotsportegyesulet.hu\/wp-content\/uploads\/2021\/11\/956-455.jpg\",\"articleSection\":[\"H\u00edrek\",\"Karate\"],\"inLanguage\":\"hu\"},{\"@type\":\"WebPage\",\"@id\":\"https:\/\/fotsportegyesulet.hu\/index.php\/2021\/11\/02\/ujabb-kivalo-eredmenyek-a-wado-kai-orszagos-bajnoksagon\/\",\"url\":\"https:\/\/fotsportegyesulet.hu\/index.php\/2021\/11\/02\/ujabb-kivalo-eredmenyek-a-wado-kai-orszagos-bajnoksagon\/\",\"name\":\"A Wado- Kai Orsz\u00e1gos Karate Bajnoks\u00e1g eredm\u00e9nyei - F\u00d3T SPORTEGYES\u00dcLET\",\"isPartOf\":{\"@id\":\"https:\/\/fotsportegyesulet.hu\/#website\"},\"primaryImageOfPage\":{\"@id\":\"https:\/\/fotsportegyesulet.hu\/index.php\/2021\/11\/02\/ujabb-kivalo-eredmenyek-a-wado-kai-orszagos-bajnoksagon\/#primaryimage\"},\"image\":{\"@id\":\"https:\/\/fotsportegyesulet.hu\/index.php\/2021\/11\/02\/ujabb-kivalo-eredmenyek-a-wado-kai-orszagos-bajnoksagon\/#primaryimage\"},\"thumbnailUrl\":\"https:\/\/fotsportegyesulet.hu\/wp-content\/uploads\/2021\/11\/956-455.jpg\",\"datePublished\":\"2021-11-02T10:45:18+00:00\",\"dateModified\":\"2021-11-02T11:03:30+00:00\",\"breadcrumb\":{\"@id\":\"https:\/\/fotsportegyesulet.hu\/index.php\/2021\/11\/02\/ujabb-kivalo-eredmenyek-a-wado-kai-orszagos-bajnoksagon\/#breadcrumb\"},\"inLanguage\":\"hu\",\"potentialAction\":[{\"@type\":\"ReadAction\",\"target\":[\"https:\/\/fotsportegyesulet.hu\/index.php\/2021\/11\/02\/ujabb-kivalo-eredmenyek-a-wado-kai-orszagos-bajnoksagon\/\"]}]},{\"@type\":\"ImageObject\",\"inLanguage\":\"hu\",\"@id\":\"https:\/\/fotsportegyesulet.hu\/index.php\/2021\/11\/02\/ujabb-kivalo-eredmenyek-a-wado-kai-orszagos-bajnoksagon\/#primaryimage\",\"url\":\"https:\/\/fotsportegyesulet.hu\/wp-content\/uploads\/2021\/11\/956-455.jpg\",\"contentUrl\":\"https:\/\/fotsportegyesulet.hu\/wp-content\/uploads\/2021\/11\/956-455.jpg\",\"width\":956,\"height\":455},{\"@type\":\"BreadcrumbList\",\"@id\":\"https:\/\/fotsportegyesulet.hu\/index.php\/2021\/11\/02\/ujabb-kivalo-eredmenyek-a-wado-kai-orszagos-bajnoksagon\/#breadcrumb\",\"itemListElement\":[{\"@type\":\"ListItem\",\"position\":1,\"name\":\"Kezd\u0151lap\",\"item\":\"https:\/\/fotsportegyesulet.hu\/\"},{\"@type\":\"ListItem\",\"position\":2,\"name\":\"A Wado- Kai Orsz\u00e1gos Karate Bajnoks\u00e1g eredm\u00e9nyei\"}]},{\"@type\":\"WebSite\",\"@id\":\"https:\/\/fotsportegyesulet.hu\/#website\",\"url\":\"https:\/\/fotsportegyesulet.hu\/\",\"name\":\"F\u00d3T SPORTEGYES\u00dcLET\",\"description\":\"\",\"publisher\":{\"@id\":\"https:\/\/fotsportegyesulet.hu\/#organization\"},\"potentialAction\":[{\"@type\":\"SearchAction\",\"target\":{\"@type\":\"EntryPoint\",\"urlTemplate\":\"https:\/\/fotsportegyesulet.hu\/?s={search_term_string}\"},\"query-input\":{\"@type\":\"PropertyValueSpecification\",\"valueRequired\":true,\"valueName\":\"search_term_string\"}}],\"inLanguage\":\"hu\"},{\"@type\":\"Organization\",\"@id\":\"https:\/\/fotsportegyesulet.hu\/#organization\",\"name\":\"F\u00f3t Sportegyes\u00fclet\",\"url\":\"https:\/\/fotsportegyesulet.hu\/\",\"logo\":{\"@type\":\"ImageObject\",\"inLanguage\":\"hu\",\"@id\":\"https:\/\/fotsportegyesulet.hu\/#\/schema\/logo\/image\/\",\"url\":\"https:\/\/fotsportegyesulet.hu\/wp-content\/uploads\/2020\/07\/eredeti-sz\u00ednes-vektoros-Fot-cimer-3.png\",\"contentUrl\":\"https:\/\/fotsportegyesulet.hu\/wp-content\/uploads\/2020\/07\/eredeti-sz\u00ednes-vektoros-Fot-cimer-3.png\",\"width\":500,\"height\":500,\"caption\":\"F\u00f3t Sportegyes\u00fclet\"},\"image\":{\"@id\":\"https:\/\/fotsportegyesulet.hu\/#\/schema\/logo\/image\/\"},\"sameAs\":[\"https:\/\/www.facebook.com\/fotsportegyesulet\/\"]},{\"@type\":\"Person\",\"@id\":\"https:\/\/fotsportegyesulet.hu\/#\/schema\/person\/8750ccb3a5183172b75dcc348ffbdbb1\",\"name\":\"F\u00f3t SE\",\"image\":{\"@type\":\"ImageObject\",\"inLanguage\":\"hu\",\"@id\":\"https:\/\/fotsportegyesulet.hu\/#\/schema\/person\/image\/\",\"url\":\"https:\/\/secure.gravatar.com\/avatar\/2f768bb7a490a49aeb2ccaf4bacc94391bbafd4b6aa54eb6f9318ffc80d81dad?s=96&d=mm&r=g\",\"contentUrl\":\"https:\/\/secure.gravatar.com\/avatar\/2f768bb7a490a49aeb2ccaf4bacc94391bbafd4b6aa54eb6f9318ffc80d81dad?s=96&d=mm&r=g\",\"caption\":\"F\u00f3t SE\"},\"sameAs\":[\"http:\/\/fotsportegyesulet.hu\"],\"url\":\"https:\/\/fotsportegyesulet.hu\/index.php\/author\/kapitany-zoltan\/\"}]}<\/script>\n<!-- \/ Yoast SEO plugin. -->","yoast_head_json":{"title":"A Wado- Kai Orsz\u00e1gos Karate Bajnoks\u00e1g eredm\u00e9nyei - F\u00d3T SPORTEGYES\u00dcLET","robots":{"index":"index","follow":"follow","max-snippet":"max-snippet:-1","max-image-preview":"max-image-preview:large","max-video-preview":"max-video-preview:-1"},"canonical":"https:\/\/fotsportegyesulet.hu\/index.php\/2021\/11\/02\/ujabb-kivalo-eredmenyek-a-wado-kai-orszagos-bajnoksagon\/","og_locale":"hu_HU","og_type":"article","og_title":"A Wado- Kai Orsz\u00e1gos Karate Bajnoks\u00e1g eredm\u00e9nyei - F\u00d3T SPORTEGYES\u00dcLET","og_description":"Karat\u00e9saink ism\u00e9t kiv\u00e1l\u00f3 sikereket \u00e9rtek el","og_url":"https:\/\/fotsportegyesulet.hu\/index.php\/2021\/11\/02\/ujabb-kivalo-eredmenyek-a-wado-kai-orszagos-bajnoksagon\/","og_site_name":"F\u00d3T SPORTEGYES\u00dcLET","article_publisher":"https:\/\/www.facebook.com\/fotsportegyesulet\/","article_published_time":"2021-11-02T10:45:18+00:00","article_modified_time":"2021-11-02T11:03:30+00:00","og_image":[{"width":956,"height":455,"url":"https:\/\/fotsportegyesulet.hu\/wp-content\/uploads\/2021\/11\/956-455.jpg","type":"image\/jpeg"}],"author":"F\u00f3t SE","twitter_card":"summary_large_image","twitter_misc":{"Szerz\u0151:":"F\u00f3t SE","Becs\u00fclt olvas\u00e1si id\u0151":"2 perc"},"schema":{"@context":"https:\/\/schema.org","@graph":[{"@type":"Article","@id":"https:\/\/fotsportegyesulet.hu\/index.php\/2021\/11\/02\/ujabb-kivalo-eredmenyek-a-wado-kai-orszagos-bajnoksagon\/#article","isPartOf":{"@id":"https:\/\/fotsportegyesulet.hu\/index.php\/2021\/11\/02\/ujabb-kivalo-eredmenyek-a-wado-kai-orszagos-bajnoksagon\/"},"author":{"name":"F\u00f3t SE","@id":"https:\/\/fotsportegyesulet.hu\/#\/schema\/person\/8750ccb3a5183172b75dcc348ffbdbb1"},"headline":"A Wado- Kai Orsz\u00e1gos Karate Bajnoks\u00e1g eredm\u00e9nyei","datePublished":"2021-11-02T10:45:18+00:00","dateModified":"2021-11-02T11:03:30+00:00","mainEntityOfPage":{"@id":"https:\/\/fotsportegyesulet.hu\/index.php\/2021\/11\/02\/ujabb-kivalo-eredmenyek-a-wado-kai-orszagos-bajnoksagon\/"},"wordCount":580,"publisher":{"@id":"https:\/\/fotsportegyesulet.hu\/#organization"},"image":{"@id":"https:\/\/fotsportegyesulet.hu\/index.php\/2021\/11\/02\/ujabb-kivalo-eredmenyek-a-wado-kai-orszagos-bajnoksagon\/#primaryimage"},"thumbnailUrl":"https:\/\/fotsportegyesulet.hu\/wp-content\/uploads\/2021\/11\/956-455.jpg","articleSection":["H\u00edrek","Karate"],"inLanguage":"hu"},{"@type":"WebPage","@id":"https:\/\/fotsportegyesulet.hu\/index.php\/2021\/11\/02\/ujabb-kivalo-eredmenyek-a-wado-kai-orszagos-bajnoksagon\/","url":"https:\/\/fotsportegyesulet.hu\/index.php\/2021\/11\/02\/ujabb-kivalo-eredmenyek-a-wado-kai-orszagos-bajnoksagon\/","name":"A Wado- Kai Orsz\u00e1gos Karate Bajnoks\u00e1g eredm\u00e9nyei - F\u00d3T SPORTEGYES\u00dcLET","isPartOf":{"@id":"https:\/\/fotsportegyesulet.hu\/#website"},"primaryImageOfPage":{"@id":"https:\/\/fotsportegyesulet.hu\/index.php\/2021\/11\/02\/ujabb-kivalo-eredmenyek-a-wado-kai-orszagos-bajnoksagon\/#primaryimage"},"image":{"@id":"https:\/\/fotsportegyesulet.hu\/index.php\/2021\/11\/02\/ujabb-kivalo-eredmenyek-a-wado-kai-orszagos-bajnoksagon\/#primaryimage"},"thumbnailUrl":"https:\/\/fotsportegyesulet.hu\/wp-content\/uploads\/2021\/11\/956-455.jpg","datePublished":"2021-11-02T10:45:18+00:00","dateModified":"2021-11-02T11:03:30+00:00","breadcrumb":{"@id":"https:\/\/fotsportegyesulet.hu\/index.php\/2021\/11\/02\/ujabb-kivalo-eredmenyek-a-wado-kai-orszagos-bajnoksagon\/#breadcrumb"},"inLanguage":"hu","potentialAction":[{"@type":"ReadAction","target":["https:\/\/fotsportegyesulet.hu\/index.php\/2021\/11\/02\/ujabb-kivalo-eredmenyek-a-wado-kai-orszagos-bajnoksagon\/"]}]},{"@type":"ImageObject","inLanguage":"hu","@id":"https:\/\/fotsportegyesulet.hu\/index.php\/2021\/11\/02\/ujabb-kivalo-eredmenyek-a-wado-kai-orszagos-bajnoksagon\/#primaryimage","url":"https:\/\/fotsportegyesulet.hu\/wp-content\/uploads\/2021\/11\/956-455.jpg","contentUrl":"https:\/\/fotsportegyesulet.hu\/wp-content\/uploads\/2021\/11\/956-455.jpg","width":956,"height":455},{"@type":"BreadcrumbList","@id":"https:\/\/fotsportegyesulet.hu\/index.php\/2021\/11\/02\/ujabb-kivalo-eredmenyek-a-wado-kai-orszagos-bajnoksagon\/#breadcrumb","itemListElement":[{"@type":"ListItem","position":1,"name":"Kezd\u0151lap","item":"https:\/\/fotsportegyesulet.hu\/"},{"@type":"ListItem","position":2,"name":"A Wado- Kai Orsz\u00e1gos Karate Bajnoks\u00e1g eredm\u00e9nyei"}]},{"@type":"WebSite","@id":"https:\/\/fotsportegyesulet.hu\/#website","url":"https:\/\/fotsportegyesulet.hu\/","name":"F\u00d3T SPORTEGYES\u00dcLET","description":"","publisher":{"@id":"https:\/\/fotsportegyesulet.hu\/#organization"},"potentialAction":[{"@type":"SearchAction","target":{"@type":"EntryPoint","urlTemplate":"https:\/\/fotsportegyesulet.hu\/?s={search_term_string}"},"query-input":{"@type":"PropertyValueSpecification","valueRequired":true,"valueName":"search_term_string"}}],"inLanguage":"hu"},{"@type":"Organization","@id":"https:\/\/fotsportegyesulet.hu\/#organization","name":"F\u00f3t Sportegyes\u00fclet","url":"https:\/\/fotsportegyesulet.hu\/","logo":{"@type":"ImageObject","inLanguage":"hu","@id":"https:\/\/fotsportegyesulet.hu\/#\/schema\/logo\/image\/","url":"https:\/\/fotsportegyesulet.hu\/wp-content\/uploads\/2020\/07\/eredeti-sz\u00ednes-vektoros-Fot-cimer-3.png","contentUrl":"https:\/\/fotsportegyesulet.hu\/wp-content\/uploads\/2020\/07\/eredeti-sz\u00ednes-vektoros-Fot-cimer-3.png","width":500,"height":500,"caption":"F\u00f3t Sportegyes\u00fclet"},"image":{"@id":"https:\/\/fotsportegyesulet.hu\/#\/schema\/logo\/image\/"},"sameAs":["https:\/\/www.facebook.com\/fotsportegyesulet\/"]},{"@type":"Person","@id":"https:\/\/fotsportegyesulet.hu\/#\/schema\/person\/8750ccb3a5183172b75dcc348ffbdbb1","name":"F\u00f3t SE","image":{"@type":"ImageObject","inLanguage":"hu","@id":"https:\/\/fotsportegyesulet.hu\/#\/schema\/person\/image\/","url":"https:\/\/secure.gravatar.com\/avatar\/2f768bb7a490a49aeb2ccaf4bacc94391bbafd4b6aa54eb6f9318ffc80d81dad?s=96&d=mm&r=g","contentUrl":"https:\/\/secure.gravatar.com\/avatar\/2f768bb7a490a49aeb2ccaf4bacc94391bbafd4b6aa54eb6f9318ffc80d81dad?s=96&d=mm&r=g","caption":"F\u00f3t SE"},"sameAs":["http:\/\/fotsportegyesulet.hu"],"url":"https:\/\/fotsportegyesulet.hu\/index.php\/author\/kapitany-zoltan\/"}]}},"_links":{"self":[{"href":"https:\/\/fotsportegyesulet.hu\/index.php\/wp-json\/wp\/v2\/posts\/3004","targetHints":{"allow":["GET"]}}],"collection":[{"href":"https:\/\/fotsportegyesulet.hu\/index.php\/wp-json\/wp\/v2\/posts"}],"about":[{"href":"https:\/\/fotsportegyesulet.hu\/index.php\/wp-json\/wp\/v2\/types\/post"}],"author":[{"embeddable":true,"href":"https:\/\/fotsportegyesulet.hu\/index.php\/wp-json\/wp\/v2\/users\/3"}],"replies":[{"embeddable":true,"href":"https:\/\/fotsportegyesulet.hu\/index.php\/wp-json\/wp\/v2\/comments?post=3004"}],"version-history":[{"count":6,"href":"https:\/\/fotsportegyesulet.hu\/index.php\/wp-json\/wp\/v2\/posts\/3004\/revisions"}],"predecessor-version":[{"id":3013,"href":"https:\/\/fotsportegyesulet.hu\/index.php\/wp-json\/wp\/v2\/posts\/3004\/revisions\/3013"}],"wp:featuredmedia":[{"embeddable":true,"href":"https:\/\/fotsportegyesulet.hu\/index.php\/wp-json\/wp\/v2\/media\/3005"}],"wp:attachment":[{"href":"https:\/\/fotsportegyesulet.hu\/index.php\/wp-json\/wp\/v2\/media?parent=3004"}],"wp:term":[{"taxonomy":"category","embeddable":true,"href":"https:\/\/fotsportegyesulet.hu\/index.php\/wp-json\/wp\/v2\/categories?post=3004"},{"taxonomy":"post_tag","embeddable":true,"href":"https:\/\/fotsportegyesulet.hu\/index.php\/wp-json\/wp\/v2\/tags?post=3004"}],"curies":[{"name":"wp","href":"https:\/\/api.w.org\/{rel}","templated":true}]}}