{"id":2955,"date":"2021-10-08T08:04:17","date_gmt":"2021-10-08T06:04:17","guid":{"rendered":"https:\/\/fotsportegyesulet.hu\/?p=2955"},"modified":"2021-11-11T12:57:18","modified_gmt":"2021-11-11T10:57:18","slug":"interju-katona-mateval-es-ket-tehetseges-tanitvanyaval","status":"publish","type":"post","link":"https:\/\/fotsportegyesulet.hu\/index.php\/2021\/10\/08\/interju-katona-mateval-es-ket-tehetseges-tanitvanyaval\/","title":{"rendered":"Interj\u00fa Katona M\u00e1t\u00e9val, \u00e9s k\u00e9t tehets\u00e9ges tan\u00edtv\u00e1ny\u00e1val"},"content":{"rendered":"<p>Katona M\u00e1t\u00e9val az U11-es csapat edz\u0151j\u00e9vel k\u00e9sz\u00edtett\u00fcnk interj\u00fat, aki id\u00e9n csatlakozott egyes\u00fclet\u00fcnkh\u00f6z, \u00e9s k\u00e9t tehets\u00e9ges tan\u00edtv\u00e1ny\u00e1val.<\/p>\n<p>Mes\u00e9lj k\u00e9rlek magadr\u00f3l n\u00e9h\u00e1ny sz\u00f3ban! Mit lehet tudni r\u00f3lad?<br \/>\n6 \u00e9ves koromban kezdtem el focizni az \u00dajpestben, ahol 10\u00e9vet t\u00f6lt\u00f6ttem. Onnan a Vasasba vezetett az \u00fat, ahol egy \u00e9vvel k\u00e9s\u0151bb m\u00e1r az NB1-es feln\u0151tt csapat tagjak\u00e9nt profi labdar\u00fag\u00f3 lettem. 2011-ben 21 \u00e9vesen m\u00e1r csapatkapit\u00e1nyk\u00e9nt vezettem ki a csapatot az AS ROMA elleni centen\u00e1riumi m\u00e9rk\u0151z\u00e9sre, amire nagyon b\u00fcszke vagyok.<\/p>\n<p>Hol v\u00e9gezted a tanulm\u00e1nyaidat? Mikor d\u00f6nt\u00f6tt\u00e9l \u00fagy, hogy labdar\u00fag\u00f3 edz\u0151 szeretn\u00e9l lenni?<br \/>\nAz edz\u0151sk\u00f6d\u00e9s mindig \u00e9rdekelt, \u00edgy amikor befejeztem a profi karrierem, el is kezdtem. Budapesten v\u00e9geztem el a C, illetve az UEFA B, edz\u0151i k\u00e9pes\u00edt\u00e9st.<\/p>\n<p>Milyen szerepet t\u00f6lt be az \u00e9letedben a labdar\u00fag\u00e1s? Hogyan v\u00e1lt sz\u00e1modra a labdar\u00fag\u00e1s hivat\u00e1ss\u00e1?<br \/>\nAz eg\u00e9sz \u00e9letemet meghat\u00e1rozza gyerekkorom \u00f3ta. Amikor elkezdtem 6 \u00e9vesen, mint mindenki abban a korban, term\u00e9szetesen \u00e9n is focista szerettem volna lenni. Szerencs\u00e9snek mondhatom magam, hogy siker\u00fclt.<\/p>\n<p>Milyen eredm\u00e9nyeket \u00e9rt\u00e9l el?<br \/>\nAz els\u0151 oszt\u00e1lyban j\u00e1tszottam a Vasas, illetve a Szombathelyi Halad\u00e1s sz\u00edneiben ez id\u0151 alatt sok nemzetk\u00f6zi meccset j\u00e1tszottam bele\u00e9rtve a v\u00e1logatott meccseket is. A leg\u00e9rt\u00e9kesebb sz\u00e1momra a m\u00e1r eml\u00edtett Vasas &#8211; AS Roma meccs volt, ahol igazi szt\u00e1rok ellen j\u00e1tszhattam \u00e9s kapit\u00e1nyk\u00e9nt kezet foghattam Francesco Tottival\u2026 Hihetetlen volt!<\/p>\n<p>Milyen koroszt\u00e1ly sz\u00e1m\u00e1ra tartasz edz\u00e9seket?<br \/>\nAz U11-es csapat edz\u0151je vagyok.<\/p>\n<p>Jelenleg h\u00e1ny gyerekkel dolgoztok egy\u00fctt?<br \/>\nJelenleg alakul a keret, az els\u0151 edz\u00e9sen 6-an voltunk, m\u00e1r 18an vagyunk.<\/p>\n<p>Hogyan zajlik egy \u00e1ltalad vezetett edz\u00e9s?<br \/>\nMinden edz\u00e9s fel van \u00e9p\u00edtve, egyszer\u0171t\u0151l az \u00f6sszetettebb feladatokig. Az edz\u00e9s minden alkalommal egym\u00e1sk\u00f6zti j\u00e1t\u00e9kkal \u201cmeccsel\u201d z\u00e1rul, ahol a gyerekek igazi meccshangulatot teremtenek egym\u00e1s k\u00f6zt, mindent beleadnak\u2026\u00d6r\u00f6m n\u00e9zni<\/p>\n<p>Vannak olyan sportesem\u00e9nyek ebben a szezonban, amelyen szeretn\u00e9tek r\u00e9szt venni?<br \/>\nTerm\u00e9szetesen a gyerekek versenyk\u00f6r\u00fclm\u00e9nyek k\u00f6z\u00f6tt is, meg tudj\u00e1k mutatni magukat, ez\u00e9rt is nevezt\u00fck be a csapatot a Bozsik fesztiv\u00e1lokra.<\/p>\n<p>Milyen hossz\u00fat\u00e1v\u00fa terveitek vannak a csapatoddal?<br \/>\nA csapat nagyr\u00e9sze, nemr\u00e9g kezdte a labdar\u00fag\u00e1st, teh\u00e1t az alapokr\u00f3l indulunk \u00e9s folyamatosan tanulunk, gyakorlunk, fejl\u0151d\u00fcnk.<\/p>\n<p>Hogyan k\u00e9sz\u00fclt\u00f6k fel a meccsekre?<br \/>\nA gyerekeknek az edz\u00e9sen olyan gyakorlatokat kell megoldani, ami m\u00e9rk\u0151z\u00e9sen is el\u0151fordulhat, \u00edgy az \u00e9les helyzetekben kev\u00e9sb\u00e9 \u00e9rheti \u0151ket meglepet\u00e9s.<\/p>\n<p>Mire sz\u00e1m\u00edthatnak, akik csatlakozni szeretn\u00e9nek hozz\u00e1tok?<br \/>\nMosolyg\u00f3s arcokat szeretek l\u00e1tni a focist\u00e1imn\u00e0l, de a figyelmet \u00e9s fegyelmet megk\u00f6vetelem. Teh\u00e1t, ha j\u00f3kedvvel \u00e9s koncentr\u00e1ltan j\u00f6nnek edz\u00e9sre, akkor biztos a fejl\u0151d\u00e9s.<\/p>\n<p>Milyen alapvet\u0151 felszerel\u00e9sekre van sz\u00fcks\u00e9ge azoknak, akik a labdar\u00fag\u00e1ssal szeretn\u00e9nek foglalkozni?<br \/>\nN\u00e1lunk minden felszerel\u00e9s adott, a gyerekeknek csak sportruh\u00e1zatot \u00e9s egy focicip\u0151t kell hozni.<\/p>\n<p>Mit \u00fczenn\u00e9l azoknak, akik m\u00e9g hezit\u00e1lnak, hogy elkezdj\u00e9k- e a labdar\u00fag\u00e1st?<br \/>\nMindenkit szeretettel v\u00e1runk, j\u00f6jjenek \u00e9s pr\u00f3b\u00e1lj\u00e1k ki!<\/p>\n<p>Interj\u00fankat Kor\u00f3di Benedekkel \u00e9s Fekete \u00c1kossal folytatjuk<\/p>\n<p><img loading=\"lazy\" decoding=\"async\" class=\"alignnone size-thumbnail wp-image-2960\" src=\"https:\/\/fotsportegyesulet.hu\/wp-content\/uploads\/2021\/10\/244181841_4311494405572685_1866706790575525780_n-150x150.jpg\" alt=\"\" width=\"150\" height=\"150\" \/><\/p>\n<p>Kor\u00f3di Benedek U11<\/p>\n<p>Mi\u00f3ta sportolsz a F\u00f3t SE labdar\u00fag\u00e1s szakoszt\u00e1ly\u00e1ban?<br \/>\n2020 \u0151sz\u00e9t\u00e9l kezdtem el az egyes\u00fcletben focizni.<\/p>\n<p>Mit szeretsz legjobban az edz\u00e9seken?<br \/>\nAmikor meccset j\u00e1tszunk \u00e9s a kapura l\u00f6v\u00e9seket.<\/p>\n<p>Hogyan \u00e9rt\u00e9keled az edz\u00e9smunk\u00e1t?<br \/>\nNagyon szeretem csin\u00e1lni, ha lehetne mindennap menn\u00e9k.<\/p>\n<p>Ki az edz\u0151d? Hogyan \u00e9rt\u00e9keled az edz\u0151d munk\u00e1j\u00e1t?<br \/>\nKatona M\u00e1t\u00e9 b\u00e1csi az edz\u0151nk. Biztos neh\u00e9z vel\u00fcnk, de szerintem nagyon j\u00f3l csin\u00e1lja.<\/p>\n<p>Melyik iskol\u00e1ba j\u00e1rsz? Hogyan f\u00e9r \u00f6ssze a tanul\u00e1s a sporttal?<br \/>\nSzent \u00c1goston \u00c1ltal\u00e1nos Iskola \u00e9s Gimn\u00e1zium. Napk\u00f6ziben mindig meg\u00edrom a h\u00e1zifeladatot \u00e9s ha kell, edz\u00e9s ut\u00e1n m\u00e9g otthon tanulok.<\/p>\n<p>Mi a kedvenc id\u0151t\u00f6lt\u00e9sed?<br \/>\nA fociz\u00e1s.<\/p>\n<p>Szokt\u00e1l-e az edz\u00e9seken k\u00edv\u00fcl is gyakorolni?<br \/>\nH\u00e1t persze.<\/p>\n<p>Milyen felszerel\u00e9snek, l\u00e9tes\u00edtm\u00e9nynek \u00f6r\u00fcln\u00e9l a legjobban?<br \/>\nNagyon v\u00e1rom, hogy az \u00faj p\u00e1lya elk\u00e9sz\u00fclj\u00f6n \u00e9s szeretn\u00e9k nagyobb p\u00e1ly\u00e1n j\u00e1tszani.<\/p>\n<p>Van-e testv\u00e9red? \u0150 is sportol?<br \/>\nEgy h\u00fagom, de \u0151 m\u00e9g nem d\u00f6nt\u00f6tte el mit szeretne csin\u00e1lni, \u00e9s egy n\u0151v\u00e9rem, aki atletiz\u00e1l az FSE-ben.<\/p>\n<p>Ki a kedvenc sportol\u00f3d, p\u00e9ldak\u00e9ped?<br \/>\nA kedvencem Messi, aki p\u00e9ldak\u00e9p is, ahogy a nagypap\u00e1m is, aki NB1-es focista volt.<\/p>\n<p>Szerinted mi a legfontosabb felt\u00e9tel, hogy sikeres sportol\u00f3 lehess?<br \/>\nSok gyakorl\u00e1s \u00e9s a tanul\u00e1s is, mert csak akkor focizhatok, ha j\u00f3k a jegyeim.<\/p>\n<p>A F\u00f3t sportegyes\u00fclet tudna-e t\u00f6bbet tenni az\u00e9rt, hogy megval\u00f3s\u00edtsd a terveid?<br \/>\nSzeretn\u00e9k min\u00e9l t\u00f6bb torn\u00e1ra eljutni.<\/p>\n<p>Mikor \u00e9s kinek k\u00f6sz\u00f6nhet\u0151en ker\u00fclt\u00e9l kapcsolatba a F\u00f3t SE egyes\u00fclettel?<br \/>\nHat \u00e9ves korom \u00f3ta judoztam, de mivel, amikor csak lehetett ink\u00e1bb fociztam a sz\u00fcleim megengedt\u00e9k, hogy kipr\u00f3b\u00e1ljam a focit is. Nagyon megtetszett, \u00e9s d\u00f6nteni kellett ez\u00e9rt a focit v\u00e1lasztottam.<\/p>\n<p>Mit v\u00e1rsz saj\u00e1t magadt\u00f3l ebben a szezonban?<br \/>\nHogy sokat fejl\u0151djek a mostani magamhoz k\u00e9pest.<\/p>\n<p><img loading=\"lazy\" decoding=\"async\" class=\"alignnone size-thumbnail wp-image-2963\" src=\"https:\/\/fotsportegyesulet.hu\/wp-content\/uploads\/2021\/10\/243405881_292007959135406_8985756386955537417_n-1-150x150.jpg\" alt=\"\" width=\"150\" height=\"150\" \/><\/p>\n<p>Fekete \u00c1kos U11<\/p>\n<p>Mi\u00f3ta sportolsz a F\u00f3t SE labdar\u00fag\u00e1s szakoszt\u00e1ly\u00e1ban?<br \/>\nId\u00e9n szeptember \u00f3ta.<\/p>\n<p>Mit szeretsz legjobban az edz\u00e9seken?<br \/>\nAz edz\u00e9s v\u00e9g\u00e9n l\u00e9v\u0151 meccset.<\/p>\n<p>Hogyan \u00e9rt\u00e9keled az edz\u00e9smunk\u00e1t?<br \/>\nNagyon j\u00f3.<\/p>\n<p>Ki az edz\u0151d? Hogyan \u00e9rt\u00e9keled az edz\u0151d munk\u00e1j\u00e1t?<br \/>\nKatona M\u00e1t\u00e9, a vil\u00e1g legjobb edz\u0151je!<\/p>\n<p>Melyik iskol\u00e1ba j\u00e1rsz? Hogyan f\u00e9r \u00f6ssze a tanul\u00e1s a sporttal?<br \/>\nA F\u00f3ti Garay J\u00e1nos \u00c1ltal\u00e1nos Iskol\u00e1ba. Viszonylag k\u00f6nnyen \u00f6ssze tudom egyeztetni.<\/p>\n<p>Mi a kedvenc id\u0151t\u00f6lt\u00e9sed?<br \/>\nFoci!<\/p>\n<p>Szokt\u00e1l-e az edz\u00e9seken k\u00edv\u00fcl is gyakorolni?<br \/>\nIgen, az iskol\u00e1ban.<\/p>\n<p>Milyen felszerel\u00e9snek, l\u00e9tes\u00edtm\u00e9nynek \u00f6r\u00fcln\u00e9l a legjobban?<br \/>\nEgy \u00faj focicip\u0151nek.<\/p>\n<p>Van-e testv\u00e9red? \u0150 is sportol?<br \/>\nIgen, van, 16 \u00e9ves l\u00e1ny, aki BVSC-ben focizik.<\/p>\n<p>Ki a kedvenc sportol\u00f3d, p\u00e9ldak\u00e9ped?<br \/>\nC. Ronaldo.<\/p>\n<p>Szerinted mi a legfontosabb felt\u00e9tel, hogy sikeres sportol\u00f3 lehess?<br \/>\nA kem\u00e9ny edz\u00e9s.<\/p>\n<p>A F\u00f3t sportegyes\u00fclet tudna-e t\u00f6bbet tenni az\u00e9rt, hogy megval\u00f3s\u00edtsd a terveid?<br \/>\nNem, nekem ez pont el\u00e9g.<\/p>\n<p>Mikor \u00e9s kinek k\u00f6sz\u00f6nhet\u0151en ker\u00fclt\u00e9l kapcsolatba a F\u00f3t SE egyes\u00fclettel?<br \/>\nAz egyik bar\u00e1tom is itt edz, \u0151 aj\u00e1nlotta nekem, hogy j\u00e1rjak ide.<\/p>\n<p>Mit v\u00e1rsz saj\u00e1t magadt\u00f3l ebben a szezonban?<br \/>\nM\u00e9g t\u00f6bb fejl\u0151d\u00e9st.<\/p>\n\n\t\t<style type=\"text\/css\">\n\t\t\t#gallery-1 {\n\t\t\t\tmargin: auto;\n\t\t\t}\n\t\t\t#gallery-1 .gallery-item {\n\t\t\t\tfloat: left;\n\t\t\t\tmargin-top: 10px;\n\t\t\t\ttext-align: center;\n\t\t\t\twidth: 33%;\n\t\t\t}\n\t\t\t#gallery-1 img {\n\t\t\t\tborder: 2px solid #cfcfcf;\n\t\t\t}\n\t\t\t#gallery-1 .gallery-caption {\n\t\t\t\tmargin-left: 0;\n\t\t\t}\n\t\t\t\/* see gallery_shortcode() in wp-includes\/media.php *\/\n\t\t<\/style>\n\t\t<div id='gallery-1' class='gallery galleryid-2955 gallery-columns-3 gallery-size-thumbnail'><dl class='gallery-item'>\n\t\t\t<dt class='gallery-icon landscape'>\n\t\t\t\t<a href='https:\/\/fotsportegyesulet.hu\/index.php\/2021\/10\/08\/interju-katona-mateval-es-ket-tehetseges-tanitvanyaval\/image2\/'><img loading=\"lazy\" decoding=\"async\" width=\"150\" height=\"150\" src=\"https:\/\/fotsportegyesulet.hu\/wp-content\/uploads\/2021\/10\/image2-150x150.jpeg\" class=\"attachment-thumbnail size-thumbnail\" alt=\"\" \/><\/a>\n\t\t\t<\/dt><\/dl><dl class='gallery-item'>\n\t\t\t<dt class='gallery-icon landscape'>\n\t\t\t\t<a href='https:\/\/fotsportegyesulet.hu\/index.php\/2021\/10\/08\/interju-katona-mateval-es-ket-tehetseges-tanitvanyaval\/image3\/'><img loading=\"lazy\" decoding=\"async\" width=\"150\" height=\"150\" src=\"https:\/\/fotsportegyesulet.hu\/wp-content\/uploads\/2021\/10\/image3-150x150.jpeg\" class=\"attachment-thumbnail size-thumbnail\" alt=\"\" \/><\/a>\n\t\t\t<\/dt><\/dl><dl class='gallery-item'>\n\t\t\t<dt class='gallery-icon portrait'>\n\t\t\t\t<a href='https:\/\/fotsportegyesulet.hu\/index.php\/2021\/10\/08\/interju-katona-mateval-es-ket-tehetseges-tanitvanyaval\/243405881_292007959135406_8985756386955537417_n-2\/'><img loading=\"lazy\" decoding=\"async\" width=\"150\" height=\"150\" src=\"https:\/\/fotsportegyesulet.hu\/wp-content\/uploads\/2021\/10\/243405881_292007959135406_8985756386955537417_n-1-150x150.jpg\" class=\"attachment-thumbnail size-thumbnail\" alt=\"\" \/><\/a>\n\t\t\t<\/dt><\/dl><br style=\"clear: both\" \/><dl class='gallery-item'>\n\t\t\t<dt class='gallery-icon portrait'>\n\t\t\t\t<a href='https:\/\/fotsportegyesulet.hu\/index.php\/2021\/10\/08\/interju-katona-mateval-es-ket-tehetseges-tanitvanyaval\/244181841_4311494405572685_1866706790575525780_n\/'><img loading=\"lazy\" decoding=\"async\" width=\"150\" height=\"150\" src=\"https:\/\/fotsportegyesulet.hu\/wp-content\/uploads\/2021\/10\/244181841_4311494405572685_1866706790575525780_n-150x150.jpg\" class=\"attachment-thumbnail size-thumbnail\" alt=\"\" \/><\/a>\n\t\t\t<\/dt><\/dl>\n\t\t\t<br style='clear: both' \/>\n\t\t<\/div>\n\n","protected":false},"excerpt":{"rendered":"<p>Interj\u00fa Katona M\u00e1t\u00e9 edz\u0151vel \u00e9s az U11-es sr\u00e1cokkal.<\/p>\n","protected":false},"author":3,"featured_media":2959,"comment_status":"closed","ping_status":"open","sticky":false,"template":"","format":"standard","meta":{"_bbp_topic_count":0,"_bbp_reply_count":0,"_bbp_total_topic_count":0,"_bbp_total_reply_count":0,"_bbp_voice_count":0,"_bbp_anonymous_reply_count":0,"_bbp_topic_count_hidden":0,"_bbp_reply_count_hidden":0,"_bbp_forum_subforum_count":0,"_price":"","_stock":"","_tribe_ticket_header":"","_tribe_default_ticket_provider":"","_ticket_start_date":"","_ticket_end_date":"","_tribe_ticket_show_description":"","_tribe_ticket_show_not_going":false,"_tribe_ticket_use_global_stock":"","_tribe_ticket_global_stock_level":"","_global_stock_mode":"","_global_stock_cap":"","_tribe_rsvp_for_event":"","_tribe_ticket_going_count":"","_tribe_ticket_not_going_count":"","_tribe_tickets_list":"[]","_tribe_ticket_has_attendee_info_fields":false,"footnotes":""},"categories":[1,67],"tags":[],"class_list":["post-2955","post","type-post","status-publish","format-standard","has-post-thumbnail","hentry","category-hirek","category-labdarugas"],"yoast_head":"<!-- This site is optimized with the Yoast SEO plugin v25.7 - https:\/\/yoast.com\/wordpress\/plugins\/seo\/ -->\n<title>Interj\u00fa Katona M\u00e1t\u00e9val, \u00e9s k\u00e9t tehets\u00e9ges tan\u00edtv\u00e1ny\u00e1val - F\u00d3T SPORTEGYES\u00dcLET<\/title>\n<meta name=\"robots\" content=\"index, follow, max-snippet:-1, max-image-preview:large, max-video-preview:-1\" \/>\n<link rel=\"canonical\" href=\"https:\/\/fotsportegyesulet.hu\/index.php\/2021\/10\/08\/interju-katona-mateval-es-ket-tehetseges-tanitvanyaval\/\" \/>\n<meta property=\"og:locale\" content=\"hu_HU\" \/>\n<meta property=\"og:type\" content=\"article\" \/>\n<meta property=\"og:title\" content=\"Interj\u00fa Katona M\u00e1t\u00e9val, \u00e9s k\u00e9t tehets\u00e9ges tan\u00edtv\u00e1ny\u00e1val - F\u00d3T SPORTEGYES\u00dcLET\" \/>\n<meta property=\"og:description\" content=\"Interj\u00fa Katona M\u00e1t\u00e9 edz\u0151vel \u00e9s az U11-es sr\u00e1cokkal.\" \/>\n<meta property=\"og:url\" content=\"https:\/\/fotsportegyesulet.hu\/index.php\/2021\/10\/08\/interju-katona-mateval-es-ket-tehetseges-tanitvanyaval\/\" \/>\n<meta property=\"og:site_name\" content=\"F\u00d3T SPORTEGYES\u00dcLET\" \/>\n<meta property=\"article:publisher\" content=\"https:\/\/www.facebook.com\/fotsportegyesulet\/\" \/>\n<meta property=\"article:published_time\" content=\"2021-10-08T06:04:17+00:00\" \/>\n<meta property=\"article:modified_time\" content=\"2021-11-11T10:57:18+00:00\" \/>\n<meta property=\"og:image\" content=\"https:\/\/fotsportegyesulet.hu\/wp-content\/uploads\/2021\/10\/katona-mate_956x455.jpg\" \/>\n\t<meta property=\"og:image:width\" content=\"956\" \/>\n\t<meta property=\"og:image:height\" content=\"455\" \/>\n\t<meta property=\"og:image:type\" content=\"image\/jpeg\" \/>\n<meta name=\"author\" content=\"F\u00f3t SE\" \/>\n<meta name=\"twitter:card\" content=\"summary_large_image\" \/>\n<meta name=\"twitter:label1\" content=\"Szerz\u0151:\" \/>\n\t<meta name=\"twitter:data1\" content=\"F\u00f3t SE\" \/>\n\t<meta name=\"twitter:label2\" content=\"Becs\u00fclt olvas\u00e1si id\u0151\" \/>\n\t<meta name=\"twitter:data2\" content=\"6 perc\" \/>\n<script type=\"application\/ld+json\" class=\"yoast-schema-graph\">{\"@context\":\"https:\/\/schema.org\",\"@graph\":[{\"@type\":\"Article\",\"@id\":\"https:\/\/fotsportegyesulet.hu\/index.php\/2021\/10\/08\/interju-katona-mateval-es-ket-tehetseges-tanitvanyaval\/#article\",\"isPartOf\":{\"@id\":\"https:\/\/fotsportegyesulet.hu\/index.php\/2021\/10\/08\/interju-katona-mateval-es-ket-tehetseges-tanitvanyaval\/\"},\"author\":{\"name\":\"F\u00f3t SE\",\"@id\":\"https:\/\/fotsportegyesulet.hu\/#\/schema\/person\/8750ccb3a5183172b75dcc348ffbdbb1\"},\"headline\":\"Interj\u00fa Katona M\u00e1t\u00e9val, \u00e9s k\u00e9t tehets\u00e9ges tan\u00edtv\u00e1ny\u00e1val\",\"datePublished\":\"2021-10-08T06:04:17+00:00\",\"dateModified\":\"2021-11-11T10:57:18+00:00\",\"mainEntityOfPage\":{\"@id\":\"https:\/\/fotsportegyesulet.hu\/index.php\/2021\/10\/08\/interju-katona-mateval-es-ket-tehetseges-tanitvanyaval\/\"},\"wordCount\":1231,\"publisher\":{\"@id\":\"https:\/\/fotsportegyesulet.hu\/#organization\"},\"image\":{\"@id\":\"https:\/\/fotsportegyesulet.hu\/index.php\/2021\/10\/08\/interju-katona-mateval-es-ket-tehetseges-tanitvanyaval\/#primaryimage\"},\"thumbnailUrl\":\"https:\/\/fotsportegyesulet.hu\/wp-content\/uploads\/2021\/10\/katona-mate_956x455.jpg\",\"articleSection\":[\"H\u00edrek\",\"Labdar\u00fag\u00e1s\"],\"inLanguage\":\"hu\"},{\"@type\":\"WebPage\",\"@id\":\"https:\/\/fotsportegyesulet.hu\/index.php\/2021\/10\/08\/interju-katona-mateval-es-ket-tehetseges-tanitvanyaval\/\",\"url\":\"https:\/\/fotsportegyesulet.hu\/index.php\/2021\/10\/08\/interju-katona-mateval-es-ket-tehetseges-tanitvanyaval\/\",\"name\":\"Interj\u00fa Katona M\u00e1t\u00e9val, \u00e9s k\u00e9t tehets\u00e9ges tan\u00edtv\u00e1ny\u00e1val - F\u00d3T SPORTEGYES\u00dcLET\",\"isPartOf\":{\"@id\":\"https:\/\/fotsportegyesulet.hu\/#website\"},\"primaryImageOfPage\":{\"@id\":\"https:\/\/fotsportegyesulet.hu\/index.php\/2021\/10\/08\/interju-katona-mateval-es-ket-tehetseges-tanitvanyaval\/#primaryimage\"},\"image\":{\"@id\":\"https:\/\/fotsportegyesulet.hu\/index.php\/2021\/10\/08\/interju-katona-mateval-es-ket-tehetseges-tanitvanyaval\/#primaryimage\"},\"thumbnailUrl\":\"https:\/\/fotsportegyesulet.hu\/wp-content\/uploads\/2021\/10\/katona-mate_956x455.jpg\",\"datePublished\":\"2021-10-08T06:04:17+00:00\",\"dateModified\":\"2021-11-11T10:57:18+00:00\",\"breadcrumb\":{\"@id\":\"https:\/\/fotsportegyesulet.hu\/index.php\/2021\/10\/08\/interju-katona-mateval-es-ket-tehetseges-tanitvanyaval\/#breadcrumb\"},\"inLanguage\":\"hu\",\"potentialAction\":[{\"@type\":\"ReadAction\",\"target\":[\"https:\/\/fotsportegyesulet.hu\/index.php\/2021\/10\/08\/interju-katona-mateval-es-ket-tehetseges-tanitvanyaval\/\"]}]},{\"@type\":\"ImageObject\",\"inLanguage\":\"hu\",\"@id\":\"https:\/\/fotsportegyesulet.hu\/index.php\/2021\/10\/08\/interju-katona-mateval-es-ket-tehetseges-tanitvanyaval\/#primaryimage\",\"url\":\"https:\/\/fotsportegyesulet.hu\/wp-content\/uploads\/2021\/10\/katona-mate_956x455.jpg\",\"contentUrl\":\"https:\/\/fotsportegyesulet.hu\/wp-content\/uploads\/2021\/10\/katona-mate_956x455.jpg\",\"width\":956,\"height\":455},{\"@type\":\"BreadcrumbList\",\"@id\":\"https:\/\/fotsportegyesulet.hu\/index.php\/2021\/10\/08\/interju-katona-mateval-es-ket-tehetseges-tanitvanyaval\/#breadcrumb\",\"itemListElement\":[{\"@type\":\"ListItem\",\"position\":1,\"name\":\"Kezd\u0151lap\",\"item\":\"https:\/\/fotsportegyesulet.hu\/\"},{\"@type\":\"ListItem\",\"position\":2,\"name\":\"Interj\u00fa Katona M\u00e1t\u00e9val, \u00e9s k\u00e9t tehets\u00e9ges tan\u00edtv\u00e1ny\u00e1val\"}]},{\"@type\":\"WebSite\",\"@id\":\"https:\/\/fotsportegyesulet.hu\/#website\",\"url\":\"https:\/\/fotsportegyesulet.hu\/\",\"name\":\"F\u00d3T SPORTEGYES\u00dcLET\",\"description\":\"\",\"publisher\":{\"@id\":\"https:\/\/fotsportegyesulet.hu\/#organization\"},\"potentialAction\":[{\"@type\":\"SearchAction\",\"target\":{\"@type\":\"EntryPoint\",\"urlTemplate\":\"https:\/\/fotsportegyesulet.hu\/?s={search_term_string}\"},\"query-input\":{\"@type\":\"PropertyValueSpecification\",\"valueRequired\":true,\"valueName\":\"search_term_string\"}}],\"inLanguage\":\"hu\"},{\"@type\":\"Organization\",\"@id\":\"https:\/\/fotsportegyesulet.hu\/#organization\",\"name\":\"F\u00f3t Sportegyes\u00fclet\",\"url\":\"https:\/\/fotsportegyesulet.hu\/\",\"logo\":{\"@type\":\"ImageObject\",\"inLanguage\":\"hu\",\"@id\":\"https:\/\/fotsportegyesulet.hu\/#\/schema\/logo\/image\/\",\"url\":\"https:\/\/fotsportegyesulet.hu\/wp-content\/uploads\/2020\/07\/eredeti-sz\u00ednes-vektoros-Fot-cimer-3.png\",\"contentUrl\":\"https:\/\/fotsportegyesulet.hu\/wp-content\/uploads\/2020\/07\/eredeti-sz\u00ednes-vektoros-Fot-cimer-3.png\",\"width\":500,\"height\":500,\"caption\":\"F\u00f3t Sportegyes\u00fclet\"},\"image\":{\"@id\":\"https:\/\/fotsportegyesulet.hu\/#\/schema\/logo\/image\/\"},\"sameAs\":[\"https:\/\/www.facebook.com\/fotsportegyesulet\/\"]},{\"@type\":\"Person\",\"@id\":\"https:\/\/fotsportegyesulet.hu\/#\/schema\/person\/8750ccb3a5183172b75dcc348ffbdbb1\",\"name\":\"F\u00f3t SE\",\"image\":{\"@type\":\"ImageObject\",\"inLanguage\":\"hu\",\"@id\":\"https:\/\/fotsportegyesulet.hu\/#\/schema\/person\/image\/\",\"url\":\"https:\/\/secure.gravatar.com\/avatar\/2f768bb7a490a49aeb2ccaf4bacc94391bbafd4b6aa54eb6f9318ffc80d81dad?s=96&d=mm&r=g\",\"contentUrl\":\"https:\/\/secure.gravatar.com\/avatar\/2f768bb7a490a49aeb2ccaf4bacc94391bbafd4b6aa54eb6f9318ffc80d81dad?s=96&d=mm&r=g\",\"caption\":\"F\u00f3t SE\"},\"sameAs\":[\"http:\/\/fotsportegyesulet.hu\"],\"url\":\"https:\/\/fotsportegyesulet.hu\/index.php\/author\/kapitany-zoltan\/\"}]}<\/script>\n<!-- \/ Yoast SEO plugin. -->","yoast_head_json":{"title":"Interj\u00fa Katona M\u00e1t\u00e9val, \u00e9s k\u00e9t tehets\u00e9ges tan\u00edtv\u00e1ny\u00e1val - F\u00d3T SPORTEGYES\u00dcLET","robots":{"index":"index","follow":"follow","max-snippet":"max-snippet:-1","max-image-preview":"max-image-preview:large","max-video-preview":"max-video-preview:-1"},"canonical":"https:\/\/fotsportegyesulet.hu\/index.php\/2021\/10\/08\/interju-katona-mateval-es-ket-tehetseges-tanitvanyaval\/","og_locale":"hu_HU","og_type":"article","og_title":"Interj\u00fa Katona M\u00e1t\u00e9val, \u00e9s k\u00e9t tehets\u00e9ges tan\u00edtv\u00e1ny\u00e1val - F\u00d3T SPORTEGYES\u00dcLET","og_description":"Interj\u00fa Katona M\u00e1t\u00e9 edz\u0151vel \u00e9s az U11-es sr\u00e1cokkal.","og_url":"https:\/\/fotsportegyesulet.hu\/index.php\/2021\/10\/08\/interju-katona-mateval-es-ket-tehetseges-tanitvanyaval\/","og_site_name":"F\u00d3T SPORTEGYES\u00dcLET","article_publisher":"https:\/\/www.facebook.com\/fotsportegyesulet\/","article_published_time":"2021-10-08T06:04:17+00:00","article_modified_time":"2021-11-11T10:57:18+00:00","og_image":[{"width":956,"height":455,"url":"https:\/\/fotsportegyesulet.hu\/wp-content\/uploads\/2021\/10\/katona-mate_956x455.jpg","type":"image\/jpeg"}],"author":"F\u00f3t SE","twitter_card":"summary_large_image","twitter_misc":{"Szerz\u0151:":"F\u00f3t SE","Becs\u00fclt olvas\u00e1si id\u0151":"6 perc"},"schema":{"@context":"https:\/\/schema.org","@graph":[{"@type":"Article","@id":"https:\/\/fotsportegyesulet.hu\/index.php\/2021\/10\/08\/interju-katona-mateval-es-ket-tehetseges-tanitvanyaval\/#article","isPartOf":{"@id":"https:\/\/fotsportegyesulet.hu\/index.php\/2021\/10\/08\/interju-katona-mateval-es-ket-tehetseges-tanitvanyaval\/"},"author":{"name":"F\u00f3t SE","@id":"https:\/\/fotsportegyesulet.hu\/#\/schema\/person\/8750ccb3a5183172b75dcc348ffbdbb1"},"headline":"Interj\u00fa Katona M\u00e1t\u00e9val, \u00e9s k\u00e9t tehets\u00e9ges tan\u00edtv\u00e1ny\u00e1val","datePublished":"2021-10-08T06:04:17+00:00","dateModified":"2021-11-11T10:57:18+00:00","mainEntityOfPage":{"@id":"https:\/\/fotsportegyesulet.hu\/index.php\/2021\/10\/08\/interju-katona-mateval-es-ket-tehetseges-tanitvanyaval\/"},"wordCount":1231,"publisher":{"@id":"https:\/\/fotsportegyesulet.hu\/#organization"},"image":{"@id":"https:\/\/fotsportegyesulet.hu\/index.php\/2021\/10\/08\/interju-katona-mateval-es-ket-tehetseges-tanitvanyaval\/#primaryimage"},"thumbnailUrl":"https:\/\/fotsportegyesulet.hu\/wp-content\/uploads\/2021\/10\/katona-mate_956x455.jpg","articleSection":["H\u00edrek","Labdar\u00fag\u00e1s"],"inLanguage":"hu"},{"@type":"WebPage","@id":"https:\/\/fotsportegyesulet.hu\/index.php\/2021\/10\/08\/interju-katona-mateval-es-ket-tehetseges-tanitvanyaval\/","url":"https:\/\/fotsportegyesulet.hu\/index.php\/2021\/10\/08\/interju-katona-mateval-es-ket-tehetseges-tanitvanyaval\/","name":"Interj\u00fa Katona M\u00e1t\u00e9val, \u00e9s k\u00e9t tehets\u00e9ges tan\u00edtv\u00e1ny\u00e1val - F\u00d3T SPORTEGYES\u00dcLET","isPartOf":{"@id":"https:\/\/fotsportegyesulet.hu\/#website"},"primaryImageOfPage":{"@id":"https:\/\/fotsportegyesulet.hu\/index.php\/2021\/10\/08\/interju-katona-mateval-es-ket-tehetseges-tanitvanyaval\/#primaryimage"},"image":{"@id":"https:\/\/fotsportegyesulet.hu\/index.php\/2021\/10\/08\/interju-katona-mateval-es-ket-tehetseges-tanitvanyaval\/#primaryimage"},"thumbnailUrl":"https:\/\/fotsportegyesulet.hu\/wp-content\/uploads\/2021\/10\/katona-mate_956x455.jpg","datePublished":"2021-10-08T06:04:17+00:00","dateModified":"2021-11-11T10:57:18+00:00","breadcrumb":{"@id":"https:\/\/fotsportegyesulet.hu\/index.php\/2021\/10\/08\/interju-katona-mateval-es-ket-tehetseges-tanitvanyaval\/#breadcrumb"},"inLanguage":"hu","potentialAction":[{"@type":"ReadAction","target":["https:\/\/fotsportegyesulet.hu\/index.php\/2021\/10\/08\/interju-katona-mateval-es-ket-tehetseges-tanitvanyaval\/"]}]},{"@type":"ImageObject","inLanguage":"hu","@id":"https:\/\/fotsportegyesulet.hu\/index.php\/2021\/10\/08\/interju-katona-mateval-es-ket-tehetseges-tanitvanyaval\/#primaryimage","url":"https:\/\/fotsportegyesulet.hu\/wp-content\/uploads\/2021\/10\/katona-mate_956x455.jpg","contentUrl":"https:\/\/fotsportegyesulet.hu\/wp-content\/uploads\/2021\/10\/katona-mate_956x455.jpg","width":956,"height":455},{"@type":"BreadcrumbList","@id":"https:\/\/fotsportegyesulet.hu\/index.php\/2021\/10\/08\/interju-katona-mateval-es-ket-tehetseges-tanitvanyaval\/#breadcrumb","itemListElement":[{"@type":"ListItem","position":1,"name":"Kezd\u0151lap","item":"https:\/\/fotsportegyesulet.hu\/"},{"@type":"ListItem","position":2,"name":"Interj\u00fa Katona M\u00e1t\u00e9val, \u00e9s k\u00e9t tehets\u00e9ges tan\u00edtv\u00e1ny\u00e1val"}]},{"@type":"WebSite","@id":"https:\/\/fotsportegyesulet.hu\/#website","url":"https:\/\/fotsportegyesulet.hu\/","name":"F\u00d3T SPORTEGYES\u00dcLET","description":"","publisher":{"@id":"https:\/\/fotsportegyesulet.hu\/#organization"},"potentialAction":[{"@type":"SearchAction","target":{"@type":"EntryPoint","urlTemplate":"https:\/\/fotsportegyesulet.hu\/?s={search_term_string}"},"query-input":{"@type":"PropertyValueSpecification","valueRequired":true,"valueName":"search_term_string"}}],"inLanguage":"hu"},{"@type":"Organization","@id":"https:\/\/fotsportegyesulet.hu\/#organization","name":"F\u00f3t Sportegyes\u00fclet","url":"https:\/\/fotsportegyesulet.hu\/","logo":{"@type":"ImageObject","inLanguage":"hu","@id":"https:\/\/fotsportegyesulet.hu\/#\/schema\/logo\/image\/","url":"https:\/\/fotsportegyesulet.hu\/wp-content\/uploads\/2020\/07\/eredeti-sz\u00ednes-vektoros-Fot-cimer-3.png","contentUrl":"https:\/\/fotsportegyesulet.hu\/wp-content\/uploads\/2020\/07\/eredeti-sz\u00ednes-vektoros-Fot-cimer-3.png","width":500,"height":500,"caption":"F\u00f3t Sportegyes\u00fclet"},"image":{"@id":"https:\/\/fotsportegyesulet.hu\/#\/schema\/logo\/image\/"},"sameAs":["https:\/\/www.facebook.com\/fotsportegyesulet\/"]},{"@type":"Person","@id":"https:\/\/fotsportegyesulet.hu\/#\/schema\/person\/8750ccb3a5183172b75dcc348ffbdbb1","name":"F\u00f3t SE","image":{"@type":"ImageObject","inLanguage":"hu","@id":"https:\/\/fotsportegyesulet.hu\/#\/schema\/person\/image\/","url":"https:\/\/secure.gravatar.com\/avatar\/2f768bb7a490a49aeb2ccaf4bacc94391bbafd4b6aa54eb6f9318ffc80d81dad?s=96&d=mm&r=g","contentUrl":"https:\/\/secure.gravatar.com\/avatar\/2f768bb7a490a49aeb2ccaf4bacc94391bbafd4b6aa54eb6f9318ffc80d81dad?s=96&d=mm&r=g","caption":"F\u00f3t SE"},"sameAs":["http:\/\/fotsportegyesulet.hu"],"url":"https:\/\/fotsportegyesulet.hu\/index.php\/author\/kapitany-zoltan\/"}]}},"_links":{"self":[{"href":"https:\/\/fotsportegyesulet.hu\/index.php\/wp-json\/wp\/v2\/posts\/2955","targetHints":{"allow":["GET"]}}],"collection":[{"href":"https:\/\/fotsportegyesulet.hu\/index.php\/wp-json\/wp\/v2\/posts"}],"about":[{"href":"https:\/\/fotsportegyesulet.hu\/index.php\/wp-json\/wp\/v2\/types\/post"}],"author":[{"embeddable":true,"href":"https:\/\/fotsportegyesulet.hu\/index.php\/wp-json\/wp\/v2\/users\/3"}],"replies":[{"embeddable":true,"href":"https:\/\/fotsportegyesulet.hu\/index.php\/wp-json\/wp\/v2\/comments?post=2955"}],"version-history":[{"count":12,"href":"https:\/\/fotsportegyesulet.hu\/index.php\/wp-json\/wp\/v2\/posts\/2955\/revisions"}],"predecessor-version":[{"id":3028,"href":"https:\/\/fotsportegyesulet.hu\/index.php\/wp-json\/wp\/v2\/posts\/2955\/revisions\/3028"}],"wp:featuredmedia":[{"embeddable":true,"href":"https:\/\/fotsportegyesulet.hu\/index.php\/wp-json\/wp\/v2\/media\/2959"}],"wp:attachment":[{"href":"https:\/\/fotsportegyesulet.hu\/index.php\/wp-json\/wp\/v2\/media?parent=2955"}],"wp:term":[{"taxonomy":"category","embeddable":true,"href":"https:\/\/fotsportegyesulet.hu\/index.php\/wp-json\/wp\/v2\/categories?post=2955"},{"taxonomy":"post_tag","embeddable":true,"href":"https:\/\/fotsportegyesulet.hu\/index.php\/wp-json\/wp\/v2\/tags?post=2955"}],"curies":[{"name":"wp","href":"https:\/\/api.w.org\/{rel}","templated":true}]}}