{"id":2878,"date":"2021-09-27T07:09:12","date_gmt":"2021-09-27T05:09:12","guid":{"rendered":"https:\/\/fotsportegyesulet.hu\/?p=2878"},"modified":"2021-11-11T12:51:39","modified_gmt":"2021-11-11T10:51:39","slug":"nagyszeru-eredmenyek-a-szekszardi-karate-versenyen","status":"publish","type":"post","link":"https:\/\/fotsportegyesulet.hu\/index.php\/2021\/09\/27\/nagyszeru-eredmenyek-a-szekszardi-karate-versenyen\/","title":{"rendered":"Nagyszer\u0171 eredm\u00e9nyek a szeksz\u00e1rdi Karate versenyen"},"content":{"rendered":"<p><img loading=\"lazy\" decoding=\"async\" class=\"aligncenter wp-image-2880 size-large\" src=\"https:\/\/fotsportegyesulet.hu\/wp-content\/uploads\/2021\/09\/DSC5852-1024x683.jpg\" alt=\"\" width=\"1024\" height=\"683\" \/>Szeptember 25-\u00e9n, szombaton Szeksz\u00e1rdon rendezte meg a B\u00e1tasz\u00e9k S.E. a <strong>XVI. Cik\u00e1dor Kup\u00e1t<\/strong>. B\u00e1r k\u00e9t h\u00e9ttel kor\u00e1bban a F\u00f3t Sportegyes\u00fclet versenyz\u0151i a Budapest Openen m\u00e1r kipr\u00f3b\u00e1lt\u00e1k magukat, m\u00e9gis sz\u00e1munkra hossz\u00fa id\u0151 ut\u00e1n ez volt az a hazai verseny, ahov\u00e1 az\u00e9rt vitt\u00fck el sportol\u00f3inkat, hogy a m\u00e1sf\u00e9l \u00e9ves kihagy\u00e1s ut\u00e1n visszavezess\u00fck \u0151ket a k\u00fczd\u0151t\u00e9rre.<\/p>\n<p>Szerepl\u00e9s\u00fcnk fel\u00fclm\u00falta elk\u00e9pzel\u00e9seinket, hiszen <strong>egyik sportol\u00f3nk sem t\u00e1vozott \u00fcres k\u00e9zzel.<\/strong> A rendezv\u00e9nyen 22 klub vonultatta fel k\u00f6zel 300 versenyz\u0151j\u00e9t, akik \u00f6sszesen 360 nevez\u00e9st adtak le. A versenyz\u00e9s gyakorl\u00e1sa miatt versenyz\u0151inket az eggyel magasabb kateg\u00f3ri\u00e1kban is megversenyeztett\u00fck. A 9 \u00f3rakor kezd\u0151d\u0151 verseny 5 k\u00fczd\u0151t\u00e9ren zajlott. A F\u00f3t SE versenyz\u0151i a Nihon \u00dajpalotai S.E. sz\u00edneiben indultak, akik a nap v\u00e9g\u00e9re <strong>1 arany, 1 ez\u00fcst \u00e9s 4 bronz\u00e9rmet gy\u0171jt\u00f6ttek \u00f6ssze.<\/strong> A legsikeresebb sportol\u00f3 Oppenauer Botond volt, aki d\u00f6nt\u0151t a befejez\u0151 m\u00e9rk\u0151z\u00e9shez m\u00e9lt\u00f3an egy hatalmas fejr\u00fag\u00e1ssal fejezte be.<\/p>\n<p>Eredm\u00e9nyek:<\/p>\n<ul>\n<li><strong>Barta Bodza (Garay \u00c1ltal\u00e1nos iskola, 6.C oszt\u00e1ly) formagyakorlat III., kadet formagyakorlat III., k\u00fczdelem III.<\/strong><br \/>\n<strong>Barta Zselyke (Garay \u00c1ltal\u00e1nos iskola, 3.B oszt\u00e1ly) k\u00fczdelem II.<\/strong><\/li>\n<li><strong>Ernyes Anna (Garay \u00c1ltal\u00e1nos iskola, 6.C oszt\u00e1ly) formagyakorlat III., k\u00fczdelem III.<\/strong><\/li>\n<li><strong>Oppenauer Botond (F\u00e1y Andr\u00e1s \u00c1ltal\u00e1nos iskola 8.A oszt\u00e1ly) k\u00fczdelem I.<\/strong><\/li>\n<\/ul>\n<p>Az egyes\u00fcletr\u0151l annak aki karat\u00e9zni szeretne:<br \/>\nAz egyes\u00fclet 1999 \u00f3ta m\u0171k\u00f6dik, sz\u00e9khelye Budapesten a XV. ker\u00fcletben van. 4 edz\u0151vel gondoskodunk az ut\u00e1np\u00f3tl\u00e1s oktat\u00e1s\u00e1r\u00f3l \u00e9s a versenyz\u0151k felk\u00e9sz\u00edt\u00e9s\u00e9r\u0151l. <strong>Jelenleg minden nap tartunk edz\u00e9seket \u00f6sszesen 7 helysz\u00ednen, ebb\u0151l F\u00f3ton az al\u00e1bbi iskol\u00e1kban:<\/strong><\/p>\n<ul>\n<li>Szent \u00c1goston \u00c1ltal\u00e1nos iskola: h\u00e9tf\u0151 19:00 &#8211; 20:30<\/li>\n<li>F\u00e1y Andr\u00e1s \u00c1ltal\u00e1nos iskola: szerda 15:00 &#8211; 16:30<\/li>\n<li>Garay J\u00e1nos \u00c1ltal\u00e1nos iskola: szerda 17:30 &#8211; 19:00 \u00e9s p\u00e9ntek 16:00 &#8211; 17:30<\/li>\n<\/ul>\n<p>Tov\u00e1bbi inform\u00e1ci\u00f3k\u00e9rt keress\u00e9k fel az egyes\u00fclet honlapj\u00e1t:\u00a0<a href=\"http:\/\/www.nihon-hungary.eu\/\" target=\"_blank\" rel=\"noopener noreferrer\" data-saferedirecturl=\"https:\/\/www.google.com\/url?q=http:\/\/www.nihon-hungary.eu&amp;source=gmail&amp;ust=1632794996812000&amp;usg=AFQjCNFG9aZKzzmcREMHOZohxvNveZo4_Q\">www.nihon-hungary.eu<\/a><\/p>\n<p>Ha t\u00e1j\u00e9koztat\u00e1st szeretne kapni az egyes\u00fclett\u0151l k\u00e9rem k\u00e9rje a felv\u00e9tel\u00e9t a csoportba:<br \/>\n<a href=\"https:\/\/www.facebook.com\/groups\/143619519028894\" target=\"_blank\" rel=\"noopener noreferrer\" data-saferedirecturl=\"https:\/\/www.google.com\/url?q=https:\/\/www.facebook.com\/groups\/143619519028894&amp;source=gmail&amp;ust=1632794996812000&amp;usg=AFQjCNH3sqIvvNlzPykIMD13-2T3CuXtHw\">https:\/\/www.facebook.com\/<wbr \/>groups\/143619519028894<\/a><\/p>\n<p>El\u00e9rhet\u0151s\u00e9geink:<\/p>\n<p>Sz\u00e9cs\u00e9nyi Attila Zsolt, S.E. Eln\u00f6k<\/p>\n<p>06209816038<\/p>\n<p>Bajerle T\u00edmea, S.E. Titk\u00e1r<\/p>\n<p>06203887893<\/p>\n<p>E-mail:\u00a0<a href=\"mailto:nihonuse@t-online.hu\" target=\"_blank\" rel=\"noopener noreferrer\">nihonuse@t-online.hu<\/a><\/p>\n","protected":false},"excerpt":{"rendered":"<p>Egyik sportol\u00f3nk sem t\u00e1vozott \u00fcres k\u00e9zzel.<\/p>\n","protected":false},"author":3,"featured_media":3025,"comment_status":"closed","ping_status":"open","sticky":false,"template":"","format":"standard","meta":{"_bbp_topic_count":0,"_bbp_reply_count":0,"_bbp_total_topic_count":0,"_bbp_total_reply_count":0,"_bbp_voice_count":0,"_bbp_anonymous_reply_count":0,"_bbp_topic_count_hidden":0,"_bbp_reply_count_hidden":0,"_bbp_forum_subforum_count":0,"_price":"","_stock":"","_tribe_ticket_header":"","_tribe_default_ticket_provider":"","_ticket_start_date":"","_ticket_end_date":"","_tribe_ticket_show_description":"","_tribe_ticket_show_not_going":false,"_tribe_ticket_use_global_stock":"","_tribe_ticket_global_stock_level":"","_global_stock_mode":"","_global_stock_cap":"","_tribe_rsvp_for_event":"","_tribe_ticket_going_count":"","_tribe_ticket_not_going_count":"","_tribe_tickets_list":"[]","_tribe_ticket_has_attendee_info_fields":false,"footnotes":""},"categories":[1,115],"tags":[],"class_list":["post-2878","post","type-post","status-publish","format-standard","has-post-thumbnail","hentry","category-hirek","category-karate"],"yoast_head":"<!-- This site is optimized with the Yoast SEO plugin v25.7 - https:\/\/yoast.com\/wordpress\/plugins\/seo\/ -->\n<title>Nagyszer\u0171 eredm\u00e9nyek a szeksz\u00e1rdi Karate versenyen - F\u00d3T SPORTEGYES\u00dcLET<\/title>\n<meta name=\"robots\" content=\"index, follow, max-snippet:-1, max-image-preview:large, max-video-preview:-1\" \/>\n<link rel=\"canonical\" href=\"https:\/\/fotsportegyesulet.hu\/index.php\/2021\/09\/27\/nagyszeru-eredmenyek-a-szekszardi-karate-versenyen\/\" \/>\n<meta property=\"og:locale\" content=\"hu_HU\" \/>\n<meta property=\"og:type\" content=\"article\" \/>\n<meta property=\"og:title\" content=\"Nagyszer\u0171 eredm\u00e9nyek a szeksz\u00e1rdi Karate versenyen - F\u00d3T SPORTEGYES\u00dcLET\" \/>\n<meta property=\"og:description\" content=\"Egyik sportol\u00f3nk sem t\u00e1vozott \u00fcres k\u00e9zzel.\" \/>\n<meta property=\"og:url\" content=\"https:\/\/fotsportegyesulet.hu\/index.php\/2021\/09\/27\/nagyszeru-eredmenyek-a-szekszardi-karate-versenyen\/\" \/>\n<meta property=\"og:site_name\" content=\"F\u00d3T SPORTEGYES\u00dcLET\" \/>\n<meta property=\"article:publisher\" content=\"https:\/\/www.facebook.com\/fotsportegyesulet\/\" \/>\n<meta property=\"article:published_time\" content=\"2021-09-27T05:09:12+00:00\" \/>\n<meta property=\"article:modified_time\" content=\"2021-11-11T10:51:39+00:00\" \/>\n<meta property=\"og:image\" content=\"https:\/\/fotsportegyesulet.hu\/wp-content\/uploads\/2021\/09\/956-455.jpg\" \/>\n\t<meta property=\"og:image:width\" content=\"956\" \/>\n\t<meta property=\"og:image:height\" content=\"455\" \/>\n\t<meta property=\"og:image:type\" content=\"image\/jpeg\" \/>\n<meta name=\"author\" content=\"F\u00f3t SE\" \/>\n<meta name=\"twitter:card\" content=\"summary_large_image\" \/>\n<meta name=\"twitter:label1\" content=\"Szerz\u0151:\" \/>\n\t<meta name=\"twitter:data1\" content=\"F\u00f3t SE\" \/>\n\t<meta name=\"twitter:label2\" content=\"Becs\u00fclt olvas\u00e1si id\u0151\" \/>\n\t<meta name=\"twitter:data2\" content=\"2 perc\" \/>\n<script type=\"application\/ld+json\" class=\"yoast-schema-graph\">{\"@context\":\"https:\/\/schema.org\",\"@graph\":[{\"@type\":\"Article\",\"@id\":\"https:\/\/fotsportegyesulet.hu\/index.php\/2021\/09\/27\/nagyszeru-eredmenyek-a-szekszardi-karate-versenyen\/#article\",\"isPartOf\":{\"@id\":\"https:\/\/fotsportegyesulet.hu\/index.php\/2021\/09\/27\/nagyszeru-eredmenyek-a-szekszardi-karate-versenyen\/\"},\"author\":{\"name\":\"F\u00f3t SE\",\"@id\":\"https:\/\/fotsportegyesulet.hu\/#\/schema\/person\/8750ccb3a5183172b75dcc348ffbdbb1\"},\"headline\":\"Nagyszer\u0171 eredm\u00e9nyek a szeksz\u00e1rdi Karate versenyen\",\"datePublished\":\"2021-09-27T05:09:12+00:00\",\"dateModified\":\"2021-11-11T10:51:39+00:00\",\"mainEntityOfPage\":{\"@id\":\"https:\/\/fotsportegyesulet.hu\/index.php\/2021\/09\/27\/nagyszeru-eredmenyek-a-szekszardi-karate-versenyen\/\"},\"wordCount\":432,\"publisher\":{\"@id\":\"https:\/\/fotsportegyesulet.hu\/#organization\"},\"image\":{\"@id\":\"https:\/\/fotsportegyesulet.hu\/index.php\/2021\/09\/27\/nagyszeru-eredmenyek-a-szekszardi-karate-versenyen\/#primaryimage\"},\"thumbnailUrl\":\"https:\/\/fotsportegyesulet.hu\/wp-content\/uploads\/2021\/09\/956-455.jpg\",\"articleSection\":[\"H\u00edrek\",\"Karate\"],\"inLanguage\":\"hu\"},{\"@type\":\"WebPage\",\"@id\":\"https:\/\/fotsportegyesulet.hu\/index.php\/2021\/09\/27\/nagyszeru-eredmenyek-a-szekszardi-karate-versenyen\/\",\"url\":\"https:\/\/fotsportegyesulet.hu\/index.php\/2021\/09\/27\/nagyszeru-eredmenyek-a-szekszardi-karate-versenyen\/\",\"name\":\"Nagyszer\u0171 eredm\u00e9nyek a szeksz\u00e1rdi Karate versenyen - F\u00d3T SPORTEGYES\u00dcLET\",\"isPartOf\":{\"@id\":\"https:\/\/fotsportegyesulet.hu\/#website\"},\"primaryImageOfPage\":{\"@id\":\"https:\/\/fotsportegyesulet.hu\/index.php\/2021\/09\/27\/nagyszeru-eredmenyek-a-szekszardi-karate-versenyen\/#primaryimage\"},\"image\":{\"@id\":\"https:\/\/fotsportegyesulet.hu\/index.php\/2021\/09\/27\/nagyszeru-eredmenyek-a-szekszardi-karate-versenyen\/#primaryimage\"},\"thumbnailUrl\":\"https:\/\/fotsportegyesulet.hu\/wp-content\/uploads\/2021\/09\/956-455.jpg\",\"datePublished\":\"2021-09-27T05:09:12+00:00\",\"dateModified\":\"2021-11-11T10:51:39+00:00\",\"breadcrumb\":{\"@id\":\"https:\/\/fotsportegyesulet.hu\/index.php\/2021\/09\/27\/nagyszeru-eredmenyek-a-szekszardi-karate-versenyen\/#breadcrumb\"},\"inLanguage\":\"hu\",\"potentialAction\":[{\"@type\":\"ReadAction\",\"target\":[\"https:\/\/fotsportegyesulet.hu\/index.php\/2021\/09\/27\/nagyszeru-eredmenyek-a-szekszardi-karate-versenyen\/\"]}]},{\"@type\":\"ImageObject\",\"inLanguage\":\"hu\",\"@id\":\"https:\/\/fotsportegyesulet.hu\/index.php\/2021\/09\/27\/nagyszeru-eredmenyek-a-szekszardi-karate-versenyen\/#primaryimage\",\"url\":\"https:\/\/fotsportegyesulet.hu\/wp-content\/uploads\/2021\/09\/956-455.jpg\",\"contentUrl\":\"https:\/\/fotsportegyesulet.hu\/wp-content\/uploads\/2021\/09\/956-455.jpg\",\"width\":956,\"height\":455},{\"@type\":\"BreadcrumbList\",\"@id\":\"https:\/\/fotsportegyesulet.hu\/index.php\/2021\/09\/27\/nagyszeru-eredmenyek-a-szekszardi-karate-versenyen\/#breadcrumb\",\"itemListElement\":[{\"@type\":\"ListItem\",\"position\":1,\"name\":\"Kezd\u0151lap\",\"item\":\"https:\/\/fotsportegyesulet.hu\/\"},{\"@type\":\"ListItem\",\"position\":2,\"name\":\"Nagyszer\u0171 eredm\u00e9nyek a szeksz\u00e1rdi Karate versenyen\"}]},{\"@type\":\"WebSite\",\"@id\":\"https:\/\/fotsportegyesulet.hu\/#website\",\"url\":\"https:\/\/fotsportegyesulet.hu\/\",\"name\":\"F\u00d3T SPORTEGYES\u00dcLET\",\"description\":\"\",\"publisher\":{\"@id\":\"https:\/\/fotsportegyesulet.hu\/#organization\"},\"potentialAction\":[{\"@type\":\"SearchAction\",\"target\":{\"@type\":\"EntryPoint\",\"urlTemplate\":\"https:\/\/fotsportegyesulet.hu\/?s={search_term_string}\"},\"query-input\":{\"@type\":\"PropertyValueSpecification\",\"valueRequired\":true,\"valueName\":\"search_term_string\"}}],\"inLanguage\":\"hu\"},{\"@type\":\"Organization\",\"@id\":\"https:\/\/fotsportegyesulet.hu\/#organization\",\"name\":\"F\u00f3t Sportegyes\u00fclet\",\"url\":\"https:\/\/fotsportegyesulet.hu\/\",\"logo\":{\"@type\":\"ImageObject\",\"inLanguage\":\"hu\",\"@id\":\"https:\/\/fotsportegyesulet.hu\/#\/schema\/logo\/image\/\",\"url\":\"https:\/\/fotsportegyesulet.hu\/wp-content\/uploads\/2020\/07\/eredeti-sz\u00ednes-vektoros-Fot-cimer-3.png\",\"contentUrl\":\"https:\/\/fotsportegyesulet.hu\/wp-content\/uploads\/2020\/07\/eredeti-sz\u00ednes-vektoros-Fot-cimer-3.png\",\"width\":500,\"height\":500,\"caption\":\"F\u00f3t Sportegyes\u00fclet\"},\"image\":{\"@id\":\"https:\/\/fotsportegyesulet.hu\/#\/schema\/logo\/image\/\"},\"sameAs\":[\"https:\/\/www.facebook.com\/fotsportegyesulet\/\"]},{\"@type\":\"Person\",\"@id\":\"https:\/\/fotsportegyesulet.hu\/#\/schema\/person\/8750ccb3a5183172b75dcc348ffbdbb1\",\"name\":\"F\u00f3t SE\",\"image\":{\"@type\":\"ImageObject\",\"inLanguage\":\"hu\",\"@id\":\"https:\/\/fotsportegyesulet.hu\/#\/schema\/person\/image\/\",\"url\":\"https:\/\/secure.gravatar.com\/avatar\/2f768bb7a490a49aeb2ccaf4bacc94391bbafd4b6aa54eb6f9318ffc80d81dad?s=96&d=mm&r=g\",\"contentUrl\":\"https:\/\/secure.gravatar.com\/avatar\/2f768bb7a490a49aeb2ccaf4bacc94391bbafd4b6aa54eb6f9318ffc80d81dad?s=96&d=mm&r=g\",\"caption\":\"F\u00f3t SE\"},\"sameAs\":[\"http:\/\/fotsportegyesulet.hu\"],\"url\":\"https:\/\/fotsportegyesulet.hu\/index.php\/author\/kapitany-zoltan\/\"}]}<\/script>\n<!-- \/ Yoast SEO plugin. -->","yoast_head_json":{"title":"Nagyszer\u0171 eredm\u00e9nyek a szeksz\u00e1rdi Karate versenyen - F\u00d3T SPORTEGYES\u00dcLET","robots":{"index":"index","follow":"follow","max-snippet":"max-snippet:-1","max-image-preview":"max-image-preview:large","max-video-preview":"max-video-preview:-1"},"canonical":"https:\/\/fotsportegyesulet.hu\/index.php\/2021\/09\/27\/nagyszeru-eredmenyek-a-szekszardi-karate-versenyen\/","og_locale":"hu_HU","og_type":"article","og_title":"Nagyszer\u0171 eredm\u00e9nyek a szeksz\u00e1rdi Karate versenyen - F\u00d3T SPORTEGYES\u00dcLET","og_description":"Egyik sportol\u00f3nk sem t\u00e1vozott \u00fcres k\u00e9zzel.","og_url":"https:\/\/fotsportegyesulet.hu\/index.php\/2021\/09\/27\/nagyszeru-eredmenyek-a-szekszardi-karate-versenyen\/","og_site_name":"F\u00d3T SPORTEGYES\u00dcLET","article_publisher":"https:\/\/www.facebook.com\/fotsportegyesulet\/","article_published_time":"2021-09-27T05:09:12+00:00","article_modified_time":"2021-11-11T10:51:39+00:00","og_image":[{"width":956,"height":455,"url":"https:\/\/fotsportegyesulet.hu\/wp-content\/uploads\/2021\/09\/956-455.jpg","type":"image\/jpeg"}],"author":"F\u00f3t SE","twitter_card":"summary_large_image","twitter_misc":{"Szerz\u0151:":"F\u00f3t SE","Becs\u00fclt olvas\u00e1si id\u0151":"2 perc"},"schema":{"@context":"https:\/\/schema.org","@graph":[{"@type":"Article","@id":"https:\/\/fotsportegyesulet.hu\/index.php\/2021\/09\/27\/nagyszeru-eredmenyek-a-szekszardi-karate-versenyen\/#article","isPartOf":{"@id":"https:\/\/fotsportegyesulet.hu\/index.php\/2021\/09\/27\/nagyszeru-eredmenyek-a-szekszardi-karate-versenyen\/"},"author":{"name":"F\u00f3t SE","@id":"https:\/\/fotsportegyesulet.hu\/#\/schema\/person\/8750ccb3a5183172b75dcc348ffbdbb1"},"headline":"Nagyszer\u0171 eredm\u00e9nyek a szeksz\u00e1rdi Karate versenyen","datePublished":"2021-09-27T05:09:12+00:00","dateModified":"2021-11-11T10:51:39+00:00","mainEntityOfPage":{"@id":"https:\/\/fotsportegyesulet.hu\/index.php\/2021\/09\/27\/nagyszeru-eredmenyek-a-szekszardi-karate-versenyen\/"},"wordCount":432,"publisher":{"@id":"https:\/\/fotsportegyesulet.hu\/#organization"},"image":{"@id":"https:\/\/fotsportegyesulet.hu\/index.php\/2021\/09\/27\/nagyszeru-eredmenyek-a-szekszardi-karate-versenyen\/#primaryimage"},"thumbnailUrl":"https:\/\/fotsportegyesulet.hu\/wp-content\/uploads\/2021\/09\/956-455.jpg","articleSection":["H\u00edrek","Karate"],"inLanguage":"hu"},{"@type":"WebPage","@id":"https:\/\/fotsportegyesulet.hu\/index.php\/2021\/09\/27\/nagyszeru-eredmenyek-a-szekszardi-karate-versenyen\/","url":"https:\/\/fotsportegyesulet.hu\/index.php\/2021\/09\/27\/nagyszeru-eredmenyek-a-szekszardi-karate-versenyen\/","name":"Nagyszer\u0171 eredm\u00e9nyek a szeksz\u00e1rdi Karate versenyen - F\u00d3T SPORTEGYES\u00dcLET","isPartOf":{"@id":"https:\/\/fotsportegyesulet.hu\/#website"},"primaryImageOfPage":{"@id":"https:\/\/fotsportegyesulet.hu\/index.php\/2021\/09\/27\/nagyszeru-eredmenyek-a-szekszardi-karate-versenyen\/#primaryimage"},"image":{"@id":"https:\/\/fotsportegyesulet.hu\/index.php\/2021\/09\/27\/nagyszeru-eredmenyek-a-szekszardi-karate-versenyen\/#primaryimage"},"thumbnailUrl":"https:\/\/fotsportegyesulet.hu\/wp-content\/uploads\/2021\/09\/956-455.jpg","datePublished":"2021-09-27T05:09:12+00:00","dateModified":"2021-11-11T10:51:39+00:00","breadcrumb":{"@id":"https:\/\/fotsportegyesulet.hu\/index.php\/2021\/09\/27\/nagyszeru-eredmenyek-a-szekszardi-karate-versenyen\/#breadcrumb"},"inLanguage":"hu","potentialAction":[{"@type":"ReadAction","target":["https:\/\/fotsportegyesulet.hu\/index.php\/2021\/09\/27\/nagyszeru-eredmenyek-a-szekszardi-karate-versenyen\/"]}]},{"@type":"ImageObject","inLanguage":"hu","@id":"https:\/\/fotsportegyesulet.hu\/index.php\/2021\/09\/27\/nagyszeru-eredmenyek-a-szekszardi-karate-versenyen\/#primaryimage","url":"https:\/\/fotsportegyesulet.hu\/wp-content\/uploads\/2021\/09\/956-455.jpg","contentUrl":"https:\/\/fotsportegyesulet.hu\/wp-content\/uploads\/2021\/09\/956-455.jpg","width":956,"height":455},{"@type":"BreadcrumbList","@id":"https:\/\/fotsportegyesulet.hu\/index.php\/2021\/09\/27\/nagyszeru-eredmenyek-a-szekszardi-karate-versenyen\/#breadcrumb","itemListElement":[{"@type":"ListItem","position":1,"name":"Kezd\u0151lap","item":"https:\/\/fotsportegyesulet.hu\/"},{"@type":"ListItem","position":2,"name":"Nagyszer\u0171 eredm\u00e9nyek a szeksz\u00e1rdi Karate versenyen"}]},{"@type":"WebSite","@id":"https:\/\/fotsportegyesulet.hu\/#website","url":"https:\/\/fotsportegyesulet.hu\/","name":"F\u00d3T SPORTEGYES\u00dcLET","description":"","publisher":{"@id":"https:\/\/fotsportegyesulet.hu\/#organization"},"potentialAction":[{"@type":"SearchAction","target":{"@type":"EntryPoint","urlTemplate":"https:\/\/fotsportegyesulet.hu\/?s={search_term_string}"},"query-input":{"@type":"PropertyValueSpecification","valueRequired":true,"valueName":"search_term_string"}}],"inLanguage":"hu"},{"@type":"Organization","@id":"https:\/\/fotsportegyesulet.hu\/#organization","name":"F\u00f3t Sportegyes\u00fclet","url":"https:\/\/fotsportegyesulet.hu\/","logo":{"@type":"ImageObject","inLanguage":"hu","@id":"https:\/\/fotsportegyesulet.hu\/#\/schema\/logo\/image\/","url":"https:\/\/fotsportegyesulet.hu\/wp-content\/uploads\/2020\/07\/eredeti-sz\u00ednes-vektoros-Fot-cimer-3.png","contentUrl":"https:\/\/fotsportegyesulet.hu\/wp-content\/uploads\/2020\/07\/eredeti-sz\u00ednes-vektoros-Fot-cimer-3.png","width":500,"height":500,"caption":"F\u00f3t Sportegyes\u00fclet"},"image":{"@id":"https:\/\/fotsportegyesulet.hu\/#\/schema\/logo\/image\/"},"sameAs":["https:\/\/www.facebook.com\/fotsportegyesulet\/"]},{"@type":"Person","@id":"https:\/\/fotsportegyesulet.hu\/#\/schema\/person\/8750ccb3a5183172b75dcc348ffbdbb1","name":"F\u00f3t SE","image":{"@type":"ImageObject","inLanguage":"hu","@id":"https:\/\/fotsportegyesulet.hu\/#\/schema\/person\/image\/","url":"https:\/\/secure.gravatar.com\/avatar\/2f768bb7a490a49aeb2ccaf4bacc94391bbafd4b6aa54eb6f9318ffc80d81dad?s=96&d=mm&r=g","contentUrl":"https:\/\/secure.gravatar.com\/avatar\/2f768bb7a490a49aeb2ccaf4bacc94391bbafd4b6aa54eb6f9318ffc80d81dad?s=96&d=mm&r=g","caption":"F\u00f3t SE"},"sameAs":["http:\/\/fotsportegyesulet.hu"],"url":"https:\/\/fotsportegyesulet.hu\/index.php\/author\/kapitany-zoltan\/"}]}},"_links":{"self":[{"href":"https:\/\/fotsportegyesulet.hu\/index.php\/wp-json\/wp\/v2\/posts\/2878","targetHints":{"allow":["GET"]}}],"collection":[{"href":"https:\/\/fotsportegyesulet.hu\/index.php\/wp-json\/wp\/v2\/posts"}],"about":[{"href":"https:\/\/fotsportegyesulet.hu\/index.php\/wp-json\/wp\/v2\/types\/post"}],"author":[{"embeddable":true,"href":"https:\/\/fotsportegyesulet.hu\/index.php\/wp-json\/wp\/v2\/users\/3"}],"replies":[{"embeddable":true,"href":"https:\/\/fotsportegyesulet.hu\/index.php\/wp-json\/wp\/v2\/comments?post=2878"}],"version-history":[{"count":8,"href":"https:\/\/fotsportegyesulet.hu\/index.php\/wp-json\/wp\/v2\/posts\/2878\/revisions"}],"predecessor-version":[{"id":3027,"href":"https:\/\/fotsportegyesulet.hu\/index.php\/wp-json\/wp\/v2\/posts\/2878\/revisions\/3027"}],"wp:featuredmedia":[{"embeddable":true,"href":"https:\/\/fotsportegyesulet.hu\/index.php\/wp-json\/wp\/v2\/media\/3025"}],"wp:attachment":[{"href":"https:\/\/fotsportegyesulet.hu\/index.php\/wp-json\/wp\/v2\/media?parent=2878"}],"wp:term":[{"taxonomy":"category","embeddable":true,"href":"https:\/\/fotsportegyesulet.hu\/index.php\/wp-json\/wp\/v2\/categories?post=2878"},{"taxonomy":"post_tag","embeddable":true,"href":"https:\/\/fotsportegyesulet.hu\/index.php\/wp-json\/wp\/v2\/tags?post=2878"}],"curies":[{"name":"wp","href":"https:\/\/api.w.org\/{rel}","templated":true}]}}