{"id":2590,"date":"2021-06-11T15:58:12","date_gmt":"2021-06-11T13:58:12","guid":{"rendered":"https:\/\/fotsportegyesulet.hu\/?p=2590"},"modified":"2021-06-11T16:08:11","modified_gmt":"2021-06-11T14:08:11","slug":"interju-karpati-gyorggyel-az-u15-os-csapatunk-edzojevel-es-ket-fiatal-tehetseges-labdarugoval-takacs-barnabassal-es-szasz-kristoffal","status":"publish","type":"post","link":"https:\/\/fotsportegyesulet.hu\/index.php\/2021\/06\/11\/interju-karpati-gyorggyel-az-u15-os-csapatunk-edzojevel-es-ket-fiatal-tehetseges-labdarugoval-takacs-barnabassal-es-szasz-kristoffal\/","title":{"rendered":"Interj\u00fa K\u00e1rp\u00e1ti Gy\u00f6rggyel,Tak\u00e1cs Barnab\u00e1ssal \u00e9s Sz\u00e1sz Krist\u00f3ffal"},"content":{"rendered":"<p><img loading=\"lazy\" decoding=\"async\" class=\"aligncenter wp-image-2593 size-large\" src=\"https:\/\/fotsportegyesulet.hu\/wp-content\/uploads\/2021\/06\/199423916_10159220572963399_4216313604003291771_n-1024x637.jpg\" alt=\"\" width=\"1024\" height=\"637\" srcset=\"https:\/\/fotsportegyesulet.hu\/wp-content\/uploads\/2021\/06\/199423916_10159220572963399_4216313604003291771_n-1024x637.jpg 1024w, https:\/\/fotsportegyesulet.hu\/wp-content\/uploads\/2021\/06\/199423916_10159220572963399_4216313604003291771_n-300x187.jpg 300w, https:\/\/fotsportegyesulet.hu\/wp-content\/uploads\/2021\/06\/199423916_10159220572963399_4216313604003291771_n-768x478.jpg 768w, https:\/\/fotsportegyesulet.hu\/wp-content\/uploads\/2021\/06\/199423916_10159220572963399_4216313604003291771_n-1536x956.jpg 1536w, https:\/\/fotsportegyesulet.hu\/wp-content\/uploads\/2021\/06\/199423916_10159220572963399_4216313604003291771_n.jpg 1543w\" sizes=\"auto, (max-width: 1024px) 100vw, 1024px\" \/>Els\u0151 k\u00f6rben az U15 ut\u00e1np\u00f3tl\u00e1s csapat\u00e1nak edz\u0151j\u00e9vel, K\u00e1rp\u00e1ti Gy\u00f6rggyel besz\u00e9lgett\u00fcnk. Gy\u00f6rgy n\u00e9gyunok\u00e1s boldog nagypapa. Fi\u00e1nak k\u00e9t gy\u00f6ny\u00f6r\u0171 kisl\u00e1nya van, Lujza, \u00e9s D\u00f3ra. Lujzi igazi magyark\u00e9nt, l\u00f3ra termett, \u00fcgyesen lovagol. L\u00e1ny\u00e1n\u00e1l k\u00e9t csod\u00e1latos kisfi\u00fa sz\u00fcletett, Barnab\u00e1s, \u00e9s Iv\u00e1n. Barnus igazolt labdar\u00fag\u00f3, nagyon tehets\u00e9ges Iv\u00e1nka 1 \u00e9ves l\u00e9t\u00e9re, nemcsak j\u00e1r, de m\u00e1r vezeti a labd\u00e1t! Feles\u00e9g\u00e9vel most \u00fcnnepelt\u00e9k 40. h\u00e1zass\u00e1gi \u00e9vfordul\u00f3nkat.<\/p>\n<p>Megtenn\u00e9, hogy el\u00f6lj\u00e1r\u00f3ban az olvas\u00f3k kedv\u00e9\u00e9rt egy kicsit bemutatn\u00e1 a labdar\u00fag\u00f3i p\u00e1lyafut\u00e1s\u00e1t?<\/p>\n<p>A Vasas, \u00e9s a Ferencv\u00e1ros serd\u00fcl\u0151 csapataiban sportoltam. Ifj\u00fas\u00e1gi, \u00e9s feln\u0151tt j\u00e1t\u00e9kosk\u00e9nt Budapest amat\u0151r egyes\u00fcleteiben fociztam (K\u00fclker SC, F\u0151nix AFC). \u00d6regfi\u00fak\u00e9nt is minden h\u00e9tv\u00e9g\u00e9n kisp\u00e1ly\u00e1ztunk a bar\u00e1tokkal.<\/p>\n<p>Hogyan tal\u00e1ltak egym\u00e1sra a F\u00f3t SE-vel?<\/p>\n<p>Gujd\u00e1r S\u00e1ndor a F\u00f3t feln\u0151tt csapat\u00e1t ir\u00e1ny\u00edtotta, amikor 2013-ban elh\u00edvott az U12-es fiatalokhoz. K\u00e9s\u0151bb \u00e1tvettem az ifj\u00fas\u00e1gi (U18) g\u00e1rd\u00e1t is. F\u00e9ltem, hogy t\u00e9rdprot\u00e9zis m\u0171t\u00e9tem (2017), a labdar\u00fag\u00e1s akt\u00edv r\u00e9szv\u00e9tel\u00e9nek v\u00e9g\u00e9t jelenti. \u00d6r\u00f6k h\u00e1la orvosaimnak szak\u00e9rtelm\u00fck\u00e9rt, \u00e9s a Nagy csal\u00e1dnak, akik tavaly visszah\u00edvtak az U15-\u00f6s koroszt\u00e1lyhoz.<\/p>\n<p>Tudta, hogy mivel fog j\u00e1rni ez a szerepk\u00f6r?<\/p>\n<p>A tin\u00e9dzser kor sz\u00e9ls\u0151s\u00e9geinek kezel\u00e9se, emberileg is, szakmailag is, nagyon komoly kih\u00edv\u00e1s. Mosolyogva \u00f6sszekacsintunk a sz\u00fcl\u0151kkel.<\/p>\n<p>Mennyi idej\u00e9t veszi ig\u00e9nybe ez a munka, \u00e9s hogyan tudja \u00f6sszeegyeztetni az egy\u00e9b napi szint\u0171 feladataival?<\/p>\n<p>A nyugodt csal\u00e1di h\u00e1tt\u00e9r, \u00e9s sportbar\u00e1t munkat\u00e1rsaim biztos\u00edtj\u00e1k sz\u00e1momra az id\u0151t, hogy h\u00f3dolhassak a labdar\u00fag\u00e1s m\u0171v\u00e9szete el\u0151tt.<\/p>\n<p>Hosszabb t\u00e1vra tervez a f\u00f3ti ut\u00e1np\u00f3tl\u00e1s munk\u00e1t\u200b tekintve?<\/p>\n<p>A Kapit\u00e1ny Zolt\u00e1n vezette egyes\u00fclet, \u00e9s a Szkala S\u00e1ndor \u00e1ltal ir\u00e1ny\u00edtott labdar\u00fag\u00f3 szakoszt\u00e1ly, min\u0151s\u00e9gi garanci\u00e1t jelent. Szeretn\u00e9k sok\u00e1ig fontos l\u00e1ncszeme maradni ennek a dinamikus fejl\u0151d\u00e9snek, amit F\u00f3ton tapasztalunk.<\/p>\n<p>Milyen tervek \u00e9s c\u00e9lok vannak a 2021\/2022-es \u00e9vadra\u200b vonatkoz\u00f3an?<\/p>\n<p>A pand\u00e9mia ellen\u00e9re, siker\u00fclt a r\u00f6vidt\u00e1v\u00fa c\u00e9lnak megfelelni, egy sz\u00e9tesett koroszt\u00e1lyt, 20 igazolt sportol\u00f3ra b\u0151v\u00edteni. A t\u00e1rsas\u00e1g fele Z\u00e9n\u00f3 b\u00e1n\u00e1l pall\u00e9roz\u00f3dott, a m\u00e1sik fele most kezdte a labdar\u00fag\u00e1st. A csapat z\u00f6m\u00e9ben van al\u00e1zat a j\u00e1t\u00e9k ir\u00e1nt, megadj\u00e1k a tiszteletet k\u00f6rnyezet\u00fcknek, \u00e9s szorgalmasak, amit a 90 sz\u00e1zal\u00e9kos edz\u00e9s l\u00e1togatotts\u00e1g jelez. \u00cdgy a re\u00e1lis hossz\u00fa t\u00e1v\u00fa c\u00e9l, a k\u00f6z\u00e9pmez\u0151ny.<\/p>\n<p>Kor\u00e1bban edz\u0151sk\u00f6d\u00f6tt F\u00f3ton k\u00edv\u00fcl m\u00e1shol is?<\/p>\n<p>Amat\u0151r egyes\u00fcletek alkalmaz\u00e1s\u00e1ban, edz\u0151i karrieremben minden koroszt\u00e1ly szerepelt m\u00e1r, az \u00f3vod\u00e1sokt\u00f3l kezdve, eg\u00e9szen a n\u0151i szak\u00e1g toborz\u00e1s\u00e1ig. Az \u00f6t bajnoki c\u00edm, \u00e9s a k\u00e9t feljut\u00e1st jelent\u0151 ez\u00fcst\u00e9rem, b\u00fcszkes\u00e9ggel t\u00f6lt el. Az egyik kedvenc szezonom 20 \u00e9vvel ezel\u0151ttr\u0151l, ahol Mikulka Gyul\u00e1val (most a F\u00f3t feln\u0151tt csapatkapit\u00e1nya), \u00e9s a fiammal egy\u00fctt \u00fcnnepelt\u00fck bajnok ifi csapatunkat.<\/p>\n<p>Kik azok akik legink\u00e1bb hatottak a fejl\u0151d\u00e9s\u00e9re?<\/p>\n<p>K\u00f6z\u00e9piskol\u00e1m (K\u00f6nyves K\u00e1lm\u00e1n Gimn\u00e1zium) pedag\u00f3gusaira, a Testnevel\u00e9si Egyetem tan\u00e1raira, p\u00e9ldak\u00e9pk\u00e9nt feln\u00e9zek. Volt edz\u0151imnek k\u00f6sz\u00f6nhetem, hogy eg\u00e9szs\u00e9gesen \u00e9lhetek teljes \u00e9letet. A labdar\u00fag\u00e1s speci\u00e1lis rejtelmeit, Gujd\u00e1r S\u00e1ndor (25-sz\u00f6r\u00f6s magyar v\u00e1logatott kapus), V\u00e1czi Zolt\u00e1n (v\u00e1logatott csat\u00e1r), Grezner Mih\u00e1ly (n\u0151i NBI-es csapat edz\u0151je) bar\u00e1taim osztott\u00e1k meg velem. Edz\u0151nek lenni \u00f6r\u00f6k tanul\u00e1si folyamatot jelent. A mai kor k\u00f6vetelm\u00e9nyeinek megfelel\u0151en, most sokat seg\u00edt, Cs\u00e1ki Istv\u00e1n-Tak\u00e1cs Mih\u00e1ly k\u00f6nyve, Labdar\u00fag\u00e1s \u00e9s tudom\u00e1ny c\u00edmmel.<\/p>\n<p>Hogyan zajlik a mindennapos munka a F\u00f3t Se-n\u00e9l?<\/p>\n<p>Hat hetes felk\u00e9sz\u00fcl\u00e9si cikluson bel\u00fcl, heti h\u00e1rom, m\u00e1sf\u00e9l \u00f3r\u00e1s edz\u00e9st tervez\u00fcnk. Kedden j\u00e1t\u00e9kosan \u00e1ll\u00f3k\u00e9pess\u00e9get fejleszt\u00fcnk, cs\u00fct\u00f6rt\u00f6k\u00f6n technik\u00e1san taktik\u00e1zunk. Szerd\u00e1nk\u00e9nt kis l\u00e9tsz\u00e1mban, egy\u00e9ni, posztonk\u00e9nti fejleszt\u00e9s t\u00f6rt\u00e9nik, a kapusokn\u00e1l T\u00fczk\u0151 J\u00f3zsef seg\u00edts\u00e9g\u00e9vel. A h\u00e9tv\u00e9g\u00e9ket m\u00e9rk\u0151z\u00e9sekkel d\u00fas\u00edtjuk, mert onnan lehet n\u00e9lk\u00fcl\u00f6zhetetlen tapasztalatot szerezni.<\/p>\n<p>Az interj\u00fankat k\u00e9t tehets\u00e9ges, fiatal labdar\u00fag\u00f3val folytatjuk Tak\u00e1cs Barnab\u00e1ssal \u00e9s Sz\u00e1sz Krist\u00f3ffal. Mindketten t\u00f6bb mint 7 \u00e9ve er\u0151s\u00edtik a F\u00f3t SE labdar\u00fag\u00f3 szakoszt\u00e1ly\u00e1t, az U15-\u00f6s koroszt\u00e1lyt.<\/p>\n<div id=\"attachment_2592\" style=\"width: 776px\" class=\"wp-caption aligncenter\"><img loading=\"lazy\" decoding=\"async\" aria-describedby=\"caption-attachment-2592\" class=\"wp-image-2592 size-large\" src=\"https:\/\/fotsportegyesulet.hu\/wp-content\/uploads\/2021\/06\/192215417_239099137988462_430215519680763315_n-766x1024.jpg\" alt=\"\" width=\"766\" height=\"1024\" srcset=\"https:\/\/fotsportegyesulet.hu\/wp-content\/uploads\/2021\/06\/192215417_239099137988462_430215519680763315_n-766x1024.jpg 766w, https:\/\/fotsportegyesulet.hu\/wp-content\/uploads\/2021\/06\/192215417_239099137988462_430215519680763315_n-224x300.jpg 224w, https:\/\/fotsportegyesulet.hu\/wp-content\/uploads\/2021\/06\/192215417_239099137988462_430215519680763315_n-768x1027.jpg 768w, https:\/\/fotsportegyesulet.hu\/wp-content\/uploads\/2021\/06\/192215417_239099137988462_430215519680763315_n-1149x1536.jpg 1149w, https:\/\/fotsportegyesulet.hu\/wp-content\/uploads\/2021\/06\/192215417_239099137988462_430215519680763315_n.jpg 1532w\" sizes=\"auto, (max-width: 766px) 100vw, 766px\" \/><p id=\"caption-attachment-2592\" class=\"wp-caption-text\">Sz\u00e1sz Krist\u00f3f \u00e9s Tak\u00e1cs Barnab\u00e1s<\/p><\/div>\n<p>Mi\u00f3ta sportoltok a F\u00f3t Se Labdar\u00fag\u00f3 szakoszt\u00e1ly\u00e1ban?<\/p>\n<p>Krist\u00f3f: 2013 \u00f3ta focizom a csapatn\u00e1l. Els\u0151s koromban kezdtem el focizni egy akkori oszt\u00e1lyt\u00e1rsam invit\u00e1l\u00e1s\u00e1ra. G\u00e1sp\u00e1r Z\u00e9n\u00f3 foci edz\u00e9se alatt. Az\u00f3ta is \u00f6r\u00fcl\u00f6k, hogy ezt a sportot \u0171z\u0151m.<\/p>\n<p>Barnab\u00e1s: \u00dagy eml\u00e9kszem, olyan 8 \u00e9ves koromban kezdtem lej\u00e1rni Z\u00e9n\u00f3b\u00e1-hoz.<\/p>\n<p>Mit szerettek legjobban az edz\u00e9seken?<\/p>\n<p>Krist\u00f3f: Amikor az eg\u00e9sz csapat egyszerre tanulja a posztjait \u00e9s arra val\u00f3 r\u00e1hangol\u00f3d\u00e1s\u00e1t.A lek\u00e9sz\u00edtett passzokb\u00f3l val\u00f3 kapura r\u00fag\u00e1st. A sok edz\u00e9s \u00e9s gyakorl\u00e1s n\u00f6veli a csapat meccsek el\u0151tti \u00f6nbizalm\u00e1t \u00e9s elsz\u00e1nts\u00e1g\u00e1t. Gyuri b\u00e1csi kitart\u00f3 \u00e9s kiv\u00e1l\u00f3 szakmai ir\u00e1ny\u00edt\u00e1sa alatt sokat fejl\u0151dik a csapat \u00e9s egyre sikeresebb\u00e9 v\u00e1lhatunk.<\/p>\n<p>Barnab\u00e1s: Mivel nagy szerepet j\u00e1tszik az \u00e9letemben a mozg\u00e1s, minden edz\u00e9st nagy kedvvel, motiv\u00e1ltan kezdem. Az edz\u0151m: K\u00e1rp\u00e1ti Gyurib\u00e1 hozz\u00e1\u00e1ll\u00e1sa \u00e9s kitart\u00f3 munk\u00e1ja, ami igaz\u00e1n tetszik.<\/p>\n<p>Hogyan \u00e9rt\u00e9kelitek az edz\u00e9smunk\u00e1t?<\/p>\n<p>Krist\u00f3f: Sokat gyakoroljuk a posztonk\u00e9nt val\u00f3 elhelyezked\u00e9st \u00e9s ez nagyon sokat seg\u00edt a csapat j\u00f6v\u0151j\u00e9n. Gyuri b\u00e1csi napr\u00f3l-napra \u00faj feladatokkal \u00e1ll el\u0151, ami el\u0151seg\u00edti a csapat meccseken val\u00f3 r\u00e9szv\u00e9tel\u00e9t \u00e9s eredm\u00e9nyess\u00e9g\u00e9t. Ebben a csapatban egy\u00fctt nyer\u00fcnk, egy\u00fctt vesz\u00edt\u00fcnk, b\u00e1rmilyen helyzetben b\u00edztatjuk egym\u00e1st.<\/p>\n<p>Barnab\u00e1s: Az edz\u00e9ssel nincs baj, az \u00e9n megl\u00e1t\u00e1som szerint a j\u00e1t\u00e9kosok d\u00f6nt\u0151 t\u00f6bbs\u00e9g\u00e9nek nagyobb odafigyel\u00e9ssel k\u00e9ne v\u00e9gezni a feladatokat.<\/p>\n<p>Hogyan \u00e9rt\u00e9kelitek az edz\u0151t\u00f6k munk\u00e1j\u00e1t?<\/p>\n<p>Krist\u00f3f:Gyuri b\u00e1csi mindent megtesz annak \u00e9rdek\u00e9ben, hogy a legjobbat hozza ki a csapatb\u00f3l. J\u00f3 megl\u00e1t\u00e1saival, hat\u00e1rozotts\u00e1g\u00e1val \u00fct\u0151k\u00e9pes csapatot hozott l\u00e9tre, illetve m\u00e9g hozhat l\u00e9tre a j\u00f6v\u0151ben. Szerencs\u00e9sek vagyunk, hogy ilyen nagy sz\u00edvvel, odaad\u00e1ssal \u00e9s magas szakmai k\u00e9pzetts\u00e9g\u00e9vel \u0151 a csapatunk t\u00e1masza.<\/p>\n<p>Barnab\u00e1s: Az edz\u0151m a lehet\u0151 legt\u00f6bbet tesz mindenki\u00e9rt, hogy mindenki a maximumot adja ki mag\u00e1b\u00f3l.<\/p>\n<p>Melyik iskol\u00e1ba j\u00e1rtok?<\/p>\n<p>Krist\u00f3f: F\u00f3ti F\u00e1y Andr\u00e1s \u00c1ltal\u00e1nos Iskola<\/p>\n<p>Barnab\u00e1s: A Garay J\u00e1nos \u00c1ltal\u00e1nos Iskol\u00e1ba j\u00e1rok.<\/p>\n<p>Hogy f\u00e9r \u00f6ssze a tanul\u00e1s a sporttal?<\/p>\n<p>Krist\u00f3f: \u00c1ltal\u00e1ban az iskol\u00e1t f\u00e9l h\u00e1romkor fejezem be, haza\u00e9rve megeb\u00e9delek, megcsin\u00e1lom a h\u00e1zi feladataimat, illetve k\u00e9sz\u00fcl\u00f6k a m\u00e1snapi \u00f3r\u00e1kra. Ha ezekkel v\u00e9geztem, biciklivel indulok az edz\u00e9sre az egyik legjobb bar\u00e1tommal, Asztalos \u00c1d\u00e1mmal.Ha befejeztem az edz\u00e9st \u00e9s m\u00e9g maradt tanulni val\u00f3m, akkor p\u00f3tolom azokat.<\/p>\n<div id=\"attachment_2591\" style=\"width: 776px\" class=\"wp-caption aligncenter\"><img loading=\"lazy\" decoding=\"async\" aria-describedby=\"caption-attachment-2591\" class=\"wp-image-2591 size-large\" src=\"https:\/\/fotsportegyesulet.hu\/wp-content\/uploads\/2021\/06\/191648332_815389079084521_3325305215811213689_n-766x1024.jpg\" alt=\"\" width=\"766\" height=\"1024\" srcset=\"https:\/\/fotsportegyesulet.hu\/wp-content\/uploads\/2021\/06\/191648332_815389079084521_3325305215811213689_n-766x1024.jpg 766w, https:\/\/fotsportegyesulet.hu\/wp-content\/uploads\/2021\/06\/191648332_815389079084521_3325305215811213689_n-224x300.jpg 224w, https:\/\/fotsportegyesulet.hu\/wp-content\/uploads\/2021\/06\/191648332_815389079084521_3325305215811213689_n-768x1027.jpg 768w, https:\/\/fotsportegyesulet.hu\/wp-content\/uploads\/2021\/06\/191648332_815389079084521_3325305215811213689_n-1149x1536.jpg 1149w, https:\/\/fotsportegyesulet.hu\/wp-content\/uploads\/2021\/06\/191648332_815389079084521_3325305215811213689_n.jpg 1532w\" sizes=\"auto, (max-width: 766px) 100vw, 766px\" \/><p id=\"caption-attachment-2591\" class=\"wp-caption-text\">Sz\u00e1sz Krist\u00f3f<\/p><\/div>\n<p>Barnab\u00e1s: \u00c9n szem\u00e9ly szerint este jobban tudok tanulni, \u00edgy \u00e1lltal\u00e1ban edz\u00e9sek ut\u00e1n tanulok.<\/p>\n<p>Szoktatok-e az edz\u00e9seken k\u00edv\u00fcl is gyakorolni?<\/p>\n<p>Krist\u00f3f: H\u00e9t k\u00f6zben mindennap lent vagyok a p\u00e1ly\u00e1n a bar\u00e1tommal. Id\u0151j\u00e1r\u00e1st\u00f3l f\u00fcggetlen\u00fcl mindig szak\u00edtok legal\u00e1bb k\u00e9t \u00f3r\u00e1t a focira. A foci az \u00e9letem r\u00e9sz\u00e9v\u00e9 v\u00e1lt.<\/p>\n<p>Barnab\u00e1s: Igen, Mi\u00f3ta nem lehet gyakorolni a p\u00e1ly\u00e1n \u00edgy k\u00e9nytelen vagyok a kert\u00fcnkben focizni.<\/p>\n<p>Milyen felszerel\u00e9snek, l\u00e9tes\u00edtm\u00e9nynek \u00f6r\u00fcln\u00e9tek a legjobban?<\/p>\n<p>Krist\u00f3f: Ebben az egyes\u00fcletben sz\u00e1momra minden felt\u00e9tel biztos\u00edtva van.<\/p>\n<p>Barnab\u00e1s: J\u00f3 \u00f6tletnek tartan\u00e1m egy nagy m\u0171f\u00fcves p\u00e1lya meg\u00e9p\u00edt\u00e9s\u00e9t hasonl\u00f3an Mogyor\u00f3dihoz<\/p>\n<p>Van-e testv\u00e9retek? \u0150 is sportol?<\/p>\n<p>Krist\u00f3f: H\u00e1rom kisebb testv\u00e9rem van. A 12 \u00e9ves \u00c1kos a krav maga nev\u0171 sportot \u0171zi. A 10 \u00e9ves D\u00e1vid lovagolni j\u00e1r. A 7 \u00e9ves h\u00fagom t\u00e1ncol.<\/p>\n<p>Barnab\u00e1s: Van egy b\u00e1ty\u00e1m, \u0151 m\u00e1r \u00f3vod\u00e1s kor\u00e1ban kezdte a focit, de sajnos hamar abbahagyta.<\/p>\n<p>Ki a kedvenc sportol\u00f3tok, p\u00e9ldak\u00e9petek?<\/p>\n<p>Krist\u00f3f: Manuel Neuer vil\u00e1gh\u00edr\u0171 kapus, aki a Bayern M\u00fcnchen csapat\u00e1ban j\u00e1tszik.<\/p>\n<p>Barnab\u00e1s: A Barcelon\u00e1t er\u0151s\u00edt\u0151 k\u00f6z\u00e9pp\u00e1ly\u00e1s Frenkie De Jong.<\/p>\n<p>Szerintetek mi a legfontosabb felt\u00e9tel, hogy sikeres sportol\u00f3 v\u00e1lhasson bel\u0151letek?<\/p>\n<p>Krist\u00f3f: Al\u00e1zat, tisztelet a csapatt\u00e1rsaim, ellenfeleim \u00e9s az edz\u0151 ir\u00e1nt. A kitart\u00e1s \u00e9s a sok\u00e9vi munka meghozza gy\u00fcm\u00f6lcs\u00e9t. \u00c9s persze egy j\u00f3 edz\u0151, amilyen nek\u00fcnk is van.<\/p>\n<p>Barnab\u00e1s: Egy\u00e9rtelm\u0171en a kitart\u00e1s \u00e9s a szorgalmas munka \u00e9s hogy soha ne vesz\u00edtsem el a kedvemet a sportt\u00f3l, ha esetleg egy m\u00e9rk\u0151z\u00e9s nem \u00fagy siker\u00fcl ahogy \u00e9n azt akarom.<\/p>\n<p>A F\u00f3t sportegyes\u00fclet tudna-e t\u00f6bbet tenni az\u00e9rt, hogy megval\u00f3s\u00edts\u00e1tok a terveiteket?<\/p>\n<p>Krist\u00f3f: El\u0151rel\u00e1that\u00f3lag nincs olyan amb\u00edci\u00f3m, ami arr\u00f3l sz\u00f3lna, hogy ak\u00e1r vil\u00e1gh\u00edr\u0171 focista is lehessek. A 8 \u00e9vem alatt nagyon sokat fejl\u0151d\u00f6tt az egyes\u00fclet mindenf\u00e9le t\u00e9ren. Mindent megtettek annak \u00e9rdek\u00e9ben, hogy j\u00f3 eredm\u00e9nyeket \u00e9rhessek el.<\/p>\n<p>Barnab\u00e1s: Sz\u00ednvonalas edz\u0151i munka fenntart\u00e1sa t\u00f6bb fiatal tehets\u00e9g leigazol\u00e1s\u00e1val, kinevel\u00e9s\u00e9vel<\/p>\n<p>K\u00f6sz\u00f6nj\u00fck a v\u00e1laszokat. Szuper nyarat k\u00edv\u00e1nunk Nektek!<\/p>\n<p>V\u00e1runk minden sportot szeret\u0151 vagy kipr\u00f3b\u00e1lni v\u00e1gy\u00f3 gyermeket, \u00e9s feln\u0151ttet a szakoszt\u00e1lyainkba.<\/p>\n<p>El\u00e9rhet\u0151s\u00e9g: Kapit\u00e1ny Zolt\u00e1n +36 20\u00a0932 0655<\/p>\n<p>&nbsp;<\/p>\n","protected":false},"excerpt":{"rendered":"<p>Az U15-\u00f6s csapat kapcs\u00e1n  a csapat edz\u0151j\u00e9vel, \u00e9s k\u00e9t tehets\u00e9g labdar\u00fag\u00f3val besz\u00e9lgett\u00fcnk.<\/p>\n","protected":false},"author":3,"featured_media":2595,"comment_status":"closed","ping_status":"open","sticky":false,"template":"","format":"standard","meta":{"_bbp_topic_count":0,"_bbp_reply_count":0,"_bbp_total_topic_count":0,"_bbp_total_reply_count":0,"_bbp_voice_count":0,"_bbp_anonymous_reply_count":0,"_bbp_topic_count_hidden":0,"_bbp_reply_count_hidden":0,"_bbp_forum_subforum_count":0,"_price":"","_stock":"","_tribe_ticket_header":"","_tribe_default_ticket_provider":"","_ticket_start_date":"","_ticket_end_date":"","_tribe_ticket_show_description":"","_tribe_ticket_show_not_going":false,"_tribe_ticket_use_global_stock":"","_tribe_ticket_global_stock_level":"","_global_stock_mode":"","_global_stock_cap":"","_tribe_rsvp_for_event":"","_tribe_ticket_going_count":"","_tribe_ticket_not_going_count":"","_tribe_tickets_list":"[]","_tribe_ticket_has_attendee_info_fields":false,"footnotes":""},"categories":[1,68],"tags":[114,100],"class_list":["post-2590","post","type-post","status-publish","format-standard","has-post-thumbnail","hentry","category-hirek","category-labdarugas_utanpotlas","tag-u15","tag-utanpotlas"],"yoast_head":"<!-- This site is optimized with the Yoast SEO plugin v25.7 - https:\/\/yoast.com\/wordpress\/plugins\/seo\/ -->\n<title>Interj\u00fa K\u00e1rp\u00e1ti Gy\u00f6rggyel,Tak\u00e1cs Barnab\u00e1ssal \u00e9s Sz\u00e1sz Krist\u00f3ffal - F\u00d3T SPORTEGYES\u00dcLET<\/title>\n<meta name=\"robots\" content=\"index, follow, max-snippet:-1, max-image-preview:large, max-video-preview:-1\" \/>\n<link rel=\"canonical\" href=\"https:\/\/fotsportegyesulet.hu\/index.php\/2021\/06\/11\/interju-karpati-gyorggyel-az-u15-os-csapatunk-edzojevel-es-ket-fiatal-tehetseges-labdarugoval-takacs-barnabassal-es-szasz-kristoffal\/\" \/>\n<meta property=\"og:locale\" content=\"hu_HU\" \/>\n<meta property=\"og:type\" content=\"article\" \/>\n<meta property=\"og:title\" content=\"Interj\u00fa K\u00e1rp\u00e1ti Gy\u00f6rggyel,Tak\u00e1cs Barnab\u00e1ssal \u00e9s Sz\u00e1sz Krist\u00f3ffal - F\u00d3T SPORTEGYES\u00dcLET\" \/>\n<meta property=\"og:description\" content=\"Az U15-\u00f6s csapat kapcs\u00e1n a csapat edz\u0151j\u00e9vel, \u00e9s k\u00e9t tehets\u00e9g labdar\u00fag\u00f3val besz\u00e9lgett\u00fcnk.\" \/>\n<meta property=\"og:url\" content=\"https:\/\/fotsportegyesulet.hu\/index.php\/2021\/06\/11\/interju-karpati-gyorggyel-az-u15-os-csapatunk-edzojevel-es-ket-fiatal-tehetseges-labdarugoval-takacs-barnabassal-es-szasz-kristoffal\/\" \/>\n<meta property=\"og:site_name\" content=\"F\u00d3T SPORTEGYES\u00dcLET\" \/>\n<meta property=\"article:publisher\" content=\"https:\/\/www.facebook.com\/fotsportegyesulet\/\" \/>\n<meta property=\"article:published_time\" content=\"2021-06-11T13:58:12+00:00\" \/>\n<meta property=\"article:modified_time\" content=\"2021-06-11T14:08:11+00:00\" \/>\n<meta property=\"og:image\" content=\"https:\/\/fotsportegyesulet.hu\/wp-content\/uploads\/2021\/06\/Csoportkep_956x455.jpg\" \/>\n\t<meta property=\"og:image:width\" content=\"956\" \/>\n\t<meta property=\"og:image:height\" content=\"455\" \/>\n\t<meta property=\"og:image:type\" content=\"image\/jpeg\" \/>\n<meta name=\"author\" content=\"F\u00f3t SE\" \/>\n<meta name=\"twitter:card\" content=\"summary_large_image\" \/>\n<meta name=\"twitter:label1\" content=\"Szerz\u0151:\" \/>\n\t<meta name=\"twitter:data1\" content=\"F\u00f3t SE\" \/>\n\t<meta name=\"twitter:label2\" content=\"Becs\u00fclt olvas\u00e1si id\u0151\" \/>\n\t<meta name=\"twitter:data2\" content=\"6 perc\" \/>\n<script type=\"application\/ld+json\" class=\"yoast-schema-graph\">{\"@context\":\"https:\/\/schema.org\",\"@graph\":[{\"@type\":\"Article\",\"@id\":\"https:\/\/fotsportegyesulet.hu\/index.php\/2021\/06\/11\/interju-karpati-gyorggyel-az-u15-os-csapatunk-edzojevel-es-ket-fiatal-tehetseges-labdarugoval-takacs-barnabassal-es-szasz-kristoffal\/#article\",\"isPartOf\":{\"@id\":\"https:\/\/fotsportegyesulet.hu\/index.php\/2021\/06\/11\/interju-karpati-gyorggyel-az-u15-os-csapatunk-edzojevel-es-ket-fiatal-tehetseges-labdarugoval-takacs-barnabassal-es-szasz-kristoffal\/\"},\"author\":{\"name\":\"F\u00f3t SE\",\"@id\":\"https:\/\/fotsportegyesulet.hu\/#\/schema\/person\/8750ccb3a5183172b75dcc348ffbdbb1\"},\"headline\":\"Interj\u00fa K\u00e1rp\u00e1ti Gy\u00f6rggyel,Tak\u00e1cs Barnab\u00e1ssal \u00e9s Sz\u00e1sz Krist\u00f3ffal\",\"datePublished\":\"2021-06-11T13:58:12+00:00\",\"dateModified\":\"2021-06-11T14:08:11+00:00\",\"mainEntityOfPage\":{\"@id\":\"https:\/\/fotsportegyesulet.hu\/index.php\/2021\/06\/11\/interju-karpati-gyorggyel-az-u15-os-csapatunk-edzojevel-es-ket-fiatal-tehetseges-labdarugoval-takacs-barnabassal-es-szasz-kristoffal\/\"},\"wordCount\":1867,\"publisher\":{\"@id\":\"https:\/\/fotsportegyesulet.hu\/#organization\"},\"image\":{\"@id\":\"https:\/\/fotsportegyesulet.hu\/index.php\/2021\/06\/11\/interju-karpati-gyorggyel-az-u15-os-csapatunk-edzojevel-es-ket-fiatal-tehetseges-labdarugoval-takacs-barnabassal-es-szasz-kristoffal\/#primaryimage\"},\"thumbnailUrl\":\"https:\/\/fotsportegyesulet.hu\/wp-content\/uploads\/2021\/06\/Csoportkep_956x455.jpg\",\"keywords\":[\"U15\",\"ut\u00e1np\u00f3tl\u00e1s\"],\"articleSection\":[\"H\u00edrek\",\"Labdar\u00fag\u00e1s (ut\u00e1np\u00f3tl\u00e1s)\"],\"inLanguage\":\"hu\"},{\"@type\":\"WebPage\",\"@id\":\"https:\/\/fotsportegyesulet.hu\/index.php\/2021\/06\/11\/interju-karpati-gyorggyel-az-u15-os-csapatunk-edzojevel-es-ket-fiatal-tehetseges-labdarugoval-takacs-barnabassal-es-szasz-kristoffal\/\",\"url\":\"https:\/\/fotsportegyesulet.hu\/index.php\/2021\/06\/11\/interju-karpati-gyorggyel-az-u15-os-csapatunk-edzojevel-es-ket-fiatal-tehetseges-labdarugoval-takacs-barnabassal-es-szasz-kristoffal\/\",\"name\":\"Interj\u00fa K\u00e1rp\u00e1ti Gy\u00f6rggyel,Tak\u00e1cs Barnab\u00e1ssal \u00e9s Sz\u00e1sz Krist\u00f3ffal - F\u00d3T SPORTEGYES\u00dcLET\",\"isPartOf\":{\"@id\":\"https:\/\/fotsportegyesulet.hu\/#website\"},\"primaryImageOfPage\":{\"@id\":\"https:\/\/fotsportegyesulet.hu\/index.php\/2021\/06\/11\/interju-karpati-gyorggyel-az-u15-os-csapatunk-edzojevel-es-ket-fiatal-tehetseges-labdarugoval-takacs-barnabassal-es-szasz-kristoffal\/#primaryimage\"},\"image\":{\"@id\":\"https:\/\/fotsportegyesulet.hu\/index.php\/2021\/06\/11\/interju-karpati-gyorggyel-az-u15-os-csapatunk-edzojevel-es-ket-fiatal-tehetseges-labdarugoval-takacs-barnabassal-es-szasz-kristoffal\/#primaryimage\"},\"thumbnailUrl\":\"https:\/\/fotsportegyesulet.hu\/wp-content\/uploads\/2021\/06\/Csoportkep_956x455.jpg\",\"datePublished\":\"2021-06-11T13:58:12+00:00\",\"dateModified\":\"2021-06-11T14:08:11+00:00\",\"breadcrumb\":{\"@id\":\"https:\/\/fotsportegyesulet.hu\/index.php\/2021\/06\/11\/interju-karpati-gyorggyel-az-u15-os-csapatunk-edzojevel-es-ket-fiatal-tehetseges-labdarugoval-takacs-barnabassal-es-szasz-kristoffal\/#breadcrumb\"},\"inLanguage\":\"hu\",\"potentialAction\":[{\"@type\":\"ReadAction\",\"target\":[\"https:\/\/fotsportegyesulet.hu\/index.php\/2021\/06\/11\/interju-karpati-gyorggyel-az-u15-os-csapatunk-edzojevel-es-ket-fiatal-tehetseges-labdarugoval-takacs-barnabassal-es-szasz-kristoffal\/\"]}]},{\"@type\":\"ImageObject\",\"inLanguage\":\"hu\",\"@id\":\"https:\/\/fotsportegyesulet.hu\/index.php\/2021\/06\/11\/interju-karpati-gyorggyel-az-u15-os-csapatunk-edzojevel-es-ket-fiatal-tehetseges-labdarugoval-takacs-barnabassal-es-szasz-kristoffal\/#primaryimage\",\"url\":\"https:\/\/fotsportegyesulet.hu\/wp-content\/uploads\/2021\/06\/Csoportkep_956x455.jpg\",\"contentUrl\":\"https:\/\/fotsportegyesulet.hu\/wp-content\/uploads\/2021\/06\/Csoportkep_956x455.jpg\",\"width\":956,\"height\":455},{\"@type\":\"BreadcrumbList\",\"@id\":\"https:\/\/fotsportegyesulet.hu\/index.php\/2021\/06\/11\/interju-karpati-gyorggyel-az-u15-os-csapatunk-edzojevel-es-ket-fiatal-tehetseges-labdarugoval-takacs-barnabassal-es-szasz-kristoffal\/#breadcrumb\",\"itemListElement\":[{\"@type\":\"ListItem\",\"position\":1,\"name\":\"Kezd\u0151lap\",\"item\":\"https:\/\/fotsportegyesulet.hu\/\"},{\"@type\":\"ListItem\",\"position\":2,\"name\":\"Interj\u00fa K\u00e1rp\u00e1ti Gy\u00f6rggyel,Tak\u00e1cs Barnab\u00e1ssal \u00e9s Sz\u00e1sz Krist\u00f3ffal\"}]},{\"@type\":\"WebSite\",\"@id\":\"https:\/\/fotsportegyesulet.hu\/#website\",\"url\":\"https:\/\/fotsportegyesulet.hu\/\",\"name\":\"F\u00d3T SPORTEGYES\u00dcLET\",\"description\":\"\",\"publisher\":{\"@id\":\"https:\/\/fotsportegyesulet.hu\/#organization\"},\"potentialAction\":[{\"@type\":\"SearchAction\",\"target\":{\"@type\":\"EntryPoint\",\"urlTemplate\":\"https:\/\/fotsportegyesulet.hu\/?s={search_term_string}\"},\"query-input\":{\"@type\":\"PropertyValueSpecification\",\"valueRequired\":true,\"valueName\":\"search_term_string\"}}],\"inLanguage\":\"hu\"},{\"@type\":\"Organization\",\"@id\":\"https:\/\/fotsportegyesulet.hu\/#organization\",\"name\":\"F\u00f3t Sportegyes\u00fclet\",\"url\":\"https:\/\/fotsportegyesulet.hu\/\",\"logo\":{\"@type\":\"ImageObject\",\"inLanguage\":\"hu\",\"@id\":\"https:\/\/fotsportegyesulet.hu\/#\/schema\/logo\/image\/\",\"url\":\"https:\/\/fotsportegyesulet.hu\/wp-content\/uploads\/2020\/07\/eredeti-sz\u00ednes-vektoros-Fot-cimer-3.png\",\"contentUrl\":\"https:\/\/fotsportegyesulet.hu\/wp-content\/uploads\/2020\/07\/eredeti-sz\u00ednes-vektoros-Fot-cimer-3.png\",\"width\":500,\"height\":500,\"caption\":\"F\u00f3t Sportegyes\u00fclet\"},\"image\":{\"@id\":\"https:\/\/fotsportegyesulet.hu\/#\/schema\/logo\/image\/\"},\"sameAs\":[\"https:\/\/www.facebook.com\/fotsportegyesulet\/\"]},{\"@type\":\"Person\",\"@id\":\"https:\/\/fotsportegyesulet.hu\/#\/schema\/person\/8750ccb3a5183172b75dcc348ffbdbb1\",\"name\":\"F\u00f3t SE\",\"image\":{\"@type\":\"ImageObject\",\"inLanguage\":\"hu\",\"@id\":\"https:\/\/fotsportegyesulet.hu\/#\/schema\/person\/image\/\",\"url\":\"https:\/\/secure.gravatar.com\/avatar\/2f768bb7a490a49aeb2ccaf4bacc94391bbafd4b6aa54eb6f9318ffc80d81dad?s=96&d=mm&r=g\",\"contentUrl\":\"https:\/\/secure.gravatar.com\/avatar\/2f768bb7a490a49aeb2ccaf4bacc94391bbafd4b6aa54eb6f9318ffc80d81dad?s=96&d=mm&r=g\",\"caption\":\"F\u00f3t SE\"},\"sameAs\":[\"http:\/\/fotsportegyesulet.hu\"],\"url\":\"https:\/\/fotsportegyesulet.hu\/index.php\/author\/kapitany-zoltan\/\"}]}<\/script>\n<!-- \/ Yoast SEO plugin. -->","yoast_head_json":{"title":"Interj\u00fa K\u00e1rp\u00e1ti Gy\u00f6rggyel,Tak\u00e1cs Barnab\u00e1ssal \u00e9s Sz\u00e1sz Krist\u00f3ffal - F\u00d3T SPORTEGYES\u00dcLET","robots":{"index":"index","follow":"follow","max-snippet":"max-snippet:-1","max-image-preview":"max-image-preview:large","max-video-preview":"max-video-preview:-1"},"canonical":"https:\/\/fotsportegyesulet.hu\/index.php\/2021\/06\/11\/interju-karpati-gyorggyel-az-u15-os-csapatunk-edzojevel-es-ket-fiatal-tehetseges-labdarugoval-takacs-barnabassal-es-szasz-kristoffal\/","og_locale":"hu_HU","og_type":"article","og_title":"Interj\u00fa K\u00e1rp\u00e1ti Gy\u00f6rggyel,Tak\u00e1cs Barnab\u00e1ssal \u00e9s Sz\u00e1sz Krist\u00f3ffal - F\u00d3T SPORTEGYES\u00dcLET","og_description":"Az U15-\u00f6s csapat kapcs\u00e1n a csapat edz\u0151j\u00e9vel, \u00e9s k\u00e9t tehets\u00e9g labdar\u00fag\u00f3val besz\u00e9lgett\u00fcnk.","og_url":"https:\/\/fotsportegyesulet.hu\/index.php\/2021\/06\/11\/interju-karpati-gyorggyel-az-u15-os-csapatunk-edzojevel-es-ket-fiatal-tehetseges-labdarugoval-takacs-barnabassal-es-szasz-kristoffal\/","og_site_name":"F\u00d3T SPORTEGYES\u00dcLET","article_publisher":"https:\/\/www.facebook.com\/fotsportegyesulet\/","article_published_time":"2021-06-11T13:58:12+00:00","article_modified_time":"2021-06-11T14:08:11+00:00","og_image":[{"width":956,"height":455,"url":"https:\/\/fotsportegyesulet.hu\/wp-content\/uploads\/2021\/06\/Csoportkep_956x455.jpg","type":"image\/jpeg"}],"author":"F\u00f3t SE","twitter_card":"summary_large_image","twitter_misc":{"Szerz\u0151:":"F\u00f3t SE","Becs\u00fclt olvas\u00e1si id\u0151":"6 perc"},"schema":{"@context":"https:\/\/schema.org","@graph":[{"@type":"Article","@id":"https:\/\/fotsportegyesulet.hu\/index.php\/2021\/06\/11\/interju-karpati-gyorggyel-az-u15-os-csapatunk-edzojevel-es-ket-fiatal-tehetseges-labdarugoval-takacs-barnabassal-es-szasz-kristoffal\/#article","isPartOf":{"@id":"https:\/\/fotsportegyesulet.hu\/index.php\/2021\/06\/11\/interju-karpati-gyorggyel-az-u15-os-csapatunk-edzojevel-es-ket-fiatal-tehetseges-labdarugoval-takacs-barnabassal-es-szasz-kristoffal\/"},"author":{"name":"F\u00f3t SE","@id":"https:\/\/fotsportegyesulet.hu\/#\/schema\/person\/8750ccb3a5183172b75dcc348ffbdbb1"},"headline":"Interj\u00fa K\u00e1rp\u00e1ti Gy\u00f6rggyel,Tak\u00e1cs Barnab\u00e1ssal \u00e9s Sz\u00e1sz Krist\u00f3ffal","datePublished":"2021-06-11T13:58:12+00:00","dateModified":"2021-06-11T14:08:11+00:00","mainEntityOfPage":{"@id":"https:\/\/fotsportegyesulet.hu\/index.php\/2021\/06\/11\/interju-karpati-gyorggyel-az-u15-os-csapatunk-edzojevel-es-ket-fiatal-tehetseges-labdarugoval-takacs-barnabassal-es-szasz-kristoffal\/"},"wordCount":1867,"publisher":{"@id":"https:\/\/fotsportegyesulet.hu\/#organization"},"image":{"@id":"https:\/\/fotsportegyesulet.hu\/index.php\/2021\/06\/11\/interju-karpati-gyorggyel-az-u15-os-csapatunk-edzojevel-es-ket-fiatal-tehetseges-labdarugoval-takacs-barnabassal-es-szasz-kristoffal\/#primaryimage"},"thumbnailUrl":"https:\/\/fotsportegyesulet.hu\/wp-content\/uploads\/2021\/06\/Csoportkep_956x455.jpg","keywords":["U15","ut\u00e1np\u00f3tl\u00e1s"],"articleSection":["H\u00edrek","Labdar\u00fag\u00e1s (ut\u00e1np\u00f3tl\u00e1s)"],"inLanguage":"hu"},{"@type":"WebPage","@id":"https:\/\/fotsportegyesulet.hu\/index.php\/2021\/06\/11\/interju-karpati-gyorggyel-az-u15-os-csapatunk-edzojevel-es-ket-fiatal-tehetseges-labdarugoval-takacs-barnabassal-es-szasz-kristoffal\/","url":"https:\/\/fotsportegyesulet.hu\/index.php\/2021\/06\/11\/interju-karpati-gyorggyel-az-u15-os-csapatunk-edzojevel-es-ket-fiatal-tehetseges-labdarugoval-takacs-barnabassal-es-szasz-kristoffal\/","name":"Interj\u00fa K\u00e1rp\u00e1ti Gy\u00f6rggyel,Tak\u00e1cs Barnab\u00e1ssal \u00e9s Sz\u00e1sz Krist\u00f3ffal - F\u00d3T SPORTEGYES\u00dcLET","isPartOf":{"@id":"https:\/\/fotsportegyesulet.hu\/#website"},"primaryImageOfPage":{"@id":"https:\/\/fotsportegyesulet.hu\/index.php\/2021\/06\/11\/interju-karpati-gyorggyel-az-u15-os-csapatunk-edzojevel-es-ket-fiatal-tehetseges-labdarugoval-takacs-barnabassal-es-szasz-kristoffal\/#primaryimage"},"image":{"@id":"https:\/\/fotsportegyesulet.hu\/index.php\/2021\/06\/11\/interju-karpati-gyorggyel-az-u15-os-csapatunk-edzojevel-es-ket-fiatal-tehetseges-labdarugoval-takacs-barnabassal-es-szasz-kristoffal\/#primaryimage"},"thumbnailUrl":"https:\/\/fotsportegyesulet.hu\/wp-content\/uploads\/2021\/06\/Csoportkep_956x455.jpg","datePublished":"2021-06-11T13:58:12+00:00","dateModified":"2021-06-11T14:08:11+00:00","breadcrumb":{"@id":"https:\/\/fotsportegyesulet.hu\/index.php\/2021\/06\/11\/interju-karpati-gyorggyel-az-u15-os-csapatunk-edzojevel-es-ket-fiatal-tehetseges-labdarugoval-takacs-barnabassal-es-szasz-kristoffal\/#breadcrumb"},"inLanguage":"hu","potentialAction":[{"@type":"ReadAction","target":["https:\/\/fotsportegyesulet.hu\/index.php\/2021\/06\/11\/interju-karpati-gyorggyel-az-u15-os-csapatunk-edzojevel-es-ket-fiatal-tehetseges-labdarugoval-takacs-barnabassal-es-szasz-kristoffal\/"]}]},{"@type":"ImageObject","inLanguage":"hu","@id":"https:\/\/fotsportegyesulet.hu\/index.php\/2021\/06\/11\/interju-karpati-gyorggyel-az-u15-os-csapatunk-edzojevel-es-ket-fiatal-tehetseges-labdarugoval-takacs-barnabassal-es-szasz-kristoffal\/#primaryimage","url":"https:\/\/fotsportegyesulet.hu\/wp-content\/uploads\/2021\/06\/Csoportkep_956x455.jpg","contentUrl":"https:\/\/fotsportegyesulet.hu\/wp-content\/uploads\/2021\/06\/Csoportkep_956x455.jpg","width":956,"height":455},{"@type":"BreadcrumbList","@id":"https:\/\/fotsportegyesulet.hu\/index.php\/2021\/06\/11\/interju-karpati-gyorggyel-az-u15-os-csapatunk-edzojevel-es-ket-fiatal-tehetseges-labdarugoval-takacs-barnabassal-es-szasz-kristoffal\/#breadcrumb","itemListElement":[{"@type":"ListItem","position":1,"name":"Kezd\u0151lap","item":"https:\/\/fotsportegyesulet.hu\/"},{"@type":"ListItem","position":2,"name":"Interj\u00fa K\u00e1rp\u00e1ti Gy\u00f6rggyel,Tak\u00e1cs Barnab\u00e1ssal \u00e9s Sz\u00e1sz Krist\u00f3ffal"}]},{"@type":"WebSite","@id":"https:\/\/fotsportegyesulet.hu\/#website","url":"https:\/\/fotsportegyesulet.hu\/","name":"F\u00d3T SPORTEGYES\u00dcLET","description":"","publisher":{"@id":"https:\/\/fotsportegyesulet.hu\/#organization"},"potentialAction":[{"@type":"SearchAction","target":{"@type":"EntryPoint","urlTemplate":"https:\/\/fotsportegyesulet.hu\/?s={search_term_string}"},"query-input":{"@type":"PropertyValueSpecification","valueRequired":true,"valueName":"search_term_string"}}],"inLanguage":"hu"},{"@type":"Organization","@id":"https:\/\/fotsportegyesulet.hu\/#organization","name":"F\u00f3t Sportegyes\u00fclet","url":"https:\/\/fotsportegyesulet.hu\/","logo":{"@type":"ImageObject","inLanguage":"hu","@id":"https:\/\/fotsportegyesulet.hu\/#\/schema\/logo\/image\/","url":"https:\/\/fotsportegyesulet.hu\/wp-content\/uploads\/2020\/07\/eredeti-sz\u00ednes-vektoros-Fot-cimer-3.png","contentUrl":"https:\/\/fotsportegyesulet.hu\/wp-content\/uploads\/2020\/07\/eredeti-sz\u00ednes-vektoros-Fot-cimer-3.png","width":500,"height":500,"caption":"F\u00f3t Sportegyes\u00fclet"},"image":{"@id":"https:\/\/fotsportegyesulet.hu\/#\/schema\/logo\/image\/"},"sameAs":["https:\/\/www.facebook.com\/fotsportegyesulet\/"]},{"@type":"Person","@id":"https:\/\/fotsportegyesulet.hu\/#\/schema\/person\/8750ccb3a5183172b75dcc348ffbdbb1","name":"F\u00f3t SE","image":{"@type":"ImageObject","inLanguage":"hu","@id":"https:\/\/fotsportegyesulet.hu\/#\/schema\/person\/image\/","url":"https:\/\/secure.gravatar.com\/avatar\/2f768bb7a490a49aeb2ccaf4bacc94391bbafd4b6aa54eb6f9318ffc80d81dad?s=96&d=mm&r=g","contentUrl":"https:\/\/secure.gravatar.com\/avatar\/2f768bb7a490a49aeb2ccaf4bacc94391bbafd4b6aa54eb6f9318ffc80d81dad?s=96&d=mm&r=g","caption":"F\u00f3t SE"},"sameAs":["http:\/\/fotsportegyesulet.hu"],"url":"https:\/\/fotsportegyesulet.hu\/index.php\/author\/kapitany-zoltan\/"}]}},"_links":{"self":[{"href":"https:\/\/fotsportegyesulet.hu\/index.php\/wp-json\/wp\/v2\/posts\/2590","targetHints":{"allow":["GET"]}}],"collection":[{"href":"https:\/\/fotsportegyesulet.hu\/index.php\/wp-json\/wp\/v2\/posts"}],"about":[{"href":"https:\/\/fotsportegyesulet.hu\/index.php\/wp-json\/wp\/v2\/types\/post"}],"author":[{"embeddable":true,"href":"https:\/\/fotsportegyesulet.hu\/index.php\/wp-json\/wp\/v2\/users\/3"}],"replies":[{"embeddable":true,"href":"https:\/\/fotsportegyesulet.hu\/index.php\/wp-json\/wp\/v2\/comments?post=2590"}],"version-history":[{"count":15,"href":"https:\/\/fotsportegyesulet.hu\/index.php\/wp-json\/wp\/v2\/posts\/2590\/revisions"}],"predecessor-version":[{"id":2610,"href":"https:\/\/fotsportegyesulet.hu\/index.php\/wp-json\/wp\/v2\/posts\/2590\/revisions\/2610"}],"wp:featuredmedia":[{"embeddable":true,"href":"https:\/\/fotsportegyesulet.hu\/index.php\/wp-json\/wp\/v2\/media\/2595"}],"wp:attachment":[{"href":"https:\/\/fotsportegyesulet.hu\/index.php\/wp-json\/wp\/v2\/media?parent=2590"}],"wp:term":[{"taxonomy":"category","embeddable":true,"href":"https:\/\/fotsportegyesulet.hu\/index.php\/wp-json\/wp\/v2\/categories?post=2590"},{"taxonomy":"post_tag","embeddable":true,"href":"https:\/\/fotsportegyesulet.hu\/index.php\/wp-json\/wp\/v2\/tags?post=2590"}],"curies":[{"name":"wp","href":"https:\/\/api.w.org\/{rel}","templated":true}]}}