{"id":2540,"date":"2021-05-30T10:42:55","date_gmt":"2021-05-30T08:42:55","guid":{"rendered":"https:\/\/fotsportegyesulet.hu\/?p=2540"},"modified":"2021-05-30T10:43:29","modified_gmt":"2021-05-30T08:43:29","slug":"masodik-lett-a-fot-se-i-csapata","status":"publish","type":"post","link":"https:\/\/fotsportegyesulet.hu\/index.php\/2021\/05\/30\/masodik-lett-a-fot-se-i-csapata\/","title":{"rendered":"M\u00e1sodik lett a F\u00f3t SE I. csapata"},"content":{"rendered":"<p><img loading=\"lazy\" decoding=\"async\" class=\"aligncenter wp-image-2552 size-large\" src=\"https:\/\/fotsportegyesulet.hu\/wp-content\/uploads\/2021\/05\/Fot-SE-I-4-1024x768.jpg\" alt=\"\" width=\"1024\" height=\"768\" srcset=\"https:\/\/fotsportegyesulet.hu\/wp-content\/uploads\/2021\/05\/Fot-SE-I-4-1024x768.jpg 1024w, https:\/\/fotsportegyesulet.hu\/wp-content\/uploads\/2021\/05\/Fot-SE-I-4-300x225.jpg 300w, https:\/\/fotsportegyesulet.hu\/wp-content\/uploads\/2021\/05\/Fot-SE-I-4-768x576.jpg 768w, https:\/\/fotsportegyesulet.hu\/wp-content\/uploads\/2021\/05\/Fot-SE-I-4-1536x1152.jpg 1536w, https:\/\/fotsportegyesulet.hu\/wp-content\/uploads\/2021\/05\/Fot-SE-I-4.jpg 1600w\" sizes=\"auto, (max-width: 1024px) 100vw, 1024px\" \/><\/p>\n<p><strong>A Balogh S\u00e1ndor Sportcentrumban lej\u00e1tszott m\u00e9rk\u0151z\u00e9s ut\u00e1n, dr. Vass Gy\u00f6rgy polg\u00e1rmester adta \u00e1t az ez\u00fcst\u00e9rmeket \u00e9s a helyez\u00e9s\u00e9rt j\u00e1r\u00f3 tr\u00f3fe\u00e1t a j\u00e1t\u00e9kosoknak \u00e9s a csapat vezet\u0151inek.<\/strong><\/p>\n<p>Ilyen siker nagyon r\u00e9g volt a v\u00e1rosban! A F\u00f3t SE. I. a IV. oszt\u00e1ly\u00fa feln\u0151tt bajnoks\u00e1g K\u00f6z\u00e9p-csoportj\u00e1ban \u00e9rt el m\u00e1sodik helyez\u00e9st. Az \u00e1tad\u00e1sra t\u00f6bb j\u00e1t\u00e9kos elhozta a gyermek\u00e9t is, \u00e9s \u00edgy vel\u00fck egy\u00fctt \u00f6r\u00fcltek az elismer\u00e9snek.<\/p>\n<p><img loading=\"lazy\" decoding=\"async\" class=\"aligncenter wp-image-2554 size-large\" src=\"https:\/\/fotsportegyesulet.hu\/wp-content\/uploads\/2021\/05\/Serdult-Tamas-1024x768.jpg\" alt=\"\" width=\"1024\" height=\"768\" srcset=\"https:\/\/fotsportegyesulet.hu\/wp-content\/uploads\/2021\/05\/Serdult-Tamas-1024x768.jpg 1024w, https:\/\/fotsportegyesulet.hu\/wp-content\/uploads\/2021\/05\/Serdult-Tamas-300x225.jpg 300w, https:\/\/fotsportegyesulet.hu\/wp-content\/uploads\/2021\/05\/Serdult-Tamas-768x576.jpg 768w, https:\/\/fotsportegyesulet.hu\/wp-content\/uploads\/2021\/05\/Serdult-Tamas-1536x1152.jpg 1536w, https:\/\/fotsportegyesulet.hu\/wp-content\/uploads\/2021\/05\/Serdult-Tamas.jpg 1600w\" sizes=\"auto, (max-width: 1024px) 100vw, 1024px\" \/><\/p>\n<p>Mint Serd\u00fclt Tam\u00e1s, a csapat edz\u0151je elmondta, annak ellen\u00e9re, hogy az utols\u00f3 k\u00e9t meccsen vesz\u00edtettek, el\u0151tte volt egy nagyon hossz\u00fa veretlens\u00e9gi sorozatuk 11 m\u00e9rk\u0151z\u00e9sen kereszt\u00fcl. Az ez\u00fcst\u00e9rem a m\u00falt heti fordul\u00f3 eredm\u00e9nyei ut\u00e1n m\u00e1r biztos volt, \u00edgy a csapat tagjai ,,fejben m\u00e1r nem voltak itt\u201d \u2013 tette hozz\u00e1 Tam\u00e1s.<\/p>\n<p><img loading=\"lazy\" decoding=\"async\" class=\"aligncenter wp-image-2542 size-large\" src=\"https:\/\/fotsportegyesulet.hu\/wp-content\/uploads\/2021\/05\/20210529_171931-1024x768.jpg\" alt=\"\" width=\"1024\" height=\"768\" srcset=\"https:\/\/fotsportegyesulet.hu\/wp-content\/uploads\/2021\/05\/20210529_171931-1024x768.jpg 1024w, https:\/\/fotsportegyesulet.hu\/wp-content\/uploads\/2021\/05\/20210529_171931-300x225.jpg 300w, https:\/\/fotsportegyesulet.hu\/wp-content\/uploads\/2021\/05\/20210529_171931-768x576.jpg 768w, https:\/\/fotsportegyesulet.hu\/wp-content\/uploads\/2021\/05\/20210529_171931-1536x1152.jpg 1536w, https:\/\/fotsportegyesulet.hu\/wp-content\/uploads\/2021\/05\/20210529_171931.jpg 1600w\" sizes=\"auto, (max-width: 1024px) 100vw, 1024px\" \/><\/p>\n<p>Az eg\u00e9sz \u00e9ves munka viszont meghozta a gy\u00fcm\u00f6lcs\u00e9t, a sz\u00e9p eredm\u00e9nyt, \u00e9s ez a csapatra is lelkes\u00edt\u0151en hat. Dr. Vass Gy\u00f6rgy polg\u00e1rmester is b\u00fcszke volt a csapatra \u00e9s gratul\u00e1lt az eredm\u00e9nyhez.<\/p>\n<p><img loading=\"lazy\" decoding=\"async\" class=\"aligncenter wp-image-2543 size-large\" src=\"https:\/\/fotsportegyesulet.hu\/wp-content\/uploads\/2021\/05\/20210529_185309-1024x768.jpg\" alt=\"\" width=\"1024\" height=\"768\" srcset=\"https:\/\/fotsportegyesulet.hu\/wp-content\/uploads\/2021\/05\/20210529_185309-1024x768.jpg 1024w, https:\/\/fotsportegyesulet.hu\/wp-content\/uploads\/2021\/05\/20210529_185309-300x225.jpg 300w, https:\/\/fotsportegyesulet.hu\/wp-content\/uploads\/2021\/05\/20210529_185309-768x576.jpg 768w, https:\/\/fotsportegyesulet.hu\/wp-content\/uploads\/2021\/05\/20210529_185309-1536x1152.jpg 1536w, https:\/\/fotsportegyesulet.hu\/wp-content\/uploads\/2021\/05\/20210529_185309.jpg 1600w\" sizes=\"auto, (max-width: 1024px) 100vw, 1024px\" \/><\/p>\n<p>A m\u00e9rk\u0151z\u00e9s a Visegr\u00e1di SE ellen val\u00f3ban nem volt sikeres, az ellenf\u00e9l h\u00e1rom nullra nyert, mert \u0151k motiv\u00e1ltabbak voltak: a gy\u0151zelemnek k\u00f6sz\u00f6nhet\u0151en lettek v\u00e9g\u00fcl harmadikok.<\/p>\n<p>Forr\u00e1s: fotinfo.hu<\/p>\n\n\t\t<style type=\"text\/css\">\n\t\t\t#gallery-1 {\n\t\t\t\tmargin: auto;\n\t\t\t}\n\t\t\t#gallery-1 .gallery-item {\n\t\t\t\tfloat: left;\n\t\t\t\tmargin-top: 10px;\n\t\t\t\ttext-align: center;\n\t\t\t\twidth: 33%;\n\t\t\t}\n\t\t\t#gallery-1 img {\n\t\t\t\tborder: 2px solid #cfcfcf;\n\t\t\t}\n\t\t\t#gallery-1 .gallery-caption {\n\t\t\t\tmargin-left: 0;\n\t\t\t}\n\t\t\t\/* see gallery_shortcode() in wp-includes\/media.php *\/\n\t\t<\/style>\n\t\t<div id='gallery-1' class='gallery galleryid-2540 gallery-columns-3 gallery-size-thumbnail'><dl class='gallery-item'>\n\t\t\t<dt class='gallery-icon landscape'>\n\t\t\t\t<a href='https:\/\/fotsportegyesulet.hu\/index.php\/2021\/05\/30\/masodik-lett-a-fot-se-i-csapata\/visegrad-se-585x439\/'><img loading=\"lazy\" decoding=\"async\" width=\"150\" height=\"150\" src=\"https:\/\/fotsportegyesulet.hu\/wp-content\/uploads\/2021\/05\/Visegrad-SE-585x439-1-150x150.jpg\" class=\"attachment-thumbnail size-thumbnail\" alt=\"\" \/><\/a>\n\t\t\t<\/dt><\/dl><dl class='gallery-item'>\n\t\t\t<dt class='gallery-icon landscape'>\n\t\t\t\t<a href='https:\/\/fotsportegyesulet.hu\/index.php\/2021\/05\/30\/masodik-lett-a-fot-se-i-csapata\/serdult-tamas\/'><img loading=\"lazy\" decoding=\"async\" width=\"150\" height=\"150\" src=\"https:\/\/fotsportegyesulet.hu\/wp-content\/uploads\/2021\/05\/Serdult-Tamas-150x150.jpg\" class=\"attachment-thumbnail size-thumbnail\" alt=\"\" srcset=\"https:\/\/fotsportegyesulet.hu\/wp-content\/uploads\/2021\/05\/Serdult-Tamas-150x150.jpg 150w, https:\/\/fotsportegyesulet.hu\/wp-content\/uploads\/2021\/05\/Serdult-Tamas-600x600.jpg 600w\" sizes=\"auto, (max-width: 150px) 100vw, 150px\" \/><\/a>\n\t\t\t<\/dt><\/dl><dl class='gallery-item'>\n\t\t\t<dt class='gallery-icon landscape'>\n\t\t\t\t<a href='https:\/\/fotsportegyesulet.hu\/index.php\/2021\/05\/30\/masodik-lett-a-fot-se-i-csapata\/fot-se-i-5-585x439\/'><img loading=\"lazy\" decoding=\"async\" width=\"150\" height=\"150\" src=\"https:\/\/fotsportegyesulet.hu\/wp-content\/uploads\/2021\/05\/Fot-SE-I-5-585x439-1-150x150.jpg\" class=\"attachment-thumbnail size-thumbnail\" alt=\"\" \/><\/a>\n\t\t\t<\/dt><\/dl><br style=\"clear: both\" \/><dl class='gallery-item'>\n\t\t\t<dt class='gallery-icon landscape'>\n\t\t\t\t<a href='https:\/\/fotsportegyesulet.hu\/index.php\/2021\/05\/30\/masodik-lett-a-fot-se-i-csapata\/fot-se-i-4\/'><img loading=\"lazy\" decoding=\"async\" width=\"150\" height=\"150\" src=\"https:\/\/fotsportegyesulet.hu\/wp-content\/uploads\/2021\/05\/Fot-SE-I-4-150x150.jpg\" class=\"attachment-thumbnail size-thumbnail\" alt=\"\" srcset=\"https:\/\/fotsportegyesulet.hu\/wp-content\/uploads\/2021\/05\/Fot-SE-I-4-150x150.jpg 150w, https:\/\/fotsportegyesulet.hu\/wp-content\/uploads\/2021\/05\/Fot-SE-I-4-600x600.jpg 600w\" sizes=\"auto, (max-width: 150px) 100vw, 150px\" \/><\/a>\n\t\t\t<\/dt><\/dl><dl class='gallery-item'>\n\t\t\t<dt class='gallery-icon landscape'>\n\t\t\t\t<a href='https:\/\/fotsportegyesulet.hu\/index.php\/2021\/05\/30\/masodik-lett-a-fot-se-i-csapata\/fot-se-i-4-956_455\/'><img loading=\"lazy\" decoding=\"async\" width=\"150\" height=\"150\" src=\"https:\/\/fotsportegyesulet.hu\/wp-content\/uploads\/2021\/05\/Fot-SE-I-4-956_455-150x150.jpg\" class=\"attachment-thumbnail size-thumbnail\" alt=\"\" \/><\/a>\n\t\t\t<\/dt><\/dl><dl class='gallery-item'>\n\t\t\t<dt class='gallery-icon landscape'>\n\t\t\t\t<a href='https:\/\/fotsportegyesulet.hu\/index.php\/2021\/05\/30\/masodik-lett-a-fot-se-i-csapata\/fot-se-i-2-585x439\/'><img loading=\"lazy\" decoding=\"async\" width=\"150\" height=\"150\" src=\"https:\/\/fotsportegyesulet.hu\/wp-content\/uploads\/2021\/05\/Fot-SE-I-2-585x439-1-150x150.jpg\" class=\"attachment-thumbnail size-thumbnail\" alt=\"\" \/><\/a>\n\t\t\t<\/dt><\/dl><br style=\"clear: both\" \/><dl class='gallery-item'>\n\t\t\t<dt class='gallery-icon landscape'>\n\t\t\t\t<a href='https:\/\/fotsportegyesulet.hu\/index.php\/2021\/05\/30\/masodik-lett-a-fot-se-i-csapata\/dscf0077-585x439\/'><img loading=\"lazy\" decoding=\"async\" width=\"150\" height=\"150\" src=\"https:\/\/fotsportegyesulet.hu\/wp-content\/uploads\/2021\/05\/DSCF0077-585x439-1-150x150.jpg\" class=\"attachment-thumbnail size-thumbnail\" alt=\"\" \/><\/a>\n\t\t\t<\/dt><\/dl><dl class='gallery-item'>\n\t\t\t<dt class='gallery-icon landscape'>\n\t\t\t\t<a href='https:\/\/fotsportegyesulet.hu\/index.php\/2021\/05\/30\/masodik-lett-a-fot-se-i-csapata\/dscf0064-585x439\/'><img loading=\"lazy\" decoding=\"async\" width=\"150\" height=\"150\" src=\"https:\/\/fotsportegyesulet.hu\/wp-content\/uploads\/2021\/05\/DSCF0064-585x439-1-150x150.jpg\" class=\"attachment-thumbnail size-thumbnail\" alt=\"\" \/><\/a>\n\t\t\t<\/dt><\/dl><dl class='gallery-item'>\n\t\t\t<dt class='gallery-icon landscape'>\n\t\t\t\t<a href='https:\/\/fotsportegyesulet.hu\/index.php\/2021\/05\/30\/masodik-lett-a-fot-se-i-csapata\/dscf0044-585x439\/'><img loading=\"lazy\" decoding=\"async\" width=\"150\" height=\"150\" src=\"https:\/\/fotsportegyesulet.hu\/wp-content\/uploads\/2021\/05\/DSCF0044-585x439-1-150x150.jpg\" class=\"attachment-thumbnail size-thumbnail\" alt=\"\" \/><\/a>\n\t\t\t<\/dt><\/dl><br style=\"clear: both\" \/><dl class='gallery-item'>\n\t\t\t<dt class='gallery-icon landscape'>\n\t\t\t\t<a href='https:\/\/fotsportegyesulet.hu\/index.php\/2021\/05\/30\/masodik-lett-a-fot-se-i-csapata\/dscf0042-1-585x439\/'><img loading=\"lazy\" decoding=\"async\" width=\"150\" height=\"150\" src=\"https:\/\/fotsportegyesulet.hu\/wp-content\/uploads\/2021\/05\/DSCF0042-1-585x439-1-150x150.jpg\" class=\"attachment-thumbnail size-thumbnail\" alt=\"\" \/><\/a>\n\t\t\t<\/dt><\/dl><dl class='gallery-item'>\n\t\t\t<dt class='gallery-icon landscape'>\n\t\t\t\t<a href='https:\/\/fotsportegyesulet.hu\/index.php\/2021\/05\/30\/masodik-lett-a-fot-se-i-csapata\/dscf0037-1-585x439\/'><img loading=\"lazy\" decoding=\"async\" width=\"150\" height=\"150\" src=\"https:\/\/fotsportegyesulet.hu\/wp-content\/uploads\/2021\/05\/DSCF0037-1-585x439-1-150x150.jpg\" class=\"attachment-thumbnail size-thumbnail\" alt=\"\" \/><\/a>\n\t\t\t<\/dt><\/dl><dl class='gallery-item'>\n\t\t\t<dt class='gallery-icon landscape'>\n\t\t\t\t<a href='https:\/\/fotsportegyesulet.hu\/index.php\/2021\/05\/30\/masodik-lett-a-fot-se-i-csapata\/dscf0036-585x439\/'><img loading=\"lazy\" decoding=\"async\" width=\"150\" height=\"150\" src=\"https:\/\/fotsportegyesulet.hu\/wp-content\/uploads\/2021\/05\/DSCF0036-585x439-1-150x150.jpg\" class=\"attachment-thumbnail size-thumbnail\" alt=\"\" \/><\/a>\n\t\t\t<\/dt><\/dl><br style=\"clear: both\" \/><dl class='gallery-item'>\n\t\t\t<dt class='gallery-icon landscape'>\n\t\t\t\t<a href='https:\/\/fotsportegyesulet.hu\/index.php\/2021\/05\/30\/masodik-lett-a-fot-se-i-csapata\/20210529_185309\/'><img loading=\"lazy\" decoding=\"async\" width=\"150\" height=\"150\" src=\"https:\/\/fotsportegyesulet.hu\/wp-content\/uploads\/2021\/05\/20210529_185309-150x150.jpg\" class=\"attachment-thumbnail size-thumbnail\" alt=\"\" srcset=\"https:\/\/fotsportegyesulet.hu\/wp-content\/uploads\/2021\/05\/20210529_185309-150x150.jpg 150w, https:\/\/fotsportegyesulet.hu\/wp-content\/uploads\/2021\/05\/20210529_185309-600x600.jpg 600w\" sizes=\"auto, (max-width: 150px) 100vw, 150px\" \/><\/a>\n\t\t\t<\/dt><\/dl><dl class='gallery-item'>\n\t\t\t<dt class='gallery-icon landscape'>\n\t\t\t\t<a href='https:\/\/fotsportegyesulet.hu\/index.php\/2021\/05\/30\/masodik-lett-a-fot-se-i-csapata\/20210529_171931\/'><img loading=\"lazy\" decoding=\"async\" width=\"150\" height=\"150\" src=\"https:\/\/fotsportegyesulet.hu\/wp-content\/uploads\/2021\/05\/20210529_171931-150x150.jpg\" class=\"attachment-thumbnail size-thumbnail\" alt=\"\" srcset=\"https:\/\/fotsportegyesulet.hu\/wp-content\/uploads\/2021\/05\/20210529_171931-150x150.jpg 150w, https:\/\/fotsportegyesulet.hu\/wp-content\/uploads\/2021\/05\/20210529_171931-600x600.jpg 600w\" sizes=\"auto, (max-width: 150px) 100vw, 150px\" \/><\/a>\n\t\t\t<\/dt><\/dl>\n\t\t\t<br style='clear: both' \/>\n\t\t<\/div>\n\n","protected":false},"excerpt":{"rendered":"<p>Ilyen siker nagyon r\u00e9g volt a v\u00e1rosban! <\/p>\n","protected":false},"author":3,"featured_media":2551,"comment_status":"closed","ping_status":"open","sticky":false,"template":"","format":"standard","meta":{"_bbp_topic_count":0,"_bbp_reply_count":0,"_bbp_total_topic_count":0,"_bbp_total_reply_count":0,"_bbp_voice_count":0,"_bbp_anonymous_reply_count":0,"_bbp_topic_count_hidden":0,"_bbp_reply_count_hidden":0,"_bbp_forum_subforum_count":0,"_price":"","_stock":"","_tribe_ticket_header":"","_tribe_default_ticket_provider":"","_ticket_start_date":"","_ticket_end_date":"","_tribe_ticket_show_description":"","_tribe_ticket_show_not_going":false,"_tribe_ticket_use_global_stock":"","_tribe_ticket_global_stock_level":"","_global_stock_mode":"","_global_stock_cap":"","_tribe_rsvp_for_event":"","_tribe_ticket_going_count":"","_tribe_ticket_not_going_count":"","_tribe_tickets_list":"[]","_tribe_ticket_has_attendee_info_fields":false,"footnotes":""},"categories":[1,67],"tags":[113,89,94],"class_list":["post-2540","post","type-post","status-publish","format-standard","has-post-thumbnail","hentry","category-hirek","category-labdarugas","tag-ii-helyezes","tag-labdarugas","tag-megyei-bajnoksag"],"yoast_head":"<!-- This site is optimized with the Yoast SEO plugin v25.7 - https:\/\/yoast.com\/wordpress\/plugins\/seo\/ -->\n<title>M\u00e1sodik lett a F\u00f3t SE I. csapata - F\u00d3T SPORTEGYES\u00dcLET<\/title>\n<meta name=\"robots\" content=\"index, follow, max-snippet:-1, max-image-preview:large, max-video-preview:-1\" \/>\n<link rel=\"canonical\" href=\"https:\/\/fotsportegyesulet.hu\/index.php\/2021\/05\/30\/masodik-lett-a-fot-se-i-csapata\/\" \/>\n<meta property=\"og:locale\" content=\"hu_HU\" \/>\n<meta property=\"og:type\" content=\"article\" \/>\n<meta property=\"og:title\" content=\"M\u00e1sodik lett a F\u00f3t SE I. csapata - F\u00d3T SPORTEGYES\u00dcLET\" \/>\n<meta property=\"og:description\" content=\"Ilyen siker nagyon r\u00e9g volt a v\u00e1rosban!\" \/>\n<meta property=\"og:url\" content=\"https:\/\/fotsportegyesulet.hu\/index.php\/2021\/05\/30\/masodik-lett-a-fot-se-i-csapata\/\" \/>\n<meta property=\"og:site_name\" content=\"F\u00d3T SPORTEGYES\u00dcLET\" \/>\n<meta property=\"article:publisher\" content=\"https:\/\/www.facebook.com\/fotsportegyesulet\/\" \/>\n<meta property=\"article:published_time\" content=\"2021-05-30T08:42:55+00:00\" \/>\n<meta property=\"article:modified_time\" content=\"2021-05-30T08:43:29+00:00\" \/>\n<meta property=\"og:image\" content=\"https:\/\/fotsportegyesulet.hu\/wp-content\/uploads\/2021\/05\/Fot-SE-I-4-956_455.jpg\" \/>\n\t<meta property=\"og:image:width\" content=\"956\" \/>\n\t<meta property=\"og:image:height\" content=\"456\" \/>\n\t<meta property=\"og:image:type\" content=\"image\/jpeg\" \/>\n<meta name=\"author\" content=\"F\u00f3t SE\" \/>\n<meta name=\"twitter:card\" content=\"summary_large_image\" \/>\n<meta name=\"twitter:label1\" content=\"Szerz\u0151:\" \/>\n\t<meta name=\"twitter:data1\" content=\"F\u00f3t SE\" \/>\n\t<meta name=\"twitter:label2\" content=\"Becs\u00fclt olvas\u00e1si id\u0151\" \/>\n\t<meta name=\"twitter:data2\" content=\"2 perc\" \/>\n<script type=\"application\/ld+json\" class=\"yoast-schema-graph\">{\"@context\":\"https:\/\/schema.org\",\"@graph\":[{\"@type\":\"Article\",\"@id\":\"https:\/\/fotsportegyesulet.hu\/index.php\/2021\/05\/30\/masodik-lett-a-fot-se-i-csapata\/#article\",\"isPartOf\":{\"@id\":\"https:\/\/fotsportegyesulet.hu\/index.php\/2021\/05\/30\/masodik-lett-a-fot-se-i-csapata\/\"},\"author\":{\"name\":\"F\u00f3t SE\",\"@id\":\"https:\/\/fotsportegyesulet.hu\/#\/schema\/person\/8750ccb3a5183172b75dcc348ffbdbb1\"},\"headline\":\"M\u00e1sodik lett a F\u00f3t SE I. csapata\",\"datePublished\":\"2021-05-30T08:42:55+00:00\",\"dateModified\":\"2021-05-30T08:43:29+00:00\",\"mainEntityOfPage\":{\"@id\":\"https:\/\/fotsportegyesulet.hu\/index.php\/2021\/05\/30\/masodik-lett-a-fot-se-i-csapata\/\"},\"wordCount\":265,\"publisher\":{\"@id\":\"https:\/\/fotsportegyesulet.hu\/#organization\"},\"image\":{\"@id\":\"https:\/\/fotsportegyesulet.hu\/index.php\/2021\/05\/30\/masodik-lett-a-fot-se-i-csapata\/#primaryimage\"},\"thumbnailUrl\":\"https:\/\/fotsportegyesulet.hu\/wp-content\/uploads\/2021\/05\/Fot-SE-I-4-956_455.jpg\",\"keywords\":[\"II.helyez\u00e9s\",\"labdar\u00fag\u00e1s\",\"megyei bajnoks\u00e1g\"],\"articleSection\":[\"H\u00edrek\",\"Labdar\u00fag\u00e1s\"],\"inLanguage\":\"hu\"},{\"@type\":\"WebPage\",\"@id\":\"https:\/\/fotsportegyesulet.hu\/index.php\/2021\/05\/30\/masodik-lett-a-fot-se-i-csapata\/\",\"url\":\"https:\/\/fotsportegyesulet.hu\/index.php\/2021\/05\/30\/masodik-lett-a-fot-se-i-csapata\/\",\"name\":\"M\u00e1sodik lett a F\u00f3t SE I. csapata - F\u00d3T SPORTEGYES\u00dcLET\",\"isPartOf\":{\"@id\":\"https:\/\/fotsportegyesulet.hu\/#website\"},\"primaryImageOfPage\":{\"@id\":\"https:\/\/fotsportegyesulet.hu\/index.php\/2021\/05\/30\/masodik-lett-a-fot-se-i-csapata\/#primaryimage\"},\"image\":{\"@id\":\"https:\/\/fotsportegyesulet.hu\/index.php\/2021\/05\/30\/masodik-lett-a-fot-se-i-csapata\/#primaryimage\"},\"thumbnailUrl\":\"https:\/\/fotsportegyesulet.hu\/wp-content\/uploads\/2021\/05\/Fot-SE-I-4-956_455.jpg\",\"datePublished\":\"2021-05-30T08:42:55+00:00\",\"dateModified\":\"2021-05-30T08:43:29+00:00\",\"breadcrumb\":{\"@id\":\"https:\/\/fotsportegyesulet.hu\/index.php\/2021\/05\/30\/masodik-lett-a-fot-se-i-csapata\/#breadcrumb\"},\"inLanguage\":\"hu\",\"potentialAction\":[{\"@type\":\"ReadAction\",\"target\":[\"https:\/\/fotsportegyesulet.hu\/index.php\/2021\/05\/30\/masodik-lett-a-fot-se-i-csapata\/\"]}]},{\"@type\":\"ImageObject\",\"inLanguage\":\"hu\",\"@id\":\"https:\/\/fotsportegyesulet.hu\/index.php\/2021\/05\/30\/masodik-lett-a-fot-se-i-csapata\/#primaryimage\",\"url\":\"https:\/\/fotsportegyesulet.hu\/wp-content\/uploads\/2021\/05\/Fot-SE-I-4-956_455.jpg\",\"contentUrl\":\"https:\/\/fotsportegyesulet.hu\/wp-content\/uploads\/2021\/05\/Fot-SE-I-4-956_455.jpg\",\"width\":956,\"height\":456},{\"@type\":\"BreadcrumbList\",\"@id\":\"https:\/\/fotsportegyesulet.hu\/index.php\/2021\/05\/30\/masodik-lett-a-fot-se-i-csapata\/#breadcrumb\",\"itemListElement\":[{\"@type\":\"ListItem\",\"position\":1,\"name\":\"Kezd\u0151lap\",\"item\":\"https:\/\/fotsportegyesulet.hu\/\"},{\"@type\":\"ListItem\",\"position\":2,\"name\":\"M\u00e1sodik lett a F\u00f3t SE I. csapata\"}]},{\"@type\":\"WebSite\",\"@id\":\"https:\/\/fotsportegyesulet.hu\/#website\",\"url\":\"https:\/\/fotsportegyesulet.hu\/\",\"name\":\"F\u00d3T SPORTEGYES\u00dcLET\",\"description\":\"\",\"publisher\":{\"@id\":\"https:\/\/fotsportegyesulet.hu\/#organization\"},\"potentialAction\":[{\"@type\":\"SearchAction\",\"target\":{\"@type\":\"EntryPoint\",\"urlTemplate\":\"https:\/\/fotsportegyesulet.hu\/?s={search_term_string}\"},\"query-input\":{\"@type\":\"PropertyValueSpecification\",\"valueRequired\":true,\"valueName\":\"search_term_string\"}}],\"inLanguage\":\"hu\"},{\"@type\":\"Organization\",\"@id\":\"https:\/\/fotsportegyesulet.hu\/#organization\",\"name\":\"F\u00f3t Sportegyes\u00fclet\",\"url\":\"https:\/\/fotsportegyesulet.hu\/\",\"logo\":{\"@type\":\"ImageObject\",\"inLanguage\":\"hu\",\"@id\":\"https:\/\/fotsportegyesulet.hu\/#\/schema\/logo\/image\/\",\"url\":\"https:\/\/fotsportegyesulet.hu\/wp-content\/uploads\/2020\/07\/eredeti-sz\u00ednes-vektoros-Fot-cimer-3.png\",\"contentUrl\":\"https:\/\/fotsportegyesulet.hu\/wp-content\/uploads\/2020\/07\/eredeti-sz\u00ednes-vektoros-Fot-cimer-3.png\",\"width\":500,\"height\":500,\"caption\":\"F\u00f3t Sportegyes\u00fclet\"},\"image\":{\"@id\":\"https:\/\/fotsportegyesulet.hu\/#\/schema\/logo\/image\/\"},\"sameAs\":[\"https:\/\/www.facebook.com\/fotsportegyesulet\/\"]},{\"@type\":\"Person\",\"@id\":\"https:\/\/fotsportegyesulet.hu\/#\/schema\/person\/8750ccb3a5183172b75dcc348ffbdbb1\",\"name\":\"F\u00f3t SE\",\"image\":{\"@type\":\"ImageObject\",\"inLanguage\":\"hu\",\"@id\":\"https:\/\/fotsportegyesulet.hu\/#\/schema\/person\/image\/\",\"url\":\"https:\/\/secure.gravatar.com\/avatar\/2f768bb7a490a49aeb2ccaf4bacc94391bbafd4b6aa54eb6f9318ffc80d81dad?s=96&d=mm&r=g\",\"contentUrl\":\"https:\/\/secure.gravatar.com\/avatar\/2f768bb7a490a49aeb2ccaf4bacc94391bbafd4b6aa54eb6f9318ffc80d81dad?s=96&d=mm&r=g\",\"caption\":\"F\u00f3t SE\"},\"sameAs\":[\"http:\/\/fotsportegyesulet.hu\"],\"url\":\"https:\/\/fotsportegyesulet.hu\/index.php\/author\/kapitany-zoltan\/\"}]}<\/script>\n<!-- \/ Yoast SEO plugin. -->","yoast_head_json":{"title":"M\u00e1sodik lett a F\u00f3t SE I. csapata - F\u00d3T SPORTEGYES\u00dcLET","robots":{"index":"index","follow":"follow","max-snippet":"max-snippet:-1","max-image-preview":"max-image-preview:large","max-video-preview":"max-video-preview:-1"},"canonical":"https:\/\/fotsportegyesulet.hu\/index.php\/2021\/05\/30\/masodik-lett-a-fot-se-i-csapata\/","og_locale":"hu_HU","og_type":"article","og_title":"M\u00e1sodik lett a F\u00f3t SE I. csapata - F\u00d3T SPORTEGYES\u00dcLET","og_description":"Ilyen siker nagyon r\u00e9g volt a v\u00e1rosban!","og_url":"https:\/\/fotsportegyesulet.hu\/index.php\/2021\/05\/30\/masodik-lett-a-fot-se-i-csapata\/","og_site_name":"F\u00d3T SPORTEGYES\u00dcLET","article_publisher":"https:\/\/www.facebook.com\/fotsportegyesulet\/","article_published_time":"2021-05-30T08:42:55+00:00","article_modified_time":"2021-05-30T08:43:29+00:00","og_image":[{"width":956,"height":456,"url":"https:\/\/fotsportegyesulet.hu\/wp-content\/uploads\/2021\/05\/Fot-SE-I-4-956_455.jpg","type":"image\/jpeg"}],"author":"F\u00f3t SE","twitter_card":"summary_large_image","twitter_misc":{"Szerz\u0151:":"F\u00f3t SE","Becs\u00fclt olvas\u00e1si id\u0151":"2 perc"},"schema":{"@context":"https:\/\/schema.org","@graph":[{"@type":"Article","@id":"https:\/\/fotsportegyesulet.hu\/index.php\/2021\/05\/30\/masodik-lett-a-fot-se-i-csapata\/#article","isPartOf":{"@id":"https:\/\/fotsportegyesulet.hu\/index.php\/2021\/05\/30\/masodik-lett-a-fot-se-i-csapata\/"},"author":{"name":"F\u00f3t SE","@id":"https:\/\/fotsportegyesulet.hu\/#\/schema\/person\/8750ccb3a5183172b75dcc348ffbdbb1"},"headline":"M\u00e1sodik lett a F\u00f3t SE I. csapata","datePublished":"2021-05-30T08:42:55+00:00","dateModified":"2021-05-30T08:43:29+00:00","mainEntityOfPage":{"@id":"https:\/\/fotsportegyesulet.hu\/index.php\/2021\/05\/30\/masodik-lett-a-fot-se-i-csapata\/"},"wordCount":265,"publisher":{"@id":"https:\/\/fotsportegyesulet.hu\/#organization"},"image":{"@id":"https:\/\/fotsportegyesulet.hu\/index.php\/2021\/05\/30\/masodik-lett-a-fot-se-i-csapata\/#primaryimage"},"thumbnailUrl":"https:\/\/fotsportegyesulet.hu\/wp-content\/uploads\/2021\/05\/Fot-SE-I-4-956_455.jpg","keywords":["II.helyez\u00e9s","labdar\u00fag\u00e1s","megyei bajnoks\u00e1g"],"articleSection":["H\u00edrek","Labdar\u00fag\u00e1s"],"inLanguage":"hu"},{"@type":"WebPage","@id":"https:\/\/fotsportegyesulet.hu\/index.php\/2021\/05\/30\/masodik-lett-a-fot-se-i-csapata\/","url":"https:\/\/fotsportegyesulet.hu\/index.php\/2021\/05\/30\/masodik-lett-a-fot-se-i-csapata\/","name":"M\u00e1sodik lett a F\u00f3t SE I. csapata - F\u00d3T SPORTEGYES\u00dcLET","isPartOf":{"@id":"https:\/\/fotsportegyesulet.hu\/#website"},"primaryImageOfPage":{"@id":"https:\/\/fotsportegyesulet.hu\/index.php\/2021\/05\/30\/masodik-lett-a-fot-se-i-csapata\/#primaryimage"},"image":{"@id":"https:\/\/fotsportegyesulet.hu\/index.php\/2021\/05\/30\/masodik-lett-a-fot-se-i-csapata\/#primaryimage"},"thumbnailUrl":"https:\/\/fotsportegyesulet.hu\/wp-content\/uploads\/2021\/05\/Fot-SE-I-4-956_455.jpg","datePublished":"2021-05-30T08:42:55+00:00","dateModified":"2021-05-30T08:43:29+00:00","breadcrumb":{"@id":"https:\/\/fotsportegyesulet.hu\/index.php\/2021\/05\/30\/masodik-lett-a-fot-se-i-csapata\/#breadcrumb"},"inLanguage":"hu","potentialAction":[{"@type":"ReadAction","target":["https:\/\/fotsportegyesulet.hu\/index.php\/2021\/05\/30\/masodik-lett-a-fot-se-i-csapata\/"]}]},{"@type":"ImageObject","inLanguage":"hu","@id":"https:\/\/fotsportegyesulet.hu\/index.php\/2021\/05\/30\/masodik-lett-a-fot-se-i-csapata\/#primaryimage","url":"https:\/\/fotsportegyesulet.hu\/wp-content\/uploads\/2021\/05\/Fot-SE-I-4-956_455.jpg","contentUrl":"https:\/\/fotsportegyesulet.hu\/wp-content\/uploads\/2021\/05\/Fot-SE-I-4-956_455.jpg","width":956,"height":456},{"@type":"BreadcrumbList","@id":"https:\/\/fotsportegyesulet.hu\/index.php\/2021\/05\/30\/masodik-lett-a-fot-se-i-csapata\/#breadcrumb","itemListElement":[{"@type":"ListItem","position":1,"name":"Kezd\u0151lap","item":"https:\/\/fotsportegyesulet.hu\/"},{"@type":"ListItem","position":2,"name":"M\u00e1sodik lett a F\u00f3t SE I. csapata"}]},{"@type":"WebSite","@id":"https:\/\/fotsportegyesulet.hu\/#website","url":"https:\/\/fotsportegyesulet.hu\/","name":"F\u00d3T SPORTEGYES\u00dcLET","description":"","publisher":{"@id":"https:\/\/fotsportegyesulet.hu\/#organization"},"potentialAction":[{"@type":"SearchAction","target":{"@type":"EntryPoint","urlTemplate":"https:\/\/fotsportegyesulet.hu\/?s={search_term_string}"},"query-input":{"@type":"PropertyValueSpecification","valueRequired":true,"valueName":"search_term_string"}}],"inLanguage":"hu"},{"@type":"Organization","@id":"https:\/\/fotsportegyesulet.hu\/#organization","name":"F\u00f3t Sportegyes\u00fclet","url":"https:\/\/fotsportegyesulet.hu\/","logo":{"@type":"ImageObject","inLanguage":"hu","@id":"https:\/\/fotsportegyesulet.hu\/#\/schema\/logo\/image\/","url":"https:\/\/fotsportegyesulet.hu\/wp-content\/uploads\/2020\/07\/eredeti-sz\u00ednes-vektoros-Fot-cimer-3.png","contentUrl":"https:\/\/fotsportegyesulet.hu\/wp-content\/uploads\/2020\/07\/eredeti-sz\u00ednes-vektoros-Fot-cimer-3.png","width":500,"height":500,"caption":"F\u00f3t Sportegyes\u00fclet"},"image":{"@id":"https:\/\/fotsportegyesulet.hu\/#\/schema\/logo\/image\/"},"sameAs":["https:\/\/www.facebook.com\/fotsportegyesulet\/"]},{"@type":"Person","@id":"https:\/\/fotsportegyesulet.hu\/#\/schema\/person\/8750ccb3a5183172b75dcc348ffbdbb1","name":"F\u00f3t SE","image":{"@type":"ImageObject","inLanguage":"hu","@id":"https:\/\/fotsportegyesulet.hu\/#\/schema\/person\/image\/","url":"https:\/\/secure.gravatar.com\/avatar\/2f768bb7a490a49aeb2ccaf4bacc94391bbafd4b6aa54eb6f9318ffc80d81dad?s=96&d=mm&r=g","contentUrl":"https:\/\/secure.gravatar.com\/avatar\/2f768bb7a490a49aeb2ccaf4bacc94391bbafd4b6aa54eb6f9318ffc80d81dad?s=96&d=mm&r=g","caption":"F\u00f3t SE"},"sameAs":["http:\/\/fotsportegyesulet.hu"],"url":"https:\/\/fotsportegyesulet.hu\/index.php\/author\/kapitany-zoltan\/"}]}},"_links":{"self":[{"href":"https:\/\/fotsportegyesulet.hu\/index.php\/wp-json\/wp\/v2\/posts\/2540","targetHints":{"allow":["GET"]}}],"collection":[{"href":"https:\/\/fotsportegyesulet.hu\/index.php\/wp-json\/wp\/v2\/posts"}],"about":[{"href":"https:\/\/fotsportegyesulet.hu\/index.php\/wp-json\/wp\/v2\/types\/post"}],"author":[{"embeddable":true,"href":"https:\/\/fotsportegyesulet.hu\/index.php\/wp-json\/wp\/v2\/users\/3"}],"replies":[{"embeddable":true,"href":"https:\/\/fotsportegyesulet.hu\/index.php\/wp-json\/wp\/v2\/comments?post=2540"}],"version-history":[{"count":4,"href":"https:\/\/fotsportegyesulet.hu\/index.php\/wp-json\/wp\/v2\/posts\/2540\/revisions"}],"predecessor-version":[{"id":2558,"href":"https:\/\/fotsportegyesulet.hu\/index.php\/wp-json\/wp\/v2\/posts\/2540\/revisions\/2558"}],"wp:featuredmedia":[{"embeddable":true,"href":"https:\/\/fotsportegyesulet.hu\/index.php\/wp-json\/wp\/v2\/media\/2551"}],"wp:attachment":[{"href":"https:\/\/fotsportegyesulet.hu\/index.php\/wp-json\/wp\/v2\/media?parent=2540"}],"wp:term":[{"taxonomy":"category","embeddable":true,"href":"https:\/\/fotsportegyesulet.hu\/index.php\/wp-json\/wp\/v2\/categories?post=2540"},{"taxonomy":"post_tag","embeddable":true,"href":"https:\/\/fotsportegyesulet.hu\/index.php\/wp-json\/wp\/v2\/tags?post=2540"}],"curies":[{"name":"wp","href":"https:\/\/api.w.org\/{rel}","templated":true}]}}