{"id":2416,"date":"2021-05-17T18:41:07","date_gmt":"2021-05-17T16:41:07","guid":{"rendered":"https:\/\/fotsportegyesulet.hu\/?p=2416"},"modified":"2021-05-23T10:58:17","modified_gmt":"2021-05-23T08:58:17","slug":"focimeccs-foton-barati-gulyassal-es-nyert-a-fot-se-i-pomazon","status":"publish","type":"post","link":"https:\/\/fotsportegyesulet.hu\/index.php\/2021\/05\/17\/focimeccs-foton-barati-gulyassal-es-nyert-a-fot-se-i-pomazon\/","title":{"rendered":"Focimeccs F\u00f3ton, bar\u00e1ti guly\u00e1ssal. Nyert a F\u00f3t SE I. Pom\u00e1zon"},"content":{"rendered":"<p><img loading=\"lazy\" decoding=\"async\" class=\"aligncenter wp-image-2420 size-full\" src=\"https:\/\/fotsportegyesulet.hu\/wp-content\/uploads\/2021\/05\/DSCF0130.jpg\" alt=\"\" width=\"1600\" height=\"1201\" srcset=\"https:\/\/fotsportegyesulet.hu\/wp-content\/uploads\/2021\/05\/DSCF0130.jpg 1600w, https:\/\/fotsportegyesulet.hu\/wp-content\/uploads\/2021\/05\/DSCF0130-300x225.jpg 300w, https:\/\/fotsportegyesulet.hu\/wp-content\/uploads\/2021\/05\/DSCF0130-1024x769.jpg 1024w, https:\/\/fotsportegyesulet.hu\/wp-content\/uploads\/2021\/05\/DSCF0130-768x576.jpg 768w, https:\/\/fotsportegyesulet.hu\/wp-content\/uploads\/2021\/05\/DSCF0130-1536x1153.jpg 1536w\" sizes=\"auto, (max-width: 1600px) 100vw, 1600px\" \/><\/p>\n<p><strong>M\u00e9g gy\u00f6ny\u00f6r\u0171 id\u0151ben j\u00e1tszott\u00e1k vas\u00e1rnap a F\u00f3t SE II \u2013 Kisalag SC m\u00e9rk\u0151z\u00e9st a Balogh S\u00e1ndor Sportcentrumban. A v\u00e9ge: 2-2.<\/strong><\/p>\n<p>A IV. oszt\u00e1ly\u00fa feln\u0151tt bajnoks\u00e1g K\u00f6z\u00e9p-csoportj\u00e1nak als\u00f3h\u00e1zi r\u00e1j\u00e1tsz\u00e1s\u00e1ban jelenleg a Kisalag \u00e1ll jobban, \u00e9s Olajos S\u00e1ndor, a csapat edz\u0151je a m\u00e9rk\u0151z\u00e9s el\u0151tt b\u00edzott a j\u00f3 szerepl\u00e9s folytat\u00e1s\u00e1ban. Mint elmondta, a c\u00e9ljuk a 6. hely megszerz\u00e9se, vagyis a r\u00e1j\u00e1tsz\u00e1sban a 2. hely.<\/p>\n<p><img loading=\"lazy\" decoding=\"async\" class=\"aligncenter wp-image-2422 size-full\" src=\"https:\/\/fotsportegyesulet.hu\/wp-content\/uploads\/2021\/05\/Fot-SE-II.-2-1170x878-1.jpg\" alt=\"\" width=\"1170\" height=\"878\" srcset=\"https:\/\/fotsportegyesulet.hu\/wp-content\/uploads\/2021\/05\/Fot-SE-II.-2-1170x878-1.jpg 1170w, https:\/\/fotsportegyesulet.hu\/wp-content\/uploads\/2021\/05\/Fot-SE-II.-2-1170x878-1-300x225.jpg 300w, https:\/\/fotsportegyesulet.hu\/wp-content\/uploads\/2021\/05\/Fot-SE-II.-2-1170x878-1-1024x768.jpg 1024w, https:\/\/fotsportegyesulet.hu\/wp-content\/uploads\/2021\/05\/Fot-SE-II.-2-1170x878-1-768x576.jpg 768w\" sizes=\"auto, (max-width: 1170px) 100vw, 1170px\" \/>A meccsen k\u00e9tg\u00f3los el\u0151nyt szerzett a vend\u00e9gcsapat (egyiket tizenegyesb\u0151l) , de a hajr\u00e1ban a F\u00f3t SE kiegyenl\u00edtett. Az utols\u00f3 g\u00f3lt 11-esb\u0151l szerezt\u00e9k, r\u00e1ad\u00e1sul megism\u00e9telt l\u00f6v\u00e9sb\u0151l, melynek jogoss\u00e1g\u00e1t a kisalagiak l\u00e1tv\u00e1nyosan vitatt\u00e1k. A hangulat fesz\u00fclt lett, b\u00e1r a harag a b\u00edr\u00f3kra ir\u00e1nyult.<img loading=\"lazy\" decoding=\"async\" class=\"size-full wp-image-2423 aligncenter\" src=\"https:\/\/fotsportegyesulet.hu\/wp-content\/uploads\/2021\/05\/Kisalag-1170x878-1.jpg\" alt=\"\" width=\"1170\" height=\"878\" srcset=\"https:\/\/fotsportegyesulet.hu\/wp-content\/uploads\/2021\/05\/Kisalag-1170x878-1.jpg 1170w, https:\/\/fotsportegyesulet.hu\/wp-content\/uploads\/2021\/05\/Kisalag-1170x878-1-300x225.jpg 300w, https:\/\/fotsportegyesulet.hu\/wp-content\/uploads\/2021\/05\/Kisalag-1170x878-1-1024x768.jpg 1024w, https:\/\/fotsportegyesulet.hu\/wp-content\/uploads\/2021\/05\/Kisalag-1170x878-1-768x576.jpg 768w\" sizes=\"auto, (max-width: 1170px) 100vw, 1170px\" \/>A f\u00f3tiak edz\u0151je, Balogh B\u00e9la a m\u00e9rk\u0151z\u00e9s ut\u00e1n azt mondta, hogy \u201crossz felfog\u00e1sban j\u00e1tszottunk, f\u00e9lt\u00fcnk is,\u00a0 de a b\u00fcntet\u0151t meg\u00e9rdemelt\u00fck, szerintem igazs\u00e1gos eredm\u00e9ny sz\u00fcletett. Sajnos, nem tudtunk gy\u0151zni.\u201d<img loading=\"lazy\" decoding=\"async\" class=\"size-full wp-image-2421 aligncenter\" src=\"https:\/\/fotsportegyesulet.hu\/wp-content\/uploads\/2021\/05\/DSCF0154-1170x878-1.jpg\" alt=\"\" width=\"1170\" height=\"878\" srcset=\"https:\/\/fotsportegyesulet.hu\/wp-content\/uploads\/2021\/05\/DSCF0154-1170x878-1.jpg 1170w, https:\/\/fotsportegyesulet.hu\/wp-content\/uploads\/2021\/05\/DSCF0154-1170x878-1-300x225.jpg 300w, https:\/\/fotsportegyesulet.hu\/wp-content\/uploads\/2021\/05\/DSCF0154-1170x878-1-1024x768.jpg 1024w, https:\/\/fotsportegyesulet.hu\/wp-content\/uploads\/2021\/05\/DSCF0154-1170x878-1-768x576.jpg 768w\" sizes=\"auto, (max-width: 1170px) 100vw, 1170px\" \/>Olajos S\u00e1ndor, a kisalagiak edz\u0151je el\u00e9gedett volt az eredm\u00e9nnyel. \u201cGratul\u00e1lok a csapatomnak, nagyszer\u0171 teljes\u00edtm\u00e9nyt ny\u00fajtottak, f\u0151leg az els\u0151 f\u00e9lid\u0151ben. Idegenben egy j\u00f3val fiatalabb csapat ellen rendben van a d\u00f6ntetlen.\u201d<img loading=\"lazy\" decoding=\"async\" class=\"size-full wp-image-2418 aligncenter\" src=\"https:\/\/fotsportegyesulet.hu\/wp-content\/uploads\/2021\/05\/DSCF0097-1170x878-1.jpg\" alt=\"\" width=\"1170\" height=\"878\" srcset=\"https:\/\/fotsportegyesulet.hu\/wp-content\/uploads\/2021\/05\/DSCF0097-1170x878-1.jpg 1170w, https:\/\/fotsportegyesulet.hu\/wp-content\/uploads\/2021\/05\/DSCF0097-1170x878-1-300x225.jpg 300w, https:\/\/fotsportegyesulet.hu\/wp-content\/uploads\/2021\/05\/DSCF0097-1170x878-1-1024x768.jpg 1024w, https:\/\/fotsportegyesulet.hu\/wp-content\/uploads\/2021\/05\/DSCF0097-1170x878-1-768x576.jpg 768w\" sizes=\"auto, (max-width: 1170px) 100vw, 1170px\" \/>Azt, hogy a fesz\u00fclt hangulat\u00fa v\u00e9gj\u00e1t\u00e9k ellen\u00e9re a k\u00e9t \u201ctestv\u00e9rcsapat\u201d k\u00f6zti kapcsolat bar\u00e1ti, mi sem bizony\u00edtja jobban, mint hogy a j\u00e1t\u00e9k ut\u00e1n k\u00f6z\u00f6sen fogyasztott\u00e1k el a helysz\u00ednen kond\u00e9rban k\u00e9sz\u00edtett guly\u00e1st.<img loading=\"lazy\" decoding=\"async\" class=\"size-full wp-image-2417 aligncenter\" src=\"https:\/\/fotsportegyesulet.hu\/wp-content\/uploads\/2021\/05\/20210516_191318_HDR1-1170x878-1.jpg\" alt=\"\" width=\"1170\" height=\"878\" srcset=\"https:\/\/fotsportegyesulet.hu\/wp-content\/uploads\/2021\/05\/20210516_191318_HDR1-1170x878-1.jpg 1170w, https:\/\/fotsportegyesulet.hu\/wp-content\/uploads\/2021\/05\/20210516_191318_HDR1-1170x878-1-300x225.jpg 300w, https:\/\/fotsportegyesulet.hu\/wp-content\/uploads\/2021\/05\/20210516_191318_HDR1-1170x878-1-1024x768.jpg 1024w, https:\/\/fotsportegyesulet.hu\/wp-content\/uploads\/2021\/05\/20210516_191318_HDR1-1170x878-1-768x576.jpg 768w\" sizes=\"auto, (max-width: 1170px) 100vw, 1170px\" \/>A f\u00f3ti g\u00f3lokat Szab\u00f3 Martin Kriszti\u00e1n \u00e9s Farkas Kriszti\u00e1n, a kisalagiakat Sal\u00e1nki J\u00f3zsef \u00e9s Vir\u00e1g Tam\u00e1s szerezt\u00e9k.<img loading=\"lazy\" decoding=\"async\" class=\"size-full wp-image-2419 aligncenter\" src=\"https:\/\/fotsportegyesulet.hu\/wp-content\/uploads\/2021\/05\/DSCF0118-1170x878-1.jpg\" alt=\"\" width=\"1170\" height=\"878\" srcset=\"https:\/\/fotsportegyesulet.hu\/wp-content\/uploads\/2021\/05\/DSCF0118-1170x878-1.jpg 1170w, https:\/\/fotsportegyesulet.hu\/wp-content\/uploads\/2021\/05\/DSCF0118-1170x878-1-300x225.jpg 300w, https:\/\/fotsportegyesulet.hu\/wp-content\/uploads\/2021\/05\/DSCF0118-1170x878-1-1024x768.jpg 1024w, https:\/\/fotsportegyesulet.hu\/wp-content\/uploads\/2021\/05\/DSCF0118-1170x878-1-768x576.jpg 768w\" sizes=\"auto, (max-width: 1170px) 100vw, 1170px\" \/><strong>A F\u00f3t SE I. a fels\u0151h\u00e1z r\u00e1j\u00e1tsz\u00e1sban, nagy f\u00f6l\u00e9nnyel nyert Pom\u00e1zon 5-2 \u2013 re, \u00edgy meger\u0151s\u00edtett\u00e9k 2. hely\u00fcket. <\/strong><strong>G\u00f3ll\u00f6v\u0151k: Mezey \u00c1d\u00e1m 2 g\u00f3l\u00a0 (33.perc \u00e9s a 36.perc), Krusinszki Csaba (49.perc), Baranyai Bence (58.perc), \u00e9s Potornai Mikl\u00f3s ( 83.perc)<\/strong><img loading=\"lazy\" decoding=\"async\" class=\"size-full wp-image-2233 aligncenter\" src=\"https:\/\/fotsportegyesulet.hu\/wp-content\/uploads\/2021\/04\/20210424_162456_HDR.jpg\" alt=\"\" width=\"1600\" height=\"1200\" srcset=\"https:\/\/fotsportegyesulet.hu\/wp-content\/uploads\/2021\/04\/20210424_162456_HDR.jpg 1600w, https:\/\/fotsportegyesulet.hu\/wp-content\/uploads\/2021\/04\/20210424_162456_HDR-300x225.jpg 300w, https:\/\/fotsportegyesulet.hu\/wp-content\/uploads\/2021\/04\/20210424_162456_HDR-1024x768.jpg 1024w, https:\/\/fotsportegyesulet.hu\/wp-content\/uploads\/2021\/04\/20210424_162456_HDR-768x576.jpg 768w, https:\/\/fotsportegyesulet.hu\/wp-content\/uploads\/2021\/04\/20210424_162456_HDR-1536x1152.jpg 1536w\" sizes=\"auto, (max-width: 1600px) 100vw, 1600px\" \/><\/p>\n<p>Forr\u00e1s: fotinfo.hu<\/p>\n","protected":false},"excerpt":{"rendered":"<p>A IV. oszt\u00e1ly\u00fa feln\u0151tt bajnoks\u00e1g meccseinek \u00f6sszefoglal\u00f3ja.<\/p>\n","protected":false},"author":3,"featured_media":2424,"comment_status":"closed","ping_status":"open","sticky":false,"template":"","format":"standard","meta":{"_bbp_topic_count":0,"_bbp_reply_count":0,"_bbp_total_topic_count":0,"_bbp_total_reply_count":0,"_bbp_voice_count":0,"_bbp_anonymous_reply_count":0,"_bbp_topic_count_hidden":0,"_bbp_reply_count_hidden":0,"_bbp_forum_subforum_count":0,"_price":"","_stock":"","_tribe_ticket_header":"","_tribe_default_ticket_provider":"","_ticket_start_date":"","_ticket_end_date":"","_tribe_ticket_show_description":"","_tribe_ticket_show_not_going":false,"_tribe_ticket_use_global_stock":"","_tribe_ticket_global_stock_level":"","_global_stock_mode":"","_global_stock_cap":"","_tribe_rsvp_for_event":"","_tribe_ticket_going_count":"","_tribe_ticket_not_going_count":"","_tribe_tickets_list":"[]","_tribe_ticket_has_attendee_info_fields":false,"footnotes":""},"categories":[1,67],"tags":[89,104],"class_list":["post-2416","post","type-post","status-publish","format-standard","has-post-thumbnail","hentry","category-hirek","category-labdarugas","tag-labdarugas","tag-rajatszas"],"yoast_head":"<!-- This site is optimized with the Yoast SEO plugin v25.7 - https:\/\/yoast.com\/wordpress\/plugins\/seo\/ -->\n<title>Focimeccs F\u00f3ton, bar\u00e1ti guly\u00e1ssal. Nyert a F\u00f3t SE I. Pom\u00e1zon - F\u00d3T SPORTEGYES\u00dcLET<\/title>\n<meta name=\"robots\" content=\"index, follow, max-snippet:-1, max-image-preview:large, max-video-preview:-1\" \/>\n<link rel=\"canonical\" href=\"https:\/\/fotsportegyesulet.hu\/index.php\/2021\/05\/17\/focimeccs-foton-barati-gulyassal-es-nyert-a-fot-se-i-pomazon\/\" \/>\n<meta property=\"og:locale\" content=\"hu_HU\" \/>\n<meta property=\"og:type\" content=\"article\" \/>\n<meta property=\"og:title\" content=\"Focimeccs F\u00f3ton, bar\u00e1ti guly\u00e1ssal. Nyert a F\u00f3t SE I. Pom\u00e1zon - F\u00d3T SPORTEGYES\u00dcLET\" \/>\n<meta property=\"og:description\" content=\"A IV. oszt\u00e1ly\u00fa feln\u0151tt bajnoks\u00e1g meccseinek \u00f6sszefoglal\u00f3ja.\" \/>\n<meta property=\"og:url\" content=\"https:\/\/fotsportegyesulet.hu\/index.php\/2021\/05\/17\/focimeccs-foton-barati-gulyassal-es-nyert-a-fot-se-i-pomazon\/\" \/>\n<meta property=\"og:site_name\" content=\"F\u00d3T SPORTEGYES\u00dcLET\" \/>\n<meta property=\"article:publisher\" content=\"https:\/\/www.facebook.com\/fotsportegyesulet\/\" \/>\n<meta property=\"article:published_time\" content=\"2021-05-17T16:41:07+00:00\" \/>\n<meta property=\"article:modified_time\" content=\"2021-05-23T08:58:17+00:00\" \/>\n<meta property=\"og:image\" content=\"https:\/\/fotsportegyesulet.hu\/wp-content\/uploads\/2021\/05\/jo-meret_kiemelt-kep.jpg\" \/>\n\t<meta property=\"og:image:width\" content=\"955\" \/>\n\t<meta property=\"og:image:height\" content=\"455\" \/>\n\t<meta property=\"og:image:type\" content=\"image\/jpeg\" \/>\n<meta name=\"author\" content=\"F\u00f3t SE\" \/>\n<meta name=\"twitter:card\" content=\"summary_large_image\" \/>\n<meta name=\"twitter:label1\" content=\"Szerz\u0151:\" \/>\n\t<meta name=\"twitter:data1\" content=\"F\u00f3t SE\" \/>\n\t<meta name=\"twitter:label2\" content=\"Becs\u00fclt olvas\u00e1si id\u0151\" \/>\n\t<meta name=\"twitter:data2\" content=\"3 perc\" \/>\n<script type=\"application\/ld+json\" class=\"yoast-schema-graph\">{\"@context\":\"https:\/\/schema.org\",\"@graph\":[{\"@type\":\"Article\",\"@id\":\"https:\/\/fotsportegyesulet.hu\/index.php\/2021\/05\/17\/focimeccs-foton-barati-gulyassal-es-nyert-a-fot-se-i-pomazon\/#article\",\"isPartOf\":{\"@id\":\"https:\/\/fotsportegyesulet.hu\/index.php\/2021\/05\/17\/focimeccs-foton-barati-gulyassal-es-nyert-a-fot-se-i-pomazon\/\"},\"author\":{\"name\":\"F\u00f3t SE\",\"@id\":\"https:\/\/fotsportegyesulet.hu\/#\/schema\/person\/8750ccb3a5183172b75dcc348ffbdbb1\"},\"headline\":\"Focimeccs F\u00f3ton, bar\u00e1ti guly\u00e1ssal. Nyert a F\u00f3t SE I. Pom\u00e1zon\",\"datePublished\":\"2021-05-17T16:41:07+00:00\",\"dateModified\":\"2021-05-23T08:58:17+00:00\",\"mainEntityOfPage\":{\"@id\":\"https:\/\/fotsportegyesulet.hu\/index.php\/2021\/05\/17\/focimeccs-foton-barati-gulyassal-es-nyert-a-fot-se-i-pomazon\/\"},\"wordCount\":403,\"publisher\":{\"@id\":\"https:\/\/fotsportegyesulet.hu\/#organization\"},\"image\":{\"@id\":\"https:\/\/fotsportegyesulet.hu\/index.php\/2021\/05\/17\/focimeccs-foton-barati-gulyassal-es-nyert-a-fot-se-i-pomazon\/#primaryimage\"},\"thumbnailUrl\":\"https:\/\/fotsportegyesulet.hu\/wp-content\/uploads\/2021\/05\/jo-meret_kiemelt-kep.jpg\",\"keywords\":[\"labdar\u00fag\u00e1s\",\"r\u00e1j\u00e1tsz\u00e1s\"],\"articleSection\":[\"H\u00edrek\",\"Labdar\u00fag\u00e1s\"],\"inLanguage\":\"hu\"},{\"@type\":\"WebPage\",\"@id\":\"https:\/\/fotsportegyesulet.hu\/index.php\/2021\/05\/17\/focimeccs-foton-barati-gulyassal-es-nyert-a-fot-se-i-pomazon\/\",\"url\":\"https:\/\/fotsportegyesulet.hu\/index.php\/2021\/05\/17\/focimeccs-foton-barati-gulyassal-es-nyert-a-fot-se-i-pomazon\/\",\"name\":\"Focimeccs F\u00f3ton, bar\u00e1ti guly\u00e1ssal. Nyert a F\u00f3t SE I. Pom\u00e1zon - F\u00d3T SPORTEGYES\u00dcLET\",\"isPartOf\":{\"@id\":\"https:\/\/fotsportegyesulet.hu\/#website\"},\"primaryImageOfPage\":{\"@id\":\"https:\/\/fotsportegyesulet.hu\/index.php\/2021\/05\/17\/focimeccs-foton-barati-gulyassal-es-nyert-a-fot-se-i-pomazon\/#primaryimage\"},\"image\":{\"@id\":\"https:\/\/fotsportegyesulet.hu\/index.php\/2021\/05\/17\/focimeccs-foton-barati-gulyassal-es-nyert-a-fot-se-i-pomazon\/#primaryimage\"},\"thumbnailUrl\":\"https:\/\/fotsportegyesulet.hu\/wp-content\/uploads\/2021\/05\/jo-meret_kiemelt-kep.jpg\",\"datePublished\":\"2021-05-17T16:41:07+00:00\",\"dateModified\":\"2021-05-23T08:58:17+00:00\",\"breadcrumb\":{\"@id\":\"https:\/\/fotsportegyesulet.hu\/index.php\/2021\/05\/17\/focimeccs-foton-barati-gulyassal-es-nyert-a-fot-se-i-pomazon\/#breadcrumb\"},\"inLanguage\":\"hu\",\"potentialAction\":[{\"@type\":\"ReadAction\",\"target\":[\"https:\/\/fotsportegyesulet.hu\/index.php\/2021\/05\/17\/focimeccs-foton-barati-gulyassal-es-nyert-a-fot-se-i-pomazon\/\"]}]},{\"@type\":\"ImageObject\",\"inLanguage\":\"hu\",\"@id\":\"https:\/\/fotsportegyesulet.hu\/index.php\/2021\/05\/17\/focimeccs-foton-barati-gulyassal-es-nyert-a-fot-se-i-pomazon\/#primaryimage\",\"url\":\"https:\/\/fotsportegyesulet.hu\/wp-content\/uploads\/2021\/05\/jo-meret_kiemelt-kep.jpg\",\"contentUrl\":\"https:\/\/fotsportegyesulet.hu\/wp-content\/uploads\/2021\/05\/jo-meret_kiemelt-kep.jpg\",\"width\":955,\"height\":455},{\"@type\":\"BreadcrumbList\",\"@id\":\"https:\/\/fotsportegyesulet.hu\/index.php\/2021\/05\/17\/focimeccs-foton-barati-gulyassal-es-nyert-a-fot-se-i-pomazon\/#breadcrumb\",\"itemListElement\":[{\"@type\":\"ListItem\",\"position\":1,\"name\":\"Kezd\u0151lap\",\"item\":\"https:\/\/fotsportegyesulet.hu\/\"},{\"@type\":\"ListItem\",\"position\":2,\"name\":\"Focimeccs F\u00f3ton, bar\u00e1ti guly\u00e1ssal. Nyert a F\u00f3t SE I. Pom\u00e1zon\"}]},{\"@type\":\"WebSite\",\"@id\":\"https:\/\/fotsportegyesulet.hu\/#website\",\"url\":\"https:\/\/fotsportegyesulet.hu\/\",\"name\":\"F\u00d3T SPORTEGYES\u00dcLET\",\"description\":\"\",\"publisher\":{\"@id\":\"https:\/\/fotsportegyesulet.hu\/#organization\"},\"potentialAction\":[{\"@type\":\"SearchAction\",\"target\":{\"@type\":\"EntryPoint\",\"urlTemplate\":\"https:\/\/fotsportegyesulet.hu\/?s={search_term_string}\"},\"query-input\":{\"@type\":\"PropertyValueSpecification\",\"valueRequired\":true,\"valueName\":\"search_term_string\"}}],\"inLanguage\":\"hu\"},{\"@type\":\"Organization\",\"@id\":\"https:\/\/fotsportegyesulet.hu\/#organization\",\"name\":\"F\u00f3t Sportegyes\u00fclet\",\"url\":\"https:\/\/fotsportegyesulet.hu\/\",\"logo\":{\"@type\":\"ImageObject\",\"inLanguage\":\"hu\",\"@id\":\"https:\/\/fotsportegyesulet.hu\/#\/schema\/logo\/image\/\",\"url\":\"https:\/\/fotsportegyesulet.hu\/wp-content\/uploads\/2020\/07\/eredeti-sz\u00ednes-vektoros-Fot-cimer-3.png\",\"contentUrl\":\"https:\/\/fotsportegyesulet.hu\/wp-content\/uploads\/2020\/07\/eredeti-sz\u00ednes-vektoros-Fot-cimer-3.png\",\"width\":500,\"height\":500,\"caption\":\"F\u00f3t Sportegyes\u00fclet\"},\"image\":{\"@id\":\"https:\/\/fotsportegyesulet.hu\/#\/schema\/logo\/image\/\"},\"sameAs\":[\"https:\/\/www.facebook.com\/fotsportegyesulet\/\"]},{\"@type\":\"Person\",\"@id\":\"https:\/\/fotsportegyesulet.hu\/#\/schema\/person\/8750ccb3a5183172b75dcc348ffbdbb1\",\"name\":\"F\u00f3t SE\",\"image\":{\"@type\":\"ImageObject\",\"inLanguage\":\"hu\",\"@id\":\"https:\/\/fotsportegyesulet.hu\/#\/schema\/person\/image\/\",\"url\":\"https:\/\/secure.gravatar.com\/avatar\/2f768bb7a490a49aeb2ccaf4bacc94391bbafd4b6aa54eb6f9318ffc80d81dad?s=96&d=mm&r=g\",\"contentUrl\":\"https:\/\/secure.gravatar.com\/avatar\/2f768bb7a490a49aeb2ccaf4bacc94391bbafd4b6aa54eb6f9318ffc80d81dad?s=96&d=mm&r=g\",\"caption\":\"F\u00f3t SE\"},\"sameAs\":[\"http:\/\/fotsportegyesulet.hu\"],\"url\":\"https:\/\/fotsportegyesulet.hu\/index.php\/author\/kapitany-zoltan\/\"}]}<\/script>\n<!-- \/ Yoast SEO plugin. -->","yoast_head_json":{"title":"Focimeccs F\u00f3ton, bar\u00e1ti guly\u00e1ssal. Nyert a F\u00f3t SE I. Pom\u00e1zon - F\u00d3T SPORTEGYES\u00dcLET","robots":{"index":"index","follow":"follow","max-snippet":"max-snippet:-1","max-image-preview":"max-image-preview:large","max-video-preview":"max-video-preview:-1"},"canonical":"https:\/\/fotsportegyesulet.hu\/index.php\/2021\/05\/17\/focimeccs-foton-barati-gulyassal-es-nyert-a-fot-se-i-pomazon\/","og_locale":"hu_HU","og_type":"article","og_title":"Focimeccs F\u00f3ton, bar\u00e1ti guly\u00e1ssal. Nyert a F\u00f3t SE I. Pom\u00e1zon - F\u00d3T SPORTEGYES\u00dcLET","og_description":"A IV. oszt\u00e1ly\u00fa feln\u0151tt bajnoks\u00e1g meccseinek \u00f6sszefoglal\u00f3ja.","og_url":"https:\/\/fotsportegyesulet.hu\/index.php\/2021\/05\/17\/focimeccs-foton-barati-gulyassal-es-nyert-a-fot-se-i-pomazon\/","og_site_name":"F\u00d3T SPORTEGYES\u00dcLET","article_publisher":"https:\/\/www.facebook.com\/fotsportegyesulet\/","article_published_time":"2021-05-17T16:41:07+00:00","article_modified_time":"2021-05-23T08:58:17+00:00","og_image":[{"width":955,"height":455,"url":"https:\/\/fotsportegyesulet.hu\/wp-content\/uploads\/2021\/05\/jo-meret_kiemelt-kep.jpg","type":"image\/jpeg"}],"author":"F\u00f3t SE","twitter_card":"summary_large_image","twitter_misc":{"Szerz\u0151:":"F\u00f3t SE","Becs\u00fclt olvas\u00e1si id\u0151":"3 perc"},"schema":{"@context":"https:\/\/schema.org","@graph":[{"@type":"Article","@id":"https:\/\/fotsportegyesulet.hu\/index.php\/2021\/05\/17\/focimeccs-foton-barati-gulyassal-es-nyert-a-fot-se-i-pomazon\/#article","isPartOf":{"@id":"https:\/\/fotsportegyesulet.hu\/index.php\/2021\/05\/17\/focimeccs-foton-barati-gulyassal-es-nyert-a-fot-se-i-pomazon\/"},"author":{"name":"F\u00f3t SE","@id":"https:\/\/fotsportegyesulet.hu\/#\/schema\/person\/8750ccb3a5183172b75dcc348ffbdbb1"},"headline":"Focimeccs F\u00f3ton, bar\u00e1ti guly\u00e1ssal. Nyert a F\u00f3t SE I. Pom\u00e1zon","datePublished":"2021-05-17T16:41:07+00:00","dateModified":"2021-05-23T08:58:17+00:00","mainEntityOfPage":{"@id":"https:\/\/fotsportegyesulet.hu\/index.php\/2021\/05\/17\/focimeccs-foton-barati-gulyassal-es-nyert-a-fot-se-i-pomazon\/"},"wordCount":403,"publisher":{"@id":"https:\/\/fotsportegyesulet.hu\/#organization"},"image":{"@id":"https:\/\/fotsportegyesulet.hu\/index.php\/2021\/05\/17\/focimeccs-foton-barati-gulyassal-es-nyert-a-fot-se-i-pomazon\/#primaryimage"},"thumbnailUrl":"https:\/\/fotsportegyesulet.hu\/wp-content\/uploads\/2021\/05\/jo-meret_kiemelt-kep.jpg","keywords":["labdar\u00fag\u00e1s","r\u00e1j\u00e1tsz\u00e1s"],"articleSection":["H\u00edrek","Labdar\u00fag\u00e1s"],"inLanguage":"hu"},{"@type":"WebPage","@id":"https:\/\/fotsportegyesulet.hu\/index.php\/2021\/05\/17\/focimeccs-foton-barati-gulyassal-es-nyert-a-fot-se-i-pomazon\/","url":"https:\/\/fotsportegyesulet.hu\/index.php\/2021\/05\/17\/focimeccs-foton-barati-gulyassal-es-nyert-a-fot-se-i-pomazon\/","name":"Focimeccs F\u00f3ton, bar\u00e1ti guly\u00e1ssal. Nyert a F\u00f3t SE I. Pom\u00e1zon - F\u00d3T SPORTEGYES\u00dcLET","isPartOf":{"@id":"https:\/\/fotsportegyesulet.hu\/#website"},"primaryImageOfPage":{"@id":"https:\/\/fotsportegyesulet.hu\/index.php\/2021\/05\/17\/focimeccs-foton-barati-gulyassal-es-nyert-a-fot-se-i-pomazon\/#primaryimage"},"image":{"@id":"https:\/\/fotsportegyesulet.hu\/index.php\/2021\/05\/17\/focimeccs-foton-barati-gulyassal-es-nyert-a-fot-se-i-pomazon\/#primaryimage"},"thumbnailUrl":"https:\/\/fotsportegyesulet.hu\/wp-content\/uploads\/2021\/05\/jo-meret_kiemelt-kep.jpg","datePublished":"2021-05-17T16:41:07+00:00","dateModified":"2021-05-23T08:58:17+00:00","breadcrumb":{"@id":"https:\/\/fotsportegyesulet.hu\/index.php\/2021\/05\/17\/focimeccs-foton-barati-gulyassal-es-nyert-a-fot-se-i-pomazon\/#breadcrumb"},"inLanguage":"hu","potentialAction":[{"@type":"ReadAction","target":["https:\/\/fotsportegyesulet.hu\/index.php\/2021\/05\/17\/focimeccs-foton-barati-gulyassal-es-nyert-a-fot-se-i-pomazon\/"]}]},{"@type":"ImageObject","inLanguage":"hu","@id":"https:\/\/fotsportegyesulet.hu\/index.php\/2021\/05\/17\/focimeccs-foton-barati-gulyassal-es-nyert-a-fot-se-i-pomazon\/#primaryimage","url":"https:\/\/fotsportegyesulet.hu\/wp-content\/uploads\/2021\/05\/jo-meret_kiemelt-kep.jpg","contentUrl":"https:\/\/fotsportegyesulet.hu\/wp-content\/uploads\/2021\/05\/jo-meret_kiemelt-kep.jpg","width":955,"height":455},{"@type":"BreadcrumbList","@id":"https:\/\/fotsportegyesulet.hu\/index.php\/2021\/05\/17\/focimeccs-foton-barati-gulyassal-es-nyert-a-fot-se-i-pomazon\/#breadcrumb","itemListElement":[{"@type":"ListItem","position":1,"name":"Kezd\u0151lap","item":"https:\/\/fotsportegyesulet.hu\/"},{"@type":"ListItem","position":2,"name":"Focimeccs F\u00f3ton, bar\u00e1ti guly\u00e1ssal. Nyert a F\u00f3t SE I. Pom\u00e1zon"}]},{"@type":"WebSite","@id":"https:\/\/fotsportegyesulet.hu\/#website","url":"https:\/\/fotsportegyesulet.hu\/","name":"F\u00d3T SPORTEGYES\u00dcLET","description":"","publisher":{"@id":"https:\/\/fotsportegyesulet.hu\/#organization"},"potentialAction":[{"@type":"SearchAction","target":{"@type":"EntryPoint","urlTemplate":"https:\/\/fotsportegyesulet.hu\/?s={search_term_string}"},"query-input":{"@type":"PropertyValueSpecification","valueRequired":true,"valueName":"search_term_string"}}],"inLanguage":"hu"},{"@type":"Organization","@id":"https:\/\/fotsportegyesulet.hu\/#organization","name":"F\u00f3t Sportegyes\u00fclet","url":"https:\/\/fotsportegyesulet.hu\/","logo":{"@type":"ImageObject","inLanguage":"hu","@id":"https:\/\/fotsportegyesulet.hu\/#\/schema\/logo\/image\/","url":"https:\/\/fotsportegyesulet.hu\/wp-content\/uploads\/2020\/07\/eredeti-sz\u00ednes-vektoros-Fot-cimer-3.png","contentUrl":"https:\/\/fotsportegyesulet.hu\/wp-content\/uploads\/2020\/07\/eredeti-sz\u00ednes-vektoros-Fot-cimer-3.png","width":500,"height":500,"caption":"F\u00f3t Sportegyes\u00fclet"},"image":{"@id":"https:\/\/fotsportegyesulet.hu\/#\/schema\/logo\/image\/"},"sameAs":["https:\/\/www.facebook.com\/fotsportegyesulet\/"]},{"@type":"Person","@id":"https:\/\/fotsportegyesulet.hu\/#\/schema\/person\/8750ccb3a5183172b75dcc348ffbdbb1","name":"F\u00f3t SE","image":{"@type":"ImageObject","inLanguage":"hu","@id":"https:\/\/fotsportegyesulet.hu\/#\/schema\/person\/image\/","url":"https:\/\/secure.gravatar.com\/avatar\/2f768bb7a490a49aeb2ccaf4bacc94391bbafd4b6aa54eb6f9318ffc80d81dad?s=96&d=mm&r=g","contentUrl":"https:\/\/secure.gravatar.com\/avatar\/2f768bb7a490a49aeb2ccaf4bacc94391bbafd4b6aa54eb6f9318ffc80d81dad?s=96&d=mm&r=g","caption":"F\u00f3t SE"},"sameAs":["http:\/\/fotsportegyesulet.hu"],"url":"https:\/\/fotsportegyesulet.hu\/index.php\/author\/kapitany-zoltan\/"}]}},"_links":{"self":[{"href":"https:\/\/fotsportegyesulet.hu\/index.php\/wp-json\/wp\/v2\/posts\/2416","targetHints":{"allow":["GET"]}}],"collection":[{"href":"https:\/\/fotsportegyesulet.hu\/index.php\/wp-json\/wp\/v2\/posts"}],"about":[{"href":"https:\/\/fotsportegyesulet.hu\/index.php\/wp-json\/wp\/v2\/types\/post"}],"author":[{"embeddable":true,"href":"https:\/\/fotsportegyesulet.hu\/index.php\/wp-json\/wp\/v2\/users\/3"}],"replies":[{"embeddable":true,"href":"https:\/\/fotsportegyesulet.hu\/index.php\/wp-json\/wp\/v2\/comments?post=2416"}],"version-history":[{"count":21,"href":"https:\/\/fotsportegyesulet.hu\/index.php\/wp-json\/wp\/v2\/posts\/2416\/revisions"}],"predecessor-version":[{"id":2479,"href":"https:\/\/fotsportegyesulet.hu\/index.php\/wp-json\/wp\/v2\/posts\/2416\/revisions\/2479"}],"wp:featuredmedia":[{"embeddable":true,"href":"https:\/\/fotsportegyesulet.hu\/index.php\/wp-json\/wp\/v2\/media\/2424"}],"wp:attachment":[{"href":"https:\/\/fotsportegyesulet.hu\/index.php\/wp-json\/wp\/v2\/media?parent=2416"}],"wp:term":[{"taxonomy":"category","embeddable":true,"href":"https:\/\/fotsportegyesulet.hu\/index.php\/wp-json\/wp\/v2\/categories?post=2416"},{"taxonomy":"post_tag","embeddable":true,"href":"https:\/\/fotsportegyesulet.hu\/index.php\/wp-json\/wp\/v2\/tags?post=2416"}],"curies":[{"name":"wp","href":"https:\/\/api.w.org\/{rel}","templated":true}]}}