{"id":2366,"date":"2021-05-10T15:55:22","date_gmt":"2021-05-10T13:55:22","guid":{"rendered":"https:\/\/fotsportegyesulet.hu\/?p=2366"},"modified":"2021-05-10T15:58:33","modified_gmt":"2021-05-10T13:58:33","slug":"jol-szerepeltek-a-foti-focicsapatok-a-hetvegen","status":"publish","type":"post","link":"https:\/\/fotsportegyesulet.hu\/index.php\/2021\/05\/10\/jol-szerepeltek-a-foti-focicsapatok-a-hetvegen\/","title":{"rendered":"J\u00f3l szerepeltek a f\u00f3ti focicsapatok a h\u00e9tv\u00e9g\u00e9n"},"content":{"rendered":"<div><\/div>\n<div><img loading=\"lazy\" decoding=\"async\" class=\"aligncenter wp-image-2369 size-large\" src=\"https:\/\/fotsportegyesulet.hu\/wp-content\/uploads\/2021\/05\/DSCF0001-1024x768.jpg\" alt=\"\" width=\"1024\" height=\"768\" srcset=\"https:\/\/fotsportegyesulet.hu\/wp-content\/uploads\/2021\/05\/DSCF0001-1024x768.jpg 1024w, https:\/\/fotsportegyesulet.hu\/wp-content\/uploads\/2021\/05\/DSCF0001-300x225.jpg 300w, https:\/\/fotsportegyesulet.hu\/wp-content\/uploads\/2021\/05\/DSCF0001-768x576.jpg 768w, https:\/\/fotsportegyesulet.hu\/wp-content\/uploads\/2021\/05\/DSCF0001-1536x1152.jpg 1536w, https:\/\/fotsportegyesulet.hu\/wp-content\/uploads\/2021\/05\/DSCF0001.jpg 1600w\" sizes=\"auto, (max-width: 1024px) 100vw, 1024px\" \/><\/div>\n<div>A F\u00f3t SE II. az \u0150rbotty\u00e1n KSE ellen j\u00e1tszott a Balogh S\u00e1ndor Sportcentrumban a IV. oszt\u00e1ly\u00fa feln\u0151tt labdar\u00fag\u00f3-bajnoks\u00e1g K\u00f6z\u00e9p-csoportj\u00e1nak als\u00f3h\u00e1zi r\u00e1j\u00e1tsz\u00e1s\u00e1ban.<\/div>\n<div>A kellemes tavaszi id\u0151ben m\u00e1r n\u00e9h\u00e1ny n\u00e9z\u0151 is kij\u00f6tt a meccsre, mely el\u0151tt egyperces n\u00e9ma csenddel eml\u00e9keztek meg a napokban aut\u00f3balesetben elhunyt fiatal j\u00e1t\u00e9kvezet\u0151r\u0151l, Laczk\u00f3 Georgin\u00e1r\u00f3l.<\/div>\n<div><img loading=\"lazy\" decoding=\"async\" class=\"aligncenter wp-image-2376 size-large\" src=\"https:\/\/fotsportegyesulet.hu\/wp-content\/uploads\/2021\/05\/Fot-SE-II.-1-1024x768.jpg\" alt=\"\" width=\"1024\" height=\"768\" srcset=\"https:\/\/fotsportegyesulet.hu\/wp-content\/uploads\/2021\/05\/Fot-SE-II.-1-1024x768.jpg 1024w, https:\/\/fotsportegyesulet.hu\/wp-content\/uploads\/2021\/05\/Fot-SE-II.-1-300x225.jpg 300w, https:\/\/fotsportegyesulet.hu\/wp-content\/uploads\/2021\/05\/Fot-SE-II.-1-768x576.jpg 768w, https:\/\/fotsportegyesulet.hu\/wp-content\/uploads\/2021\/05\/Fot-SE-II.-1-1536x1152.jpg 1536w, https:\/\/fotsportegyesulet.hu\/wp-content\/uploads\/2021\/05\/Fot-SE-II.-1.jpg 1600w\" sizes=\"auto, (max-width: 1024px) 100vw, 1024px\" \/><\/div>\n<div>Az als\u00f3h\u00e1zi bajnoks\u00e1got vezet\u0151 \u0150rbotty\u00e1n edz\u0151je, Kiss Norbert a m\u00e9rk\u0151z\u00e9s el\u0151tt bizakod\u00f3 volt: \u201cRem\u00e9lj\u00fck a legjobbakat, hogy le b\u00edrjuk hozni ezt a m\u00e9rk\u0151z\u00e9st is. M\u00e1r j\u00e1tszottunk egym\u00e1s ellen k\u00e9tszer, \u00e9s mind a k\u00e9tszer 4-1-re nyert\u00fcnk\u201d \u2013 mondta.<\/div>\n<div><img loading=\"lazy\" decoding=\"async\" class=\"aligncenter wp-image-2377 size-large\" src=\"https:\/\/fotsportegyesulet.hu\/wp-content\/uploads\/2021\/05\/Orbottyan-KSE-1024x768.jpg\" alt=\"\" width=\"1024\" height=\"768\" srcset=\"https:\/\/fotsportegyesulet.hu\/wp-content\/uploads\/2021\/05\/Orbottyan-KSE-1024x768.jpg 1024w, https:\/\/fotsportegyesulet.hu\/wp-content\/uploads\/2021\/05\/Orbottyan-KSE-300x225.jpg 300w, https:\/\/fotsportegyesulet.hu\/wp-content\/uploads\/2021\/05\/Orbottyan-KSE-768x576.jpg 768w, https:\/\/fotsportegyesulet.hu\/wp-content\/uploads\/2021\/05\/Orbottyan-KSE-1536x1152.jpg 1536w, https:\/\/fotsportegyesulet.hu\/wp-content\/uploads\/2021\/05\/Orbottyan-KSE.jpg 1600w\" sizes=\"auto, (max-width: 1024px) 100vw, 1024px\" \/><\/div>\n<div>\n<div>A hazaiak edz\u0151je, Balogh B\u00e9la sz\u0171kszav\u00faan foglalta \u00f6ssze a v\u00e1rakoz\u00e1sait: \u201cH\u00e1t a szok\u00e1sos, megpr\u00f3b\u00e1lunk gy\u0151zni.\u201d<\/div>\n<div>A m\u00e9rk\u0151z\u00e9s v\u00e9g\u00e9n, az 5-2-es diadal ut\u00e1n pedig ennyit mondott: \u201cJ\u00f3 j\u00e1t\u00e9kkal, meg\u00e9rdemelten gy\u0151zt\u00fcnk\u201d.<\/div>\n<div><img loading=\"lazy\" decoding=\"async\" class=\"aligncenter wp-image-2371 size-large\" src=\"https:\/\/fotsportegyesulet.hu\/wp-content\/uploads\/2021\/05\/DSCF0013-1024x768.jpg\" alt=\"\" width=\"1024\" height=\"768\" srcset=\"https:\/\/fotsportegyesulet.hu\/wp-content\/uploads\/2021\/05\/DSCF0013-1024x768.jpg 1024w, https:\/\/fotsportegyesulet.hu\/wp-content\/uploads\/2021\/05\/DSCF0013-300x225.jpg 300w, https:\/\/fotsportegyesulet.hu\/wp-content\/uploads\/2021\/05\/DSCF0013-768x576.jpg 768w, https:\/\/fotsportegyesulet.hu\/wp-content\/uploads\/2021\/05\/DSCF0013-1536x1152.jpg 1536w, https:\/\/fotsportegyesulet.hu\/wp-content\/uploads\/2021\/05\/DSCF0013.jpg 1600w\" sizes=\"auto, (max-width: 1024px) 100vw, 1024px\" \/><\/div>\n<div>Az als\u00f3h\u00e1zi r\u00e1j\u00e1tsz\u00e1snak igazi t\u00e9tje nincs, ink\u00e1bb csak lehet\u0151s\u00e9g \u00fajabb hat m\u00e9rk\u0151z\u00e9sre a csapatoknak. B\u00e1r az eredm\u00e9nyek preszt\u00edzs szempontj\u00e1b\u00f3l persze sz\u00e1m\u00edtanak, \u00edgy ez a meccs is kem\u00e9ny, hajt\u00f3s volt.<\/div>\n<div><img loading=\"lazy\" decoding=\"async\" class=\"alignnone size-full wp-image-2375\" src=\"https:\/\/fotsportegyesulet.hu\/wp-content\/uploads\/2021\/05\/DSCF0037.jpg\" alt=\"\" width=\"1600\" height=\"1200\" srcset=\"https:\/\/fotsportegyesulet.hu\/wp-content\/uploads\/2021\/05\/DSCF0037.jpg 1600w, https:\/\/fotsportegyesulet.hu\/wp-content\/uploads\/2021\/05\/DSCF0037-300x225.jpg 300w, https:\/\/fotsportegyesulet.hu\/wp-content\/uploads\/2021\/05\/DSCF0037-1024x768.jpg 1024w, https:\/\/fotsportegyesulet.hu\/wp-content\/uploads\/2021\/05\/DSCF0037-768x576.jpg 768w, https:\/\/fotsportegyesulet.hu\/wp-content\/uploads\/2021\/05\/DSCF0037-1536x1152.jpg 1536w\" sizes=\"auto, (max-width: 1600px) 100vw, 1600px\" \/><\/div>\n<div>\n<div>A hazaiak g\u00f3ljait Szigeti Norbert J\u00f3zsef, Pozsonyi Kriszti\u00e1n, Burai Bence, Vasanits L\u00e1szl\u00f3 \u00e9s Vass Istv\u00e1n D\u00e1vid l\u0151tt\u00e9k.<\/div>\n<div><\/div>\n<div><strong>Haza\u00e9rtemkor \u00edrt a F\u00f3t SE I edz\u0151je, Serd\u00fclt Tam\u00e1s, hogy \u0151k is nyertek Visegr\u00e1don a fels\u0151h\u00e1z r\u00e1j\u00e1tsz\u00e1sban, 2-0-ra.<\/strong><\/div>\n<\/div>\n<\/div>\n<div><\/div>\n<div>Forr\u00e1s: fotinfo.hu<\/div>\n","protected":false},"excerpt":{"rendered":"<p>A kellemes tavaszi id\u0151ben a F\u00f3t SE I. \u00e9s II. csapata is nyert a h\u00e9tv\u00e9g\u00e9n. Csak \u00edgy tov\u00e1bb!!<\/p>\n","protected":false},"author":3,"featured_media":2378,"comment_status":"closed","ping_status":"open","sticky":false,"template":"","format":"standard","meta":{"_bbp_topic_count":0,"_bbp_reply_count":0,"_bbp_total_topic_count":0,"_bbp_total_reply_count":0,"_bbp_voice_count":0,"_bbp_anonymous_reply_count":0,"_bbp_topic_count_hidden":0,"_bbp_reply_count_hidden":0,"_bbp_forum_subforum_count":0,"_price":"","_stock":"","_tribe_ticket_header":"","_tribe_default_ticket_provider":"","_ticket_start_date":"","_ticket_end_date":"","_tribe_ticket_show_description":"","_tribe_ticket_show_not_going":false,"_tribe_ticket_use_global_stock":"","_tribe_ticket_global_stock_level":"","_global_stock_mode":"","_global_stock_cap":"","_tribe_rsvp_for_event":"","_tribe_ticket_going_count":"","_tribe_ticket_not_going_count":"","_tribe_tickets_list":"[]","_tribe_ticket_has_attendee_info_fields":false,"footnotes":""},"categories":[1,69],"tags":[89,110,104],"class_list":["post-2366","post","type-post","status-publish","format-standard","has-post-thumbnail","hentry","category-hirek","category-labdarugas_felnott","tag-labdarugas","tag-meccsek","tag-rajatszas"],"yoast_head":"<!-- This site is optimized with the Yoast SEO plugin v25.7 - https:\/\/yoast.com\/wordpress\/plugins\/seo\/ -->\n<title>J\u00f3l szerepeltek a f\u00f3ti focicsapatok a h\u00e9tv\u00e9g\u00e9n - F\u00d3T SPORTEGYES\u00dcLET<\/title>\n<meta name=\"robots\" content=\"index, follow, max-snippet:-1, max-image-preview:large, max-video-preview:-1\" \/>\n<link rel=\"canonical\" href=\"https:\/\/fotsportegyesulet.hu\/index.php\/2021\/05\/10\/jol-szerepeltek-a-foti-focicsapatok-a-hetvegen\/\" \/>\n<meta property=\"og:locale\" content=\"hu_HU\" \/>\n<meta property=\"og:type\" content=\"article\" \/>\n<meta property=\"og:title\" content=\"J\u00f3l szerepeltek a f\u00f3ti focicsapatok a h\u00e9tv\u00e9g\u00e9n - F\u00d3T SPORTEGYES\u00dcLET\" \/>\n<meta property=\"og:description\" content=\"A kellemes tavaszi id\u0151ben a F\u00f3t SE I. \u00e9s II. csapata is nyert a h\u00e9tv\u00e9g\u00e9n. Csak \u00edgy tov\u00e1bb!!\" \/>\n<meta property=\"og:url\" content=\"https:\/\/fotsportegyesulet.hu\/index.php\/2021\/05\/10\/jol-szerepeltek-a-foti-focicsapatok-a-hetvegen\/\" \/>\n<meta property=\"og:site_name\" content=\"F\u00d3T SPORTEGYES\u00dcLET\" \/>\n<meta property=\"article:publisher\" content=\"https:\/\/www.facebook.com\/fotsportegyesulet\/\" \/>\n<meta property=\"article:published_time\" content=\"2021-05-10T13:55:22+00:00\" \/>\n<meta property=\"article:modified_time\" content=\"2021-05-10T13:58:33+00:00\" \/>\n<meta property=\"og:image\" content=\"https:\/\/fotsportegyesulet.hu\/wp-content\/uploads\/2021\/05\/DSCF0001_jo-meret.jpg\" \/>\n\t<meta property=\"og:image:width\" content=\"955\" \/>\n\t<meta property=\"og:image:height\" content=\"455\" \/>\n\t<meta property=\"og:image:type\" content=\"image\/jpeg\" \/>\n<meta name=\"author\" content=\"F\u00f3t SE\" \/>\n<meta name=\"twitter:card\" content=\"summary_large_image\" \/>\n<meta name=\"twitter:label1\" content=\"Szerz\u0151:\" \/>\n\t<meta name=\"twitter:data1\" content=\"F\u00f3t SE\" \/>\n\t<meta name=\"twitter:label2\" content=\"Becs\u00fclt olvas\u00e1si id\u0151\" \/>\n\t<meta name=\"twitter:data2\" content=\"2 perc\" \/>\n<script type=\"application\/ld+json\" class=\"yoast-schema-graph\">{\"@context\":\"https:\/\/schema.org\",\"@graph\":[{\"@type\":\"Article\",\"@id\":\"https:\/\/fotsportegyesulet.hu\/index.php\/2021\/05\/10\/jol-szerepeltek-a-foti-focicsapatok-a-hetvegen\/#article\",\"isPartOf\":{\"@id\":\"https:\/\/fotsportegyesulet.hu\/index.php\/2021\/05\/10\/jol-szerepeltek-a-foti-focicsapatok-a-hetvegen\/\"},\"author\":{\"name\":\"F\u00f3t SE\",\"@id\":\"https:\/\/fotsportegyesulet.hu\/#\/schema\/person\/8750ccb3a5183172b75dcc348ffbdbb1\"},\"headline\":\"J\u00f3l szerepeltek a f\u00f3ti focicsapatok a h\u00e9tv\u00e9g\u00e9n\",\"datePublished\":\"2021-05-10T13:55:22+00:00\",\"dateModified\":\"2021-05-10T13:58:33+00:00\",\"mainEntityOfPage\":{\"@id\":\"https:\/\/fotsportegyesulet.hu\/index.php\/2021\/05\/10\/jol-szerepeltek-a-foti-focicsapatok-a-hetvegen\/\"},\"wordCount\":312,\"publisher\":{\"@id\":\"https:\/\/fotsportegyesulet.hu\/#organization\"},\"image\":{\"@id\":\"https:\/\/fotsportegyesulet.hu\/index.php\/2021\/05\/10\/jol-szerepeltek-a-foti-focicsapatok-a-hetvegen\/#primaryimage\"},\"thumbnailUrl\":\"https:\/\/fotsportegyesulet.hu\/wp-content\/uploads\/2021\/05\/DSCF0001_jo-meret.jpg\",\"keywords\":[\"labdar\u00fag\u00e1s\",\"meccsek\",\"r\u00e1j\u00e1tsz\u00e1s\"],\"articleSection\":[\"H\u00edrek\",\"Labdar\u00fag\u00e1s (feln\u0151tt)\"],\"inLanguage\":\"hu\"},{\"@type\":\"WebPage\",\"@id\":\"https:\/\/fotsportegyesulet.hu\/index.php\/2021\/05\/10\/jol-szerepeltek-a-foti-focicsapatok-a-hetvegen\/\",\"url\":\"https:\/\/fotsportegyesulet.hu\/index.php\/2021\/05\/10\/jol-szerepeltek-a-foti-focicsapatok-a-hetvegen\/\",\"name\":\"J\u00f3l szerepeltek a f\u00f3ti focicsapatok a h\u00e9tv\u00e9g\u00e9n - F\u00d3T SPORTEGYES\u00dcLET\",\"isPartOf\":{\"@id\":\"https:\/\/fotsportegyesulet.hu\/#website\"},\"primaryImageOfPage\":{\"@id\":\"https:\/\/fotsportegyesulet.hu\/index.php\/2021\/05\/10\/jol-szerepeltek-a-foti-focicsapatok-a-hetvegen\/#primaryimage\"},\"image\":{\"@id\":\"https:\/\/fotsportegyesulet.hu\/index.php\/2021\/05\/10\/jol-szerepeltek-a-foti-focicsapatok-a-hetvegen\/#primaryimage\"},\"thumbnailUrl\":\"https:\/\/fotsportegyesulet.hu\/wp-content\/uploads\/2021\/05\/DSCF0001_jo-meret.jpg\",\"datePublished\":\"2021-05-10T13:55:22+00:00\",\"dateModified\":\"2021-05-10T13:58:33+00:00\",\"breadcrumb\":{\"@id\":\"https:\/\/fotsportegyesulet.hu\/index.php\/2021\/05\/10\/jol-szerepeltek-a-foti-focicsapatok-a-hetvegen\/#breadcrumb\"},\"inLanguage\":\"hu\",\"potentialAction\":[{\"@type\":\"ReadAction\",\"target\":[\"https:\/\/fotsportegyesulet.hu\/index.php\/2021\/05\/10\/jol-szerepeltek-a-foti-focicsapatok-a-hetvegen\/\"]}]},{\"@type\":\"ImageObject\",\"inLanguage\":\"hu\",\"@id\":\"https:\/\/fotsportegyesulet.hu\/index.php\/2021\/05\/10\/jol-szerepeltek-a-foti-focicsapatok-a-hetvegen\/#primaryimage\",\"url\":\"https:\/\/fotsportegyesulet.hu\/wp-content\/uploads\/2021\/05\/DSCF0001_jo-meret.jpg\",\"contentUrl\":\"https:\/\/fotsportegyesulet.hu\/wp-content\/uploads\/2021\/05\/DSCF0001_jo-meret.jpg\",\"width\":955,\"height\":455},{\"@type\":\"BreadcrumbList\",\"@id\":\"https:\/\/fotsportegyesulet.hu\/index.php\/2021\/05\/10\/jol-szerepeltek-a-foti-focicsapatok-a-hetvegen\/#breadcrumb\",\"itemListElement\":[{\"@type\":\"ListItem\",\"position\":1,\"name\":\"Kezd\u0151lap\",\"item\":\"https:\/\/fotsportegyesulet.hu\/\"},{\"@type\":\"ListItem\",\"position\":2,\"name\":\"J\u00f3l szerepeltek a f\u00f3ti focicsapatok a h\u00e9tv\u00e9g\u00e9n\"}]},{\"@type\":\"WebSite\",\"@id\":\"https:\/\/fotsportegyesulet.hu\/#website\",\"url\":\"https:\/\/fotsportegyesulet.hu\/\",\"name\":\"F\u00d3T SPORTEGYES\u00dcLET\",\"description\":\"\",\"publisher\":{\"@id\":\"https:\/\/fotsportegyesulet.hu\/#organization\"},\"potentialAction\":[{\"@type\":\"SearchAction\",\"target\":{\"@type\":\"EntryPoint\",\"urlTemplate\":\"https:\/\/fotsportegyesulet.hu\/?s={search_term_string}\"},\"query-input\":{\"@type\":\"PropertyValueSpecification\",\"valueRequired\":true,\"valueName\":\"search_term_string\"}}],\"inLanguage\":\"hu\"},{\"@type\":\"Organization\",\"@id\":\"https:\/\/fotsportegyesulet.hu\/#organization\",\"name\":\"F\u00f3t Sportegyes\u00fclet\",\"url\":\"https:\/\/fotsportegyesulet.hu\/\",\"logo\":{\"@type\":\"ImageObject\",\"inLanguage\":\"hu\",\"@id\":\"https:\/\/fotsportegyesulet.hu\/#\/schema\/logo\/image\/\",\"url\":\"https:\/\/fotsportegyesulet.hu\/wp-content\/uploads\/2020\/07\/eredeti-sz\u00ednes-vektoros-Fot-cimer-3.png\",\"contentUrl\":\"https:\/\/fotsportegyesulet.hu\/wp-content\/uploads\/2020\/07\/eredeti-sz\u00ednes-vektoros-Fot-cimer-3.png\",\"width\":500,\"height\":500,\"caption\":\"F\u00f3t Sportegyes\u00fclet\"},\"image\":{\"@id\":\"https:\/\/fotsportegyesulet.hu\/#\/schema\/logo\/image\/\"},\"sameAs\":[\"https:\/\/www.facebook.com\/fotsportegyesulet\/\"]},{\"@type\":\"Person\",\"@id\":\"https:\/\/fotsportegyesulet.hu\/#\/schema\/person\/8750ccb3a5183172b75dcc348ffbdbb1\",\"name\":\"F\u00f3t SE\",\"image\":{\"@type\":\"ImageObject\",\"inLanguage\":\"hu\",\"@id\":\"https:\/\/fotsportegyesulet.hu\/#\/schema\/person\/image\/\",\"url\":\"https:\/\/secure.gravatar.com\/avatar\/2f768bb7a490a49aeb2ccaf4bacc94391bbafd4b6aa54eb6f9318ffc80d81dad?s=96&d=mm&r=g\",\"contentUrl\":\"https:\/\/secure.gravatar.com\/avatar\/2f768bb7a490a49aeb2ccaf4bacc94391bbafd4b6aa54eb6f9318ffc80d81dad?s=96&d=mm&r=g\",\"caption\":\"F\u00f3t SE\"},\"sameAs\":[\"http:\/\/fotsportegyesulet.hu\"],\"url\":\"https:\/\/fotsportegyesulet.hu\/index.php\/author\/kapitany-zoltan\/\"}]}<\/script>\n<!-- \/ Yoast SEO plugin. -->","yoast_head_json":{"title":"J\u00f3l szerepeltek a f\u00f3ti focicsapatok a h\u00e9tv\u00e9g\u00e9n - F\u00d3T SPORTEGYES\u00dcLET","robots":{"index":"index","follow":"follow","max-snippet":"max-snippet:-1","max-image-preview":"max-image-preview:large","max-video-preview":"max-video-preview:-1"},"canonical":"https:\/\/fotsportegyesulet.hu\/index.php\/2021\/05\/10\/jol-szerepeltek-a-foti-focicsapatok-a-hetvegen\/","og_locale":"hu_HU","og_type":"article","og_title":"J\u00f3l szerepeltek a f\u00f3ti focicsapatok a h\u00e9tv\u00e9g\u00e9n - F\u00d3T SPORTEGYES\u00dcLET","og_description":"A kellemes tavaszi id\u0151ben a F\u00f3t SE I. \u00e9s II. csapata is nyert a h\u00e9tv\u00e9g\u00e9n. Csak \u00edgy tov\u00e1bb!!","og_url":"https:\/\/fotsportegyesulet.hu\/index.php\/2021\/05\/10\/jol-szerepeltek-a-foti-focicsapatok-a-hetvegen\/","og_site_name":"F\u00d3T SPORTEGYES\u00dcLET","article_publisher":"https:\/\/www.facebook.com\/fotsportegyesulet\/","article_published_time":"2021-05-10T13:55:22+00:00","article_modified_time":"2021-05-10T13:58:33+00:00","og_image":[{"width":955,"height":455,"url":"https:\/\/fotsportegyesulet.hu\/wp-content\/uploads\/2021\/05\/DSCF0001_jo-meret.jpg","type":"image\/jpeg"}],"author":"F\u00f3t SE","twitter_card":"summary_large_image","twitter_misc":{"Szerz\u0151:":"F\u00f3t SE","Becs\u00fclt olvas\u00e1si id\u0151":"2 perc"},"schema":{"@context":"https:\/\/schema.org","@graph":[{"@type":"Article","@id":"https:\/\/fotsportegyesulet.hu\/index.php\/2021\/05\/10\/jol-szerepeltek-a-foti-focicsapatok-a-hetvegen\/#article","isPartOf":{"@id":"https:\/\/fotsportegyesulet.hu\/index.php\/2021\/05\/10\/jol-szerepeltek-a-foti-focicsapatok-a-hetvegen\/"},"author":{"name":"F\u00f3t SE","@id":"https:\/\/fotsportegyesulet.hu\/#\/schema\/person\/8750ccb3a5183172b75dcc348ffbdbb1"},"headline":"J\u00f3l szerepeltek a f\u00f3ti focicsapatok a h\u00e9tv\u00e9g\u00e9n","datePublished":"2021-05-10T13:55:22+00:00","dateModified":"2021-05-10T13:58:33+00:00","mainEntityOfPage":{"@id":"https:\/\/fotsportegyesulet.hu\/index.php\/2021\/05\/10\/jol-szerepeltek-a-foti-focicsapatok-a-hetvegen\/"},"wordCount":312,"publisher":{"@id":"https:\/\/fotsportegyesulet.hu\/#organization"},"image":{"@id":"https:\/\/fotsportegyesulet.hu\/index.php\/2021\/05\/10\/jol-szerepeltek-a-foti-focicsapatok-a-hetvegen\/#primaryimage"},"thumbnailUrl":"https:\/\/fotsportegyesulet.hu\/wp-content\/uploads\/2021\/05\/DSCF0001_jo-meret.jpg","keywords":["labdar\u00fag\u00e1s","meccsek","r\u00e1j\u00e1tsz\u00e1s"],"articleSection":["H\u00edrek","Labdar\u00fag\u00e1s (feln\u0151tt)"],"inLanguage":"hu"},{"@type":"WebPage","@id":"https:\/\/fotsportegyesulet.hu\/index.php\/2021\/05\/10\/jol-szerepeltek-a-foti-focicsapatok-a-hetvegen\/","url":"https:\/\/fotsportegyesulet.hu\/index.php\/2021\/05\/10\/jol-szerepeltek-a-foti-focicsapatok-a-hetvegen\/","name":"J\u00f3l szerepeltek a f\u00f3ti focicsapatok a h\u00e9tv\u00e9g\u00e9n - F\u00d3T SPORTEGYES\u00dcLET","isPartOf":{"@id":"https:\/\/fotsportegyesulet.hu\/#website"},"primaryImageOfPage":{"@id":"https:\/\/fotsportegyesulet.hu\/index.php\/2021\/05\/10\/jol-szerepeltek-a-foti-focicsapatok-a-hetvegen\/#primaryimage"},"image":{"@id":"https:\/\/fotsportegyesulet.hu\/index.php\/2021\/05\/10\/jol-szerepeltek-a-foti-focicsapatok-a-hetvegen\/#primaryimage"},"thumbnailUrl":"https:\/\/fotsportegyesulet.hu\/wp-content\/uploads\/2021\/05\/DSCF0001_jo-meret.jpg","datePublished":"2021-05-10T13:55:22+00:00","dateModified":"2021-05-10T13:58:33+00:00","breadcrumb":{"@id":"https:\/\/fotsportegyesulet.hu\/index.php\/2021\/05\/10\/jol-szerepeltek-a-foti-focicsapatok-a-hetvegen\/#breadcrumb"},"inLanguage":"hu","potentialAction":[{"@type":"ReadAction","target":["https:\/\/fotsportegyesulet.hu\/index.php\/2021\/05\/10\/jol-szerepeltek-a-foti-focicsapatok-a-hetvegen\/"]}]},{"@type":"ImageObject","inLanguage":"hu","@id":"https:\/\/fotsportegyesulet.hu\/index.php\/2021\/05\/10\/jol-szerepeltek-a-foti-focicsapatok-a-hetvegen\/#primaryimage","url":"https:\/\/fotsportegyesulet.hu\/wp-content\/uploads\/2021\/05\/DSCF0001_jo-meret.jpg","contentUrl":"https:\/\/fotsportegyesulet.hu\/wp-content\/uploads\/2021\/05\/DSCF0001_jo-meret.jpg","width":955,"height":455},{"@type":"BreadcrumbList","@id":"https:\/\/fotsportegyesulet.hu\/index.php\/2021\/05\/10\/jol-szerepeltek-a-foti-focicsapatok-a-hetvegen\/#breadcrumb","itemListElement":[{"@type":"ListItem","position":1,"name":"Kezd\u0151lap","item":"https:\/\/fotsportegyesulet.hu\/"},{"@type":"ListItem","position":2,"name":"J\u00f3l szerepeltek a f\u00f3ti focicsapatok a h\u00e9tv\u00e9g\u00e9n"}]},{"@type":"WebSite","@id":"https:\/\/fotsportegyesulet.hu\/#website","url":"https:\/\/fotsportegyesulet.hu\/","name":"F\u00d3T SPORTEGYES\u00dcLET","description":"","publisher":{"@id":"https:\/\/fotsportegyesulet.hu\/#organization"},"potentialAction":[{"@type":"SearchAction","target":{"@type":"EntryPoint","urlTemplate":"https:\/\/fotsportegyesulet.hu\/?s={search_term_string}"},"query-input":{"@type":"PropertyValueSpecification","valueRequired":true,"valueName":"search_term_string"}}],"inLanguage":"hu"},{"@type":"Organization","@id":"https:\/\/fotsportegyesulet.hu\/#organization","name":"F\u00f3t Sportegyes\u00fclet","url":"https:\/\/fotsportegyesulet.hu\/","logo":{"@type":"ImageObject","inLanguage":"hu","@id":"https:\/\/fotsportegyesulet.hu\/#\/schema\/logo\/image\/","url":"https:\/\/fotsportegyesulet.hu\/wp-content\/uploads\/2020\/07\/eredeti-sz\u00ednes-vektoros-Fot-cimer-3.png","contentUrl":"https:\/\/fotsportegyesulet.hu\/wp-content\/uploads\/2020\/07\/eredeti-sz\u00ednes-vektoros-Fot-cimer-3.png","width":500,"height":500,"caption":"F\u00f3t Sportegyes\u00fclet"},"image":{"@id":"https:\/\/fotsportegyesulet.hu\/#\/schema\/logo\/image\/"},"sameAs":["https:\/\/www.facebook.com\/fotsportegyesulet\/"]},{"@type":"Person","@id":"https:\/\/fotsportegyesulet.hu\/#\/schema\/person\/8750ccb3a5183172b75dcc348ffbdbb1","name":"F\u00f3t SE","image":{"@type":"ImageObject","inLanguage":"hu","@id":"https:\/\/fotsportegyesulet.hu\/#\/schema\/person\/image\/","url":"https:\/\/secure.gravatar.com\/avatar\/2f768bb7a490a49aeb2ccaf4bacc94391bbafd4b6aa54eb6f9318ffc80d81dad?s=96&d=mm&r=g","contentUrl":"https:\/\/secure.gravatar.com\/avatar\/2f768bb7a490a49aeb2ccaf4bacc94391bbafd4b6aa54eb6f9318ffc80d81dad?s=96&d=mm&r=g","caption":"F\u00f3t SE"},"sameAs":["http:\/\/fotsportegyesulet.hu"],"url":"https:\/\/fotsportegyesulet.hu\/index.php\/author\/kapitany-zoltan\/"}]}},"_links":{"self":[{"href":"https:\/\/fotsportegyesulet.hu\/index.php\/wp-json\/wp\/v2\/posts\/2366","targetHints":{"allow":["GET"]}}],"collection":[{"href":"https:\/\/fotsportegyesulet.hu\/index.php\/wp-json\/wp\/v2\/posts"}],"about":[{"href":"https:\/\/fotsportegyesulet.hu\/index.php\/wp-json\/wp\/v2\/types\/post"}],"author":[{"embeddable":true,"href":"https:\/\/fotsportegyesulet.hu\/index.php\/wp-json\/wp\/v2\/users\/3"}],"replies":[{"embeddable":true,"href":"https:\/\/fotsportegyesulet.hu\/index.php\/wp-json\/wp\/v2\/comments?post=2366"}],"version-history":[{"count":7,"href":"https:\/\/fotsportegyesulet.hu\/index.php\/wp-json\/wp\/v2\/posts\/2366\/revisions"}],"predecessor-version":[{"id":2383,"href":"https:\/\/fotsportegyesulet.hu\/index.php\/wp-json\/wp\/v2\/posts\/2366\/revisions\/2383"}],"wp:featuredmedia":[{"embeddable":true,"href":"https:\/\/fotsportegyesulet.hu\/index.php\/wp-json\/wp\/v2\/media\/2378"}],"wp:attachment":[{"href":"https:\/\/fotsportegyesulet.hu\/index.php\/wp-json\/wp\/v2\/media?parent=2366"}],"wp:term":[{"taxonomy":"category","embeddable":true,"href":"https:\/\/fotsportegyesulet.hu\/index.php\/wp-json\/wp\/v2\/categories?post=2366"},{"taxonomy":"post_tag","embeddable":true,"href":"https:\/\/fotsportegyesulet.hu\/index.php\/wp-json\/wp\/v2\/tags?post=2366"}],"curies":[{"name":"wp","href":"https:\/\/api.w.org\/{rel}","templated":true}]}}