{"id":2284,"date":"2021-04-26T11:45:02","date_gmt":"2021-04-26T09:45:02","guid":{"rendered":"https:\/\/fotsportegyesulet.hu\/?p=2284"},"modified":"2021-04-26T11:45:41","modified_gmt":"2021-04-26T09:45:41","slug":"tao-palyazatokrol-kapitany-zoltannal-beszelgettunk","status":"publish","type":"post","link":"https:\/\/fotsportegyesulet.hu\/index.php\/2021\/04\/26\/tao-palyazatokrol-kapitany-zoltannal-beszelgettunk\/","title":{"rendered":"TAO-p\u00e1ly\u00e1zatokr\u00f3l Kapit\u00e1ny Zolt\u00e1nnal besz\u00e9lgett\u00fcnk"},"content":{"rendered":"<p><img loading=\"lazy\" decoding=\"async\" class=\"aligncenter wp-image-2290 size-large\" src=\"https:\/\/fotsportegyesulet.hu\/wp-content\/uploads\/2021\/04\/20210317_110046-1024x768.jpg\" alt=\"\" width=\"1024\" height=\"768\" srcset=\"https:\/\/fotsportegyesulet.hu\/wp-content\/uploads\/2021\/04\/20210317_110046-1024x768.jpg 1024w, https:\/\/fotsportegyesulet.hu\/wp-content\/uploads\/2021\/04\/20210317_110046-300x225.jpg 300w, https:\/\/fotsportegyesulet.hu\/wp-content\/uploads\/2021\/04\/20210317_110046-768x576.jpg 768w, https:\/\/fotsportegyesulet.hu\/wp-content\/uploads\/2021\/04\/20210317_110046-1536x1152.jpg 1536w, https:\/\/fotsportegyesulet.hu\/wp-content\/uploads\/2021\/04\/20210317_110046.jpg 1600w\" sizes=\"auto, (max-width: 1024px) 100vw, 1024px\" \/><\/p>\n<p>A F\u00f3t SE az idei hat\u00e1rid\u0151ig 3 sport\u00e1gban adott be TAO-p\u00e1ly\u00e1zatokat a szak\u00e1gi sz\u00f6vets\u00e9geknek a sportfejleszt\u00e9si program keret\u00e9ben. A sz\u00f6vets\u00e9gek 2-4-6 h\u00f3nap alatt b\u00edr\u00e1lj\u00e1k el a k\u00e9relmeket, melyeknek k\u00e9t r\u00e9sze van: az infrastrukt\u00far\u00e1ra \u00e9s a beruh\u00e1z\u00e1sra, illetve a m\u0171k\u00f6d\u00e9si k\u00f6lts\u00e9gre k\u00e9rt t\u00e1mogat\u00e1s.<br \/>\nKapit\u00e1ny Zolt\u00e1n, a F\u00f3t SE eln\u00f6ke elmondta, hogy a m\u0171k\u00f6d\u00e9si k\u00f6lts\u00e9g k\u00e9relmeket hamarabb b\u00edr\u00e1lj\u00e1k el. Ebbe tartoznak a t\u00f6bbi k\u00f6z\u00f6tt az edz\u0151i fizet\u00e9sek, a t\u00e1boroz\u00e1sok, az utaz\u00e1sok, a felszerel\u00e9sek k\u00f6lts\u00e9gei, illetve a b\u00e9rleti d\u00edjak.<\/p>\n<p><img loading=\"lazy\" decoding=\"async\" class=\"aligncenter wp-image-2287 size-large\" src=\"https:\/\/fotsportegyesulet.hu\/wp-content\/uploads\/2021\/04\/20210414_124858-1024x768.jpg\" alt=\"\" width=\"1024\" height=\"768\" srcset=\"https:\/\/fotsportegyesulet.hu\/wp-content\/uploads\/2021\/04\/20210414_124858-1024x768.jpg 1024w, https:\/\/fotsportegyesulet.hu\/wp-content\/uploads\/2021\/04\/20210414_124858-300x225.jpg 300w, https:\/\/fotsportegyesulet.hu\/wp-content\/uploads\/2021\/04\/20210414_124858-768x576.jpg 768w, https:\/\/fotsportegyesulet.hu\/wp-content\/uploads\/2021\/04\/20210414_124858-1536x1152.jpg 1536w, https:\/\/fotsportegyesulet.hu\/wp-content\/uploads\/2021\/04\/20210414_124858.jpg 1600w\" sizes=\"auto, (max-width: 1024px) 100vw, 1024px\" \/><\/p>\n<div>Az idei \u00e9vben el\u0151sz\u00f6r 3 szak\u00e1gi sz\u00f6vets\u00e9ghez adtak be p\u00e1ly\u00e1zatot (kor\u00e1bban csak a labdar\u00fag\u00f3 sz\u00f6vets\u00e9ghez adt\u00e1k be \u00e9s \u00e9vente nyertek 6-8 milli\u00f3 forintot). Tavaly a mostani vezet\u00e9s els\u0151 \u00e9v\u00e9ben m\u00e1r 22 milli\u00f3t kaptak, amiben benne volt egy 12,5 milli\u00f3 forintos 9 \u00fcl\u00e9ses mikrobusz is.<\/div>\n<div><\/div>\n<div>Az idei \u00e9vben m\u00e1r a kos\u00e1rlabda \u00e9s a k\u00e9zilabda sz\u00f6vets\u00e9g is regisztr\u00e1lta az egyes\u00fcletet. Indul\u00f3 csapatk\u00e9nt szak\u00e1gank\u00e9nt maximum 6 milli\u00f3 forint m\u0171k\u00f6d\u00e9si k\u00f6lts\u00e9gre lehet p\u00e1ly\u00e1zni, de ekkora \u00f6sszegre nem sz\u00e1m\u00edtanak. Kos\u00e1rlabda \u00fcgyben a Megyeri Tigrisek (\u0151k adj\u00e1k a kos\u00e1rlabdacsapathoz sz\u00fcks\u00e9ges szakmai munk\u00e1t) technikai vezet\u0151j\u00e9vel, Dud\u00e1s J\u00f3zseffel egyeztettek.<\/div>\n<div><\/div>\n<div>Egy helyi csapathoz a gyerekek meglenn\u00e9nek, sokan jelentkeztek a felh\u00edv\u00e1sukra, de a tornatermek z\u00e1rva vannak, \u00edgy a j\u00e1rv\u00e1nyhelyzet miatt nem tudnak nekik edz\u00e9seket tartani, mivel k\u00fclt\u00e9ri p\u00e1ly\u00e1juk nincsen. A tervek szerint a kos\u00e1rlabd\u00e1z\u00f3 gyerekek szeptembert\u0151l m\u00e1r bajnoki rendszerben j\u00e1tszanak.<\/div>\n<div><\/div>\n<div>A TAO-p\u00e1ly\u00e1zatban az edz\u0151i fizet\u00e9s, a b\u00e9rleti d\u00edj \u00e9s a felszerel\u00e9s k\u00f6lts\u00e9ge szerepel. Ez egy plusz bev\u00e9tel a F\u00f3t SE-nek , amib\u0151l ki kell fizetni az edz\u0151t, de \u00edgy sok gyereknek (e sport\u00e1g eset\u00e9ben 15-55 k\u00f6z\u00f6tti l\u00e9tsz\u00e1mmal kalkul\u00e1lnak) tudnak sportol\u00e1si lehet\u0151s\u00e9get adni.<\/div>\n<div><\/div>\n<div>A k\u00e9zilabd\u00e1n\u00e1l kicsit m\u00e1s a helyzet, ott m\u00e1r tavaly decemberben regisztr\u00e1ltak egy U10-es csapattal, akik szeptember \u00f3ta edzettek, am\u00edg lehetett. A k\u00e9zilabd\u00e1ban 30-50 gyerekkel sz\u00e1molnak, itt janu\u00e1rt\u00f3l egy U14-es csapat is \u00f6ssze\u00e1llt. Szeptembert\u0151l ebben a sport\u00e1gban biztos el tudnak indulni a bajnoks\u00e1gban, a Jakab K\u00e9zisulival egy\u00fcttm\u0171k\u00f6dve.<\/div>\n<div><\/div>\n<div>Ez a k\u00e9t p\u00e1ly\u00e1zat bev\u00e9telt jelent az egyes\u00fcletnek, amihez persze teljes\u00edteni\u00fck is kell, amit a szaksz\u00f6vets\u00e9gek ellen\u0151riznek. \u00c9v v\u00e9g\u00e9n el kell sz\u00e1molni a felhaszn\u00e1l\u00e1sr\u00f3l, s\u0151t \u00e9v k\u00f6zbeni ellen\u0151rz\u00e9sek is vannak.<\/div>\n<div><\/div>\n<div>A labdar\u00fag\u00e1s p\u00e1ly\u00e1zat\u00e1t id\u00e9n kett\u00e9bontott\u00e1k. A m\u0171k\u00f6d\u00e9si k\u00f6lts\u00e9gek k\u00f6z\u00f6tt itt is szerepelt az edz\u0151i fizet\u00e9s, a p\u00e1lyab\u00e9rlet, a felszerel\u00e9s, az iskolai teremb\u00e9rlet, az utaztat\u00e1s, a t\u00e1boroztat\u00e1s.<\/div>\n<div><img loading=\"lazy\" decoding=\"async\" class=\"aligncenter wp-image-2286 size-large\" src=\"https:\/\/fotsportegyesulet.hu\/wp-content\/uploads\/2021\/04\/20210321_154056_HDR-1024x768.jpg\" alt=\"\" width=\"1024\" height=\"768\" srcset=\"https:\/\/fotsportegyesulet.hu\/wp-content\/uploads\/2021\/04\/20210321_154056_HDR-1024x768.jpg 1024w, https:\/\/fotsportegyesulet.hu\/wp-content\/uploads\/2021\/04\/20210321_154056_HDR-300x225.jpg 300w, https:\/\/fotsportegyesulet.hu\/wp-content\/uploads\/2021\/04\/20210321_154056_HDR-768x576.jpg 768w, https:\/\/fotsportegyesulet.hu\/wp-content\/uploads\/2021\/04\/20210321_154056_HDR-1536x1152.jpg 1536w, https:\/\/fotsportegyesulet.hu\/wp-content\/uploads\/2021\/04\/20210321_154056_HDR.jpg 1600w\" sizes=\"auto, (max-width: 1024px) 100vw, 1024px\" \/><\/div>\n<div>\n<div>A beruh\u00e1z\u00e1si k\u00e9relemn\u00e9l a nagy \u00e9l\u0151f\u00fcves p\u00e1ly\u00e1n\u00e1l p\u00e1ly\u00e1ztak led vil\u00e1g\u00edt\u00e1sra, nett\u00f3 41,5 milli\u00f3 forint \u00e9rt\u00e9kben. Az MLSZ-hez beadott tervben a vil\u00e1g\u00edt\u00e1s kapcsolhat\u00f3 a f\u00e9lp\u00e1ly\u00e1ra vagy az eg\u00e9szre 350 lux-szal, ami \u201cbrut\u00e1l j\u00f3\u201d az eln\u00f6k szerint. Azt m\u00e9g nem tudj\u00e1k, hogy elfogadj\u00e1k-e a p\u00e1ly\u00e1zatukat, de Benk\u0151 Tam\u00e1s, az MLSZ Pest megyei igazgat\u00f3ja biztatta \u0151ket, hogy t\u00e1mogatja az \u00f6tletet.<\/div>\n<div><\/div>\n<div>A m\u00e1sik beruh\u00e1z\u00e1si terv ennek a p\u00e1ly\u00e1nak az \u00fajb\u00f3li beker\u00edt\u00e9se. Jelenleg sok helyen hi\u00e1nyos \u00e9s nagyon rossz \u00e1llapotban van a ker\u00edt\u00e9s, \u00edgy sokan bej\u00f6nnek \u00e9s \u201chaszn\u00e1lj\u00e1k\u201d, vagy ink\u00e1bb rong\u00e1lj\u00e1k a p\u00e1ly\u00e1t. Nett\u00f3 4,5 milli\u00f3 forintra adtak be p\u00e1ly\u00e1zatot ezzel kapcsolatban. Szint\u00e9n beadtak p\u00e1ly\u00e1zatot 2 darab 64 f\u0151s mobillel\u00e1t\u00f3ra, ezt m\u00e1r a tervezett m\u0171f\u00fcves p\u00e1ly\u00e1hoz.<\/div>\n<div><\/div>\n<div>Erre a p\u00e1ly\u00e1ra F\u00f3t v\u00e1ros \u00f6nkorm\u00e1nyzata az MLSZ Orsz\u00e1gos P\u00e1lya\u00e9p\u00edt\u00e9si (szint\u00e9n TAO) Programja keret\u00e9ben adott be p\u00e1ly\u00e1zatot, 140 milli\u00f3 forintra.<\/div>\n<div><\/div>\n<div>\u201cA polg\u00e1rmester \u00farral k\u00f6z\u00f6sen felvett\u00fck a kapcsolatot a k\u00f6rny\u00e9kbeli c\u00e9gekkel, \u00e9s \u0151k m\u00e1r oda is adt\u00e1k a TAO-t az MLSZ-nek. Ennek keret\u00e9ben az MLSZ \u00e9s az \u00f6nkorm\u00e1nyzat k\u00f6t meg\u00e1llapod\u00e1st (jelen esetben szakmai partner a F\u00f3t SE), melynek keret\u00e9ben ter\u00fcletet az ut\u00f3bbi biztos\u00edt. A p\u00e1ly\u00e1zathoz tartozik az alapszint\u0171 vil\u00e1g\u00edt\u00e1s \u00e9s a kapuk m\u00f6g\u00f6tti labdafog\u00f3 h\u00e1l\u00f3, de p\u00e9ld\u00e1ul nincs benne a lel\u00e1t\u00f3, a cserepad, a ker\u00edt\u00e9s, a j\u00e1rda, \u00e9s az oldals\u00f3 labdafog\u00f3 h\u00e1l\u00f3. Ezekre a plusz, k\u00f6r\u00fclbel\u00fcl 40 milli\u00f3s k\u00f6lts\u00e9gekre szint\u00e9n p\u00e1ly\u00e1znak az MLSZ-n\u00e9l, hogy a j\u00f3v\u00e1hagyott beruh\u00e1z\u00e1s \u00e9rt\u00e9k\u00e9t n\u00f6velj\u00e9k ennyivel. Ha ez nem j\u00f6n \u00f6ssze, akkor egy\u00e9b TAO-forr\u00e1st pr\u00f3b\u00e1lnak bevonni, hogy a minim\u00e1lis \u00e1llapotot meg tudj\u00e1k val\u00f3s\u00edtani.<\/div>\n<div><img loading=\"lazy\" decoding=\"async\" class=\"alignnone size-full wp-image-2288\" src=\"https:\/\/fotsportegyesulet.hu\/wp-content\/uploads\/2021\/04\/a-leendo-mufuves-paly-helyszine.jpg\" alt=\"\" width=\"1600\" height=\"1200\" srcset=\"https:\/\/fotsportegyesulet.hu\/wp-content\/uploads\/2021\/04\/a-leendo-mufuves-paly-helyszine.jpg 1600w, https:\/\/fotsportegyesulet.hu\/wp-content\/uploads\/2021\/04\/a-leendo-mufuves-paly-helyszine-300x225.jpg 300w, https:\/\/fotsportegyesulet.hu\/wp-content\/uploads\/2021\/04\/a-leendo-mufuves-paly-helyszine-1024x768.jpg 1024w, https:\/\/fotsportegyesulet.hu\/wp-content\/uploads\/2021\/04\/a-leendo-mufuves-paly-helyszine-768x576.jpg 768w, https:\/\/fotsportegyesulet.hu\/wp-content\/uploads\/2021\/04\/a-leendo-mufuves-paly-helyszine-1536x1152.jpg 1536w\" sizes=\"auto, (max-width: 1600px) 100vw, 1600px\" \/><\/div>\n<div>\n<div>Az \u00f6nkorm\u00e1nyzat m\u00e1r eddig is sokat seg\u00edtett, p\u00e9ld\u00e1ul \u00e1ltaluk siker\u00fclt felt\u00f6lteni a f\u00f6ldet. A mostani tervek szerint az \u00faj, m\u0171f\u00fcves p\u00e1lya j\u00fanius 30-ra k\u00e9sz\u00fcl el, a kivitelez\u0151 \u00e1tvette a munkater\u00fcletet. Az MLSZ-nek m\u00e9g j\u00f3v\u00e1 kell hagynia egy minim\u00e1lis p\u00e1lyam\u00e9ret-cs\u00f6kken\u00e9st, de ez nem probl\u00e9ma, m\u00e9g \u00edgy is UEFA m\u00e9ret\u0171 lesz.<\/div>\n<div><\/div>\n<div>A m\u00e1sodik besz\u00e9lget\u00e9sben a F\u00f3t SE terveir\u0151l k\u00e9rdezz\u00fck Kapit\u00e1ny Zolt\u00e1nt.<\/div>\n<div><\/div>\n<\/div>\n<\/div>\n<div>Forr\u00e1s: fotinfo.hu<\/div>\n","protected":false},"excerpt":{"rendered":"<p>A F\u00f3t SE a hat\u00e1rid\u0151ig 3 sport\u00e1gban adott be TAO-p\u00e1ly\u00e1zatokat.<\/p>\n","protected":false},"author":3,"featured_media":2285,"comment_status":"closed","ping_status":"open","sticky":false,"template":"","format":"standard","meta":{"_bbp_topic_count":0,"_bbp_reply_count":0,"_bbp_total_topic_count":0,"_bbp_total_reply_count":0,"_bbp_voice_count":0,"_bbp_anonymous_reply_count":0,"_bbp_topic_count_hidden":0,"_bbp_reply_count_hidden":0,"_bbp_forum_subforum_count":0,"_price":"","_stock":"","_tribe_ticket_header":"","_tribe_default_ticket_provider":"","_ticket_start_date":"","_ticket_end_date":"","_tribe_ticket_show_description":"","_tribe_ticket_show_not_going":false,"_tribe_ticket_use_global_stock":"","_tribe_ticket_global_stock_level":"","_global_stock_mode":"","_global_stock_cap":"","_tribe_rsvp_for_event":"","_tribe_ticket_going_count":"","_tribe_ticket_not_going_count":"","_tribe_tickets_list":"[]","_tribe_ticket_has_attendee_info_fields":false,"footnotes":""},"categories":[1],"tags":[105,107,106],"class_list":["post-2284","post","type-post","status-publish","format-standard","has-post-thumbnail","hentry","category-hirek","tag-fot-se","tag-palyazat","tag-sportegyesulet"],"yoast_head":"<!-- This site is optimized with the Yoast SEO plugin v25.7 - https:\/\/yoast.com\/wordpress\/plugins\/seo\/ -->\n<title>TAO-p\u00e1ly\u00e1zatokr\u00f3l Kapit\u00e1ny Zolt\u00e1nnal besz\u00e9lgett\u00fcnk - F\u00d3T SPORTEGYES\u00dcLET<\/title>\n<meta name=\"robots\" content=\"index, follow, max-snippet:-1, max-image-preview:large, max-video-preview:-1\" \/>\n<link rel=\"canonical\" href=\"https:\/\/fotsportegyesulet.hu\/index.php\/2021\/04\/26\/tao-palyazatokrol-kapitany-zoltannal-beszelgettunk\/\" \/>\n<meta property=\"og:locale\" content=\"hu_HU\" \/>\n<meta property=\"og:type\" content=\"article\" \/>\n<meta property=\"og:title\" content=\"TAO-p\u00e1ly\u00e1zatokr\u00f3l Kapit\u00e1ny Zolt\u00e1nnal besz\u00e9lgett\u00fcnk - F\u00d3T SPORTEGYES\u00dcLET\" \/>\n<meta property=\"og:description\" content=\"A F\u00f3t SE a hat\u00e1rid\u0151ig 3 sport\u00e1gban adott be TAO-p\u00e1ly\u00e1zatokat.\" \/>\n<meta property=\"og:url\" content=\"https:\/\/fotsportegyesulet.hu\/index.php\/2021\/04\/26\/tao-palyazatokrol-kapitany-zoltannal-beszelgettunk\/\" \/>\n<meta property=\"og:site_name\" content=\"F\u00d3T SPORTEGYES\u00dcLET\" \/>\n<meta property=\"article:publisher\" content=\"https:\/\/www.facebook.com\/fotsportegyesulet\/\" \/>\n<meta property=\"article:published_time\" content=\"2021-04-26T09:45:02+00:00\" \/>\n<meta property=\"article:modified_time\" content=\"2021-04-26T09:45:41+00:00\" \/>\n<meta property=\"og:image\" content=\"https:\/\/fotsportegyesulet.hu\/wp-content\/uploads\/2021\/04\/956x455-Zoli.jpg\" \/>\n\t<meta property=\"og:image:width\" content=\"955\" \/>\n\t<meta property=\"og:image:height\" content=\"455\" \/>\n\t<meta property=\"og:image:type\" content=\"image\/jpeg\" \/>\n<meta name=\"author\" content=\"F\u00f3t SE\" \/>\n<meta name=\"twitter:card\" content=\"summary_large_image\" \/>\n<meta name=\"twitter:label1\" content=\"Szerz\u0151:\" \/>\n\t<meta name=\"twitter:data1\" content=\"F\u00f3t SE\" \/>\n\t<meta name=\"twitter:label2\" content=\"Becs\u00fclt olvas\u00e1si id\u0151\" \/>\n\t<meta name=\"twitter:data2\" content=\"4 perc\" \/>\n<script type=\"application\/ld+json\" class=\"yoast-schema-graph\">{\"@context\":\"https:\/\/schema.org\",\"@graph\":[{\"@type\":\"Article\",\"@id\":\"https:\/\/fotsportegyesulet.hu\/index.php\/2021\/04\/26\/tao-palyazatokrol-kapitany-zoltannal-beszelgettunk\/#article\",\"isPartOf\":{\"@id\":\"https:\/\/fotsportegyesulet.hu\/index.php\/2021\/04\/26\/tao-palyazatokrol-kapitany-zoltannal-beszelgettunk\/\"},\"author\":{\"name\":\"F\u00f3t SE\",\"@id\":\"https:\/\/fotsportegyesulet.hu\/#\/schema\/person\/8750ccb3a5183172b75dcc348ffbdbb1\"},\"headline\":\"TAO-p\u00e1ly\u00e1zatokr\u00f3l Kapit\u00e1ny Zolt\u00e1nnal besz\u00e9lgett\u00fcnk\",\"datePublished\":\"2021-04-26T09:45:02+00:00\",\"dateModified\":\"2021-04-26T09:45:41+00:00\",\"mainEntityOfPage\":{\"@id\":\"https:\/\/fotsportegyesulet.hu\/index.php\/2021\/04\/26\/tao-palyazatokrol-kapitany-zoltannal-beszelgettunk\/\"},\"wordCount\":1030,\"publisher\":{\"@id\":\"https:\/\/fotsportegyesulet.hu\/#organization\"},\"image\":{\"@id\":\"https:\/\/fotsportegyesulet.hu\/index.php\/2021\/04\/26\/tao-palyazatokrol-kapitany-zoltannal-beszelgettunk\/#primaryimage\"},\"thumbnailUrl\":\"https:\/\/fotsportegyesulet.hu\/wp-content\/uploads\/2021\/04\/956x455-Zoli.jpg\",\"keywords\":[\"F\u00f3t SE\",\"p\u00e1ly\u00e1zat\",\"sportegyes\u00fclet\"],\"articleSection\":[\"H\u00edrek\"],\"inLanguage\":\"hu\"},{\"@type\":\"WebPage\",\"@id\":\"https:\/\/fotsportegyesulet.hu\/index.php\/2021\/04\/26\/tao-palyazatokrol-kapitany-zoltannal-beszelgettunk\/\",\"url\":\"https:\/\/fotsportegyesulet.hu\/index.php\/2021\/04\/26\/tao-palyazatokrol-kapitany-zoltannal-beszelgettunk\/\",\"name\":\"TAO-p\u00e1ly\u00e1zatokr\u00f3l Kapit\u00e1ny Zolt\u00e1nnal besz\u00e9lgett\u00fcnk - F\u00d3T SPORTEGYES\u00dcLET\",\"isPartOf\":{\"@id\":\"https:\/\/fotsportegyesulet.hu\/#website\"},\"primaryImageOfPage\":{\"@id\":\"https:\/\/fotsportegyesulet.hu\/index.php\/2021\/04\/26\/tao-palyazatokrol-kapitany-zoltannal-beszelgettunk\/#primaryimage\"},\"image\":{\"@id\":\"https:\/\/fotsportegyesulet.hu\/index.php\/2021\/04\/26\/tao-palyazatokrol-kapitany-zoltannal-beszelgettunk\/#primaryimage\"},\"thumbnailUrl\":\"https:\/\/fotsportegyesulet.hu\/wp-content\/uploads\/2021\/04\/956x455-Zoli.jpg\",\"datePublished\":\"2021-04-26T09:45:02+00:00\",\"dateModified\":\"2021-04-26T09:45:41+00:00\",\"breadcrumb\":{\"@id\":\"https:\/\/fotsportegyesulet.hu\/index.php\/2021\/04\/26\/tao-palyazatokrol-kapitany-zoltannal-beszelgettunk\/#breadcrumb\"},\"inLanguage\":\"hu\",\"potentialAction\":[{\"@type\":\"ReadAction\",\"target\":[\"https:\/\/fotsportegyesulet.hu\/index.php\/2021\/04\/26\/tao-palyazatokrol-kapitany-zoltannal-beszelgettunk\/\"]}]},{\"@type\":\"ImageObject\",\"inLanguage\":\"hu\",\"@id\":\"https:\/\/fotsportegyesulet.hu\/index.php\/2021\/04\/26\/tao-palyazatokrol-kapitany-zoltannal-beszelgettunk\/#primaryimage\",\"url\":\"https:\/\/fotsportegyesulet.hu\/wp-content\/uploads\/2021\/04\/956x455-Zoli.jpg\",\"contentUrl\":\"https:\/\/fotsportegyesulet.hu\/wp-content\/uploads\/2021\/04\/956x455-Zoli.jpg\",\"width\":955,\"height\":455},{\"@type\":\"BreadcrumbList\",\"@id\":\"https:\/\/fotsportegyesulet.hu\/index.php\/2021\/04\/26\/tao-palyazatokrol-kapitany-zoltannal-beszelgettunk\/#breadcrumb\",\"itemListElement\":[{\"@type\":\"ListItem\",\"position\":1,\"name\":\"Kezd\u0151lap\",\"item\":\"https:\/\/fotsportegyesulet.hu\/\"},{\"@type\":\"ListItem\",\"position\":2,\"name\":\"TAO-p\u00e1ly\u00e1zatokr\u00f3l Kapit\u00e1ny Zolt\u00e1nnal besz\u00e9lgett\u00fcnk\"}]},{\"@type\":\"WebSite\",\"@id\":\"https:\/\/fotsportegyesulet.hu\/#website\",\"url\":\"https:\/\/fotsportegyesulet.hu\/\",\"name\":\"F\u00d3T SPORTEGYES\u00dcLET\",\"description\":\"\",\"publisher\":{\"@id\":\"https:\/\/fotsportegyesulet.hu\/#organization\"},\"potentialAction\":[{\"@type\":\"SearchAction\",\"target\":{\"@type\":\"EntryPoint\",\"urlTemplate\":\"https:\/\/fotsportegyesulet.hu\/?s={search_term_string}\"},\"query-input\":{\"@type\":\"PropertyValueSpecification\",\"valueRequired\":true,\"valueName\":\"search_term_string\"}}],\"inLanguage\":\"hu\"},{\"@type\":\"Organization\",\"@id\":\"https:\/\/fotsportegyesulet.hu\/#organization\",\"name\":\"F\u00f3t Sportegyes\u00fclet\",\"url\":\"https:\/\/fotsportegyesulet.hu\/\",\"logo\":{\"@type\":\"ImageObject\",\"inLanguage\":\"hu\",\"@id\":\"https:\/\/fotsportegyesulet.hu\/#\/schema\/logo\/image\/\",\"url\":\"https:\/\/fotsportegyesulet.hu\/wp-content\/uploads\/2020\/07\/eredeti-sz\u00ednes-vektoros-Fot-cimer-3.png\",\"contentUrl\":\"https:\/\/fotsportegyesulet.hu\/wp-content\/uploads\/2020\/07\/eredeti-sz\u00ednes-vektoros-Fot-cimer-3.png\",\"width\":500,\"height\":500,\"caption\":\"F\u00f3t Sportegyes\u00fclet\"},\"image\":{\"@id\":\"https:\/\/fotsportegyesulet.hu\/#\/schema\/logo\/image\/\"},\"sameAs\":[\"https:\/\/www.facebook.com\/fotsportegyesulet\/\"]},{\"@type\":\"Person\",\"@id\":\"https:\/\/fotsportegyesulet.hu\/#\/schema\/person\/8750ccb3a5183172b75dcc348ffbdbb1\",\"name\":\"F\u00f3t SE\",\"image\":{\"@type\":\"ImageObject\",\"inLanguage\":\"hu\",\"@id\":\"https:\/\/fotsportegyesulet.hu\/#\/schema\/person\/image\/\",\"url\":\"https:\/\/secure.gravatar.com\/avatar\/2f768bb7a490a49aeb2ccaf4bacc94391bbafd4b6aa54eb6f9318ffc80d81dad?s=96&d=mm&r=g\",\"contentUrl\":\"https:\/\/secure.gravatar.com\/avatar\/2f768bb7a490a49aeb2ccaf4bacc94391bbafd4b6aa54eb6f9318ffc80d81dad?s=96&d=mm&r=g\",\"caption\":\"F\u00f3t SE\"},\"sameAs\":[\"http:\/\/fotsportegyesulet.hu\"],\"url\":\"https:\/\/fotsportegyesulet.hu\/index.php\/author\/kapitany-zoltan\/\"}]}<\/script>\n<!-- \/ Yoast SEO plugin. -->","yoast_head_json":{"title":"TAO-p\u00e1ly\u00e1zatokr\u00f3l Kapit\u00e1ny Zolt\u00e1nnal besz\u00e9lgett\u00fcnk - F\u00d3T SPORTEGYES\u00dcLET","robots":{"index":"index","follow":"follow","max-snippet":"max-snippet:-1","max-image-preview":"max-image-preview:large","max-video-preview":"max-video-preview:-1"},"canonical":"https:\/\/fotsportegyesulet.hu\/index.php\/2021\/04\/26\/tao-palyazatokrol-kapitany-zoltannal-beszelgettunk\/","og_locale":"hu_HU","og_type":"article","og_title":"TAO-p\u00e1ly\u00e1zatokr\u00f3l Kapit\u00e1ny Zolt\u00e1nnal besz\u00e9lgett\u00fcnk - F\u00d3T SPORTEGYES\u00dcLET","og_description":"A F\u00f3t SE a hat\u00e1rid\u0151ig 3 sport\u00e1gban adott be TAO-p\u00e1ly\u00e1zatokat.","og_url":"https:\/\/fotsportegyesulet.hu\/index.php\/2021\/04\/26\/tao-palyazatokrol-kapitany-zoltannal-beszelgettunk\/","og_site_name":"F\u00d3T SPORTEGYES\u00dcLET","article_publisher":"https:\/\/www.facebook.com\/fotsportegyesulet\/","article_published_time":"2021-04-26T09:45:02+00:00","article_modified_time":"2021-04-26T09:45:41+00:00","og_image":[{"width":955,"height":455,"url":"https:\/\/fotsportegyesulet.hu\/wp-content\/uploads\/2021\/04\/956x455-Zoli.jpg","type":"image\/jpeg"}],"author":"F\u00f3t SE","twitter_card":"summary_large_image","twitter_misc":{"Szerz\u0151:":"F\u00f3t SE","Becs\u00fclt olvas\u00e1si id\u0151":"4 perc"},"schema":{"@context":"https:\/\/schema.org","@graph":[{"@type":"Article","@id":"https:\/\/fotsportegyesulet.hu\/index.php\/2021\/04\/26\/tao-palyazatokrol-kapitany-zoltannal-beszelgettunk\/#article","isPartOf":{"@id":"https:\/\/fotsportegyesulet.hu\/index.php\/2021\/04\/26\/tao-palyazatokrol-kapitany-zoltannal-beszelgettunk\/"},"author":{"name":"F\u00f3t SE","@id":"https:\/\/fotsportegyesulet.hu\/#\/schema\/person\/8750ccb3a5183172b75dcc348ffbdbb1"},"headline":"TAO-p\u00e1ly\u00e1zatokr\u00f3l Kapit\u00e1ny Zolt\u00e1nnal besz\u00e9lgett\u00fcnk","datePublished":"2021-04-26T09:45:02+00:00","dateModified":"2021-04-26T09:45:41+00:00","mainEntityOfPage":{"@id":"https:\/\/fotsportegyesulet.hu\/index.php\/2021\/04\/26\/tao-palyazatokrol-kapitany-zoltannal-beszelgettunk\/"},"wordCount":1030,"publisher":{"@id":"https:\/\/fotsportegyesulet.hu\/#organization"},"image":{"@id":"https:\/\/fotsportegyesulet.hu\/index.php\/2021\/04\/26\/tao-palyazatokrol-kapitany-zoltannal-beszelgettunk\/#primaryimage"},"thumbnailUrl":"https:\/\/fotsportegyesulet.hu\/wp-content\/uploads\/2021\/04\/956x455-Zoli.jpg","keywords":["F\u00f3t SE","p\u00e1ly\u00e1zat","sportegyes\u00fclet"],"articleSection":["H\u00edrek"],"inLanguage":"hu"},{"@type":"WebPage","@id":"https:\/\/fotsportegyesulet.hu\/index.php\/2021\/04\/26\/tao-palyazatokrol-kapitany-zoltannal-beszelgettunk\/","url":"https:\/\/fotsportegyesulet.hu\/index.php\/2021\/04\/26\/tao-palyazatokrol-kapitany-zoltannal-beszelgettunk\/","name":"TAO-p\u00e1ly\u00e1zatokr\u00f3l Kapit\u00e1ny Zolt\u00e1nnal besz\u00e9lgett\u00fcnk - F\u00d3T SPORTEGYES\u00dcLET","isPartOf":{"@id":"https:\/\/fotsportegyesulet.hu\/#website"},"primaryImageOfPage":{"@id":"https:\/\/fotsportegyesulet.hu\/index.php\/2021\/04\/26\/tao-palyazatokrol-kapitany-zoltannal-beszelgettunk\/#primaryimage"},"image":{"@id":"https:\/\/fotsportegyesulet.hu\/index.php\/2021\/04\/26\/tao-palyazatokrol-kapitany-zoltannal-beszelgettunk\/#primaryimage"},"thumbnailUrl":"https:\/\/fotsportegyesulet.hu\/wp-content\/uploads\/2021\/04\/956x455-Zoli.jpg","datePublished":"2021-04-26T09:45:02+00:00","dateModified":"2021-04-26T09:45:41+00:00","breadcrumb":{"@id":"https:\/\/fotsportegyesulet.hu\/index.php\/2021\/04\/26\/tao-palyazatokrol-kapitany-zoltannal-beszelgettunk\/#breadcrumb"},"inLanguage":"hu","potentialAction":[{"@type":"ReadAction","target":["https:\/\/fotsportegyesulet.hu\/index.php\/2021\/04\/26\/tao-palyazatokrol-kapitany-zoltannal-beszelgettunk\/"]}]},{"@type":"ImageObject","inLanguage":"hu","@id":"https:\/\/fotsportegyesulet.hu\/index.php\/2021\/04\/26\/tao-palyazatokrol-kapitany-zoltannal-beszelgettunk\/#primaryimage","url":"https:\/\/fotsportegyesulet.hu\/wp-content\/uploads\/2021\/04\/956x455-Zoli.jpg","contentUrl":"https:\/\/fotsportegyesulet.hu\/wp-content\/uploads\/2021\/04\/956x455-Zoli.jpg","width":955,"height":455},{"@type":"BreadcrumbList","@id":"https:\/\/fotsportegyesulet.hu\/index.php\/2021\/04\/26\/tao-palyazatokrol-kapitany-zoltannal-beszelgettunk\/#breadcrumb","itemListElement":[{"@type":"ListItem","position":1,"name":"Kezd\u0151lap","item":"https:\/\/fotsportegyesulet.hu\/"},{"@type":"ListItem","position":2,"name":"TAO-p\u00e1ly\u00e1zatokr\u00f3l Kapit\u00e1ny Zolt\u00e1nnal besz\u00e9lgett\u00fcnk"}]},{"@type":"WebSite","@id":"https:\/\/fotsportegyesulet.hu\/#website","url":"https:\/\/fotsportegyesulet.hu\/","name":"F\u00d3T SPORTEGYES\u00dcLET","description":"","publisher":{"@id":"https:\/\/fotsportegyesulet.hu\/#organization"},"potentialAction":[{"@type":"SearchAction","target":{"@type":"EntryPoint","urlTemplate":"https:\/\/fotsportegyesulet.hu\/?s={search_term_string}"},"query-input":{"@type":"PropertyValueSpecification","valueRequired":true,"valueName":"search_term_string"}}],"inLanguage":"hu"},{"@type":"Organization","@id":"https:\/\/fotsportegyesulet.hu\/#organization","name":"F\u00f3t Sportegyes\u00fclet","url":"https:\/\/fotsportegyesulet.hu\/","logo":{"@type":"ImageObject","inLanguage":"hu","@id":"https:\/\/fotsportegyesulet.hu\/#\/schema\/logo\/image\/","url":"https:\/\/fotsportegyesulet.hu\/wp-content\/uploads\/2020\/07\/eredeti-sz\u00ednes-vektoros-Fot-cimer-3.png","contentUrl":"https:\/\/fotsportegyesulet.hu\/wp-content\/uploads\/2020\/07\/eredeti-sz\u00ednes-vektoros-Fot-cimer-3.png","width":500,"height":500,"caption":"F\u00f3t Sportegyes\u00fclet"},"image":{"@id":"https:\/\/fotsportegyesulet.hu\/#\/schema\/logo\/image\/"},"sameAs":["https:\/\/www.facebook.com\/fotsportegyesulet\/"]},{"@type":"Person","@id":"https:\/\/fotsportegyesulet.hu\/#\/schema\/person\/8750ccb3a5183172b75dcc348ffbdbb1","name":"F\u00f3t SE","image":{"@type":"ImageObject","inLanguage":"hu","@id":"https:\/\/fotsportegyesulet.hu\/#\/schema\/person\/image\/","url":"https:\/\/secure.gravatar.com\/avatar\/2f768bb7a490a49aeb2ccaf4bacc94391bbafd4b6aa54eb6f9318ffc80d81dad?s=96&d=mm&r=g","contentUrl":"https:\/\/secure.gravatar.com\/avatar\/2f768bb7a490a49aeb2ccaf4bacc94391bbafd4b6aa54eb6f9318ffc80d81dad?s=96&d=mm&r=g","caption":"F\u00f3t SE"},"sameAs":["http:\/\/fotsportegyesulet.hu"],"url":"https:\/\/fotsportegyesulet.hu\/index.php\/author\/kapitany-zoltan\/"}]}},"_links":{"self":[{"href":"https:\/\/fotsportegyesulet.hu\/index.php\/wp-json\/wp\/v2\/posts\/2284","targetHints":{"allow":["GET"]}}],"collection":[{"href":"https:\/\/fotsportegyesulet.hu\/index.php\/wp-json\/wp\/v2\/posts"}],"about":[{"href":"https:\/\/fotsportegyesulet.hu\/index.php\/wp-json\/wp\/v2\/types\/post"}],"author":[{"embeddable":true,"href":"https:\/\/fotsportegyesulet.hu\/index.php\/wp-json\/wp\/v2\/users\/3"}],"replies":[{"embeddable":true,"href":"https:\/\/fotsportegyesulet.hu\/index.php\/wp-json\/wp\/v2\/comments?post=2284"}],"version-history":[{"count":4,"href":"https:\/\/fotsportegyesulet.hu\/index.php\/wp-json\/wp\/v2\/posts\/2284\/revisions"}],"predecessor-version":[{"id":2293,"href":"https:\/\/fotsportegyesulet.hu\/index.php\/wp-json\/wp\/v2\/posts\/2284\/revisions\/2293"}],"wp:featuredmedia":[{"embeddable":true,"href":"https:\/\/fotsportegyesulet.hu\/index.php\/wp-json\/wp\/v2\/media\/2285"}],"wp:attachment":[{"href":"https:\/\/fotsportegyesulet.hu\/index.php\/wp-json\/wp\/v2\/media?parent=2284"}],"wp:term":[{"taxonomy":"category","embeddable":true,"href":"https:\/\/fotsportegyesulet.hu\/index.php\/wp-json\/wp\/v2\/categories?post=2284"},{"taxonomy":"post_tag","embeddable":true,"href":"https:\/\/fotsportegyesulet.hu\/index.php\/wp-json\/wp\/v2\/tags?post=2284"}],"curies":[{"name":"wp","href":"https:\/\/api.w.org\/{rel}","templated":true}]}}