{"id":2215,"date":"2021-04-22T11:07:55","date_gmt":"2021-04-22T09:07:55","guid":{"rendered":"https:\/\/fotsportegyesulet.hu\/?p=2215"},"modified":"2021-04-22T11:12:10","modified_gmt":"2021-04-22T09:12:10","slug":"ismerje-meg-a-2021-es-esztendo-14-ev-alatti-foti-sportolojat","status":"publish","type":"post","link":"https:\/\/fotsportegyesulet.hu\/index.php\/2021\/04\/22\/ismerje-meg-a-2021-es-esztendo-14-ev-alatti-foti-sportolojat\/","title":{"rendered":"Ismerje meg a 2021-es esztend\u0151 14 \u00e9v alatti f\u00f3ti sportol\u00f3j\u00e1t!"},"content":{"rendered":"<p><img loading=\"lazy\" decoding=\"async\" class=\"aligncenter wp-image-2218 size-large\" src=\"https:\/\/fotsportegyesulet.hu\/wp-content\/uploads\/2021\/04\/20210414_145601-1-1024x768.jpg\" alt=\"\" width=\"1024\" height=\"768\" srcset=\"https:\/\/fotsportegyesulet.hu\/wp-content\/uploads\/2021\/04\/20210414_145601-1-1024x768.jpg 1024w, https:\/\/fotsportegyesulet.hu\/wp-content\/uploads\/2021\/04\/20210414_145601-1-300x225.jpg 300w, https:\/\/fotsportegyesulet.hu\/wp-content\/uploads\/2021\/04\/20210414_145601-1-768x576.jpg 768w, https:\/\/fotsportegyesulet.hu\/wp-content\/uploads\/2021\/04\/20210414_145601-1-1536x1152.jpg 1536w, https:\/\/fotsportegyesulet.hu\/wp-content\/uploads\/2021\/04\/20210414_145601-1.jpg 1600w\" sizes=\"auto, (max-width: 1024px) 100vw, 1024px\" \/><\/p>\n<p><b>Az id\u00e9n a 14 \u00e9v alatti koroszt\u00e1lyban a 12 \u00e9ves T\u00f3th D\u00e1vid akrobatikus rock and roll versenyt\u00e1ncos kapta F\u00f3t V\u00e1ros \u00c9v sportol\u00f3ja d\u00edj\u00e1t. Munkat\u00e1rsunk otthon\u00e1ban kereste fel az ifj\u00fa sportol\u00f3t.<\/b><\/p>\n<p>Vid\u00e1m forgatag uralja D\u00e1vid\u00e9k nappalij\u00e1t, ahol sz\u00fclei, testv\u00e9rei, edz\u0151i fogadtak. M\u00e9g kuty\u00e1ja, Tofi is lelkesen \u00fcdv\u00f6z\u00f6lt, kedvenc madara, Amigo pedig egyszer az \u0151 v\u00e1ll\u00e1n, egyszer az \u00e9n fejemen landolt. A hangulat v\u00e9gig nagyon der\u0171s volt, l\u00e1tszott, hogy \u00edgy egy\u00fctt nagyon t\u00e1mogat\u00f3 k\u00f6z\u00f6ss\u00e9get alkotnak D\u00e1vid c\u00e9ljainak el\u00e9r\u00e9s\u00e9hez.<\/p>\n<p><img loading=\"lazy\" decoding=\"async\" class=\"aligncenter wp-image-2222 size-large\" src=\"https:\/\/fotsportegyesulet.hu\/wp-content\/uploads\/2021\/04\/David-szuleivel-es-batyjaval-1320x990-1-1024x768.jpg\" alt=\"\" width=\"1024\" height=\"768\" srcset=\"https:\/\/fotsportegyesulet.hu\/wp-content\/uploads\/2021\/04\/David-szuleivel-es-batyjaval-1320x990-1-1024x768.jpg 1024w, https:\/\/fotsportegyesulet.hu\/wp-content\/uploads\/2021\/04\/David-szuleivel-es-batyjaval-1320x990-1-300x225.jpg 300w, https:\/\/fotsportegyesulet.hu\/wp-content\/uploads\/2021\/04\/David-szuleivel-es-batyjaval-1320x990-1-768x576.jpg 768w, https:\/\/fotsportegyesulet.hu\/wp-content\/uploads\/2021\/04\/David-szuleivel-es-batyjaval-1320x990-1.jpg 1320w\" sizes=\"auto, (max-width: 1024px) 100vw, 1024px\" \/><\/p>\n<p>Term\u00e9szetesen \u0151 maga is megtesz mindent a siker \u00e9rdek\u00e9ben: hetente h\u00e1romszor m\u00e1sf\u00e9l \u00f3r\u00e1t gyakorol partner\u00e9vel, otthon pedig m\u00e9g k\u00e9tszer vesz r\u00e9szt online er\u0151s\u00edt\u0151 \u00e9s ny\u00fajt\u00f3 edz\u00e9sen. Ezenk\u00edv\u00fcl a Mogyor\u00f3di KSK U13-as csapat\u00e1nak is igazolt j\u00e1t\u00e9kosa, ami h\u00e1rom futballedz\u00e9st jelent hetente sz\u00e1m\u00e1ra. D\u00e1vid k\u00e9k \u00f6ves aikid\u00f3s, de id\u0151hi\u00e1ny miatt ezt a sportot jelenleg sz\u00fcnetelteti.<\/p>\n<p><img loading=\"lazy\" decoding=\"async\" class=\"aligncenter wp-image-2223 size-large\" src=\"https:\/\/fotsportegyesulet.hu\/wp-content\/uploads\/2021\/04\/DSCF0061-1320x1010-1-1024x784.jpg\" alt=\"\" width=\"1024\" height=\"784\" srcset=\"https:\/\/fotsportegyesulet.hu\/wp-content\/uploads\/2021\/04\/DSCF0061-1320x1010-1-1024x784.jpg 1024w, https:\/\/fotsportegyesulet.hu\/wp-content\/uploads\/2021\/04\/DSCF0061-1320x1010-1-300x230.jpg 300w, https:\/\/fotsportegyesulet.hu\/wp-content\/uploads\/2021\/04\/DSCF0061-1320x1010-1-768x588.jpg 768w, https:\/\/fotsportegyesulet.hu\/wp-content\/uploads\/2021\/04\/DSCF0061-1320x1010-1.jpg 1320w\" sizes=\"auto, (max-width: 1024px) 100vw, 1024px\" \/><\/p>\n<p>A h\u00e9tv\u00e9gi t\u00e1ncversenyek sajnos gyakran \u00fctk\u00f6znek a bajnoki vagy edz\u0151m\u00e9rk\u0151z\u00e9sekkel, de az els\u0151bbs\u00e9g a t\u00e1nc\u00e9. D\u00e1vid eredm\u00e9nyei igaz\u00e1n impon\u00e1l\u00f3ak \u2013 a legjelent\u0151sebb, \u00e9vente megrendezett hazai versenyr\u0151l, a Magyar Bajnoks\u00e1gr\u00f3l\u00a0 partner\u00e9vel m\u00e1r k\u00e9tszer hozt\u00e1k el az arany\u00e9rmet. Tavaly nagy el\u0151nnyel ranglistavezet\u0151k voltak koroszt\u00e1lyukban a children p\u00e1ros kateg\u00f3ri\u00e1ban. H\u00e1rom online vil\u00e1gkupa versenyen vettek r\u00e9szt 2020-ban, egy ez\u00fcst \u00e9s k\u00e9t arany\u00e9rmet nyertek, a sport\u00e1gban nagyhatalomnak sz\u00e1m\u00edt\u00f3 orosz \u00e9s ukr\u00e1n fiatalokat is maguk m\u00f6g\u00e9 tudt\u00e1k utas\u00edtani.<\/p>\n<p><img loading=\"lazy\" decoding=\"async\" class=\"aligncenter wp-image-2217 size-large\" src=\"https:\/\/fotsportegyesulet.hu\/wp-content\/uploads\/2021\/04\/20210414_144039-1320x990-1-1024x768.jpg\" alt=\"\" width=\"1024\" height=\"768\" srcset=\"https:\/\/fotsportegyesulet.hu\/wp-content\/uploads\/2021\/04\/20210414_144039-1320x990-1-1024x768.jpg 1024w, https:\/\/fotsportegyesulet.hu\/wp-content\/uploads\/2021\/04\/20210414_144039-1320x990-1-300x225.jpg 300w, https:\/\/fotsportegyesulet.hu\/wp-content\/uploads\/2021\/04\/20210414_144039-1320x990-1-768x576.jpg 768w, https:\/\/fotsportegyesulet.hu\/wp-content\/uploads\/2021\/04\/20210414_144039-1320x990-1.jpg 1320w\" sizes=\"auto, (max-width: 1024px) 100vw, 1024px\" \/><\/p>\n<p>\u00c9vek \u00f3ta Moln\u00e1r Zs\u00f3fia D\u00e1vid partnere, sorra nyerik k\u00f6z\u00f6sen a ter\u00fcleti \u00e9s orsz\u00e1gos versenyeket \u00e9s sz\u00e9p eredm\u00e9nyeket \u00e9rtek el k\u00fclf\u00f6ld\u00f6n is, Horv\u00e1torsz\u00e1gban, Szlov\u00e1ki\u00e1ban \u00e9s Lengyelorsz\u00e1gban. Ahogy edz\u0151ik, Bazsik Benj\u00e1min \u00e9s Kuptsulik Tam\u00e1s elmondt\u00e1k, az akrobatikus rock and roll ink\u00e1bb sport, mint klasszikus t\u00e1nc, nem v\u00e9letlen\u00fcl tartozik a Magyar T\u00e1ncsport Szaksz\u00f6vets\u00e9ghez. A versenyeken egy-egy produkci\u00f3 ideje korcsoport-kateg\u00f3ri\u00e1t\u00f3l f\u00fcgg\u0151en egy-m\u00e1sf\u00e9l perc, a versenysz\u00e1mnak el\u0151\u00edrt minimum koreogr\u00e1fiaelemeket kell tartalmaznia \u2013 a zs\u0171ri \u00edgy pontozza a t\u00e1ncot, melyet meghat\u00e1rozott \u00fctem\u0171 mixelt zen\u00e9re hajt v\u00e9gre a p\u00e1ros.<\/p>\n<p><img loading=\"lazy\" decoding=\"async\" class=\"aligncenter wp-image-2220 size-large\" src=\"https:\/\/fotsportegyesulet.hu\/wp-content\/uploads\/2021\/04\/20210416_170903_HDR-1320x990-1-1024x768.jpg\" alt=\"\" width=\"1024\" height=\"768\" srcset=\"https:\/\/fotsportegyesulet.hu\/wp-content\/uploads\/2021\/04\/20210416_170903_HDR-1320x990-1-1024x768.jpg 1024w, https:\/\/fotsportegyesulet.hu\/wp-content\/uploads\/2021\/04\/20210416_170903_HDR-1320x990-1-300x225.jpg 300w, https:\/\/fotsportegyesulet.hu\/wp-content\/uploads\/2021\/04\/20210416_170903_HDR-1320x990-1-768x576.jpg 768w, https:\/\/fotsportegyesulet.hu\/wp-content\/uploads\/2021\/04\/20210416_170903_HDR-1320x990-1.jpg 1320w\" sizes=\"auto, (max-width: 1024px) 100vw, 1024px\" \/><\/p>\n<p>D\u00e1vid hat\u00e9ves kora \u00f3ta t\u00e1ncol. C\u00e9lszer\u0171 ezt min\u00e9l el\u0151bb elkezdeni: mestere, Bazsik Benjamin is ennyi id\u0151sen volt els\u0151 edz\u00e9s\u00e9n. Egyes\u00fclete, a N\u00e9gy musk\u00e9t\u00e1s (4MDC), az egyik legsikeresebb \u00e9s legnagyobb egyes\u00fclet az orsz\u00e1gban. D\u00e1vid az 4MDC XV.\u00a0 ker\u00fcleti Spartans Dance v\u00e1logatottj\u00e1ban sportol. Az egyes\u00fcletnek nemr\u00e9g alakult egy f\u00f3ti csoportja is a F\u00f3t SE-vel egy\u00fcttm\u0171k\u00f6dve,\u00a0 D\u00e1vid edz\u0151i itt is dolgoznak.<\/p>\n<p><img loading=\"lazy\" decoding=\"async\" class=\"aligncenter wp-image-2221 size-large\" src=\"https:\/\/fotsportegyesulet.hu\/wp-content\/uploads\/2021\/04\/David-az-edzoivel-1320x990-1-1024x768.jpg\" alt=\"\" width=\"1024\" height=\"768\" srcset=\"https:\/\/fotsportegyesulet.hu\/wp-content\/uploads\/2021\/04\/David-az-edzoivel-1320x990-1-1024x768.jpg 1024w, https:\/\/fotsportegyesulet.hu\/wp-content\/uploads\/2021\/04\/David-az-edzoivel-1320x990-1-300x225.jpg 300w, https:\/\/fotsportegyesulet.hu\/wp-content\/uploads\/2021\/04\/David-az-edzoivel-1320x990-1-768x576.jpg 768w, https:\/\/fotsportegyesulet.hu\/wp-content\/uploads\/2021\/04\/David-az-edzoivel-1320x990-1.jpg 1320w\" sizes=\"auto, (max-width: 1024px) 100vw, 1024px\" \/><\/p>\n<p>Az \u00e9v 14 alatti sportol\u00f3j\u00e1nak szenved\u00e9lye a t\u00e1nc, teljes er\u0151bedob\u00e1ssal \u00e9s \u00f6r\u00f6mmel n\u00e9z az \u00fajabb kih\u00edv\u00e1sok fel\u00e9. Az iskol\u00e1ban is sz\u00e9pen helyt\u00e1ll \u2013 a F\u00f3ti \u00d6komenikus \u00c1ltal\u00e1nos Iskola \u00e9s Gimn\u00e1zium 6.b oszt\u00e1ly\u00e1nak tanul\u00f3ja, kiv\u00e1l\u00f3 eredm\u00e9nnyel. Kikapcsol\u00f3d\u00e1sk\u00e9nt szeret n\u00e9pi hangszereken zen\u00e9lni,\u00a0 dorombon, tilink\u00f3n. B\u00e1tyja, Gerg\u0151 \u00e9s h\u00faga, Dorina is ugyanebben az egyes\u00fcletben igazolt versenyz\u0151k, m\u00e1s koroszt\u00e1lyokban, hasonl\u00f3 eredm\u00e9nyekkel.<\/p>\n<p><img loading=\"lazy\" decoding=\"async\" class=\"aligncenter wp-image-2219 size-large\" src=\"https:\/\/fotsportegyesulet.hu\/wp-content\/uploads\/2021\/04\/20210416_170140-1320x990-1-1024x768.jpg\" alt=\"\" width=\"1024\" height=\"768\" srcset=\"https:\/\/fotsportegyesulet.hu\/wp-content\/uploads\/2021\/04\/20210416_170140-1320x990-1-1024x768.jpg 1024w, https:\/\/fotsportegyesulet.hu\/wp-content\/uploads\/2021\/04\/20210416_170140-1320x990-1-300x225.jpg 300w, https:\/\/fotsportegyesulet.hu\/wp-content\/uploads\/2021\/04\/20210416_170140-1320x990-1-768x576.jpg 768w, https:\/\/fotsportegyesulet.hu\/wp-content\/uploads\/2021\/04\/20210416_170140-1320x990-1.jpg 1320w\" sizes=\"auto, (max-width: 1024px) 100vw, 1024px\" \/><\/p>\n<p>D\u00e1vid nagyon \u00f6r\u00fclt a d\u00edjnak, ami csak meger\u0151s\u00edti abban, hogy j\u00f3 \u00faton j\u00e1r, \u00e9s \u00e9rdemes ennyi munk\u00e1t fektetnie a sportba \u00e9s ezzel \u00f6regb\u00edteni F\u00f3t h\u00edrnev\u00e9t.<\/p>\n<p>Forr\u00e1s: fotinfo.hu<\/p>\n","protected":false},"excerpt":{"rendered":"<p> T\u00f3th D\u00e1vid kapta F\u00f3t V\u00e1ros \u00c9v sportol\u00f3ja d\u00edj\u00e1t.<\/p>\n","protected":false},"author":3,"featured_media":2216,"comment_status":"closed","ping_status":"open","sticky":false,"template":"","format":"standard","meta":{"_bbp_topic_count":0,"_bbp_reply_count":0,"_bbp_total_topic_count":0,"_bbp_total_reply_count":0,"_bbp_voice_count":0,"_bbp_anonymous_reply_count":0,"_bbp_topic_count_hidden":0,"_bbp_reply_count_hidden":0,"_bbp_forum_subforum_count":0,"_price":"","_stock":"","_tribe_ticket_header":"","_tribe_default_ticket_provider":"","_ticket_start_date":"","_ticket_end_date":"","_tribe_ticket_show_description":"","_tribe_ticket_show_not_going":false,"_tribe_ticket_use_global_stock":"","_tribe_ticket_global_stock_level":"","_global_stock_mode":"","_global_stock_cap":"","_tribe_rsvp_for_event":"","_tribe_ticket_going_count":"","_tribe_ticket_not_going_count":"","_tribe_tickets_list":"[]","_tribe_ticket_has_attendee_info_fields":false,"footnotes":""},"categories":[1],"tags":[102,103],"class_list":["post-2215","post","type-post","status-publish","format-standard","has-post-thumbnail","hentry","category-hirek","tag-tanc","tag-zene"],"yoast_head":"<!-- This site is optimized with the Yoast SEO plugin v25.7 - https:\/\/yoast.com\/wordpress\/plugins\/seo\/ -->\n<title>Ismerje meg a 2021-es esztend\u0151 14 \u00e9v alatti f\u00f3ti sportol\u00f3j\u00e1t! - F\u00d3T SPORTEGYES\u00dcLET<\/title>\n<meta name=\"robots\" content=\"index, follow, max-snippet:-1, max-image-preview:large, max-video-preview:-1\" \/>\n<link rel=\"canonical\" href=\"https:\/\/fotsportegyesulet.hu\/index.php\/2021\/04\/22\/ismerje-meg-a-2021-es-esztendo-14-ev-alatti-foti-sportolojat\/\" \/>\n<meta property=\"og:locale\" content=\"hu_HU\" \/>\n<meta property=\"og:type\" content=\"article\" \/>\n<meta property=\"og:title\" content=\"Ismerje meg a 2021-es esztend\u0151 14 \u00e9v alatti f\u00f3ti sportol\u00f3j\u00e1t! - F\u00d3T SPORTEGYES\u00dcLET\" \/>\n<meta property=\"og:description\" content=\"T\u00f3th D\u00e1vid kapta F\u00f3t V\u00e1ros \u00c9v sportol\u00f3ja d\u00edj\u00e1t.\" \/>\n<meta property=\"og:url\" content=\"https:\/\/fotsportegyesulet.hu\/index.php\/2021\/04\/22\/ismerje-meg-a-2021-es-esztendo-14-ev-alatti-foti-sportolojat\/\" \/>\n<meta property=\"og:site_name\" content=\"F\u00d3T SPORTEGYES\u00dcLET\" \/>\n<meta property=\"article:publisher\" content=\"https:\/\/www.facebook.com\/fotsportegyesulet\/\" \/>\n<meta property=\"article:published_time\" content=\"2021-04-22T09:07:55+00:00\" \/>\n<meta property=\"article:modified_time\" content=\"2021-04-22T09:12:10+00:00\" \/>\n<meta property=\"og:image\" content=\"https:\/\/fotsportegyesulet.hu\/wp-content\/uploads\/2021\/04\/Jo-meret_956x455.jpg\" \/>\n\t<meta property=\"og:image:width\" content=\"953\" \/>\n\t<meta property=\"og:image:height\" content=\"455\" \/>\n\t<meta property=\"og:image:type\" content=\"image\/jpeg\" \/>\n<meta name=\"author\" content=\"F\u00f3t SE\" \/>\n<meta name=\"twitter:card\" content=\"summary_large_image\" \/>\n<meta name=\"twitter:label1\" content=\"Szerz\u0151:\" \/>\n\t<meta name=\"twitter:data1\" content=\"F\u00f3t SE\" \/>\n\t<meta name=\"twitter:label2\" content=\"Becs\u00fclt olvas\u00e1si id\u0151\" \/>\n\t<meta name=\"twitter:data2\" content=\"3 perc\" \/>\n<script type=\"application\/ld+json\" class=\"yoast-schema-graph\">{\"@context\":\"https:\/\/schema.org\",\"@graph\":[{\"@type\":\"Article\",\"@id\":\"https:\/\/fotsportegyesulet.hu\/index.php\/2021\/04\/22\/ismerje-meg-a-2021-es-esztendo-14-ev-alatti-foti-sportolojat\/#article\",\"isPartOf\":{\"@id\":\"https:\/\/fotsportegyesulet.hu\/index.php\/2021\/04\/22\/ismerje-meg-a-2021-es-esztendo-14-ev-alatti-foti-sportolojat\/\"},\"author\":{\"name\":\"F\u00f3t SE\",\"@id\":\"https:\/\/fotsportegyesulet.hu\/#\/schema\/person\/8750ccb3a5183172b75dcc348ffbdbb1\"},\"headline\":\"Ismerje meg a 2021-es esztend\u0151 14 \u00e9v alatti f\u00f3ti sportol\u00f3j\u00e1t!\",\"datePublished\":\"2021-04-22T09:07:55+00:00\",\"dateModified\":\"2021-04-22T09:12:10+00:00\",\"mainEntityOfPage\":{\"@id\":\"https:\/\/fotsportegyesulet.hu\/index.php\/2021\/04\/22\/ismerje-meg-a-2021-es-esztendo-14-ev-alatti-foti-sportolojat\/\"},\"wordCount\":662,\"publisher\":{\"@id\":\"https:\/\/fotsportegyesulet.hu\/#organization\"},\"image\":{\"@id\":\"https:\/\/fotsportegyesulet.hu\/index.php\/2021\/04\/22\/ismerje-meg-a-2021-es-esztendo-14-ev-alatti-foti-sportolojat\/#primaryimage\"},\"thumbnailUrl\":\"https:\/\/fotsportegyesulet.hu\/wp-content\/uploads\/2021\/04\/Jo-meret_956x455.jpg\",\"keywords\":[\"t\u00e1nc\",\"zene\"],\"articleSection\":[\"H\u00edrek\"],\"inLanguage\":\"hu\"},{\"@type\":\"WebPage\",\"@id\":\"https:\/\/fotsportegyesulet.hu\/index.php\/2021\/04\/22\/ismerje-meg-a-2021-es-esztendo-14-ev-alatti-foti-sportolojat\/\",\"url\":\"https:\/\/fotsportegyesulet.hu\/index.php\/2021\/04\/22\/ismerje-meg-a-2021-es-esztendo-14-ev-alatti-foti-sportolojat\/\",\"name\":\"Ismerje meg a 2021-es esztend\u0151 14 \u00e9v alatti f\u00f3ti sportol\u00f3j\u00e1t! - F\u00d3T SPORTEGYES\u00dcLET\",\"isPartOf\":{\"@id\":\"https:\/\/fotsportegyesulet.hu\/#website\"},\"primaryImageOfPage\":{\"@id\":\"https:\/\/fotsportegyesulet.hu\/index.php\/2021\/04\/22\/ismerje-meg-a-2021-es-esztendo-14-ev-alatti-foti-sportolojat\/#primaryimage\"},\"image\":{\"@id\":\"https:\/\/fotsportegyesulet.hu\/index.php\/2021\/04\/22\/ismerje-meg-a-2021-es-esztendo-14-ev-alatti-foti-sportolojat\/#primaryimage\"},\"thumbnailUrl\":\"https:\/\/fotsportegyesulet.hu\/wp-content\/uploads\/2021\/04\/Jo-meret_956x455.jpg\",\"datePublished\":\"2021-04-22T09:07:55+00:00\",\"dateModified\":\"2021-04-22T09:12:10+00:00\",\"breadcrumb\":{\"@id\":\"https:\/\/fotsportegyesulet.hu\/index.php\/2021\/04\/22\/ismerje-meg-a-2021-es-esztendo-14-ev-alatti-foti-sportolojat\/#breadcrumb\"},\"inLanguage\":\"hu\",\"potentialAction\":[{\"@type\":\"ReadAction\",\"target\":[\"https:\/\/fotsportegyesulet.hu\/index.php\/2021\/04\/22\/ismerje-meg-a-2021-es-esztendo-14-ev-alatti-foti-sportolojat\/\"]}]},{\"@type\":\"ImageObject\",\"inLanguage\":\"hu\",\"@id\":\"https:\/\/fotsportegyesulet.hu\/index.php\/2021\/04\/22\/ismerje-meg-a-2021-es-esztendo-14-ev-alatti-foti-sportolojat\/#primaryimage\",\"url\":\"https:\/\/fotsportegyesulet.hu\/wp-content\/uploads\/2021\/04\/Jo-meret_956x455.jpg\",\"contentUrl\":\"https:\/\/fotsportegyesulet.hu\/wp-content\/uploads\/2021\/04\/Jo-meret_956x455.jpg\",\"width\":953,\"height\":455},{\"@type\":\"BreadcrumbList\",\"@id\":\"https:\/\/fotsportegyesulet.hu\/index.php\/2021\/04\/22\/ismerje-meg-a-2021-es-esztendo-14-ev-alatti-foti-sportolojat\/#breadcrumb\",\"itemListElement\":[{\"@type\":\"ListItem\",\"position\":1,\"name\":\"Kezd\u0151lap\",\"item\":\"https:\/\/fotsportegyesulet.hu\/\"},{\"@type\":\"ListItem\",\"position\":2,\"name\":\"Ismerje meg a 2021-es esztend\u0151 14 \u00e9v alatti f\u00f3ti sportol\u00f3j\u00e1t!\"}]},{\"@type\":\"WebSite\",\"@id\":\"https:\/\/fotsportegyesulet.hu\/#website\",\"url\":\"https:\/\/fotsportegyesulet.hu\/\",\"name\":\"F\u00d3T SPORTEGYES\u00dcLET\",\"description\":\"\",\"publisher\":{\"@id\":\"https:\/\/fotsportegyesulet.hu\/#organization\"},\"potentialAction\":[{\"@type\":\"SearchAction\",\"target\":{\"@type\":\"EntryPoint\",\"urlTemplate\":\"https:\/\/fotsportegyesulet.hu\/?s={search_term_string}\"},\"query-input\":{\"@type\":\"PropertyValueSpecification\",\"valueRequired\":true,\"valueName\":\"search_term_string\"}}],\"inLanguage\":\"hu\"},{\"@type\":\"Organization\",\"@id\":\"https:\/\/fotsportegyesulet.hu\/#organization\",\"name\":\"F\u00f3t Sportegyes\u00fclet\",\"url\":\"https:\/\/fotsportegyesulet.hu\/\",\"logo\":{\"@type\":\"ImageObject\",\"inLanguage\":\"hu\",\"@id\":\"https:\/\/fotsportegyesulet.hu\/#\/schema\/logo\/image\/\",\"url\":\"https:\/\/fotsportegyesulet.hu\/wp-content\/uploads\/2020\/07\/eredeti-sz\u00ednes-vektoros-Fot-cimer-3.png\",\"contentUrl\":\"https:\/\/fotsportegyesulet.hu\/wp-content\/uploads\/2020\/07\/eredeti-sz\u00ednes-vektoros-Fot-cimer-3.png\",\"width\":500,\"height\":500,\"caption\":\"F\u00f3t Sportegyes\u00fclet\"},\"image\":{\"@id\":\"https:\/\/fotsportegyesulet.hu\/#\/schema\/logo\/image\/\"},\"sameAs\":[\"https:\/\/www.facebook.com\/fotsportegyesulet\/\"]},{\"@type\":\"Person\",\"@id\":\"https:\/\/fotsportegyesulet.hu\/#\/schema\/person\/8750ccb3a5183172b75dcc348ffbdbb1\",\"name\":\"F\u00f3t SE\",\"image\":{\"@type\":\"ImageObject\",\"inLanguage\":\"hu\",\"@id\":\"https:\/\/fotsportegyesulet.hu\/#\/schema\/person\/image\/\",\"url\":\"https:\/\/secure.gravatar.com\/avatar\/2f768bb7a490a49aeb2ccaf4bacc94391bbafd4b6aa54eb6f9318ffc80d81dad?s=96&d=mm&r=g\",\"contentUrl\":\"https:\/\/secure.gravatar.com\/avatar\/2f768bb7a490a49aeb2ccaf4bacc94391bbafd4b6aa54eb6f9318ffc80d81dad?s=96&d=mm&r=g\",\"caption\":\"F\u00f3t SE\"},\"sameAs\":[\"http:\/\/fotsportegyesulet.hu\"],\"url\":\"https:\/\/fotsportegyesulet.hu\/index.php\/author\/kapitany-zoltan\/\"}]}<\/script>\n<!-- \/ Yoast SEO plugin. -->","yoast_head_json":{"title":"Ismerje meg a 2021-es esztend\u0151 14 \u00e9v alatti f\u00f3ti sportol\u00f3j\u00e1t! - F\u00d3T SPORTEGYES\u00dcLET","robots":{"index":"index","follow":"follow","max-snippet":"max-snippet:-1","max-image-preview":"max-image-preview:large","max-video-preview":"max-video-preview:-1"},"canonical":"https:\/\/fotsportegyesulet.hu\/index.php\/2021\/04\/22\/ismerje-meg-a-2021-es-esztendo-14-ev-alatti-foti-sportolojat\/","og_locale":"hu_HU","og_type":"article","og_title":"Ismerje meg a 2021-es esztend\u0151 14 \u00e9v alatti f\u00f3ti sportol\u00f3j\u00e1t! - F\u00d3T SPORTEGYES\u00dcLET","og_description":"T\u00f3th D\u00e1vid kapta F\u00f3t V\u00e1ros \u00c9v sportol\u00f3ja d\u00edj\u00e1t.","og_url":"https:\/\/fotsportegyesulet.hu\/index.php\/2021\/04\/22\/ismerje-meg-a-2021-es-esztendo-14-ev-alatti-foti-sportolojat\/","og_site_name":"F\u00d3T SPORTEGYES\u00dcLET","article_publisher":"https:\/\/www.facebook.com\/fotsportegyesulet\/","article_published_time":"2021-04-22T09:07:55+00:00","article_modified_time":"2021-04-22T09:12:10+00:00","og_image":[{"width":953,"height":455,"url":"https:\/\/fotsportegyesulet.hu\/wp-content\/uploads\/2021\/04\/Jo-meret_956x455.jpg","type":"image\/jpeg"}],"author":"F\u00f3t SE","twitter_card":"summary_large_image","twitter_misc":{"Szerz\u0151:":"F\u00f3t SE","Becs\u00fclt olvas\u00e1si id\u0151":"3 perc"},"schema":{"@context":"https:\/\/schema.org","@graph":[{"@type":"Article","@id":"https:\/\/fotsportegyesulet.hu\/index.php\/2021\/04\/22\/ismerje-meg-a-2021-es-esztendo-14-ev-alatti-foti-sportolojat\/#article","isPartOf":{"@id":"https:\/\/fotsportegyesulet.hu\/index.php\/2021\/04\/22\/ismerje-meg-a-2021-es-esztendo-14-ev-alatti-foti-sportolojat\/"},"author":{"name":"F\u00f3t SE","@id":"https:\/\/fotsportegyesulet.hu\/#\/schema\/person\/8750ccb3a5183172b75dcc348ffbdbb1"},"headline":"Ismerje meg a 2021-es esztend\u0151 14 \u00e9v alatti f\u00f3ti sportol\u00f3j\u00e1t!","datePublished":"2021-04-22T09:07:55+00:00","dateModified":"2021-04-22T09:12:10+00:00","mainEntityOfPage":{"@id":"https:\/\/fotsportegyesulet.hu\/index.php\/2021\/04\/22\/ismerje-meg-a-2021-es-esztendo-14-ev-alatti-foti-sportolojat\/"},"wordCount":662,"publisher":{"@id":"https:\/\/fotsportegyesulet.hu\/#organization"},"image":{"@id":"https:\/\/fotsportegyesulet.hu\/index.php\/2021\/04\/22\/ismerje-meg-a-2021-es-esztendo-14-ev-alatti-foti-sportolojat\/#primaryimage"},"thumbnailUrl":"https:\/\/fotsportegyesulet.hu\/wp-content\/uploads\/2021\/04\/Jo-meret_956x455.jpg","keywords":["t\u00e1nc","zene"],"articleSection":["H\u00edrek"],"inLanguage":"hu"},{"@type":"WebPage","@id":"https:\/\/fotsportegyesulet.hu\/index.php\/2021\/04\/22\/ismerje-meg-a-2021-es-esztendo-14-ev-alatti-foti-sportolojat\/","url":"https:\/\/fotsportegyesulet.hu\/index.php\/2021\/04\/22\/ismerje-meg-a-2021-es-esztendo-14-ev-alatti-foti-sportolojat\/","name":"Ismerje meg a 2021-es esztend\u0151 14 \u00e9v alatti f\u00f3ti sportol\u00f3j\u00e1t! - F\u00d3T SPORTEGYES\u00dcLET","isPartOf":{"@id":"https:\/\/fotsportegyesulet.hu\/#website"},"primaryImageOfPage":{"@id":"https:\/\/fotsportegyesulet.hu\/index.php\/2021\/04\/22\/ismerje-meg-a-2021-es-esztendo-14-ev-alatti-foti-sportolojat\/#primaryimage"},"image":{"@id":"https:\/\/fotsportegyesulet.hu\/index.php\/2021\/04\/22\/ismerje-meg-a-2021-es-esztendo-14-ev-alatti-foti-sportolojat\/#primaryimage"},"thumbnailUrl":"https:\/\/fotsportegyesulet.hu\/wp-content\/uploads\/2021\/04\/Jo-meret_956x455.jpg","datePublished":"2021-04-22T09:07:55+00:00","dateModified":"2021-04-22T09:12:10+00:00","breadcrumb":{"@id":"https:\/\/fotsportegyesulet.hu\/index.php\/2021\/04\/22\/ismerje-meg-a-2021-es-esztendo-14-ev-alatti-foti-sportolojat\/#breadcrumb"},"inLanguage":"hu","potentialAction":[{"@type":"ReadAction","target":["https:\/\/fotsportegyesulet.hu\/index.php\/2021\/04\/22\/ismerje-meg-a-2021-es-esztendo-14-ev-alatti-foti-sportolojat\/"]}]},{"@type":"ImageObject","inLanguage":"hu","@id":"https:\/\/fotsportegyesulet.hu\/index.php\/2021\/04\/22\/ismerje-meg-a-2021-es-esztendo-14-ev-alatti-foti-sportolojat\/#primaryimage","url":"https:\/\/fotsportegyesulet.hu\/wp-content\/uploads\/2021\/04\/Jo-meret_956x455.jpg","contentUrl":"https:\/\/fotsportegyesulet.hu\/wp-content\/uploads\/2021\/04\/Jo-meret_956x455.jpg","width":953,"height":455},{"@type":"BreadcrumbList","@id":"https:\/\/fotsportegyesulet.hu\/index.php\/2021\/04\/22\/ismerje-meg-a-2021-es-esztendo-14-ev-alatti-foti-sportolojat\/#breadcrumb","itemListElement":[{"@type":"ListItem","position":1,"name":"Kezd\u0151lap","item":"https:\/\/fotsportegyesulet.hu\/"},{"@type":"ListItem","position":2,"name":"Ismerje meg a 2021-es esztend\u0151 14 \u00e9v alatti f\u00f3ti sportol\u00f3j\u00e1t!"}]},{"@type":"WebSite","@id":"https:\/\/fotsportegyesulet.hu\/#website","url":"https:\/\/fotsportegyesulet.hu\/","name":"F\u00d3T SPORTEGYES\u00dcLET","description":"","publisher":{"@id":"https:\/\/fotsportegyesulet.hu\/#organization"},"potentialAction":[{"@type":"SearchAction","target":{"@type":"EntryPoint","urlTemplate":"https:\/\/fotsportegyesulet.hu\/?s={search_term_string}"},"query-input":{"@type":"PropertyValueSpecification","valueRequired":true,"valueName":"search_term_string"}}],"inLanguage":"hu"},{"@type":"Organization","@id":"https:\/\/fotsportegyesulet.hu\/#organization","name":"F\u00f3t Sportegyes\u00fclet","url":"https:\/\/fotsportegyesulet.hu\/","logo":{"@type":"ImageObject","inLanguage":"hu","@id":"https:\/\/fotsportegyesulet.hu\/#\/schema\/logo\/image\/","url":"https:\/\/fotsportegyesulet.hu\/wp-content\/uploads\/2020\/07\/eredeti-sz\u00ednes-vektoros-Fot-cimer-3.png","contentUrl":"https:\/\/fotsportegyesulet.hu\/wp-content\/uploads\/2020\/07\/eredeti-sz\u00ednes-vektoros-Fot-cimer-3.png","width":500,"height":500,"caption":"F\u00f3t Sportegyes\u00fclet"},"image":{"@id":"https:\/\/fotsportegyesulet.hu\/#\/schema\/logo\/image\/"},"sameAs":["https:\/\/www.facebook.com\/fotsportegyesulet\/"]},{"@type":"Person","@id":"https:\/\/fotsportegyesulet.hu\/#\/schema\/person\/8750ccb3a5183172b75dcc348ffbdbb1","name":"F\u00f3t SE","image":{"@type":"ImageObject","inLanguage":"hu","@id":"https:\/\/fotsportegyesulet.hu\/#\/schema\/person\/image\/","url":"https:\/\/secure.gravatar.com\/avatar\/2f768bb7a490a49aeb2ccaf4bacc94391bbafd4b6aa54eb6f9318ffc80d81dad?s=96&d=mm&r=g","contentUrl":"https:\/\/secure.gravatar.com\/avatar\/2f768bb7a490a49aeb2ccaf4bacc94391bbafd4b6aa54eb6f9318ffc80d81dad?s=96&d=mm&r=g","caption":"F\u00f3t SE"},"sameAs":["http:\/\/fotsportegyesulet.hu"],"url":"https:\/\/fotsportegyesulet.hu\/index.php\/author\/kapitany-zoltan\/"}]}},"_links":{"self":[{"href":"https:\/\/fotsportegyesulet.hu\/index.php\/wp-json\/wp\/v2\/posts\/2215","targetHints":{"allow":["GET"]}}],"collection":[{"href":"https:\/\/fotsportegyesulet.hu\/index.php\/wp-json\/wp\/v2\/posts"}],"about":[{"href":"https:\/\/fotsportegyesulet.hu\/index.php\/wp-json\/wp\/v2\/types\/post"}],"author":[{"embeddable":true,"href":"https:\/\/fotsportegyesulet.hu\/index.php\/wp-json\/wp\/v2\/users\/3"}],"replies":[{"embeddable":true,"href":"https:\/\/fotsportegyesulet.hu\/index.php\/wp-json\/wp\/v2\/comments?post=2215"}],"version-history":[{"count":6,"href":"https:\/\/fotsportegyesulet.hu\/index.php\/wp-json\/wp\/v2\/posts\/2215\/revisions"}],"predecessor-version":[{"id":2229,"href":"https:\/\/fotsportegyesulet.hu\/index.php\/wp-json\/wp\/v2\/posts\/2215\/revisions\/2229"}],"wp:featuredmedia":[{"embeddable":true,"href":"https:\/\/fotsportegyesulet.hu\/index.php\/wp-json\/wp\/v2\/media\/2216"}],"wp:attachment":[{"href":"https:\/\/fotsportegyesulet.hu\/index.php\/wp-json\/wp\/v2\/media?parent=2215"}],"wp:term":[{"taxonomy":"category","embeddable":true,"href":"https:\/\/fotsportegyesulet.hu\/index.php\/wp-json\/wp\/v2\/categories?post=2215"},{"taxonomy":"post_tag","embeddable":true,"href":"https:\/\/fotsportegyesulet.hu\/index.php\/wp-json\/wp\/v2\/tags?post=2215"}],"curies":[{"name":"wp","href":"https:\/\/api.w.org\/{rel}","templated":true}]}}