{"id":2185,"date":"2021-04-19T16:20:50","date_gmt":"2021-04-19T14:20:50","guid":{"rendered":"https:\/\/fotsportegyesulet.hu\/?p=2185"},"modified":"2021-04-20T12:42:08","modified_gmt":"2021-04-20T10:42:08","slug":"a-labdarugo-szakosztaly-utanpotlas-csapatanak-tagjai-simon-es-aron","status":"publish","type":"post","link":"https:\/\/fotsportegyesulet.hu\/index.php\/2021\/04\/19\/a-labdarugo-szakosztaly-utanpotlas-csapatanak-tagjai-simon-es-aron\/","title":{"rendered":"A labdar\u00fag\u00f3 szakoszt\u00e1ly ut\u00e1np\u00f3tl\u00e1s csapat\u00e1nak tagjai: Simon \u00e9s \u00c1ron"},"content":{"rendered":"<p><img loading=\"lazy\" decoding=\"async\" class=\"aligncenter wp-image-2187 size-full\" src=\"https:\/\/fotsportegyesulet.hu\/wp-content\/uploads\/2021\/04\/Simon_Aron_jo-meret.jpg\" alt=\"\" width=\"956\" height=\"452\" srcset=\"https:\/\/fotsportegyesulet.hu\/wp-content\/uploads\/2021\/04\/Simon_Aron_jo-meret.jpg 956w, https:\/\/fotsportegyesulet.hu\/wp-content\/uploads\/2021\/04\/Simon_Aron_jo-meret-300x142.jpg 300w, https:\/\/fotsportegyesulet.hu\/wp-content\/uploads\/2021\/04\/Simon_Aron_jo-meret-768x363.jpg 768w\" sizes=\"auto, (max-width: 956px) 100vw, 956px\" \/>Nagyon fontosnak tartjuk, hogy az ut\u00e1np\u00f3tl\u00e1s csapatainkb\u00f3l is bemutathassunk, \u00fcgyes, focizni szeret\u0151 gyerekeket.Az ut\u00e1np\u00f3tl\u00e1s edz\u00e9sek f\u0151 feladat nem csak az, hogy fizik\u00e1lisan er\u0151s\u00f6djenek a gyerekek, hanem fejl\u0151dj\u00f6n, form\u00e1l\u00f3djon a szem\u00e9lyis\u00e9g\u00fck, \u00e9s ment\u00e1lisan is eg\u00e9szs\u00e9gesebbekk\u00e9 v\u00e1ljanak.Nagy Simonnal \u00e9s Major \u00c1ronnal k\u00e9sz\u00fclt az al\u00e1bb olvashat\u00f3 interj\u00fank.<\/p>\n<p>Mi\u00f3ta sportoltok a F\u00f3t Se foci szakoszt\u00e1ly\u00e1ban?<\/p>\n<p>\u00c1ron: 2020 szeptember\u00e9ben csatlakoztam a csapathoz, pont, amikor els\u0151s lettem.<\/p>\n<p>Simon: \u0150sszel kezdtem focizni, amikor iskol\u00e1s lettem.<\/p>\n<p>Mit szerettek legjobban az edz\u00e9seken?<\/p>\n<p>\u00c1ron: Nagyon szeretek edz\u00e9sre j\u00e1rni, mert ott egy\u00fctt focizhatok a bar\u00e1taimmal. Nem csak \u00faj cseleket tanulhatok ott, de sokat er\u0151s\u00edthetek, \u00edgy egyre gyorsabb \u00e9s \u00fcgyesebb focista lesz bel\u0151lem.<\/p>\n<p><img loading=\"lazy\" decoding=\"async\" class=\"aligncenter wp-image-2192 size-large\" src=\"https:\/\/fotsportegyesulet.hu\/wp-content\/uploads\/2021\/04\/5-768x1024.jpg\" alt=\"\" width=\"768\" height=\"1024\" srcset=\"https:\/\/fotsportegyesulet.hu\/wp-content\/uploads\/2021\/04\/5-768x1024.jpg 768w, https:\/\/fotsportegyesulet.hu\/wp-content\/uploads\/2021\/04\/5-225x300.jpg 225w, https:\/\/fotsportegyesulet.hu\/wp-content\/uploads\/2021\/04\/5-1152x1536.jpg 1152w, https:\/\/fotsportegyesulet.hu\/wp-content\/uploads\/2021\/04\/5.jpg 1200w\" sizes=\"auto, (max-width: 768px) 100vw, 768px\" \/>Simon: Amit a legjobban szeretek az a szlalomoz\u00e1s a b\u00f3j\u00e1k k\u00f6z\u00f6tt. \u00e9s a szabad j\u00e1t\u00e9kot.<\/p>\n<p><img loading=\"lazy\" decoding=\"async\" class=\"aligncenter wp-image-2193 size-large\" src=\"https:\/\/fotsportegyesulet.hu\/wp-content\/uploads\/2021\/04\/IMG_20210410_150525-767x1024.jpg\" alt=\"\" width=\"767\" height=\"1024\" srcset=\"https:\/\/fotsportegyesulet.hu\/wp-content\/uploads\/2021\/04\/IMG_20210410_150525-767x1024.jpg 767w, https:\/\/fotsportegyesulet.hu\/wp-content\/uploads\/2021\/04\/IMG_20210410_150525-225x300.jpg 225w, https:\/\/fotsportegyesulet.hu\/wp-content\/uploads\/2021\/04\/IMG_20210410_150525-768x1025.jpg 768w, https:\/\/fotsportegyesulet.hu\/wp-content\/uploads\/2021\/04\/IMG_20210410_150525-1150x1536.jpg 1150w, https:\/\/fotsportegyesulet.hu\/wp-content\/uploads\/2021\/04\/IMG_20210410_150525-1534x2048.jpg 1534w, https:\/\/fotsportegyesulet.hu\/wp-content\/uploads\/2021\/04\/IMG_20210410_150525-scaled.jpg 1917w\" sizes=\"auto, (max-width: 767px) 100vw, 767px\" \/>Hogyan \u00e9rt\u00e9kelitek az edz\u00e9smunk\u00e1t?<\/p>\n<p>Mindketten \u00fagy gondoljuk, hogy szuperek az edz\u00e9sek. Az a j\u00f3, hogy az edz\u00e9seken mindig valami m\u00e1st csin\u00e1lunk, eddig a vil\u00e1g\u00edt\u00f3 b\u00f3j\u00e1s edz\u00e9st szerett\u00fck a legjobban.<\/p>\n<p>Kik \u00a0az edz\u0151itek?<\/p>\n<p>Noncsi n\u00e9ni es Robi b\u00e1csi<\/p>\n<p>Hogyan \u00e9rt\u00e9kelitek az edz\u0151itek munk\u00e1j\u00e1t?<\/p>\n<p>Az edz\u0151ink nagyon kedvesek, j\u00f3l tan\u00edtj\u00e1k a focit. Csillagos 5-t adunk nekik.<\/p>\n<p>Melyik iskol\u00e1ba j\u00e1rtok?<\/p>\n<p>Egy iskol\u00e1ba j\u00e1runk, a F\u00f3ti \u00d6kumenikus \u00c1ltal\u00e1nos Iskola kisalagi tagozat\u00e1n els\u0151 oszt\u00e1lyos tanul\u00f3k vagyunk.<\/p>\n<p>Hogy f\u00e9r \u00f6ssze a tanul\u00e1s a sporttal?<\/p>\n<p>\u00c1ron: A sport seg\u00edt a tanul\u00e1sban, gyorsabban elk\u00e9sz\u00fcl\u00f6k a leck\u00e9vel, ha tudom, hogy ut\u00e1na mehetek focizni.<\/p>\n<p>Simon: Jobban megy a tanul\u00e1s, ha sok id\u0151t t\u00f6lt\u00f6k a szabad leveg\u0151n \u00e9s kifutk\u00e1rozom magam.<\/p>\n<p>Szoktatok az edz\u00e9seken k\u00edv\u00fcl is gyakorolni?<\/p>\n<p>\u00c1ron: A suliban is sokat focizunk. Szabad testnevel\u00e9s \u00f3r\u00e1kon mindig a mi\u00e9nk a focip\u00e1lya. Sz\u00fcnetekben m\u00e1r osztozni kell a t\u00f6bbi oszt\u00e1llyal, ez\u00e9rt ilyenkor ink\u00e1bb meccsezni szoktunk. Otthon is sokat edzek, egyed\u00fcl cseleket szoktam gyakorolni, ap\u00e1val meccsezni szoktam. Ilyenkor a kuty\u00e1nk is besz\u00e1ll, \u0151 is nagyon j\u00f3 focista.<\/p>\n<p>Simon: Igen a tes\u00f3mmal \u00e9s az apuk\u00e1mmal is szoktam gyakorolni \u00e9s az iskol\u00e1ban is j\u00e1tszunk a sz\u00fcnetekben, de egyed\u00fcl is sz\u00edvesen elj\u00e1tszom a labd\u00e1val a kertben.<\/p>\n<p>Milyen felszerel\u00e9snek, l\u00e9tes\u00edtm\u00e9nynek \u00f6r\u00fcln\u00e9tek a legjobban?<\/p>\n<p>A F\u00f3t SE egyes\u00fcleten kereszt\u00fcl klassz felszerel\u00e9st v\u00e1s\u00e1roltak nek\u00fcnk a sz\u00fcleim. J\u00f3 lenne, ha lenne egy benti focip\u00e1ly\u00e1nk is, hogy t\u00e9len ne kelljen a sulis tornatermekben j\u00e1tszani.<\/p>\n<p>Mi a kedvenc \u00e9teletek?<\/p>\n<p>Egy\u00f6ntet\u0171en a\u00a0 bolognai pizza a kedvenc\u00fcnk.<\/p>\n<p>Van-e testv\u00e9red? \u0150 is sportol?<\/p>\n<p>\u00c1ron: K\u00e9t testv\u00e9rem van. A n\u0151v\u00e9rem, D\u00f3ra a F\u00f3t SE-n\u00e9l j\u00e1r atl\u00e9tik\u00e1ra. A kish\u00fagom Johanna m\u00e9g a m\u00e1sz\u00e1st gyakorolja otthon.<\/p>\n<p>Simon: K\u00e9t testv\u00e9rem van. A n\u0151v\u00e9rem k\u00e9zilabd\u00e1zik, a b\u00e1ty\u00e1m pedig labdar\u00fag\u00f3. Szeretn\u00e9k majd olyan j\u00f3l focizni, mint \u0150.<\/p>\n<p>Szerinted mi a legfontosabb felt\u00e9tel, hogy sikeres sportol\u00f3 lehess?<\/p>\n<p>\u00c1ron: Sok edz\u00e9s, csapatmunka. A focin\u00e1l az is fontos, hogy szeressem a labd\u00e1t.<\/p>\n<p>Simon: Szeressem a focit, \u00e9s sokat j\u00e1rjak edz\u00e9sre.<\/p>\n<p>Sok sikert k\u00edv\u00e1nunk Nektek \u00e9s\u00a0 rem\u00e9lj\u00fck miel\u0151bb elindulhatunk a \u00a0Bozsik torn\u00e1kon!<\/p>\n<p>V\u00e1runk minden sportot szeret\u0151, vagy kipr\u00f3b\u00e1lni v\u00e1gy\u00f3 gyermeket, \u00e9s feln\u0151ttet a szakoszt\u00e1lyainkba.<\/p>\n<p>El\u00e9rhet\u0151s\u00e9g: Kapit\u00e1ny Zolt\u00e1n +36 20\u00a0932 0655<\/p>\n\n\t\t<style type=\"text\/css\">\n\t\t\t#gallery-1 {\n\t\t\t\tmargin: auto;\n\t\t\t}\n\t\t\t#gallery-1 .gallery-item {\n\t\t\t\tfloat: left;\n\t\t\t\tmargin-top: 10px;\n\t\t\t\ttext-align: center;\n\t\t\t\twidth: 33%;\n\t\t\t}\n\t\t\t#gallery-1 img {\n\t\t\t\tborder: 2px solid #cfcfcf;\n\t\t\t}\n\t\t\t#gallery-1 .gallery-caption {\n\t\t\t\tmargin-left: 0;\n\t\t\t}\n\t\t\t\/* see gallery_shortcode() in wp-includes\/media.php *\/\n\t\t<\/style>\n\t\t<div id='gallery-1' class='gallery galleryid-2185 gallery-columns-3 gallery-size-thumbnail'><dl class='gallery-item'>\n\t\t\t<dt class='gallery-icon portrait'>\n\t\t\t\t<a href='https:\/\/fotsportegyesulet.hu\/index.php\/2021\/04\/19\/a-labdarugo-szakosztaly-utanpotlas-csapatanak-tagjai-simon-es-aron\/img_20210410_165813\/'><img loading=\"lazy\" decoding=\"async\" width=\"150\" height=\"150\" src=\"https:\/\/fotsportegyesulet.hu\/wp-content\/uploads\/2021\/04\/IMG_20210410_165813-150x150.jpg\" class=\"attachment-thumbnail size-thumbnail\" alt=\"\" srcset=\"https:\/\/fotsportegyesulet.hu\/wp-content\/uploads\/2021\/04\/IMG_20210410_165813-150x150.jpg 150w, https:\/\/fotsportegyesulet.hu\/wp-content\/uploads\/2021\/04\/IMG_20210410_165813-600x600.jpg 600w\" sizes=\"auto, (max-width: 150px) 100vw, 150px\" \/><\/a>\n\t\t\t<\/dt><\/dl><dl class='gallery-item'>\n\t\t\t<dt class='gallery-icon portrait'>\n\t\t\t\t<a href='https:\/\/fotsportegyesulet.hu\/index.php\/2021\/04\/19\/a-labdarugo-szakosztaly-utanpotlas-csapatanak-tagjai-simon-es-aron\/attachment\/4\/'><img loading=\"lazy\" decoding=\"async\" width=\"150\" height=\"150\" src=\"https:\/\/fotsportegyesulet.hu\/wp-content\/uploads\/2021\/04\/4-150x150.jpg\" class=\"attachment-thumbnail size-thumbnail\" alt=\"\" srcset=\"https:\/\/fotsportegyesulet.hu\/wp-content\/uploads\/2021\/04\/4-150x150.jpg 150w, https:\/\/fotsportegyesulet.hu\/wp-content\/uploads\/2021\/04\/4-600x600.jpg 600w\" sizes=\"auto, (max-width: 150px) 100vw, 150px\" \/><\/a>\n\t\t\t<\/dt><\/dl><dl class='gallery-item'>\n\t\t\t<dt class='gallery-icon portrait'>\n\t\t\t\t<a href='https:\/\/fotsportegyesulet.hu\/index.php\/2021\/04\/19\/a-labdarugo-szakosztaly-utanpotlas-csapatanak-tagjai-simon-es-aron\/img_20210410_163838\/'><img loading=\"lazy\" decoding=\"async\" width=\"150\" height=\"150\" src=\"https:\/\/fotsportegyesulet.hu\/wp-content\/uploads\/2021\/04\/IMG_20210410_163838-150x150.jpg\" class=\"attachment-thumbnail size-thumbnail\" alt=\"\" srcset=\"https:\/\/fotsportegyesulet.hu\/wp-content\/uploads\/2021\/04\/IMG_20210410_163838-150x150.jpg 150w, https:\/\/fotsportegyesulet.hu\/wp-content\/uploads\/2021\/04\/IMG_20210410_163838-600x600.jpg 600w\" sizes=\"auto, (max-width: 150px) 100vw, 150px\" \/><\/a>\n\t\t\t<\/dt><\/dl><br style=\"clear: both\" \/><dl class='gallery-item'>\n\t\t\t<dt class='gallery-icon portrait'>\n\t\t\t\t<a href='https:\/\/fotsportegyesulet.hu\/index.php\/2021\/04\/19\/a-labdarugo-szakosztaly-utanpotlas-csapatanak-tagjai-simon-es-aron\/attachment\/3\/'><img loading=\"lazy\" decoding=\"async\" width=\"150\" height=\"150\" src=\"https:\/\/fotsportegyesulet.hu\/wp-content\/uploads\/2021\/04\/3-150x150.jpg\" class=\"attachment-thumbnail size-thumbnail\" alt=\"\" srcset=\"https:\/\/fotsportegyesulet.hu\/wp-content\/uploads\/2021\/04\/3-150x150.jpg 150w, https:\/\/fotsportegyesulet.hu\/wp-content\/uploads\/2021\/04\/3-600x600.jpg 600w\" sizes=\"auto, (max-width: 150px) 100vw, 150px\" \/><\/a>\n\t\t\t<\/dt><\/dl>\n\t\t\t<br style='clear: both' \/>\n\t\t<\/div>\n\n","protected":false},"excerpt":{"rendered":"<p>Nagy Simonnal \u00e9s Major \u00c1ronnal k\u00e9sz\u00fclt az al\u00e1bb olvashat\u00f3 interj\u00fank.<\/p>\n","protected":false},"author":3,"featured_media":2187,"comment_status":"closed","ping_status":"open","sticky":false,"template":"","format":"standard","meta":{"_bbp_topic_count":0,"_bbp_reply_count":0,"_bbp_total_topic_count":0,"_bbp_total_reply_count":0,"_bbp_voice_count":0,"_bbp_anonymous_reply_count":0,"_bbp_topic_count_hidden":0,"_bbp_reply_count_hidden":0,"_bbp_forum_subforum_count":0,"_price":"","_stock":"","_tribe_ticket_header":"","_tribe_default_ticket_provider":"","_ticket_start_date":"","_ticket_end_date":"","_tribe_ticket_show_description":"","_tribe_ticket_show_not_going":false,"_tribe_ticket_use_global_stock":"","_tribe_ticket_global_stock_level":"","_global_stock_mode":"","_global_stock_cap":"","_tribe_rsvp_for_event":"","_tribe_ticket_going_count":"","_tribe_ticket_not_going_count":"","_tribe_tickets_list":"[]","_tribe_ticket_has_attendee_info_fields":false,"footnotes":""},"categories":[1],"tags":[89,100],"class_list":["post-2185","post","type-post","status-publish","format-standard","has-post-thumbnail","hentry","category-hirek","tag-labdarugas","tag-utanpotlas"],"yoast_head":"<!-- This site is optimized with the Yoast SEO plugin v25.7 - https:\/\/yoast.com\/wordpress\/plugins\/seo\/ -->\n<title>A labdar\u00fag\u00f3 szakoszt\u00e1ly ut\u00e1np\u00f3tl\u00e1s csapat\u00e1nak tagjai: Simon \u00e9s \u00c1ron - F\u00d3T SPORTEGYES\u00dcLET<\/title>\n<meta name=\"robots\" content=\"index, follow, max-snippet:-1, max-image-preview:large, max-video-preview:-1\" \/>\n<link rel=\"canonical\" href=\"https:\/\/fotsportegyesulet.hu\/index.php\/2021\/04\/19\/a-labdarugo-szakosztaly-utanpotlas-csapatanak-tagjai-simon-es-aron\/\" \/>\n<meta property=\"og:locale\" content=\"hu_HU\" \/>\n<meta property=\"og:type\" content=\"article\" \/>\n<meta property=\"og:title\" content=\"A labdar\u00fag\u00f3 szakoszt\u00e1ly ut\u00e1np\u00f3tl\u00e1s csapat\u00e1nak tagjai: Simon \u00e9s \u00c1ron - F\u00d3T SPORTEGYES\u00dcLET\" \/>\n<meta property=\"og:description\" content=\"Nagy Simonnal \u00e9s Major \u00c1ronnal k\u00e9sz\u00fclt az al\u00e1bb olvashat\u00f3 interj\u00fank.\" \/>\n<meta property=\"og:url\" content=\"https:\/\/fotsportegyesulet.hu\/index.php\/2021\/04\/19\/a-labdarugo-szakosztaly-utanpotlas-csapatanak-tagjai-simon-es-aron\/\" \/>\n<meta property=\"og:site_name\" content=\"F\u00d3T SPORTEGYES\u00dcLET\" \/>\n<meta property=\"article:publisher\" content=\"https:\/\/www.facebook.com\/fotsportegyesulet\/\" \/>\n<meta property=\"article:published_time\" content=\"2021-04-19T14:20:50+00:00\" \/>\n<meta property=\"article:modified_time\" content=\"2021-04-20T10:42:08+00:00\" \/>\n<meta property=\"og:image\" content=\"https:\/\/fotsportegyesulet.hu\/wp-content\/uploads\/2021\/04\/Simon_Aron_jo-meret.jpg\" \/>\n\t<meta property=\"og:image:width\" content=\"956\" \/>\n\t<meta property=\"og:image:height\" content=\"452\" \/>\n\t<meta property=\"og:image:type\" content=\"image\/jpeg\" \/>\n<meta name=\"author\" content=\"F\u00f3t SE\" \/>\n<meta name=\"twitter:card\" content=\"summary_large_image\" \/>\n<meta name=\"twitter:label1\" content=\"Szerz\u0151:\" \/>\n\t<meta name=\"twitter:data1\" content=\"F\u00f3t SE\" \/>\n\t<meta name=\"twitter:label2\" content=\"Becs\u00fclt olvas\u00e1si id\u0151\" \/>\n\t<meta name=\"twitter:data2\" content=\"3 perc\" \/>\n<script type=\"application\/ld+json\" class=\"yoast-schema-graph\">{\"@context\":\"https:\/\/schema.org\",\"@graph\":[{\"@type\":\"Article\",\"@id\":\"https:\/\/fotsportegyesulet.hu\/index.php\/2021\/04\/19\/a-labdarugo-szakosztaly-utanpotlas-csapatanak-tagjai-simon-es-aron\/#article\",\"isPartOf\":{\"@id\":\"https:\/\/fotsportegyesulet.hu\/index.php\/2021\/04\/19\/a-labdarugo-szakosztaly-utanpotlas-csapatanak-tagjai-simon-es-aron\/\"},\"author\":{\"name\":\"F\u00f3t SE\",\"@id\":\"https:\/\/fotsportegyesulet.hu\/#\/schema\/person\/8750ccb3a5183172b75dcc348ffbdbb1\"},\"headline\":\"A labdar\u00fag\u00f3 szakoszt\u00e1ly ut\u00e1np\u00f3tl\u00e1s csapat\u00e1nak tagjai: Simon \u00e9s \u00c1ron\",\"datePublished\":\"2021-04-19T14:20:50+00:00\",\"dateModified\":\"2021-04-20T10:42:08+00:00\",\"mainEntityOfPage\":{\"@id\":\"https:\/\/fotsportegyesulet.hu\/index.php\/2021\/04\/19\/a-labdarugo-szakosztaly-utanpotlas-csapatanak-tagjai-simon-es-aron\/\"},\"wordCount\":653,\"publisher\":{\"@id\":\"https:\/\/fotsportegyesulet.hu\/#organization\"},\"image\":{\"@id\":\"https:\/\/fotsportegyesulet.hu\/index.php\/2021\/04\/19\/a-labdarugo-szakosztaly-utanpotlas-csapatanak-tagjai-simon-es-aron\/#primaryimage\"},\"thumbnailUrl\":\"https:\/\/fotsportegyesulet.hu\/wp-content\/uploads\/2021\/04\/Simon_Aron_jo-meret.jpg\",\"keywords\":[\"labdar\u00fag\u00e1s\",\"ut\u00e1np\u00f3tl\u00e1s\"],\"articleSection\":[\"H\u00edrek\"],\"inLanguage\":\"hu\"},{\"@type\":\"WebPage\",\"@id\":\"https:\/\/fotsportegyesulet.hu\/index.php\/2021\/04\/19\/a-labdarugo-szakosztaly-utanpotlas-csapatanak-tagjai-simon-es-aron\/\",\"url\":\"https:\/\/fotsportegyesulet.hu\/index.php\/2021\/04\/19\/a-labdarugo-szakosztaly-utanpotlas-csapatanak-tagjai-simon-es-aron\/\",\"name\":\"A labdar\u00fag\u00f3 szakoszt\u00e1ly ut\u00e1np\u00f3tl\u00e1s csapat\u00e1nak tagjai: Simon \u00e9s \u00c1ron - F\u00d3T SPORTEGYES\u00dcLET\",\"isPartOf\":{\"@id\":\"https:\/\/fotsportegyesulet.hu\/#website\"},\"primaryImageOfPage\":{\"@id\":\"https:\/\/fotsportegyesulet.hu\/index.php\/2021\/04\/19\/a-labdarugo-szakosztaly-utanpotlas-csapatanak-tagjai-simon-es-aron\/#primaryimage\"},\"image\":{\"@id\":\"https:\/\/fotsportegyesulet.hu\/index.php\/2021\/04\/19\/a-labdarugo-szakosztaly-utanpotlas-csapatanak-tagjai-simon-es-aron\/#primaryimage\"},\"thumbnailUrl\":\"https:\/\/fotsportegyesulet.hu\/wp-content\/uploads\/2021\/04\/Simon_Aron_jo-meret.jpg\",\"datePublished\":\"2021-04-19T14:20:50+00:00\",\"dateModified\":\"2021-04-20T10:42:08+00:00\",\"breadcrumb\":{\"@id\":\"https:\/\/fotsportegyesulet.hu\/index.php\/2021\/04\/19\/a-labdarugo-szakosztaly-utanpotlas-csapatanak-tagjai-simon-es-aron\/#breadcrumb\"},\"inLanguage\":\"hu\",\"potentialAction\":[{\"@type\":\"ReadAction\",\"target\":[\"https:\/\/fotsportegyesulet.hu\/index.php\/2021\/04\/19\/a-labdarugo-szakosztaly-utanpotlas-csapatanak-tagjai-simon-es-aron\/\"]}]},{\"@type\":\"ImageObject\",\"inLanguage\":\"hu\",\"@id\":\"https:\/\/fotsportegyesulet.hu\/index.php\/2021\/04\/19\/a-labdarugo-szakosztaly-utanpotlas-csapatanak-tagjai-simon-es-aron\/#primaryimage\",\"url\":\"https:\/\/fotsportegyesulet.hu\/wp-content\/uploads\/2021\/04\/Simon_Aron_jo-meret.jpg\",\"contentUrl\":\"https:\/\/fotsportegyesulet.hu\/wp-content\/uploads\/2021\/04\/Simon_Aron_jo-meret.jpg\",\"width\":956,\"height\":452},{\"@type\":\"BreadcrumbList\",\"@id\":\"https:\/\/fotsportegyesulet.hu\/index.php\/2021\/04\/19\/a-labdarugo-szakosztaly-utanpotlas-csapatanak-tagjai-simon-es-aron\/#breadcrumb\",\"itemListElement\":[{\"@type\":\"ListItem\",\"position\":1,\"name\":\"Kezd\u0151lap\",\"item\":\"https:\/\/fotsportegyesulet.hu\/\"},{\"@type\":\"ListItem\",\"position\":2,\"name\":\"A labdar\u00fag\u00f3 szakoszt\u00e1ly ut\u00e1np\u00f3tl\u00e1s csapat\u00e1nak tagjai: Simon \u00e9s \u00c1ron\"}]},{\"@type\":\"WebSite\",\"@id\":\"https:\/\/fotsportegyesulet.hu\/#website\",\"url\":\"https:\/\/fotsportegyesulet.hu\/\",\"name\":\"F\u00d3T SPORTEGYES\u00dcLET\",\"description\":\"\",\"publisher\":{\"@id\":\"https:\/\/fotsportegyesulet.hu\/#organization\"},\"potentialAction\":[{\"@type\":\"SearchAction\",\"target\":{\"@type\":\"EntryPoint\",\"urlTemplate\":\"https:\/\/fotsportegyesulet.hu\/?s={search_term_string}\"},\"query-input\":{\"@type\":\"PropertyValueSpecification\",\"valueRequired\":true,\"valueName\":\"search_term_string\"}}],\"inLanguage\":\"hu\"},{\"@type\":\"Organization\",\"@id\":\"https:\/\/fotsportegyesulet.hu\/#organization\",\"name\":\"F\u00f3t Sportegyes\u00fclet\",\"url\":\"https:\/\/fotsportegyesulet.hu\/\",\"logo\":{\"@type\":\"ImageObject\",\"inLanguage\":\"hu\",\"@id\":\"https:\/\/fotsportegyesulet.hu\/#\/schema\/logo\/image\/\",\"url\":\"https:\/\/fotsportegyesulet.hu\/wp-content\/uploads\/2020\/07\/eredeti-sz\u00ednes-vektoros-Fot-cimer-3.png\",\"contentUrl\":\"https:\/\/fotsportegyesulet.hu\/wp-content\/uploads\/2020\/07\/eredeti-sz\u00ednes-vektoros-Fot-cimer-3.png\",\"width\":500,\"height\":500,\"caption\":\"F\u00f3t Sportegyes\u00fclet\"},\"image\":{\"@id\":\"https:\/\/fotsportegyesulet.hu\/#\/schema\/logo\/image\/\"},\"sameAs\":[\"https:\/\/www.facebook.com\/fotsportegyesulet\/\"]},{\"@type\":\"Person\",\"@id\":\"https:\/\/fotsportegyesulet.hu\/#\/schema\/person\/8750ccb3a5183172b75dcc348ffbdbb1\",\"name\":\"F\u00f3t SE\",\"image\":{\"@type\":\"ImageObject\",\"inLanguage\":\"hu\",\"@id\":\"https:\/\/fotsportegyesulet.hu\/#\/schema\/person\/image\/\",\"url\":\"https:\/\/secure.gravatar.com\/avatar\/2f768bb7a490a49aeb2ccaf4bacc94391bbafd4b6aa54eb6f9318ffc80d81dad?s=96&d=mm&r=g\",\"contentUrl\":\"https:\/\/secure.gravatar.com\/avatar\/2f768bb7a490a49aeb2ccaf4bacc94391bbafd4b6aa54eb6f9318ffc80d81dad?s=96&d=mm&r=g\",\"caption\":\"F\u00f3t SE\"},\"sameAs\":[\"http:\/\/fotsportegyesulet.hu\"],\"url\":\"https:\/\/fotsportegyesulet.hu\/index.php\/author\/kapitany-zoltan\/\"}]}<\/script>\n<!-- \/ Yoast SEO plugin. -->","yoast_head_json":{"title":"A labdar\u00fag\u00f3 szakoszt\u00e1ly ut\u00e1np\u00f3tl\u00e1s csapat\u00e1nak tagjai: Simon \u00e9s \u00c1ron - F\u00d3T SPORTEGYES\u00dcLET","robots":{"index":"index","follow":"follow","max-snippet":"max-snippet:-1","max-image-preview":"max-image-preview:large","max-video-preview":"max-video-preview:-1"},"canonical":"https:\/\/fotsportegyesulet.hu\/index.php\/2021\/04\/19\/a-labdarugo-szakosztaly-utanpotlas-csapatanak-tagjai-simon-es-aron\/","og_locale":"hu_HU","og_type":"article","og_title":"A labdar\u00fag\u00f3 szakoszt\u00e1ly ut\u00e1np\u00f3tl\u00e1s csapat\u00e1nak tagjai: Simon \u00e9s \u00c1ron - F\u00d3T SPORTEGYES\u00dcLET","og_description":"Nagy Simonnal \u00e9s Major \u00c1ronnal k\u00e9sz\u00fclt az al\u00e1bb olvashat\u00f3 interj\u00fank.","og_url":"https:\/\/fotsportegyesulet.hu\/index.php\/2021\/04\/19\/a-labdarugo-szakosztaly-utanpotlas-csapatanak-tagjai-simon-es-aron\/","og_site_name":"F\u00d3T SPORTEGYES\u00dcLET","article_publisher":"https:\/\/www.facebook.com\/fotsportegyesulet\/","article_published_time":"2021-04-19T14:20:50+00:00","article_modified_time":"2021-04-20T10:42:08+00:00","og_image":[{"width":956,"height":452,"url":"https:\/\/fotsportegyesulet.hu\/wp-content\/uploads\/2021\/04\/Simon_Aron_jo-meret.jpg","type":"image\/jpeg"}],"author":"F\u00f3t SE","twitter_card":"summary_large_image","twitter_misc":{"Szerz\u0151:":"F\u00f3t SE","Becs\u00fclt olvas\u00e1si id\u0151":"3 perc"},"schema":{"@context":"https:\/\/schema.org","@graph":[{"@type":"Article","@id":"https:\/\/fotsportegyesulet.hu\/index.php\/2021\/04\/19\/a-labdarugo-szakosztaly-utanpotlas-csapatanak-tagjai-simon-es-aron\/#article","isPartOf":{"@id":"https:\/\/fotsportegyesulet.hu\/index.php\/2021\/04\/19\/a-labdarugo-szakosztaly-utanpotlas-csapatanak-tagjai-simon-es-aron\/"},"author":{"name":"F\u00f3t SE","@id":"https:\/\/fotsportegyesulet.hu\/#\/schema\/person\/8750ccb3a5183172b75dcc348ffbdbb1"},"headline":"A labdar\u00fag\u00f3 szakoszt\u00e1ly ut\u00e1np\u00f3tl\u00e1s csapat\u00e1nak tagjai: Simon \u00e9s \u00c1ron","datePublished":"2021-04-19T14:20:50+00:00","dateModified":"2021-04-20T10:42:08+00:00","mainEntityOfPage":{"@id":"https:\/\/fotsportegyesulet.hu\/index.php\/2021\/04\/19\/a-labdarugo-szakosztaly-utanpotlas-csapatanak-tagjai-simon-es-aron\/"},"wordCount":653,"publisher":{"@id":"https:\/\/fotsportegyesulet.hu\/#organization"},"image":{"@id":"https:\/\/fotsportegyesulet.hu\/index.php\/2021\/04\/19\/a-labdarugo-szakosztaly-utanpotlas-csapatanak-tagjai-simon-es-aron\/#primaryimage"},"thumbnailUrl":"https:\/\/fotsportegyesulet.hu\/wp-content\/uploads\/2021\/04\/Simon_Aron_jo-meret.jpg","keywords":["labdar\u00fag\u00e1s","ut\u00e1np\u00f3tl\u00e1s"],"articleSection":["H\u00edrek"],"inLanguage":"hu"},{"@type":"WebPage","@id":"https:\/\/fotsportegyesulet.hu\/index.php\/2021\/04\/19\/a-labdarugo-szakosztaly-utanpotlas-csapatanak-tagjai-simon-es-aron\/","url":"https:\/\/fotsportegyesulet.hu\/index.php\/2021\/04\/19\/a-labdarugo-szakosztaly-utanpotlas-csapatanak-tagjai-simon-es-aron\/","name":"A labdar\u00fag\u00f3 szakoszt\u00e1ly ut\u00e1np\u00f3tl\u00e1s csapat\u00e1nak tagjai: Simon \u00e9s \u00c1ron - F\u00d3T SPORTEGYES\u00dcLET","isPartOf":{"@id":"https:\/\/fotsportegyesulet.hu\/#website"},"primaryImageOfPage":{"@id":"https:\/\/fotsportegyesulet.hu\/index.php\/2021\/04\/19\/a-labdarugo-szakosztaly-utanpotlas-csapatanak-tagjai-simon-es-aron\/#primaryimage"},"image":{"@id":"https:\/\/fotsportegyesulet.hu\/index.php\/2021\/04\/19\/a-labdarugo-szakosztaly-utanpotlas-csapatanak-tagjai-simon-es-aron\/#primaryimage"},"thumbnailUrl":"https:\/\/fotsportegyesulet.hu\/wp-content\/uploads\/2021\/04\/Simon_Aron_jo-meret.jpg","datePublished":"2021-04-19T14:20:50+00:00","dateModified":"2021-04-20T10:42:08+00:00","breadcrumb":{"@id":"https:\/\/fotsportegyesulet.hu\/index.php\/2021\/04\/19\/a-labdarugo-szakosztaly-utanpotlas-csapatanak-tagjai-simon-es-aron\/#breadcrumb"},"inLanguage":"hu","potentialAction":[{"@type":"ReadAction","target":["https:\/\/fotsportegyesulet.hu\/index.php\/2021\/04\/19\/a-labdarugo-szakosztaly-utanpotlas-csapatanak-tagjai-simon-es-aron\/"]}]},{"@type":"ImageObject","inLanguage":"hu","@id":"https:\/\/fotsportegyesulet.hu\/index.php\/2021\/04\/19\/a-labdarugo-szakosztaly-utanpotlas-csapatanak-tagjai-simon-es-aron\/#primaryimage","url":"https:\/\/fotsportegyesulet.hu\/wp-content\/uploads\/2021\/04\/Simon_Aron_jo-meret.jpg","contentUrl":"https:\/\/fotsportegyesulet.hu\/wp-content\/uploads\/2021\/04\/Simon_Aron_jo-meret.jpg","width":956,"height":452},{"@type":"BreadcrumbList","@id":"https:\/\/fotsportegyesulet.hu\/index.php\/2021\/04\/19\/a-labdarugo-szakosztaly-utanpotlas-csapatanak-tagjai-simon-es-aron\/#breadcrumb","itemListElement":[{"@type":"ListItem","position":1,"name":"Kezd\u0151lap","item":"https:\/\/fotsportegyesulet.hu\/"},{"@type":"ListItem","position":2,"name":"A labdar\u00fag\u00f3 szakoszt\u00e1ly ut\u00e1np\u00f3tl\u00e1s csapat\u00e1nak tagjai: Simon \u00e9s \u00c1ron"}]},{"@type":"WebSite","@id":"https:\/\/fotsportegyesulet.hu\/#website","url":"https:\/\/fotsportegyesulet.hu\/","name":"F\u00d3T SPORTEGYES\u00dcLET","description":"","publisher":{"@id":"https:\/\/fotsportegyesulet.hu\/#organization"},"potentialAction":[{"@type":"SearchAction","target":{"@type":"EntryPoint","urlTemplate":"https:\/\/fotsportegyesulet.hu\/?s={search_term_string}"},"query-input":{"@type":"PropertyValueSpecification","valueRequired":true,"valueName":"search_term_string"}}],"inLanguage":"hu"},{"@type":"Organization","@id":"https:\/\/fotsportegyesulet.hu\/#organization","name":"F\u00f3t Sportegyes\u00fclet","url":"https:\/\/fotsportegyesulet.hu\/","logo":{"@type":"ImageObject","inLanguage":"hu","@id":"https:\/\/fotsportegyesulet.hu\/#\/schema\/logo\/image\/","url":"https:\/\/fotsportegyesulet.hu\/wp-content\/uploads\/2020\/07\/eredeti-sz\u00ednes-vektoros-Fot-cimer-3.png","contentUrl":"https:\/\/fotsportegyesulet.hu\/wp-content\/uploads\/2020\/07\/eredeti-sz\u00ednes-vektoros-Fot-cimer-3.png","width":500,"height":500,"caption":"F\u00f3t Sportegyes\u00fclet"},"image":{"@id":"https:\/\/fotsportegyesulet.hu\/#\/schema\/logo\/image\/"},"sameAs":["https:\/\/www.facebook.com\/fotsportegyesulet\/"]},{"@type":"Person","@id":"https:\/\/fotsportegyesulet.hu\/#\/schema\/person\/8750ccb3a5183172b75dcc348ffbdbb1","name":"F\u00f3t SE","image":{"@type":"ImageObject","inLanguage":"hu","@id":"https:\/\/fotsportegyesulet.hu\/#\/schema\/person\/image\/","url":"https:\/\/secure.gravatar.com\/avatar\/2f768bb7a490a49aeb2ccaf4bacc94391bbafd4b6aa54eb6f9318ffc80d81dad?s=96&d=mm&r=g","contentUrl":"https:\/\/secure.gravatar.com\/avatar\/2f768bb7a490a49aeb2ccaf4bacc94391bbafd4b6aa54eb6f9318ffc80d81dad?s=96&d=mm&r=g","caption":"F\u00f3t SE"},"sameAs":["http:\/\/fotsportegyesulet.hu"],"url":"https:\/\/fotsportegyesulet.hu\/index.php\/author\/kapitany-zoltan\/"}]}},"_links":{"self":[{"href":"https:\/\/fotsportegyesulet.hu\/index.php\/wp-json\/wp\/v2\/posts\/2185","targetHints":{"allow":["GET"]}}],"collection":[{"href":"https:\/\/fotsportegyesulet.hu\/index.php\/wp-json\/wp\/v2\/posts"}],"about":[{"href":"https:\/\/fotsportegyesulet.hu\/index.php\/wp-json\/wp\/v2\/types\/post"}],"author":[{"embeddable":true,"href":"https:\/\/fotsportegyesulet.hu\/index.php\/wp-json\/wp\/v2\/users\/3"}],"replies":[{"embeddable":true,"href":"https:\/\/fotsportegyesulet.hu\/index.php\/wp-json\/wp\/v2\/comments?post=2185"}],"version-history":[{"count":9,"href":"https:\/\/fotsportegyesulet.hu\/index.php\/wp-json\/wp\/v2\/posts\/2185\/revisions"}],"predecessor-version":[{"id":2203,"href":"https:\/\/fotsportegyesulet.hu\/index.php\/wp-json\/wp\/v2\/posts\/2185\/revisions\/2203"}],"wp:featuredmedia":[{"embeddable":true,"href":"https:\/\/fotsportegyesulet.hu\/index.php\/wp-json\/wp\/v2\/media\/2187"}],"wp:attachment":[{"href":"https:\/\/fotsportegyesulet.hu\/index.php\/wp-json\/wp\/v2\/media?parent=2185"}],"wp:term":[{"taxonomy":"category","embeddable":true,"href":"https:\/\/fotsportegyesulet.hu\/index.php\/wp-json\/wp\/v2\/categories?post=2185"},{"taxonomy":"post_tag","embeddable":true,"href":"https:\/\/fotsportegyesulet.hu\/index.php\/wp-json\/wp\/v2\/tags?post=2185"}],"curies":[{"name":"wp","href":"https:\/\/api.w.org\/{rel}","templated":true}]}}