{"id":2166,"date":"2021-04-16T16:56:21","date_gmt":"2021-04-16T14:56:21","guid":{"rendered":"https:\/\/fotsportegyesulet.hu\/?p=2166"},"modified":"2021-04-16T17:02:13","modified_gmt":"2021-04-16T15:02:13","slug":"ok-a-somlyo-oregfiuk","status":"publish","type":"post","link":"https:\/\/fotsportegyesulet.hu\/index.php\/2021\/04\/16\/ok-a-somlyo-oregfiuk\/","title":{"rendered":"\u0150k a Somly\u00f3 \u00f6regfi\u00fak"},"content":{"rendered":"<div><strong>Hirtelen \u00f6tlett\u0151l vez\u00e9relve tavaly alakult a Somly\u00f3 \u2013 mes\u00e9li a csapat egyik alap\u00edt\u00f3ja \u00e9s edz\u0151je, Fon\u00f3di P\u00e1l. \u0150, aki kor\u00e1bban a F\u00f3t SE \u00f6regfi\u00fakban j\u00e1tszott, egyik p\u00e9nteki fut\u00e1sa k\u00f6zben (mert futni mindig elj\u00e1r) tal\u00e1lkozott Szab\u00f3 Sanyival \u00e9s G\u00e1sp\u00e1r Z\u00e9n\u00f3val, a F\u00f3t SE kor\u00e1bbi vezet\u0151ivel, \u00e9s kital\u00e1lt\u00e1k, hogy legyen egy \u00fajabb \u00f6regfi\u00fak csapat F\u00f3ton.<\/strong><\/div>\n<div><\/div>\n<div>Kitett egy toborz\u00f3 posztot a Facebookra, erre h\u00e1rom nap alatt 25-en jelentkeztek. A F\u00f3t SE \u00f6regfi\u00fak csapat\u00e1b\u00f3l t\u00f6bben kiestek, \u00edgy k\u00f6z\u00fcl\u00fck is jelentkeztek n\u00e9h\u00e1nyan, de j\u00f6tt sok, kor\u00e1bban nem fociz\u00f3, sportolni v\u00e1gy\u00f3 is. Mint kider\u00fclt, jogos, hogy k\u00e9t \u00f6regfi\u00fak csapata is van a v\u00e1rosnak, hisz \u00edgy vagy negyvenen j\u00e1tszanak.<\/div>\n<div><img loading=\"lazy\" decoding=\"async\" class=\"aligncenter wp-image-2168 size-full\" src=\"https:\/\/fotsportegyesulet.hu\/wp-content\/uploads\/2021\/04\/20210402_171222-1320x991-1.jpg\" alt=\"\" width=\"1320\" height=\"991\" srcset=\"https:\/\/fotsportegyesulet.hu\/wp-content\/uploads\/2021\/04\/20210402_171222-1320x991-1.jpg 1320w, https:\/\/fotsportegyesulet.hu\/wp-content\/uploads\/2021\/04\/20210402_171222-1320x991-1-300x225.jpg 300w, https:\/\/fotsportegyesulet.hu\/wp-content\/uploads\/2021\/04\/20210402_171222-1320x991-1-1024x769.jpg 1024w, https:\/\/fotsportegyesulet.hu\/wp-content\/uploads\/2021\/04\/20210402_171222-1320x991-1-768x577.jpg 768w\" sizes=\"auto, (max-width: 1320px) 100vw, 1320px\" \/><\/div>\n<div>F\u00f3t SE II. Somly\u00f3 n\u00e9ven szerepelnek az \u00d6regfi\u00fa-bajnoks\u00e1g k\u00f6z\u00e9pcsoportj\u00e1ban. Nem szeretik a II. csapatjel\u00f6l\u00e9st, F\u00f3t SE Somly\u00f3 n\u00e9ven szeretn\u00e9nek szerepelni, de \u00edgy jegyezt\u00e9k be \u0151ket, ez\u00e9rt most ez a nev\u00fck. A m\u00e1sik csapattal bar\u00e1ti a kapcsolatuk. Tudj\u00e1k, hogy jelenleg \u0151k az er\u0151sebbek, de rem\u00e9lik, hamarosan le tudj\u00e1k gy\u0151zni \u0151ket. M\u00e1s csoportban j\u00e1tszanak, \u00edgy ez egyel\u0151re csak egy bar\u00e1ts\u00e1gos meccsen lenne lehets\u00e9ges.<\/div>\n<div><img loading=\"lazy\" decoding=\"async\" class=\"aligncenter wp-image-2167 size-full\" src=\"https:\/\/fotsportegyesulet.hu\/wp-content\/uploads\/2021\/04\/20210402_164657-1320x990-1.jpg\" alt=\"\" width=\"1320\" height=\"990\" srcset=\"https:\/\/fotsportegyesulet.hu\/wp-content\/uploads\/2021\/04\/20210402_164657-1320x990-1.jpg 1320w, https:\/\/fotsportegyesulet.hu\/wp-content\/uploads\/2021\/04\/20210402_164657-1320x990-1-300x225.jpg 300w, https:\/\/fotsportegyesulet.hu\/wp-content\/uploads\/2021\/04\/20210402_164657-1320x990-1-1024x768.jpg 1024w, https:\/\/fotsportegyesulet.hu\/wp-content\/uploads\/2021\/04\/20210402_164657-1320x990-1-768x576.jpg 768w\" sizes=\"auto, (max-width: 1320px) 100vw, 1320px\" \/><\/div>\n<div>A j\u00e1t\u00e9kosok 34-58 \u00e9vesek, van k\u00f6zt\u00fck olyan, aki kor\u00e1bban az\u00a0 FTC ut\u00e1np\u00f3tl\u00e1sban j\u00e1tszott, de p\u00e9ld\u00e1ul Fon\u00f3di Pali, a csapat j\u00e1t\u00e9kosedz\u0151je is ott volt a megyei bajnoks\u00e1gban. Nemcsak f\u00f3tiak vannak k\u00f6zt\u00fck, t\u00f6bben j\u00f6ttek a k\u00f6rnyez\u0151 telep\u00fcl\u00e9sekr\u0151l vagy Budapestr\u0151l.<\/div>\n<div><img loading=\"lazy\" decoding=\"async\" class=\"aligncenter wp-image-2171 size-full\" src=\"https:\/\/fotsportegyesulet.hu\/wp-content\/uploads\/2021\/04\/Kaslik-Gyula-1320x990-1.jpg\" alt=\"\" width=\"1320\" height=\"990\" srcset=\"https:\/\/fotsportegyesulet.hu\/wp-content\/uploads\/2021\/04\/Kaslik-Gyula-1320x990-1.jpg 1320w, https:\/\/fotsportegyesulet.hu\/wp-content\/uploads\/2021\/04\/Kaslik-Gyula-1320x990-1-300x225.jpg 300w, https:\/\/fotsportegyesulet.hu\/wp-content\/uploads\/2021\/04\/Kaslik-Gyula-1320x990-1-1024x768.jpg 1024w, https:\/\/fotsportegyesulet.hu\/wp-content\/uploads\/2021\/04\/Kaslik-Gyula-1320x990-1-768x576.jpg 768w\" sizes=\"auto, (max-width: 1320px) 100vw, 1320px\" \/>Kaslik Gyula 53 \u00e9ves vegy\u00e9sz. Mindig is szeretett sportolni.\u00a0 Teniszezett, atletiz\u00e1lt \u00e9s a labda szeretete sem \u00e1llt t\u00e1vol t\u0151le, \u00edgy, amint felmer\u00fclt a lehet\u0151s\u00e9g, azonnal jelentkezett. Van egy fia, aki szint\u00e9n focizik, s\u0151t n\u00e9ha egy\u00fctt is j\u00e1tszanak, mint p\u00e9ld\u00e1ul tavaly, egy kisp\u00e1ly\u00e1s bajnoks\u00e1gban.\u201d Ez egy csal\u00e1di sztori\u201d \u2013 mondja Gyula.<\/div>\n<div><img loading=\"lazy\" decoding=\"async\" class=\"aligncenter wp-image-2169 size-full\" src=\"https:\/\/fotsportegyesulet.hu\/wp-content\/uploads\/2021\/04\/Ban-Istvan-1320x990-1.jpg\" alt=\"\" width=\"1320\" height=\"990\" srcset=\"https:\/\/fotsportegyesulet.hu\/wp-content\/uploads\/2021\/04\/Ban-Istvan-1320x990-1.jpg 1320w, https:\/\/fotsportegyesulet.hu\/wp-content\/uploads\/2021\/04\/Ban-Istvan-1320x990-1-300x225.jpg 300w, https:\/\/fotsportegyesulet.hu\/wp-content\/uploads\/2021\/04\/Ban-Istvan-1320x990-1-1024x768.jpg 1024w, https:\/\/fotsportegyesulet.hu\/wp-content\/uploads\/2021\/04\/Ban-Istvan-1320x990-1-768x576.jpg 768w\" sizes=\"auto, (max-width: 1320px) 100vw, 1320px\" \/><\/div>\n<div>B\u00e1n Istv\u00e1n a V\u00edzm\u0171vekn\u00e9l \u00e9s a taxisokn\u00e1l j\u00e1tszott kor\u00e1bban, f\u0151leg salakon \u00e9s teremben. A 40 \u00e9ves filmrendez\u0151 \u00e9s forgat\u00f3k\u00f6nyv\u00edr\u00f3 nagyon \u00f6r\u00fcl, hogy megtal\u00e1lta a lehet\u0151s\u00e9get. Nemr\u00e9g k\u00f6lt\u00f6z\u00f6tt F\u00f3tra \u00e9s nagyon j\u00f3 k\u00f6z\u00f6ss\u00e9gre tal\u00e1lt a csapatban, ami seg\u00edtett a beilleszked\u00e9sben.<\/div>\n<div><img loading=\"lazy\" decoding=\"async\" class=\"aligncenter wp-image-2172 size-full\" src=\"https:\/\/fotsportegyesulet.hu\/wp-content\/uploads\/2021\/04\/Veninger-Janos-1320x990-1.jpg\" alt=\"\" width=\"1320\" height=\"990\" srcset=\"https:\/\/fotsportegyesulet.hu\/wp-content\/uploads\/2021\/04\/Veninger-Janos-1320x990-1.jpg 1320w, https:\/\/fotsportegyesulet.hu\/wp-content\/uploads\/2021\/04\/Veninger-Janos-1320x990-1-300x225.jpg 300w, https:\/\/fotsportegyesulet.hu\/wp-content\/uploads\/2021\/04\/Veninger-Janos-1320x990-1-1024x768.jpg 1024w, https:\/\/fotsportegyesulet.hu\/wp-content\/uploads\/2021\/04\/Veninger-Janos-1320x990-1-768x576.jpg 768w\" sizes=\"auto, (max-width: 1320px) 100vw, 1320px\" \/>A csapatkapit\u00e1ny, a f\u00f3ti sz\u00fclet\u00e9s\u0171 55 \u00e9ves V\u00e9ninger J\u00e1nos mindig is sportolt. Karat\u00e9zott, atletiz\u00e1lt, k\u00e9zilabd\u00e1zott. Igazolt focista csak gyerekkor\u00e1ban volt, itt az FSE-ben.<\/div>\n<div>\n<div>\n<div>Szint\u00e9n a csapat j\u00e1t\u00e9kosa a J\u00e1szai Mari-d\u00edjas sz\u00edn\u00e9sz, Vass Gy\u00f6rgy, de ottj\u00e1rtunkkor \u0151 \u00e9ppen pr\u00f3b\u00e1lt.<\/div>\n<\/div>\n<div><\/div>\n<div>Azt minden j\u00e1t\u00e9kos kiemelte, hogy egy nagyon j\u00f3 t\u00e1rsas\u00e1g j\u00f6tt \u00f6ssze, a sporton k\u00edv\u00fcl is bar\u00e1ti kapcsolatban vannak.<\/div>\n<\/div>\n<div><\/div>\n<div>Forr\u00e1s:fotinfo.hu<\/div>\n","protected":false},"excerpt":{"rendered":"<p>Hirtelen \u00f6tlett\u0151l vez\u00e9relve tavaly alakult a Somly\u00f3 \u2013 mes\u00e9li a csapat egyik alap\u00edt\u00f3ja \u00e9s edz\u0151je, Fon\u00f3di P\u00e1l. Nagyon j\u00f3, bar\u00e1ti t\u00e1rsas\u00e1g j\u00f6tt \u00f6ssze.<\/p>\n","protected":false},"author":3,"featured_media":2174,"comment_status":"closed","ping_status":"open","sticky":false,"template":"","format":"standard","meta":{"_bbp_topic_count":0,"_bbp_reply_count":0,"_bbp_total_topic_count":0,"_bbp_total_reply_count":0,"_bbp_voice_count":0,"_bbp_anonymous_reply_count":0,"_bbp_topic_count_hidden":0,"_bbp_reply_count_hidden":0,"_bbp_forum_subforum_count":0,"_price":"","_stock":"","_tribe_ticket_header":"","_tribe_default_ticket_provider":"","_ticket_start_date":"","_ticket_end_date":"","_tribe_ticket_show_description":"","_tribe_ticket_show_not_going":false,"_tribe_ticket_use_global_stock":"","_tribe_ticket_global_stock_level":"","_global_stock_mode":"","_global_stock_cap":"","_tribe_rsvp_for_event":"","_tribe_ticket_going_count":"","_tribe_ticket_not_going_count":"","_tribe_tickets_list":"[]","_tribe_ticket_has_attendee_info_fields":false,"footnotes":""},"categories":[1,70],"tags":[89,93],"class_list":["post-2166","post","type-post","status-publish","format-standard","has-post-thumbnail","hentry","category-hirek","category-labdarugas_oregfiuk","tag-labdarugas","tag-oregfiuk"],"yoast_head":"<!-- This site is optimized with the Yoast SEO plugin v25.7 - https:\/\/yoast.com\/wordpress\/plugins\/seo\/ -->\n<title>\u0150k a Somly\u00f3 \u00f6regfi\u00fak - F\u00d3T SPORTEGYES\u00dcLET<\/title>\n<meta name=\"robots\" content=\"index, follow, max-snippet:-1, max-image-preview:large, max-video-preview:-1\" \/>\n<link rel=\"canonical\" href=\"https:\/\/fotsportegyesulet.hu\/index.php\/2021\/04\/16\/ok-a-somlyo-oregfiuk\/\" \/>\n<meta property=\"og:locale\" content=\"hu_HU\" \/>\n<meta property=\"og:type\" content=\"article\" \/>\n<meta property=\"og:title\" content=\"\u0150k a Somly\u00f3 \u00f6regfi\u00fak - F\u00d3T SPORTEGYES\u00dcLET\" \/>\n<meta property=\"og:description\" content=\"Hirtelen \u00f6tlett\u0151l vez\u00e9relve tavaly alakult a Somly\u00f3 \u2013 mes\u00e9li a csapat egyik alap\u00edt\u00f3ja \u00e9s edz\u0151je, Fon\u00f3di P\u00e1l. Nagyon j\u00f3, bar\u00e1ti t\u00e1rsas\u00e1g j\u00f6tt \u00f6ssze.\" \/>\n<meta property=\"og:url\" content=\"https:\/\/fotsportegyesulet.hu\/index.php\/2021\/04\/16\/ok-a-somlyo-oregfiuk\/\" \/>\n<meta property=\"og:site_name\" content=\"F\u00d3T SPORTEGYES\u00dcLET\" \/>\n<meta property=\"article:publisher\" content=\"https:\/\/www.facebook.com\/fotsportegyesulet\/\" \/>\n<meta property=\"article:published_time\" content=\"2021-04-16T14:56:21+00:00\" \/>\n<meta property=\"article:modified_time\" content=\"2021-04-16T15:02:13+00:00\" \/>\n<meta property=\"og:image\" content=\"https:\/\/fotsportegyesulet.hu\/wp-content\/uploads\/2021\/04\/Somlyo-csapat-956x455-1.jpg\" \/>\n\t<meta property=\"og:image:width\" content=\"955\" \/>\n\t<meta property=\"og:image:height\" content=\"455\" \/>\n\t<meta property=\"og:image:type\" content=\"image\/jpeg\" \/>\n<meta name=\"author\" content=\"F\u00f3t SE\" \/>\n<meta name=\"twitter:card\" content=\"summary_large_image\" \/>\n<meta name=\"twitter:label1\" content=\"Szerz\u0151:\" \/>\n\t<meta name=\"twitter:data1\" content=\"F\u00f3t SE\" \/>\n\t<meta name=\"twitter:label2\" content=\"Becs\u00fclt olvas\u00e1si id\u0151\" \/>\n\t<meta name=\"twitter:data2\" content=\"3 perc\" \/>\n<script type=\"application\/ld+json\" class=\"yoast-schema-graph\">{\"@context\":\"https:\/\/schema.org\",\"@graph\":[{\"@type\":\"Article\",\"@id\":\"https:\/\/fotsportegyesulet.hu\/index.php\/2021\/04\/16\/ok-a-somlyo-oregfiuk\/#article\",\"isPartOf\":{\"@id\":\"https:\/\/fotsportegyesulet.hu\/index.php\/2021\/04\/16\/ok-a-somlyo-oregfiuk\/\"},\"author\":{\"name\":\"F\u00f3t SE\",\"@id\":\"https:\/\/fotsportegyesulet.hu\/#\/schema\/person\/8750ccb3a5183172b75dcc348ffbdbb1\"},\"headline\":\"\u0150k a Somly\u00f3 \u00f6regfi\u00fak\",\"datePublished\":\"2021-04-16T14:56:21+00:00\",\"dateModified\":\"2021-04-16T15:02:13+00:00\",\"mainEntityOfPage\":{\"@id\":\"https:\/\/fotsportegyesulet.hu\/index.php\/2021\/04\/16\/ok-a-somlyo-oregfiuk\/\"},\"wordCount\":523,\"publisher\":{\"@id\":\"https:\/\/fotsportegyesulet.hu\/#organization\"},\"image\":{\"@id\":\"https:\/\/fotsportegyesulet.hu\/index.php\/2021\/04\/16\/ok-a-somlyo-oregfiuk\/#primaryimage\"},\"thumbnailUrl\":\"https:\/\/fotsportegyesulet.hu\/wp-content\/uploads\/2021\/04\/Somlyo-csapat-956x455-1.jpg\",\"keywords\":[\"labdar\u00fag\u00e1s\",\"\u00d6regfi\u00fak\"],\"articleSection\":[\"H\u00edrek\",\"Labdar\u00fag\u00e1s (\u00f6regfi\u00fak)\"],\"inLanguage\":\"hu\"},{\"@type\":\"WebPage\",\"@id\":\"https:\/\/fotsportegyesulet.hu\/index.php\/2021\/04\/16\/ok-a-somlyo-oregfiuk\/\",\"url\":\"https:\/\/fotsportegyesulet.hu\/index.php\/2021\/04\/16\/ok-a-somlyo-oregfiuk\/\",\"name\":\"\u0150k a Somly\u00f3 \u00f6regfi\u00fak - F\u00d3T SPORTEGYES\u00dcLET\",\"isPartOf\":{\"@id\":\"https:\/\/fotsportegyesulet.hu\/#website\"},\"primaryImageOfPage\":{\"@id\":\"https:\/\/fotsportegyesulet.hu\/index.php\/2021\/04\/16\/ok-a-somlyo-oregfiuk\/#primaryimage\"},\"image\":{\"@id\":\"https:\/\/fotsportegyesulet.hu\/index.php\/2021\/04\/16\/ok-a-somlyo-oregfiuk\/#primaryimage\"},\"thumbnailUrl\":\"https:\/\/fotsportegyesulet.hu\/wp-content\/uploads\/2021\/04\/Somlyo-csapat-956x455-1.jpg\",\"datePublished\":\"2021-04-16T14:56:21+00:00\",\"dateModified\":\"2021-04-16T15:02:13+00:00\",\"breadcrumb\":{\"@id\":\"https:\/\/fotsportegyesulet.hu\/index.php\/2021\/04\/16\/ok-a-somlyo-oregfiuk\/#breadcrumb\"},\"inLanguage\":\"hu\",\"potentialAction\":[{\"@type\":\"ReadAction\",\"target\":[\"https:\/\/fotsportegyesulet.hu\/index.php\/2021\/04\/16\/ok-a-somlyo-oregfiuk\/\"]}]},{\"@type\":\"ImageObject\",\"inLanguage\":\"hu\",\"@id\":\"https:\/\/fotsportegyesulet.hu\/index.php\/2021\/04\/16\/ok-a-somlyo-oregfiuk\/#primaryimage\",\"url\":\"https:\/\/fotsportegyesulet.hu\/wp-content\/uploads\/2021\/04\/Somlyo-csapat-956x455-1.jpg\",\"contentUrl\":\"https:\/\/fotsportegyesulet.hu\/wp-content\/uploads\/2021\/04\/Somlyo-csapat-956x455-1.jpg\",\"width\":955,\"height\":455},{\"@type\":\"BreadcrumbList\",\"@id\":\"https:\/\/fotsportegyesulet.hu\/index.php\/2021\/04\/16\/ok-a-somlyo-oregfiuk\/#breadcrumb\",\"itemListElement\":[{\"@type\":\"ListItem\",\"position\":1,\"name\":\"Kezd\u0151lap\",\"item\":\"https:\/\/fotsportegyesulet.hu\/\"},{\"@type\":\"ListItem\",\"position\":2,\"name\":\"\u0150k a Somly\u00f3 \u00f6regfi\u00fak\"}]},{\"@type\":\"WebSite\",\"@id\":\"https:\/\/fotsportegyesulet.hu\/#website\",\"url\":\"https:\/\/fotsportegyesulet.hu\/\",\"name\":\"F\u00d3T SPORTEGYES\u00dcLET\",\"description\":\"\",\"publisher\":{\"@id\":\"https:\/\/fotsportegyesulet.hu\/#organization\"},\"potentialAction\":[{\"@type\":\"SearchAction\",\"target\":{\"@type\":\"EntryPoint\",\"urlTemplate\":\"https:\/\/fotsportegyesulet.hu\/?s={search_term_string}\"},\"query-input\":{\"@type\":\"PropertyValueSpecification\",\"valueRequired\":true,\"valueName\":\"search_term_string\"}}],\"inLanguage\":\"hu\"},{\"@type\":\"Organization\",\"@id\":\"https:\/\/fotsportegyesulet.hu\/#organization\",\"name\":\"F\u00f3t Sportegyes\u00fclet\",\"url\":\"https:\/\/fotsportegyesulet.hu\/\",\"logo\":{\"@type\":\"ImageObject\",\"inLanguage\":\"hu\",\"@id\":\"https:\/\/fotsportegyesulet.hu\/#\/schema\/logo\/image\/\",\"url\":\"https:\/\/fotsportegyesulet.hu\/wp-content\/uploads\/2020\/07\/eredeti-sz\u00ednes-vektoros-Fot-cimer-3.png\",\"contentUrl\":\"https:\/\/fotsportegyesulet.hu\/wp-content\/uploads\/2020\/07\/eredeti-sz\u00ednes-vektoros-Fot-cimer-3.png\",\"width\":500,\"height\":500,\"caption\":\"F\u00f3t Sportegyes\u00fclet\"},\"image\":{\"@id\":\"https:\/\/fotsportegyesulet.hu\/#\/schema\/logo\/image\/\"},\"sameAs\":[\"https:\/\/www.facebook.com\/fotsportegyesulet\/\"]},{\"@type\":\"Person\",\"@id\":\"https:\/\/fotsportegyesulet.hu\/#\/schema\/person\/8750ccb3a5183172b75dcc348ffbdbb1\",\"name\":\"F\u00f3t SE\",\"image\":{\"@type\":\"ImageObject\",\"inLanguage\":\"hu\",\"@id\":\"https:\/\/fotsportegyesulet.hu\/#\/schema\/person\/image\/\",\"url\":\"https:\/\/secure.gravatar.com\/avatar\/2f768bb7a490a49aeb2ccaf4bacc94391bbafd4b6aa54eb6f9318ffc80d81dad?s=96&d=mm&r=g\",\"contentUrl\":\"https:\/\/secure.gravatar.com\/avatar\/2f768bb7a490a49aeb2ccaf4bacc94391bbafd4b6aa54eb6f9318ffc80d81dad?s=96&d=mm&r=g\",\"caption\":\"F\u00f3t SE\"},\"sameAs\":[\"http:\/\/fotsportegyesulet.hu\"],\"url\":\"https:\/\/fotsportegyesulet.hu\/index.php\/author\/kapitany-zoltan\/\"}]}<\/script>\n<!-- \/ Yoast SEO plugin. -->","yoast_head_json":{"title":"\u0150k a Somly\u00f3 \u00f6regfi\u00fak - F\u00d3T SPORTEGYES\u00dcLET","robots":{"index":"index","follow":"follow","max-snippet":"max-snippet:-1","max-image-preview":"max-image-preview:large","max-video-preview":"max-video-preview:-1"},"canonical":"https:\/\/fotsportegyesulet.hu\/index.php\/2021\/04\/16\/ok-a-somlyo-oregfiuk\/","og_locale":"hu_HU","og_type":"article","og_title":"\u0150k a Somly\u00f3 \u00f6regfi\u00fak - F\u00d3T SPORTEGYES\u00dcLET","og_description":"Hirtelen \u00f6tlett\u0151l vez\u00e9relve tavaly alakult a Somly\u00f3 \u2013 mes\u00e9li a csapat egyik alap\u00edt\u00f3ja \u00e9s edz\u0151je, Fon\u00f3di P\u00e1l. Nagyon j\u00f3, bar\u00e1ti t\u00e1rsas\u00e1g j\u00f6tt \u00f6ssze.","og_url":"https:\/\/fotsportegyesulet.hu\/index.php\/2021\/04\/16\/ok-a-somlyo-oregfiuk\/","og_site_name":"F\u00d3T SPORTEGYES\u00dcLET","article_publisher":"https:\/\/www.facebook.com\/fotsportegyesulet\/","article_published_time":"2021-04-16T14:56:21+00:00","article_modified_time":"2021-04-16T15:02:13+00:00","og_image":[{"width":955,"height":455,"url":"https:\/\/fotsportegyesulet.hu\/wp-content\/uploads\/2021\/04\/Somlyo-csapat-956x455-1.jpg","type":"image\/jpeg"}],"author":"F\u00f3t SE","twitter_card":"summary_large_image","twitter_misc":{"Szerz\u0151:":"F\u00f3t SE","Becs\u00fclt olvas\u00e1si id\u0151":"3 perc"},"schema":{"@context":"https:\/\/schema.org","@graph":[{"@type":"Article","@id":"https:\/\/fotsportegyesulet.hu\/index.php\/2021\/04\/16\/ok-a-somlyo-oregfiuk\/#article","isPartOf":{"@id":"https:\/\/fotsportegyesulet.hu\/index.php\/2021\/04\/16\/ok-a-somlyo-oregfiuk\/"},"author":{"name":"F\u00f3t SE","@id":"https:\/\/fotsportegyesulet.hu\/#\/schema\/person\/8750ccb3a5183172b75dcc348ffbdbb1"},"headline":"\u0150k a Somly\u00f3 \u00f6regfi\u00fak","datePublished":"2021-04-16T14:56:21+00:00","dateModified":"2021-04-16T15:02:13+00:00","mainEntityOfPage":{"@id":"https:\/\/fotsportegyesulet.hu\/index.php\/2021\/04\/16\/ok-a-somlyo-oregfiuk\/"},"wordCount":523,"publisher":{"@id":"https:\/\/fotsportegyesulet.hu\/#organization"},"image":{"@id":"https:\/\/fotsportegyesulet.hu\/index.php\/2021\/04\/16\/ok-a-somlyo-oregfiuk\/#primaryimage"},"thumbnailUrl":"https:\/\/fotsportegyesulet.hu\/wp-content\/uploads\/2021\/04\/Somlyo-csapat-956x455-1.jpg","keywords":["labdar\u00fag\u00e1s","\u00d6regfi\u00fak"],"articleSection":["H\u00edrek","Labdar\u00fag\u00e1s (\u00f6regfi\u00fak)"],"inLanguage":"hu"},{"@type":"WebPage","@id":"https:\/\/fotsportegyesulet.hu\/index.php\/2021\/04\/16\/ok-a-somlyo-oregfiuk\/","url":"https:\/\/fotsportegyesulet.hu\/index.php\/2021\/04\/16\/ok-a-somlyo-oregfiuk\/","name":"\u0150k a Somly\u00f3 \u00f6regfi\u00fak - F\u00d3T SPORTEGYES\u00dcLET","isPartOf":{"@id":"https:\/\/fotsportegyesulet.hu\/#website"},"primaryImageOfPage":{"@id":"https:\/\/fotsportegyesulet.hu\/index.php\/2021\/04\/16\/ok-a-somlyo-oregfiuk\/#primaryimage"},"image":{"@id":"https:\/\/fotsportegyesulet.hu\/index.php\/2021\/04\/16\/ok-a-somlyo-oregfiuk\/#primaryimage"},"thumbnailUrl":"https:\/\/fotsportegyesulet.hu\/wp-content\/uploads\/2021\/04\/Somlyo-csapat-956x455-1.jpg","datePublished":"2021-04-16T14:56:21+00:00","dateModified":"2021-04-16T15:02:13+00:00","breadcrumb":{"@id":"https:\/\/fotsportegyesulet.hu\/index.php\/2021\/04\/16\/ok-a-somlyo-oregfiuk\/#breadcrumb"},"inLanguage":"hu","potentialAction":[{"@type":"ReadAction","target":["https:\/\/fotsportegyesulet.hu\/index.php\/2021\/04\/16\/ok-a-somlyo-oregfiuk\/"]}]},{"@type":"ImageObject","inLanguage":"hu","@id":"https:\/\/fotsportegyesulet.hu\/index.php\/2021\/04\/16\/ok-a-somlyo-oregfiuk\/#primaryimage","url":"https:\/\/fotsportegyesulet.hu\/wp-content\/uploads\/2021\/04\/Somlyo-csapat-956x455-1.jpg","contentUrl":"https:\/\/fotsportegyesulet.hu\/wp-content\/uploads\/2021\/04\/Somlyo-csapat-956x455-1.jpg","width":955,"height":455},{"@type":"BreadcrumbList","@id":"https:\/\/fotsportegyesulet.hu\/index.php\/2021\/04\/16\/ok-a-somlyo-oregfiuk\/#breadcrumb","itemListElement":[{"@type":"ListItem","position":1,"name":"Kezd\u0151lap","item":"https:\/\/fotsportegyesulet.hu\/"},{"@type":"ListItem","position":2,"name":"\u0150k a Somly\u00f3 \u00f6regfi\u00fak"}]},{"@type":"WebSite","@id":"https:\/\/fotsportegyesulet.hu\/#website","url":"https:\/\/fotsportegyesulet.hu\/","name":"F\u00d3T SPORTEGYES\u00dcLET","description":"","publisher":{"@id":"https:\/\/fotsportegyesulet.hu\/#organization"},"potentialAction":[{"@type":"SearchAction","target":{"@type":"EntryPoint","urlTemplate":"https:\/\/fotsportegyesulet.hu\/?s={search_term_string}"},"query-input":{"@type":"PropertyValueSpecification","valueRequired":true,"valueName":"search_term_string"}}],"inLanguage":"hu"},{"@type":"Organization","@id":"https:\/\/fotsportegyesulet.hu\/#organization","name":"F\u00f3t Sportegyes\u00fclet","url":"https:\/\/fotsportegyesulet.hu\/","logo":{"@type":"ImageObject","inLanguage":"hu","@id":"https:\/\/fotsportegyesulet.hu\/#\/schema\/logo\/image\/","url":"https:\/\/fotsportegyesulet.hu\/wp-content\/uploads\/2020\/07\/eredeti-sz\u00ednes-vektoros-Fot-cimer-3.png","contentUrl":"https:\/\/fotsportegyesulet.hu\/wp-content\/uploads\/2020\/07\/eredeti-sz\u00ednes-vektoros-Fot-cimer-3.png","width":500,"height":500,"caption":"F\u00f3t Sportegyes\u00fclet"},"image":{"@id":"https:\/\/fotsportegyesulet.hu\/#\/schema\/logo\/image\/"},"sameAs":["https:\/\/www.facebook.com\/fotsportegyesulet\/"]},{"@type":"Person","@id":"https:\/\/fotsportegyesulet.hu\/#\/schema\/person\/8750ccb3a5183172b75dcc348ffbdbb1","name":"F\u00f3t SE","image":{"@type":"ImageObject","inLanguage":"hu","@id":"https:\/\/fotsportegyesulet.hu\/#\/schema\/person\/image\/","url":"https:\/\/secure.gravatar.com\/avatar\/2f768bb7a490a49aeb2ccaf4bacc94391bbafd4b6aa54eb6f9318ffc80d81dad?s=96&d=mm&r=g","contentUrl":"https:\/\/secure.gravatar.com\/avatar\/2f768bb7a490a49aeb2ccaf4bacc94391bbafd4b6aa54eb6f9318ffc80d81dad?s=96&d=mm&r=g","caption":"F\u00f3t SE"},"sameAs":["http:\/\/fotsportegyesulet.hu"],"url":"https:\/\/fotsportegyesulet.hu\/index.php\/author\/kapitany-zoltan\/"}]}},"_links":{"self":[{"href":"https:\/\/fotsportegyesulet.hu\/index.php\/wp-json\/wp\/v2\/posts\/2166","targetHints":{"allow":["GET"]}}],"collection":[{"href":"https:\/\/fotsportegyesulet.hu\/index.php\/wp-json\/wp\/v2\/posts"}],"about":[{"href":"https:\/\/fotsportegyesulet.hu\/index.php\/wp-json\/wp\/v2\/types\/post"}],"author":[{"embeddable":true,"href":"https:\/\/fotsportegyesulet.hu\/index.php\/wp-json\/wp\/v2\/users\/3"}],"replies":[{"embeddable":true,"href":"https:\/\/fotsportegyesulet.hu\/index.php\/wp-json\/wp\/v2\/comments?post=2166"}],"version-history":[{"count":10,"href":"https:\/\/fotsportegyesulet.hu\/index.php\/wp-json\/wp\/v2\/posts\/2166\/revisions"}],"predecessor-version":[{"id":2184,"href":"https:\/\/fotsportegyesulet.hu\/index.php\/wp-json\/wp\/v2\/posts\/2166\/revisions\/2184"}],"wp:featuredmedia":[{"embeddable":true,"href":"https:\/\/fotsportegyesulet.hu\/index.php\/wp-json\/wp\/v2\/media\/2174"}],"wp:attachment":[{"href":"https:\/\/fotsportegyesulet.hu\/index.php\/wp-json\/wp\/v2\/media?parent=2166"}],"wp:term":[{"taxonomy":"category","embeddable":true,"href":"https:\/\/fotsportegyesulet.hu\/index.php\/wp-json\/wp\/v2\/categories?post=2166"},{"taxonomy":"post_tag","embeddable":true,"href":"https:\/\/fotsportegyesulet.hu\/index.php\/wp-json\/wp\/v2\/tags?post=2166"}],"curies":[{"name":"wp","href":"https:\/\/api.w.org\/{rel}","templated":true}]}}