{"id":2141,"date":"2021-04-12T14:54:36","date_gmt":"2021-04-12T12:54:36","guid":{"rendered":"https:\/\/fotsportegyesulet.hu\/?p=2141"},"modified":"2021-04-12T14:56:15","modified_gmt":"2021-04-12T12:56:15","slug":"fiatal-tehetseg-victor-illes","status":"publish","type":"post","link":"https:\/\/fotsportegyesulet.hu\/index.php\/2021\/04\/12\/fiatal-tehetseg-victor-illes\/","title":{"rendered":"Fiatal tehets\u00e9g: Victor Ill\u00e9s"},"content":{"rendered":"<p><img loading=\"lazy\" decoding=\"async\" class=\"aligncenter wp-image-2144 size-medium\" src=\"https:\/\/fotsportegyesulet.hu\/wp-content\/uploads\/2021\/04\/151032009_1757026737796731_463648224467123893_n-300x225.jpg\" alt=\"\" width=\"300\" height=\"225\" srcset=\"https:\/\/fotsportegyesulet.hu\/wp-content\/uploads\/2021\/04\/151032009_1757026737796731_463648224467123893_n-300x225.jpg 300w, https:\/\/fotsportegyesulet.hu\/wp-content\/uploads\/2021\/04\/151032009_1757026737796731_463648224467123893_n-1024x768.jpg 1024w, https:\/\/fotsportegyesulet.hu\/wp-content\/uploads\/2021\/04\/151032009_1757026737796731_463648224467123893_n-768x576.jpg 768w, https:\/\/fotsportegyesulet.hu\/wp-content\/uploads\/2021\/04\/151032009_1757026737796731_463648224467123893_n-1536x1152.jpg 1536w, https:\/\/fotsportegyesulet.hu\/wp-content\/uploads\/2021\/04\/151032009_1757026737796731_463648224467123893_n.jpg 1600w\" sizes=\"auto, (max-width: 300px) 100vw, 300px\" \/><\/p>\n<p>Victor Ill\u00e9ssel k\u00e9sz\u00fclt a k\u00f6vetkez\u0151 interj\u00fank. Ill\u00e9s a F\u00f3t SE Judo szakoszt\u00e1ly\u00e1ban edz, t\u00f6bb, mint 6 \u00e9ve. Kitart\u00f3 munk\u00e1j\u00e1nak, \u00e9s a heti t\u00f6bb edz\u00e9snek k\u00f6sz\u00f6nhet\u0151en, sz\u00e9p eredm\u00e9nyeket \u00e9r el a versenyeken.<\/p>\n<p>Szil\u00e1gyi G\u00e1bor a Judo szakoszt\u00e1ly vezet\u0151j\u00e9nek, \u00e9s egyben edz\u0151j\u00e9nek szavai is meger\u0151s\u00edtik Ill\u00e9s tehets\u00e9g\u00e9t:<\/p>\n<p>\u201eIll\u00e9s a klubunk els\u0151 sz\u00e1m\u00fa tan\u00edtv\u00e1nya, eml\u00e9kszem mikor az apuk\u00e1ja lehozta az els\u0151 edz\u00e9sre \u00e9s azt mondta, pr\u00f3b\u00e1ljuk meg, de olyan rossz a magatart\u00e1sa, hogy biztos nem fog m\u0171k\u00f6dni. Ennek m\u00e1r kb. 5 \u00e9ve, az\u00f3ta is minden edz\u00e9sen, \u00e9s versenyen r\u00e9szt vesz. Mindent megtesz a fejl\u0151d\u00e9s \u00e9rdek\u00e9ben. Tavalyel\u0151tt, 2019-ben \u0150 lett a legeredm\u00e9nyesebb versenyz\u0151je a Global Grappling orsz\u00e1gos versenysorozat\u00e1nak. M\u00e1ra p\u00e9ldak\u00e9pp\u00e9 v\u00e1lt edz\u00e9st\u00e1rsai szem\u00e9ben, p\u00e9lda arra hogyan lesz egy rosszcsontb\u00f3l kiv\u00e1l\u00f3 sportol\u00f3, versenyz\u0151. Gratul\u00e1lunk neki \u00e9s k\u00f6sz\u00f6nj\u00fck azt a sok eredm\u00e9nyt, d\u00edjat, amit a F\u00f3t SE-nek hozott.\u201d<\/p>\n<p>T\u00f6bb k\u00e9rd\u00e9st is feltett\u00fcnk Ill\u00e9snek, aki kor\u00e1hoz m\u00e9rten komoly, \u00e9s meggy\u0151z\u0151 v\u00e1laszokat adott:<\/p>\n<p>Mi\u00f3ta sportolsz a F\u00f3t Se Judo szakoszt\u00e1ly\u00e1ban?<\/p>\n<p>Imm\u00e1ron 6 \u00e9ve sportolok az egyes\u00fcletben.<\/p>\n<p>Mit szeretsz legjobban az edz\u00e9seken?<\/p>\n<p>Az er\u0151s\u00edt\u00e9s szeretem a legjobban. Ez\u00e1ltal fejl\u0151d\u00f6k a legjobban.<\/p>\n<p>Ki az edz\u0151d?<\/p>\n<p>Szil\u00e1gyi G\u00e1bor<\/p>\n<p>Hogyan \u00e9rt\u00e9keled az edz\u0151d munk\u00e1j\u00e1t?<\/p>\n<p>Az eredm\u00e9nyeim besz\u00e9lnek helyettem, nagyra tisztelem t\u00fcrelm\u00e9t.R\u00e9szt vettem a 2021 Global grappling koroszt\u00e1lyos Magyar Bajnoks\u00e1gon, ahol siker\u00fclt egy ez\u00fcst\u00e9rmet, \u00e9s egy bronz\u00e9rmet is elhoznom.<\/p>\n<p><img loading=\"lazy\" decoding=\"async\" class=\"aligncenter wp-image-2145 size-medium\" src=\"https:\/\/fotsportegyesulet.hu\/wp-content\/uploads\/2021\/04\/DSC_0065-169x300.jpg\" alt=\"\" width=\"169\" height=\"300\" srcset=\"https:\/\/fotsportegyesulet.hu\/wp-content\/uploads\/2021\/04\/DSC_0065-169x300.jpg 169w, https:\/\/fotsportegyesulet.hu\/wp-content\/uploads\/2021\/04\/DSC_0065-576x1024.jpg 576w, https:\/\/fotsportegyesulet.hu\/wp-content\/uploads\/2021\/04\/DSC_0065-768x1365.jpg 768w, https:\/\/fotsportegyesulet.hu\/wp-content\/uploads\/2021\/04\/DSC_0065-864x1536.jpg 864w, https:\/\/fotsportegyesulet.hu\/wp-content\/uploads\/2021\/04\/DSC_0065-1152x2048.jpg 1152w, https:\/\/fotsportegyesulet.hu\/wp-content\/uploads\/2021\/04\/DSC_0065-scaled.jpg 1440w\" sizes=\"auto, (max-width: 169px) 100vw, 169px\" \/><\/p>\n<p>Hogy f\u00e9r \u00f6ssze a tanul\u00e1s a sporttal?<\/p>\n<p>Egyik sem kev\u00e9sb\u00e9 fontos a m\u00e1sikn\u00e1l, mindenhol a legjobban kell teljes\u00edteni.<\/p>\n<p>Mi a kedvenc id\u0151t\u00f6lt\u00e9sed?<\/p>\n<p>Kir\u00e1ndul\u00e1s, telefonoz\u00e1s<\/p>\n<p>Szokt\u00e1l-e az edz\u00e9seken k\u00edv\u00fcl is gyakorolni?<\/p>\n<p>Ap\u00e1val sokszor \u00e1tvessz\u00fck az edz\u00e9sen tanult technik\u00e1kat.<\/p>\n<p><img loading=\"lazy\" decoding=\"async\" class=\"aligncenter wp-image-2147 size-medium\" src=\"https:\/\/fotsportegyesulet.hu\/wp-content\/uploads\/2021\/04\/FB_IMG_1581419972679-300x200.jpg\" alt=\"\" width=\"300\" height=\"200\" srcset=\"https:\/\/fotsportegyesulet.hu\/wp-content\/uploads\/2021\/04\/FB_IMG_1581419972679-300x200.jpg 300w, https:\/\/fotsportegyesulet.hu\/wp-content\/uploads\/2021\/04\/FB_IMG_1581419972679-600x400.jpg 600w, https:\/\/fotsportegyesulet.hu\/wp-content\/uploads\/2021\/04\/FB_IMG_1581419972679-272x182.jpg 272w, https:\/\/fotsportegyesulet.hu\/wp-content\/uploads\/2021\/04\/FB_IMG_1581419972679.jpg 720w\" sizes=\"auto, (max-width: 300px) 100vw, 300px\" \/><\/p>\n<p>Milyen felszerel\u00e9snek, l\u00e9tes\u00edtm\u00e9nynek \u00f6r\u00fcln\u00e9l a legjobban?<\/p>\n<p>Egy k\u00fclt\u00e9ri fitneszparknak.<\/p>\n<p>Mi a kedvenc \u00e9teled?<\/p>\n<p>Sushi<\/p>\n<p>Van-e testv\u00e9red? \u0150 is sportol?<\/p>\n<p>Igen 4 testv\u00e9rem van, ebb\u0151l 3 hobbiszinten,1 pedig versenyszinten sportol.<\/p>\n<p>Ki a kedvenc sportol\u00f3d, p\u00e9ldak\u00e9ped?<\/p>\n<p>Az Ungv\u00e1ri testv\u00e9reket tisztelem a legjobban.<\/p>\n<p>Szerinted mi a legfontosabb felt\u00e9tel, hogy sikeres sportol\u00f3 lehess?<\/p>\n<p>Elsz\u00e1nts\u00e1g (l\u00e9gy t\u00f6k\u00f6s)<\/p>\n<p>A F\u00f3t sportegyes\u00fclet tudna-e t\u00f6bbet tenni az\u00e9rt, hogy megval\u00f3s\u00edtsd a terveid?<\/p>\n<p>T\u00f6bb edz\u0151t\u00e1borra lenne sz\u00fcks\u00e9g, ak\u00e1r egy h\u00e9tv\u00e9ge id\u0151keret\u00e9ben.<\/p>\n<p>Szeretettel v\u00e1runk minden sportolni v\u00e1gy\u00f3 gyereket \u00e9s feln\u0151ttet is, aki szeretn\u00e9 megismerni a k\u00fczd\u0151sport sz\u00e9ps\u00e9geit.<\/p>\n<p>El\u00e9rhet\u0151s\u00e9g: Kapit\u00e1ny Zolt\u00e1n +36 20 932 0655<\/p>\n","protected":false},"excerpt":{"rendered":"<p>Victor Ill\u00e9ssel k\u00e9sz\u00fclt a k\u00f6vetkez\u0151 interj\u00fank. Ill\u00e9s a F\u00f3t SE Judo szakoszt\u00e1ly\u00e1ban edz, t\u00f6bb, mint 6 \u00e9ve.Im\u00e1dja a sushit.<\/p>\n","protected":false},"author":3,"featured_media":2143,"comment_status":"closed","ping_status":"open","sticky":false,"template":"","format":"standard","meta":{"_bbp_topic_count":0,"_bbp_reply_count":0,"_bbp_total_topic_count":0,"_bbp_total_reply_count":0,"_bbp_voice_count":0,"_bbp_anonymous_reply_count":0,"_bbp_topic_count_hidden":0,"_bbp_reply_count_hidden":0,"_bbp_forum_subforum_count":0,"_price":"","_stock":"","_tribe_ticket_header":"","_tribe_default_ticket_provider":"","_ticket_start_date":"","_ticket_end_date":"","_tribe_ticket_show_description":"","_tribe_ticket_show_not_going":false,"_tribe_ticket_use_global_stock":"","_tribe_ticket_global_stock_level":"","_global_stock_mode":"","_global_stock_cap":"","_tribe_rsvp_for_event":"","_tribe_ticket_going_count":"","_tribe_ticket_not_going_count":"","_tribe_tickets_list":"[]","_tribe_ticket_has_attendee_info_fields":false,"footnotes":""},"categories":[1],"tags":[91,96,95],"class_list":["post-2141","post","type-post","status-publish","format-standard","has-post-thumbnail","hentry","category-hirek","tag-judo","tag-kuzdosportok","tag-sport"],"yoast_head":"<!-- This site is optimized with the Yoast SEO plugin v25.7 - https:\/\/yoast.com\/wordpress\/plugins\/seo\/ -->\n<title>Fiatal tehets\u00e9g: Victor Ill\u00e9s - F\u00d3T SPORTEGYES\u00dcLET<\/title>\n<meta name=\"robots\" content=\"index, follow, max-snippet:-1, max-image-preview:large, max-video-preview:-1\" \/>\n<link rel=\"canonical\" href=\"https:\/\/fotsportegyesulet.hu\/index.php\/2021\/04\/12\/fiatal-tehetseg-victor-illes\/\" \/>\n<meta property=\"og:locale\" content=\"hu_HU\" \/>\n<meta property=\"og:type\" content=\"article\" \/>\n<meta property=\"og:title\" content=\"Fiatal tehets\u00e9g: Victor Ill\u00e9s - F\u00d3T SPORTEGYES\u00dcLET\" \/>\n<meta property=\"og:description\" content=\"Victor Ill\u00e9ssel k\u00e9sz\u00fclt a k\u00f6vetkez\u0151 interj\u00fank. Ill\u00e9s a F\u00f3t SE Judo szakoszt\u00e1ly\u00e1ban edz, t\u00f6bb, mint 6 \u00e9ve.Im\u00e1dja a sushit.\" \/>\n<meta property=\"og:url\" content=\"https:\/\/fotsportegyesulet.hu\/index.php\/2021\/04\/12\/fiatal-tehetseg-victor-illes\/\" \/>\n<meta property=\"og:site_name\" content=\"F\u00d3T SPORTEGYES\u00dcLET\" \/>\n<meta property=\"article:publisher\" content=\"https:\/\/www.facebook.com\/fotsportegyesulet\/\" \/>\n<meta property=\"article:published_time\" content=\"2021-04-12T12:54:36+00:00\" \/>\n<meta property=\"article:modified_time\" content=\"2021-04-12T12:56:15+00:00\" \/>\n<meta property=\"og:image\" content=\"https:\/\/fotsportegyesulet.hu\/wp-content\/uploads\/2021\/04\/Victor-Illas_956x455.jpg\" \/>\n\t<meta property=\"og:image:width\" content=\"955\" \/>\n\t<meta property=\"og:image:height\" content=\"455\" \/>\n\t<meta property=\"og:image:type\" content=\"image\/jpeg\" \/>\n<meta name=\"author\" content=\"F\u00f3t SE\" \/>\n<meta name=\"twitter:card\" content=\"summary_large_image\" \/>\n<meta name=\"twitter:label1\" content=\"Szerz\u0151:\" \/>\n\t<meta name=\"twitter:data1\" content=\"F\u00f3t SE\" \/>\n\t<meta name=\"twitter:label2\" content=\"Becs\u00fclt olvas\u00e1si id\u0151\" \/>\n\t<meta name=\"twitter:data2\" content=\"3 perc\" \/>\n<script type=\"application\/ld+json\" class=\"yoast-schema-graph\">{\"@context\":\"https:\/\/schema.org\",\"@graph\":[{\"@type\":\"Article\",\"@id\":\"https:\/\/fotsportegyesulet.hu\/index.php\/2021\/04\/12\/fiatal-tehetseg-victor-illes\/#article\",\"isPartOf\":{\"@id\":\"https:\/\/fotsportegyesulet.hu\/index.php\/2021\/04\/12\/fiatal-tehetseg-victor-illes\/\"},\"author\":{\"name\":\"F\u00f3t SE\",\"@id\":\"https:\/\/fotsportegyesulet.hu\/#\/schema\/person\/8750ccb3a5183172b75dcc348ffbdbb1\"},\"headline\":\"Fiatal tehets\u00e9g: Victor Ill\u00e9s\",\"datePublished\":\"2021-04-12T12:54:36+00:00\",\"dateModified\":\"2021-04-12T12:56:15+00:00\",\"mainEntityOfPage\":{\"@id\":\"https:\/\/fotsportegyesulet.hu\/index.php\/2021\/04\/12\/fiatal-tehetseg-victor-illes\/\"},\"wordCount\":513,\"publisher\":{\"@id\":\"https:\/\/fotsportegyesulet.hu\/#organization\"},\"image\":{\"@id\":\"https:\/\/fotsportegyesulet.hu\/index.php\/2021\/04\/12\/fiatal-tehetseg-victor-illes\/#primaryimage\"},\"thumbnailUrl\":\"https:\/\/fotsportegyesulet.hu\/wp-content\/uploads\/2021\/04\/Victor-Illas_956x455.jpg\",\"keywords\":[\"judo\",\"k\u00fczd\u0151sportok\",\"sport\"],\"articleSection\":[\"H\u00edrek\"],\"inLanguage\":\"hu\"},{\"@type\":\"WebPage\",\"@id\":\"https:\/\/fotsportegyesulet.hu\/index.php\/2021\/04\/12\/fiatal-tehetseg-victor-illes\/\",\"url\":\"https:\/\/fotsportegyesulet.hu\/index.php\/2021\/04\/12\/fiatal-tehetseg-victor-illes\/\",\"name\":\"Fiatal tehets\u00e9g: Victor Ill\u00e9s - F\u00d3T SPORTEGYES\u00dcLET\",\"isPartOf\":{\"@id\":\"https:\/\/fotsportegyesulet.hu\/#website\"},\"primaryImageOfPage\":{\"@id\":\"https:\/\/fotsportegyesulet.hu\/index.php\/2021\/04\/12\/fiatal-tehetseg-victor-illes\/#primaryimage\"},\"image\":{\"@id\":\"https:\/\/fotsportegyesulet.hu\/index.php\/2021\/04\/12\/fiatal-tehetseg-victor-illes\/#primaryimage\"},\"thumbnailUrl\":\"https:\/\/fotsportegyesulet.hu\/wp-content\/uploads\/2021\/04\/Victor-Illas_956x455.jpg\",\"datePublished\":\"2021-04-12T12:54:36+00:00\",\"dateModified\":\"2021-04-12T12:56:15+00:00\",\"breadcrumb\":{\"@id\":\"https:\/\/fotsportegyesulet.hu\/index.php\/2021\/04\/12\/fiatal-tehetseg-victor-illes\/#breadcrumb\"},\"inLanguage\":\"hu\",\"potentialAction\":[{\"@type\":\"ReadAction\",\"target\":[\"https:\/\/fotsportegyesulet.hu\/index.php\/2021\/04\/12\/fiatal-tehetseg-victor-illes\/\"]}]},{\"@type\":\"ImageObject\",\"inLanguage\":\"hu\",\"@id\":\"https:\/\/fotsportegyesulet.hu\/index.php\/2021\/04\/12\/fiatal-tehetseg-victor-illes\/#primaryimage\",\"url\":\"https:\/\/fotsportegyesulet.hu\/wp-content\/uploads\/2021\/04\/Victor-Illas_956x455.jpg\",\"contentUrl\":\"https:\/\/fotsportegyesulet.hu\/wp-content\/uploads\/2021\/04\/Victor-Illas_956x455.jpg\",\"width\":955,\"height\":455},{\"@type\":\"BreadcrumbList\",\"@id\":\"https:\/\/fotsportegyesulet.hu\/index.php\/2021\/04\/12\/fiatal-tehetseg-victor-illes\/#breadcrumb\",\"itemListElement\":[{\"@type\":\"ListItem\",\"position\":1,\"name\":\"Kezd\u0151lap\",\"item\":\"https:\/\/fotsportegyesulet.hu\/\"},{\"@type\":\"ListItem\",\"position\":2,\"name\":\"Fiatal tehets\u00e9g: Victor Ill\u00e9s\"}]},{\"@type\":\"WebSite\",\"@id\":\"https:\/\/fotsportegyesulet.hu\/#website\",\"url\":\"https:\/\/fotsportegyesulet.hu\/\",\"name\":\"F\u00d3T SPORTEGYES\u00dcLET\",\"description\":\"\",\"publisher\":{\"@id\":\"https:\/\/fotsportegyesulet.hu\/#organization\"},\"potentialAction\":[{\"@type\":\"SearchAction\",\"target\":{\"@type\":\"EntryPoint\",\"urlTemplate\":\"https:\/\/fotsportegyesulet.hu\/?s={search_term_string}\"},\"query-input\":{\"@type\":\"PropertyValueSpecification\",\"valueRequired\":true,\"valueName\":\"search_term_string\"}}],\"inLanguage\":\"hu\"},{\"@type\":\"Organization\",\"@id\":\"https:\/\/fotsportegyesulet.hu\/#organization\",\"name\":\"F\u00f3t Sportegyes\u00fclet\",\"url\":\"https:\/\/fotsportegyesulet.hu\/\",\"logo\":{\"@type\":\"ImageObject\",\"inLanguage\":\"hu\",\"@id\":\"https:\/\/fotsportegyesulet.hu\/#\/schema\/logo\/image\/\",\"url\":\"https:\/\/fotsportegyesulet.hu\/wp-content\/uploads\/2020\/07\/eredeti-sz\u00ednes-vektoros-Fot-cimer-3.png\",\"contentUrl\":\"https:\/\/fotsportegyesulet.hu\/wp-content\/uploads\/2020\/07\/eredeti-sz\u00ednes-vektoros-Fot-cimer-3.png\",\"width\":500,\"height\":500,\"caption\":\"F\u00f3t Sportegyes\u00fclet\"},\"image\":{\"@id\":\"https:\/\/fotsportegyesulet.hu\/#\/schema\/logo\/image\/\"},\"sameAs\":[\"https:\/\/www.facebook.com\/fotsportegyesulet\/\"]},{\"@type\":\"Person\",\"@id\":\"https:\/\/fotsportegyesulet.hu\/#\/schema\/person\/8750ccb3a5183172b75dcc348ffbdbb1\",\"name\":\"F\u00f3t SE\",\"image\":{\"@type\":\"ImageObject\",\"inLanguage\":\"hu\",\"@id\":\"https:\/\/fotsportegyesulet.hu\/#\/schema\/person\/image\/\",\"url\":\"https:\/\/secure.gravatar.com\/avatar\/2f768bb7a490a49aeb2ccaf4bacc94391bbafd4b6aa54eb6f9318ffc80d81dad?s=96&d=mm&r=g\",\"contentUrl\":\"https:\/\/secure.gravatar.com\/avatar\/2f768bb7a490a49aeb2ccaf4bacc94391bbafd4b6aa54eb6f9318ffc80d81dad?s=96&d=mm&r=g\",\"caption\":\"F\u00f3t SE\"},\"sameAs\":[\"http:\/\/fotsportegyesulet.hu\"],\"url\":\"https:\/\/fotsportegyesulet.hu\/index.php\/author\/kapitany-zoltan\/\"}]}<\/script>\n<!-- \/ Yoast SEO plugin. -->","yoast_head_json":{"title":"Fiatal tehets\u00e9g: Victor Ill\u00e9s - F\u00d3T SPORTEGYES\u00dcLET","robots":{"index":"index","follow":"follow","max-snippet":"max-snippet:-1","max-image-preview":"max-image-preview:large","max-video-preview":"max-video-preview:-1"},"canonical":"https:\/\/fotsportegyesulet.hu\/index.php\/2021\/04\/12\/fiatal-tehetseg-victor-illes\/","og_locale":"hu_HU","og_type":"article","og_title":"Fiatal tehets\u00e9g: Victor Ill\u00e9s - F\u00d3T SPORTEGYES\u00dcLET","og_description":"Victor Ill\u00e9ssel k\u00e9sz\u00fclt a k\u00f6vetkez\u0151 interj\u00fank. Ill\u00e9s a F\u00f3t SE Judo szakoszt\u00e1ly\u00e1ban edz, t\u00f6bb, mint 6 \u00e9ve.Im\u00e1dja a sushit.","og_url":"https:\/\/fotsportegyesulet.hu\/index.php\/2021\/04\/12\/fiatal-tehetseg-victor-illes\/","og_site_name":"F\u00d3T SPORTEGYES\u00dcLET","article_publisher":"https:\/\/www.facebook.com\/fotsportegyesulet\/","article_published_time":"2021-04-12T12:54:36+00:00","article_modified_time":"2021-04-12T12:56:15+00:00","og_image":[{"width":955,"height":455,"url":"https:\/\/fotsportegyesulet.hu\/wp-content\/uploads\/2021\/04\/Victor-Illas_956x455.jpg","type":"image\/jpeg"}],"author":"F\u00f3t SE","twitter_card":"summary_large_image","twitter_misc":{"Szerz\u0151:":"F\u00f3t SE","Becs\u00fclt olvas\u00e1si id\u0151":"3 perc"},"schema":{"@context":"https:\/\/schema.org","@graph":[{"@type":"Article","@id":"https:\/\/fotsportegyesulet.hu\/index.php\/2021\/04\/12\/fiatal-tehetseg-victor-illes\/#article","isPartOf":{"@id":"https:\/\/fotsportegyesulet.hu\/index.php\/2021\/04\/12\/fiatal-tehetseg-victor-illes\/"},"author":{"name":"F\u00f3t SE","@id":"https:\/\/fotsportegyesulet.hu\/#\/schema\/person\/8750ccb3a5183172b75dcc348ffbdbb1"},"headline":"Fiatal tehets\u00e9g: Victor Ill\u00e9s","datePublished":"2021-04-12T12:54:36+00:00","dateModified":"2021-04-12T12:56:15+00:00","mainEntityOfPage":{"@id":"https:\/\/fotsportegyesulet.hu\/index.php\/2021\/04\/12\/fiatal-tehetseg-victor-illes\/"},"wordCount":513,"publisher":{"@id":"https:\/\/fotsportegyesulet.hu\/#organization"},"image":{"@id":"https:\/\/fotsportegyesulet.hu\/index.php\/2021\/04\/12\/fiatal-tehetseg-victor-illes\/#primaryimage"},"thumbnailUrl":"https:\/\/fotsportegyesulet.hu\/wp-content\/uploads\/2021\/04\/Victor-Illas_956x455.jpg","keywords":["judo","k\u00fczd\u0151sportok","sport"],"articleSection":["H\u00edrek"],"inLanguage":"hu"},{"@type":"WebPage","@id":"https:\/\/fotsportegyesulet.hu\/index.php\/2021\/04\/12\/fiatal-tehetseg-victor-illes\/","url":"https:\/\/fotsportegyesulet.hu\/index.php\/2021\/04\/12\/fiatal-tehetseg-victor-illes\/","name":"Fiatal tehets\u00e9g: Victor Ill\u00e9s - F\u00d3T SPORTEGYES\u00dcLET","isPartOf":{"@id":"https:\/\/fotsportegyesulet.hu\/#website"},"primaryImageOfPage":{"@id":"https:\/\/fotsportegyesulet.hu\/index.php\/2021\/04\/12\/fiatal-tehetseg-victor-illes\/#primaryimage"},"image":{"@id":"https:\/\/fotsportegyesulet.hu\/index.php\/2021\/04\/12\/fiatal-tehetseg-victor-illes\/#primaryimage"},"thumbnailUrl":"https:\/\/fotsportegyesulet.hu\/wp-content\/uploads\/2021\/04\/Victor-Illas_956x455.jpg","datePublished":"2021-04-12T12:54:36+00:00","dateModified":"2021-04-12T12:56:15+00:00","breadcrumb":{"@id":"https:\/\/fotsportegyesulet.hu\/index.php\/2021\/04\/12\/fiatal-tehetseg-victor-illes\/#breadcrumb"},"inLanguage":"hu","potentialAction":[{"@type":"ReadAction","target":["https:\/\/fotsportegyesulet.hu\/index.php\/2021\/04\/12\/fiatal-tehetseg-victor-illes\/"]}]},{"@type":"ImageObject","inLanguage":"hu","@id":"https:\/\/fotsportegyesulet.hu\/index.php\/2021\/04\/12\/fiatal-tehetseg-victor-illes\/#primaryimage","url":"https:\/\/fotsportegyesulet.hu\/wp-content\/uploads\/2021\/04\/Victor-Illas_956x455.jpg","contentUrl":"https:\/\/fotsportegyesulet.hu\/wp-content\/uploads\/2021\/04\/Victor-Illas_956x455.jpg","width":955,"height":455},{"@type":"BreadcrumbList","@id":"https:\/\/fotsportegyesulet.hu\/index.php\/2021\/04\/12\/fiatal-tehetseg-victor-illes\/#breadcrumb","itemListElement":[{"@type":"ListItem","position":1,"name":"Kezd\u0151lap","item":"https:\/\/fotsportegyesulet.hu\/"},{"@type":"ListItem","position":2,"name":"Fiatal tehets\u00e9g: Victor Ill\u00e9s"}]},{"@type":"WebSite","@id":"https:\/\/fotsportegyesulet.hu\/#website","url":"https:\/\/fotsportegyesulet.hu\/","name":"F\u00d3T SPORTEGYES\u00dcLET","description":"","publisher":{"@id":"https:\/\/fotsportegyesulet.hu\/#organization"},"potentialAction":[{"@type":"SearchAction","target":{"@type":"EntryPoint","urlTemplate":"https:\/\/fotsportegyesulet.hu\/?s={search_term_string}"},"query-input":{"@type":"PropertyValueSpecification","valueRequired":true,"valueName":"search_term_string"}}],"inLanguage":"hu"},{"@type":"Organization","@id":"https:\/\/fotsportegyesulet.hu\/#organization","name":"F\u00f3t Sportegyes\u00fclet","url":"https:\/\/fotsportegyesulet.hu\/","logo":{"@type":"ImageObject","inLanguage":"hu","@id":"https:\/\/fotsportegyesulet.hu\/#\/schema\/logo\/image\/","url":"https:\/\/fotsportegyesulet.hu\/wp-content\/uploads\/2020\/07\/eredeti-sz\u00ednes-vektoros-Fot-cimer-3.png","contentUrl":"https:\/\/fotsportegyesulet.hu\/wp-content\/uploads\/2020\/07\/eredeti-sz\u00ednes-vektoros-Fot-cimer-3.png","width":500,"height":500,"caption":"F\u00f3t Sportegyes\u00fclet"},"image":{"@id":"https:\/\/fotsportegyesulet.hu\/#\/schema\/logo\/image\/"},"sameAs":["https:\/\/www.facebook.com\/fotsportegyesulet\/"]},{"@type":"Person","@id":"https:\/\/fotsportegyesulet.hu\/#\/schema\/person\/8750ccb3a5183172b75dcc348ffbdbb1","name":"F\u00f3t SE","image":{"@type":"ImageObject","inLanguage":"hu","@id":"https:\/\/fotsportegyesulet.hu\/#\/schema\/person\/image\/","url":"https:\/\/secure.gravatar.com\/avatar\/2f768bb7a490a49aeb2ccaf4bacc94391bbafd4b6aa54eb6f9318ffc80d81dad?s=96&d=mm&r=g","contentUrl":"https:\/\/secure.gravatar.com\/avatar\/2f768bb7a490a49aeb2ccaf4bacc94391bbafd4b6aa54eb6f9318ffc80d81dad?s=96&d=mm&r=g","caption":"F\u00f3t SE"},"sameAs":["http:\/\/fotsportegyesulet.hu"],"url":"https:\/\/fotsportegyesulet.hu\/index.php\/author\/kapitany-zoltan\/"}]}},"_links":{"self":[{"href":"https:\/\/fotsportegyesulet.hu\/index.php\/wp-json\/wp\/v2\/posts\/2141","targetHints":{"allow":["GET"]}}],"collection":[{"href":"https:\/\/fotsportegyesulet.hu\/index.php\/wp-json\/wp\/v2\/posts"}],"about":[{"href":"https:\/\/fotsportegyesulet.hu\/index.php\/wp-json\/wp\/v2\/types\/post"}],"author":[{"embeddable":true,"href":"https:\/\/fotsportegyesulet.hu\/index.php\/wp-json\/wp\/v2\/users\/3"}],"replies":[{"embeddable":true,"href":"https:\/\/fotsportegyesulet.hu\/index.php\/wp-json\/wp\/v2\/comments?post=2141"}],"version-history":[{"count":9,"href":"https:\/\/fotsportegyesulet.hu\/index.php\/wp-json\/wp\/v2\/posts\/2141\/revisions"}],"predecessor-version":[{"id":2155,"href":"https:\/\/fotsportegyesulet.hu\/index.php\/wp-json\/wp\/v2\/posts\/2141\/revisions\/2155"}],"wp:featuredmedia":[{"embeddable":true,"href":"https:\/\/fotsportegyesulet.hu\/index.php\/wp-json\/wp\/v2\/media\/2143"}],"wp:attachment":[{"href":"https:\/\/fotsportegyesulet.hu\/index.php\/wp-json\/wp\/v2\/media?parent=2141"}],"wp:term":[{"taxonomy":"category","embeddable":true,"href":"https:\/\/fotsportegyesulet.hu\/index.php\/wp-json\/wp\/v2\/categories?post=2141"},{"taxonomy":"post_tag","embeddable":true,"href":"https:\/\/fotsportegyesulet.hu\/index.php\/wp-json\/wp\/v2\/tags?post=2141"}],"curies":[{"name":"wp","href":"https:\/\/api.w.org\/{rel}","templated":true}]}}