{"id":2119,"date":"2021-04-05T12:34:22","date_gmt":"2021-04-05T10:34:22","guid":{"rendered":"https:\/\/fotsportegyesulet.hu\/?p=2119"},"modified":"2021-04-05T12:37:27","modified_gmt":"2021-04-05T10:37:27","slug":"fot-se-i-tura-vsk-21-11","status":"publish","type":"post","link":"https:\/\/fotsportegyesulet.hu\/index.php\/2021\/04\/05\/fot-se-i-tura-vsk-21-11\/","title":{"rendered":"F\u00f3t SE I. \u2013 Tura VSK 2:1 (1:1)"},"content":{"rendered":"<p>&nbsp;<\/p>\n<p><img loading=\"lazy\" decoding=\"async\" class=\"size-full wp-image-2123 aligncenter\" src=\"https:\/\/fotsportegyesulet.hu\/wp-content\/uploads\/2021\/04\/Fot-SE-I.-585x439-1.jpg\" alt=\"\" width=\"585\" height=\"439\" srcset=\"https:\/\/fotsportegyesulet.hu\/wp-content\/uploads\/2021\/04\/Fot-SE-I.-585x439-1.jpg 585w, https:\/\/fotsportegyesulet.hu\/wp-content\/uploads\/2021\/04\/Fot-SE-I.-585x439-1-300x225.jpg 300w\" sizes=\"auto, (max-width: 585px) 100vw, 585px\" \/><\/p>\n<p><strong>A m\u00e9rk\u0151z\u00e9s el\u0151tt a turaiak edz\u0151je T\u00f3th-M\u00e1t\u00e9 Imre elmondta, hogy \u0151k eredetileg egy U19-es csapat, de mivel a j\u00e1t\u00e9kosok nagyobb kih\u00edv\u00e1st szerettek volna, most elindultak a feln\u0151tt bajnoks\u00e1gban.<\/strong><\/p>\n<p>\u00dagy n\u00e9z ki, \u00e9rdemes volt kipr\u00f3b\u00e1lni magukat, mert f\u00f6l\u00e9nyesen vezetik a IV. oszt\u00e1ly\u00fa feln\u0151tt bajnoks\u00e1g k\u00f6z\u00e9p csoportj\u00e1t. Tegnap a j\u00e1t\u00e9kosok k\u00f6z\u00fcl \u00f6ten k\u00fcl\u00f6nb\u00f6z\u0151 okok miatt hi\u00e1nyoztak, \u00edgy az U17-es csapatb\u00f3l is kellett p\u00f3tolni \u0151ket. A vend\u00e9gcsapat edz\u0151je a meccs el\u0151tt fontosnak tartotta a j\u00f3 szerepl\u00e9st, mindenk\u00e9ppen gy\u0151zni szerettek volna.<\/p>\n<p>A 90 perc ut\u00e1n T\u00f3th-M\u00e1t\u00e9 Imre azt mondta, f\u00e9lt a meccst\u0151l, mivel csapata f\u00e1radt volt a szerdai kupameccs miatt \u00e9s 3 kezd\u0151ember is hi\u00e1nyzott. Hozz\u00e1tette, hogy \u201cegy kicsit rossz felfog\u00e1sban j\u00e1tszottunk, m\u00e1r azt hitt\u00fck, minden papsajt. Az ellenf\u00e9l meg nagyon-nagyon motiv\u00e1lt volt, nagyon akarta a gy\u0151zelmet. V\u00e1ltozatos volt, lehetett volna ide is, oda is az eredm\u00e9ny, de most ez \u00edgy j\u00f6tt ki.\u201d<\/p>\n<p>Serd\u00fclt Tam\u00e1s, A F\u00f3t SE I. edz\u0151je a m\u00e9rk\u0151z\u00e9s ut\u00e1n ezeket mondta: \u201cEgy nagyon-nagyon j\u00f3 csapat ellen j\u00e1tszottunk \u2013 szervezetten, fegyelmezetten \u00e9s al\u00e1zatosan, ennek pedig az eredm\u00e9nye a gy\u0151zelem! Minden j\u00e1t\u00e9kosomnak sz\u00edvb\u0151l gratul\u00e1lok a mai teljes\u00edtm\u00e9ny\u00e9\u00e9rt! Haladunk a c\u00e9lunk (fels\u0151h\u00e1zi r\u00e1j\u00e1tsz\u00e1s) fel\u00e9.<\/p>\n<p><img loading=\"lazy\" decoding=\"async\" class=\"size-full wp-image-2122 aligncenter\" src=\"https:\/\/fotsportegyesulet.hu\/wp-content\/uploads\/2021\/04\/20210404_172203_HDR-585x439-1.jpg\" alt=\"\" width=\"585\" height=\"439\" srcset=\"https:\/\/fotsportegyesulet.hu\/wp-content\/uploads\/2021\/04\/20210404_172203_HDR-585x439-1.jpg 585w, https:\/\/fotsportegyesulet.hu\/wp-content\/uploads\/2021\/04\/20210404_172203_HDR-585x439-1-300x225.jpg 300w\" sizes=\"auto, (max-width: 585px) 100vw, 585px\" \/><\/p>\n<p>A f\u00f3tiak g\u00f3ljait\u00a0 Mikulka Gyula \u00e9s Krusinszki Csaba szerezt\u00e9k. Az izgalmas m\u00e9rk\u0151z\u00e9sen ak\u00e1r nagyobb ar\u00e1nyban is nyerhetett volna a hazai csapat \u2013 a 90. percben l\u0151tt tizenegyes\u00fcket a turai kapus kiv\u00e9dte. A bajnoks\u00e1gb\u00f3l m\u00e9g k\u00e9t m\u00e9rk\u0151z\u00e9s van \u2013 az utols\u00f3 \u00e9s val\u00f3sz\u00edn\u0171 \u201csorsd\u00f6nt\u0151\u201d \u00e1prilis 18-\u00e1n F\u00f3ton a Visegr\u00e1d ellen.<\/p>\n<p><img loading=\"lazy\" decoding=\"async\" class=\"size-full wp-image-2121 alignnone\" src=\"https:\/\/fotsportegyesulet.hu\/wp-content\/uploads\/2021\/04\/Mikulka-Gyula-es-Krusinszki-Csaba-1920x1440-1.jpg\" alt=\"\" width=\"1920\" height=\"1440\" srcset=\"https:\/\/fotsportegyesulet.hu\/wp-content\/uploads\/2021\/04\/Mikulka-Gyula-es-Krusinszki-Csaba-1920x1440-1.jpg 1920w, https:\/\/fotsportegyesulet.hu\/wp-content\/uploads\/2021\/04\/Mikulka-Gyula-es-Krusinszki-Csaba-1920x1440-1-300x225.jpg 300w, https:\/\/fotsportegyesulet.hu\/wp-content\/uploads\/2021\/04\/Mikulka-Gyula-es-Krusinszki-Csaba-1920x1440-1-1024x768.jpg 1024w, https:\/\/fotsportegyesulet.hu\/wp-content\/uploads\/2021\/04\/Mikulka-Gyula-es-Krusinszki-Csaba-1920x1440-1-768x576.jpg 768w, https:\/\/fotsportegyesulet.hu\/wp-content\/uploads\/2021\/04\/Mikulka-Gyula-es-Krusinszki-Csaba-1920x1440-1-1536x1152.jpg 1536w\" sizes=\"auto, (max-width: 1920px) 100vw, 1920px\" \/><\/p>\n<p>Forr\u00e1s: fotinfo.hu<\/p>\n\n\t\t<style type=\"text\/css\">\n\t\t\t#gallery-1 {\n\t\t\t\tmargin: auto;\n\t\t\t}\n\t\t\t#gallery-1 .gallery-item {\n\t\t\t\tfloat: left;\n\t\t\t\tmargin-top: 10px;\n\t\t\t\ttext-align: center;\n\t\t\t\twidth: 33%;\n\t\t\t}\n\t\t\t#gallery-1 img {\n\t\t\t\tborder: 2px solid #cfcfcf;\n\t\t\t}\n\t\t\t#gallery-1 .gallery-caption {\n\t\t\t\tmargin-left: 0;\n\t\t\t}\n\t\t\t\/* see gallery_shortcode() in wp-includes\/media.php *\/\n\t\t<\/style>\n\t\t<div id='gallery-1' class='gallery galleryid-2119 gallery-columns-3 gallery-size-thumbnail'><dl class='gallery-item'>\n\t\t\t<dt class='gallery-icon landscape'>\n\t\t\t\t<a href='https:\/\/fotsportegyesulet.hu\/index.php\/2021\/04\/05\/fot-se-i-tura-vsk-21-11\/tura-vse-585x439\/'><img loading=\"lazy\" decoding=\"async\" width=\"150\" height=\"150\" src=\"https:\/\/fotsportegyesulet.hu\/wp-content\/uploads\/2021\/04\/Tura-VSE-585x439-1-150x150.jpg\" class=\"attachment-thumbnail size-thumbnail\" alt=\"\" \/><\/a>\n\t\t\t<\/dt><\/dl><dl class='gallery-item'>\n\t\t\t<dt class='gallery-icon landscape'>\n\t\t\t\t<a href='https:\/\/fotsportegyesulet.hu\/index.php\/2021\/04\/05\/fot-se-i-tura-vsk-21-11\/dscf0038-585x439\/'><img loading=\"lazy\" decoding=\"async\" width=\"150\" height=\"150\" src=\"https:\/\/fotsportegyesulet.hu\/wp-content\/uploads\/2021\/04\/DSCF0038-585x439-1-150x150.jpg\" class=\"attachment-thumbnail size-thumbnail\" alt=\"\" \/><\/a>\n\t\t\t<\/dt><\/dl><dl class='gallery-item'>\n\t\t\t<dt class='gallery-icon landscape'>\n\t\t\t\t<a href='https:\/\/fotsportegyesulet.hu\/index.php\/2021\/04\/05\/fot-se-i-tura-vsk-21-11\/dscf0010-585x439\/'><img loading=\"lazy\" decoding=\"async\" width=\"150\" height=\"150\" src=\"https:\/\/fotsportegyesulet.hu\/wp-content\/uploads\/2021\/04\/DSCF0010-585x439-1-150x150.jpg\" class=\"attachment-thumbnail size-thumbnail\" alt=\"\" \/><\/a>\n\t\t\t<\/dt><\/dl><br style=\"clear: both\" \/><dl class='gallery-item'>\n\t\t\t<dt class='gallery-icon landscape'>\n\t\t\t\t<a href='https:\/\/fotsportegyesulet.hu\/index.php\/2021\/04\/05\/fot-se-i-tura-vsk-21-11\/20210404_173545_hdr-585x439\/'><img loading=\"lazy\" decoding=\"async\" width=\"150\" height=\"150\" src=\"https:\/\/fotsportegyesulet.hu\/wp-content\/uploads\/2021\/04\/20210404_173545_HDR-585x439-1-150x150.jpg\" class=\"attachment-thumbnail size-thumbnail\" alt=\"\" \/><\/a>\n\t\t\t<\/dt><\/dl><dl class='gallery-item'>\n\t\t\t<dt class='gallery-icon landscape'>\n\t\t\t\t<a href='https:\/\/fotsportegyesulet.hu\/index.php\/2021\/04\/05\/fot-se-i-tura-vsk-21-11\/20210404_172134_hdr-585x439\/'><img loading=\"lazy\" decoding=\"async\" width=\"150\" height=\"150\" src=\"https:\/\/fotsportegyesulet.hu\/wp-content\/uploads\/2021\/04\/20210404_172134_HDR-585x439-1-150x150.jpg\" class=\"attachment-thumbnail size-thumbnail\" alt=\"\" \/><\/a>\n\t\t\t<\/dt><\/dl><dl class='gallery-item'>\n\t\t\t<dt class='gallery-icon landscape'>\n\t\t\t\t<a href='https:\/\/fotsportegyesulet.hu\/index.php\/2021\/04\/05\/fot-se-i-tura-vsk-21-11\/20210404_160535-585x439\/'><img loading=\"lazy\" decoding=\"async\" width=\"150\" height=\"150\" src=\"https:\/\/fotsportegyesulet.hu\/wp-content\/uploads\/2021\/04\/20210404_160535-585x439-1-150x150.jpg\" class=\"attachment-thumbnail size-thumbnail\" alt=\"\" \/><\/a>\n\t\t\t<\/dt><\/dl><br style=\"clear: both\" \/><dl class='gallery-item'>\n\t\t\t<dt class='gallery-icon landscape'>\n\t\t\t\t<a href='https:\/\/fotsportegyesulet.hu\/index.php\/2021\/04\/05\/fot-se-i-tura-vsk-21-11\/20210404_172203_hdr-585x439\/'><img loading=\"lazy\" decoding=\"async\" width=\"150\" height=\"150\" src=\"https:\/\/fotsportegyesulet.hu\/wp-content\/uploads\/2021\/04\/20210404_172203_HDR-585x439-1-150x150.jpg\" class=\"attachment-thumbnail size-thumbnail\" alt=\"\" \/><\/a>\n\t\t\t<\/dt><\/dl><dl class='gallery-item'>\n\t\t\t<dt class='gallery-icon landscape'>\n\t\t\t\t<a href='https:\/\/fotsportegyesulet.hu\/index.php\/2021\/04\/05\/fot-se-i-tura-vsk-21-11\/dscf0008\/'><img loading=\"lazy\" decoding=\"async\" width=\"150\" height=\"150\" src=\"https:\/\/fotsportegyesulet.hu\/wp-content\/uploads\/2021\/04\/DSCF0008-150x150.jpg\" class=\"attachment-thumbnail size-thumbnail\" alt=\"\" srcset=\"https:\/\/fotsportegyesulet.hu\/wp-content\/uploads\/2021\/04\/DSCF0008-150x150.jpg 150w, https:\/\/fotsportegyesulet.hu\/wp-content\/uploads\/2021\/04\/DSCF0008-600x600.jpg 600w\" sizes=\"auto, (max-width: 150px) 100vw, 150px\" \/><\/a>\n\t\t\t<\/dt><\/dl>\n\t\t\t<br style='clear: both' \/>\n\t\t<\/div>\n\n","protected":false},"excerpt":{"rendered":"<p>Az izgalmas m\u00e9rk\u0151z\u00e9sen ak\u00e1r nagyobb ar\u00e1nyban is nyerhetett volna a F\u00f3t SE I. csapata. <\/p>\n","protected":false},"author":3,"featured_media":2124,"comment_status":"closed","ping_status":"open","sticky":false,"template":"","format":"standard","meta":{"_bbp_topic_count":0,"_bbp_reply_count":0,"_bbp_total_topic_count":0,"_bbp_total_reply_count":0,"_bbp_voice_count":0,"_bbp_anonymous_reply_count":0,"_bbp_topic_count_hidden":0,"_bbp_reply_count_hidden":0,"_bbp_forum_subforum_count":0,"_price":"","_stock":"","_tribe_ticket_header":"","_tribe_default_ticket_provider":"","_ticket_start_date":"","_ticket_end_date":"","_tribe_ticket_show_description":"","_tribe_ticket_show_not_going":false,"_tribe_ticket_use_global_stock":"","_tribe_ticket_global_stock_level":"","_global_stock_mode":"","_global_stock_cap":"","_tribe_rsvp_for_event":"","_tribe_ticket_going_count":"","_tribe_ticket_not_going_count":"","_tribe_tickets_list":"[]","_tribe_ticket_has_attendee_info_fields":false,"footnotes":""},"categories":[1,69],"tags":[89,94],"class_list":["post-2119","post","type-post","status-publish","format-standard","has-post-thumbnail","hentry","category-hirek","category-labdarugas_felnott","tag-labdarugas","tag-megyei-bajnoksag"],"yoast_head":"<!-- This site is optimized with the Yoast SEO plugin v25.7 - https:\/\/yoast.com\/wordpress\/plugins\/seo\/ -->\n<title>F\u00f3t SE I. \u2013 Tura VSK 2:1 (1:1) - F\u00d3T SPORTEGYES\u00dcLET<\/title>\n<meta name=\"robots\" content=\"index, follow, max-snippet:-1, max-image-preview:large, max-video-preview:-1\" \/>\n<link rel=\"canonical\" href=\"https:\/\/fotsportegyesulet.hu\/index.php\/2021\/04\/05\/fot-se-i-tura-vsk-21-11\/\" \/>\n<meta property=\"og:locale\" content=\"hu_HU\" \/>\n<meta property=\"og:type\" content=\"article\" \/>\n<meta property=\"og:title\" content=\"F\u00f3t SE I. \u2013 Tura VSK 2:1 (1:1) - F\u00d3T SPORTEGYES\u00dcLET\" \/>\n<meta property=\"og:description\" content=\"Az izgalmas m\u00e9rk\u0151z\u00e9sen ak\u00e1r nagyobb ar\u00e1nyban is nyerhetett volna a F\u00f3t SE I. csapata.\" \/>\n<meta property=\"og:url\" content=\"https:\/\/fotsportegyesulet.hu\/index.php\/2021\/04\/05\/fot-se-i-tura-vsk-21-11\/\" \/>\n<meta property=\"og:site_name\" content=\"F\u00d3T SPORTEGYES\u00dcLET\" \/>\n<meta property=\"article:publisher\" content=\"https:\/\/www.facebook.com\/fotsportegyesulet\/\" \/>\n<meta property=\"article:published_time\" content=\"2021-04-05T10:34:22+00:00\" \/>\n<meta property=\"article:modified_time\" content=\"2021-04-05T10:37:27+00:00\" \/>\n<meta property=\"og:image\" content=\"https:\/\/fotsportegyesulet.hu\/wp-content\/uploads\/2021\/04\/Kiemelt-kep-Fot-vs-Tura.jpg\" \/>\n\t<meta property=\"og:image:width\" content=\"955\" \/>\n\t<meta property=\"og:image:height\" content=\"455\" \/>\n\t<meta property=\"og:image:type\" content=\"image\/jpeg\" \/>\n<meta name=\"author\" content=\"F\u00f3t SE\" \/>\n<meta name=\"twitter:card\" content=\"summary_large_image\" \/>\n<meta name=\"twitter:label1\" content=\"Szerz\u0151:\" \/>\n\t<meta name=\"twitter:data1\" content=\"F\u00f3t SE\" \/>\n\t<meta name=\"twitter:label2\" content=\"Becs\u00fclt olvas\u00e1si id\u0151\" \/>\n\t<meta name=\"twitter:data2\" content=\"2 perc\" \/>\n<script type=\"application\/ld+json\" class=\"yoast-schema-graph\">{\"@context\":\"https:\/\/schema.org\",\"@graph\":[{\"@type\":\"Article\",\"@id\":\"https:\/\/fotsportegyesulet.hu\/index.php\/2021\/04\/05\/fot-se-i-tura-vsk-21-11\/#article\",\"isPartOf\":{\"@id\":\"https:\/\/fotsportegyesulet.hu\/index.php\/2021\/04\/05\/fot-se-i-tura-vsk-21-11\/\"},\"author\":{\"name\":\"F\u00f3t SE\",\"@id\":\"https:\/\/fotsportegyesulet.hu\/#\/schema\/person\/8750ccb3a5183172b75dcc348ffbdbb1\"},\"headline\":\"F\u00f3t SE I. \u2013 Tura VSK 2:1 (1:1)\",\"datePublished\":\"2021-04-05T10:34:22+00:00\",\"dateModified\":\"2021-04-05T10:37:27+00:00\",\"mainEntityOfPage\":{\"@id\":\"https:\/\/fotsportegyesulet.hu\/index.php\/2021\/04\/05\/fot-se-i-tura-vsk-21-11\/\"},\"wordCount\":348,\"publisher\":{\"@id\":\"https:\/\/fotsportegyesulet.hu\/#organization\"},\"image\":{\"@id\":\"https:\/\/fotsportegyesulet.hu\/index.php\/2021\/04\/05\/fot-se-i-tura-vsk-21-11\/#primaryimage\"},\"thumbnailUrl\":\"https:\/\/fotsportegyesulet.hu\/wp-content\/uploads\/2021\/04\/Kiemelt-kep-Fot-vs-Tura.jpg\",\"keywords\":[\"labdar\u00fag\u00e1s\",\"megyei bajnoks\u00e1g\"],\"articleSection\":[\"H\u00edrek\",\"Labdar\u00fag\u00e1s (feln\u0151tt)\"],\"inLanguage\":\"hu\"},{\"@type\":\"WebPage\",\"@id\":\"https:\/\/fotsportegyesulet.hu\/index.php\/2021\/04\/05\/fot-se-i-tura-vsk-21-11\/\",\"url\":\"https:\/\/fotsportegyesulet.hu\/index.php\/2021\/04\/05\/fot-se-i-tura-vsk-21-11\/\",\"name\":\"F\u00f3t SE I. \u2013 Tura VSK 2:1 (1:1) - F\u00d3T SPORTEGYES\u00dcLET\",\"isPartOf\":{\"@id\":\"https:\/\/fotsportegyesulet.hu\/#website\"},\"primaryImageOfPage\":{\"@id\":\"https:\/\/fotsportegyesulet.hu\/index.php\/2021\/04\/05\/fot-se-i-tura-vsk-21-11\/#primaryimage\"},\"image\":{\"@id\":\"https:\/\/fotsportegyesulet.hu\/index.php\/2021\/04\/05\/fot-se-i-tura-vsk-21-11\/#primaryimage\"},\"thumbnailUrl\":\"https:\/\/fotsportegyesulet.hu\/wp-content\/uploads\/2021\/04\/Kiemelt-kep-Fot-vs-Tura.jpg\",\"datePublished\":\"2021-04-05T10:34:22+00:00\",\"dateModified\":\"2021-04-05T10:37:27+00:00\",\"breadcrumb\":{\"@id\":\"https:\/\/fotsportegyesulet.hu\/index.php\/2021\/04\/05\/fot-se-i-tura-vsk-21-11\/#breadcrumb\"},\"inLanguage\":\"hu\",\"potentialAction\":[{\"@type\":\"ReadAction\",\"target\":[\"https:\/\/fotsportegyesulet.hu\/index.php\/2021\/04\/05\/fot-se-i-tura-vsk-21-11\/\"]}]},{\"@type\":\"ImageObject\",\"inLanguage\":\"hu\",\"@id\":\"https:\/\/fotsportegyesulet.hu\/index.php\/2021\/04\/05\/fot-se-i-tura-vsk-21-11\/#primaryimage\",\"url\":\"https:\/\/fotsportegyesulet.hu\/wp-content\/uploads\/2021\/04\/Kiemelt-kep-Fot-vs-Tura.jpg\",\"contentUrl\":\"https:\/\/fotsportegyesulet.hu\/wp-content\/uploads\/2021\/04\/Kiemelt-kep-Fot-vs-Tura.jpg\",\"width\":955,\"height\":455},{\"@type\":\"BreadcrumbList\",\"@id\":\"https:\/\/fotsportegyesulet.hu\/index.php\/2021\/04\/05\/fot-se-i-tura-vsk-21-11\/#breadcrumb\",\"itemListElement\":[{\"@type\":\"ListItem\",\"position\":1,\"name\":\"Kezd\u0151lap\",\"item\":\"https:\/\/fotsportegyesulet.hu\/\"},{\"@type\":\"ListItem\",\"position\":2,\"name\":\"F\u00f3t SE I. \u2013 Tura VSK 2:1 (1:1)\"}]},{\"@type\":\"WebSite\",\"@id\":\"https:\/\/fotsportegyesulet.hu\/#website\",\"url\":\"https:\/\/fotsportegyesulet.hu\/\",\"name\":\"F\u00d3T SPORTEGYES\u00dcLET\",\"description\":\"\",\"publisher\":{\"@id\":\"https:\/\/fotsportegyesulet.hu\/#organization\"},\"potentialAction\":[{\"@type\":\"SearchAction\",\"target\":{\"@type\":\"EntryPoint\",\"urlTemplate\":\"https:\/\/fotsportegyesulet.hu\/?s={search_term_string}\"},\"query-input\":{\"@type\":\"PropertyValueSpecification\",\"valueRequired\":true,\"valueName\":\"search_term_string\"}}],\"inLanguage\":\"hu\"},{\"@type\":\"Organization\",\"@id\":\"https:\/\/fotsportegyesulet.hu\/#organization\",\"name\":\"F\u00f3t Sportegyes\u00fclet\",\"url\":\"https:\/\/fotsportegyesulet.hu\/\",\"logo\":{\"@type\":\"ImageObject\",\"inLanguage\":\"hu\",\"@id\":\"https:\/\/fotsportegyesulet.hu\/#\/schema\/logo\/image\/\",\"url\":\"https:\/\/fotsportegyesulet.hu\/wp-content\/uploads\/2020\/07\/eredeti-sz\u00ednes-vektoros-Fot-cimer-3.png\",\"contentUrl\":\"https:\/\/fotsportegyesulet.hu\/wp-content\/uploads\/2020\/07\/eredeti-sz\u00ednes-vektoros-Fot-cimer-3.png\",\"width\":500,\"height\":500,\"caption\":\"F\u00f3t Sportegyes\u00fclet\"},\"image\":{\"@id\":\"https:\/\/fotsportegyesulet.hu\/#\/schema\/logo\/image\/\"},\"sameAs\":[\"https:\/\/www.facebook.com\/fotsportegyesulet\/\"]},{\"@type\":\"Person\",\"@id\":\"https:\/\/fotsportegyesulet.hu\/#\/schema\/person\/8750ccb3a5183172b75dcc348ffbdbb1\",\"name\":\"F\u00f3t SE\",\"image\":{\"@type\":\"ImageObject\",\"inLanguage\":\"hu\",\"@id\":\"https:\/\/fotsportegyesulet.hu\/#\/schema\/person\/image\/\",\"url\":\"https:\/\/secure.gravatar.com\/avatar\/2f768bb7a490a49aeb2ccaf4bacc94391bbafd4b6aa54eb6f9318ffc80d81dad?s=96&d=mm&r=g\",\"contentUrl\":\"https:\/\/secure.gravatar.com\/avatar\/2f768bb7a490a49aeb2ccaf4bacc94391bbafd4b6aa54eb6f9318ffc80d81dad?s=96&d=mm&r=g\",\"caption\":\"F\u00f3t SE\"},\"sameAs\":[\"http:\/\/fotsportegyesulet.hu\"],\"url\":\"https:\/\/fotsportegyesulet.hu\/index.php\/author\/kapitany-zoltan\/\"}]}<\/script>\n<!-- \/ Yoast SEO plugin. -->","yoast_head_json":{"title":"F\u00f3t SE I. \u2013 Tura VSK 2:1 (1:1) - F\u00d3T SPORTEGYES\u00dcLET","robots":{"index":"index","follow":"follow","max-snippet":"max-snippet:-1","max-image-preview":"max-image-preview:large","max-video-preview":"max-video-preview:-1"},"canonical":"https:\/\/fotsportegyesulet.hu\/index.php\/2021\/04\/05\/fot-se-i-tura-vsk-21-11\/","og_locale":"hu_HU","og_type":"article","og_title":"F\u00f3t SE I. \u2013 Tura VSK 2:1 (1:1) - F\u00d3T SPORTEGYES\u00dcLET","og_description":"Az izgalmas m\u00e9rk\u0151z\u00e9sen ak\u00e1r nagyobb ar\u00e1nyban is nyerhetett volna a F\u00f3t SE I. csapata.","og_url":"https:\/\/fotsportegyesulet.hu\/index.php\/2021\/04\/05\/fot-se-i-tura-vsk-21-11\/","og_site_name":"F\u00d3T SPORTEGYES\u00dcLET","article_publisher":"https:\/\/www.facebook.com\/fotsportegyesulet\/","article_published_time":"2021-04-05T10:34:22+00:00","article_modified_time":"2021-04-05T10:37:27+00:00","og_image":[{"width":955,"height":455,"url":"https:\/\/fotsportegyesulet.hu\/wp-content\/uploads\/2021\/04\/Kiemelt-kep-Fot-vs-Tura.jpg","type":"image\/jpeg"}],"author":"F\u00f3t SE","twitter_card":"summary_large_image","twitter_misc":{"Szerz\u0151:":"F\u00f3t SE","Becs\u00fclt olvas\u00e1si id\u0151":"2 perc"},"schema":{"@context":"https:\/\/schema.org","@graph":[{"@type":"Article","@id":"https:\/\/fotsportegyesulet.hu\/index.php\/2021\/04\/05\/fot-se-i-tura-vsk-21-11\/#article","isPartOf":{"@id":"https:\/\/fotsportegyesulet.hu\/index.php\/2021\/04\/05\/fot-se-i-tura-vsk-21-11\/"},"author":{"name":"F\u00f3t SE","@id":"https:\/\/fotsportegyesulet.hu\/#\/schema\/person\/8750ccb3a5183172b75dcc348ffbdbb1"},"headline":"F\u00f3t SE I. \u2013 Tura VSK 2:1 (1:1)","datePublished":"2021-04-05T10:34:22+00:00","dateModified":"2021-04-05T10:37:27+00:00","mainEntityOfPage":{"@id":"https:\/\/fotsportegyesulet.hu\/index.php\/2021\/04\/05\/fot-se-i-tura-vsk-21-11\/"},"wordCount":348,"publisher":{"@id":"https:\/\/fotsportegyesulet.hu\/#organization"},"image":{"@id":"https:\/\/fotsportegyesulet.hu\/index.php\/2021\/04\/05\/fot-se-i-tura-vsk-21-11\/#primaryimage"},"thumbnailUrl":"https:\/\/fotsportegyesulet.hu\/wp-content\/uploads\/2021\/04\/Kiemelt-kep-Fot-vs-Tura.jpg","keywords":["labdar\u00fag\u00e1s","megyei bajnoks\u00e1g"],"articleSection":["H\u00edrek","Labdar\u00fag\u00e1s (feln\u0151tt)"],"inLanguage":"hu"},{"@type":"WebPage","@id":"https:\/\/fotsportegyesulet.hu\/index.php\/2021\/04\/05\/fot-se-i-tura-vsk-21-11\/","url":"https:\/\/fotsportegyesulet.hu\/index.php\/2021\/04\/05\/fot-se-i-tura-vsk-21-11\/","name":"F\u00f3t SE I. \u2013 Tura VSK 2:1 (1:1) - F\u00d3T SPORTEGYES\u00dcLET","isPartOf":{"@id":"https:\/\/fotsportegyesulet.hu\/#website"},"primaryImageOfPage":{"@id":"https:\/\/fotsportegyesulet.hu\/index.php\/2021\/04\/05\/fot-se-i-tura-vsk-21-11\/#primaryimage"},"image":{"@id":"https:\/\/fotsportegyesulet.hu\/index.php\/2021\/04\/05\/fot-se-i-tura-vsk-21-11\/#primaryimage"},"thumbnailUrl":"https:\/\/fotsportegyesulet.hu\/wp-content\/uploads\/2021\/04\/Kiemelt-kep-Fot-vs-Tura.jpg","datePublished":"2021-04-05T10:34:22+00:00","dateModified":"2021-04-05T10:37:27+00:00","breadcrumb":{"@id":"https:\/\/fotsportegyesulet.hu\/index.php\/2021\/04\/05\/fot-se-i-tura-vsk-21-11\/#breadcrumb"},"inLanguage":"hu","potentialAction":[{"@type":"ReadAction","target":["https:\/\/fotsportegyesulet.hu\/index.php\/2021\/04\/05\/fot-se-i-tura-vsk-21-11\/"]}]},{"@type":"ImageObject","inLanguage":"hu","@id":"https:\/\/fotsportegyesulet.hu\/index.php\/2021\/04\/05\/fot-se-i-tura-vsk-21-11\/#primaryimage","url":"https:\/\/fotsportegyesulet.hu\/wp-content\/uploads\/2021\/04\/Kiemelt-kep-Fot-vs-Tura.jpg","contentUrl":"https:\/\/fotsportegyesulet.hu\/wp-content\/uploads\/2021\/04\/Kiemelt-kep-Fot-vs-Tura.jpg","width":955,"height":455},{"@type":"BreadcrumbList","@id":"https:\/\/fotsportegyesulet.hu\/index.php\/2021\/04\/05\/fot-se-i-tura-vsk-21-11\/#breadcrumb","itemListElement":[{"@type":"ListItem","position":1,"name":"Kezd\u0151lap","item":"https:\/\/fotsportegyesulet.hu\/"},{"@type":"ListItem","position":2,"name":"F\u00f3t SE I. \u2013 Tura VSK 2:1 (1:1)"}]},{"@type":"WebSite","@id":"https:\/\/fotsportegyesulet.hu\/#website","url":"https:\/\/fotsportegyesulet.hu\/","name":"F\u00d3T SPORTEGYES\u00dcLET","description":"","publisher":{"@id":"https:\/\/fotsportegyesulet.hu\/#organization"},"potentialAction":[{"@type":"SearchAction","target":{"@type":"EntryPoint","urlTemplate":"https:\/\/fotsportegyesulet.hu\/?s={search_term_string}"},"query-input":{"@type":"PropertyValueSpecification","valueRequired":true,"valueName":"search_term_string"}}],"inLanguage":"hu"},{"@type":"Organization","@id":"https:\/\/fotsportegyesulet.hu\/#organization","name":"F\u00f3t Sportegyes\u00fclet","url":"https:\/\/fotsportegyesulet.hu\/","logo":{"@type":"ImageObject","inLanguage":"hu","@id":"https:\/\/fotsportegyesulet.hu\/#\/schema\/logo\/image\/","url":"https:\/\/fotsportegyesulet.hu\/wp-content\/uploads\/2020\/07\/eredeti-sz\u00ednes-vektoros-Fot-cimer-3.png","contentUrl":"https:\/\/fotsportegyesulet.hu\/wp-content\/uploads\/2020\/07\/eredeti-sz\u00ednes-vektoros-Fot-cimer-3.png","width":500,"height":500,"caption":"F\u00f3t Sportegyes\u00fclet"},"image":{"@id":"https:\/\/fotsportegyesulet.hu\/#\/schema\/logo\/image\/"},"sameAs":["https:\/\/www.facebook.com\/fotsportegyesulet\/"]},{"@type":"Person","@id":"https:\/\/fotsportegyesulet.hu\/#\/schema\/person\/8750ccb3a5183172b75dcc348ffbdbb1","name":"F\u00f3t SE","image":{"@type":"ImageObject","inLanguage":"hu","@id":"https:\/\/fotsportegyesulet.hu\/#\/schema\/person\/image\/","url":"https:\/\/secure.gravatar.com\/avatar\/2f768bb7a490a49aeb2ccaf4bacc94391bbafd4b6aa54eb6f9318ffc80d81dad?s=96&d=mm&r=g","contentUrl":"https:\/\/secure.gravatar.com\/avatar\/2f768bb7a490a49aeb2ccaf4bacc94391bbafd4b6aa54eb6f9318ffc80d81dad?s=96&d=mm&r=g","caption":"F\u00f3t SE"},"sameAs":["http:\/\/fotsportegyesulet.hu"],"url":"https:\/\/fotsportegyesulet.hu\/index.php\/author\/kapitany-zoltan\/"}]}},"_links":{"self":[{"href":"https:\/\/fotsportegyesulet.hu\/index.php\/wp-json\/wp\/v2\/posts\/2119","targetHints":{"allow":["GET"]}}],"collection":[{"href":"https:\/\/fotsportegyesulet.hu\/index.php\/wp-json\/wp\/v2\/posts"}],"about":[{"href":"https:\/\/fotsportegyesulet.hu\/index.php\/wp-json\/wp\/v2\/types\/post"}],"author":[{"embeddable":true,"href":"https:\/\/fotsportegyesulet.hu\/index.php\/wp-json\/wp\/v2\/users\/3"}],"replies":[{"embeddable":true,"href":"https:\/\/fotsportegyesulet.hu\/index.php\/wp-json\/wp\/v2\/comments?post=2119"}],"version-history":[{"count":9,"href":"https:\/\/fotsportegyesulet.hu\/index.php\/wp-json\/wp\/v2\/posts\/2119\/revisions"}],"predecessor-version":[{"id":2140,"href":"https:\/\/fotsportegyesulet.hu\/index.php\/wp-json\/wp\/v2\/posts\/2119\/revisions\/2140"}],"wp:featuredmedia":[{"embeddable":true,"href":"https:\/\/fotsportegyesulet.hu\/index.php\/wp-json\/wp\/v2\/media\/2124"}],"wp:attachment":[{"href":"https:\/\/fotsportegyesulet.hu\/index.php\/wp-json\/wp\/v2\/media?parent=2119"}],"wp:term":[{"taxonomy":"category","embeddable":true,"href":"https:\/\/fotsportegyesulet.hu\/index.php\/wp-json\/wp\/v2\/categories?post=2119"},{"taxonomy":"post_tag","embeddable":true,"href":"https:\/\/fotsportegyesulet.hu\/index.php\/wp-json\/wp\/v2\/tags?post=2119"}],"curies":[{"name":"wp","href":"https:\/\/api.w.org\/{rel}","templated":true}]}}