{"id":2105,"date":"2021-03-31T19:59:33","date_gmt":"2021-03-31T17:59:33","guid":{"rendered":"https:\/\/fotsportegyesulet.hu\/?p=2105"},"modified":"2021-03-31T20:02:39","modified_gmt":"2021-03-31T18:02:39","slug":"izig-verig-sportolo-halaszy-gabor","status":"publish","type":"post","link":"https:\/\/fotsportegyesulet.hu\/index.php\/2021\/03\/31\/izig-verig-sportolo-halaszy-gabor\/","title":{"rendered":"\u00cdzig-v\u00e9rig sportol\u00f3: Hal\u00e1szy G\u00e1bor"},"content":{"rendered":"<p><strong><img loading=\"lazy\" decoding=\"async\" class=\"size-full wp-image-2107 aligncenter\" src=\"https:\/\/fotsportegyesulet.hu\/wp-content\/uploads\/2021\/03\/Halaszy-Gabor_jo-meret.jpg\" alt=\"\" width=\"955\" height=\"455\" srcset=\"https:\/\/fotsportegyesulet.hu\/wp-content\/uploads\/2021\/03\/Halaszy-Gabor_jo-meret.jpg 955w, https:\/\/fotsportegyesulet.hu\/wp-content\/uploads\/2021\/03\/Halaszy-Gabor_jo-meret-300x143.jpg 300w, https:\/\/fotsportegyesulet.hu\/wp-content\/uploads\/2021\/03\/Halaszy-Gabor_jo-meret-768x366.jpg 768w\" sizes=\"auto, (max-width: 955px) 100vw, 955px\" \/>Akit szeretn\u00e9nk most bemutatni, nem m\u00e1s, mint a 61 \u00e9ves\u00a0 Hal\u00e1szy G\u00e1bor, aki 8-9 \u00e9ve kezdett el \u00fajb\u00f3l akt\u00edvan futni.<\/strong> <strong>Fiatalk\u00e9nt 10 \u00e9vig karat\u00e9zott, de egy s\u00e9r\u00fcl\u00e9s miatt 25 \u00e9vre abbahagyta a sportol\u00e1st.\u00a0<\/strong><\/p>\n<p>Gyorsan j\u00f6ttek fel r\u00e1 a kil\u00f3k, v\u00e9g\u00fcl a szadai szomsz\u00e9djai vett\u00e9k r\u00e1 a fut\u00e1sra. B\u00e1r kor\u00e1bban a karate mellett futott is -maratont, f\u00e9lmaratont -, f\u00e9lt, hogy a t\u00e9rde nem b\u00edrja. Eleinte val\u00f3ban nagyon k\u00ednkeserves volt, de m\u00e1sf\u00e9l \u00e9v m\u00falva m\u00e1r \u00fajra versenyzett f\u00e9lmaratonon. Mivel t\u00fal j\u00f3 eredm\u00e9nyt nem \u00e9rt el, r\u00e1j\u00f6tt, hogy val\u00f3sz\u00edn\u0171leg gyenge hozz\u00e1, nem megfelel\u0151 az izomzata \u2013 ahogy \u0151 fogalmazott.<\/p>\n<p>\u00c1t\u00e1llt a r\u00f6videbb t\u00e1vokra, 10-5-3 kilom\u00e9teresekre. Itt sem j\u00f6ttek azonnal az eredm\u00e9nyek, b\u00e1r indult p\u00e9ld\u00e1ul t\u00f6bb utcai fut\u00f3versenyen; a Vivicitt\u00e1n, a Futapesten r\u00f6videbb t\u00e1vokon.<\/p>\n<p><img loading=\"lazy\" decoding=\"async\" class=\"size-full wp-image-2109 alignnone\" src=\"https:\/\/fotsportegyesulet.hu\/wp-content\/uploads\/2021\/03\/20210323_111301_HDR.jpg\" alt=\"\" width=\"1600\" height=\"1200\" srcset=\"https:\/\/fotsportegyesulet.hu\/wp-content\/uploads\/2021\/03\/20210323_111301_HDR.jpg 1600w, https:\/\/fotsportegyesulet.hu\/wp-content\/uploads\/2021\/03\/20210323_111301_HDR-300x225.jpg 300w, https:\/\/fotsportegyesulet.hu\/wp-content\/uploads\/2021\/03\/20210323_111301_HDR-1024x768.jpg 1024w, https:\/\/fotsportegyesulet.hu\/wp-content\/uploads\/2021\/03\/20210323_111301_HDR-768x576.jpg 768w, https:\/\/fotsportegyesulet.hu\/wp-content\/uploads\/2021\/03\/20210323_111301_HDR-1536x1152.jpg 1536w\" sizes=\"auto, (max-width: 1600px) 100vw, 1600px\" \/><\/p>\n<p>K\u00f6r\u00fclbel\u00fcl k\u00e9t \u00e9s f\u00e9l \u00e9ve \u2013 mivel szerette volna, ha van eredm\u00e9nye is -, jelentkezett a Plandurance Edzetts\u00e9gfejleszt\u0151 M\u0171helybe. Itt Nagy Mariann lett a t\u00e1vedz\u0151je, interneten kereszt\u00fcl. Egy \u00e9v ut\u00e1n j\u00f6ttek az els\u0151 sikerek. A Kolonits Eml\u00e9kfut\u00e1son k\u00e9t kilom\u00e9teren 7. lett, a v\u00e1ci fut\u00f3versenyen 10. lett abszol\u00fatban, ami nem kis teljes\u00edtm\u00e9ny ebben a korban. K\u00e9s\u0151bb szenior bajnoks\u00e1gokon indult, \u00e9s fedettp\u00e1ly\u00e1n 3000 m\u00e9teren az 55-60 \u00e9vesek koroszt\u00e1ly\u00e1ban 59 \u00e9vesen 3. lett. Tavaly szeptember 6-\u00e1n a 60 feletti koroszt\u00e1lyban 4. helyez\u00e9st \u00e9rt el szabadt\u00e9ren hasonl\u00f3 t\u00e1von, majd koroszt\u00e1lyos Futapest terepversenyt is nyert.<\/p>\n<p>A civilben f\u00f6ldm\u00e9r\u0151 \u00e9s c\u00e9gtulajdonos sportol\u00f3 k\u00e9sz\u00fcl a k\u00f6vetkez\u0151 versenyekre, hetente \u00f6tsz\u00f6r t\u00edz kilom\u00e9tert fut ( hetente egyszer a Balogh S\u00e1ndor Sportcentrumban, a t\u00f6bbi napokon Szad\u00e1n) \u00e9s h\u00e1rom er\u0151s\u00edt\u0151 edz\u00e9st is tart.<\/p>\n<p>G\u00e1bor a F\u00f3t SE sportol\u00f3ja,\u00a0 az egyes\u00fcleti tags\u00e1g a versenyeken val\u00f3 indul\u00e1s felt\u00e9tele,\u00a0 de edz\u00e9seit \u00f6n\u00e1ll\u00f3an v\u00e9gzi.<\/p>\n<p><img loading=\"lazy\" decoding=\"async\" class=\"size-full wp-image-2108 alignnone\" src=\"https:\/\/fotsportegyesulet.hu\/wp-content\/uploads\/2021\/03\/20210323_110920.jpg\" alt=\"\" width=\"1600\" height=\"1200\" srcset=\"https:\/\/fotsportegyesulet.hu\/wp-content\/uploads\/2021\/03\/20210323_110920.jpg 1600w, https:\/\/fotsportegyesulet.hu\/wp-content\/uploads\/2021\/03\/20210323_110920-300x225.jpg 300w, https:\/\/fotsportegyesulet.hu\/wp-content\/uploads\/2021\/03\/20210323_110920-1024x768.jpg 1024w, https:\/\/fotsportegyesulet.hu\/wp-content\/uploads\/2021\/03\/20210323_110920-768x576.jpg 768w, https:\/\/fotsportegyesulet.hu\/wp-content\/uploads\/2021\/03\/20210323_110920-1536x1152.jpg 1536w\" sizes=\"auto, (max-width: 1600px) 100vw, 1600px\" \/><\/p>\n<p>Az \u00c9v sportol\u00f3ja-d\u00edjra jel\u00f6l\u0151 F\u00f3t SE eln\u00f6ke, Kapit\u00e1ny Zolt\u00e1n elmondta, hogy nagyon b\u00fcszk\u00e9k G\u00e1bor teljes\u00edtm\u00e9ny\u00e9re, az atl\u00e9t\u00e1ik is p\u00e9ldak\u00e9pnek tartj\u00e1k.<\/p>\n<p>Sok sikert k\u00edv\u00e1nunk G\u00e1bornak a j\u00f6v\u0151beni versenyeihez!<\/p>\n<p>Szeretettel v\u00e1runk minden sportolni v\u00e1gy\u00f3 gyereket \u00e9s feln\u0151ttet is, akik szeretn\u00e9k megismerni a fut\u00e1s sz\u00e9ps\u00e9geit.<\/p>\n<p>El\u00e9rhet\u0151s\u00e9g: Kapit\u00e1ny Zolt\u00e1n +36 20 932 0655<\/p>\n<p>Forr\u00e1s, fot\u00f3: fotinfo.hu<\/p>\n<p>&nbsp;<\/p>\n","protected":false},"excerpt":{"rendered":"<p>Akit szeretn\u00e9nk most bemutatni, nem m\u00e1s, mint a 61 \u00e9ves\u00a0 Hal\u00e1szy G\u00e1bor, aki akt\u00edvan fut.<\/p>\n","protected":false},"author":3,"featured_media":2107,"comment_status":"closed","ping_status":"open","sticky":false,"template":"","format":"standard","meta":{"_bbp_topic_count":0,"_bbp_reply_count":0,"_bbp_total_topic_count":0,"_bbp_total_reply_count":0,"_bbp_voice_count":0,"_bbp_anonymous_reply_count":0,"_bbp_topic_count_hidden":0,"_bbp_reply_count_hidden":0,"_bbp_forum_subforum_count":0,"_price":"","_stock":"","_tribe_ticket_header":"","_tribe_default_ticket_provider":"","_ticket_start_date":"","_ticket_end_date":"","_tribe_ticket_show_description":"","_tribe_ticket_show_not_going":false,"_tribe_ticket_use_global_stock":"","_tribe_ticket_global_stock_level":"","_global_stock_mode":"","_global_stock_cap":"","_tribe_rsvp_for_event":"","_tribe_ticket_going_count":"","_tribe_ticket_not_going_count":"","_tribe_tickets_list":"[]","_tribe_ticket_has_attendee_info_fields":false,"footnotes":""},"categories":[54,1],"tags":[],"class_list":["post-2105","post","type-post","status-publish","format-standard","has-post-thumbnail","hentry","category-atletika","category-hirek"],"yoast_head":"<!-- This site is optimized with the Yoast SEO plugin v25.7 - https:\/\/yoast.com\/wordpress\/plugins\/seo\/ -->\n<title>\u00cdzig-v\u00e9rig sportol\u00f3: Hal\u00e1szy G\u00e1bor - F\u00d3T SPORTEGYES\u00dcLET<\/title>\n<meta name=\"robots\" content=\"index, follow, max-snippet:-1, max-image-preview:large, max-video-preview:-1\" \/>\n<link rel=\"canonical\" href=\"https:\/\/fotsportegyesulet.hu\/index.php\/2021\/03\/31\/izig-verig-sportolo-halaszy-gabor\/\" \/>\n<meta property=\"og:locale\" content=\"hu_HU\" \/>\n<meta property=\"og:type\" content=\"article\" \/>\n<meta property=\"og:title\" content=\"\u00cdzig-v\u00e9rig sportol\u00f3: Hal\u00e1szy G\u00e1bor - F\u00d3T SPORTEGYES\u00dcLET\" \/>\n<meta property=\"og:description\" content=\"Akit szeretn\u00e9nk most bemutatni, nem m\u00e1s, mint a 61 \u00e9ves\u00a0 Hal\u00e1szy G\u00e1bor, aki akt\u00edvan fut.\" \/>\n<meta property=\"og:url\" content=\"https:\/\/fotsportegyesulet.hu\/index.php\/2021\/03\/31\/izig-verig-sportolo-halaszy-gabor\/\" \/>\n<meta property=\"og:site_name\" content=\"F\u00d3T SPORTEGYES\u00dcLET\" \/>\n<meta property=\"article:publisher\" content=\"https:\/\/www.facebook.com\/fotsportegyesulet\/\" \/>\n<meta property=\"article:published_time\" content=\"2021-03-31T17:59:33+00:00\" \/>\n<meta property=\"article:modified_time\" content=\"2021-03-31T18:02:39+00:00\" \/>\n<meta property=\"og:image\" content=\"https:\/\/fotsportegyesulet.hu\/wp-content\/uploads\/2021\/03\/Halaszy-Gabor_jo-meret.jpg\" \/>\n\t<meta property=\"og:image:width\" content=\"955\" \/>\n\t<meta property=\"og:image:height\" content=\"455\" \/>\n\t<meta property=\"og:image:type\" content=\"image\/jpeg\" \/>\n<meta name=\"author\" content=\"F\u00f3t SE\" \/>\n<meta name=\"twitter:card\" content=\"summary_large_image\" \/>\n<meta name=\"twitter:label1\" content=\"Szerz\u0151:\" \/>\n\t<meta name=\"twitter:data1\" content=\"F\u00f3t SE\" \/>\n\t<meta name=\"twitter:label2\" content=\"Becs\u00fclt olvas\u00e1si id\u0151\" \/>\n\t<meta name=\"twitter:data2\" content=\"2 perc\" \/>\n<script type=\"application\/ld+json\" class=\"yoast-schema-graph\">{\"@context\":\"https:\/\/schema.org\",\"@graph\":[{\"@type\":\"Article\",\"@id\":\"https:\/\/fotsportegyesulet.hu\/index.php\/2021\/03\/31\/izig-verig-sportolo-halaszy-gabor\/#article\",\"isPartOf\":{\"@id\":\"https:\/\/fotsportegyesulet.hu\/index.php\/2021\/03\/31\/izig-verig-sportolo-halaszy-gabor\/\"},\"author\":{\"name\":\"F\u00f3t SE\",\"@id\":\"https:\/\/fotsportegyesulet.hu\/#\/schema\/person\/8750ccb3a5183172b75dcc348ffbdbb1\"},\"headline\":\"\u00cdzig-v\u00e9rig sportol\u00f3: Hal\u00e1szy G\u00e1bor\",\"datePublished\":\"2021-03-31T17:59:33+00:00\",\"dateModified\":\"2021-03-31T18:02:39+00:00\",\"mainEntityOfPage\":{\"@id\":\"https:\/\/fotsportegyesulet.hu\/index.php\/2021\/03\/31\/izig-verig-sportolo-halaszy-gabor\/\"},\"wordCount\":455,\"publisher\":{\"@id\":\"https:\/\/fotsportegyesulet.hu\/#organization\"},\"image\":{\"@id\":\"https:\/\/fotsportegyesulet.hu\/index.php\/2021\/03\/31\/izig-verig-sportolo-halaszy-gabor\/#primaryimage\"},\"thumbnailUrl\":\"https:\/\/fotsportegyesulet.hu\/wp-content\/uploads\/2021\/03\/Halaszy-Gabor_jo-meret.jpg\",\"articleSection\":[\"Atl\u00e9tika\",\"H\u00edrek\"],\"inLanguage\":\"hu\"},{\"@type\":\"WebPage\",\"@id\":\"https:\/\/fotsportegyesulet.hu\/index.php\/2021\/03\/31\/izig-verig-sportolo-halaszy-gabor\/\",\"url\":\"https:\/\/fotsportegyesulet.hu\/index.php\/2021\/03\/31\/izig-verig-sportolo-halaszy-gabor\/\",\"name\":\"\u00cdzig-v\u00e9rig sportol\u00f3: Hal\u00e1szy G\u00e1bor - F\u00d3T SPORTEGYES\u00dcLET\",\"isPartOf\":{\"@id\":\"https:\/\/fotsportegyesulet.hu\/#website\"},\"primaryImageOfPage\":{\"@id\":\"https:\/\/fotsportegyesulet.hu\/index.php\/2021\/03\/31\/izig-verig-sportolo-halaszy-gabor\/#primaryimage\"},\"image\":{\"@id\":\"https:\/\/fotsportegyesulet.hu\/index.php\/2021\/03\/31\/izig-verig-sportolo-halaszy-gabor\/#primaryimage\"},\"thumbnailUrl\":\"https:\/\/fotsportegyesulet.hu\/wp-content\/uploads\/2021\/03\/Halaszy-Gabor_jo-meret.jpg\",\"datePublished\":\"2021-03-31T17:59:33+00:00\",\"dateModified\":\"2021-03-31T18:02:39+00:00\",\"breadcrumb\":{\"@id\":\"https:\/\/fotsportegyesulet.hu\/index.php\/2021\/03\/31\/izig-verig-sportolo-halaszy-gabor\/#breadcrumb\"},\"inLanguage\":\"hu\",\"potentialAction\":[{\"@type\":\"ReadAction\",\"target\":[\"https:\/\/fotsportegyesulet.hu\/index.php\/2021\/03\/31\/izig-verig-sportolo-halaszy-gabor\/\"]}]},{\"@type\":\"ImageObject\",\"inLanguage\":\"hu\",\"@id\":\"https:\/\/fotsportegyesulet.hu\/index.php\/2021\/03\/31\/izig-verig-sportolo-halaszy-gabor\/#primaryimage\",\"url\":\"https:\/\/fotsportegyesulet.hu\/wp-content\/uploads\/2021\/03\/Halaszy-Gabor_jo-meret.jpg\",\"contentUrl\":\"https:\/\/fotsportegyesulet.hu\/wp-content\/uploads\/2021\/03\/Halaszy-Gabor_jo-meret.jpg\",\"width\":955,\"height\":455},{\"@type\":\"BreadcrumbList\",\"@id\":\"https:\/\/fotsportegyesulet.hu\/index.php\/2021\/03\/31\/izig-verig-sportolo-halaszy-gabor\/#breadcrumb\",\"itemListElement\":[{\"@type\":\"ListItem\",\"position\":1,\"name\":\"Kezd\u0151lap\",\"item\":\"https:\/\/fotsportegyesulet.hu\/\"},{\"@type\":\"ListItem\",\"position\":2,\"name\":\"\u00cdzig-v\u00e9rig sportol\u00f3: Hal\u00e1szy G\u00e1bor\"}]},{\"@type\":\"WebSite\",\"@id\":\"https:\/\/fotsportegyesulet.hu\/#website\",\"url\":\"https:\/\/fotsportegyesulet.hu\/\",\"name\":\"F\u00d3T SPORTEGYES\u00dcLET\",\"description\":\"\",\"publisher\":{\"@id\":\"https:\/\/fotsportegyesulet.hu\/#organization\"},\"potentialAction\":[{\"@type\":\"SearchAction\",\"target\":{\"@type\":\"EntryPoint\",\"urlTemplate\":\"https:\/\/fotsportegyesulet.hu\/?s={search_term_string}\"},\"query-input\":{\"@type\":\"PropertyValueSpecification\",\"valueRequired\":true,\"valueName\":\"search_term_string\"}}],\"inLanguage\":\"hu\"},{\"@type\":\"Organization\",\"@id\":\"https:\/\/fotsportegyesulet.hu\/#organization\",\"name\":\"F\u00f3t Sportegyes\u00fclet\",\"url\":\"https:\/\/fotsportegyesulet.hu\/\",\"logo\":{\"@type\":\"ImageObject\",\"inLanguage\":\"hu\",\"@id\":\"https:\/\/fotsportegyesulet.hu\/#\/schema\/logo\/image\/\",\"url\":\"https:\/\/fotsportegyesulet.hu\/wp-content\/uploads\/2020\/07\/eredeti-sz\u00ednes-vektoros-Fot-cimer-3.png\",\"contentUrl\":\"https:\/\/fotsportegyesulet.hu\/wp-content\/uploads\/2020\/07\/eredeti-sz\u00ednes-vektoros-Fot-cimer-3.png\",\"width\":500,\"height\":500,\"caption\":\"F\u00f3t Sportegyes\u00fclet\"},\"image\":{\"@id\":\"https:\/\/fotsportegyesulet.hu\/#\/schema\/logo\/image\/\"},\"sameAs\":[\"https:\/\/www.facebook.com\/fotsportegyesulet\/\"]},{\"@type\":\"Person\",\"@id\":\"https:\/\/fotsportegyesulet.hu\/#\/schema\/person\/8750ccb3a5183172b75dcc348ffbdbb1\",\"name\":\"F\u00f3t SE\",\"image\":{\"@type\":\"ImageObject\",\"inLanguage\":\"hu\",\"@id\":\"https:\/\/fotsportegyesulet.hu\/#\/schema\/person\/image\/\",\"url\":\"https:\/\/secure.gravatar.com\/avatar\/2f768bb7a490a49aeb2ccaf4bacc94391bbafd4b6aa54eb6f9318ffc80d81dad?s=96&d=mm&r=g\",\"contentUrl\":\"https:\/\/secure.gravatar.com\/avatar\/2f768bb7a490a49aeb2ccaf4bacc94391bbafd4b6aa54eb6f9318ffc80d81dad?s=96&d=mm&r=g\",\"caption\":\"F\u00f3t SE\"},\"sameAs\":[\"http:\/\/fotsportegyesulet.hu\"],\"url\":\"https:\/\/fotsportegyesulet.hu\/index.php\/author\/kapitany-zoltan\/\"}]}<\/script>\n<!-- \/ Yoast SEO plugin. -->","yoast_head_json":{"title":"\u00cdzig-v\u00e9rig sportol\u00f3: Hal\u00e1szy G\u00e1bor - F\u00d3T SPORTEGYES\u00dcLET","robots":{"index":"index","follow":"follow","max-snippet":"max-snippet:-1","max-image-preview":"max-image-preview:large","max-video-preview":"max-video-preview:-1"},"canonical":"https:\/\/fotsportegyesulet.hu\/index.php\/2021\/03\/31\/izig-verig-sportolo-halaszy-gabor\/","og_locale":"hu_HU","og_type":"article","og_title":"\u00cdzig-v\u00e9rig sportol\u00f3: Hal\u00e1szy G\u00e1bor - F\u00d3T SPORTEGYES\u00dcLET","og_description":"Akit szeretn\u00e9nk most bemutatni, nem m\u00e1s, mint a 61 \u00e9ves\u00a0 Hal\u00e1szy G\u00e1bor, aki akt\u00edvan fut.","og_url":"https:\/\/fotsportegyesulet.hu\/index.php\/2021\/03\/31\/izig-verig-sportolo-halaszy-gabor\/","og_site_name":"F\u00d3T SPORTEGYES\u00dcLET","article_publisher":"https:\/\/www.facebook.com\/fotsportegyesulet\/","article_published_time":"2021-03-31T17:59:33+00:00","article_modified_time":"2021-03-31T18:02:39+00:00","og_image":[{"width":955,"height":455,"url":"https:\/\/fotsportegyesulet.hu\/wp-content\/uploads\/2021\/03\/Halaszy-Gabor_jo-meret.jpg","type":"image\/jpeg"}],"author":"F\u00f3t SE","twitter_card":"summary_large_image","twitter_misc":{"Szerz\u0151:":"F\u00f3t SE","Becs\u00fclt olvas\u00e1si id\u0151":"2 perc"},"schema":{"@context":"https:\/\/schema.org","@graph":[{"@type":"Article","@id":"https:\/\/fotsportegyesulet.hu\/index.php\/2021\/03\/31\/izig-verig-sportolo-halaszy-gabor\/#article","isPartOf":{"@id":"https:\/\/fotsportegyesulet.hu\/index.php\/2021\/03\/31\/izig-verig-sportolo-halaszy-gabor\/"},"author":{"name":"F\u00f3t SE","@id":"https:\/\/fotsportegyesulet.hu\/#\/schema\/person\/8750ccb3a5183172b75dcc348ffbdbb1"},"headline":"\u00cdzig-v\u00e9rig sportol\u00f3: Hal\u00e1szy G\u00e1bor","datePublished":"2021-03-31T17:59:33+00:00","dateModified":"2021-03-31T18:02:39+00:00","mainEntityOfPage":{"@id":"https:\/\/fotsportegyesulet.hu\/index.php\/2021\/03\/31\/izig-verig-sportolo-halaszy-gabor\/"},"wordCount":455,"publisher":{"@id":"https:\/\/fotsportegyesulet.hu\/#organization"},"image":{"@id":"https:\/\/fotsportegyesulet.hu\/index.php\/2021\/03\/31\/izig-verig-sportolo-halaszy-gabor\/#primaryimage"},"thumbnailUrl":"https:\/\/fotsportegyesulet.hu\/wp-content\/uploads\/2021\/03\/Halaszy-Gabor_jo-meret.jpg","articleSection":["Atl\u00e9tika","H\u00edrek"],"inLanguage":"hu"},{"@type":"WebPage","@id":"https:\/\/fotsportegyesulet.hu\/index.php\/2021\/03\/31\/izig-verig-sportolo-halaszy-gabor\/","url":"https:\/\/fotsportegyesulet.hu\/index.php\/2021\/03\/31\/izig-verig-sportolo-halaszy-gabor\/","name":"\u00cdzig-v\u00e9rig sportol\u00f3: Hal\u00e1szy G\u00e1bor - F\u00d3T SPORTEGYES\u00dcLET","isPartOf":{"@id":"https:\/\/fotsportegyesulet.hu\/#website"},"primaryImageOfPage":{"@id":"https:\/\/fotsportegyesulet.hu\/index.php\/2021\/03\/31\/izig-verig-sportolo-halaszy-gabor\/#primaryimage"},"image":{"@id":"https:\/\/fotsportegyesulet.hu\/index.php\/2021\/03\/31\/izig-verig-sportolo-halaszy-gabor\/#primaryimage"},"thumbnailUrl":"https:\/\/fotsportegyesulet.hu\/wp-content\/uploads\/2021\/03\/Halaszy-Gabor_jo-meret.jpg","datePublished":"2021-03-31T17:59:33+00:00","dateModified":"2021-03-31T18:02:39+00:00","breadcrumb":{"@id":"https:\/\/fotsportegyesulet.hu\/index.php\/2021\/03\/31\/izig-verig-sportolo-halaszy-gabor\/#breadcrumb"},"inLanguage":"hu","potentialAction":[{"@type":"ReadAction","target":["https:\/\/fotsportegyesulet.hu\/index.php\/2021\/03\/31\/izig-verig-sportolo-halaszy-gabor\/"]}]},{"@type":"ImageObject","inLanguage":"hu","@id":"https:\/\/fotsportegyesulet.hu\/index.php\/2021\/03\/31\/izig-verig-sportolo-halaszy-gabor\/#primaryimage","url":"https:\/\/fotsportegyesulet.hu\/wp-content\/uploads\/2021\/03\/Halaszy-Gabor_jo-meret.jpg","contentUrl":"https:\/\/fotsportegyesulet.hu\/wp-content\/uploads\/2021\/03\/Halaszy-Gabor_jo-meret.jpg","width":955,"height":455},{"@type":"BreadcrumbList","@id":"https:\/\/fotsportegyesulet.hu\/index.php\/2021\/03\/31\/izig-verig-sportolo-halaszy-gabor\/#breadcrumb","itemListElement":[{"@type":"ListItem","position":1,"name":"Kezd\u0151lap","item":"https:\/\/fotsportegyesulet.hu\/"},{"@type":"ListItem","position":2,"name":"\u00cdzig-v\u00e9rig sportol\u00f3: Hal\u00e1szy G\u00e1bor"}]},{"@type":"WebSite","@id":"https:\/\/fotsportegyesulet.hu\/#website","url":"https:\/\/fotsportegyesulet.hu\/","name":"F\u00d3T SPORTEGYES\u00dcLET","description":"","publisher":{"@id":"https:\/\/fotsportegyesulet.hu\/#organization"},"potentialAction":[{"@type":"SearchAction","target":{"@type":"EntryPoint","urlTemplate":"https:\/\/fotsportegyesulet.hu\/?s={search_term_string}"},"query-input":{"@type":"PropertyValueSpecification","valueRequired":true,"valueName":"search_term_string"}}],"inLanguage":"hu"},{"@type":"Organization","@id":"https:\/\/fotsportegyesulet.hu\/#organization","name":"F\u00f3t Sportegyes\u00fclet","url":"https:\/\/fotsportegyesulet.hu\/","logo":{"@type":"ImageObject","inLanguage":"hu","@id":"https:\/\/fotsportegyesulet.hu\/#\/schema\/logo\/image\/","url":"https:\/\/fotsportegyesulet.hu\/wp-content\/uploads\/2020\/07\/eredeti-sz\u00ednes-vektoros-Fot-cimer-3.png","contentUrl":"https:\/\/fotsportegyesulet.hu\/wp-content\/uploads\/2020\/07\/eredeti-sz\u00ednes-vektoros-Fot-cimer-3.png","width":500,"height":500,"caption":"F\u00f3t Sportegyes\u00fclet"},"image":{"@id":"https:\/\/fotsportegyesulet.hu\/#\/schema\/logo\/image\/"},"sameAs":["https:\/\/www.facebook.com\/fotsportegyesulet\/"]},{"@type":"Person","@id":"https:\/\/fotsportegyesulet.hu\/#\/schema\/person\/8750ccb3a5183172b75dcc348ffbdbb1","name":"F\u00f3t SE","image":{"@type":"ImageObject","inLanguage":"hu","@id":"https:\/\/fotsportegyesulet.hu\/#\/schema\/person\/image\/","url":"https:\/\/secure.gravatar.com\/avatar\/2f768bb7a490a49aeb2ccaf4bacc94391bbafd4b6aa54eb6f9318ffc80d81dad?s=96&d=mm&r=g","contentUrl":"https:\/\/secure.gravatar.com\/avatar\/2f768bb7a490a49aeb2ccaf4bacc94391bbafd4b6aa54eb6f9318ffc80d81dad?s=96&d=mm&r=g","caption":"F\u00f3t SE"},"sameAs":["http:\/\/fotsportegyesulet.hu"],"url":"https:\/\/fotsportegyesulet.hu\/index.php\/author\/kapitany-zoltan\/"}]}},"_links":{"self":[{"href":"https:\/\/fotsportegyesulet.hu\/index.php\/wp-json\/wp\/v2\/posts\/2105","targetHints":{"allow":["GET"]}}],"collection":[{"href":"https:\/\/fotsportegyesulet.hu\/index.php\/wp-json\/wp\/v2\/posts"}],"about":[{"href":"https:\/\/fotsportegyesulet.hu\/index.php\/wp-json\/wp\/v2\/types\/post"}],"author":[{"embeddable":true,"href":"https:\/\/fotsportegyesulet.hu\/index.php\/wp-json\/wp\/v2\/users\/3"}],"replies":[{"embeddable":true,"href":"https:\/\/fotsportegyesulet.hu\/index.php\/wp-json\/wp\/v2\/comments?post=2105"}],"version-history":[{"count":9,"href":"https:\/\/fotsportegyesulet.hu\/index.php\/wp-json\/wp\/v2\/posts\/2105\/revisions"}],"predecessor-version":[{"id":2118,"href":"https:\/\/fotsportegyesulet.hu\/index.php\/wp-json\/wp\/v2\/posts\/2105\/revisions\/2118"}],"wp:featuredmedia":[{"embeddable":true,"href":"https:\/\/fotsportegyesulet.hu\/index.php\/wp-json\/wp\/v2\/media\/2107"}],"wp:attachment":[{"href":"https:\/\/fotsportegyesulet.hu\/index.php\/wp-json\/wp\/v2\/media?parent=2105"}],"wp:term":[{"taxonomy":"category","embeddable":true,"href":"https:\/\/fotsportegyesulet.hu\/index.php\/wp-json\/wp\/v2\/categories?post=2105"},{"taxonomy":"post_tag","embeddable":true,"href":"https:\/\/fotsportegyesulet.hu\/index.php\/wp-json\/wp\/v2\/tags?post=2105"}],"curies":[{"name":"wp","href":"https:\/\/api.w.org\/{rel}","templated":true}]}}