{"id":2089,"date":"2021-03-30T20:09:16","date_gmt":"2021-03-30T18:09:16","guid":{"rendered":"https:\/\/fotsportegyesulet.hu\/?p=2089"},"modified":"2021-03-30T20:17:57","modified_gmt":"2021-03-30T18:17:57","slug":"oregfiu-bajnoksag-fot-se-i-leanyfalu-se-40","status":"publish","type":"post","link":"https:\/\/fotsportegyesulet.hu\/index.php\/2021\/03\/30\/oregfiu-bajnoksag-fot-se-i-leanyfalu-se-40\/","title":{"rendered":"\u00d6regfi\u00fa-bajnoks\u00e1g, F\u00f3t SE I. \u2013 Le\u00e1nyfalu SE 4:0"},"content":{"rendered":"<p><img loading=\"lazy\" decoding=\"async\" class=\"size-full wp-image-2090 aligncenter\" src=\"https:\/\/fotsportegyesulet.hu\/wp-content\/uploads\/2021\/03\/Fot-SE-I.-1-955x455-1.jpg\" alt=\"\" width=\"953\" height=\"457\" srcset=\"https:\/\/fotsportegyesulet.hu\/wp-content\/uploads\/2021\/03\/Fot-SE-I.-1-955x455-1.jpg 953w, https:\/\/fotsportegyesulet.hu\/wp-content\/uploads\/2021\/03\/Fot-SE-I.-1-955x455-1-300x144.jpg 300w, https:\/\/fotsportegyesulet.hu\/wp-content\/uploads\/2021\/03\/Fot-SE-I.-1-955x455-1-768x368.jpg 768w\" sizes=\"auto, (max-width: 953px) 100vw, 953px\" \/><\/p>\n<p><strong>Gy\u00f6ny\u00f6r\u0171 id\u0151ben kem\u00e9ny, hajt\u00f3s meccset j\u00e1tszottak a csapatok a nyugati csoportban.<\/strong><\/p>\n<p>A m\u00e9rk\u0151z\u00e9s el\u0151tt besz\u00e9lgettem Kir\u00e1ly Istv\u00e1nnal, a f\u00f3tiak csapat\u00f6sszetart\u00f3j\u00e1val, int\u00e9z\u0151j\u00e9vel. Val\u00f3di edz\u0151je nincs a csapatnak,\u00a0 b\u00e1r a bajnoks\u00e1g alatt heti egyszer, azon k\u00edv\u00fcl heti k\u00e9tszer \u00f6sszej\u00f6nnek a kicsi m\u0171f\u00fcves p\u00e1ly\u00e1n.<\/p>\n<p>Ahogy Istv\u00e1n elmondta, nagyon j\u00f3 t\u00e1rsas\u00e1g ez, a csapatnak csak k\u00f6r\u00fclbel\u00fcl a fele f\u00f3ti \u00e9s nagyj\u00e1b\u00f3l a fele futballozott kor\u00e1bban.<\/p>\n<p>Az ellenf\u00e9l \u201cedz\u0151je\u201d (az\u00e9rt az id\u00e9z\u0151jel, mert edz\u00e9seik nincsenek) Schillerwein L\u00e1szl\u00f3, aki maga is j\u00e1tszik a csapatban. N\u00e1luk f\u0151leg a kor\u00e1bban a megyei bajnoks\u00e1gban j\u00e1tsz\u00f3 sportol\u00f3k alkotj\u00e1k a csapatot.<\/p>\n<p>A F\u00f3t SE \u00d6regfi\u00fak csapat a Le\u00e1nyfalu SE legy\u0151z\u00e9se ut\u00e1n most a m\u00e1sodik helyen szerepel a tabell\u00e1n. A j\u00f3 hangulat\u00fa \u00e9s sportszer\u0171 m\u00e9rk\u0151z\u00e9sen n\u00e9gy hazai g\u00f3l sz\u00fcletett. G\u00f3lszerz\u0151k: Tapodi Tivadar, Csuka Gergely 2 \u00e9s Potornai Mikl\u00f3s.<\/p>\n<p><img loading=\"lazy\" decoding=\"async\" class=\"size-full wp-image-2102 alignnone\" src=\"https:\/\/fotsportegyesulet.hu\/wp-content\/uploads\/2021\/03\/DSCF0009-1-1320x990-1.jpg\" alt=\"\" width=\"1320\" height=\"990\" srcset=\"https:\/\/fotsportegyesulet.hu\/wp-content\/uploads\/2021\/03\/DSCF0009-1-1320x990-1.jpg 1320w, https:\/\/fotsportegyesulet.hu\/wp-content\/uploads\/2021\/03\/DSCF0009-1-1320x990-1-300x225.jpg 300w, https:\/\/fotsportegyesulet.hu\/wp-content\/uploads\/2021\/03\/DSCF0009-1-1320x990-1-1024x768.jpg 1024w, https:\/\/fotsportegyesulet.hu\/wp-content\/uploads\/2021\/03\/DSCF0009-1-1320x990-1-768x576.jpg 768w\" sizes=\"auto, (max-width: 1320px) 100vw, 1320px\" \/><\/p>\n<p>A csapat tagjai nem csak a p\u00e1ly\u00e1n, hanem azon k\u00edv\u00fcl is szerveznek k\u00f6z\u00f6s rendezv\u00e9nyeket. El lehet mondani, hogy kiv\u00e1l\u00f3 bar\u00e1ti \u00e9s sportk\u00f6z\u00f6ss\u00e9g ez.<\/p>\n<p>A legf\u0151bb \u00f6sszetart\u00f3 ereje Kir\u00e1ly Istv\u00e1n, akire mindig lehet sz\u00e1m\u00edtani: szervez, int\u00e9z, seg\u00edt \u00e9s a bar\u00e1ti focikon n\u00e9ha m\u00e9g be\u00e1ll egy kicsit j\u00e1tszani is.<\/p>\n<p>Forr\u00e1s, fot\u00f3: fotinfo.hu<\/p>\n","protected":false},"excerpt":{"rendered":"<p>Gy\u00f6ny\u00f6r\u0171 id\u0151ben kem\u00e9ny, hajt\u00f3s meccset j\u00e1tszottak a csapatok a nyugati csoportban.<\/p>\n","protected":false},"author":3,"featured_media":2100,"comment_status":"closed","ping_status":"open","sticky":false,"template":"","format":"standard","meta":{"_bbp_topic_count":0,"_bbp_reply_count":0,"_bbp_total_topic_count":0,"_bbp_total_reply_count":0,"_bbp_voice_count":0,"_bbp_anonymous_reply_count":0,"_bbp_topic_count_hidden":0,"_bbp_reply_count_hidden":0,"_bbp_forum_subforum_count":0,"_price":"","_stock":"","_tribe_ticket_header":"","_tribe_default_ticket_provider":"","_ticket_start_date":"","_ticket_end_date":"","_tribe_ticket_show_description":"","_tribe_ticket_show_not_going":false,"_tribe_ticket_use_global_stock":"","_tribe_ticket_global_stock_level":"","_global_stock_mode":"","_global_stock_cap":"","_tribe_rsvp_for_event":"","_tribe_ticket_going_count":"","_tribe_ticket_not_going_count":"","_tribe_tickets_list":"[]","_tribe_ticket_has_attendee_info_fields":false,"footnotes":""},"categories":[1,67],"tags":[89,93],"class_list":["post-2089","post","type-post","status-publish","format-standard","has-post-thumbnail","hentry","category-hirek","category-labdarugas","tag-labdarugas","tag-oregfiuk"],"yoast_head":"<!-- This site is optimized with the Yoast SEO plugin v25.7 - https:\/\/yoast.com\/wordpress\/plugins\/seo\/ -->\n<title>\u00d6regfi\u00fa-bajnoks\u00e1g, F\u00f3t SE I. \u2013 Le\u00e1nyfalu SE 4:0 - F\u00d3T SPORTEGYES\u00dcLET<\/title>\n<meta name=\"robots\" content=\"index, follow, max-snippet:-1, max-image-preview:large, max-video-preview:-1\" \/>\n<link rel=\"canonical\" href=\"https:\/\/fotsportegyesulet.hu\/index.php\/2021\/03\/30\/oregfiu-bajnoksag-fot-se-i-leanyfalu-se-40\/\" \/>\n<meta property=\"og:locale\" content=\"hu_HU\" \/>\n<meta property=\"og:type\" content=\"article\" \/>\n<meta property=\"og:title\" content=\"\u00d6regfi\u00fa-bajnoks\u00e1g, F\u00f3t SE I. \u2013 Le\u00e1nyfalu SE 4:0 - F\u00d3T SPORTEGYES\u00dcLET\" \/>\n<meta property=\"og:description\" content=\"Gy\u00f6ny\u00f6r\u0171 id\u0151ben kem\u00e9ny, hajt\u00f3s meccset j\u00e1tszottak a csapatok a nyugati csoportban.\" \/>\n<meta property=\"og:url\" content=\"https:\/\/fotsportegyesulet.hu\/index.php\/2021\/03\/30\/oregfiu-bajnoksag-fot-se-i-leanyfalu-se-40\/\" \/>\n<meta property=\"og:site_name\" content=\"F\u00d3T SPORTEGYES\u00dcLET\" \/>\n<meta property=\"article:publisher\" content=\"https:\/\/www.facebook.com\/fotsportegyesulet\/\" \/>\n<meta property=\"article:published_time\" content=\"2021-03-30T18:09:16+00:00\" \/>\n<meta property=\"article:modified_time\" content=\"2021-03-30T18:17:57+00:00\" \/>\n<meta property=\"og:image\" content=\"https:\/\/fotsportegyesulet.hu\/wp-content\/uploads\/2021\/03\/DSCF0016-956x455-1.jpg\" \/>\n\t<meta property=\"og:image:width\" content=\"955\" \/>\n\t<meta property=\"og:image:height\" content=\"455\" \/>\n\t<meta property=\"og:image:type\" content=\"image\/jpeg\" \/>\n<meta name=\"author\" content=\"F\u00f3t SE\" \/>\n<meta name=\"twitter:card\" content=\"summary_large_image\" \/>\n<meta name=\"twitter:label1\" content=\"Szerz\u0151:\" \/>\n\t<meta name=\"twitter:data1\" content=\"F\u00f3t SE\" \/>\n\t<meta name=\"twitter:label2\" content=\"Becs\u00fclt olvas\u00e1si id\u0151\" \/>\n\t<meta name=\"twitter:data2\" content=\"1 perc\" \/>\n<script type=\"application\/ld+json\" class=\"yoast-schema-graph\">{\"@context\":\"https:\/\/schema.org\",\"@graph\":[{\"@type\":\"Article\",\"@id\":\"https:\/\/fotsportegyesulet.hu\/index.php\/2021\/03\/30\/oregfiu-bajnoksag-fot-se-i-leanyfalu-se-40\/#article\",\"isPartOf\":{\"@id\":\"https:\/\/fotsportegyesulet.hu\/index.php\/2021\/03\/30\/oregfiu-bajnoksag-fot-se-i-leanyfalu-se-40\/\"},\"author\":{\"name\":\"F\u00f3t SE\",\"@id\":\"https:\/\/fotsportegyesulet.hu\/#\/schema\/person\/8750ccb3a5183172b75dcc348ffbdbb1\"},\"headline\":\"\u00d6regfi\u00fa-bajnoks\u00e1g, F\u00f3t SE I. \u2013 Le\u00e1nyfalu SE 4:0\",\"datePublished\":\"2021-03-30T18:09:16+00:00\",\"dateModified\":\"2021-03-30T18:17:57+00:00\",\"mainEntityOfPage\":{\"@id\":\"https:\/\/fotsportegyesulet.hu\/index.php\/2021\/03\/30\/oregfiu-bajnoksag-fot-se-i-leanyfalu-se-40\/\"},\"wordCount\":285,\"publisher\":{\"@id\":\"https:\/\/fotsportegyesulet.hu\/#organization\"},\"image\":{\"@id\":\"https:\/\/fotsportegyesulet.hu\/index.php\/2021\/03\/30\/oregfiu-bajnoksag-fot-se-i-leanyfalu-se-40\/#primaryimage\"},\"thumbnailUrl\":\"https:\/\/fotsportegyesulet.hu\/wp-content\/uploads\/2021\/03\/DSCF0016-956x455-1.jpg\",\"keywords\":[\"labdar\u00fag\u00e1s\",\"\u00d6regfi\u00fak\"],\"articleSection\":[\"H\u00edrek\",\"Labdar\u00fag\u00e1s\"],\"inLanguage\":\"hu\"},{\"@type\":\"WebPage\",\"@id\":\"https:\/\/fotsportegyesulet.hu\/index.php\/2021\/03\/30\/oregfiu-bajnoksag-fot-se-i-leanyfalu-se-40\/\",\"url\":\"https:\/\/fotsportegyesulet.hu\/index.php\/2021\/03\/30\/oregfiu-bajnoksag-fot-se-i-leanyfalu-se-40\/\",\"name\":\"\u00d6regfi\u00fa-bajnoks\u00e1g, F\u00f3t SE I. \u2013 Le\u00e1nyfalu SE 4:0 - F\u00d3T SPORTEGYES\u00dcLET\",\"isPartOf\":{\"@id\":\"https:\/\/fotsportegyesulet.hu\/#website\"},\"primaryImageOfPage\":{\"@id\":\"https:\/\/fotsportegyesulet.hu\/index.php\/2021\/03\/30\/oregfiu-bajnoksag-fot-se-i-leanyfalu-se-40\/#primaryimage\"},\"image\":{\"@id\":\"https:\/\/fotsportegyesulet.hu\/index.php\/2021\/03\/30\/oregfiu-bajnoksag-fot-se-i-leanyfalu-se-40\/#primaryimage\"},\"thumbnailUrl\":\"https:\/\/fotsportegyesulet.hu\/wp-content\/uploads\/2021\/03\/DSCF0016-956x455-1.jpg\",\"datePublished\":\"2021-03-30T18:09:16+00:00\",\"dateModified\":\"2021-03-30T18:17:57+00:00\",\"breadcrumb\":{\"@id\":\"https:\/\/fotsportegyesulet.hu\/index.php\/2021\/03\/30\/oregfiu-bajnoksag-fot-se-i-leanyfalu-se-40\/#breadcrumb\"},\"inLanguage\":\"hu\",\"potentialAction\":[{\"@type\":\"ReadAction\",\"target\":[\"https:\/\/fotsportegyesulet.hu\/index.php\/2021\/03\/30\/oregfiu-bajnoksag-fot-se-i-leanyfalu-se-40\/\"]}]},{\"@type\":\"ImageObject\",\"inLanguage\":\"hu\",\"@id\":\"https:\/\/fotsportegyesulet.hu\/index.php\/2021\/03\/30\/oregfiu-bajnoksag-fot-se-i-leanyfalu-se-40\/#primaryimage\",\"url\":\"https:\/\/fotsportegyesulet.hu\/wp-content\/uploads\/2021\/03\/DSCF0016-956x455-1.jpg\",\"contentUrl\":\"https:\/\/fotsportegyesulet.hu\/wp-content\/uploads\/2021\/03\/DSCF0016-956x455-1.jpg\",\"width\":955,\"height\":455},{\"@type\":\"BreadcrumbList\",\"@id\":\"https:\/\/fotsportegyesulet.hu\/index.php\/2021\/03\/30\/oregfiu-bajnoksag-fot-se-i-leanyfalu-se-40\/#breadcrumb\",\"itemListElement\":[{\"@type\":\"ListItem\",\"position\":1,\"name\":\"Kezd\u0151lap\",\"item\":\"https:\/\/fotsportegyesulet.hu\/\"},{\"@type\":\"ListItem\",\"position\":2,\"name\":\"\u00d6regfi\u00fa-bajnoks\u00e1g, F\u00f3t SE I. \u2013 Le\u00e1nyfalu SE 4:0\"}]},{\"@type\":\"WebSite\",\"@id\":\"https:\/\/fotsportegyesulet.hu\/#website\",\"url\":\"https:\/\/fotsportegyesulet.hu\/\",\"name\":\"F\u00d3T SPORTEGYES\u00dcLET\",\"description\":\"\",\"publisher\":{\"@id\":\"https:\/\/fotsportegyesulet.hu\/#organization\"},\"potentialAction\":[{\"@type\":\"SearchAction\",\"target\":{\"@type\":\"EntryPoint\",\"urlTemplate\":\"https:\/\/fotsportegyesulet.hu\/?s={search_term_string}\"},\"query-input\":{\"@type\":\"PropertyValueSpecification\",\"valueRequired\":true,\"valueName\":\"search_term_string\"}}],\"inLanguage\":\"hu\"},{\"@type\":\"Organization\",\"@id\":\"https:\/\/fotsportegyesulet.hu\/#organization\",\"name\":\"F\u00f3t Sportegyes\u00fclet\",\"url\":\"https:\/\/fotsportegyesulet.hu\/\",\"logo\":{\"@type\":\"ImageObject\",\"inLanguage\":\"hu\",\"@id\":\"https:\/\/fotsportegyesulet.hu\/#\/schema\/logo\/image\/\",\"url\":\"https:\/\/fotsportegyesulet.hu\/wp-content\/uploads\/2020\/07\/eredeti-sz\u00ednes-vektoros-Fot-cimer-3.png\",\"contentUrl\":\"https:\/\/fotsportegyesulet.hu\/wp-content\/uploads\/2020\/07\/eredeti-sz\u00ednes-vektoros-Fot-cimer-3.png\",\"width\":500,\"height\":500,\"caption\":\"F\u00f3t Sportegyes\u00fclet\"},\"image\":{\"@id\":\"https:\/\/fotsportegyesulet.hu\/#\/schema\/logo\/image\/\"},\"sameAs\":[\"https:\/\/www.facebook.com\/fotsportegyesulet\/\"]},{\"@type\":\"Person\",\"@id\":\"https:\/\/fotsportegyesulet.hu\/#\/schema\/person\/8750ccb3a5183172b75dcc348ffbdbb1\",\"name\":\"F\u00f3t SE\",\"image\":{\"@type\":\"ImageObject\",\"inLanguage\":\"hu\",\"@id\":\"https:\/\/fotsportegyesulet.hu\/#\/schema\/person\/image\/\",\"url\":\"https:\/\/secure.gravatar.com\/avatar\/2f768bb7a490a49aeb2ccaf4bacc94391bbafd4b6aa54eb6f9318ffc80d81dad?s=96&d=mm&r=g\",\"contentUrl\":\"https:\/\/secure.gravatar.com\/avatar\/2f768bb7a490a49aeb2ccaf4bacc94391bbafd4b6aa54eb6f9318ffc80d81dad?s=96&d=mm&r=g\",\"caption\":\"F\u00f3t SE\"},\"sameAs\":[\"http:\/\/fotsportegyesulet.hu\"],\"url\":\"https:\/\/fotsportegyesulet.hu\/index.php\/author\/kapitany-zoltan\/\"}]}<\/script>\n<!-- \/ Yoast SEO plugin. -->","yoast_head_json":{"title":"\u00d6regfi\u00fa-bajnoks\u00e1g, F\u00f3t SE I. \u2013 Le\u00e1nyfalu SE 4:0 - F\u00d3T SPORTEGYES\u00dcLET","robots":{"index":"index","follow":"follow","max-snippet":"max-snippet:-1","max-image-preview":"max-image-preview:large","max-video-preview":"max-video-preview:-1"},"canonical":"https:\/\/fotsportegyesulet.hu\/index.php\/2021\/03\/30\/oregfiu-bajnoksag-fot-se-i-leanyfalu-se-40\/","og_locale":"hu_HU","og_type":"article","og_title":"\u00d6regfi\u00fa-bajnoks\u00e1g, F\u00f3t SE I. \u2013 Le\u00e1nyfalu SE 4:0 - F\u00d3T SPORTEGYES\u00dcLET","og_description":"Gy\u00f6ny\u00f6r\u0171 id\u0151ben kem\u00e9ny, hajt\u00f3s meccset j\u00e1tszottak a csapatok a nyugati csoportban.","og_url":"https:\/\/fotsportegyesulet.hu\/index.php\/2021\/03\/30\/oregfiu-bajnoksag-fot-se-i-leanyfalu-se-40\/","og_site_name":"F\u00d3T SPORTEGYES\u00dcLET","article_publisher":"https:\/\/www.facebook.com\/fotsportegyesulet\/","article_published_time":"2021-03-30T18:09:16+00:00","article_modified_time":"2021-03-30T18:17:57+00:00","og_image":[{"width":955,"height":455,"url":"https:\/\/fotsportegyesulet.hu\/wp-content\/uploads\/2021\/03\/DSCF0016-956x455-1.jpg","type":"image\/jpeg"}],"author":"F\u00f3t SE","twitter_card":"summary_large_image","twitter_misc":{"Szerz\u0151:":"F\u00f3t SE","Becs\u00fclt olvas\u00e1si id\u0151":"1 perc"},"schema":{"@context":"https:\/\/schema.org","@graph":[{"@type":"Article","@id":"https:\/\/fotsportegyesulet.hu\/index.php\/2021\/03\/30\/oregfiu-bajnoksag-fot-se-i-leanyfalu-se-40\/#article","isPartOf":{"@id":"https:\/\/fotsportegyesulet.hu\/index.php\/2021\/03\/30\/oregfiu-bajnoksag-fot-se-i-leanyfalu-se-40\/"},"author":{"name":"F\u00f3t SE","@id":"https:\/\/fotsportegyesulet.hu\/#\/schema\/person\/8750ccb3a5183172b75dcc348ffbdbb1"},"headline":"\u00d6regfi\u00fa-bajnoks\u00e1g, F\u00f3t SE I. \u2013 Le\u00e1nyfalu SE 4:0","datePublished":"2021-03-30T18:09:16+00:00","dateModified":"2021-03-30T18:17:57+00:00","mainEntityOfPage":{"@id":"https:\/\/fotsportegyesulet.hu\/index.php\/2021\/03\/30\/oregfiu-bajnoksag-fot-se-i-leanyfalu-se-40\/"},"wordCount":285,"publisher":{"@id":"https:\/\/fotsportegyesulet.hu\/#organization"},"image":{"@id":"https:\/\/fotsportegyesulet.hu\/index.php\/2021\/03\/30\/oregfiu-bajnoksag-fot-se-i-leanyfalu-se-40\/#primaryimage"},"thumbnailUrl":"https:\/\/fotsportegyesulet.hu\/wp-content\/uploads\/2021\/03\/DSCF0016-956x455-1.jpg","keywords":["labdar\u00fag\u00e1s","\u00d6regfi\u00fak"],"articleSection":["H\u00edrek","Labdar\u00fag\u00e1s"],"inLanguage":"hu"},{"@type":"WebPage","@id":"https:\/\/fotsportegyesulet.hu\/index.php\/2021\/03\/30\/oregfiu-bajnoksag-fot-se-i-leanyfalu-se-40\/","url":"https:\/\/fotsportegyesulet.hu\/index.php\/2021\/03\/30\/oregfiu-bajnoksag-fot-se-i-leanyfalu-se-40\/","name":"\u00d6regfi\u00fa-bajnoks\u00e1g, F\u00f3t SE I. \u2013 Le\u00e1nyfalu SE 4:0 - F\u00d3T SPORTEGYES\u00dcLET","isPartOf":{"@id":"https:\/\/fotsportegyesulet.hu\/#website"},"primaryImageOfPage":{"@id":"https:\/\/fotsportegyesulet.hu\/index.php\/2021\/03\/30\/oregfiu-bajnoksag-fot-se-i-leanyfalu-se-40\/#primaryimage"},"image":{"@id":"https:\/\/fotsportegyesulet.hu\/index.php\/2021\/03\/30\/oregfiu-bajnoksag-fot-se-i-leanyfalu-se-40\/#primaryimage"},"thumbnailUrl":"https:\/\/fotsportegyesulet.hu\/wp-content\/uploads\/2021\/03\/DSCF0016-956x455-1.jpg","datePublished":"2021-03-30T18:09:16+00:00","dateModified":"2021-03-30T18:17:57+00:00","breadcrumb":{"@id":"https:\/\/fotsportegyesulet.hu\/index.php\/2021\/03\/30\/oregfiu-bajnoksag-fot-se-i-leanyfalu-se-40\/#breadcrumb"},"inLanguage":"hu","potentialAction":[{"@type":"ReadAction","target":["https:\/\/fotsportegyesulet.hu\/index.php\/2021\/03\/30\/oregfiu-bajnoksag-fot-se-i-leanyfalu-se-40\/"]}]},{"@type":"ImageObject","inLanguage":"hu","@id":"https:\/\/fotsportegyesulet.hu\/index.php\/2021\/03\/30\/oregfiu-bajnoksag-fot-se-i-leanyfalu-se-40\/#primaryimage","url":"https:\/\/fotsportegyesulet.hu\/wp-content\/uploads\/2021\/03\/DSCF0016-956x455-1.jpg","contentUrl":"https:\/\/fotsportegyesulet.hu\/wp-content\/uploads\/2021\/03\/DSCF0016-956x455-1.jpg","width":955,"height":455},{"@type":"BreadcrumbList","@id":"https:\/\/fotsportegyesulet.hu\/index.php\/2021\/03\/30\/oregfiu-bajnoksag-fot-se-i-leanyfalu-se-40\/#breadcrumb","itemListElement":[{"@type":"ListItem","position":1,"name":"Kezd\u0151lap","item":"https:\/\/fotsportegyesulet.hu\/"},{"@type":"ListItem","position":2,"name":"\u00d6regfi\u00fa-bajnoks\u00e1g, F\u00f3t SE I. \u2013 Le\u00e1nyfalu SE 4:0"}]},{"@type":"WebSite","@id":"https:\/\/fotsportegyesulet.hu\/#website","url":"https:\/\/fotsportegyesulet.hu\/","name":"F\u00d3T SPORTEGYES\u00dcLET","description":"","publisher":{"@id":"https:\/\/fotsportegyesulet.hu\/#organization"},"potentialAction":[{"@type":"SearchAction","target":{"@type":"EntryPoint","urlTemplate":"https:\/\/fotsportegyesulet.hu\/?s={search_term_string}"},"query-input":{"@type":"PropertyValueSpecification","valueRequired":true,"valueName":"search_term_string"}}],"inLanguage":"hu"},{"@type":"Organization","@id":"https:\/\/fotsportegyesulet.hu\/#organization","name":"F\u00f3t Sportegyes\u00fclet","url":"https:\/\/fotsportegyesulet.hu\/","logo":{"@type":"ImageObject","inLanguage":"hu","@id":"https:\/\/fotsportegyesulet.hu\/#\/schema\/logo\/image\/","url":"https:\/\/fotsportegyesulet.hu\/wp-content\/uploads\/2020\/07\/eredeti-sz\u00ednes-vektoros-Fot-cimer-3.png","contentUrl":"https:\/\/fotsportegyesulet.hu\/wp-content\/uploads\/2020\/07\/eredeti-sz\u00ednes-vektoros-Fot-cimer-3.png","width":500,"height":500,"caption":"F\u00f3t Sportegyes\u00fclet"},"image":{"@id":"https:\/\/fotsportegyesulet.hu\/#\/schema\/logo\/image\/"},"sameAs":["https:\/\/www.facebook.com\/fotsportegyesulet\/"]},{"@type":"Person","@id":"https:\/\/fotsportegyesulet.hu\/#\/schema\/person\/8750ccb3a5183172b75dcc348ffbdbb1","name":"F\u00f3t SE","image":{"@type":"ImageObject","inLanguage":"hu","@id":"https:\/\/fotsportegyesulet.hu\/#\/schema\/person\/image\/","url":"https:\/\/secure.gravatar.com\/avatar\/2f768bb7a490a49aeb2ccaf4bacc94391bbafd4b6aa54eb6f9318ffc80d81dad?s=96&d=mm&r=g","contentUrl":"https:\/\/secure.gravatar.com\/avatar\/2f768bb7a490a49aeb2ccaf4bacc94391bbafd4b6aa54eb6f9318ffc80d81dad?s=96&d=mm&r=g","caption":"F\u00f3t SE"},"sameAs":["http:\/\/fotsportegyesulet.hu"],"url":"https:\/\/fotsportegyesulet.hu\/index.php\/author\/kapitany-zoltan\/"}]}},"_links":{"self":[{"href":"https:\/\/fotsportegyesulet.hu\/index.php\/wp-json\/wp\/v2\/posts\/2089","targetHints":{"allow":["GET"]}}],"collection":[{"href":"https:\/\/fotsportegyesulet.hu\/index.php\/wp-json\/wp\/v2\/posts"}],"about":[{"href":"https:\/\/fotsportegyesulet.hu\/index.php\/wp-json\/wp\/v2\/types\/post"}],"author":[{"embeddable":true,"href":"https:\/\/fotsportegyesulet.hu\/index.php\/wp-json\/wp\/v2\/users\/3"}],"replies":[{"embeddable":true,"href":"https:\/\/fotsportegyesulet.hu\/index.php\/wp-json\/wp\/v2\/comments?post=2089"}],"version-history":[{"count":11,"href":"https:\/\/fotsportegyesulet.hu\/index.php\/wp-json\/wp\/v2\/posts\/2089\/revisions"}],"predecessor-version":[{"id":2096,"href":"https:\/\/fotsportegyesulet.hu\/index.php\/wp-json\/wp\/v2\/posts\/2089\/revisions\/2096"}],"wp:featuredmedia":[{"embeddable":true,"href":"https:\/\/fotsportegyesulet.hu\/index.php\/wp-json\/wp\/v2\/media\/2100"}],"wp:attachment":[{"href":"https:\/\/fotsportegyesulet.hu\/index.php\/wp-json\/wp\/v2\/media?parent=2089"}],"wp:term":[{"taxonomy":"category","embeddable":true,"href":"https:\/\/fotsportegyesulet.hu\/index.php\/wp-json\/wp\/v2\/categories?post=2089"},{"taxonomy":"post_tag","embeddable":true,"href":"https:\/\/fotsportegyesulet.hu\/index.php\/wp-json\/wp\/v2\/tags?post=2089"}],"curies":[{"name":"wp","href":"https:\/\/api.w.org\/{rel}","templated":true}]}}