{"id":2073,"date":"2021-03-24T19:25:47","date_gmt":"2021-03-24T17:25:47","guid":{"rendered":"https:\/\/fotsportegyesulet.hu\/?p=2073"},"modified":"2021-03-24T19:40:57","modified_gmt":"2021-03-24T17:40:57","slug":"interju-pecsi-szebasztiannal-a-kuzdosportok-fiatal-tehetsegevel","status":"publish","type":"post","link":"https:\/\/fotsportegyesulet.hu\/index.php\/2021\/03\/24\/interju-pecsi-szebasztiannal-a-kuzdosportok-fiatal-tehetsegevel\/","title":{"rendered":"Interj\u00fa a k\u00fczd\u0151sportok fiatal tehets\u00e9g\u00e9vel"},"content":{"rendered":"<p><img loading=\"lazy\" decoding=\"async\" class=\"aligncenter wp-image-2080 size-full\" src=\"https:\/\/fotsportegyesulet.hu\/wp-content\/uploads\/2021\/03\/Szebasztian-jo-meret-2.jpg\" alt=\"\" width=\"955\" height=\"455\" srcset=\"https:\/\/fotsportegyesulet.hu\/wp-content\/uploads\/2021\/03\/Szebasztian-jo-meret-2.jpg 955w, https:\/\/fotsportegyesulet.hu\/wp-content\/uploads\/2021\/03\/Szebasztian-jo-meret-2-300x143.jpg 300w, https:\/\/fotsportegyesulet.hu\/wp-content\/uploads\/2021\/03\/Szebasztian-jo-meret-2-768x366.jpg 768w\" sizes=\"auto, (max-width: 955px) 100vw, 955px\" \/> K\u00f6vetkez\u0151 interj\u00fa alanyunk P\u00e9csi Szebaszti\u00e1n P\u00e1l. Szebaszti\u00e1n 11 \u00e9ves, k\u00edv\u00e1l\u00f3 sportol\u00f3, t\u00f6bb sport\u00e1gban is szuper eredm\u00e9nyeket \u00e9rt el.<\/p>\n<p>Mi\u00f3ta sportolsz a F\u00f3t Se Judo szakoszt\u00e1ly\u00e1ban?<\/p>\n<p>2017 \u00f3ta sportolok enn\u00e9l a szakoszt\u00e1lyn\u00e1l.<\/p>\n<p>Melyik sport\u00e1gat pr\u00f3b\u00e1ltad m\u00e9g ki? Milyen sikereket \u00e9rt\u00e9l el ebben?<\/p>\n<p><strong>Birk\u00f3z\u00e1s<\/strong>\u00a0 Orsz\u00e1gos bajnok, <strong>Grappling <\/strong>t\u00f6bbsz\u00f6r\u00f6s Koroszt\u00e1lyos\u00a0 Orsz\u00e1gos bajnok, <strong>Amerikai NAGA<\/strong> <strong>Grappling<\/strong> \u00a0: Europa bajnok, 3 Naga \u00f6v, \u00a0<strong>Sport Kempo<\/strong> 2 x es vil\u00e1gbajnok, <strong>Brazil jiu- jitsu WBJJA<\/strong> szervezetn\u00e9l vil\u00e1gbajnok , <strong>Hungarian Open Brazil jiu-jitsu<\/strong> 1. helyezett.<\/p>\n<p>Mit szeretsz legjobban az edz\u00e9sen?<\/p>\n<p>Az edz\u00e9sek hangulata szuper, j\u00f3 \u00e9rz\u00e9s egy\u00fctt lenni a csapatt\u00e1rsaimmal. Legjobban a k\u00fczdelmet szeretem.<\/p>\n<p>Kik az edz\u0151id?<\/p>\n<p>Szil\u00e1gyi G\u00e1bor, N\u00e9met Istv\u00e1n, Zathureczky Zsolt Zsombor<\/p>\n<p>Hogyan \u00e9rt\u00e9keled az edz\u0151id munk\u00e1j\u00e1t?<\/p>\n<p>Bar\u00e1ti viszonyt \u00e1polunk. Nem csak az edz\u0151im, hanem a bar\u00e1taim is. A sporton k\u00edv\u00fcl, az \u00e9letre is felk\u00e9sz\u00edtenek. Sokat k\u00f6sz\u00f6nhetek nekik.<\/p>\n<p>Milyen iskol\u00e1ba j\u00e1rsz?<\/p>\n<p>F\u00f3ti F\u00e1y Andr\u00e1s \u00c1ltal\u00e1nos Iskol\u00e1ba<\/p>\n<p>Hogy f\u00e9r \u00f6ssze a tanul\u00e1s a sporttal?<\/p>\n<p>D\u00e9lel\u0151tt iskola, d\u00e9lut\u00e1n edz\u00e9s. Sok lemond\u00e1ssal j\u00e1r, de az eredm\u00e9nyek engem igazolnak. Heti \u00f6t edz\u00e9sre j\u00e1rok. A versenyek el\u0151tt naponta, ak\u00e1r k\u00e9t edz\u00e9sem is lehet.<\/p>\n<p>Mi a kedvenc id\u0151t\u00f6lt\u00e9sed?<\/p>\n<p>Szeretek biciklizni, rollerezni, \u00e9s Xbox j\u00e1t\u00e9kozni . Apuk\u00e1mmal k\u00e9sz\u00edtett\u00fcnk egy saj\u00e1t YouTube csatorn\u00e1t. Szeretn\u00e9m, ha min\u00e9l t\u00f6bben megn\u00e9zn\u00e9k. Ezen a csatorn\u00e1n megtal\u00e1lhat\u00f3ak a nyertes, \u00e9s a vesztes meccseim is.<\/p>\n<p><a href=\"https:\/\/youtube.com\/channel\/UCTJU9weprzzAHh4qgkfeP-w\">https:\/\/youtube.com\/channel\/UCTJU9weprzzAHh4qgkfeP-w<\/a><\/p>\n<p>Szokt\u00e1l-e az edz\u00e9seken k\u00edv\u00fcl is gyakorolni?<\/p>\n<p>Igen. Van otthon tatami, ahol a dob\u00e1sokat szoktam gyakorolni b\u00e1buval.<\/p>\n<p>Milyen felszerel\u00e9snek, l\u00e9tes\u00edtm\u00e9nynek \u00f6r\u00fcln\u00e9l a legjobban?<\/p>\n<p>Egy nagyobb k\u00fczd\u0151teremnek.<\/p>\n<p>Mi a kedvenc \u00e9teled?<\/p>\n<p>Nagyon szeretem a halat \u00e9s a hamburgert.<\/p>\n<p>Ki a kedvenc sportol\u00f3d, p\u00e9ldak\u00e9ped?<\/p>\n<p>Abdulrashid Bulachevich <em>Sadulaev, orosz birkoz\u00f3, Frank Chamizo kubai birkoz\u00f3<\/em><\/p>\n<p>Szerinted mi a legfontosabb felt\u00e9tel, hogy sikeres sportol\u00f3 lehess?<\/p>\n<p>Sok-sok edz\u00e9s, gyakorl\u00e1s.<\/p>\n<p>Gratul\u00e1lunk az eddigi el\u00e9rt eredm\u00e9nyekhez! Figyelemmel fogjuk k\u00eds\u00e9rni Szebaszti\u00e1n tov\u00e1bbi meccseit, \u00e9s mindenk\u00e9pp besz\u00e1molunk a j\u00f6v\u0151beni sikereir\u0151l.<\/p>\n<p>Szeretettel v\u00e1runk minden sportolni v\u00e1gy\u00f3 gyereket, aki szeretn\u00e9 megismerni a k\u00fczd\u0151sport sz\u00e9ps\u00e9geit.<\/p>\n<p>El\u00e9rhet\u0151s\u00e9g: Kapit\u00e1ny Zolt\u00e1n +36 20 932 0655<\/p>\n","protected":false},"excerpt":{"rendered":"<p>P\u00e9csi Szebaszti\u00e1n P\u00e1l 11 \u00e9ves kora ellen\u00e9re sz\u00e1mos d\u00edjjal, elismer\u00e9ssel rendelkezik. <\/p>\n","protected":false},"author":3,"featured_media":2080,"comment_status":"closed","ping_status":"open","sticky":false,"template":"","format":"standard","meta":{"_bbp_topic_count":0,"_bbp_reply_count":0,"_bbp_total_topic_count":0,"_bbp_total_reply_count":0,"_bbp_voice_count":0,"_bbp_anonymous_reply_count":0,"_bbp_topic_count_hidden":0,"_bbp_reply_count_hidden":0,"_bbp_forum_subforum_count":0,"_price":"","_stock":"","_tribe_ticket_header":"","_tribe_default_ticket_provider":"","_ticket_start_date":"","_ticket_end_date":"","_tribe_ticket_show_description":"","_tribe_ticket_show_not_going":false,"_tribe_ticket_use_global_stock":"","_tribe_ticket_global_stock_level":"","_global_stock_mode":"","_global_stock_cap":"","_tribe_rsvp_for_event":"","_tribe_ticket_going_count":"","_tribe_ticket_not_going_count":"","_tribe_tickets_list":"[]","_tribe_ticket_has_attendee_info_fields":false,"footnotes":""},"categories":[1],"tags":[92,91],"class_list":["post-2073","post","type-post","status-publish","format-standard","has-post-thumbnail","hentry","category-hirek","tag-birkozas","tag-judo"],"yoast_head":"<!-- This site is optimized with the Yoast SEO plugin v25.7 - https:\/\/yoast.com\/wordpress\/plugins\/seo\/ -->\n<title>Interj\u00fa a k\u00fczd\u0151sportok fiatal tehets\u00e9g\u00e9vel - F\u00d3T SPORTEGYES\u00dcLET<\/title>\n<meta name=\"robots\" content=\"index, follow, max-snippet:-1, max-image-preview:large, max-video-preview:-1\" \/>\n<link rel=\"canonical\" href=\"https:\/\/fotsportegyesulet.hu\/index.php\/2021\/03\/24\/interju-pecsi-szebasztiannal-a-kuzdosportok-fiatal-tehetsegevel\/\" \/>\n<meta property=\"og:locale\" content=\"hu_HU\" \/>\n<meta property=\"og:type\" content=\"article\" \/>\n<meta property=\"og:title\" content=\"Interj\u00fa a k\u00fczd\u0151sportok fiatal tehets\u00e9g\u00e9vel - F\u00d3T SPORTEGYES\u00dcLET\" \/>\n<meta property=\"og:description\" content=\"P\u00e9csi Szebaszti\u00e1n P\u00e1l 11 \u00e9ves kora ellen\u00e9re sz\u00e1mos d\u00edjjal, elismer\u00e9ssel rendelkezik.\" \/>\n<meta property=\"og:url\" content=\"https:\/\/fotsportegyesulet.hu\/index.php\/2021\/03\/24\/interju-pecsi-szebasztiannal-a-kuzdosportok-fiatal-tehetsegevel\/\" \/>\n<meta property=\"og:site_name\" content=\"F\u00d3T SPORTEGYES\u00dcLET\" \/>\n<meta property=\"article:publisher\" content=\"https:\/\/www.facebook.com\/fotsportegyesulet\/\" \/>\n<meta property=\"article:published_time\" content=\"2021-03-24T17:25:47+00:00\" \/>\n<meta property=\"article:modified_time\" content=\"2021-03-24T17:40:57+00:00\" \/>\n<meta property=\"og:image\" content=\"https:\/\/fotsportegyesulet.hu\/wp-content\/uploads\/2021\/03\/Szebasztian-jo-meret-2.jpg\" \/>\n\t<meta property=\"og:image:width\" content=\"955\" \/>\n\t<meta property=\"og:image:height\" content=\"455\" \/>\n\t<meta property=\"og:image:type\" content=\"image\/jpeg\" \/>\n<meta name=\"author\" content=\"F\u00f3t SE\" \/>\n<meta name=\"twitter:card\" content=\"summary_large_image\" \/>\n<meta name=\"twitter:label1\" content=\"Szerz\u0151:\" \/>\n\t<meta name=\"twitter:data1\" content=\"F\u00f3t SE\" \/>\n\t<meta name=\"twitter:label2\" content=\"Becs\u00fclt olvas\u00e1si id\u0151\" \/>\n\t<meta name=\"twitter:data2\" content=\"2 perc\" \/>\n<script type=\"application\/ld+json\" class=\"yoast-schema-graph\">{\"@context\":\"https:\/\/schema.org\",\"@graph\":[{\"@type\":\"Article\",\"@id\":\"https:\/\/fotsportegyesulet.hu\/index.php\/2021\/03\/24\/interju-pecsi-szebasztiannal-a-kuzdosportok-fiatal-tehetsegevel\/#article\",\"isPartOf\":{\"@id\":\"https:\/\/fotsportegyesulet.hu\/index.php\/2021\/03\/24\/interju-pecsi-szebasztiannal-a-kuzdosportok-fiatal-tehetsegevel\/\"},\"author\":{\"name\":\"F\u00f3t SE\",\"@id\":\"https:\/\/fotsportegyesulet.hu\/#\/schema\/person\/8750ccb3a5183172b75dcc348ffbdbb1\"},\"headline\":\"Interj\u00fa a k\u00fczd\u0151sportok fiatal tehets\u00e9g\u00e9vel\",\"datePublished\":\"2021-03-24T17:25:47+00:00\",\"dateModified\":\"2021-03-24T17:40:57+00:00\",\"mainEntityOfPage\":{\"@id\":\"https:\/\/fotsportegyesulet.hu\/index.php\/2021\/03\/24\/interju-pecsi-szebasztiannal-a-kuzdosportok-fiatal-tehetsegevel\/\"},\"wordCount\":449,\"publisher\":{\"@id\":\"https:\/\/fotsportegyesulet.hu\/#organization\"},\"image\":{\"@id\":\"https:\/\/fotsportegyesulet.hu\/index.php\/2021\/03\/24\/interju-pecsi-szebasztiannal-a-kuzdosportok-fiatal-tehetsegevel\/#primaryimage\"},\"thumbnailUrl\":\"https:\/\/fotsportegyesulet.hu\/wp-content\/uploads\/2021\/03\/Szebasztian-jo-meret-2.jpg\",\"keywords\":[\"birk\u00f3z\u00e1s\",\"judo\"],\"articleSection\":[\"H\u00edrek\"],\"inLanguage\":\"hu\"},{\"@type\":\"WebPage\",\"@id\":\"https:\/\/fotsportegyesulet.hu\/index.php\/2021\/03\/24\/interju-pecsi-szebasztiannal-a-kuzdosportok-fiatal-tehetsegevel\/\",\"url\":\"https:\/\/fotsportegyesulet.hu\/index.php\/2021\/03\/24\/interju-pecsi-szebasztiannal-a-kuzdosportok-fiatal-tehetsegevel\/\",\"name\":\"Interj\u00fa a k\u00fczd\u0151sportok fiatal tehets\u00e9g\u00e9vel - F\u00d3T SPORTEGYES\u00dcLET\",\"isPartOf\":{\"@id\":\"https:\/\/fotsportegyesulet.hu\/#website\"},\"primaryImageOfPage\":{\"@id\":\"https:\/\/fotsportegyesulet.hu\/index.php\/2021\/03\/24\/interju-pecsi-szebasztiannal-a-kuzdosportok-fiatal-tehetsegevel\/#primaryimage\"},\"image\":{\"@id\":\"https:\/\/fotsportegyesulet.hu\/index.php\/2021\/03\/24\/interju-pecsi-szebasztiannal-a-kuzdosportok-fiatal-tehetsegevel\/#primaryimage\"},\"thumbnailUrl\":\"https:\/\/fotsportegyesulet.hu\/wp-content\/uploads\/2021\/03\/Szebasztian-jo-meret-2.jpg\",\"datePublished\":\"2021-03-24T17:25:47+00:00\",\"dateModified\":\"2021-03-24T17:40:57+00:00\",\"breadcrumb\":{\"@id\":\"https:\/\/fotsportegyesulet.hu\/index.php\/2021\/03\/24\/interju-pecsi-szebasztiannal-a-kuzdosportok-fiatal-tehetsegevel\/#breadcrumb\"},\"inLanguage\":\"hu\",\"potentialAction\":[{\"@type\":\"ReadAction\",\"target\":[\"https:\/\/fotsportegyesulet.hu\/index.php\/2021\/03\/24\/interju-pecsi-szebasztiannal-a-kuzdosportok-fiatal-tehetsegevel\/\"]}]},{\"@type\":\"ImageObject\",\"inLanguage\":\"hu\",\"@id\":\"https:\/\/fotsportegyesulet.hu\/index.php\/2021\/03\/24\/interju-pecsi-szebasztiannal-a-kuzdosportok-fiatal-tehetsegevel\/#primaryimage\",\"url\":\"https:\/\/fotsportegyesulet.hu\/wp-content\/uploads\/2021\/03\/Szebasztian-jo-meret-2.jpg\",\"contentUrl\":\"https:\/\/fotsportegyesulet.hu\/wp-content\/uploads\/2021\/03\/Szebasztian-jo-meret-2.jpg\",\"width\":955,\"height\":455},{\"@type\":\"BreadcrumbList\",\"@id\":\"https:\/\/fotsportegyesulet.hu\/index.php\/2021\/03\/24\/interju-pecsi-szebasztiannal-a-kuzdosportok-fiatal-tehetsegevel\/#breadcrumb\",\"itemListElement\":[{\"@type\":\"ListItem\",\"position\":1,\"name\":\"Kezd\u0151lap\",\"item\":\"https:\/\/fotsportegyesulet.hu\/\"},{\"@type\":\"ListItem\",\"position\":2,\"name\":\"Interj\u00fa a k\u00fczd\u0151sportok fiatal tehets\u00e9g\u00e9vel\"}]},{\"@type\":\"WebSite\",\"@id\":\"https:\/\/fotsportegyesulet.hu\/#website\",\"url\":\"https:\/\/fotsportegyesulet.hu\/\",\"name\":\"F\u00d3T SPORTEGYES\u00dcLET\",\"description\":\"\",\"publisher\":{\"@id\":\"https:\/\/fotsportegyesulet.hu\/#organization\"},\"potentialAction\":[{\"@type\":\"SearchAction\",\"target\":{\"@type\":\"EntryPoint\",\"urlTemplate\":\"https:\/\/fotsportegyesulet.hu\/?s={search_term_string}\"},\"query-input\":{\"@type\":\"PropertyValueSpecification\",\"valueRequired\":true,\"valueName\":\"search_term_string\"}}],\"inLanguage\":\"hu\"},{\"@type\":\"Organization\",\"@id\":\"https:\/\/fotsportegyesulet.hu\/#organization\",\"name\":\"F\u00f3t Sportegyes\u00fclet\",\"url\":\"https:\/\/fotsportegyesulet.hu\/\",\"logo\":{\"@type\":\"ImageObject\",\"inLanguage\":\"hu\",\"@id\":\"https:\/\/fotsportegyesulet.hu\/#\/schema\/logo\/image\/\",\"url\":\"https:\/\/fotsportegyesulet.hu\/wp-content\/uploads\/2020\/07\/eredeti-sz\u00ednes-vektoros-Fot-cimer-3.png\",\"contentUrl\":\"https:\/\/fotsportegyesulet.hu\/wp-content\/uploads\/2020\/07\/eredeti-sz\u00ednes-vektoros-Fot-cimer-3.png\",\"width\":500,\"height\":500,\"caption\":\"F\u00f3t Sportegyes\u00fclet\"},\"image\":{\"@id\":\"https:\/\/fotsportegyesulet.hu\/#\/schema\/logo\/image\/\"},\"sameAs\":[\"https:\/\/www.facebook.com\/fotsportegyesulet\/\"]},{\"@type\":\"Person\",\"@id\":\"https:\/\/fotsportegyesulet.hu\/#\/schema\/person\/8750ccb3a5183172b75dcc348ffbdbb1\",\"name\":\"F\u00f3t SE\",\"image\":{\"@type\":\"ImageObject\",\"inLanguage\":\"hu\",\"@id\":\"https:\/\/fotsportegyesulet.hu\/#\/schema\/person\/image\/\",\"url\":\"https:\/\/secure.gravatar.com\/avatar\/2f768bb7a490a49aeb2ccaf4bacc94391bbafd4b6aa54eb6f9318ffc80d81dad?s=96&d=mm&r=g\",\"contentUrl\":\"https:\/\/secure.gravatar.com\/avatar\/2f768bb7a490a49aeb2ccaf4bacc94391bbafd4b6aa54eb6f9318ffc80d81dad?s=96&d=mm&r=g\",\"caption\":\"F\u00f3t SE\"},\"sameAs\":[\"http:\/\/fotsportegyesulet.hu\"],\"url\":\"https:\/\/fotsportegyesulet.hu\/index.php\/author\/kapitany-zoltan\/\"}]}<\/script>\n<!-- \/ Yoast SEO plugin. -->","yoast_head_json":{"title":"Interj\u00fa a k\u00fczd\u0151sportok fiatal tehets\u00e9g\u00e9vel - F\u00d3T SPORTEGYES\u00dcLET","robots":{"index":"index","follow":"follow","max-snippet":"max-snippet:-1","max-image-preview":"max-image-preview:large","max-video-preview":"max-video-preview:-1"},"canonical":"https:\/\/fotsportegyesulet.hu\/index.php\/2021\/03\/24\/interju-pecsi-szebasztiannal-a-kuzdosportok-fiatal-tehetsegevel\/","og_locale":"hu_HU","og_type":"article","og_title":"Interj\u00fa a k\u00fczd\u0151sportok fiatal tehets\u00e9g\u00e9vel - F\u00d3T SPORTEGYES\u00dcLET","og_description":"P\u00e9csi Szebaszti\u00e1n P\u00e1l 11 \u00e9ves kora ellen\u00e9re sz\u00e1mos d\u00edjjal, elismer\u00e9ssel rendelkezik.","og_url":"https:\/\/fotsportegyesulet.hu\/index.php\/2021\/03\/24\/interju-pecsi-szebasztiannal-a-kuzdosportok-fiatal-tehetsegevel\/","og_site_name":"F\u00d3T SPORTEGYES\u00dcLET","article_publisher":"https:\/\/www.facebook.com\/fotsportegyesulet\/","article_published_time":"2021-03-24T17:25:47+00:00","article_modified_time":"2021-03-24T17:40:57+00:00","og_image":[{"width":955,"height":455,"url":"https:\/\/fotsportegyesulet.hu\/wp-content\/uploads\/2021\/03\/Szebasztian-jo-meret-2.jpg","type":"image\/jpeg"}],"author":"F\u00f3t SE","twitter_card":"summary_large_image","twitter_misc":{"Szerz\u0151:":"F\u00f3t SE","Becs\u00fclt olvas\u00e1si id\u0151":"2 perc"},"schema":{"@context":"https:\/\/schema.org","@graph":[{"@type":"Article","@id":"https:\/\/fotsportegyesulet.hu\/index.php\/2021\/03\/24\/interju-pecsi-szebasztiannal-a-kuzdosportok-fiatal-tehetsegevel\/#article","isPartOf":{"@id":"https:\/\/fotsportegyesulet.hu\/index.php\/2021\/03\/24\/interju-pecsi-szebasztiannal-a-kuzdosportok-fiatal-tehetsegevel\/"},"author":{"name":"F\u00f3t SE","@id":"https:\/\/fotsportegyesulet.hu\/#\/schema\/person\/8750ccb3a5183172b75dcc348ffbdbb1"},"headline":"Interj\u00fa a k\u00fczd\u0151sportok fiatal tehets\u00e9g\u00e9vel","datePublished":"2021-03-24T17:25:47+00:00","dateModified":"2021-03-24T17:40:57+00:00","mainEntityOfPage":{"@id":"https:\/\/fotsportegyesulet.hu\/index.php\/2021\/03\/24\/interju-pecsi-szebasztiannal-a-kuzdosportok-fiatal-tehetsegevel\/"},"wordCount":449,"publisher":{"@id":"https:\/\/fotsportegyesulet.hu\/#organization"},"image":{"@id":"https:\/\/fotsportegyesulet.hu\/index.php\/2021\/03\/24\/interju-pecsi-szebasztiannal-a-kuzdosportok-fiatal-tehetsegevel\/#primaryimage"},"thumbnailUrl":"https:\/\/fotsportegyesulet.hu\/wp-content\/uploads\/2021\/03\/Szebasztian-jo-meret-2.jpg","keywords":["birk\u00f3z\u00e1s","judo"],"articleSection":["H\u00edrek"],"inLanguage":"hu"},{"@type":"WebPage","@id":"https:\/\/fotsportegyesulet.hu\/index.php\/2021\/03\/24\/interju-pecsi-szebasztiannal-a-kuzdosportok-fiatal-tehetsegevel\/","url":"https:\/\/fotsportegyesulet.hu\/index.php\/2021\/03\/24\/interju-pecsi-szebasztiannal-a-kuzdosportok-fiatal-tehetsegevel\/","name":"Interj\u00fa a k\u00fczd\u0151sportok fiatal tehets\u00e9g\u00e9vel - F\u00d3T SPORTEGYES\u00dcLET","isPartOf":{"@id":"https:\/\/fotsportegyesulet.hu\/#website"},"primaryImageOfPage":{"@id":"https:\/\/fotsportegyesulet.hu\/index.php\/2021\/03\/24\/interju-pecsi-szebasztiannal-a-kuzdosportok-fiatal-tehetsegevel\/#primaryimage"},"image":{"@id":"https:\/\/fotsportegyesulet.hu\/index.php\/2021\/03\/24\/interju-pecsi-szebasztiannal-a-kuzdosportok-fiatal-tehetsegevel\/#primaryimage"},"thumbnailUrl":"https:\/\/fotsportegyesulet.hu\/wp-content\/uploads\/2021\/03\/Szebasztian-jo-meret-2.jpg","datePublished":"2021-03-24T17:25:47+00:00","dateModified":"2021-03-24T17:40:57+00:00","breadcrumb":{"@id":"https:\/\/fotsportegyesulet.hu\/index.php\/2021\/03\/24\/interju-pecsi-szebasztiannal-a-kuzdosportok-fiatal-tehetsegevel\/#breadcrumb"},"inLanguage":"hu","potentialAction":[{"@type":"ReadAction","target":["https:\/\/fotsportegyesulet.hu\/index.php\/2021\/03\/24\/interju-pecsi-szebasztiannal-a-kuzdosportok-fiatal-tehetsegevel\/"]}]},{"@type":"ImageObject","inLanguage":"hu","@id":"https:\/\/fotsportegyesulet.hu\/index.php\/2021\/03\/24\/interju-pecsi-szebasztiannal-a-kuzdosportok-fiatal-tehetsegevel\/#primaryimage","url":"https:\/\/fotsportegyesulet.hu\/wp-content\/uploads\/2021\/03\/Szebasztian-jo-meret-2.jpg","contentUrl":"https:\/\/fotsportegyesulet.hu\/wp-content\/uploads\/2021\/03\/Szebasztian-jo-meret-2.jpg","width":955,"height":455},{"@type":"BreadcrumbList","@id":"https:\/\/fotsportegyesulet.hu\/index.php\/2021\/03\/24\/interju-pecsi-szebasztiannal-a-kuzdosportok-fiatal-tehetsegevel\/#breadcrumb","itemListElement":[{"@type":"ListItem","position":1,"name":"Kezd\u0151lap","item":"https:\/\/fotsportegyesulet.hu\/"},{"@type":"ListItem","position":2,"name":"Interj\u00fa a k\u00fczd\u0151sportok fiatal tehets\u00e9g\u00e9vel"}]},{"@type":"WebSite","@id":"https:\/\/fotsportegyesulet.hu\/#website","url":"https:\/\/fotsportegyesulet.hu\/","name":"F\u00d3T SPORTEGYES\u00dcLET","description":"","publisher":{"@id":"https:\/\/fotsportegyesulet.hu\/#organization"},"potentialAction":[{"@type":"SearchAction","target":{"@type":"EntryPoint","urlTemplate":"https:\/\/fotsportegyesulet.hu\/?s={search_term_string}"},"query-input":{"@type":"PropertyValueSpecification","valueRequired":true,"valueName":"search_term_string"}}],"inLanguage":"hu"},{"@type":"Organization","@id":"https:\/\/fotsportegyesulet.hu\/#organization","name":"F\u00f3t Sportegyes\u00fclet","url":"https:\/\/fotsportegyesulet.hu\/","logo":{"@type":"ImageObject","inLanguage":"hu","@id":"https:\/\/fotsportegyesulet.hu\/#\/schema\/logo\/image\/","url":"https:\/\/fotsportegyesulet.hu\/wp-content\/uploads\/2020\/07\/eredeti-sz\u00ednes-vektoros-Fot-cimer-3.png","contentUrl":"https:\/\/fotsportegyesulet.hu\/wp-content\/uploads\/2020\/07\/eredeti-sz\u00ednes-vektoros-Fot-cimer-3.png","width":500,"height":500,"caption":"F\u00f3t Sportegyes\u00fclet"},"image":{"@id":"https:\/\/fotsportegyesulet.hu\/#\/schema\/logo\/image\/"},"sameAs":["https:\/\/www.facebook.com\/fotsportegyesulet\/"]},{"@type":"Person","@id":"https:\/\/fotsportegyesulet.hu\/#\/schema\/person\/8750ccb3a5183172b75dcc348ffbdbb1","name":"F\u00f3t SE","image":{"@type":"ImageObject","inLanguage":"hu","@id":"https:\/\/fotsportegyesulet.hu\/#\/schema\/person\/image\/","url":"https:\/\/secure.gravatar.com\/avatar\/2f768bb7a490a49aeb2ccaf4bacc94391bbafd4b6aa54eb6f9318ffc80d81dad?s=96&d=mm&r=g","contentUrl":"https:\/\/secure.gravatar.com\/avatar\/2f768bb7a490a49aeb2ccaf4bacc94391bbafd4b6aa54eb6f9318ffc80d81dad?s=96&d=mm&r=g","caption":"F\u00f3t SE"},"sameAs":["http:\/\/fotsportegyesulet.hu"],"url":"https:\/\/fotsportegyesulet.hu\/index.php\/author\/kapitany-zoltan\/"}]}},"_links":{"self":[{"href":"https:\/\/fotsportegyesulet.hu\/index.php\/wp-json\/wp\/v2\/posts\/2073","targetHints":{"allow":["GET"]}}],"collection":[{"href":"https:\/\/fotsportegyesulet.hu\/index.php\/wp-json\/wp\/v2\/posts"}],"about":[{"href":"https:\/\/fotsportegyesulet.hu\/index.php\/wp-json\/wp\/v2\/types\/post"}],"author":[{"embeddable":true,"href":"https:\/\/fotsportegyesulet.hu\/index.php\/wp-json\/wp\/v2\/users\/3"}],"replies":[{"embeddable":true,"href":"https:\/\/fotsportegyesulet.hu\/index.php\/wp-json\/wp\/v2\/comments?post=2073"}],"version-history":[{"count":11,"href":"https:\/\/fotsportegyesulet.hu\/index.php\/wp-json\/wp\/v2\/posts\/2073\/revisions"}],"predecessor-version":[{"id":2088,"href":"https:\/\/fotsportegyesulet.hu\/index.php\/wp-json\/wp\/v2\/posts\/2073\/revisions\/2088"}],"wp:featuredmedia":[{"embeddable":true,"href":"https:\/\/fotsportegyesulet.hu\/index.php\/wp-json\/wp\/v2\/media\/2080"}],"wp:attachment":[{"href":"https:\/\/fotsportegyesulet.hu\/index.php\/wp-json\/wp\/v2\/media?parent=2073"}],"wp:term":[{"taxonomy":"category","embeddable":true,"href":"https:\/\/fotsportegyesulet.hu\/index.php\/wp-json\/wp\/v2\/categories?post=2073"},{"taxonomy":"post_tag","embeddable":true,"href":"https:\/\/fotsportegyesulet.hu\/index.php\/wp-json\/wp\/v2\/tags?post=2073"}],"curies":[{"name":"wp","href":"https:\/\/api.w.org\/{rel}","templated":true}]}}