{"id":2052,"date":"2021-03-17T17:04:50","date_gmt":"2021-03-17T15:04:50","guid":{"rendered":"https:\/\/fotsportegyesulet.hu\/?p=2052"},"modified":"2021-03-17T17:43:31","modified_gmt":"2021-03-17T15:43:31","slug":"interju-nagy-bencevel-a-fot-se-labdarugojaval","status":"publish","type":"post","link":"https:\/\/fotsportegyesulet.hu\/index.php\/2021\/03\/17\/interju-nagy-bencevel-a-fot-se-labdarugojaval\/","title":{"rendered":"Interj\u00fa Nagy Benc\u00e9vel a F\u00f3t SE labdar\u00fag\u00f3j\u00e1val"},"content":{"rendered":"<p><img loading=\"lazy\" decoding=\"async\" class=\"wp-image-2054 size-full aligncenter\" src=\"https:\/\/fotsportegyesulet.hu\/wp-content\/uploads\/2021\/03\/Bence_jo-meret.jpg\" alt=\"\" width=\"956\" height=\"455\" srcset=\"https:\/\/fotsportegyesulet.hu\/wp-content\/uploads\/2021\/03\/Bence_jo-meret.jpg 956w, https:\/\/fotsportegyesulet.hu\/wp-content\/uploads\/2021\/03\/Bence_jo-meret-300x143.jpg 300w, https:\/\/fotsportegyesulet.hu\/wp-content\/uploads\/2021\/03\/Bence_jo-meret-768x366.jpg 768w\" sizes=\"auto, (max-width: 956px) 100vw, 956px\" \/>Elind\u00edtjuk az interj\u00fasorozatunkat. Bemutatjuk a szakoszt\u00e1lyaink vezet\u0151it, edz\u0151it, sportol\u00f3it. Egyes\u00fclet\u00fcnk \u00e9let\u00e9t \u00edgy m\u00e9g k\u00f6zelebbr\u0151l ismerhetitek meg. Els\u0151 interj\u00fa alanyunk Nagy Bence, aki imm\u00e1ron 11 \u00e9ve er\u0151s\u00edti a labdar\u00fag\u00f3 csapatainkat.<\/p>\n<p><strong>Mikor \u00e9s kinek k\u00f6sz\u00f6nhet\u0151en ker\u00fclt\u00e9l kapcsolatba a F\u00f3t SE egyes\u00fclettel?<\/strong><\/p>\n<p>2010 k\u00f6r\u00fcl kezdtem lej\u00e1rni a f\u00f3ti p\u00e1ly\u00e1ra. De ezel\u0151tt m\u00e1r t\u00f6bb \u00e9ve kapcsolatban voltam az egyes\u00fclettel. Nagypap\u00e1m sok id\u0151t t\u00f6lt\u00f6tt a p\u00e1ly\u00e1n, \u00e9s sokszor engem is levitt. \u00cdgy kezdett el egyre jobban \u00e9rdekelni a labdar\u00fag\u00e1s.<\/p>\n<p><strong>Mit v\u00e1rsz saj\u00e1t magadt\u00f3l a tavaszi szezonban?<\/strong><\/p>\n<p>Azt, hogy min\u00e9l t\u00f6bb m\u00e9rk\u0151z\u00e9sen r\u00e9szt vegyek, \u00e9s sok tapasztalatot szerezhessek.\u00a0Az eddig szerzett rutinommal \u00e9s mentalit\u00e1sommal sokat tudok seg\u00edteni a csapatt\u00e1rsaimnak mind a p\u00e1ly\u00e1n, \u00e9s az edz\u00e9seken is. A saj\u00e1t, egy\u00e9ni c\u00e9lom min\u00e9l kevesebb kapott g\u00f3llal hozzuk le a meccseket, \u00e9s ezzel n\u00f6velni a csapat gy\u0151zelmeinek sz\u00e1m\u00e1t.<\/p>\n<p><strong>Mi\u00f3ta sportolsz a F\u00f3t Se csapat\u00e1ban?<\/strong><\/p>\n<p>2010 \u00f3ta sportolok az egyes\u00fcletn\u00e9l. Az U19-es csapatot er\u0151s\u00edtem, mint k\u00f6z\u00e9ph\u00e1tv\u00e9d. A csapat most a k\u00f6z\u00e9p mez\u0151nyben van, sz\u00e1mos neh\u00e9z \u00e9s k\u00f6nnyebb meccs van m\u00e9g el\u0151tt\u00fcnk.<\/p>\n<p><strong>Mit szeretsz legjobban az edz\u00e9seken?<\/strong><\/p>\n<p>Az edz\u00e9seknek van egyfajta csal\u00e1dias hangulata, ami az edz\u0151 \u00e9s a csapatkapit\u00e1ny \u00e9rdeme. Ez elfeledteti a neh\u00e9zs\u00e9geket, seg\u00edt kikapcsolni \u00e9s koncentr\u00e1lni a v\u00e1ltozatos feladatokra.<\/p>\n<p><strong>Ki az edz\u0151d?<\/strong><\/p>\n<p>Serd\u00fclt Tam\u00e1s<\/p>\n<p><strong>Hogy f\u00e9r \u00f6ssze a tanul\u00e1s a sporttal?<\/strong><\/p>\n<p>Meg kell tal\u00e1lni a t\u00f6k\u00e9letes egyens\u00falyt az edz\u00e9sek, \u00e9s a tanul\u00e1s k\u00f6zt. Sok oszt\u00e1lyt\u00e1rsam az edz\u00e9sek ut\u00e1nra hagyja a tanul\u00e1st, \u00e9n azonban pr\u00f3b\u00e1lom befejezni a feladatokat az edz\u00e9sig, hogy 100%-ban az erre tudjak koncentr\u00e1lni.<\/p>\n<p><strong>Mi a kedvenc id\u0151t\u00f6lt\u00e9sed?<\/strong><\/p>\n<p>Neh\u00e9z k\u00e9rd\u00e9s, nem tudn\u00e9k egy adott tev\u00e9kenys\u00e9get mondani. Az biztos, hogy t\u00f6bb is kapcsol\u00f3dik a sportokhoz. \u00c9rdekel az e-sport,\u00e9s az aut\u00f3sport is, azon bel\u00fcl a WRC.\u00a0 Sokat foglalkozok az e-sporttal, \u00e9s pr\u00f3b\u00e1lok benne fejl\u0151dni de ezt csak hobbi szinten \u0171z\u00f6m.<\/p>\n<p><strong>Milyen felszerel\u00e9snek, l\u00e9tes\u00edtm\u00e9nynek \u00f6r\u00fcln\u00e9l a legjobban?<\/strong><\/p>\n<p>Olyan felszerel\u00e9snek \u00f6r\u00fcln\u00e9k, amivel az \u00e1ll\u00f3k\u00e9pess\u00e9get lehet fejleszteni.<\/p>\n<p><strong>Mi a kedvenc \u00e9teled?<\/strong><\/p>\n<p>Az olasz konyh\u00e1t kedvelem a legjobban. A tenger gy\u00fcm\u00f6lcsei t\u00e9szt\u00e1nak sose b\u00edrok ellen\u00e1llni.<\/p>\n<p><strong>Van-e testv\u00e9red? \u0150 is sportol?<\/strong><\/p>\n<p>Igen van. \u0150 is futballozik, \u00edgy egy eg\u00e9szs\u00e9ges verseny alakult ki kett\u0151nk k\u00f6z\u00f6tt, hogy ki lehet a jobb\u00a0 labdar\u00fag\u00f3. Ezt m\u00e9g nem siker\u00fclt eld\u00f6nteni.<\/p>\n<p>Nagyon k\u00f6sz\u00f6nj\u00fck a v\u00e1laszaidat. Sok sikert k\u00edv\u00e1nunk a tavaszi fordul\u00f3khoz.<\/p>\n<p>V\u00e1runk minden sportot szeret\u0151\u00a0 gyermeket, \u00e9s feln\u0151ttet a szakoszt\u00e1lyainkba.<\/p>\n<p>El\u00e9rhet\u0151s\u00e9g: Kapit\u00e1ny Zolt\u00e1n +36 20 932 0655<\/p>\n","protected":false},"excerpt":{"rendered":"<p>Elind\u00edtjuk az interj\u00fasorozatunkat, melyben bemutatjuk a szakoszt\u00e1lyaink vezet\u0151it, edz\u0151it, sportol\u00f3it.<\/p>\n","protected":false},"author":3,"featured_media":2054,"comment_status":"closed","ping_status":"open","sticky":false,"template":"","format":"standard","meta":{"_bbp_topic_count":0,"_bbp_reply_count":0,"_bbp_total_topic_count":0,"_bbp_total_reply_count":0,"_bbp_voice_count":0,"_bbp_anonymous_reply_count":0,"_bbp_topic_count_hidden":0,"_bbp_reply_count_hidden":0,"_bbp_forum_subforum_count":0,"_price":"","_stock":"","_tribe_ticket_header":"","_tribe_default_ticket_provider":"","_ticket_start_date":"","_ticket_end_date":"","_tribe_ticket_show_description":"","_tribe_ticket_show_not_going":false,"_tribe_ticket_use_global_stock":"","_tribe_ticket_global_stock_level":"","_global_stock_mode":"","_global_stock_cap":"","_tribe_rsvp_for_event":"","_tribe_ticket_going_count":"","_tribe_ticket_not_going_count":"","_tribe_tickets_list":"[]","_tribe_ticket_has_attendee_info_fields":false,"footnotes":""},"categories":[1,67],"tags":[88,89],"class_list":["post-2052","post","type-post","status-publish","format-standard","has-post-thumbnail","hentry","category-hirek","category-labdarugas","tag-interju","tag-labdarugas"],"yoast_head":"<!-- This site is optimized with the Yoast SEO plugin v25.7 - https:\/\/yoast.com\/wordpress\/plugins\/seo\/ -->\n<title>Interj\u00fa Nagy Benc\u00e9vel a F\u00f3t SE labdar\u00fag\u00f3j\u00e1val - F\u00d3T SPORTEGYES\u00dcLET<\/title>\n<meta name=\"robots\" content=\"index, follow, max-snippet:-1, max-image-preview:large, max-video-preview:-1\" \/>\n<link rel=\"canonical\" href=\"https:\/\/fotsportegyesulet.hu\/index.php\/2021\/03\/17\/interju-nagy-bencevel-a-fot-se-labdarugojaval\/\" \/>\n<meta property=\"og:locale\" content=\"hu_HU\" \/>\n<meta property=\"og:type\" content=\"article\" \/>\n<meta property=\"og:title\" content=\"Interj\u00fa Nagy Benc\u00e9vel a F\u00f3t SE labdar\u00fag\u00f3j\u00e1val - F\u00d3T SPORTEGYES\u00dcLET\" \/>\n<meta property=\"og:description\" content=\"Elind\u00edtjuk az interj\u00fasorozatunkat, melyben bemutatjuk a szakoszt\u00e1lyaink vezet\u0151it, edz\u0151it, sportol\u00f3it.\" \/>\n<meta property=\"og:url\" content=\"https:\/\/fotsportegyesulet.hu\/index.php\/2021\/03\/17\/interju-nagy-bencevel-a-fot-se-labdarugojaval\/\" \/>\n<meta property=\"og:site_name\" content=\"F\u00d3T SPORTEGYES\u00dcLET\" \/>\n<meta property=\"article:publisher\" content=\"https:\/\/www.facebook.com\/fotsportegyesulet\/\" \/>\n<meta property=\"article:published_time\" content=\"2021-03-17T15:04:50+00:00\" \/>\n<meta property=\"article:modified_time\" content=\"2021-03-17T15:43:31+00:00\" \/>\n<meta property=\"og:image\" content=\"https:\/\/fotsportegyesulet.hu\/wp-content\/uploads\/2021\/03\/Bence_jo-meret.jpg\" \/>\n\t<meta property=\"og:image:width\" content=\"956\" \/>\n\t<meta property=\"og:image:height\" content=\"455\" \/>\n\t<meta property=\"og:image:type\" content=\"image\/jpeg\" \/>\n<meta name=\"author\" content=\"F\u00f3t SE\" \/>\n<meta name=\"twitter:card\" content=\"summary_large_image\" \/>\n<meta name=\"twitter:label1\" content=\"Szerz\u0151:\" \/>\n\t<meta name=\"twitter:data1\" content=\"F\u00f3t SE\" \/>\n\t<meta name=\"twitter:label2\" content=\"Becs\u00fclt olvas\u00e1si id\u0151\" \/>\n\t<meta name=\"twitter:data2\" content=\"3 perc\" \/>\n<script type=\"application\/ld+json\" class=\"yoast-schema-graph\">{\"@context\":\"https:\/\/schema.org\",\"@graph\":[{\"@type\":\"Article\",\"@id\":\"https:\/\/fotsportegyesulet.hu\/index.php\/2021\/03\/17\/interju-nagy-bencevel-a-fot-se-labdarugojaval\/#article\",\"isPartOf\":{\"@id\":\"https:\/\/fotsportegyesulet.hu\/index.php\/2021\/03\/17\/interju-nagy-bencevel-a-fot-se-labdarugojaval\/\"},\"author\":{\"name\":\"F\u00f3t SE\",\"@id\":\"https:\/\/fotsportegyesulet.hu\/#\/schema\/person\/8750ccb3a5183172b75dcc348ffbdbb1\"},\"headline\":\"Interj\u00fa Nagy Benc\u00e9vel a F\u00f3t SE labdar\u00fag\u00f3j\u00e1val\",\"datePublished\":\"2021-03-17T15:04:50+00:00\",\"dateModified\":\"2021-03-17T15:43:31+00:00\",\"mainEntityOfPage\":{\"@id\":\"https:\/\/fotsportegyesulet.hu\/index.php\/2021\/03\/17\/interju-nagy-bencevel-a-fot-se-labdarugojaval\/\"},\"wordCount\":547,\"publisher\":{\"@id\":\"https:\/\/fotsportegyesulet.hu\/#organization\"},\"image\":{\"@id\":\"https:\/\/fotsportegyesulet.hu\/index.php\/2021\/03\/17\/interju-nagy-bencevel-a-fot-se-labdarugojaval\/#primaryimage\"},\"thumbnailUrl\":\"https:\/\/fotsportegyesulet.hu\/wp-content\/uploads\/2021\/03\/Bence_jo-meret.jpg\",\"keywords\":[\"interj\u00fa\",\"labdar\u00fag\u00e1s\"],\"articleSection\":[\"H\u00edrek\",\"Labdar\u00fag\u00e1s\"],\"inLanguage\":\"hu\"},{\"@type\":\"WebPage\",\"@id\":\"https:\/\/fotsportegyesulet.hu\/index.php\/2021\/03\/17\/interju-nagy-bencevel-a-fot-se-labdarugojaval\/\",\"url\":\"https:\/\/fotsportegyesulet.hu\/index.php\/2021\/03\/17\/interju-nagy-bencevel-a-fot-se-labdarugojaval\/\",\"name\":\"Interj\u00fa Nagy Benc\u00e9vel a F\u00f3t SE labdar\u00fag\u00f3j\u00e1val - F\u00d3T SPORTEGYES\u00dcLET\",\"isPartOf\":{\"@id\":\"https:\/\/fotsportegyesulet.hu\/#website\"},\"primaryImageOfPage\":{\"@id\":\"https:\/\/fotsportegyesulet.hu\/index.php\/2021\/03\/17\/interju-nagy-bencevel-a-fot-se-labdarugojaval\/#primaryimage\"},\"image\":{\"@id\":\"https:\/\/fotsportegyesulet.hu\/index.php\/2021\/03\/17\/interju-nagy-bencevel-a-fot-se-labdarugojaval\/#primaryimage\"},\"thumbnailUrl\":\"https:\/\/fotsportegyesulet.hu\/wp-content\/uploads\/2021\/03\/Bence_jo-meret.jpg\",\"datePublished\":\"2021-03-17T15:04:50+00:00\",\"dateModified\":\"2021-03-17T15:43:31+00:00\",\"breadcrumb\":{\"@id\":\"https:\/\/fotsportegyesulet.hu\/index.php\/2021\/03\/17\/interju-nagy-bencevel-a-fot-se-labdarugojaval\/#breadcrumb\"},\"inLanguage\":\"hu\",\"potentialAction\":[{\"@type\":\"ReadAction\",\"target\":[\"https:\/\/fotsportegyesulet.hu\/index.php\/2021\/03\/17\/interju-nagy-bencevel-a-fot-se-labdarugojaval\/\"]}]},{\"@type\":\"ImageObject\",\"inLanguage\":\"hu\",\"@id\":\"https:\/\/fotsportegyesulet.hu\/index.php\/2021\/03\/17\/interju-nagy-bencevel-a-fot-se-labdarugojaval\/#primaryimage\",\"url\":\"https:\/\/fotsportegyesulet.hu\/wp-content\/uploads\/2021\/03\/Bence_jo-meret.jpg\",\"contentUrl\":\"https:\/\/fotsportegyesulet.hu\/wp-content\/uploads\/2021\/03\/Bence_jo-meret.jpg\",\"width\":956,\"height\":455},{\"@type\":\"BreadcrumbList\",\"@id\":\"https:\/\/fotsportegyesulet.hu\/index.php\/2021\/03\/17\/interju-nagy-bencevel-a-fot-se-labdarugojaval\/#breadcrumb\",\"itemListElement\":[{\"@type\":\"ListItem\",\"position\":1,\"name\":\"Kezd\u0151lap\",\"item\":\"https:\/\/fotsportegyesulet.hu\/\"},{\"@type\":\"ListItem\",\"position\":2,\"name\":\"Interj\u00fa Nagy Benc\u00e9vel a F\u00f3t SE labdar\u00fag\u00f3j\u00e1val\"}]},{\"@type\":\"WebSite\",\"@id\":\"https:\/\/fotsportegyesulet.hu\/#website\",\"url\":\"https:\/\/fotsportegyesulet.hu\/\",\"name\":\"F\u00d3T SPORTEGYES\u00dcLET\",\"description\":\"\",\"publisher\":{\"@id\":\"https:\/\/fotsportegyesulet.hu\/#organization\"},\"potentialAction\":[{\"@type\":\"SearchAction\",\"target\":{\"@type\":\"EntryPoint\",\"urlTemplate\":\"https:\/\/fotsportegyesulet.hu\/?s={search_term_string}\"},\"query-input\":{\"@type\":\"PropertyValueSpecification\",\"valueRequired\":true,\"valueName\":\"search_term_string\"}}],\"inLanguage\":\"hu\"},{\"@type\":\"Organization\",\"@id\":\"https:\/\/fotsportegyesulet.hu\/#organization\",\"name\":\"F\u00f3t Sportegyes\u00fclet\",\"url\":\"https:\/\/fotsportegyesulet.hu\/\",\"logo\":{\"@type\":\"ImageObject\",\"inLanguage\":\"hu\",\"@id\":\"https:\/\/fotsportegyesulet.hu\/#\/schema\/logo\/image\/\",\"url\":\"https:\/\/fotsportegyesulet.hu\/wp-content\/uploads\/2020\/07\/eredeti-sz\u00ednes-vektoros-Fot-cimer-3.png\",\"contentUrl\":\"https:\/\/fotsportegyesulet.hu\/wp-content\/uploads\/2020\/07\/eredeti-sz\u00ednes-vektoros-Fot-cimer-3.png\",\"width\":500,\"height\":500,\"caption\":\"F\u00f3t Sportegyes\u00fclet\"},\"image\":{\"@id\":\"https:\/\/fotsportegyesulet.hu\/#\/schema\/logo\/image\/\"},\"sameAs\":[\"https:\/\/www.facebook.com\/fotsportegyesulet\/\"]},{\"@type\":\"Person\",\"@id\":\"https:\/\/fotsportegyesulet.hu\/#\/schema\/person\/8750ccb3a5183172b75dcc348ffbdbb1\",\"name\":\"F\u00f3t SE\",\"image\":{\"@type\":\"ImageObject\",\"inLanguage\":\"hu\",\"@id\":\"https:\/\/fotsportegyesulet.hu\/#\/schema\/person\/image\/\",\"url\":\"https:\/\/secure.gravatar.com\/avatar\/2f768bb7a490a49aeb2ccaf4bacc94391bbafd4b6aa54eb6f9318ffc80d81dad?s=96&d=mm&r=g\",\"contentUrl\":\"https:\/\/secure.gravatar.com\/avatar\/2f768bb7a490a49aeb2ccaf4bacc94391bbafd4b6aa54eb6f9318ffc80d81dad?s=96&d=mm&r=g\",\"caption\":\"F\u00f3t SE\"},\"sameAs\":[\"http:\/\/fotsportegyesulet.hu\"],\"url\":\"https:\/\/fotsportegyesulet.hu\/index.php\/author\/kapitany-zoltan\/\"}]}<\/script>\n<!-- \/ Yoast SEO plugin. -->","yoast_head_json":{"title":"Interj\u00fa Nagy Benc\u00e9vel a F\u00f3t SE labdar\u00fag\u00f3j\u00e1val - F\u00d3T SPORTEGYES\u00dcLET","robots":{"index":"index","follow":"follow","max-snippet":"max-snippet:-1","max-image-preview":"max-image-preview:large","max-video-preview":"max-video-preview:-1"},"canonical":"https:\/\/fotsportegyesulet.hu\/index.php\/2021\/03\/17\/interju-nagy-bencevel-a-fot-se-labdarugojaval\/","og_locale":"hu_HU","og_type":"article","og_title":"Interj\u00fa Nagy Benc\u00e9vel a F\u00f3t SE labdar\u00fag\u00f3j\u00e1val - F\u00d3T SPORTEGYES\u00dcLET","og_description":"Elind\u00edtjuk az interj\u00fasorozatunkat, melyben bemutatjuk a szakoszt\u00e1lyaink vezet\u0151it, edz\u0151it, sportol\u00f3it.","og_url":"https:\/\/fotsportegyesulet.hu\/index.php\/2021\/03\/17\/interju-nagy-bencevel-a-fot-se-labdarugojaval\/","og_site_name":"F\u00d3T SPORTEGYES\u00dcLET","article_publisher":"https:\/\/www.facebook.com\/fotsportegyesulet\/","article_published_time":"2021-03-17T15:04:50+00:00","article_modified_time":"2021-03-17T15:43:31+00:00","og_image":[{"width":956,"height":455,"url":"https:\/\/fotsportegyesulet.hu\/wp-content\/uploads\/2021\/03\/Bence_jo-meret.jpg","type":"image\/jpeg"}],"author":"F\u00f3t SE","twitter_card":"summary_large_image","twitter_misc":{"Szerz\u0151:":"F\u00f3t SE","Becs\u00fclt olvas\u00e1si id\u0151":"3 perc"},"schema":{"@context":"https:\/\/schema.org","@graph":[{"@type":"Article","@id":"https:\/\/fotsportegyesulet.hu\/index.php\/2021\/03\/17\/interju-nagy-bencevel-a-fot-se-labdarugojaval\/#article","isPartOf":{"@id":"https:\/\/fotsportegyesulet.hu\/index.php\/2021\/03\/17\/interju-nagy-bencevel-a-fot-se-labdarugojaval\/"},"author":{"name":"F\u00f3t SE","@id":"https:\/\/fotsportegyesulet.hu\/#\/schema\/person\/8750ccb3a5183172b75dcc348ffbdbb1"},"headline":"Interj\u00fa Nagy Benc\u00e9vel a F\u00f3t SE labdar\u00fag\u00f3j\u00e1val","datePublished":"2021-03-17T15:04:50+00:00","dateModified":"2021-03-17T15:43:31+00:00","mainEntityOfPage":{"@id":"https:\/\/fotsportegyesulet.hu\/index.php\/2021\/03\/17\/interju-nagy-bencevel-a-fot-se-labdarugojaval\/"},"wordCount":547,"publisher":{"@id":"https:\/\/fotsportegyesulet.hu\/#organization"},"image":{"@id":"https:\/\/fotsportegyesulet.hu\/index.php\/2021\/03\/17\/interju-nagy-bencevel-a-fot-se-labdarugojaval\/#primaryimage"},"thumbnailUrl":"https:\/\/fotsportegyesulet.hu\/wp-content\/uploads\/2021\/03\/Bence_jo-meret.jpg","keywords":["interj\u00fa","labdar\u00fag\u00e1s"],"articleSection":["H\u00edrek","Labdar\u00fag\u00e1s"],"inLanguage":"hu"},{"@type":"WebPage","@id":"https:\/\/fotsportegyesulet.hu\/index.php\/2021\/03\/17\/interju-nagy-bencevel-a-fot-se-labdarugojaval\/","url":"https:\/\/fotsportegyesulet.hu\/index.php\/2021\/03\/17\/interju-nagy-bencevel-a-fot-se-labdarugojaval\/","name":"Interj\u00fa Nagy Benc\u00e9vel a F\u00f3t SE labdar\u00fag\u00f3j\u00e1val - F\u00d3T SPORTEGYES\u00dcLET","isPartOf":{"@id":"https:\/\/fotsportegyesulet.hu\/#website"},"primaryImageOfPage":{"@id":"https:\/\/fotsportegyesulet.hu\/index.php\/2021\/03\/17\/interju-nagy-bencevel-a-fot-se-labdarugojaval\/#primaryimage"},"image":{"@id":"https:\/\/fotsportegyesulet.hu\/index.php\/2021\/03\/17\/interju-nagy-bencevel-a-fot-se-labdarugojaval\/#primaryimage"},"thumbnailUrl":"https:\/\/fotsportegyesulet.hu\/wp-content\/uploads\/2021\/03\/Bence_jo-meret.jpg","datePublished":"2021-03-17T15:04:50+00:00","dateModified":"2021-03-17T15:43:31+00:00","breadcrumb":{"@id":"https:\/\/fotsportegyesulet.hu\/index.php\/2021\/03\/17\/interju-nagy-bencevel-a-fot-se-labdarugojaval\/#breadcrumb"},"inLanguage":"hu","potentialAction":[{"@type":"ReadAction","target":["https:\/\/fotsportegyesulet.hu\/index.php\/2021\/03\/17\/interju-nagy-bencevel-a-fot-se-labdarugojaval\/"]}]},{"@type":"ImageObject","inLanguage":"hu","@id":"https:\/\/fotsportegyesulet.hu\/index.php\/2021\/03\/17\/interju-nagy-bencevel-a-fot-se-labdarugojaval\/#primaryimage","url":"https:\/\/fotsportegyesulet.hu\/wp-content\/uploads\/2021\/03\/Bence_jo-meret.jpg","contentUrl":"https:\/\/fotsportegyesulet.hu\/wp-content\/uploads\/2021\/03\/Bence_jo-meret.jpg","width":956,"height":455},{"@type":"BreadcrumbList","@id":"https:\/\/fotsportegyesulet.hu\/index.php\/2021\/03\/17\/interju-nagy-bencevel-a-fot-se-labdarugojaval\/#breadcrumb","itemListElement":[{"@type":"ListItem","position":1,"name":"Kezd\u0151lap","item":"https:\/\/fotsportegyesulet.hu\/"},{"@type":"ListItem","position":2,"name":"Interj\u00fa Nagy Benc\u00e9vel a F\u00f3t SE labdar\u00fag\u00f3j\u00e1val"}]},{"@type":"WebSite","@id":"https:\/\/fotsportegyesulet.hu\/#website","url":"https:\/\/fotsportegyesulet.hu\/","name":"F\u00d3T SPORTEGYES\u00dcLET","description":"","publisher":{"@id":"https:\/\/fotsportegyesulet.hu\/#organization"},"potentialAction":[{"@type":"SearchAction","target":{"@type":"EntryPoint","urlTemplate":"https:\/\/fotsportegyesulet.hu\/?s={search_term_string}"},"query-input":{"@type":"PropertyValueSpecification","valueRequired":true,"valueName":"search_term_string"}}],"inLanguage":"hu"},{"@type":"Organization","@id":"https:\/\/fotsportegyesulet.hu\/#organization","name":"F\u00f3t Sportegyes\u00fclet","url":"https:\/\/fotsportegyesulet.hu\/","logo":{"@type":"ImageObject","inLanguage":"hu","@id":"https:\/\/fotsportegyesulet.hu\/#\/schema\/logo\/image\/","url":"https:\/\/fotsportegyesulet.hu\/wp-content\/uploads\/2020\/07\/eredeti-sz\u00ednes-vektoros-Fot-cimer-3.png","contentUrl":"https:\/\/fotsportegyesulet.hu\/wp-content\/uploads\/2020\/07\/eredeti-sz\u00ednes-vektoros-Fot-cimer-3.png","width":500,"height":500,"caption":"F\u00f3t Sportegyes\u00fclet"},"image":{"@id":"https:\/\/fotsportegyesulet.hu\/#\/schema\/logo\/image\/"},"sameAs":["https:\/\/www.facebook.com\/fotsportegyesulet\/"]},{"@type":"Person","@id":"https:\/\/fotsportegyesulet.hu\/#\/schema\/person\/8750ccb3a5183172b75dcc348ffbdbb1","name":"F\u00f3t SE","image":{"@type":"ImageObject","inLanguage":"hu","@id":"https:\/\/fotsportegyesulet.hu\/#\/schema\/person\/image\/","url":"https:\/\/secure.gravatar.com\/avatar\/2f768bb7a490a49aeb2ccaf4bacc94391bbafd4b6aa54eb6f9318ffc80d81dad?s=96&d=mm&r=g","contentUrl":"https:\/\/secure.gravatar.com\/avatar\/2f768bb7a490a49aeb2ccaf4bacc94391bbafd4b6aa54eb6f9318ffc80d81dad?s=96&d=mm&r=g","caption":"F\u00f3t SE"},"sameAs":["http:\/\/fotsportegyesulet.hu"],"url":"https:\/\/fotsportegyesulet.hu\/index.php\/author\/kapitany-zoltan\/"}]}},"_links":{"self":[{"href":"https:\/\/fotsportegyesulet.hu\/index.php\/wp-json\/wp\/v2\/posts\/2052","targetHints":{"allow":["GET"]}}],"collection":[{"href":"https:\/\/fotsportegyesulet.hu\/index.php\/wp-json\/wp\/v2\/posts"}],"about":[{"href":"https:\/\/fotsportegyesulet.hu\/index.php\/wp-json\/wp\/v2\/types\/post"}],"author":[{"embeddable":true,"href":"https:\/\/fotsportegyesulet.hu\/index.php\/wp-json\/wp\/v2\/users\/3"}],"replies":[{"embeddable":true,"href":"https:\/\/fotsportegyesulet.hu\/index.php\/wp-json\/wp\/v2\/comments?post=2052"}],"version-history":[{"count":15,"href":"https:\/\/fotsportegyesulet.hu\/index.php\/wp-json\/wp\/v2\/posts\/2052\/revisions"}],"predecessor-version":[{"id":2071,"href":"https:\/\/fotsportegyesulet.hu\/index.php\/wp-json\/wp\/v2\/posts\/2052\/revisions\/2071"}],"wp:featuredmedia":[{"embeddable":true,"href":"https:\/\/fotsportegyesulet.hu\/index.php\/wp-json\/wp\/v2\/media\/2054"}],"wp:attachment":[{"href":"https:\/\/fotsportegyesulet.hu\/index.php\/wp-json\/wp\/v2\/media?parent=2052"}],"wp:term":[{"taxonomy":"category","embeddable":true,"href":"https:\/\/fotsportegyesulet.hu\/index.php\/wp-json\/wp\/v2\/categories?post=2052"},{"taxonomy":"post_tag","embeddable":true,"href":"https:\/\/fotsportegyesulet.hu\/index.php\/wp-json\/wp\/v2\/tags?post=2052"}],"curies":[{"name":"wp","href":"https:\/\/api.w.org\/{rel}","templated":true}]}}