{"id":1918,"date":"2020-11-05T11:48:34","date_gmt":"2020-11-05T09:48:34","guid":{"rendered":"https:\/\/fotsportegyesulet.hu\/?p=1918"},"modified":"2020-11-05T12:25:29","modified_gmt":"2020-11-05T10:25:29","slug":"sportcsarnok-alapkoletetele","status":"publish","type":"post","link":"https:\/\/fotsportegyesulet.hu\/index.php\/2020\/11\/05\/sportcsarnok-alapkoletetele\/","title":{"rendered":"Sportcsarnok alapk\u0151let\u00e9tele"},"content":{"rendered":"<p><strong>A Sportcsarnok alapk\u0151let\u00e9tel\u00e9re \u00fcnnep\u00e9lyes keretek k\u00f6z\u00f6tt ker\u00fclt sor, melyen r\u00e9szt vett dr. Tuzson Bence orsz\u00e1ggy\u0171l\u00e9si k\u00e9pvisel\u0151, Hajdu P\u00e9ter, a Magyar Kos\u00e1rlabda Sz\u00f6vets\u00e9g eln\u00f6ks\u00e9gi tagja, Vasa Zolt\u00e1n \u00e9s Dud\u00e1s J\u00f3zsef, az \u00fajpesti Megyeri Tigrisek Sportegyes\u00fclet nev\u00e9ben, illetve k\u00e9pviselet\u00e9ben, \u00e9s\u00a0 dr. Vass Gy\u00f6rgy polg\u00e1rmester.<\/strong><\/p>\n<p>Ez F\u00f3t t\u00f6rt\u00e9nelm\u00e9nek jelent\u0151s napja a polg\u00e1rmester szerint, hiszen megval\u00f3sult egy 1,4 milli\u00e1rd forintos beruh\u00e1z\u00e1s, egy \u00e9p\u00fcl\u0151 Sportcsarnok alapk\u0151let\u00e9tele, amely rem\u00e9lhet\u0151leg a F\u00f3t Sportegyes\u00fclet j\u00f6v\u0151beli helysz\u00edn\u00e9\u00fcl is szolg\u00e1lni fog.<\/p>\n<p>&nbsp;<\/p>\n<p><a href=\"https:\/\/fotinfo.hu\/a-sportcsarnok-alapkoletetelen-jartunk-kepek\/\">Tov\u00e1bbi r\u00e9szletek a fotinfo.hu oldal\u00e1n -&gt;<\/a><\/p>\n<p><img loading=\"lazy\" decoding=\"async\" class=\"aligncenter wp-image-1926 size-large\" src=\"https:\/\/fotsportegyesulet.hu\/wp-content\/uploads\/2020\/11\/20201029_fot_alapko_0013_k-1920x1280-1-1024x683.jpg\" alt=\"\" width=\"1024\" height=\"683\" srcset=\"https:\/\/fotsportegyesulet.hu\/wp-content\/uploads\/2020\/11\/20201029_fot_alapko_0013_k-1920x1280-1-1024x683.jpg 1024w, https:\/\/fotsportegyesulet.hu\/wp-content\/uploads\/2020\/11\/20201029_fot_alapko_0013_k-1920x1280-1-300x200.jpg 300w, https:\/\/fotsportegyesulet.hu\/wp-content\/uploads\/2020\/11\/20201029_fot_alapko_0013_k-1920x1280-1-768x512.jpg 768w, https:\/\/fotsportegyesulet.hu\/wp-content\/uploads\/2020\/11\/20201029_fot_alapko_0013_k-1920x1280-1-600x400.jpg 600w, https:\/\/fotsportegyesulet.hu\/wp-content\/uploads\/2020\/11\/20201029_fot_alapko_0013_k-1920x1280-1-1536x1024.jpg 1536w, https:\/\/fotsportegyesulet.hu\/wp-content\/uploads\/2020\/11\/20201029_fot_alapko_0013_k-1920x1280-1-272x182.jpg 272w, https:\/\/fotsportegyesulet.hu\/wp-content\/uploads\/2020\/11\/20201029_fot_alapko_0013_k-1920x1280-1.jpg 1920w\" sizes=\"auto, (max-width: 1024px) 100vw, 1024px\" \/><\/p>\n<p>Forr\u00e1s, fot\u00f3: fotinfo.hu<\/p>\n","protected":false},"excerpt":{"rendered":"<p>A Sportcsarnok alapk\u0151let\u00e9tel\u00e9re \u00fcnnep\u00e9lyes keretek k\u00f6z\u00f6tt ker\u00fclt sor.<\/p>\n","protected":false},"author":3,"featured_media":1928,"comment_status":"closed","ping_status":"open","sticky":false,"template":"","format":"standard","meta":{"_bbp_topic_count":0,"_bbp_reply_count":0,"_bbp_total_topic_count":0,"_bbp_total_reply_count":0,"_bbp_voice_count":0,"_bbp_anonymous_reply_count":0,"_bbp_topic_count_hidden":0,"_bbp_reply_count_hidden":0,"_bbp_forum_subforum_count":0,"_price":"","_stock":"","_tribe_ticket_header":"","_tribe_default_ticket_provider":"","_ticket_start_date":"","_ticket_end_date":"","_tribe_ticket_show_description":"","_tribe_ticket_show_not_going":false,"_tribe_ticket_use_global_stock":"","_tribe_ticket_global_stock_level":"","_global_stock_mode":"","_global_stock_cap":"","_tribe_rsvp_for_event":"","_tribe_ticket_going_count":"","_tribe_ticket_not_going_count":"","_tribe_tickets_list":"[]","_tribe_ticket_has_attendee_info_fields":false,"footnotes":""},"categories":[1,65],"tags":[],"class_list":["post-1918","post","type-post","status-publish","format-standard","has-post-thumbnail","hentry","category-hirek","category-kosarlabda"],"yoast_head":"<!-- This site is optimized with the Yoast SEO plugin v25.7 - https:\/\/yoast.com\/wordpress\/plugins\/seo\/ -->\n<title>Sportcsarnok alapk\u0151let\u00e9tele - F\u00d3T SPORTEGYES\u00dcLET<\/title>\n<meta name=\"robots\" content=\"index, follow, max-snippet:-1, max-image-preview:large, max-video-preview:-1\" \/>\n<link rel=\"canonical\" href=\"https:\/\/fotsportegyesulet.hu\/index.php\/2020\/11\/05\/sportcsarnok-alapkoletetele\/\" \/>\n<meta property=\"og:locale\" content=\"hu_HU\" \/>\n<meta property=\"og:type\" content=\"article\" \/>\n<meta property=\"og:title\" content=\"Sportcsarnok alapk\u0151let\u00e9tele - F\u00d3T SPORTEGYES\u00dcLET\" \/>\n<meta property=\"og:description\" content=\"A Sportcsarnok alapk\u0151let\u00e9tel\u00e9re \u00fcnnep\u00e9lyes keretek k\u00f6z\u00f6tt ker\u00fclt sor.\" \/>\n<meta property=\"og:url\" content=\"https:\/\/fotsportegyesulet.hu\/index.php\/2020\/11\/05\/sportcsarnok-alapkoletetele\/\" \/>\n<meta property=\"og:site_name\" content=\"F\u00d3T SPORTEGYES\u00dcLET\" \/>\n<meta property=\"article:publisher\" content=\"https:\/\/www.facebook.com\/fotsportegyesulet\/\" \/>\n<meta property=\"article:published_time\" content=\"2020-11-05T09:48:34+00:00\" \/>\n<meta property=\"article:modified_time\" content=\"2020-11-05T10:25:29+00:00\" \/>\n<meta property=\"og:image\" content=\"https:\/\/fotsportegyesulet.hu\/wp-content\/uploads\/2020\/11\/1.jpg\" \/>\n\t<meta property=\"og:image:width\" content=\"951\" \/>\n\t<meta property=\"og:image:height\" content=\"455\" \/>\n\t<meta property=\"og:image:type\" content=\"image\/jpeg\" \/>\n<meta name=\"author\" content=\"F\u00f3t SE\" \/>\n<meta name=\"twitter:card\" content=\"summary_large_image\" \/>\n<meta name=\"twitter:label1\" content=\"Szerz\u0151:\" \/>\n\t<meta name=\"twitter:data1\" content=\"F\u00f3t SE\" \/>\n\t<meta name=\"twitter:label2\" content=\"Becs\u00fclt olvas\u00e1si id\u0151\" \/>\n\t<meta name=\"twitter:data2\" content=\"1 perc\" \/>\n<script type=\"application\/ld+json\" class=\"yoast-schema-graph\">{\"@context\":\"https:\/\/schema.org\",\"@graph\":[{\"@type\":\"Article\",\"@id\":\"https:\/\/fotsportegyesulet.hu\/index.php\/2020\/11\/05\/sportcsarnok-alapkoletetele\/#article\",\"isPartOf\":{\"@id\":\"https:\/\/fotsportegyesulet.hu\/index.php\/2020\/11\/05\/sportcsarnok-alapkoletetele\/\"},\"author\":{\"name\":\"F\u00f3t SE\",\"@id\":\"https:\/\/fotsportegyesulet.hu\/#\/schema\/person\/8750ccb3a5183172b75dcc348ffbdbb1\"},\"headline\":\"Sportcsarnok alapk\u0151let\u00e9tele\",\"datePublished\":\"2020-11-05T09:48:34+00:00\",\"dateModified\":\"2020-11-05T10:25:29+00:00\",\"mainEntityOfPage\":{\"@id\":\"https:\/\/fotsportegyesulet.hu\/index.php\/2020\/11\/05\/sportcsarnok-alapkoletetele\/\"},\"wordCount\":140,\"publisher\":{\"@id\":\"https:\/\/fotsportegyesulet.hu\/#organization\"},\"image\":{\"@id\":\"https:\/\/fotsportegyesulet.hu\/index.php\/2020\/11\/05\/sportcsarnok-alapkoletetele\/#primaryimage\"},\"thumbnailUrl\":\"https:\/\/fotsportegyesulet.hu\/wp-content\/uploads\/2020\/11\/1.jpg\",\"articleSection\":[\"H\u00edrek\",\"Kos\u00e1rlabda\"],\"inLanguage\":\"hu\"},{\"@type\":\"WebPage\",\"@id\":\"https:\/\/fotsportegyesulet.hu\/index.php\/2020\/11\/05\/sportcsarnok-alapkoletetele\/\",\"url\":\"https:\/\/fotsportegyesulet.hu\/index.php\/2020\/11\/05\/sportcsarnok-alapkoletetele\/\",\"name\":\"Sportcsarnok alapk\u0151let\u00e9tele - F\u00d3T SPORTEGYES\u00dcLET\",\"isPartOf\":{\"@id\":\"https:\/\/fotsportegyesulet.hu\/#website\"},\"primaryImageOfPage\":{\"@id\":\"https:\/\/fotsportegyesulet.hu\/index.php\/2020\/11\/05\/sportcsarnok-alapkoletetele\/#primaryimage\"},\"image\":{\"@id\":\"https:\/\/fotsportegyesulet.hu\/index.php\/2020\/11\/05\/sportcsarnok-alapkoletetele\/#primaryimage\"},\"thumbnailUrl\":\"https:\/\/fotsportegyesulet.hu\/wp-content\/uploads\/2020\/11\/1.jpg\",\"datePublished\":\"2020-11-05T09:48:34+00:00\",\"dateModified\":\"2020-11-05T10:25:29+00:00\",\"breadcrumb\":{\"@id\":\"https:\/\/fotsportegyesulet.hu\/index.php\/2020\/11\/05\/sportcsarnok-alapkoletetele\/#breadcrumb\"},\"inLanguage\":\"hu\",\"potentialAction\":[{\"@type\":\"ReadAction\",\"target\":[\"https:\/\/fotsportegyesulet.hu\/index.php\/2020\/11\/05\/sportcsarnok-alapkoletetele\/\"]}]},{\"@type\":\"ImageObject\",\"inLanguage\":\"hu\",\"@id\":\"https:\/\/fotsportegyesulet.hu\/index.php\/2020\/11\/05\/sportcsarnok-alapkoletetele\/#primaryimage\",\"url\":\"https:\/\/fotsportegyesulet.hu\/wp-content\/uploads\/2020\/11\/1.jpg\",\"contentUrl\":\"https:\/\/fotsportegyesulet.hu\/wp-content\/uploads\/2020\/11\/1.jpg\",\"width\":951,\"height\":455},{\"@type\":\"BreadcrumbList\",\"@id\":\"https:\/\/fotsportegyesulet.hu\/index.php\/2020\/11\/05\/sportcsarnok-alapkoletetele\/#breadcrumb\",\"itemListElement\":[{\"@type\":\"ListItem\",\"position\":1,\"name\":\"Kezd\u0151lap\",\"item\":\"https:\/\/fotsportegyesulet.hu\/\"},{\"@type\":\"ListItem\",\"position\":2,\"name\":\"Sportcsarnok alapk\u0151let\u00e9tele\"}]},{\"@type\":\"WebSite\",\"@id\":\"https:\/\/fotsportegyesulet.hu\/#website\",\"url\":\"https:\/\/fotsportegyesulet.hu\/\",\"name\":\"F\u00d3T SPORTEGYES\u00dcLET\",\"description\":\"\",\"publisher\":{\"@id\":\"https:\/\/fotsportegyesulet.hu\/#organization\"},\"potentialAction\":[{\"@type\":\"SearchAction\",\"target\":{\"@type\":\"EntryPoint\",\"urlTemplate\":\"https:\/\/fotsportegyesulet.hu\/?s={search_term_string}\"},\"query-input\":{\"@type\":\"PropertyValueSpecification\",\"valueRequired\":true,\"valueName\":\"search_term_string\"}}],\"inLanguage\":\"hu\"},{\"@type\":\"Organization\",\"@id\":\"https:\/\/fotsportegyesulet.hu\/#organization\",\"name\":\"F\u00f3t Sportegyes\u00fclet\",\"url\":\"https:\/\/fotsportegyesulet.hu\/\",\"logo\":{\"@type\":\"ImageObject\",\"inLanguage\":\"hu\",\"@id\":\"https:\/\/fotsportegyesulet.hu\/#\/schema\/logo\/image\/\",\"url\":\"https:\/\/fotsportegyesulet.hu\/wp-content\/uploads\/2020\/07\/eredeti-sz\u00ednes-vektoros-Fot-cimer-3.png\",\"contentUrl\":\"https:\/\/fotsportegyesulet.hu\/wp-content\/uploads\/2020\/07\/eredeti-sz\u00ednes-vektoros-Fot-cimer-3.png\",\"width\":500,\"height\":500,\"caption\":\"F\u00f3t Sportegyes\u00fclet\"},\"image\":{\"@id\":\"https:\/\/fotsportegyesulet.hu\/#\/schema\/logo\/image\/\"},\"sameAs\":[\"https:\/\/www.facebook.com\/fotsportegyesulet\/\"]},{\"@type\":\"Person\",\"@id\":\"https:\/\/fotsportegyesulet.hu\/#\/schema\/person\/8750ccb3a5183172b75dcc348ffbdbb1\",\"name\":\"F\u00f3t SE\",\"image\":{\"@type\":\"ImageObject\",\"inLanguage\":\"hu\",\"@id\":\"https:\/\/fotsportegyesulet.hu\/#\/schema\/person\/image\/\",\"url\":\"https:\/\/secure.gravatar.com\/avatar\/2f768bb7a490a49aeb2ccaf4bacc94391bbafd4b6aa54eb6f9318ffc80d81dad?s=96&d=mm&r=g\",\"contentUrl\":\"https:\/\/secure.gravatar.com\/avatar\/2f768bb7a490a49aeb2ccaf4bacc94391bbafd4b6aa54eb6f9318ffc80d81dad?s=96&d=mm&r=g\",\"caption\":\"F\u00f3t SE\"},\"sameAs\":[\"http:\/\/fotsportegyesulet.hu\"],\"url\":\"https:\/\/fotsportegyesulet.hu\/index.php\/author\/kapitany-zoltan\/\"}]}<\/script>\n<!-- \/ Yoast SEO plugin. -->","yoast_head_json":{"title":"Sportcsarnok alapk\u0151let\u00e9tele - F\u00d3T SPORTEGYES\u00dcLET","robots":{"index":"index","follow":"follow","max-snippet":"max-snippet:-1","max-image-preview":"max-image-preview:large","max-video-preview":"max-video-preview:-1"},"canonical":"https:\/\/fotsportegyesulet.hu\/index.php\/2020\/11\/05\/sportcsarnok-alapkoletetele\/","og_locale":"hu_HU","og_type":"article","og_title":"Sportcsarnok alapk\u0151let\u00e9tele - F\u00d3T SPORTEGYES\u00dcLET","og_description":"A Sportcsarnok alapk\u0151let\u00e9tel\u00e9re \u00fcnnep\u00e9lyes keretek k\u00f6z\u00f6tt ker\u00fclt sor.","og_url":"https:\/\/fotsportegyesulet.hu\/index.php\/2020\/11\/05\/sportcsarnok-alapkoletetele\/","og_site_name":"F\u00d3T SPORTEGYES\u00dcLET","article_publisher":"https:\/\/www.facebook.com\/fotsportegyesulet\/","article_published_time":"2020-11-05T09:48:34+00:00","article_modified_time":"2020-11-05T10:25:29+00:00","og_image":[{"width":951,"height":455,"url":"https:\/\/fotsportegyesulet.hu\/wp-content\/uploads\/2020\/11\/1.jpg","type":"image\/jpeg"}],"author":"F\u00f3t SE","twitter_card":"summary_large_image","twitter_misc":{"Szerz\u0151:":"F\u00f3t SE","Becs\u00fclt olvas\u00e1si id\u0151":"1 perc"},"schema":{"@context":"https:\/\/schema.org","@graph":[{"@type":"Article","@id":"https:\/\/fotsportegyesulet.hu\/index.php\/2020\/11\/05\/sportcsarnok-alapkoletetele\/#article","isPartOf":{"@id":"https:\/\/fotsportegyesulet.hu\/index.php\/2020\/11\/05\/sportcsarnok-alapkoletetele\/"},"author":{"name":"F\u00f3t SE","@id":"https:\/\/fotsportegyesulet.hu\/#\/schema\/person\/8750ccb3a5183172b75dcc348ffbdbb1"},"headline":"Sportcsarnok alapk\u0151let\u00e9tele","datePublished":"2020-11-05T09:48:34+00:00","dateModified":"2020-11-05T10:25:29+00:00","mainEntityOfPage":{"@id":"https:\/\/fotsportegyesulet.hu\/index.php\/2020\/11\/05\/sportcsarnok-alapkoletetele\/"},"wordCount":140,"publisher":{"@id":"https:\/\/fotsportegyesulet.hu\/#organization"},"image":{"@id":"https:\/\/fotsportegyesulet.hu\/index.php\/2020\/11\/05\/sportcsarnok-alapkoletetele\/#primaryimage"},"thumbnailUrl":"https:\/\/fotsportegyesulet.hu\/wp-content\/uploads\/2020\/11\/1.jpg","articleSection":["H\u00edrek","Kos\u00e1rlabda"],"inLanguage":"hu"},{"@type":"WebPage","@id":"https:\/\/fotsportegyesulet.hu\/index.php\/2020\/11\/05\/sportcsarnok-alapkoletetele\/","url":"https:\/\/fotsportegyesulet.hu\/index.php\/2020\/11\/05\/sportcsarnok-alapkoletetele\/","name":"Sportcsarnok alapk\u0151let\u00e9tele - F\u00d3T SPORTEGYES\u00dcLET","isPartOf":{"@id":"https:\/\/fotsportegyesulet.hu\/#website"},"primaryImageOfPage":{"@id":"https:\/\/fotsportegyesulet.hu\/index.php\/2020\/11\/05\/sportcsarnok-alapkoletetele\/#primaryimage"},"image":{"@id":"https:\/\/fotsportegyesulet.hu\/index.php\/2020\/11\/05\/sportcsarnok-alapkoletetele\/#primaryimage"},"thumbnailUrl":"https:\/\/fotsportegyesulet.hu\/wp-content\/uploads\/2020\/11\/1.jpg","datePublished":"2020-11-05T09:48:34+00:00","dateModified":"2020-11-05T10:25:29+00:00","breadcrumb":{"@id":"https:\/\/fotsportegyesulet.hu\/index.php\/2020\/11\/05\/sportcsarnok-alapkoletetele\/#breadcrumb"},"inLanguage":"hu","potentialAction":[{"@type":"ReadAction","target":["https:\/\/fotsportegyesulet.hu\/index.php\/2020\/11\/05\/sportcsarnok-alapkoletetele\/"]}]},{"@type":"ImageObject","inLanguage":"hu","@id":"https:\/\/fotsportegyesulet.hu\/index.php\/2020\/11\/05\/sportcsarnok-alapkoletetele\/#primaryimage","url":"https:\/\/fotsportegyesulet.hu\/wp-content\/uploads\/2020\/11\/1.jpg","contentUrl":"https:\/\/fotsportegyesulet.hu\/wp-content\/uploads\/2020\/11\/1.jpg","width":951,"height":455},{"@type":"BreadcrumbList","@id":"https:\/\/fotsportegyesulet.hu\/index.php\/2020\/11\/05\/sportcsarnok-alapkoletetele\/#breadcrumb","itemListElement":[{"@type":"ListItem","position":1,"name":"Kezd\u0151lap","item":"https:\/\/fotsportegyesulet.hu\/"},{"@type":"ListItem","position":2,"name":"Sportcsarnok alapk\u0151let\u00e9tele"}]},{"@type":"WebSite","@id":"https:\/\/fotsportegyesulet.hu\/#website","url":"https:\/\/fotsportegyesulet.hu\/","name":"F\u00d3T SPORTEGYES\u00dcLET","description":"","publisher":{"@id":"https:\/\/fotsportegyesulet.hu\/#organization"},"potentialAction":[{"@type":"SearchAction","target":{"@type":"EntryPoint","urlTemplate":"https:\/\/fotsportegyesulet.hu\/?s={search_term_string}"},"query-input":{"@type":"PropertyValueSpecification","valueRequired":true,"valueName":"search_term_string"}}],"inLanguage":"hu"},{"@type":"Organization","@id":"https:\/\/fotsportegyesulet.hu\/#organization","name":"F\u00f3t Sportegyes\u00fclet","url":"https:\/\/fotsportegyesulet.hu\/","logo":{"@type":"ImageObject","inLanguage":"hu","@id":"https:\/\/fotsportegyesulet.hu\/#\/schema\/logo\/image\/","url":"https:\/\/fotsportegyesulet.hu\/wp-content\/uploads\/2020\/07\/eredeti-sz\u00ednes-vektoros-Fot-cimer-3.png","contentUrl":"https:\/\/fotsportegyesulet.hu\/wp-content\/uploads\/2020\/07\/eredeti-sz\u00ednes-vektoros-Fot-cimer-3.png","width":500,"height":500,"caption":"F\u00f3t Sportegyes\u00fclet"},"image":{"@id":"https:\/\/fotsportegyesulet.hu\/#\/schema\/logo\/image\/"},"sameAs":["https:\/\/www.facebook.com\/fotsportegyesulet\/"]},{"@type":"Person","@id":"https:\/\/fotsportegyesulet.hu\/#\/schema\/person\/8750ccb3a5183172b75dcc348ffbdbb1","name":"F\u00f3t SE","image":{"@type":"ImageObject","inLanguage":"hu","@id":"https:\/\/fotsportegyesulet.hu\/#\/schema\/person\/image\/","url":"https:\/\/secure.gravatar.com\/avatar\/2f768bb7a490a49aeb2ccaf4bacc94391bbafd4b6aa54eb6f9318ffc80d81dad?s=96&d=mm&r=g","contentUrl":"https:\/\/secure.gravatar.com\/avatar\/2f768bb7a490a49aeb2ccaf4bacc94391bbafd4b6aa54eb6f9318ffc80d81dad?s=96&d=mm&r=g","caption":"F\u00f3t SE"},"sameAs":["http:\/\/fotsportegyesulet.hu"],"url":"https:\/\/fotsportegyesulet.hu\/index.php\/author\/kapitany-zoltan\/"}]}},"_links":{"self":[{"href":"https:\/\/fotsportegyesulet.hu\/index.php\/wp-json\/wp\/v2\/posts\/1918","targetHints":{"allow":["GET"]}}],"collection":[{"href":"https:\/\/fotsportegyesulet.hu\/index.php\/wp-json\/wp\/v2\/posts"}],"about":[{"href":"https:\/\/fotsportegyesulet.hu\/index.php\/wp-json\/wp\/v2\/types\/post"}],"author":[{"embeddable":true,"href":"https:\/\/fotsportegyesulet.hu\/index.php\/wp-json\/wp\/v2\/users\/3"}],"replies":[{"embeddable":true,"href":"https:\/\/fotsportegyesulet.hu\/index.php\/wp-json\/wp\/v2\/comments?post=1918"}],"version-history":[{"count":7,"href":"https:\/\/fotsportegyesulet.hu\/index.php\/wp-json\/wp\/v2\/posts\/1918\/revisions"}],"predecessor-version":[{"id":1945,"href":"https:\/\/fotsportegyesulet.hu\/index.php\/wp-json\/wp\/v2\/posts\/1918\/revisions\/1945"}],"wp:featuredmedia":[{"embeddable":true,"href":"https:\/\/fotsportegyesulet.hu\/index.php\/wp-json\/wp\/v2\/media\/1928"}],"wp:attachment":[{"href":"https:\/\/fotsportegyesulet.hu\/index.php\/wp-json\/wp\/v2\/media?parent=1918"}],"wp:term":[{"taxonomy":"category","embeddable":true,"href":"https:\/\/fotsportegyesulet.hu\/index.php\/wp-json\/wp\/v2\/categories?post=1918"},{"taxonomy":"post_tag","embeddable":true,"href":"https:\/\/fotsportegyesulet.hu\/index.php\/wp-json\/wp\/v2\/tags?post=1918"}],"curies":[{"name":"wp","href":"https:\/\/api.w.org\/{rel}","templated":true}]}}