{"id":1800,"date":"2020-10-06T14:23:24","date_gmt":"2020-10-06T12:23:24","guid":{"rendered":"https:\/\/fotsportegyesulet.hu\/?p=1800"},"modified":"2020-10-09T14:23:41","modified_gmt":"2020-10-09T12:23:41","slug":"igy-zajlott-a-szombati-fot-se-i-pomaz-meccs","status":"publish","type":"post","link":"https:\/\/fotsportegyesulet.hu\/index.php\/2020\/10\/06\/igy-zajlott-a-szombati-fot-se-i-pomaz-meccs\/","title":{"rendered":"\u00cdgy zajlott a szombati F\u00f3t SE I \u2013 Pom\u00e1z meccs"},"content":{"rendered":"<p><img loading=\"lazy\" decoding=\"async\" class=\"alignnone wp-image-1801 size-full\" src=\"https:\/\/fotsportegyesulet.hu\/wp-content\/uploads\/2020\/10\/20201003_155908_HDR.jpg\" alt=\"\" width=\"959\" height=\"455\" srcset=\"https:\/\/fotsportegyesulet.hu\/wp-content\/uploads\/2020\/10\/20201003_155908_HDR.jpg 959w, https:\/\/fotsportegyesulet.hu\/wp-content\/uploads\/2020\/10\/20201003_155908_HDR-300x142.jpg 300w, https:\/\/fotsportegyesulet.hu\/wp-content\/uploads\/2020\/10\/20201003_155908_HDR-768x364.jpg 768w\" sizes=\"auto, (max-width: 959px) 100vw, 959px\" \/><\/p>\n<p>A gy\u00f6ny\u00f6r\u0171 \u0151szi id\u0151ben nagy rem\u00e9nyekkel k\u00e9sz\u00fclt a m\u00e9rk\u0151z\u00e9sre a f\u00f3ti csapat. Eddig h\u00e1romszor j\u00e1tszottak d\u00f6ntetlent, \u00e9s ahogy Serd\u00fclt Tam\u00e1s a csapat j\u00e1t\u00e9kos \u2013 edz\u0151je a meccs el\u0151tt elmondta: \u201cNagyon szeretn\u00e9nk nyerni most is \u00e9s a j\u00f6v\u0151 h\u00e9ten a Kisalag ellen is, \u00e9s akkor a 6 ponttal az els\u0151 h\u00e1romba fel tudn\u00e1nk k\u00faszni\u201d.<\/p>\n","protected":false},"excerpt":{"rendered":"<p>J\u00f6v\u0151 h\u00e9ten megpr\u00f3b\u00e1lunk v\u00e9gre a gy\u0151zelem \u00fatj\u00e1ra t\u00e9rni! Hajr\u00e1 F\u00f3t!<\/p>\n","protected":false},"author":3,"featured_media":1801,"comment_status":"closed","ping_status":"open","sticky":false,"template":"","format":"standard","meta":{"_bbp_topic_count":0,"_bbp_reply_count":0,"_bbp_total_topic_count":0,"_bbp_total_reply_count":0,"_bbp_voice_count":0,"_bbp_anonymous_reply_count":0,"_bbp_topic_count_hidden":0,"_bbp_reply_count_hidden":0,"_bbp_forum_subforum_count":0,"_price":"","_stock":"","_tribe_ticket_header":"","_tribe_default_ticket_provider":"","_ticket_start_date":"","_ticket_end_date":"","_tribe_ticket_show_description":"","_tribe_ticket_show_not_going":false,"_tribe_ticket_use_global_stock":"","_tribe_ticket_global_stock_level":"","_global_stock_mode":"","_global_stock_cap":"","_tribe_rsvp_for_event":"","_tribe_ticket_going_count":"","_tribe_ticket_not_going_count":"","_tribe_tickets_list":"[]","_tribe_ticket_has_attendee_info_fields":false,"footnotes":""},"categories":[1,67],"tags":[],"class_list":["post-1800","post","type-post","status-publish","format-standard","has-post-thumbnail","hentry","category-hirek","category-labdarugas"],"yoast_head":"<!-- This site is optimized with the Yoast SEO plugin v25.7 - https:\/\/yoast.com\/wordpress\/plugins\/seo\/ -->\n<title>\u00cdgy zajlott a szombati F\u00f3t SE I \u2013 Pom\u00e1z meccs - F\u00d3T SPORTEGYES\u00dcLET<\/title>\n<meta name=\"robots\" content=\"index, follow, max-snippet:-1, max-image-preview:large, max-video-preview:-1\" \/>\n<link rel=\"canonical\" href=\"https:\/\/fotsportegyesulet.hu\/index.php\/2020\/10\/06\/igy-zajlott-a-szombati-fot-se-i-pomaz-meccs\/\" \/>\n<meta property=\"og:locale\" content=\"hu_HU\" \/>\n<meta property=\"og:type\" content=\"article\" \/>\n<meta property=\"og:title\" content=\"\u00cdgy zajlott a szombati F\u00f3t SE I \u2013 Pom\u00e1z meccs - F\u00d3T SPORTEGYES\u00dcLET\" \/>\n<meta property=\"og:description\" content=\"J\u00f6v\u0151 h\u00e9ten megpr\u00f3b\u00e1lunk v\u00e9gre a gy\u0151zelem \u00fatj\u00e1ra t\u00e9rni! Hajr\u00e1 F\u00f3t!\" \/>\n<meta property=\"og:url\" content=\"https:\/\/fotsportegyesulet.hu\/index.php\/2020\/10\/06\/igy-zajlott-a-szombati-fot-se-i-pomaz-meccs\/\" \/>\n<meta property=\"og:site_name\" content=\"F\u00d3T SPORTEGYES\u00dcLET\" \/>\n<meta property=\"article:publisher\" content=\"https:\/\/www.facebook.com\/fotsportegyesulet\/\" \/>\n<meta property=\"article:published_time\" content=\"2020-10-06T12:23:24+00:00\" \/>\n<meta property=\"article:modified_time\" content=\"2020-10-09T12:23:41+00:00\" \/>\n<meta property=\"og:image\" content=\"https:\/\/fotsportegyesulet.hu\/wp-content\/uploads\/2020\/10\/20201003_155908_HDR.jpg\" \/>\n\t<meta property=\"og:image:width\" content=\"959\" \/>\n\t<meta property=\"og:image:height\" content=\"455\" \/>\n\t<meta property=\"og:image:type\" content=\"image\/jpeg\" \/>\n<meta name=\"author\" content=\"F\u00f3t SE\" \/>\n<meta name=\"twitter:card\" content=\"summary_large_image\" \/>\n<meta name=\"twitter:label1\" content=\"Szerz\u0151:\" \/>\n\t<meta name=\"twitter:data1\" content=\"F\u00f3t SE\" \/>\n<script type=\"application\/ld+json\" class=\"yoast-schema-graph\">{\"@context\":\"https:\/\/schema.org\",\"@graph\":[{\"@type\":\"Article\",\"@id\":\"https:\/\/fotsportegyesulet.hu\/index.php\/2020\/10\/06\/igy-zajlott-a-szombati-fot-se-i-pomaz-meccs\/#article\",\"isPartOf\":{\"@id\":\"https:\/\/fotsportegyesulet.hu\/index.php\/2020\/10\/06\/igy-zajlott-a-szombati-fot-se-i-pomaz-meccs\/\"},\"author\":{\"name\":\"F\u00f3t SE\",\"@id\":\"https:\/\/fotsportegyesulet.hu\/#\/schema\/person\/8750ccb3a5183172b75dcc348ffbdbb1\"},\"headline\":\"\u00cdgy zajlott a szombati F\u00f3t SE I \u2013 Pom\u00e1z meccs\",\"datePublished\":\"2020-10-06T12:23:24+00:00\",\"dateModified\":\"2020-10-09T12:23:41+00:00\",\"mainEntityOfPage\":{\"@id\":\"https:\/\/fotsportegyesulet.hu\/index.php\/2020\/10\/06\/igy-zajlott-a-szombati-fot-se-i-pomaz-meccs\/\"},\"wordCount\":87,\"publisher\":{\"@id\":\"https:\/\/fotsportegyesulet.hu\/#organization\"},\"image\":{\"@id\":\"https:\/\/fotsportegyesulet.hu\/index.php\/2020\/10\/06\/igy-zajlott-a-szombati-fot-se-i-pomaz-meccs\/#primaryimage\"},\"thumbnailUrl\":\"https:\/\/fotsportegyesulet.hu\/wp-content\/uploads\/2020\/10\/20201003_155908_HDR.jpg\",\"articleSection\":[\"H\u00edrek\",\"Labdar\u00fag\u00e1s\"],\"inLanguage\":\"hu\"},{\"@type\":\"WebPage\",\"@id\":\"https:\/\/fotsportegyesulet.hu\/index.php\/2020\/10\/06\/igy-zajlott-a-szombati-fot-se-i-pomaz-meccs\/\",\"url\":\"https:\/\/fotsportegyesulet.hu\/index.php\/2020\/10\/06\/igy-zajlott-a-szombati-fot-se-i-pomaz-meccs\/\",\"name\":\"\u00cdgy zajlott a szombati F\u00f3t SE I \u2013 Pom\u00e1z meccs - F\u00d3T SPORTEGYES\u00dcLET\",\"isPartOf\":{\"@id\":\"https:\/\/fotsportegyesulet.hu\/#website\"},\"primaryImageOfPage\":{\"@id\":\"https:\/\/fotsportegyesulet.hu\/index.php\/2020\/10\/06\/igy-zajlott-a-szombati-fot-se-i-pomaz-meccs\/#primaryimage\"},\"image\":{\"@id\":\"https:\/\/fotsportegyesulet.hu\/index.php\/2020\/10\/06\/igy-zajlott-a-szombati-fot-se-i-pomaz-meccs\/#primaryimage\"},\"thumbnailUrl\":\"https:\/\/fotsportegyesulet.hu\/wp-content\/uploads\/2020\/10\/20201003_155908_HDR.jpg\",\"datePublished\":\"2020-10-06T12:23:24+00:00\",\"dateModified\":\"2020-10-09T12:23:41+00:00\",\"breadcrumb\":{\"@id\":\"https:\/\/fotsportegyesulet.hu\/index.php\/2020\/10\/06\/igy-zajlott-a-szombati-fot-se-i-pomaz-meccs\/#breadcrumb\"},\"inLanguage\":\"hu\",\"potentialAction\":[{\"@type\":\"ReadAction\",\"target\":[\"https:\/\/fotsportegyesulet.hu\/index.php\/2020\/10\/06\/igy-zajlott-a-szombati-fot-se-i-pomaz-meccs\/\"]}]},{\"@type\":\"ImageObject\",\"inLanguage\":\"hu\",\"@id\":\"https:\/\/fotsportegyesulet.hu\/index.php\/2020\/10\/06\/igy-zajlott-a-szombati-fot-se-i-pomaz-meccs\/#primaryimage\",\"url\":\"https:\/\/fotsportegyesulet.hu\/wp-content\/uploads\/2020\/10\/20201003_155908_HDR.jpg\",\"contentUrl\":\"https:\/\/fotsportegyesulet.hu\/wp-content\/uploads\/2020\/10\/20201003_155908_HDR.jpg\",\"width\":959,\"height\":455},{\"@type\":\"BreadcrumbList\",\"@id\":\"https:\/\/fotsportegyesulet.hu\/index.php\/2020\/10\/06\/igy-zajlott-a-szombati-fot-se-i-pomaz-meccs\/#breadcrumb\",\"itemListElement\":[{\"@type\":\"ListItem\",\"position\":1,\"name\":\"Kezd\u0151lap\",\"item\":\"https:\/\/fotsportegyesulet.hu\/\"},{\"@type\":\"ListItem\",\"position\":2,\"name\":\"\u00cdgy zajlott a szombati F\u00f3t SE I \u2013 Pom\u00e1z meccs\"}]},{\"@type\":\"WebSite\",\"@id\":\"https:\/\/fotsportegyesulet.hu\/#website\",\"url\":\"https:\/\/fotsportegyesulet.hu\/\",\"name\":\"F\u00d3T SPORTEGYES\u00dcLET\",\"description\":\"\",\"publisher\":{\"@id\":\"https:\/\/fotsportegyesulet.hu\/#organization\"},\"potentialAction\":[{\"@type\":\"SearchAction\",\"target\":{\"@type\":\"EntryPoint\",\"urlTemplate\":\"https:\/\/fotsportegyesulet.hu\/?s={search_term_string}\"},\"query-input\":{\"@type\":\"PropertyValueSpecification\",\"valueRequired\":true,\"valueName\":\"search_term_string\"}}],\"inLanguage\":\"hu\"},{\"@type\":\"Organization\",\"@id\":\"https:\/\/fotsportegyesulet.hu\/#organization\",\"name\":\"F\u00f3t Sportegyes\u00fclet\",\"url\":\"https:\/\/fotsportegyesulet.hu\/\",\"logo\":{\"@type\":\"ImageObject\",\"inLanguage\":\"hu\",\"@id\":\"https:\/\/fotsportegyesulet.hu\/#\/schema\/logo\/image\/\",\"url\":\"https:\/\/fotsportegyesulet.hu\/wp-content\/uploads\/2020\/07\/eredeti-sz\u00ednes-vektoros-Fot-cimer-3.png\",\"contentUrl\":\"https:\/\/fotsportegyesulet.hu\/wp-content\/uploads\/2020\/07\/eredeti-sz\u00ednes-vektoros-Fot-cimer-3.png\",\"width\":500,\"height\":500,\"caption\":\"F\u00f3t Sportegyes\u00fclet\"},\"image\":{\"@id\":\"https:\/\/fotsportegyesulet.hu\/#\/schema\/logo\/image\/\"},\"sameAs\":[\"https:\/\/www.facebook.com\/fotsportegyesulet\/\"]},{\"@type\":\"Person\",\"@id\":\"https:\/\/fotsportegyesulet.hu\/#\/schema\/person\/8750ccb3a5183172b75dcc348ffbdbb1\",\"name\":\"F\u00f3t SE\",\"image\":{\"@type\":\"ImageObject\",\"inLanguage\":\"hu\",\"@id\":\"https:\/\/fotsportegyesulet.hu\/#\/schema\/person\/image\/\",\"url\":\"https:\/\/secure.gravatar.com\/avatar\/2f768bb7a490a49aeb2ccaf4bacc94391bbafd4b6aa54eb6f9318ffc80d81dad?s=96&d=mm&r=g\",\"contentUrl\":\"https:\/\/secure.gravatar.com\/avatar\/2f768bb7a490a49aeb2ccaf4bacc94391bbafd4b6aa54eb6f9318ffc80d81dad?s=96&d=mm&r=g\",\"caption\":\"F\u00f3t SE\"},\"sameAs\":[\"http:\/\/fotsportegyesulet.hu\"],\"url\":\"https:\/\/fotsportegyesulet.hu\/index.php\/author\/kapitany-zoltan\/\"}]}<\/script>\n<!-- \/ Yoast SEO plugin. -->","yoast_head_json":{"title":"\u00cdgy zajlott a szombati F\u00f3t SE I \u2013 Pom\u00e1z meccs - F\u00d3T SPORTEGYES\u00dcLET","robots":{"index":"index","follow":"follow","max-snippet":"max-snippet:-1","max-image-preview":"max-image-preview:large","max-video-preview":"max-video-preview:-1"},"canonical":"https:\/\/fotsportegyesulet.hu\/index.php\/2020\/10\/06\/igy-zajlott-a-szombati-fot-se-i-pomaz-meccs\/","og_locale":"hu_HU","og_type":"article","og_title":"\u00cdgy zajlott a szombati F\u00f3t SE I \u2013 Pom\u00e1z meccs - F\u00d3T SPORTEGYES\u00dcLET","og_description":"J\u00f6v\u0151 h\u00e9ten megpr\u00f3b\u00e1lunk v\u00e9gre a gy\u0151zelem \u00fatj\u00e1ra t\u00e9rni! Hajr\u00e1 F\u00f3t!","og_url":"https:\/\/fotsportegyesulet.hu\/index.php\/2020\/10\/06\/igy-zajlott-a-szombati-fot-se-i-pomaz-meccs\/","og_site_name":"F\u00d3T SPORTEGYES\u00dcLET","article_publisher":"https:\/\/www.facebook.com\/fotsportegyesulet\/","article_published_time":"2020-10-06T12:23:24+00:00","article_modified_time":"2020-10-09T12:23:41+00:00","og_image":[{"width":959,"height":455,"url":"https:\/\/fotsportegyesulet.hu\/wp-content\/uploads\/2020\/10\/20201003_155908_HDR.jpg","type":"image\/jpeg"}],"author":"F\u00f3t SE","twitter_card":"summary_large_image","twitter_misc":{"Szerz\u0151:":"F\u00f3t SE"},"schema":{"@context":"https:\/\/schema.org","@graph":[{"@type":"Article","@id":"https:\/\/fotsportegyesulet.hu\/index.php\/2020\/10\/06\/igy-zajlott-a-szombati-fot-se-i-pomaz-meccs\/#article","isPartOf":{"@id":"https:\/\/fotsportegyesulet.hu\/index.php\/2020\/10\/06\/igy-zajlott-a-szombati-fot-se-i-pomaz-meccs\/"},"author":{"name":"F\u00f3t SE","@id":"https:\/\/fotsportegyesulet.hu\/#\/schema\/person\/8750ccb3a5183172b75dcc348ffbdbb1"},"headline":"\u00cdgy zajlott a szombati F\u00f3t SE I \u2013 Pom\u00e1z meccs","datePublished":"2020-10-06T12:23:24+00:00","dateModified":"2020-10-09T12:23:41+00:00","mainEntityOfPage":{"@id":"https:\/\/fotsportegyesulet.hu\/index.php\/2020\/10\/06\/igy-zajlott-a-szombati-fot-se-i-pomaz-meccs\/"},"wordCount":87,"publisher":{"@id":"https:\/\/fotsportegyesulet.hu\/#organization"},"image":{"@id":"https:\/\/fotsportegyesulet.hu\/index.php\/2020\/10\/06\/igy-zajlott-a-szombati-fot-se-i-pomaz-meccs\/#primaryimage"},"thumbnailUrl":"https:\/\/fotsportegyesulet.hu\/wp-content\/uploads\/2020\/10\/20201003_155908_HDR.jpg","articleSection":["H\u00edrek","Labdar\u00fag\u00e1s"],"inLanguage":"hu"},{"@type":"WebPage","@id":"https:\/\/fotsportegyesulet.hu\/index.php\/2020\/10\/06\/igy-zajlott-a-szombati-fot-se-i-pomaz-meccs\/","url":"https:\/\/fotsportegyesulet.hu\/index.php\/2020\/10\/06\/igy-zajlott-a-szombati-fot-se-i-pomaz-meccs\/","name":"\u00cdgy zajlott a szombati F\u00f3t SE I \u2013 Pom\u00e1z meccs - F\u00d3T SPORTEGYES\u00dcLET","isPartOf":{"@id":"https:\/\/fotsportegyesulet.hu\/#website"},"primaryImageOfPage":{"@id":"https:\/\/fotsportegyesulet.hu\/index.php\/2020\/10\/06\/igy-zajlott-a-szombati-fot-se-i-pomaz-meccs\/#primaryimage"},"image":{"@id":"https:\/\/fotsportegyesulet.hu\/index.php\/2020\/10\/06\/igy-zajlott-a-szombati-fot-se-i-pomaz-meccs\/#primaryimage"},"thumbnailUrl":"https:\/\/fotsportegyesulet.hu\/wp-content\/uploads\/2020\/10\/20201003_155908_HDR.jpg","datePublished":"2020-10-06T12:23:24+00:00","dateModified":"2020-10-09T12:23:41+00:00","breadcrumb":{"@id":"https:\/\/fotsportegyesulet.hu\/index.php\/2020\/10\/06\/igy-zajlott-a-szombati-fot-se-i-pomaz-meccs\/#breadcrumb"},"inLanguage":"hu","potentialAction":[{"@type":"ReadAction","target":["https:\/\/fotsportegyesulet.hu\/index.php\/2020\/10\/06\/igy-zajlott-a-szombati-fot-se-i-pomaz-meccs\/"]}]},{"@type":"ImageObject","inLanguage":"hu","@id":"https:\/\/fotsportegyesulet.hu\/index.php\/2020\/10\/06\/igy-zajlott-a-szombati-fot-se-i-pomaz-meccs\/#primaryimage","url":"https:\/\/fotsportegyesulet.hu\/wp-content\/uploads\/2020\/10\/20201003_155908_HDR.jpg","contentUrl":"https:\/\/fotsportegyesulet.hu\/wp-content\/uploads\/2020\/10\/20201003_155908_HDR.jpg","width":959,"height":455},{"@type":"BreadcrumbList","@id":"https:\/\/fotsportegyesulet.hu\/index.php\/2020\/10\/06\/igy-zajlott-a-szombati-fot-se-i-pomaz-meccs\/#breadcrumb","itemListElement":[{"@type":"ListItem","position":1,"name":"Kezd\u0151lap","item":"https:\/\/fotsportegyesulet.hu\/"},{"@type":"ListItem","position":2,"name":"\u00cdgy zajlott a szombati F\u00f3t SE I \u2013 Pom\u00e1z meccs"}]},{"@type":"WebSite","@id":"https:\/\/fotsportegyesulet.hu\/#website","url":"https:\/\/fotsportegyesulet.hu\/","name":"F\u00d3T SPORTEGYES\u00dcLET","description":"","publisher":{"@id":"https:\/\/fotsportegyesulet.hu\/#organization"},"potentialAction":[{"@type":"SearchAction","target":{"@type":"EntryPoint","urlTemplate":"https:\/\/fotsportegyesulet.hu\/?s={search_term_string}"},"query-input":{"@type":"PropertyValueSpecification","valueRequired":true,"valueName":"search_term_string"}}],"inLanguage":"hu"},{"@type":"Organization","@id":"https:\/\/fotsportegyesulet.hu\/#organization","name":"F\u00f3t Sportegyes\u00fclet","url":"https:\/\/fotsportegyesulet.hu\/","logo":{"@type":"ImageObject","inLanguage":"hu","@id":"https:\/\/fotsportegyesulet.hu\/#\/schema\/logo\/image\/","url":"https:\/\/fotsportegyesulet.hu\/wp-content\/uploads\/2020\/07\/eredeti-sz\u00ednes-vektoros-Fot-cimer-3.png","contentUrl":"https:\/\/fotsportegyesulet.hu\/wp-content\/uploads\/2020\/07\/eredeti-sz\u00ednes-vektoros-Fot-cimer-3.png","width":500,"height":500,"caption":"F\u00f3t Sportegyes\u00fclet"},"image":{"@id":"https:\/\/fotsportegyesulet.hu\/#\/schema\/logo\/image\/"},"sameAs":["https:\/\/www.facebook.com\/fotsportegyesulet\/"]},{"@type":"Person","@id":"https:\/\/fotsportegyesulet.hu\/#\/schema\/person\/8750ccb3a5183172b75dcc348ffbdbb1","name":"F\u00f3t SE","image":{"@type":"ImageObject","inLanguage":"hu","@id":"https:\/\/fotsportegyesulet.hu\/#\/schema\/person\/image\/","url":"https:\/\/secure.gravatar.com\/avatar\/2f768bb7a490a49aeb2ccaf4bacc94391bbafd4b6aa54eb6f9318ffc80d81dad?s=96&d=mm&r=g","contentUrl":"https:\/\/secure.gravatar.com\/avatar\/2f768bb7a490a49aeb2ccaf4bacc94391bbafd4b6aa54eb6f9318ffc80d81dad?s=96&d=mm&r=g","caption":"F\u00f3t SE"},"sameAs":["http:\/\/fotsportegyesulet.hu"],"url":"https:\/\/fotsportegyesulet.hu\/index.php\/author\/kapitany-zoltan\/"}]}},"_links":{"self":[{"href":"https:\/\/fotsportegyesulet.hu\/index.php\/wp-json\/wp\/v2\/posts\/1800","targetHints":{"allow":["GET"]}}],"collection":[{"href":"https:\/\/fotsportegyesulet.hu\/index.php\/wp-json\/wp\/v2\/posts"}],"about":[{"href":"https:\/\/fotsportegyesulet.hu\/index.php\/wp-json\/wp\/v2\/types\/post"}],"author":[{"embeddable":true,"href":"https:\/\/fotsportegyesulet.hu\/index.php\/wp-json\/wp\/v2\/users\/3"}],"replies":[{"embeddable":true,"href":"https:\/\/fotsportegyesulet.hu\/index.php\/wp-json\/wp\/v2\/comments?post=1800"}],"version-history":[{"count":1,"href":"https:\/\/fotsportegyesulet.hu\/index.php\/wp-json\/wp\/v2\/posts\/1800\/revisions"}],"predecessor-version":[{"id":1802,"href":"https:\/\/fotsportegyesulet.hu\/index.php\/wp-json\/wp\/v2\/posts\/1800\/revisions\/1802"}],"wp:featuredmedia":[{"embeddable":true,"href":"https:\/\/fotsportegyesulet.hu\/index.php\/wp-json\/wp\/v2\/media\/1801"}],"wp:attachment":[{"href":"https:\/\/fotsportegyesulet.hu\/index.php\/wp-json\/wp\/v2\/media?parent=1800"}],"wp:term":[{"taxonomy":"category","embeddable":true,"href":"https:\/\/fotsportegyesulet.hu\/index.php\/wp-json\/wp\/v2\/categories?post=1800"},{"taxonomy":"post_tag","embeddable":true,"href":"https:\/\/fotsportegyesulet.hu\/index.php\/wp-json\/wp\/v2\/tags?post=1800"}],"curies":[{"name":"wp","href":"https:\/\/api.w.org\/{rel}","templated":true}]}}