{"id":15160,"date":"2025-12-19T12:48:17","date_gmt":"2025-12-19T11:48:17","guid":{"rendered":"https:\/\/fotsportegyesulet.hu\/?p=15160"},"modified":"2025-12-19T12:50:19","modified_gmt":"2025-12-19T11:50:19","slug":"oszi-merleg-munka-es-hit","status":"publish","type":"post","link":"https:\/\/fotsportegyesulet.hu\/index.php\/2025\/12\/19\/oszi-merleg-munka-es-hit\/","title":{"rendered":"\u0150szi m\u00e9rleg \u2013 munka \u00e9s hit!"},"content":{"rendered":"<h3 style=\"text-align: center;\"><strong>Az \u0151szi szezon lez\u00e1rult\u00e1val \u00e9rdemes meg\u00e1llni egy pillanatra, \u00e9s visszatekinteni a F\u00f3t SE labdar\u00fag\u00f3 csapatainak elm\u00falt h\u00f3napjaira. A k\u00fcl\u00f6nb\u00f6z\u0151 oszt\u00e1lyok m\u00f6g\u00f6tt \u00e1ll\u00f3 munka, kih\u00edv\u00e1sok \u00e9s sikerek egyar\u00e1nt megmutatj\u00e1k azt az elhivatotts\u00e1got, amely az egyes\u00fclet eg\u00e9sz\u00e9t jellemzi.<\/strong><\/h3>\n<h3 style=\"text-align: center;\"><strong>Az al\u00e1bbi \u00f6sszefoglal\u00f3kban edz\u0151ink \u00e9rt\u00e9kelik a f\u00e9l\u00e9vet: \u0151szint\u00e9n besz\u00e9lnek az el\u00e9rt eredm\u00e9nyekr\u0151l, a neh\u00e9zs\u00e9gekr\u0151l, a fejl\u0151d\u00e9s \u00fatj\u00e1r\u00f3l \u00e9s a tavaszi folytat\u00e1s c\u00e9ljair\u00f3l. K\u00f6z\u00f6s benn\u00fck a hit a csapatban, az elv\u00e9gzett munka erej\u00e9ben, valamint az a szeml\u00e9let, amely a F\u00f3t SE-t nemcsak sport szakmailag, hanem k\u00f6z\u00f6ss\u00e9gk\u00e9nt is er\u0151ss\u00e9 teszi.<\/strong><\/h3>\n<p><strong>F\u00f3t Se Feln\u0151tt II. &#8211; Patk\u00f3s M\u00e1t\u00e9 edz\u0151<\/strong><\/p>\n<p>Izgalmas, \u00e9s \u00e9rzelmileg el\u00e9g hull\u00e1mz\u00f3 \u0151szi szezonon vagyunk t\u00fal, ami tartogatott negat\u00edv \u00e9s pozit\u00edv meglepet\u00e9seket is az F2-es csapatnak. Csapatvezet\u00e9sben\u00a0\u00e9s j\u00e1t\u00e9koskeretben is \u00faj\u00edt\u00e1sok t\u00f6rt\u00e9ntek, \u00edgy \u00f6sszekov\u00e1csol\u00f3d\u00e1st ig\u00e9nyelt a ny\u00e1ri kezd\u00e9s. A sikeres \u00e9s sokszor eredm\u00e9nyesnek mondhat\u00f3 felk\u00e9sz\u00fcl\u00e9s ut\u00e1n a bajnoks\u00e1g kezdete m\u00e1r sajnos teljesen m\u00e1s k\u00e9pet mutatott. Hab\u00e1r j\u00e1t\u00e9kunkkal v\u00e9lem\u00e9nyem szerint egyik meccs els\u0151 szakasz\u00e1ban sem maradtunk alul az ellenfel\u00fcnk j\u00e1t\u00e9k\u00e1val szemben, de sajnos a percek el\u0151rehaladt\u00e1val a saj\u00e1t hib\u00e1ink, a balszerencse vagy a kem\u00e9nyen les\u00fajt\u00f3 b\u00edr\u00f3i \u00edt\u00e9letek sokszor a meccs v\u00e9g\u00e9re 0 pontot eredm\u00e9nyeztek. A szezon\u00a0v\u00e9gs\u0151 szakasz\u00e1ban v\u00e9gre a szerzett pontokban is elkezdett t\u00fckr\u00f6z\u0151dni a fi\u00fak h\u00e9tr\u0151l-h\u00e9tre belefektetett munk\u00e1ja, ami term\u00e9szetesen lend\u00fcletet ad nek\u00fcnk a tavaszi folytat\u00e1sra. Azt gondolom, hogy p\u00e9lda\u00e9rt\u00e9k\u0171 volt minden j\u00e1t\u00e9kos \u00e9s st\u00e1btag hozz\u00e1\u00e1ll\u00e1sa a f\u00e9l\u00e9v sor\u00e1n, \u00e9s h\u00e9tr\u0151l h\u00e9tre lankadatlanul hatalmas mennyis\u00e9g\u0171 munk\u00e1t v\u00e9geztek a k\u00f6z\u00f6s c\u00e9l \u00e9rdek\u00e9ben. Biztos vagyok benne, hogy az \u00e9p\u00edtkez\u00e9s\u00fcnk folyamata\u00a0abba a st\u00e1diumba \u00e9rkezett, ahonnan t\u00e9nylegesen felfel\u00e9 vezet az utunk janu\u00e1rt\u00f3l. Ez\u00faton is k\u00f6sz\u00f6n\u00f6m mindenki munk\u00e1j\u00e1t, aki \u00edgy vagy \u00fagy hozz\u00e1tette a mag\u00e1\u00e9t ehhez az id\u0151szakhoz!<\/p>\n<p style=\"text-align: center;\"><a href=\"https:\/\/adatbank.mlsz.hu\/league\/65\/14\/31825\/11.html\">F\u00f3 SE II. Feln\u0151tt Csapat Tabella<\/a><\/p>\n<p><img loading=\"lazy\" decoding=\"async\" class=\" wp-image-15162 aligncenter\" src=\"https:\/\/fotsportegyesulet.hu\/wp-content\/uploads\/2025\/12\/Fot-SE-II-Tabella.png\" alt=\"\" width=\"554\" height=\"305\" srcset=\"https:\/\/fotsportegyesulet.hu\/wp-content\/uploads\/2025\/12\/Fot-SE-II-Tabella.png 556w, https:\/\/fotsportegyesulet.hu\/wp-content\/uploads\/2025\/12\/Fot-SE-II-Tabella-300x165.png 300w\" sizes=\"auto, (max-width: 554px) 100vw, 554px\" \/><\/p>\n<p><strong>\u00a0<\/strong><strong>F\u00f3t SE II. Somly\u00f3 \u00d6regfi\u00fak &#8211; Fon\u00f3di P\u00e1l edz\u0151<\/strong><\/p>\n<p>A tavalyi bajnoki c\u00edm megszerz\u00e9se ut\u00e1n id\u00e9n is a tabella \u00e9lmez\u0151ny\u00e9ben k\u00fczd\u00fcnk, jelenleg a m\u00e1sodik helyen \u00e1llunk. B\u00e1r eddig t\u00f6bb neh\u00e9zs\u00e9ggel kellett szemben\u00e9zn\u00fcnk, p\u00e9ld\u00e1ul k\u00e9t m\u00e9rk\u0151z\u00e9sen is az utols\u00f3 percekben kaptunk g\u00f3lt, \u00fagy \u00e9rezz\u00fck, hogy csapatk\u00e9nt er\u0151s\u00f6dt\u00fcnk. Tal\u00e1n most egy picit a szerencse, ami hi\u00e1nyzik, de minim\u00e1lis 3 ponttal vagyunk csak lemaradva az els\u0151 helyezett\u00f6l. K\u00fcl\u00f6n\u00f6s b\u00fcszkes\u00e9ggel t\u00f6lt el minket, hogy hazai p\u00e1ly\u00e1n t\u00f6bb mint egy \u00e9ve nem kaptunk ki bajnoki m\u00e9rk\u0151z\u00e9sen, aki ide \u00e9rkezik F\u00f3tra az k\u00e9sz\u00fclj\u00f6n fel, hogy neh\u00e9z dolga lesz, ha pontot szeretne innen elvinni. Az ellenfelek is tiszt\u00e1ban vannak bajnoki c\u00edm\u00fcnkkel, \u00e9s minden m\u00e9rk\u0151z\u00e9sen extra teljes\u00edtm\u00e9nyt ny\u00fajtanak ellen\u00fcnk. Szeretn\u00e9k megv\u00e9deni a bajnoki c\u00edm\u00fcnket b\u00e1r tudjuk, hogy megv\u00e9deni sokkal nehezebb, mint megszerezni. Viszont, ha a dobog\u00f3 els\u0151 h\u00e1rom helyezete k\u00f6z\u00f6tt v\u00e9gz\u00fcnk, akkor nagyj\u00e1b\u00f3l a terveinket el\u00e9rt\u00fck. Term\u00e9szetesen mindent megtesz\u00fcnk az\u00e9rt, hogy megv\u00e9dj\u00fck els\u0151 hely\u00fcnket. A l\u00e9nyeg \u00e9s a legfontosabb viszont az, hogy egy j\u00f3 bar\u00e1ti t\u00e1rsas\u00e1g alakult ki, mint az edz\u00e9seken, mint m\u00e9rk\u0151z\u00e9seken j\u00f3 a hangulat.<\/p>\n<p>\u00c9s hogy mit k\u00edv\u00e1nhatn\u00e1nk \u00edgy kar\u00e1csony t\u00e1j\u00e9k\u00e1n? Minden F\u00f3t Se vezet\u0151nek, edz\u0151knek, sportol\u00f3knak, szurkol\u00f3nak kellemes kar\u00e1csonyi \u00fcnnepeket \u00e9s boldog \u00faj \u00e9vet k\u00edv\u00e1n a F\u00f3t Se Somly\u00f3 \u00f6regfi\u00fak labdar\u00fag\u00f3 csapata.<\/p>\n<p style=\"text-align: center;\"><a href=\"https:\/\/ada1bank.mlsz.hu\/league?evad=65&amp;szervezet=14&amp;verseny=31914&amp;fordulo=9\">F\u00f3t SE II. Somly\u00f3 \u00d6regfi\u00fak Tabella<\/a><\/p>\n<p><img loading=\"lazy\" decoding=\"async\" class=\"wp-image-15166 aligncenter\" src=\"https:\/\/fotsportegyesulet.hu\/wp-content\/uploads\/2025\/12\/Somlyo-Tabella.png\" alt=\"\" width=\"557\" height=\"254\" srcset=\"https:\/\/fotsportegyesulet.hu\/wp-content\/uploads\/2025\/12\/Somlyo-Tabella.png 605w, https:\/\/fotsportegyesulet.hu\/wp-content\/uploads\/2025\/12\/Somlyo-Tabella-300x137.png 300w\" sizes=\"auto, (max-width: 557px) 100vw, 557px\" \/><\/p>\n<p><strong>F\u00f3t SE I. \u00d6regfi\u00fak &#8211; Juh\u00e1sz Csaba edz\u0151<\/strong><\/p>\n<p>K\u00f6sz\u00f6n\u00f6m a lehet\u0151s\u00e9get, hogy \u00e9n \u00f6sszegezzem a F\u00f3ti \u00d6regfiuk csapat Keleti csoportban lej\u00e1tszott \u0151szi m\u00e9rk\u0151z\u00e9seit.<\/p>\n<p>\u00daj csoportban kezdt\u00fck az \u0151szi szezont 8 m\u00e9rk\u0151z\u00e9s, amib\u0151l 6 gy\u0151zelmet, 1 veres\u00e9get \u00e9s 1 d\u00f6ntetlent \u00e9rt\u00fcnk el, \u00edgy 1 ponttal vezetj\u00fck csoportunkat. Sz\u00e1munkra ismeretlen csapatokkal m\u00e9rk\u0151zt\u00fcnk meg, de \u00edgy is siker\u00fclt helyt \u00e1llnunk.<\/p>\n<p>Remek csapatok alkotj\u00e1k a csoportot.<\/p>\n<p>Kiegyens\u00falyozott a bajnoks\u00e1g, sportszer\u0171ek az ellenfelek, minden csapat ki\u00e1ll a m\u00e1sik ellen. Voltak brav\u00faros gy\u0151zelmeink, de sajnos d\u00f6ntetlen\u00fcnk \u00e9s f\u00e1j\u00f3 veres\u00e9g\u00fcnk is.<\/p>\n<p>Neh\u00e9z tavasz el\u00e9 n\u00e9z\u00fcnk, mert 5 neh\u00e9z m\u00e9rk\u0151z\u00e9s v\u00e1r r\u00e1nk idegenben.<\/p>\n<p>B\u00edzunk a sikeres folytat\u00e1sban \u00e9s szeretn\u00e9nk ebben a csoportban is bajnoks\u00e1got nyerni!<\/p>\n<p>Kellemes \u00fcnnepeket\u00a0k\u00edv\u00e1nok mindenkinek a\u00a0F\u00f3ti \u00f6regfiuk csapata nev\u00e9ben!<\/p>\n<p style=\"text-align: center;\"><a href=\"https:\/\/adatbank.mlsz.hu\/league\/65\/14\/31913\/9.html\">F\u00f3t SE I. \u00d6regfi\u00fak Tabella<\/a><\/p>\n<p><img loading=\"lazy\" decoding=\"async\" class=\"alignnone wp-image-15163 aligncenter\" src=\"https:\/\/fotsportegyesulet.hu\/wp-content\/uploads\/2025\/12\/Fot-SE-Oregfiuk-tabella.png\" alt=\"\" width=\"557\" height=\"255\" srcset=\"https:\/\/fotsportegyesulet.hu\/wp-content\/uploads\/2025\/12\/Fot-SE-Oregfiuk-tabella.png 601w, https:\/\/fotsportegyesulet.hu\/wp-content\/uploads\/2025\/12\/Fot-SE-Oregfiuk-tabella-300x137.png 300w\" sizes=\"auto, (max-width: 557px) 100vw, 557px\" \/><\/p>\n<p><strong>F\u00f3t SE Feln\u0151tt I. &#8211; Mikulka Gyula edz\u0151<\/strong><\/p>\n<p>\u00d6sszess\u00e9g\u00e9ben egy sikeres \u00e9s esem\u00e9nyd\u00fas f\u00e9l\u00e9vet tudhatunk magunk m\u00f6g\u00f6tt. Pillanatnyilag, a bajnoks\u00e1g fel\u00e9n\u00e9l az els\u0151 helyen \u00e1llunk, vezetj\u00fck a tabell\u00e1t 3 ponttal, aminek nagyon \u00f6r\u00fcl\u00fcnk, hiszen ez\u00e9rt dolgoztunk rettenetesen kem\u00e9nyen minden egyes edz\u00e9sen eg\u00e9sz\u00e9n a felk\u00e9sz\u00fcl\u00e9s kezdete \u00f3ta.<\/p>\n<p>Ny\u00e1ron siker\u00fclt meger\u0151s\u00edteni \u00e9s m\u00e9ly\u00edteni a keretet \u00faj j\u00e1t\u00e9kosokkal, akik egyben nagyon j\u00f3 karakterek is, \u00edgy tov\u00e1bb er\u0151s\u00f6d\u00f6tt a csapategys\u00e9g\u00fcnk.<\/p>\n<p>A teljes\u00edtm\u00e9ny\u00fcnkkel nem vagyunk marad\u00e9ktalanul el\u00e9gedettek, mert b\u00e1r ragyog\u00f3an kezdt\u00fck a bajnoks\u00e1got gy\u0151zelmeket halmozva, az \u0151szi szezon m\u00e1sodik fel\u00e9ben volt n\u00e9h\u00e1ny m\u00e9rk\u0151z\u00e9s\u00fcnk, ahol pontokat hullajtottunk, emiatt b\u0151ven van hi\u00e1ny\u00e9rzet\u00fcnk. Ami pozit\u00edv, hogy j\u00f3l reag\u00e1ltuk le ezt a nehezebb peri\u00f3dust.<\/p>\n<p>Ugyanakkor b\u00fcszk\u00e9k vagyunk arra, ahol tartunk jelenleg. Ez egy remek visszaigazol\u00e1s mindenkinek, hogy a beletett munka igen is pontokban t\u00e9r\u00fcl meg, ingyen nem adnak els\u0151 helyet egyik bajnoks\u00e1gban sem.<\/p>\n<p>A csapat tudja, hogy ez csak f\u00e9lt\u00e1v, janu\u00e1rt\u00f3l m\u00e9g kem\u00e9nyebben fogunk dolgozni, c\u00e9lunkr\u00f3l nem vessz\u00fck le a szem\u00fcnket egy pillanatra sem! Ami biztos, a m\u00e9rk\u0151z\u00e9seken mindent megtesz\u00fcnk a gy\u0151zelmek\u00e9rt! F\u00f3kusz mostant\u00f3l a tavaszon, alig v\u00e1rjuk, hogy folytassuk!<\/p>\n<p>K\u00f6sz\u00f6net a j\u00e1t\u00e9kosoknak, a st\u00e1bnak, a vezet\u0151s\u00e9gnek \u00e9s mindenkinek, aki hozz\u00e1tette a mag\u00e1\u00e9t ehhez a teljes\u00edtm\u00e9nyhez.<\/p>\n<p style=\"text-align: center;\"><a href=\"https:\/\/adatbank.mlsz.hu\/league\/65\/14\/31820\/13.html\">F\u00f3t SE I. Feln\u0151tt Csapat Tabella<\/a><\/p>\n<p><img loading=\"lazy\" decoding=\"async\" class=\"alignnone wp-image-15161 aligncenter\" src=\"https:\/\/fotsportegyesulet.hu\/wp-content\/uploads\/2025\/12\/Fot-SE-I-tabella.png\" alt=\"\" width=\"558\" height=\"332\" srcset=\"https:\/\/fotsportegyesulet.hu\/wp-content\/uploads\/2025\/12\/Fot-SE-I-tabella.png 592w, https:\/\/fotsportegyesulet.hu\/wp-content\/uploads\/2025\/12\/Fot-SE-I-tabella-300x178.png 300w\" sizes=\"auto, (max-width: 558px) 100vw, 558px\" \/><\/p>\n<p><strong>\u00a0<\/strong><\/p>\n<p><strong>Az \u0151szi id\u00e9ny tanuls\u00e1gai vil\u00e1gosan megmutatt\u00e1k, hogy a F\u00f3t SE feln\u0151tt labdar\u00fag\u00f3 csapatai j\u00f3 \u00faton j\u00e1rnak: van, ahol az \u00e9p\u00edtkez\u00e9s folyamata \u00e9rik be, van, ahol a bajnoki c\u00edm\u00e9rt folytatott k\u00fczdelem ad extra motiv\u00e1ci\u00f3t, de mindenhol k\u00f6z\u00f6s nevez\u0151 a munka, az al\u00e1zat \u00e9s az \u00f6sszetart\u00e1s.<\/strong><\/p>\n<p><strong>A tavaszi szezon \u00faj kih\u00edv\u00e1sokat, \u00faj c\u00e9lokat \u00e9s \u00faj lehet\u0151s\u00e9geket tartogat, amelyekhez a csapatok elsz\u00e1ntan \u00e9s bizakodva \u00e1llnak hozz\u00e1. K\u00f6sz\u00f6net illeti az edz\u0151ket, j\u00e1t\u00e9kosokat, st\u00e1btagokat, a vezet\u0151s\u00e9get \u00e9s term\u00e9szetesen a szurkol\u00f3kat is, akik h\u00e9tr\u0151l h\u00e9tre t\u00e1mogatj\u00e1k a f\u00f3ti labdar\u00fag\u00e1st.<\/strong><\/p>\n<p><strong>K\u00edv\u00e1nunk mindenkinek j\u00f3 pihen\u00e9st az \u00fcnnepi id\u0151szakra, sikeres felk\u00e9sz\u00fcl\u00e9st a folytat\u00e1sra, \u00e9s eredm\u00e9nyekben gazdag tavaszi szezont!<\/strong><\/p>\n<p><strong>Hajr\u00e1 F\u00f3t! <\/strong><strong>\u26bd<\/strong><\/p>\n","protected":false},"excerpt":{"rendered":"<p>Pontok\u00e9rt v\u00edvott csat\u00e1k egy k\u00fczdelmes id\u00e9nyben.<\/p>\n","protected":false},"author":3,"featured_media":15170,"comment_status":"closed","ping_status":"open","sticky":false,"template":"","format":"standard","meta":{"_bbp_topic_count":0,"_bbp_reply_count":0,"_bbp_total_topic_count":0,"_bbp_total_reply_count":0,"_bbp_voice_count":0,"_bbp_anonymous_reply_count":0,"_bbp_topic_count_hidden":0,"_bbp_reply_count_hidden":0,"_bbp_forum_subforum_count":0,"_price":"","_stock":"","_tribe_ticket_header":"","_tribe_default_ticket_provider":"","_ticket_start_date":"","_ticket_end_date":"","_tribe_ticket_show_description":"","_tribe_ticket_show_not_going":false,"_tribe_ticket_use_global_stock":"","_tribe_ticket_global_stock_level":"","_global_stock_mode":"","_global_stock_cap":"","_tribe_rsvp_for_event":"","_tribe_ticket_going_count":"","_tribe_ticket_not_going_count":"","_tribe_tickets_list":"[]","_tribe_ticket_has_attendee_info_fields":false,"footnotes":""},"categories":[1],"tags":[],"class_list":["post-15160","post","type-post","status-publish","format-standard","has-post-thumbnail","hentry","category-hirek"],"yoast_head":"<!-- This site is optimized with the Yoast SEO plugin v25.7 - https:\/\/yoast.com\/wordpress\/plugins\/seo\/ -->\n<title>\u0150szi m\u00e9rleg \u2013 munka \u00e9s hit! - F\u00d3T SPORTEGYES\u00dcLET<\/title>\n<meta name=\"robots\" content=\"index, follow, max-snippet:-1, max-image-preview:large, max-video-preview:-1\" \/>\n<link rel=\"canonical\" href=\"https:\/\/fotsportegyesulet.hu\/index.php\/2025\/12\/19\/oszi-merleg-munka-es-hit\/\" \/>\n<meta property=\"og:locale\" content=\"hu_HU\" \/>\n<meta property=\"og:type\" content=\"article\" \/>\n<meta property=\"og:title\" content=\"\u0150szi m\u00e9rleg \u2013 munka \u00e9s hit! - F\u00d3T SPORTEGYES\u00dcLET\" \/>\n<meta property=\"og:description\" content=\"Pontok\u00e9rt v\u00edvott csat\u00e1k egy k\u00fczdelmes id\u00e9nyben.\" \/>\n<meta property=\"og:url\" content=\"https:\/\/fotsportegyesulet.hu\/index.php\/2025\/12\/19\/oszi-merleg-munka-es-hit\/\" \/>\n<meta property=\"og:site_name\" content=\"F\u00d3T SPORTEGYES\u00dcLET\" \/>\n<meta property=\"article:publisher\" content=\"https:\/\/www.facebook.com\/fotsportegyesulet\/\" \/>\n<meta property=\"article:published_time\" content=\"2025-12-19T11:48:17+00:00\" \/>\n<meta property=\"article:modified_time\" content=\"2025-12-19T11:50:19+00:00\" \/>\n<meta property=\"og:image\" content=\"https:\/\/fotsportegyesulet.hu\/wp-content\/uploads\/2025\/12\/Karacsony_foci_954x456.jpg\" \/>\n\t<meta property=\"og:image:width\" content=\"954\" \/>\n\t<meta property=\"og:image:height\" content=\"456\" \/>\n\t<meta property=\"og:image:type\" content=\"image\/jpeg\" \/>\n<meta name=\"author\" content=\"F\u00f3t SE\" \/>\n<meta name=\"twitter:card\" content=\"summary_large_image\" \/>\n<meta name=\"twitter:label1\" content=\"Szerz\u0151:\" \/>\n\t<meta name=\"twitter:data1\" content=\"F\u00f3t SE\" \/>\n\t<meta name=\"twitter:label2\" content=\"Becs\u00fclt olvas\u00e1si id\u0151\" \/>\n\t<meta name=\"twitter:data2\" content=\"6 perc\" \/>\n<script type=\"application\/ld+json\" class=\"yoast-schema-graph\">{\"@context\":\"https:\/\/schema.org\",\"@graph\":[{\"@type\":\"Article\",\"@id\":\"https:\/\/fotsportegyesulet.hu\/index.php\/2025\/12\/19\/oszi-merleg-munka-es-hit\/#article\",\"isPartOf\":{\"@id\":\"https:\/\/fotsportegyesulet.hu\/index.php\/2025\/12\/19\/oszi-merleg-munka-es-hit\/\"},\"author\":{\"name\":\"F\u00f3t SE\",\"@id\":\"https:\/\/fotsportegyesulet.hu\/#\/schema\/person\/8750ccb3a5183172b75dcc348ffbdbb1\"},\"headline\":\"\u0150szi m\u00e9rleg \u2013 munka \u00e9s hit!\",\"datePublished\":\"2025-12-19T11:48:17+00:00\",\"dateModified\":\"2025-12-19T11:50:19+00:00\",\"mainEntityOfPage\":{\"@id\":\"https:\/\/fotsportegyesulet.hu\/index.php\/2025\/12\/19\/oszi-merleg-munka-es-hit\/\"},\"wordCount\":1370,\"publisher\":{\"@id\":\"https:\/\/fotsportegyesulet.hu\/#organization\"},\"image\":{\"@id\":\"https:\/\/fotsportegyesulet.hu\/index.php\/2025\/12\/19\/oszi-merleg-munka-es-hit\/#primaryimage\"},\"thumbnailUrl\":\"https:\/\/fotsportegyesulet.hu\/wp-content\/uploads\/2025\/12\/Karacsony_foci_954x456.jpg\",\"articleSection\":[\"H\u00edrek\"],\"inLanguage\":\"hu\"},{\"@type\":\"WebPage\",\"@id\":\"https:\/\/fotsportegyesulet.hu\/index.php\/2025\/12\/19\/oszi-merleg-munka-es-hit\/\",\"url\":\"https:\/\/fotsportegyesulet.hu\/index.php\/2025\/12\/19\/oszi-merleg-munka-es-hit\/\",\"name\":\"\u0150szi m\u00e9rleg \u2013 munka \u00e9s hit! - F\u00d3T SPORTEGYES\u00dcLET\",\"isPartOf\":{\"@id\":\"https:\/\/fotsportegyesulet.hu\/#website\"},\"primaryImageOfPage\":{\"@id\":\"https:\/\/fotsportegyesulet.hu\/index.php\/2025\/12\/19\/oszi-merleg-munka-es-hit\/#primaryimage\"},\"image\":{\"@id\":\"https:\/\/fotsportegyesulet.hu\/index.php\/2025\/12\/19\/oszi-merleg-munka-es-hit\/#primaryimage\"},\"thumbnailUrl\":\"https:\/\/fotsportegyesulet.hu\/wp-content\/uploads\/2025\/12\/Karacsony_foci_954x456.jpg\",\"datePublished\":\"2025-12-19T11:48:17+00:00\",\"dateModified\":\"2025-12-19T11:50:19+00:00\",\"breadcrumb\":{\"@id\":\"https:\/\/fotsportegyesulet.hu\/index.php\/2025\/12\/19\/oszi-merleg-munka-es-hit\/#breadcrumb\"},\"inLanguage\":\"hu\",\"potentialAction\":[{\"@type\":\"ReadAction\",\"target\":[\"https:\/\/fotsportegyesulet.hu\/index.php\/2025\/12\/19\/oszi-merleg-munka-es-hit\/\"]}]},{\"@type\":\"ImageObject\",\"inLanguage\":\"hu\",\"@id\":\"https:\/\/fotsportegyesulet.hu\/index.php\/2025\/12\/19\/oszi-merleg-munka-es-hit\/#primaryimage\",\"url\":\"https:\/\/fotsportegyesulet.hu\/wp-content\/uploads\/2025\/12\/Karacsony_foci_954x456.jpg\",\"contentUrl\":\"https:\/\/fotsportegyesulet.hu\/wp-content\/uploads\/2025\/12\/Karacsony_foci_954x456.jpg\",\"width\":954,\"height\":456},{\"@type\":\"BreadcrumbList\",\"@id\":\"https:\/\/fotsportegyesulet.hu\/index.php\/2025\/12\/19\/oszi-merleg-munka-es-hit\/#breadcrumb\",\"itemListElement\":[{\"@type\":\"ListItem\",\"position\":1,\"name\":\"Kezd\u0151lap\",\"item\":\"https:\/\/fotsportegyesulet.hu\/\"},{\"@type\":\"ListItem\",\"position\":2,\"name\":\"\u0150szi m\u00e9rleg \u2013 munka \u00e9s hit!\"}]},{\"@type\":\"WebSite\",\"@id\":\"https:\/\/fotsportegyesulet.hu\/#website\",\"url\":\"https:\/\/fotsportegyesulet.hu\/\",\"name\":\"F\u00d3T SPORTEGYES\u00dcLET\",\"description\":\"\",\"publisher\":{\"@id\":\"https:\/\/fotsportegyesulet.hu\/#organization\"},\"potentialAction\":[{\"@type\":\"SearchAction\",\"target\":{\"@type\":\"EntryPoint\",\"urlTemplate\":\"https:\/\/fotsportegyesulet.hu\/?s={search_term_string}\"},\"query-input\":{\"@type\":\"PropertyValueSpecification\",\"valueRequired\":true,\"valueName\":\"search_term_string\"}}],\"inLanguage\":\"hu\"},{\"@type\":\"Organization\",\"@id\":\"https:\/\/fotsportegyesulet.hu\/#organization\",\"name\":\"F\u00f3t Sportegyes\u00fclet\",\"url\":\"https:\/\/fotsportegyesulet.hu\/\",\"logo\":{\"@type\":\"ImageObject\",\"inLanguage\":\"hu\",\"@id\":\"https:\/\/fotsportegyesulet.hu\/#\/schema\/logo\/image\/\",\"url\":\"https:\/\/fotsportegyesulet.hu\/wp-content\/uploads\/2020\/07\/eredeti-sz\u00ednes-vektoros-Fot-cimer-3.png\",\"contentUrl\":\"https:\/\/fotsportegyesulet.hu\/wp-content\/uploads\/2020\/07\/eredeti-sz\u00ednes-vektoros-Fot-cimer-3.png\",\"width\":500,\"height\":500,\"caption\":\"F\u00f3t Sportegyes\u00fclet\"},\"image\":{\"@id\":\"https:\/\/fotsportegyesulet.hu\/#\/schema\/logo\/image\/\"},\"sameAs\":[\"https:\/\/www.facebook.com\/fotsportegyesulet\/\"]},{\"@type\":\"Person\",\"@id\":\"https:\/\/fotsportegyesulet.hu\/#\/schema\/person\/8750ccb3a5183172b75dcc348ffbdbb1\",\"name\":\"F\u00f3t SE\",\"image\":{\"@type\":\"ImageObject\",\"inLanguage\":\"hu\",\"@id\":\"https:\/\/fotsportegyesulet.hu\/#\/schema\/person\/image\/\",\"url\":\"https:\/\/secure.gravatar.com\/avatar\/2f768bb7a490a49aeb2ccaf4bacc94391bbafd4b6aa54eb6f9318ffc80d81dad?s=96&d=mm&r=g\",\"contentUrl\":\"https:\/\/secure.gravatar.com\/avatar\/2f768bb7a490a49aeb2ccaf4bacc94391bbafd4b6aa54eb6f9318ffc80d81dad?s=96&d=mm&r=g\",\"caption\":\"F\u00f3t SE\"},\"sameAs\":[\"http:\/\/fotsportegyesulet.hu\"],\"url\":\"https:\/\/fotsportegyesulet.hu\/index.php\/author\/kapitany-zoltan\/\"}]}<\/script>\n<!-- \/ Yoast SEO plugin. -->","yoast_head_json":{"title":"\u0150szi m\u00e9rleg \u2013 munka \u00e9s hit! - F\u00d3T SPORTEGYES\u00dcLET","robots":{"index":"index","follow":"follow","max-snippet":"max-snippet:-1","max-image-preview":"max-image-preview:large","max-video-preview":"max-video-preview:-1"},"canonical":"https:\/\/fotsportegyesulet.hu\/index.php\/2025\/12\/19\/oszi-merleg-munka-es-hit\/","og_locale":"hu_HU","og_type":"article","og_title":"\u0150szi m\u00e9rleg \u2013 munka \u00e9s hit! - F\u00d3T SPORTEGYES\u00dcLET","og_description":"Pontok\u00e9rt v\u00edvott csat\u00e1k egy k\u00fczdelmes id\u00e9nyben.","og_url":"https:\/\/fotsportegyesulet.hu\/index.php\/2025\/12\/19\/oszi-merleg-munka-es-hit\/","og_site_name":"F\u00d3T SPORTEGYES\u00dcLET","article_publisher":"https:\/\/www.facebook.com\/fotsportegyesulet\/","article_published_time":"2025-12-19T11:48:17+00:00","article_modified_time":"2025-12-19T11:50:19+00:00","og_image":[{"width":954,"height":456,"url":"https:\/\/fotsportegyesulet.hu\/wp-content\/uploads\/2025\/12\/Karacsony_foci_954x456.jpg","type":"image\/jpeg"}],"author":"F\u00f3t SE","twitter_card":"summary_large_image","twitter_misc":{"Szerz\u0151:":"F\u00f3t SE","Becs\u00fclt olvas\u00e1si id\u0151":"6 perc"},"schema":{"@context":"https:\/\/schema.org","@graph":[{"@type":"Article","@id":"https:\/\/fotsportegyesulet.hu\/index.php\/2025\/12\/19\/oszi-merleg-munka-es-hit\/#article","isPartOf":{"@id":"https:\/\/fotsportegyesulet.hu\/index.php\/2025\/12\/19\/oszi-merleg-munka-es-hit\/"},"author":{"name":"F\u00f3t SE","@id":"https:\/\/fotsportegyesulet.hu\/#\/schema\/person\/8750ccb3a5183172b75dcc348ffbdbb1"},"headline":"\u0150szi m\u00e9rleg \u2013 munka \u00e9s hit!","datePublished":"2025-12-19T11:48:17+00:00","dateModified":"2025-12-19T11:50:19+00:00","mainEntityOfPage":{"@id":"https:\/\/fotsportegyesulet.hu\/index.php\/2025\/12\/19\/oszi-merleg-munka-es-hit\/"},"wordCount":1370,"publisher":{"@id":"https:\/\/fotsportegyesulet.hu\/#organization"},"image":{"@id":"https:\/\/fotsportegyesulet.hu\/index.php\/2025\/12\/19\/oszi-merleg-munka-es-hit\/#primaryimage"},"thumbnailUrl":"https:\/\/fotsportegyesulet.hu\/wp-content\/uploads\/2025\/12\/Karacsony_foci_954x456.jpg","articleSection":["H\u00edrek"],"inLanguage":"hu"},{"@type":"WebPage","@id":"https:\/\/fotsportegyesulet.hu\/index.php\/2025\/12\/19\/oszi-merleg-munka-es-hit\/","url":"https:\/\/fotsportegyesulet.hu\/index.php\/2025\/12\/19\/oszi-merleg-munka-es-hit\/","name":"\u0150szi m\u00e9rleg \u2013 munka \u00e9s hit! - F\u00d3T SPORTEGYES\u00dcLET","isPartOf":{"@id":"https:\/\/fotsportegyesulet.hu\/#website"},"primaryImageOfPage":{"@id":"https:\/\/fotsportegyesulet.hu\/index.php\/2025\/12\/19\/oszi-merleg-munka-es-hit\/#primaryimage"},"image":{"@id":"https:\/\/fotsportegyesulet.hu\/index.php\/2025\/12\/19\/oszi-merleg-munka-es-hit\/#primaryimage"},"thumbnailUrl":"https:\/\/fotsportegyesulet.hu\/wp-content\/uploads\/2025\/12\/Karacsony_foci_954x456.jpg","datePublished":"2025-12-19T11:48:17+00:00","dateModified":"2025-12-19T11:50:19+00:00","breadcrumb":{"@id":"https:\/\/fotsportegyesulet.hu\/index.php\/2025\/12\/19\/oszi-merleg-munka-es-hit\/#breadcrumb"},"inLanguage":"hu","potentialAction":[{"@type":"ReadAction","target":["https:\/\/fotsportegyesulet.hu\/index.php\/2025\/12\/19\/oszi-merleg-munka-es-hit\/"]}]},{"@type":"ImageObject","inLanguage":"hu","@id":"https:\/\/fotsportegyesulet.hu\/index.php\/2025\/12\/19\/oszi-merleg-munka-es-hit\/#primaryimage","url":"https:\/\/fotsportegyesulet.hu\/wp-content\/uploads\/2025\/12\/Karacsony_foci_954x456.jpg","contentUrl":"https:\/\/fotsportegyesulet.hu\/wp-content\/uploads\/2025\/12\/Karacsony_foci_954x456.jpg","width":954,"height":456},{"@type":"BreadcrumbList","@id":"https:\/\/fotsportegyesulet.hu\/index.php\/2025\/12\/19\/oszi-merleg-munka-es-hit\/#breadcrumb","itemListElement":[{"@type":"ListItem","position":1,"name":"Kezd\u0151lap","item":"https:\/\/fotsportegyesulet.hu\/"},{"@type":"ListItem","position":2,"name":"\u0150szi m\u00e9rleg \u2013 munka \u00e9s hit!"}]},{"@type":"WebSite","@id":"https:\/\/fotsportegyesulet.hu\/#website","url":"https:\/\/fotsportegyesulet.hu\/","name":"F\u00d3T SPORTEGYES\u00dcLET","description":"","publisher":{"@id":"https:\/\/fotsportegyesulet.hu\/#organization"},"potentialAction":[{"@type":"SearchAction","target":{"@type":"EntryPoint","urlTemplate":"https:\/\/fotsportegyesulet.hu\/?s={search_term_string}"},"query-input":{"@type":"PropertyValueSpecification","valueRequired":true,"valueName":"search_term_string"}}],"inLanguage":"hu"},{"@type":"Organization","@id":"https:\/\/fotsportegyesulet.hu\/#organization","name":"F\u00f3t Sportegyes\u00fclet","url":"https:\/\/fotsportegyesulet.hu\/","logo":{"@type":"ImageObject","inLanguage":"hu","@id":"https:\/\/fotsportegyesulet.hu\/#\/schema\/logo\/image\/","url":"https:\/\/fotsportegyesulet.hu\/wp-content\/uploads\/2020\/07\/eredeti-sz\u00ednes-vektoros-Fot-cimer-3.png","contentUrl":"https:\/\/fotsportegyesulet.hu\/wp-content\/uploads\/2020\/07\/eredeti-sz\u00ednes-vektoros-Fot-cimer-3.png","width":500,"height":500,"caption":"F\u00f3t Sportegyes\u00fclet"},"image":{"@id":"https:\/\/fotsportegyesulet.hu\/#\/schema\/logo\/image\/"},"sameAs":["https:\/\/www.facebook.com\/fotsportegyesulet\/"]},{"@type":"Person","@id":"https:\/\/fotsportegyesulet.hu\/#\/schema\/person\/8750ccb3a5183172b75dcc348ffbdbb1","name":"F\u00f3t SE","image":{"@type":"ImageObject","inLanguage":"hu","@id":"https:\/\/fotsportegyesulet.hu\/#\/schema\/person\/image\/","url":"https:\/\/secure.gravatar.com\/avatar\/2f768bb7a490a49aeb2ccaf4bacc94391bbafd4b6aa54eb6f9318ffc80d81dad?s=96&d=mm&r=g","contentUrl":"https:\/\/secure.gravatar.com\/avatar\/2f768bb7a490a49aeb2ccaf4bacc94391bbafd4b6aa54eb6f9318ffc80d81dad?s=96&d=mm&r=g","caption":"F\u00f3t SE"},"sameAs":["http:\/\/fotsportegyesulet.hu"],"url":"https:\/\/fotsportegyesulet.hu\/index.php\/author\/kapitany-zoltan\/"}]}},"_links":{"self":[{"href":"https:\/\/fotsportegyesulet.hu\/index.php\/wp-json\/wp\/v2\/posts\/15160","targetHints":{"allow":["GET"]}}],"collection":[{"href":"https:\/\/fotsportegyesulet.hu\/index.php\/wp-json\/wp\/v2\/posts"}],"about":[{"href":"https:\/\/fotsportegyesulet.hu\/index.php\/wp-json\/wp\/v2\/types\/post"}],"author":[{"embeddable":true,"href":"https:\/\/fotsportegyesulet.hu\/index.php\/wp-json\/wp\/v2\/users\/3"}],"replies":[{"embeddable":true,"href":"https:\/\/fotsportegyesulet.hu\/index.php\/wp-json\/wp\/v2\/comments?post=15160"}],"version-history":[{"count":5,"href":"https:\/\/fotsportegyesulet.hu\/index.php\/wp-json\/wp\/v2\/posts\/15160\/revisions"}],"predecessor-version":[{"id":15175,"href":"https:\/\/fotsportegyesulet.hu\/index.php\/wp-json\/wp\/v2\/posts\/15160\/revisions\/15175"}],"wp:featuredmedia":[{"embeddable":true,"href":"https:\/\/fotsportegyesulet.hu\/index.php\/wp-json\/wp\/v2\/media\/15170"}],"wp:attachment":[{"href":"https:\/\/fotsportegyesulet.hu\/index.php\/wp-json\/wp\/v2\/media?parent=15160"}],"wp:term":[{"taxonomy":"category","embeddable":true,"href":"https:\/\/fotsportegyesulet.hu\/index.php\/wp-json\/wp\/v2\/categories?post=15160"},{"taxonomy":"post_tag","embeddable":true,"href":"https:\/\/fotsportegyesulet.hu\/index.php\/wp-json\/wp\/v2\/tags?post=15160"}],"curies":[{"name":"wp","href":"https:\/\/api.w.org\/{rel}","templated":true}]}}