{"id":15085,"date":"2025-12-07T15:01:34","date_gmt":"2025-12-07T14:01:34","guid":{"rendered":"https:\/\/fotsportegyesulet.hu\/?p=15085"},"modified":"2025-12-07T15:01:34","modified_gmt":"2025-12-07T14:01:34","slug":"oszi-csucsformaban-pozsonyi-krisztian-ertekel","status":"publish","type":"post","link":"https:\/\/fotsportegyesulet.hu\/index.php\/2025\/12\/07\/oszi-csucsformaban-pozsonyi-krisztian-ertekel\/","title":{"rendered":"\u0150szi cs\u00facsform\u00e1ban: Pozsonyi Kriszti\u00e1n \u00e9rt\u00e9kel"},"content":{"rendered":"<p style=\"text-align: center;\"><strong>A F\u00f3t Sportegyes\u00fclet Feln\u0151tt I-es csapata remek form\u00e1ban z\u00e1rta a novemberi h\u00f3napot, \u00edgy k\u00fcl\u00f6n\u00f6sen izgalmas visszatekinteni az elm\u00falt hetek teljes\u00edtm\u00e9ny\u00e9re. A csapat meghat\u00e1roz\u00f3 j\u00e1t\u00e9kos\u00e1t, Pozsonyi Kriszti\u00e1nt k\u00e9rdezt\u00fck a m\u00e9rk\u0151z\u00e9sekr\u0151l, a hangulatr\u00f3l \u00e9s arr\u00f3l, hogyan l\u00e1tja a folytat\u00e1st. Az interj\u00fa betekint\u00e9st ad a p\u00e1ly\u00e1n \u00e9s azon k\u00edv\u00fcl t\u00f6rt\u00e9ntekbe is.<\/strong><\/p>\n<p><img loading=\"lazy\" decoding=\"async\" class=\"wp-image-15022 aligncenter\" src=\"https:\/\/fotsportegyesulet.hu\/wp-content\/uploads\/2025\/11\/21b8a9aa-746a-48c3-a724-64c0de3304d1-1024x768.jpg\" alt=\"\" width=\"389\" height=\"292\" srcset=\"https:\/\/fotsportegyesulet.hu\/wp-content\/uploads\/2025\/11\/21b8a9aa-746a-48c3-a724-64c0de3304d1-1024x768.jpg 1024w, https:\/\/fotsportegyesulet.hu\/wp-content\/uploads\/2025\/11\/21b8a9aa-746a-48c3-a724-64c0de3304d1-300x225.jpg 300w, https:\/\/fotsportegyesulet.hu\/wp-content\/uploads\/2025\/11\/21b8a9aa-746a-48c3-a724-64c0de3304d1-768x576.jpg 768w, https:\/\/fotsportegyesulet.hu\/wp-content\/uploads\/2025\/11\/21b8a9aa-746a-48c3-a724-64c0de3304d1-1536x1152.jpg 1536w, https:\/\/fotsportegyesulet.hu\/wp-content\/uploads\/2025\/11\/21b8a9aa-746a-48c3-a724-64c0de3304d1.jpg 2048w\" sizes=\"auto, (max-width: 389px) 100vw, 389px\" \/><\/p>\n<p><strong>Hogyan \u00e9rt\u00e9keled a csapat novemberi teljes\u00edtm\u00e9ny\u00e9t? Mi volt szerinted a h\u00f3nap legnagyobb er\u0151ss\u00e9ge?<\/strong><\/p>\n<p>A november t\u00f6bb szempontb\u00f3l is komoly pr\u00f3bat\u00e9tel volt sz\u00e1munkra. T\u00f6bbsz\u00f6r kellett neh\u00e9z p\u00e1ly\u00e1kon j\u00e1tszanunk, \u00e9s el\u0151fordult, hogy saj\u00e1t hib\u00e1inkkal tett\u00fck magunknak is nehezebb\u00e9 a m\u00e9rk\u0151z\u00e9seket. Sajnos hi\u00e1ba mutattuk meg, hogy k\u00e9pesek vagyunk fel\u00e1llni \u00e9s azt, hogy gy\u0151ztesk\u00e9nt akarunk kij\u00f6nni ezekb\u0151l a helyzetekb\u0151l, a szerencse k\u00f6zbe sz\u00f3lt. A csapat tart\u00e1sa, hite \u00e9s egym\u00e1sba vetett bizalma volt a h\u00f3nap legnagyobb er\u0151ss\u00e9ge. Ennek k\u00f6sz\u00f6nhet\u0151, hogy 28 ponttal, az \u0151szi szezon \u00e9l\u00e9n telelhet\u00fcnk.<\/p>\n<p><strong>\u00a0Volt-e olyan m\u00e9rk\u0151z\u00e9s vagy momentum novemberben, ami igaz\u00e1n meghat\u00e1rozta a csapat hangulat\u00e1t vagy lend\u00fclet\u00e9t?<\/strong><\/p>\n<p>A Szada elleni gy\u0151zelem egy\u00e9rtelm\u0171en meghat\u00e1roz\u00f3 volt. Az a m\u00e9rk\u0151z\u00e9s megmutatta, hogy nem ijed\u00fcnk meg a szoros, fesz\u00fclt helyzetekt\u0151l, \u00e9s k\u00e9pesek vagyunk intelligensen, fejben er\u0151sen befejezni a meccseket. Ez a siker hatalmas lend\u00fcletet adott a csapatnak, \u00e9s meger\u0151s\u00edtette benn\u00fcnk: k\u00e9szen \u00e1llunk nagyobb c\u00e9lok\u00e9rt is k\u00fczdeni.<\/p>\n<p><strong>A j\u00e1t\u00e9k sz\u00ednvonala hull\u00e1mz\u00f3 volt, vagy ink\u00e1bb stabilnak \u00e9rezted a h\u00f3nap sor\u00e1n? Mi \u00e1llt ennek a h\u00e1tter\u00e9ben?<\/strong><\/p>\n<p>A j\u00e1t\u00e9kunk alapja stabil maradt, annak ellen\u00e9re is, hogy a keret folyamatosan v\u00e1ltozott a s\u00e9r\u00fcl\u00e9sek \u00e9s betegs\u00e9gek miatt. Sokszor kellett gyorsan alkalmazkodnunk \u00faj fel\u00e1ll\u00e1sokhoz \u00e9s szerepekhez, m\u00e9gis meg\u0151rizt\u00fck a j\u00e1t\u00e9kunk karakter\u00e9t. Ez nagyfok\u00fa \u00e9retts\u00e9gre utal a csapat r\u00e9sz\u00e9r\u0151l.<\/p>\n<p><strong>Egy\u00e9nileg te hogyan \u00e9lted meg a novemberi meccseket? Miben fejl\u0151dt\u00e9l, \u00e9s mi az, amit m\u00e9g jav\u00edtan\u00e1l?<\/strong><\/p>\n<p>Sz\u00e1momra a h\u00f3nap legnagyobb tanuls\u00e1ga az volt, hogy mennyit sz\u00e1m\u00edt a tudatos gondolkod\u00e1s \u00e9s a fegyelmezett helyezked\u00e9s. \u00dagy \u00e9rzem, ebben sokat l\u00e9ptem el\u0151re. A d\u00f6nt\u00e9shozatal gyorsas\u00e1g\u00e1n szeretn\u00e9k tov\u00e1bb jav\u00edtani, mert a nagy intenzit\u00e1s\u00fa meccseken ezek a pillanatok d\u00f6nthetnek el mindent.<\/p>\n<p><img loading=\"lazy\" decoding=\"async\" class=\"wp-image-14952 aligncenter\" src=\"https:\/\/fotsportegyesulet.hu\/wp-content\/uploads\/2025\/10\/8bba3a73-2a0a-4f3c-ba1e-92171fa94854-1-1024x768.jpg\" alt=\"\" width=\"487\" height=\"366\" srcset=\"https:\/\/fotsportegyesulet.hu\/wp-content\/uploads\/2025\/10\/8bba3a73-2a0a-4f3c-ba1e-92171fa94854-1-1024x768.jpg 1024w, https:\/\/fotsportegyesulet.hu\/wp-content\/uploads\/2025\/10\/8bba3a73-2a0a-4f3c-ba1e-92171fa94854-1-300x225.jpg 300w, https:\/\/fotsportegyesulet.hu\/wp-content\/uploads\/2025\/10\/8bba3a73-2a0a-4f3c-ba1e-92171fa94854-1-768x576.jpg 768w, https:\/\/fotsportegyesulet.hu\/wp-content\/uploads\/2025\/10\/8bba3a73-2a0a-4f3c-ba1e-92171fa94854-1-1536x1152.jpg 1536w, https:\/\/fotsportegyesulet.hu\/wp-content\/uploads\/2025\/10\/8bba3a73-2a0a-4f3c-ba1e-92171fa94854-1-2048x1536.jpg 2048w\" sizes=\"auto, (max-width: 487px) 100vw, 487px\" \/><\/p>\n<p><strong>\u00a0<\/strong><strong>A csapaton bel\u00fcl hogyan alakult a kommunik\u00e1ci\u00f3 \u00e9s az \u00f6sszhang november sor\u00e1n? Volt-e v\u00e1ltoz\u00e1s az el\u0151z\u0151 h\u00f3napokhoz k\u00e9pest?<\/strong><\/p>\n<p>A kommunik\u00e1ci\u00f3 tov\u00e1bb fejl\u0151d\u00f6tt, sokkal szervezettebben ir\u00e1ny\u00edtottuk egym\u00e1st a p\u00e1ly\u00e1n. Az \u00f6sszhang m\u00e9rk\u0151z\u00e9sr\u0151l m\u00e9rk\u0151z\u00e9sre javult, ami a szoros meccseken k\u00fcl\u00f6n\u00f6sen fontos volt. Ez az egyik f\u0151 oka annak, hogy a tabella \u00e9l\u00e9n telel\u00fcnk.<\/p>\n<p><strong>\u00a0Novemberben milyen taktikai elemek m\u0171k\u00f6dtek a legjobban, \u00e9s mely ter\u00fcleteken \u00e9rzitek m\u00e9g, hogy fejleszteni kell?<\/strong><\/p>\n<p>A v\u00e9dekez\u00e9s fegyelmezetts\u00e9ge \u00e9s a gyors visszarendez\u0151d\u00e9s tov\u00e1bbra is stabil alapot adott. A t\u00e1mad\u00e1sok befejez\u00e9seiben szeretn\u00e9nk hat\u00e9konyabbak lenni. Ezek fejleszt\u00e9se kulcsfontoss\u00e1g\u00fa lesz a tavaszi szezon el\u0151tt.<\/p>\n<p><strong>Volt-e olyan j\u00e1t\u00e9kos a keretben, aki k\u00fcl\u00f6n\u00f6sen sokat tett hozz\u00e1 a<\/strong> <strong>h\u00f3nap sikeress\u00e9g\u00e9hez?<\/strong><\/p>\n<p>Ebben a h\u00f3napban m\u00e9g ink\u00e1bb \u00e9rz\u0151d\u00f6tt, hogy a csapat ereje a k\u00f6z\u00f6ss\u00e9gben rejlik. Nem szeretn\u00e9k kiemelni senkit, mert minden egyes j\u00e1t\u00e9kos \u00e9s st\u00e1btag hozz\u00e1tette a mag\u00e1\u00e9t ahhoz, ahol most tartunk. Ez a kollekt\u00edv hozz\u00e1\u00e1ll\u00e1s az, ami igaz\u00e1n k\u00fcl\u00f6nlegess\u00e9 teszi ezt a csapatot.<\/p>\n<p><strong>Milyen neh\u00e9zs\u00e9gekkel kellett megk\u00fczdenetek a november folyam\u00e1n \u2013 s\u00e9r\u00fcl\u00e9sek, formaingadoz\u00e1sok, k\u00fcls\u0151 k\u00f6r\u00fclm\u00e9nyek?<\/strong><\/p>\n<p>S\u00e9r\u00fcl\u00e9sek, betegs\u00e9gek \u00e9s v\u00e1ltoz\u00f3 j\u00e1t\u00e9kk\u00f6r\u00fclm\u00e9nyek, (id\u0151j\u00e1r\u00e1s, rosszmin\u0151s\u00e9g\u0171 p\u00e1ly\u00e1k!) mind-mind pr\u00f3b\u00e1ra tettek minket. T\u00f6bbsz\u00f6r is \u00e1t kellett alak\u00edtani a csapatot, ami ment\u00e1lisan is komoly terhel\u00e9s. De ezek a kih\u00edv\u00e1sok m\u00e9g ink\u00e1bb \u00f6sszekov\u00e1csoltak minket, \u00e9s bebizony\u00edtottuk, hogy b\u00e1rmilyen k\u00f6r\u00fclm\u00e9nyek k\u00f6z\u00f6tt k\u00e9pesek vagyunk egym\u00e1s\u00e9rt k\u00fczdeni.<\/p>\n<p><strong>Hogyan l\u00e1tod a csapat helyzet\u00e9t most, a november v\u00e9gi \u00e1llapot alapj\u00e1n? Re\u00e1lisan hol tartotok a kit\u0171z\u00f6tt c\u00e9lokhoz k\u00e9pest?<\/strong><\/p>\n<p>Az els\u0151 helyr\u0151l telelni \u00f3ri\u00e1si visszaigazol\u00e1s arr\u00f3l, hogy az eddigi munk\u00e1nk j\u00f3 ir\u00e1nyba visz. Re\u00e1lis es\u00e9ly\u00fcnk van arra, hogy tavasszal is a bajnoki c\u00edm\u00e9rt legy\u00fcnk versenyben. K\u00fcl\u00f6n \u00f6r\u00f6m, hogy tavasszal visszat\u00e9r a kispadra a csapat legfontosabb hajt\u00f3ereje, Miku, aki m\u00e9g nagyobb szervezetts\u00e9get, energi\u00e1t \u00e9s ir\u00e1ny\u00edt\u00e1st ad majd a csapatnak<\/p>\n<p><strong>Mi az a h\u00e1rom dolog, amit mindenk\u00e9pp szeretn\u00e9tek megval\u00f3s\u00edtani vagy kijav\u00edtani a k\u00f6vetkez\u0151 szezonra felk\u00e9sz\u00edt\u0151 hetekben?<\/strong><\/p>\n<p>Szeretn\u00e9nk jav\u00edtani a t\u00e1mad\u00e1sbefejez\u00e9seken, gyors\u00edtani a labdakihozatalt, \u00e9s tov\u00e1bb er\u0151s\u00edteni a fizikai \u00e1ll\u00f3k\u00e9pess\u00e9get. Mindezek mellett sokat fog sz\u00e1m\u00edtani a t\u00e9li edz\u0151t\u00e1bor is, ami \u00fajra teljesen \u00f6ssze\u00e1ll\u00edtja a csapat strukt\u00far\u00e1j\u00e1t. \u00dagy \u00e9rzem, \u00edgy m\u00e9g komfortosabb \u00e9s er\u0151sebb tavasz v\u00e1r r\u00e1nk.<\/p>\n<p><strong>M\u00e9rhetetlen\u00fcl b\u00fcszke vagyok erre a csapatra, mert nem egy egyszer\u0171 futballcsapatot alkotunk, hanem egy soksz\u00edn\u0171, pozit\u00edv emberekb\u0151l \u00e9s elk\u00f6telezett st\u00e1btagokb\u00f3l \u00e1ll\u00f3 k\u00f6z\u00f6ss\u00e9get, amely val\u00f3di csal\u00e1dk\u00e9nt m\u0171k\u00f6dik. <\/strong><\/p>\n<p><strong>Az \u0151szi szezon sor\u00e1n minden neh\u00e9zs\u00e9gen egy\u00fctt l\u00e9pt\u00fcnk \u00e1t, \u00e9s ennek eredm\u00e9nyek\u00e9nt tartunk ott, ahol. K\u00fcl\u00f6n \u00f6r\u00f6m sz\u00e1munkra, hogy tavasszal m\u00e1r \u00fajra a kispadon lehet vel\u00fcnk a csapat legfontosabb hajt\u00f3ereje, Miku, aki az \u0151sszel is mellett\u00fcnk \u00e1llt, de a jelenl\u00e9te a p\u00e1lya sz\u00e9l\u00e9n m\u00e9g egys\u00e9gesebb\u00e9 tehet minket<\/strong>. <strong>Hiszem, hogy el\u0151tt\u00fcnk \u00e1ll a szezon legszebb r\u00e9sze, mert ez a k\u00f6z\u00f6ss\u00e9g m\u00e1r bebizony\u00edtotta: ha egy\u00fctt vagyunk, nincs olyan c\u00e9l, amit ne tudn\u00e1nk el\u00e9rni.<\/strong><\/p>\n<p><strong>Hajr\u00e1 F\u00f3t SE!<\/strong><\/p>\n<p>&nbsp;<\/p>\n","protected":false},"excerpt":{"rendered":"<p>Er\u0151s csapat, k\u00f6z\u00f6s hit, \u00edg\u00e9retes tavasz v\u00e1r r\u00e1nk.<\/p>\n","protected":false},"author":3,"featured_media":14964,"comment_status":"closed","ping_status":"open","sticky":false,"template":"","format":"standard","meta":{"_bbp_topic_count":0,"_bbp_reply_count":0,"_bbp_total_topic_count":0,"_bbp_total_reply_count":0,"_bbp_voice_count":0,"_bbp_anonymous_reply_count":0,"_bbp_topic_count_hidden":0,"_bbp_reply_count_hidden":0,"_bbp_forum_subforum_count":0,"_price":"","_stock":"","_tribe_ticket_header":"","_tribe_default_ticket_provider":"","_ticket_start_date":"","_ticket_end_date":"","_tribe_ticket_show_description":"","_tribe_ticket_show_not_going":false,"_tribe_ticket_use_global_stock":"","_tribe_ticket_global_stock_level":"","_global_stock_mode":"","_global_stock_cap":"","_tribe_rsvp_for_event":"","_tribe_ticket_going_count":"","_tribe_ticket_not_going_count":"","_tribe_tickets_list":"[]","_tribe_ticket_has_attendee_info_fields":false,"footnotes":""},"categories":[1],"tags":[],"class_list":["post-15085","post","type-post","status-publish","format-standard","has-post-thumbnail","hentry","category-hirek"],"yoast_head":"<!-- This site is optimized with the Yoast SEO plugin v25.7 - https:\/\/yoast.com\/wordpress\/plugins\/seo\/ -->\n<title>\u0150szi cs\u00facsform\u00e1ban: Pozsonyi Kriszti\u00e1n \u00e9rt\u00e9kel - F\u00d3T SPORTEGYES\u00dcLET<\/title>\n<meta name=\"robots\" content=\"index, follow, max-snippet:-1, max-image-preview:large, max-video-preview:-1\" \/>\n<link rel=\"canonical\" href=\"https:\/\/fotsportegyesulet.hu\/index.php\/2025\/12\/07\/oszi-csucsformaban-pozsonyi-krisztian-ertekel\/\" \/>\n<meta property=\"og:locale\" content=\"hu_HU\" \/>\n<meta property=\"og:type\" content=\"article\" \/>\n<meta property=\"og:title\" content=\"\u0150szi cs\u00facsform\u00e1ban: Pozsonyi Kriszti\u00e1n \u00e9rt\u00e9kel - F\u00d3T SPORTEGYES\u00dcLET\" \/>\n<meta property=\"og:description\" content=\"Er\u0151s csapat, k\u00f6z\u00f6s hit, \u00edg\u00e9retes tavasz v\u00e1r r\u00e1nk.\" \/>\n<meta property=\"og:url\" content=\"https:\/\/fotsportegyesulet.hu\/index.php\/2025\/12\/07\/oszi-csucsformaban-pozsonyi-krisztian-ertekel\/\" \/>\n<meta property=\"og:site_name\" content=\"F\u00d3T SPORTEGYES\u00dcLET\" \/>\n<meta property=\"article:publisher\" content=\"https:\/\/www.facebook.com\/fotsportegyesulet\/\" \/>\n<meta property=\"article:published_time\" content=\"2025-12-07T14:01:34+00:00\" \/>\n<meta property=\"og:image\" content=\"https:\/\/fotsportegyesulet.hu\/wp-content\/uploads\/2025\/10\/kiemelt-kep-955x456-2.jpg\" \/>\n\t<meta property=\"og:image:width\" content=\"953\" \/>\n\t<meta property=\"og:image:height\" content=\"456\" \/>\n\t<meta property=\"og:image:type\" content=\"image\/jpeg\" \/>\n<meta name=\"author\" content=\"F\u00f3t SE\" \/>\n<meta name=\"twitter:card\" content=\"summary_large_image\" \/>\n<meta name=\"twitter:label1\" content=\"Szerz\u0151:\" \/>\n\t<meta name=\"twitter:data1\" content=\"F\u00f3t SE\" \/>\n\t<meta name=\"twitter:label2\" content=\"Becs\u00fclt olvas\u00e1si id\u0151\" \/>\n\t<meta name=\"twitter:data2\" content=\"5 perc\" \/>\n<script type=\"application\/ld+json\" class=\"yoast-schema-graph\">{\"@context\":\"https:\/\/schema.org\",\"@graph\":[{\"@type\":\"Article\",\"@id\":\"https:\/\/fotsportegyesulet.hu\/index.php\/2025\/12\/07\/oszi-csucsformaban-pozsonyi-krisztian-ertekel\/#article\",\"isPartOf\":{\"@id\":\"https:\/\/fotsportegyesulet.hu\/index.php\/2025\/12\/07\/oszi-csucsformaban-pozsonyi-krisztian-ertekel\/\"},\"author\":{\"name\":\"F\u00f3t SE\",\"@id\":\"https:\/\/fotsportegyesulet.hu\/#\/schema\/person\/8750ccb3a5183172b75dcc348ffbdbb1\"},\"headline\":\"\u0150szi cs\u00facsform\u00e1ban: Pozsonyi Kriszti\u00e1n \u00e9rt\u00e9kel\",\"datePublished\":\"2025-12-07T14:01:34+00:00\",\"mainEntityOfPage\":{\"@id\":\"https:\/\/fotsportegyesulet.hu\/index.php\/2025\/12\/07\/oszi-csucsformaban-pozsonyi-krisztian-ertekel\/\"},\"wordCount\":1137,\"publisher\":{\"@id\":\"https:\/\/fotsportegyesulet.hu\/#organization\"},\"image\":{\"@id\":\"https:\/\/fotsportegyesulet.hu\/index.php\/2025\/12\/07\/oszi-csucsformaban-pozsonyi-krisztian-ertekel\/#primaryimage\"},\"thumbnailUrl\":\"https:\/\/fotsportegyesulet.hu\/wp-content\/uploads\/2025\/10\/kiemelt-kep-955x456-2.jpg\",\"articleSection\":[\"H\u00edrek\"],\"inLanguage\":\"hu\"},{\"@type\":\"WebPage\",\"@id\":\"https:\/\/fotsportegyesulet.hu\/index.php\/2025\/12\/07\/oszi-csucsformaban-pozsonyi-krisztian-ertekel\/\",\"url\":\"https:\/\/fotsportegyesulet.hu\/index.php\/2025\/12\/07\/oszi-csucsformaban-pozsonyi-krisztian-ertekel\/\",\"name\":\"\u0150szi cs\u00facsform\u00e1ban: Pozsonyi Kriszti\u00e1n \u00e9rt\u00e9kel - F\u00d3T SPORTEGYES\u00dcLET\",\"isPartOf\":{\"@id\":\"https:\/\/fotsportegyesulet.hu\/#website\"},\"primaryImageOfPage\":{\"@id\":\"https:\/\/fotsportegyesulet.hu\/index.php\/2025\/12\/07\/oszi-csucsformaban-pozsonyi-krisztian-ertekel\/#primaryimage\"},\"image\":{\"@id\":\"https:\/\/fotsportegyesulet.hu\/index.php\/2025\/12\/07\/oszi-csucsformaban-pozsonyi-krisztian-ertekel\/#primaryimage\"},\"thumbnailUrl\":\"https:\/\/fotsportegyesulet.hu\/wp-content\/uploads\/2025\/10\/kiemelt-kep-955x456-2.jpg\",\"datePublished\":\"2025-12-07T14:01:34+00:00\",\"breadcrumb\":{\"@id\":\"https:\/\/fotsportegyesulet.hu\/index.php\/2025\/12\/07\/oszi-csucsformaban-pozsonyi-krisztian-ertekel\/#breadcrumb\"},\"inLanguage\":\"hu\",\"potentialAction\":[{\"@type\":\"ReadAction\",\"target\":[\"https:\/\/fotsportegyesulet.hu\/index.php\/2025\/12\/07\/oszi-csucsformaban-pozsonyi-krisztian-ertekel\/\"]}]},{\"@type\":\"ImageObject\",\"inLanguage\":\"hu\",\"@id\":\"https:\/\/fotsportegyesulet.hu\/index.php\/2025\/12\/07\/oszi-csucsformaban-pozsonyi-krisztian-ertekel\/#primaryimage\",\"url\":\"https:\/\/fotsportegyesulet.hu\/wp-content\/uploads\/2025\/10\/kiemelt-kep-955x456-2.jpg\",\"contentUrl\":\"https:\/\/fotsportegyesulet.hu\/wp-content\/uploads\/2025\/10\/kiemelt-kep-955x456-2.jpg\",\"width\":953,\"height\":456},{\"@type\":\"BreadcrumbList\",\"@id\":\"https:\/\/fotsportegyesulet.hu\/index.php\/2025\/12\/07\/oszi-csucsformaban-pozsonyi-krisztian-ertekel\/#breadcrumb\",\"itemListElement\":[{\"@type\":\"ListItem\",\"position\":1,\"name\":\"Kezd\u0151lap\",\"item\":\"https:\/\/fotsportegyesulet.hu\/\"},{\"@type\":\"ListItem\",\"position\":2,\"name\":\"\u0150szi cs\u00facsform\u00e1ban: Pozsonyi Kriszti\u00e1n \u00e9rt\u00e9kel\"}]},{\"@type\":\"WebSite\",\"@id\":\"https:\/\/fotsportegyesulet.hu\/#website\",\"url\":\"https:\/\/fotsportegyesulet.hu\/\",\"name\":\"F\u00d3T SPORTEGYES\u00dcLET\",\"description\":\"\",\"publisher\":{\"@id\":\"https:\/\/fotsportegyesulet.hu\/#organization\"},\"potentialAction\":[{\"@type\":\"SearchAction\",\"target\":{\"@type\":\"EntryPoint\",\"urlTemplate\":\"https:\/\/fotsportegyesulet.hu\/?s={search_term_string}\"},\"query-input\":{\"@type\":\"PropertyValueSpecification\",\"valueRequired\":true,\"valueName\":\"search_term_string\"}}],\"inLanguage\":\"hu\"},{\"@type\":\"Organization\",\"@id\":\"https:\/\/fotsportegyesulet.hu\/#organization\",\"name\":\"F\u00f3t Sportegyes\u00fclet\",\"url\":\"https:\/\/fotsportegyesulet.hu\/\",\"logo\":{\"@type\":\"ImageObject\",\"inLanguage\":\"hu\",\"@id\":\"https:\/\/fotsportegyesulet.hu\/#\/schema\/logo\/image\/\",\"url\":\"https:\/\/fotsportegyesulet.hu\/wp-content\/uploads\/2020\/07\/eredeti-sz\u00ednes-vektoros-Fot-cimer-3.png\",\"contentUrl\":\"https:\/\/fotsportegyesulet.hu\/wp-content\/uploads\/2020\/07\/eredeti-sz\u00ednes-vektoros-Fot-cimer-3.png\",\"width\":500,\"height\":500,\"caption\":\"F\u00f3t Sportegyes\u00fclet\"},\"image\":{\"@id\":\"https:\/\/fotsportegyesulet.hu\/#\/schema\/logo\/image\/\"},\"sameAs\":[\"https:\/\/www.facebook.com\/fotsportegyesulet\/\"]},{\"@type\":\"Person\",\"@id\":\"https:\/\/fotsportegyesulet.hu\/#\/schema\/person\/8750ccb3a5183172b75dcc348ffbdbb1\",\"name\":\"F\u00f3t SE\",\"image\":{\"@type\":\"ImageObject\",\"inLanguage\":\"hu\",\"@id\":\"https:\/\/fotsportegyesulet.hu\/#\/schema\/person\/image\/\",\"url\":\"https:\/\/secure.gravatar.com\/avatar\/2f768bb7a490a49aeb2ccaf4bacc94391bbafd4b6aa54eb6f9318ffc80d81dad?s=96&d=mm&r=g\",\"contentUrl\":\"https:\/\/secure.gravatar.com\/avatar\/2f768bb7a490a49aeb2ccaf4bacc94391bbafd4b6aa54eb6f9318ffc80d81dad?s=96&d=mm&r=g\",\"caption\":\"F\u00f3t SE\"},\"sameAs\":[\"http:\/\/fotsportegyesulet.hu\"],\"url\":\"https:\/\/fotsportegyesulet.hu\/index.php\/author\/kapitany-zoltan\/\"}]}<\/script>\n<!-- \/ Yoast SEO plugin. -->","yoast_head_json":{"title":"\u0150szi cs\u00facsform\u00e1ban: Pozsonyi Kriszti\u00e1n \u00e9rt\u00e9kel - F\u00d3T SPORTEGYES\u00dcLET","robots":{"index":"index","follow":"follow","max-snippet":"max-snippet:-1","max-image-preview":"max-image-preview:large","max-video-preview":"max-video-preview:-1"},"canonical":"https:\/\/fotsportegyesulet.hu\/index.php\/2025\/12\/07\/oszi-csucsformaban-pozsonyi-krisztian-ertekel\/","og_locale":"hu_HU","og_type":"article","og_title":"\u0150szi cs\u00facsform\u00e1ban: Pozsonyi Kriszti\u00e1n \u00e9rt\u00e9kel - F\u00d3T SPORTEGYES\u00dcLET","og_description":"Er\u0151s csapat, k\u00f6z\u00f6s hit, \u00edg\u00e9retes tavasz v\u00e1r r\u00e1nk.","og_url":"https:\/\/fotsportegyesulet.hu\/index.php\/2025\/12\/07\/oszi-csucsformaban-pozsonyi-krisztian-ertekel\/","og_site_name":"F\u00d3T SPORTEGYES\u00dcLET","article_publisher":"https:\/\/www.facebook.com\/fotsportegyesulet\/","article_published_time":"2025-12-07T14:01:34+00:00","og_image":[{"width":953,"height":456,"url":"https:\/\/fotsportegyesulet.hu\/wp-content\/uploads\/2025\/10\/kiemelt-kep-955x456-2.jpg","type":"image\/jpeg"}],"author":"F\u00f3t SE","twitter_card":"summary_large_image","twitter_misc":{"Szerz\u0151:":"F\u00f3t SE","Becs\u00fclt olvas\u00e1si id\u0151":"5 perc"},"schema":{"@context":"https:\/\/schema.org","@graph":[{"@type":"Article","@id":"https:\/\/fotsportegyesulet.hu\/index.php\/2025\/12\/07\/oszi-csucsformaban-pozsonyi-krisztian-ertekel\/#article","isPartOf":{"@id":"https:\/\/fotsportegyesulet.hu\/index.php\/2025\/12\/07\/oszi-csucsformaban-pozsonyi-krisztian-ertekel\/"},"author":{"name":"F\u00f3t SE","@id":"https:\/\/fotsportegyesulet.hu\/#\/schema\/person\/8750ccb3a5183172b75dcc348ffbdbb1"},"headline":"\u0150szi cs\u00facsform\u00e1ban: Pozsonyi Kriszti\u00e1n \u00e9rt\u00e9kel","datePublished":"2025-12-07T14:01:34+00:00","mainEntityOfPage":{"@id":"https:\/\/fotsportegyesulet.hu\/index.php\/2025\/12\/07\/oszi-csucsformaban-pozsonyi-krisztian-ertekel\/"},"wordCount":1137,"publisher":{"@id":"https:\/\/fotsportegyesulet.hu\/#organization"},"image":{"@id":"https:\/\/fotsportegyesulet.hu\/index.php\/2025\/12\/07\/oszi-csucsformaban-pozsonyi-krisztian-ertekel\/#primaryimage"},"thumbnailUrl":"https:\/\/fotsportegyesulet.hu\/wp-content\/uploads\/2025\/10\/kiemelt-kep-955x456-2.jpg","articleSection":["H\u00edrek"],"inLanguage":"hu"},{"@type":"WebPage","@id":"https:\/\/fotsportegyesulet.hu\/index.php\/2025\/12\/07\/oszi-csucsformaban-pozsonyi-krisztian-ertekel\/","url":"https:\/\/fotsportegyesulet.hu\/index.php\/2025\/12\/07\/oszi-csucsformaban-pozsonyi-krisztian-ertekel\/","name":"\u0150szi cs\u00facsform\u00e1ban: Pozsonyi Kriszti\u00e1n \u00e9rt\u00e9kel - F\u00d3T SPORTEGYES\u00dcLET","isPartOf":{"@id":"https:\/\/fotsportegyesulet.hu\/#website"},"primaryImageOfPage":{"@id":"https:\/\/fotsportegyesulet.hu\/index.php\/2025\/12\/07\/oszi-csucsformaban-pozsonyi-krisztian-ertekel\/#primaryimage"},"image":{"@id":"https:\/\/fotsportegyesulet.hu\/index.php\/2025\/12\/07\/oszi-csucsformaban-pozsonyi-krisztian-ertekel\/#primaryimage"},"thumbnailUrl":"https:\/\/fotsportegyesulet.hu\/wp-content\/uploads\/2025\/10\/kiemelt-kep-955x456-2.jpg","datePublished":"2025-12-07T14:01:34+00:00","breadcrumb":{"@id":"https:\/\/fotsportegyesulet.hu\/index.php\/2025\/12\/07\/oszi-csucsformaban-pozsonyi-krisztian-ertekel\/#breadcrumb"},"inLanguage":"hu","potentialAction":[{"@type":"ReadAction","target":["https:\/\/fotsportegyesulet.hu\/index.php\/2025\/12\/07\/oszi-csucsformaban-pozsonyi-krisztian-ertekel\/"]}]},{"@type":"ImageObject","inLanguage":"hu","@id":"https:\/\/fotsportegyesulet.hu\/index.php\/2025\/12\/07\/oszi-csucsformaban-pozsonyi-krisztian-ertekel\/#primaryimage","url":"https:\/\/fotsportegyesulet.hu\/wp-content\/uploads\/2025\/10\/kiemelt-kep-955x456-2.jpg","contentUrl":"https:\/\/fotsportegyesulet.hu\/wp-content\/uploads\/2025\/10\/kiemelt-kep-955x456-2.jpg","width":953,"height":456},{"@type":"BreadcrumbList","@id":"https:\/\/fotsportegyesulet.hu\/index.php\/2025\/12\/07\/oszi-csucsformaban-pozsonyi-krisztian-ertekel\/#breadcrumb","itemListElement":[{"@type":"ListItem","position":1,"name":"Kezd\u0151lap","item":"https:\/\/fotsportegyesulet.hu\/"},{"@type":"ListItem","position":2,"name":"\u0150szi cs\u00facsform\u00e1ban: Pozsonyi Kriszti\u00e1n \u00e9rt\u00e9kel"}]},{"@type":"WebSite","@id":"https:\/\/fotsportegyesulet.hu\/#website","url":"https:\/\/fotsportegyesulet.hu\/","name":"F\u00d3T SPORTEGYES\u00dcLET","description":"","publisher":{"@id":"https:\/\/fotsportegyesulet.hu\/#organization"},"potentialAction":[{"@type":"SearchAction","target":{"@type":"EntryPoint","urlTemplate":"https:\/\/fotsportegyesulet.hu\/?s={search_term_string}"},"query-input":{"@type":"PropertyValueSpecification","valueRequired":true,"valueName":"search_term_string"}}],"inLanguage":"hu"},{"@type":"Organization","@id":"https:\/\/fotsportegyesulet.hu\/#organization","name":"F\u00f3t Sportegyes\u00fclet","url":"https:\/\/fotsportegyesulet.hu\/","logo":{"@type":"ImageObject","inLanguage":"hu","@id":"https:\/\/fotsportegyesulet.hu\/#\/schema\/logo\/image\/","url":"https:\/\/fotsportegyesulet.hu\/wp-content\/uploads\/2020\/07\/eredeti-sz\u00ednes-vektoros-Fot-cimer-3.png","contentUrl":"https:\/\/fotsportegyesulet.hu\/wp-content\/uploads\/2020\/07\/eredeti-sz\u00ednes-vektoros-Fot-cimer-3.png","width":500,"height":500,"caption":"F\u00f3t Sportegyes\u00fclet"},"image":{"@id":"https:\/\/fotsportegyesulet.hu\/#\/schema\/logo\/image\/"},"sameAs":["https:\/\/www.facebook.com\/fotsportegyesulet\/"]},{"@type":"Person","@id":"https:\/\/fotsportegyesulet.hu\/#\/schema\/person\/8750ccb3a5183172b75dcc348ffbdbb1","name":"F\u00f3t SE","image":{"@type":"ImageObject","inLanguage":"hu","@id":"https:\/\/fotsportegyesulet.hu\/#\/schema\/person\/image\/","url":"https:\/\/secure.gravatar.com\/avatar\/2f768bb7a490a49aeb2ccaf4bacc94391bbafd4b6aa54eb6f9318ffc80d81dad?s=96&d=mm&r=g","contentUrl":"https:\/\/secure.gravatar.com\/avatar\/2f768bb7a490a49aeb2ccaf4bacc94391bbafd4b6aa54eb6f9318ffc80d81dad?s=96&d=mm&r=g","caption":"F\u00f3t SE"},"sameAs":["http:\/\/fotsportegyesulet.hu"],"url":"https:\/\/fotsportegyesulet.hu\/index.php\/author\/kapitany-zoltan\/"}]}},"_links":{"self":[{"href":"https:\/\/fotsportegyesulet.hu\/index.php\/wp-json\/wp\/v2\/posts\/15085","targetHints":{"allow":["GET"]}}],"collection":[{"href":"https:\/\/fotsportegyesulet.hu\/index.php\/wp-json\/wp\/v2\/posts"}],"about":[{"href":"https:\/\/fotsportegyesulet.hu\/index.php\/wp-json\/wp\/v2\/types\/post"}],"author":[{"embeddable":true,"href":"https:\/\/fotsportegyesulet.hu\/index.php\/wp-json\/wp\/v2\/users\/3"}],"replies":[{"embeddable":true,"href":"https:\/\/fotsportegyesulet.hu\/index.php\/wp-json\/wp\/v2\/comments?post=15085"}],"version-history":[{"count":7,"href":"https:\/\/fotsportegyesulet.hu\/index.php\/wp-json\/wp\/v2\/posts\/15085\/revisions"}],"predecessor-version":[{"id":15095,"href":"https:\/\/fotsportegyesulet.hu\/index.php\/wp-json\/wp\/v2\/posts\/15085\/revisions\/15095"}],"wp:featuredmedia":[{"embeddable":true,"href":"https:\/\/fotsportegyesulet.hu\/index.php\/wp-json\/wp\/v2\/media\/14964"}],"wp:attachment":[{"href":"https:\/\/fotsportegyesulet.hu\/index.php\/wp-json\/wp\/v2\/media?parent=15085"}],"wp:term":[{"taxonomy":"category","embeddable":true,"href":"https:\/\/fotsportegyesulet.hu\/index.php\/wp-json\/wp\/v2\/categories?post=15085"},{"taxonomy":"post_tag","embeddable":true,"href":"https:\/\/fotsportegyesulet.hu\/index.php\/wp-json\/wp\/v2\/tags?post=15085"}],"curies":[{"name":"wp","href":"https:\/\/api.w.org\/{rel}","templated":true}]}}