{"id":11640,"date":"2024-09-23T14:57:17","date_gmt":"2024-09-23T12:57:17","guid":{"rendered":"https:\/\/fotsportegyesulet.hu\/?p=11640"},"modified":"2024-09-23T15:01:12","modified_gmt":"2024-09-23T13:01:12","slug":"orszagos-selejtezoben-meretettek-meg-magukat-kosarlabdas-lanyaink","status":"publish","type":"post","link":"https:\/\/fotsportegyesulet.hu\/index.php\/2024\/09\/23\/orszagos-selejtezoben-meretettek-meg-magukat-kosarlabdas-lanyaink\/","title":{"rendered":"Orsz\u00e1gos selejtez\u0151ben m\u00e9retett\u00e9k meg magukat kos\u00e1rlabd\u00e1s l\u00e1nyaink!"},"content":{"rendered":"<h3 style=\"text-align: center;\">Szeptember els\u0151 h\u00e9tv\u00e9g\u00e9j\u00e9n ker\u00fclt sor a Serd\u00fcl\u0151 Le\u00e1ny Bajnoks\u00e1g el\u0151selejtez\u0151j\u00e9re, melyen a F\u00f3t SE kos\u00e1rlabda csapata harmadik helyen v\u00e9gzett!<\/h3>\n<h4 dir=\"auto\" style=\"text-align: center;\">L\u00e1nyaink el\u0151sz\u00f6r m\u00e9rettettek meg az orsz\u00e1gos selejtez\u0151ben \u00e9s nem sok hi\u00e1nyzott ahhoz, hogy mindenki sz\u00e1m\u00e1ra nagy meglepet\u00e9ssel szolg\u00e1ljanak. A Kecskem\u00e9ti Mercedes Akad\u00e9mia \u00e9s a BSC is a tavalyi eredm\u00e9nyek alapj\u00e1n j\u00f3val er\u0151sebb rangsorol\u00e1st kapott, m\u00edg a Kaposv\u00e1r pap\u00edron el\u0151r\u00e9bb helyezkedett el, azonban \u0151k verhet\u0151nek sz\u00e1m\u00edtottak.<\/h4>\n<div dir=\"auto\"><img loading=\"lazy\" decoding=\"async\" class=\" wp-image-11641 aligncenter\" src=\"https:\/\/fotsportegyesulet.hu\/wp-content\/uploads\/2024\/09\/image_123650291-1-682x1024.jpg\" alt=\"\" width=\"543\" height=\"815\" srcset=\"https:\/\/fotsportegyesulet.hu\/wp-content\/uploads\/2024\/09\/image_123650291-1-682x1024.jpg 682w, https:\/\/fotsportegyesulet.hu\/wp-content\/uploads\/2024\/09\/image_123650291-1-200x300.jpg 200w, https:\/\/fotsportegyesulet.hu\/wp-content\/uploads\/2024\/09\/image_123650291-1-768x1153.jpg 768w, https:\/\/fotsportegyesulet.hu\/wp-content\/uploads\/2024\/09\/image_123650291-1.jpg 999w\" sizes=\"auto, (max-width: 543px) 100vw, 543px\" \/><\/div>\n<div dir=\"auto\"><strong>P\u00e1li G\u00e1bor kos\u00e1rlabda szakoszt\u00e1lyunk vezet\u0151je \u00e9s szakedz\u0151je a k\u00f6vetkez\u0151 k\u00e9ppen foglalta \u00f6ssze \u00e9s \u00e9rt\u00e9kelte a meccseket:<\/strong><\/div>\n<div dir=\"auto\">&#8222;A torna nyit\u00f3 m\u00e9rk\u0151z\u00e9s\u00e9t a Kecskem\u00e9t nagy f\u00f6l\u00e9nnyel nyerte a Kaposv\u00e1r ellen, majd ezt k\u00f6vet\u0151en j\u00f6tt a BSC &#8211; F\u00f3t m\u00e9rk\u0151z\u00e9s, melyet remek\u00fcl kezdtek a F\u00f3tiak \u00e9s az els\u0151 j\u00e1t\u00e9kr\u00e9sz v\u00e9g\u00e9n 13:10-es elonybe ker\u00fcltek. A m\u00e1sodik j\u00e1t\u00e9kr\u00e9szben tov\u00e1bb n\u0151tt az el\u0151ny, azonban 28:21-n\u00e9l (30 m\u00e1sodperc volt vissza a j\u00e1t\u00e9kr\u00e9szb\u0151l) h\u00e1rom eladott labd\u00e1b\u00f3l 28:25-re z\u00e1rk\u00f3ztak a hazaiak.<\/div>\n<div dir=\"auto\">A t\u00e9rf\u00e9lcsere ut\u00e1ni els\u0151 nyolc perc egy 12:2-es f\u00f3ti rohamot hozott \u00e9s 40:27-n\u00e9l azt gondolhattuk, re\u00e1lis es\u00e9ly mutatkozik arra, hogy megnyerj\u00fck a tal\u00e1lkoz\u00f3t, azonban a j\u00e1t\u00e9kr\u00e9sz v\u00e9ge ism\u00e9t a BSC-nek siker\u00fclt jobban \u00e9s egy 6:0-\u00e1s sorozattal 40:33-ra z\u00e1rk\u00f3zott. Az utols\u00f3 negyedben folytatta a j\u00f3 j\u00e1t\u00e9k\u00e1t a Budakeszi \u00e9s kett\u0151 perccel a v\u00e9ge el\u0151tt 44:40-n\u00e9l \u00fagy t\u0171nt, el is d\u00f6nti a m\u00e9rk\u0151z\u00e9st. A f\u00f3tiak ekkor m\u00e9g egy utols\u00f3 er\u0151fesz\u00edt\u00e9st tettek a gy\u0151zelem\u00e9rt, azonban v\u00e9g\u00fcl egy ponttal, 44:43 ar\u00e1nyban alul maradtak.<\/div>\n<div dir=\"auto\"><\/div>\n<div dir=\"auto\">A szombati m\u00e1sodik m\u00e9rk\u0151z\u00e9st k\u00e9t \u00f3ra pihen\u0151vel a Kecskem\u00e9t ellen v\u00edvt\u00e1k a f\u00f3ti l\u00e1nyok. A BSC elleni veres\u00e9g m\u00e9g benne volt a l\u00e1bakban \u00e9s a fejekben, azonban hatalmas energi\u00e1kat mozg\u00f3s\u00edtottak a l\u00e1nyok \u00e9s sok\u00e1ig partiban voltak a gy\u0151zelem\u00e9rt, azonban az utols\u00f3 negyedre az akad\u00e9mist\u00e1k f\u00f6l\u00e9j\u00fck tudtak n\u0151ni, \u00edgy 60:43-as veres\u00e9ggel z\u00e1rtak.<\/div>\n<div dir=\"auto\"><\/div>\n<div dir=\"auto\">A torna z\u00e1r\u00f3 napj\u00e1n a Kaposv\u00e1r volt az ellenf\u00e9l. A f\u00f3ti l\u00e1nyok rendk\u00edv\u00fcl magabiztosan \u00e9s fegyelmezetten j\u00e1tszva nagy ar\u00e1ny\u00fa 99:21-es gy\u0151zelemmel z\u00e1rtak a csoport harmadik hely\u00e9n.<\/div>\n<div dir=\"auto\"><img loading=\"lazy\" decoding=\"async\" class=\" wp-image-11646 aligncenter\" src=\"https:\/\/fotsportegyesulet.hu\/wp-content\/uploads\/2024\/09\/image_123650291-1024x647.jpg\" alt=\"\" width=\"924\" height=\"584\" srcset=\"https:\/\/fotsportegyesulet.hu\/wp-content\/uploads\/2024\/09\/image_123650291-1024x647.jpg 1024w, https:\/\/fotsportegyesulet.hu\/wp-content\/uploads\/2024\/09\/image_123650291-300x189.jpg 300w, https:\/\/fotsportegyesulet.hu\/wp-content\/uploads\/2024\/09\/image_123650291-768x485.jpg 768w, https:\/\/fotsportegyesulet.hu\/wp-content\/uploads\/2024\/09\/image_123650291.jpg 1438w\" sizes=\"auto, (max-width: 924px) 100vw, 924px\" \/><\/div>\n<div dir=\"auto\"><\/div>\n<div dir=\"auto\">Tavaly m\u00e1jusban vettem \u00e1t a l\u00e1nyokat azzal a nem titkolt sz\u00e1nd\u00e9kkal, hogy az idei \u00e9vben megpr\u00f3b\u00e1ljunk bejutni a legjobbak k\u00f6z\u00e9 az orsz\u00e1gos f\u0151t\u00e1bl\u00e1ra. Ez nagyon nem egyszer\u0171 feladat, de a l\u00e1nyok komolyan vett\u00e9k \u00e9s sokat dolgoztak az\u00e9rt, hogy siker\u00fclj\u00f6n.<\/div>\n<div dir=\"auto\">Az els\u0151 m\u00e9rk\u0151z\u00e9sen 28 percig kisebb hib\u00e1kkal ugyan de v\u00e9gig domin\u00e1ltunk \u00e9s nyugodtan mondhatom, mindenkit megl\u00e9pt\u00fcnk a j\u00e1t\u00e9kunkkal. Ugyanis remek\u00fcl m\u0171k\u00f6d\u00f6tt az 1:1 elleni v\u00e9dekez\u00e9s\u00fcnk! Azt\u00e1n j\u00f6tt egy 10 perces peri\u00f3dus, amikor nem tudtunk pontot dobni, \u00edgy amit addig fel\u00e9p\u00edtett\u00fcnk, el is dobtuk.<\/div>\n<div dir=\"auto\">A m\u00e1sodik meccsen mindent megtett\u00fcnk a gy\u0151zelem\u00e9rt, azonban ketten is megs\u00e9r\u00fcltek \u00e9s el is f\u00e1radtunk, de tisztess\u00e9ggel helyt \u00e1lltunk.<\/div>\n<div dir=\"auto\">Azt gondolom, ezen a k\u00e9t meccsen bebizony\u00edtottuk magunknak, hogy j\u00f3 \u00faton j\u00e1runk, ugyanakkor ki is jel\u00f6lt\u00fck a k\u00f6vetkez\u0151 id\u0151szak feladatait is, amiben fejl\u0151dn\u00fcnk kell, hogy ilyen terhel\u00e9s mellett is meg tudjuk nyerni a rangad\u00f3kat.<\/div>\n<div dir=\"auto\">B\u00fcszke vagyok a l\u00e1nyokra! Apr\u00f3bb s\u00e9r\u00fcl\u00e9sek \u00e9s betegs\u00e9gek ide vagy oda, mindenki v\u00e1llalta a j\u00e1t\u00e9kot \u00e9s megpr\u00f3b\u00e1lta kihozni mag\u00e1b\u00f3l a maximumot!<\/div>\n<div dir=\"auto\">K\u00fcl\u00f6n \u00f6r\u00f6m, hogy egy mind\u00f6ssze 11 \u00e9ves j\u00e1t\u00e9kos, Krancz S\u00e1ra is deb\u00fct\u00e1lhatott az U14-es bajnoks\u00e1gban \u00e9s meg is szerezte els\u0151 pontjait!<\/div>\n<div dir=\"auto\">A folytat\u00e1sban sz\u00e1munkra j\u00f6n az als\u00f3h\u00e1zi alapszakasz, ahol a c\u00e9l a csoportels\u0151s\u00e9g \u00e9s a f\u0151t\u00e1bl\u00e1ra jut\u00e1s!<\/div>\n<div dir=\"auto\"><\/div>\n<div dir=\"auto\">\n<div id=\"message-htmlpart1\" class=\"message-htmlpart\">\n<div id=\"message-htmlpart1\" class=\"rcmBody\">\n<div>\n<div dir=\"auto\"><strong>Tov\u00e1bbra is v\u00e1rjuk a 2011-2017 k\u00f6z\u00f6tti l\u00e1nyok \u00e9s 2013-2017 k\u00f6z\u00f6tti fi\u00fak jelentkez\u00e9s\u00e9t, akik szeretn\u00e9nek a kos\u00e1rlabd\u00e1val megismerkedni.&#8221;<\/strong><\/div>\n<div dir=\"auto\"><\/div>\n<\/div>\n<\/div>\n<\/div>\n<\/div>\n<h4 dir=\"auto\" style=\"text-align: center;\">Egyes\u00fclet\u00fcnk nev\u00e9ben ez\u00faton is gratul\u00e1lunk mindenkinek, aki r\u00e9szt vett a torn\u00e1n \u00e9s a l\u00e1nyok kitart\u00f3 munk\u00e1j\u00e1\u00e9rt! B\u00fcszk\u00e9k vagyunk R\u00e1tok! Tov\u00e1bbi sok sikert k\u00edv\u00e1nunk a felk\u00e9sz\u00fcl\u00e9shez!<\/h4>\n<h3 dir=\"auto\">Hajr\u00e1 F\u00f3t!<\/h3>\n","protected":false},"excerpt":{"rendered":"<p>III. helyen v\u00e9gzett a kos\u00e1rlabda l\u00e1ny csapatunk!<\/p>\n","protected":false},"author":3,"featured_media":11644,"comment_status":"closed","ping_status":"open","sticky":false,"template":"","format":"standard","meta":{"_bbp_topic_count":0,"_bbp_reply_count":0,"_bbp_total_topic_count":0,"_bbp_total_reply_count":0,"_bbp_voice_count":0,"_bbp_anonymous_reply_count":0,"_bbp_topic_count_hidden":0,"_bbp_reply_count_hidden":0,"_bbp_forum_subforum_count":0,"_price":"","_stock":"","_tribe_ticket_header":"","_tribe_default_ticket_provider":"","_ticket_start_date":"","_ticket_end_date":"","_tribe_ticket_show_description":"","_tribe_ticket_show_not_going":false,"_tribe_ticket_use_global_stock":"","_tribe_ticket_global_stock_level":"","_global_stock_mode":"","_global_stock_cap":"","_tribe_rsvp_for_event":"","_tribe_ticket_going_count":"","_tribe_ticket_not_going_count":"","_tribe_tickets_list":"[]","_tribe_ticket_has_attendee_info_fields":false,"footnotes":""},"categories":[1],"tags":[],"class_list":["post-11640","post","type-post","status-publish","format-standard","has-post-thumbnail","hentry","category-hirek"],"yoast_head":"<!-- This site is optimized with the Yoast SEO plugin v25.7 - https:\/\/yoast.com\/wordpress\/plugins\/seo\/ -->\n<title>Orsz\u00e1gos selejtez\u0151ben m\u00e9retett\u00e9k meg magukat kos\u00e1rlabd\u00e1s l\u00e1nyaink! - F\u00d3T SPORTEGYES\u00dcLET<\/title>\n<meta name=\"robots\" content=\"index, follow, max-snippet:-1, max-image-preview:large, max-video-preview:-1\" \/>\n<link rel=\"canonical\" href=\"https:\/\/fotsportegyesulet.hu\/index.php\/2024\/09\/23\/orszagos-selejtezoben-meretettek-meg-magukat-kosarlabdas-lanyaink\/\" \/>\n<meta property=\"og:locale\" content=\"hu_HU\" \/>\n<meta property=\"og:type\" content=\"article\" \/>\n<meta property=\"og:title\" content=\"Orsz\u00e1gos selejtez\u0151ben m\u00e9retett\u00e9k meg magukat kos\u00e1rlabd\u00e1s l\u00e1nyaink! - F\u00d3T SPORTEGYES\u00dcLET\" \/>\n<meta property=\"og:description\" content=\"III. helyen v\u00e9gzett a kos\u00e1rlabda l\u00e1ny csapatunk!\" \/>\n<meta property=\"og:url\" content=\"https:\/\/fotsportegyesulet.hu\/index.php\/2024\/09\/23\/orszagos-selejtezoben-meretettek-meg-magukat-kosarlabdas-lanyaink\/\" \/>\n<meta property=\"og:site_name\" content=\"F\u00d3T SPORTEGYES\u00dcLET\" \/>\n<meta property=\"article:publisher\" content=\"https:\/\/www.facebook.com\/fotsportegyesulet\/\" \/>\n<meta property=\"article:published_time\" content=\"2024-09-23T12:57:17+00:00\" \/>\n<meta property=\"article:modified_time\" content=\"2024-09-23T13:01:12+00:00\" \/>\n<meta property=\"og:image\" content=\"https:\/\/fotsportegyesulet.hu\/wp-content\/uploads\/2024\/09\/956x455-1.jpg\" \/>\n\t<meta property=\"og:image:width\" content=\"956\" \/>\n\t<meta property=\"og:image:height\" content=\"455\" \/>\n\t<meta property=\"og:image:type\" content=\"image\/jpeg\" \/>\n<meta name=\"author\" content=\"F\u00f3t SE\" \/>\n<meta name=\"twitter:card\" content=\"summary_large_image\" \/>\n<meta name=\"twitter:label1\" content=\"Szerz\u0151:\" \/>\n\t<meta name=\"twitter:data1\" content=\"F\u00f3t SE\" \/>\n\t<meta name=\"twitter:label2\" content=\"Becs\u00fclt olvas\u00e1si id\u0151\" \/>\n\t<meta name=\"twitter:data2\" content=\"4 perc\" \/>\n<script type=\"application\/ld+json\" class=\"yoast-schema-graph\">{\"@context\":\"https:\/\/schema.org\",\"@graph\":[{\"@type\":\"Article\",\"@id\":\"https:\/\/fotsportegyesulet.hu\/index.php\/2024\/09\/23\/orszagos-selejtezoben-meretettek-meg-magukat-kosarlabdas-lanyaink\/#article\",\"isPartOf\":{\"@id\":\"https:\/\/fotsportegyesulet.hu\/index.php\/2024\/09\/23\/orszagos-selejtezoben-meretettek-meg-magukat-kosarlabdas-lanyaink\/\"},\"author\":{\"name\":\"F\u00f3t SE\",\"@id\":\"https:\/\/fotsportegyesulet.hu\/#\/schema\/person\/8750ccb3a5183172b75dcc348ffbdbb1\"},\"headline\":\"Orsz\u00e1gos selejtez\u0151ben m\u00e9retett\u00e9k meg magukat kos\u00e1rlabd\u00e1s l\u00e1nyaink!\",\"datePublished\":\"2024-09-23T12:57:17+00:00\",\"dateModified\":\"2024-09-23T13:01:12+00:00\",\"mainEntityOfPage\":{\"@id\":\"https:\/\/fotsportegyesulet.hu\/index.php\/2024\/09\/23\/orszagos-selejtezoben-meretettek-meg-magukat-kosarlabdas-lanyaink\/\"},\"wordCount\":837,\"publisher\":{\"@id\":\"https:\/\/fotsportegyesulet.hu\/#organization\"},\"image\":{\"@id\":\"https:\/\/fotsportegyesulet.hu\/index.php\/2024\/09\/23\/orszagos-selejtezoben-meretettek-meg-magukat-kosarlabdas-lanyaink\/#primaryimage\"},\"thumbnailUrl\":\"https:\/\/fotsportegyesulet.hu\/wp-content\/uploads\/2024\/09\/956x455-1.jpg\",\"articleSection\":[\"H\u00edrek\"],\"inLanguage\":\"hu\"},{\"@type\":\"WebPage\",\"@id\":\"https:\/\/fotsportegyesulet.hu\/index.php\/2024\/09\/23\/orszagos-selejtezoben-meretettek-meg-magukat-kosarlabdas-lanyaink\/\",\"url\":\"https:\/\/fotsportegyesulet.hu\/index.php\/2024\/09\/23\/orszagos-selejtezoben-meretettek-meg-magukat-kosarlabdas-lanyaink\/\",\"name\":\"Orsz\u00e1gos selejtez\u0151ben m\u00e9retett\u00e9k meg magukat kos\u00e1rlabd\u00e1s l\u00e1nyaink! - F\u00d3T SPORTEGYES\u00dcLET\",\"isPartOf\":{\"@id\":\"https:\/\/fotsportegyesulet.hu\/#website\"},\"primaryImageOfPage\":{\"@id\":\"https:\/\/fotsportegyesulet.hu\/index.php\/2024\/09\/23\/orszagos-selejtezoben-meretettek-meg-magukat-kosarlabdas-lanyaink\/#primaryimage\"},\"image\":{\"@id\":\"https:\/\/fotsportegyesulet.hu\/index.php\/2024\/09\/23\/orszagos-selejtezoben-meretettek-meg-magukat-kosarlabdas-lanyaink\/#primaryimage\"},\"thumbnailUrl\":\"https:\/\/fotsportegyesulet.hu\/wp-content\/uploads\/2024\/09\/956x455-1.jpg\",\"datePublished\":\"2024-09-23T12:57:17+00:00\",\"dateModified\":\"2024-09-23T13:01:12+00:00\",\"breadcrumb\":{\"@id\":\"https:\/\/fotsportegyesulet.hu\/index.php\/2024\/09\/23\/orszagos-selejtezoben-meretettek-meg-magukat-kosarlabdas-lanyaink\/#breadcrumb\"},\"inLanguage\":\"hu\",\"potentialAction\":[{\"@type\":\"ReadAction\",\"target\":[\"https:\/\/fotsportegyesulet.hu\/index.php\/2024\/09\/23\/orszagos-selejtezoben-meretettek-meg-magukat-kosarlabdas-lanyaink\/\"]}]},{\"@type\":\"ImageObject\",\"inLanguage\":\"hu\",\"@id\":\"https:\/\/fotsportegyesulet.hu\/index.php\/2024\/09\/23\/orszagos-selejtezoben-meretettek-meg-magukat-kosarlabdas-lanyaink\/#primaryimage\",\"url\":\"https:\/\/fotsportegyesulet.hu\/wp-content\/uploads\/2024\/09\/956x455-1.jpg\",\"contentUrl\":\"https:\/\/fotsportegyesulet.hu\/wp-content\/uploads\/2024\/09\/956x455-1.jpg\",\"width\":956,\"height\":455},{\"@type\":\"BreadcrumbList\",\"@id\":\"https:\/\/fotsportegyesulet.hu\/index.php\/2024\/09\/23\/orszagos-selejtezoben-meretettek-meg-magukat-kosarlabdas-lanyaink\/#breadcrumb\",\"itemListElement\":[{\"@type\":\"ListItem\",\"position\":1,\"name\":\"Kezd\u0151lap\",\"item\":\"https:\/\/fotsportegyesulet.hu\/\"},{\"@type\":\"ListItem\",\"position\":2,\"name\":\"Orsz\u00e1gos selejtez\u0151ben m\u00e9retett\u00e9k meg magukat kos\u00e1rlabd\u00e1s l\u00e1nyaink!\"}]},{\"@type\":\"WebSite\",\"@id\":\"https:\/\/fotsportegyesulet.hu\/#website\",\"url\":\"https:\/\/fotsportegyesulet.hu\/\",\"name\":\"F\u00d3T SPORTEGYES\u00dcLET\",\"description\":\"\",\"publisher\":{\"@id\":\"https:\/\/fotsportegyesulet.hu\/#organization\"},\"potentialAction\":[{\"@type\":\"SearchAction\",\"target\":{\"@type\":\"EntryPoint\",\"urlTemplate\":\"https:\/\/fotsportegyesulet.hu\/?s={search_term_string}\"},\"query-input\":{\"@type\":\"PropertyValueSpecification\",\"valueRequired\":true,\"valueName\":\"search_term_string\"}}],\"inLanguage\":\"hu\"},{\"@type\":\"Organization\",\"@id\":\"https:\/\/fotsportegyesulet.hu\/#organization\",\"name\":\"F\u00f3t Sportegyes\u00fclet\",\"url\":\"https:\/\/fotsportegyesulet.hu\/\",\"logo\":{\"@type\":\"ImageObject\",\"inLanguage\":\"hu\",\"@id\":\"https:\/\/fotsportegyesulet.hu\/#\/schema\/logo\/image\/\",\"url\":\"https:\/\/fotsportegyesulet.hu\/wp-content\/uploads\/2020\/07\/eredeti-sz\u00ednes-vektoros-Fot-cimer-3.png\",\"contentUrl\":\"https:\/\/fotsportegyesulet.hu\/wp-content\/uploads\/2020\/07\/eredeti-sz\u00ednes-vektoros-Fot-cimer-3.png\",\"width\":500,\"height\":500,\"caption\":\"F\u00f3t Sportegyes\u00fclet\"},\"image\":{\"@id\":\"https:\/\/fotsportegyesulet.hu\/#\/schema\/logo\/image\/\"},\"sameAs\":[\"https:\/\/www.facebook.com\/fotsportegyesulet\/\"]},{\"@type\":\"Person\",\"@id\":\"https:\/\/fotsportegyesulet.hu\/#\/schema\/person\/8750ccb3a5183172b75dcc348ffbdbb1\",\"name\":\"F\u00f3t SE\",\"image\":{\"@type\":\"ImageObject\",\"inLanguage\":\"hu\",\"@id\":\"https:\/\/fotsportegyesulet.hu\/#\/schema\/person\/image\/\",\"url\":\"https:\/\/secure.gravatar.com\/avatar\/2f768bb7a490a49aeb2ccaf4bacc94391bbafd4b6aa54eb6f9318ffc80d81dad?s=96&d=mm&r=g\",\"contentUrl\":\"https:\/\/secure.gravatar.com\/avatar\/2f768bb7a490a49aeb2ccaf4bacc94391bbafd4b6aa54eb6f9318ffc80d81dad?s=96&d=mm&r=g\",\"caption\":\"F\u00f3t SE\"},\"sameAs\":[\"http:\/\/fotsportegyesulet.hu\"],\"url\":\"https:\/\/fotsportegyesulet.hu\/index.php\/author\/kapitany-zoltan\/\"}]}<\/script>\n<!-- \/ Yoast SEO plugin. -->","yoast_head_json":{"title":"Orsz\u00e1gos selejtez\u0151ben m\u00e9retett\u00e9k meg magukat kos\u00e1rlabd\u00e1s l\u00e1nyaink! - F\u00d3T SPORTEGYES\u00dcLET","robots":{"index":"index","follow":"follow","max-snippet":"max-snippet:-1","max-image-preview":"max-image-preview:large","max-video-preview":"max-video-preview:-1"},"canonical":"https:\/\/fotsportegyesulet.hu\/index.php\/2024\/09\/23\/orszagos-selejtezoben-meretettek-meg-magukat-kosarlabdas-lanyaink\/","og_locale":"hu_HU","og_type":"article","og_title":"Orsz\u00e1gos selejtez\u0151ben m\u00e9retett\u00e9k meg magukat kos\u00e1rlabd\u00e1s l\u00e1nyaink! - F\u00d3T SPORTEGYES\u00dcLET","og_description":"III. helyen v\u00e9gzett a kos\u00e1rlabda l\u00e1ny csapatunk!","og_url":"https:\/\/fotsportegyesulet.hu\/index.php\/2024\/09\/23\/orszagos-selejtezoben-meretettek-meg-magukat-kosarlabdas-lanyaink\/","og_site_name":"F\u00d3T SPORTEGYES\u00dcLET","article_publisher":"https:\/\/www.facebook.com\/fotsportegyesulet\/","article_published_time":"2024-09-23T12:57:17+00:00","article_modified_time":"2024-09-23T13:01:12+00:00","og_image":[{"width":956,"height":455,"url":"https:\/\/fotsportegyesulet.hu\/wp-content\/uploads\/2024\/09\/956x455-1.jpg","type":"image\/jpeg"}],"author":"F\u00f3t SE","twitter_card":"summary_large_image","twitter_misc":{"Szerz\u0151:":"F\u00f3t SE","Becs\u00fclt olvas\u00e1si id\u0151":"4 perc"},"schema":{"@context":"https:\/\/schema.org","@graph":[{"@type":"Article","@id":"https:\/\/fotsportegyesulet.hu\/index.php\/2024\/09\/23\/orszagos-selejtezoben-meretettek-meg-magukat-kosarlabdas-lanyaink\/#article","isPartOf":{"@id":"https:\/\/fotsportegyesulet.hu\/index.php\/2024\/09\/23\/orszagos-selejtezoben-meretettek-meg-magukat-kosarlabdas-lanyaink\/"},"author":{"name":"F\u00f3t SE","@id":"https:\/\/fotsportegyesulet.hu\/#\/schema\/person\/8750ccb3a5183172b75dcc348ffbdbb1"},"headline":"Orsz\u00e1gos selejtez\u0151ben m\u00e9retett\u00e9k meg magukat kos\u00e1rlabd\u00e1s l\u00e1nyaink!","datePublished":"2024-09-23T12:57:17+00:00","dateModified":"2024-09-23T13:01:12+00:00","mainEntityOfPage":{"@id":"https:\/\/fotsportegyesulet.hu\/index.php\/2024\/09\/23\/orszagos-selejtezoben-meretettek-meg-magukat-kosarlabdas-lanyaink\/"},"wordCount":837,"publisher":{"@id":"https:\/\/fotsportegyesulet.hu\/#organization"},"image":{"@id":"https:\/\/fotsportegyesulet.hu\/index.php\/2024\/09\/23\/orszagos-selejtezoben-meretettek-meg-magukat-kosarlabdas-lanyaink\/#primaryimage"},"thumbnailUrl":"https:\/\/fotsportegyesulet.hu\/wp-content\/uploads\/2024\/09\/956x455-1.jpg","articleSection":["H\u00edrek"],"inLanguage":"hu"},{"@type":"WebPage","@id":"https:\/\/fotsportegyesulet.hu\/index.php\/2024\/09\/23\/orszagos-selejtezoben-meretettek-meg-magukat-kosarlabdas-lanyaink\/","url":"https:\/\/fotsportegyesulet.hu\/index.php\/2024\/09\/23\/orszagos-selejtezoben-meretettek-meg-magukat-kosarlabdas-lanyaink\/","name":"Orsz\u00e1gos selejtez\u0151ben m\u00e9retett\u00e9k meg magukat kos\u00e1rlabd\u00e1s l\u00e1nyaink! - F\u00d3T SPORTEGYES\u00dcLET","isPartOf":{"@id":"https:\/\/fotsportegyesulet.hu\/#website"},"primaryImageOfPage":{"@id":"https:\/\/fotsportegyesulet.hu\/index.php\/2024\/09\/23\/orszagos-selejtezoben-meretettek-meg-magukat-kosarlabdas-lanyaink\/#primaryimage"},"image":{"@id":"https:\/\/fotsportegyesulet.hu\/index.php\/2024\/09\/23\/orszagos-selejtezoben-meretettek-meg-magukat-kosarlabdas-lanyaink\/#primaryimage"},"thumbnailUrl":"https:\/\/fotsportegyesulet.hu\/wp-content\/uploads\/2024\/09\/956x455-1.jpg","datePublished":"2024-09-23T12:57:17+00:00","dateModified":"2024-09-23T13:01:12+00:00","breadcrumb":{"@id":"https:\/\/fotsportegyesulet.hu\/index.php\/2024\/09\/23\/orszagos-selejtezoben-meretettek-meg-magukat-kosarlabdas-lanyaink\/#breadcrumb"},"inLanguage":"hu","potentialAction":[{"@type":"ReadAction","target":["https:\/\/fotsportegyesulet.hu\/index.php\/2024\/09\/23\/orszagos-selejtezoben-meretettek-meg-magukat-kosarlabdas-lanyaink\/"]}]},{"@type":"ImageObject","inLanguage":"hu","@id":"https:\/\/fotsportegyesulet.hu\/index.php\/2024\/09\/23\/orszagos-selejtezoben-meretettek-meg-magukat-kosarlabdas-lanyaink\/#primaryimage","url":"https:\/\/fotsportegyesulet.hu\/wp-content\/uploads\/2024\/09\/956x455-1.jpg","contentUrl":"https:\/\/fotsportegyesulet.hu\/wp-content\/uploads\/2024\/09\/956x455-1.jpg","width":956,"height":455},{"@type":"BreadcrumbList","@id":"https:\/\/fotsportegyesulet.hu\/index.php\/2024\/09\/23\/orszagos-selejtezoben-meretettek-meg-magukat-kosarlabdas-lanyaink\/#breadcrumb","itemListElement":[{"@type":"ListItem","position":1,"name":"Kezd\u0151lap","item":"https:\/\/fotsportegyesulet.hu\/"},{"@type":"ListItem","position":2,"name":"Orsz\u00e1gos selejtez\u0151ben m\u00e9retett\u00e9k meg magukat kos\u00e1rlabd\u00e1s l\u00e1nyaink!"}]},{"@type":"WebSite","@id":"https:\/\/fotsportegyesulet.hu\/#website","url":"https:\/\/fotsportegyesulet.hu\/","name":"F\u00d3T SPORTEGYES\u00dcLET","description":"","publisher":{"@id":"https:\/\/fotsportegyesulet.hu\/#organization"},"potentialAction":[{"@type":"SearchAction","target":{"@type":"EntryPoint","urlTemplate":"https:\/\/fotsportegyesulet.hu\/?s={search_term_string}"},"query-input":{"@type":"PropertyValueSpecification","valueRequired":true,"valueName":"search_term_string"}}],"inLanguage":"hu"},{"@type":"Organization","@id":"https:\/\/fotsportegyesulet.hu\/#organization","name":"F\u00f3t Sportegyes\u00fclet","url":"https:\/\/fotsportegyesulet.hu\/","logo":{"@type":"ImageObject","inLanguage":"hu","@id":"https:\/\/fotsportegyesulet.hu\/#\/schema\/logo\/image\/","url":"https:\/\/fotsportegyesulet.hu\/wp-content\/uploads\/2020\/07\/eredeti-sz\u00ednes-vektoros-Fot-cimer-3.png","contentUrl":"https:\/\/fotsportegyesulet.hu\/wp-content\/uploads\/2020\/07\/eredeti-sz\u00ednes-vektoros-Fot-cimer-3.png","width":500,"height":500,"caption":"F\u00f3t Sportegyes\u00fclet"},"image":{"@id":"https:\/\/fotsportegyesulet.hu\/#\/schema\/logo\/image\/"},"sameAs":["https:\/\/www.facebook.com\/fotsportegyesulet\/"]},{"@type":"Person","@id":"https:\/\/fotsportegyesulet.hu\/#\/schema\/person\/8750ccb3a5183172b75dcc348ffbdbb1","name":"F\u00f3t SE","image":{"@type":"ImageObject","inLanguage":"hu","@id":"https:\/\/fotsportegyesulet.hu\/#\/schema\/person\/image\/","url":"https:\/\/secure.gravatar.com\/avatar\/2f768bb7a490a49aeb2ccaf4bacc94391bbafd4b6aa54eb6f9318ffc80d81dad?s=96&d=mm&r=g","contentUrl":"https:\/\/secure.gravatar.com\/avatar\/2f768bb7a490a49aeb2ccaf4bacc94391bbafd4b6aa54eb6f9318ffc80d81dad?s=96&d=mm&r=g","caption":"F\u00f3t SE"},"sameAs":["http:\/\/fotsportegyesulet.hu"],"url":"https:\/\/fotsportegyesulet.hu\/index.php\/author\/kapitany-zoltan\/"}]}},"_links":{"self":[{"href":"https:\/\/fotsportegyesulet.hu\/index.php\/wp-json\/wp\/v2\/posts\/11640","targetHints":{"allow":["GET"]}}],"collection":[{"href":"https:\/\/fotsportegyesulet.hu\/index.php\/wp-json\/wp\/v2\/posts"}],"about":[{"href":"https:\/\/fotsportegyesulet.hu\/index.php\/wp-json\/wp\/v2\/types\/post"}],"author":[{"embeddable":true,"href":"https:\/\/fotsportegyesulet.hu\/index.php\/wp-json\/wp\/v2\/users\/3"}],"replies":[{"embeddable":true,"href":"https:\/\/fotsportegyesulet.hu\/index.php\/wp-json\/wp\/v2\/comments?post=11640"}],"version-history":[{"count":6,"href":"https:\/\/fotsportegyesulet.hu\/index.php\/wp-json\/wp\/v2\/posts\/11640\/revisions"}],"predecessor-version":[{"id":11652,"href":"https:\/\/fotsportegyesulet.hu\/index.php\/wp-json\/wp\/v2\/posts\/11640\/revisions\/11652"}],"wp:featuredmedia":[{"embeddable":true,"href":"https:\/\/fotsportegyesulet.hu\/index.php\/wp-json\/wp\/v2\/media\/11644"}],"wp:attachment":[{"href":"https:\/\/fotsportegyesulet.hu\/index.php\/wp-json\/wp\/v2\/media?parent=11640"}],"wp:term":[{"taxonomy":"category","embeddable":true,"href":"https:\/\/fotsportegyesulet.hu\/index.php\/wp-json\/wp\/v2\/categories?post=11640"},{"taxonomy":"post_tag","embeddable":true,"href":"https:\/\/fotsportegyesulet.hu\/index.php\/wp-json\/wp\/v2\/tags?post=11640"}],"curies":[{"name":"wp","href":"https:\/\/api.w.org\/{rel}","templated":true}]}}