{"id":1029,"date":"2020-08-03T14:15:42","date_gmt":"2020-08-03T14:15:42","guid":{"rendered":"https:\/\/fotsportegyesulet.hu\/?p=1029"},"modified":"2020-09-01T17:41:00","modified_gmt":"2020-09-01T15:41:00","slug":"interju-kapitany-zoltannal-a-fot-sportegyesulet-elnokevel","status":"publish","type":"post","link":"https:\/\/fotsportegyesulet.hu\/index.php\/2020\/08\/03\/interju-kapitany-zoltannal-a-fot-sportegyesulet-elnokevel\/","title":{"rendered":"Interj\u00fa Kapit\u00e1ny Zolt\u00e1nnal, az FSE \u00faj eln\u00f6k\u00e9vel"},"content":{"rendered":"<p>Sziasztok! <a href=\"https:\/\/fotinfo.hu\/a-fot-se-uj-elnokevel-beszelgettunk\/\" target=\"_blank\" rel=\"noopener noreferrer\">Riportot k\u00e9sz\u00edtett vel\u00fcnk<\/a> a FOTINFO.HU. <!--more-->A b\u0151vebb v\u00e1ltozatot is megmutatjuk:<\/p>\n<p><strong>Szerett\u00fck volna jobban megismerni a F\u00f3t Sportegyes\u00fcletet \u00e9s bemutatni, hogy milyen v\u00e1ltoz\u00e1sok t\u00f6rt\u00e9ntek az elm\u00falt h\u00f3napokban illetve, hogy milyen terveik vannak a k\u00f6vetkez\u0151 id\u0151szakra. Felkerest\u00fck a p\u00e1r h\u00f3nappal ezel\u0151tt megv\u00e1lasztott eln\u00f6k\u00f6t, Kapit\u00e1ny Zolt\u00e1nt, aki m\u00e1ris sikerekr\u0151l tud besz\u00e1molni.<\/strong><\/p>\n<p><strong>Mondan\u00e1l valamit magadr\u00f3l?<\/strong><\/p>\n<p>Sz\u00fclet\u00e9sem \u00f3ta F\u00f3ton \u00e9lek, itt dolgozom, itt sportolok, a F\u00f3ti Szabad Waldorf Iskol\u00e1ba j\u00e1rnak a gyermekeim. Minden ehhez a v\u00e1roshoz k\u00f6t. Tiszt\u00e1ban vagyok a hi\u00e1nyoss\u00e1gaival de tudok \u00f6r\u00fclni a sz\u00e9ps\u00e9geinek is, melyb\u0151l sz\u00e1mtalan van. F\u00f3ton van egy j\u00f3l m\u0171k\u00f6d\u0151 k\u00f6nyvel\u0151irod\u00e1m egy t\u00f6k\u00e9letes partnerrel \u00e9s koll\u00e9g\u00e1kkal, aminek kapcs\u00e1n rengeteg embert ismertem meg v\u00e1rosunkban. Ezen k\u00edv\u00fcl, egy labdar\u00fag\u00e1ssal foglalkoz\u00f3 v\u00e1llalkoz\u00e1st is vezetek.<\/p>\n<p><strong>Mi\u00e9rt gondoltad, hogy \u00e9rdemes megm\u00e9rettetned magad a F\u00f3t Sportegyes\u00fclet eln\u00f6ki posztj\u00e1\u00e9rt?<\/strong><\/p>\n<p>A fiaim itt, F\u00f3ton kezdtek sportolni, \u00e9n pedig hossz\u00fa \u00e9vek \u00f3ta a f\u00f3ti \u00f6regfi\u00fak csapat\u00e1ban focizom. R\u00e9g\u00f3ta l\u00e1tom a sikereit \u00e9s a probl\u00e9m\u00e1it az egyes\u00fcletnek. \u00dagy \u00e9reztem, hogy a tapasztalatommal \u00e9s a kapcsolataimmal a h\u00e1tam m\u00f6g\u00f6tt l\u00e9tre tudn\u00e1nk hozni egy nagyon j\u00f3 sportszervezetet \u00e9s az eddigi visszacsatol\u00e1sok alapj\u00e1n \u00fagy v\u00e9lem erre hatalmas ig\u00e9ny is lenne.<\/p>\n<p><strong><img loading=\"lazy\" decoding=\"async\" class=\"alignnone wp-image-1032 size-large\" src=\"https:\/\/fotsportegyesulet.hu\/wp-content\/uploads\/2020\/08\/Kapitany-Zoltan-1024x768.jpg\" alt=\"\" width=\"1024\" height=\"768\" \/><\/strong><\/p>\n<p><strong>Egy ilyen szervezet vezet\u00e9se, ir\u00e1ny\u00edt\u00e1sa nem egyemberes feladat. Vannak seg\u00edt\u0151id?<\/strong><\/p>\n<p>Igen. Els\u0151sorban a k\u00e9t aleln\u00f6k\u00fcnk, Szkala S\u00e1ndor \u00e9s T\u00f3th Iv\u00e1n Csaba szem\u00e9ly\u00e9ben. M\u00e1r a megv\u00e1laszt\u00e1sunk \u00f3ta csapatk\u00e9nt tekint\u00fcnk egym\u00e1sra, leosztottuk a feladatokat \u00e9s mindenki a meghat\u00e1rozott r\u00e9szter\u00fclet\u00e9rt felel. Eddig nagyon j\u00f3 az \u00f6sszhang k\u00f6z\u00f6tt\u00fcnk. Szerencs\u00e9re kialakult k\u00f6r\u00fcl\u00f6tt\u00fcnk egy nagyon lelkes \u00e9s seg\u00edt\u0151k\u00e9sz k\u00f6z\u00f6ss\u00e9g is, akikre t\u00e1maszkodhatunk. Ez\u00faton is szeretn\u00e9m megk\u00f6sz\u00f6nni nekik, hogy t\u00e1mogatnak minket \u00e9s id\u0151t, energi\u00e1t szentelnek arra, hogy az egyes\u00fclet j\u00f3l\/jobban m\u0171k\u00f6dhessen. Mindemellett a kor\u00e1bbi vezet\u00e9ssel, t\u00f6bbek k\u00f6z\u00f6tt G\u00e1sp\u00e1r Z\u00e9n\u00f3val \u00e9s Lissai J\u00f3zseffel is j\u00f3 munkakapcsolatban maradtunk, tov\u00e1bbra is sokat seg\u00edtenek. A f\u00f3ti k\u00e9pvisel\u0151test\u00fclet eg\u00e9sze m\u00f6g\u00f6tt\u00fcnk \u00e1ll legyen sz\u00f3 korm\u00e1nyp\u00e1rti vagy ellenz\u00e9ki k\u00e9pvisel\u0151r\u0151l. K\u00fcl\u00f6n\u00f6sen j\u00f3 a munkakapcsolatunk Dr. Vass Gy\u00f6rgy polg\u00e1rmester \u00farral \u00e9s B\u00edr\u00f3 Zolt\u00e1n alpolg\u00e1rmester \u00farral \u00e9s az \u00f6nkorm\u00e1nyzati dolgoz\u00f3k is seg\u00edtik a munk\u00e1nkat.<\/p>\n<p><strong>Mit lehet tudni a F\u00f3t Se m\u00faltj\u00e1r\u00f3l, jelen\u00e9r\u0151l?<\/strong><\/p>\n<p>Egyes\u00fclet\u00fcnk igen nagy m\u00falt\u00fa, 1913-ban alakult az \u00e9vtizedek alatt t\u00f6bb n\u00e9vv\u00e1ltoz\u00e1son ment kereszt\u00fcl. Legnagyobb sikereit a 2000-es \u00e9vekben Balogh Sanyi b\u00e1csi ir\u00e1ny\u00edt\u00e1sa alatt \u00e9rte el a labdar\u00fag\u00f3 csapatunk, az NB II. 6. hely\u00e9n v\u00e9gzett.<br \/>\nAmi a jelent illeti, m\u00e1r nem csak labdar\u00fag\u00f3 szak\u00e1gunk van, hanem kib\u0151v\u00fclt\u00fcnk judo, asztalitenisz, atl\u00e9tika \u00e9s tenisz szakoszt\u00e1lyokkal is melyek nagyon sikeresek, h\u00e1la azok vezet\u0151inek. Folyamatban van a term\u00e9szetj\u00e1r\u00f3, k\u00e9zilabda, kos\u00e1rlabda szakoszt\u00e1lyunk elind\u00edt\u00e1sa. J\u00f3 h\u00edr m\u00e9g, hogy Fon\u00f3di P\u00e1l ir\u00e1ny\u00edt\u00e1s\u00e1val alakult egy \u00faj \u00f6regfi\u00fak csapatunk tov\u00e1bb\u00e1 a 2020\/2021-es szezont m\u00e1r k\u00e9t feln\u0151tt csapattal kezdj\u00fck meg. Az eddig hi\u00e1nyos U17-es koroszt\u00e1lyunkat a Mogyor\u00f3d KSK-val k\u00f6z\u00f6sen siker\u00fclt nevezn\u00fcnk a bajnoks\u00e1gba.<\/p>\n<p><strong>Gondolom a pand\u00e9mi\u00e1s helyzet megnehez\u00edtette az indul\u00e1sotokat. Hogyan viselt\u00e9tek ezt az id\u0151szakot?<\/strong><\/p>\n<p>Sajnos mi is megszenvedt\u00fck az elm\u00falt p\u00e1r h\u00f3nap bizonytalans\u00e1g\u00e1t. Mindenekel\u0151tt, a legfontosabb szempontunk a biztons\u00e1g \u00e9s az eg\u00e9szs\u00e9gv\u00e9delem volt. Azonnal l\u00e9pt\u00fcnk \u00e9s bez\u00e1rtuk a p\u00e1ly\u00e1nkat, megsz\u00fcntett\u00fck az edz\u00e9seket. Amikor a korm\u00e1ny lehet\u0151v\u00e9 tette, \u00fajraind\u00edtottuk a foglalkoz\u00e1sokat, t\u00e1borokat szervezt\u00fcnk. Term\u00e9szetesen mi ebben az id\u0151szakban is dolgoztunk \u00e9s meg\u00e1llapod\u00e1sokat k\u00f6t\u00f6tt\u00fcnk, t\u00e1rgyal\u00e1sokat kezdem\u00e9nyezt\u00fcnk a PMLSZ-el az MLSZ-el, a szak\u00e1gi sz\u00f6vets\u00e9gekkel. Karbantartottuk a m\u0171f\u00fcves p\u00e1ly\u00e1nkat, kitiszt\u00edtottuk a f\u00fart kutunkat, megsz\u00fcntett\u00fck a f\u0151\u00e9p\u00fclet be\u00e1z\u00e1s\u00e1t. Tervez\u00e9s alatt van az \u00faj weboldalunk, elkezdt\u00fck a sportp\u00e1lya k\u00f6rny\u00e9k\u00e9t rendbe rakni, megtiszt\u00edtani.<\/p>\n<p><strong>Mik a tervek a j\u00f6v\u0151re vonatkoz\u00f3an?<\/strong><\/p>\n<p>A legnagyszer\u0171bb h\u00edr, hogy elindult a sportcsarnok \u00e9p\u00edt\u00e9se, amely rem\u00e9lhet\u0151leg hossz\u00fa t\u00e1v\u00fa megold\u00e1sa lesz a f\u00f3ti sport\u00e9let ig\u00e9nyeinek. 2020 augusztus v\u00e9g\u00e9n \u00e1tvehetj\u00fck a TAO p\u00e1ly\u00e1zaton j\u00f3v\u00e1hagyott 9 f\u0151s mikrobuszunkat, mellyel sokkal k\u00f6nnyebb lesz a csapatok, tagok mozg\u00e1sa. P\u00e1ly\u00e1zunk egy nagym\u00e9ret\u0171, vil\u00e1g\u00edt\u00e1ssal rendelkez\u0151 m\u0171f\u00fcves p\u00e1ly\u00e1ra. Sajnos itt egyre kisebb a mozg\u00e1ster\u00fcnk mert z\u00e1rulnak be a p\u00e1ly\u00e1zatok de hisz\u00fcnk benne , hogy siker\u00fclni fog. Igyeksz\u00fcnk a kisalagi p\u00e1lya k\u00f6rny\u00e9k\u00e9re is szabadid\u0151s opci\u00f3t teremteni \u00e9s t\u00f6megsport helysz\u00ednn\u00e9 alak\u00edtani. Szeretn\u00e9nk \u00faj szakoszt\u00e1lyokat ind\u00edtani \u00e9s a megl\u00e9v\u0151ek m\u0171k\u00f6d\u00e9s\u00e9t seg\u00edteni, a tagl\u00e9tsz\u00e1mot n\u00f6velni. Sz\u00e1munkra az egyik legfontosabb kih\u00edv\u00e1s, hogy mindenkinek tudjunk lehet\u0151s\u00e9get k\u00edn\u00e1lni, aki F\u00f3ton sportolni szeretne.<\/p>\n<p><strong>K\u00f6sz\u00f6n\u00f6m sz\u00e9pen a besz\u00e9lget\u00e9st!<\/strong><\/p>\n<p>K\u00f6sz\u00f6n\u00f6m a lehet\u0151s\u00e9get \u00e9s szeretn\u00e9m itt is megjegyezni, hogy v\u00e1runk minden \u00e9szrev\u00e9telt, \u00f6tletet az el\u00e9rhet\u0151s\u00e9geinken tov\u00e1bb\u00e1 mindenkit, aki sportolni szeretne. Hajr\u00e1 F\u00f3t!<\/p>\n<p>Fot\u00f3k: <em>F\u00f3tinfo.hu<\/em><\/p>\n","protected":false},"excerpt":{"rendered":"<p>Sziasztok! Riportot k\u00e9sz\u00edtett vel\u00fcnk a FOTINFO.HU.<\/p>\n","protected":false},"author":3,"featured_media":1468,"comment_status":"closed","ping_status":"closed","sticky":false,"template":"","format":"standard","meta":{"_bbp_topic_count":0,"_bbp_reply_count":0,"_bbp_total_topic_count":0,"_bbp_total_reply_count":0,"_bbp_voice_count":0,"_bbp_anonymous_reply_count":0,"_bbp_topic_count_hidden":0,"_bbp_reply_count_hidden":0,"_bbp_forum_subforum_count":0,"_price":"","_stock":"","_tribe_ticket_header":"","_tribe_default_ticket_provider":"","_ticket_start_date":"","_ticket_end_date":"","_tribe_ticket_show_description":"","_tribe_ticket_show_not_going":false,"_tribe_ticket_use_global_stock":"","_tribe_ticket_global_stock_level":"","_global_stock_mode":"","_global_stock_cap":"","_tribe_rsvp_for_event":"","_tribe_ticket_going_count":"","_tribe_ticket_not_going_count":"","_tribe_tickets_list":"[]","_tribe_ticket_has_attendee_info_fields":false,"footnotes":""},"categories":[1],"tags":[],"class_list":["post-1029","post","type-post","status-publish","format-standard","has-post-thumbnail","hentry","category-hirek"],"yoast_head":"<!-- This site is optimized with the Yoast SEO plugin v25.7 - https:\/\/yoast.com\/wordpress\/plugins\/seo\/ -->\n<title>Interj\u00fa Kapit\u00e1ny Zolt\u00e1nnal, az FSE \u00faj eln\u00f6k\u00e9vel - F\u00d3T SPORTEGYES\u00dcLET<\/title>\n<meta name=\"robots\" content=\"index, follow, max-snippet:-1, max-image-preview:large, max-video-preview:-1\" \/>\n<link rel=\"canonical\" href=\"https:\/\/fotsportegyesulet.hu\/index.php\/2020\/08\/03\/interju-kapitany-zoltannal-a-fot-sportegyesulet-elnokevel\/\" \/>\n<meta property=\"og:locale\" content=\"hu_HU\" \/>\n<meta property=\"og:type\" content=\"article\" \/>\n<meta property=\"og:title\" content=\"Interj\u00fa Kapit\u00e1ny Zolt\u00e1nnal, az FSE \u00faj eln\u00f6k\u00e9vel - F\u00d3T SPORTEGYES\u00dcLET\" \/>\n<meta property=\"og:description\" content=\"Sziasztok! Riportot k\u00e9sz\u00edtett vel\u00fcnk a FOTINFO.HU.\" \/>\n<meta property=\"og:url\" content=\"https:\/\/fotsportegyesulet.hu\/index.php\/2020\/08\/03\/interju-kapitany-zoltannal-a-fot-sportegyesulet-elnokevel\/\" \/>\n<meta property=\"og:site_name\" content=\"F\u00d3T SPORTEGYES\u00dcLET\" \/>\n<meta property=\"article:publisher\" content=\"https:\/\/www.facebook.com\/fotsportegyesulet\/\" \/>\n<meta property=\"article:published_time\" content=\"2020-08-03T14:15:42+00:00\" \/>\n<meta property=\"article:modified_time\" content=\"2020-09-01T15:41:00+00:00\" \/>\n<meta property=\"og:image\" content=\"https:\/\/fotsportegyesulet.hu\/wp-content\/uploads\/2020\/08\/690x455-kiemelt-kep-v2.png\" \/>\n\t<meta property=\"og:image:width\" content=\"960\" \/>\n\t<meta property=\"og:image:height\" content=\"455\" \/>\n\t<meta property=\"og:image:type\" content=\"image\/png\" \/>\n<meta name=\"author\" content=\"F\u00f3t SE\" \/>\n<meta name=\"twitter:card\" content=\"summary_large_image\" \/>\n<meta name=\"twitter:label1\" content=\"Szerz\u0151:\" \/>\n\t<meta name=\"twitter:data1\" content=\"F\u00f3t SE\" \/>\n\t<meta name=\"twitter:label2\" content=\"Becs\u00fclt olvas\u00e1si id\u0151\" \/>\n\t<meta name=\"twitter:data2\" content=\"5 perc\" \/>\n<script type=\"application\/ld+json\" class=\"yoast-schema-graph\">{\"@context\":\"https:\/\/schema.org\",\"@graph\":[{\"@type\":\"Article\",\"@id\":\"https:\/\/fotsportegyesulet.hu\/index.php\/2020\/08\/03\/interju-kapitany-zoltannal-a-fot-sportegyesulet-elnokevel\/#article\",\"isPartOf\":{\"@id\":\"https:\/\/fotsportegyesulet.hu\/index.php\/2020\/08\/03\/interju-kapitany-zoltannal-a-fot-sportegyesulet-elnokevel\/\"},\"author\":{\"name\":\"F\u00f3t SE\",\"@id\":\"https:\/\/fotsportegyesulet.hu\/#\/schema\/person\/8750ccb3a5183172b75dcc348ffbdbb1\"},\"headline\":\"Interj\u00fa Kapit\u00e1ny Zolt\u00e1nnal, az FSE \u00faj eln\u00f6k\u00e9vel\",\"datePublished\":\"2020-08-03T14:15:42+00:00\",\"dateModified\":\"2020-09-01T15:41:00+00:00\",\"mainEntityOfPage\":{\"@id\":\"https:\/\/fotsportegyesulet.hu\/index.php\/2020\/08\/03\/interju-kapitany-zoltannal-a-fot-sportegyesulet-elnokevel\/\"},\"wordCount\":1052,\"publisher\":{\"@id\":\"https:\/\/fotsportegyesulet.hu\/#organization\"},\"image\":{\"@id\":\"https:\/\/fotsportegyesulet.hu\/index.php\/2020\/08\/03\/interju-kapitany-zoltannal-a-fot-sportegyesulet-elnokevel\/#primaryimage\"},\"thumbnailUrl\":\"https:\/\/fotsportegyesulet.hu\/wp-content\/uploads\/2020\/08\/690x455-kiemelt-kep-v2.png\",\"articleSection\":[\"H\u00edrek\"],\"inLanguage\":\"hu\"},{\"@type\":\"WebPage\",\"@id\":\"https:\/\/fotsportegyesulet.hu\/index.php\/2020\/08\/03\/interju-kapitany-zoltannal-a-fot-sportegyesulet-elnokevel\/\",\"url\":\"https:\/\/fotsportegyesulet.hu\/index.php\/2020\/08\/03\/interju-kapitany-zoltannal-a-fot-sportegyesulet-elnokevel\/\",\"name\":\"Interj\u00fa Kapit\u00e1ny Zolt\u00e1nnal, az FSE \u00faj eln\u00f6k\u00e9vel - F\u00d3T SPORTEGYES\u00dcLET\",\"isPartOf\":{\"@id\":\"https:\/\/fotsportegyesulet.hu\/#website\"},\"primaryImageOfPage\":{\"@id\":\"https:\/\/fotsportegyesulet.hu\/index.php\/2020\/08\/03\/interju-kapitany-zoltannal-a-fot-sportegyesulet-elnokevel\/#primaryimage\"},\"image\":{\"@id\":\"https:\/\/fotsportegyesulet.hu\/index.php\/2020\/08\/03\/interju-kapitany-zoltannal-a-fot-sportegyesulet-elnokevel\/#primaryimage\"},\"thumbnailUrl\":\"https:\/\/fotsportegyesulet.hu\/wp-content\/uploads\/2020\/08\/690x455-kiemelt-kep-v2.png\",\"datePublished\":\"2020-08-03T14:15:42+00:00\",\"dateModified\":\"2020-09-01T15:41:00+00:00\",\"breadcrumb\":{\"@id\":\"https:\/\/fotsportegyesulet.hu\/index.php\/2020\/08\/03\/interju-kapitany-zoltannal-a-fot-sportegyesulet-elnokevel\/#breadcrumb\"},\"inLanguage\":\"hu\",\"potentialAction\":[{\"@type\":\"ReadAction\",\"target\":[\"https:\/\/fotsportegyesulet.hu\/index.php\/2020\/08\/03\/interju-kapitany-zoltannal-a-fot-sportegyesulet-elnokevel\/\"]}]},{\"@type\":\"ImageObject\",\"inLanguage\":\"hu\",\"@id\":\"https:\/\/fotsportegyesulet.hu\/index.php\/2020\/08\/03\/interju-kapitany-zoltannal-a-fot-sportegyesulet-elnokevel\/#primaryimage\",\"url\":\"https:\/\/fotsportegyesulet.hu\/wp-content\/uploads\/2020\/08\/690x455-kiemelt-kep-v2.png\",\"contentUrl\":\"https:\/\/fotsportegyesulet.hu\/wp-content\/uploads\/2020\/08\/690x455-kiemelt-kep-v2.png\",\"width\":960,\"height\":455},{\"@type\":\"BreadcrumbList\",\"@id\":\"https:\/\/fotsportegyesulet.hu\/index.php\/2020\/08\/03\/interju-kapitany-zoltannal-a-fot-sportegyesulet-elnokevel\/#breadcrumb\",\"itemListElement\":[{\"@type\":\"ListItem\",\"position\":1,\"name\":\"Kezd\u0151lap\",\"item\":\"https:\/\/fotsportegyesulet.hu\/\"},{\"@type\":\"ListItem\",\"position\":2,\"name\":\"Interj\u00fa Kapit\u00e1ny Zolt\u00e1nnal, az FSE \u00faj eln\u00f6k\u00e9vel\"}]},{\"@type\":\"WebSite\",\"@id\":\"https:\/\/fotsportegyesulet.hu\/#website\",\"url\":\"https:\/\/fotsportegyesulet.hu\/\",\"name\":\"F\u00d3T SPORTEGYES\u00dcLET\",\"description\":\"\",\"publisher\":{\"@id\":\"https:\/\/fotsportegyesulet.hu\/#organization\"},\"potentialAction\":[{\"@type\":\"SearchAction\",\"target\":{\"@type\":\"EntryPoint\",\"urlTemplate\":\"https:\/\/fotsportegyesulet.hu\/?s={search_term_string}\"},\"query-input\":{\"@type\":\"PropertyValueSpecification\",\"valueRequired\":true,\"valueName\":\"search_term_string\"}}],\"inLanguage\":\"hu\"},{\"@type\":\"Organization\",\"@id\":\"https:\/\/fotsportegyesulet.hu\/#organization\",\"name\":\"F\u00f3t Sportegyes\u00fclet\",\"url\":\"https:\/\/fotsportegyesulet.hu\/\",\"logo\":{\"@type\":\"ImageObject\",\"inLanguage\":\"hu\",\"@id\":\"https:\/\/fotsportegyesulet.hu\/#\/schema\/logo\/image\/\",\"url\":\"https:\/\/fotsportegyesulet.hu\/wp-content\/uploads\/2020\/07\/eredeti-sz\u00ednes-vektoros-Fot-cimer-3.png\",\"contentUrl\":\"https:\/\/fotsportegyesulet.hu\/wp-content\/uploads\/2020\/07\/eredeti-sz\u00ednes-vektoros-Fot-cimer-3.png\",\"width\":500,\"height\":500,\"caption\":\"F\u00f3t Sportegyes\u00fclet\"},\"image\":{\"@id\":\"https:\/\/fotsportegyesulet.hu\/#\/schema\/logo\/image\/\"},\"sameAs\":[\"https:\/\/www.facebook.com\/fotsportegyesulet\/\"]},{\"@type\":\"Person\",\"@id\":\"https:\/\/fotsportegyesulet.hu\/#\/schema\/person\/8750ccb3a5183172b75dcc348ffbdbb1\",\"name\":\"F\u00f3t SE\",\"image\":{\"@type\":\"ImageObject\",\"inLanguage\":\"hu\",\"@id\":\"https:\/\/fotsportegyesulet.hu\/#\/schema\/person\/image\/\",\"url\":\"https:\/\/secure.gravatar.com\/avatar\/2f768bb7a490a49aeb2ccaf4bacc94391bbafd4b6aa54eb6f9318ffc80d81dad?s=96&d=mm&r=g\",\"contentUrl\":\"https:\/\/secure.gravatar.com\/avatar\/2f768bb7a490a49aeb2ccaf4bacc94391bbafd4b6aa54eb6f9318ffc80d81dad?s=96&d=mm&r=g\",\"caption\":\"F\u00f3t SE\"},\"sameAs\":[\"http:\/\/fotsportegyesulet.hu\"],\"url\":\"https:\/\/fotsportegyesulet.hu\/index.php\/author\/kapitany-zoltan\/\"}]}<\/script>\n<!-- \/ Yoast SEO plugin. -->","yoast_head_json":{"title":"Interj\u00fa Kapit\u00e1ny Zolt\u00e1nnal, az FSE \u00faj eln\u00f6k\u00e9vel - F\u00d3T SPORTEGYES\u00dcLET","robots":{"index":"index","follow":"follow","max-snippet":"max-snippet:-1","max-image-preview":"max-image-preview:large","max-video-preview":"max-video-preview:-1"},"canonical":"https:\/\/fotsportegyesulet.hu\/index.php\/2020\/08\/03\/interju-kapitany-zoltannal-a-fot-sportegyesulet-elnokevel\/","og_locale":"hu_HU","og_type":"article","og_title":"Interj\u00fa Kapit\u00e1ny Zolt\u00e1nnal, az FSE \u00faj eln\u00f6k\u00e9vel - F\u00d3T SPORTEGYES\u00dcLET","og_description":"Sziasztok! Riportot k\u00e9sz\u00edtett vel\u00fcnk a FOTINFO.HU.","og_url":"https:\/\/fotsportegyesulet.hu\/index.php\/2020\/08\/03\/interju-kapitany-zoltannal-a-fot-sportegyesulet-elnokevel\/","og_site_name":"F\u00d3T SPORTEGYES\u00dcLET","article_publisher":"https:\/\/www.facebook.com\/fotsportegyesulet\/","article_published_time":"2020-08-03T14:15:42+00:00","article_modified_time":"2020-09-01T15:41:00+00:00","og_image":[{"width":960,"height":455,"url":"https:\/\/fotsportegyesulet.hu\/wp-content\/uploads\/2020\/08\/690x455-kiemelt-kep-v2.png","type":"image\/png"}],"author":"F\u00f3t SE","twitter_card":"summary_large_image","twitter_misc":{"Szerz\u0151:":"F\u00f3t SE","Becs\u00fclt olvas\u00e1si id\u0151":"5 perc"},"schema":{"@context":"https:\/\/schema.org","@graph":[{"@type":"Article","@id":"https:\/\/fotsportegyesulet.hu\/index.php\/2020\/08\/03\/interju-kapitany-zoltannal-a-fot-sportegyesulet-elnokevel\/#article","isPartOf":{"@id":"https:\/\/fotsportegyesulet.hu\/index.php\/2020\/08\/03\/interju-kapitany-zoltannal-a-fot-sportegyesulet-elnokevel\/"},"author":{"name":"F\u00f3t SE","@id":"https:\/\/fotsportegyesulet.hu\/#\/schema\/person\/8750ccb3a5183172b75dcc348ffbdbb1"},"headline":"Interj\u00fa Kapit\u00e1ny Zolt\u00e1nnal, az FSE \u00faj eln\u00f6k\u00e9vel","datePublished":"2020-08-03T14:15:42+00:00","dateModified":"2020-09-01T15:41:00+00:00","mainEntityOfPage":{"@id":"https:\/\/fotsportegyesulet.hu\/index.php\/2020\/08\/03\/interju-kapitany-zoltannal-a-fot-sportegyesulet-elnokevel\/"},"wordCount":1052,"publisher":{"@id":"https:\/\/fotsportegyesulet.hu\/#organization"},"image":{"@id":"https:\/\/fotsportegyesulet.hu\/index.php\/2020\/08\/03\/interju-kapitany-zoltannal-a-fot-sportegyesulet-elnokevel\/#primaryimage"},"thumbnailUrl":"https:\/\/fotsportegyesulet.hu\/wp-content\/uploads\/2020\/08\/690x455-kiemelt-kep-v2.png","articleSection":["H\u00edrek"],"inLanguage":"hu"},{"@type":"WebPage","@id":"https:\/\/fotsportegyesulet.hu\/index.php\/2020\/08\/03\/interju-kapitany-zoltannal-a-fot-sportegyesulet-elnokevel\/","url":"https:\/\/fotsportegyesulet.hu\/index.php\/2020\/08\/03\/interju-kapitany-zoltannal-a-fot-sportegyesulet-elnokevel\/","name":"Interj\u00fa Kapit\u00e1ny Zolt\u00e1nnal, az FSE \u00faj eln\u00f6k\u00e9vel - F\u00d3T SPORTEGYES\u00dcLET","isPartOf":{"@id":"https:\/\/fotsportegyesulet.hu\/#website"},"primaryImageOfPage":{"@id":"https:\/\/fotsportegyesulet.hu\/index.php\/2020\/08\/03\/interju-kapitany-zoltannal-a-fot-sportegyesulet-elnokevel\/#primaryimage"},"image":{"@id":"https:\/\/fotsportegyesulet.hu\/index.php\/2020\/08\/03\/interju-kapitany-zoltannal-a-fot-sportegyesulet-elnokevel\/#primaryimage"},"thumbnailUrl":"https:\/\/fotsportegyesulet.hu\/wp-content\/uploads\/2020\/08\/690x455-kiemelt-kep-v2.png","datePublished":"2020-08-03T14:15:42+00:00","dateModified":"2020-09-01T15:41:00+00:00","breadcrumb":{"@id":"https:\/\/fotsportegyesulet.hu\/index.php\/2020\/08\/03\/interju-kapitany-zoltannal-a-fot-sportegyesulet-elnokevel\/#breadcrumb"},"inLanguage":"hu","potentialAction":[{"@type":"ReadAction","target":["https:\/\/fotsportegyesulet.hu\/index.php\/2020\/08\/03\/interju-kapitany-zoltannal-a-fot-sportegyesulet-elnokevel\/"]}]},{"@type":"ImageObject","inLanguage":"hu","@id":"https:\/\/fotsportegyesulet.hu\/index.php\/2020\/08\/03\/interju-kapitany-zoltannal-a-fot-sportegyesulet-elnokevel\/#primaryimage","url":"https:\/\/fotsportegyesulet.hu\/wp-content\/uploads\/2020\/08\/690x455-kiemelt-kep-v2.png","contentUrl":"https:\/\/fotsportegyesulet.hu\/wp-content\/uploads\/2020\/08\/690x455-kiemelt-kep-v2.png","width":960,"height":455},{"@type":"BreadcrumbList","@id":"https:\/\/fotsportegyesulet.hu\/index.php\/2020\/08\/03\/interju-kapitany-zoltannal-a-fot-sportegyesulet-elnokevel\/#breadcrumb","itemListElement":[{"@type":"ListItem","position":1,"name":"Kezd\u0151lap","item":"https:\/\/fotsportegyesulet.hu\/"},{"@type":"ListItem","position":2,"name":"Interj\u00fa Kapit\u00e1ny Zolt\u00e1nnal, az FSE \u00faj eln\u00f6k\u00e9vel"}]},{"@type":"WebSite","@id":"https:\/\/fotsportegyesulet.hu\/#website","url":"https:\/\/fotsportegyesulet.hu\/","name":"F\u00d3T SPORTEGYES\u00dcLET","description":"","publisher":{"@id":"https:\/\/fotsportegyesulet.hu\/#organization"},"potentialAction":[{"@type":"SearchAction","target":{"@type":"EntryPoint","urlTemplate":"https:\/\/fotsportegyesulet.hu\/?s={search_term_string}"},"query-input":{"@type":"PropertyValueSpecification","valueRequired":true,"valueName":"search_term_string"}}],"inLanguage":"hu"},{"@type":"Organization","@id":"https:\/\/fotsportegyesulet.hu\/#organization","name":"F\u00f3t Sportegyes\u00fclet","url":"https:\/\/fotsportegyesulet.hu\/","logo":{"@type":"ImageObject","inLanguage":"hu","@id":"https:\/\/fotsportegyesulet.hu\/#\/schema\/logo\/image\/","url":"https:\/\/fotsportegyesulet.hu\/wp-content\/uploads\/2020\/07\/eredeti-sz\u00ednes-vektoros-Fot-cimer-3.png","contentUrl":"https:\/\/fotsportegyesulet.hu\/wp-content\/uploads\/2020\/07\/eredeti-sz\u00ednes-vektoros-Fot-cimer-3.png","width":500,"height":500,"caption":"F\u00f3t Sportegyes\u00fclet"},"image":{"@id":"https:\/\/fotsportegyesulet.hu\/#\/schema\/logo\/image\/"},"sameAs":["https:\/\/www.facebook.com\/fotsportegyesulet\/"]},{"@type":"Person","@id":"https:\/\/fotsportegyesulet.hu\/#\/schema\/person\/8750ccb3a5183172b75dcc348ffbdbb1","name":"F\u00f3t SE","image":{"@type":"ImageObject","inLanguage":"hu","@id":"https:\/\/fotsportegyesulet.hu\/#\/schema\/person\/image\/","url":"https:\/\/secure.gravatar.com\/avatar\/2f768bb7a490a49aeb2ccaf4bacc94391bbafd4b6aa54eb6f9318ffc80d81dad?s=96&d=mm&r=g","contentUrl":"https:\/\/secure.gravatar.com\/avatar\/2f768bb7a490a49aeb2ccaf4bacc94391bbafd4b6aa54eb6f9318ffc80d81dad?s=96&d=mm&r=g","caption":"F\u00f3t SE"},"sameAs":["http:\/\/fotsportegyesulet.hu"],"url":"https:\/\/fotsportegyesulet.hu\/index.php\/author\/kapitany-zoltan\/"}]}},"_links":{"self":[{"href":"https:\/\/fotsportegyesulet.hu\/index.php\/wp-json\/wp\/v2\/posts\/1029","targetHints":{"allow":["GET"]}}],"collection":[{"href":"https:\/\/fotsportegyesulet.hu\/index.php\/wp-json\/wp\/v2\/posts"}],"about":[{"href":"https:\/\/fotsportegyesulet.hu\/index.php\/wp-json\/wp\/v2\/types\/post"}],"author":[{"embeddable":true,"href":"https:\/\/fotsportegyesulet.hu\/index.php\/wp-json\/wp\/v2\/users\/3"}],"replies":[{"embeddable":true,"href":"https:\/\/fotsportegyesulet.hu\/index.php\/wp-json\/wp\/v2\/comments?post=1029"}],"version-history":[{"count":14,"href":"https:\/\/fotsportegyesulet.hu\/index.php\/wp-json\/wp\/v2\/posts\/1029\/revisions"}],"predecessor-version":[{"id":1475,"href":"https:\/\/fotsportegyesulet.hu\/index.php\/wp-json\/wp\/v2\/posts\/1029\/revisions\/1475"}],"wp:featuredmedia":[{"embeddable":true,"href":"https:\/\/fotsportegyesulet.hu\/index.php\/wp-json\/wp\/v2\/media\/1468"}],"wp:attachment":[{"href":"https:\/\/fotsportegyesulet.hu\/index.php\/wp-json\/wp\/v2\/media?parent=1029"}],"wp:term":[{"taxonomy":"category","embeddable":true,"href":"https:\/\/fotsportegyesulet.hu\/index.php\/wp-json\/wp\/v2\/categories?post=1029"},{"taxonomy":"post_tag","embeddable":true,"href":"https:\/\/fotsportegyesulet.hu\/index.php\/wp-json\/wp\/v2\/tags?post=1029"}],"curies":[{"name":"wp","href":"https:\/\/api.w.org\/{rel}","templated":true}]}}